{"id":3385,"date":"2021-04-12T09:24:34","date_gmt":"2021-04-12T09:24:34","guid":{"rendered":"http:\/\/desteptati.ro\/?p=3385"},"modified":"2021-04-27T11:32:54","modified_gmt":"2021-04-27T11:32:54","slug":"realitatati-si-dureri","status":"publish","type":"post","link":"https:\/\/desteptati-va.ro\/index.php\/2021\/04\/12\/realitatati-si-dureri\/","title":{"rendered":"Realitatati si dureri&#8230;!!"},"content":{"rendered":"<div class=\"post-content\"><div class='booster-block booster-read-block'>\n                <div class=\"twp-read-time\">\n                \t<i class=\"booster-icon twp-clock\"><\/i> <span>Read Time:<\/span>9 Minute, 31 Second                <\/div>\n\n            <\/div><h4 style=\"text-align: justify;\">\u00a0 Am tr\u0103it, ca \u00eentr-un vis, un sfert de secol de speran\u0163e ne\u00eemplinite. C\u00e2nd s-au dus anii? Suntem \u015fi mai s\u0103raci \u015fi un pic mai b\u0103tr\u00e2ni. Statul este bolnav, iar economia, c\u00e2t\u0103 a mai r\u0103mas, este din nou \u00een recesiune; firmele dau faliment cu miile pe semestru, investi\u0163iile scad vertiginos, capitalismul autohton are, cum se spune \u00eentr-un film, o &#8222;re\u0163et\u0103 secret\u0103&#8221;, original\u0103, dar pierz\u0103toare, la fel ca democra\u0163ia. Rom\u00e2nia nu este, cum ne-am fi a\u015fteptat, &#8222;tigrul&#8221; economic al Europei Centrale \u015fi de Est. Cine ne-a pus be\u0163e \u00een roate? Nu c\u0103uta\u0163i r\u0103spunsuri pe Google. Cauza e aici, la noi, \u00een perfidia cu care ne-au dirijat politicienii rom\u00e2ni. Niciodat\u0103, \u00een istorie, clasa politic\u0103 rom\u00e2neasc\u0103 n-a fost mai rupt\u0103 de popor \u015fi mai pu\u0163in iubitoare d<strong id=\"yui_3_16_0_1_1416319319564_3524\">e TARA.<\/strong><\/h4>\r\n<h3 id=\"yui_3_16_0_1_1416319319564_3525\" style=\"text-align: justify;\"><span style=\"color: #ff0000;\"><strong>&#8222;\u00cen 1989, infrastructura industrial\u0103 situa Rom\u00e2nia \u00een primele 10 \u0163\u0103ri din Europa&#8221;<\/strong><\/span><\/h3>\r\n<h4 id=\"yui_3_16_0_1_1416319319564_3528\" style=\"text-align: justify;\"><em>\u00a0 Mul\u0163i au uitat, al\u0163ii n-au \u015ftiut niciodat\u0103. <\/em><em id=\"yui_3_16_0_1_1416319319564_3527\">Cum st\u0103tea Rom\u00e2nia, din punctul de vedere al integr\u0103rii economice cu \u0163\u0103rile dezvoltate, \u00een 1989?<\/em><\/h4>\r\n<h4 id=\"yui_3_16_0_1_1416319319564_3459\" style=\"text-align: justify;\">\u00cen 1989, infrastructura industrial\u0103 situa Rom\u00e2nia \u00een primele 10 \u0163\u0103ri din Europa. Exista platforma Pipera, creat\u0103 de francezi, unde se construiau calculatoare. Autocamioanele \u015fi autobuzele fabricate la Bra\u015fov \u015fi Bucure\u015fti erau patente germane. Avioanele Rombac erau cump\u0103rate de la englezi. Locomotivele de la Electroputere Craiova erau patent elve\u0163ian. La Re\u015fi\u0163a se fabricau motoare de vapoare dup\u0103 licen\u0163a Renk din Germania. Centrala nuclear\u0103 de la Cernavod\u0103 provenea din Canada. Putem spune, \u015fi nu suntem nostalgici, c\u0103 \u00eencepusem s\u0103 ne integr\u0103m acceptabil cu economiile mari ale lumii. Rom\u00e2nia era a treia \u0163ar\u0103 din lume, dup\u0103 SUA \u015fi Japonia, care fabrica anvelope gigant pentru autobasculante de peste 110 tone. Doar dou\u0103 \u0163\u0103ri din lume f\u0103ceau \u015furuburi cu bile: Rom\u00e2nia \u015fi Japonia. Acestea se foloseau \u00een industria nuclear\u0103 \u015fi aerospa\u0163ial\u0103.<\/h4>\r\n<h4 id=\"yui_3_16_0_1_1416319319564_3511\" style=\"text-align: justify;\"><em id=\"yui_3_16_0_1_1416319319564_3510\">\u00a0<span style=\"color: #ff0000;\"> \u00cen 1990, Petre Roman a afirmat c\u0103 industria rom\u00e2neasc\u0103 era un &#8222;morman de fiare vechi&#8221;. Ce am avut \u015fi ce am pierdut \u00een ultimii 25 de ani, domnule ministru?<\/span><\/em><\/h4>\r\n<h4 id=\"yui_3_16_0_1_1416319319564_3461\" style=\"text-align: justify;\">\u00a0 A fost cea mai nefericit\u0103 declara\u0163ie de politician de dup\u0103 1989, care ne urm\u0103re\u015fte p\u00e2n\u0103 azi. Referindu-se la industrie, c\u0103 e de dat la fier vechi, fostul prim-ministru dorea s\u0103 spun\u0103 lumii c\u0103 \u00eentreaga economie a Rom\u00e2niei comuniste nu merita doi bani. Ale cui interese le-a servit aceast\u0103 etichet\u0103? R\u0103m\u00e2ne o pagin\u0103 de istorie. Ca s\u0103 combatem aceast\u0103 viziune, cit\u0103m date statistice la \u00eent\u00e2mplare, din diferite domenii: Rom\u00e2nia producea 14 milioane de tone de o\u0163el \u00een 1985; azi, doar 3 milioane. Producea 400.000 tone de aluminiu \u00een anul 2000, o prelungire surprinz\u0103toare a succesului din timpul dictaturii. Azi produce pe jum\u0103tate. Eram recunoscu\u0163i ca buni constructori de motoare electrice \u015fi produceam, \u00een 1980, 19 milioane de kilowa\u0163i, fa\u0163\u0103 de 700.000 kilowa\u0163i, c\u00e2t producem \u00een prezent. Ie\u015feau pe poarta fabricilor 1.600 de excavatoare \u00een 1980; niciunul azi. Ie\u015feau 71.000 de tractoare; niciunul azi (am construit fabrici de tractoare \u00een Egipt \u015fi Iran, care func\u0163ioneaz\u0103 \u015fi acum, \u00een timp ce \u00een Rom\u00e2nia au murit). Fabricam 600 de vagoane de pasageri pe an \u00een 1984; azi, niciunul. C\u00e2t despre vagoanele de marf\u0103, construiam 14.000 de buc\u0103\u0163i pe an; azi, abia 800 (cel pu\u0163in 100.000 vagoane de marf\u0103 au fost t\u0103iate \u015fi v\u00e2ndute la fier vechi \u00een ultimii ani). \u00cen fine, produceam 144 de nave de tonaje diferite; azi, dup\u0103 cum se \u015ftie, nu mai producem niciuna. Sticl\u0103ria e pr\u0103bu\u015fit\u0103. S\u0103punul a disp\u0103rut (Palmolive a plecat). De altfel, potrivit statisticii oficiale, dup\u0103 anul 2000, au fost exportate 50 de milioane de tone de &#8222;fier vechi&#8221;, &#8222;de\u015feuri&#8221; de cupru, aluminiu \u015fi alte neferoase, \u00een valoare de peste 10 miliarde de euro! Am exportat lemn brut \u00een valoare de peste 8 miliarde de euro, \u015fi alte produse brute (cereale, fructe, animale vii etc.) \u00een valoare de alte 5 miliarde de euro! Prelucrarea acestora \u00een Rom\u00e2nia ar fi \u00eensemnat crearea a milioane de locuri de munc\u0103!<\/h4>\r\n<h4 id=\"yui_3_16_0_1_1416319319564_3508\" style=\"text-align: justify;\"><span style=\"color: #ff0000;\"><strong id=\"yui_3_16_0_1_1416319319564_3507\">&#8222;Practic, \u00eentreaga economie na\u0163ional\u0103 a fost oferit\u0103 f\u0103r\u0103 nici o logic\u0103 \u015fi f\u0103r\u0103 a se spune cel pu\u0163in c\u0103 este cadou sau prad\u0103 de r\u0103zboi&#8221;<\/strong><\/span><\/h4>\r\n<h4 id=\"yui_3_16_0_1_1416319319564_3464\" style=\"text-align: justify;\"><em id=\"yui_3_16_0_1_1416319319564_3463\">\u00a0 Ame\u0163itoare cifre. Cum stau lucrurile \u00een domeniul petrolului?<\/em><\/h4>\r\n<h4 id=\"yui_3_16_0_1_1416319319564_3466\" style=\"text-align: justify;\">\u00a0 Iat\u0103 situa\u0163ia la zi \u00een domeniul petrolului: Rom\u00e2nia producea 13 milioane de tone de petrol \u00een 1970, \u015fi numai. 6 milioane azi. Suspect. Cineva nu raporteaz\u0103 corect. Nu am nici o \u00eencredere \u00een aceast\u0103 cifr\u0103, at\u00e2t timp c\u00e2t nu \u015ftiu dac\u0103 toate sondele au contoar. Au contoar, domnilor? Trebuie s\u0103 pl\u0103teasc\u0103 redeven\u0163e la tona de \u0163i\u0163ei brut, dar dac\u0103 sco\u0163i 8-10 milioane de tone \u015fi raportezi numai 6? Cu c\u00e2t p\u0103gube\u015fti statul? Petrolul se scoate mult \u015fi se rafineaz\u0103 \u00een alte \u0163\u0103ri. De aici, deduce\u0163i consecin\u0163ele. \u00cenainte de 1989, produceam 8,5 milioane de tone de motorin\u0103, \u015fi mai producem doar 2 milioane. Produceam 10 milioane de tone de p\u0103cur\u0103. Nu mai producem nimic. Produceam 500.000 de tone de uleiuri minerale. Azi, nimic. Pe de alt\u0103 parte, a\u0163i observat c\u0103 nici distribu\u0163ia gazelor nu mai este a noastr\u0103. Cine m\u0103soar\u0103 produc\u0163ia? Cine m\u0103soar\u0103 distribu\u0163ia?<\/h4>\r\n<h4 style=\"text-align: justify;\"><span style=\"color: #ff0000;\"><em>\u00a0 Dup\u0103 1990 s-a schimbat, deci, peisajul industrial. S-a creat o falie \u00eentre marea \u015fi mica industrie. De ce s-a \u00eent\u00e2mplat acest fenomen?<\/em><\/span><\/h4>\r\n<h4 style=\"text-align: justify;\">\u00a0 Au venit &#8222;sfaturi&#8221; de la competitorii nostri europeni: face\u0163i IMM-uri, \u00eentreprinderi mici \u015fi mijlocii, da\u0163i afar\u0103 muncitorii din marile uzine, \u00eenchide\u0163i mamu\u0163ii industriali. Produce\u0163i kit-uri, componente, nu produse integrale. Face\u0163i cabluri, radiatoare, sisteme de fr\u00e2nare \u015fi anvelope, nu locomotive \u015fi tractoare. Parc\u0103 inten\u0163ionat, nu a existat o viziune politic\u0103 de dezvoltare, ci doar una pentru distrugere; guvernan\u0163ii \u015fi-au \u00eendeplinit misiunea cu exces de zel. Nu m\u0103 poate convinge nimeni pe mine c\u0103 nu a fost totul pe baz\u0103 de program, o teorie a conspira\u0163iei. UE a fost creat\u0103 pe baza comunit\u0103\u0163ii economice a C\u0103rbunelui \u015fi O\u0163elului. Deci, Rom\u00e2nia nu putea s\u0103 intre \u00een grila european\u0103 cu industria siderurgic\u0103 de 14 milioane tone de o\u0163el. A trebuit lichidat\u0103 \u015fi ca un &#8222;bonus&#8221; pentru admiterea \u00een UE.<\/h4>\r\n<h4 style=\"text-align: justify;\"><span style=\"color: #ff0000;\"><em>\u00a0 Care au fost primele mari gre\u015feli istorice ale politicienilor, \u00een urma c\u0103rora s-a dat startul la jaful na\u0163ional?<\/em><\/span><\/h4>\r\n<h4 id=\"yui_3_16_0_1_1416319319564_3468\" style=\"text-align: justify;\">\u00a0 Prima a fost restituirea &#8222;p\u0103r\u0163ilor sociale&#8221; &#8211; o privatizare pe bani adev\u0103ra\u0163i, \u00eenceput\u0103 surprinz\u0103tor de Ceau\u015fescu. FSN-ul a restituit ace\u015fti bani pentru a cump\u0103ra bun\u0103voin\u0163a oamenilor, chiar cu banii lor! Aceast\u0103 m\u0103sur\u0103 anti-economic\u0103, din cauza c\u0103reia fabricile \u015fi uzinele au r\u0103mas f\u0103r\u0103 capital lichid, a condus, de fapt, la excluderea cet\u0103\u0163enilor de la un drept de proprietate pl\u0103tit cu munca lor; a fost o re-na\u0163ionalizare a unei p\u0103r\u0163i a capitalului social, destinat\u0103 ulterior \u015fi ced\u0103rii controlului economiei c\u0103tre interese de grup, mai ales str\u0103ine. A doua mare eroare a fost privatizarea &#8222;de mas\u0103&#8221;, f\u0103r\u0103 proceduri \u015fi f\u0103r\u0103 reguli de protec\u0163ie a ac\u0163ionarilor minoritari; viitoarele certificate de ac\u0163ionar au fost cump\u0103rate pe nimic de cei care \u015ftiau ce va urma. Atunci s-a spus c\u0103 se privatizeaz\u0103 numai 30% din capitalul societ\u0103\u0163ilor comerciale, l\u0103s\u00e2ndu-se de \u00een\u0163eles c\u0103 vor mai primi \u015fi restul de 70% \u00een viitor, care viitor nu a sosit \u00eenc\u0103 nici \u00een anul 2014! S-a anun\u0163at totodat\u0103 c\u0103 sectoarele strategice nu se vor privatiza. Dar au venit pe urm\u0103 FMI, Banca Mondial\u0103 \u015fi societ\u0103\u0163ile externe de consultan\u0163\u0103, care au dictat, \u015fi guvernele au promovat, controlul total, f\u0103r\u0103 lupt\u0103, \u015fi f\u0103r\u0103 niciun c\u00e2\u015ftig, asupra \u00eentregii economii. Practic, economia na\u0163ional\u0103 a fost oferit\u0103 f\u0103r\u0103 nici o logic\u0103 \u015fi f\u0103r\u0103 a se spune cel pu\u0163in c\u0103 este cadou sau prad\u0103 de r\u0103zboi, celor care, chipurile, au f\u0103cut lobby pentru integrarea Rom\u00e2niei \u00een Uniunea European\u0103.<\/h4>\r\n<h3 style=\"text-align: justify;\"><strong>&#8221; Acesta a fost, \u00een esen\u0163\u0103, programul de guvernare al ultimilor 25 de ani&#8221;<\/strong><\/h3>\r\n<h4 style=\"text-align: justify;\"><span style=\"color: #ff0000;\"><em>\u00a0 V\u0103 rog s\u0103 continua\u0163i descrierea peisajului economic rom\u00e2nesc de azi, la 25 de ani de la r\u0103sturnarea &#8222;dictaturii de dezvoltare&#8221;.<\/em><\/span><\/h4>\r\n<h4 id=\"yui_3_16_0_1_1416319319564_3470\" style=\"text-align: justify;\">\u00a0 A disp\u0103rut \u00eentreg sectorul industriei de textile, confec\u0163ii, tricotaje (filaturi, \u0163es\u0103torii, fabrici de stof\u0103 \u015fi postavuri, \u00eentreprinderi de piel\u0103rie \u015fi \u00eenc\u0103l\u0163\u0103minte, toate concepute \u00eentr-un sistem integrat); a fost \u00eenchis sectorul agroalimentar (36 fabrici de zah\u0103r, fabricile de ulei, de preparate din carne, de lapte \u015fi produse lactate, zeci de fabrici de nutre\u0163uri combinate etc.); nu mai sunt majoritatea fabricilor din industria lemnului \u015fi mobilei, din industria cimentului, a lacurilor \u015fi vopselelor, a medicamentelor, din sectorul construc\u0163iilor de ma\u015fini, al exploat\u0103rilor miniere de feroase \u015fi neferoase, de c\u0103rbune etc.; s-au desfiin\u0163at \u00eentreprinderile agricole de stat \u015fi cele de mecanizare a agriculturii, sta\u0163iunile de cercet\u0103ri agricole \u015fi, \u00een general, marea majoritate a institutelor de cercetare-proiectare; au disp\u0103rut industria electronic\u0103, electrotehnic\u0103, de mecanic\u0103 fin\u0103, optic\u0103, automatiz\u0103ri etc. Baza na\u0163ional\u0103 de soiuri de plante \u015fi rase de animale a fost pulverizat\u0103. Rom\u00e2nia nu mai are ast\u0103zi un pachet na\u0163ional de semin\u0163e, soiuri, hibrizi, de culturi cerealiere, plante tehnice, legume etc. A fost distrus aproape \u00een totalitate sistemul de iriga\u0163ii, construit prin \u00eendatorarea dureroas\u0103 de la Banca Mondial\u0103, pentru a c\u0103rei plat\u0103 rom\u00e2nii au contribuit zeci de ani; au fost abandonate programele de combatere a eroziunii solului, de \u00eendiguiri \u015fi desec\u0103ri, dar \u015fi cele de iriga\u0163ii \u00een curs (canalul Siret-Dun\u0103re sau Bucure\u015fti-Dun\u0103re). \u00centreaga economie na\u0163ional\u0103 a fost pur \u015fi simplu pulverizat\u0103 \u015fi l\u0103sat\u0103 f\u0103r\u0103 nicio logic\u0103 structural\u0103.<\/h4>\r\n<h4 id=\"yui_3_16_0_1_1416319319564_3504\" style=\"text-align: justify;\"><span style=\"color: #ff0000;\"><em id=\"yui_3_16_0_1_1416319319564_3503\">\u00a0 Care sunt consecin\u0163ele asupra popula\u0163iei, derivate din acest peisaj apocaliptic, desprins parc\u0103 dintr-un film SF cu &#8222;terminatori&#8221;?<\/em><\/span><\/h4>\r\n<h4 id=\"yui_3_16_0_1_1416319319564_3471\" style=\"text-align: justify;\">\u00a0 Treptat, Rom\u00e2nia s-a transformat \u00eentr-un paradis al multina\u0163ionalelor care controleaz\u0103 industria, agricultura, transporturile, construc\u0163iile, comer\u0163ul, sectorul financiar-bancar etc. \u015fi care \u00ee\u015fi promoveaz\u0103 reglement\u0103ri legale \u00een interes propriu. Rom\u00e2nilor le-au r\u0103mas \u00eentreprinderile mici \u015fi mijlocii &#8211; de fapt, micro\u00eentreprinderile; dintre cele aproximativ 500.000 \u00eenregistrate, peste 200.000 nu au niciun angajat! Rom\u00e2nii au ast\u0103zi libertatea s\u0103 se ocupe de economia \u015fi afacerile de subzisten\u0163\u0103; ast\u0103zi, avem \u015fi industrie de subzisten\u0163\u0103, nu doar agricultur\u0103; \u015fi construc\u0163ii \u015fi transporturi \u015fi alte servicii de subzisten\u0163\u0103, pretinz\u00e2nd c\u0103 ac\u0163ion\u0103m pentru dezvoltare inteligent\u0103, inovativ\u0103 \u015fi durabil\u0103. Nimic nu este mai durabil dec\u00e2t subzisten\u0163a, aceasta este strategia noastr\u0103 na\u0163ional\u0103, dup\u0103 ce am f\u0103cut praf marile companii. Brandul Rom\u00e2niei este subzisten\u0163a, at\u00e2t \u00een interiorul \u0163\u0103rii, c\u00e2t \u015fi pe celelalte pie\u0163e ale muncii unde lucreaz\u0103 cet\u0103\u0163enii rom\u00e2ni. Nici dup\u0103 25 de ani, clasa politic\u0103, veritabil deta\u015fament al legiunii str\u0103ine, terminatorul Rom\u00e2niei moderne, nu a realizat importan\u0163a unei reglement\u0103ri prin care salaria\u0163ii s\u0103-\u015fi investeasc\u0103 o parte din salariu \u00een compania proprie. \u00centreaga economie putea fi salvat\u0103 prin participarea financiar\u0103 a salaria\u0163ilor, printr-o reglementare prin care salariile reinvestite s\u0103 fie scutite de impozite \u015fi contribu\u0163ii.<\/h4>\r\n<h4 id=\"yui_3_16_0_1_1416319319564_3483\" style=\"text-align: justify;\"><span style=\"color: #ff0000;\"><em>\u00a0 A existat, \u00een to\u0163i ace\u015fti ani, un fir ro\u015fu care s\u0103 lege cele 13 guverne ce s-au perindat pe la Palatul Victoria, de un proiect minimal, coerent de dezvoltare?<\/em><\/span><\/h4>\r\n<h4 id=\"yui_3_16_0_1_1416319319564_3485\" style=\"text-align: justify;\">\u00a0 Fire\u015fte c\u0103 nu a existat! Zi de zi, guvernele \u015fi clasa politic\u0103 s-au ocupat numai de protejarea a\u015fa-zi\u015filor investitori strategici, prin scutirea de impozit pentru profitul reinvestit, \u015fi nu de promovarea facilit\u0103\u0163ilor destinate salariilor reinvestite. Investitorii nu ar fi trebuit s\u0103 primeasc\u0103 niciun sprijin \u00een Rom\u00e2nia, pentru a-i pl\u0103ti pe angaja\u0163ii rom\u00e2ni cu salariul minim sau pentru a-i angaja la negru, din ra\u0163iuni de competitivitate.<em>&#8222;Veni\u0163i \u00een Rom\u00e2nia, c\u0103 v\u0103 garant\u0103m sclavia pe bani pu\u0163ini \u015fi v\u0103 men\u0163ine\u0163i competitivitatea!&#8221;.<\/em>\u00a0Acesta a fost, \u00een esen\u0163\u0103, programul de guvernare al ultimilor 25 de ani. De altfel, se poate spune c\u0103 fiecare program de guvernare anun\u0163at a fost un program de neguvernare.<\/h4>\r\n<h4 id=\"yui_3_16_0_1_1416319319564_3486\" style=\"text-align: justify;\"><em>\u00a0<span style=\"color: #ff0000;\"> Care sunt predic\u0163iile dv. pentru urm\u0103torii 25 de ani din via\u0163a economic\u0103 a Rom\u00e2niei?<\/span><\/em><\/h4>\r\n<h4 id=\"yui_3_16_0_1_1416319319564_3474\" style=\"text-align: justify;\">\u00a0 Dac\u0103 \u015fi \u00een urm\u0103toarele dou\u0103 decenii \u015fi jum\u0103tate guvernul nu va putea s\u0103 cumpere, din banii proprii, de 1 milion de lei piramidon, vaccinuri sau aspirin\u0103 din produc\u0163ia intern\u0103, f\u0103r\u0103 avizul FMI sau al Comisiei Europene, Rom\u00e2nia poate s\u0103 dispar\u0103 din peisajul statelor din Europa, r\u0103m\u00e2n\u00e2nd un simplu indicator geografic.<\/h4>\r\n<h4 id=\"yui_3_16_0_1_1416319319564_3487\" style=\"text-align: justify;\"><em id=\"yui_3_16_0_1_1416319319564_3490\">D.T. <\/em><\/h4>\r\n<h4 style=\"text-align: justify;\"><span style=\"color: #c0c0c0;\"><em>Sursa: Blogosfera<\/em><\/span><\/h4>        <div class=\"booster-block booster-reactions-block\">\n            <div class=\"twp-reactions-icons\">\n                \n                <div class=\"twp-reacts-wrap\">\n                    <a react-data=\"be-react-1\" post-id=\"3385\" class=\"be-face-icons un-reacted\" href=\"javascript:void(0)\">\n                        <img decoding=\"async\" src=\"https:\/\/desteptati-va.ro\/wp-content\/plugins\/booster-extension\/\/assets\/icon\/happy.svg\" alt=\"Happy\">\n                    <\/a>\n                    <div class=\"twp-reaction-title\">\n                        Happy                    <\/div>\n                    <div class=\"twp-count-percent\">\n                                                    <span style=\"display: none;\" class=\"twp-react-count\">0<\/span>\n                        \n                                                <span class=\"twp-react-percent\"><span>0<\/span> %<\/span>\n                                            <\/div>\n                <\/div>\n\n                <div class=\"twp-reacts-wrap\">\n                    <a react-data=\"be-react-2\" post-id=\"3385\" class=\"be-face-icons un-reacted\" href=\"javascript:void(0)\">\n                        <img decoding=\"async\" src=\"https:\/\/desteptati-va.ro\/wp-content\/plugins\/booster-extension\/\/assets\/icon\/sad.svg\" alt=\"Sad\">\n                    <\/a>\n                    <div class=\"twp-reaction-title\">\n                        Sad                    <\/div>\n                    <div class=\"twp-count-percent\">\n                                                    <span style=\"display: none;\" class=\"twp-react-count\">0<\/span>\n                                                                        <span class=\"twp-react-percent\"><span>0<\/span> %<\/span>\n                                            <\/div>\n                <\/div>\n\n                <div class=\"twp-reacts-wrap\">\n                    <a react-data=\"be-react-3\" post-id=\"3385\" class=\"be-face-icons un-reacted\" href=\"javascript:void(0)\">\n                        <img decoding=\"async\" src=\"https:\/\/desteptati-va.ro\/wp-content\/plugins\/booster-extension\/\/assets\/icon\/excited.svg\" alt=\"Excited\">\n                    <\/a>\n                    <div class=\"twp-reaction-title\">\n                        Excited                    <\/div>\n                    <div class=\"twp-count-percent\">\n                                                    <span style=\"display: none;\" class=\"twp-react-count\">0<\/span>\n                                                                        <span class=\"twp-react-percent\"><span>0<\/span> %<\/span>\n                                            <\/div>\n                <\/div>\n\n                <div class=\"twp-reacts-wrap\">\n                    <a react-data=\"be-react-6\" post-id=\"3385\" class=\"be-face-icons un-reacted\" href=\"javascript:void(0)\">\n                        <img decoding=\"async\" src=\"https:\/\/desteptati-va.ro\/wp-content\/plugins\/booster-extension\/\/assets\/icon\/sleepy.svg\" alt=\"Sleepy\">\n                    <\/a>\n                    <div class=\"twp-reaction-title\">\n                        Sleepy                    <\/div>\n                    <div class=\"twp-count-percent\">\n                                                    <span style=\"display: none;\" class=\"twp-react-count\">0<\/span>\n                        \n                                                <span class=\"twp-react-percent\"><span>0<\/span> %<\/span>\n                                            <\/div>\n                <\/div>\n\n                <div class=\"twp-reacts-wrap\">\n                    <a react-data=\"be-react-4\" post-id=\"3385\" class=\"be-face-icons un-reacted\" href=\"javascript:void(0)\">\n                        <img decoding=\"async\" src=\"https:\/\/desteptati-va.ro\/wp-content\/plugins\/booster-extension\/\/assets\/icon\/angry.svg\" alt=\"Angry\">\n                    <\/a>\n                    <div class=\"twp-reaction-title\">Angry<\/div>\n                    <div class=\"twp-count-percent\">\n                                                    <span style=\"display: none;\" class=\"twp-react-count\">0<\/span>\n                                                                        <span class=\"twp-react-percent\"><span>0<\/span> %<\/span>\n                        \n                    <\/div>\n                <\/div>\n\n                <div class=\"twp-reacts-wrap\">\n                    <a react-data=\"be-react-5\" post-id=\"3385\" class=\"be-face-icons un-reacted\" href=\"javascript:void(0)\">\n                        <img decoding=\"async\" src=\"https:\/\/desteptati-va.ro\/wp-content\/plugins\/booster-extension\/\/assets\/icon\/surprise.svg\" alt=\"Surprise\">\n                    <\/a>\n                    <div class=\"twp-reaction-title\">Surprise<\/div>\n                    <div class=\"twp-count-percent\">\n                                                    <span style=\"display: none;\" class=\"twp-react-count\">0<\/span>\n                                                                        <span class=\"twp-react-percent\"><span>0<\/span> %<\/span>\n                                            <\/div>\n                <\/div>\n\n            <\/div>\n        <\/div>\n\n    <\/div>","protected":false},"excerpt":{"rendered":"<p>\u00a0 Am tr\u0103it, ca \u00eentr-un vis, un sfert de secol de speran\u0163e ne\u00eemplinite. C\u00e2nd s-au dus anii? Suntem \u015fi mai<a href=\"https:\/\/desteptati-va.ro\/index.php\/2021\/04\/12\/realitatati-si-dureri\/\">Read More<i class=\"fa fa-long-arrow-right\" aria-hidden=\"true\"><\/i><\/a><\/p>\n","protected":false},"author":1,"featured_media":3387,"comment_status":"open","ping_status":"open","sticky":false,"template":"","format":"standard","meta":{"_crdt_document":"","footnotes":""},"categories":[16],"tags":[],"class_list":["post-3385","post","type-post","status-publish","format-standard","has-post-thumbnail","hentry","category-o-tara-furata"],"rise-blocks_total_comments":0,"rise-blocks_categories":[{"term_id":16,"name":"O tara furata","slug":"o-tara-furata","term_group":0,"term_taxonomy_id":16,"taxonomy":"category","description":"","parent":0,"count":19,"filter":"raw"}],"rise-blocks_excerpt":"\u00a0 Am tr\u0103it, ca \u00eentr-un vis, un sfert de secol de speran\u0163e ne\u00eemplinite. C\u00e2nd s-au dus anii? Suntem \u015fi mai s\u0103raci \u015fi un pic mai b\u0103tr\u00e2ni. Statul este bolnav, iar economia, c\u00e2t\u0103 a mai r\u0103mas, este din nou \u00een recesiune; firmele dau faliment cu miile pe semestru, investi\u0163iile scad vertiginos, capitalismul autohton are, cum se spune \u00eentr-un film, o &#8222;re\u0163et\u0103..","yoast_head":"<!-- This site is optimized with the Yoast SEO plugin v26.9 - https:\/\/yoast.com\/product\/yoast-seo-wordpress\/ -->\r\n<title>Realitatati si dureri...!! -<\/title>\r\n<meta name=\"robots\" content=\"index, follow, max-snippet:-1, max-image-preview:large, max-video-preview:-1\" \/>\r\n<link rel=\"canonical\" href=\"https:\/\/desteptati-va.ro\/index.php\/2021\/04\/12\/realitatati-si-dureri\/\" \/>\r\n<meta property=\"og:locale\" content=\"ro_RO\" \/>\r\n<meta property=\"og:type\" content=\"article\" \/>\r\n<meta property=\"og:title\" content=\"Realitatati si dureri...!! -\" \/>\r\n<meta property=\"og:description\" content=\"\u00a0 Am tr\u0103it, ca \u00eentr-un vis, un sfert de secol de speran\u0163e ne\u00eemplinite. C\u00e2nd s-au dus anii? Suntem \u015fi maiRead More\" \/>\r\n<meta property=\"og:url\" content=\"https:\/\/desteptati-va.ro\/index.php\/2021\/04\/12\/realitatati-si-dureri\/\" \/>\r\n<meta property=\"article:published_time\" content=\"2021-04-12T09:24:34+00:00\" \/>\r\n<meta property=\"article:modified_time\" content=\"2021-04-27T11:32:54+00:00\" \/>\r\n<meta property=\"og:image\" content=\"https:\/\/desteptati-va.ro\/wp-content\/uploads\/2021\/04\/admin-ajax.jpg\" \/>\r\n\t<meta property=\"og:image:width\" content=\"201\" \/>\r\n\t<meta property=\"og:image:height\" content=\"201\" \/>\r\n\t<meta property=\"og:image:type\" content=\"image\/jpeg\" \/>\r\n<meta name=\"author\" content=\"wolfsoftcompany\" \/>\r\n<meta name=\"twitter:card\" content=\"summary_large_image\" \/>\r\n<meta name=\"twitter:label1\" content=\"Scris de\" \/>\n\t<meta name=\"twitter:data1\" content=\"wolfsoftcompany\" \/>\n\t<meta name=\"twitter:label2\" content=\"Timp estimat pentru citire\" \/>\n\t<meta name=\"twitter:data2\" content=\"9 minute\" \/>\r\n<script type=\"application\/ld+json\" class=\"yoast-schema-graph\">{\"@context\":\"https:\/\/schema.org\",\"@graph\":[{\"@type\":\"Article\",\"@id\":\"https:\/\/desteptati-va.ro\/index.php\/2021\/04\/12\/realitatati-si-dureri\/#article\",\"isPartOf\":{\"@id\":\"https:\/\/desteptati-va.ro\/index.php\/2021\/04\/12\/realitatati-si-dureri\/\"},\"author\":{\"name\":\"wolfsoftcompany\",\"@id\":\"https:\/\/desteptati-va.ro\/#\/schema\/person\/13182deeebd44920914899f7bb262d6b\"},\"headline\":\"Realitatati si dureri&#8230;!!\",\"datePublished\":\"2021-04-12T09:24:34+00:00\",\"dateModified\":\"2021-04-27T11:32:54+00:00\",\"mainEntityOfPage\":{\"@id\":\"https:\/\/desteptati-va.ro\/index.php\/2021\/04\/12\/realitatati-si-dureri\/\"},\"wordCount\":2072,\"commentCount\":0,\"image\":{\"@id\":\"https:\/\/desteptati-va.ro\/index.php\/2021\/04\/12\/realitatati-si-dureri\/#primaryimage\"},\"thumbnailUrl\":\"https:\/\/desteptati-va.ro\/wp-content\/uploads\/2021\/04\/admin-ajax.jpg\",\"articleSection\":[\"O tara furata\"],\"inLanguage\":\"ro-RO\",\"potentialAction\":[{\"@type\":\"CommentAction\",\"name\":\"Comment\",\"target\":[\"https:\/\/desteptati-va.ro\/index.php\/2021\/04\/12\/realitatati-si-dureri\/#respond\"]}]},{\"@type\":\"WebPage\",\"@id\":\"https:\/\/desteptati-va.ro\/index.php\/2021\/04\/12\/realitatati-si-dureri\/\",\"url\":\"https:\/\/desteptati-va.ro\/index.php\/2021\/04\/12\/realitatati-si-dureri\/\",\"name\":\"Realitatati si dureri...!! -\",\"isPartOf\":{\"@id\":\"https:\/\/desteptati-va.ro\/#website\"},\"primaryImageOfPage\":{\"@id\":\"https:\/\/desteptati-va.ro\/index.php\/2021\/04\/12\/realitatati-si-dureri\/#primaryimage\"},\"image\":{\"@id\":\"https:\/\/desteptati-va.ro\/index.php\/2021\/04\/12\/realitatati-si-dureri\/#primaryimage\"},\"thumbnailUrl\":\"https:\/\/desteptati-va.ro\/wp-content\/uploads\/2021\/04\/admin-ajax.jpg\",\"datePublished\":\"2021-04-12T09:24:34+00:00\",\"dateModified\":\"2021-04-27T11:32:54+00:00\",\"author\":{\"@id\":\"https:\/\/desteptati-va.ro\/#\/schema\/person\/13182deeebd44920914899f7bb262d6b\"},\"breadcrumb\":{\"@id\":\"https:\/\/desteptati-va.ro\/index.php\/2021\/04\/12\/realitatati-si-dureri\/#breadcrumb\"},\"inLanguage\":\"ro-RO\",\"potentialAction\":[{\"@type\":\"ReadAction\",\"target\":[\"https:\/\/desteptati-va.ro\/index.php\/2021\/04\/12\/realitatati-si-dureri\/\"]}]},{\"@type\":\"ImageObject\",\"inLanguage\":\"ro-RO\",\"@id\":\"https:\/\/desteptati-va.ro\/index.php\/2021\/04\/12\/realitatati-si-dureri\/#primaryimage\",\"url\":\"https:\/\/desteptati-va.ro\/wp-content\/uploads\/2021\/04\/admin-ajax.jpg\",\"contentUrl\":\"https:\/\/desteptati-va.ro\/wp-content\/uploads\/2021\/04\/admin-ajax.jpg\",\"width\":201,\"height\":201},{\"@type\":\"BreadcrumbList\",\"@id\":\"https:\/\/desteptati-va.ro\/index.php\/2021\/04\/12\/realitatati-si-dureri\/#breadcrumb\",\"itemListElement\":[{\"@type\":\"ListItem\",\"position\":1,\"name\":\"Prima pagin\u0103\",\"item\":\"https:\/\/desteptati-va.ro\/\"},{\"@type\":\"ListItem\",\"position\":2,\"name\":\"Realitatati si dureri&#8230;!!\"}]},{\"@type\":\"WebSite\",\"@id\":\"https:\/\/desteptati-va.ro\/#website\",\"url\":\"https:\/\/desteptati-va.ro\/\",\"name\":\"\",\"description\":\"\",\"potentialAction\":[{\"@type\":\"SearchAction\",\"target\":{\"@type\":\"EntryPoint\",\"urlTemplate\":\"https:\/\/desteptati-va.ro\/?s={search_term_string}\"},\"query-input\":{\"@type\":\"PropertyValueSpecification\",\"valueRequired\":true,\"valueName\":\"search_term_string\"}}],\"inLanguage\":\"ro-RO\"},{\"@type\":\"Person\",\"@id\":\"https:\/\/desteptati-va.ro\/#\/schema\/person\/13182deeebd44920914899f7bb262d6b\",\"name\":\"wolfsoftcompany\",\"image\":{\"@type\":\"ImageObject\",\"inLanguage\":\"ro-RO\",\"@id\":\"https:\/\/desteptati-va.ro\/#\/schema\/person\/image\/\",\"url\":\"https:\/\/secure.gravatar.com\/avatar\/a6cce9b6d101d27d91690e7073e300fed94c0899890bf998e082cb9d2c3d121e?s=96&d=mm&r=g\",\"contentUrl\":\"https:\/\/secure.gravatar.com\/avatar\/a6cce9b6d101d27d91690e7073e300fed94c0899890bf998e082cb9d2c3d121e?s=96&d=mm&r=g\",\"caption\":\"wolfsoftcompany\"},\"sameAs\":[\"http:\/\/desteptati-va.ro\"],\"url\":\"https:\/\/desteptati-va.ro\/index.php\/author\/wolfsoftcompany\/\"}]}<\/script>\r\n<!-- \/ Yoast SEO plugin. -->","yoast_head_json":{"title":"Realitatati si dureri...!! -","robots":{"index":"index","follow":"follow","max-snippet":"max-snippet:-1","max-image-preview":"max-image-preview:large","max-video-preview":"max-video-preview:-1"},"canonical":"https:\/\/desteptati-va.ro\/index.php\/2021\/04\/12\/realitatati-si-dureri\/","og_locale":"ro_RO","og_type":"article","og_title":"Realitatati si dureri...!! -","og_description":"\u00a0 Am tr\u0103it, ca \u00eentr-un vis, un sfert de secol de speran\u0163e ne\u00eemplinite. C\u00e2nd s-au dus anii? Suntem \u015fi maiRead More","og_url":"https:\/\/desteptati-va.ro\/index.php\/2021\/04\/12\/realitatati-si-dureri\/","article_published_time":"2021-04-12T09:24:34+00:00","article_modified_time":"2021-04-27T11:32:54+00:00","og_image":[{"width":201,"height":201,"url":"https:\/\/desteptati-va.ro\/wp-content\/uploads\/2021\/04\/admin-ajax.jpg","type":"image\/jpeg"}],"author":"wolfsoftcompany","twitter_card":"summary_large_image","twitter_misc":{"Scris de":"wolfsoftcompany","Timp estimat pentru citire":"9 minute"},"schema":{"@context":"https:\/\/schema.org","@graph":[{"@type":"Article","@id":"https:\/\/desteptati-va.ro\/index.php\/2021\/04\/12\/realitatati-si-dureri\/#article","isPartOf":{"@id":"https:\/\/desteptati-va.ro\/index.php\/2021\/04\/12\/realitatati-si-dureri\/"},"author":{"name":"wolfsoftcompany","@id":"https:\/\/desteptati-va.ro\/#\/schema\/person\/13182deeebd44920914899f7bb262d6b"},"headline":"Realitatati si dureri&#8230;!!","datePublished":"2021-04-12T09:24:34+00:00","dateModified":"2021-04-27T11:32:54+00:00","mainEntityOfPage":{"@id":"https:\/\/desteptati-va.ro\/index.php\/2021\/04\/12\/realitatati-si-dureri\/"},"wordCount":2072,"commentCount":0,"image":{"@id":"https:\/\/desteptati-va.ro\/index.php\/2021\/04\/12\/realitatati-si-dureri\/#primaryimage"},"thumbnailUrl":"https:\/\/desteptati-va.ro\/wp-content\/uploads\/2021\/04\/admin-ajax.jpg","articleSection":["O tara furata"],"inLanguage":"ro-RO","potentialAction":[{"@type":"CommentAction","name":"Comment","target":["https:\/\/desteptati-va.ro\/index.php\/2021\/04\/12\/realitatati-si-dureri\/#respond"]}]},{"@type":"WebPage","@id":"https:\/\/desteptati-va.ro\/index.php\/2021\/04\/12\/realitatati-si-dureri\/","url":"https:\/\/desteptati-va.ro\/index.php\/2021\/04\/12\/realitatati-si-dureri\/","name":"Realitatati si dureri...!! -","isPartOf":{"@id":"https:\/\/desteptati-va.ro\/#website"},"primaryImageOfPage":{"@id":"https:\/\/desteptati-va.ro\/index.php\/2021\/04\/12\/realitatati-si-dureri\/#primaryimage"},"image":{"@id":"https:\/\/desteptati-va.ro\/index.php\/2021\/04\/12\/realitatati-si-dureri\/#primaryimage"},"thumbnailUrl":"https:\/\/desteptati-va.ro\/wp-content\/uploads\/2021\/04\/admin-ajax.jpg","datePublished":"2021-04-12T09:24:34+00:00","dateModified":"2021-04-27T11:32:54+00:00","author":{"@id":"https:\/\/desteptati-va.ro\/#\/schema\/person\/13182deeebd44920914899f7bb262d6b"},"breadcrumb":{"@id":"https:\/\/desteptati-va.ro\/index.php\/2021\/04\/12\/realitatati-si-dureri\/#breadcrumb"},"inLanguage":"ro-RO","potentialAction":[{"@type":"ReadAction","target":["https:\/\/desteptati-va.ro\/index.php\/2021\/04\/12\/realitatati-si-dureri\/"]}]},{"@type":"ImageObject","inLanguage":"ro-RO","@id":"https:\/\/desteptati-va.ro\/index.php\/2021\/04\/12\/realitatati-si-dureri\/#primaryimage","url":"https:\/\/desteptati-va.ro\/wp-content\/uploads\/2021\/04\/admin-ajax.jpg","contentUrl":"https:\/\/desteptati-va.ro\/wp-content\/uploads\/2021\/04\/admin-ajax.jpg","width":201,"height":201},{"@type":"BreadcrumbList","@id":"https:\/\/desteptati-va.ro\/index.php\/2021\/04\/12\/realitatati-si-dureri\/#breadcrumb","itemListElement":[{"@type":"ListItem","position":1,"name":"Prima pagin\u0103","item":"https:\/\/desteptati-va.ro\/"},{"@type":"ListItem","position":2,"name":"Realitatati si dureri&#8230;!!"}]},{"@type":"WebSite","@id":"https:\/\/desteptati-va.ro\/#website","url":"https:\/\/desteptati-va.ro\/","name":"","description":"","potentialAction":[{"@type":"SearchAction","target":{"@type":"EntryPoint","urlTemplate":"https:\/\/desteptati-va.ro\/?s={search_term_string}"},"query-input":{"@type":"PropertyValueSpecification","valueRequired":true,"valueName":"search_term_string"}}],"inLanguage":"ro-RO"},{"@type":"Person","@id":"https:\/\/desteptati-va.ro\/#\/schema\/person\/13182deeebd44920914899f7bb262d6b","name":"wolfsoftcompany","image":{"@type":"ImageObject","inLanguage":"ro-RO","@id":"https:\/\/desteptati-va.ro\/#\/schema\/person\/image\/","url":"https:\/\/secure.gravatar.com\/avatar\/a6cce9b6d101d27d91690e7073e300fed94c0899890bf998e082cb9d2c3d121e?s=96&d=mm&r=g","contentUrl":"https:\/\/secure.gravatar.com\/avatar\/a6cce9b6d101d27d91690e7073e300fed94c0899890bf998e082cb9d2c3d121e?s=96&d=mm&r=g","caption":"wolfsoftcompany"},"sameAs":["http:\/\/desteptati-va.ro"],"url":"https:\/\/desteptati-va.ro\/index.php\/author\/wolfsoftcompany\/"}]}},"_links":{"self":[{"href":"https:\/\/desteptati-va.ro\/index.php\/wp-json\/wp\/v2\/posts\/3385","targetHints":{"allow":["GET"]}}],"collection":[{"href":"https:\/\/desteptati-va.ro\/index.php\/wp-json\/wp\/v2\/posts"}],"about":[{"href":"https:\/\/desteptati-va.ro\/index.php\/wp-json\/wp\/v2\/types\/post"}],"author":[{"embeddable":true,"href":"https:\/\/desteptati-va.ro\/index.php\/wp-json\/wp\/v2\/users\/1"}],"replies":[{"embeddable":true,"href":"https:\/\/desteptati-va.ro\/index.php\/wp-json\/wp\/v2\/comments?post=3385"}],"version-history":[{"count":1,"href":"https:\/\/desteptati-va.ro\/index.php\/wp-json\/wp\/v2\/posts\/3385\/revisions"}],"predecessor-version":[{"id":3388,"href":"https:\/\/desteptati-va.ro\/index.php\/wp-json\/wp\/v2\/posts\/3385\/revisions\/3388"}],"wp:featuredmedia":[{"embeddable":true,"href":"https:\/\/desteptati-va.ro\/index.php\/wp-json\/wp\/v2\/media\/3387"}],"wp:attachment":[{"href":"https:\/\/desteptati-va.ro\/index.php\/wp-json\/wp\/v2\/media?parent=3385"}],"wp:term":[{"taxonomy":"category","embeddable":true,"href":"https:\/\/desteptati-va.ro\/index.php\/wp-json\/wp\/v2\/categories?post=3385"},{"taxonomy":"post_tag","embeddable":true,"href":"https:\/\/desteptati-va.ro\/index.php\/wp-json\/wp\/v2\/tags?post=3385"}],"curies":[{"name":"wp","href":"https:\/\/api.w.org\/{rel}","templated":true}]}}