{"id":3414,"date":"2021-04-13T08:34:21","date_gmt":"2021-04-13T08:34:21","guid":{"rendered":"http:\/\/desteptati.ro\/?p=3414"},"modified":"2021-04-15T12:39:15","modified_gmt":"2021-04-15T12:39:15","slug":"vladica-ilarion-sfetnic-al-lui-tudor-vladimirescu","status":"publish","type":"post","link":"https:\/\/desteptati-va.ro\/index.php\/2021\/04\/13\/vladica-ilarion-sfetnic-al-lui-tudor-vladimirescu\/","title":{"rendered":"Vladica Ilarion &#8211; sfetnic al lui Tudor Vladimirescu"},"content":{"rendered":"<div class=\"post-content\"><div class='booster-block booster-read-block'>\n                <div class=\"twp-read-time\">\n                \t<i class=\"booster-icon twp-clock\"><\/i> <span>Read Time:<\/span>8 Minute, 38 Second                <\/div>\n\n            <\/div><h4 style=\"text-align: justify;\">Implicarea ierarhilor \u00een Revolu\u0163ia de la 1821 este evocat\u0103 \u00een numeroasele izvoare documentare ale vremii, at\u00e2t din \u0163ar\u0103 c\u00e2t \u015fi din bibliotecile str\u0103ine. Astfel afl\u0103m c\u0103, din 18 ianuarie \u2013 c\u00e2nd ie\u015fea din Bucure\u015fti \u00eenso\u0163it de o ceat\u0103 de o\u015fteni, p\u00e2n\u0103 la \u00eenceputul lunii martie \u2013 c\u00e2nd pornea \u00een fruntea Adun\u0103rii Norodului, spre a instaura \u00een capitala \u0163\u0103rii o nou\u0103 c\u00e2rmuire, pentru \u00eendreptarea r\u0103ului, slugerul Tudor \u015fi-a pus \u00een aplicare planul s\u0103u tactic de desf\u0103\u015furare efectiv\u0103 a mi\u015fc\u0103rii. Acest plan a fost conceput \u00een am\u0103nunt cu mult timp \u00eenainte de un grup de colaboratori ai viitorului domn al \u0162\u0103rii Rom\u00e2ne\u015fti printre care: stolnicul Geani Or\u0103\u015fanu, consilier al lui Tudor, profesorul Gheorghe Laz\u0103r, consultant \u00een probleme de tehnic\u0103 militar\u0103 ale fortifica\u0163iilor m\u00e2n\u0103stirilor, Petrache Poenaru, secretar, Pavel Macedonschi, tainic purt\u0103tor de mesaje. Deasupra lor, episcopul Ilarion Gheorghiadis \u2013 vl\u0103dica Ilarion de Arge\u015f, principal sfetnic \u015fi ajutor, r\u0103mas la Bucure\u015fti at\u00e2t pentru a-\u015fi \u00eendeplini sarcinile de membru al Divanului domnesc, c\u00e2t, mai cu seam\u0103, pentru \u00eendeplinirea unor \u00eens\u0103rcin\u0103ri stabilite anterior, \u00een primul r\u00e2nd rela\u0163iile cu marii boieri care aderaser\u0103 la mi\u015fcare.<\/h4>\r\n<h4 style=\"text-align: justify;\"><em>Ilarion Gheorghiadis, botezat Ilie, \u00een anul 1777, la Bucure\u015fti, cu tat\u0103 originar din Silistra \u015fi mama din Inina.\r\nStudiaz\u0103 la \u015ecoala de la &#8222;Domni\u0163a B\u0103la\u015fa&#8221; cunosc\u0103tor al limbilor greac\u0103, francez\u0103, german\u0103, rus\u0103, turc\u0103 \u015fi italian\u0103. C\u0103lug\u0103rit de mitropolitul Dositei Filitti sub numele Ilarion si hirotonit ierodiacon, mai t\u00e2rziu ieromonah \u015fi arhimandrit.\r\nStare\u0163 la m\u00e2n\u0103stirea Dealu (1808), apoi la &#8222;Sf. Ioan cel Mare&#8221; din Bucure\u015fti. La 1 nov. 1820 ales episcop al Arge\u015fului (hirotonit 20 nov.);\r\nTudor Vladimirescu, i-a \u00eencredin\u0163at o misiune la Congresul &#8222;Sfintei Alian\u0163e&#8221; (Rusia, Austria, Prusia) la Laybach (Liubliana); n-a ajuns p\u00e2n\u0103 acolo, iar dup\u0103 uciderea lui Tudor a r\u0103mas la Bra\u015fov, refuz\u00e2nd s\u0103-\u015fi reia scaunul episcopal. \u00cen toamna anului 1828 a fost rea\u015fezat, p\u0103storind p\u00e2n\u0103 la moarte( 8 ianuarie 1845).\r\nApreciat predicator (s-au p\u0103strat \u00eensa pu\u0163ine predici de la el); \u00een timpul p\u0103storirii lui, \u00een 1836, s-au deschis cursurile Seminarului teologic din Curtea de Arge\u015f.<\/em><\/h4>\r\n<h4 style=\"text-align: justify;\">Primul moment \u00een care \u00eenaltul prelat a intervenit decisiv a fost la dou\u0103 s\u0103pt\u0103m\u00e2ni de la declan\u015farea evenimentelor revolu\u0163ionare. Speria\u0163i, o seam\u0103 de boieri divani\u0163i solicitau \u2013 sub amenin\u0163area cu moartea a celui care o pornise \u2013 \u00eencetarea r\u0103zmeri\u0163ei. Ac\u0163ion\u00e2nd \u00een spiritul planului convenit anterior cu Tudor, Vl\u0103dica Ilarion \u00eempreun\u0103 cu marele ban Grigore Br\u00e2ncoveanu; Barbu V\u0103c\u0103rescu \u015f.a. i-au cerut dimpotriv\u0103 lui Pavel Macedonschi s\u0103 urmeze \u00eentrutotul poruncile c\u0103peteniei pandurilor.<\/h4>\r\n<h4 style=\"text-align: justify;\">A f\u0103cut parte din prima delega\u0163ie trimis\u0103 de Divanul \u0163\u0103rii pentru a-l \u00eent\u00e2mpina pe Tudor \u00een tab\u0103ra sa de la Cotroceni. Trimiterea acestui \u00eenalt ierarh, \u00eenso\u0163it de vistiernicul Alexandru Filipescu-Vulpe, avea, pe l\u00e2ng\u0103 un caracter protocolar \u015fi o semnifica\u0163ie special\u0103 date fiind rela\u0163iile cunoscute dintre cele dou\u0103 personalit\u0103\u0163i, boierii oponen\u0163i ai lui Tudor sper\u00e2nd s\u0103 ob\u0163in\u0103, prin intermediul \u00eenaltului prelat, clemen\u0163a conduc\u0103torului revolu\u0163iei. La Cotroceni, Tudor a dat &#8211; cum se \u015ftie &#8211; a doua sa Proclama\u0163ie-manifest c\u0103tre popula\u0163ia Capitalei chem\u00e2ndu-i pe to\u0163i cei ce \u201e<strong><em>vor binele ob\u015ftesc s\u0103 isc\u0103leasc\u0103 \u00eencredin\u0163area cea sufleteasc\u0103, iar cine nu, slobod este s\u0103 se trag\u0103 \u00een l\u0103turi<\/em><\/strong>\u201d. Era evident temeiul pe care mi\u015fcarea revolu\u0163ionar\u0103 \u00eel punea pe leg\u0103m\u00e2ntul de con\u015ftiin\u0163\u0103 al fiec\u0103ruia \u2013\u201e<strong><em>\u00eencredin\u0163area cea sufleteasc\u0103<\/em><\/strong>\u201d \u2013 element de esen\u0163\u0103 cre\u015ftin\u0103 ce se datora, conlucr\u0103rii cu Vl\u0103dica Ilarion \u00een redactarea Proclama\u0163iei. Tot episcopului i se va fi datorat \u015fi o alt\u0103 formulare: \u201e<strong><em>C\u00e2\u015ftigarea \u015fi na\u015fterea a doua a drept\u0103\u0163ilor noastre<\/em><\/strong>\u201d, formulare \u00eentocmai a concep\u0163iei cre\u015ftine a \u00eennoirii fiin\u0163ei prin sf\u00e2ntul botez.<\/h4>\r\n<h4 style=\"text-align: justify;\">Ca \u015fi Tudor, episcopul era con\u015ftient de necesitatea \u00een\u0163elegerii cu unii dintre membri Divanului care dovedeau fidelitate fa\u0163\u0103 de cauza poporului de \u00eenl\u0103turare a c\u00e2rmuirii fanariote, \u00eens\u0103, \u00een timp ce conduc\u0103torul pandurilor manifesta intransigen\u0163\u0103 fa\u0163\u0103 de boierii care i se ar\u0103tau potrivnici Vl\u0103dica Ilarion era adeptul unei atitudini de clemen\u0163\u0103 diplomatic\u0103. Nici episcopul nu-i iubea pe boieri dar socotea c\u0103 \u201e<strong><em>ace\u015ftia trebuie omor\u00e2\u0163i politice\u015fte, \u00eens\u0103 nu trupe\u015fte. E mai grea moartea pentru ei c\u00e2nd se vor vedea f\u0103r\u0103 privilegii \u015fi f\u0103r\u0103 slujbe \u015fi smeri\u0163i \u00eenaintea boierilor celor mici, care se vor urca pe scaunele lor \u00een Divan, \u00een Adunare \u015fi \u00een slujbele cele mari<\/em><\/strong>\u201d .<\/h4>\r\n<h4 style=\"text-align: justify;\">Adopt\u00e2nd o asemenea tactic\u0103 Vl\u0103dica Ilarion dorea ca Tudor s\u0103 ob\u0163in\u0103 aprobarea formal\u0103 a acestora, iar prin semn\u0103turile lor se \u00eendatorau s\u0103 sprijine aplicarea noilor or\u00e2nduieli. Ra\u0163iunile unui astfel de demers apar mai limpezi dac\u0103 \u0163inem seam\u0103 de contextul interna\u0163ional al momentului. Astfel, \u00eenc\u0103 din 17 martie la Bucure\u015fti sosise vestea c\u0103 \u0163arul Rusiei dezavua ac\u0163iunea \u015fi se declara \u201e<em>hot\u0103r\u00e2t \u00een unire cu alia\u0163ii s\u0103i, a combate revolu\u0163ia care uzurp\u0103 puterea legal\u0103 . Ve\u0163i spune aceasta capilor clerului, boierilor, proprietarilor precum \u015fi negustorilor celor mai influen\u0163i prin averea lor \u015fi prin considera\u0163ia de care se bucur\u0103; aceasta va fi de ajuns pentru a dezmin\u0163i zvonurile mincinoase prin care obscurii agen\u0163i ai revolu\u0163ionarilor caut\u0103 s\u0103 tulbure mul\u0163imea\u201d<\/em> Mesajul a fost transmis de Capodistria din Lubliana consulului rus Pini de la Bucure\u015fti, pentru ca acesta s\u0103-l \u00eenm\u00e2neze factorilor politici.<\/h4>\r\n<h4 style=\"text-align: justify;\">Despre dezavuarea mi\u015fc\u0103rii, Tudor a aflat \u00een tab\u0103ra de la Cotroceni; <strong><em>\u201e<\/em><em>Aceast\u0103 vestire, chiar de se va publica, pe mine nu m\u0103 sup\u0103r\u0103\u201d-<\/em><\/strong> \u00eei scria el lui Alexandru Filipescu-Vulpe \u015fi denot\u0103 faptul c\u0103, de\u015fi primit de dou\u0103 s\u0103pt\u0103m\u00e2ni, mesajul fusese oprit, poate la \u00eendemnul episcopului Ilarion. Dac\u0103 boierii ar fi aflat de existen\u0163a lui alta le-ar fi fost atitudinea. A\u015fa ei puteau semna actele de cancelarie, \u00eent\u00e2mpin\u0103rile \u015fi memoriile pe care reprezentan\u0163ii mi\u015fc\u0103rii doreau s\u0103 le \u00eenainteze puterilor protectoare \u015fi suzeran\u0103 devenind astfel sus\u0163in\u0103tori ai programului lui Tudor, iar mi\u015fcarea lu\u00e2nd caracter oficial.<\/h4>\r\n<h4 style=\"text-align: justify;\">Stratagema lui Ilarion a reu\u015fit; \u00een ziua de 23 martie 1821 mitropolitul Dionisie Lupu, pre\u015fedintele Divanului, al\u0103turi de episcopul Ilarion al Arge\u015fului, \u00een fruntea boierilor afla\u0163i la c\u00e2rma \u0163\u0103rii, semnau \u00een fa\u0163a lui Tudor Vladimirescu jur\u0103m\u00e2ntul de credin\u0163\u0103 intitulat \u201e<em>Cartea de adeverire ce s-au dat slugerului Theodor\u201d <\/em>pe care au \u00eenm\u00e2nat-o c\u0103peteniei Adun\u0103rii Norodului \u00een cadrul \u015fedi\u0163ei Divanului.<\/h4>\r\n<h4 style=\"text-align: justify;\">La 24 martie, mitropolitul Dionisie Lupu l-a chemat la re\u015fedin\u0163a sa pe secretarul consulului austriac, Karl Udizki, comunic\u00e2nd-i c\u0103 vistiernicul Alexandru Filipescu-Vulpe \u00eel soma printr-o scrisoare<em> \u201ea face cauz\u0103 comun\u0103 cu<\/em> <em>episcopul Ilarion \u015fi \u00eempreun\u0103 cu acesta s\u0103 conduc\u0103 trburile dup\u0103 hot\u0103r\u00e2rile lui Tudor\u201d.<\/em> Mitropolitul Dionisie, ezitant, ar\u0103ta c\u0103 nu putea primi o asemenea propunere, cer\u00e2nd protec\u0163ia consulatului austriac la Bucure\u015fti. Peste c\u00e2teva zile va reveni asupra deciziei \u015fi va semna memoriile c\u0103tre \u00cenalta Poart\u0103, \u0163arul Rusiei \u015fi c\u0103tre cancelarul Austriei, Metternich, substan\u0163a acestor documente fiind aceea c\u0103 norodul s-a ridicat pentru dob\u00e2ndirea drept\u0103\u0163ilor \u0163\u0103rii.<\/h4>\r\n<h4 style=\"text-align: justify;\">La 29 martie Ilarion semna adresa Divanului c\u0103tre baronul Stroganoff, ministru plenipoten\u0163iar al Rusiei la Constantinopol, prin care \u00eel ruga s\u0103 intervin\u0103 pentru a nu fi trimise trupe otomane \u00een \u0162ara Rom\u00e2neasc\u0103. De asemenea, episcopul a participat, ca t\u0103lmaci, la \u00eent\u00e2lnirea dintre Tudor \u015fi Alexandru Ipsilanti.<\/h4>\r\n<h4 style=\"text-align: justify;\">Era nevoie ca memoriile trimise s\u0103 fie sus\u0163inute \u015fi prin viu grai, adic\u0103 la Laybach (Liubliana) unde reprezentan\u0163ii Sfintei Alian\u0163e urmau s\u0103 decid\u0103\u00a0 atitudinea pe care s\u0103 o adopte fa\u0163\u0103 de mi\u015fcarea pandurilor. Episcopul Ilarion va fi cel desemnat pentru aceast\u0103 misiune, nu pentru experien\u0163a sa ci pentru \u00eencrederea pe care i-o dovedise domnului Tudor.<\/h4>\r\n<h4 style=\"text-align: justify;\">La 13 mai delega\u0163ia condus\u0103 de episcopul Ilarion \u015fi din care mai f\u0103ceau parte \u015fi stolnicul Geani Or\u0103\u015fanu \u015fi secretarul Petrache Poenaru, pleac\u0103 la Libliana cu un memoriu scris \u015fi instruc\u0163iuni verbale. Misiunea s-a vrut a fi secret\u0103, astfel c\u0103 nici boierii considera\u0163i credincio\u015fi nu au \u015ftiut, iar p\u00e2n\u0103 la Bra\u015fov, delega\u0163ia a fost \u00eenso\u0163it\u0103 de 50 de panduri.<\/h4>\r\n<h4 style=\"text-align: justify;\">Din p\u0103cate, misiunea s-a dovedit tardiv\u0103 deoarece Congresul \u00ee\u015fi \u00eencheiase lucr\u0103rile cu o zi \u00eenainte de plecarea delega\u0163iei, iar rezolu\u0163ia adoptat\u0103 era de dezavuare a mi\u015fc\u0103rii. Evenimentele din interior se precipitaser\u0103, iar Tudor a fost nevoit s\u0103 se retrag\u0103 din Bucure\u015fti, afl\u00e2ndu-\u015fi sf\u00e2r\u015fitul tragic \u00een urma tr\u0103d\u0103rii \u015fi a \u201ejudec\u0103\u0163ii\u201d f\u0103r\u0103 temei a eteri\u015ftilor.<\/h4>\r\n<h4 style=\"text-align: justify;\">Totu\u015fi memoriul care trebuia prezentat Sfintei Alian\u0163e s-a p\u0103strat: \u201e<strong><em>Cele de asupra noastr\u0103 din toate p\u0103r\u0163ile p\u0103timiri cu \u00eenfrico\u015f\u0103ri primejdioase, care m\u0103car c\u0103 este cu neputin\u0163\u0103 a le descrie \u015fi a le povesti pe toate, dar \u00eendr\u0103znind f\u0103cur\u0103m o slab\u0103 ar\u0103tare:\u2026 f\u0103r\u0103 de veste pentru nepilduitele str\u00e2mtor\u0103ri ale s\u0103racilor locuitori ai Valahiei cea mic\u0103, unde \u015fi tiraniile neomeni\u0163ilor otc\u00e2rmuitori au prisosit cu r\u0103ut\u0103\u0163ile peste m\u0103sur\u0103, s\u0103racii locuitori lu\u00e2nd pe Tudor Vladimirescu c\u0103petenia lor s-au ridicat \u00eempotriva tiranilor jefuitori, cer\u00e2nd de la prea \u00cenalta Poart\u0103 sc\u0103pare de ei, \u015fi a dob\u00e2ndi c\u0103lcatele noastre drept\u0103\u0163i; care cereri ale lor drepte cunosc\u00e2ndu-le \u015fi noi, mai jos isc\u0103li\u0163ii ne-am unit cu d\u00e2n\u015fii \u015fi dimpreun\u0103 cu tot norodul cel pornit de afar\u0103 \u015fi aduna\u0163i aicea la Bucure\u015fti, am scris pe la toate p\u0103r\u0163ile unde se cuvine, ar\u0103t\u00e2nd\u00a0 jalnica stare a Patriei noastre \u015fi cer\u00e2nd ajutor spre \u00eencetarea relelor celor f\u0103cute \u015fi c\u00e2\u015ftigarea drept\u0103\u0163ilor celor c\u0103lcate. Tot \u00eentr-acea vreme, ne-am pomenit dintr-alt\u0103 parte c\u0103 intr\u0103 \u00een s\u0103rmana noastr\u0103 \u0163ar\u0103 prin\u0163ul Ipsilanti, c\u0103petenia unei Adun\u0103ri necunoscut\u0103 nou\u0103 \u015fi de tot strein\u0103\u2026 pe to\u0163i locuitorii i-au jefuit \u015fi i-au pr\u0103p\u0103dit\u2026 . ora\u015ful nostru cu totul s-a pustiit, nici una din cele din l\u0103untru \u015fi din afar\u0103 case neb\u00e2ntuite \u015fi nedezrobite n-au sc\u0103pat. Sfintele loca\u015furi s-au pr\u0103dat, biserice\u015ftile vase ale sfintelor taine s-au batjocorit \u2026 Pe l\u00e2ng\u0103 aceast\u0103 \u00eendosit\u0103 cea\u0163\u0103 de care suntem \u00eenconjura\u0163i, se afl\u0103 si frica n\u0103v\u0103lirii turcilor, c\u0103ci pe multe sate de pe marginea Dun\u0103rii intr\u00e2nd cu o s\u0103lb\u0103ticie, au junghiat, au robit, au ars f\u0103r\u0103 milostivire pe oricare au \u00eent\u00e2mpinat \u015fi le-au ie\u015fit \u00eenainte\u2026 \u015ei c\u00e2t de cur\u00e2nd cu cele mai rele spaime ne \u00eenfrico\u015feaz\u0103\u201d.<\/em><\/strong><\/h4>\r\n<h4 style=\"text-align: justify;\">De la Bra\u015fov, unde aflase de mi\u015felescul complot ce pusese cap\u0103t vie\u0163ii\u00a0 lui Tudor Vladimirescu, vl\u0103dica Ilarion a plecat peste Carpa\u0163i, pe c\u0103i mai pu\u0163in supravegheate de eteri\u015fi, av\u00e2nd ca \u0163int\u0103 cetatea cea veche a T\u00e2rgovi\u015ftei. Aici, \u00eempreun\u0103 cu preotul Ilie de la m\u00e2n\u0103stirea Butoiul (comuna Hulube\u015fti) au mers s\u0103 scotoceasc\u0103 \u00eemprejurimile, f\u00e2nt\u00e2nile, gropile cu ap\u0103 pentru a afla trupul celui pe nedrept os\u00e2ndit \u015fi a-i face cre\u015ftineasca \u00eengrop\u0103ciune. Numai dup\u0103 aceast\u0103 zadarnic\u0103 str\u0103danie i-au f\u0103cut slujba cuvenit\u0103. Preotul Ilie consemnez\u0103 \u00een cronica sa: \u201e <em>\u015ei cu durere de inim\u0103 am auzit \u015fi am pl\u00e2ns, c\u00e2nd l-au v\u00e2ndut pe Tudor doi c\u0103pitani de-ai s\u0103i, de l-au t\u0103iat noaptea\u2026 \u015fi am mers cu p\u0103rintele Ilarion la m\u0103n\u0103stire de am f\u0103cut slujba pentru odihna sufletului. \u015ei pl\u00e2ngea lumea \u015fi p\u0103rintele Ilarion se b\u0103tea cu pumnii \u00een piept \u015fi da crucea la norod s\u0103 se \u00eenchine. \u015ei mult\u0103 jale era pe noi to\u0163i\u201d.<\/em><\/h4>\r\n<h4 style=\"text-align: justify;\"><em>Prelucrare \u015fi adaptare dup\u0103 Dr. Nestor Vornicescu,\u00a0 mitropolit al Olteniei<\/em><\/h4>        <div class=\"booster-block booster-reactions-block\">\n            <div class=\"twp-reactions-icons\">\n                \n                <div class=\"twp-reacts-wrap\">\n                    <a react-data=\"be-react-1\" post-id=\"3414\" class=\"be-face-icons un-reacted\" href=\"javascript:void(0)\">\n                        <img decoding=\"async\" src=\"https:\/\/desteptati-va.ro\/wp-content\/plugins\/booster-extension\/\/assets\/icon\/happy.svg\" alt=\"Happy\">\n                    <\/a>\n                    <div class=\"twp-reaction-title\">\n                        Happy                    <\/div>\n                    <div class=\"twp-count-percent\">\n                                                    <span style=\"display: none;\" class=\"twp-react-count\">0<\/span>\n                        \n                                                <span class=\"twp-react-percent\"><span>0<\/span> %<\/span>\n                                            <\/div>\n                <\/div>\n\n                <div class=\"twp-reacts-wrap\">\n                    <a react-data=\"be-react-2\" post-id=\"3414\" class=\"be-face-icons un-reacted\" href=\"javascript:void(0)\">\n                        <img decoding=\"async\" src=\"https:\/\/desteptati-va.ro\/wp-content\/plugins\/booster-extension\/\/assets\/icon\/sad.svg\" alt=\"Sad\">\n                    <\/a>\n                    <div class=\"twp-reaction-title\">\n                        Sad                    <\/div>\n                    <div class=\"twp-count-percent\">\n                                                    <span style=\"display: none;\" class=\"twp-react-count\">0<\/span>\n                                                                        <span class=\"twp-react-percent\"><span>0<\/span> %<\/span>\n                                            <\/div>\n                <\/div>\n\n                <div class=\"twp-reacts-wrap\">\n                    <a react-data=\"be-react-3\" post-id=\"3414\" class=\"be-face-icons un-reacted\" href=\"javascript:void(0)\">\n                        <img decoding=\"async\" src=\"https:\/\/desteptati-va.ro\/wp-content\/plugins\/booster-extension\/\/assets\/icon\/excited.svg\" alt=\"Excited\">\n                    <\/a>\n                    <div class=\"twp-reaction-title\">\n                        Excited                    <\/div>\n                    <div class=\"twp-count-percent\">\n                                                    <span style=\"display: none;\" class=\"twp-react-count\">0<\/span>\n                                                                        <span class=\"twp-react-percent\"><span>0<\/span> %<\/span>\n                                            <\/div>\n                <\/div>\n\n                <div class=\"twp-reacts-wrap\">\n                    <a react-data=\"be-react-6\" post-id=\"3414\" class=\"be-face-icons un-reacted\" href=\"javascript:void(0)\">\n                        <img decoding=\"async\" src=\"https:\/\/desteptati-va.ro\/wp-content\/plugins\/booster-extension\/\/assets\/icon\/sleepy.svg\" alt=\"Sleepy\">\n                    <\/a>\n                    <div class=\"twp-reaction-title\">\n                        Sleepy                    <\/div>\n                    <div class=\"twp-count-percent\">\n                                                    <span style=\"display: none;\" class=\"twp-react-count\">0<\/span>\n                        \n                                                <span class=\"twp-react-percent\"><span>0<\/span> %<\/span>\n                                            <\/div>\n                <\/div>\n\n                <div class=\"twp-reacts-wrap\">\n                    <a react-data=\"be-react-4\" post-id=\"3414\" class=\"be-face-icons un-reacted\" href=\"javascript:void(0)\">\n                        <img decoding=\"async\" src=\"https:\/\/desteptati-va.ro\/wp-content\/plugins\/booster-extension\/\/assets\/icon\/angry.svg\" alt=\"Angry\">\n                    <\/a>\n                    <div class=\"twp-reaction-title\">Angry<\/div>\n                    <div class=\"twp-count-percent\">\n                                                    <span style=\"display: none;\" class=\"twp-react-count\">0<\/span>\n                                                                        <span class=\"twp-react-percent\"><span>0<\/span> %<\/span>\n                        \n                    <\/div>\n                <\/div>\n\n                <div class=\"twp-reacts-wrap\">\n                    <a react-data=\"be-react-5\" post-id=\"3414\" class=\"be-face-icons un-reacted\" href=\"javascript:void(0)\">\n                        <img decoding=\"async\" src=\"https:\/\/desteptati-va.ro\/wp-content\/plugins\/booster-extension\/\/assets\/icon\/surprise.svg\" alt=\"Surprise\">\n                    <\/a>\n                    <div class=\"twp-reaction-title\">Surprise<\/div>\n                    <div class=\"twp-count-percent\">\n                                                    <span style=\"display: none;\" class=\"twp-react-count\">0<\/span>\n                                                                        <span class=\"twp-react-percent\"><span>0<\/span> %<\/span>\n                                            <\/div>\n                <\/div>\n\n            <\/div>\n        <\/div>\n\n    <\/div>","protected":false},"excerpt":{"rendered":"<p>Implicarea ierarhilor \u00een Revolu\u0163ia de la 1821 este evocat\u0103 \u00een numeroasele izvoare documentare ale vremii, at\u00e2t din \u0163ar\u0103 c\u00e2t \u015fi<a href=\"https:\/\/desteptati-va.ro\/index.php\/2021\/04\/13\/vladica-ilarion-sfetnic-al-lui-tudor-vladimirescu\/\">Read More<i class=\"fa fa-long-arrow-right\" aria-hidden=\"true\"><\/i><\/a><\/p>\n","protected":false},"author":1,"featured_media":3416,"comment_status":"open","ping_status":"open","sticky":false,"template":"","format":"standard","meta":{"_crdt_document":"","footnotes":""},"categories":[35,28],"tags":[139,140,59,60,141,142,143,144,145,146,147,148,149,150,151,152,153],"class_list":["post-3414","post","type-post","status-publish","format-standard","has-post-thumbnail","hentry","category-inainte-de-unire","category-secvente-istorice","tag-139","tag-adunarea-norodului","tag-desteptati","tag-desteptati-va","tag-divan","tag-eteristi","tag-gheorghiadis","tag-ierarh","tag-ilarion","tag-miscare","tag-mitropolitul-dosoftei","tag-revolutie","tag-sluger","tag-tudor","tag-tudor-vladimirescu","tag-vladica-ilarion","tag-vladimirescu"],"rise-blocks_total_comments":0,"rise-blocks_categories":[{"term_id":35,"name":"Inainte de Unire","slug":"inainte-de-unire","term_group":0,"term_taxonomy_id":35,"taxonomy":"category","description":"","parent":28,"count":7,"filter":"raw","cat_ID":35,"category_count":7,"category_description":"","cat_name":"Inainte de Unire","category_nicename":"inainte-de-unire","category_parent":28},{"term_id":28,"name":"Secvente Istorice","slug":"secvente-istorice","term_group":0,"term_taxonomy_id":28,"taxonomy":"category","description":"","parent":0,"count":36,"filter":"raw","cat_ID":28,"category_count":36,"category_description":"","cat_name":"Secvente Istorice","category_nicename":"secvente-istorice","category_parent":0}],"rise-blocks_excerpt":"Implicarea ierarhilor \u00een Revolu\u0163ia de la 1821 este evocat\u0103 \u00een numeroasele izvoare documentare ale vremii, at\u00e2t din \u0163ar\u0103 c\u00e2t \u015fi din bibliotecile str\u0103ine. Astfel afl\u0103m c\u0103, din 18 ianuarie \u2013 c\u00e2nd ie\u015fea din Bucure\u015fti \u00eenso\u0163it de o ceat\u0103 de o\u015fteni, p\u00e2n\u0103 la \u00eenceputul lunii martie \u2013 c\u00e2nd pornea \u00een fruntea Adun\u0103rii Norodului, spre a instaura \u00een capitala \u0163\u0103rii o nou\u0103..","yoast_head":"<!-- This site is optimized with the Yoast SEO plugin v26.9 - https:\/\/yoast.com\/product\/yoast-seo-wordpress\/ -->\r\n<title>Vladica Ilarion - sfetnic al lui Tudor Vladimirescu -<\/title>\r\n<meta name=\"robots\" content=\"index, follow, max-snippet:-1, max-image-preview:large, max-video-preview:-1\" \/>\r\n<link rel=\"canonical\" href=\"https:\/\/desteptati-va.ro\/index.php\/2021\/04\/13\/vladica-ilarion-sfetnic-al-lui-tudor-vladimirescu\/\" \/>\r\n<meta property=\"og:locale\" content=\"ro_RO\" \/>\r\n<meta property=\"og:type\" content=\"article\" \/>\r\n<meta property=\"og:title\" content=\"Vladica Ilarion - sfetnic al lui Tudor Vladimirescu -\" \/>\r\n<meta property=\"og:description\" content=\"Implicarea ierarhilor \u00een Revolu\u0163ia de la 1821 este evocat\u0103 \u00een numeroasele izvoare documentare ale vremii, at\u00e2t din \u0163ar\u0103 c\u00e2t \u015fiRead More\" \/>\r\n<meta property=\"og:url\" content=\"https:\/\/desteptati-va.ro\/index.php\/2021\/04\/13\/vladica-ilarion-sfetnic-al-lui-tudor-vladimirescu\/\" \/>\r\n<meta property=\"article:published_time\" content=\"2021-04-13T08:34:21+00:00\" \/>\r\n<meta property=\"article:modified_time\" content=\"2021-04-15T12:39:15+00:00\" \/>\r\n<meta property=\"og:image\" content=\"https:\/\/desteptati-va.ro\/wp-content\/uploads\/2021\/04\/tudor_vladimirescu-e1609143833945-1.jpg\" \/>\r\n\t<meta property=\"og:image:width\" content=\"201\" \/>\r\n\t<meta property=\"og:image:height\" content=\"305\" \/>\r\n\t<meta property=\"og:image:type\" content=\"image\/jpeg\" \/>\r\n<meta name=\"author\" content=\"wolfsoftcompany\" \/>\r\n<meta name=\"twitter:card\" content=\"summary_large_image\" \/>\r\n<meta name=\"twitter:label1\" content=\"Scris de\" \/>\n\t<meta name=\"twitter:data1\" content=\"wolfsoftcompany\" \/>\n\t<meta name=\"twitter:label2\" content=\"Timp estimat pentru citire\" \/>\n\t<meta name=\"twitter:data2\" content=\"10 minute\" \/>\r\n<script type=\"application\/ld+json\" class=\"yoast-schema-graph\">{\"@context\":\"https:\/\/schema.org\",\"@graph\":[{\"@type\":\"Article\",\"@id\":\"https:\/\/desteptati-va.ro\/index.php\/2021\/04\/13\/vladica-ilarion-sfetnic-al-lui-tudor-vladimirescu\/#article\",\"isPartOf\":{\"@id\":\"https:\/\/desteptati-va.ro\/index.php\/2021\/04\/13\/vladica-ilarion-sfetnic-al-lui-tudor-vladimirescu\/\"},\"author\":{\"name\":\"wolfsoftcompany\",\"@id\":\"https:\/\/desteptati-va.ro\/#\/schema\/person\/13182deeebd44920914899f7bb262d6b\"},\"headline\":\"Vladica Ilarion &#8211; sfetnic al lui Tudor Vladimirescu\",\"datePublished\":\"2021-04-13T08:34:21+00:00\",\"dateModified\":\"2021-04-15T12:39:15+00:00\",\"mainEntityOfPage\":{\"@id\":\"https:\/\/desteptati-va.ro\/index.php\/2021\/04\/13\/vladica-ilarion-sfetnic-al-lui-tudor-vladimirescu\/\"},\"wordCount\":2030,\"commentCount\":0,\"image\":{\"@id\":\"https:\/\/desteptati-va.ro\/index.php\/2021\/04\/13\/vladica-ilarion-sfetnic-al-lui-tudor-vladimirescu\/#primaryimage\"},\"thumbnailUrl\":\"https:\/\/desteptati-va.ro\/wp-content\/uploads\/2021\/04\/tudor_vladimirescu-e1609143833945-1.jpg\",\"keywords\":[\"1821\",\"Adunarea Norodului\",\"desteptati\",\"desteptati-va\",\"Divan\",\"eteristi\",\"Gheorghiadis\",\"ierarh\",\"Ilarion\",\"miscare\",\"mitropolitul Dosoftei\",\"revolutie\",\"sluger\",\"TUdor\",\"Tudor Vladimirescu\",\"vladica Ilarion\",\"Vladimirescu\"],\"articleSection\":[\"Inainte de Unire\",\"Secvente Istorice\"],\"inLanguage\":\"ro-RO\",\"potentialAction\":[{\"@type\":\"CommentAction\",\"name\":\"Comment\",\"target\":[\"https:\/\/desteptati-va.ro\/index.php\/2021\/04\/13\/vladica-ilarion-sfetnic-al-lui-tudor-vladimirescu\/#respond\"]}]},{\"@type\":\"WebPage\",\"@id\":\"https:\/\/desteptati-va.ro\/index.php\/2021\/04\/13\/vladica-ilarion-sfetnic-al-lui-tudor-vladimirescu\/\",\"url\":\"https:\/\/desteptati-va.ro\/index.php\/2021\/04\/13\/vladica-ilarion-sfetnic-al-lui-tudor-vladimirescu\/\",\"name\":\"Vladica Ilarion - sfetnic al lui Tudor Vladimirescu -\",\"isPartOf\":{\"@id\":\"https:\/\/desteptati-va.ro\/#website\"},\"primaryImageOfPage\":{\"@id\":\"https:\/\/desteptati-va.ro\/index.php\/2021\/04\/13\/vladica-ilarion-sfetnic-al-lui-tudor-vladimirescu\/#primaryimage\"},\"image\":{\"@id\":\"https:\/\/desteptati-va.ro\/index.php\/2021\/04\/13\/vladica-ilarion-sfetnic-al-lui-tudor-vladimirescu\/#primaryimage\"},\"thumbnailUrl\":\"https:\/\/desteptati-va.ro\/wp-content\/uploads\/2021\/04\/tudor_vladimirescu-e1609143833945-1.jpg\",\"datePublished\":\"2021-04-13T08:34:21+00:00\",\"dateModified\":\"2021-04-15T12:39:15+00:00\",\"author\":{\"@id\":\"https:\/\/desteptati-va.ro\/#\/schema\/person\/13182deeebd44920914899f7bb262d6b\"},\"breadcrumb\":{\"@id\":\"https:\/\/desteptati-va.ro\/index.php\/2021\/04\/13\/vladica-ilarion-sfetnic-al-lui-tudor-vladimirescu\/#breadcrumb\"},\"inLanguage\":\"ro-RO\",\"potentialAction\":[{\"@type\":\"ReadAction\",\"target\":[\"https:\/\/desteptati-va.ro\/index.php\/2021\/04\/13\/vladica-ilarion-sfetnic-al-lui-tudor-vladimirescu\/\"]}]},{\"@type\":\"ImageObject\",\"inLanguage\":\"ro-RO\",\"@id\":\"https:\/\/desteptati-va.ro\/index.php\/2021\/04\/13\/vladica-ilarion-sfetnic-al-lui-tudor-vladimirescu\/#primaryimage\",\"url\":\"https:\/\/desteptati-va.ro\/wp-content\/uploads\/2021\/04\/tudor_vladimirescu-e1609143833945-1.jpg\",\"contentUrl\":\"https:\/\/desteptati-va.ro\/wp-content\/uploads\/2021\/04\/tudor_vladimirescu-e1609143833945-1.jpg\",\"width\":201,\"height\":305},{\"@type\":\"BreadcrumbList\",\"@id\":\"https:\/\/desteptati-va.ro\/index.php\/2021\/04\/13\/vladica-ilarion-sfetnic-al-lui-tudor-vladimirescu\/#breadcrumb\",\"itemListElement\":[{\"@type\":\"ListItem\",\"position\":1,\"name\":\"Prima pagin\u0103\",\"item\":\"https:\/\/desteptati-va.ro\/\"},{\"@type\":\"ListItem\",\"position\":2,\"name\":\"Vladica Ilarion &#8211; sfetnic al lui Tudor Vladimirescu\"}]},{\"@type\":\"WebSite\",\"@id\":\"https:\/\/desteptati-va.ro\/#website\",\"url\":\"https:\/\/desteptati-va.ro\/\",\"name\":\"\",\"description\":\"\",\"potentialAction\":[{\"@type\":\"SearchAction\",\"target\":{\"@type\":\"EntryPoint\",\"urlTemplate\":\"https:\/\/desteptati-va.ro\/?s={search_term_string}\"},\"query-input\":{\"@type\":\"PropertyValueSpecification\",\"valueRequired\":true,\"valueName\":\"search_term_string\"}}],\"inLanguage\":\"ro-RO\"},{\"@type\":\"Person\",\"@id\":\"https:\/\/desteptati-va.ro\/#\/schema\/person\/13182deeebd44920914899f7bb262d6b\",\"name\":\"wolfsoftcompany\",\"image\":{\"@type\":\"ImageObject\",\"inLanguage\":\"ro-RO\",\"@id\":\"https:\/\/desteptati-va.ro\/#\/schema\/person\/image\/\",\"url\":\"https:\/\/secure.gravatar.com\/avatar\/a6cce9b6d101d27d91690e7073e300fed94c0899890bf998e082cb9d2c3d121e?s=96&d=mm&r=g\",\"contentUrl\":\"https:\/\/secure.gravatar.com\/avatar\/a6cce9b6d101d27d91690e7073e300fed94c0899890bf998e082cb9d2c3d121e?s=96&d=mm&r=g\",\"caption\":\"wolfsoftcompany\"},\"sameAs\":[\"http:\/\/desteptati-va.ro\"],\"url\":\"https:\/\/desteptati-va.ro\/index.php\/author\/wolfsoftcompany\/\"}]}<\/script>\r\n<!-- \/ Yoast SEO plugin. -->","yoast_head_json":{"title":"Vladica Ilarion - sfetnic al lui Tudor Vladimirescu -","robots":{"index":"index","follow":"follow","max-snippet":"max-snippet:-1","max-image-preview":"max-image-preview:large","max-video-preview":"max-video-preview:-1"},"canonical":"https:\/\/desteptati-va.ro\/index.php\/2021\/04\/13\/vladica-ilarion-sfetnic-al-lui-tudor-vladimirescu\/","og_locale":"ro_RO","og_type":"article","og_title":"Vladica Ilarion - sfetnic al lui Tudor Vladimirescu -","og_description":"Implicarea ierarhilor \u00een Revolu\u0163ia de la 1821 este evocat\u0103 \u00een numeroasele izvoare documentare ale vremii, at\u00e2t din \u0163ar\u0103 c\u00e2t \u015fiRead More","og_url":"https:\/\/desteptati-va.ro\/index.php\/2021\/04\/13\/vladica-ilarion-sfetnic-al-lui-tudor-vladimirescu\/","article_published_time":"2021-04-13T08:34:21+00:00","article_modified_time":"2021-04-15T12:39:15+00:00","og_image":[{"width":201,"height":305,"url":"https:\/\/desteptati-va.ro\/wp-content\/uploads\/2021\/04\/tudor_vladimirescu-e1609143833945-1.jpg","type":"image\/jpeg"}],"author":"wolfsoftcompany","twitter_card":"summary_large_image","twitter_misc":{"Scris de":"wolfsoftcompany","Timp estimat pentru citire":"10 minute"},"schema":{"@context":"https:\/\/schema.org","@graph":[{"@type":"Article","@id":"https:\/\/desteptati-va.ro\/index.php\/2021\/04\/13\/vladica-ilarion-sfetnic-al-lui-tudor-vladimirescu\/#article","isPartOf":{"@id":"https:\/\/desteptati-va.ro\/index.php\/2021\/04\/13\/vladica-ilarion-sfetnic-al-lui-tudor-vladimirescu\/"},"author":{"name":"wolfsoftcompany","@id":"https:\/\/desteptati-va.ro\/#\/schema\/person\/13182deeebd44920914899f7bb262d6b"},"headline":"Vladica Ilarion &#8211; sfetnic al lui Tudor Vladimirescu","datePublished":"2021-04-13T08:34:21+00:00","dateModified":"2021-04-15T12:39:15+00:00","mainEntityOfPage":{"@id":"https:\/\/desteptati-va.ro\/index.php\/2021\/04\/13\/vladica-ilarion-sfetnic-al-lui-tudor-vladimirescu\/"},"wordCount":2030,"commentCount":0,"image":{"@id":"https:\/\/desteptati-va.ro\/index.php\/2021\/04\/13\/vladica-ilarion-sfetnic-al-lui-tudor-vladimirescu\/#primaryimage"},"thumbnailUrl":"https:\/\/desteptati-va.ro\/wp-content\/uploads\/2021\/04\/tudor_vladimirescu-e1609143833945-1.jpg","keywords":["1821","Adunarea Norodului","desteptati","desteptati-va","Divan","eteristi","Gheorghiadis","ierarh","Ilarion","miscare","mitropolitul Dosoftei","revolutie","sluger","TUdor","Tudor Vladimirescu","vladica Ilarion","Vladimirescu"],"articleSection":["Inainte de Unire","Secvente Istorice"],"inLanguage":"ro-RO","potentialAction":[{"@type":"CommentAction","name":"Comment","target":["https:\/\/desteptati-va.ro\/index.php\/2021\/04\/13\/vladica-ilarion-sfetnic-al-lui-tudor-vladimirescu\/#respond"]}]},{"@type":"WebPage","@id":"https:\/\/desteptati-va.ro\/index.php\/2021\/04\/13\/vladica-ilarion-sfetnic-al-lui-tudor-vladimirescu\/","url":"https:\/\/desteptati-va.ro\/index.php\/2021\/04\/13\/vladica-ilarion-sfetnic-al-lui-tudor-vladimirescu\/","name":"Vladica Ilarion - sfetnic al lui Tudor Vladimirescu -","isPartOf":{"@id":"https:\/\/desteptati-va.ro\/#website"},"primaryImageOfPage":{"@id":"https:\/\/desteptati-va.ro\/index.php\/2021\/04\/13\/vladica-ilarion-sfetnic-al-lui-tudor-vladimirescu\/#primaryimage"},"image":{"@id":"https:\/\/desteptati-va.ro\/index.php\/2021\/04\/13\/vladica-ilarion-sfetnic-al-lui-tudor-vladimirescu\/#primaryimage"},"thumbnailUrl":"https:\/\/desteptati-va.ro\/wp-content\/uploads\/2021\/04\/tudor_vladimirescu-e1609143833945-1.jpg","datePublished":"2021-04-13T08:34:21+00:00","dateModified":"2021-04-15T12:39:15+00:00","author":{"@id":"https:\/\/desteptati-va.ro\/#\/schema\/person\/13182deeebd44920914899f7bb262d6b"},"breadcrumb":{"@id":"https:\/\/desteptati-va.ro\/index.php\/2021\/04\/13\/vladica-ilarion-sfetnic-al-lui-tudor-vladimirescu\/#breadcrumb"},"inLanguage":"ro-RO","potentialAction":[{"@type":"ReadAction","target":["https:\/\/desteptati-va.ro\/index.php\/2021\/04\/13\/vladica-ilarion-sfetnic-al-lui-tudor-vladimirescu\/"]}]},{"@type":"ImageObject","inLanguage":"ro-RO","@id":"https:\/\/desteptati-va.ro\/index.php\/2021\/04\/13\/vladica-ilarion-sfetnic-al-lui-tudor-vladimirescu\/#primaryimage","url":"https:\/\/desteptati-va.ro\/wp-content\/uploads\/2021\/04\/tudor_vladimirescu-e1609143833945-1.jpg","contentUrl":"https:\/\/desteptati-va.ro\/wp-content\/uploads\/2021\/04\/tudor_vladimirescu-e1609143833945-1.jpg","width":201,"height":305},{"@type":"BreadcrumbList","@id":"https:\/\/desteptati-va.ro\/index.php\/2021\/04\/13\/vladica-ilarion-sfetnic-al-lui-tudor-vladimirescu\/#breadcrumb","itemListElement":[{"@type":"ListItem","position":1,"name":"Prima pagin\u0103","item":"https:\/\/desteptati-va.ro\/"},{"@type":"ListItem","position":2,"name":"Vladica Ilarion &#8211; sfetnic al lui Tudor Vladimirescu"}]},{"@type":"WebSite","@id":"https:\/\/desteptati-va.ro\/#website","url":"https:\/\/desteptati-va.ro\/","name":"","description":"","potentialAction":[{"@type":"SearchAction","target":{"@type":"EntryPoint","urlTemplate":"https:\/\/desteptati-va.ro\/?s={search_term_string}"},"query-input":{"@type":"PropertyValueSpecification","valueRequired":true,"valueName":"search_term_string"}}],"inLanguage":"ro-RO"},{"@type":"Person","@id":"https:\/\/desteptati-va.ro\/#\/schema\/person\/13182deeebd44920914899f7bb262d6b","name":"wolfsoftcompany","image":{"@type":"ImageObject","inLanguage":"ro-RO","@id":"https:\/\/desteptati-va.ro\/#\/schema\/person\/image\/","url":"https:\/\/secure.gravatar.com\/avatar\/a6cce9b6d101d27d91690e7073e300fed94c0899890bf998e082cb9d2c3d121e?s=96&d=mm&r=g","contentUrl":"https:\/\/secure.gravatar.com\/avatar\/a6cce9b6d101d27d91690e7073e300fed94c0899890bf998e082cb9d2c3d121e?s=96&d=mm&r=g","caption":"wolfsoftcompany"},"sameAs":["http:\/\/desteptati-va.ro"],"url":"https:\/\/desteptati-va.ro\/index.php\/author\/wolfsoftcompany\/"}]}},"_links":{"self":[{"href":"https:\/\/desteptati-va.ro\/index.php\/wp-json\/wp\/v2\/posts\/3414","targetHints":{"allow":["GET"]}}],"collection":[{"href":"https:\/\/desteptati-va.ro\/index.php\/wp-json\/wp\/v2\/posts"}],"about":[{"href":"https:\/\/desteptati-va.ro\/index.php\/wp-json\/wp\/v2\/types\/post"}],"author":[{"embeddable":true,"href":"https:\/\/desteptati-va.ro\/index.php\/wp-json\/wp\/v2\/users\/1"}],"replies":[{"embeddable":true,"href":"https:\/\/desteptati-va.ro\/index.php\/wp-json\/wp\/v2\/comments?post=3414"}],"version-history":[{"count":1,"href":"https:\/\/desteptati-va.ro\/index.php\/wp-json\/wp\/v2\/posts\/3414\/revisions"}],"predecessor-version":[{"id":3417,"href":"https:\/\/desteptati-va.ro\/index.php\/wp-json\/wp\/v2\/posts\/3414\/revisions\/3417"}],"wp:featuredmedia":[{"embeddable":true,"href":"https:\/\/desteptati-va.ro\/index.php\/wp-json\/wp\/v2\/media\/3416"}],"wp:attachment":[{"href":"https:\/\/desteptati-va.ro\/index.php\/wp-json\/wp\/v2\/media?parent=3414"}],"wp:term":[{"taxonomy":"category","embeddable":true,"href":"https:\/\/desteptati-va.ro\/index.php\/wp-json\/wp\/v2\/categories?post=3414"},{"taxonomy":"post_tag","embeddable":true,"href":"https:\/\/desteptati-va.ro\/index.php\/wp-json\/wp\/v2\/tags?post=3414"}],"curies":[{"name":"wp","href":"https:\/\/api.w.org\/{rel}","templated":true}]}}