{"id":3418,"date":"2021-04-13T09:02:36","date_gmt":"2021-04-13T09:02:36","guid":{"rendered":"http:\/\/desteptati.ro\/?p=3418"},"modified":"2021-04-20T08:31:13","modified_gmt":"2021-04-20T08:31:13","slug":"cati-bani-a-primit-iuliu-maniu-de-la-guvernul-britanic-ca-sa-l-aresteze-pe-ion-antonescu","status":"publish","type":"post","link":"https:\/\/desteptati-va.ro\/index.php\/2021\/04\/13\/cati-bani-a-primit-iuliu-maniu-de-la-guvernul-britanic-ca-sa-l-aresteze-pe-ion-antonescu\/","title":{"rendered":"C\u00e2\u0163i bani a primit Iuliu Maniu de la guvernul britanic ca s\u0103-l aresteze pe Ion Antonescu"},"content":{"rendered":"<div class=\"post-content\"><div class='booster-block booster-read-block'>\n                <div class=\"twp-read-time\">\n                \t<i class=\"booster-icon twp-clock\"><\/i> <span>Read Time:<\/span>10 Minute, 48 Second                <\/div>\n\n            <\/div><h3><strong><u><a href=\"https:\/\/www.blume.ro\/cati-bani-a-primit-iuliu-maniu-de-la-guvernul-britanic-ca-sa-l-aresteze-pe-ion-antonescu-istoria-loviturii-de-stat-gandite-de-winston-churchill-in-romania\/\">C\u00e2\u0163i bani a primit Iuliu Maniu de la guvernul britanic ca s\u0103-l aresteze pe Ion Antonescu. Istoria loviturii de stat g\u00e2ndite de Winston Churchill \u00een Rom\u00e2nia<\/a><\/u><\/strong><\/h3>\r\nPE\u00a0DUMINIC\u0102, 17 IUNIE 2018<strong>PUBLICAT \u00ceN:\u00a0<\/strong><u><a href=\"https:\/\/www.blume.ro\/category\/istorie\/\">ISTORIE<\/a><\/u>,\u00a0<u><a href=\"https:\/\/www.blume.ro\/category\/monarhie\/\">MONARHIE<\/a><\/u>\r\n<h4>Istoricul const\u0103n\u0163ean Marian Zidaru a studiat de mai multe ori arhivele britanice ale Special Operations Executive (SOE), unde \u00een fondul referitor la Rom\u00e2nia a dat peste documente care atest\u0103 faptul c\u0103 marele om politic Iuliu Maniu a fost finan\u0163at de guvernul britanic, condus de Winston Churchill, pentru a da o lovitur\u0103 de stat care s\u0103 duc\u0103 la arestarea lui Ion Antonescu \u015fi la ie\u015firea Rom\u00e2niei din alian\u0163a cu Germania.<\/h4>\r\n&nbsp;\r\n\r\n<img loading=\"lazy\" decoding=\"async\" class=\"wp-image-5685 aligncenter\" src=\"http:\/\/www.desteptati-va.ro\/wp-content\/uploads\/2021\/02\/ManiuX-300x121.jpg\" alt=\"\" width=\"589\" height=\"237\" \/>\r\n<h4>\u201e\u00cen Arhivele britanice ale Special Operations Executive (SOE), se afl\u0103 fondul Rom\u00e2nia (de la HS5 750 la HS5 870). De asemenea, exist\u0103 \u015fi alte documente care se refer\u0103 la implicarea rom\u00e2nilor \u00een diverse ac\u0163iuni cu serviciile secrete britanice \u00eempotriva germanilor \u015fi a lui Ion Antonescu \u00een alte fonduri: HS3, HS 7\u201c, precizeaz\u0103 istoricul const\u0103n\u0163ean Marian Zidaru, cel care a cercetat manuscrisele.\u00a0 \u00a0 Conform declara\u0163iilor istoricului, Iuliu Maniu a fost abordat de serviciul secret britanic (SOE) \u00een anul 1940, dup\u0103 Dictatul de la Viena, prin intermediul omului de afaceri britanic Alfred George Gardyne de Chastelain. \u201e\u00cen anul 1940, cei doi s-au \u00eent\u00e2lnit \u00een casa lui Ric\u0103 Georgescu, un inginer petrolist care era membru al re\u0163elei britanice de spionaj. Prin intermediul acestui inginer, s-au realizat toate schimburile de informa\u0163ii p\u00e2n\u0103 c\u00e2nd a fost arestat pentru spionaj \u00een vara anului 1941\u201c, spune istoricul. Ini\u0163ial, Chastelain i-a propus lui Maniu s\u0103 vin\u0103 la Londra s\u0103 fac\u0103 un guvern \u00een Exil, \u00eens\u0103 reprezentan\u0163ii Ministerului de Externe englez, \u00een subordinea c\u0103ruia func\u0163iona SOE, au declinat oferta ini\u0163ial\u0103. Scopul atragerii de colaboratori \u00een Rom\u00e2nia ai SOE era efectuarea de sabotaje \u00eempotriva nem\u0163ilor, propagand\u0103 de r\u0103zboi \u015fi sus\u0163inerea mi\u015fc\u0103rilor de rezisten\u0163\u0103 \u00een \u0163\u0103rile unde serviciul activa. SOE urm\u0103rea \u015fi sprijinirea mi\u015fc\u0103rilor subversive, ori, din punctul lor de vedere, Partidul Na\u0163ional \u0162\u0103r\u0103nesc, care func\u0163iona clandestin, era o astfel de mi\u015fcare.<\/h4>\r\n<h4>\u00cei interesa ca instala\u0163iile petrolifere s\u0103 nu mai func\u0163ioneze \u015fi astfel s\u0103 nu mai alimenteze ma\u015fina de r\u0103zboi a nem\u0163ilor pe durata celui de-Al Doilea R\u0103zboi Mondial, Rom\u00e2nia, al\u0103turi de URSS, fiind principalele furnizoare de carburant pentru tancurile germane. Maniu a evitat s\u0103 organizeze sabotaje, \u00eens\u0103 a dus o campanie de propagand\u0103 care a avut succes. Astfel, spune Marian Zidaru, \u00een ziarele clandestine se spunea c\u0103 Germania \u015fi nem\u0163ii vor s\u0103 st\u0103p\u00e2neasc\u0103 lumea, c\u0103 regimul nazist este unul criminal. Pentru aceste activit\u0103\u0163i, Ric\u0103 Georgescu a primit 150 de milioane de lei pentru aceste servicii, conform rapoartelor din fondul SOE Rom\u00e2nia.\u00a0 \u00a0 \u00a0 Document din arhiva din Marea Britanie furnizat de istoricul Marian Zidaru \u00a0 Secrete de stat date de englezi ru\u015filor \u00a0 Pe l\u00e2ng\u0103 cele dou\u0103 subiecte (sabotajele \u015fi propaganda antinazist\u0103) care erau cap de afi\u015f al colabor\u0103rii dintre Iuliu Maniu \u015fi SOE, o seam\u0103 de informa\u0163ii vizau secrete de stat. Istoricul dezv\u0103luie faptul c\u0103 \u00een anul 1942, britanicii cereau informa\u0163ii despre Armata Rom\u00e2n\u0103 care opereaz\u0103 \u00eentr-un anumit raion. \u201eAici cam seam\u0103n\u0103 a tr\u0103dare, pentru c\u0103 britanicii nu aveau nicio unitate militar\u0103 care se lupta cu rom\u00e2nii.<\/h4>\r\n<h4>Ce-i interesa c\u00e2te tancuri sau c\u00e2te tunuri avea Armata Rom\u00e2n\u0103 \u00eentr-o anumit\u0103 zon\u0103? Problema este c\u0103 ei transmiteau asemenea informa\u0163ii sovieticilor. Existau \u015fi spioni sovietici, dar NKVD dorea s\u0103 verifice informa\u0163ia din dou\u0103 surse\u201c, spune Marian Zidaru.\u00a0 \u00a0 NKVD avea \u00eencheiat un protocol de colaborare cu SOE, care presupunea existen\u0163a unor reprezentan\u0163e ale serviciului la Moscova (condus\u0103 de generalul de brigad\u0103 George Alexander Hill) \u015fi NKVD la Londra (condus\u0103 de colonelul Ivan Chichaev).\u00a0 \u00a0 Iuliu Maniu nu semna niciodat\u0103 rapoarte, \u00eens\u0103 printre documente se afl\u0103 c\u00e2teva scrisori adresate lui Alfred George Gardyne de Chastelain \u00een care se abordau probleme politice \u015fi \u00eei cerea ajutorul \u00een diverse probleme. Cele trei nume conspirative ale lui Maniu erau \u201eAlecu\u201c, \u201eMiron\u201c \u015fi \u201eTom\u201c.\u00a0 \u00a0 Maniu, pl\u0103tit cu valiza unui contrabandist turc \u00a0 Evident, Iuliu Maniu primea bani pentru serviciile sale, prin intermediul unui turc, folosit pe post de valiz\u0103 diplomatic\u0103. Salvet Lufti Tozan era consulul onorific al Finlandei la Bucure\u015fti \u015fi avea pa\u015faport diplomatic, \u00eens\u0103 se ocupa \u015fi cu contrabanda cu arme. Fusese recrutat de serviciile secrete britanice \u00een Primul R\u0103zboi Mondial \u015fi acum era folosit \u015fi \u00een spa\u0163iul rom\u00e2nesc \u015fi \u00een cel unguresc.<\/h4>\r\n<h4>\u201eFiind consul onorific, nu-i deschidea nimeni valiza, nici m\u0103car nem\u0163ii nu \u00eendr\u0103zneau s-o violeze, \u015fi astfel putea s\u0103 transporte \u00een ea orice. Prin intermediul acestui turc, Maniu a primit 50.000 de dolari \u00een dou\u0103 tran\u015fe, diamante \u00een valoare de 72.000 de lire, plus trei diamante mai mari a c\u0103ror valoare nu o precizeaz\u0103 britanicii\u201c, spune istoricul. \u00centr-un final, turcul a fost arestat \u00een Ungaria pentru spionaj. Ce s-a \u00eent\u00e2mplat? Un agent al SOE ungur care fusese arestat a interpretat gre\u015fit parolele turcului \u015fi l-a turnat, tem\u00e2ndu-se c\u0103 este agent provocator al Siguran\u0163ei maghiare. Este posibil ca turcul s\u0103 fi gre\u015fit parola, fiind cam analfabet. Cert este \u00eens\u0103 faptul c\u0103 a sc\u0103pat de condamnarea la moarte, Serviciul secret britanic pl\u0103tind pentru el 20.000 dolari \u015fi 20.000 de franci elve\u0163ieni \u00eentr-un cont din Elve\u0163ia, deschis pe numele \u015fefului serviciului secret ungar.<\/h4>\r\n<h4>Hitler a cerut arestarea lui Maniu \u00a0 Rela\u0163ia lui Iuliu Maniu cu SOE a fost permanent monitorizat\u0103 de serviciile secrete germane, care i-au f\u0103cut \u00een cele din urm\u0103 dosar de spionaj. \u201e\u00censu\u015fi Hitler i-a prezentat lui Ion Antonescu dovezi despre colaborarea lui Maniu cu serviciile secrete britanice \u015fi i-a cerut s\u0103-l aresteze, \u00eens\u0103 mare\u015falul s-a opus. Acesta a p\u0103rut surprins, semn c\u0103 nu se a\u015ftepta. Cert este faptul c\u0103 mul\u0163i dintre oamenii politici de seam\u0103 ai Rom\u00e2niei din acea perioad\u0103 chiar dac\u0103 nu erau efectiv spioni, colaborau cu marile servicii secrete engleze \u015fi franceze\u201c, spune istoricul Marian Zidaru. Nici Siguran\u0163a nu era str\u0103in\u0103 de activitatea secret\u0103 a lui Ric\u0103 Georgescu \u015fi, mai apoi, a lui Iuliu Maniu, dup\u0103 arestarea primului, la 16 august 1941, direct din biroul s\u0103u de la Societatea Rom\u00e2no-American\u0103. Procesul \u00een care membrii re\u0163elei lui Ric\u0103 Georgescu au fost acuza\u0163i de spionaj nu s-a mai judecat, datorit\u0103 interven\u0163iei lui Eugen Cristescu, \u015feful Serviciului Special de Informa\u0163ii al Rom\u00e2niei, care a intervenit pentru ca ei s\u0103 fie judeca\u0163i f\u0103r\u0103 s\u0103 fie preda\u0163i germanilor pentru interogatoriu, \u00een ciuda presiunilor f\u0103cute de Misiunea Militar\u0103 German\u0103 \u015fi de Abwehr.<\/h4>\r\n<figure id=\"attachment_1474\" aria-describedby=\"caption-attachment-1474\" style=\"width: 225px\" class=\"wp-caption aligncenter\"><img loading=\"lazy\" decoding=\"async\" class=\"size-medium wp-image-1474\" src=\"http:\/\/www.desteptati-va.ro\/wp-content\/uploads\/2011\/04\/Marshal-Ion-Antonescu1-225x300.jpg\" alt=\"Maresalul Ion Antonescu\" width=\"225\" height=\"300\" \/><figcaption id=\"caption-attachment-1474\" class=\"wp-caption-text\">Maresalul Ion Antonescu<\/figcaption><\/figure>\r\n<h4>\u00cen timpul anchetei, s-a constatat c\u0103 fusese implicat \u015fi Iuliu Maniu, \u00een calitate de conduc\u0103tor. \u00cens\u0103, anchetatorii au ref\u0103cut declara\u0163iile \u00eenlocuind numele Iuliu Maniu cu Ric\u0103 Georgescu.\u00a0 Pe timpul deten\u0163iei, \u00een \u00eenchisoarea din Calea Plevnei, Ric\u0103 Georgescu a avut parte de un regim preferen\u0163ial. So\u0163ia sa \u00eel vizita \u00een deten\u0163ie, f\u0103cea chefuri cu colegii de celul\u0103, iar tratamentul stomatologic \u00eel urma la o clinic\u0103 din ora\u015f. \u00cen drum, poposea pe acas\u0103.\u00a0 \u00a0 \u00a0 Document din arhiva din Marea Britanie furnizat de istoricul Marian Zidaru \u00a0 Dac\u0103 lui \u00eei era bine \u00een deten\u0163ie, re\u0163eaua avea de suferit. La scurt timp dup\u0103 arestarea lui, membrii re\u0163elei\u00a0 s-au trezit \u00een imposibilitatea de a mai transmite informa\u0163ii. Aparatul FTT al lui Ric\u0103 Georgescu a fost ridicat, iar nem\u0163ii au instalat la grani\u0163a turco-bulgar\u0103 un post de control foarte puternic, monitoriz\u00e2nd orice, astfel c\u0103 diver\u015fii curieri care transmiteau informa\u0163ii au fost supu\u015fi la grele \u00eencerc\u0103ri.<\/h4>\r\n<h4>Se pare c\u0103 Iuliu Maniu mai avea un TFF, dar nu \u015ftia s\u0103-l foloseasc\u0103, el nefiind spion profesionist. Activitatea lui se limita la a\u00a0 coordona ac\u0163iunile de propagand\u0103, \u00een calitate de lider de partid.\u00a0 \u00a0 Iuliu Maniu, presat s\u0103 dea lovitura de stat \u00a0 \u00cen dou\u0103 r\u00e2nduri, britanicii au \u00eencercat s\u0103 \u00eei for\u0163eze m\u00e2na lui Iuliu Maniu s\u0103 declan\u015feze o lovitur\u0103 de stat. Prima dat\u0103 \u00een august 1943, britanicii au trimis \u00een Rom\u00e2nia prin Iugoslavia, pe mr. David Russel, de la serviciul secret britanic, care era \u015fi comandantul misiunii, \u015fi pe Nicolae \u0162urcanu, un rom\u00e2n stabilit \u00een Canada, pentru a-l for\u0163a pe Maniu s\u0103 dea lovitura de stat \u00eempotriva mare\u015falului Ion Antonescu. Ace\u015ftia au venit prin Iugoslavia, cu o c\u0103l\u0103uz\u0103 s\u00e2rb\u0103. \u00cen august, \u00een timp ce se \u00eendreptau spre Bucure\u015fti, Russel a fost asasinat. Britanicii i-au b\u0103nuit pe cei doi \u00eenso\u0163itori \u015fi dup\u0103 r\u0103zboi a fost un interogatoriu foarte dur, dar nu s-a dovedit nimic.<\/h4>\r\n<h4>Nicolae \u0162urcanu a ajuns la Bucure\u015fti \u015fi Iuliu Maniu a stabilit, prin intermediul lui, c\u00e2teva contacte, prin TFF, cu Cairo. \u00cen iulie 1944, \u015fi Nicolae \u0162urcanu a fost arestat ca urmare a folosirii excesive a TFF-ului. \u201eNem\u0163ii f\u0103ceau filaj gonio printr-o ma\u015fin\u0103 care se plimba pe str\u0103zi \u015fi detecta semnalele, ori ei transmiteau chiar din casa lui Barbu \u015etirbei, care era supravegheat\u0103 \u015fi de SSI, \u015fi de nem\u0163i.\u00a0 \u00a0 Eugen Cristescu chiar l-a avertizat o dat\u0103: \u00abDomnule Maniu, ave\u0163i un aparat TFF?\u00bb. El l-a luat peste picior \u015fi i-a zis: \u00abPoate am unul, poate am dou\u0103\u2026 Nu se \u015ftie niciodat\u0103\u00bb, conform memoriilor lui Eugen Cristescu\u201c, spune istoricul const\u0103n\u0163ean.\u00a0 \u00a0 O a doua \u00eencercare a britanicilor de a-l for\u0163a pe Maniu s\u0103 dea lovitura de stat a avut loc la scurt\u0103 vreme, \u00een perioada Cr\u0103ciunului din anul 1943. Atunci au fost para\u015futa\u0163i \u00een Rom\u00e2nia Alfred George\u00a0 Gardyne de Chastelain, Silviu Me\u0163ianu, un rom\u00e2n emigrat \u00een Anglia, \u015fi c\u0103pitanul Ivor Porter. Au fost prin\u015fi \u00eens\u0103 de autorit\u0103\u0163i dup\u0103 ce s-au para\u015futat \u00eentr-un alt loc dec\u00e2t \u00een cel \u00een care erau a\u015ftepta\u0163i de oamenii lui Iuliu Maniu.<\/h4>\r\n<h4>\u0162\u0103ranii care i-au v\u0103zut au anun\u0163at \u015feful de post \u015fi au fost prin\u015fi. \u00a0 Fiind considera\u0163i prizonieri de r\u0103zboi, ei au fost adu\u015fi \u00een Bucure\u015fti \u015fi g\u0103zdui\u0163i \u00eentr-un apartament din sediul Inspectoratului General al Jandarmeriei. Pe 2 aprilie 1944, a avut loc o \u00eentrevedere secret\u0103 \u00eentre Chastelain \u015fi Iuliu Maniu, cu acordul tacit al mare\u015falului Antonescu. \u00cent\u00e2lnirea dintre Maniu \u015fi Chastelain a avut loc \u00een p\u0103durea Andronache de l\u00e2ng\u0103 Bucure\u015fti, c\u00e2nd englezul i-a zis s\u0103 dea lovitura de stat, \u00eens\u0103 Maniu a spus c\u0103 mai a\u015fteapt\u0103 c\u00e2teva s\u0103pt\u0103m\u00e2ni. Nu au mai dat-o dec\u00e2t la 23 august 1944.\u00a0 \u00a0 SOE a vrut s\u0103-l \u00eens\u0103rcineze pe Iuliu Maniu s\u0103-i fac\u0103 sc\u0103pa\u0163i, dar a renun\u0163at la plan dup\u0103 ce Mihai Antonescu, ministru de Externe, le-a dat asigur\u0103ri c\u0103 nu vor fi preda\u0163i germanilor pentru a fi interoga\u0163i. \u015ei astfel ofi\u0163erii britanici au r\u0103mas \u00een Rom\u00e2nia p\u00e2n\u0103 \u00een seara zilei de 23 august 1944, c\u00e2nd Chastelaine a plecat spre Turcia. A\u015fa a e\u015fuat ceea ce a r\u0103mas \u00een istorie sub denumirea de \u201eOpera\u0163iunea Autonomous\u201c. Peste mul\u0163i ani, Ivor Porter a povestit experien\u0163a \u00eentr-o carte intitulat\u0103 \u201e\u00cen Rom\u00e2nia \u00een vreme de r\u0103zboi\u201c.<\/h4>\r\n<h4>Re\u0163eaua SOE a func\u0163ionat \u00een Rom\u00e2nia p\u00e2n\u0103 la 23 august 1944, c\u00e2nd Chastelain a f\u0103cut raport de abandonare. A r\u0103mas doar serviciul clasic, MI6. Curios, spune istoricul Marian Zidaru, pe lista final\u0103, apar \u015fi doi comuni\u015fti de seam\u0103 ca fiind membri ai re\u0163elei. Unul este Lucre\u0163iu P\u0103tr\u0103\u015fcanu \u015fi cel\u0103lalt, Ion Gheorghe Maurer, care fusese trimis la Istanbul cu o misiune. \u201eDac\u0103 despre primul nu am g\u0103sit \u015fi alte informa\u0163ii, despre Maurer se spune c\u0103 era agent dublu. Probabil a dat informa\u0163ii \u015fi lui Cristescu, dar sigur britanicii \u00eel considerau ca fiind de-al lor.\u201c\u00a0 \u00a0 \u00a0 Document din arhiva din Marea Britanie furnizat de istoricul Marian Zidaru \u00a0 Maniu, un \u201eve\u015fnic opozi\u0163ionist\u201c\u00a0 \u00a0 Pentru nehot\u0103r\u00e2rea sa, Iuliu Maniu era numit britanici \u201eve\u015fnic opozi\u0163ionist\u201c, careevita s\u0103 se implice activ \u00een preluarea puterii. Istoricul Marian Zidaru spune c\u0103 acest lucru practic, ne-a salvat, \u00eentruc\u00e2t dac\u0103 s-ar fi dat lovitura de stat c\u00e2nd \u00eenc\u0103 divizia blindat\u0103 german\u0103 se afla \u00een Rom\u00e2nia, \u0163ara noastr\u0103 ar fi fost ocupat\u0103 de germani. La \u00eenceputul lui august, divizia era cantonat\u0103 \u00een Polonia. Pe de alt\u0103 parte, actul de la 23 August trebuia f\u0103cut. Conform unui raport al diplomatului Grigore Gafencu, care la r\u00e2ndul lui a dat informa\u0163ii britanicilor, acesta povestea c\u0103 \u00een 1943 s-a \u00eent\u00e2lnit cu reprezentantul neoficial al NKVD-ului \u00een Elve\u0163ia, Vladimir Sokolin. Acesta i-a zis clar: \u201eBasarabia o pierde\u0163i. Dac\u0103 nu face\u0163i un pas concret s\u0103 fi\u0163i primii, pierde\u0163i \u00eentreaga Moldova. \u015ei dac\u0103 ungurii fac pasul \u00eenaintea voastr\u0103 pierde\u0163i \u015fi Transilvania\u201c.<\/h4>\r\n<h4>Iuliu Maniu a participat la preg\u0103tirea loviturii de stat, dar nu s-a implicat foarte tare, mai ales \u00een perioada 23 august, c\u00e2nd a disp\u0103rut c\u00e2teva zile la tratament \u00een clinica doctorului Jovin. Britanicii au numit lovitura de la Palat \u201eSchema colonelului Black\u201c, care consta \u00een infiltrarea unor oameni cheie la Palat, la Ministerul de Externe \u015fi la Guvern. Practic, Regele Mihai I era un t\u00e2n\u0103r total lipsit de experien\u0163\u0103 politic\u0103, dar care \u00eens\u0103 era manipulat de un grup de sorginte filo-britanic\u0103 , format din Alexandru Ioani\u0163iu, Ioan Mocsony-St\u00e2rcea, Victor Pogoneanu R\u0103dulescu \u015fi Grigore Niculescu-Buze\u015fti. Mai mult dec\u00e2t atat, documentele arat\u0103 faptul c\u0103 Eugen Cristescu \u015ftia de lovitura de stat de la \u00eenceputul lunii august. Conform delara\u0163iei unui ofi\u0163ei german, Wilhelm Hoettl, Cristescu a transmis SD-ului (serviciul de securitate nazist) informa\u0163ia despre iminen\u0163a loviturii de stat. Spre norocul conspiratorilor rom\u00e2ni, baronul Manfred von Killinger reprezentantul german \u00een Rom\u00e2nia, nu i-a crezut pe cei de la SD.<\/h4>\r\n<h4>Citeste mai mult:\u00a0<u><a href=\"http:\/\/adev.ro\/paehy6\">adev.ro\/paehy6<\/a><\/u><\/h4>        <div class=\"booster-block booster-reactions-block\">\n            <div class=\"twp-reactions-icons\">\n                \n                <div class=\"twp-reacts-wrap\">\n                    <a react-data=\"be-react-1\" post-id=\"3418\" class=\"be-face-icons un-reacted\" href=\"javascript:void(0)\">\n                        <img decoding=\"async\" src=\"https:\/\/desteptati-va.ro\/wp-content\/plugins\/booster-extension\/\/assets\/icon\/happy.svg\" alt=\"Happy\">\n                    <\/a>\n                    <div class=\"twp-reaction-title\">\n                        Happy                    <\/div>\n                    <div class=\"twp-count-percent\">\n                                                    <span style=\"display: none;\" class=\"twp-react-count\">0<\/span>\n                        \n                                                <span class=\"twp-react-percent\"><span>0<\/span> %<\/span>\n                                            <\/div>\n                <\/div>\n\n                <div class=\"twp-reacts-wrap\">\n                    <a react-data=\"be-react-2\" post-id=\"3418\" class=\"be-face-icons un-reacted\" href=\"javascript:void(0)\">\n                        <img decoding=\"async\" src=\"https:\/\/desteptati-va.ro\/wp-content\/plugins\/booster-extension\/\/assets\/icon\/sad.svg\" alt=\"Sad\">\n                    <\/a>\n                    <div class=\"twp-reaction-title\">\n                        Sad                    <\/div>\n                    <div class=\"twp-count-percent\">\n                                                    <span style=\"display: none;\" class=\"twp-react-count\">0<\/span>\n                                                                        <span class=\"twp-react-percent\"><span>0<\/span> %<\/span>\n                                            <\/div>\n                <\/div>\n\n                <div class=\"twp-reacts-wrap\">\n                    <a react-data=\"be-react-3\" post-id=\"3418\" class=\"be-face-icons un-reacted\" href=\"javascript:void(0)\">\n                        <img decoding=\"async\" src=\"https:\/\/desteptati-va.ro\/wp-content\/plugins\/booster-extension\/\/assets\/icon\/excited.svg\" alt=\"Excited\">\n                    <\/a>\n                    <div class=\"twp-reaction-title\">\n                        Excited                    <\/div>\n                    <div class=\"twp-count-percent\">\n                                                    <span style=\"display: none;\" class=\"twp-react-count\">0<\/span>\n                                                                        <span class=\"twp-react-percent\"><span>0<\/span> %<\/span>\n                                            <\/div>\n                <\/div>\n\n                <div class=\"twp-reacts-wrap\">\n                    <a react-data=\"be-react-6\" post-id=\"3418\" class=\"be-face-icons un-reacted\" href=\"javascript:void(0)\">\n                        <img decoding=\"async\" src=\"https:\/\/desteptati-va.ro\/wp-content\/plugins\/booster-extension\/\/assets\/icon\/sleepy.svg\" alt=\"Sleepy\">\n                    <\/a>\n                    <div class=\"twp-reaction-title\">\n                        Sleepy                    <\/div>\n                    <div class=\"twp-count-percent\">\n                                                    <span style=\"display: none;\" class=\"twp-react-count\">0<\/span>\n                        \n                                                <span class=\"twp-react-percent\"><span>0<\/span> %<\/span>\n                                            <\/div>\n                <\/div>\n\n                <div class=\"twp-reacts-wrap\">\n                    <a react-data=\"be-react-4\" post-id=\"3418\" class=\"be-face-icons un-reacted\" href=\"javascript:void(0)\">\n                        <img decoding=\"async\" src=\"https:\/\/desteptati-va.ro\/wp-content\/plugins\/booster-extension\/\/assets\/icon\/angry.svg\" alt=\"Angry\">\n                    <\/a>\n                    <div class=\"twp-reaction-title\">Angry<\/div>\n                    <div class=\"twp-count-percent\">\n                                                    <span style=\"display: none;\" class=\"twp-react-count\">0<\/span>\n                                                                        <span class=\"twp-react-percent\"><span>0<\/span> %<\/span>\n                        \n                    <\/div>\n                <\/div>\n\n                <div class=\"twp-reacts-wrap\">\n                    <a react-data=\"be-react-5\" post-id=\"3418\" class=\"be-face-icons un-reacted\" href=\"javascript:void(0)\">\n                        <img decoding=\"async\" src=\"https:\/\/desteptati-va.ro\/wp-content\/plugins\/booster-extension\/\/assets\/icon\/surprise.svg\" alt=\"Surprise\">\n                    <\/a>\n                    <div class=\"twp-reaction-title\">Surprise<\/div>\n                    <div class=\"twp-count-percent\">\n                                                    <span style=\"display: none;\" class=\"twp-react-count\">0<\/span>\n                                                                        <span class=\"twp-react-percent\"><span>0<\/span> %<\/span>\n                                            <\/div>\n                <\/div>\n\n            <\/div>\n        <\/div>\n\n    <\/div>","protected":false},"excerpt":{"rendered":"<p>C\u00e2\u0163i bani a primit Iuliu Maniu de la guvernul britanic ca s\u0103-l aresteze pe Ion Antonescu. Istoria loviturii de stat<a href=\"https:\/\/desteptati-va.ro\/index.php\/2021\/04\/13\/cati-bani-a-primit-iuliu-maniu-de-la-guvernul-britanic-ca-sa-l-aresteze-pe-ion-antonescu\/\">Read More<i class=\"fa fa-long-arrow-right\" aria-hidden=\"true\"><\/i><\/a><\/p>\n","protected":false},"author":1,"featured_media":3201,"comment_status":"open","ping_status":"open","sticky":false,"template":"","format":"standard","meta":{"_crdt_document":"","footnotes":""},"categories":[29,218],"tags":[154],"class_list":["post-3418","post","type-post","status-publish","format-standard","has-post-thumbnail","hentry","category-al-ii-a-razboi-mondial","category-general","tag-istorie"],"rise-blocks_total_comments":0,"rise-blocks_categories":[{"term_id":29,"name":"Al II-a Razboi Mondial","slug":"al-ii-a-razboi-mondial","term_group":0,"term_taxonomy_id":29,"taxonomy":"category","description":"","parent":28,"count":6,"filter":"raw"}],"rise-blocks_excerpt":"C\u00e2\u0163i bani a primit Iuliu Maniu de la guvernul britanic ca s\u0103-l aresteze pe Ion Antonescu. Istoria loviturii de stat g\u00e2ndite de Winston Churchill \u00een Rom\u00e2nia PE\u00a0DUMINIC\u0102, 17 IUNIE 2018PUBLICAT \u00ceN:\u00a0ISTORIE,\u00a0MONARHIE Istoricul const\u0103n\u0163ean Marian Zidaru a studiat de mai multe ori arhivele britanice ale Special Operations Executive (SOE), unde \u00een fondul referitor la Rom\u00e2nia a dat peste documente care atest\u0103..","yoast_head":"<!-- This site is optimized with the Yoast SEO plugin v26.9 - https:\/\/yoast.com\/product\/yoast-seo-wordpress\/ -->\r\n<title>C\u00e2\u0163i bani a primit Iuliu Maniu de la guvernul britanic ca s\u0103-l aresteze pe Ion Antonescu -<\/title>\r\n<meta name=\"robots\" content=\"index, follow, max-snippet:-1, max-image-preview:large, max-video-preview:-1\" \/>\r\n<link rel=\"canonical\" href=\"https:\/\/desteptati-va.ro\/index.php\/2021\/04\/13\/cati-bani-a-primit-iuliu-maniu-de-la-guvernul-britanic-ca-sa-l-aresteze-pe-ion-antonescu\/\" \/>\r\n<meta property=\"og:locale\" content=\"ro_RO\" \/>\r\n<meta property=\"og:type\" content=\"article\" \/>\r\n<meta property=\"og:title\" content=\"C\u00e2\u0163i bani a primit Iuliu Maniu de la guvernul britanic ca s\u0103-l aresteze pe Ion Antonescu -\" \/>\r\n<meta property=\"og:description\" content=\"C\u00e2\u0163i bani a primit Iuliu Maniu de la guvernul britanic ca s\u0103-l aresteze pe Ion Antonescu. Istoria loviturii de statRead More\" \/>\r\n<meta property=\"og:url\" content=\"https:\/\/desteptati-va.ro\/index.php\/2021\/04\/13\/cati-bani-a-primit-iuliu-maniu-de-la-guvernul-britanic-ca-sa-l-aresteze-pe-ion-antonescu\/\" \/>\r\n<meta property=\"article:published_time\" content=\"2021-04-13T09:02:36+00:00\" \/>\r\n<meta property=\"article:modified_time\" content=\"2021-04-20T08:31:13+00:00\" \/>\r\n<meta property=\"og:image\" content=\"https:\/\/desteptati-va.ro\/wp-content\/uploads\/2021\/04\/Julius_Maniu.jpg\" \/>\r\n\t<meta property=\"og:image:width\" content=\"220\" \/>\r\n\t<meta property=\"og:image:height\" content=\"299\" \/>\r\n\t<meta property=\"og:image:type\" content=\"image\/jpeg\" \/>\r\n<meta name=\"author\" content=\"wolfsoftcompany\" \/>\r\n<meta name=\"twitter:card\" content=\"summary_large_image\" \/>\r\n<meta name=\"twitter:label1\" content=\"Scris de\" \/>\n\t<meta name=\"twitter:data1\" content=\"wolfsoftcompany\" \/>\n\t<meta name=\"twitter:label2\" content=\"Timp estimat pentru citire\" \/>\n\t<meta name=\"twitter:data2\" content=\"12 minute\" \/>\r\n<script type=\"application\/ld+json\" class=\"yoast-schema-graph\">{\"@context\":\"https:\/\/schema.org\",\"@graph\":[{\"@type\":\"Article\",\"@id\":\"https:\/\/desteptati-va.ro\/index.php\/2021\/04\/13\/cati-bani-a-primit-iuliu-maniu-de-la-guvernul-britanic-ca-sa-l-aresteze-pe-ion-antonescu\/#article\",\"isPartOf\":{\"@id\":\"https:\/\/desteptati-va.ro\/index.php\/2021\/04\/13\/cati-bani-a-primit-iuliu-maniu-de-la-guvernul-britanic-ca-sa-l-aresteze-pe-ion-antonescu\/\"},\"author\":{\"name\":\"wolfsoftcompany\",\"@id\":\"https:\/\/desteptati-va.ro\/#\/schema\/person\/13182deeebd44920914899f7bb262d6b\"},\"headline\":\"C\u00e2\u0163i bani a primit Iuliu Maniu de la guvernul britanic ca s\u0103-l aresteze pe Ion Antonescu\",\"datePublished\":\"2021-04-13T09:02:36+00:00\",\"dateModified\":\"2021-04-20T08:31:13+00:00\",\"mainEntityOfPage\":{\"@id\":\"https:\/\/desteptati-va.ro\/index.php\/2021\/04\/13\/cati-bani-a-primit-iuliu-maniu-de-la-guvernul-britanic-ca-sa-l-aresteze-pe-ion-antonescu\/\"},\"wordCount\":2355,\"commentCount\":0,\"image\":{\"@id\":\"https:\/\/desteptati-va.ro\/index.php\/2021\/04\/13\/cati-bani-a-primit-iuliu-maniu-de-la-guvernul-britanic-ca-sa-l-aresteze-pe-ion-antonescu\/#primaryimage\"},\"thumbnailUrl\":\"https:\/\/desteptati-va.ro\/wp-content\/uploads\/2021\/04\/Julius_Maniu.jpg\",\"keywords\":[\"istorie\"],\"articleSection\":[\"Al II-a Razboi Mondial\",\"General\"],\"inLanguage\":\"ro-RO\",\"potentialAction\":[{\"@type\":\"CommentAction\",\"name\":\"Comment\",\"target\":[\"https:\/\/desteptati-va.ro\/index.php\/2021\/04\/13\/cati-bani-a-primit-iuliu-maniu-de-la-guvernul-britanic-ca-sa-l-aresteze-pe-ion-antonescu\/#respond\"]}]},{\"@type\":\"WebPage\",\"@id\":\"https:\/\/desteptati-va.ro\/index.php\/2021\/04\/13\/cati-bani-a-primit-iuliu-maniu-de-la-guvernul-britanic-ca-sa-l-aresteze-pe-ion-antonescu\/\",\"url\":\"https:\/\/desteptati-va.ro\/index.php\/2021\/04\/13\/cati-bani-a-primit-iuliu-maniu-de-la-guvernul-britanic-ca-sa-l-aresteze-pe-ion-antonescu\/\",\"name\":\"C\u00e2\u0163i bani a primit Iuliu Maniu de la guvernul britanic ca s\u0103-l aresteze pe Ion Antonescu -\",\"isPartOf\":{\"@id\":\"https:\/\/desteptati-va.ro\/#website\"},\"primaryImageOfPage\":{\"@id\":\"https:\/\/desteptati-va.ro\/index.php\/2021\/04\/13\/cati-bani-a-primit-iuliu-maniu-de-la-guvernul-britanic-ca-sa-l-aresteze-pe-ion-antonescu\/#primaryimage\"},\"image\":{\"@id\":\"https:\/\/desteptati-va.ro\/index.php\/2021\/04\/13\/cati-bani-a-primit-iuliu-maniu-de-la-guvernul-britanic-ca-sa-l-aresteze-pe-ion-antonescu\/#primaryimage\"},\"thumbnailUrl\":\"https:\/\/desteptati-va.ro\/wp-content\/uploads\/2021\/04\/Julius_Maniu.jpg\",\"datePublished\":\"2021-04-13T09:02:36+00:00\",\"dateModified\":\"2021-04-20T08:31:13+00:00\",\"author\":{\"@id\":\"https:\/\/desteptati-va.ro\/#\/schema\/person\/13182deeebd44920914899f7bb262d6b\"},\"breadcrumb\":{\"@id\":\"https:\/\/desteptati-va.ro\/index.php\/2021\/04\/13\/cati-bani-a-primit-iuliu-maniu-de-la-guvernul-britanic-ca-sa-l-aresteze-pe-ion-antonescu\/#breadcrumb\"},\"inLanguage\":\"ro-RO\",\"potentialAction\":[{\"@type\":\"ReadAction\",\"target\":[\"https:\/\/desteptati-va.ro\/index.php\/2021\/04\/13\/cati-bani-a-primit-iuliu-maniu-de-la-guvernul-britanic-ca-sa-l-aresteze-pe-ion-antonescu\/\"]}]},{\"@type\":\"ImageObject\",\"inLanguage\":\"ro-RO\",\"@id\":\"https:\/\/desteptati-va.ro\/index.php\/2021\/04\/13\/cati-bani-a-primit-iuliu-maniu-de-la-guvernul-britanic-ca-sa-l-aresteze-pe-ion-antonescu\/#primaryimage\",\"url\":\"https:\/\/desteptati-va.ro\/wp-content\/uploads\/2021\/04\/Julius_Maniu.jpg\",\"contentUrl\":\"https:\/\/desteptati-va.ro\/wp-content\/uploads\/2021\/04\/Julius_Maniu.jpg\",\"width\":220,\"height\":299},{\"@type\":\"BreadcrumbList\",\"@id\":\"https:\/\/desteptati-va.ro\/index.php\/2021\/04\/13\/cati-bani-a-primit-iuliu-maniu-de-la-guvernul-britanic-ca-sa-l-aresteze-pe-ion-antonescu\/#breadcrumb\",\"itemListElement\":[{\"@type\":\"ListItem\",\"position\":1,\"name\":\"Prima pagin\u0103\",\"item\":\"https:\/\/desteptati-va.ro\/\"},{\"@type\":\"ListItem\",\"position\":2,\"name\":\"C\u00e2\u0163i bani a primit Iuliu Maniu de la guvernul britanic ca s\u0103-l aresteze pe Ion Antonescu\"}]},{\"@type\":\"WebSite\",\"@id\":\"https:\/\/desteptati-va.ro\/#website\",\"url\":\"https:\/\/desteptati-va.ro\/\",\"name\":\"\",\"description\":\"\",\"potentialAction\":[{\"@type\":\"SearchAction\",\"target\":{\"@type\":\"EntryPoint\",\"urlTemplate\":\"https:\/\/desteptati-va.ro\/?s={search_term_string}\"},\"query-input\":{\"@type\":\"PropertyValueSpecification\",\"valueRequired\":true,\"valueName\":\"search_term_string\"}}],\"inLanguage\":\"ro-RO\"},{\"@type\":\"Person\",\"@id\":\"https:\/\/desteptati-va.ro\/#\/schema\/person\/13182deeebd44920914899f7bb262d6b\",\"name\":\"wolfsoftcompany\",\"image\":{\"@type\":\"ImageObject\",\"inLanguage\":\"ro-RO\",\"@id\":\"https:\/\/desteptati-va.ro\/#\/schema\/person\/image\/\",\"url\":\"https:\/\/secure.gravatar.com\/avatar\/a6cce9b6d101d27d91690e7073e300fed94c0899890bf998e082cb9d2c3d121e?s=96&d=mm&r=g\",\"contentUrl\":\"https:\/\/secure.gravatar.com\/avatar\/a6cce9b6d101d27d91690e7073e300fed94c0899890bf998e082cb9d2c3d121e?s=96&d=mm&r=g\",\"caption\":\"wolfsoftcompany\"},\"sameAs\":[\"http:\/\/desteptati-va.ro\"],\"url\":\"https:\/\/desteptati-va.ro\/index.php\/author\/wolfsoftcompany\/\"}]}<\/script>\r\n<!-- \/ Yoast SEO plugin. -->","yoast_head_json":{"title":"C\u00e2\u0163i bani a primit Iuliu Maniu de la guvernul britanic ca s\u0103-l aresteze pe Ion Antonescu -","robots":{"index":"index","follow":"follow","max-snippet":"max-snippet:-1","max-image-preview":"max-image-preview:large","max-video-preview":"max-video-preview:-1"},"canonical":"https:\/\/desteptati-va.ro\/index.php\/2021\/04\/13\/cati-bani-a-primit-iuliu-maniu-de-la-guvernul-britanic-ca-sa-l-aresteze-pe-ion-antonescu\/","og_locale":"ro_RO","og_type":"article","og_title":"C\u00e2\u0163i bani a primit Iuliu Maniu de la guvernul britanic ca s\u0103-l aresteze pe Ion Antonescu -","og_description":"C\u00e2\u0163i bani a primit Iuliu Maniu de la guvernul britanic ca s\u0103-l aresteze pe Ion Antonescu. Istoria loviturii de statRead More","og_url":"https:\/\/desteptati-va.ro\/index.php\/2021\/04\/13\/cati-bani-a-primit-iuliu-maniu-de-la-guvernul-britanic-ca-sa-l-aresteze-pe-ion-antonescu\/","article_published_time":"2021-04-13T09:02:36+00:00","article_modified_time":"2021-04-20T08:31:13+00:00","og_image":[{"width":220,"height":299,"url":"https:\/\/desteptati-va.ro\/wp-content\/uploads\/2021\/04\/Julius_Maniu.jpg","type":"image\/jpeg"}],"author":"wolfsoftcompany","twitter_card":"summary_large_image","twitter_misc":{"Scris de":"wolfsoftcompany","Timp estimat pentru citire":"12 minute"},"schema":{"@context":"https:\/\/schema.org","@graph":[{"@type":"Article","@id":"https:\/\/desteptati-va.ro\/index.php\/2021\/04\/13\/cati-bani-a-primit-iuliu-maniu-de-la-guvernul-britanic-ca-sa-l-aresteze-pe-ion-antonescu\/#article","isPartOf":{"@id":"https:\/\/desteptati-va.ro\/index.php\/2021\/04\/13\/cati-bani-a-primit-iuliu-maniu-de-la-guvernul-britanic-ca-sa-l-aresteze-pe-ion-antonescu\/"},"author":{"name":"wolfsoftcompany","@id":"https:\/\/desteptati-va.ro\/#\/schema\/person\/13182deeebd44920914899f7bb262d6b"},"headline":"C\u00e2\u0163i bani a primit Iuliu Maniu de la guvernul britanic ca s\u0103-l aresteze pe Ion Antonescu","datePublished":"2021-04-13T09:02:36+00:00","dateModified":"2021-04-20T08:31:13+00:00","mainEntityOfPage":{"@id":"https:\/\/desteptati-va.ro\/index.php\/2021\/04\/13\/cati-bani-a-primit-iuliu-maniu-de-la-guvernul-britanic-ca-sa-l-aresteze-pe-ion-antonescu\/"},"wordCount":2355,"commentCount":0,"image":{"@id":"https:\/\/desteptati-va.ro\/index.php\/2021\/04\/13\/cati-bani-a-primit-iuliu-maniu-de-la-guvernul-britanic-ca-sa-l-aresteze-pe-ion-antonescu\/#primaryimage"},"thumbnailUrl":"https:\/\/desteptati-va.ro\/wp-content\/uploads\/2021\/04\/Julius_Maniu.jpg","keywords":["istorie"],"articleSection":["Al II-a Razboi Mondial","General"],"inLanguage":"ro-RO","potentialAction":[{"@type":"CommentAction","name":"Comment","target":["https:\/\/desteptati-va.ro\/index.php\/2021\/04\/13\/cati-bani-a-primit-iuliu-maniu-de-la-guvernul-britanic-ca-sa-l-aresteze-pe-ion-antonescu\/#respond"]}]},{"@type":"WebPage","@id":"https:\/\/desteptati-va.ro\/index.php\/2021\/04\/13\/cati-bani-a-primit-iuliu-maniu-de-la-guvernul-britanic-ca-sa-l-aresteze-pe-ion-antonescu\/","url":"https:\/\/desteptati-va.ro\/index.php\/2021\/04\/13\/cati-bani-a-primit-iuliu-maniu-de-la-guvernul-britanic-ca-sa-l-aresteze-pe-ion-antonescu\/","name":"C\u00e2\u0163i bani a primit Iuliu Maniu de la guvernul britanic ca s\u0103-l aresteze pe Ion Antonescu -","isPartOf":{"@id":"https:\/\/desteptati-va.ro\/#website"},"primaryImageOfPage":{"@id":"https:\/\/desteptati-va.ro\/index.php\/2021\/04\/13\/cati-bani-a-primit-iuliu-maniu-de-la-guvernul-britanic-ca-sa-l-aresteze-pe-ion-antonescu\/#primaryimage"},"image":{"@id":"https:\/\/desteptati-va.ro\/index.php\/2021\/04\/13\/cati-bani-a-primit-iuliu-maniu-de-la-guvernul-britanic-ca-sa-l-aresteze-pe-ion-antonescu\/#primaryimage"},"thumbnailUrl":"https:\/\/desteptati-va.ro\/wp-content\/uploads\/2021\/04\/Julius_Maniu.jpg","datePublished":"2021-04-13T09:02:36+00:00","dateModified":"2021-04-20T08:31:13+00:00","author":{"@id":"https:\/\/desteptati-va.ro\/#\/schema\/person\/13182deeebd44920914899f7bb262d6b"},"breadcrumb":{"@id":"https:\/\/desteptati-va.ro\/index.php\/2021\/04\/13\/cati-bani-a-primit-iuliu-maniu-de-la-guvernul-britanic-ca-sa-l-aresteze-pe-ion-antonescu\/#breadcrumb"},"inLanguage":"ro-RO","potentialAction":[{"@type":"ReadAction","target":["https:\/\/desteptati-va.ro\/index.php\/2021\/04\/13\/cati-bani-a-primit-iuliu-maniu-de-la-guvernul-britanic-ca-sa-l-aresteze-pe-ion-antonescu\/"]}]},{"@type":"ImageObject","inLanguage":"ro-RO","@id":"https:\/\/desteptati-va.ro\/index.php\/2021\/04\/13\/cati-bani-a-primit-iuliu-maniu-de-la-guvernul-britanic-ca-sa-l-aresteze-pe-ion-antonescu\/#primaryimage","url":"https:\/\/desteptati-va.ro\/wp-content\/uploads\/2021\/04\/Julius_Maniu.jpg","contentUrl":"https:\/\/desteptati-va.ro\/wp-content\/uploads\/2021\/04\/Julius_Maniu.jpg","width":220,"height":299},{"@type":"BreadcrumbList","@id":"https:\/\/desteptati-va.ro\/index.php\/2021\/04\/13\/cati-bani-a-primit-iuliu-maniu-de-la-guvernul-britanic-ca-sa-l-aresteze-pe-ion-antonescu\/#breadcrumb","itemListElement":[{"@type":"ListItem","position":1,"name":"Prima pagin\u0103","item":"https:\/\/desteptati-va.ro\/"},{"@type":"ListItem","position":2,"name":"C\u00e2\u0163i bani a primit Iuliu Maniu de la guvernul britanic ca s\u0103-l aresteze pe Ion Antonescu"}]},{"@type":"WebSite","@id":"https:\/\/desteptati-va.ro\/#website","url":"https:\/\/desteptati-va.ro\/","name":"","description":"","potentialAction":[{"@type":"SearchAction","target":{"@type":"EntryPoint","urlTemplate":"https:\/\/desteptati-va.ro\/?s={search_term_string}"},"query-input":{"@type":"PropertyValueSpecification","valueRequired":true,"valueName":"search_term_string"}}],"inLanguage":"ro-RO"},{"@type":"Person","@id":"https:\/\/desteptati-va.ro\/#\/schema\/person\/13182deeebd44920914899f7bb262d6b","name":"wolfsoftcompany","image":{"@type":"ImageObject","inLanguage":"ro-RO","@id":"https:\/\/desteptati-va.ro\/#\/schema\/person\/image\/","url":"https:\/\/secure.gravatar.com\/avatar\/a6cce9b6d101d27d91690e7073e300fed94c0899890bf998e082cb9d2c3d121e?s=96&d=mm&r=g","contentUrl":"https:\/\/secure.gravatar.com\/avatar\/a6cce9b6d101d27d91690e7073e300fed94c0899890bf998e082cb9d2c3d121e?s=96&d=mm&r=g","caption":"wolfsoftcompany"},"sameAs":["http:\/\/desteptati-va.ro"],"url":"https:\/\/desteptati-va.ro\/index.php\/author\/wolfsoftcompany\/"}]}},"_links":{"self":[{"href":"https:\/\/desteptati-va.ro\/index.php\/wp-json\/wp\/v2\/posts\/3418","targetHints":{"allow":["GET"]}}],"collection":[{"href":"https:\/\/desteptati-va.ro\/index.php\/wp-json\/wp\/v2\/posts"}],"about":[{"href":"https:\/\/desteptati-va.ro\/index.php\/wp-json\/wp\/v2\/types\/post"}],"author":[{"embeddable":true,"href":"https:\/\/desteptati-va.ro\/index.php\/wp-json\/wp\/v2\/users\/1"}],"replies":[{"embeddable":true,"href":"https:\/\/desteptati-va.ro\/index.php\/wp-json\/wp\/v2\/comments?post=3418"}],"version-history":[{"count":1,"href":"https:\/\/desteptati-va.ro\/index.php\/wp-json\/wp\/v2\/posts\/3418\/revisions"}],"predecessor-version":[{"id":3420,"href":"https:\/\/desteptati-va.ro\/index.php\/wp-json\/wp\/v2\/posts\/3418\/revisions\/3420"}],"wp:featuredmedia":[{"embeddable":true,"href":"https:\/\/desteptati-va.ro\/index.php\/wp-json\/wp\/v2\/media\/3201"}],"wp:attachment":[{"href":"https:\/\/desteptati-va.ro\/index.php\/wp-json\/wp\/v2\/media?parent=3418"}],"wp:term":[{"taxonomy":"category","embeddable":true,"href":"https:\/\/desteptati-va.ro\/index.php\/wp-json\/wp\/v2\/categories?post=3418"},{"taxonomy":"post_tag","embeddable":true,"href":"https:\/\/desteptati-va.ro\/index.php\/wp-json\/wp\/v2\/tags?post=3418"}],"curies":[{"name":"wp","href":"https:\/\/api.w.org\/{rel}","templated":true}]}}