{"id":3422,"date":"2021-04-13T09:09:42","date_gmt":"2021-04-13T09:09:42","guid":{"rendered":"http:\/\/desteptati.ro\/?p=3422"},"modified":"2021-04-20T08:33:37","modified_gmt":"2021-04-20T08:33:37","slug":"reteaua-caramna","status":"publish","type":"post","link":"https:\/\/desteptati-va.ro\/index.php\/2021\/04\/13\/reteaua-caramna\/","title":{"rendered":"Re\u021beaua Caraman"},"content":{"rendered":"<div class=\"post-content\"><div class='booster-block booster-read-block'>\n                <div class=\"twp-read-time\">\n                \t<i class=\"booster-icon twp-clock\"><\/i> <span>Read Time:<\/span>22 Minute, 56 Second                <\/div>\n\n            <\/div>\r\n<p class=\"wp-block-paragraph\" style=\"font-size: 30px;\"><strong>Mihai Caraman, superspionul rom\u00e2n care a reu\u015fit s\u0103 afle secretele \u201ecosmice\u201c ale NATO<\/strong><\/p>\r\n\r\n\r\n\r\n<p class=\"wp-block-paragraph\"><strong>Re\u0163eaua de spioni organizat\u0103 de Mihai Caraman a fost stafia care a b\u00e2ntuit NATO vreme de 11 ani \u015fi a sustras zeci de informa\u0163ii ultrasecrete pe care le-a pus la dispozi\u0163ia Moscovei. A fost cea mai mare lovitur\u0103 dat\u0103 Organiza\u0163iei Nord-Atlantice \u015fi a r\u0103mas una dintre cele mai cunoscute \u015fi mai enigmatice misiuni de spionaj \u00een care a fost implicat\u0103 Rom\u00e2nia.<\/strong><\/p>\r\n\r\n\r\n\r\n<p class=\"has-vivid-red-color has-text-color wp-block-paragraph\" style=\"font-size: 19px;\"><span style=\"color: #ff0000;\"><strong>9 octombrie 1967, Berlinul de Vest, RFG.<\/strong><\/span><\/p>\r\n\r\n\r\n\r\n<h4 class=\"has-black-color has-text-color\" style=\"font-size: 19px;\"><span style=\"color: #000000;\">Evgheni Evghenevici Runge, locotenent-colonel KGB, defecteaz\u0103 la americani. Are motivele lui, serioase, s\u0103 considere c\u0103 via\u0163a sub umbrela serviciilor de informa\u0163ii sovietice nu mai e garantat\u0103. Cine este acest Runge? Un rus n\u0103scut \u00een 1928, \u00een gubernia Astrahan, fost comsomolist, elev studios \u015fi candidat perfect pentru Academia Diplomatic\u0103 Militar\u0103, Runge e un as al spionajului sovietic. Ajunsese prin 1955 \u00een RFG, cu misiunea de a recruta noi agen\u0163i pentru a \u00eenchega o re\u0163ea \u2013 ceea ce realizase cu succes.<\/span><\/h4>\r\n<h4><span style=\"color: #000000;\">\r\n\r\n<\/span><\/h4>\r\n<h4 class=\"has-black-color has-text-color\" style=\"font-size: 19px;\"><span style=\"color: #000000;\">\u00cen urma primelor cercet\u0103ri f\u0103cute dup\u0103 informa\u0163iile divulgate de Evgheni Evghenevici Runge, pe 13 octombrie 1967, procurorul federal Ludwig Martin decreta: \u201eGrav, foarte grav\u201c \u015fi recomanda s\u0103 se schimbe codul NATO, exist\u00e2nd suspiciuni serioase c\u0103 vreme de zece ani secretele Alian\u0163ei Nord-Atlantice fuseser\u0103 descoperite Estului sovietic. Totul: de la detalii strategico-militare la chestiuni economice \u015fi chiar la aspecte domestice, cum ar fi localizarea bunc\u0103rului \u00een care trebuia ad\u0103postit Parlamentul federal \u00een caz de conflict nuclear, conform lui Pierre Accoce \u015fi Daniel Pouget, autorii volumului \u201eRe\u0163eaua Caraman. Cei treisprezece rom\u00e2ni care au zguduit NATO\u201c. Organiza\u0163ia Nord-Atlantic\u0103 intrase \u00een umbra spionajului sovietic \u00eenc\u0103 de la formarea sa, \u00een 1949, \u015fi acolo operau cei mai buni agen\u0163i KGB, nu ageamiii. \u00cens\u0103 \u00een anii \u201960, se reu\u015fise o penetrare f\u0103r\u0103 precedent, care expunea complet NATO.<\/span><\/h4>\r\n\r\n\r\n\r\n<h4 class=\"has-vivid-red-color has-text-color\" style=\"font-size: 19px;\"><span style=\"color: #ff0000;\"><strong>Organiza\u0163ia Tratatului Atlanticului de Nord se clatin\u0103<\/strong><\/span><\/h4>\r\n\r\n\r\n\r\n<h4 class=\"has-black-color has-text-color\" style=\"font-size: 19px;\"><span style=\"color: #000000;\">Primul semnal de alarm\u0103 c\u0103 Alian\u0163a Nord-Atlantic\u0103 este \u015fubrezit\u0103 a venit \u00een 1966. Pe 9 martie 1966, Fran\u0163a \u015fi-a anun\u0163at celelalte 14 aliate NATO, printr-un memorandum, c\u0103 dore\u015fte s\u0103 se retrag\u0103 din comandamentele militare ale alian\u0163ei. A\u015fadar, a cerut Cartierului General al NATO ca unit\u0103\u0163ile Alia\u0163ilor s\u0103 p\u0103r\u0103seasc\u0103 teritoriul \u0163\u0103rii \u2013 era vorba despre 14 baze americane, 40 de depozite \u015fi 26.000 de solda\u0163i americani. De asemenea, sediul NATO din Europa era la Paris, iar guvernul francez a cerut ca \u015fi acesta s\u0103 fie mutat. Retragerea Fran\u0163ei din Alian\u0163a Nord-Atlantic\u0103 era o hachi\u0163\u0103 a pre\u015fedintelui Charles de Gaulle, care urcase pe scaunul preziden\u0163ial \u00een 1958, c\u00e2nd a fondat cea de-A Cincea Republic\u0103. Ideea lui de Gaulle era ca Fran\u0163a s\u0103 \u00ee\u015fi dezvolte singur\u0103 programul de ap\u0103rare militar\u0103, s\u0103 preia sub comand\u0103 na\u0163ional\u0103 for\u0163ele integrate de pe teritoriul Germaniei, precum \u015fi ca ie\u015firea din structurile militare ale NATO s\u0103 nu presupun\u0103 o p\u0103r\u0103sire a alian\u0163ei. Considera\u0163iile pre\u015fedintelui francez erau c\u0103 Statele Unite au rol mult prea important \u00een NATO, \u00een timp ce pericolul sovietic \u00een Europa era \u00een sc\u0103dere. \u00cen fine, \u00een iunie 1966, Consiliul Nord-Atlantic s-a reunit la Bruxelles \u015fi a decis relocarea aici a Comandamentului Suprem al For\u0163elor Aliate din Europa (SHAPE). Toat\u0103 procedura a durat mai bine de jum\u0103tate de an, noul sediu fiind inaugurat pe 16 octombrie, \u015fi a costat cam 14 milioane de dolari. \u00cens\u0103, chiar un an mai t\u00e2rziu, \u00een timpul interogatoriilor, Evgheni Evghenevici Runge \u00eei avertizeaz\u0103 pe agen\u0163ii CIA c\u00e2t se poate de clar: \u201e\u00cen Fran\u0163a, oamenii no\u015ftri erau deja \u00eenfip\u0163i \u00een mobilierul vostru, lipi\u0163i de dosarele voastre. N-a\u0163i f\u0103cut dec\u00e2t s\u0103-i muta\u0163i dincolo\u201c.<\/span><\/h4>\r\n\r\n\r\n\r\n<p class=\"has-black-color has-text-color wp-block-paragraph\" style=\"font-size: 19px;\"><strong><em>\u201eCu constitu\u0163ia sa atletic\u0103 \u2013 1,75 m \u015fi 73 kg \u2013, Caraman ar fi putut, de exemplu, s\u0103 fie o glorie a stadioanelor. Regizorii \u00een c\u0103utare de talente native n-ar fi r\u0103mas insensibili la prestan\u0163a lui. Acest b\u0103rbat, incontestabil fermec\u0103tor \u2013 p\u0103r aspru, spr\u00e2ncene bine conturate, gur\u0103 senzual\u0103 \u015fi o privire insistent\u0103 care atr\u0103gea aten\u0163ia \u2013, avea mare succes la femei. \u00cen aparen\u0163\u0103 degajat p\u00e2n\u0103 la non\u015falan\u0163\u0103, avea o cultur\u0103 solid\u0103, pe care o etala cu pl\u0103cere\u201d.<\/em><\/strong><\/p>\r\n\r\n\r\n\r\n<div class=\"wp-block-image\">\r\n<figure class=\"aligncenter size-large\"><a href=\"http:\/\/www.desteptati-va.ro\/wp-content\/uploads\/2021\/02\/Col-Mihai-CARAMAN.jpg\"><img decoding=\"async\" class=\"wp-image-5625\" src=\"http:\/\/www.desteptati-va.ro\/wp-content\/uploads\/2021\/02\/Col-Mihai-CARAMAN.jpg\" alt=\"\" \/><\/a><\/figure>\r\n<\/div>\r\n\r\n\r\n\r\n<p class=\"wp-block-paragraph\">Foto: Mihai Caraman, \u00een 1974, la revenirea din misiunea de la Paris. Sursa: Historice.ro<\/p>\r\n\r\n\r\n\r\n<p class=\"has-vivid-red-color has-text-color wp-block-paragraph\" style=\"font-size: 19px;\"><span style=\"color: #ff0000;\"><strong>Un 007 rom\u00e2n la Paris<\/strong><\/span><\/p>\r\n\r\n\r\n\r\n<h4 class=\"has-black-color has-text-color\" style=\"font-size: 19px;\">Depozi\u0163ia lui Evgheni Evghenevici nu a fost dec\u00e2t sc\u00e2nteia care a pus \u00een mi\u015fcare ma\u015fin\u0103ria de investiga\u0163ie a cazului, care se prefigura de mare amploare \u015fi gravitate. \u201eOamenii no\u015ftri\u201c, la care se referea rusul, erau de fapt rom\u00e2ni, spioni care ag\u0103\u0163aser\u0103 prin diverse formule surse din cadrul Alian\u0163ei, iar \u015feful \u00eentregii re\u0163ele era Mihai Caraman.<\/h4>\r\n<h4>\r\n\r\n<\/h4>\r\n<h4 class=\"has-black-color has-text-color\" style=\"font-size: 19px;\">Opera\u0163iunea \u00eencepuse la sf\u00e2r\u015fitul anului 1958, c\u00e2nd Mihai Caraman ajunsese la Paris. Oficial, era prim-secretar \u015fi consilier comercial al Ambasadei Rom\u00e2niei de la Paris. Totu\u015fi, \u00een buzunarul interior al paltonului de diplomat, Caraman ascundea cartea de munc\u0103 de la DIE (Direc\u0163ia de Informa\u0163ii Externe a Departamentul Securit\u0103\u0163ii Statului), Sec\u0163ia Fran\u0163a-Benelux-Italia. Era chiar coordonatorul spionajului rom\u00e2nesc \u00een Fran\u0163a \u015fi avea toate calit\u0103\u0163ile pentru acest serviciu.<\/h4>\r\n<h4>\r\n\r\n<\/h4>\r\n<h4 class=\"has-black-color has-text-color\" style=\"font-size: 19px;\">Biografia lui corespunde, desigur, cerin\u0163elor statului comunist: Mihai Caraman, fiul Sevastei \u015fi al lui Nicolae, un fost grefier, s-a n\u0103scut \u00een comuna Oancea din jude\u0163ul Gala\u0163i, pe 11 noiembrie 1928. A studiat Dreptul \u015fi a devenit jurist, dar n-a prea urmat calea dreapt\u0103. \u00cen 1947 a devenit membru de partid, pe linie sindical\u0103, \u00een Tulcea. Trei ani mai t\u00e2rziu, la v\u00e2rsta de 22 de ani, a absolvit \u015ecoala de Ofi\u0163eri a Ministerului de Interne, fiind \u00eencadrat ofi\u0163er \u00een Direc\u0163ia de contrainforma\u0163ii militare. \u00cen acela\u015fi an, 1950, a beneficiat de cursuri speciale de informa\u0163ii externe la Moscova, \u00een perioada septembrie-decembrie. Abia \u00een 1956 a fost transferat la DIE, iar peste doi ani era \u015fef de serviciu \u015fi trimis \u00een Fran\u0163a.<\/h4>\r\n<h4>\r\n\r\n<\/h4>\r\n<h4 class=\"has-vivid-red-color has-text-color\" style=\"font-size: 19px;\"><span style=\"color: #ff0000;\"><strong>\u201eAcest b\u0103rbat, incontestabil fermec\u0103tor\u201c<\/strong><\/span><\/h4>\r\n<h4>\r\n\r\n<\/h4>\r\n<h4 class=\"has-black-color has-text-color\" style=\"font-size: 19px;\">Pierre Accoce \u015fi Daniel Pouget mai adaug\u0103 c\u00e2teva tu\u015fe sub\u0163iri la portretul spionului rom\u00e2n la tinere\u0163e, al\u0103tur\u00e2ndu-l marilor a\u015fi ai spionajului din istorie, Richard Sorge, Kim Philby \u015fi Rudol Abel. \u201eCu constitu\u0163ia sa atletic\u0103 \u2013 1,75 m \u015fi 73 kg \u2013, Caraman ar fi putut, de exemplu, s\u0103 fie o glorie a stadioanelor. Regizorii \u00een c\u0103utare de talente native n-ar fi r\u0103mas insensibili la prestan\u0163a lui. Acest b\u0103rbat, incontestabil fermec\u0103tor \u2013 p\u0103r aspru, spr\u00e2ncene bine conturate, gur\u0103 senzual\u0103 \u015fi o privire insistent\u0103 care atr\u0103gea aten\u0163ia \u2013, avea mare succes la femei. \u00cen aparen\u0163\u0103 degajat p\u00e2n\u0103 la non\u015falan\u0163\u0103, avea o cultur\u0103 solid\u0103, pe care o etala cu pl\u0103cere. Toat\u0103 lumea \u015ftia c\u0103 marea lui pasiune \u2013 un capriciu distins \u2013 era egiptologia. P\u0103rea imbatabil \u00een cea de-a patra mare epoc\u0103 a Egiptului Antic, Noul Imperiu, \u00een care au avut loc cuceririle faraonilor \u00een Asia\u201c, scriau autorii \u00een \u201eRe\u0163eaua Caraman. Cei treisprezece rom\u00e2ni care au zguduit NATO\u201c.<\/h4>\r\n<h4>\r\n\r\n<\/h4>\r\n<h4 class=\"has-black-color has-text-color\" style=\"font-size: 19px;\">Imbatabil s-a dovedit Mihai Caraman \u015fi \u00een t\u00e2n\u0103ra Republic\u0103 a V-a Francez\u0103. \u00cen decembrie 1958 a cobor\u00e2t din avion pe aeroportul Bourget \u015fi s-a instalat comod \u00een casa de pe strada Expozi\u0163iei 7. Misiunea sa secret\u0103 era clar\u0103, \u00eens\u0103 de unde venea comanda a r\u0103mas supus dezbaterilor. Cei mai mul\u0163i dintre cercet\u0103tori afirm\u0103 c\u0103 Mihai Caraman era exclusiv o unealt\u0103 a KGB-ului. Sunt aduse argumente greu de comb\u0103tut: leg\u0103turile cu serviciile de informa\u0163ii sovietice s-ar fi putut lega \u00een perioada stagiului de preg\u0103tire de la Moscova \u015fi superiorul s\u0103u ierarhic din DIE era Mihai Gavriliuc, un acoperit al KGB \u00een Securitate, conform istoricului Marius Oprea, iar finan\u0163area venea tot de la Moscova. Numai schimbul de informa\u0163ii s-ar fi f\u0103cut prin intermediul Bucure\u015ftiului.<\/h4>\r\n<h4>\r\n\r\n<\/h4>\r\n<h4 class=\"has-vivid-red-color has-text-color\" style=\"font-size: 19px;\"><span style=\"color: #ff0000;\"><strong>Pionii lui Caraman<\/strong><\/span><\/h4>\r\n<h4>\r\n\r\n<\/h4>\r\n<h4 class=\"has-black-color has-text-color\" style=\"font-size: 19px;\">Mihail Simula \u015fi Ion P\u0103duraru (Secretari II UNESCO), Mihail Georgescu, Eugen Vi\u015fan, Constantin Mirea \u015fi Gheorghe Ionescu (Secretari II Ambasada Rom\u00e2niei \u00een Fran\u0163a), Pavel Cismaru (Secretar I Ambasada Rom\u00e2niei), Mihai Ilie (prim-consilier la Ambasada Rom\u00e2niei). Ace\u015ftia erau o parte dintre cei 12 agen\u0163i de care dispunea Mihai Caraman la Paris \u015fi al\u0103turi de care trebuia s\u0103 penetreze Organiza\u0163ia Atlanticului de Nord, dar \u015fi alte institu\u0163ii, precum ministerele franceze de Externe \u015fi de Finan\u0163e, Poli\u0163ia, Banca Mondial\u0103, Organiza\u0163ia de Cooperare \u015fi Dezvoltare Economic\u0103.<\/h4>\r\n<h4>\r\n\r\n<\/h4>\r\n<h4 class=\"has-vivid-red-color has-text-color\" style=\"font-size: 19px;\"><span style=\"color: #ff0000;\"><strong>Sursa de aur, primul recrut<\/strong><\/span><\/h4>\r\n<h4>\r\n\r\n<\/h4>\r\n<h4 class=\"has-black-color has-text-color\" style=\"font-size: 19px;\">\u00cen 1960 s-a format primul nucleu al re\u0163elei. Prima surs\u0103 abordat\u0103 de Mihai Caraman a fost Robert Van de Wielhe, pe care l-a \u00eent\u00e2lnit \u00eent\u00e2mpl\u0103tor la o recep\u0163ie de la Hotel de Ville. \u201eDomnul Van de Wielhe f\u0103cea parte din categoria celor m\u00e2na\u0163i de dorin\u0163e obscure, care ascund sub o \u00eenf\u0103\u0163i\u015fare pl\u0103p\u00e2nd\u0103 o voin\u0163\u0103 de putere aproape f\u0103r\u0103 margini. Era un b\u0103rbat sub\u0163ire, manierat, cu p\u0103rul negru, ondulat \u015fi piept\u0103nat pe spate, privire vie lucind prin ochelarii f\u0103r\u0103 ram\u0103\u201c, este descris\u0103 prima surs\u0103 serioas\u0103 \u00een \u201eRe\u0163eaua Caraman. Cei treisprezece rom\u00e2ni care au zguduit NATO\u201c. Dar cea mai mare calitate a lui era, de fapt, re\u0163eaua de amici \u015fi cuno\u015ftin\u0163e pe care \u015fi le crease \u00een \u00eenalta societate din Paris, de la func\u0163ionari la miliari \u015fi politicieni.<\/h4>\r\n\r\n\r\n\r\n<div class=\"wp-block-image\">\r\n<figure class=\"aligncenter size-large is-resized\"><a href=\"http:\/\/www.desteptati-va.ro\/wp-content\/uploads\/2021\/02\/Sediul-NATO-din-Paris.jpg\"><img loading=\"lazy\" decoding=\"async\" class=\"wp-image-5627\" src=\"http:\/\/www.desteptati-va.ro\/wp-content\/uploads\/2021\/02\/Sediul-NATO-din-Paris.jpg\" alt=\"\" width=\"748\" height=\"570\" \/><\/a><\/figure>\r\n<\/div>\r\n\r\n\r\n\r\n<p class=\"wp-block-paragraph\">Sediul NATO de la Paris a fost mutat la Bruxelles \u00een 1967, unde a r\u0103mas p\u00e2n\u0103 \u00een prezent; Sursa: US National Archives<\/p>\r\n\r\n\r\n\r\n<h4 class=\"has-black-color has-text-color\" style=\"font-size: 19px;\">\u201e\u015eef Anten\u0103 Paris c\u0103tre Direc\u0163ia General\u0103. &#8211; Reperare eventual obiectiv SI. Propun deschidere dosar. Subiectul va purta numele de cod Nina. \u00cencheiat\u201c, transmitea Caraman la Bucure\u015fti dup\u0103 prima \u00eentrevedere cu Van de Wielhe. Era prins \u00eentr-o \u015farad\u0103 pe care \u00eenc\u0103 nu o cuno\u015ftea. Notele care au fost transmise de Caraman \u00een lunile urm\u0103toare nu au f\u0103cut dec\u00e2t s\u0103 bucure \u015fi mai tare comandan\u0163ii: \u201eEste func\u0163ionar la NATO. Documentarist la biroul Dispozi\u0163ii. Serviciul lui centralizeaz\u0103 documentele emise de toate comitetele \u015fi de secretariatul interna\u0163ional. Nina are acces la multe secrete, chiar \u015fi la acelea clasate \u00abcosmice\u00bb. Cu excep\u0163ia totu\u015fi a documentelor strict militare\u201c sau \u201eFamilie bogat\u0103. Copil\u0103rie dificil\u0103. Adolescen\u0163\u0103 agitat\u0103. Studii \u00eentrerupte la examenele din anul trei la Drept. Apoi slujbe mai degrab\u0103 dec\u00e2t meserii propriu-zise. Intrat la NATO \u00een 1952 prin concurs, \u00een calitate de func\u0163ionar principal la biroul Dispozi\u0163ii. Nina e instabil \u015fi lene\u015f, dar cu coeficient intelectual foarte ridicat\u201c sau \u201eNina subiect cu sl\u0103biciuni. \u00cenclina\u0163iile lui tr\u0103deaz\u0103 clare tendin\u0163e nevrotice. Rog trimite\u0163i urgent documenta\u0163ie despre algomanie\u201c. \u015ei tot a\u015fa, timp de vreo jum\u0103tate de an, p\u00e2n\u0103 ce omul a intrat \u00een joc \u015fi a fost controlat psihologic de Caraman.<\/h4>\r\n<h4>\r\n\r\n<\/h4>\r\n<h4 class=\"has-black-color has-text-color\" style=\"font-size: 19px;\">Primul transfer s-a f\u0103cut dup\u0103 o conversa\u0163ie despre r\u0103zboiul din Algeria, c\u00e2nd Caraman i-a spus simplu: \u201eAi sluji cauza p\u0103cii dac\u0103 mi-ai da unul din dosarele care-\u0163i trec prin m\u00e2ini acolo, la NATO\u201c. Dup\u0103 c\u00e2teva insisten\u0163e, Van de Wiehle a acceptat \u015fi i-a \u00eenm\u00e2nat un teanc de documente neclasificate despre avia\u0163ia civil\u0103. Nimic relevant pentru serviciile de informa\u0163ii, dar era un prim pas. Urm\u0103toarea cerin\u0163\u0103 a fost mai punctual\u0103: \u201eA\u015f vrea s\u0103-mi dai foarte repede un document care are difuzare restr\u00e2ns\u0103. Asta m-ar face s\u0103 cresc \u00een ochii \u015fefilor mei de la Bucure\u015fti\u201c. Iar sursa a sustras un document \u201econfiden\u0163ial\u201c \u015fi unul cu \u201edifuzare restr\u00e2ns\u0103\u201c, pentru care a primit 2.000 de franci. Tot aplic\u00e2nd astfel de tehnici de manipulare asupra lui Robert Van de Wiehle, Caraman avea s\u0103 primeasc\u0103 60 de dosare, dintre care 16 \u201ecosmice\u201c. Con\u0163ineau \u00eendeosebi bugetul militar al \u0163\u0103rilor NATO, sistemul de alarm\u0103 NATO, logistica pe timp de pace \u015fi cea pe timp de r\u0103zboi \u2013 chestiuni esen\u0163iale. \u00cen 1961, incomodat de rela\u0163ia toxic\u0103 pe care o crease cu rom\u00e2nul, Robert Van de Wiehle \u015fi-a dat demisia din NATO, dar pentru Caraman era doar \u00eenceputul racol\u0103rilor.<\/h4>\r\n<h4>\r\n\r\n<\/h4>\r\n<h4 class=\"has-vivid-red-color has-text-color\" style=\"font-size: 19px;\"><span style=\"color: #ff0000;\"><strong>Doamna B. \u2013 primul e\u015fec<\/strong><\/span><\/h4>\r\n<h4>\r\n\r\n<\/h4>\r\n<h4 class=\"has-black-color has-text-color\" style=\"font-size: 19px;\">\u00cen 1962, Caraman a aflat prin acela\u015fi Van de Wiehle despre activitatea doamnei B. la biroul de Dispecerat documentar al NATO. Nu i-a trebuit mult s\u0103 g\u0103seasc\u0103 un pretext s\u0103 o \u00eent\u00e2lneasc\u0103 \u015fi s\u0103 abordeze o eventual\u0103 cooperare: pe scurt, Caraman \u015fi doamna B. au devenit aman\u0163i \u015fi femeii i-a fost insinuat\u0103 ideea de a tr\u0103da pe bani, pentru a \u201eajuta\u201c Rom\u00e2nia. A doua zi, doamna B. a fost v\u0103zut\u0103 pe strada Saussaies 11, intr\u00e2nd la sediul DST (Direc\u0163ia de Supraveghere Teritorial\u0103). A f\u0103cut denun\u0163, timp de un an, au fost supraveghea\u0163i \u015fi Caraman, \u015fi doamna B., \u015fi Van de Wiehle. Cel din urm\u0103 chiar a fost interogat, \u00eens\u0103 f\u0103r\u0103 probe, cazul nu putea fi sus\u0163inut. Abia dup\u0103 \u00eenc\u0103 dou\u0103 s\u0103pt\u0103m\u00e2ni de filaj a fost surprins povestind la o cafenea toate cele ce se \u00eent\u00e2mplaser\u0103 \u015fi a fost arestat de DST. Robert Van de Wiehle a fost \u00eenchis o lun\u0103, c\u00e2t s-a judecat procesul \u00een care a fost acuzat de tentativ\u0103 de recrutare de agen\u0163i pentru o putere str\u0103in\u0103. A primit un an de \u00eenchisoare cu suspendare, \u00een 1963.<\/h4>\r\n<h4>\r\n\r\n<\/h4>\r\n<h4 class=\"has-vivid-red-color has-text-color\" style=\"font-size: 19px;\"><span style=\"color: #ff0000;\"><strong>M\u00e2na lung\u0103 a spionajului<\/strong><\/span><\/h4>\r\n<h4>\r\n\r\n<\/h4>\r\n<h4 class=\"has-black-color has-text-color\" style=\"font-size: 19px;\">\u201eFrancis Roussilhe este un om cu mers greoi \u015fi trup \u00eendesat. Pare ie\u015fit din imaginarul autorilor de romane negre. A fost campion de tir \u015fi de karate. \u00cen ciuda aparen\u0163elor nu este un dur\u201c, astfel e descris\u0103 \u00een \u201eRe\u0163eaua Caraman. Cei treisprezece rom\u00e2ni care au zguduit NATO\u201c cea de-a doua victim\u0103 important\u0103 a lui Mihai Caraman. Roussilhe era, la origine, spaniol, \u015fi tr\u0103ise de c\u00e2nd se \u015ftia \u00eentr-o situa\u0163ie financiar\u0103 precar\u0103, motiv pentru care nu a fost prea greu s\u0103 se \u00eemboln\u0103veasc\u0103 de l\u0103comie. Roussilhe lucra la NATO, documentarist, angaj\u00e2ndu-se \u00een aceea\u015fi perioad\u0103 cu Van de Wiehle, cu care devenise amic \u015fi care avea s\u0103 \u00eei fac\u0103 leg\u0103tura cu Caraman. Exploatarea lui Roussilhe a \u00eenceput \u00een vara lui 1963. Vreme de \u015fase ani, a sustras de la NATO tot ce i-a picat \u00een m\u00e2n\u0103, chiar \u015fi dup\u0103 ce sediul Alian\u0163ei s-a mutat la Bruxelles. A trimis de toate, de la buletine interne, documente pentru \u015fedin\u0163ele consiliilor de mini\u015ftri, planurile de ap\u0103rare ale Alian\u0163ei Nord-Atlantice construite p\u00e2n\u0103 \u00een 1975, procese verbale ale \u015fedin\u0163elor Comitetului Militar, ale Grupului Permanent \u2013 acestea din urm\u0103 clasificate secret \u201ecosmic\u201c \u2013 \u015fi multe altele. Numai \u00een perioada ianuarie-iunie 1969 a reu\u015fit s\u0103 sustrag\u0103 2.000 de pagini de diverse grade de secretizare.<\/h4>\r\n<h4>\r\n\r\n<\/h4>\r\n<h4 class=\"has-black-color has-text-color\" style=\"font-size: 19px;\">Evident c\u0103 prada spionului Caraman nu era numai aceasta. O alt\u0103 surs\u0103 a sa a fost Pierre Rocheron, care a \u00eenceput s\u0103 fie prospectat \u00een 1962. Mihai Caraman \u00eel caracteriza succint: \u201eInteligent, cultivat, dar bizar \u015fi introvertit\u201c. Rocheron era func\u0163ionar \u00een Ministerul Afacerilor Externe \u2013 \u201e\u00cenc\u0103 de t\u00e2n\u0103r mi-am dorit s\u0103 devin diplomat, fiindc\u0103 voiam s\u0103 joc un rol \u00een miezul evenimentelor\u201c, spunea el. Un rol a jucat, iar de asta s-a ocupat Caraman. Rocheron a fost trimis la Ambasada francez\u0103 de la Washington, \u00een 1963, iar Caraman a trimis dup\u0103 el un agent care s\u0103-l prelucreze. \u00cen 1965, Pierre s-a \u00eendr\u0103gostit de Eva, o negres\u0103 cu patru copii, care-i d\u0103dea b\u0103t\u0103i de cap. Atunci a \u00eenceput s\u0103 ac\u0163ioneze mai abil agentul nostru Doroban\u0163u, cu un sfat ici, un ajutor dincolo. P\u00e2n\u0103 ce, la un moment dat, a \u00eenceput s\u0103 cear\u0103 documente semiconfiden\u0163iale privind atitudinea Fran\u0163ei fa\u0163\u0103 de NATO \u015fi de SUA, rapoarte economice \u015fi diverse comunic\u0103ri interne. \u00cen 1967, Rocheron a p\u0103r\u0103sit Ambasada \u015fi a fost relocat la Banca Mondial\u0103, iar spionajul rom\u00e2nesc a r\u0103mas pe urmele lui.<\/h4>\r\n<h4>\r\n\r\n<\/h4>\r\n<h4 class=\"has-black-color has-text-color\" style=\"font-size: 19px;\">Re\u0163eaua Caraman a presupus mult mai multe personaje implicate. Pe l\u00e2ng\u0103 ace\u015ftia trei, au fost domnul Pierre X, Edelmann, domni\u015foara Sylvie X, doamna Antoinette X \u015fi al\u0163ii, prin\u015fi \u00een menghin\u0103 prin \u015fantaj \u015fi \u00eenv\u0103luire, prin presupuse rela\u0163ii de amor \u015fi idile contraf\u0103cute. Dintre cei care au c\u0103zut \u00een mrejele lui Caraman mai e de men\u0163ionat colonetul Charles de la Salle, care s-a sinucis pe 8 august 1969, chiar \u00een momentul \u00een care agen\u0163ii DST veneau s\u0103-l aresteze. Nu se \u015ftie c\u00e2t de mult a colaborat cu spionajul rom\u00e2nesc, \u00eens\u0103 a r\u0103mas o victim\u0103 pe lista re\u0163elei Caraman.<\/h4>\r\n<h4>\r\n\r\n<\/h4>\r\n<h4 class=\"has-vivid-red-color has-text-color\" style=\"font-size: 19px;\"><span style=\"color: #ff0000;\"><strong>Pr\u0103bu\u015firea primei piese de domino<\/strong><\/span><\/h4>\r\n<h4>\r\n\r\n<\/h4>\r\n<h4 class=\"has-black-color has-text-color\" style=\"font-size: 19px;\">\u201eC\u00e2nd s-a aflat c\u0103 generalul de Gaulle urma s\u0103 vin\u0103 la Bucure\u015fti \u00een vizit\u0103 oficial\u0103 \u00een mai 1968, autorit\u0103\u0163ile rom\u00e2ne au intrat \u00een panic\u0103. C\u0103ci nu era vorba de un \u015fef de stat f\u0103r\u0103 probleme, ci de unul pe care du\u015fmanii lui \u00eencercaser\u0103 deja s\u0103-l asasineze. Se \u015ftia c\u0103 \u00eei pl\u0103cea s\u0103 se amestece cu mul\u0163imea \u015fi nu era deloc o treab\u0103 u\u015foar\u0103 s\u0103 i se asigure paza \u00een atari condi\u0163ii. (&#8230;) Caraman a fost atunci \u00eens\u0103rcinat cu securitatea lui de Gaulle. S-a petrecut cu acest prilej un lucru inimaginabil: patronul unei re\u0163ele de spionaj \u00een activitate a cedat temporar comanda echipei adjunctului s\u0103u, \u015fi anume lui Iacobescu, \u00een timp ce el organiza \u00een \u0163ara lui paza \u015fefului unui stat pe care \u00eel infiltra de nou\u0103 ani p\u00e2n\u0103 \u00een propria lui gospod\u0103rie \u015fi defila al\u0103turi de acest \u015fef de stat pe marile artere ale Bucure\u015ftiului\u201c, scriau Pierre Accoce \u015fi Daniel Pouget \u00een volumul despre re\u0163eaua Caraman.<\/h4>\r\n\r\n\r\n\r\n<div class=\"wp-block-image\">\r\n<figure class=\"aligncenter size-large is-resized\"><a href=\"http:\/\/www.desteptati-va.ro\/wp-content\/uploads\/2021\/02\/Vizita-lui-DE-Gaulle.jpg\"><img loading=\"lazy\" decoding=\"async\" class=\"wp-image-5630\" src=\"http:\/\/www.desteptati-va.ro\/wp-content\/uploads\/2021\/02\/Vizita-lui-DE-Gaulle.jpg\" alt=\"\" width=\"677\" height=\"609\" \/><\/a><\/figure>\r\n<\/div>\r\n\r\n\r\n\r\n<p class=\"wp-block-paragraph\">Vizita pre\u015fedintelui francez de Gaulle \u00een Rom\u00e2nia, \u00een mai 1968, a prilejuit revenirea lui Caraman \u00een \u0163ar\u0103; Sursa: Fototeca online a comunismului rom\u00e2nesc<\/p>\r\n\r\n\r\n\r\n<h4 class=\"has-black-color has-text-color\" style=\"font-size: 19px;\"><span style=\"color: #000000;\">Vizita lui de Gaulle \u00een Rom\u00e2nia, care prilejuise aceast\u0103 onoare \u015fi demonstra\u0163ie de apreciere pentru Mihai Caraman, avea s\u0103 \u00eensemne \u015fi \u00eenceputul dec\u0103derii re\u0163elei sale de spionaj \u00een Occident \u2013 re\u0163ea care, dup\u0103 c\u00e2te a ar\u0103tat istoria, a func\u0163ionat exact pe perioada mandatului de pre\u015fedinte al lui Charles de Gaulle. \u00cen aceast\u0103 perioad\u0103, se pusese deja \u00een func\u0163iune investiga\u0163ia serviciilor secrete dup\u0103 informa\u0163iile oferite americanilor de c\u0103tre agentul KGB Evgheni Evghenevici Runge. S-a dat un salt \u00eenainte, care nu este meritul contraspionajului occidental.<\/span><\/h4>\r\n<h4><span style=\"color: #000000;\">\r\n\r\n<\/span><\/h4>\r\n<h4 class=\"has-vivid-red-color has-text-color\" style=\"font-size: 19px;\"><span style=\"color: #ff0000;\"><strong>Pe urmele re\u0163elei Caraman<\/strong><\/span><\/h4>\r\n<h4><span style=\"color: #000000;\">\r\n\r\n<\/span><\/h4>\r\n<h4 class=\"has-black-color has-text-color\" style=\"font-size: 19px;\"><span style=\"color: #000000;\">\u00cen timp, agen\u0163ii de securitate de la DST se chinuiau s\u0103 pun\u0103 cap la cap informa\u0163iile primite de la Runge \u2013 care, de fapt, d\u0103duse totul \u00een vileag, numai numele f\u0103pta\u015filor nu le cuno\u015ftea \u2013, s\u0103 realizeze portretele-robot ale surselor lui Caraman, s\u0103 pun\u0103 \u00een mi\u015fcare ac\u0163iuni de filaj \u015fi s\u0103 \u00eencerce s\u0103 g\u0103seasc\u0103 diverse c\u0103i de a elucida cazul, li s-a mai devoalat o situa\u0163ie.<\/span><\/h4>\r\n<h4><span style=\"color: #000000;\">\r\n\r\n<\/span><\/h4>\r\n<h4 class=\"has-black-color has-text-color\" style=\"font-size: 19px;\"><span style=\"color: #000000;\">Pe 12 septembrie 1968, la sediul NATO de la Bruxelles, s-a realizat un flagrant delict. Imre Nahit, \u015feful controlului financiar din cadrul Alian\u0163ei Nord-Atlantice, un turc trecut de prima tinere\u0163e, \u00een v\u00e2rst\u0103 de 52 de ani, a fost prins \u00een timp ce \u00eencerca s\u0103 fotografieze \u00een secret documente clasificate. Datorit\u0103 func\u0163iei sale, Nahit avea acces la bugetele \u015fi infrastructurile Organiza\u0163iei Tratatului Nord-Atlantic. Desigur, a fost arestat pe loc \u015fi a fost dus \u00een instan\u0163\u0103.<\/span><\/h4>\r\n<h4><span style=\"color: #000000;\">\r\n\r\n<\/span><\/h4>\r\n<h4 class=\"has-black-color has-text-color\" style=\"font-size: 19px;\"><span style=\"color: #000000;\">La \u00eenceputul procesului, Imre Nahit n-a recunoscut c\u0103 lucra pentru agen\u0163i str\u0103ini, ba chiar a sus\u0163inut c\u0103 acesta era hobby-ul lui, o \u00eendeletnicire inocent\u0103, ca mersul pe biciclet\u0103, \u00eei pl\u0103cea s\u0103 fotografieze, iar obiceiul acesta tocmai ce-l ajuta s\u0103 organizeze mai u\u015for fi\u015fierele. Abia spre finalul audierilor, c\u00e2nd s-a putut constata c\u0103 fusese filat de ceva timp \u015fi existau probe incriminatorii, a schimbat placa: \u00eei pl\u0103cea, probabil, fotografia, dar mai mult \u00eei pl\u0103ceau banii, pentru care renun\u0163ase la scrupule. N-a dat \u00een vileag, \u00eens\u0103, \u015fi sursa acelor bani.<\/span><\/h4>\r\n<h4><span style=\"color: #000000;\">\r\n\r\n<\/span><\/h4>\r\n<h4 class=\"has-black-color has-text-color\" style=\"font-size: 19px;\"><span style=\"color: #000000;\">Imre Nahit a fost repatriat \u00een Turcia, unde tribunalul militar din Ankara l-a condamnat la 15 ani de \u00eenchisoare pentru a fi scurs 1.500 de microfilme \u2013 mii de fotografii \u2013 unei \u201eputeri necunoscute\u201c, conform celor sus\u0163inute de el. Puterea n-a r\u0103mas necunoscut\u0103, pentru c\u0103 Nahit fusese fotografiat \u00een timp ce l\u0103sa la \u201epo\u015ft\u0103\u201c coresponden\u0163a, care era ridicat\u0103 de un oarecare Mihail Tincu. Rom\u00e2n, au aflat agen\u0163ii de securitate ai NATO, nu f\u0103r\u0103 surprindere. Secretar doi la Ambasada Rom\u00e2niei din Bruxelles, au mai descoperit. A\u015fa c\u0103, neput\u00e2ndu-l aresta pentru c\u0103 Tincu avea imunitate diplomatic\u0103, l-au chestionat \u00een zadar c\u00e2teva ore \u015fi l-au expulzat din \u0163ar\u0103.<\/span><\/h4>\r\n<h4><span style=\"color: #000000;\">\r\n\r\n<\/span><\/h4>\r\n<h4 class=\"has-vivid-red-color has-text-color\" style=\"font-size: 19px;\"><span style=\"color: #ff0000;\"><strong>Ciripit, \u00een rom\u00e2ne\u015fte<\/strong><\/span><\/h4>\r\n<h4><span style=\"color: #000000;\">\r\n\r\n<\/span><\/h4>\r\n<h4 class=\"has-black-color has-text-color\" style=\"font-size: 19px;\"><span style=\"color: #000000;\">A devenit \u015fi mai evident c\u0103 re\u0163eaua de spioni era o lucr\u0103tur\u0103 rom\u00e2neasc\u0103 \u00een iulie 1969, c\u00e2nd serviciile de informa\u0163ii occidentale au avut parte de o surpriz\u0103 nea\u015fteptat\u0103. \u00cen iulie 1969, un domn \u00eenso\u0163it de familia sa, s-a \u00eenf\u0103\u0163i\u015fat la Ambasada Marii Britanii din Paris cer\u00e2nd azil politic.<\/span><\/h4>\r\n<h4><span style=\"color: #000000;\">\r\n\r\n<\/span><\/h4>\r\n<h4 class=\"has-black-color has-text-color\" style=\"font-size: 19px;\"><span style=\"color: #000000;\">\u201eM\u0103 numesc Dan Iacobescu. Oficial, sunt secretar trei al misiunii rom\u00e2ne pe l\u00e2ng\u0103 UNESCO. Dar asta este doar o acoperire. \u00cen realitate, sunt ofi\u0163er de informa\u0163ii, cu grad de c\u0103pitan de Securite. Sunt \u00een misiune \u00een Fran\u0163a de mul\u0163i ani, urma s\u0103 fiu rechemat la Bucure\u015fti sub pretextul unei plec\u0103ri \u00een vacan\u0163\u0103. Nu mai pot s\u0103 r\u0103m\u00e2n aici. Via\u0163a mea e \u00een pericol. Am venit s\u0103 m\u0103 pun la dispozi\u0163ia dumneavoastr\u0103\u201c, le-a spus el diploma\u0163ilor, citat de Pierre Accoce \u015fi Daniel Pouget. \u201eEu, m\u00e2na dreapt\u0103 a \u015fefului re\u0163elei, v\u0103 dau tot: ofi\u0163eri activi \u015fi sursele lor, obiectivele, \u0163intele deja atinse, implica\u0163iile politice \u015fi leg\u0103turile cu KGB\u201c, a continuat el.<\/span><\/h4>\r\n<h4><span style=\"color: #000000;\">\r\n\r\n<\/span><\/h4>\r\n<h4 class=\"has-black-color has-text-color\" style=\"font-size: 19px;\"><span style=\"color: #000000;\">Iacobescu avea 38 de ani c\u00e2nd a defectat. I s-a acordat azil \u00een Marea Britanie, cu reziden\u0163\u0103 \u00een Sco\u0163ia, la Highlands. Aici a fost audiat de o echip\u0103 de la DST, chemat\u0103 din Fran\u0163a de britanici, \u015ftiind c\u0103 deja cazul era investigat. Iacobescu a admis de la bun \u00eenceput: a activat ilegal, vreme de zece ani, pe teritoriul francez, a coordonat o re\u0163ea activ\u0103 \u015fi larg\u0103 de spioni. \u201eC\u00e2nd am aflat la direc\u0163ia Securit\u0103\u0163ii c\u0103 Mihai Caraman a fost desemnat s\u0103 conduc\u0103 antena de la Paris, am \u015ftiut c\u0103 se preg\u0103te\u015fte o mare lovitur\u0103. Nu chemi un v\u00e2n\u0103tor de balene dac\u0103 vrei s\u0103 prinzi oble\u0163i. Dou\u0103 obiective i s-au fixat lui Caraman. Primul, mai pu\u0163in important, interesa direct Rom\u00e2nia (n.r. \u2013 privea recuperarea exila\u0163ilor \u00een Fran\u0163a \u015fi infiltrarea disiden\u0163ilor refugia\u0163i). Sunt trei feluri de refugia\u0163i: legionarii din Garda de Fier, liberalii \u015fi regali\u015ftii. Cel\u0103lalt era comandat de Moscova. Cea de-a doua misiune a noastr\u0103 \u00een Fran\u0163a era vital\u0103 pentru Moscova. Trebuia s\u0103 servin prioritar KGB, s\u0103 penetr\u0103m \u015fi s\u0103 infiltr\u0103m \u00een locul lui organismele pe care ni le desemna, s\u0103 adun\u0103m \u015fi s\u0103 clas\u0103m informa\u0163iile pentru a le comunica apoi mai \u00eent\u00e2i URSS\u201c, le-a spus el anchetatorilor.<\/span><\/h4>\r\n<h4><span style=\"color: #000000;\">\r\n\r\n<\/span><\/h4>\r\n<h4 class=\"has-black-color has-text-color\" style=\"font-size: 19px;\"><span style=\"color: #000000;\">A explicat \u015fi motivul pentru care a vrut s\u0103 fug\u0103 \u00een Occident: c\u00e2nd a fost arestat Imre Nahit, oamenii lui Caraman de la Paris au \u00eenceput s\u0103 se team\u0103. Vina pentru r\u0103sp\u00e2ndirea ne\u00eencrederii, credeau superiorii, ar fi avut-o chiar Iacobescu. Au cerut rechemarea la Bucure\u015fti \u015fi el a \u00een\u0163eles c\u0103 ar fi fost f\u0103r\u0103 sc\u0103pare. Dup\u0103 ce Iacobescu \u015fi-a \u00eencheiat declara\u0163ia, \u00een care d\u0103duse absolut toate detaliile necesare, de la nume, la tipul de angajament al fiec\u0103ruia \u015fi la perioada \u00een care a colaborat, agen\u0163ii DST au \u00eenceput s\u0103 se fac\u0103 preg\u0103tirile pentru arestarea incrimina\u0163iilor. \u00cen Rom\u00e2nia, \u00een schimb, Tribunalul Militar din Bucure\u015fti l-a condamnat, \u00een 1970, la moarte \u00een contumacie pe Ion Iacobescu, sub acuza\u0163ia de dezertare \u015fi tr\u0103dare.<\/span><\/h4>\r\n<h4><span style=\"color: #000000;\">\r\n\r\n<\/span><\/h4>\r\n<h4 class=\"has-vivid-red-color has-text-color\" style=\"font-size: 19px;\"><span style=\"color: #ff0000;\"><strong>Pe linie moart\u0103. Agen\u0163ii \u2013 aresta\u0163i, Caraman \u2013 decorat<\/strong><\/span><\/h4>\r\n<h4><span style=\"color: #000000;\">\r\n\r\n<\/span><\/h4>\r\n<h4 class=\"has-black-color has-text-color\" style=\"font-size: 19px;\"><span style=\"color: #000000;\">\u00cen august 1969, a \u00eenceput ofensiva \u00eempotriva spionilor lui Caraman. Francis Roussilhe a fost arestat pe 4 august 1969, la ora 18.05, la Evere, \u00een apropiere de Bruxelles. C\u00e2nd poli\u0163ia l-a \u00eempins spre ma\u015fin\u0103, el a \u015ftiut c\u0103 venise timpul \u015fi chiar a \u015fuierat un \u201e\u00cen sf\u00e2r\u015fit!\u201c. La anchet\u0103, a recunoscut totul, a cooperat f\u0103r\u0103 cr\u00e2cnire. A cerut, totu\u015fi, s\u0103 fie judecat \u00een Fran\u0163a, lucru care i s-a permis. Ba chiar a c\u0103l\u0103torit cu avionul singur, f\u0103r\u0103 escort\u0103 de la Siguran\u0163\u0103. S-a dus \u0163int\u0103 la sediul DST de pe strada Saussies. Dup\u0103 el, pe la acela\u015fi sediu au trecut \u00eenc\u0103 zece persoane, la audieri: Sylvie, Antoinette, Klaus Edelmann, Pierre \u015fi al\u0163ii. Pe 5 august 1969, a fost arestat \u015fi Francis Rocheron de c\u0103tre DST. Dup\u0103 interogatoriu, s-a deschis o anchet\u0103 \u015fi Rocheron a fost pus sub acuzare. Ultimul chemat la audieri a fost Robert Van de Wielhe. Procesele au fost judecate de Michel Leloir, de pe l\u00e2ng\u0103 Curtea Siguran\u0163ei Statului. De\u015fi era vorba despre o singur\u0103 re\u0163ea, au fost unsprezece spe\u0163e distincte, c\u0103ci fiecare caz suporta particularit\u0103\u0163ile lui \u00een privin\u0163a motivelor, a ac\u0163iunilor, a gravit\u0103\u0163ii faptei. Ofi\u0163erii securit\u0103\u0163ii din Rom\u00e2nia erau proteja\u0163i de imunitatea diplomatic\u0103 \u015fi nu puteau fi adu\u015fi \u00een fa\u0163a justi\u0163iei. Au fost numi\u0163i persoane non-grata pe teritoriul Fran\u0163ei \u015fi expulza\u0163i \u00een Rom\u00e2nia.<\/span><\/h4>\r\n<h4><span style=\"color: #000000;\">\r\n\r\n<\/span><\/h4>\r\n<h4 class=\"has-black-color has-text-color\" style=\"font-size: 19px;\"><span style=\"color: #000000;\">\u00cen noiembrie 1970 a avut loc ultima audiere a lui Van de Wielhe: a recunoscut acuza\u0163iile \u015fi nu a citat martori \u00een ap\u0103rarea lui. Verdictul a venit uluitor de repede, \u00een aceea\u015fi zi: \u201eInculpatul Robert Van de Wielhe este g\u0103sit vinovat, beneficiind totu\u015fi de circumstan\u0163e atenuante, \u015fi este condamnat la 8 ani de \u00eenchisoare\u201c. \u00cen ianuarie 1971, venise vremea lui Francis Roussilhe s\u0103 afle verdictul Cur\u0163ii. \u015ei el colaborase cu autorit\u0103\u0163ile, \u015fi la el existau suficiente probe incriminatorii, nici el nu chemase martori. \u00cen cazul lui, sentin\u0163a a fost mai dur\u0103: 20 de ani de \u00eenchisoare. Procesul lui Pierre Rocheron a avut loc \u00een iunie 1971. A sc\u0103pat mai ieftin, cu o sentin\u0163\u0103 de 3 de ani \u00eenchisoare cu suspendare.<\/span><\/h4>\r\n<h4><span style=\"color: #000000;\">\r\n\r\n<\/span><\/h4>\r\n<h4 class=\"has-black-color has-text-color\" style=\"font-size: 19px;\"><span style=\"color: #000000;\">Cu re\u0163eaua destr\u0103mat\u0103 \u015fi demascat \u00een fa\u0163a autorit\u0103\u0163ilor, opera\u0163iunea lui Mihai Caraman \u00een Paris se \u00eencheia. La sf\u00e2r\u015fitul lunii august, \u00een 1969, era ultimul dintre spionii rom\u00e2ni deta\u015fa\u0163i \u00een Fran\u0163a care lua avionul \u00eenapoi spre cas\u0103. De\u015fi sf\u00e2r\u015fitul misiunii fusese unul dramatic, Mihai Caraman a fost singurul ofi\u0163er rom\u00e2n de securitate medaliat de KGB, pentru rezultate excep\u0163ionale. \u00cen Rom\u00e2nia, a fost \u00eenaintat \u00een grad, \u00een 1973, fiind numit \u015fi adjunct de \u015fef de brigad\u0103 la unitatea special\u0103 \u015fi apoi \u015fef al brig\u0103zii din cadrul Direc\u0163iei Generale de Informa\u0163ii Externe. \u00cen 1979, odat\u0103 cu fuga lui Pacepa, a fost trecut \u00een rezerv\u0103, cu drept de pensie.<\/span><\/h4>\r\n<h4><span style=\"color: #000000;\">\r\n\r\n<\/span><\/h4>\r\n<h4 class=\"has-vivid-red-color has-text-color\" style=\"font-size: 19px;\"><span style=\"color: #ff0000;\"><strong>Primul conduc\u0103tor al SIE \u00een Rom\u00e2nia liber\u0103<\/strong><\/span><\/h4>\r\n<h4><span style=\"color: #000000;\">\r\n\r\n<\/span><\/h4>\r\n<h4 class=\"has-black-color has-text-color\" style=\"font-size: 19px;\"><span style=\"color: #000000;\">Dup\u0103 c\u00e2\u0163iva ani de marginalizare, Mihai Caraman a revenit \u00een aten\u0163ia publicului abia \u00een ianuarie 1990, c\u00e2nd guvernul postdecembrist al lui Petre Roman l-a numit, ini\u0163ial, adjunct al ministrului Ap\u0103r\u0103rii, iar apoi director la Serviciului de Informa\u0163ii Externe. Din aceast\u0103 postur\u0103, Mihai Caraman n-a r\u0103mas un inutil. \u015ei-a f\u0103cut sim\u0163it\u0103 prezen\u0163a.<\/span><\/h4>\r\n<h4><span style=\"color: #000000;\">\r\n\r\n<\/span><\/h4>\r\n<h4 class=\"has-black-color has-text-color\" style=\"font-size: 19px;\"><span style=\"color: #000000;\">Imediat dup\u0103 Revolu\u0163ie, s-a demarat un proces de c\u0103utare a presupuselor conturi bancare secrete ale familiei Ceau\u015fescu. A fost angajat\u0103 o echip\u0103 interna\u0163ional\u0103, care a ajuns p\u00e2n\u0103 la Banca Rom\u00e2n\u0103 de Comer\u0163 Exterior, unde por\u0163ile au r\u0103mas ferecate. Totul, la dorin\u0163a guvernului rom\u00e2n, condus de Petre Roman, \u015fi la interven\u0163ia lui Mihai Caraman. \u00cen 1990, dup\u0103 numai c\u00e2teva luni, guvernul rezilia contractul cu exper\u0163ii str\u0103ini, motiv\u00e2nd incompeten\u0163a lor. N-au g\u0103sit nimic pentru c\u0103 probabil nici nu \u015ftiau s\u0103 caute, nici nu era nimic de g\u0103sit, dar la BRCE nu intrau.<\/span><\/h4>\r\n\r\n\r\n\r\n<div class=\"wp-block-image\">\r\n<figure class=\"aligncenter size-large is-resized\"><a href=\"http:\/\/www.desteptati-va.ro\/wp-content\/uploads\/2021\/02\/Caraman-Pensionar.jpg\"><img loading=\"lazy\" decoding=\"async\" class=\"wp-image-5626\" src=\"http:\/\/www.desteptati-va.ro\/wp-content\/uploads\/2021\/02\/Caraman-Pensionar.jpg\" alt=\"\" width=\"844\" height=\"436\" \/><\/a><\/figure>\r\n<\/div>\r\n\r\n\r\n\r\n<h4 class=\"has-black-color has-text-color\" style=\"font-size: 19px;\">Iat\u0103 ce declara, \u00een 2009, \u00eentr-un interviu pentru \u201eRom\u00e2nia liber\u0103\u201c, fostul premier Petre Roman despre cazul conturilor secrete ale dictatorilor rom\u00e2ni: \u201eAu avut din partea noastr\u0103 liber la absolut orice cercetare. Dar nu au reu\u015fit s\u0103 g\u0103seasc\u0103 nimic \u015fi atunci au cerut s\u0103 aib\u0103 acces la absolut toate conturile BRCE. Era aici ceva ce nu mi-a pl\u0103cut. Pentru c\u0103 a venit domnul Caraman, pe atunci \u015feful SIE, \u015fi mi-a spus: \u00abDomnule prim-ministru, \u00een acest moment avem o situa\u0163ie pe care eu o consider foarte periculoas\u0103 \u015fi inacceptabil\u0103. Printre conturile la care ni se cere acces sunt \u015fi cele de spionaj\u00bb. \u00cen consecin\u0163\u0103, am hot\u0103r\u00e2t s\u0103 nu le permit accesul. Sentimentul meu era oricum c\u0103 au avut un e\u015fec, dar \u00eencercau s\u0103 mai ob\u0163in\u0103 ni\u015fte bani. (&#8230;) Fa\u0163\u0103 de domnul Mihai Caraman aveam toat\u0103 \u00eencrederea c\u0103 era un mare profesionist \u015fi un mare patriot. Contrar unor mizerii care au ap\u0103rut \u00een pres\u0103, generalul nu era deloc privit chior\u00e2\u015f de serviciile str\u0103ine de informa\u0163ii, cu at\u00e2t mai mult cu c\u00e2t noi am avut bune, foarte bune rezultate utiliz\u00e2nd acea re\u0163ea de spionaj\u201c. Trec\u00e2nd peste obscurantismul folosirii termenului de \u201enoi\u201c de c\u0103tre domnul Petre Roman, s-a dovedit c\u0103 str\u0103inii au avut o problem\u0103 cu prezen\u0163a lui Mihai Caraman la conducerea SIE. \u00cen 1992, s-au \u00eent\u00e2mplat dou\u0103 evenimente care au gr\u0103bit \u00eenl\u0103turarea lui Caraman, dup\u0103 cum observ\u0103 istoricul Marius Oprea. Mai \u00eent\u00e2i, premierul Petre Roman a fost for\u0163at s\u0103 p\u0103r\u0103seasc\u0103 fotoliul. \u00cen aceast\u0103 perioad\u0103, SIE scria \u00eentr-o not\u0103: \u201eDespre generalul (r) Caraman Mihai exist\u0103 urm\u0103toarele semnal\u0103ri: \u00een prezent este consilier special al liderului PD Petre Roman, rela\u0163ii care constituie o continuare a leg\u0103turilor pe care le-au avut \u00een perioada \u00een care ambii erau \u00een Fran\u0163a\u201c. \u00cen al doilea r\u00e2nd, \u00een 1992 a fost programat\u0103 vizita \u00een Rom\u00e2nia a Secretarului General al NATO Manfred W\u00f6rner, care ar fi solicitat demiterea lui Caraman ca semn de respect fa\u0163\u0103 de rela\u0163iile Rom\u00e2nia-NATO care erau abia la \u00eenceput de drum.<\/h4>\r\n<h4>\r\n\r\n<\/h4>\r\n<h4 class=\"has-vivid-red-color has-text-color\" style=\"font-size: 19px;\"><strong>Autorul articolului: <\/strong>Alexandra \u015eerban<\/h4>\r\n\r\n\r\n\r\n<p class=\"wp-block-paragraph\"><strong>Articol preluat de la:<\/strong> <a href=\"https:\/\/l.facebook.com\/l.php?u=https%3A%2F%2Fadevarul.ro%2Fcultura%2Fistorie%2Fmihai-caraman-superspionul-roman-areusit-afle-secretele-cosmice-nato-1_5b9a9b78df52022f756841b1%2Findex.html&amp;h=AT0W2SU3iW55NVwAxReXAZoxA04U9cVWYiHqcsZiGO1hN6vYsgfOyWymM7ybb-oqB3I44nz-uitmDVFzQHP5JF5biXasLYVEJdnZlEKHxoXxSu12HdNnyMs7iIiDfDaH860jyg\" target=\"_blank\" rel=\"noreferrer noopener\"><em>https:\/\/adevarul.ro\/cultura\/istorie\/mihai-caraman-superspionul-roman-areusit-afle-secretele-cosmice-nato-1_5b9a9b78df52022f756841b1\/index.html<\/em><\/a><\/p>\r\n\r\n\r\n\r\n<p class=\"wp-block-paragraph\">&nbsp;<\/p>\r\n\r\n\r\n\r\n<p class=\"wp-block-paragraph\">&nbsp;<\/p>\r\n        <div class=\"booster-block booster-reactions-block\">\n            <div class=\"twp-reactions-icons\">\n                \n                <div class=\"twp-reacts-wrap\">\n                    <a react-data=\"be-react-1\" post-id=\"3422\" class=\"be-face-icons un-reacted\" href=\"javascript:void(0)\">\n                        <img decoding=\"async\" src=\"https:\/\/desteptati-va.ro\/wp-content\/plugins\/booster-extension\/\/assets\/icon\/happy.svg\" alt=\"Happy\">\n                    <\/a>\n                    <div class=\"twp-reaction-title\">\n                        Happy                    <\/div>\n                    <div class=\"twp-count-percent\">\n                                                    <span style=\"display: none;\" class=\"twp-react-count\">1<\/span>\n                        \n                                                <span class=\"twp-react-percent\"><span>33<\/span> %<\/span>\n                                            <\/div>\n                <\/div>\n\n                <div class=\"twp-reacts-wrap\">\n                    <a react-data=\"be-react-2\" post-id=\"3422\" class=\"be-face-icons un-reacted\" href=\"javascript:void(0)\">\n                        <img decoding=\"async\" src=\"https:\/\/desteptati-va.ro\/wp-content\/plugins\/booster-extension\/\/assets\/icon\/sad.svg\" alt=\"Sad\">\n                    <\/a>\n                    <div class=\"twp-reaction-title\">\n                        Sad                    <\/div>\n                    <div class=\"twp-count-percent\">\n                                                    <span style=\"display: none;\" class=\"twp-react-count\">0<\/span>\n                                                                        <span class=\"twp-react-percent\"><span>0<\/span> %<\/span>\n                                            <\/div>\n                <\/div>\n\n                <div class=\"twp-reacts-wrap\">\n                    <a react-data=\"be-react-3\" post-id=\"3422\" class=\"be-face-icons un-reacted\" href=\"javascript:void(0)\">\n                        <img decoding=\"async\" src=\"https:\/\/desteptati-va.ro\/wp-content\/plugins\/booster-extension\/\/assets\/icon\/excited.svg\" alt=\"Excited\">\n                    <\/a>\n                    <div class=\"twp-reaction-title\">\n                        Excited                    <\/div>\n                    <div class=\"twp-count-percent\">\n                                                    <span style=\"display: none;\" class=\"twp-react-count\">0<\/span>\n                                                                        <span class=\"twp-react-percent\"><span>0<\/span> %<\/span>\n                                            <\/div>\n                <\/div>\n\n                <div class=\"twp-reacts-wrap\">\n                    <a react-data=\"be-react-6\" post-id=\"3422\" class=\"be-face-icons un-reacted\" href=\"javascript:void(0)\">\n                        <img decoding=\"async\" src=\"https:\/\/desteptati-va.ro\/wp-content\/plugins\/booster-extension\/\/assets\/icon\/sleepy.svg\" alt=\"Sleepy\">\n                    <\/a>\n                    <div class=\"twp-reaction-title\">\n                        Sleepy                    <\/div>\n                    <div class=\"twp-count-percent\">\n                                                    <span style=\"display: none;\" class=\"twp-react-count\">0<\/span>\n                        \n                                                <span class=\"twp-react-percent\"><span>0<\/span> %<\/span>\n                                            <\/div>\n                <\/div>\n\n                <div class=\"twp-reacts-wrap\">\n                    <a react-data=\"be-react-4\" post-id=\"3422\" class=\"be-face-icons un-reacted\" href=\"javascript:void(0)\">\n                        <img decoding=\"async\" src=\"https:\/\/desteptati-va.ro\/wp-content\/plugins\/booster-extension\/\/assets\/icon\/angry.svg\" alt=\"Angry\">\n                    <\/a>\n                    <div class=\"twp-reaction-title\">Angry<\/div>\n                    <div class=\"twp-count-percent\">\n                                                    <span style=\"display: none;\" class=\"twp-react-count\">0<\/span>\n                                                                        <span class=\"twp-react-percent\"><span>0<\/span> %<\/span>\n                        \n                    <\/div>\n                <\/div>\n\n                <div class=\"twp-reacts-wrap\">\n                    <a react-data=\"be-react-5\" post-id=\"3422\" class=\"be-face-icons un-reacted\" href=\"javascript:void(0)\">\n                        <img decoding=\"async\" src=\"https:\/\/desteptati-va.ro\/wp-content\/plugins\/booster-extension\/\/assets\/icon\/surprise.svg\" alt=\"Surprise\">\n                    <\/a>\n                    <div class=\"twp-reaction-title\">Surprise<\/div>\n                    <div class=\"twp-count-percent\">\n                                                    <span style=\"display: none;\" class=\"twp-react-count\">2<\/span>\n                                                                        <span class=\"twp-react-percent\"><span>67<\/span> %<\/span>\n                                            <\/div>\n                <\/div>\n\n            <\/div>\n        <\/div>\n\n    <\/div>","protected":false},"excerpt":{"rendered":"<p>Mihai Caraman, superspionul rom\u00e2n care a reu\u015fit s\u0103 afle secretele \u201ecosmice\u201c ale NATO Re\u0163eaua de spioni organizat\u0103 de Mihai Caraman<a href=\"https:\/\/desteptati-va.ro\/index.php\/2021\/04\/13\/reteaua-caramna\/\">Read More<i class=\"fa fa-long-arrow-right\" aria-hidden=\"true\"><\/i><\/a><\/p>\n","protected":false},"author":1,"featured_media":3213,"comment_status":"open","ping_status":"open","sticky":false,"template":"","format":"standard","meta":{"_crdt_document":"","footnotes":""},"categories":[218,45],"tags":[155],"class_list":["post-3422","post","type-post","status-publish","format-standard","has-post-thumbnail","hentry","category-general","category-mult-hulita","tag-spionaj"],"rise-blocks_total_comments":0,"rise-blocks_categories":[{"term_id":45,"name":"Securitatea","slug":"mult-hulita","term_group":0,"term_taxonomy_id":45,"taxonomy":"category","description":"","parent":37,"count":8,"filter":"raw"}],"rise-blocks_excerpt":"Mihai Caraman, superspionul rom\u00e2n care a reu\u015fit s\u0103 afle secretele \u201ecosmice\u201c ale NATO Re\u0163eaua de spioni organizat\u0103 de Mihai Caraman a fost stafia care a b\u00e2ntuit NATO vreme de 11 ani \u015fi a sustras zeci de informa\u0163ii ultrasecrete pe care le-a pus la dispozi\u0163ia Moscovei. A fost cea mai mare lovitur\u0103 dat\u0103 Organiza\u0163iei Nord-Atlantice \u015fi a r\u0103mas una dintre cele..","yoast_head":"<!-- This site is optimized with the Yoast SEO plugin v26.9 - https:\/\/yoast.com\/product\/yoast-seo-wordpress\/ -->\r\n<title>Re\u021beaua Caraman -<\/title>\r\n<meta name=\"robots\" content=\"index, follow, max-snippet:-1, max-image-preview:large, max-video-preview:-1\" \/>\r\n<link rel=\"canonical\" href=\"https:\/\/desteptati-va.ro\/index.php\/2021\/04\/13\/reteaua-caramna\/\" \/>\r\n<meta property=\"og:locale\" content=\"ro_RO\" \/>\r\n<meta property=\"og:type\" content=\"article\" \/>\r\n<meta property=\"og:title\" content=\"Re\u021beaua Caraman -\" \/>\r\n<meta property=\"og:description\" content=\"Mihai Caraman, superspionul rom\u00e2n care a reu\u015fit s\u0103 afle secretele \u201ecosmice\u201c ale NATO Re\u0163eaua de spioni organizat\u0103 de Mihai CaramanRead More\" \/>\r\n<meta property=\"og:url\" content=\"https:\/\/desteptati-va.ro\/index.php\/2021\/04\/13\/reteaua-caramna\/\" \/>\r\n<meta property=\"article:published_time\" content=\"2021-04-13T09:09:42+00:00\" \/>\r\n<meta property=\"article:modified_time\" content=\"2021-04-20T08:33:37+00:00\" \/>\r\n<meta property=\"og:image\" content=\"https:\/\/desteptati-va.ro\/wp-content\/uploads\/2021\/04\/Mihai-Caraman-e1618304946368.jpg\" \/>\r\n\t<meta property=\"og:image:width\" content=\"333\" \/>\r\n\t<meta property=\"og:image:height\" content=\"201\" \/>\r\n\t<meta property=\"og:image:type\" content=\"image\/jpeg\" \/>\r\n<meta name=\"author\" content=\"wolfsoftcompany\" \/>\r\n<meta name=\"twitter:card\" content=\"summary_large_image\" \/>\r\n<meta name=\"twitter:label1\" content=\"Scris de\" \/>\n\t<meta name=\"twitter:data1\" content=\"wolfsoftcompany\" \/>\n\t<meta name=\"twitter:label2\" content=\"Timp estimat pentru citire\" \/>\n\t<meta name=\"twitter:data2\" content=\"25 de minute\" \/>\r\n<script type=\"application\/ld+json\" class=\"yoast-schema-graph\">{\"@context\":\"https:\/\/schema.org\",\"@graph\":[{\"@type\":\"Article\",\"@id\":\"https:\/\/desteptati-va.ro\/index.php\/2021\/04\/13\/reteaua-caramna\/#article\",\"isPartOf\":{\"@id\":\"https:\/\/desteptati-va.ro\/index.php\/2021\/04\/13\/reteaua-caramna\/\"},\"author\":{\"name\":\"wolfsoftcompany\",\"@id\":\"https:\/\/desteptati-va.ro\/#\/schema\/person\/13182deeebd44920914899f7bb262d6b\"},\"headline\":\"Re\u021beaua Caraman\",\"datePublished\":\"2021-04-13T09:09:42+00:00\",\"dateModified\":\"2021-04-20T08:33:37+00:00\",\"mainEntityOfPage\":{\"@id\":\"https:\/\/desteptati-va.ro\/index.php\/2021\/04\/13\/reteaua-caramna\/\"},\"wordCount\":5012,\"commentCount\":0,\"image\":{\"@id\":\"https:\/\/desteptati-va.ro\/index.php\/2021\/04\/13\/reteaua-caramna\/#primaryimage\"},\"thumbnailUrl\":\"https:\/\/desteptati-va.ro\/wp-content\/uploads\/2021\/04\/Mihai-Caraman-e1618304946368.jpg\",\"keywords\":[\"spionaj\"],\"articleSection\":[\"General\",\"Securitatea\"],\"inLanguage\":\"ro-RO\",\"potentialAction\":[{\"@type\":\"CommentAction\",\"name\":\"Comment\",\"target\":[\"https:\/\/desteptati-va.ro\/index.php\/2021\/04\/13\/reteaua-caramna\/#respond\"]}]},{\"@type\":\"WebPage\",\"@id\":\"https:\/\/desteptati-va.ro\/index.php\/2021\/04\/13\/reteaua-caramna\/\",\"url\":\"https:\/\/desteptati-va.ro\/index.php\/2021\/04\/13\/reteaua-caramna\/\",\"name\":\"Re\u021beaua Caraman -\",\"isPartOf\":{\"@id\":\"https:\/\/desteptati-va.ro\/#website\"},\"primaryImageOfPage\":{\"@id\":\"https:\/\/desteptati-va.ro\/index.php\/2021\/04\/13\/reteaua-caramna\/#primaryimage\"},\"image\":{\"@id\":\"https:\/\/desteptati-va.ro\/index.php\/2021\/04\/13\/reteaua-caramna\/#primaryimage\"},\"thumbnailUrl\":\"https:\/\/desteptati-va.ro\/wp-content\/uploads\/2021\/04\/Mihai-Caraman-e1618304946368.jpg\",\"datePublished\":\"2021-04-13T09:09:42+00:00\",\"dateModified\":\"2021-04-20T08:33:37+00:00\",\"author\":{\"@id\":\"https:\/\/desteptati-va.ro\/#\/schema\/person\/13182deeebd44920914899f7bb262d6b\"},\"breadcrumb\":{\"@id\":\"https:\/\/desteptati-va.ro\/index.php\/2021\/04\/13\/reteaua-caramna\/#breadcrumb\"},\"inLanguage\":\"ro-RO\",\"potentialAction\":[{\"@type\":\"ReadAction\",\"target\":[\"https:\/\/desteptati-va.ro\/index.php\/2021\/04\/13\/reteaua-caramna\/\"]}]},{\"@type\":\"ImageObject\",\"inLanguage\":\"ro-RO\",\"@id\":\"https:\/\/desteptati-va.ro\/index.php\/2021\/04\/13\/reteaua-caramna\/#primaryimage\",\"url\":\"https:\/\/desteptati-va.ro\/wp-content\/uploads\/2021\/04\/Mihai-Caraman-e1618304946368.jpg\",\"contentUrl\":\"https:\/\/desteptati-va.ro\/wp-content\/uploads\/2021\/04\/Mihai-Caraman-e1618304946368.jpg\",\"width\":333,\"height\":201},{\"@type\":\"BreadcrumbList\",\"@id\":\"https:\/\/desteptati-va.ro\/index.php\/2021\/04\/13\/reteaua-caramna\/#breadcrumb\",\"itemListElement\":[{\"@type\":\"ListItem\",\"position\":1,\"name\":\"Prima pagin\u0103\",\"item\":\"https:\/\/desteptati-va.ro\/\"},{\"@type\":\"ListItem\",\"position\":2,\"name\":\"Re\u021beaua Caraman\"}]},{\"@type\":\"WebSite\",\"@id\":\"https:\/\/desteptati-va.ro\/#website\",\"url\":\"https:\/\/desteptati-va.ro\/\",\"name\":\"\",\"description\":\"\",\"potentialAction\":[{\"@type\":\"SearchAction\",\"target\":{\"@type\":\"EntryPoint\",\"urlTemplate\":\"https:\/\/desteptati-va.ro\/?s={search_term_string}\"},\"query-input\":{\"@type\":\"PropertyValueSpecification\",\"valueRequired\":true,\"valueName\":\"search_term_string\"}}],\"inLanguage\":\"ro-RO\"},{\"@type\":\"Person\",\"@id\":\"https:\/\/desteptati-va.ro\/#\/schema\/person\/13182deeebd44920914899f7bb262d6b\",\"name\":\"wolfsoftcompany\",\"image\":{\"@type\":\"ImageObject\",\"inLanguage\":\"ro-RO\",\"@id\":\"https:\/\/desteptati-va.ro\/#\/schema\/person\/image\/\",\"url\":\"https:\/\/secure.gravatar.com\/avatar\/a6cce9b6d101d27d91690e7073e300fed94c0899890bf998e082cb9d2c3d121e?s=96&d=mm&r=g\",\"contentUrl\":\"https:\/\/secure.gravatar.com\/avatar\/a6cce9b6d101d27d91690e7073e300fed94c0899890bf998e082cb9d2c3d121e?s=96&d=mm&r=g\",\"caption\":\"wolfsoftcompany\"},\"sameAs\":[\"http:\/\/desteptati-va.ro\"],\"url\":\"https:\/\/desteptati-va.ro\/index.php\/author\/wolfsoftcompany\/\"}]}<\/script>\r\n<!-- \/ Yoast SEO plugin. -->","yoast_head_json":{"title":"Re\u021beaua Caraman -","robots":{"index":"index","follow":"follow","max-snippet":"max-snippet:-1","max-image-preview":"max-image-preview:large","max-video-preview":"max-video-preview:-1"},"canonical":"https:\/\/desteptati-va.ro\/index.php\/2021\/04\/13\/reteaua-caramna\/","og_locale":"ro_RO","og_type":"article","og_title":"Re\u021beaua Caraman -","og_description":"Mihai Caraman, superspionul rom\u00e2n care a reu\u015fit s\u0103 afle secretele \u201ecosmice\u201c ale NATO Re\u0163eaua de spioni organizat\u0103 de Mihai CaramanRead More","og_url":"https:\/\/desteptati-va.ro\/index.php\/2021\/04\/13\/reteaua-caramna\/","article_published_time":"2021-04-13T09:09:42+00:00","article_modified_time":"2021-04-20T08:33:37+00:00","og_image":[{"width":333,"height":201,"url":"https:\/\/desteptati-va.ro\/wp-content\/uploads\/2021\/04\/Mihai-Caraman-e1618304946368.jpg","type":"image\/jpeg"}],"author":"wolfsoftcompany","twitter_card":"summary_large_image","twitter_misc":{"Scris de":"wolfsoftcompany","Timp estimat pentru citire":"25 de minute"},"schema":{"@context":"https:\/\/schema.org","@graph":[{"@type":"Article","@id":"https:\/\/desteptati-va.ro\/index.php\/2021\/04\/13\/reteaua-caramna\/#article","isPartOf":{"@id":"https:\/\/desteptati-va.ro\/index.php\/2021\/04\/13\/reteaua-caramna\/"},"author":{"name":"wolfsoftcompany","@id":"https:\/\/desteptati-va.ro\/#\/schema\/person\/13182deeebd44920914899f7bb262d6b"},"headline":"Re\u021beaua Caraman","datePublished":"2021-04-13T09:09:42+00:00","dateModified":"2021-04-20T08:33:37+00:00","mainEntityOfPage":{"@id":"https:\/\/desteptati-va.ro\/index.php\/2021\/04\/13\/reteaua-caramna\/"},"wordCount":5012,"commentCount":0,"image":{"@id":"https:\/\/desteptati-va.ro\/index.php\/2021\/04\/13\/reteaua-caramna\/#primaryimage"},"thumbnailUrl":"https:\/\/desteptati-va.ro\/wp-content\/uploads\/2021\/04\/Mihai-Caraman-e1618304946368.jpg","keywords":["spionaj"],"articleSection":["General","Securitatea"],"inLanguage":"ro-RO","potentialAction":[{"@type":"CommentAction","name":"Comment","target":["https:\/\/desteptati-va.ro\/index.php\/2021\/04\/13\/reteaua-caramna\/#respond"]}]},{"@type":"WebPage","@id":"https:\/\/desteptati-va.ro\/index.php\/2021\/04\/13\/reteaua-caramna\/","url":"https:\/\/desteptati-va.ro\/index.php\/2021\/04\/13\/reteaua-caramna\/","name":"Re\u021beaua Caraman -","isPartOf":{"@id":"https:\/\/desteptati-va.ro\/#website"},"primaryImageOfPage":{"@id":"https:\/\/desteptati-va.ro\/index.php\/2021\/04\/13\/reteaua-caramna\/#primaryimage"},"image":{"@id":"https:\/\/desteptati-va.ro\/index.php\/2021\/04\/13\/reteaua-caramna\/#primaryimage"},"thumbnailUrl":"https:\/\/desteptati-va.ro\/wp-content\/uploads\/2021\/04\/Mihai-Caraman-e1618304946368.jpg","datePublished":"2021-04-13T09:09:42+00:00","dateModified":"2021-04-20T08:33:37+00:00","author":{"@id":"https:\/\/desteptati-va.ro\/#\/schema\/person\/13182deeebd44920914899f7bb262d6b"},"breadcrumb":{"@id":"https:\/\/desteptati-va.ro\/index.php\/2021\/04\/13\/reteaua-caramna\/#breadcrumb"},"inLanguage":"ro-RO","potentialAction":[{"@type":"ReadAction","target":["https:\/\/desteptati-va.ro\/index.php\/2021\/04\/13\/reteaua-caramna\/"]}]},{"@type":"ImageObject","inLanguage":"ro-RO","@id":"https:\/\/desteptati-va.ro\/index.php\/2021\/04\/13\/reteaua-caramna\/#primaryimage","url":"https:\/\/desteptati-va.ro\/wp-content\/uploads\/2021\/04\/Mihai-Caraman-e1618304946368.jpg","contentUrl":"https:\/\/desteptati-va.ro\/wp-content\/uploads\/2021\/04\/Mihai-Caraman-e1618304946368.jpg","width":333,"height":201},{"@type":"BreadcrumbList","@id":"https:\/\/desteptati-va.ro\/index.php\/2021\/04\/13\/reteaua-caramna\/#breadcrumb","itemListElement":[{"@type":"ListItem","position":1,"name":"Prima pagin\u0103","item":"https:\/\/desteptati-va.ro\/"},{"@type":"ListItem","position":2,"name":"Re\u021beaua Caraman"}]},{"@type":"WebSite","@id":"https:\/\/desteptati-va.ro\/#website","url":"https:\/\/desteptati-va.ro\/","name":"","description":"","potentialAction":[{"@type":"SearchAction","target":{"@type":"EntryPoint","urlTemplate":"https:\/\/desteptati-va.ro\/?s={search_term_string}"},"query-input":{"@type":"PropertyValueSpecification","valueRequired":true,"valueName":"search_term_string"}}],"inLanguage":"ro-RO"},{"@type":"Person","@id":"https:\/\/desteptati-va.ro\/#\/schema\/person\/13182deeebd44920914899f7bb262d6b","name":"wolfsoftcompany","image":{"@type":"ImageObject","inLanguage":"ro-RO","@id":"https:\/\/desteptati-va.ro\/#\/schema\/person\/image\/","url":"https:\/\/secure.gravatar.com\/avatar\/a6cce9b6d101d27d91690e7073e300fed94c0899890bf998e082cb9d2c3d121e?s=96&d=mm&r=g","contentUrl":"https:\/\/secure.gravatar.com\/avatar\/a6cce9b6d101d27d91690e7073e300fed94c0899890bf998e082cb9d2c3d121e?s=96&d=mm&r=g","caption":"wolfsoftcompany"},"sameAs":["http:\/\/desteptati-va.ro"],"url":"https:\/\/desteptati-va.ro\/index.php\/author\/wolfsoftcompany\/"}]}},"_links":{"self":[{"href":"https:\/\/desteptati-va.ro\/index.php\/wp-json\/wp\/v2\/posts\/3422","targetHints":{"allow":["GET"]}}],"collection":[{"href":"https:\/\/desteptati-va.ro\/index.php\/wp-json\/wp\/v2\/posts"}],"about":[{"href":"https:\/\/desteptati-va.ro\/index.php\/wp-json\/wp\/v2\/types\/post"}],"author":[{"embeddable":true,"href":"https:\/\/desteptati-va.ro\/index.php\/wp-json\/wp\/v2\/users\/1"}],"replies":[{"embeddable":true,"href":"https:\/\/desteptati-va.ro\/index.php\/wp-json\/wp\/v2\/comments?post=3422"}],"version-history":[{"count":2,"href":"https:\/\/desteptati-va.ro\/index.php\/wp-json\/wp\/v2\/posts\/3422\/revisions"}],"predecessor-version":[{"id":3425,"href":"https:\/\/desteptati-va.ro\/index.php\/wp-json\/wp\/v2\/posts\/3422\/revisions\/3425"}],"wp:featuredmedia":[{"embeddable":true,"href":"https:\/\/desteptati-va.ro\/index.php\/wp-json\/wp\/v2\/media\/3213"}],"wp:attachment":[{"href":"https:\/\/desteptati-va.ro\/index.php\/wp-json\/wp\/v2\/media?parent=3422"}],"wp:term":[{"taxonomy":"category","embeddable":true,"href":"https:\/\/desteptati-va.ro\/index.php\/wp-json\/wp\/v2\/categories?post=3422"},{"taxonomy":"post_tag","embeddable":true,"href":"https:\/\/desteptati-va.ro\/index.php\/wp-json\/wp\/v2\/tags?post=3422"}],"curies":[{"name":"wp","href":"https:\/\/api.w.org\/{rel}","templated":true}]}}