{"id":3426,"date":"2021-04-13T09:48:40","date_gmt":"2021-04-13T09:48:40","guid":{"rendered":"http:\/\/desteptati.ro\/?p=3426"},"modified":"2021-04-20T08:34:31","modified_gmt":"2021-04-20T08:34:31","slug":"familia-sturza-o-familie-de-tradatori","status":"publish","type":"post","link":"https:\/\/desteptati-va.ro\/index.php\/2021\/04\/13\/familia-sturza-o-familie-de-tradatori\/","title":{"rendered":"Familia Sturza, o familie de tradatori !"},"content":{"rendered":"<div class=\"post-content\"><div class='booster-block booster-read-block'>\n                <div class=\"twp-read-time\">\n                \t<i class=\"booster-icon twp-clock\"><\/i> <span>Read Time:<\/span>7 Minute, 55 Second                <\/div>\n\n            <\/div>\r\n<p class=\"wp-block-paragraph\">&nbsp;<\/p>\r\n\r\n\r\n\r\n<p class=\"wp-block-paragraph\" style=\"font-size: 26px;\">\u00a0<strong>O familie de tr\u0103d\u0103tori.Tr\u0103darea lui Dimitrie Sturdza ne-a costat independen\u0163a, fiul s\u0103u ne-a v\u0103ndut nem\u0163ilor<\/strong><\/p>\r\n\r\n\r\n\r\n<h4 class=\"has-black-color has-text-color has-medium-font-size\">Subiectul detron\u0103rii lui Alexandru Ioan Cuza a r\u0103mas unul fierbinte p\u00e2n\u0103 \u00een secolul al XX-lea \u2013 \u00een mare parte \u0219i datorit\u0103 faptului c\u0103 tr\u0103d\u0103torul D.A. Sturdza era \u00eenc\u0103 activ \u00een via\u021ba politic\u0103 a Rom\u00e2niei. Astfel, \u00een anul 1903, ziarul bucure\u0219tean \u201e\u021aara\u201d public\u0103 un articol sub titlul \u201eTr\u0103darea lui Sturdza fa\u021b\u0103 de Cuza\u201d, din care red\u0103m principalele pasaje \u00een r\u00e2ndurile urm\u0103toare.<\/h4>\r\n<h4>\r\n\r\n<\/h4>\r\n<h4 class=\"has-black-color has-text-color has-medium-font-size\">\u201e\u00cemp\u0103ratul Napoleon al III\u2013lea avea o simpatie deosebit\u0103 pentru Cuza, de c\u00e2nd cu lag\u0103rul de la Furceni (Prahova) \u0219i, g\u00e2ndindu-se cum ar putea s\u0103-l m\u0103reasc\u0103 \u00een fa\u021b\u0103 rom\u00e2nilor, \u00eei trimite o scrisoare printr-un curier special, \u00een care \u00eei scrie: &lt;&lt;Str\u00e2nge oric\u00e2t\u0103 armata ai \u0219i concentreaz-o \u00een c\u00e2teva puncte pe malul Dun\u0103rii, apoi proclam\u0103 independen\u021ba \u021b\u0103rii, c\u0103ci eu voi sili\u00a0 Turcia s\u0103 primeasc\u0103 pe aceasta ca fapt \u00eemplinit&gt;&gt;. Bucuros de o asemenea veste, Domnitorul a avut funest\u0103 ideea de a o comunica \u0219i secretarului s\u0103u particular de atunci, nimeni altul dec\u00e2t Dimitrie A. Sturdza. Acesta, \u00een \u00een\u021belegere cu Ion Ghica, fostul Bey de Samos, s-a gr\u0103bit s\u0103 in\u0219tiinteze consulii englez, austriac \u0219i prusian de uluitoarea tentativ\u0103 napoleonian\u0103. Pe dat\u0103 a fost alarmat\u0103 presa occidental\u0103, spre penibil\u0103 impresie a \u00eemp\u0103ratului Fran\u021bei.\u00a0<\/h4>\r\n<h4>\r\n\r\n<\/h4>\r\n<figure class=\"aligncenter size-large is-resized\"><a href=\"http:\/\/www.desteptati-va.ro\/wp-content\/uploads\/2021\/02\/Dimitrie-Alexandru-Sturza.jpg\"><img loading=\"lazy\" decoding=\"async\" class=\"wp-image-5580\" src=\"http:\/\/www.desteptati-va.ro\/wp-content\/uploads\/2021\/02\/Dimitrie-Alexandru-Sturza.jpg\" alt=\"\" width=\"875\" height=\"547\" \/><\/a><\/figure>\r\n<h4>\r\n\r\n<\/h4>\r\n<h4 class=\"has-vivid-red-color has-text-color has-medium-font-size\"><span style=\"color: #ff0000;\"><strong><em>Povestea unor tr\u0103d\u0103tori din tat\u0103 \u00een fiu. Cum a tr\u0103dat colonelul Alexandru Sturdza \u0163ara.<\/em><\/strong><\/span><\/h4>\r\n<h4>\r\n\r\n<\/h4>\r\n<h4 class=\"has-black-color has-text-color has-medium-font-size\">Spre sf\u00e2r\u015fitul lunii ianuarie 1917 avea s\u0103 vin\u0103 o veste \u00eengrijor\u0103toare. Un \u00eenalt ofi\u0163er rom\u00e2n, comandant de divizie, colonelul Alexandru D. Sturdza a trecut la inamic ! \u015ei nici mai mult nici mai pu\u0163in \u2013 dorea s\u0103 atrag\u0103 o dezertare \u00een mas\u0103 a trupelor de pe front. \u015eocul a fost total \u00een societatea rom\u00e2neasc\u0103, mul\u0163i fiind convin\u015fi, la \u00eenceput, c\u0103 este vorba de o gre\u015feal\u0103 \u2013 un ofi\u0163er din \u00eenalta societate nu putea s\u0103 tr\u0103deze \u00een felul acesta.<\/h4>\r\n<h4>\r\n\r\n<\/h4>\r\n<h4 class=\"has-black-color has-text-color has-medium-font-size\">De\u015fi cu un imact major asupra moralului, tr\u0103darea lui Sturdza nu va avea efecte practice dezastruoase. Solda\u0163ii rom\u00e2ni nu au p\u0103r\u0103sit tran\u015feele \u015fi nici \u00eencercarea lui Sturdza de a aduna trupe din lag\u0103rele de prizonieri germane nu va avea succes.<\/h4>\r\n<h4>\r\n\r\n<\/h4>\r\n<h4 class=\"has-vivid-red-color has-text-color has-medium-font-size\"><span style=\"color: #ff0000;\"><strong><em>Tr\u0103darea era pretutindeni<\/em><\/strong><\/span><\/h4>\r\n<h4>\r\n\r\n<\/h4>\r\n<h4 class=\"has-black-color has-text-color has-medium-font-size\">Ne\u00eencrederea \u015fi dezn\u0103dejdea cuprinsese o mare parte a popula\u0163iei. Ziarele \u00eencercau s\u0103 \u00eembl\u00e2nzeasc\u0103 orice veste nefast\u0103 \u015fi s\u0103 asigure prin lungi articole \u00eencrederea \u00een victorie. \u00cen realitate \u00eens\u0103, tot mai multe voci se ridicau \u00eempotriva guvernului Br\u0103tianu, considerat vinovat de pierderea a dou\u0103 treimi din \u0163ar\u0103, \u015fi a Regelui \u015fi Reginei, din cauza pornirii r\u0103zboiului. Nicolae Iorga nota: \u201eTr\u0103darea era pretutindeni. O citeai din ochii bucuro\u015fi pentru orice e\u015fec pe front, de orice \u015ftire fals\u0103\u201d. Adesea se auzeau \u201ehohotele de r\u00e2s ale mizerabililor pentru care dezastrul na\u0163ional reprezenta o adeverire de profe\u0163ii.. un fel de satisfac\u0163ii pentru inteligen\u0163a lor mai ascu\u0163it\u0103\u201d.<\/h4>\r\n<h4>\r\n\r\n<\/h4>\r\n<h4 class=\"has-vivid-red-color has-text-color has-medium-font-size\"><span style=\"color: #ff0000;\"><strong><em>Retragerea nejustificat\u0103<\/em><\/strong><\/span><\/h4>\r\n<h4>\r\n\r\n<\/h4>\r\n<h4 class=\"has-black-color has-text-color has-medium-font-size\">Colonelul Sturdza ajunsese la sf\u00e2r\u015fitul lui 1916 sub comanda generalului Averescu, \u015feful Armatei a II-a \u015fi se g\u0103sea pe linia frontului. Opiniile sale filogermane erau cunoscute \u00eens\u0103 loialitatea sa fa\u0163\u0103 de armata rom\u00e2n\u0103 nu era pus\u0103 \u00een discu\u0163ie. B\u0103nuieli apar \u00eens\u0103 la finalul lunii decembrie c\u00e2nd colonelul ordon\u0103 trupelor sale retrageri succesive \u015fi nejustificate. Generalul Alexandru Averescu \u2013 avea s\u0103 noteze pe 24. XII:<\/h4>\r\n<h4>\r\n\r\n<\/h4>\r\n<h4 class=\"has-black-color has-text-color has-medium-font-size\">\u201eCea mai ur\u00e2t\u0103 zi din cursul campaniei poate din via\u0163\u0103 chiar!<\/h4>\r\n<h4>\r\n\r\n<\/h4>\r\n<h4 class=\"has-black-color has-text-color has-medium-font-size\">Colonelul Sturdza s\u2019a retras f\u0103r\u0103 cauze aparente, precipitat \u015fi f\u0103r\u0103 a m\u0103 preveni la timp, astfel c\u0103 a l\u0103sat un gol \u00eentre el \u015fi generalul Grigorescu.<\/h4>\r\n<h4>\r\n\r\n<\/h4>\r\n<h4 class=\"has-black-color has-text-color has-medium-font-size\">Austro-Germanii au profitat. Patrulele lor sunt deja la Pralea. Dac\u0103 nu parez repede lovitura, linia Trotu\u015fului este amenin\u0163at\u0103 foarte serios\u201d.<\/h4>\r\n<h4>\r\n\r\n<\/h4>\r\n<h4 class=\"has-black-color has-text-color has-medium-font-size\">Ne\u00eencrederea se instalase.<\/h4>\r\n<h4>\r\n\r\n<\/h4>\r\n<h4 class=\"has-black-color has-text-color has-medium-font-size\">\u201eColonelul Sturdza este sup\u0103rat c\u0103 judec sever retragerea lui ! \u2026<\/h4>\r\n<h4>\r\n\r\n<\/h4>\r\n<h4 class=\"has-black-color has-text-color has-medium-font-size\">Am scris g-lului Prezan sa mi-l ia din Armat\u0103. Nu am ce face cu astfel de \u00eenfumura\u0163i, cari cu toate c\u0103 au unele calit\u0103\u0163i, sunt mai mult o \u00eencurc\u0103tur\u0103, dec\u00e2t un ajutor.<\/h4>\r\n<h4>\r\n\r\n<\/h4>\r\n<h4 class=\"has-black-color has-text-color has-medium-font-size\">Prin noua ordine de b\u0103taie acest tactician \u201esui generis\u201d este numit comandant de Divizie, \u00een Armat\u0103 la mine. Sper s\u0103 m\u0103 cur\u0103\u0163 de el. Are calit\u0103\u0163i; defectele \u00eens\u0103 precump\u0103nesc\u201d. (Alexandru Averescu \u2013 Noti\u0163e zilnice din r\u0103sboiu)<\/h4>\r\n<h4>\r\n\r\n<\/h4>\r\n<h4 class=\"has-black-color has-text-color has-medium-font-size\">Opiniile lui Averescu nu au \u00eens\u0103 c\u00e2\u015ftig de cauz\u0103. Ba din contr\u0103. La \u00eenceputul lunii ianuarie, Regele Ferdinand vine pe front \u015fi decoreaz\u0103, printre al\u0163ii \u015fi pe colonelul Sturdza.<\/h4>\r\n<h4>\r\n\r\n<\/h4>\r\n<h4 class=\"has-vivid-red-color has-text-color has-medium-font-size\"><strong><span style=\"color: #ff0000;\"><em>Execu\u0163ia unui nevinovat<\/em><\/span><\/strong><\/h4>\r\n<h4>\r\n\r\n<\/h4>\r\n<h4 class=\"has-black-color has-text-color has-medium-font-size\">Pentru a risipi b\u0103nuielile c\u0103 se retrage f\u0103r\u0103 rost din fa\u0163a trupelor germane, colonelul Sturdza apeleaz\u0103 la o diversiune, acuz\u00e2ndu-l de tr\u0103dare pe sublocotenentul Constantin Ciulei, comandant de companie \u00een Regimentul 8 Infanterie Buz\u0103u. Prilejul a fost lupta de pe dealul Mom\u00e2ia (cotele 625 \u0219i 632). Zona avea un important rol strategic, deoarece domina practic Valea Su\u0219i\u0163ei.<\/h4>\r\n<h4>\r\n\r\n<\/h4>\r\n<h4 class=\"has-black-color has-text-color has-medium-font-size\">De aceea, pentru ele s-au desf\u0103\u0219urat lupte \u00eenver\u0219unate. Compania lui Ciulei f\u0103cea parte din deta\u0219amentul c\u0103pitanului Constantin M\u0103rculescu. Nem\u0163ii au atacat cu putere \u00een dup\u0103 amiaza zilei de 26 decembrie 1916\/8 ianuarie 1917 ap\u0103rarea rom\u00e2n\u0103 de pe dealul Mom\u00e2ia, iar trupele noastre au fost respinse.<\/h4>\r\n<h4>\r\n\r\n<\/h4>\r\n<h4 class=\"has-black-color has-text-color has-medium-font-size\">C\u0103pitanul de rezerv\u0103 Constantin Polihroniade, cu toate c\u0103 nu participase la ac\u0163iune, l-a reclamat pe sublocotenentul Ciulei colonelului Sturdza, acuz\u00e2ndu-l cu lucruri foarte grave: lips\u0103 de combativitate \u0219i p\u0103r\u0103sirea c\u00e2mpului de lupt\u0103 f\u0103r\u0103 ordin. Colonelul Sturdza a mers, conform unor surse, chiar \u00een noaptea de 27 decembrie 1916\/9 ianuarie 1917 la deta\u0219amentul c\u0103pitanului Constantin M\u0103rculescu cer\u00e2nd, de\u0219i nu era de competen\u0163a lui, executarea celor doi ofi\u0163eri.<\/h4>\r\n<h4>\r\n\r\n<\/h4>\r\n<h4 class=\"has-black-color has-text-color has-medium-font-size\">De\u0219i r\u0103nit, c\u0103pitanul Constantin M\u0103rculescu a reu\u0219it s\u0103 fug\u0103, ajung\u00e2nd, mai \u00eent\u00e2i, la spitalul din Burdujeni l\u00e2ng\u0103 Ia\u0219i, iar apoi la cel din Boto\u0219ani. A revenit apoi la Regimentul 8 Infanterie. Sublocotenentul Ciulei s-a ascuns \u00een satul Vardea, dar un subofi\u0163er a reu\u0219it s\u0103-l aresteze, pred\u00e2ndu-l colonelului Sturdza.<\/h4>\r\n<h4>\r\n\r\n<\/h4>\r\n<h4 class=\"has-black-color has-text-color has-medium-font-size\">Imediat , comandantul Brig\u0103zii 7 Mixte a reclamat cazul pretorului Diviziei 1 Inf anterie rom\u00e2n\u0103 , sus\u0163in\u00e2nd c\u0103 o companie rom\u00e2n\u0103 a trecut la inamic, lucru care era \u00eens\u0103 fals. Instan\u0163a s-a gr\u0103bit \u00een pronun\u0163area sentin\u0163ei. L-a condamnat pe Constantin Ciulei la moarte \u015fi a fost executat, de\u0219i era nevinovat.<\/h4>\r\n<h4>\r\n\r\n<\/h4>\r\n<h4 class=\"has-vivid-red-color has-text-color has-medium-font-size\"><span style=\"color: #ff0000;\"><strong><em>Filmul tr\u0103d\u0103rii<\/em><\/strong><\/span><\/h4>\r\n<h4>\r\n\r\n<\/h4>\r\n<h4 class=\"has-black-color has-text-color has-medium-font-size\">La finalul lunii ianuarie, colonelul Sturza prime\u015fte comanda unei divizii aflate \u00een refacere \u00een spatele frontului. Aceast\u0103 mutare \u00eei z\u0103d\u0103rnice\u015fte planurile de a organiza o dezertare \u00een mas\u0103 \u015fi hot\u0103r\u0103\u015fte s\u0103 ac\u0163ioneze imediat. Sub pretextul c\u0103 vine s\u0103 \u00ee\u015fi ia la revedere de la fo\u015ftii subordona\u0163i vine \u00een linia I pe 24 ianuarie \u015fi, \u00eenso\u0163it doar de locotenentul Constantin Wachmann \u015fi ordonan\u0163a sa, viziteaz\u0103 un punct avansat al liniei rom\u00e2ne\u015fti. \u00cen scurt timp izbucne\u015fte un scurt schimb de focuri, dup\u0103 care trupele rom\u00e2ne g\u0103sesc \u00een \u201e\u0163inutul nim\u0103nui\u201d trupul ordonan\u0163ei lui Sturdza, \u00eempu\u015fcat \u00een cap.<\/h4>\r\n<h4>\r\n\r\n<\/h4>\r\n<h4 class=\"has-black-color has-text-color has-medium-font-size\">\u015eocul a fost imens, pu\u0163ini fiind cei care au tratat situa\u0163ia ca o dezertare. Sturdza e dat disp\u0103rut \u015fi abia pe 27 ianuarie este declarat tr\u0103d\u0103tor. Generalul Averescu avea s\u0103 noteze \u00een jurnal, abia pe 29 ianuarie: \u201eOribil!\u2026 colonelul Sturdza a trecut la inamic !\u201d.<\/h4>\r\n<h4>\r\n\r\n<\/h4>\r\n<h4 class=\"has-vivid-red-color has-text-color has-medium-font-size\"><span style=\"color: #ff0000;\"><strong><em>Manifeste f\u0103r\u0103 succes<\/em><\/strong><\/span><\/h4>\r\n<h4>\r\n\r\n<\/h4>\r\n<h4 class=\"has-black-color has-text-color has-medium-font-size\">Ajuns \u00een liniile germane, Sturdza este convins c\u0103 starea de lucruri de pe front \u015fi prestigiul s\u0103u va duce la o mi\u015fcare general\u0103 \u00een r\u00e2ndurile osta\u015filor. Preg\u0103te\u015fte un manifest c\u0103tre solda\u0163i \u00een care depl\u00e2nge situa\u0163ia \u0163\u0103rii, \u00een cea mai mare parte ocupat\u0103 \u015fi restul \u201epr\u0103dat de ru\u015fi\u201d. Existau reale animozit\u0103\u0163i \u00eentre trupele rom\u00e2ne \u015fi cele ruse\u015fti, inclusiv la nivelul ofi\u0163erilor. F\u0103r\u0103 fapte de arme deosebite, ru\u015fii se considerau superiori, rechizi\u0163ionau cele mai bune materiale \u015fi \u00eei tratau pe rom\u00e2ni ca subordona\u0163i. Pe 29 ianuarie, colonelul Sturdza se \u00eent\u00e2lne\u015fte \u00eentre linii cu Constantin Cr\u0103iniceanu, comandantul Regimentului 25 Infanterie \u015fi unul din colaboratorii care \u00eei \u00eemp\u0103rt\u0103\u015fea punctele de vedere. Sturza \u00eenm\u00e2neaz\u0103 manifeste, planul fiind ca odat\u0103 \u00eentors \u00een liniile rom\u00e2ne, Cr\u0103iniceanu s\u0103 conving\u0103 trupa sa s\u0103 treac\u0103 de partea nem\u0163ilor. \u00cent\u00e2lnirea era \u00eens\u0103 urm\u0103rit\u0103 \u015fi Cr\u0103iniceanu este imediat arestat. De altfel, Sturza \u00eenc\u0103rcase cu manifeste \u015fi al\u0163i 40 de prizonieri rom\u00e2ni, \u00eens\u0103 ace\u015ftia au predat imediat materialele ofi\u0163erilor de pe frontul rom\u00e2n. Dezert\u0103rile masive nu au existat, spre dezam\u0103girea nem\u0163ilor.<\/h4>\r\n<h4>\r\n\r\n<\/h4>\r\n<h4 class=\"has-black-color has-text-color has-medium-font-size\">\u00cen februarie 1917, Curtea Mar\u0163ial\u0103 \u00eel condamn\u0103, \u00een lips\u0103 pe colonelul Sturdza la moarte. Complicele s\u0103u, Constantin Cr\u0103iniceanu, fiul generalului Cr\u0103iniceanu \u015fi rud\u0103 cu generalul Prezan se bucur\u0103 de o pedeaps\u0103 \u00eembl\u00e2nzit\u0103 \u2013 15 ani de munc\u0103 silnic\u0103. Presiunea opiniei publice era \u00eens\u0103 prea mare \u2013 generalul Prezan caseaz\u0103 prima sentin\u0163\u0103 \u015fi cere condamnarea la moarte pentru Cr\u0103iniceanu, acesta fiind executat \u00een fa\u0163a trupei sale.<\/h4>\r\n<h4>\r\n\r\n<\/h4>\r\n<h4 class=\"has-black-color has-text-color has-medium-font-size\">Alexandru D. Sturdza s-a n\u0103scut la 23 mai 1869 \u00eentr-una din cele mai influente familii boiere\u015fti. Era unicul fiu al cunoscutului om politic liberal Dimitrie A. Sturdza (1833-1914). Intrat de t\u00e2n\u0103r, la 17 ani, \u00een armat\u0103 are parte de mai multe stagii de studii \u00een Germania, inclusiv la Academia militar\u0103 din Berlin. Devine un admirator al armatei germane \u015fi a organiz\u0103rii acesteia.<\/h4>\r\n<h4>\r\n\r\n<\/h4>\r\n<h4 class=\"has-black-color has-text-color has-medium-font-size\">\u00centors \u00een \u0163ar\u0103 \u00een 1912 prime\u015fte comanda unui batalion \u015fi particip\u0103 la camapania din Bulgaria \u00een 1913. Urc\u0103 repede trepetele ierarhice \u015fi la \u00eenceputul primului r\u0103zboi mondial este colonel. Dup\u0103 trecerea \u00een liniile germane \u015fi nereu\u015fita atragerii trupelor de pe front, duce o campanie de a g\u0103si sus\u0163in\u0103tori ai cauzei germane \u00een r\u00e2ndurile prizonierilor rom\u00e2ni din zona de control a Puterilor Centrale. \u015ei de aceast\u0103 dat\u0103, nu reu\u015fe\u015fte s\u0103 \u00eenchege unit\u0103\u0163i militare care s\u0103 lupte contra rom\u00e2nilor din Moldova. Armisti\u0163iul \u015fi pacea din prim\u0103vara anului 1918, \u00eel sile\u015fte s\u0103 p\u0103r\u0103seasc\u0103 Rom\u00e2nia fiind privit cu ostilitate \u00een \u0163ar\u0103.<\/h4>\r\n<h4>\r\n\r\n<\/h4>\r\n<h4 class=\"has-black-color has-text-color has-medium-font-size\">Alexandru D. Sturdza nu a mai revenit niciodat\u0103 \u00een Rom\u00e2nia, de\u0219i a dorit mult acest lucru \u0219i a f\u0103cut numeroase \u0219i repetate demersuri. Prin memorii trimise conduc\u0103torilor \u0163\u0103rii a \u00eencercat s\u0103 se disculpe, s\u0103 motiveze gestul din iarna lui 1917 \u015fi s\u0103 fie gra\u0163iat. A fost de fiecare dat\u0103 refuzat, \u00eens\u0103 nici autorit\u0103\u0163ile nu au insistat pentru arestarea sa \u015fi ducerea la \u00eendeplinire a condamn\u0103rii la moarte. A locuit \u00eempreun\u0103 cu familia \u00een Germania \u015fi Elve\u0163ia \u00eencet\u00e2nd din via\u0163\u0103 \u00een septembrie 1939.<\/h4>\r\n\r\n\r\n\r\n\r\n        <div class=\"booster-block booster-reactions-block\">\n            <div class=\"twp-reactions-icons\">\n                \n                <div class=\"twp-reacts-wrap\">\n                    <a react-data=\"be-react-1\" post-id=\"3426\" class=\"be-face-icons un-reacted\" href=\"javascript:void(0)\">\n                        <img decoding=\"async\" src=\"https:\/\/desteptati-va.ro\/wp-content\/plugins\/booster-extension\/\/assets\/icon\/happy.svg\" alt=\"Happy\">\n                    <\/a>\n                    <div class=\"twp-reaction-title\">\n                        Happy                    <\/div>\n                    <div class=\"twp-count-percent\">\n                                                    <span style=\"display: none;\" class=\"twp-react-count\">0<\/span>\n                        \n                                                <span class=\"twp-react-percent\"><span>0<\/span> %<\/span>\n                                            <\/div>\n                <\/div>\n\n                <div class=\"twp-reacts-wrap\">\n                    <a react-data=\"be-react-2\" post-id=\"3426\" class=\"be-face-icons un-reacted\" href=\"javascript:void(0)\">\n                        <img decoding=\"async\" src=\"https:\/\/desteptati-va.ro\/wp-content\/plugins\/booster-extension\/\/assets\/icon\/sad.svg\" alt=\"Sad\">\n                    <\/a>\n                    <div class=\"twp-reaction-title\">\n                        Sad                    <\/div>\n                    <div class=\"twp-count-percent\">\n                                                    <span style=\"display: none;\" class=\"twp-react-count\">0<\/span>\n                                                                        <span class=\"twp-react-percent\"><span>0<\/span> %<\/span>\n                                            <\/div>\n                <\/div>\n\n                <div class=\"twp-reacts-wrap\">\n                    <a react-data=\"be-react-3\" post-id=\"3426\" class=\"be-face-icons un-reacted\" href=\"javascript:void(0)\">\n                        <img decoding=\"async\" src=\"https:\/\/desteptati-va.ro\/wp-content\/plugins\/booster-extension\/\/assets\/icon\/excited.svg\" alt=\"Excited\">\n                    <\/a>\n                    <div class=\"twp-reaction-title\">\n                        Excited                    <\/div>\n                    <div class=\"twp-count-percent\">\n                                                    <span style=\"display: none;\" class=\"twp-react-count\">0<\/span>\n                                                                        <span class=\"twp-react-percent\"><span>0<\/span> %<\/span>\n                                            <\/div>\n                <\/div>\n\n                <div class=\"twp-reacts-wrap\">\n                    <a react-data=\"be-react-6\" post-id=\"3426\" class=\"be-face-icons un-reacted\" href=\"javascript:void(0)\">\n                        <img decoding=\"async\" src=\"https:\/\/desteptati-va.ro\/wp-content\/plugins\/booster-extension\/\/assets\/icon\/sleepy.svg\" alt=\"Sleepy\">\n                    <\/a>\n                    <div class=\"twp-reaction-title\">\n                        Sleepy                    <\/div>\n                    <div class=\"twp-count-percent\">\n                                                    <span style=\"display: none;\" class=\"twp-react-count\">0<\/span>\n                        \n                                                <span class=\"twp-react-percent\"><span>0<\/span> %<\/span>\n                                            <\/div>\n                <\/div>\n\n                <div class=\"twp-reacts-wrap\">\n                    <a react-data=\"be-react-4\" post-id=\"3426\" class=\"be-face-icons un-reacted\" href=\"javascript:void(0)\">\n                        <img decoding=\"async\" src=\"https:\/\/desteptati-va.ro\/wp-content\/plugins\/booster-extension\/\/assets\/icon\/angry.svg\" alt=\"Angry\">\n                    <\/a>\n                    <div class=\"twp-reaction-title\">Angry<\/div>\n                    <div class=\"twp-count-percent\">\n                                                    <span style=\"display: none;\" class=\"twp-react-count\">0<\/span>\n                                                                        <span class=\"twp-react-percent\"><span>0<\/span> %<\/span>\n                        \n                    <\/div>\n                <\/div>\n\n                <div class=\"twp-reacts-wrap\">\n                    <a react-data=\"be-react-5\" post-id=\"3426\" class=\"be-face-icons un-reacted\" href=\"javascript:void(0)\">\n                        <img decoding=\"async\" src=\"https:\/\/desteptati-va.ro\/wp-content\/plugins\/booster-extension\/\/assets\/icon\/surprise.svg\" alt=\"Surprise\">\n                    <\/a>\n                    <div class=\"twp-reaction-title\">Surprise<\/div>\n                    <div class=\"twp-count-percent\">\n                                                    <span style=\"display: none;\" class=\"twp-react-count\">2<\/span>\n                                                                        <span class=\"twp-react-percent\"><span>100<\/span> %<\/span>\n                                            <\/div>\n                <\/div>\n\n            <\/div>\n        <\/div>\n\n    <\/div>","protected":false},"excerpt":{"rendered":"<p>&nbsp; \u00a0O familie de tr\u0103d\u0103tori.Tr\u0103darea lui Dimitrie Sturdza ne-a costat independen\u0163a, fiul s\u0103u ne-a v\u0103ndut nem\u0163ilor Subiectul detron\u0103rii lui Alexandru<a href=\"https:\/\/desteptati-va.ro\/index.php\/2021\/04\/13\/familia-sturza-o-familie-de-tradatori\/\">Read More<i class=\"fa fa-long-arrow-right\" aria-hidden=\"true\"><\/i><\/a><\/p>\n","protected":false},"author":1,"featured_media":3170,"comment_status":"open","ping_status":"open","sticky":false,"template":"","format":"standard","meta":{"_crdt_document":"","footnotes":""},"categories":[218,36],"tags":[156],"class_list":["post-3426","post","type-post","status-publish","format-standard","has-post-thumbnail","hentry","category-general","category-file-de-istorie","tag-tradatori"],"rise-blocks_total_comments":7,"rise-blocks_categories":[{"term_id":36,"name":"Primul razboi mondial","slug":"file-de-istorie","term_group":0,"term_taxonomy_id":36,"taxonomy":"category","description":"","parent":28,"count":1,"filter":"raw"}],"rise-blocks_excerpt":"&nbsp; \u00a0O familie de tr\u0103d\u0103tori.Tr\u0103darea lui Dimitrie Sturdza ne-a costat independen\u0163a, fiul s\u0103u ne-a v\u0103ndut nem\u0163ilor Subiectul detron\u0103rii lui Alexandru Ioan Cuza a r\u0103mas unul fierbinte p\u00e2n\u0103 \u00een secolul al XX-lea \u2013 \u00een mare parte \u0219i datorit\u0103 faptului c\u0103 tr\u0103d\u0103torul D.A. Sturdza era \u00eenc\u0103 activ \u00een via\u021ba politic\u0103 a Rom\u00e2niei. Astfel, \u00een anul 1903, ziarul bucure\u0219tean \u201e\u021aara\u201d public\u0103 un articol..","yoast_head":"<!-- This site is optimized with the Yoast SEO plugin v26.9 - https:\/\/yoast.com\/product\/yoast-seo-wordpress\/ -->\r\n<title>Familia Sturza, o familie de tradatori ! -<\/title>\r\n<meta name=\"robots\" content=\"index, follow, max-snippet:-1, max-image-preview:large, max-video-preview:-1\" \/>\r\n<link rel=\"canonical\" href=\"https:\/\/desteptati-va.ro\/index.php\/2021\/04\/13\/familia-sturza-o-familie-de-tradatori\/\" \/>\r\n<meta property=\"og:locale\" content=\"ro_RO\" \/>\r\n<meta property=\"og:type\" content=\"article\" \/>\r\n<meta property=\"og:title\" content=\"Familia Sturza, o familie de tradatori ! -\" \/>\r\n<meta property=\"og:description\" content=\"&nbsp; \u00a0O familie de tr\u0103d\u0103tori.Tr\u0103darea lui Dimitrie Sturdza ne-a costat independen\u0163a, fiul s\u0103u ne-a v\u0103ndut nem\u0163ilor Subiectul detron\u0103rii lui AlexandruRead More\" \/>\r\n<meta property=\"og:url\" content=\"https:\/\/desteptati-va.ro\/index.php\/2021\/04\/13\/familia-sturza-o-familie-de-tradatori\/\" \/>\r\n<meta property=\"article:published_time\" content=\"2021-04-13T09:48:40+00:00\" \/>\r\n<meta property=\"article:modified_time\" content=\"2021-04-20T08:34:31+00:00\" \/>\r\n<meta property=\"og:image\" content=\"https:\/\/desteptati-va.ro\/wp-content\/uploads\/2021\/04\/Batalia-de-la-Oituz-e1618307301706.jpg\" \/>\r\n\t<meta property=\"og:image:width\" content=\"330\" \/>\r\n\t<meta property=\"og:image:height\" content=\"201\" \/>\r\n\t<meta property=\"og:image:type\" content=\"image\/jpeg\" \/>\r\n<meta name=\"author\" content=\"wolfsoftcompany\" \/>\r\n<meta name=\"twitter:card\" content=\"summary_large_image\" \/>\r\n<meta name=\"twitter:label1\" content=\"Scris de\" \/>\n\t<meta name=\"twitter:data1\" content=\"wolfsoftcompany\" \/>\n\t<meta name=\"twitter:label2\" content=\"Timp estimat pentru citire\" \/>\n\t<meta name=\"twitter:data2\" content=\"9 minute\" \/>\r\n<script type=\"application\/ld+json\" class=\"yoast-schema-graph\">{\"@context\":\"https:\/\/schema.org\",\"@graph\":[{\"@type\":\"Article\",\"@id\":\"https:\/\/desteptati-va.ro\/index.php\/2021\/04\/13\/familia-sturza-o-familie-de-tradatori\/#article\",\"isPartOf\":{\"@id\":\"https:\/\/desteptati-va.ro\/index.php\/2021\/04\/13\/familia-sturza-o-familie-de-tradatori\/\"},\"author\":{\"name\":\"wolfsoftcompany\",\"@id\":\"https:\/\/desteptati-va.ro\/#\/schema\/person\/13182deeebd44920914899f7bb262d6b\"},\"headline\":\"Familia Sturza, o familie de tradatori !\",\"datePublished\":\"2021-04-13T09:48:40+00:00\",\"dateModified\":\"2021-04-20T08:34:31+00:00\",\"mainEntityOfPage\":{\"@id\":\"https:\/\/desteptati-va.ro\/index.php\/2021\/04\/13\/familia-sturza-o-familie-de-tradatori\/\"},\"wordCount\":1801,\"commentCount\":0,\"image\":{\"@id\":\"https:\/\/desteptati-va.ro\/index.php\/2021\/04\/13\/familia-sturza-o-familie-de-tradatori\/#primaryimage\"},\"thumbnailUrl\":\"https:\/\/desteptati-va.ro\/wp-content\/uploads\/2021\/04\/Batalia-de-la-Oituz-e1618307301706.jpg\",\"keywords\":[\"tradatori\"],\"articleSection\":[\"General\",\"Primul razboi mondial\"],\"inLanguage\":\"ro-RO\",\"potentialAction\":[{\"@type\":\"CommentAction\",\"name\":\"Comment\",\"target\":[\"https:\/\/desteptati-va.ro\/index.php\/2021\/04\/13\/familia-sturza-o-familie-de-tradatori\/#respond\"]}]},{\"@type\":\"WebPage\",\"@id\":\"https:\/\/desteptati-va.ro\/index.php\/2021\/04\/13\/familia-sturza-o-familie-de-tradatori\/\",\"url\":\"https:\/\/desteptati-va.ro\/index.php\/2021\/04\/13\/familia-sturza-o-familie-de-tradatori\/\",\"name\":\"Familia Sturza, o familie de tradatori ! -\",\"isPartOf\":{\"@id\":\"https:\/\/desteptati-va.ro\/#website\"},\"primaryImageOfPage\":{\"@id\":\"https:\/\/desteptati-va.ro\/index.php\/2021\/04\/13\/familia-sturza-o-familie-de-tradatori\/#primaryimage\"},\"image\":{\"@id\":\"https:\/\/desteptati-va.ro\/index.php\/2021\/04\/13\/familia-sturza-o-familie-de-tradatori\/#primaryimage\"},\"thumbnailUrl\":\"https:\/\/desteptati-va.ro\/wp-content\/uploads\/2021\/04\/Batalia-de-la-Oituz-e1618307301706.jpg\",\"datePublished\":\"2021-04-13T09:48:40+00:00\",\"dateModified\":\"2021-04-20T08:34:31+00:00\",\"author\":{\"@id\":\"https:\/\/desteptati-va.ro\/#\/schema\/person\/13182deeebd44920914899f7bb262d6b\"},\"breadcrumb\":{\"@id\":\"https:\/\/desteptati-va.ro\/index.php\/2021\/04\/13\/familia-sturza-o-familie-de-tradatori\/#breadcrumb\"},\"inLanguage\":\"ro-RO\",\"potentialAction\":[{\"@type\":\"ReadAction\",\"target\":[\"https:\/\/desteptati-va.ro\/index.php\/2021\/04\/13\/familia-sturza-o-familie-de-tradatori\/\"]}]},{\"@type\":\"ImageObject\",\"inLanguage\":\"ro-RO\",\"@id\":\"https:\/\/desteptati-va.ro\/index.php\/2021\/04\/13\/familia-sturza-o-familie-de-tradatori\/#primaryimage\",\"url\":\"https:\/\/desteptati-va.ro\/wp-content\/uploads\/2021\/04\/Batalia-de-la-Oituz-e1618307301706.jpg\",\"contentUrl\":\"https:\/\/desteptati-va.ro\/wp-content\/uploads\/2021\/04\/Batalia-de-la-Oituz-e1618307301706.jpg\",\"width\":330,\"height\":201},{\"@type\":\"BreadcrumbList\",\"@id\":\"https:\/\/desteptati-va.ro\/index.php\/2021\/04\/13\/familia-sturza-o-familie-de-tradatori\/#breadcrumb\",\"itemListElement\":[{\"@type\":\"ListItem\",\"position\":1,\"name\":\"Prima pagin\u0103\",\"item\":\"https:\/\/desteptati-va.ro\/\"},{\"@type\":\"ListItem\",\"position\":2,\"name\":\"Familia Sturza, o familie de tradatori !\"}]},{\"@type\":\"WebSite\",\"@id\":\"https:\/\/desteptati-va.ro\/#website\",\"url\":\"https:\/\/desteptati-va.ro\/\",\"name\":\"\",\"description\":\"\",\"potentialAction\":[{\"@type\":\"SearchAction\",\"target\":{\"@type\":\"EntryPoint\",\"urlTemplate\":\"https:\/\/desteptati-va.ro\/?s={search_term_string}\"},\"query-input\":{\"@type\":\"PropertyValueSpecification\",\"valueRequired\":true,\"valueName\":\"search_term_string\"}}],\"inLanguage\":\"ro-RO\"},{\"@type\":\"Person\",\"@id\":\"https:\/\/desteptati-va.ro\/#\/schema\/person\/13182deeebd44920914899f7bb262d6b\",\"name\":\"wolfsoftcompany\",\"image\":{\"@type\":\"ImageObject\",\"inLanguage\":\"ro-RO\",\"@id\":\"https:\/\/desteptati-va.ro\/#\/schema\/person\/image\/\",\"url\":\"https:\/\/secure.gravatar.com\/avatar\/a6cce9b6d101d27d91690e7073e300fed94c0899890bf998e082cb9d2c3d121e?s=96&d=mm&r=g\",\"contentUrl\":\"https:\/\/secure.gravatar.com\/avatar\/a6cce9b6d101d27d91690e7073e300fed94c0899890bf998e082cb9d2c3d121e?s=96&d=mm&r=g\",\"caption\":\"wolfsoftcompany\"},\"sameAs\":[\"http:\/\/desteptati-va.ro\"],\"url\":\"https:\/\/desteptati-va.ro\/index.php\/author\/wolfsoftcompany\/\"}]}<\/script>\r\n<!-- \/ Yoast SEO plugin. -->","yoast_head_json":{"title":"Familia Sturza, o familie de tradatori ! -","robots":{"index":"index","follow":"follow","max-snippet":"max-snippet:-1","max-image-preview":"max-image-preview:large","max-video-preview":"max-video-preview:-1"},"canonical":"https:\/\/desteptati-va.ro\/index.php\/2021\/04\/13\/familia-sturza-o-familie-de-tradatori\/","og_locale":"ro_RO","og_type":"article","og_title":"Familia Sturza, o familie de tradatori ! -","og_description":"&nbsp; \u00a0O familie de tr\u0103d\u0103tori.Tr\u0103darea lui Dimitrie Sturdza ne-a costat independen\u0163a, fiul s\u0103u ne-a v\u0103ndut nem\u0163ilor Subiectul detron\u0103rii lui AlexandruRead More","og_url":"https:\/\/desteptati-va.ro\/index.php\/2021\/04\/13\/familia-sturza-o-familie-de-tradatori\/","article_published_time":"2021-04-13T09:48:40+00:00","article_modified_time":"2021-04-20T08:34:31+00:00","og_image":[{"width":330,"height":201,"url":"https:\/\/desteptati-va.ro\/wp-content\/uploads\/2021\/04\/Batalia-de-la-Oituz-e1618307301706.jpg","type":"image\/jpeg"}],"author":"wolfsoftcompany","twitter_card":"summary_large_image","twitter_misc":{"Scris de":"wolfsoftcompany","Timp estimat pentru citire":"9 minute"},"schema":{"@context":"https:\/\/schema.org","@graph":[{"@type":"Article","@id":"https:\/\/desteptati-va.ro\/index.php\/2021\/04\/13\/familia-sturza-o-familie-de-tradatori\/#article","isPartOf":{"@id":"https:\/\/desteptati-va.ro\/index.php\/2021\/04\/13\/familia-sturza-o-familie-de-tradatori\/"},"author":{"name":"wolfsoftcompany","@id":"https:\/\/desteptati-va.ro\/#\/schema\/person\/13182deeebd44920914899f7bb262d6b"},"headline":"Familia Sturza, o familie de tradatori !","datePublished":"2021-04-13T09:48:40+00:00","dateModified":"2021-04-20T08:34:31+00:00","mainEntityOfPage":{"@id":"https:\/\/desteptati-va.ro\/index.php\/2021\/04\/13\/familia-sturza-o-familie-de-tradatori\/"},"wordCount":1801,"commentCount":0,"image":{"@id":"https:\/\/desteptati-va.ro\/index.php\/2021\/04\/13\/familia-sturza-o-familie-de-tradatori\/#primaryimage"},"thumbnailUrl":"https:\/\/desteptati-va.ro\/wp-content\/uploads\/2021\/04\/Batalia-de-la-Oituz-e1618307301706.jpg","keywords":["tradatori"],"articleSection":["General","Primul razboi mondial"],"inLanguage":"ro-RO","potentialAction":[{"@type":"CommentAction","name":"Comment","target":["https:\/\/desteptati-va.ro\/index.php\/2021\/04\/13\/familia-sturza-o-familie-de-tradatori\/#respond"]}]},{"@type":"WebPage","@id":"https:\/\/desteptati-va.ro\/index.php\/2021\/04\/13\/familia-sturza-o-familie-de-tradatori\/","url":"https:\/\/desteptati-va.ro\/index.php\/2021\/04\/13\/familia-sturza-o-familie-de-tradatori\/","name":"Familia Sturza, o familie de tradatori ! -","isPartOf":{"@id":"https:\/\/desteptati-va.ro\/#website"},"primaryImageOfPage":{"@id":"https:\/\/desteptati-va.ro\/index.php\/2021\/04\/13\/familia-sturza-o-familie-de-tradatori\/#primaryimage"},"image":{"@id":"https:\/\/desteptati-va.ro\/index.php\/2021\/04\/13\/familia-sturza-o-familie-de-tradatori\/#primaryimage"},"thumbnailUrl":"https:\/\/desteptati-va.ro\/wp-content\/uploads\/2021\/04\/Batalia-de-la-Oituz-e1618307301706.jpg","datePublished":"2021-04-13T09:48:40+00:00","dateModified":"2021-04-20T08:34:31+00:00","author":{"@id":"https:\/\/desteptati-va.ro\/#\/schema\/person\/13182deeebd44920914899f7bb262d6b"},"breadcrumb":{"@id":"https:\/\/desteptati-va.ro\/index.php\/2021\/04\/13\/familia-sturza-o-familie-de-tradatori\/#breadcrumb"},"inLanguage":"ro-RO","potentialAction":[{"@type":"ReadAction","target":["https:\/\/desteptati-va.ro\/index.php\/2021\/04\/13\/familia-sturza-o-familie-de-tradatori\/"]}]},{"@type":"ImageObject","inLanguage":"ro-RO","@id":"https:\/\/desteptati-va.ro\/index.php\/2021\/04\/13\/familia-sturza-o-familie-de-tradatori\/#primaryimage","url":"https:\/\/desteptati-va.ro\/wp-content\/uploads\/2021\/04\/Batalia-de-la-Oituz-e1618307301706.jpg","contentUrl":"https:\/\/desteptati-va.ro\/wp-content\/uploads\/2021\/04\/Batalia-de-la-Oituz-e1618307301706.jpg","width":330,"height":201},{"@type":"BreadcrumbList","@id":"https:\/\/desteptati-va.ro\/index.php\/2021\/04\/13\/familia-sturza-o-familie-de-tradatori\/#breadcrumb","itemListElement":[{"@type":"ListItem","position":1,"name":"Prima pagin\u0103","item":"https:\/\/desteptati-va.ro\/"},{"@type":"ListItem","position":2,"name":"Familia Sturza, o familie de tradatori !"}]},{"@type":"WebSite","@id":"https:\/\/desteptati-va.ro\/#website","url":"https:\/\/desteptati-va.ro\/","name":"","description":"","potentialAction":[{"@type":"SearchAction","target":{"@type":"EntryPoint","urlTemplate":"https:\/\/desteptati-va.ro\/?s={search_term_string}"},"query-input":{"@type":"PropertyValueSpecification","valueRequired":true,"valueName":"search_term_string"}}],"inLanguage":"ro-RO"},{"@type":"Person","@id":"https:\/\/desteptati-va.ro\/#\/schema\/person\/13182deeebd44920914899f7bb262d6b","name":"wolfsoftcompany","image":{"@type":"ImageObject","inLanguage":"ro-RO","@id":"https:\/\/desteptati-va.ro\/#\/schema\/person\/image\/","url":"https:\/\/secure.gravatar.com\/avatar\/a6cce9b6d101d27d91690e7073e300fed94c0899890bf998e082cb9d2c3d121e?s=96&d=mm&r=g","contentUrl":"https:\/\/secure.gravatar.com\/avatar\/a6cce9b6d101d27d91690e7073e300fed94c0899890bf998e082cb9d2c3d121e?s=96&d=mm&r=g","caption":"wolfsoftcompany"},"sameAs":["http:\/\/desteptati-va.ro"],"url":"https:\/\/desteptati-va.ro\/index.php\/author\/wolfsoftcompany\/"}]}},"_links":{"self":[{"href":"https:\/\/desteptati-va.ro\/index.php\/wp-json\/wp\/v2\/posts\/3426","targetHints":{"allow":["GET"]}}],"collection":[{"href":"https:\/\/desteptati-va.ro\/index.php\/wp-json\/wp\/v2\/posts"}],"about":[{"href":"https:\/\/desteptati-va.ro\/index.php\/wp-json\/wp\/v2\/types\/post"}],"author":[{"embeddable":true,"href":"https:\/\/desteptati-va.ro\/index.php\/wp-json\/wp\/v2\/users\/1"}],"replies":[{"embeddable":true,"href":"https:\/\/desteptati-va.ro\/index.php\/wp-json\/wp\/v2\/comments?post=3426"}],"version-history":[{"count":1,"href":"https:\/\/desteptati-va.ro\/index.php\/wp-json\/wp\/v2\/posts\/3426\/revisions"}],"predecessor-version":[{"id":3428,"href":"https:\/\/desteptati-va.ro\/index.php\/wp-json\/wp\/v2\/posts\/3426\/revisions\/3428"}],"wp:featuredmedia":[{"embeddable":true,"href":"https:\/\/desteptati-va.ro\/index.php\/wp-json\/wp\/v2\/media\/3170"}],"wp:attachment":[{"href":"https:\/\/desteptati-va.ro\/index.php\/wp-json\/wp\/v2\/media?parent=3426"}],"wp:term":[{"taxonomy":"category","embeddable":true,"href":"https:\/\/desteptati-va.ro\/index.php\/wp-json\/wp\/v2\/categories?post=3426"},{"taxonomy":"post_tag","embeddable":true,"href":"https:\/\/desteptati-va.ro\/index.php\/wp-json\/wp\/v2\/tags?post=3426"}],"curies":[{"name":"wp","href":"https:\/\/api.w.org\/{rel}","templated":true}]}}