{"id":3429,"date":"2021-04-13T09:58:00","date_gmt":"2021-04-13T09:58:00","guid":{"rendered":"http:\/\/desteptati.ro\/?p=3429"},"modified":"2022-01-12T20:41:47","modified_gmt":"2022-01-12T18:41:47","slug":"spionajul-avo-dupa-1989","status":"publish","type":"post","link":"https:\/\/desteptati-va.ro\/index.php\/2021\/04\/13\/spionajul-avo-dupa-1989\/","title":{"rendered":"Spionajul AVO dupa 1989"},"content":{"rendered":"<div class=\"post-content\"><div class='booster-block booster-read-block'>\n                <div class=\"twp-read-time\">\n                \t<i class=\"booster-icon twp-clock\"><\/i> <span>Read Time:<\/span>18 Minute, 32 Second                <\/div>\n\n            <\/div>\r\n<p class=\"has-vivid-red-color has-text-color wp-block-paragraph\" style=\"font-size: 25px;\"><strong>Toti spionii unguri ai premierilor romani. Rudas Erno, asociatul \u201csi\u201d in afaceri al premierului Tariceanu. SCHEMA Retelei Erno \u2013 Verestoy \u2013 Patriciu \u2013 Tariceanu<\/strong><\/p>\r\n\r\n\r\n\r\n<h4 class=\"has-medium-font-size\">\u00a0<\/h4>\r\n<h4>\r\n\r\n<\/h4>\r\n<h4 class=\"has-black-color has-text-color has-medium-font-size\"><strong>Serialul portalului <em>Ziaristi Online<\/em> despre spionii Ungariei in Romania \u2013 <\/strong><strong><a href=\"http:\/\/www.ziaristionline.ro\/?s=UM+0110&amp;x=0&amp;y=0\">Secretele Serviciilor Secrete\u00a0 <\/a><\/strong><strong>\u2013 lansat cu dezvaluirile facute in exclusivitate de fosti sefi ai Unitatii speciale \u201cAnti-KGB\u201d, continua. Nu am pornit de la Domokos Geza si Ion Iliescu, fondatorii UDMR, desi poate ar trebui sa facem si acest istoric al tradarii Romaniei pe mainile Ungariei si Rusiei \u201cex\u201d-sovietice. Dupa prezentarea pionului Alin Teodorescu, fost \u201csef al Cancelariei\u201d primului ministru Adrian Nastase, documentat drept tradator si agent de influenta in favoarea Ungariei, am ajuns la Guvernarea Tariceanu si, incet-incet, ne apropiem si de Guvernul Boc. Astazi prezentam asocierea \u201csi\u201d in afaceri \u2013 vorba presedintelui Traian Basescu \u2013 a lui Calin Popescu Tariceanu, primul premier din istoria Romaniei casatorit la Budapesta, cu Rudas Erno, fost consul al Ungariei inainte de 1989, expulzat pentru spionaj, si ulterior ambasador la Bucuresti, considerat de profesionistii serviciilor secrete romanesti seful rezidentei de spionaj maghiar in \u201cbazinul carpatic\u201d, cum ii place agentului Laszlo Tokes sa spuna. Episodul de mai jos, o ancheta \u201cla cheie\u201d marca reporterul special de investigatii Dan Badea, a fost publicata in 2007 de \u201cInteresul public\u201d. Itele si schema Retelei Rudas Erno (<em>foto mai jos<\/em>) ii implica si pe multimiliardarii Romaniei Verestoy Attila si Dan Costache \u201cDinu\u201d Patriciu, in prezent inca liberi. Intre timp, asemenea arhivei ziarului \u201cZiua\u201d, si \u201cInteresul public\u201d a disparut de pe fata internetului. Nu ne mira, tinand cont de ce subiecte au fost tratate in ambele ziare. Articolul a supravietuit atacului orwellien asupra presei romane prin blogul anchetatorului public Dan Badea \u2013 <\/strong><strong><a href=\"http:\/\/badeadan.blogspot.com\/\">Adevaruri necesare prin investigatii la cheie<\/a><\/strong><strong> -, caruia ii multumim si pe aceasta cale. Continuam prezentarea scandalului de spionaj Erno-Tariceanu in editiile noastre viitoare cand vom prezenta si cum au fost amenintati de oamenii premierului ziaristii care anchetau afacerea \u2013 de la Civic Media, \u201cInteresul public\u201d, \u201cCurentul\u201d si (fostul) B1TV\u00a0 \u2013 si vom publica si o fotografie in premiera a atat de acoperitului in fata aparatelor foto Rudas Erno. Ii dam cuvantul lui Dan Badea:<\/strong><\/h4>\r\n<h4>\r\n\r\n<\/h4>\r\n<h4 class=\"has-black-color has-text-color has-medium-font-size\"><strong>Primul-ministru T\u0103riceanu este asociat \u00een afaceri cu un spion ungar<\/strong><\/h4>\r\n<h4>\r\n\r\n<\/h4>\r\n<h4 class=\"has-black-color has-text-color has-medium-font-size\">Rudas Erno, fostul \u015fef al reziden\u0163ei de spionaj a Ungariei \u00een Rom\u00e2nia, este partener de afaceri cu primul-ministru C\u0103lin Popescu T\u0103riceanu, \u00een firma H-D Clasic Motorcycles SRL. De\u015fi trecutul lui Rudas Erno, fost consilier politic, ministru consilier \u015fi, dup\u0103 1990, ambasador al Ungariei la Bucure\u015fti, a fost dezv\u0103luit \u00eentr-o lucrare ap\u0103rut\u0103 anul trecut pe pia\u0163a rom\u00e2- neasc\u0103, premierul Rom\u00e2niei \u015fi-a continuat afacerea. Speciali\u015ftii \u00een contraspionaj afirm\u0103 c\u0103 Rudas Erno, sub acoperirea afacerilor derulate \u00een Rom\u00e2nia, \u015fi-a p\u0103strat profesia de spion.<\/h4>\r\n<h4>\r\n\r\n<\/h4>\r\n<h4 class=\"has-black-color has-text-color has-medium-font-size\">Un alt partener de afaceri al lui Rudas este Verestoy Attila, vicepre\u015fedintele Comisiei parlamentare comune de control al SRI. Cei doi au interese comune \u00een societatea care editeaz\u0103 cotidianul de limb\u0103 maghiar\u0103 \u201eKronika\u201c. Ungurul Rudas Erno a derulat afaceri \u015fi cu partenerii lui Sorin Schmuel Beraru, cercetat \u00een mai multe dosare penale, unul dintre acestea fiind \u201eafacerea CICO\u201c.<\/h4>\r\n<h4>\r\n\r\n<\/h4>\r\n<h4 class=\"has-black-color has-text-color has-medium-font-size\">Dezv\u0103luirile noastre privind existen\u0163a unor agen\u0163i de influen\u0163\u0103 \u00een Guvernul Rom\u00e2niei, sau \u00een imediata apropiere a primului-ministru C\u0103lin Popescu T\u0103riceanu n-au fost \u00eenso\u0163ite, p\u00e2n\u0103 azi, de vreo reac\u0163ie oficial\u0103 din partea celor viza\u0163i. T\u0103cerea suspect\u0103 de la Palatul Victoria, dublat\u0103 de convingerea c\u0103 slujim exclusiv interesul public \u015fi na\u0163ional, ne determin\u0103 s\u0103 continu\u0103m. Aceasta deoarece ne intereseaz\u0103 tot ceea ce poate influen\u0163a negativ, condi\u0163iona sau deturna decizia premierului Rom\u00e2niei.<\/h4>\r\n<h4>\r\n\r\n<\/h4>\r\n<h4 class=\"has-black-color has-text-color has-medium-font-size\">Ca urmare a demersului ini\u0163iat de noi, una dintre \u00eentreb\u0103rile r\u0103mase f\u0103r\u0103 r\u0103spuns a vizat motivele care l-au determinat pe primul-ministru T\u0103riceanu s\u0103-l promoveze pe Marius Oprea \u00een func\u0163ia de consilier de stat pe probleme de securitate na\u0163ional\u0103, \u015fi s\u0103-l men\u0163in\u0103 ulterior \u00een func\u0163ia de consilier de stat, \u00een pofida informa\u0163iilor furnizate de serviciile de informa\u0163ii.<\/h4>\r\n<h4>\r\n\r\n<\/h4>\r\n<h4 class=\"has-black-color has-text-color has-medium-font-size\">Cum am ar\u0103tat deja, acela\u015fi premier l-a numit \u00een Consiliul \u201eInstitutului de Investigare a Crimelor Comunismului \u00een Rom\u00e2nia\u201c, printr-o decizie de guvern, pe Dennis Deletant, istoric englez suspectat a fi agent al MI6, recrutat \u00een urm\u0103 cu mai mul\u0163i ani de c\u0103tre colonelul profesor Eric Ditmar Tappe de la Intelligence Service. De\u015fi ini\u0163ial l-am suspectat de inocen\u0163\u0103 pe primulministru, investiga\u0163iile ulterioare ne-au condus la ideea c\u0103 este vorba de cu totul altceva: de complicitate. Pentru C\u0103lin Popescu T\u0103riceanu, interesele na\u0163ionale sunt pe un plan \u00eendep\u0103rtat al preferin\u0163elor sale. Este ceea ce vom demonstra mai jos.<\/h4>\r\n<h4>\r\n\r\n<\/h4>\r\n<h4 class=\"has-black-color has-text-color has-medium-font-size\">\u00a0<\/h4>\r\n<h4>\r\n\r\n<\/h4>\r\n<figure class=\"aligncenter size-large is-resized\"><a href=\"http:\/\/www.desteptati-va.ro\/wp-content\/uploads\/2021\/02\/Tariceanu-si-motocicletele.jpg\"><img loading=\"lazy\" decoding=\"async\" class=\"wp-image-5528\" src=\"http:\/\/www.desteptati-va.ro\/wp-content\/uploads\/2021\/02\/Tariceanu-si-motocicletele.jpg\" alt=\"\" width=\"560\" height=\"420\" \/><\/a><\/figure>\r\n<h4>\r\n\r\n<\/h4>\r\n<h4 class=\"has-black-color has-text-color has-medium-font-size\">Pasiunea lui C\u0103lin Popescu T\u0103riceanu pentru motocicletele Harley Davidson a fost abil exploatat\u0103, \u00een urm\u0103 cu exact patru ani, de c\u0103tre serviciile ungare de spionaj. La acea dat\u0103, \u00een septembrie 2003, a fost \u00eenregistrat\u0103, la Registrul Comer\u0163ului din Rom\u00e2nia, firma \u201eH-D Clasic Motorcycles\u201c SRL, cu obiectul de activitate \u201ecomer\u0163 cu motociclete, piese \u015fi accesorii aferente; \u00eentre\u0163inerea \u015fi repararea motocicletelor\u201c.<\/h4>\r\n<h4>\r\n\r\n<\/h4>\r\n<h4 class=\"has-black-color has-text-color has-medium-font-size\">Firma a devenit importatorul oficial al motocicletelor Harley Davidson \u00een Rom\u00e2nia. Ac\u0163ionarii societ\u0103\u0163ii sunt cet\u0103\u0163eanul ungar Rudas Erno (50% din capitalul social) \u015fi Automotive Trading Services SRL \u2013 ATS (50%), firm\u0103 care apar\u0163ine lui C\u0103lin Popescu T\u0103riceanu (85%) \u015fi care este importatorul oficial \u00een Rom\u00e2nia al autoturismelor Citroen. Ambele firme, H-D Clasic Motorcycles \u015fi ATS, sunt administrate de aceea\u015f i persoan\u0103, Bogdan Valeriu Bucurescu. Asocierea dintre rom\u00e2nul T\u0103riceanu \u015fi ungurul Rudas a fost fireasc\u0103 p\u00e2n\u0103 \u00een momentul \u00een care unul dintre cei doi a devenit prim-ministru al Rom\u00e2niei.<\/h4>\r\n<h4>\r\n\r\n<\/h4>\r\n<h4 class=\"has-black-color has-text-color has-medium-font-size\">Din acel moment, asocierea a devenit \u015fi a r\u0103mas, p\u00e2n\u0103 azi, otr\u0103vit\u0103. Motivul este c\u00e2t se poate de simplu: Rudas Erno a fost documentat de serviciile de contraspionaj din Rom\u00e2nia, \u00eenainte de 1990, ca fiind spion ungar. Mai mult, sursele documentare sus\u0163in c\u0103 Rudas Erno a fost chiar \u015feful reziden\u0163ei de informa\u0163ii ungare din Rom\u00e2nia.<\/h4>\r\n<h4>\r\n\r\n<\/h4>\r\n<h4 class=\"has-black-color has-text-color has-medium-font-size\">Dup\u0103 1990, pentru meritele sale \u201edeosebite\u201c, Rudas Erno a fost, pentru c\u00e2\u0163iva ani (1991-1995), ambasadorul Ungariei \u00een Rom\u00e2nia, iar ulterior \u015fi-a \u201epierdut urma\u201c \u00een afaceri, o foarte bun\u0103 acoperire pentru activit\u0103\u0163ile de spionaj. Este de presupus c\u0103 asocierea cu cel care avea s\u0103 devin\u0103 premierul Rom\u00e2niei a fost perceput\u0103 ca un mare succes de c\u0103tre \u015fefii din centrala de la Budapesta. De altfel, cum \u015ftim, prima vizit\u0103 extern\u0103 \u00een calitate de premier a lui C\u0103lin Popescu T\u0103riceanu a fost f\u0103cut\u0103 la\u2026 Budapesta.<\/h4>\r\n<h4>\r\n\r\n<\/h4>\r\n<h4 class=\"has-black-color has-text-color has-medium-font-size\"><strong>Rudas Erno a fost \u015feful reziden\u0163ei de spionaj a Ungariei \u00een Rom\u00e2nia<\/strong><\/h4>\r\n<h4>\r\n\r\n<\/h4>\r\n<h4 class=\"has-black-color has-text-color has-medium-font-size\">P\u00e2n\u0103 \u00een 1990, Rudas Erno a fost \u201econsilier politic\u201c, iar apoi ministru consilier \u00een Ministerul de Externe al Ungariei. \u00centr-o lucrare ap\u0103rut\u0103 anul trecut la editura Elion, \u201e<a href=\"http:\/\/www.librariaeminescu.ro\/isbn\/973-8362-30X\/Traian-Valentin-Poncea__Spionajul-ungar-in-Romania\">Spionajul ungar \u00een Rom\u00e2nia<\/a>\u201c, autorii Traian-Valentin Poncea \u015fi Aurel Rogojan (fo\u015fti ofi\u0163eri de informa\u0163ii) dezv\u0103luie preocup\u0103 rile trecute sau prezente ale a\u015fa-zi\u015filor \u201econsilieri politici\u201c din Ministerul ungar de Externe, cu referire direct\u0103 la Rudas Erno.<\/h4>\r\n<h4>\r\n\r\n<\/h4>\r\n<figure class=\"aligncenter size-large is-resized\"><a href=\"http:\/\/www.desteptati-va.ro\/wp-content\/uploads\/2021\/02\/Schema-AVO.jpg\"><img loading=\"lazy\" decoding=\"async\" class=\"wp-image-5532\" src=\"http:\/\/www.desteptati-va.ro\/wp-content\/uploads\/2021\/02\/Schema-AVO.jpg\" alt=\"\" width=\"1247\" height=\"828\" \/><\/a>\r\n<figcaption><strong>Legaturi mafiote si informative &#8211; reteaua Rudas Erno<\/strong><\/figcaption>\r\n<\/figure>\r\n<h4>\r\n\r\n<\/h4>\r\n<h4 class=\"has-black-color has-text-color has-medium-font-size\">\u201e\u00cencep\u00e2nd cu anii \u201820, \u00een toate domeniile activit\u0103\u0163ilor informative secrete, Ministerul de Externe al Ungariei a avut un rol preponderent. Aparent, ministerul ar\u0103ta o des\u0103v\u00e2r\u015fit\u0103 deta\u015fare masc\u00e2nd cu scrupulozitate amestecul s\u0103u direct \u00een materie de informa\u0163ii \u015fi contrainforma\u0163ii, propagand\u0103 \u015fi contrapropagand\u0103, dar mai ales \u00een chestiuni de spionaj. Cu toate acestea, realitatea este c\u0103 Ministerul de Externe reprezint\u0103 \u015fi ast\u0103zi unul dintre organele cele mai active ale spionajului maghiar. Pentru conducerea eficient\u0103 a activit\u0103\u0163ilor de spionaj, Ministerul de Externe al Ungariei a avut \u00een compunerea sa un compartiment secret, al \u201econsilierilor speciali\u201c. Acest compartiment exista at\u00e2t \u00een centrala ministerului, c\u00e2t \u015fi la ambasadele \u015fi consulatele Ungariei de pe teritoriile \u0163\u0103rilor str\u0103ine. \u201eConsilierii\u201c care \u00eencadreaz\u0103 aparatul secret al Ministerului de Externe erau special preg\u0103ti\u0163i la un (n.n. \u2013 domnul Rudas Erno a fost ini\u0163ial consilier politic, apoi ministru consilier) \u201einstitut diplomatic superior\u201c, o \u015fcoal\u0103 de spionaj. Acest institut fiin\u0163eaz\u0103 din perioada interbelic\u0103 \u015fi asigur\u0103 preg\u0103tire, \u00een principal, pentru c\u00e2teva categorii de misiuni de spionaj\u201c (pag. 226-227, op.cit).<\/h4>\r\n<h4>\r\n\r\n<\/h4>\r\n<h4 class=\"has-black-color has-text-color has-medium-font-size\">\u00centr-una din notele de subsol care \u00eenso\u0163e\u015fte expunerea, autorii precizeaz\u0103 faptul c\u0103, \u00eenainte de 1990, \u015feful \u201ecompartimentului secret\u201c din cadrul Ambasadei Ungariei de la Bucure\u015fti era Rudas Erno. \u201eFostul ambasador \u00een Rom\u00e2nia, Rudas Erno, a \u00eendeplinit, \u00eenainte de 1990, \u00een cadrul Ambasadei de la Bucure\u015f ti, func\u0163ia de \u015fef al compartimentului respectiv, fiind conduc\u0103torul reziden\u0163ei de informa\u0163ii din Rom\u00e2nia\u201c (pag.226 \u2013 op.cit.).<\/h4>\r\n<h4>\r\n\r\n<\/h4>\r\n<h4 class=\"has-black-color has-text-color has-medium-font-size\">De asemenea, se mai spune: \u201ecompartimentele speciale din ambasade \u015fi consulate aveau aceea\u015fi compunere, adic\u0103 un num\u0103r de consilieri absolven\u0163i ai institutului superior de spionaj diplomatic, c\u0103rora li se al\u0103tura, cu un rol major, ata\u015fatul militar acreditat \u00een \u0163ara respectiv\u0103\u201c (pag. 227).<\/h4>\r\n<h4>\r\n\r\n<\/h4>\r\n<h4 class=\"has-black-color has-text-color has-medium-font-size\">Referitor la misiunile pe care le-au avut de dus la \u00eendeplinire, Rudas Erno, \u00eempreun\u0103 cu subordona\u0163ii s\u0103i, autorii volumului \u201eSpionajul ungar \u00een Rom\u00e2nia\u201c afirm\u0103 urm\u0103toarele: \u201e(\u2026) Misiunile cele mai importante ale reziden\u0163ei de informa\u0163ii din ambasad\u0103 erau cele de control \u015fi leg\u0103tur\u0103 cu agen\u0163ii de spionaj \u015fi de ini\u0163iere, \u015fi derularea de ac\u0163iuni secrete de propagand\u0103 favorabil\u0103 Ungariei. Centrala Ministerului de Externe dispunea, de asemenea, de a\u015fa-zi\u015fi consilieri de contact pentru leg\u0103turi cu frunta\u015fii organiza\u0163iilor minoritare maghiare. Derivat dintr-o tradi\u0163ie, Ungaria mai dispunea, tot sub acoperirea Ministerului de Externe, de un centru special de spionaj pentru Rom\u00e2 nia care \u00ee\u015fi desf\u0103\u015fura activitatea sub \u201efirma\u201c Ambasadei Ungariei la Viena. Ambasada Ungariei de la Bucure\u015fti a manifestat o grij\u0103 special\u0103 pentru acoperirea leg\u0103turilor cu agen\u0163ii de spionaj care \u201elucrau\u201c \u00een Rom\u00e2nia, \u00eendeosebi \u00een ceea ce prive\u015fte sistemul de leg\u0103tur\u0103. \u00cen unele momente, ambasada a f\u0103cut spionaj \u015fi provocare pe fa\u0163\u0103, desconsider\u00e2nd cu arogan\u0163\u0103 prevederile Conven\u0163iei de la Viena privind statutul reprezentan\u0163elor diplomatice. \u00cen ceea ce prive\u015fte consulatul de la Cluj, el a fost dovedit, \u00een mai multe r\u00e2nduri, ca fiind o oficin\u0103 special\u0103, sub auspiciile c\u0103reia s-au desf\u0103\u015furat activit\u0103\u0163i extremiste, fundamentate pe planuri teroriste, spionaj \u015fi provoc\u0103ri diversioniste\u201c (pag. 226-228, op.cit).<\/h4>\r\n<h4>\r\n\r\n<\/h4>\r\n<h4 class=\"has-black-color has-text-color has-medium-font-size\">Afirma\u0163iile de mai sus sunt publice, asumate \u015fi, deci, la \u00eendem\u00e2na oricui. Chiar \u015fi a premierului Rom\u00e2niei dac\u0103, \u00een timpul liber, \u015fi-ar mai arunca ochii pe o carte sau \u015fi-ar alege un consilier cu abilit\u0103\u0163i \u015fi cuno\u015ftin\u0163e cel pu\u0163in egale cu ale unui ziarist de investiga\u0163ii.<\/h4>\r\n<h4>\r\n\r\n<\/h4>\r\n<h4 class=\"has-black-color has-text-color has-medium-font-size\"><strong>Hop \u015fi Attila Verestoy de la Comisia SRI!<\/strong><\/h4>\r\n<h4>\r\n\r\n<\/h4>\r\n<h4 class=\"has-black-color has-text-color has-medium-font-size\">Prezen\u0163a lui Rudas Erno \u00een anturajul primului-ministru T\u0103riceanu este doar una dintre filierele prin care spionajul ungar are acces, c\u00e2t o avea, la v\u00e2rful puterii din Rom\u00e2nia.<\/h4>\r\n<h4>\r\n\r\n<\/h4>\r\n<h4 class=\"has-black-color has-text-color has-medium-font-size\">O alt\u0103 filier\u0103, identificat\u0103 de noi, duce p\u00e2n\u0103 la \u201eComisia comun\u0103 permanent\u0103 a Camerei Deputa\u0163ilor \u015fi Senatului pentru exercitarea controlului parlamentar asupra activit\u0103\u0163ii Serviciul Rom\u00e2n de Informa\u0163ii\u201c, iar veriga de leg\u0103tur\u0103 este chiar vicepre\u015fedintele acesteia, Attila Verestoy.<\/h4>\r\n<h4>\r\n\r\n<\/h4>\r\n<figure class=\"aligncenter size-large is-resized\"><a href=\"http:\/\/www.desteptati-va.ro\/wp-content\/uploads\/2021\/02\/Verestoy_Attila.jpg\"><img loading=\"lazy\" decoding=\"async\" class=\"wp-image-5537\" src=\"http:\/\/www.desteptati-va.ro\/wp-content\/uploads\/2021\/02\/Verestoy_Attila.jpg\" alt=\"\" width=\"451\" height=\"515\" \/><\/a>\r\n<figcaption>Attila Verestoy deputat UDMR<\/figcaption>\r\n<\/figure>\r\n<h4>\r\n\r\n<\/h4>\r\n<h4 class=\"has-black-color has-text-color has-medium-font-size\">Folosind aceea\u015fi stratagem\u0103 a asocierii \u00een afaceri, Rudas Erno \u201ese \u00eent\u00e2lne\u015fte\u201c cu senatorul UDMR \u015fi multimiliardarul Attila Verestoy, \u00een societatea mixt\u0103 rom\u00e2no-ungar\u0103 \u201eCasa de Editur\u0103 Kronika\u201c SA (<em>vezi schema rela\u0163ional\u0103 mai sus<\/em>).<\/h4>\r\n<h4>\r\n\r\n<\/h4>\r\n<h4 class=\"has-black-color has-text-color has-medium-font-size\">Firma, \u00eenfiin\u0163at\u0103 \u00een 1999, cu sediul \u00een Oradea-Bihor, are ca obiect de activitate \u201eeditarea ziarelor\u201c \u015fi de\u0163ine cunoscutul cotidian de limb\u0103 maghiar\u0103, \u201eKronika\u201c. Ac\u0163ionarul majoritar al societ\u0103\u0163ii mixte este firma ungureasc\u0103 \u201eHungarom Media KFT\u201c (85%), iar printre ac\u0163ionari se mai afl\u0103 Varkonyi Csaba \u015fi societ\u0103\u0163 ile \u201eHellas Primex\u201c SRL \u015fi \u201eTrinvest\u201c SRL, firme din imperiul lui Verestoy Attila.<\/h4>\r\n<h4>\r\n\r\n<\/h4>\r\n<h4 class=\"has-black-color has-text-color has-medium-font-size\">Despre ungurul Varkony Csaba, presa central\u0103 a dezv\u0103luit deja c\u0103 este partenerul lui Verestoy \u201e\u00een afacerile \u00eenfiin\u0163ate de acesta \u00een str\u0103in\u0103tate care se deruleaz\u0103 prin firmele \u201eKohare GmbH\u201c, din Elve\u0163ia, \u015fi \u201eSajo Hor\u201c, din Ungaria\u201c. Rudas Erno figureaz\u0103 \u00een aceast\u0103 afacere ca administrator al \u201eCasei de Editur\u0103 Kronika\u201c, al\u0103turi, printre al\u0163ii, de partenerii de afaceri ai lui Verestoy, Varkonyi Csaba \u015fi Lanyi Szabolcs- \u015etefan. Cel din urm\u0103 este, deloc \u00eent\u00e2mpl\u0103- tor, fostul consilier personal al lui \u015etefan Kiraly, primul rom\u00e2n acuzat \u015fi condamnat, la \u00eenceputul anilor \u201890, pentru spionaj economic. Acela\u015fi Szabolcs figureaz\u0103, azi, ca administrator \u015fi \u00een alte trei societ\u0103\u0163i ale lui Verestoy: \u201eTrinvest\u201c, \u201eEditura Scripta\u201c \u015fi \u201eEastern Securities SA\u201c.<\/h4>\r\n<h4>\r\n\r\n<\/h4>\r\n<h4 class=\"has-black-color has-text-color has-medium-font-size\">Interesant este \u015fi faptul c\u0103 \u00eentr-una dintre firmele intermediare ale re\u0163elei, \u201eTrinvest\u201c SRL, figureaz\u0103 ca administrator Szatmari Tibor, cel care, la jum\u0103tatea anului 2005, a f\u0103cut subiectul unor dezv\u0103luiri \u00een presa maghiar\u0103, preluate apoi \u015fi de cotidianul \u201eKronika\u201c, conform c\u0103rora ar fi f\u0103cut spionaj pentru serviciile de informa\u0163ii din Rom\u00e2nia. So\u0163ia sa, Ildiko, era suspectat\u0103 de spionajul ungar, c\u0103 ob\u0163inea informa\u0163ii de la trei demnitari unguri pentru a le preda apoi spionajului rom\u00e2 nesc. Numele celor doi \u201espioni rom\u00e2ni\u201c au fost f\u0103cute publice, ce coinciden\u0163\u0103!, chiar de cotidianul \u201eKronika\u201c, administrat de spionul Rudas Erno.<\/h4>\r\n<h4>\r\n\r\n<\/h4>\r\n<h4 class=\"has-black-color has-text-color has-medium-font-size\">Rela\u0163ia Rudas- Verestoy este continuat\u0103, la v\u00e2rf, de rela\u0163ia Verestoy-T\u0103riceanu-Patriciu, gra\u0163ie afacerii penale cu ac\u0163iunile Rompetrol (RRC) din aprilie 2004. Dosarul \u00een care Dinu Patriciu este acuzat de manipularea pie\u0163ei de capital, delapidare, sp\u0103lare de bani etc. \u00eei are ca protagoni\u015fti, chiar dac\u0103 \u00een postura de martori, \u015fi pe C\u0103lin Popescu T\u0103riceanu, \u015fi Attila Verestoy. Ace\u015ftia au achizi\u0163ionat ac\u0163iuni la firma lui Patriciu: primul, la dou\u0103 zile dup\u0103 celebra opera\u0163iune penal\u0103 din 7 aprilie 2004, printr-un cont deschis la SSIF TVM SA, controlat\u0103 de Verestoy Attila, iar cel\u0103lalt imediat dup\u0103 deschiderea \u015fedin\u0163ei de tranzac\u0163ionare, dup\u0103 ce a beneficiat de informa\u0163ii privilegiate din interiorul Rompetrol. Verestoy a cump\u0103rat atunci 63,4 milioane de ac\u0163iuni RRC cu 300 de lei \u015fi a avut apoi profituri uria\u015fe, inclusiv ca urmare a v\u00e2nz\u0103rii recente a pachetului majoritar al Rompetrol (TRG) c\u0103tre KazMunaiGaz, senatorul UDMR fiind un foarte important juc\u0103tor pe pia\u0163a de capital.<\/h4>\r\n<h4>\r\n\r\n<\/h4>\r\n<h4 class=\"has-black-color has-text-color has-medium-font-size\"><strong>Rudas, ofi\u0163er activ?<\/strong><\/h4>\r\n<h4>\r\n\r\n<\/h4>\r\n<h4 class=\"has-black-color has-text-color has-medium-font-size\">Dac\u0103 p\u00e2n\u0103 \u00een 1990 Rudas Erno a fost documentat ca spion, de c\u0103tre serviciile de informa\u0163ii din Rom\u00e2nia, dup\u0103 aceast\u0103 dat\u0103 nu mai exist\u0103 informa\u0163ii publice cu privire la activitatea secret\u0103 derulat\u0103 de el. Tot ce se \u015ftie este c\u0103, dup\u0103 1990, a revenit, pentru c\u00e2\u0163iva ani, ca ambasador al Ungariei la Bucure\u015fti, iar apoi a apucat calea afacerilor.<\/h4>\r\n<h4>\r\n\r\n<\/h4>\r\n<h4 class=\"has-black-color has-text-color has-medium-font-size\">La fel ca \u015fi \u00een cazul lui Dennis Deletant \u00eent\u00e2lnim \u015fi la Rudas Erno aceea\u015fi schem\u0103: Rom\u00e2nia \u2013 a doua patrie, so\u0163ie rom\u00e2nc\u0103, vizite regulate \u00een \u0163ar\u0103, re\u015fedin\u0163\u0103 la Bucure\u015fti etc. Rudas Erno este c\u0103s\u0103torit cu o rom\u00e2nc\u0103, Rodica, \u015fi are re\u015fedin\u0163\u0103 \u00een Bucure\u015fti, pe o strad\u0103 din sectorul 1.<\/h4>\r\n<h4>\r\n\r\n<\/h4>\r\n<h4 class=\"has-black-color has-text-color has-medium-font-size\">P\u00e2n\u0103 \u00een 1988, c\u00e2nd Ceau\u015fescu a cerut evacuarea Consulatului ungar de la Cluj, \u00een urma document\u0103rii opera\u0163iunilor de spionaj desf\u0103\u015furate sub acoperirea diploma\u0163ilor de acolo, Rudas Erno a locuit \u00eentr-un bloc al activi\u015ftilor PCR.<\/h4>\r\n<h4>\r\n\r\n<\/h4>\r\n<h4 class=\"has-black-color has-text-color has-medium-font-size\">Are doi fii, Arpad Norbert \u015fi Richard Victor. Cel de-al doilea a absolvit \u015fcoala primar\u0103 la Cluj, iar, ulterior, ASE-ul din Bucure\u015fti. Dup\u0103 absolvirea facult\u0103\u0163ii, a intrat \u00een afaceri. A trecut astfel pe la firmele \u201eOutdoor Media\u201c, \u201eGreen Energy &amp; Green Certificates\u201c \u015fi \u201eOTP BANK Rom\u00e2nia\u201c.<br \/>Richard figureaz\u0103 ca ac\u0163ionar \u00een firmele \u201eOudoor Media Pro\u201c SRL (10%) \u015fi \u201eEuropean Consulting &amp; Development\u201c SRL (25%). A ie\u015fit \u00een eviden\u0163\u0103 \u00een 2002, c\u00e2nd a fost re\u0163inut de poli\u0163ie la Mamaia pentru c\u0103, \u00eempreun\u0103 cu ruda apropiat\u0103 a unui politician liberal, au fost depista\u0163i cu stupefiante. Conform surselor noastre, t\u00e2n\u0103rul rebel a fost eliberat \u00een urma interven\u0163iilor tat\u0103lui s\u0103u, Rudas Erno. Dar s\u0103 revenim la preocup\u0103rile tat\u0103lui\u2026<\/h4>\r\n<h4>\r\n\r\n<\/h4>\r\n<h4 class=\"has-black-color has-text-color has-medium-font-size\">Se poate \u00eendr\u0103gosti un spion de Rom\u00e2nia? Posibil. Dac\u0103 e ordin, cu pl\u0103-cere. S\u0103-l fi abandonat, totu\u015fi, spionajul ungar, dup\u0103 ce a fost \u015feful reziden\u0163ei din Rom\u00e2nia? Greu de crezut, deoarece interesele Ungariei \u00een Rom\u00e2nia au r\u0103mas neschimbate dup\u0103 1990. Prin urmare, tipul de servicii prestate de Rudas Erno, odinioar\u0103, a r\u0103mas de actualitate.<\/h4>\r\n<h4>\r\n\r\n<\/h4>\r\n<h4 class=\"has-black-color has-text-color has-medium-font-size\">Autonomia teritorial\u0103 pe criterii etnice \u00een Covasna- Harghita este \u00eenc\u0103 o prioritate. Conform unui specialist \u00een materie, consultat de noi, Rudas Erno \u015fi-a p\u0103strat profesia de baz\u0103, sub acoperirea afacerilor. Meseria de spion, odat\u0103 deprins\u0103, implic\u0103 o permanent\u0103 dedublare a personalit\u0103\u0163ii. Devine \u201ealter ego\u201c-ul care te domin\u0103 \u015fi ajungi s\u0103 te \u00eentrebi, de fapt, care e\u015fti cel real.<\/h4>\r\n<h4>\r\n\r\n<\/h4>\r\n<h4 class=\"has-black-color has-text-color has-medium-font-size\">Afacerile sunt acoperirea ideal\u0103 pentru culegerea secret\u0103 de informa\u0163ii. Interesul informativ al oamenilor de afaceri, care nu-\u015fi pot permite riscul e\u015fecului, se suprapune, uneori p\u00e2n\u0103 la contopire, cu domeniile aflate sub protec\u0163ia contraspionajului. Unii dintre ei, spre exemplu, \u015fi-au ales re\u015fedin\u0163e sau sedii pentru firmele nou-\u00eenfiin\u0163ate chiar \u00een imediata vecin\u0103tate a obiectivelor vizate.<\/h4>\r\n<h4>\r\n\r\n<\/h4>\r\n<h4 class=\"has-black-color has-text-color has-medium-font-size\">\u00cen anii \u201890-\u201992, a fost flancat, cu o re\u015fedin\u0163\u0103 a unui diplomat (chiar Rudas Erno, care era vizitat pe inserat de chiar Virgil Magureanu \u2013 <em>nota red<\/em>), chiar sediul SRI din Povernei, cu vedere spre cabinetul directorului, iar dup\u0103 mutarea \u00een Bulevardul Libert\u0103\u0163ii a ap\u0103rut \u015fi acolo, chiar vizavi de latura cabinetelor, o firm\u0103 de na\u0163ionalitatea respectiv\u0103. De regul\u0103, \u015fi-au ales sedii \u00een locuri \u015fi zone care s\u0103 le facilitize observ\u0103ri, supravegheri, fotografieri \u015fi film\u0103ri nonstop, capt\u0103ri de emisii electromagnetice ale aparatelor \u015fi instala\u0163iilor de comunica\u0163ii, calculatoarelor etc. asupra unor obiective \u0163int\u0103 ale culegerii de informa\u0163ii\u201c.<\/h4>\r\n<h4>\r\n\r\n<\/h4>\r\n<h4 class=\"has-black-color has-text-color has-medium-font-size\">Referitor la asocierea \u00een afaceri cu C\u0103lin Popescu T\u0103riceanu, actualul prim- ministru al Rom\u00e2niei, sursa noastr\u0103 a precizat doar at\u00e2t: \u201eParteneriatul \u00een afaceri al spionilor cu oamenii politici str\u0103ini s-a dovedit, f\u0103r\u0103 excep\u0163ie, a fi o cale far\u0103 \u00eentoarcere pentru ace\u015ftia din urm\u0103\u201c.<\/h4>\r\n<h4>\r\n\r\n<\/h4>\r\n<h4 class=\"has-black-color has-text-color has-medium-font-size\">S\u0103 \u00eensemne asta c\u0103 premierul T\u0103riceanu are deja o problem\u0103? Posibil, deoarece au existat mai multe semnale, unele trase chiar de c\u0103tre parlamentari, cu privire la asocierile suspecte \u00een afaceri dintre oamenii politici rom\u00e2ni \u015fi agen\u0163ii unguri, sau persoane suspectate doar a fi agen\u0163i.<\/h4>\r\n<h4>\r\n\r\n<\/h4>\r\n<h4 class=\"has-black-color has-text-color has-medium-font-size\"><strong>Deputatul Ion Stan, secretarul Comisiei SRI, pune punctul pe i<\/strong><\/h4>\r\n<h4>\r\n\r\n<\/h4>\r\n<h4 class=\"has-black-color has-text-color has-medium-font-size\">Anul trecut, spre exemplu, ca urmare a declara\u0163iilor anticonstitu\u0163ionale ale liderului UDMR Marko Bela, favorabile \u00eenfiin\u0163\u0103rii \u201e\u0162inutului Secuiesc\u201c, deputatul PSD Ion Stan, secretar al Comisiei SRI, a citit \u00een Parlamentul Rom\u00e2niei declara\u0163ia politic\u0103 intitulat\u0103 \u201eUn viceprim-ministru al Guvernului Rom\u00e2niei recunoa\u015fte public c\u0103 UDMR este o conspira\u0163ie \u00eempotriva Constitu\u0163 iei Rom\u00e2niei\u201c.<\/h4>\r\n<h4>\r\n\r\n<\/h4>\r\n<figure class=\"aligncenter size-large is-resized\"><a href=\"http:\/\/www.desteptati-va.ro\/wp-content\/uploads\/2012\/06\/Ion_stan-e1609685112295.jpg\"><img loading=\"lazy\" decoding=\"async\" class=\"wp-image-3776\" src=\"http:\/\/www.desteptati-va.ro\/wp-content\/uploads\/2012\/06\/Ion_stan-e1609685112295.jpg\" alt=\"Ion Stan\" width=\"478\" height=\"402\" \/><\/a>\r\n<figcaption>Ion Stan, a fost ajutat sa &#8230;. moara<\/figcaption>\r\n<\/figure>\r\n<h4>\r\n\r\n<\/h4>\r\n<h4 class=\"has-black-color has-text-color has-medium-font-size\">Deputatul Stan a cerut, printre altele, implicarea urgent\u0103 a institu- \u0163iilor statului pentru a \u00eempiedica actul secesionist pus la cale de maghiari. El i-a cerut, evident f\u0103r\u0103 scucces, prim-ministrului T\u0103riceanu s\u0103-i demit\u0103 pe vicepremierul Marko Bela, dar \u015fi pe ceilal\u0163i demnitari implica\u0163i. \u00cen plus, a cerut serviciilor de informa\u0163ii \u201es\u0103 investigheze posibilele leg\u0103turi de afaceri stabilite \u00eentre actuali \u015fi fo\u015fti membri ai Guvernului, \u00eencep\u00e2nd din 1990 p\u00e2n\u0103 \u00een prezent, cu persoane din Ungaria a c\u0103ror apartenen\u0163\u0103 la securitatea maghiar\u0103 \u2013 inclusiv sub acoperirea serviciului diplomatic \u00eendeplinit \u00een Rom\u00e2nia \u2013 este fapt de notorietate, pentru a fi \u00eenl\u0103turate sau, dimpotriv\u0103, confirmate suspiciunile conform c\u0103- rora \u00een numele unui astfel de interes comun, importante centre de decizie politicostatal\u0103 au devenit vectori de influen\u0163\u0103 \u015fi ac\u0163iune \u00eempotriva Constitu\u0163iei Rom\u00e2niei\u201c.( <a href=\"http:\/\/www.desteptati-va.ro\/index.php\/2012\/06\/18\/mru-numit-premier-de-companii-americane-cu-interese-romania\/\" data-type=\"post\" data-id=\"3773\">MRU, numit premier de companii americane cu interese \u00een Rom\u00e2nia<\/a> .)<\/h4>\r\n<h4>\r\n\r\n<\/h4>\r\n<h4 class=\"has-black-color has-text-color has-medium-font-size\">Chestionat asupra persoanelor \u201ede notorietate\u201c implicate \u00een afaceri cu politicieni rom\u00e2ni, deputatul Ion Stan ne-a declarat c\u0103 nu poate face alte preciz\u0103ri \u015fi c\u0103 p\u00e2n\u0103 ast\u0103zi nu a primit vreun r\u0103spuns de la cei viza\u0163i. Suntem curio\u015fi dac\u0103, dup\u0103 apari\u0163ia acestui material, deputat Ion Stan \u00eei va recunoa\u015fte, \u00een schema ata\u015fat\u0103, pe unii dintre cei la care a f\u0103cut referire.<\/h4>\r\n<h4>\r\n\r\n<\/h4>\r\n<h4 class=\"has-black-color has-text-color has-medium-font-size\"><strong>\u00cen afaceri cu partenerii lui Sorin Beraru-CICO<\/strong><\/h4>\r\n<h4>\r\n\r\n<\/h4>\r\n<h4 class=\"has-black-color has-text-color has-medium-font-size\">Firmele \u00eenfiin\u0163ate de Rudas Erno \u00een Rom\u00e2nia sunt \u201eOutdoor Media\u201c SRL (1988), \u201eOutdoor Media Pro\u201c SRL \u015fi \u201eH-D Clasic Motorcycles\u201c SRL. Prima dintre ele este o important\u0103 firm\u0103 de publicitate care \u015fi-a f\u0103cut loc pe pia\u0163a de profil din Rom\u00e2nia. Ini\u0163ial, ac\u0163ionarii firmei erau Rudas Erno \u015fi cei doi fii ai s\u0103i, iar, ulterior, \u00eentregul capital social al firmei a fost preluat de un off-shore din Seychelles, \u201eSequoia International Ltd\u201c, Rudas Erno r\u0103m\u00e2n\u00e2nd \u00eens\u0103 administratorul unic al firmei. De la \u00eenfiin\u0163are p\u00e2n\u0103 azi, firma a avut profituri doar \u00een 2003 (3,9 mld. lei), 2004 (1,7 mld. lei) \u015fi 2006 (0,17 mld. lei vechi). Este posibil ca profiturile realizate s\u0103 fie \u015fi ca urmare a implic\u0103rii \u00een campania electoral\u0103 din 2004. \u00cen rest \u00eens\u0103, firma a mers \u00een pierdere, cea mai important\u0103 fiind \u00een 2002, de aproximativ 5 miliarde lei.<\/h4>\r\n<h4>\r\n\r\n<\/h4>\r\n<h4 class=\"has-black-color has-text-color has-medium-font-size\">A doua societate, \u201eManagement Solutions Agency\u201c (MSA) SA, a fost \u00eenfiin\u0163at\u0103 \u00een 2001 \u015fi are ca obiect de activitate cunoscuta consultan\u0163\u0103 pentru afaceri \u015fi management, o preocupare sub care se poate ascunde orice. Ac\u0163ionarul majoritar este \u201eMadison International LLC\u201c (96%), o firm\u0103 \u00eenregistrat\u0103 \u00een Washington DC. De\u015fi a cotizat cu doar 1% la \u00eenfiin\u0163area firmei, Rudas Erno \u00eei are aici ca parteneri pe celebrii Cosmin B\u0103lc\u0103cean \u015fi Ionel Sufer, ambii tovar\u0103\u015fi de-ai \u015fi mai celebrului Sorin Schmuel Beraru.<\/h4>\r\n<h4>\r\n\r\n<\/h4>\r\n<figure class=\"aligncenter size-large is-resized\"><a href=\"http:\/\/www.desteptati-va.ro\/wp-content\/uploads\/2021\/02\/Cosmin-Balaceanu.jpg\"><img loading=\"lazy\" decoding=\"async\" class=\"wp-image-5529\" src=\"http:\/\/www.desteptati-va.ro\/wp-content\/uploads\/2021\/02\/Cosmin-Balaceanu.jpg\" alt=\"\" width=\"506\" height=\"337\" \/><\/a><\/figure>\r\n<h4>\r\n\r\n<\/h4>\r\n<h4 class=\"has-black-color has-text-color has-medium-font-size\">Primul dintre ei, Cosmin B\u0103lc\u0103cean (<em>foto dreapta, alaturi de sotia \u201cDany\u201d si de Dan Fischer<\/em> \u2013 <em>centru<\/em>), fiul unei judec\u0103toare de la Curtea Suprem\u0103 de Justi\u0163ie, fost director al \u201ePhoenix Med SA\u201c, dar \u015fi reprezentant al \u201eSC Multisistem Industry\u201c SRL, a fost cercetat pentru \u201eevaziune fiscal\u0103, fals intelectual, \u00een\u015fel\u0103ciune \u015fi intermediere neautorizat\u0103 de valori mobiliare\u201c, \u00een \u201eafacerea RECO\u201c, al\u0103turi de isralianul Pesach Moshe, dar \u015fi de fostul \u015fef al FPS, Alin Giurgiu. \u00cen spatele afacerii s-ar fi aflat atunci Sorin Beraru.<\/h4>\r\n<h4>\r\n\r\n<\/h4>\r\n<h4 class=\"has-black-color has-text-color has-medium-font-size\">De asemenea, acela\u015fi personaj s-a aflat \u00een aten\u0163ia anchetatorilor, al\u0103turi de Sorin Schmuel Beraru, \u015fi \u00eentr-un alt caz, legat de firma \u201eSC Roland SA\u201c. Sorin Beraru a fost cercetat \u00een mai multe dosare penale, cele mai importante fiind dosarul \u201eCICO\u201c \u015fi cel privind mituirea cu 1,5 milioane de dolari a unor magistra\u0163i \u015fi poli\u0163i\u015fti rom\u00e2ni.<\/h4>\r\n<h4>\r\n\r\n<\/h4>\r\n<h4 class=\"has-black-color has-text-color has-medium-font-size\">Ionel Sufer, cel\u0103lalt asociat al lui Rudas Erno, a fost \u015fi el partener de afaceri al aceluia\u015fi Sorin Beraru, dar \u015fi al celebrului \u015fef al APAPS, Ovidiu Mu\u015fetescu, \u00een societatea \u201eAlstom Transport SA\u201c. Ast\u0103zi, societatea MSA este \u00een lichidare. A treia dintre firme, \u201eOutdoor Media Pro\u201c SRL, a fost \u00eenfiin\u0163at\u0103 \u00een 2005, de c\u0103tre Rudas Erno, \u00eempreun\u0103 cu fiul s\u0103u Richard. Firma are acela\u015fi sediu (Calea Floreasca nr. 91-111) \u015fi acela\u015fi obiect de activitate (publicitate) cu al societ\u0103\u0163ii \u201eOutdoor Media\u201c, anul trecut \u00eenregistr\u00e2nd pierderi.<\/h4>\r\n<h4>\r\n\r\n<\/h4>\r\n<h4 class=\"has-black-color has-text-color has-medium-font-size\"><strong>Doar \u00een afaceri Rudas pierde, iar T\u0103riceanu c\u00e2\u015ftig\u0103<\/strong><\/h4>\r\n<h4>\r\n\r\n<\/h4>\r\n<h4 class=\"has-black-color has-text-color has-medium-font-size\">\u00cen privin\u0163a celei de-a patra firme, \u201eHD Clasic Motorcycles\u201c, \u00eenfiin\u0163at\u0103 \u00een 2003, \u00eempreun\u0103 cu liderul PNL, C\u0103lin Popescu T\u0103riceanu, ea are sediul \u00een B-dul Nicolae Titulescu nr. 95-103 \u015fi a avut rezultate financiare sub limita supravie\u0163uirii. Singurul an profitabil a fost 2004, c\u00e2nd a \u00eenregistrat un profit de 341 milioane lei vechi, restul anilor \u00eencheind bilan\u0163urile pe minus. Administratorul de la H-D, Bucurescu, este acela\u015fi cu cel de la \u201eAutomotive Trading Services\u201c (ATS), firm\u0103 care a avut \u00eens\u0103 profituri uria\u015fe. Astfel, dup\u0103 ce patronul a devenit prim-ministru, profiturile firmei ATS au crescut, \u00een doi ani, de 27,4 ori. Dac\u0103 \u00een 2004 profitul net al ATS era de 3,7 miliarde lei vechi, \u00een 2006 el a ajuns la 103,49 miliarde lei vechi. Cum se poate constata, \u00een vreme ce afacerile lui Rudas Erno au fost neprofitabile, chiar \u015fi \u00een asocierea cu T\u0103riceanu, afacerile acestuia din urm\u0103 au cunoscut un uria\u015f profit. O bucurie asem\u0103n\u0103toare i s-a \u00eent\u00e2mplat \u015fi lui Marko Bela, liderul UDMR, care, dup\u0103 cum se \u015ftie, a \u00eenregistrat drepturi de autor \u00een valoare de aproape un miliard de lei vechi pentru opera \u00eenc\u0103 nescris\u0103. S\u0103 sco\u0163i bani, din nimic, asta da \u201epolitic\u0103\u201c!<\/h4>\r\n<h4>\r\n\r\n<\/h4>\r\n<h4 class=\"has-medium-font-size\"><strong><a href=\"http:\/\/badeadan.blogspot.com\/2009\/05\/agentul-victoria-iii-primul-ministru.html\">Dan Badea<\/a><\/strong><\/h4>\r\n        <div class=\"booster-block booster-reactions-block\">\n            <div class=\"twp-reactions-icons\">\n                \n                <div class=\"twp-reacts-wrap\">\n                    <a react-data=\"be-react-1\" post-id=\"3429\" class=\"be-face-icons un-reacted\" href=\"javascript:void(0)\">\n                        <img decoding=\"async\" src=\"https:\/\/desteptati-va.ro\/wp-content\/plugins\/booster-extension\/\/assets\/icon\/happy.svg\" alt=\"Happy\">\n                    <\/a>\n                    <div class=\"twp-reaction-title\">\n                        Happy                    <\/div>\n                    <div class=\"twp-count-percent\">\n                                                    <span style=\"display: none;\" class=\"twp-react-count\">0<\/span>\n                        \n                                                <span class=\"twp-react-percent\"><span>0<\/span> %<\/span>\n                                            <\/div>\n                <\/div>\n\n                <div class=\"twp-reacts-wrap\">\n                    <a react-data=\"be-react-2\" post-id=\"3429\" class=\"be-face-icons un-reacted\" href=\"javascript:void(0)\">\n                        <img decoding=\"async\" src=\"https:\/\/desteptati-va.ro\/wp-content\/plugins\/booster-extension\/\/assets\/icon\/sad.svg\" alt=\"Sad\">\n                    <\/a>\n                    <div class=\"twp-reaction-title\">\n                        Sad                    <\/div>\n                    <div class=\"twp-count-percent\">\n                                                    <span style=\"display: none;\" class=\"twp-react-count\">0<\/span>\n                                                                        <span class=\"twp-react-percent\"><span>0<\/span> %<\/span>\n                                            <\/div>\n                <\/div>\n\n                <div class=\"twp-reacts-wrap\">\n                    <a react-data=\"be-react-3\" post-id=\"3429\" class=\"be-face-icons un-reacted\" href=\"javascript:void(0)\">\n                        <img decoding=\"async\" src=\"https:\/\/desteptati-va.ro\/wp-content\/plugins\/booster-extension\/\/assets\/icon\/excited.svg\" alt=\"Excited\">\n                    <\/a>\n                    <div class=\"twp-reaction-title\">\n                        Excited                    <\/div>\n                    <div class=\"twp-count-percent\">\n                                                    <span style=\"display: none;\" class=\"twp-react-count\">0<\/span>\n                                                                        <span class=\"twp-react-percent\"><span>0<\/span> %<\/span>\n                                            <\/div>\n                <\/div>\n\n                <div class=\"twp-reacts-wrap\">\n                    <a react-data=\"be-react-6\" post-id=\"3429\" class=\"be-face-icons un-reacted\" href=\"javascript:void(0)\">\n                        <img decoding=\"async\" src=\"https:\/\/desteptati-va.ro\/wp-content\/plugins\/booster-extension\/\/assets\/icon\/sleepy.svg\" alt=\"Sleepy\">\n                    <\/a>\n                    <div class=\"twp-reaction-title\">\n                        Sleepy                    <\/div>\n                    <div class=\"twp-count-percent\">\n                                                    <span style=\"display: none;\" class=\"twp-react-count\">0<\/span>\n                        \n                                                <span class=\"twp-react-percent\"><span>0<\/span> %<\/span>\n                                            <\/div>\n                <\/div>\n\n                <div class=\"twp-reacts-wrap\">\n                    <a react-data=\"be-react-4\" post-id=\"3429\" class=\"be-face-icons un-reacted\" href=\"javascript:void(0)\">\n                        <img decoding=\"async\" src=\"https:\/\/desteptati-va.ro\/wp-content\/plugins\/booster-extension\/\/assets\/icon\/angry.svg\" alt=\"Angry\">\n                    <\/a>\n                    <div class=\"twp-reaction-title\">Angry<\/div>\n                    <div class=\"twp-count-percent\">\n                                                    <span style=\"display: none;\" class=\"twp-react-count\">0<\/span>\n                                                                        <span class=\"twp-react-percent\"><span>0<\/span> %<\/span>\n                        \n                    <\/div>\n                <\/div>\n\n                <div class=\"twp-reacts-wrap\">\n                    <a react-data=\"be-react-5\" post-id=\"3429\" class=\"be-face-icons un-reacted\" href=\"javascript:void(0)\">\n                        <img decoding=\"async\" src=\"https:\/\/desteptati-va.ro\/wp-content\/plugins\/booster-extension\/\/assets\/icon\/surprise.svg\" alt=\"Surprise\">\n                    <\/a>\n                    <div class=\"twp-reaction-title\">Surprise<\/div>\n                    <div class=\"twp-count-percent\">\n                                                    <span style=\"display: none;\" class=\"twp-react-count\">1<\/span>\n                                                                        <span class=\"twp-react-percent\"><span>100<\/span> %<\/span>\n                                            <\/div>\n                <\/div>\n\n            <\/div>\n        <\/div>\n\n    <\/div>","protected":false},"excerpt":{"rendered":"<p>Toti spionii unguri ai premierilor romani. Rudas Erno, asociatul \u201csi\u201d in afaceri al premierului Tariceanu. SCHEMA Retelei Erno \u2013 Verestoy<a href=\"https:\/\/desteptati-va.ro\/index.php\/2021\/04\/13\/spionajul-avo-dupa-1989\/\">Read More<i class=\"fa fa-long-arrow-right\" aria-hidden=\"true\"><\/i><\/a><\/p>\n","protected":false},"author":1,"featured_media":1983,"comment_status":"open","ping_status":"open","sticky":false,"template":"","format":"standard","meta":{"_crdt_document":"","footnotes":""},"categories":[24,218,46],"tags":[155],"class_list":["post-3429","post","type-post","status-publish","format-standard","has-post-thumbnail","hentry","category-epoca-hotiei","category-general","category-spionajul-maghiar","tag-spionaj"],"rise-blocks_total_comments":0,"rise-blocks_categories":[{"term_id":24,"name":"Epoca Traian Basescu (2004-2014)","slug":"epoca-hotiei","term_group":0,"term_taxonomy_id":24,"taxonomy":"category","description":"","parent":20,"count":9,"filter":"raw"}],"rise-blocks_excerpt":"Toti spionii unguri ai premierilor romani. Rudas Erno, asociatul \u201csi\u201d in afaceri al premierului Tariceanu. SCHEMA Retelei Erno \u2013 Verestoy \u2013 Patriciu \u2013 Tariceanu \u00a0 Serialul portalului Ziaristi Online despre spionii Ungariei in Romania \u2013 Secretele Serviciilor Secrete\u00a0 \u2013 lansat cu dezvaluirile facute in exclusivitate de fosti sefi ai Unitatii speciale \u201cAnti-KGB\u201d, continua. Nu am pornit de la Domokos Geza..","yoast_head":"<!-- This site is optimized with the Yoast SEO plugin v26.9 - https:\/\/yoast.com\/product\/yoast-seo-wordpress\/ -->\r\n<title>Spionajul AVO dupa 1989 -<\/title>\r\n<meta name=\"robots\" content=\"index, follow, max-snippet:-1, max-image-preview:large, max-video-preview:-1\" \/>\r\n<link rel=\"canonical\" href=\"https:\/\/desteptati-va.ro\/index.php\/2021\/04\/13\/spionajul-avo-dupa-1989\/\" \/>\r\n<meta property=\"og:locale\" content=\"ro_RO\" \/>\r\n<meta property=\"og:type\" content=\"article\" \/>\r\n<meta property=\"og:title\" content=\"Spionajul AVO dupa 1989 -\" \/>\r\n<meta property=\"og:description\" content=\"Toti spionii unguri ai premierilor romani. Rudas Erno, asociatul \u201csi\u201d in afaceri al premierului Tariceanu. SCHEMA Retelei Erno \u2013 VerestoyRead More\" \/>\r\n<meta property=\"og:url\" content=\"https:\/\/desteptati-va.ro\/index.php\/2021\/04\/13\/spionajul-avo-dupa-1989\/\" \/>\r\n<meta property=\"article:published_time\" content=\"2021-04-13T09:58:00+00:00\" \/>\r\n<meta property=\"article:modified_time\" content=\"2022-01-12T18:41:47+00:00\" \/>\r\n<meta property=\"og:image\" content=\"https:\/\/desteptati-va.ro\/wp-content\/uploads\/2021\/04\/orban-tokes.jpg\" \/>\r\n\t<meta property=\"og:image:width\" content=\"300\" \/>\r\n\t<meta property=\"og:image:height\" content=\"225\" \/>\r\n\t<meta property=\"og:image:type\" content=\"image\/jpeg\" \/>\r\n<meta name=\"author\" content=\"wolfsoftcompany\" \/>\r\n<meta name=\"twitter:card\" content=\"summary_large_image\" \/>\r\n<meta name=\"twitter:label1\" content=\"Scris de\" \/>\n\t<meta name=\"twitter:data1\" content=\"wolfsoftcompany\" \/>\n\t<meta name=\"twitter:label2\" content=\"Timp estimat pentru citire\" \/>\n\t<meta name=\"twitter:data2\" content=\"20 de minute\" \/>\r\n<script type=\"application\/ld+json\" class=\"yoast-schema-graph\">{\"@context\":\"https:\/\/schema.org\",\"@graph\":[{\"@type\":\"Article\",\"@id\":\"https:\/\/desteptati-va.ro\/index.php\/2021\/04\/13\/spionajul-avo-dupa-1989\/#article\",\"isPartOf\":{\"@id\":\"https:\/\/desteptati-va.ro\/index.php\/2021\/04\/13\/spionajul-avo-dupa-1989\/\"},\"author\":{\"name\":\"wolfsoftcompany\",\"@id\":\"https:\/\/desteptati-va.ro\/#\/schema\/person\/13182deeebd44920914899f7bb262d6b\"},\"headline\":\"Spionajul AVO dupa 1989\",\"datePublished\":\"2021-04-13T09:58:00+00:00\",\"dateModified\":\"2022-01-12T18:41:47+00:00\",\"mainEntityOfPage\":{\"@id\":\"https:\/\/desteptati-va.ro\/index.php\/2021\/04\/13\/spionajul-avo-dupa-1989\/\"},\"wordCount\":4020,\"commentCount\":0,\"image\":{\"@id\":\"https:\/\/desteptati-va.ro\/index.php\/2021\/04\/13\/spionajul-avo-dupa-1989\/#primaryimage\"},\"thumbnailUrl\":\"https:\/\/desteptati-va.ro\/wp-content\/uploads\/2021\/04\/orban-tokes.jpg\",\"keywords\":[\"spionaj\"],\"articleSection\":[\"Epoca Traian Basescu (2004-2014)\",\"General\",\"Spionajul maghiar\"],\"inLanguage\":\"ro-RO\",\"potentialAction\":[{\"@type\":\"CommentAction\",\"name\":\"Comment\",\"target\":[\"https:\/\/desteptati-va.ro\/index.php\/2021\/04\/13\/spionajul-avo-dupa-1989\/#respond\"]}]},{\"@type\":\"WebPage\",\"@id\":\"https:\/\/desteptati-va.ro\/index.php\/2021\/04\/13\/spionajul-avo-dupa-1989\/\",\"url\":\"https:\/\/desteptati-va.ro\/index.php\/2021\/04\/13\/spionajul-avo-dupa-1989\/\",\"name\":\"Spionajul AVO dupa 1989 -\",\"isPartOf\":{\"@id\":\"https:\/\/desteptati-va.ro\/#website\"},\"primaryImageOfPage\":{\"@id\":\"https:\/\/desteptati-va.ro\/index.php\/2021\/04\/13\/spionajul-avo-dupa-1989\/#primaryimage\"},\"image\":{\"@id\":\"https:\/\/desteptati-va.ro\/index.php\/2021\/04\/13\/spionajul-avo-dupa-1989\/#primaryimage\"},\"thumbnailUrl\":\"https:\/\/desteptati-va.ro\/wp-content\/uploads\/2021\/04\/orban-tokes.jpg\",\"datePublished\":\"2021-04-13T09:58:00+00:00\",\"dateModified\":\"2022-01-12T18:41:47+00:00\",\"author\":{\"@id\":\"https:\/\/desteptati-va.ro\/#\/schema\/person\/13182deeebd44920914899f7bb262d6b\"},\"breadcrumb\":{\"@id\":\"https:\/\/desteptati-va.ro\/index.php\/2021\/04\/13\/spionajul-avo-dupa-1989\/#breadcrumb\"},\"inLanguage\":\"ro-RO\",\"potentialAction\":[{\"@type\":\"ReadAction\",\"target\":[\"https:\/\/desteptati-va.ro\/index.php\/2021\/04\/13\/spionajul-avo-dupa-1989\/\"]}]},{\"@type\":\"ImageObject\",\"inLanguage\":\"ro-RO\",\"@id\":\"https:\/\/desteptati-va.ro\/index.php\/2021\/04\/13\/spionajul-avo-dupa-1989\/#primaryimage\",\"url\":\"https:\/\/desteptati-va.ro\/wp-content\/uploads\/2021\/04\/orban-tokes.jpg\",\"contentUrl\":\"https:\/\/desteptati-va.ro\/wp-content\/uploads\/2021\/04\/orban-tokes.jpg\",\"width\":300,\"height\":225},{\"@type\":\"BreadcrumbList\",\"@id\":\"https:\/\/desteptati-va.ro\/index.php\/2021\/04\/13\/spionajul-avo-dupa-1989\/#breadcrumb\",\"itemListElement\":[{\"@type\":\"ListItem\",\"position\":1,\"name\":\"Prima pagin\u0103\",\"item\":\"https:\/\/desteptati-va.ro\/\"},{\"@type\":\"ListItem\",\"position\":2,\"name\":\"Spionajul AVO dupa 1989\"}]},{\"@type\":\"WebSite\",\"@id\":\"https:\/\/desteptati-va.ro\/#website\",\"url\":\"https:\/\/desteptati-va.ro\/\",\"name\":\"\",\"description\":\"\",\"potentialAction\":[{\"@type\":\"SearchAction\",\"target\":{\"@type\":\"EntryPoint\",\"urlTemplate\":\"https:\/\/desteptati-va.ro\/?s={search_term_string}\"},\"query-input\":{\"@type\":\"PropertyValueSpecification\",\"valueRequired\":true,\"valueName\":\"search_term_string\"}}],\"inLanguage\":\"ro-RO\"},{\"@type\":\"Person\",\"@id\":\"https:\/\/desteptati-va.ro\/#\/schema\/person\/13182deeebd44920914899f7bb262d6b\",\"name\":\"wolfsoftcompany\",\"image\":{\"@type\":\"ImageObject\",\"inLanguage\":\"ro-RO\",\"@id\":\"https:\/\/desteptati-va.ro\/#\/schema\/person\/image\/\",\"url\":\"https:\/\/secure.gravatar.com\/avatar\/a6cce9b6d101d27d91690e7073e300fed94c0899890bf998e082cb9d2c3d121e?s=96&d=mm&r=g\",\"contentUrl\":\"https:\/\/secure.gravatar.com\/avatar\/a6cce9b6d101d27d91690e7073e300fed94c0899890bf998e082cb9d2c3d121e?s=96&d=mm&r=g\",\"caption\":\"wolfsoftcompany\"},\"sameAs\":[\"http:\/\/desteptati-va.ro\"],\"url\":\"https:\/\/desteptati-va.ro\/index.php\/author\/wolfsoftcompany\/\"}]}<\/script>\r\n<!-- \/ Yoast SEO plugin. -->","yoast_head_json":{"title":"Spionajul AVO dupa 1989 -","robots":{"index":"index","follow":"follow","max-snippet":"max-snippet:-1","max-image-preview":"max-image-preview:large","max-video-preview":"max-video-preview:-1"},"canonical":"https:\/\/desteptati-va.ro\/index.php\/2021\/04\/13\/spionajul-avo-dupa-1989\/","og_locale":"ro_RO","og_type":"article","og_title":"Spionajul AVO dupa 1989 -","og_description":"Toti spionii unguri ai premierilor romani. Rudas Erno, asociatul \u201csi\u201d in afaceri al premierului Tariceanu. SCHEMA Retelei Erno \u2013 VerestoyRead More","og_url":"https:\/\/desteptati-va.ro\/index.php\/2021\/04\/13\/spionajul-avo-dupa-1989\/","article_published_time":"2021-04-13T09:58:00+00:00","article_modified_time":"2022-01-12T18:41:47+00:00","og_image":[{"width":300,"height":225,"url":"https:\/\/desteptati-va.ro\/wp-content\/uploads\/2021\/04\/orban-tokes.jpg","type":"image\/jpeg"}],"author":"wolfsoftcompany","twitter_card":"summary_large_image","twitter_misc":{"Scris de":"wolfsoftcompany","Timp estimat pentru citire":"20 de minute"},"schema":{"@context":"https:\/\/schema.org","@graph":[{"@type":"Article","@id":"https:\/\/desteptati-va.ro\/index.php\/2021\/04\/13\/spionajul-avo-dupa-1989\/#article","isPartOf":{"@id":"https:\/\/desteptati-va.ro\/index.php\/2021\/04\/13\/spionajul-avo-dupa-1989\/"},"author":{"name":"wolfsoftcompany","@id":"https:\/\/desteptati-va.ro\/#\/schema\/person\/13182deeebd44920914899f7bb262d6b"},"headline":"Spionajul AVO dupa 1989","datePublished":"2021-04-13T09:58:00+00:00","dateModified":"2022-01-12T18:41:47+00:00","mainEntityOfPage":{"@id":"https:\/\/desteptati-va.ro\/index.php\/2021\/04\/13\/spionajul-avo-dupa-1989\/"},"wordCount":4020,"commentCount":0,"image":{"@id":"https:\/\/desteptati-va.ro\/index.php\/2021\/04\/13\/spionajul-avo-dupa-1989\/#primaryimage"},"thumbnailUrl":"https:\/\/desteptati-va.ro\/wp-content\/uploads\/2021\/04\/orban-tokes.jpg","keywords":["spionaj"],"articleSection":["Epoca Traian Basescu (2004-2014)","General","Spionajul maghiar"],"inLanguage":"ro-RO","potentialAction":[{"@type":"CommentAction","name":"Comment","target":["https:\/\/desteptati-va.ro\/index.php\/2021\/04\/13\/spionajul-avo-dupa-1989\/#respond"]}]},{"@type":"WebPage","@id":"https:\/\/desteptati-va.ro\/index.php\/2021\/04\/13\/spionajul-avo-dupa-1989\/","url":"https:\/\/desteptati-va.ro\/index.php\/2021\/04\/13\/spionajul-avo-dupa-1989\/","name":"Spionajul AVO dupa 1989 -","isPartOf":{"@id":"https:\/\/desteptati-va.ro\/#website"},"primaryImageOfPage":{"@id":"https:\/\/desteptati-va.ro\/index.php\/2021\/04\/13\/spionajul-avo-dupa-1989\/#primaryimage"},"image":{"@id":"https:\/\/desteptati-va.ro\/index.php\/2021\/04\/13\/spionajul-avo-dupa-1989\/#primaryimage"},"thumbnailUrl":"https:\/\/desteptati-va.ro\/wp-content\/uploads\/2021\/04\/orban-tokes.jpg","datePublished":"2021-04-13T09:58:00+00:00","dateModified":"2022-01-12T18:41:47+00:00","author":{"@id":"https:\/\/desteptati-va.ro\/#\/schema\/person\/13182deeebd44920914899f7bb262d6b"},"breadcrumb":{"@id":"https:\/\/desteptati-va.ro\/index.php\/2021\/04\/13\/spionajul-avo-dupa-1989\/#breadcrumb"},"inLanguage":"ro-RO","potentialAction":[{"@type":"ReadAction","target":["https:\/\/desteptati-va.ro\/index.php\/2021\/04\/13\/spionajul-avo-dupa-1989\/"]}]},{"@type":"ImageObject","inLanguage":"ro-RO","@id":"https:\/\/desteptati-va.ro\/index.php\/2021\/04\/13\/spionajul-avo-dupa-1989\/#primaryimage","url":"https:\/\/desteptati-va.ro\/wp-content\/uploads\/2021\/04\/orban-tokes.jpg","contentUrl":"https:\/\/desteptati-va.ro\/wp-content\/uploads\/2021\/04\/orban-tokes.jpg","width":300,"height":225},{"@type":"BreadcrumbList","@id":"https:\/\/desteptati-va.ro\/index.php\/2021\/04\/13\/spionajul-avo-dupa-1989\/#breadcrumb","itemListElement":[{"@type":"ListItem","position":1,"name":"Prima pagin\u0103","item":"https:\/\/desteptati-va.ro\/"},{"@type":"ListItem","position":2,"name":"Spionajul AVO dupa 1989"}]},{"@type":"WebSite","@id":"https:\/\/desteptati-va.ro\/#website","url":"https:\/\/desteptati-va.ro\/","name":"","description":"","potentialAction":[{"@type":"SearchAction","target":{"@type":"EntryPoint","urlTemplate":"https:\/\/desteptati-va.ro\/?s={search_term_string}"},"query-input":{"@type":"PropertyValueSpecification","valueRequired":true,"valueName":"search_term_string"}}],"inLanguage":"ro-RO"},{"@type":"Person","@id":"https:\/\/desteptati-va.ro\/#\/schema\/person\/13182deeebd44920914899f7bb262d6b","name":"wolfsoftcompany","image":{"@type":"ImageObject","inLanguage":"ro-RO","@id":"https:\/\/desteptati-va.ro\/#\/schema\/person\/image\/","url":"https:\/\/secure.gravatar.com\/avatar\/a6cce9b6d101d27d91690e7073e300fed94c0899890bf998e082cb9d2c3d121e?s=96&d=mm&r=g","contentUrl":"https:\/\/secure.gravatar.com\/avatar\/a6cce9b6d101d27d91690e7073e300fed94c0899890bf998e082cb9d2c3d121e?s=96&d=mm&r=g","caption":"wolfsoftcompany"},"sameAs":["http:\/\/desteptati-va.ro"],"url":"https:\/\/desteptati-va.ro\/index.php\/author\/wolfsoftcompany\/"}]}},"_links":{"self":[{"href":"https:\/\/desteptati-va.ro\/index.php\/wp-json\/wp\/v2\/posts\/3429","targetHints":{"allow":["GET"]}}],"collection":[{"href":"https:\/\/desteptati-va.ro\/index.php\/wp-json\/wp\/v2\/posts"}],"about":[{"href":"https:\/\/desteptati-va.ro\/index.php\/wp-json\/wp\/v2\/types\/post"}],"author":[{"embeddable":true,"href":"https:\/\/desteptati-va.ro\/index.php\/wp-json\/wp\/v2\/users\/1"}],"replies":[{"embeddable":true,"href":"https:\/\/desteptati-va.ro\/index.php\/wp-json\/wp\/v2\/comments?post=3429"}],"version-history":[{"count":2,"href":"https:\/\/desteptati-va.ro\/index.php\/wp-json\/wp\/v2\/posts\/3429\/revisions"}],"predecessor-version":[{"id":4401,"href":"https:\/\/desteptati-va.ro\/index.php\/wp-json\/wp\/v2\/posts\/3429\/revisions\/4401"}],"wp:featuredmedia":[{"embeddable":true,"href":"https:\/\/desteptati-va.ro\/index.php\/wp-json\/wp\/v2\/media\/1983"}],"wp:attachment":[{"href":"https:\/\/desteptati-va.ro\/index.php\/wp-json\/wp\/v2\/media?parent=3429"}],"wp:term":[{"taxonomy":"category","embeddable":true,"href":"https:\/\/desteptati-va.ro\/index.php\/wp-json\/wp\/v2\/categories?post=3429"},{"taxonomy":"post_tag","embeddable":true,"href":"https:\/\/desteptati-va.ro\/index.php\/wp-json\/wp\/v2\/tags?post=3429"}],"curies":[{"name":"wp","href":"https:\/\/api.w.org\/{rel}","templated":true}]}}