{"id":3435,"date":"2021-04-13T10:05:05","date_gmt":"2021-04-13T10:05:05","guid":{"rendered":"http:\/\/desteptati.ro\/?p=3435"},"modified":"2021-04-13T10:05:05","modified_gmt":"2021-04-13T10:05:05","slug":"o-operatiune-comuna-a-cia-kgb-gru-si-a-serviciilor-maghiare","status":"publish","type":"post","link":"https:\/\/desteptati-va.ro\/index.php\/2021\/04\/13\/o-operatiune-comuna-a-cia-kgb-gru-si-a-serviciilor-maghiare\/","title":{"rendered":"O opera\u021biune comun\u0103 a CIA, KGB, GRU \u0219i a serviciilor maghiare"},"content":{"rendered":"<div class=\"post-content\"><div class='booster-block booster-read-block'>\n                <div class=\"twp-read-time\">\n                \t<i class=\"booster-icon twp-clock\"><\/i> <span>Read Time:<\/span>9 Minute, 47 Second                <\/div>\n\n            <\/div><h4>\r\n\r\n<\/h4>\r\n<h4 class=\"has-vivid-red-color has-text-color\" style=\"font-size: 30px;\"><strong>&#8222;Pentru prima dat\u0103, o opera\u021biune comun\u0103 a CIA, KGB, GRU \u0219i a serviciilor maghiare au lucrat impreuna pentru r\u0103sturnarea dictatorului rom\u00e2n, Nicolae Ceausescu, spune un participant direct la conspira\u021bie din serviciile speciale ruse.&#8221;<\/strong><\/h4>\r\n<h4>\r\n\r\n<\/h4>\r\n<h4 class=\"has-black-color has-text-color has-medium-font-size\"><strong>Presa rus\u0103 public\u0103, \u00een premier\u0103, m\u0103rturiile unui ofi\u0163er al serviciilor ruse care a participat la opera\u0163iunea comun\u0103 a CIA, KGB, GRU \u015fi serviciile maghiare de \u00eenl\u0103turare a dictatorului rom\u00e2n.<\/strong><\/h4>\r\n<h4>\r\n\r\n<\/h4>\r\n<h4 class=\"has-black-color has-text-color has-medium-font-size\"><strong>Pentru prima dat\u0103, o opera\u021biune comun\u0103 a CIA, KGB, GRU \u0219i a serviciilor de informatii maghiare au lucrat impreuna pentru r\u0103sturnarea dictatorului rom\u00e2n, Nicolae Ceausescu, ne spune un participant direct la conspira\u021bie din serviciile speciale ruse.<\/strong><\/h4>\r\n<h4>\r\n\r\n<\/h4>\r\n<h4 class=\"has-vivid-red-color has-text-color has-medium-font-size\"><strong>Ofiter rus de informatii : &#8222;Cu viitorul pre\u015fedinte al Rom\u00e2niei \u015fi prieten al lui Gorbaciov, Ion Iliescu, a lucrat rezidentul Direc\u0163iei Principale a KGB.&#8221;<\/strong><\/h4>\r\n<h4>\r\n\r\n<\/h4>\r\n<h4 class=\"has-black-color has-text-color has-medium-font-size\">\u2116 6 (247) DIN 17 februarie 2011 [&#8222;Argumentele saptamanii&#8221; de Alexander Kondrashov]<\/h4>\r\n<h4>\r\n\r\n<\/h4>\r\n<h4 class=\"has-black-color has-text-color has-medium-font-size\"><strong>\u00cen Budapesta, la direc\u0163ia de informa\u0163ii a trupelor sudice ale armatei ruse, Roman era cel mai t\u00e2n\u0103r ofi\u0163er. Un locotenent major \u00een pozi\u0163ia de maior, nu e de glum\u0103! \u201eCe carierist\u201d, c\u00e2rteau c\u0103pitanii b\u0103tr\u00e2ni.<\/strong><\/h4>\r\n<h4>\r\n\r\n<\/h4>\r\n<h4 class=\"has-black-color has-text-color has-medium-font-size\"><strong>Cu toate astea, nici ei nu puteau nega faptul c\u0103 nimeni nu cuno\u015ftea at\u00e2t de bine limbile str\u0103ine precum acest t\u00e2n\u0103r.<\/strong> <strong>Roman vorbea foarte bine germana \u015fi franceza, iar maghiara \u015fi rom\u00e2na, ca \u015fi rusa, de altfel, \u00eei erau limbi materne.<\/strong> <strong>S-a n\u0103scut \u015fi a crescut \u00een Transcarpatia, \u00een ora\u015ful Muncaci (Muncevo), iat\u0103 de ce nici nu \u015ftia c\u00e2t s\u00e2nge maghiar sau rom\u00e2nesc \u00eei curge prin vine.<\/strong> <strong>La petreceri, prietenii \u00eel \u00eentrebau: ce na\u0163ionalitate are? Cit\u00e2ndu-l cu ironie pe Bismarck, locotenentul major le r\u0103spundea ironic c\u0103: &#8222;A fi roman nu-i o nationalitate, ci o profesie&#8221;.<\/strong> <strong>(n.red. Aluzie la vorbele lui Bismarck, care referindu-se la politicienii romani de pe vremea sa pe care nu-i agrea, ar fi spus: &#8222;A fi roman nu-i o nationalitate, ci o profesie&#8221;)<\/strong><\/h4>\r\n<h4>\r\n\r\n<\/h4>\r\n<h4 class=\"has-black-color has-text-color has-medium-font-size\"><strong>\u00cen acea perioad\u0103, \u00een Rom\u00e2nia, spre deosebire de Ungaria, nu existau trupe sovietice.<\/strong> <strong>Din aceast\u0103 cauz\u0103 un ofi\u0163er al spionajului militar cu greu \u00ee\u015fi putea exercita sarcina de monitorizare a programului nuclear rom\u00e2nesc.<\/strong><\/h4>\r\n<h4>\r\n\r\n<\/h4>\r\n<h4 class=\"has-black-color has-text-color has-medium-font-size\"><strong>Cele mai utile r\u0103m\u00e2n vizitele \u00een Transilvania \u015fi \u00eentrevederile cu maghiarii din Transilvania.<\/strong> <strong>La Timi\u015foara, serviciile secrete sovietice dispuneau de o re\u0163ea larg\u0103 de agen\u0163i secre\u0163i sovietici. <\/strong><\/h4>\r\n<h4>\r\n\r\n<\/h4>\r\n<h4 class=\"has-vivid-red-color has-text-color has-medium-font-size\"><strong>Fariseii politici<\/strong><\/h4>\r\n<h4>\r\n\r\n<\/h4>\r\n<h4 class=\"has-black-color has-text-color has-medium-font-size\"><strong>Ca un profesionist adev\u0103rat, Roman timp de 20 de ani nu a deconspirat niciun nume, locurile conspirative \u015fi parolele colaboratorilor s\u0103i rom\u00e2ni. Cu toate acestea, el a dezv\u0103luit unele detalii ale opera\u0163iunii de \u00eenl\u0103turare a lui Nicolae \u015fi a Elenei Ceau\u015fescu. \u015ei acest lucru a fost determinat de\u2026\u00eensu\u015fi Gorbaciov.<\/strong><\/h4>\r\n<h4>\r\n\r\n<\/h4>\r\n<h4 class=\"has-black-color has-text-color has-medium-font-size\"><strong>Acum, cu ocazia anivers\u0103rii a 80 de ani, \u00een presa occidental\u0103 a pornit o \u00eentreag\u0103 campanie \u00een favoarea lui Mihail Sergheevici. To\u0163i \u00eel sl\u0103vesc pe \u201eGorbi\u201d\u2026 \u015ei chiar \u00eensu\u015fi Gorbaciov este interesat de men\u0163inerea unei imagini de bunic bl\u00e2nd. Roman recunoa\u015fte c\u0103 i-a fost sil\u0103 s\u0103 asculte cum, primul \u015fi ultimul pre\u015fedinte al Uniunii Sovietice a condamnat la Bucure\u015fti execu\u0163ia so\u0163ilor Ceau\u015fescu \u00een decembrie 1989. La \u00eentrevederea cu jurnali\u015ftii, fostul lider sovietic a declarat c\u0103 ei au fost \u00eempu\u015fca\u0163i \u201easemenea unor animale\u201d, iar acest lucru nu trebuie f\u0103cut, \u201eoric\u00e2t de complicat\u0103 ar fi fost situa\u0163ia \u00een \u0163ar\u0103\u201d.<\/strong><\/h4>\r\n<h4>\r\n\r\n<\/h4>\r\n<h4 class=\"has-black-color has-text-color has-medium-font-size\"><strong>\u00cen cadrul unei vizite private, fostul pre\u015fedinte sovietic s-a \u00eent\u00e2lnit cu fostul pre\u015fedinte al Rom\u00e2niei, Ion Iliescu. Cei doi aveau multe lucruri de care s\u0103-\u015fi aduc\u0103 aminte. Execu\u0163ia so\u0163ilor Ceau\u015fescu la peretele unui veceu r\u0103m\u00e2ne pe con\u015ftiin\u0163a lor, afirm\u0103 Roman.<\/strong><\/h4>\r\n<h4>\r\n\r\n<\/h4>\r\n<h4 class=\"has-black-color has-text-color has-medium-font-size\"><strong>\u00cen noiembrie \u015fi decembrie 1989, t\u00e2n\u0103rul spion rus a exercitat func\u0163ia de traduc\u0103tor al unor \u015fefi superiori, sosi\u0163i cu o misiune secret\u0103 de la Moscova.<\/strong><\/h4>\r\n<h4>\r\n\r\n<\/h4>\r\n<h4 class=\"has-vivid-red-color has-text-color has-medium-font-size\"><strong>Ore \u00eentregi, generalii GRU au purtat discu\u0163ii cu \u015fefii serviciilor secrete maghiare. Roman \u00ee\u015fi aminte\u015fte bine c\u0103 oaspe\u0163ii din capital\u0103 au subliniat \u00een mai multe r\u00e2nduri c\u0103 ac\u0163ionau \u00een conformitate cu ordinele ministrului ap\u0103r\u0103rii al URSS \u015fi la ordinele pre\u015fedintelui sovietic Mihai Gorbaciov.<\/strong><\/h4>\r\n<h4>\r\n\r\n<\/h4>\r\n<h4 class=\"has-black-color has-text-color has-medium-font-size\"><strong>\u00cen acea perioad\u0103, \u00eenl\u0103turarea unui \u015fef de stat putea fi autorizat\u0103 doar de Secretarul General al Partidului Comunist din Uniunea Sovietic\u0103. Cu toate acestea, ofi\u0163erii GRU erau circumspec\u0163i \u015fi au decis s\u0103 ac\u0163ioneze doar prin intermediul serviciilor maghiare.<\/strong><\/h4>\r\n<h4>\r\n\r\n<\/h4>\r\n<figure class=\"aligncenter size-large is-resized\"><a href=\"http:\/\/www.desteptati-va.ro\/wp-content\/uploads\/2021\/01\/Miklos-Nemet-2.jpg\"><img loading=\"lazy\" decoding=\"async\" class=\"wp-image-5335\" src=\"http:\/\/www.desteptati-va.ro\/wp-content\/uploads\/2021\/01\/Miklos-Nemet-2.jpg\" alt=\"\" width=\"302\" height=\"333\" \/><\/a><\/figure>\r\n<h4>\r\n\r\n<\/h4>\r\n<h4 class=\"has-black-color has-text-color has-medium-font-size\"><strong>Abia acum, prim-ministrul de atunci al Ungariei, Miklos Nemet, recunoa\u015fte \u00eentr-un interviu publicat \u00een ziarul \u201eMagyar Hirlap\u201d c\u0103 serviciile maghiare au livrat armament opozi\u0163iei rom\u00e2ne \u00een ajunul evenimentelor tragice, fiind antrena\u0163i \u00een tabere militare din Ungaria.<\/strong><\/h4>\r\n<h4>\r\n\r\n<\/h4>\r\n<h4 class=\"has-black-color has-text-color has-medium-font-size\"><strong>Timp de dou\u0103 decenii acest lucru era men\u0163inut \u00een tain\u0103. Pe l\u00e2ng\u0103 aceasta, \u00een r\u00e2nd cu maghiarii, viitorii \u201erevolu\u0163ionari\u201d erau instrui\u0163i \u015fi de speciali\u015ftii sovietici din trupele speciale. Lucrurile nu s-au limitat doar la acestea. Serviciile sovietice \u015fi maghiare au reu\u015fit s\u0103 recruteze mul\u0163i func\u0163ionari rom\u00e2ni de partid \u015fi din aparatul de stat.<\/strong><\/h4>\r\n<h4>\r\n\r\n<\/h4>\r\n<h4 class=\"has-vivid-red-color has-text-color has-medium-font-size\"><strong>Cu viitorul pre\u015fedinte al Rom\u00e2niei \u015fi prieten al lui Gorbaciov, Ion Iliescu, a lucrat rezidentul Direc\u0163iei Principale a KGB.<\/strong><\/h4>\r\n<h4>\r\n\r\n<\/h4>\r\n<h4 class=\"has-black-color has-text-color has-medium-font-size\"><strong>GRU avea \u00een vizor armata rom\u00e2n\u0103. Printre agen\u0163ii recruta\u0163i se afla \u015fi viitorul ministru al ap\u0103r\u0103rii \u00een primul guvern al lui Iliescu \u2013 generalul Victor St\u0103nculescu. Pe atunci el era printre favori\u0163ii Elenei Ceau\u015fescu. Deplin\u0103 \u00eencredere \u00een &#8222;favoritul&#8221; so\u0163iei avea \u015fi Nicolae Ceau\u015fescu.<\/strong><\/h4>\r\n<h4>\r\n\r\n<\/h4>\r\n<h4 class=\"has-vivid-red-color has-text-color has-medium-font-size\"><strong>Prima Etapa a dezinformarii<\/strong><\/h4>\r\n<h4>\r\n\r\n<\/h4>\r\n<h4 class=\"has-black-color has-text-color has-medium-font-size\"><strong>Cu toate acestea, rolul principal \u00een organizarea ac\u0163iunilor diversioniste \u00een Rom\u00e2nia l-au jucat nu KGB, GRU sau serviciile secrete maghiare. O bun\u0103 parte a opera\u0163iunilor au apar\u0163inut CIA.<\/strong><\/h4>\r\n<h4>\r\n\r\n<\/h4>\r\n<figure class=\"aligncenter size-large is-resized\"><a href=\"http:\/\/www.desteptati-va.ro\/wp-content\/uploads\/2021\/01\/Milton-Bearden-CIA-2.jpg\"><img loading=\"lazy\" decoding=\"async\" class=\"wp-image-5336\" src=\"http:\/\/www.desteptati-va.ro\/wp-content\/uploads\/2021\/01\/Milton-Bearden-CIA-2.jpg\" alt=\"\" width=\"245\" height=\"376\" \/><\/a>\r\n<figcaption>Sef statie CIA Europa in 1989<\/figcaption>\r\n<\/figure>\r\n<h4>\r\n\r\n<\/h4>\r\n<h4 class=\"has-black-color has-text-color has-medium-font-size\"><strong>Ast\u0103zi, conduc\u0103torul sec\u0163iei CIA pentru Europa de Est, Milton Bearden, recunoa\u015fte c\u0103 toate ac\u0163iunile subversive au fost dirijate din Washington. Care a fost totu\u015fi tehnologia schimb\u0103rii regimului din Rom\u00e2nia? \u00cen prima etap\u0103 \u2013 discreditarea lui Ceau\u015fescu.<\/strong><\/h4>\r\n<h4>\r\n\r\n<\/h4>\r\n<h4 class=\"has-black-color has-text-color has-medium-font-size\"><strong>\u00cen acest scop, zeci de agen\u0163i ai serviciilor secrete lucrau pentru ca \u00een presa interna\u0163ional\u0103 s\u0103 ajung\u0103 c\u00e2t mai multe \u201emateriale compromi\u0163\u0103toare\u201d despre dictator \u015fi anturajul s\u0103u. Spre exemplu, ziarele scriau c\u0103 Comandatul Suprem al Armatei a conferit gradul de locotenent c\u0103\u0163elu\u015fului s\u0103u de plu\u015f.<\/strong><\/h4>\r\n<h4>\r\n\r\n<\/h4>\r\n<h4 class=\"has-vivid-red-color has-text-color has-medium-font-size\"><strong>Etapa a doua a dezinformarii<\/strong><\/h4>\r\n<h4>\r\n\r\n<\/h4>\r\n<h4 class=\"has-black-color has-text-color has-medium-font-size\"><strong>\u00cen etapa a doua a opera\u0163iunii s-a recurs la promovarea unor posibili succesori ai dictatorului.<\/strong><\/h4>\r\n<h4>\r\n\r\n<\/h4>\r\n<h4 class=\"has-black-color has-text-color has-medium-font-size\"><strong>Astfel, \u00een pres\u0103 a ap\u0103rut informa\u0163ia c\u0103 posibilul succesor al lui Ceau\u015fescu ar putea deveni Ion Iliescu.<\/strong><\/h4>\r\n<h4>\r\n\r\n<\/h4>\r\n<h4 class=\"has-vivid-red-color has-text-color has-medium-font-size\"><strong>Etapa a treia a dezinformarii<\/strong><\/h4>\r\n<h4>\r\n\r\n<\/h4>\r\n<h4 class=\"has-black-color has-text-color has-medium-font-size\"><strong>\u00cen a treia etap\u0103 a r\u0103zboiului informa\u0163ional s-a pus accentul pe manipularea informa\u0163iilor cu privire la evenimentele din Timi\u015foara, unde \u00een timpul ciocnirilor cu agen\u0163ii Securit\u0103\u0163ii rom\u00e2ne \u201ear fi decedat cet\u0103\u0163eni pa\u015fnici\u201d. Roman \u00ee\u015fi aminte\u015fte cum cadavrele celor \u201easasina\u0163i\u201d au fost prezentate la toate posturile de televiziune din lume, fiind adu\u015fi, \u00een realitate, de la morgile din regiune. De fapt, aceste cadavre apar\u0163ineau unor persoane care au murit de moarte bun\u0103. Americanii pl\u0103teau sanitarilor c\u00e2te o sut\u0103 de dolari pentru \u201eo bucat\u0103\u201d.<\/strong><\/h4>\r\n<h4>\r\n\r\n<\/h4>\r\n<h4 class=\"has-black-color has-text-color has-medium-font-size\"><strong>Pentru Rom\u00e2nia din acea perioad\u0103 aceast\u0103 sum\u0103 era una enorm\u0103.<\/strong><\/h4>\r\n<h4>\r\n\r\n<\/h4>\r\n<h4 class=\"has-vivid-red-color has-text-color has-medium-font-size\"><strong>Antihristul ucis de Cr\u0103ciun<\/strong><\/h4>\r\n<h4>\r\n\r\n<\/h4>\r\n<h4 class=\"has-black-color has-text-color has-medium-font-size\">\u00ce<strong>n timpul Cr\u0103ciunului catolic, via\u0163a din Ungaria se opre\u015fte. Iar \u00een Transilvania, unde se afla Roman, situa\u0163ia era tensionat\u0103. \u00cen noaptea de 26 spre 27 decembrie, postul rom\u00e2n de televiziune a prezentat procesul asupra so\u0163ilor Ceau\u015fescu. Audierile au fost scurte. Lui Ceau\u015fescu i-a fost \u00eencriminat\u0103 asasinarea a peste 60 de mii de persoane. Ast\u0103zi, potrivit datelor de care dispunem, pe str\u0103zile din Bucure\u015fti \u015fi Timi\u015foara au decedat \u00een jur de o mie de persoane.<\/strong><\/h4>\r\n<h4>\r\n\r\n<\/h4>\r\n<h4 class=\"has-black-color has-text-color has-medium-font-size\"><strong>Dar exist\u0103 \u015fi un alt detaliu, pe care nu-l putem ignora, pierderile din r\u00e2ndurile militarilor \u015fi organelor de for\u0163\u0103. Printre ei, peste 325 de persoane au fost omor\u00e2te \u015fi 618 r\u0103nite.<\/strong><\/h4>\r\n<h4>\r\n\r\n<\/h4>\r\n<h4 class=\"has-black-color has-text-color has-medium-font-size\"><strong>Acest lucru demonstreaz\u0103 c\u0103 pe teritoriul Rom\u00e2niei au ac\u0163ionat grupuri \u00eenarmate preg\u0103tite \u00een bazele militare secrete din Ungaria.<\/strong><\/h4>\r\n<h4>\r\n\r\n<\/h4>\r\n<h4 class=\"has-black-color has-text-color has-medium-font-size\"><strong>Tot atunci \u00een Rom\u00e2nia au ie\u015fit la iveal\u0103 \u015fi \u0163inta\u015fii sportivi.<\/strong> <strong>(Aminti\u0163i-v\u0103 cum \u00een octombrie 1993 ni\u015fte \u0163inta\u015fi tr\u0103geau \u00een Moscova asupra Cl\u0103dirii Parlamentului \u015fi asupra trupelor de destina\u0163ie special\u0103 \u201eV\u00e2mpel\u201d).<\/strong><\/h4>\r\n<h4>\r\n\r\n<\/h4>\r\n<h4 class=\"has-black-color has-text-color has-medium-font-size\"><strong>Este de eviden\u0163iat c\u0103 \u00een acea perioad\u0103 nu au existat nici un fel de competi\u0163ii sportive.<\/strong><\/h4>\r\n<h4>\r\n\r\n<\/h4>\r\n<h4 class=\"has-black-color has-text-color has-medium-font-size\"><strong>Dup\u0103 25 decembrie, 257 de b\u0103rba\u0163i au zburat din Bucure\u015fti \u00een unul din statele din Orientul Apropiat.\u2026Dup\u0103 pronun\u0163area sentin\u0163ei, condamna\u0163ii au fost sco\u015fi \u00een curte \u015fi pu\u015fi la zidul unui veceu sold\u0103\u0163esc. C\u00e2nd Nicolae Ceau\u015fescu a \u00een\u0163eles c\u0103 i-a venit sf\u00e2r\u015fitul, a \u00eenceput s\u0103 c\u00e2nte \u201eInterna\u0163ionala\u201d, apoi a strigat \u201eJos tr\u0103d\u0103torii!\u201d.<\/strong><\/h4>\r\n<h4>\r\n\r\n<\/h4>\r\n<h4 class=\"has-black-color has-text-color has-medium-font-size\"><strong>Au r\u0103sunat rafale de arme. Solda\u0163ii au desc\u0103rcat \u00een Ceau\u015fescu \u015fi so\u0163ia sa peste 90 de gloan\u0163e. Acest lucru a avut loc la ora 14.50, la 25 decembrie. C\u00e2nd cadrele erau prezentate la postul de televiziune, o voce de dup\u0103 cadru a spus: \u201eAntihristul a fost ucis de Cr\u0103ciun!\u201d.<\/strong><\/h4>\r\n<h4>\r\n\r\n<\/h4>\r\n<h4 class=\"has-vivid-red-color has-text-color has-medium-font-size\"><strong>Organizatorul procesului \u00eempotriva lui Ceau\u015fescu a fost fidelul general Victor Stanculescu<\/strong>.<\/h4>\r\n<h4>\r\n\r\n<\/h4>\r\n<h4 class=\"has-black-color has-text-color has-medium-font-size\"><strong>La scurt timp dup\u0103 ce a ob\u0163inut comanda asupra for\u0163elor militare ale Rom\u00e2niei, acest agent al c\u00e2torva servicii secrete a trecut deschis de partea comploti\u015ftilor. \u015ei nu doar el. Ceau\u015fescu a fost tr\u0103dat \u015fi de conducerea Securit\u0103\u0163ii. De altfel cum poate fi explicat faptul c\u0103 \u00eempotriva atotputernicului \u015fef al Securit\u0103\u0163ii, generalul Iulian Vlad, niciun martor nu a acceptat s\u0103 dea m\u0103rturii. Iar \u201edul\u0103ii de paz\u0103\u201d care l-au executat pe Ceau\u015fescu, generalii Virgil M\u0103gureanu \u015fi Victor St\u0103nculescu au ocupat posturile de \u015fef al Serviciilor Secrete \u015fi respectiv de ministru al ap\u0103r\u0103rii.<\/strong><\/h4>\r\n<h4>\r\n\r\n<\/h4>\r\n<h4 class=\"has-vivid-red-color has-text-color has-medium-font-size\"><strong>Frica de bomba atomic\u0103 rom\u00e2neasc\u0103<\/strong><\/h4>\r\n<h4>\r\n\r\n<\/h4>\r\n<h4 class=\"has-black-color has-text-color has-medium-font-size\"><strong>La sf\u00e2r\u015fitul anului 1988, \u201eproblema rom\u00e2neasc\u0103\u201d a devenit una central\u0103 \u00een negocierile lui Gorbaciov, \u015eevarnadze \u015fi Iakovlev cu Occidentul. Problema nu consta \u00een faptul c\u0103 \u00een presa sovietic\u0103 Ceau\u015fescu era prezentat drept un \u201estalinist\u201d \u015fi du\u015fman al perestroicii, chiar dac\u0103 acesta \u00eentr-adev\u0103r a declarat \u00een cadrul congresului PCR c\u0103 \u201emai cur\u00e2nd Dun\u0103rea \u00ee\u015fi va schimba cursul dec\u00e2t va fi realizat\u0103 perestroika \u00een Rom\u00e2nia\u201d. Problema nu a constat nici \u00een antipatia personal\u0103 a lui Gorbaciv fa\u0163\u0103 de Ceau\u015fescu. \u00cen marea politic\u0103 nu exist\u0103 loc pentru sentimente.<\/strong><\/h4>\r\n<h4>\r\n\r\n<\/h4>\r\n<figure class=\"aligncenter size-large is-resized\"><a href=\"http:\/\/www.desteptati-va.ro\/wp-content\/uploads\/2021\/01\/Eduard-Shevardnadze-4.jpg\"><img loading=\"lazy\" decoding=\"async\" class=\"wp-image-5334\" src=\"http:\/\/www.desteptati-va.ro\/wp-content\/uploads\/2021\/01\/Eduard-Shevardnadze-4.jpg\" alt=\"\" width=\"338\" height=\"441\" \/><\/a>\r\n<figcaption>Eduard Shevardnadze<\/figcaption>\r\n<\/figure>\r\n<h4>\r\n\r\n<\/h4>\r\n<h4 class=\"has-black-color has-text-color has-medium-font-size\"><strong>Exist\u0103 doar interese. Acestea coincideau la Bush-tat\u0103l \u015fi Goraciov \u00eentr-un singur subiect comun: s\u0103 nu permit\u0103 Rom\u00e2niei s\u0103 devin\u0103 o puterea nuclear\u0103. Mai ales c\u0103 exista deja problema ambi\u0163iilor nucleare ale Chinei.<\/strong><\/h4>\r\n<h4>\r\n\r\n<\/h4>\r\n<h4 class=\"has-black-color has-text-color has-medium-font-size\"><strong>Potrivit lui Roman, Bucure\u015ftiul ini\u021biase proiectului realiz\u0103rii armei nucleare \u00een anul 1976. Pentru fabricarea acesteia a fost format un grup de fizicieni, care lucrau \u00eentr-un centru secret din ora\u015ful M\u0103gurele. A\u015fa cum este ast\u0103zi \u00een cazul Iranului, oficial, lucr\u0103rile erau realizate \u00een domeniul energeticii nucleare. Rezultatele pozitive i-au permis lui Ceau\u015fescu s\u0103 declare oficial \u00een mai 1989 despre faptul c\u0103, din punct de vedere tehnic, Rom\u00e2nia este capabil\u0103 s\u0103 produc\u0103 arme nucleare.<\/strong><\/h4>\r\n<h4>\r\n\r\n<\/h4>\r\n<h4 class=\"has-black-color has-text-color has-medium-font-size\"><strong>\u00cen decembrie 1989, Ceau\u015fescu a fost \u00eenl\u0103turat \u015fi executat. \u00cen zadar s-a l\u0103udat. Pentru crearea bombei nucleare rom\u00e2nii mai aveau de lucrat \u00eenc\u0103 zece ani.<\/strong><\/h4>\r\n<h4>\r\n\r\n<\/h4>\r\n<h4 class=\"has-black-color has-text-color has-medium-font-size\"><strong>Roman poveste\u015fte c\u0103 cei doi generali GRU nu au plecat la Moscova dup\u0103 asasinarea lui Ceau\u015fescu.<\/strong><\/h4>\r\n<h4>\r\n\r\n<\/h4>\r\n<h4 class=\"has-black-color has-text-color has-medium-font-size\"><strong>\u00cempreun\u0103 cu grupul spionilor militari din Grupul de Sud al for\u0163elor militare sovietice, au trecut din Budapesta la Bucure\u015fti. Au \u00eenceput c\u0103ut\u0103rile contactelor printre fizicienii rom\u00e2ni. Desigur, sovieticii nu aveau nevoie de secretele legate de producerea armei nucleare. Nu era nevoie dec\u00e2t \u00eenl\u0103turarea oric\u0103rui pericol de scurgere a informa\u0163iei legate de tehnologiile nucleare din Rom\u00e2nia.<\/strong><\/h4>\r\n<h4>\r\n\r\n<\/h4>\r\n<h4 class=\"has-black-color has-text-color has-medium-font-size\"><strong>Cu ajutorul CIA, aceast\u0103 problem\u0103 a fost rezolvat\u0103. Peste doi ani, \u00een 1991, noua guvernare a Rom\u00e2niei a acceptat s\u0103 supun\u0103 sub controlul absolut al Agen\u0163iei Interna\u0163ionale pentru Energia Nuclear\u0103 obiectele \u015fi centrele de cercetare nuclear\u0103.<\/strong><\/h4>\r\n<h4>\r\n\r\n<\/h4>\r\n<h4 class=\"has-black-color has-text-color has-medium-font-size\"><strong>Pentru o perioad\u0103 \u00eendelungat\u0103, \u00een Rom\u00e2nia s-au aflat 13,5 kg de uraniu \u00eembog\u0103\u0163it (80 la sut\u0103).<\/strong><\/h4>\r\n<h4>\r\n\r\n<\/h4>\r\n<h4 class=\"has-black-color has-text-color has-medium-font-size\"><strong>Iat\u0103 de ce \u00een 2003, \u00een colaborare cu CIA \u015fi Serviciul de Informa\u0163ii Externe a Federa\u0163iei Ruse, au organizat o opera\u0163iune secret\u0103 de transportare \u015fi neutralizare \u00een Rusia a materialului nuclear. Acesta a fost adus la Bucure\u015fti cu un transport militar, \u00eenc\u0103rcat \u00een Il-76 \u015fi transportat la uzina de concentrate chimice din Novosibirsk.<\/strong><\/h4>\r\n<h4>\r\n\r\n<\/h4>\r\n<h4 class=\"has-black-color has-text-color has-medium-font-size\"><strong>Transportarea a avut loc la comanda Agen\u0163iei Interna\u0163ionale pentru Energie Nuclear\u0103 \u015fi finan\u0163at\u0103 de Ministerul Energeticii al SUA. Opera\u0163iunea a fost executat\u0103 de Comisia Na\u0163ional\u0103 pentru control asupra activit\u0103\u0163ii nucleare a Rom\u00e2niei. Ministerul industriei nucleare a Federa\u0163iei Ruse a executat func\u0163ia de coordonator al opera\u0163iunii.<\/strong><\/h4>\r\n<h4>\r\n\r\n<\/h4>\r\n<h4 class=\"has-black-color has-text-color has-medium-font-size\"><strong>Totu\u015fi, aceasta a fost monitorizat\u0103 \u015fi de exper\u0163ii americani.<\/strong><\/h4>\r\n<h4>\r\n\r\n<\/h4>\r\n<h4 class=\"has-black-color has-text-color has-medium-font-size\"><strong>Inspec\u0163iile obiectelor nucleare efectuate de Agen\u0163ia Interna\u0163ional\u0103 pentru Energia Nuclear\u0103 au scos la iveal\u0103 faptul c\u0103 \u00eencep\u00e2nd cu anul 1985 Rom\u00e2nia a efectuat experimente chimice secrete \u00een scopul ob\u0163inerii materialelor necesare cre\u0103rii unei bombe nucleare. Potrivit estim\u0103rilor exper\u0163ilor, Ceau\u015fescu ar fi reu\u015fit s\u0103 ob\u0163in\u0103 bomba nuclear\u0103 c\u0103tre anul 2000. <\/strong><\/h4>\r\n<h4><\/h4>        <div class=\"booster-block booster-reactions-block\">\n            <div class=\"twp-reactions-icons\">\n                \n                <div class=\"twp-reacts-wrap\">\n                    <a react-data=\"be-react-1\" post-id=\"3435\" class=\"be-face-icons un-reacted\" href=\"javascript:void(0)\">\n                        <img decoding=\"async\" src=\"https:\/\/desteptati-va.ro\/wp-content\/plugins\/booster-extension\/\/assets\/icon\/happy.svg\" alt=\"Happy\">\n                    <\/a>\n                    <div class=\"twp-reaction-title\">\n                        Happy                    <\/div>\n                    <div class=\"twp-count-percent\">\n                                                    <span style=\"display: none;\" class=\"twp-react-count\">0<\/span>\n                        \n                                                <span class=\"twp-react-percent\"><span>0<\/span> %<\/span>\n                                            <\/div>\n                <\/div>\n\n                <div class=\"twp-reacts-wrap\">\n                    <a react-data=\"be-react-2\" post-id=\"3435\" class=\"be-face-icons un-reacted\" href=\"javascript:void(0)\">\n                        <img decoding=\"async\" src=\"https:\/\/desteptati-va.ro\/wp-content\/plugins\/booster-extension\/\/assets\/icon\/sad.svg\" alt=\"Sad\">\n                    <\/a>\n                    <div class=\"twp-reaction-title\">\n                        Sad                    <\/div>\n                    <div class=\"twp-count-percent\">\n                                                    <span style=\"display: none;\" class=\"twp-react-count\">0<\/span>\n                                                                        <span class=\"twp-react-percent\"><span>0<\/span> %<\/span>\n                                            <\/div>\n                <\/div>\n\n                <div class=\"twp-reacts-wrap\">\n                    <a react-data=\"be-react-3\" post-id=\"3435\" class=\"be-face-icons un-reacted\" href=\"javascript:void(0)\">\n                        <img decoding=\"async\" src=\"https:\/\/desteptati-va.ro\/wp-content\/plugins\/booster-extension\/\/assets\/icon\/excited.svg\" alt=\"Excited\">\n                    <\/a>\n                    <div class=\"twp-reaction-title\">\n                        Excited                    <\/div>\n                    <div class=\"twp-count-percent\">\n                                                    <span style=\"display: none;\" class=\"twp-react-count\">0<\/span>\n                                                                        <span class=\"twp-react-percent\"><span>0<\/span> %<\/span>\n                                            <\/div>\n                <\/div>\n\n                <div class=\"twp-reacts-wrap\">\n                    <a react-data=\"be-react-6\" post-id=\"3435\" class=\"be-face-icons un-reacted\" href=\"javascript:void(0)\">\n                        <img decoding=\"async\" src=\"https:\/\/desteptati-va.ro\/wp-content\/plugins\/booster-extension\/\/assets\/icon\/sleepy.svg\" alt=\"Sleepy\">\n                    <\/a>\n                    <div class=\"twp-reaction-title\">\n                        Sleepy                    <\/div>\n                    <div class=\"twp-count-percent\">\n                                                    <span style=\"display: none;\" class=\"twp-react-count\">0<\/span>\n                        \n                                                <span class=\"twp-react-percent\"><span>0<\/span> %<\/span>\n                                            <\/div>\n                <\/div>\n\n                <div class=\"twp-reacts-wrap\">\n                    <a react-data=\"be-react-4\" post-id=\"3435\" class=\"be-face-icons un-reacted\" href=\"javascript:void(0)\">\n                        <img decoding=\"async\" src=\"https:\/\/desteptati-va.ro\/wp-content\/plugins\/booster-extension\/\/assets\/icon\/angry.svg\" alt=\"Angry\">\n                    <\/a>\n                    <div class=\"twp-reaction-title\">Angry<\/div>\n                    <div class=\"twp-count-percent\">\n                                                    <span style=\"display: none;\" class=\"twp-react-count\">0<\/span>\n                                                                        <span class=\"twp-react-percent\"><span>0<\/span> %<\/span>\n                        \n                    <\/div>\n                <\/div>\n\n                <div class=\"twp-reacts-wrap\">\n                    <a react-data=\"be-react-5\" post-id=\"3435\" class=\"be-face-icons un-reacted\" href=\"javascript:void(0)\">\n                        <img decoding=\"async\" src=\"https:\/\/desteptati-va.ro\/wp-content\/plugins\/booster-extension\/\/assets\/icon\/surprise.svg\" alt=\"Surprise\">\n                    <\/a>\n                    <div class=\"twp-reaction-title\">Surprise<\/div>\n                    <div class=\"twp-count-percent\">\n                                                    <span style=\"display: none;\" class=\"twp-react-count\">0<\/span>\n                                                                        <span class=\"twp-react-percent\"><span>0<\/span> %<\/span>\n                                            <\/div>\n                <\/div>\n\n            <\/div>\n        <\/div>\n\n    <\/div>","protected":false},"excerpt":{"rendered":"<p>&#8222;Pentru prima dat\u0103, o opera\u021biune comun\u0103 a CIA, KGB, GRU \u0219i a serviciilor maghiare au lucrat impreuna pentru r\u0103sturnarea dictatorului<a href=\"https:\/\/desteptati-va.ro\/index.php\/2021\/04\/13\/o-operatiune-comuna-a-cia-kgb-gru-si-a-serviciilor-maghiare\/\">Read More<i class=\"fa fa-long-arrow-right\" aria-hidden=\"true\"><\/i><\/a><\/p>\n","protected":false},"author":1,"featured_media":3437,"comment_status":"open","ping_status":"open","sticky":false,"template":"","format":"standard","meta":{"_crdt_document":"","footnotes":""},"categories":[39,42,37],"tags":[155],"class_list":["post-3435","post","type-post","status-publish","format-standard","has-post-thumbnail","hentry","category-fratele-mai-mare","category-prietenii-rasariteni","category-servicii-secrete-secvente-istorice","tag-spionaj"],"rise-blocks_total_comments":0,"rise-blocks_categories":[{"term_id":39,"name":"CIA et com.","slug":"fratele-mai-mare","term_group":0,"term_taxonomy_id":39,"taxonomy":"category","description":"","parent":37,"count":6,"filter":"raw"}],"rise-blocks_excerpt":"&#8222;Pentru prima dat\u0103, o opera\u021biune comun\u0103 a CIA, KGB, GRU \u0219i a serviciilor maghiare au lucrat impreuna pentru r\u0103sturnarea dictatorului rom\u00e2n, Nicolae Ceausescu, spune un participant direct la conspira\u021bie din serviciile speciale ruse.&#8221; Presa rus\u0103 public\u0103, \u00een premier\u0103, m\u0103rturiile unui ofi\u0163er al serviciilor ruse care a participat la opera\u0163iunea comun\u0103 a CIA, KGB, GRU \u015fi serviciile maghiare de \u00eenl\u0103turare a..","yoast_head":"<!-- This site is optimized with the Yoast SEO plugin v26.9 - https:\/\/yoast.com\/product\/yoast-seo-wordpress\/ -->\r\n<title>O opera\u021biune comun\u0103 a CIA, KGB, GRU \u0219i a serviciilor maghiare -<\/title>\r\n<meta name=\"robots\" content=\"index, follow, max-snippet:-1, max-image-preview:large, max-video-preview:-1\" \/>\r\n<link rel=\"canonical\" href=\"https:\/\/desteptati-va.ro\/index.php\/2021\/04\/13\/o-operatiune-comuna-a-cia-kgb-gru-si-a-serviciilor-maghiare\/\" \/>\r\n<meta property=\"og:locale\" content=\"ro_RO\" \/>\r\n<meta property=\"og:type\" content=\"article\" \/>\r\n<meta property=\"og:title\" content=\"O opera\u021biune comun\u0103 a CIA, KGB, GRU \u0219i a serviciilor maghiare -\" \/>\r\n<meta property=\"og:description\" content=\"&#8222;Pentru prima dat\u0103, o opera\u021biune comun\u0103 a CIA, KGB, GRU \u0219i a serviciilor maghiare au lucrat impreuna pentru r\u0103sturnarea dictatoruluiRead More\" \/>\r\n<meta property=\"og:url\" content=\"https:\/\/desteptati-va.ro\/index.php\/2021\/04\/13\/o-operatiune-comuna-a-cia-kgb-gru-si-a-serviciilor-maghiare\/\" \/>\r\n<meta property=\"article:published_time\" content=\"2021-04-13T10:05:05+00:00\" \/>\r\n<meta property=\"og:image\" content=\"https:\/\/desteptati-va.ro\/wp-content\/uploads\/2021\/04\/Milton-Bearden-CIA-2-1.jpg\" \/>\r\n\t<meta property=\"og:image:width\" content=\"201\" \/>\r\n\t<meta property=\"og:image:height\" content=\"309\" \/>\r\n\t<meta property=\"og:image:type\" content=\"image\/jpeg\" \/>\r\n<meta name=\"author\" content=\"wolfsoftcompany\" \/>\r\n<meta name=\"twitter:card\" content=\"summary_large_image\" \/>\r\n<meta name=\"twitter:label1\" content=\"Scris de\" \/>\n\t<meta name=\"twitter:data1\" content=\"wolfsoftcompany\" \/>\n\t<meta name=\"twitter:label2\" content=\"Timp estimat pentru citire\" \/>\n\t<meta name=\"twitter:data2\" content=\"11 minute\" \/>\r\n<script type=\"application\/ld+json\" class=\"yoast-schema-graph\">{\"@context\":\"https:\/\/schema.org\",\"@graph\":[{\"@type\":\"Article\",\"@id\":\"https:\/\/desteptati-va.ro\/index.php\/2021\/04\/13\/o-operatiune-comuna-a-cia-kgb-gru-si-a-serviciilor-maghiare\/#article\",\"isPartOf\":{\"@id\":\"https:\/\/desteptati-va.ro\/index.php\/2021\/04\/13\/o-operatiune-comuna-a-cia-kgb-gru-si-a-serviciilor-maghiare\/\"},\"author\":{\"name\":\"wolfsoftcompany\",\"@id\":\"https:\/\/desteptati-va.ro\/#\/schema\/person\/13182deeebd44920914899f7bb262d6b\"},\"headline\":\"O opera\u021biune comun\u0103 a CIA, KGB, GRU \u0219i a serviciilor maghiare\",\"datePublished\":\"2021-04-13T10:05:05+00:00\",\"mainEntityOfPage\":{\"@id\":\"https:\/\/desteptati-va.ro\/index.php\/2021\/04\/13\/o-operatiune-comuna-a-cia-kgb-gru-si-a-serviciilor-maghiare\/\"},\"wordCount\":2231,\"commentCount\":0,\"image\":{\"@id\":\"https:\/\/desteptati-va.ro\/index.php\/2021\/04\/13\/o-operatiune-comuna-a-cia-kgb-gru-si-a-serviciilor-maghiare\/#primaryimage\"},\"thumbnailUrl\":\"https:\/\/desteptati-va.ro\/wp-content\/uploads\/2021\/04\/Milton-Bearden-CIA-2-1.jpg\",\"keywords\":[\"spionaj\"],\"articleSection\":[\"CIA et com.\",\"KGB + GRU\",\"Servicii Secrete\"],\"inLanguage\":\"ro-RO\",\"potentialAction\":[{\"@type\":\"CommentAction\",\"name\":\"Comment\",\"target\":[\"https:\/\/desteptati-va.ro\/index.php\/2021\/04\/13\/o-operatiune-comuna-a-cia-kgb-gru-si-a-serviciilor-maghiare\/#respond\"]}]},{\"@type\":\"WebPage\",\"@id\":\"https:\/\/desteptati-va.ro\/index.php\/2021\/04\/13\/o-operatiune-comuna-a-cia-kgb-gru-si-a-serviciilor-maghiare\/\",\"url\":\"https:\/\/desteptati-va.ro\/index.php\/2021\/04\/13\/o-operatiune-comuna-a-cia-kgb-gru-si-a-serviciilor-maghiare\/\",\"name\":\"O opera\u021biune comun\u0103 a CIA, KGB, GRU \u0219i a serviciilor maghiare -\",\"isPartOf\":{\"@id\":\"https:\/\/desteptati-va.ro\/#website\"},\"primaryImageOfPage\":{\"@id\":\"https:\/\/desteptati-va.ro\/index.php\/2021\/04\/13\/o-operatiune-comuna-a-cia-kgb-gru-si-a-serviciilor-maghiare\/#primaryimage\"},\"image\":{\"@id\":\"https:\/\/desteptati-va.ro\/index.php\/2021\/04\/13\/o-operatiune-comuna-a-cia-kgb-gru-si-a-serviciilor-maghiare\/#primaryimage\"},\"thumbnailUrl\":\"https:\/\/desteptati-va.ro\/wp-content\/uploads\/2021\/04\/Milton-Bearden-CIA-2-1.jpg\",\"datePublished\":\"2021-04-13T10:05:05+00:00\",\"author\":{\"@id\":\"https:\/\/desteptati-va.ro\/#\/schema\/person\/13182deeebd44920914899f7bb262d6b\"},\"breadcrumb\":{\"@id\":\"https:\/\/desteptati-va.ro\/index.php\/2021\/04\/13\/o-operatiune-comuna-a-cia-kgb-gru-si-a-serviciilor-maghiare\/#breadcrumb\"},\"inLanguage\":\"ro-RO\",\"potentialAction\":[{\"@type\":\"ReadAction\",\"target\":[\"https:\/\/desteptati-va.ro\/index.php\/2021\/04\/13\/o-operatiune-comuna-a-cia-kgb-gru-si-a-serviciilor-maghiare\/\"]}]},{\"@type\":\"ImageObject\",\"inLanguage\":\"ro-RO\",\"@id\":\"https:\/\/desteptati-va.ro\/index.php\/2021\/04\/13\/o-operatiune-comuna-a-cia-kgb-gru-si-a-serviciilor-maghiare\/#primaryimage\",\"url\":\"https:\/\/desteptati-va.ro\/wp-content\/uploads\/2021\/04\/Milton-Bearden-CIA-2-1.jpg\",\"contentUrl\":\"https:\/\/desteptati-va.ro\/wp-content\/uploads\/2021\/04\/Milton-Bearden-CIA-2-1.jpg\",\"width\":201,\"height\":309},{\"@type\":\"BreadcrumbList\",\"@id\":\"https:\/\/desteptati-va.ro\/index.php\/2021\/04\/13\/o-operatiune-comuna-a-cia-kgb-gru-si-a-serviciilor-maghiare\/#breadcrumb\",\"itemListElement\":[{\"@type\":\"ListItem\",\"position\":1,\"name\":\"Prima pagin\u0103\",\"item\":\"https:\/\/desteptati-va.ro\/\"},{\"@type\":\"ListItem\",\"position\":2,\"name\":\"O opera\u021biune comun\u0103 a CIA, KGB, GRU \u0219i a serviciilor maghiare\"}]},{\"@type\":\"WebSite\",\"@id\":\"https:\/\/desteptati-va.ro\/#website\",\"url\":\"https:\/\/desteptati-va.ro\/\",\"name\":\"\",\"description\":\"\",\"potentialAction\":[{\"@type\":\"SearchAction\",\"target\":{\"@type\":\"EntryPoint\",\"urlTemplate\":\"https:\/\/desteptati-va.ro\/?s={search_term_string}\"},\"query-input\":{\"@type\":\"PropertyValueSpecification\",\"valueRequired\":true,\"valueName\":\"search_term_string\"}}],\"inLanguage\":\"ro-RO\"},{\"@type\":\"Person\",\"@id\":\"https:\/\/desteptati-va.ro\/#\/schema\/person\/13182deeebd44920914899f7bb262d6b\",\"name\":\"wolfsoftcompany\",\"image\":{\"@type\":\"ImageObject\",\"inLanguage\":\"ro-RO\",\"@id\":\"https:\/\/desteptati-va.ro\/#\/schema\/person\/image\/\",\"url\":\"https:\/\/secure.gravatar.com\/avatar\/a6cce9b6d101d27d91690e7073e300fed94c0899890bf998e082cb9d2c3d121e?s=96&d=mm&r=g\",\"contentUrl\":\"https:\/\/secure.gravatar.com\/avatar\/a6cce9b6d101d27d91690e7073e300fed94c0899890bf998e082cb9d2c3d121e?s=96&d=mm&r=g\",\"caption\":\"wolfsoftcompany\"},\"sameAs\":[\"http:\/\/desteptati-va.ro\"],\"url\":\"https:\/\/desteptati-va.ro\/index.php\/author\/wolfsoftcompany\/\"}]}<\/script>\r\n<!-- \/ Yoast SEO plugin. -->","yoast_head_json":{"title":"O opera\u021biune comun\u0103 a CIA, KGB, GRU \u0219i a serviciilor maghiare -","robots":{"index":"index","follow":"follow","max-snippet":"max-snippet:-1","max-image-preview":"max-image-preview:large","max-video-preview":"max-video-preview:-1"},"canonical":"https:\/\/desteptati-va.ro\/index.php\/2021\/04\/13\/o-operatiune-comuna-a-cia-kgb-gru-si-a-serviciilor-maghiare\/","og_locale":"ro_RO","og_type":"article","og_title":"O opera\u021biune comun\u0103 a CIA, KGB, GRU \u0219i a serviciilor maghiare -","og_description":"&#8222;Pentru prima dat\u0103, o opera\u021biune comun\u0103 a CIA, KGB, GRU \u0219i a serviciilor maghiare au lucrat impreuna pentru r\u0103sturnarea dictatoruluiRead More","og_url":"https:\/\/desteptati-va.ro\/index.php\/2021\/04\/13\/o-operatiune-comuna-a-cia-kgb-gru-si-a-serviciilor-maghiare\/","article_published_time":"2021-04-13T10:05:05+00:00","og_image":[{"width":201,"height":309,"url":"https:\/\/desteptati-va.ro\/wp-content\/uploads\/2021\/04\/Milton-Bearden-CIA-2-1.jpg","type":"image\/jpeg"}],"author":"wolfsoftcompany","twitter_card":"summary_large_image","twitter_misc":{"Scris de":"wolfsoftcompany","Timp estimat pentru citire":"11 minute"},"schema":{"@context":"https:\/\/schema.org","@graph":[{"@type":"Article","@id":"https:\/\/desteptati-va.ro\/index.php\/2021\/04\/13\/o-operatiune-comuna-a-cia-kgb-gru-si-a-serviciilor-maghiare\/#article","isPartOf":{"@id":"https:\/\/desteptati-va.ro\/index.php\/2021\/04\/13\/o-operatiune-comuna-a-cia-kgb-gru-si-a-serviciilor-maghiare\/"},"author":{"name":"wolfsoftcompany","@id":"https:\/\/desteptati-va.ro\/#\/schema\/person\/13182deeebd44920914899f7bb262d6b"},"headline":"O opera\u021biune comun\u0103 a CIA, KGB, GRU \u0219i a serviciilor maghiare","datePublished":"2021-04-13T10:05:05+00:00","mainEntityOfPage":{"@id":"https:\/\/desteptati-va.ro\/index.php\/2021\/04\/13\/o-operatiune-comuna-a-cia-kgb-gru-si-a-serviciilor-maghiare\/"},"wordCount":2231,"commentCount":0,"image":{"@id":"https:\/\/desteptati-va.ro\/index.php\/2021\/04\/13\/o-operatiune-comuna-a-cia-kgb-gru-si-a-serviciilor-maghiare\/#primaryimage"},"thumbnailUrl":"https:\/\/desteptati-va.ro\/wp-content\/uploads\/2021\/04\/Milton-Bearden-CIA-2-1.jpg","keywords":["spionaj"],"articleSection":["CIA et com.","KGB + GRU","Servicii Secrete"],"inLanguage":"ro-RO","potentialAction":[{"@type":"CommentAction","name":"Comment","target":["https:\/\/desteptati-va.ro\/index.php\/2021\/04\/13\/o-operatiune-comuna-a-cia-kgb-gru-si-a-serviciilor-maghiare\/#respond"]}]},{"@type":"WebPage","@id":"https:\/\/desteptati-va.ro\/index.php\/2021\/04\/13\/o-operatiune-comuna-a-cia-kgb-gru-si-a-serviciilor-maghiare\/","url":"https:\/\/desteptati-va.ro\/index.php\/2021\/04\/13\/o-operatiune-comuna-a-cia-kgb-gru-si-a-serviciilor-maghiare\/","name":"O opera\u021biune comun\u0103 a CIA, KGB, GRU \u0219i a serviciilor maghiare -","isPartOf":{"@id":"https:\/\/desteptati-va.ro\/#website"},"primaryImageOfPage":{"@id":"https:\/\/desteptati-va.ro\/index.php\/2021\/04\/13\/o-operatiune-comuna-a-cia-kgb-gru-si-a-serviciilor-maghiare\/#primaryimage"},"image":{"@id":"https:\/\/desteptati-va.ro\/index.php\/2021\/04\/13\/o-operatiune-comuna-a-cia-kgb-gru-si-a-serviciilor-maghiare\/#primaryimage"},"thumbnailUrl":"https:\/\/desteptati-va.ro\/wp-content\/uploads\/2021\/04\/Milton-Bearden-CIA-2-1.jpg","datePublished":"2021-04-13T10:05:05+00:00","author":{"@id":"https:\/\/desteptati-va.ro\/#\/schema\/person\/13182deeebd44920914899f7bb262d6b"},"breadcrumb":{"@id":"https:\/\/desteptati-va.ro\/index.php\/2021\/04\/13\/o-operatiune-comuna-a-cia-kgb-gru-si-a-serviciilor-maghiare\/#breadcrumb"},"inLanguage":"ro-RO","potentialAction":[{"@type":"ReadAction","target":["https:\/\/desteptati-va.ro\/index.php\/2021\/04\/13\/o-operatiune-comuna-a-cia-kgb-gru-si-a-serviciilor-maghiare\/"]}]},{"@type":"ImageObject","inLanguage":"ro-RO","@id":"https:\/\/desteptati-va.ro\/index.php\/2021\/04\/13\/o-operatiune-comuna-a-cia-kgb-gru-si-a-serviciilor-maghiare\/#primaryimage","url":"https:\/\/desteptati-va.ro\/wp-content\/uploads\/2021\/04\/Milton-Bearden-CIA-2-1.jpg","contentUrl":"https:\/\/desteptati-va.ro\/wp-content\/uploads\/2021\/04\/Milton-Bearden-CIA-2-1.jpg","width":201,"height":309},{"@type":"BreadcrumbList","@id":"https:\/\/desteptati-va.ro\/index.php\/2021\/04\/13\/o-operatiune-comuna-a-cia-kgb-gru-si-a-serviciilor-maghiare\/#breadcrumb","itemListElement":[{"@type":"ListItem","position":1,"name":"Prima pagin\u0103","item":"https:\/\/desteptati-va.ro\/"},{"@type":"ListItem","position":2,"name":"O opera\u021biune comun\u0103 a CIA, KGB, GRU \u0219i a serviciilor maghiare"}]},{"@type":"WebSite","@id":"https:\/\/desteptati-va.ro\/#website","url":"https:\/\/desteptati-va.ro\/","name":"","description":"","potentialAction":[{"@type":"SearchAction","target":{"@type":"EntryPoint","urlTemplate":"https:\/\/desteptati-va.ro\/?s={search_term_string}"},"query-input":{"@type":"PropertyValueSpecification","valueRequired":true,"valueName":"search_term_string"}}],"inLanguage":"ro-RO"},{"@type":"Person","@id":"https:\/\/desteptati-va.ro\/#\/schema\/person\/13182deeebd44920914899f7bb262d6b","name":"wolfsoftcompany","image":{"@type":"ImageObject","inLanguage":"ro-RO","@id":"https:\/\/desteptati-va.ro\/#\/schema\/person\/image\/","url":"https:\/\/secure.gravatar.com\/avatar\/a6cce9b6d101d27d91690e7073e300fed94c0899890bf998e082cb9d2c3d121e?s=96&d=mm&r=g","contentUrl":"https:\/\/secure.gravatar.com\/avatar\/a6cce9b6d101d27d91690e7073e300fed94c0899890bf998e082cb9d2c3d121e?s=96&d=mm&r=g","caption":"wolfsoftcompany"},"sameAs":["http:\/\/desteptati-va.ro"],"url":"https:\/\/desteptati-va.ro\/index.php\/author\/wolfsoftcompany\/"}]}},"_links":{"self":[{"href":"https:\/\/desteptati-va.ro\/index.php\/wp-json\/wp\/v2\/posts\/3435","targetHints":{"allow":["GET"]}}],"collection":[{"href":"https:\/\/desteptati-va.ro\/index.php\/wp-json\/wp\/v2\/posts"}],"about":[{"href":"https:\/\/desteptati-va.ro\/index.php\/wp-json\/wp\/v2\/types\/post"}],"author":[{"embeddable":true,"href":"https:\/\/desteptati-va.ro\/index.php\/wp-json\/wp\/v2\/users\/1"}],"replies":[{"embeddable":true,"href":"https:\/\/desteptati-va.ro\/index.php\/wp-json\/wp\/v2\/comments?post=3435"}],"version-history":[{"count":1,"href":"https:\/\/desteptati-va.ro\/index.php\/wp-json\/wp\/v2\/posts\/3435\/revisions"}],"predecessor-version":[{"id":3438,"href":"https:\/\/desteptati-va.ro\/index.php\/wp-json\/wp\/v2\/posts\/3435\/revisions\/3438"}],"wp:featuredmedia":[{"embeddable":true,"href":"https:\/\/desteptati-va.ro\/index.php\/wp-json\/wp\/v2\/media\/3437"}],"wp:attachment":[{"href":"https:\/\/desteptati-va.ro\/index.php\/wp-json\/wp\/v2\/media?parent=3435"}],"wp:term":[{"taxonomy":"category","embeddable":true,"href":"https:\/\/desteptati-va.ro\/index.php\/wp-json\/wp\/v2\/categories?post=3435"},{"taxonomy":"post_tag","embeddable":true,"href":"https:\/\/desteptati-va.ro\/index.php\/wp-json\/wp\/v2\/tags?post=3435"}],"curies":[{"name":"wp","href":"https:\/\/api.w.org\/{rel}","templated":true}]}}