{"id":3439,"date":"2021-04-13T10:07:18","date_gmt":"2021-04-13T10:07:18","guid":{"rendered":"http:\/\/desteptati.ro\/?p=3439"},"modified":"2022-01-19T08:45:20","modified_gmt":"2022-01-19T06:45:20","slug":"neorevizionismul-ungar-partea-a-iii-a","status":"publish","type":"post","link":"https:\/\/desteptati-va.ro\/index.php\/2021\/04\/13\/neorevizionismul-ungar-partea-a-iii-a\/","title":{"rendered":"Neorevizionismul ungar- partea a III a"},"content":{"rendered":"<div class=\"post-content\"><div class='booster-block booster-read-block'>\n                <div class=\"twp-read-time\">\n                \t<i class=\"booster-icon twp-clock\"><\/i> <span>Read Time:<\/span>29 Minute, 15 Second                <\/div>\n\n            <\/div><h3><span style=\"color: #ff0000;\"><strong>Organiza\u0163ii revizioniste \u00een Ungaria de azi<\/strong><\/span><\/h3>\n<h4 style=\"text-align: right;\"><img decoding=\"async\" src=\"data:image\/gif;base64,R0lGODlhAQABAIAAAAAAAP\/\/\/yH5BAEAAAAALAAAAAABAAEAAAIBRAA7\" \/><img decoding=\"async\" src=\"data:image\/gif;base64,R0lGODlhAQABAIAAAAAAAP\/\/\/yH5BAEAAAAALAAAAAABAAEAAAIBRAA7\" \/><\/h4>\n<h4>Examin\u00e2nd actuala organizare a mi\u015fc\u0103rii revizioniste, desprindem dou\u0103 linii directoare : pe de o parte se \u0163ine seama \u00een tactica organiz\u0103rii de statu quo-ul european actual care impune modera\u0163ie, iar pe de alt\u0103 parte sunt reluate o serie de metode practicate \u00eentre cele dou\u0103 r\u0103zboaie mondiale. Se \u00een\u0163elege c\u0103 aceast\u0103 orientare de baz\u0103 este diferit aplicat\u0103 pe cele trei c\u00e2mpuri de b\u0103taie: \u00een Ungaria, \u00een emigra\u0163ia ungar\u0103 \u015fi \u00een teritoriile \u201erecuperabile\u201d.<\/h4>\n<h4>Conducerea Ungariei, degajat\u0103 de obliga\u0163iile interna\u0163ionalismului socialist, preia ast\u0103zi oficial comanda \u015fi este tocmai \u00een pragul trecerii spre faza organiz\u0103rii nedisimulate a mi\u015fc\u0103rii neorevizioniste. Judec\u00e2nd experien\u0163a ultimilor ani, se pare c\u0103 organizarea unor forma\u0163ii revizioniste nu este \u00eenc\u0103 tactic motivat\u0103, pentru simplul fapt c\u0103 mass media precum \u015fi debitul cultural fixate la aceast\u0103 tem\u0103 au un randament suficient pentru \u00eentre\u0163inerea atmosferei revizioniste.<\/h4>\n<h4>Conducerea politic\u0103 a ini\u0163iat \u00eens\u0103, \u00eenc\u0103 \u00een era socialist\u0103, instituirea unor organe guvernamentale, cum este Comitetul de coordonare interministerial sau Oficiul refugia\u0163ilor, ambele \u0163in\u00e2nd de Ministerul de Interne, care la \u00eenceput s-au ocupat numai de problema refugia\u0163ilor, ca ,dup\u0103 aceea, s\u0103-\u015fi extind\u0103 sfera organiz\u00e2nd integrarea refugia\u0163ilor \u00een mi\u015fcarea neorevizionist\u0103, precum \u015fi r\u0103sp\u00e2ndirea acestei doctrine printre minoritarii secui \u015fi maghiarii din Transilvania.<\/h4>\n<h4>\u00cen inten\u0163iile actualei conduceri de dreapta se \u00eentrevede consolidarea \u015fi perfec\u0163ionarea acestor organe \u015fi \u00eenfiin\u0163area unui departament care s\u0103 se ocupe de problema minorit\u0103\u0163ilor din Ungaria \u015fi a celor ungare de peste hotare. Judec\u00e2nd dup\u0103 mo\u0163iunea parlamentar\u0103 a deputatului Tam\u00e1s G\u00e1spar Miklos, men\u0163ionat\u0103 mai sus, o \u00een\u0163elegere cu \u0163\u0103rile vecine \u00een privin\u0163a tratamentului acordat minorit\u0103\u0163ii maghiare de acolo presupune, dup\u0103 mintea politicienilor de la Budapesta, \u015fi un eventual organ de control al aplic\u0103rii prevederilor din tratatele care urmeaz\u0103 a fi \u00eencheiate cu statele vecine. Dac\u0103, prin absurd, \u0163\u0103rile \u00een cauz\u0103 ar accepta enormitatea unor asemenea tratate, se poate anticipa ce \u015fanse frumoase ar avea partea ungar\u0103 de a c\u0103uta nod \u00een papur\u0103 \u015fi de a se lamenta \u00eencontinuu \u00een forurile interna\u0163ionale.<\/h4>\n<h4>Pe l\u00e2ng\u0103 aceste m\u0103suri incipiente \u00eentreprinse pe linie guvernamental\u0103, \u00een Ungaria func\u0163ioneaz\u0103, \u00een continuare, funda\u0163iile care au \u00een program sus\u0163inerea moral-material\u0103 a acelor ac\u0163iuni ce au drept scop promovarea revizionismului.<\/h4>\n<h4>Cel mai vechi este Institutul P\u00e1l Teleki, fondat de acela\u015fi Teleki, p\u0103rintele Ligii Revizioniste Ungare \u015fi care, \u00een calitate de prim-ministru, ne-a r\u0103pit \u00een 1940 Ardealul de Nord. Institutul a func\u0163ionat \u00een perioada 1940 \u2013 1987 \u00een cadrul Institutului de \u015etiin\u0163e Ardelene, ca \u00een prezent s\u0103 fac\u0103 parte din Institutul de \u015ftiin\u0163e istorice de pe l\u00e2ng\u0103 Academia de \u015ftiin\u0163e ungar\u0103.<\/h4>\n<h4>Conducerea marxist\u0103, reorganiz\u00e2nd institutul la vremea respectiv\u0103, a \u00eendep\u0103rtat de pe firm\u0103 numele compromi\u0163\u0103tor al lui Teleki, a schimbat directorul \u015fi c\u00e2\u0163iva colaboratori f\u0103r\u0103 a-i schimba \u00eens\u0103 misiunea ini\u0163ial\u0103. Obiectivul, identic cu cel al Institutului de sociografie, \u00eenfiin\u0163at \u00een 1926 de acela\u015fi Teleki, r\u0103m\u00e2ne deci neschimbat : fundamentarea \u015ftiin\u0163ific\u0103 a necesit\u0103\u0163ii revizuirii hotarelor stabilite la Trianon. Colaboratorii acestui institut, a c\u0103ror profesiune de credin\u0163\u0103 revizionist\u0103 este notorie, au scos, sub egida Academiei ungare de \u015ftiin\u0163e, Istoria Transilvaniei (1986), o lucrare tenden\u0163ioas\u0103 \u015fi jignitoare la adresa poporului rom\u00e2n.<\/h4>\n<h4>Funda\u0163ia Bethlen, alt sprijin de n\u0103dejde al revizionismului ungar, profilat\u0103 pe acordarea de stipendii \u00een vederea promov\u0103rii acestei mi\u015fc\u0103ri a \u00eemp\u0103r\u0163it \u00een to\u0163i ace\u015fti ani fiec\u0103rui refugiat din Transilvania c\u00e2te 300 de forin\u0163i pentru cump\u0103rarea unor materiale na\u0163ionalist-\u015fovine. Pastorul L\u00e1szl\u00f3 T\u0151k\u00e9s a primit de cur\u00e2nd din partea ei 70.000 de forin\u0163i pentru \u201eactivitate meritorie\u201d.<\/h4>\n<h4>Pe l\u00e2ng\u0103 aceste funda\u0163ii, cu r\u0103d\u0103cini \u00een activitatea revizionist\u0103 dintre cele dou\u0103 r\u0103zboaie mondiale, guvernul ungar a hot\u0103r\u00e2t, \u00een toamna anului 1989, \u00eenfiin\u0163area a dou\u0103 funda\u0163ii pentru promovarea politicii minorit\u0103\u0163ilor. Una se va ocupa de situa\u0163ia minorit\u0103\u0163ilor din Ungaria \u015fi va fi condus\u0103 de Ferenc R\u00e1tkay, ministru adjunct la culte, iar cealalt\u0103, condus\u0103 de scriitorul S\u00e1ndor Cso\u00f3ri, cunoscut pentru antirom\u00e2nismul lui, va urm\u0103ri tratamentul la care este supus\u0103 minoritatea ungar\u0103 de peste hotare. Ambele funda\u0163ii au fost dotate cu c\u00e2te 20 milioane de forin\u0163i.<\/h4>\n<h4>Institutul Dunat\u00e1j (Regiunea Dun\u0103rii), \u00eenfiin\u0163at de guvern tot la sf\u00e2r\u015fitul lui 1989, va studia factorii de unitate ai acestei regiuni cu inten\u0163ia de a fundamenta necesitatea federaliz\u0103rii statelor implicate.<\/h4>\n<h4>Rolul principal \u00een mobilizarea opiniei publice din Ungaria pentru crearea unui climat revizionist revine \u00eens\u0103 \u00een prezent organiza\u0163iilor de \u201erefugia\u0163i\u201d. \u00cenmul\u0163ite \u00een ultimii ani, aceste organiza\u0163ii formeaz\u0103 ast\u0103zi o re\u0163ea care s-a consolidat concomitent cu sosirea din Rom\u00e2nia a unui num\u0103r important de repatria\u0163i sau transfugi.<\/h4>\n<h4>Unite la 2-3 septembrie 1989, la Seghedin, \u00een Consiliul pentru ap\u0103rarea intereselor cercurilor ardelene, aceste organiza\u0163ii, pe l\u00e2ng\u0103 cele enun\u0163ate \u00een denumirea consiliului, au ca scop reunirea \u015fi consolidarea lor \u00eentr-un front comun care s\u0103 devin\u0103 un factor cu pondere politic\u0103 \u00een societatea ungar\u0103. Cele mai importante organiza\u0163ii de refugia\u0163i care func\u0163ioneaz\u0103 \u00een prezent \u00een Ungaria sunt : Cercul ardelean din B\u00e9k\u00e9scsaba, Asocia\u0163ia maghiarilor din Ardeal, Uniunea ardelean\u0103, Clubul tinerilor ardeleni, Asocia\u0163ia ardelean\u0103 a jude\u0163ului Hajdu-Bihar, Uniunea maghiarilor ardeleni din Nagykanizsa, Clubul ardelean din Salgotorj\u00e1n, Cercul ardelean din Seghedin, Cercul ardelean din Zalaeg\u00e9rszeg, Comunitatea ardelean\u0103 \u201eAbel\u201d din Esztergom, Cercul ardelean din Gy\u00f6r, Clubul tinerilor ardeleni din P\u00e9cs, Cercul ardelean din Szentendre, Cercul secuiesc, Funda\u0163ia pentru arta Ardealului.<\/h4>\n<h4>Aceste organiza\u0163ii recruteaz\u0103, pe l\u00e2ng\u0103 refugia\u0163i sau repatria\u0163i, un num\u0103r apreciabil de cet\u0103\u0163eni unguri simpatizan\u0163i sau adep\u0163i ai mi\u015fc\u0103rii revizioniste, integr\u00e2ndu-se astfel \u00een politica panungar\u0103 a Budapestei. Un membru important al Uniunii ardelene, constituit\u0103 la 10 iunie 1989, este de exemplu Ern\u0151 Raffay, istoric na\u0163ionalist-\u015fovin \u015fi deputat \u00een actualul parlament de la Budapesta din partea Forumului Democratic Ungar.<\/h4>\n<h4>O activitate pararevizionist\u0103 depune \u015fi Serviciul de ajutorare a refugia\u0163ilor din Transilvania, care func\u0163ioneaz\u0103 \u00een cadrul parohiilor reformate din Budapesta, Debre\u0163in, Miskolc, Gyula, Seghedin, P\u00e9cs, R\u00f3zsaly \u015fi Kecskem\u00e9t. Unul din promotorii acestei ac\u0163iuni este pastorul G\u00e9za N\u00e9meth, care a condus \u00een toamna anului 1989, o delega\u0163ie \u00een Statele Unite cu scopul de a men\u0163ine \u00een actualitate problema transilvan\u0103. Cu aceast\u0103 ocazie, pastorul N\u00e9meth a prezentat organelor legislative americane dolean\u0163ele Ungariei cu privire la minoritatea maghiar\u0103 din Rom\u00e2nia, cer\u00e2nd sprijinul Statelor Unite \u00een vederea g\u0103sirii unei formule de autonomie pentru Transilvania.<\/h4>\n<h4>Compar\u00e2nd atitudinea clerului catolic, mai apolitic, cu cea a pastorilor reforma\u0163i apare clar\u0103 virulen\u0163a revizionist\u0103 a acestora din urm\u0103.<\/h4>\n<h4>Exist\u0103 \u00eens\u0103 o organiza\u0163ie, care, de\u015fi nu are \u00een Ungaria un mare num\u0103r de membri activi, este important\u0103 prin rolul de coordonator al frontului intern cu activit\u0103\u0163ile de peste hotare. Este vorba de Uniunea Mondial\u0103 a Ungurilor (UMU), forma\u0163ie oficioas\u0103 cu un trecut laborios \u00een \u201e\u00eenchegarea\u201d na\u0163iunii ungare de pe tot globul.<\/h4>\n<h4>Timp de peste 30 de ani, \u00eendeosebi dup\u0103 1956, \u00eempreun\u0103 cu autorit\u0103\u0163ile de la Budapesta, UMU a avut ingrata misiune de a converti la colaborare acea emigra\u0163ie maghiar\u0103 care era \u00een marea ei majoritate anticomunist\u0103. Ast\u0103zi, priza \u00een audien\u0163a de peste hotare este asigurat\u0103 de tonul na\u0163ionalist-\u015fovin adoptat de organiza\u0163ie. Renovat\u0103 \u00een iunie 1989, Uniunea \u015fi-a propus ca obiectiv \u00een noul statut unirea \u015fi sprijinirea ungurilor minoritari de peste hotare, precum \u015fi angajarea organiza\u0163iei \u00een problemele existen\u0163iale \u015fi de dezvoltare ale acestora.<\/h4>\n<h4>C\u00e2teva nume din conducerea UMU asigur\u0103 linia neorevizionist\u0103 a organiza\u0163iei. Astfel Gyula Juh\u00e1sz, copre\u015fedinte, este directorul Institutului de cercetare a ungurimii, unul din pilonii mi\u015fc\u0103rii neorevizioniste. B\u00e9la Pomog\u00e1ts, istoric literar, este autorul unui recent studiu despre problema autonomiei maghiare din Transilvania, P\u00e9ter Hanak \u015fi Istv\u00e1n Nemesk\u00fcrty, istorici din \u015fcoala na\u0163ionalist\u0103, dintre care ultimul contribuie activ la men\u0163inerea \u00een actualitate a problemei transilvane. \u00centr-o lucrare intitulat\u0103 \u00c9des Erd\u00e9ly (Ardeal drag) 1988, Nemesk\u00fcrty, de\u015fi avanseaz\u0103 un ton conciliant, face o cronic\u0103 tenden\u0163ioas\u0103 \u015fi plin\u0103 de inexactit\u0103\u0163i a evenimentelor desf\u0103\u015furate \u00eentre 1916 \u015fi 1967. \u00cen iunie 1990 Uniunea Mondial\u0103 a Ungurilor alege un pre\u015fedinte de onoare \u00een persoana scriitorului maghiar din Transilvania, Andr\u00e1s S\u00fct\u0151, care \u00eentr-un interviu cu accente na\u0163ionaliste, difuzat de televiziunea ungar\u0103 la data de 24 iunie, mul\u0163ume\u015fte pentru onoarea ce i se face prin aceast\u0103 alegere.<\/h4>\n<h4>\u00cen spiritul colabor\u0103rii dintre emigra\u0163ie \u015fi \u0163ara-mam\u0103, au fost \u00eenfiin\u021bate \u0219i c\u00e2teva funda\u0163ii finan\u0163ate \u015fi dirijate de membrii emigra\u0163iei \u015fi care opereaz\u0103 \u00een mediul cultural-politic din Ungaria. Acestea sunt tot at\u00e2tea instrumente eficace \u00een prepararea climatului social din \u0163ar\u0103 pentru o eventual\u0103 modificare a statu quo-ului actual. Funda\u0163ia Soros, de pe l\u00e2ng\u0103 Academia Ungar\u0103 de \u015etiin\u0163e, finan\u0163eaz\u0103, de exemplu, revista refugia\u0163ilor din Transilvania Erd\u00e9lyi Tudosit\u00e1sok (Informa\u0163ii despre Transilvania) sau Funda\u0163ia P\u00e9ter Erzs\u00e9bet, ap\u0103rut\u0103 cu c\u00e2\u0163iva ani \u00eenainte de 1989, din ini\u0163iativa unei unguroaice de la Cluj stabilit\u0103 \u00een Statele Unite, pentru premierea actorilor din Ungaria. Aceasta \u015fi-a extins terenul de activitate \u015fi va acorda sub numele de \u201eTrianon\u201d premii unor actori din provinciile \u201erecuperabile\u201d cum este Transilvania.<\/h4>\n<h4>Unic prin profilul s\u0103u este Magyars\u00e1gkutat\u00f3 Csoport (Grupul pentru cercetarea ungurimii), o institu\u0163ie specializat\u0103 \u00een studiul interdisciplinar al condi\u0163iilor sociale \u015fi culturale \u00een care tr\u0103iesc ungurii de peste hotare. Mo\u015ftenitoare spiritual\u0103 a unei institu\u0163ii horthyste \u00eenfiin\u0163at\u0103 \u00een 1940 \u015fi intitulat\u0103 Magyars\u00e1gtudom\u00e1nyi Int\u00e9zet (Institutul pentru \u015ftiin\u0163a ungurimii), actuala institu\u0163ie se ocup\u0103 \u00een fond de argumentarea \u015ftiin\u0163ific\u0103 a prezen\u0163ei milenare a ungurilor pe tot \u00eentinsul Bazinului carpato-dun\u0103rean. For\u0163\u00e2nd prin metode de o \u00eendoielnic\u0103 probitate \u015ftiin\u0163ific\u0103 culturile stepei euro-asiatice, binecunoscute pentru sincretismul lor derutant, istoricii acestei institu\u0163ii au creat din pestri\u0163ul amestec al triburilor invadatoare ugro-turco-ba\u015fchire un autentic popor ungur care, potrivit teoriei lor, ar fi ocupat \u201e\u00eentinderile pustii\u201d ale Pannoniei \u015fi Transilvaniei. Num\u0103rul \u201edesc\u0103lec\u0103torilor\u201d era \u00een realitate mai pu\u0163in de o sut\u0103 de mii \u015fi ei nu constituiau nici 10% din num\u0103rul b\u0103\u015ftina\u015filor slavi \u015fi rom\u00e2ni. Aceste triburi r\u0103zboinice au asimilat \u00eens\u0103 cu asiduitate timp de o mie de ani popoarele \u00een mijlocul c\u0103rora locuiau \u015fi micul popor ungur de ast\u0103zi este rezultatul acestui amestec. Din statisticile ungure\u015fti reiese c\u0103 numai \u00eentre 1850 \u015fi 1910 num\u0103rul slavilor, germanilor, rom\u00e2nilor \u015fi evreilor asimila\u0163i dep\u0103\u015fea cu mult num\u0103rul de dou\u0103 milioane. C\u0103utarea urmelor maghiarilor \u00een aceste condi\u0163ii nu poate s\u0103 urm\u0103reasc\u0103 dec\u00e2t un scop politic \u015fi anume acela de a fundamenta \u201e\u015ftiin\u0163ific\u201d st\u0103p\u00e2nirea ungar\u0103 asupra teritoriilor unite \u00een state na\u0163ionale. De la primii pa\u015fi, din 1926, ai mentorului revizionismului, groful P\u00e1l Teleki, \u015fi p\u00e2n\u0103 ast\u0103zi nimic nu s-a schimbat : \u201edrepturile istorice\u201d sunt plasate \u00een prim plan, iar caracterul minoritar al ungurilor din provinciile apar\u0163in\u00e2nd \u0163\u0103rilor limitrofe este neglijat cu des\u0103v\u00e2r\u015fire.<\/h4>\n<h4>F\u0103r\u0103 a forma o unitate organizatoric\u0103 distinct\u0103, activitatea prorevizionist\u0103 integrat\u0103 \u00een programele facult\u0103\u0163ilor este de asemenea o metod\u0103 eficace de cercetare \u015fi argumentare \u201e\u015ftiin\u0163ific\u0103\u201d a acestei doctrine. Aceste programe, dirijate central \u015fi av\u00e2nd un caracter interdisciplinar, au trecut, \u00een anii 1987 \u2013 1988, de la analiza marxist\u0103 a fenomenului social-economic-politic ungar, la examinarea ungurimii r\u0103mase \u00een afara hotarelor prin pacea de la Paris, din 1946-1947. Con\u0163inutul, caracterul \u015fi concluziile acestor cercet\u0103ri sunt raportate \u00een revista Medvet\u00e1nc (Jocul ursului), care apare sub egida universit\u0103\u0163ilor budapestane E\u00f6tv\u00f6s L\u00f3r\u00e1nd Tudom\u00e1nyegyetem (ELTE) \u2013 Universitatea de \u015ftiin\u0163e E\u00f6tv\u00f6s Lor\u00e1nd \u2013 \u015fi Marx K\u00e1roly K\u00f6zgazdas\u00e1gtudom\u00e1nyiegyetem (MKKE) \u2013 Universitatea de \u015ftiin\u0163e economice Karl Marx.<\/h4>\n<h4>De\u015fi orientarea prorevizionist\u0103 a acestor colective de cercetare este de dat\u0103 mai veche, prima ie\u015fire brutal\u0103 o g\u0103sim \u00een num\u0103rul din 1988 al revistei mai sus amintite. Aici sunt etalate, \u00een patru rapoarte, \u00een pur spirit iredentist, o sumedenie de date despre situa\u0163ia minorit\u0103\u0163ii ungare din Cehoslovacia, Uniunea Sovietic\u0103, Rom\u00e2nia \u015fi Iugoslavia.<\/h4>\n<h4>\u00cen amplul raport despre Rom\u00e2nia (128 pagini), dup\u0103 \u00een\u015firarea unor date inexacte \u015fi manipulate, se analizeaz\u0103 politica de \u201edezna\u0163ionalizare\u201d dus\u0103 \u00een \u0163ara noastr\u0103 fa\u0163\u0103 de minoritatea secuiasc\u0103 \u015fi maghiar\u0103. Se \u00eencearc\u0103 apoi s\u0103 se dovedeasc\u0103 prin interpretarea tenden\u0163ioas\u0103 a legilor \u015fi documentelor oficiale rom\u00e2ne\u015fti gradul de discriminare la care este supus\u0103 minoritatea maghiar\u0103 de la noi. \u00cen final, se descrie situa\u0163ia refugia\u0163ilor \u015fi repatria\u0163ilor din Rom\u00e2nia care se afl\u0103 \u00een \u0163ara vecin\u0103. Pe o hart\u0103 care \u00eenso\u0163e\u015fte textul este indicat\u0103, cu totul inexact, o majoritate maghiar\u0103 cov\u00e2r\u015fitoare \u00eentr-o serie de ora\u015fe din Transilvania.<\/h4>\n<h4>Pe l\u00e2ng\u0103 ac\u0163iunile de larg\u0103 respira\u0163ie \u015fi de o consecven\u0163\u0103 riguroas\u0103, sunt promovate \u015fi manifest\u0103ri episodice, cu caracter de campanie, care angajeaz\u0103 de obicei personalit\u0103\u0163i culturale \u015fi politice. Aceste tabere, conferin\u0163e, tradi\u0163ionale \u00een via\u0163a cultural\u0103 a societ\u0103\u0163ii ungare, sunt convocate de obicei \u00een preajma unor \u201eevenimente decisive\u201d pentru na\u0163iune. O astfel de \u00eent\u00e2lnire a avut loc \u00een 1943 la Balatonsz\u00e1rz\u00f3, cu scopul de a da o nou\u0103 orientare politicii externe maghiare. Cercul prietenilor conferin\u0163ei de la Sz\u00e1rz\u00f3, o forma\u0163ie care militeaz\u0103 pentru o solu\u0163ie confederativ\u0103, lanseaz\u0103 \u00een iunie 1988 un apel c\u0103tre societatea rom\u00e2n\u0103 \u015fi ungar\u0103. Fideli convingerii c\u0103 \u0163\u0103rile regiunii dun\u0103rene nu se pot \u201edescurca\u201d singure, Cercul cere adeziunea conduc\u0103torilor politicii din \u0163ara noastr\u0103 la o formul\u0103 de asociere politico-economic\u0103 a celor dou\u0103 \u0163\u0103ri.<\/h4>\n<h4>Complexitatea \u015fi virulen\u0163a mi\u015fc\u0103rii revizioniste din Ungaria, \u00een etapa prezent\u0103, reactualizeaz\u0103 rolul jucat de forma\u0163iunile paramilitare horthyste, numite Rongyos G\u00e1rda (Garda Zdren\u0163\u0103ro\u015filor), care, prin terorism, sabotaj \u015fi propagand\u0103 \u015fovin\u0103, au contribuit \u00een mare m\u0103sur\u0103 la reu\u015fita anex\u0103rii Slovaciei de Sud (1938) \u015fi a Ucrainei Subcarpatice (1939). \u201eTehnica\u201d acestor g\u0103rzi a fost aplicat\u0103 \u015fi \u00een masacrele comise o dat\u0103 cu anexarea sau p\u0103r\u0103sirea Ardealului de Nord \u015fi a nordului Iugoslaviei.<\/h4>\n<h4>Ideologia de baz\u0103 a acestor hoarde criminale, care a fost refacerea imperiului Sf\u00e2ntului \u015etefan, \u015fi cruzimea cu care au ucis \u015fi terorizat popula\u0163ia nemaghiar\u0103 a teritoriilor anexate \u00eentre 1938 \u2013 1941 de c\u0103tre Ungaria impune \u00een prezent societ\u0103\u0163ii rom\u00e2ne\u015fti un imperios \u015fi permanent memento. \u00cen lumina acestui trecut, apreciem, deci ast\u0103zi agita\u0163ia \u015fovin-separatist\u0103 \u00eenregistrat\u0103 \u00een s\u00eenul minorit\u0103\u0163ii secuie\u015fti \u015fi maghiare de la noi \u015fi o socotim ca o consecin\u0163\u0103 direct\u0103 a instiga\u0163iei \u201eturi\u015ftilor\u201d din Ungaria, ace\u015fti vrednici urma\u015fi ai g\u0103rzilor zdren\u0163\u0103ro\u015filor.<\/h4>\n<h4>Descrierea sumar\u0103 a activit\u0103\u0163ii neorevizioniste din Ungaria d\u0103 o idee asupra intensit\u0103\u0163ii efortului depus precum \u015fi asupra felului cum se integreaz\u0103 aceast\u0103 mi\u015fcare \u00een mecanismul politic al statului vecin \u015fi \u00een via\u0163a cultural\u0103 a societ\u0103\u0163ii maghiare.<\/h4>\n<h4><strong>Organiza\u0163ii revizioniste \u00een afara Ungariei<\/strong><\/h4>\n<h4>Am v\u0103zut c\u0103 revizionismul ungar a fost timp de peste 35 de ani temperat de c\u0103tre conducerea marxist\u0103 a statului, mi\u015fcarea fiind constr\u00e2ns\u0103 la activitate subteran\u0103, conspirativ\u0103. Cu totul alta a fost evolu\u0163ia revizionismului, \u00een aceast\u0103 perioad\u0103, \u00een emigra\u0163ia ungar\u0103. Sute \u015fi sute de mii dintre refugia\u0163ii de dup\u0103 cel de-al doilea r\u0103zboi mondial purtau \u00een ei un aliaj de anticomunism \u015fi na\u0163ionalism-\u015fovin cu implica\u0163ia revizionist\u0103 de rigoare. \u00cen consecin\u0163\u0103, dup\u0103 pacea de la Paris din 1947, asist\u0103m la o puternic\u0103 recrudescen\u0163\u0103 a iredentismului \u015fi la o reorganizare energic\u0103 a mi\u015fc\u0103rii. Dac\u0103 arunc\u0103m o privire de ansamblu asupra emigra\u0163iei ungare vedem c\u0103 ea este rezultatul unor straturi suprapuse \u00een decursul deceniilor \u015fi se configureaz\u0103 \u00een prezent conform motivelor care au obligat membrii ei s\u0103 p\u0103r\u0103seasc\u0103 \u0163ara. \u201eValurile\u201d emigra\u0163iei sunt \u00een general legate de seismele sociale sau de crizele economice \u015fi politice care s-au ab\u0103tut asupra \u0163\u0103rii. \u00cen cazul Ungariei, se disting trei mari valuri care au dat \u00een acest secol contingentele actualei emigra\u0163ii. Primele dou\u0103 sunt urmarea r\u0103zboaielor mondiale, iar al treilea s-a produs \u00een urma revolu\u0163iei din 1956. Potrivit datelor furnizate \u00een 1988 de Uniunea Mondial\u0103 a Ungurilor, emigra\u0163ia ungar\u0103 cuprinde \u00een prezent peste 1.400.000 de membri, din care aproape un milion locuiesc \u00een cele dou\u0103 Americi, ceva mai mult de 200.000 \u00een Europa \u015fi cam tot at\u00e2\u0163ia \u00een Israel. Cifra pentru Europa s-a modificat desigur \u00een perioada de p\u00e2n\u0103 \u00een 1990, c\u00e2nd un num\u0103r important de maghiari din Ungaria \u015fi din Rom\u00e2nia s-au stabilit \u00een \u0163\u0103rile europene.<\/h4>\n<h4>Statisticile Uniunii Mondiale a Ungurilor arat\u0103 c\u0103 \u00een 1988 emigra\u0163ia avea peste 800 de cluburi, asocia\u0163ii \u015fi organiza\u0163ii religioase, r\u0103sp\u00e2ndite pe toate continentele. Numai \u00een Statele Unite \u015fi Canada func\u0163ionau mai mult de 350 organiza\u0163ii \u015fi alte 70 \u00een America Latin\u0103. \u00cen Europa erau 175 de organiza\u0163ii, din care peste 70 func\u0163ionau \u00een Austria. Dispun\u00e2nd de 90 de publica\u0163ii \u015fi 43 sta\u0163ii de radio \u015fi televiziune, emigra\u0163ia a avut \u00een to\u0163i ace\u015fti ani capacitatea de a duce cu succes propaganda politic\u0103 \u00een favoarea cauzei ungare, at\u00e2t \u00een r\u00e2ndurile ei c\u00e2t \u015fi \u00een mijlocul popula\u0163iei gazde.<\/h4>\n<h4>Diversificat\u0103 pe criterii sociale, religioase, dar mai ales politice, emigra\u0163ia ungar\u0103 a fost, \u00een trecutul mai \u00eendep\u0103rtat, o mas\u0103 eterogen\u0103 \u00een care grup\u0103ri adverse \u00ee\u015fi disputau uneori violent punctele de vedere. Linia frontului a desp\u0103r\u0163it \u00een ultimele decenii marea majoritate anticomunist\u0103 a exilului de cea a oportuni\u015ftilor, care \u00eencercau o apropiere de regimul de acas\u0103. A existat totu\u015fi un numitor comun care a unit \u00een toate timpurile taberele contrare \u015fi acesta a fost necesitatea restaur\u0103rii Ungariei mari. \u00cen slujba acestui crez, emigra\u0163ia ungar\u0103 a creat, de la \u00eenceput, un cult viguros al iredentismului, marcat de o orgie de \u00eensemne, steme, drapele \u015fi h\u0103r\u0163i ale imperiului Sf\u00e2ntului \u015etefan. Spre mijlocul anilor optzeci, o dat\u0103 cu manifestarea f\u0103\u0163i\u015f\u0103 a divergen\u0163elor dintre Ungaria \u015fi \u0163ara noastr\u0103, mi\u015fcarea revizionist\u0103 din emigra\u0163ie intr\u0103 din nou \u00eentr-o faz\u0103 de efervescen\u0163\u0103 \u015fi \u00eencepe, treptat \u015fi deschis, colaborarea cu elementele revizioniste din Ungaria. Se nasc o serie de platforme \u00een func\u0163ie de modul \u00een care se preconizeaz\u0103 \u201esolu\u0163ionarea\u201d problemei transilvane \u015fi \u00een general se interna\u0163ionalizeaz\u0103 activitatea organiza\u0163iilor. Paleta cuprinde ast\u0103zi toate nuan\u0163ele, de la grup\u0103ri care militeaz\u0103 pentru recucerirea cu for\u0163a armelor a tuturor teritoriilor care au apar\u0163inut vreodat\u0103 coroanei maghiare, p\u00e2n\u0103 la cursul realist \u015fi \u201epe fa\u0163\u0103\u201d al neorevizioni\u015ftilor, care preconizeaz\u0103 diferite forme de autonomie sau federative. Se mai observ\u0103, \u00een ultimul timp, o tendin\u0163\u0103 de polarizare \u00een organiza\u0163ii-umbrel\u0103, capabile s\u0103 influen\u0163eze mai bine opinia public\u0103 din \u0163ara respectiv\u0103 \u015fi s\u0103 depun\u0103 o activitate mai fructuoas\u0103 \u00een cadrul lobby-ului politic sau economic.<\/h4>\n<h4>Desigur c\u0103 virulen\u0163a revizionist\u0103 a emigra\u0163iei ungare este \u00een func\u0163ie de climatul politic din \u0163ara respectiv\u0103 \u015fi de importan\u0163a pe care o are statul-gazd\u0103 \u00een via\u0163a politic\u0103 interna\u0163ional\u0103. Astfel, grosul mi\u015fc\u0103rii revizioniste se g\u0103se\u015fte \u00een Statele Unite, \u0163ara care are un cuv\u00e2nt de spus \u00een concertul popoarelor \u015fi unde \u00ee\u015fi are sediul \u015fi Organiza\u0163ia Na\u0163iunilor Unite. Activitatea revizionist\u0103 a organiza\u0163iilor r\u0103sp\u00e2ndite pe celelalte continente se orienteaz\u0103 spre aceast\u0103 \u201ecentral\u0103\u201d a mi\u015fc\u0103rii, afiliindu-se \u00een general la curentele care domin\u0103 \u00een Statele Unite.<\/h4>\n<h4>Voi descrie \u00een cele ce urmeaz\u0103 pozi\u0163iile de pe care militeaz\u0103 organiza\u0163iile revizioniste din America, interrela\u0163iile lor \u015fi voi da c\u00e2teva fr\u00e2nturi semnificative din activitatea acestora.<\/h4>\n<h4>Diversificarea ideologic\u0103 a mi\u015fc\u0103rii revizioniste s-a redus \u00een ultimii ani la dou\u0103 tabere antagoniste : una, milit\u00e2nd pentru o form\u0103 oarecare de autonomie, iar cealalt\u0103 pentru revizuirea hotarelor \u015fi integrarea Transilvaniei \u00een Ungaria.<\/h4>\n<h4>Protagoni\u015ftii celor dou\u0103 tabere sunt Erd\u00e9lyi Vil\u00e1gsz\u00f6vets\u00e9g (Uniunea Mondial\u0103 Ardelean\u0103), care reprezint\u0103 peste o sut\u0103 de organiza\u0163ii din emigra\u0163ie \u015fi militeaz\u0103 pentru autonomia Transilvaniei \u015fi Hungarian Human Rights Foundation (Funda\u0163ia Ungar\u0103 Pentru Drepturile Omului), care, \u00eempreun\u0103 cu Amerikai Erd\u00e9lyi Sz\u00f6vets\u00e9g (Uniunea Ardelean\u0103 din America), este pentru revizuirea hotarelor.<\/h4>\n<h4>Gruparea destul de numeroas\u0103 a organiza\u0163iilor care preconizeaz\u0103 solu\u0163ii autonomiste este dominat\u0103 de fapt de una din cele mai vechi organiza\u0163ii ale emigra\u0163iei \u015fi anume de Amerikai Magyar Sz\u00f6vets\u00e9g (uniunea Ungurilor din America). \u00cenfiin\u0163at\u0103 \u00een 1907, Uniunea particip\u0103, dup\u0103 1920, la campania \u00eempotriva hot\u0103r\u00e2rii de la Trianon, iar \u00een 1946 \u00eenainteaz\u0103 Conferin\u0163ei de pace de la Paris un protest \u00eempotriva viitoarelor grani\u0163e. Dispun\u00e2nd de un lobby eficient, ini\u0163iaz\u0103, \u00een perioada 1965 \u2013 1968, \u00een Congresul american, interven\u0163ia a patruzeci de congresmani \u015fi zece senatori \u00een sprijinul minorit\u0103\u0163ii maghiare din Transilvania \u015fi prezint\u0103, dup\u0103 1974 \u00een continuu Congresului american pl\u00e2ngerile maghiarilor din Rom\u00e2nia. Tot la cererea Uniunii \u00eenainteaz\u0103, \u00een 1976, al\u0163i \u015faptezeci \u015fi opt congresmani o scrisoare pre\u015fedintelui Ford, \u00een care solicit\u0103 interven\u0163ia acestuia \u00eempotriva discrimin\u0103rii minorit\u0103\u0163ii maghiare din \u0163ara noastr\u0103. \u00cen 1987 Uniunea reu\u015fe\u015fte s\u0103 \u201econving\u0103\u201d pe congresmanii americani s\u0103 condamne Rom\u00e2nia pentru \u201eetnocidul\u201d comis \u00eempotriva minorit\u0103\u0163ii maghiare \u015fi s\u0103 recunoasc\u0103 dreptul la autodeterminare al acesteia.<\/h4>\n<h4>La varianta pentru autonomie mai ader\u0103, pe l\u00e2ng\u0103 Uniunea Ungurilor din America \u015fi Uniunea Mondial\u0103 Ardelean\u0103, urm\u0103toarele organiza\u0163ii : American Hungarian Action Comittee (Comitetul de Ac\u0163iune al Ungurilor Americani), A Fiatal Magyarok Munkak\u00f6z\u00f6ss\u00e9ge (Colectivul de Lucru al Tinerilor Unguri), Erd\u00e9ly V\u00e9delem\u00e9ben (\u00cen Ap\u0103rarea Ardealului), \u015fi Szabad Magyar Jog\u00e1szok Vil\u00e1gsz\u00f6vets\u00e9ge (Uniunea Mondial\u0103 a Juri\u015ftilor Unguri Liberi).<\/h4>\n<h4>Dintre performan\u0163ele acestor organiza\u0163ii men\u0163ion\u0103m: Uniunea Mondial\u0103 Ardelean\u0103 a \u00eenaintat, \u00eencep\u00e2nd din 1974, nenum\u0103rate memorii Organiza\u0163iei Na\u0163iunilor Unite \u015fi altor foruri interna\u0163ionale, cer\u00e2nd dreptul la autodeterminare pentru maghiarii din Rom\u00e2nia. Tot Uniunea a publicat o serie de C\u0103r\u0163i Ro\u015fii \u00een leg\u0103tur\u0103 cu situa\u0163ia acestei minorit\u0103\u0163i \u015fi le-a trimis guvernului american, precum \u015fi altor guverne. A luat apoi parte, ca reprezentant\u0103 a o sut\u0103 de organiza\u0163ii revizioniste, la conferin\u0163e interna\u0163ionale \u00een leg\u0103tur\u0103 cu problema minorit\u0103\u0163ilor (Berlin, 1982, Tel-Aviv, 1983).<\/h4>\n<h4>Uniunea Mondial\u0103 a Juri\u015ftilor Unguri Liberi se ocup\u0103 de redactarea memoriilor \u015fi documentelor juridice pentru sus\u0163inerea cauzei revizioniste.<\/h4>\n<h4>Cealalt\u0103 partid\u0103 a mi\u015fc\u0103rii revizioniste care militeaz\u0103 pentru re\u00eentregirea Ungariei mari, condus\u0103 de Hungarian Human Rights Foundation (Funda\u0163ia Ungar\u0103 pentru Drepturile Omului), este o organiza\u0163ie foarte activ\u0103 \u015fi cu pondere \u00een Congresul american. Unul dintre conduc\u0103torii organiza\u0163iei a reu\u015fit, de exemplu, \u00een calitatea sa de secretar al senatorului Christopher Dodd, s\u0103-\u015fi antreneze patronul \u00een serviciul cauzei \u015fi s\u0103 opreasc\u0103 rezolu\u0163ia din 1987 a Senatului, de a recunoa\u015fte dreptul la autodeterminare a minorit\u0103\u0163ii maghiare din Transilvania. Scopul acestei interven\u0163ii a fost de a orienta puterea legislativ\u0103 american\u0103 spre promovarea ideii c\u0103 \u00een problema Transilvaniei autonomia nu rezolv\u0103 nimic \u015fi c\u0103 adev\u0103rata solu\u0163ie este revizuirea hotarelor, adic\u0103 anexarea Transilvaniei la Ungaria.<\/h4>\n<h4>L\u00e1szl\u00f3 H\u00e1mos, pre\u015fedintele funda\u0163iei, a mai \u00eencercat, cu alt\u0103 ocazie, s\u0103-\u015fi impun\u0103 punctul de vedere, \u00eempiedic\u00e2nd planul de ajutorare pentru refugia\u0163ii maghiari din Rom\u00e2nia. De data aceasta, argumentul a fost c\u0103 dolarii ungurilor americani vor goli Transilvania de maghiari \u015fi vor face astfel inactual\u0103 integrarea Transilvaniei \u00een Ungaria.<\/h4>\n<h4>Funda\u0163ia Ungar\u0103 pentru Drepturile Omului are un aliat de n\u0103dejde \u00een Uniunea Ardelean\u0103 din America (Amerikai Erd\u00e9lyi Sz\u00f6vets\u00e9g) prezent\u0103 de c\u00e2teva decenii \u00een prima linie a revizionismului ungar precum \u015fi o sumedenie de organiza\u0163ii mai vechi, care, toate, militeaz\u0103 pentru solu\u0163ia radical\u0103: refacerea Ungariei istorice. Activitatea principal\u0103 a Uniunii Ardelene din America const\u0103 \u00een editarea de lucr\u0103ri documentare despre Transilvania \u015fi a revistei Transilvania. Este una din organiza\u0163iile care mobilizeaz\u0103 \u00een m\u0103sur\u0103 \u00eensemnat\u0103 colaboratori din emigra\u0163ie, din Ungaria \u015fi chiar din Rom\u00e2nia.<\/h4>\n<h4>Din sumara descriere a dispozitivului pus \u00een mi\u015fcare \u00een Statele Unite de c\u0103tre revizioni\u015ftii unguri ne putem face o idee despre for\u0163a acestei mi\u015fc\u0103ri. Presiunea continu\u0103 asupra politicienilor \u015fi oamenilor de afaceri, sutele \u015fi miile de mar\u015furi, manifesta\u0163ii sau greve ale foamei, organizate de mi\u015fcarea revizionist\u0103 ungar\u0103, urm\u0103resc s\u0103 induc\u0103 \u00een mintea americanilor \u015fi a lumii \u00eentregi ideea c\u0103 Transilvania este ungureasc\u0103 \u015fi, \u00een consecin\u0163\u0103, trebuie s\u0103 apar\u0163in\u0103 Ungariei. Aceast\u0103 propagand\u0103 revolt\u0103tor de mincinoas\u0103, conteaz\u0103 pe ignoran\u0163a opiniei publice, dezinformat\u0103 \u00een cel mai mare grad, dar mar\u015feaz\u0103 pe avansata tehnic\u0103 goebelsian\u0103, repetat\u0103 la infinit, \u015fi reu\u015fe\u015fte.<\/h4>\n<h4>Lobby-ul ungar, prezent \u00een via\u0163a politic\u0103 a \u0163\u0103rilor occidentale, de la Washington \u015fi Ottawa, p\u00e2n\u0103 la Londra, Bonn \u015fi Paris, este organizat cu perseveren\u0163\u0103 \u015fi minu\u0163iozitate, lucreaz\u0103 \u00een str\u00e2ns\u0103 colaborare cu diploma\u0163ia ungar\u0103 \u015fi poate mobiliza cu u\u015furin\u0163\u0103 \u00een prima linie a frontului revizionist senatori, congresmani, politicieni \u015fi oameni de afaceri din aceste \u0163\u0103ri.<\/h4>\n<h4>Senatorul de Connecticut, Christopher Dodd, nu face dec\u00e2t s\u0103 continue \u201eopera\u201d tat\u0103lui s\u0103u, fost senator, care a militat pentru cauza maghiar\u0103 \u00eenc\u0103 din 1956. Dodd este flancat de Tom Lantos, congresmanul de origine evreiasc\u0103 emigrat din Ungaria, care se vede c\u0103 a uitat holocaustul maghiar, apoi de un alt senator californian, expert \u00een istoria Transilvaniei \u015fi de mul\u0163i al\u0163i trep\u0103du\u015fi mai mici, recruta\u0163i de lobby-ul revizionist pentru cauza maghiar\u0103.<\/h4>\n<h4>Amestecul impertinent al congresmanului Tom Lantos \u00een treburile Rom\u00e2niei l-am constatat recent cu ocazia c\u0103l\u0103toriei sale \u00een Rom\u00e2nia.<\/h4>\n<h4>Dodd, prietenul Ungariei, a f\u0103cut la r\u00e2ndul s\u0103u, \u00een iunie 1990, o vizit\u0103 de \u201e\u00eencurajare\u201d la Budapesta \u015fi \u015fi-a exprimat dorin\u0163a de a sta de vorb\u0103 \u015fi cu episcopul T\u0151k\u00e9s, lucru realizat \u00eentocmai \u00een regia conducerii ungare \u015fi a cercurilor de refugia\u0163i. Dac\u0103 mai introduce \u00een \u201eecua\u0163ie\u201d turneul lui T\u0151k\u00e9s din Statele Unite, efectuat \u00een prim\u0103vara aceluia\u015fi an, precum \u015fi exhibi\u0163ia politic\u0103 prestat\u0103 \u00een fa\u0163a emigra\u0163iei maghiare \u015fi a Administra\u0163iei de la Washington de c\u0103tre scriitorul Andr\u00e1s S\u00fct\u0151, ambele evenimente organizate \u00een regia \u015fi pe cheltuiala lui L\u00e1szl\u00f3 H\u00e1mos, pre\u015fedintele celei mai radicale organiza\u0163ii iredentiste, Hungarian Human Rights Foundation, ob\u0163inem o mostr\u0103 mai mult dec\u00e2t elocvent\u0103 a strategiei iredentiste \u015fi a perfectei colabor\u0103ri a exponen\u0163ilor secuimii \u015fi maghiarimii de la noi cu centrala american\u0103 a revizionismului maghiar.<\/h4>\n<h4>Organiza\u0163iile emigra\u0163iei maghiare din Europa sunt, la r\u00e2ndul lor, injectate cu virusul revizionist, \u00eens\u0103 frontul european \u00een raport de climatul politic din \u0163\u0103rile gazd\u0103 este mai inegal. Mai aproape de realitatea Europei din sud-vest, \u00een posesia unor date mai obiective, iredenta maghiar\u0103 de aici s-ar zice c\u0103 judec\u0103 situa\u0163ia mai \u201ela rece\u201d \u015fi mai critic. Faptul c\u0103 aceste organiza\u0163ii func\u0163ioneaz\u0103 \u00een \u0163\u0103ri semnatare ale Documentului final de la Helsinki, act care a consfin\u0163it \u00eenc\u0103 o dat\u0103 hotarele trasate dup\u0103 cel de-al doilea r\u0103zboi mondial, impune o oarecare modera\u0163ie \u00een formularea preten\u0163iilor. Realismul lor aparent nu-i \u00eempiedic\u0103 \u00eens\u0103 ca \u00een activit\u0103\u0163ile lor interne, s\u0103 nu cultive cu \u00eenc\u0103p\u0103\u0163\u00e2nare utopica idee de a reconstitui regatul Sf\u00e2ntului \u015etefan. \u00cen marea majoritate a celor peste 200 de organiza\u0163ii din Europa, obiectivul revizionist ocup\u0103 loc de frunte. Organiza\u0163iile recent \u00eenfiin\u0163ate de c\u0103tre refugia\u0163ii din Rom\u00e2nia au chiar ca unic scop lupta pentru integrarea Transilvaniei la Ungaria.<\/h4>\n<h4>Lobby-ul maghiar din Europa are \u00eens\u0103 o audien\u0163\u0103 relativ redus\u0103 \u00een cercurile guvernamentale de pe continentul nostru. Ultima conflagra\u0163ie mondial\u0103, cu uria\u015fele ei pierderi materiale \u015fi \u00een vie\u0163i omene\u015fti, este \u00eenc\u0103 vie \u00een memoria popoarelor \u015fi reglementarea grani\u0163elor, realizat\u0103 la Conferin\u0163a de pace de la Paris, este respectat\u0103. Marja echitabil\u0103 de minorit\u0103\u0163i rezultat\u0103 din acest tratat (\u00een medie 8%) nu exclude riscul unor schimb\u0103ri violente \u00eentreprinse \u00een scopul vreunui aranjament mai pu\u0163in satisf\u0103c\u0103tor.<\/h4>\n<h4>Informa\u0163iile unora din aceste state cu privire la situa\u0163ia etnodemografic\u0103 din \u0163ara noastr\u0103 sunt relativ corecte \u015fi cifrele sfruntat manipulate de c\u0103tre iredenta maghiar\u0103 nu prea au credibilitate. Se recunoa\u015fte, \u00een aceste cazuri, c\u0103 Transilvania este o provincie cu o<\/h4>\n<h4>zdrobitoare majoritate rom\u00e2neasc\u0103 \u015fi c\u0103 ea nu poate fi autonomizat\u0103 ori rupt\u0103 din corpul \u0163\u0103rii, la cererea exilului maghiar, acest avocat autoinvestit al \u201ecauzei\u201d secuilor \u015fi al maghiarilor de la noi. \u00cen aceste circumstan\u0163e este zadarnic \u201ecircul\u201d mi\u015fc\u0103rii revizioniste din America. Chiar \u015fi \u00een mass media din Ungaria se mai aud voci mai rezonabile, care avertizeaz\u0103 emigra\u0163ia s\u0103 nu comit\u0103 gafe politice, erij\u00e2ndu-se \u00een victime, atunci c\u00e2nd toat\u0103 Europa civilizat\u0103 \u015ftie c\u0103 Ungaria a fost ultimul aliat fascist al lui Hitler, cu cota parte de 600.000 de victime din holocaust, executat\u0103 cu deosebit exces de zel.<\/h4>\n<h4>Trebuie s\u0103 men\u0163ion\u0103m aici o performan\u0163\u0103 ie\u015fit\u0103 din comun a lobby-ul maghiar, care e o continuare a convie\u0163uirii austro-ungare din vremea dualismului. Vajnicul mediator al cauzei maghiare nu este altul dec\u00e2t Otto, ultimul Habsburg de pe scena politic\u0103 european\u0103. Otto de Habsburg, parlamentar european, c\u0103ruia unele partide politice din Ungaria \u00eei preg\u0103tesc, mai \u00een glum\u0103, mai \u00een serios, un tron (\u00eentr-un vechi anuar iredentist st\u0103 sub portretul lui: II Otto Kir\u00e1ly n.a.) sau un jil\u0163 preziden\u0163ial, nu face nici un secret c\u0103 dup\u0103 p\u0103rerea lui o re\u00eenviere a monarhiei ungare sau chiar austro-ungare nu este de domeniul imposibilului. F\u0103c\u00e2nd abstrac\u0163ie de aspectul de operet\u0103 al scenariului Otto de Habsburg a contribuit, \u00een bun\u0103 m\u0103sur\u0103, \u00een ace\u015fti ani, la renovarea prestigiului cam compromis al Ungariei. Vecinii no\u015ftri au \u00eenv\u0103\u0163at, desigur, din gre\u015feala de a fi nesocotit, \u00een trecut, opinia public\u0103 occidental\u0103 \u015fi ast\u0103zi depun eforturi deosebite de a avea, \u00een cazul unui litigiu cu \u0163ara noastr\u0103, Vestul de partea lor.<\/h4>\n<h4>Iredenta maghiar\u0103 din Europa mai are \u015fi alte arme eficiente, folosite \u00een scopul men\u0163inerii climatului revizionist \u00een s\u00eenul emigra\u0163iei, \u00een opinia public\u0103 din Ungaria \u015fi \u00een r\u00e2ndurile minorit\u0103\u0163ii maghiare de la noi. Monopolizarea de c\u0103tre elemente revizioniste a emisiunilor maghiare de la posturile de radio na\u0163ionale din Europa \u015fi, \u00een special, de la Radio Europa Liber\u0103, asigur\u0103 un flux continuu de propagand\u0103 du\u015fm\u0103noas\u0103 \u00eempotriva \u0163\u0103rii noastre. \u00cen fiecare critic\u0103 tenden\u0163ioas\u0103 a st\u0103rilor de la noi, \u00een care locul principal revine \u201esuferin\u0163ei\u201d minorit\u0103\u0163ii maghiare, accentuat\u0103 la paroxism, se sugereaz\u0103 implicit \u015fi necesitatea solu\u0163ion\u0103rii problemei. Chiar sec\u0163ia rom\u00e2n\u0103 a acestui post, ignor\u00e2nd \u201eprofilul ideologic\u201d al emisiunilor servite de colegii maghiari, \u00een marea lor majoritate militan\u0163i ai iredentei, le-a c\u00e2ntat de multe ori \u00een strun\u0103. \u00cen iluzia c\u0103 slujesc binele poporului rom\u00e2n, colaboratorii de la aceast\u0103 sec\u0163ie au executat, de fapt, directivele st\u0103p\u00e2nului american, care este, eventual, interesat \u00een \u00eentre\u0163inerea unui litigiu rom\u00e2no-maghiar. Bunele cu relele.<\/h4>\n<h4>O alt\u0103 stratagem\u0103 a revizioni\u015ftilor din emigra\u0163ia european\u0103, foarte periculoas\u0103, \u00een efectele ei, este furnizarea de informa\u0163ii sau mai bine zis dezinformarea sistematic\u0103 a mass mediei interna\u0163ionale. Echipele de ziari\u015fti maghiari, \u00een slujba \u201ecauzei\u201d, au transmis spre Vest, \u00een to\u0163i ace\u015fti ani, informa\u0163ii tenden\u0163ioase, calomniatoare \u00een leg\u0103tur\u0103 cu \u0163ara noastr\u0103 \u015fi, \u00een special, cu situa\u0163ia minorit\u0103\u0163ii maghiare \u201eexpus\u0103 genocidului\u201d. Citind presa serioas\u0103 din vest, ai uneori impresia unei conjura\u0163ii diabolice, pe scar\u0103 interna\u0163ional\u0103, care vrea s\u0103 ne pun\u0103 la st\u00e2lpul infamiei \u00een baza unor informa\u0163ii fanteziste sau contraf\u0103cute \u015fi, mai ales, neverificate. Campania este facilitat\u0103 \u015fi de prezen\u0163a \u00een punctele nevralgice ale mass mediei din vest, a unor \u201eactivi\u015fti\u201d dedica\u0163i cauzei revizioniste, care depun toate eforturile pentru reabilitarea Ungariei \u015fi, implicit, denigrarea Rom\u00e2niei. Tema \u201eRom\u00e2nia\u201d dezb\u0103tut\u0103 intens \u00eenaintea revolu\u0163iei din decembrie 1989, apare, \u00een continuare, cu o suspect\u0103 frecven\u0163\u0103 pe micile ecrane din Austria, Germania sau din alte \u0163\u0103ri \u015fi cei care dau tonul \u015fi \u201eformeaz\u0103\u201d sau, mai bine zis, dezinformeaz\u0103 opinia public\u0103, sunt mai totdeauna emigran\u0163i maghiari infiltra\u0163i \u00een centrele mass mediei \u015fi \u201emari speciali\u015fti\u201d \u00een problema transilvan\u0103. Aceea\u015fi pervertire a informa\u0163iei se constat\u0103 \u015fi \u00een pres\u0103 sau la radio.<\/h4>\n<h4>Protagoni\u015ftii acestei vaste campanii de dezinformare \u00een leg\u0103tur\u0103 cu situa\u0163ia minorit\u0103\u0163ilor din \u0163ara noastr\u0103 nu sunt apari\u0163ii \u00eent\u00e2mpl\u0103toare. Evolu\u0163ia lor corespunde unui program sistematic de infiltrare a mass media interna\u0163ionale, vechi de c\u00e2teva decenii. Ziari\u015fti, litera\u0163i, politicieni, oameni de \u015ftiin\u0163\u0103 maghiari sau maghiariza\u0163i, \u00eenrola\u0163i \u00een disciplina mi\u015fc\u0103rii iredentiste, \u00ee\u015fi dau permanent \u015fi cu o perseveren\u0163\u0103 de poseda\u0163i obolul cauzei comune. Na\u0163ionalismul \u015fovin maghiar, injectat \u00een milioanele de germani, evrei sau slavi, maghiariza\u0163i \u00eenc\u0103 \u00een epoca de aur a asimil\u0103rilor (1850 \u2013 1918) \u00ee\u015fi d\u0103 roadele ast\u0103zi, dup\u0103 un secol, c\u00e2nd aceste \u201eachizi\u0163ii\u201d purt\u00e2nd nume cu rezonan\u0163e istorice, lupt\u0103 \u00een primele r\u00e2nduri pentru recl\u0103direa Ungariei mari. Este incredibil s\u0103 vezi cum evrei maghiari, occidentaliza\u0163i, a c\u0103ror \u00eentreag\u0103 familie a fost poate deportat\u0103 \u00een lag\u0103rele mor\u0163ii sau ucis\u0103 pe loc de c\u0103tre fasci\u015ftii maghiari, \u00eentre 1940 \u2013 1944, pledeaz\u0103 cu pasiune cvasi patologic\u0103, \u00een mass media european\u0103 sau american\u0103 pentru cauza unui imperialism maghiar de culoare modern\u0103.<\/h4>\n<h4>Ultima manevr\u0103 pentru unificarea \u015fi consolidarea mi\u015fc\u0103rii revizioniste din exil este reluarea rela\u0163iilor cu \u201epatria mum\u0103\u201d, prin crearea unor filiale \u00een Ungaria. Liberalizarea politic\u0103 a permis, de mai mul\u0163i ani, re\u00eentoarcerea emigran\u0163ilor proscri\u015fi, care profit\u00e2nd, s-au \u015fi pus imediat pe prospectarea terenului receptiv ideilor revizioniste.<\/h4>\n<h4>Prima filial\u0103 din Ungaria a unei organiza\u0163ii revizioniste din Europa a luat fiin\u0163\u0103, \u00een 1989, Ligue hongroise pour la defense des droits de l\u2019homme et du citoyen, o organiza\u0163ie iredentist\u0103 care func\u0163ioneaz\u0103 la Paris \u00eenc\u0103 din anul 1925, \u015fi care umbla, \u00een 1989, \u00een c\u0103utarea unor persoane \u201epotrivite\u201d pentru \u00eenfiin\u0163area unei sec\u0163ii \u00een Ungaria. Urm\u0103toarele persoane au dat, \u00een prim\u0103vara lui 1989, curs invita\u0163iei : J\u00f3zsef Antall, actualul prim ministru al Ungariei, \u00c1rp\u00e1d G\u00f6ncz, pre\u015fedintele (atunci interimar) al Republicii ungare, Cso\u00f3ri S\u00e1ndor, scriitor \u015fi om politic, precum \u015fi politicianul Vasarhelyi Miklos. Dup\u0103 o campanie de recrutare corespunz\u0103toare, acest grup de ini\u0163iativ\u0103 \u00eenfiin\u0163eaz\u0103, \u00een mai 1989, filiala ligii de la Paris sub numele de : Emberi jogok magyar bizottsaga (Comitetul maghiar pentru drepturile omului). Cso\u00f3ri S\u00e1ndor este ales pre\u015fedinte, \u00c1rp\u00e1d G\u00f6ncz, vicepre\u015fedinte administrativ, Szavai J\u00e1nos, ambasadorul Ungariei la Paris, secretar general iar J\u00f3zsef Antall membru \u00een conducerea organiza\u0163iei.<\/h4>\n<h4>Magyar Hirek, organul Uniunii Mondiale a Ungurilor, cu sediul la Budapesta, despre care \u0219tim c\u0103 se ocup\u0103 de coordonarea mi\u015fc\u0103rii revizioniste din Ungaria din emigra\u0163ie \u015fi din teritoriile vizate, publica \u015ftirea \u00eenfiin\u0163\u0103rii Comitetului \u00een nr. 12 din 19 iunie 1989 \u00eempreun\u0103 cu un interviu luat secretarului general Szavai J\u00e1nos, profesor la Universitatea E\u00f6tv\u00f6s Lor\u00e1nd din Budapesta. Szavai declara, \u00een interviul respectiv, c\u0103, printre obiectivele Comitetului, figureaz\u0103 la loc de frunte problema minorit\u0103\u0163ii maghiare din \u0163\u0103rile limitrofe \u015fi, \u00een acest scop a fost \u00eenfiin\u0163at\u0103 o comisie de lucru special\u0103.<\/h4>\n<h4>Nu e, deci, \u00eent\u00e2mpl\u0103tor, c\u0103 la c\u00e2rma \u0163\u0103rii vecine avem dou\u0103 personalit\u0103\u0163i, J\u00f3zsef Antall \u015fi \u00c1rp\u00e1d G\u00f6ncz, al c\u0103ror trecut \u015fi profesiune de credin\u0163\u0103 iredentist\u0103 au un \u201estat de func\u0163ii\u201d cu care se pot m\u00e2ndri. Desigur c\u0103 \u00een prim\u0103vara lui 1989 \u00eenc\u0103 nu \u015ftiau c\u0103 vor accede \u00een scurt timp la posturi at\u00e2t de \u00eenalte \u015fi au procedat franc \u015fi f\u0103r\u0103 rezerve, a\u015fa cum fac \u015fi \u00een calitatea lor de conduc\u0103tori politici ai Ungariei \u201edemocrate\u201d.<\/h4>\n<h4>\u00cen ce-l prive\u015fte pe \u00c1rp\u00e1d G\u00f6ncz, pre\u015fedintele Ungariei mai trebuie ad\u0103ugat\u0103 o \u201eisprav\u0103\u201d de ultim\u0103 or\u0103, comis\u0103 de data aceasta \u00een calitatea de primul demnitar al statului ungar. \u00c1rp\u00e1d G\u00f6ncz a tradus \u015fi a patronat recent reeditarea lucr\u0103rii iredentiste a \u015fovinului \u201epatriot\u201d Bajcsy-Zsilinszky Endre, publicat\u0103 \u00een 1944 la Geneva, \u00een limba englez\u0103 Transylvania, past and Future. Reeditare cu sprijinul financiar al Ministerului Culturii de la Budapesta. Autorul cinstit cu numele uneia din cele mai mari bulevarde din capitala ungar\u0103, atac\u0103, \u00een mod de\u015f\u0103n\u0163at \u00een cartea patronat\u0103 de pre\u015fedintele \u00c1rp\u00e1d G\u00f6ncz, \u0163ara noastr\u0103 \u015fi pledeaz\u0103 f\u0103\u0163i\u015f pentru ocuparea Transilvaniei de c\u0103tre unguri. Se pare c\u0103 patronul-pre\u015fedinte nu este ambarasat de faptul c\u0103 autorul c\u0103r\u0163ii, Bajcsy-Zsilinszky, este \u00een prezent un erou controversat. Acesta debuteaz\u0103 ucig\u00e2nd, \u00een prima faz\u0103 a activit\u0103\u0163ii sale politica, un adversar politic, \u00eenfiin\u0163eaz\u0103 apoi, \u00een noiembrie 1918, Magyarorszagos vedero egyesulet MOVE \u2013 (Asocia\u0163ia na\u0163ional\u0103 maghiar\u0103 a for\u0163elor de ap\u0103rare), una din primele organiza\u0163ii iredentiste din Ungaria, iar \u00een 1923 pune, \u00eempreun\u0103 cu Gombos Gyula, bazele primului partid fascist din Ungaria: Fayvedo part (Partidul ap\u0103r\u0103rii rasei).<\/h4>\n<h4>Intrat, din calcul politic, \u00een conflict cu fo\u015ftii camarazi \u00eentru fascism, Bajcsy-Zsilinszky face o scurt\u0103 incursiune pe meleaguri mai \u201edemocratice\u201d, f\u0103r\u0103 a\u015fi dezbr\u0103ca \u00eens\u0103 haina na\u0163ionalismului \u015fovin \u015fi iredentist, care-i asigura, dup\u0103 executarea sa, \u00een decembrie 1944, de c\u0103tre fasci\u015ftii extremi\u015fti-nylasi\u015ftii \u2013 un loc \u00een panteonul marilor patrio\u0163i maghiari.<\/h4>\n<h4>Studiul lui Bajcsy-Zsilinszky, scris \u00een pur spirit rasist, denigreaz\u0103 pe fo\u015ftii no\u015ftri politicieni, descrie cu dispre\u0163 societatea rom\u00e2neasc\u0103, apoi, dup\u0103 o scurt\u0103 \u015fi cu iz de parodie istorie a Transilvaniei g\u00e2ndit\u0103 dup\u0103 canoanele celui mai sinistru na\u0163ionalism-feudal maghiar, schi\u0163eaz\u0103 o serie de variante pentru solu\u0163ioanrea problemei transilvane. Cea mai n\u0103stru\u015fnic\u0103, alipe\u015fte Ungariei tot vestul transilvaniei, locuit, atunci, \u00een 1944, de cel pu\u0163in 1,5 milioane de rom\u00e2ni. Restul Transilvaniei este apoi t\u0103iat ca un tort \u00een patru \u201ebanate\u201d (unitate administrativ\u0103 preferat\u0103 de autor) Banatul Secuiesc-Maghiar, Banatul Rom\u00e2nesc de Sus, Banatul Rom\u00e2nesc de Jos \u015fi Banatul S\u0103sesc. Toate sub aripa protectoare a Ungariei. F\u0103r\u0103 comentarii !<\/h4>\n<h4>\u201eBaiul\u201d cu cartea, o mostr\u0103 de megalomanie rasist\u0103 \u015fi de abera\u0163ie iredentist\u0103, este c\u0103 cei care au repus-o \u00een circula\u0163ie gireaz\u0103, \u00een acela\u015fi timp, \u015fi politica extern\u0103 a Ungariei \u201edemocrate\u201d. Reactualizarea cu \u201et\u00e2lc\u201d a unui atac F\u00fcribund \u00eempotriva \u0163\u0103rii noastre precum \u015fi \u00eendoctrinarea opiniei publice maghiare cu astfel de idei \u015fi resentimente este imputabil\u0103, f\u0103r\u0103 echivoc, actualei conduceri politice de la Budapesta. Un astfel de act este \u00een strident\u0103 disonan\u0163\u0103 cu asigur\u0103rile de colaborare date de vecini \u015fi oblig\u0103 la cea mai mare vigilen\u0163\u0103. \u00cenaltul patronaj de care se bucur\u0103 cartea, tradus\u0103 de pre\u015fedintele republicii \u015fi finan\u0163at\u0103 de guvern, exprim\u0103 \u015fi inten\u0163ia conduc\u0103torilor de ast\u0103zi ai Ungariei de a continua tradi\u0163ia iredentist\u0103 marcat\u0103 la vremea respectiv\u0103 de bajcsy-Zsilnszky.<\/h4>\n<h4>Asemenea tendin\u0163elor din emigra\u0163ia maghiar\u0103 american\u0103, se observ\u0103 \u015fi \u00een Europa o grupare a organiza\u0163iilor revizioniste \u00een vederea realiz\u0103rii unui front mai unitar. \u00cen acest spirit a avut loc constituirea, \u00een septembrie 1989, la Budapesta, a asocia\u0163iei Confedera\u0163ia Transsylvanica (cu sediul la Viena) din unirea unor organiza\u0163ii revizioniste maghiare europene \u015fi din SUA.<\/h4>\n<h4>Ini\u0163iativa \u015fi partea leului \u00een aceste ac\u0163iuni o au, \u00een ultimul timp, refugia\u0163ii secui \u015fi maghiari din Transilvania.<\/h4>\n<h4>\u00a0<\/h4>\n\n\n\n        <div class=\"booster-block booster-reactions-block\">\n            <div class=\"twp-reactions-icons\">\n                \n                <div class=\"twp-reacts-wrap\">\n                    <a react-data=\"be-react-1\" post-id=\"3439\" class=\"be-face-icons un-reacted\" href=\"javascript:void(0)\">\n                        <img decoding=\"async\" src=\"https:\/\/desteptati-va.ro\/wp-content\/plugins\/booster-extension\/\/assets\/icon\/happy.svg\" alt=\"Happy\">\n                    <\/a>\n                    <div class=\"twp-reaction-title\">\n                        Happy                    <\/div>\n                    <div class=\"twp-count-percent\">\n                                                    <span style=\"display: none;\" class=\"twp-react-count\">0<\/span>\n                        \n                                                <span class=\"twp-react-percent\"><span>0<\/span> %<\/span>\n                                            <\/div>\n                <\/div>\n\n                <div class=\"twp-reacts-wrap\">\n                    <a react-data=\"be-react-2\" post-id=\"3439\" class=\"be-face-icons un-reacted\" href=\"javascript:void(0)\">\n                        <img decoding=\"async\" src=\"https:\/\/desteptati-va.ro\/wp-content\/plugins\/booster-extension\/\/assets\/icon\/sad.svg\" alt=\"Sad\">\n                    <\/a>\n                    <div class=\"twp-reaction-title\">\n                        Sad                    <\/div>\n                    <div class=\"twp-count-percent\">\n                                                    <span style=\"display: none;\" class=\"twp-react-count\">0<\/span>\n                                                                        <span class=\"twp-react-percent\"><span>0<\/span> %<\/span>\n                                            <\/div>\n                <\/div>\n\n                <div class=\"twp-reacts-wrap\">\n                    <a react-data=\"be-react-3\" post-id=\"3439\" class=\"be-face-icons un-reacted\" href=\"javascript:void(0)\">\n                        <img decoding=\"async\" src=\"https:\/\/desteptati-va.ro\/wp-content\/plugins\/booster-extension\/\/assets\/icon\/excited.svg\" alt=\"Excited\">\n                    <\/a>\n                    <div class=\"twp-reaction-title\">\n                        Excited                    <\/div>\n                    <div class=\"twp-count-percent\">\n                                                    <span style=\"display: none;\" class=\"twp-react-count\">0<\/span>\n                                                                        <span class=\"twp-react-percent\"><span>0<\/span> %<\/span>\n                                            <\/div>\n                <\/div>\n\n                <div class=\"twp-reacts-wrap\">\n                    <a react-data=\"be-react-6\" post-id=\"3439\" class=\"be-face-icons un-reacted\" href=\"javascript:void(0)\">\n                        <img decoding=\"async\" src=\"https:\/\/desteptati-va.ro\/wp-content\/plugins\/booster-extension\/\/assets\/icon\/sleepy.svg\" alt=\"Sleepy\">\n                    <\/a>\n                    <div class=\"twp-reaction-title\">\n                        Sleepy                    <\/div>\n                    <div class=\"twp-count-percent\">\n                                                    <span style=\"display: none;\" class=\"twp-react-count\">0<\/span>\n                        \n                                                <span class=\"twp-react-percent\"><span>0<\/span> %<\/span>\n                                            <\/div>\n                <\/div>\n\n                <div class=\"twp-reacts-wrap\">\n                    <a react-data=\"be-react-4\" post-id=\"3439\" class=\"be-face-icons un-reacted\" href=\"javascript:void(0)\">\n                        <img decoding=\"async\" src=\"https:\/\/desteptati-va.ro\/wp-content\/plugins\/booster-extension\/\/assets\/icon\/angry.svg\" alt=\"Angry\">\n                    <\/a>\n                    <div class=\"twp-reaction-title\">Angry<\/div>\n                    <div class=\"twp-count-percent\">\n                                                    <span style=\"display: none;\" class=\"twp-react-count\">0<\/span>\n                                                                        <span class=\"twp-react-percent\"><span>0<\/span> %<\/span>\n                        \n                    <\/div>\n                <\/div>\n\n                <div class=\"twp-reacts-wrap\">\n                    <a react-data=\"be-react-5\" post-id=\"3439\" class=\"be-face-icons un-reacted\" href=\"javascript:void(0)\">\n                        <img decoding=\"async\" src=\"https:\/\/desteptati-va.ro\/wp-content\/plugins\/booster-extension\/\/assets\/icon\/surprise.svg\" alt=\"Surprise\">\n                    <\/a>\n                    <div class=\"twp-reaction-title\">Surprise<\/div>\n                    <div class=\"twp-count-percent\">\n                                                    <span style=\"display: none;\" class=\"twp-react-count\">0<\/span>\n                                                                        <span class=\"twp-react-percent\"><span>0<\/span> %<\/span>\n                                            <\/div>\n                <\/div>\n\n            <\/div>\n        <\/div>\n\n    <\/div>","protected":false},"excerpt":{"rendered":"<p>Organiza\u0163ii revizioniste \u00een Ungaria de azi Examin\u00e2nd actuala organizare a mi\u015fc\u0103rii revizioniste, desprindem dou\u0103 linii directoare : pe de o<a href=\"https:\/\/desteptati-va.ro\/index.php\/2021\/04\/13\/neorevizionismul-ungar-partea-a-iii-a\/\">Read More<i class=\"fa fa-long-arrow-right\" aria-hidden=\"true\"><\/i><\/a><\/p>\n","protected":false},"author":1,"featured_media":4529,"comment_status":"open","ping_status":"open","sticky":false,"template":"","format":"standard","meta":{"_crdt_document":"","footnotes":""},"categories":[38],"tags":[158],"class_list":["post-3439","post","type-post","status-publish","format-standard","has-post-thumbnail","hentry","category-prieteni-pe-dracu","tag-revizionism"],"rise-blocks_total_comments":0,"rise-blocks_categories":[{"term_id":38,"name":"'Prietenii\" unguri","slug":"prieteni-pe-dracu","term_group":0,"term_taxonomy_id":38,"taxonomy":"category","description":"","parent":37,"count":5,"filter":"raw"}],"rise-blocks_excerpt":"Organiza\u0163ii revizioniste \u00een Ungaria de azi Examin\u00e2nd actuala organizare a mi\u015fc\u0103rii revizioniste, desprindem dou\u0103 linii directoare : pe de o parte se \u0163ine seama \u00een tactica organiz\u0103rii de statu quo-ul european actual care impune modera\u0163ie, iar pe de alt\u0103 parte sunt reluate o serie de metode practicate \u00eentre cele dou\u0103 r\u0103zboaie mondiale. Se \u00een\u0163elege c\u0103 aceast\u0103 orientare de baz\u0103 este..","yoast_head":"<!-- This site is optimized with the Yoast SEO plugin v26.9 - https:\/\/yoast.com\/product\/yoast-seo-wordpress\/ -->\r\n<title>Neorevizionismul ungar- partea a III a -<\/title>\r\n<meta name=\"robots\" content=\"index, follow, max-snippet:-1, max-image-preview:large, max-video-preview:-1\" \/>\r\n<link rel=\"canonical\" href=\"https:\/\/desteptati-va.ro\/index.php\/2021\/04\/13\/neorevizionismul-ungar-partea-a-iii-a\/\" \/>\r\n<meta property=\"og:locale\" content=\"ro_RO\" \/>\r\n<meta property=\"og:type\" content=\"article\" \/>\r\n<meta property=\"og:title\" content=\"Neorevizionismul ungar- partea a III a -\" \/>\r\n<meta property=\"og:description\" content=\"Organiza\u0163ii revizioniste \u00een Ungaria de azi Examin\u00e2nd actuala organizare a mi\u015fc\u0103rii revizioniste, desprindem dou\u0103 linii directoare : pe de oRead More\" \/>\r\n<meta property=\"og:url\" content=\"https:\/\/desteptati-va.ro\/index.php\/2021\/04\/13\/neorevizionismul-ungar-partea-a-iii-a\/\" \/>\r\n<meta property=\"article:published_time\" content=\"2021-04-13T10:07:18+00:00\" \/>\r\n<meta property=\"article:modified_time\" content=\"2022-01-19T06:45:20+00:00\" \/>\r\n<meta property=\"og:image\" content=\"https:\/\/desteptati-va.ro\/wp-content\/uploads\/2021\/04\/Pal_Teleki_01.jpg\" \/>\r\n\t<meta property=\"og:image:width\" content=\"239\" \/>\r\n\t<meta property=\"og:image:height\" content=\"300\" \/>\r\n\t<meta property=\"og:image:type\" content=\"image\/jpeg\" \/>\r\n<meta name=\"author\" content=\"wolfsoftcompany\" \/>\r\n<meta name=\"twitter:card\" content=\"summary_large_image\" \/>\r\n<meta name=\"twitter:label1\" content=\"Scris de\" \/>\n\t<meta name=\"twitter:data1\" content=\"wolfsoftcompany\" \/>\n\t<meta name=\"twitter:label2\" content=\"Timp estimat pentru citire\" \/>\n\t<meta name=\"twitter:data2\" content=\"33 de minute\" \/>\r\n<script type=\"application\/ld+json\" class=\"yoast-schema-graph\">{\"@context\":\"https:\/\/schema.org\",\"@graph\":[{\"@type\":\"Article\",\"@id\":\"https:\/\/desteptati-va.ro\/index.php\/2021\/04\/13\/neorevizionismul-ungar-partea-a-iii-a\/#article\",\"isPartOf\":{\"@id\":\"https:\/\/desteptati-va.ro\/index.php\/2021\/04\/13\/neorevizionismul-ungar-partea-a-iii-a\/\"},\"author\":{\"name\":\"wolfsoftcompany\",\"@id\":\"https:\/\/desteptati-va.ro\/#\/schema\/person\/13182deeebd44920914899f7bb262d6b\"},\"headline\":\"Neorevizionismul ungar- partea a III a\",\"datePublished\":\"2021-04-13T10:07:18+00:00\",\"dateModified\":\"2022-01-19T06:45:20+00:00\",\"mainEntityOfPage\":{\"@id\":\"https:\/\/desteptati-va.ro\/index.php\/2021\/04\/13\/neorevizionismul-ungar-partea-a-iii-a\/\"},\"wordCount\":6651,\"commentCount\":0,\"image\":{\"@id\":\"https:\/\/desteptati-va.ro\/index.php\/2021\/04\/13\/neorevizionismul-ungar-partea-a-iii-a\/#primaryimage\"},\"thumbnailUrl\":\"https:\/\/desteptati-va.ro\/wp-content\/uploads\/2021\/04\/Pal_Teleki_01.jpg\",\"keywords\":[\"revizionism\"],\"articleSection\":[\"'Prietenii\\\" unguri\"],\"inLanguage\":\"ro-RO\",\"potentialAction\":[{\"@type\":\"CommentAction\",\"name\":\"Comment\",\"target\":[\"https:\/\/desteptati-va.ro\/index.php\/2021\/04\/13\/neorevizionismul-ungar-partea-a-iii-a\/#respond\"]}]},{\"@type\":\"WebPage\",\"@id\":\"https:\/\/desteptati-va.ro\/index.php\/2021\/04\/13\/neorevizionismul-ungar-partea-a-iii-a\/\",\"url\":\"https:\/\/desteptati-va.ro\/index.php\/2021\/04\/13\/neorevizionismul-ungar-partea-a-iii-a\/\",\"name\":\"Neorevizionismul ungar- partea a III a -\",\"isPartOf\":{\"@id\":\"https:\/\/desteptati-va.ro\/#website\"},\"primaryImageOfPage\":{\"@id\":\"https:\/\/desteptati-va.ro\/index.php\/2021\/04\/13\/neorevizionismul-ungar-partea-a-iii-a\/#primaryimage\"},\"image\":{\"@id\":\"https:\/\/desteptati-va.ro\/index.php\/2021\/04\/13\/neorevizionismul-ungar-partea-a-iii-a\/#primaryimage\"},\"thumbnailUrl\":\"https:\/\/desteptati-va.ro\/wp-content\/uploads\/2021\/04\/Pal_Teleki_01.jpg\",\"datePublished\":\"2021-04-13T10:07:18+00:00\",\"dateModified\":\"2022-01-19T06:45:20+00:00\",\"author\":{\"@id\":\"https:\/\/desteptati-va.ro\/#\/schema\/person\/13182deeebd44920914899f7bb262d6b\"},\"breadcrumb\":{\"@id\":\"https:\/\/desteptati-va.ro\/index.php\/2021\/04\/13\/neorevizionismul-ungar-partea-a-iii-a\/#breadcrumb\"},\"inLanguage\":\"ro-RO\",\"potentialAction\":[{\"@type\":\"ReadAction\",\"target\":[\"https:\/\/desteptati-va.ro\/index.php\/2021\/04\/13\/neorevizionismul-ungar-partea-a-iii-a\/\"]}]},{\"@type\":\"ImageObject\",\"inLanguage\":\"ro-RO\",\"@id\":\"https:\/\/desteptati-va.ro\/index.php\/2021\/04\/13\/neorevizionismul-ungar-partea-a-iii-a\/#primaryimage\",\"url\":\"https:\/\/desteptati-va.ro\/wp-content\/uploads\/2021\/04\/Pal_Teleki_01.jpg\",\"contentUrl\":\"https:\/\/desteptati-va.ro\/wp-content\/uploads\/2021\/04\/Pal_Teleki_01.jpg\",\"width\":239,\"height\":300},{\"@type\":\"BreadcrumbList\",\"@id\":\"https:\/\/desteptati-va.ro\/index.php\/2021\/04\/13\/neorevizionismul-ungar-partea-a-iii-a\/#breadcrumb\",\"itemListElement\":[{\"@type\":\"ListItem\",\"position\":1,\"name\":\"Prima pagin\u0103\",\"item\":\"https:\/\/desteptati-va.ro\/\"},{\"@type\":\"ListItem\",\"position\":2,\"name\":\"Neorevizionismul ungar- partea a III a\"}]},{\"@type\":\"WebSite\",\"@id\":\"https:\/\/desteptati-va.ro\/#website\",\"url\":\"https:\/\/desteptati-va.ro\/\",\"name\":\"\",\"description\":\"\",\"potentialAction\":[{\"@type\":\"SearchAction\",\"target\":{\"@type\":\"EntryPoint\",\"urlTemplate\":\"https:\/\/desteptati-va.ro\/?s={search_term_string}\"},\"query-input\":{\"@type\":\"PropertyValueSpecification\",\"valueRequired\":true,\"valueName\":\"search_term_string\"}}],\"inLanguage\":\"ro-RO\"},{\"@type\":\"Person\",\"@id\":\"https:\/\/desteptati-va.ro\/#\/schema\/person\/13182deeebd44920914899f7bb262d6b\",\"name\":\"wolfsoftcompany\",\"image\":{\"@type\":\"ImageObject\",\"inLanguage\":\"ro-RO\",\"@id\":\"https:\/\/desteptati-va.ro\/#\/schema\/person\/image\/\",\"url\":\"https:\/\/secure.gravatar.com\/avatar\/a6cce9b6d101d27d91690e7073e300fed94c0899890bf998e082cb9d2c3d121e?s=96&d=mm&r=g\",\"contentUrl\":\"https:\/\/secure.gravatar.com\/avatar\/a6cce9b6d101d27d91690e7073e300fed94c0899890bf998e082cb9d2c3d121e?s=96&d=mm&r=g\",\"caption\":\"wolfsoftcompany\"},\"sameAs\":[\"http:\/\/desteptati-va.ro\"],\"url\":\"https:\/\/desteptati-va.ro\/index.php\/author\/wolfsoftcompany\/\"}]}<\/script>\r\n<!-- \/ Yoast SEO plugin. -->","yoast_head_json":{"title":"Neorevizionismul ungar- partea a III a -","robots":{"index":"index","follow":"follow","max-snippet":"max-snippet:-1","max-image-preview":"max-image-preview:large","max-video-preview":"max-video-preview:-1"},"canonical":"https:\/\/desteptati-va.ro\/index.php\/2021\/04\/13\/neorevizionismul-ungar-partea-a-iii-a\/","og_locale":"ro_RO","og_type":"article","og_title":"Neorevizionismul ungar- partea a III a -","og_description":"Organiza\u0163ii revizioniste \u00een Ungaria de azi Examin\u00e2nd actuala organizare a mi\u015fc\u0103rii revizioniste, desprindem dou\u0103 linii directoare : pe de oRead More","og_url":"https:\/\/desteptati-va.ro\/index.php\/2021\/04\/13\/neorevizionismul-ungar-partea-a-iii-a\/","article_published_time":"2021-04-13T10:07:18+00:00","article_modified_time":"2022-01-19T06:45:20+00:00","og_image":[{"width":239,"height":300,"url":"https:\/\/desteptati-va.ro\/wp-content\/uploads\/2021\/04\/Pal_Teleki_01.jpg","type":"image\/jpeg"}],"author":"wolfsoftcompany","twitter_card":"summary_large_image","twitter_misc":{"Scris de":"wolfsoftcompany","Timp estimat pentru citire":"33 de minute"},"schema":{"@context":"https:\/\/schema.org","@graph":[{"@type":"Article","@id":"https:\/\/desteptati-va.ro\/index.php\/2021\/04\/13\/neorevizionismul-ungar-partea-a-iii-a\/#article","isPartOf":{"@id":"https:\/\/desteptati-va.ro\/index.php\/2021\/04\/13\/neorevizionismul-ungar-partea-a-iii-a\/"},"author":{"name":"wolfsoftcompany","@id":"https:\/\/desteptati-va.ro\/#\/schema\/person\/13182deeebd44920914899f7bb262d6b"},"headline":"Neorevizionismul ungar- partea a III a","datePublished":"2021-04-13T10:07:18+00:00","dateModified":"2022-01-19T06:45:20+00:00","mainEntityOfPage":{"@id":"https:\/\/desteptati-va.ro\/index.php\/2021\/04\/13\/neorevizionismul-ungar-partea-a-iii-a\/"},"wordCount":6651,"commentCount":0,"image":{"@id":"https:\/\/desteptati-va.ro\/index.php\/2021\/04\/13\/neorevizionismul-ungar-partea-a-iii-a\/#primaryimage"},"thumbnailUrl":"https:\/\/desteptati-va.ro\/wp-content\/uploads\/2021\/04\/Pal_Teleki_01.jpg","keywords":["revizionism"],"articleSection":["'Prietenii\" unguri"],"inLanguage":"ro-RO","potentialAction":[{"@type":"CommentAction","name":"Comment","target":["https:\/\/desteptati-va.ro\/index.php\/2021\/04\/13\/neorevizionismul-ungar-partea-a-iii-a\/#respond"]}]},{"@type":"WebPage","@id":"https:\/\/desteptati-va.ro\/index.php\/2021\/04\/13\/neorevizionismul-ungar-partea-a-iii-a\/","url":"https:\/\/desteptati-va.ro\/index.php\/2021\/04\/13\/neorevizionismul-ungar-partea-a-iii-a\/","name":"Neorevizionismul ungar- partea a III a -","isPartOf":{"@id":"https:\/\/desteptati-va.ro\/#website"},"primaryImageOfPage":{"@id":"https:\/\/desteptati-va.ro\/index.php\/2021\/04\/13\/neorevizionismul-ungar-partea-a-iii-a\/#primaryimage"},"image":{"@id":"https:\/\/desteptati-va.ro\/index.php\/2021\/04\/13\/neorevizionismul-ungar-partea-a-iii-a\/#primaryimage"},"thumbnailUrl":"https:\/\/desteptati-va.ro\/wp-content\/uploads\/2021\/04\/Pal_Teleki_01.jpg","datePublished":"2021-04-13T10:07:18+00:00","dateModified":"2022-01-19T06:45:20+00:00","author":{"@id":"https:\/\/desteptati-va.ro\/#\/schema\/person\/13182deeebd44920914899f7bb262d6b"},"breadcrumb":{"@id":"https:\/\/desteptati-va.ro\/index.php\/2021\/04\/13\/neorevizionismul-ungar-partea-a-iii-a\/#breadcrumb"},"inLanguage":"ro-RO","potentialAction":[{"@type":"ReadAction","target":["https:\/\/desteptati-va.ro\/index.php\/2021\/04\/13\/neorevizionismul-ungar-partea-a-iii-a\/"]}]},{"@type":"ImageObject","inLanguage":"ro-RO","@id":"https:\/\/desteptati-va.ro\/index.php\/2021\/04\/13\/neorevizionismul-ungar-partea-a-iii-a\/#primaryimage","url":"https:\/\/desteptati-va.ro\/wp-content\/uploads\/2021\/04\/Pal_Teleki_01.jpg","contentUrl":"https:\/\/desteptati-va.ro\/wp-content\/uploads\/2021\/04\/Pal_Teleki_01.jpg","width":239,"height":300},{"@type":"BreadcrumbList","@id":"https:\/\/desteptati-va.ro\/index.php\/2021\/04\/13\/neorevizionismul-ungar-partea-a-iii-a\/#breadcrumb","itemListElement":[{"@type":"ListItem","position":1,"name":"Prima pagin\u0103","item":"https:\/\/desteptati-va.ro\/"},{"@type":"ListItem","position":2,"name":"Neorevizionismul ungar- partea a III a"}]},{"@type":"WebSite","@id":"https:\/\/desteptati-va.ro\/#website","url":"https:\/\/desteptati-va.ro\/","name":"","description":"","potentialAction":[{"@type":"SearchAction","target":{"@type":"EntryPoint","urlTemplate":"https:\/\/desteptati-va.ro\/?s={search_term_string}"},"query-input":{"@type":"PropertyValueSpecification","valueRequired":true,"valueName":"search_term_string"}}],"inLanguage":"ro-RO"},{"@type":"Person","@id":"https:\/\/desteptati-va.ro\/#\/schema\/person\/13182deeebd44920914899f7bb262d6b","name":"wolfsoftcompany","image":{"@type":"ImageObject","inLanguage":"ro-RO","@id":"https:\/\/desteptati-va.ro\/#\/schema\/person\/image\/","url":"https:\/\/secure.gravatar.com\/avatar\/a6cce9b6d101d27d91690e7073e300fed94c0899890bf998e082cb9d2c3d121e?s=96&d=mm&r=g","contentUrl":"https:\/\/secure.gravatar.com\/avatar\/a6cce9b6d101d27d91690e7073e300fed94c0899890bf998e082cb9d2c3d121e?s=96&d=mm&r=g","caption":"wolfsoftcompany"},"sameAs":["http:\/\/desteptati-va.ro"],"url":"https:\/\/desteptati-va.ro\/index.php\/author\/wolfsoftcompany\/"}]}},"_links":{"self":[{"href":"https:\/\/desteptati-va.ro\/index.php\/wp-json\/wp\/v2\/posts\/3439","targetHints":{"allow":["GET"]}}],"collection":[{"href":"https:\/\/desteptati-va.ro\/index.php\/wp-json\/wp\/v2\/posts"}],"about":[{"href":"https:\/\/desteptati-va.ro\/index.php\/wp-json\/wp\/v2\/types\/post"}],"author":[{"embeddable":true,"href":"https:\/\/desteptati-va.ro\/index.php\/wp-json\/wp\/v2\/users\/1"}],"replies":[{"embeddable":true,"href":"https:\/\/desteptati-va.ro\/index.php\/wp-json\/wp\/v2\/comments?post=3439"}],"version-history":[{"count":3,"href":"https:\/\/desteptati-va.ro\/index.php\/wp-json\/wp\/v2\/posts\/3439\/revisions"}],"predecessor-version":[{"id":4531,"href":"https:\/\/desteptati-va.ro\/index.php\/wp-json\/wp\/v2\/posts\/3439\/revisions\/4531"}],"wp:featuredmedia":[{"embeddable":true,"href":"https:\/\/desteptati-va.ro\/index.php\/wp-json\/wp\/v2\/media\/4529"}],"wp:attachment":[{"href":"https:\/\/desteptati-va.ro\/index.php\/wp-json\/wp\/v2\/media?parent=3439"}],"wp:term":[{"taxonomy":"category","embeddable":true,"href":"https:\/\/desteptati-va.ro\/index.php\/wp-json\/wp\/v2\/categories?post=3439"},{"taxonomy":"post_tag","embeddable":true,"href":"https:\/\/desteptati-va.ro\/index.php\/wp-json\/wp\/v2\/tags?post=3439"}],"curies":[{"name":"wp","href":"https:\/\/api.w.org\/{rel}","templated":true}]}}