{"id":3442,"date":"2021-04-13T10:10:23","date_gmt":"2021-04-13T10:10:23","guid":{"rendered":"http:\/\/desteptati.ro\/?p=3442"},"modified":"2021-04-13T10:10:23","modified_gmt":"2021-04-13T10:10:23","slug":"biografia-generalului-iulian-vlad","status":"publish","type":"post","link":"https:\/\/desteptati-va.ro\/index.php\/2021\/04\/13\/biografia-generalului-iulian-vlad\/","title":{"rendered":"BIOGRAFIA GENERALULUI IULIAN VLAD"},"content":{"rendered":"<div class=\"post-content\"><div class='booster-block booster-read-block'>\n                <div class=\"twp-read-time\">\n                \t<i class=\"booster-icon twp-clock\"><\/i> <span>Read Time:<\/span>31 Minute, 31 Second                <\/div>\n\n            <\/div>\r\n<p class=\"has-black-color has-text-color wp-block-paragraph\" style=\"font-size: 25px;\"><strong>IULIAN VLAD \u2013 UN ROM\u00c2N PROFESIONIST \u00ceN FRUNTEA SECURIT\u0102\u0162II<\/strong><\/p>\r\n\r\n\r\n\r\n\r\n\r\n<p class=\"has-drop-cap has-medium-font-size wp-block-paragraph\"><strong><span style=\"color: #ff0000;\">\u00a0\u201eDorim s\u0103 se cunoasc\u0103 faptul c\u0103 generalul-colonel (r) Vlad N. Iulian este singurul rom\u00e2n profesionist care a fost \u00een fruntea aparatului de informa\u0163ii \u015fi contrainforma\u0163ii al Rom\u00e2niei de la Eugen Cristescu \u00eencoace. Prin \u00eendrumarea \u015fi modul \u00een care a condus aparatul de securitate a demonstrat c\u0103 pe primul plan prevala interesul major al na\u0163iei \u015fi nicidecum al clicii ceau\u015fiste\u201d<\/span><a href=\"http:\/\/www.ziaristionline.ro\/2015\/02\/23\/biografia-generalului-iulian-vlad-un-roman-profesionist-in-fruntea-securitatii\/?fb_action_ids=1682247962002958&amp;fb_action_types=og.likes#_ftn1\">[1]<\/a>.<\/strong><\/p>\r\n\r\n\r\n\r\n<p class=\"has-black-color has-text-color has-medium-font-size wp-block-paragraph\"><strong>Cine parcurge cu aten\u0163ie acest text desprins dintr-un memoriu \u00eentocmit de un grup de ofi\u0163eri superiori din fostul Departament al Securit\u0103\u0163ii Statului, prin care se solicita \u00een august 1990 \u201eobiectivitate maxim\u0103 \u00een judecarea generalului Iulian Vlad\u201d, nu poate s\u0103 scape dou\u0103 aspecte esen\u0163iale. \u00cen primul r\u00e2nd faptul c\u0103 profesioni\u015fti ai institu\u0163iei (pentru c\u0103 au existat \u015fi din ace\u015ftia) \u00ee\u015fi asumau responsabilitatea \u2013 \u00eentr-o atmosfer\u0103 total ostil\u0103, \u00een care sintagma securi\u015fti-terori\u015fti r\u0103m\u0103sese \u00eenc\u0103 vie \u00een mentalul colectiv, din timpul revolu\u0163iei \u2013 de a atrage aten\u0163ia opiniei publice, cu c\u00e2teva zile \u00eenainte de \u00eenceperea proceselor intentate ultimului \u015fef al DSS, c\u0103 nu se dorea din partea lor nimic altceva dec\u00e2t o judecat\u0103 obiectiv\u0103, \u00een cadrul legii. Era o mare \u015fans\u0103 pentru regimul democratic, abia instaurat, de a p\u0103\u015fi cu dreptul, \u00een sensul c\u0103 principiile statului de drept puteau deveni realit\u0103\u0163i, \u015fi nicidecum simple sloganuri electorale, repetate p\u00e2n\u0103 la satura\u0163ie de noii politicieni. Acum, dup\u0103 ce au trecut mai bine de dou\u0103 decenii de la acel moment \u015fi putem privi evenimentele cu mai mult\u0103 luciditate, echilibru, deta\u015fare \u015fi obiectivitate, va trebui s\u0103 recunoa\u015ftem cu p\u0103rere de r\u0103u c\u0103 nu s-a \u0163inut cont de acest avertisment.<\/strong><\/p>\r\n\r\n\r\n\r\n<p class=\"has-black-color has-text-color has-medium-font-size wp-block-paragraph\"><strong>\u00cen al doilea r\u00e2nd, compara\u0163ia cu Eugen Cristescu nu este deloc \u00eent\u00e2mpl\u0103toare. Ea venea din partea unor profesioni\u015fti care cuno\u015fteau foarte bine destinul tragic al \u015fefului Serviciului Special de Informa\u0163ii din perioada regimului autoritar al guvern\u0103rii mare\u015falului Ion Antonescu \u015fi tocmai de aceea doreau ca istoria s\u0103 nu se mai repete \u00een p\u0103r\u0163ile ei negative. At\u00e2t Eugen Cristescu c\u00e2t \u015fi Iulian Vlad proveneau din familii de rom\u00e2ni plugari, cu o situa\u0163ie mai mult dec\u00e2t modest\u0103, urcaser\u0103 treptele ierarhiei profesionale p\u00e2n\u0103 la cel mai \u00eenalt nivel doar prin propriile lor calit\u0103\u0163i \u015fi realiz\u0103ri. Numai c\u0103 momentul \u00een care au accedat la func\u0163ia suprem\u0103 a institu\u0163iei s-a consumat \u00eentr-o conjunctur\u0103 politic\u0103 intern\u0103 \u015fi interna\u0163ional\u0103 extrem de tensionat\u0103. Dar \u015fi unul \u015fi cel\u0103lalt \u015fi-au asumat responsabilitatea comenzii cu g\u00e2ndul de a-\u015fi ajuta \u0163ara \u015fi cona\u0163ionalii \u00eentr-un moment de grea cump\u0103n\u0103. Din nefericire, am\u00e2ndoi au avut parte, \u00een cele din urm\u0103, de o judecat\u0103 politic\u0103, fiind supu\u015fi la umilin\u0163e nemeritate. Eugen Cristescu a fost acuzat \u00een a\u015fa-zisul \u201eproces al marii tr\u0103d\u0103ri na\u0163ionale\u201d pentru crime de r\u0103zboi \u015fi dezastrul \u0163\u0103rii, dar f\u0103r\u0103 ca s\u0103 se poat\u0103 aduce nici m\u0103car o singur\u0103 prob\u0103 \u00een sus\u0163inere<a href=\"http:\/\/www.ziaristionline.ro\/2015\/02\/23\/biografia-generalului-iulian-vlad-un-roman-profesionist-in-fruntea-securitatii\/?fb_action_ids=1682247962002958&amp;fb_action_types=og.likes#_ftn2\">[2]<\/a>. La r\u00e2ndul lui, Iulian Vlad a fost acuzat mai \u00eent\u00e2i de \u201egenocid\u201d, apoi de \u201ecomplicitate la genocid\u201d, ceea ce, de asemenea, n-a putut fi probat juridic, iar documentele \u201emicului proces al marii tr\u0103d\u0103rii na\u0163ionale\u201d \u2013 dup\u0103 expresia unei ziariste<a href=\"http:\/\/www.ziaristionline.ro\/2015\/02\/23\/biografia-generalului-iulian-vlad-un-roman-profesionist-in-fruntea-securitatii\/?fb_action_ids=1682247962002958&amp;fb_action_types=og.likes#_ftn3\">[3]<\/a> \u2013 stau m\u0103rturie. Eugen Cristescu a fost considerat de ziari\u015fti interesa\u0163i ai vremii ca fiind \u015feful Gestapoului rom\u00e2n<a href=\"http:\/\/www.ziaristionline.ro\/2015\/02\/23\/biografia-generalului-iulian-vlad-un-roman-profesionist-in-fruntea-securitatii\/?fb_action_ids=1682247962002958&amp;fb_action_types=og.likes#_ftn4\">[4]<\/a>, iar Iulian Vlad comparat, nici mai mult nici mai pu\u0163in cu Kaltenbrunner<a href=\"http:\/\/www.ziaristionline.ro\/2015\/02\/23\/biografia-generalului-iulian-vlad-un-roman-profesionist-in-fruntea-securitatii\/?fb_action_ids=1682247962002958&amp;fb_action_types=og.likes#_ftn5\">[5]<\/a>. Fostul \u015fef al SSI-ului a fost condamnat la moarte, sentin\u0163a fiindu-i comutat\u0103 ulterior la \u00eenchisoare grea pe via\u0163\u0103, iar Iulian Vlad la 14 ani \u00eenchisoare \u015fi degradare militar\u0103. Spre deosebire de Eugen Cristescu \u2013 care a decedat \u00een temni\u0163\u0103 \u2013 Iulian Vlad a supravie\u0163uit deten\u0163iei. Dar nu acest aspect mai are importan\u0163\u0103 \u00een judecarea istoriei ci faptul c\u0103 mai exist\u0103 un element de asem\u0103nare, aproape p\u00e2n\u0103 la identitate, \u00eentre cei doi. Este vorba despre pozi\u0163ia lor fa\u0163\u0103 de factorul de decizie suprem\u0103 \u00een stat. Am\u00e2ndoi \u015fi-au dovedit loialitatea, Cristescu fa\u0163\u0103 de Ion Antonescu, Vlad fa\u0163\u0103 de Nicolae Ceau\u015fescu, doar p\u00e2n\u0103 la un punct. Meritul lor istoric este c\u0103 au \u00een\u0163eles foarte bine care este limita loialit\u0103\u0163ii: interesele poporului rom\u00e2n. F\u0103r\u0103 s\u0103 tr\u0103deze ori s\u0103 treac\u0103 de partea cealalt\u0103 a baricadei, datoria lor a fost de a asigura continuitatea institu\u0163iei. Este o regul\u0103 nescris\u0103 a frontului secret \u015fi un principiu fundamental respectat de mai toate institu\u0163iile similare din toate statele. \u015ei aceasta pentru c\u0103 \u00een situa\u0163ii de pr\u0103bu\u015firi inerente ale unui regim politic, continuitatea na\u0163ional-statal\u0103 se realizeaz\u0103 prin conservarea a tot ceea ce a fost preponderent pozitiv \u00een activitatea acelor institu\u0163ii care asigur\u0103 sistemul imunitar al statului \u015fi a na\u0163iunii (armata \u015fi serviciile de informa\u0163ii \u015fi securiate).<\/strong><\/p>\r\n\r\n\r\n\r\n<p class=\"has-black-color has-text-color wp-block-paragraph\" style=\"font-size: 19px;\"><strong>Iat\u0103 \u015fi motivul pentru care personalitatea generalului Iulian Vlad trebuie s\u0103-\u015fi g\u0103seasc\u0103 locul \u00een orice diserta\u0163ie istoric\u0103 dedicat\u0103 serviciilor secrete rom\u00e2ne\u015fti. A face altfel \u00eenseamn\u0103 a l\u0103sa premeditat un loc gol, care, al\u0103turi de alte mistere \u015fi enigme, precum \u015fi de o sumedenie de controverse, inerente domeniului, ar putea fi echivalent\u0103 cu o falsificare a istoriei. Prin urmare, nu este vorba de o \u00eencercare de reabilitare, ci pur \u015fi simplu de un demers analitic bazat pe surse memorialistice \u015fi documentare, at\u00e2t c\u00e2t au fost accesibile \u00een actualul stadiu al cercet\u0103rii.<\/strong><\/p>\r\n\r\n\r\n\r\n<p class=\"has-black-color has-text-color has-large-font-size wp-block-paragraph\"><span style=\"color: #ff0000;\"><strong>De la \u00eenv\u0103\u0163\u0103tor la \u015fef al Securit\u0103\u0163ii<\/strong><\/span><\/p>\r\n\r\n\r\n\r\n<p class=\"has-black-color has-text-color has-medium-font-size wp-block-paragraph\" style=\"font-size: 19px;\"><strong>A\u015fadar, cine a fost Iulian Vlad \u015fi de ce a intrat, \u00een contextul evenimentelor din decembrie 1989, \u00een contradic\u0163ie cu revolu\u0163ionarii, nu cu cei din strad\u0103, ci cu cei \u201ede profesie\u201d, adic\u0103 cu acei activi\u015fti ai PCR, mai vechi sau mai noi, care au preluat puterea imediat dup\u0103 fuga cuplului dictatorial? Vom \u00eencerca \u00een continuare o sintez\u0103 a datelor \u015fi informa\u0163iilor oferite de mass-media rom\u00e2neasc\u0103 postdecembrist\u0103 la care am ad\u0103ugat propria investiga\u0163ie, ce vine s\u0103 introduc\u0103 \u00een circuitul \u015ftiin\u0163ific o serie de informa\u0163ii \u015fi documente r\u0103mase p\u00e2n\u0103 acum inedite.<\/strong><\/p>\r\n\r\n\r\n\r\n<p class=\"has-black-color has-text-color has-medium-font-size wp-block-paragraph\" style=\"font-size: 19px;\">I<strong>ulian Vlad s-a n\u0103scut la 23 februarie 1931 \u00een satul Gogo\u015fi\u0163a, din jude\u0163ul Dolj. Clasele primare le-a absolvit la \u015fcoala din comuna natal\u0103, dup\u0103 care a urmat cursurile Liceului Gheorghe Chi\u0163u din Craiova. Provine dintr-o familie modest\u0103 de agricultori, oameni harnici \u015fi cu credin\u0163a \u00een Dumnezeu. Mama sa, Eugenia, fusese crescut\u0103 de patru mame vitrege. Tat\u0103l s\u0103u, Nicolae, \u00een tinere\u0163e c\u00e2nt\u0103re\u0163 bisericesc, apoi perceptor \u015fi inspector financiar, a luptat ca militar \u00een termen pe Frontul de Est \u00een al doilea r\u0103zboi mondial. Dup\u0103 zece ani de prizonierat \u00een URSS s-a \u00eentors acas\u0103, \u00een momentul c\u00e2nd b\u0103iatul cel mare, Iulian, era deja elev \u00een anul doi de liceu.<\/strong><\/p>\r\n\r\n\r\n\r\n<p class=\"has-black-color has-text-color has-medium-font-size wp-block-paragraph\" style=\"font-size: 19px;\"><strong>Iat\u0103 cum descrie ziaristul Constantin Preda casa generalului Iulian Vlad din satul natal, pe care a vizitat-o \u00een noiembrie 1990, acolo unde nu se mai afla dec\u00e2t mama sa Eugenia, \u00een v\u00e2rst\u0103 de 78 de ani, la acea dat\u0103: \u201eEste o cas\u0103 simpl\u0103 de \u0163ar\u0103. Modest\u0103 chiar. Nici vorb\u0103 de acareturi, de avere sau de vreun picior de palat. \u00cen\u0103untru e o atmosfer\u0103 ap\u0103s\u0103toare, aproape de doliu, o melopee nesf\u00e2r\u015fit\u0103. Pere\u0163ii casei sunt v\u0103rui\u0163i \u00een alb. Undeva, \u00eentr-un col\u0163, o ma\u015fin\u0103 veche de cusut (marca Singer), pe mas\u0103 un ceasornic vechi parc\u0103 \u015fi el de c\u00e2nd lumea, apoi un calendar bisericesc, un ulcior minuscul de ap\u0103, c\u00e2teva macaturi decolorate de vreme, o pictur\u0103 naiv\u0103 (gen Ghi\u0163\u0103 Mitr\u0103chi\u0163\u0103) \u015fi, \u00een rest, fotografii, fotografii ale generalului, \u00een aproape toate ipostazele. \u2026 Pe l\u00e2ng\u0103 lucruri mai vechi, aproape de neluat \u00een seam\u0103 [se mai afl\u0103] o etajer\u0103 cu c\u0103r\u0163i pr\u0103fuite (Voltaire, Balzac, Aristotel, Gorki, Tolstoi, Z. Stancu, M. Preda etc.), almanahuri, tratate de pedagogie\u201d<a href=\"http:\/\/www.ziaristionline.ro\/2015\/02\/23\/biografia-generalului-iulian-vlad-un-roman-profesionist-in-fruntea-securitatii\/?fb_action_ids=1682247962002958&amp;fb_action_types=og.likes#_ftn6\">[6]<\/a>.<\/strong><\/p>\r\n\r\n\r\n\r\n<p class=\"has-black-color has-text-color wp-block-paragraph\" style=\"font-size: 19px;\"><strong>Mama sa, Eugenia, \u00ee\u015fi amintea c\u0103 \u00een copil\u0103rie \u015fi adolescen\u0163\u0103, fiul ei, Iulian, era \u201emai mult timid \u015fi nu era r\u0103ut\u0103cios cu nimeni. Nu s-a r\u0103zbunat niciodat\u0103 pe nimeni. \u00cei pl\u0103cea s\u0103 citeasc\u0103 \u015fi, la \u015fcoal\u0103, la Craiova, a fost mereu premiant\u201d<a href=\"http:\/\/www.ziaristionline.ro\/2015\/02\/23\/biografia-generalului-iulian-vlad-un-roman-profesionist-in-fruntea-securitatii\/?fb_action_ids=1682247962002958&amp;fb_action_types=og.likes#_ftn7\">[7]<\/a>.<\/strong><\/p>\r\n\r\n\r\n\r\n<p class=\"has-black-color has-text-color wp-block-paragraph\" style=\"font-size: 19px;\"><strong>Locuitorii satului Gogo\u015fi\u0163a, acolo unde \u201ep\u00e2n\u0103 \u015fi st\u00e2lpii de telegraf au o nostalgie a lor\u201d, prietenii din copil\u0103rie p\u0103strau \u00eenc\u0103 \u00een memorie amintiri interesante despre Iulian Vlad. Victor Marin, fost brigadier la CAP spunea: \u201eEu \u00eel cunosc pe domnul general de prin \u201936, de c\u00e2nd p\u0103\u015fteam oile cu el. A fost un b\u0103iat cinstit, nu i-a pl\u0103cut niciodat\u00e2 s\u0103 se ia la har\u0163\u0103 cu nimeni, cum se mai \u00eent\u00e2mpla pe atunci. \u2026 I-a pl\u0103cut mult cartea \u2026 p\u00e2n\u0103 \u015fi cu copiii st\u0103tea de vorb\u0103. Barem pe b\u0103tr\u00e2ni \u00eei respecta de pomenire. C\u00e2nd venea acas\u0103, \u00eei lua pe taic\u0103-s\u0103u \u015fi pe nevast\u0103-sa \u015fi se ducea cu ei \u2026 pe dealul unde a copil\u0103rit. Sau dac\u0103, de exemplu, venea careva la el acas\u0103, niciodat\u0103 ai lui nu spuneau c\u0103 nu este acolo, ci, dimpotriv\u0103, \u00eei primea pe to\u0163i cu mare omenie. Nu numai cu mine s-a purtat frumos, ci cu tot satul\u201d<a href=\"http:\/\/www.ziaristionline.ro\/2015\/02\/23\/biografia-generalului-iulian-vlad-un-roman-profesionist-in-fruntea-securitatii\/?fb_action_ids=1682247962002958&amp;fb_action_types=og.likes#_ftn8\">[8]<\/a>.<\/strong><\/p>\r\n\r\n\r\n\r\n<p class=\"has-black-color has-text-color has-medium-font-size wp-block-paragraph\" style=\"font-size: 19px;\"><strong>Un alt cons\u0103tean, Ion Marin, \u00ee\u015fi aducea \u015fi el aminte: \u201eTot la fel, am copil\u0103rit \u015fi eu cu dl general, \u015fi el \u015fi sora sa au fost oameni cumin\u0163i. C\u00e2nd tat\u0103l dumisale a fost prizonier \u00een Rusia, el, mic a\u015fa cum era, a \u0163inut rosturile casei. Parc\u0103 \u00eemi amintesc, avea chiar \u015fi un car cu boi. \u2026 S\u0103-l fi v\u0103zut descul\u0163, prin m\u0103r\u0103cini, duc\u00e2nd oile de la spate. Pe atunci erau alte vremuri. Eu, p\u00e2n\u0103 pe la 16 ani, aveam o c\u0103ma\u015f\u0103 lung\u0103 de \u00eemi ajungea p\u00e2n\u0103 la c\u0103lc\u00e2ie. Ne zicea \u00eentotdeauna: \u00abM\u0103i fra\u0163ilor, s\u0103 fi\u0163i cumin\u0163i \u015fi cinsti\u0163i!\u00bb\u201d<a href=\"http:\/\/www.ziaristionline.ro\/2015\/02\/23\/biografia-generalului-iulian-vlad-un-roman-profesionist-in-fruntea-securitatii\/?fb_action_ids=1682247962002958&amp;fb_action_types=og.likes#_ftn9\">[9]<\/a>.<\/strong><\/p>\r\n\r\n\r\n\r\n<p class=\"has-black-color has-text-color has-medium-font-size wp-block-paragraph\" style=\"font-size: 19px;\"><strong>Dup\u0103 terminarea studiilor liceale, Iulian Vlad s-a \u00eenscris la Institutul Pedagogic din Bucure\u015fti, pe care l-a absolvit cu rezultate foarte bune. A activat apoi, pentru o scurt\u0103 perioad\u0103, ca \u00eenv\u0103\u0163\u0103tor la o \u015fcoal\u0103 general\u0103, dup\u0103 care a fost chemat s\u0103-\u015fi satisfac\u0103 stagiul militar. \u00cencep\u00e2nd cu data de 1 mai 1952 a fost \u00eencadrat ca ofi\u0163er activ, cu gradul de sublocotenent, \u00een Ministerul de Interne. Ulterior a absolvit \u015fi Facultatea de drept din Universitatea bucure\u015ften\u0103.<\/strong><\/p>\r\n\r\n\r\n\r\n<p class=\"has-black-color has-text-color has-medium-font-size wp-block-paragraph\" style=\"font-size: 19px;\"><strong>Din cei 37 de ani c\u00e2t a lucrat ne\u00eentrerupt \u00een Ministerul de Interne, 25 a activat exclusiv \u00een domeniul \u00eenv\u0103\u0163\u0103m\u00e2ntului, urc\u00e2nd treapt\u0103 cu treapt\u0103 \u201ede la simplu ofi\u0163er direc\u0163ionar\u201d la \u015fef de birou, \u015fef de sec\u0163ie, \u015fef de serviciu, loc\u0163iitor \u015fef de direc\u0163ie, p\u00e2n\u0103 la func\u0163ia de \u015fef al Direc\u0163iei \u00cenv\u0103\u0163\u0103m\u00e2nt, denumit\u0103 ulterior \u015fi Direc\u0163ia Central\u0103 de Cadre \u015fi \u00cenv\u0103\u0163\u0103m\u00e2nt. Timp de trei ani (1975\u20131977) a \u00eendeplinit \u015fi func\u0163ia de comandant al \u015ecolii Militare de ofi\u0163eri activi a Ministerului de Interne de la B\u0103neasa, unde a predat cursul de drept<a href=\"http:\/\/www.ziaristionline.ro\/2015\/02\/23\/biografia-generalului-iulian-vlad-un-roman-profesionist-in-fruntea-securitatii\/?fb_action_ids=1682247962002958&amp;fb_action_types=og.likes#_ftn10\">[10]<\/a>. \u00cen toat\u0103 aceast\u0103 perioad\u0103, dup\u0103 cum singur a m\u0103rturisit cu modestie, s-a remarcat \u201emai mult \u00een plan teoretic, al preg\u0103tirii \u015fi realiz\u0103rii convoc\u0103rilor de \u00eenv\u0103\u0163\u0103m\u00e2nt \u015fi instruire, al elabor\u0103rii unor materiale de sintez\u0103 \u015fi bilan\u0163\u201d<a href=\"http:\/\/www.ziaristionline.ro\/2015\/02\/23\/biografia-generalului-iulian-vlad-un-roman-profesionist-in-fruntea-securitatii\/?fb_action_ids=1682247962002958&amp;fb_action_types=og.likes#_ftn11\">[11]<\/a>.<\/strong><\/p>\r\n\r\n\r\n\r\n<p class=\"has-black-color has-text-color has-medium-font-size wp-block-paragraph\" style=\"font-size: 19px;\"><strong>\u00cen schimb, cei care l-au cunoscut mai \u00eendeaproape \u015fi au lucrat al\u0103turi de el, fac referiri la o serie de calit\u0103\u0163i cu care s-a impus: curajul, patriotismul, modestia, cinstea, corectitudinea, onoarea militar\u0103, exigen\u0163a fa\u0163\u0103 de subordona\u0163i. Dar, ca orice \u015fef al unei institu\u0163ii care \u00ee\u015fi desf\u0103\u015foar\u0103 activitatea \u00een spiritul, litera \u015fi uneori chiar la limita legii, generalul Iulian Vlad a f\u0103cut \u015fi gre\u015feli, alteori a dat dovad\u0103 de conservatorism \u015fi imobilism \u00een rezolvarea unor cazuri mai deosebite. De aici \u015fi percep\u0163ia diferit\u0103 \u00een r\u00e2ndul subordona\u0163ilor.<\/strong><\/p>\r\n\r\n\r\n\r\n<p class=\"has-black-color has-text-color has-medium-font-size wp-block-paragraph\" style=\"font-size: 19px;\"><strong>\u00cen anul 1984 generalul Iulian Vlad a fost promovat adjunct de ministru cu acelea\u015fi atribu\u0163ii, iar din octombrie 1987 p\u00e2n\u0103 \u00een decembrie 1989 l-a \u00eenlocuit pe Tudor Postelnicu la \u015fefia DSS, \u00een rang de ministru secretar de stat<a href=\"http:\/\/www.ziaristionline.ro\/2015\/02\/23\/biografia-generalului-iulian-vlad-un-roman-profesionist-in-fruntea-securitatii\/?fb_action_ids=1682247962002958&amp;fb_action_types=og.likes#_ftn14\">[14]<\/a>. Numirea \u00eentr-o asemenea func\u0163ie s-a f\u0103cut \u00eentr-un moment \u00een care institu\u0163ia era total discreditat\u0103 \u00een fa\u0163a conducerii superioare de partid \u015fi de stat: tr\u0103d\u0103ri dup\u0103 tr\u0103d\u0103ri (nu mai pu\u0163in de 3o de ofi\u0163eri din structurile de informa\u0163ii externe care dezertaser\u0103 \u00een timpul misiunii, cer\u00e2nd azil politic \u00een Occident), la care se ad\u0103uga o deprofesionalizare aproape generalizat\u0103 a ofi\u0163erilor de informa\u0163ii at\u00e2t din structurile externe c\u00e2t \u015fi din cele interne, datorat\u0103 ingerin\u0163elor ori preten\u0163iilor tot mai aberante ale cuplului dictatorial. Din nefericire pentru el, \u00een timpul celor doi ani petrecu\u0163i \u00een fruntea DSS-ului, generalul Iulian Vlad n-a putut s\u0103 \u00eendrepte o asemena situa\u0163ie, aspect recunoscut cu obiectivitate chiar \u00een \u201e\u015fedin\u0163a de analiz\u0103 \u015fi comunic\u0103ri de ordine\u201d, din ziua de 31 octombrie 1989, c\u00e2nd, de fa\u0163\u0103 cu \u015fefii unit\u0103\u0163ilor centrale de securitate, a precizat c\u0103 \u201eunul din du\u015fmanii cei mai mari este munca noastr\u0103 slab\u0103, \u00een mare parte ineficient\u0103\u201d<a href=\"http:\/\/www.ziaristionline.ro\/2015\/02\/23\/biografia-generalului-iulian-vlad-un-roman-profesionist-in-fruntea-securitatii\/?fb_action_ids=1682247962002958&amp;fb_action_types=og.likes#_ftn15\">[15]<\/a>. Iat\u0103 deci atest\u0103ri documentare care vin s\u0103 demonstreze, f\u0103r\u0103 putin\u0163\u0103 de t\u0103gad\u0103, c\u0103 \u00een realitate, Securitatea, acea temut\u0103 sau diabolic\u0103 \u201egard\u0103 pretorian\u0103\u201d \u2013 ca s\u0103 folosim expresia unui reputat scriitor \u015fi jurnalist<a href=\"http:\/\/www.ziaristionline.ro\/2015\/02\/23\/biografia-generalului-iulian-vlad-un-roman-profesionist-in-fruntea-securitatii\/?fb_action_ids=1682247962002958&amp;fb_action_types=og.likes#_ftn16\">[16]<\/a> \u2013, nu mai era dec\u00e2t o institu\u0163ie care tr\u0103ia prin faima cruzimilor din anii \u201950 \u015fi pentru care cea mai grav\u0103 amenin\u0163are nu o reprezenta nici \u201eimperialismul occidental\u201d, nici \u201euneltirile reac\u0163ionarulor ori a elementelor declasate din interior\u201d ci pur \u015fi simplu <em>ineficien\u0163a propriei activit\u0103\u0163i<\/em>.<\/strong><\/p>\r\n\r\n\r\n\r\n<p class=\"has-black-color has-text-color has-medium-font-size wp-block-paragraph\" style=\"font-size: 19px;\"><strong>De pild\u0103, un absolvent al \u015ecolii de ofi\u0163eri de la B\u0103neasa, Aurel Preda, \u00ee\u015fi amintea \u015fi un episod din perioada evenimentelor provocate de cutremurul din 4 martie 1977: \u201e\u00cen acea perioad\u0103, eram elev la fosta \u015ecoal\u0103 militar\u0103 de ofi\u0163eri a Ministerului de Interne B\u0103neasa, Bucure\u015fti, arma mili\u0163ie, comandant fiind generalul Vlad Iulian. Momentul producerii cutremurului l-a surprins pe fostul comandant al \u015fcolii \u00een zona Aeroportului B\u0103neasa \u00een timp ce se \u00eendrepta spre locuin\u0163a sa. D\u00e2ndu-\u015fi seama de greaua cump\u0103n\u0103 prin care trec locuitorii Capitalei, fostul comandant s-a g\u00e2ndit la popor, la onoarea de militar cu care a fost investit, \u00eentorc\u00e2ndu-se imediat \u00een \u015fcoal\u0103 pentru a alarma, mobiliza \u015fi deplasa efectivele \u015fcolii \u00een Bucure\u015fti pentru salvarea de vie\u0163i omene\u015fti, asigurarea ordinii \u015fi lini\u015ftii publice, paza unor obiective grav afectate. \u00cemi amintesc cu emo\u0163ie de cuvintele rostite de fostul comandant, generalul Iulian Vlad, venit imediat \u00een \u015fcoal\u0103: \u00abCopii, poporul rom\u00e2n tr\u0103ie\u015fte un eveniment tragic, de curajul b\u0103rb\u0103\u0163ia \u015fi spiritul de sacrificiu de care dumneavoastr\u0103 trebuie s\u0103 da\u0163i dovad\u0103, depind salvarea multor vie\u0163i omene\u015fti aflate sub d\u0103r\u00e2m\u0103turi. S\u0103 nu uita\u0163i nici un moment jur\u0103m\u00e2ntul dat fa\u0163\u0103 de \u0163ar\u0103\u00bb. \u00cen haosul ce domnea \u00een acele momente \u00een Capital\u0103, fostul comandant a ordonat mobilizarea rapid\u0103, reu\u015find ca \u00eentr-un timp foarte scurt, elevii \u015fi cadrele s\u0103 fie prezente acolo unde era nevoie de ei. \u00cen zilele \u015fi nop\u0163ile tragice ce au urmat, efectivele \u015fcolii, \u00een fruntea c\u0103reia se afla generalul Iulian Vlad, \u015fi-au f\u0103cut datoria cu prisosin\u0163\u0103\u201d<a href=\"http:\/\/www.ziaristionline.ro\/2015\/02\/23\/biografia-generalului-iulian-vlad-un-roman-profesionist-in-fruntea-securitatii\/?fb_action_ids=1682247962002958&amp;fb_action_types=og.likes#_ftn12\">[12]<\/a>.<\/strong><\/p>\r\n\r\n\r\n\r\n<p class=\"has-black-color has-text-color has-medium-font-size wp-block-paragraph\" style=\"font-size: 19px;\"><strong>Din vara anului 1977, generalul Iulian Vlad a fost numit \u00een func\u0163ia de secretar de stat la Ministerul de Interne, cu atribu\u0163ii specifice \u00een coordonarea structurilor de contraspionaj. Se pare c\u0103 imediat dup\u0103 aceast\u0103 promovare s-a confruntat cu un caz mai deosebit, soldat cu greve consecin\u0163e at\u00e2t pentru prestigiul institu\u0163iei c\u00e2t \u015fi pentru cariera \u015fi chiar via\u0163a unor ofi\u0163eri de securitate. Colonelul (r) I.T. C\u0103rbunescu, ce activase \u00een structurile de contraspionaj, a dezv\u0103luit presei, postdecembriste c\u0103 generalul Iulian Vlad ar fi dovedit, \u00een acest caz, inabilitate, oportunism \u015fi chiar rea credin\u0163\u0103, p\u00e2n\u0103 la complicitate cu spionajul str\u0103in. Ofi\u0163erul poveste\u015fte c\u0103 \u00een 1979 \u2013 deci pe vremea c\u00e2nd Iulian Vlad era adjunctul lui Tudor Postelnicu la conducerea DSS \u2013 , i s-a prezentat \u201eun caz suspect de tr\u0103dare f\u0103r\u0103 precedent \u00een istoria \u0163\u0103rii, chiar din interiorul CPEX\u201d, ulterior stabilindu-se c\u0103 respectivul demnitar \u0163inea o leg\u0103tur\u0103 impersonal\u0103 cu un ata\u015fat militar acreditat la Bucure\u015fti. Ini\u0163ial, generalul Iulian Vlad, a \u00een\u0163eles corect gravitatea situa\u0163iei, fiind hot\u0103r\u00e2t s\u0103 ac\u0163ioneze pentru anihilarea tr\u0103d\u0103torului. Ulterior \u015fi-ar fi schimbat optica, acredit\u00e2nd ideea c\u0103 s-ar afla \u00een fa\u0163a unei ac\u0163iuni, nu de spionaj, ci de compromitere a unui cadru de valoare din conducerea partidului. De aici \u015fi m\u0103surile ordonate pentru \u201esabotarea a tot ceea ce a putut crea mai bun contraspionajul \u00een elucidarea acestui caz\u201d. Din punctul de vedere al colonelului C\u0103rbunescu, consecin\u0163ele atitudinii generalului Vlad ar fi fost grave, nu numai \u00een evolu\u0163ia periculoas\u0103 a situa\u0163iei operative din acel timp, prin \u201emu\u015famalizarea afacerii\u201d, ci \u015fi prin crearea unor nedumeriri \u015fi \u00eengrijor\u0103ri \u00een r\u00eendul generalilor \u015fi ofi\u0163erilor de securitate cu responsabilit\u0103\u0163i \u00een domeniul contrasponajului. La fel de grav este considerat \u015fi faptul c\u0103 trei dintre ofi\u0163erii implica\u0163i \u00een acest caz au fost trecu\u0163i \u00een rezerv\u0103, unul internat \u00eentr-un spital la sec\u0163ia de neuropsihiatrie, iar altul decedat \u00een condi\u0163ii suspecte \u2013 \u00een concediu -, \u201efiind pescuit asfixiat din apa M\u0103rii Negre, l\u0103s\u00e2nd doi orfani minori\u201d<a href=\"http:\/\/www.ziaristionline.ro\/2015\/02\/23\/biografia-generalului-iulian-vlad-un-roman-profesionist-in-fruntea-securitatii\/?fb_action_ids=1682247962002958&amp;fb_action_types=og.likes#_ftn13\">[13]<\/a>.<\/strong><\/p>\r\n\r\n\r\n\r\n<p class=\"has-black-color has-text-color has-large-font-size wp-block-paragraph\"><span style=\"color: #ff0000;\"><strong>\u201eDe data asta noi l-am salvat pe nebun\u201d<\/strong><\/span><\/p>\r\n\r\n\r\n\r\n<p class=\"has-black-color has-text-color has-medium-font-size wp-block-paragraph\" style=\"font-size: 19px;\"><strong>Doar la c\u00e2teva s\u0103pt\u0103m\u00e2ni dup\u0103 ce a preluat conducerea DSS, generalul Iulian Vlad s-a confruntat cu revolta muncitorilor bra\u015foveni, din 15 noiembrie 1987, pe care a caracterizat-o ca fiind \u201eo treab\u0103 spontan\u0103, dar bine f\u0103cut\u0103, f\u0103r\u0103 amestec str\u0103in\u201d<a href=\"http:\/\/www.ziaristionline.ro\/2015\/02\/23\/biografia-generalului-iulian-vlad-un-roman-profesionist-in-fruntea-securitatii\/?fb_action_ids=1682247962002958&amp;fb_action_types=og.likes#_ftn17\">[17]<\/a>. Coroborarea unor informa\u0163ii ob\u0163inute de la fo\u015fti ofi\u0163eri de securitate implica\u0163i \u00een acele evenimente, care au dorit s\u0103-\u015fi p\u0103streze anonimatul, cu datele deja publicate ne dezv\u0103luie c\u00e2teva aspecte interesante pentru istoriografie. Astfel, dup\u0103 o \u00een\u0163elegere tacit\u0103 cu generalul Iulian Vlad, colonelul Dumitru N\u0103t\u0103le\u0163u \u2013 \u015feful Securit\u0103\u0163ii jude\u0163ene Bra\u015fov \u2013 ar fi \u201eocolit\u201d ordinul transmis de ministrul de Interne, Tudor Postelnicu, prin care se ceruse interven\u0163ia \u00een for\u0163\u0103 \u015fi folosirea mijloacelor represive contra \u201eelementelor declasate\u201d. Ca urmare, ofi\u0163erii de securitate s-au m\u0103rginit doar la m\u0103suri strict informative pentru a calma spiritele \u015fi a-i depista pe liderii \u015fi \u201eelementele mai active\u201d din r\u00e2ndurile protestatarilor. Din totalul celor aresta\u0163i, doar 10-15 muncitori bra\u015foveni au fost trimi\u015fi \u00een fa\u0163a justi\u0163iei, fiind acuza\u0163i de \u201etulburare a lini\u015ftii publice\u201d, \u015fi primind pedepse mai mult \u201esimbolice\u201d, cu executarea la locul de munc\u0103. \u015ei toate acestea datorit\u0103 lui Nicolae Ceau\u015fescu, care \u201enu putea s\u0103 accepte ideea c\u0103 are \u00een \u0163ar\u0103 opozi\u0163ie\u201d chiar din r\u00e2ndul muncitorilor, dup\u0103 cum a m\u0103rturisit Iulian Vlad<a href=\"http:\/\/www.ziaristionline.ro\/2015\/02\/23\/biografia-generalului-iulian-vlad-un-roman-profesionist-in-fruntea-securitatii\/?fb_action_ids=1682247962002958&amp;fb_action_types=og.likes#_ftn18\">[18]<\/a>.<\/strong><\/p>\r\n\r\n\r\n\r\n<p class=\"has-black-color has-text-color has-medium-font-size wp-block-paragraph\" style=\"font-size: 19px;\"><strong>Pentru evenimentele de la Bra\u015fov s-a g\u0103sit \u015fi un \u201eacar P\u0103un\u201d. Cel sacrificat, colonelul N\u0103t\u0103le\u0163u, a fost imediat schimbat din func\u0163ie \u015fi amenin\u0163at cu Tribunalul Militar de c\u0103tre Tudor Postelnicu. Subtil, Iulian Vlad a st\u0103ruit pe l\u00e2ng\u0103 ministrul de Interne, c\u0103 o astfel de solu\u0163ie nu era deloc oportun\u0103, mai ales \u00een acel context. Exista \u00eentr-adev\u0103r riscul de a se crea o stare de nemul\u0163umire, de data aceasta \u00een r\u00e2ndul ofi\u0163erilor de securitate care lucrau \u00een domeniul contrainforma\u0163iilor interne. Ace\u015ftia \u2013 \u015fi e vorba \u00eenspecial de cei care se implicaser\u0103 \u00een lini\u015ftirea muncitorilor protestatari \u2013 se considerau nevinova\u0163i. Evenimentele izbucniser\u0103 de la un conflict de munc\u0103 real \u2013 int\u00e2rzierea din partea conducerii uzinei Tractorul de a le achita salaria\u0163ilor drepturile b\u0103ne\u015fti sub motiva\u0163ia unor restan\u0163e \u00een planul de produc\u0163ie<a href=\"http:\/\/www.ziaristionline.ro\/2015\/02\/23\/biografia-generalului-iulian-vlad-un-roman-profesionist-in-fruntea-securitatii\/?fb_action_ids=1682247962002958&amp;fb_action_types=og.likes#_ftn19\">[19]<\/a>. Ofi\u0163erii de securitate dovediser\u0103 inteligen\u0163\u0103, \u00een sensul c\u0103 g\u0103siser\u0103 metode mai eficiente pentru normalizarea situa\u0163iei dec\u00e2t cele represive ordonate de ministrul de Interne. Majoritatea dintre ei r\u0103m\u0103seser\u0103 convin\u015fi c\u0103 orice inabilitate din partea lor, mai ales recurgerea la for\u0163\u0103, putea avea urm\u0103ri grave at\u00e2t pentru regimul politic, c\u00e2t \u015fi pentru institu\u0163ia Securit\u0103\u0163ii statului. Nu este exclus ca acesta s\u0103 fi fost \u015fi motivul real pentru care CC al PCR nu a f\u0103cut o analiz\u0103 asupra evenimentelor de la Bra\u015fov din noiembrie 1987. \u00cen schimb, conducerea DSS, personal generalul Iulian Vlad a formulat c\u00e2teva concluzii expuse \u00een \u015fedin\u015fa anual\u0103 de bilan\u0163 \u015fi materializate \u00een actualizarea Ordinului 02600, privind p\u0103strarea ordinii publice<a href=\"http:\/\/www.ziaristionline.ro\/2015\/02\/23\/biografia-generalului-iulian-vlad-un-roman-profesionist-in-fruntea-securitatii\/?fb_action_ids=1682247962002958&amp;fb_action_types=og.likes#_ftn20\">[20]<\/a>. De asemenea, din ordinul \u015fefului DSS, colonelul Dumitru N\u0103t\u0103le\u0163u a fost transferat ca simplu lucr\u0103tor la compartimentul Arhive din cadrul Centrului de Informatic\u0103 \u015fi Documentare, iar dup\u0103 c\u00e2teva luni a ie\u015fit la pensie. \u00cen discu\u0163iile cu tinerii ofi\u0163eri de la compartimentul Arhiv\u0103, colonelul N\u0103t\u0103le\u0163u a sc\u0103pat la un moment dat afirma\u0163ia c\u0103 \u201ede data asta noi l-am salvat pe nebun, dar dac\u0103 se vor mai repeta evenimentele de la Bra\u015fov, n-o s-o mai fac\u0103 nimeni\u201d. Tem\u0103tori \u015fi suspicio\u015fi, ca nu cumva s\u0103 fie pu\u015fi \u00een fa\u0163a unei provoc\u0103ri, cei care au auzit aceast\u0103 afirma\u0163ie s-au f\u0103cut c\u0103 nu \u00een\u0163eleg despre ce nebun era vorba. Dac\u0103 \u015fi-ar fi dovedit curiozitatea puteau risca, ulterior, o confruntare cu organele de contrainforma\u0163ii, ceea ce desigur c\u0103 nimeni nu-\u015fi putea dori. Abia \u00een timpul evenimentelor din decembrie 1989 \u015fi-au adus aminte de aceste vorbe, \u00een\u0163eleg\u00e2ndu-le t\u00e2lcul. Oricum, prin felul \u00een care a ac\u0163ionat pentru lini\u015ftirea spiritelor dup\u0103 evenimentele de la Bra\u015fov, \u00een ciuda faptului c\u0103 a fost nevoit s\u0103 sacrifice un ofi\u0163er de valoare, generalul Iulian Vlad a c\u00e2\u015ftigat de partea sa \u00eencrederea majorit\u0103\u0163ii ofi\u0163erilor de securitate, mai vechi sau mai noi, aspect extrem de important pentru confruntarea ce avea s\u0103 urmeze \u00een decembrie 1989.<\/strong><\/p>\r\n\r\n\r\n\r\n<p class=\"has-black-color has-text-color has-medium-font-size wp-block-paragraph\" style=\"font-size: 19px;\"><strong>Exist\u0103 \u00eens\u0103 \u015fi m\u0103rturia unui revolu\u0163ionar bra\u015fovean, potrivit c\u0103reia, dup\u0103 evenimente, \u00een timpul anchetelor, ar fi fost b\u0103tut la t\u0103lpi cu b\u00e2ta chiar de generalul Iulian Vlad<a href=\"http:\/\/www.ziaristionline.ro\/2015\/02\/23\/biografia-generalului-iulian-vlad-un-roman-profesionist-in-fruntea-securitatii\/?fb_action_ids=1682247962002958&amp;fb_action_types=og.likes#_ftn21\">[21]<\/a>. Nu \u015ftim s\u0103 se fi f\u0103cut vreo confruntare \u00eentre cei doi, \u00een fa\u0163a organelor de procuratur\u0103, pentru elucidarea acestui episod, fapt pentru care continu\u0103 s\u0103 r\u0103m\u00e2n\u0103 multe semne de \u00eentrebare asupra seriozit\u0103\u0163ii lui.<\/strong><\/p>\r\n\r\n\r\n\r\n<p class=\"has-black-color has-text-color wp-block-paragraph\" style=\"font-size: 19px;\"><strong>Un alt aspect mai pu\u0163in cunoscut din activitatea generalului Iulian Vlad este c\u0103 prefera s\u0103 se documenteze singur \u2013 \u015fi nu prin consilieri \u2013 asupra unor probleme considerate de el ca fiind de excep\u0163ional\u0103 importan\u0163\u0103 pentru securitatea statului rom\u00e2n. A\u015fa se explic\u0103 prezen\u0163a sa, la \u00eenceputul lunii august 1989, la sediul unit\u0103\u0163ii care gestiona Arhiva Securit\u0103\u0163ii, din cadrul CID, pentru a studia dosarele \u015fi \u00eentreaga documenta\u0163ie despre revolu\u0163ia maghiar\u0103 din 1956. S-a uitat cu mult\u0103 aten\u0163ie, ceasuri \u00eentregi, asupra albumelor de fotografii ce reprezentau tricolorul maghiar cu stema comunist\u0103 decupat\u0103, precum \u015fi scenele terifiante cu ofi\u0163eri de securitate maghiari masacra\u0163i de c\u0103tre revolu\u0163ionarii budapestani pentru c\u0103 deschiseser\u0103 focul asupra demonstran\u0163ilor f\u0103r\u0103 ordin din partea superiorilor. Probabil c\u0103 de aici \u015fi din experien\u0163a evenimentelor de la Bra\u015fov s-a fundamentat \u00een mintea generalului Iulian Vlad convingerea c\u0103 aparatul de securitate al regimului comunist din Rom\u00e2nia, \u00eentr-un context de evenimente asem\u0103n\u0103toare nu ar avea alt\u0103 \u015fans\u0103 de salvare dec\u00e2t s\u0103 evite implicarea \u00een ac\u0163iuni cu caracter represiv, iar \u00eentreaga activitate s\u0103 fie direc\u0163ionat\u0103 doar spre procurarea, prelucrarea \u015fi analiza informa\u0163iilor. Cele trei procese intentate dup\u0103 revolu\u0163ia rom\u00e2n\u0103 din decembrie \u201989 demonstreaz\u0103 c\u0103 generalul Iulian Vlad a ac\u0163ionat \u00een acest sens. Mai mult, s-a str\u0103duit s\u0103-\u015fi disciplineze din timp subordona\u0163ii pentru a nu avea surpriza unor \u201ecolonei nebuni\u201d \u2013 adic\u0103 ofi\u0163eri sc\u0103pa\u0163i de sub control, ce puteau ac\u0163iona haotic -, dup\u0103 formula folosit\u0103 de George Bush \u015fi Mihail Gorbaciov \u00een cadrul \u00eent\u00e2lnirii lor de la Malta<a href=\"http:\/\/www.ziaristionline.ro\/2015\/02\/23\/biografia-generalului-iulian-vlad-un-roman-profesionist-in-fruntea-securitatii\/?fb_action_ids=1682247962002958&amp;fb_action_types=og.likes#_ftn22\">[22]<\/a>.<\/strong><\/p>\r\n\r\n\r\n\r\n<p class=\"has-black-color has-text-color has-medium-font-size wp-block-paragraph\" style=\"font-size: 19px;\"><strong>La fel de important\u0103 este \u015fi m\u0103rturia colonelului de securitate, Dumitru R\u0103\u015fin\u0103, fost \u015fef al Inspectoratului de Securitate Arad, f\u0103cut\u0103 \u00een fa\u0163a Comisiei Senatoriale pentru Cercetarea Evenimentelor din Decembrie 1989. Este vorba despre \u00eentrunirea din 11 noiembrie 1989, ordonat\u0103 de \u015feful DSS \u015fi desf\u0103\u015furat\u0103 concomitent \u00een trei ora\u015fe: la Bucure\u015fti cu \u015fefii de securitate din Muntenia \u015fi Oltenia \u2013 \u015fedin\u0163\u0103 condus\u0103 de generalul Iulian Vlad \u2013 , la Bra\u015fov cu \u015fefii structurilor de securitate din jude\u0163ele transilv\u0103nene \u015fi b\u0103n\u0103\u0163ene \u2013 prezidat\u0103 de generalul Aristotel Stamatoiu -, \u015feful de atunci al CIE, \u015fi la Ia\u015fi cu \u015fefii de securitate din jude\u0163ele moldovene \u015fi dobrogene, condus\u0103 de generalul Victor Neculicioiu, la acea vreme \u015fef al UM 0110 (a\u015fa-zisa unitate anti-KGB). La aceea\u015fi or\u0103, respectiv 11, cei trei \u00eenal\u0163i demnitari ai DSS au citit textul unei note din con\u0163inutul c\u0103reia rezultau patru idei forte: 1) din informa\u0163iile de\u0163inute de conducerea DSS rezulta c\u0103 secretarul general al partidului \u015fi pre\u015fedintele Republicii, Nicolae Ceau\u015fescu, urma s\u0103 fie \u00eenl\u0103turat, exist\u00e2nd chiar mai multe variante, inclusiv aceea a prinderii \u015fi judec\u0103rii lui, \u00een situa\u0163ia \u00een care s-ar fi opus schimb\u0103rii \u015fi ar fi \u00eencercat s\u0103 fug\u0103 \u00eentr-un loc de unde putea conduce o eventual\u0103 mi\u015fcare de rezisten\u0163\u0103; 2) prin ordinul conducerii DSS, ofi\u0163erilor operativi li se interzicea s\u0103-\u015fi contacteze re\u0163eaua de informatori (agentura secret\u0103) pentru a verifica informa\u0163iile privind \u00eenl\u0103turarea cuplului dictatorial; 3) prin acela\u015fi ordin, ofi\u0163erii operativi puteau s\u0103 primeasc\u0103 din partea agenturii doar informa\u0163ii, sesiz\u0103ri ori reclama\u0163ii ale oamenilor muncii din intreprinderi \u015fi alte sectoare productive despre distrugeri, furturi ori sustrageri de bunuri de valoare; 4) \u00een cazul unor mi\u015fc\u0103ri de strad\u0103 cu caracter protestatar, \u00eendreptate contra lui Ceau\u015fescu, \u201e\u015feful Securit\u0103\u0163ii cu \u00eentregul aparat din subordine nu se implic\u0103 \u00een ac\u0163iuni represive\u201d<a href=\"http:\/\/www.ziaristionline.ro\/2015\/02\/23\/biografia-generalului-iulian-vlad-un-roman-profesionist-in-fruntea-securitatii\/?fb_action_ids=1682247962002958&amp;fb_action_types=og.likes#_ftn23\">[23]<\/a>. Deci, generalul Iulian Vlad \u015ftia c\u0103 trebuie s\u0103-\u015fi \u0163in\u0103 sub control subordona\u0163ii, contur\u00e2ndu-le misiuni foarte precise cu scopul de-ai disciplina perfect pentru a preveni apari\u0163ia unor \u201ecolonei nebuni\u201d.<\/strong><\/p>\r\n\r\n\r\n\r\n<p class=\"has-black-color has-text-color has-medium-font-size wp-block-paragraph\" style=\"font-size: 19px;\"><strong>P\u00e2n\u0103 la identificarea acestui document, dac\u0103 mai exist\u0103 clasat \u00een vreun depozit de arhiv\u0103, \u015fi publicarea lui integral\u0103 \u2013 ceea ce ar fi benefic pentru istoriografie \u2013 se poate formula concluzia c\u0103 institu\u0163ia Securit\u0103\u0163ii statului rom\u00e2n, prin posibilit\u0103\u0163ile informative interne \u015fi externe, aflase din timp ce se preg\u0103tea Rom\u00e2niei, iar prin ac\u0163iunea din 11 noiembrie 1989 i s-a schimbat practic obiectivul prioritar al misiunilor. Dac\u0103 p\u00e2n\u0103 atunci, prioritar pentru DSS era \u201eap\u0103rarea secretarului general al partidului \u015fi a familiei conduc\u0103toare\u201d, de la acea dat\u0103 Securitatea urma s\u0103 se limiteze doar la ac\u0163iuni strict informative.<\/strong><\/p>\r\n\r\n\r\n\r\n<p class=\"has-black-color has-text-color has-medium-font-size wp-block-paragraph\" style=\"font-size: 19px;\"><strong>C\u0103 o astfel de hot\u0103r\u00e2re, am putea-o numi istoric\u0103, a fost luat\u0103 de generalul Iulian Vlad \u00een deplin\u0103 cuno\u015ftin\u0163\u0103 de cauz\u0103, ca unic\u0103 solu\u0163ie pentru a salva institu\u0163ia, \u00eentr-un context intern \u015fi interna\u0163ional total ostil, o demonstreaz\u0103 \u015fi documentele de informare ale DSS. De exemplu, un raport olograf, strict secret, semnat \u015fi parafat de generalul Iulian Vlad \u015fi adresat secretarului general al partidului, atr\u0103gea aten\u0163ia asupra a dou\u0103 chestiuni esen\u0163iale \u00een leg\u0103tur\u0103 cu \u00eent\u00e2lnirea dintre George Bush \u015fi Mihail Gorbaciov care urma s\u0103 aib\u0103 loc peste c\u00e2teva zile la Malta, 2-3 decembrie 1989: 1) \u201e\u00cen cadrul noilor convorbiri la nivel \u00eenalt dintre SUA \u015fi URSS, organizate la ini\u0163iativa sovieticilor, cele dou\u0103 p\u0103r\u0163i vor aborda cu prioritate probleme privind <em>redefinirea sferelor de influen\u0163\u0103 \u015fi elaborarea unei noi strategii comune care s\u0103 le asigure, \u00een continuare, un rol dominant \u00een toate<\/em> <em>problemele interna\u0163ionale<\/em>\u201d; 2) \u201eDin datele de care dispunem rezult\u0103 c\u0103 la \u00eent\u00e2lnirea dintre Busch \u015fi Gorbaciov ar urma s\u0103 se discute \u015fi problema <em>exercit\u0103rii de noi presiuni coordonate asupra acelor \u0163\u0103ri socialiste care nu au trecut la aplicarea de \u00abreforme reale\u00bb, fiind avute \u00een vedere \u00eendeosebi R.P.Chinez\u0103, Cuba \u015fi Rom\u00e2nia<\/em>\u201d<a href=\"http:\/\/www.ziaristionline.ro\/2015\/02\/23\/biografia-generalului-iulian-vlad-un-roman-profesionist-in-fruntea-securitatii\/?fb_action_ids=1682247962002958&amp;fb_action_types=og.likes#_ftn24\">[24]<\/a>. Dup\u0103 c\u00e2te \u015ftim, ulterior, \u00een declara\u0163iile de pres\u0103, Mihail Gorbaciov a negat discutarea la Malta a situa\u0163iei Rom\u00e2niei<a href=\"http:\/\/www.ziaristionline.ro\/2015\/02\/23\/biografia-generalului-iulian-vlad-un-roman-profesionist-in-fruntea-securitatii\/?fb_action_ids=1682247962002958&amp;fb_action_types=og.likes#_ftn25\">[25]<\/a>.<\/strong><\/p>\r\n\r\n\r\n\r\n<p class=\"has-black-color has-text-color has-medium-font-size wp-block-paragraph\"><strong>Un alt document al DSS, extrem de interesant, este \u201eRezumatul informa\u0163iilor mai deosebite din telegrame\u201d, elaborat la 18 decembrie 1989. \u00cen capitolul 4, care sintetiza informa\u0163iile ob\u0163inute prin filier\u0103 argentinian\u0103, se men\u0163iona:<\/strong><\/p>\r\n\r\n\r\n\r\n<p class=\"has-black-color has-text-color has-medium-font-size wp-block-paragraph\">\u201e<strong>\u00cen perioada urm\u0103toare, guvernul rom\u00e2n va fi supus la presiuni psihologice \u00een scopul \u00eenlocuirii lui cu altul \u00een care PCR s\u0103 nu mai aib\u0103 rolul conduc\u0103tor.<\/strong><\/p>\r\n\r\n\r\n\r\n<p class=\"has-black-color has-text-color has-medium-font-size wp-block-paragraph\">&#8211;<strong>URSS \u015fi Ungaria, prin intermediul radioteleviziunii, vor incita popula\u0163ia Transilvaniei la revolte \u00eempotriva guvernului de la Bucure\u015fti.<\/strong><\/p>\r\n\r\n\r\n\r\n<p class=\"has-black-color has-text-color has-medium-font-size wp-block-paragraph\"><strong>-URSS va ac\u0163iona pentru a ob\u0163ine sprijin \u00een Rom\u00e2nia, \u00een direc\u0163ia \u00abreactiv\u0103rii\u00bb unor rom\u00e2ni care au studiat \u00een Uniunea Sovietic\u0103 \u015fi simpatizeaz\u0103 cursul politic din aceast\u0103 \u0163ar\u0103\u201d<a href=\"http:\/\/www.ziaristionline.ro\/2015\/02\/23\/biografia-generalului-iulian-vlad-un-roman-profesionist-in-fruntea-securitatii\/?fb_action_ids=1682247962002958&amp;fb_action_types=og.likes#_ftn26\">[26]<\/a>.<\/strong><\/p>\r\n\r\n\r\n\r\n<p class=\"has-black-color has-text-color has-medium-font-size wp-block-paragraph\"><strong>\u00centrebat de senatorul \u015eerban S\u0103ndulescu, membru al Comisiei Senatoriale pentru Cercetarea Evenimentelor din Decembrie 1989, dac\u0103 Securiatea a \u015ftiut despre leg\u0103turile ofi\u0163erilor KGB de pe teritoriul Rom\u00e2niei, generalul Iulian Vlad a r\u0103spuns: \u201e\u00cei cuno\u015fteam, erau agen\u0163i activi \u00een conservare<a href=\"http:\/\/www.ziaristionline.ro\/2015\/02\/23\/biografia-generalului-iulian-vlad-un-roman-profesionist-in-fruntea-securitatii\/?fb_action_ids=1682247962002958&amp;fb_action_types=og.likes#_ftn27\">[27]<\/a>. Probabil c\u0103 prin astfel de informa\u0163ii, Securitatea l-a convins pe Ceau\u015fescu s\u0103-i convoace \u2013 \u00een seara de 20 decembrie \u2013 la sediul CC pe reprezentan\u0163ii Ambasadei URSS, pentru a le cere retragerea ofi\u0163erilor sovietici care se aflau la Timi\u015foara<a href=\"http:\/\/www.ziaristionline.ro\/2015\/02\/23\/biografia-generalului-iulian-vlad-un-roman-profesionist-in-fruntea-securitatii\/?fb_action_ids=1682247962002958&amp;fb_action_types=og.likes#_ftn28\">[28]<\/a>.<\/strong><\/p>\r\n\r\n\r\n\r\n<p class=\"has-black-color has-text-color has-large-font-size wp-block-paragraph\"><span style=\"color: #ff0000;\"><strong>Duplicitar fa\u0163\u0103 de \u201erevolu\u0163ionarii de profesie\u201d<\/strong><\/span><\/p>\r\n\r\n\r\n\r\n<p class=\"has-black-color has-text-color has-medium-font-size wp-block-paragraph\"><strong>Despre felul \u00een care generalul Iulian Vlad a g\u00e2ndit \u015fi a ac\u0163ionat \u00een timpul evenimentelor din decembrie 1989, documentele publicate, precum \u015fi depozi\u0163iile celor chema\u0163i de organele Procuraturii Militare s\u0103 depun\u0103 ca martori \u00een procesele intentate fostului \u015fef al DSS, stau m\u0103rturie<a href=\"http:\/\/www.ziaristionline.ro\/2015\/02\/23\/biografia-generalului-iulian-vlad-un-roman-profesionist-in-fruntea-securitatii\/?fb_action_ids=1682247962002958&amp;fb_action_types=og.likes#_ftn29\">[29]<\/a>. Ele demonstreaz\u0103 f\u0103r\u0103 dubii urm\u0103toarele: trupele de securitate au primit ordin s\u0103 intre \u00een dispozitiv la Timi\u015foara f\u0103r\u0103 cartu\u015fe de r\u0103zboi, ceea ce a st\u00e2rnit m\u00e2nia lui Ceau\u015fescu, deopotriv\u0103 cu a celor care l-au trimis ulterior pe Iulian Vlad \u00een fa\u0163a instan\u0163elor de judecat\u0103; la Bucure\u015fti, \u00een noaptea de 21 spre 22 decembrie, generalul Iulian Vlad i-a sugerat generalului Vasile Milea o ac\u0163iune energic\u0103 din partea Armatei \u015fi a Securit\u0103\u0163ii, pentru a-l aresta pe Ceau\u015fescu, ceea ce ar fi avut darul de a calma spiritele. Acest lucru nu a fost posibil, \u00eentruc\u00e2t nu a primit acceptul din partea ministrului Ap\u0103r\u0103rii Na\u0163ionale, din motive \u00eenc\u0103 insuficient explicate, dar f\u0103r\u0103 \u00eendoial\u0103 c\u0103 ar fi dat peste cap tot ceea ce se planificase. La ora 7:45 \u00een diminea\u0163a zilei de 22 decembrie, deci \u00eenainte de fuga cuplului dictatotial din cl\u0103direa CC, generalul Iulian Vlad a ordonat ca dispozitivul de securitate al cl\u0103dirii s\u0103 fie ridicat. Au fost retra\u015fi astfel circa 400 de militari din dispozitivul extern de securitate. Direc\u0163iei a V-a i-a dat ordin s\u0103 lase manifestan\u0163ii s\u0103 intre \u00een sediul CC, iar \u015fefului USLA s\u0103-\u015fi retrag\u0103 trupele. \u015ei ordinele au fost executate imediat \u015fi f\u0103r\u0103 alte complica\u0163ii. Dup\u0103 ridicarea elicopterului preziden\u0163ial, al\u0103turi de generalul \u015etefan Gu\u015fe, generalul Iulian Vlad s-a pus la dispozi\u0163ia revolu\u0163ionarilor, reu\u015find \u00eempreun\u0103 \u015fi sub supravegherea acestora s\u0103 dea ordine pentru a preveni decla\u015farea unui r\u0103zboi civil. Sintagma \u201esecuri\u015fti \u2013 terori\u015fti\u201d a fost inventat\u0103 \u015fi propagat\u0103 cu s\u00e2rg de agen\u0163ii creatori ai curentelor de opinie afla\u0163i \u00een direct\u0103 leg\u0103tur\u0103 cu agen\u0163ii KGB \u015fi cu \u201erevolu\u0163ionarii de profesie\u201d, pentru ca ace\u015ftia din urm\u0103 s\u0103-\u015fi consolideze puterea, \u00een mijlocul unor s\u00e2ngeroase evenimente revolu\u0163ionare transmise \u00een direct la radio \u015fi televiziune. Poate c\u0103 nu \u00eent\u00e2mpl\u0103tor, un alt memorialist din r\u00e2ndul fo\u015ftilor generali de securitate \u2013 Ion Mihai Pacepa \u2013 a dezv\u0103luit presei: \u201eCei care au preluat conducerea revoltei populare din \u0163ar\u0103 au avut meritul istoric de a-\u015fi instala cartierul general la sediul Televiziunii Rom\u00e2ne. Aceasta a f\u0103cut ca revolta s\u0103 se desf\u0103\u015foare cu iu\u0163eala fulgerului \u00een \u00eentreaga \u0163ar\u0103. Nu m\u0103 \u00eendoiesc c\u0103 istoria va consemna \u015fi aceast\u0103 tactic\u0103 rom\u00e2nesc\u0103 realizat\u0103 \u00een comun de rom\u00e2nii din \u0163ar\u0103 \u015fi de cei din exil, \u015fi c\u0103 ea va fi repetat\u0103 \u00een alte \u0163\u0103ri care continu\u0103 s\u0103 fie subjugate de tiranii totalitare\u201d<a href=\"http:\/\/www.ziaristionline.ro\/2015\/02\/23\/biografia-generalului-iulian-vlad-un-roman-profesionist-in-fruntea-securitatii\/?fb_action_ids=1682247962002958&amp;fb_action_types=og.likes#_ftn30\">[30]<\/a>. Prin urmare, totul fusese bine pus la punct, \u00een cele mai mici detalii, tocmai pentru ca surprizele s\u0103 poat\u0103 fi evitate. Rom\u00e2nia a fost un poligon de \u00eencercare a acestei \u201enoi tactici revolu\u0163ionare\u201d. \u00cen Rom\u00e2nia s-a f\u0103cut \u015fcoal\u0103 pentru o nou\u0103 genera\u0163ie de \u201erevolu\u0163ionari de profesie\u201d.<\/strong><\/p>\r\n\r\n\r\n\r\n<p class=\"has-black-color has-text-color has-medium-font-size wp-block-paragraph\"><strong>Un alt aspect de interes \u00eel reprezint\u0103 modalitatea \u00een care a fost arestat generalul Iulian Vlad. \u00cen dup\u0103-amiaza zilei de 31 decembrie 1989, pe c\u00e2nd se deplasa cu ma\u015fina spre Ministerul Ap\u0103r\u0103rii, la radio deja se anun\u0163ase arestarea sa. Stupefiat \u015fi-a continuat drumul, pentru c\u0103 trebuia s\u0103 prezinte ministrului, generalul Nicolae Militaru, planul de m\u0103suri pentru anihilarea terori\u015ftilor. C\u00e2nd a intrat \u00een cabinetul ministrului, \u00eempreun\u0103 cu generalul Aristotel Stamatoiu, \u015feful CIE \u015fi generalul Vasile Gheorghe, \u015feful trupelor de securitate, a v\u0103zut c\u0103 \u00een \u00eenc\u0103pere se mai aflau Gelu Voican Voiculescu, generalul Vasile Ionel, adjunctul ministrului \u015fi \u015feful Marelui Stat Major, \u015fi surpriz\u0103, ambasadorul URSS acreditat \u00een Rom\u00e2nia. Acesta din urm\u0103 ceruse \u201e\u00eent\u00e2mpl\u0103tor\u201d audien\u0163\u0103 la ministrul rom\u00e2n, de\u015fi era un vizitator frecvent, poate un fel de \u201econsilier\u201d al cabinetului. Mai \u00eent\u00e2i a raportat generalul Vasile Gheorghe problemele care \u00eei erau repartizate, dup\u0103 care i s-a spus c\u0103 poate s\u0103 p\u0103r\u0103seasc\u0103 \u00eenc\u0103perea. La fel s-a procedat \u015fi cu generalul Stamatoiu. Generalul Vlad nu a mai apucat s\u0103 raporteze \u00eentruc\u00e2t i s-a cerut s\u0103 predea pistolul. De\u015fi fostul \u015fef al Securit\u0103\u0163ii a explicat c\u0103 niciodat\u0103 nu a purtat pistol, a fost nevoie de interven\u0163ia unui maior pentru a-i face o perchezi\u0163ie corporal\u0103. A predat apoi cheile de la fi\u015fet, iar 10 solda\u0163i cu baionetele la arm\u0103 l-au condus la locul de deten\u0163ie, o \u00eenchisoare improvizat\u0103 \u00eentr-o unitate militar\u0103 pe \u015foseaua Olteni\u0163ei<a href=\"http:\/\/www.ziaristionline.ro\/2015\/02\/23\/biografia-generalului-iulian-vlad-un-roman-profesionist-in-fruntea-securitatii\/?fb_action_ids=1682247962002958&amp;fb_action_types=og.likes#_ftn31\">[31]<\/a>.<\/strong><\/p>\r\n\r\n\r\n\r\n<p class=\"has-black-color has-text-color has-medium-font-size wp-block-paragraph\"><strong>O alt\u0103 problem\u0103 ce trebuie l\u0103murit\u0103 este de ce liderii Frontului Salv\u0103rii Na\u0163ionale \u2013 noua structur\u0103 politic\u0103 ce a preluat conducerea statului rom\u00e2n \u2013 nu au avut \u00eencredere \u00een generalul Iulian Vlad ? \u015ei de ce a fost arestat \u00een ziua de 31 decembrie 1989, chiar \u00een momentul \u00een care finalizase un plan de m\u0103suri pentru elucidarea problemei terori\u015ftilor ? \u015ei de ce a fost nevoie s\u0103 fie umilit \u00een momentul arest\u0103rii\u00a0?<\/strong><\/p>\r\n\r\n\r\n\r\n<p class=\"has-black-color has-text-color has-medium-font-size wp-block-paragraph\"><strong>Un posibil r\u0103spuns vine chiar din partea lui Silviu Brucan, cel mai consecvent \u015fi \u00eenver\u015funat contestatar al generalului Iulian Vlad, pe care l-a acuzat, \u00een repetate r\u00e2nduri, de \u201eduplicitate\u201d, deci activitate potrivnic\u0103 fa\u0163\u0103 de interesele FSN<a href=\"http:\/\/www.ziaristionline.ro\/2015\/02\/23\/biografia-generalului-iulian-vlad-un-roman-profesionist-in-fruntea-securitatii\/?fb_action_ids=1682247962002958&amp;fb_action_types=og.likes#_ftn32\">[32]<\/a>, \u015fi nici decum fa\u0163\u0103 de ceea ce doreau protestatarii din strad\u0103. Din perspectiva istoric\u0103 va trebui s\u0103 recunoa\u015ftem c\u0103 \u201eobsesiile\u201d \u015fi \u201enelini\u015ftile\u201d brucaniene nu sunt deloc \u00eent\u00e2mpl\u0103toare. Crescut la \u015fcoala \u201erevolu\u0163ionarilor de profesie\u201d de la sf\u00e2r\u015fitul anilor \u201940, dar \u015fi \u00een spiritul disciplinei fa\u0163\u0103 de cei care l-au instruit, \u201emarele analist politic\u201d \u2013 \u00een viziunea c\u0103ruia revolu\u0163ia democratic\u0103 din Rom\u00e2nia nu putea avea deplin succes dec\u00e2t dup\u0103 trecerea a cel pu\u0163in 20 de ani, perioad\u0103 \u00een care trebuie implementat un vast program de reforme, de data aceasta \u00een sens capitalist \u2013 a r\u0103mas fixat pe ideea c\u0103 o revolu\u0163ie, \u00een adev\u0103ratul \u00een\u0163eles doctrinar, nu poate fi f\u0103cut\u0103 \u015fi condus\u0103 dec\u00e2t de \u201erevolu\u0163ionarii de profesie\u201d. Nemul\u0163umi\u0163ii de conjunctur\u0103, naivii \u015fi oportuni\u015ftii, adic\u0103 cei dispu\u015fi s\u0103 treac\u0103 foarte u\u015for pe baricada opus\u0103 \u00een momentele prielnice, sau cei one\u015fti care aveau alte viziuni despre \u00eenl\u0103turarea lui Ceau\u015fescu, nu aveau ce c\u0103uta \u00een conducerea revolu\u0163iei. Rolul lor era doar de a aplauda succesele revolu\u0163iei, adic\u0103 de a se l\u0103sa manipula\u0163i \u015fi de a nu ie\u015fi din r\u00e2ndurile a\u015fa-numitului \u201estupid people\u201d. Consecin\u0163ele unei asemenea concep\u0163ii s-au v\u0103zut \u00een decembrie 1989, \u00een Rom\u00e2nia. Ele sunt cunoscute, dar \u00eenc\u0103 nerecunoscute de cei responsabili.<\/strong><\/p>\r\n\r\n\r\n\r\n<p class=\"has-black-color has-text-color has-medium-font-size wp-block-paragraph\"><strong>\u00cen schimb, generalul Iulian Vlad, un om de a c\u0103rui onestitate \u015fi bune inten\u0163ii nu s-a \u00eendoit, \u015fi nu se mai poate \u00eendoi nimeni de bun\u0103 credin\u0163\u0103, crescut \u00een spiritul desciplinei \u015fi onoarei militare \u2013 specifice muncii de securitate \u2013 , un bun teoretician \u00een domeniul s\u0103u de activitate, s-a dovedit \u00een cele din urm\u0103 \u015fi un veritabil comandant, \u00een sensul c\u0103 a \u015ftiut s\u0103-\u015fi fereasc\u0103 subordona\u0163ii de a c\u0103dea prad\u0103 u\u015foar\u0103 \u00een fa\u0163a furiei \u201erevolu\u0163ionarilor de profesie\u201d. Au fost \u015fi excep\u0163ii, adic\u0103 evenimente care s-au soldat cu decesul multor cadre ale Ministerului de Interne pe care generalul Iulian Vlad nu a fost capabil s\u0103 le previn\u0103, ca de exemplu: masacrarea solda\u0163ilor din trupele de securitate la Otopeni \u015fi a grupei de lupt\u0103tori antiterori\u015fti \u00een fa\u0163a cl\u0103dirii Ministerului Ap\u0103r\u0103rii Na\u0163ionale<a href=\"http:\/\/www.ziaristionline.ro\/2015\/02\/23\/biografia-generalului-iulian-vlad-un-roman-profesionist-in-fruntea-securitatii\/?fb_action_ids=1682247962002958&amp;fb_action_types=og.likes#_ftn33\">[33]<\/a>, ori crimele abominabile f\u0103cute de extremi\u015fti \u00een jude\u0163ele Harghita \u015fi Covasna asupra lucr\u0103torilor din Mili\u0163ie \u015fi Securitate, la fel \u015fi despre masacrul de la Sibiu, aspecte asupra c\u0103rora vom reveni cu o analiz\u0103 mai \u00een detaliu \u00eentr-unul din capitolele urm\u0103toare.<\/strong><\/p>\r\n\r\n\r\n\r\n<p class=\"has-black-color has-text-color has-medium-font-size wp-block-paragraph\"><strong>Seto\u015fi de r\u0103zbunare, de jocul \u201ede-a r\u0103zboiul\u201d ori de-a \u201eterori\u015ftii\u201d, cu tribunale revolu\u0163ionare \u015fi sentin\u0163e politice dinainte stabilite, \u201erevolu\u0163ionarii de profesie\u201d nu-i puteau ierta generalului Iulian Vlad verticalitatea, adic\u0103 faptul c\u0103 nu li se al\u0103turase \u00eenc\u0103 de la \u00eenceput. Bine documentat \u015fi inteligent, primul \u015fi ultimul ofi\u0163er rom\u00e2n ajuns \u00een fruntea Securit\u0103\u0163ii, cunosc\u00e2nd bine c\u0103 institu\u0163ia pe care o conducea nu putea apare \u00een postura de organiza\u0163ie pucist\u0103, dar nici terorist\u0103, pentru c\u0103 <em>era deprofesionalizat\u0103<\/em>, a prev\u0103zut totu\u015fi pr\u0103bu\u015firea regimului ceau\u015fist \u2013 un regim \u201ediabolic\u201d, \u201ecorupt\u201d, \u201eineficient\u201d \u015fi \u201etotal lipsit de credibilitate \u00een fa\u0163a poporului rom\u00e2n\u201d, dup\u0103 propriile-i expresii<a href=\"http:\/\/www.ziaristionline.ro\/2015\/02\/23\/biografia-generalului-iulian-vlad-un-roman-profesionist-in-fruntea-securitatii\/?fb_action_ids=1682247962002958&amp;fb_action_types=og.likes#_ftn34\">[34]<\/a>. Desigur c\u0103 nu a fost singurul care a \u00eemp\u0103rt\u0103\u015fit astfel de opinii sau convingeri. Dar, spre deosebire de \u201erevolu\u0163ionarii de profesie\u201d \u2013 pe care de altfel \u00eei avea pe list\u0103, \u015ftiind bine \u015fi cine se afla \u00een spatele lor -, generalul Iulian Vlad r\u0103m\u0103sese convins c\u0103 \u00eendep\u0103rtarea lui Nicolae Ceau\u015fescu se putea realiza f\u0103r\u0103 \u201eexplozii de nemul\u0163umire\u201d ori \u201eevenimente dureroase\u201d, deci exact invers de cum g\u00e2ndeau anali\u015ftii de la Moscova \u00eenc\u0103 din februarie 1989<a href=\"http:\/\/www.ziaristionline.ro\/2015\/02\/23\/biografia-generalului-iulian-vlad-un-roman-profesionist-in-fruntea-securitatii\/?fb_action_ids=1682247962002958&amp;fb_action_types=og.likes#_ftn35\">[35]<\/a>. Dac\u0103 privim din aceast\u0103 perspectiv\u0103 cu obiectivitate va trebui s\u0103 recunoa\u015ftem c\u0103 \u015feful DSS a avut perfect\u0103 dreptate. \u00cen marea majoritate a ora\u015felor \u015fi localit\u0103\u0163ilor \u0163\u0103rii trecerea puterii din m\u00e2inile autorit\u0103\u0163ilor comuniste \u00een m\u00e2inile adev\u0103ra\u0163ilor reprezentan\u0163i ai poporului, adic\u0103 a revolu\u0163ionarilor (de altfel oameni con\u015ftien\u0163i \u015fi care au dorit s\u0103 se implice cu cele mai bune inten\u0163ii \u00een via\u0163a cet\u0103\u0163ii, aspect asupra c\u0103ruia merit\u0103 tot respectul) s-a realizat pa\u015fnic. Conlucrarea \u00eentre Armat\u0103, Securitate, Mili\u0163ie au func\u0163ionat perfect \u00een acele locuri. Schimbarea de regim se putea face, \u00een concep\u0163ia lui Iulian Vlad prin conservarea acelor for\u0163e vii ale na\u0163iunii, capabile s\u0103 sprijine consolidarea noii guvern\u0103ri democratice. Aspect pe care puci\u015ftii nu l-au \u00een\u0163eles ori s-au f\u0103cut c\u0103 nu-l \u00een\u0163eleg, ceea ce ar explica ferocitatea cu care \u015fi-au rev\u0103rsat m\u00e2nia revolu\u0163ionar\u0103 de tip sovietic asupra institu\u0163iei Securit\u0103\u0163ii. A fost gre\u015feala fatal\u0103 pe care \u201eemana\u0163ii\u201d, care s-au insinuat la conducerea statului rom\u00e2n, au f\u0103cut-o, fapt pentru care istoria \u00eei judec\u0103 aspru. Au l\u0103sat \u00een urm\u0103 peste o mie de cadavre ale unor rom\u00e2ni a c\u0103ror vin\u0103 nu a fost alta dec\u00e2t faptul c\u0103 \u015fi-au dorit, la fel ca imensa majoritate a poporului rom\u00e2n, s\u0103 tr\u0103iasc\u0103 mai bine. Mai mult, au nimicit o institu\u0163ie care a dorit s\u0103 conserve tot ceea ce era de valoare \u015fi \u00een interesul na\u0163ional. Fapte pentru care nu au fost judeca\u0163i, ceea ce este un sacrilegiu. Doar istoria mai are dreptul s\u0103-i judece. O astfel de concluzie o putem formula ast\u0103zi, dup\u0103 25 de ani de la acele evenimente, c\u00e2nd realiz\u0103m c\u0103 mai mult s-a distrus dec\u00e2t s-a construit.<\/strong><\/p>\r\n\r\n\r\n\r\n<p class=\"has-black-color has-text-color has-medium-font-size wp-block-paragraph\"><strong>Da, dar s-a realizat o transformare profund\u0103 a na\u0163iunii rom\u00e2ne, s-ar gr\u0103bi al\u0163ii s\u0103 spun\u0103. Adic\u0103, din aplaudaci ai Ceau\u015fe\u015ftilor ne-am transformat \u00een sicofan\u0163i ai comisarilor de la Bruxelles. Asta da transformare\u00a0!<\/strong><\/p>\r\n\r\n\r\n\r\n<p class=\"has-black-color has-text-color has-medium-font-size wp-block-paragraph\"><strong>Pentru c\u0103 a avut alte viziuni dec\u00e2t strategii din jurul lui Gorbaciov \u015fi chiar a ac\u0163ionat pentru a le pune \u00een practic\u0103, ultimul \u015fef al DSS s-a dovedit a fi cel pu\u0163in inocent. Cine se putea \u00eempotrivi atunci Moscovei? Iat\u0103 o \u00eentrebare pe care o consider\u0103m retoric\u0103 \u015fi din nefericire se pare c\u0103 generalul Iulian Vlad ori nu \u015fi-a pus-o ori a evitat s\u0103 \u015fi-o pun\u0103. Nu trebuie exclus\u0103 nici varianta c\u0103 \u015fi-a pus-o, numai c\u0103 \u00eentr-o astfel de ipostaz\u0103 \u00eenseamn\u0103 c\u0103 din prea mult patriotism sau na\u0163ionalism de bun\u0103 calitate a refuzat s\u0103 accepte simplitatea, eviden\u0163a \u015fi logica r\u0103spunsului. Pentru o astfel de inabilitate, c\u0103ci inabilitate se cheam\u0103 atunci c\u00e2nd \u00eencerci s\u0103 g\u00e2nde\u015fti altfel dec\u00e2t \u201erevolu\u0163ionarii de profesie\u201d, generalul Iulian Vlad a trebuit s\u0103 pl\u0103teasc\u0103. Dar nu oricum, ci de a\u015fa natur\u0103 \u00eenc\u00e2t s\u0103 ia asupra sa \u2013 culmea ironiei \u2013 toate neroziile, crimele, duplicit\u0103\u0163ile \u015fi tr\u0103d\u0103rile \u00eenf\u0103ptuite timp de patru decenii de o institu\u0163ie creat\u0103 \u015fi direc\u0163ionat\u0103, alteori supravegheat\u0103 ori manipulat\u0103 tocmai de \u015fefii cei mari \u2013 p\u0103rin\u0163ii spirituali \u015fi instructorii de clas\u0103 \u2013 ai \u201erevolu\u0163ionarilor de profesie\u201d. Pe frontul secret, duplicitatea se pl\u0103te\u015fte extrem de aspru, chiar \u015fi atunci c\u00e2nd este f\u0103cut\u0103 cu buna inten\u0163ie de a mai salva ceva din ceea ce este valoros \u015fi mai poate fi util societ\u0103\u0163ii.<\/strong><\/p>\r\n\r\n\r\n\r\n<h4 class=\"has-black-color has-text-color\" style=\"font-size: 30px;\"><span style=\"color: #ff0000;\"><strong>Cristian Troncot\u0103, \u201cDuplicitarii\u201d, 2014 \/ Exclusiv <a style=\"color: #ff0000;\" href=\"http:\/\/www.ziaristionline.ro\/2015\/02\/23\/biografia-generalului-iulian-vlad-un-roman-profesionist-in-fruntea-securitatii\/\">Ziaristi Online<\/a> extras<\/strong><\/span><\/h4>\r\n        <div class=\"booster-block booster-reactions-block\">\n            <div class=\"twp-reactions-icons\">\n                \n                <div class=\"twp-reacts-wrap\">\n                    <a react-data=\"be-react-1\" post-id=\"3442\" class=\"be-face-icons un-reacted\" href=\"javascript:void(0)\">\n                        <img decoding=\"async\" src=\"https:\/\/desteptati-va.ro\/wp-content\/plugins\/booster-extension\/\/assets\/icon\/happy.svg\" alt=\"Happy\">\n                    <\/a>\n                    <div class=\"twp-reaction-title\">\n                        Happy                    <\/div>\n                    <div class=\"twp-count-percent\">\n                                                    <span style=\"display: none;\" class=\"twp-react-count\">1<\/span>\n                        \n                                                <span class=\"twp-react-percent\"><span>100<\/span> %<\/span>\n                                            <\/div>\n                <\/div>\n\n                <div class=\"twp-reacts-wrap\">\n                    <a react-data=\"be-react-2\" post-id=\"3442\" class=\"be-face-icons un-reacted\" href=\"javascript:void(0)\">\n                        <img decoding=\"async\" src=\"https:\/\/desteptati-va.ro\/wp-content\/plugins\/booster-extension\/\/assets\/icon\/sad.svg\" alt=\"Sad\">\n                    <\/a>\n                    <div class=\"twp-reaction-title\">\n                        Sad                    <\/div>\n                    <div class=\"twp-count-percent\">\n                                                    <span style=\"display: none;\" class=\"twp-react-count\">0<\/span>\n                                                                        <span class=\"twp-react-percent\"><span>0<\/span> %<\/span>\n                                            <\/div>\n                <\/div>\n\n                <div class=\"twp-reacts-wrap\">\n                    <a react-data=\"be-react-3\" post-id=\"3442\" class=\"be-face-icons un-reacted\" href=\"javascript:void(0)\">\n                        <img decoding=\"async\" src=\"https:\/\/desteptati-va.ro\/wp-content\/plugins\/booster-extension\/\/assets\/icon\/excited.svg\" alt=\"Excited\">\n                    <\/a>\n                    <div class=\"twp-reaction-title\">\n                        Excited                    <\/div>\n                    <div class=\"twp-count-percent\">\n                                                    <span style=\"display: none;\" class=\"twp-react-count\">0<\/span>\n                                                                        <span class=\"twp-react-percent\"><span>0<\/span> %<\/span>\n                                            <\/div>\n                <\/div>\n\n                <div class=\"twp-reacts-wrap\">\n                    <a react-data=\"be-react-6\" post-id=\"3442\" class=\"be-face-icons un-reacted\" href=\"javascript:void(0)\">\n                        <img decoding=\"async\" src=\"https:\/\/desteptati-va.ro\/wp-content\/plugins\/booster-extension\/\/assets\/icon\/sleepy.svg\" alt=\"Sleepy\">\n                    <\/a>\n                    <div class=\"twp-reaction-title\">\n                        Sleepy                    <\/div>\n                    <div class=\"twp-count-percent\">\n                                                    <span style=\"display: none;\" class=\"twp-react-count\">0<\/span>\n                        \n                                                <span class=\"twp-react-percent\"><span>0<\/span> %<\/span>\n                                            <\/div>\n                <\/div>\n\n                <div class=\"twp-reacts-wrap\">\n                    <a react-data=\"be-react-4\" post-id=\"3442\" class=\"be-face-icons un-reacted\" href=\"javascript:void(0)\">\n                        <img decoding=\"async\" src=\"https:\/\/desteptati-va.ro\/wp-content\/plugins\/booster-extension\/\/assets\/icon\/angry.svg\" alt=\"Angry\">\n                    <\/a>\n                    <div class=\"twp-reaction-title\">Angry<\/div>\n                    <div class=\"twp-count-percent\">\n                                                    <span style=\"display: none;\" class=\"twp-react-count\">0<\/span>\n                                                                        <span class=\"twp-react-percent\"><span>0<\/span> %<\/span>\n                        \n                    <\/div>\n                <\/div>\n\n                <div class=\"twp-reacts-wrap\">\n                    <a react-data=\"be-react-5\" post-id=\"3442\" class=\"be-face-icons un-reacted\" href=\"javascript:void(0)\">\n                        <img decoding=\"async\" src=\"https:\/\/desteptati-va.ro\/wp-content\/plugins\/booster-extension\/\/assets\/icon\/surprise.svg\" alt=\"Surprise\">\n                    <\/a>\n                    <div class=\"twp-reaction-title\">Surprise<\/div>\n                    <div class=\"twp-count-percent\">\n                                                    <span style=\"display: none;\" class=\"twp-react-count\">0<\/span>\n                                                                        <span class=\"twp-react-percent\"><span>0<\/span> %<\/span>\n                                            <\/div>\n                <\/div>\n\n            <\/div>\n        <\/div>\n\n    <\/div>","protected":false},"excerpt":{"rendered":"<p>IULIAN VLAD \u2013 UN ROM\u00c2N PROFESIONIST \u00ceN FRUNTEA SECURIT\u0102\u0162II \u00a0\u201eDorim s\u0103 se cunoasc\u0103 faptul c\u0103 generalul-colonel (r) Vlad N. Iulian<a href=\"https:\/\/desteptati-va.ro\/index.php\/2021\/04\/13\/biografia-generalului-iulian-vlad\/\">Read More<i class=\"fa fa-long-arrow-right\" aria-hidden=\"true\"><\/i><\/a><\/p>\n","protected":false},"author":1,"featured_media":3129,"comment_status":"open","ping_status":"open","sticky":false,"template":"","format":"standard","meta":{"_crdt_document":"","footnotes":""},"categories":[40,27],"tags":[159,160],"class_list":["post-3442","post","type-post","status-publish","format-standard","has-post-thumbnail","hentry","category-eroi-si-tradatori","category-romania-sub-ceausescu","tag-patriot","tag-securitatea"],"rise-blocks_total_comments":0,"rise-blocks_categories":[{"term_id":40,"name":"Eroi si tradatori","slug":"eroi-si-tradatori","term_group":0,"term_taxonomy_id":40,"taxonomy":"category","description":"","parent":37,"count":3,"filter":"raw"}],"rise-blocks_excerpt":"IULIAN VLAD \u2013 UN ROM\u00c2N PROFESIONIST \u00ceN FRUNTEA SECURIT\u0102\u0162II \u00a0\u201eDorim s\u0103 se cunoasc\u0103 faptul c\u0103 generalul-colonel (r) Vlad N. Iulian este singurul rom\u00e2n profesionist care a fost \u00een fruntea aparatului de informa\u0163ii \u015fi contrainforma\u0163ii al Rom\u00e2niei de la Eugen Cristescu \u00eencoace. Prin \u00eendrumarea \u015fi modul \u00een care a condus aparatul de securitate a demonstrat c\u0103 pe primul plan prevala interesul..","yoast_head":"<!-- This site is optimized with the Yoast SEO plugin v26.9 - https:\/\/yoast.com\/product\/yoast-seo-wordpress\/ -->\r\n<title>BIOGRAFIA GENERALULUI IULIAN VLAD -<\/title>\r\n<meta name=\"robots\" content=\"index, follow, max-snippet:-1, max-image-preview:large, max-video-preview:-1\" \/>\r\n<link rel=\"canonical\" href=\"https:\/\/desteptati-va.ro\/index.php\/2021\/04\/13\/biografia-generalului-iulian-vlad\/\" \/>\r\n<meta property=\"og:locale\" content=\"ro_RO\" \/>\r\n<meta property=\"og:type\" content=\"article\" \/>\r\n<meta property=\"og:title\" content=\"BIOGRAFIA GENERALULUI IULIAN VLAD -\" \/>\r\n<meta property=\"og:description\" content=\"IULIAN VLAD \u2013 UN ROM\u00c2N PROFESIONIST \u00ceN FRUNTEA SECURIT\u0102\u0162II \u00a0\u201eDorim s\u0103 se cunoasc\u0103 faptul c\u0103 generalul-colonel (r) Vlad N. IulianRead More\" \/>\r\n<meta property=\"og:url\" content=\"https:\/\/desteptati-va.ro\/index.php\/2021\/04\/13\/biografia-generalului-iulian-vlad\/\" \/>\r\n<meta property=\"article:published_time\" content=\"2021-04-13T10:10:23+00:00\" \/>\r\n<meta property=\"og:image\" content=\"https:\/\/desteptati-va.ro\/wp-content\/uploads\/2021\/04\/image.png\" \/>\r\n\t<meta property=\"og:image:width\" content=\"500\" \/>\r\n\t<meta property=\"og:image:height\" content=\"271\" \/>\r\n\t<meta property=\"og:image:type\" content=\"image\/png\" \/>\r\n<meta name=\"author\" content=\"wolfsoftcompany\" \/>\r\n<meta name=\"twitter:card\" content=\"summary_large_image\" \/>\r\n<meta name=\"twitter:label1\" content=\"Scris de\" \/>\n\t<meta name=\"twitter:data1\" content=\"wolfsoftcompany\" \/>\n\t<meta name=\"twitter:label2\" content=\"Timp estimat pentru citire\" \/>\n\t<meta name=\"twitter:data2\" content=\"35 de minute\" \/>\r\n<script type=\"application\/ld+json\" class=\"yoast-schema-graph\">{\"@context\":\"https:\/\/schema.org\",\"@graph\":[{\"@type\":\"Article\",\"@id\":\"https:\/\/desteptati-va.ro\/index.php\/2021\/04\/13\/biografia-generalului-iulian-vlad\/#article\",\"isPartOf\":{\"@id\":\"https:\/\/desteptati-va.ro\/index.php\/2021\/04\/13\/biografia-generalului-iulian-vlad\/\"},\"author\":{\"name\":\"wolfsoftcompany\",\"@id\":\"https:\/\/desteptati-va.ro\/#\/schema\/person\/13182deeebd44920914899f7bb262d6b\"},\"headline\":\"BIOGRAFIA GENERALULUI IULIAN VLAD\",\"datePublished\":\"2021-04-13T10:10:23+00:00\",\"mainEntityOfPage\":{\"@id\":\"https:\/\/desteptati-va.ro\/index.php\/2021\/04\/13\/biografia-generalului-iulian-vlad\/\"},\"wordCount\":7020,\"commentCount\":0,\"image\":{\"@id\":\"https:\/\/desteptati-va.ro\/index.php\/2021\/04\/13\/biografia-generalului-iulian-vlad\/#primaryimage\"},\"thumbnailUrl\":\"https:\/\/desteptati-va.ro\/wp-content\/uploads\/2021\/04\/image.png\",\"keywords\":[\"patriot\",\"Securitatea\"],\"articleSection\":[\"Eroi si tradatori\",\"Romania sub Ceausescu\"],\"inLanguage\":\"ro-RO\",\"potentialAction\":[{\"@type\":\"CommentAction\",\"name\":\"Comment\",\"target\":[\"https:\/\/desteptati-va.ro\/index.php\/2021\/04\/13\/biografia-generalului-iulian-vlad\/#respond\"]}]},{\"@type\":\"WebPage\",\"@id\":\"https:\/\/desteptati-va.ro\/index.php\/2021\/04\/13\/biografia-generalului-iulian-vlad\/\",\"url\":\"https:\/\/desteptati-va.ro\/index.php\/2021\/04\/13\/biografia-generalului-iulian-vlad\/\",\"name\":\"BIOGRAFIA GENERALULUI IULIAN VLAD -\",\"isPartOf\":{\"@id\":\"https:\/\/desteptati-va.ro\/#website\"},\"primaryImageOfPage\":{\"@id\":\"https:\/\/desteptati-va.ro\/index.php\/2021\/04\/13\/biografia-generalului-iulian-vlad\/#primaryimage\"},\"image\":{\"@id\":\"https:\/\/desteptati-va.ro\/index.php\/2021\/04\/13\/biografia-generalului-iulian-vlad\/#primaryimage\"},\"thumbnailUrl\":\"https:\/\/desteptati-va.ro\/wp-content\/uploads\/2021\/04\/image.png\",\"datePublished\":\"2021-04-13T10:10:23+00:00\",\"author\":{\"@id\":\"https:\/\/desteptati-va.ro\/#\/schema\/person\/13182deeebd44920914899f7bb262d6b\"},\"breadcrumb\":{\"@id\":\"https:\/\/desteptati-va.ro\/index.php\/2021\/04\/13\/biografia-generalului-iulian-vlad\/#breadcrumb\"},\"inLanguage\":\"ro-RO\",\"potentialAction\":[{\"@type\":\"ReadAction\",\"target\":[\"https:\/\/desteptati-va.ro\/index.php\/2021\/04\/13\/biografia-generalului-iulian-vlad\/\"]}]},{\"@type\":\"ImageObject\",\"inLanguage\":\"ro-RO\",\"@id\":\"https:\/\/desteptati-va.ro\/index.php\/2021\/04\/13\/biografia-generalului-iulian-vlad\/#primaryimage\",\"url\":\"https:\/\/desteptati-va.ro\/wp-content\/uploads\/2021\/04\/image.png\",\"contentUrl\":\"https:\/\/desteptati-va.ro\/wp-content\/uploads\/2021\/04\/image.png\",\"width\":500,\"height\":271},{\"@type\":\"BreadcrumbList\",\"@id\":\"https:\/\/desteptati-va.ro\/index.php\/2021\/04\/13\/biografia-generalului-iulian-vlad\/#breadcrumb\",\"itemListElement\":[{\"@type\":\"ListItem\",\"position\":1,\"name\":\"Prima pagin\u0103\",\"item\":\"https:\/\/desteptati-va.ro\/\"},{\"@type\":\"ListItem\",\"position\":2,\"name\":\"BIOGRAFIA GENERALULUI IULIAN VLAD\"}]},{\"@type\":\"WebSite\",\"@id\":\"https:\/\/desteptati-va.ro\/#website\",\"url\":\"https:\/\/desteptati-va.ro\/\",\"name\":\"\",\"description\":\"\",\"potentialAction\":[{\"@type\":\"SearchAction\",\"target\":{\"@type\":\"EntryPoint\",\"urlTemplate\":\"https:\/\/desteptati-va.ro\/?s={search_term_string}\"},\"query-input\":{\"@type\":\"PropertyValueSpecification\",\"valueRequired\":true,\"valueName\":\"search_term_string\"}}],\"inLanguage\":\"ro-RO\"},{\"@type\":\"Person\",\"@id\":\"https:\/\/desteptati-va.ro\/#\/schema\/person\/13182deeebd44920914899f7bb262d6b\",\"name\":\"wolfsoftcompany\",\"image\":{\"@type\":\"ImageObject\",\"inLanguage\":\"ro-RO\",\"@id\":\"https:\/\/desteptati-va.ro\/#\/schema\/person\/image\/\",\"url\":\"https:\/\/secure.gravatar.com\/avatar\/a6cce9b6d101d27d91690e7073e300fed94c0899890bf998e082cb9d2c3d121e?s=96&d=mm&r=g\",\"contentUrl\":\"https:\/\/secure.gravatar.com\/avatar\/a6cce9b6d101d27d91690e7073e300fed94c0899890bf998e082cb9d2c3d121e?s=96&d=mm&r=g\",\"caption\":\"wolfsoftcompany\"},\"sameAs\":[\"http:\/\/desteptati-va.ro\"],\"url\":\"https:\/\/desteptati-va.ro\/index.php\/author\/wolfsoftcompany\/\"}]}<\/script>\r\n<!-- \/ Yoast SEO plugin. -->","yoast_head_json":{"title":"BIOGRAFIA GENERALULUI IULIAN VLAD -","robots":{"index":"index","follow":"follow","max-snippet":"max-snippet:-1","max-image-preview":"max-image-preview:large","max-video-preview":"max-video-preview:-1"},"canonical":"https:\/\/desteptati-va.ro\/index.php\/2021\/04\/13\/biografia-generalului-iulian-vlad\/","og_locale":"ro_RO","og_type":"article","og_title":"BIOGRAFIA GENERALULUI IULIAN VLAD -","og_description":"IULIAN VLAD \u2013 UN ROM\u00c2N PROFESIONIST \u00ceN FRUNTEA SECURIT\u0102\u0162II \u00a0\u201eDorim s\u0103 se cunoasc\u0103 faptul c\u0103 generalul-colonel (r) Vlad N. IulianRead More","og_url":"https:\/\/desteptati-va.ro\/index.php\/2021\/04\/13\/biografia-generalului-iulian-vlad\/","article_published_time":"2021-04-13T10:10:23+00:00","og_image":[{"width":500,"height":271,"url":"https:\/\/desteptati-va.ro\/wp-content\/uploads\/2021\/04\/image.png","type":"image\/png"}],"author":"wolfsoftcompany","twitter_card":"summary_large_image","twitter_misc":{"Scris de":"wolfsoftcompany","Timp estimat pentru citire":"35 de minute"},"schema":{"@context":"https:\/\/schema.org","@graph":[{"@type":"Article","@id":"https:\/\/desteptati-va.ro\/index.php\/2021\/04\/13\/biografia-generalului-iulian-vlad\/#article","isPartOf":{"@id":"https:\/\/desteptati-va.ro\/index.php\/2021\/04\/13\/biografia-generalului-iulian-vlad\/"},"author":{"name":"wolfsoftcompany","@id":"https:\/\/desteptati-va.ro\/#\/schema\/person\/13182deeebd44920914899f7bb262d6b"},"headline":"BIOGRAFIA GENERALULUI IULIAN VLAD","datePublished":"2021-04-13T10:10:23+00:00","mainEntityOfPage":{"@id":"https:\/\/desteptati-va.ro\/index.php\/2021\/04\/13\/biografia-generalului-iulian-vlad\/"},"wordCount":7020,"commentCount":0,"image":{"@id":"https:\/\/desteptati-va.ro\/index.php\/2021\/04\/13\/biografia-generalului-iulian-vlad\/#primaryimage"},"thumbnailUrl":"https:\/\/desteptati-va.ro\/wp-content\/uploads\/2021\/04\/image.png","keywords":["patriot","Securitatea"],"articleSection":["Eroi si tradatori","Romania sub Ceausescu"],"inLanguage":"ro-RO","potentialAction":[{"@type":"CommentAction","name":"Comment","target":["https:\/\/desteptati-va.ro\/index.php\/2021\/04\/13\/biografia-generalului-iulian-vlad\/#respond"]}]},{"@type":"WebPage","@id":"https:\/\/desteptati-va.ro\/index.php\/2021\/04\/13\/biografia-generalului-iulian-vlad\/","url":"https:\/\/desteptati-va.ro\/index.php\/2021\/04\/13\/biografia-generalului-iulian-vlad\/","name":"BIOGRAFIA GENERALULUI IULIAN VLAD -","isPartOf":{"@id":"https:\/\/desteptati-va.ro\/#website"},"primaryImageOfPage":{"@id":"https:\/\/desteptati-va.ro\/index.php\/2021\/04\/13\/biografia-generalului-iulian-vlad\/#primaryimage"},"image":{"@id":"https:\/\/desteptati-va.ro\/index.php\/2021\/04\/13\/biografia-generalului-iulian-vlad\/#primaryimage"},"thumbnailUrl":"https:\/\/desteptati-va.ro\/wp-content\/uploads\/2021\/04\/image.png","datePublished":"2021-04-13T10:10:23+00:00","author":{"@id":"https:\/\/desteptati-va.ro\/#\/schema\/person\/13182deeebd44920914899f7bb262d6b"},"breadcrumb":{"@id":"https:\/\/desteptati-va.ro\/index.php\/2021\/04\/13\/biografia-generalului-iulian-vlad\/#breadcrumb"},"inLanguage":"ro-RO","potentialAction":[{"@type":"ReadAction","target":["https:\/\/desteptati-va.ro\/index.php\/2021\/04\/13\/biografia-generalului-iulian-vlad\/"]}]},{"@type":"ImageObject","inLanguage":"ro-RO","@id":"https:\/\/desteptati-va.ro\/index.php\/2021\/04\/13\/biografia-generalului-iulian-vlad\/#primaryimage","url":"https:\/\/desteptati-va.ro\/wp-content\/uploads\/2021\/04\/image.png","contentUrl":"https:\/\/desteptati-va.ro\/wp-content\/uploads\/2021\/04\/image.png","width":500,"height":271},{"@type":"BreadcrumbList","@id":"https:\/\/desteptati-va.ro\/index.php\/2021\/04\/13\/biografia-generalului-iulian-vlad\/#breadcrumb","itemListElement":[{"@type":"ListItem","position":1,"name":"Prima pagin\u0103","item":"https:\/\/desteptati-va.ro\/"},{"@type":"ListItem","position":2,"name":"BIOGRAFIA GENERALULUI IULIAN VLAD"}]},{"@type":"WebSite","@id":"https:\/\/desteptati-va.ro\/#website","url":"https:\/\/desteptati-va.ro\/","name":"","description":"","potentialAction":[{"@type":"SearchAction","target":{"@type":"EntryPoint","urlTemplate":"https:\/\/desteptati-va.ro\/?s={search_term_string}"},"query-input":{"@type":"PropertyValueSpecification","valueRequired":true,"valueName":"search_term_string"}}],"inLanguage":"ro-RO"},{"@type":"Person","@id":"https:\/\/desteptati-va.ro\/#\/schema\/person\/13182deeebd44920914899f7bb262d6b","name":"wolfsoftcompany","image":{"@type":"ImageObject","inLanguage":"ro-RO","@id":"https:\/\/desteptati-va.ro\/#\/schema\/person\/image\/","url":"https:\/\/secure.gravatar.com\/avatar\/a6cce9b6d101d27d91690e7073e300fed94c0899890bf998e082cb9d2c3d121e?s=96&d=mm&r=g","contentUrl":"https:\/\/secure.gravatar.com\/avatar\/a6cce9b6d101d27d91690e7073e300fed94c0899890bf998e082cb9d2c3d121e?s=96&d=mm&r=g","caption":"wolfsoftcompany"},"sameAs":["http:\/\/desteptati-va.ro"],"url":"https:\/\/desteptati-va.ro\/index.php\/author\/wolfsoftcompany\/"}]}},"_links":{"self":[{"href":"https:\/\/desteptati-va.ro\/index.php\/wp-json\/wp\/v2\/posts\/3442","targetHints":{"allow":["GET"]}}],"collection":[{"href":"https:\/\/desteptati-va.ro\/index.php\/wp-json\/wp\/v2\/posts"}],"about":[{"href":"https:\/\/desteptati-va.ro\/index.php\/wp-json\/wp\/v2\/types\/post"}],"author":[{"embeddable":true,"href":"https:\/\/desteptati-va.ro\/index.php\/wp-json\/wp\/v2\/users\/1"}],"replies":[{"embeddable":true,"href":"https:\/\/desteptati-va.ro\/index.php\/wp-json\/wp\/v2\/comments?post=3442"}],"version-history":[{"count":1,"href":"https:\/\/desteptati-va.ro\/index.php\/wp-json\/wp\/v2\/posts\/3442\/revisions"}],"predecessor-version":[{"id":3444,"href":"https:\/\/desteptati-va.ro\/index.php\/wp-json\/wp\/v2\/posts\/3442\/revisions\/3444"}],"wp:featuredmedia":[{"embeddable":true,"href":"https:\/\/desteptati-va.ro\/index.php\/wp-json\/wp\/v2\/media\/3129"}],"wp:attachment":[{"href":"https:\/\/desteptati-va.ro\/index.php\/wp-json\/wp\/v2\/media?parent=3442"}],"wp:term":[{"taxonomy":"category","embeddable":true,"href":"https:\/\/desteptati-va.ro\/index.php\/wp-json\/wp\/v2\/categories?post=3442"},{"taxonomy":"post_tag","embeddable":true,"href":"https:\/\/desteptati-va.ro\/index.php\/wp-json\/wp\/v2\/tags?post=3442"}],"curies":[{"name":"wp","href":"https:\/\/api.w.org\/{rel}","templated":true}]}}