{"id":3449,"date":"2021-04-13T10:16:40","date_gmt":"2021-04-13T10:16:40","guid":{"rendered":"http:\/\/desteptati.ro\/?p=3449"},"modified":"2021-04-13T10:16:40","modified_gmt":"2021-04-13T10:16:40","slug":"poporul-meu-trebuie-sa-afle-si-sa-inteleaga","status":"publish","type":"post","link":"https:\/\/desteptati-va.ro\/index.php\/2021\/04\/13\/poporul-meu-trebuie-sa-afle-si-sa-inteleaga\/","title":{"rendered":"Poporul meu trebuie s\u0103 afle \u0219i s\u0103 \u00een\u021beleag\u0103!"},"content":{"rendered":"<div class=\"post-content\"><div class='booster-block booster-read-block'>\n                <div class=\"twp-read-time\">\n                \t<i class=\"booster-icon twp-clock\"><\/i> <span>Read Time:<\/span>10 Minute, 12 Second                <\/div>\n\n            <\/div><h4><\/h4>\r\n<h3><span style=\"color: #ff0000;\"><span style=\"font-family: Times New Roman; font-size: normal;\">Material exceptional <\/span><span style=\"font-family: Times New Roman; font-size: normal;\">\u00a0\u00a0<\/span><\/span><\/h3>\r\n<h4><span style=\"font-family: Times New Roman; font-size: normal;\">\u00a0<\/span>Pe la \u00eenceputul anilor 2000, exista un talk-show pe ANTENA 1, care se numea: &#8222;Marius Tuc\u0103 Show&#8221;. Acest\u00a0 ziarist invita \u00een emisiunile sale, cele mai reprezentative personalit\u0103\u0163iale momentului, de la pre\u015fedintele statului, primul ministru \u015fi membri ai guvernului, p\u00e2n\u0103 la sportivi, oameni de cultur\u0103 sau de \u015ftiin\u0163\u0103&#8230; pe scurt, invita \u00een fiecare sear\u0103, OMUL ZILEI! &#8230;Era unul dintre programele urm\u0103rite, \u00eentruc\u00e2t realizatorul nu-\u015fi &#8222;ierta&#8221; pentru nimic \u00een lume invitatul, supun\u00e2ndu-l unui continuu tir de \u00eentreb\u0103ri,care de care mai provocatoare \u015fi mai indiscrete referitoare la activitatea profesional\u0103 sau ac\u0163iunile publice ale acestuia. Totul cu bun sim\u0163. \u00centr-o sear\u0103 de acum circa zece ani, l-a avut ca invitat pe marele nostru economist \u015fi academician Anghel Rugin\u0103, profesor universitar de anvergur\u0103 mondial\u0103, care s-a stins din via\u0163a de cur\u00e2nd, din p\u0103cate&#8230; Emisiunea de pe Antena 1 din acea sear\u0103 avea s\u0103 devin\u0103, pentru to\u0163i cei care am urm\u0103rit-o, absolut memorabil\u0103. Sub Ceau\u015fescu, Anghel Rugin\u0103 a fugit din \u0163ar\u0103 , trec\u00e2nd Dun\u0103rea \u00eenot la s\u00e2rbi. A fost r\u0103nit la picior de un gr\u0103nicer rom\u00e2n, dar a reu\u015fit \u00een cele din urm\u0103 s\u0103 ajung\u0103 \u00een Statele Unite, unde a devenit membru corespondent al Academiei Statelor Unite, \u015fef de comisii economice \u015fi consilier \u00een diferite guverne \u00a0americane. Pentru cine vrea s\u0103 se edifice mai pe larg despre personalitatea acestui rom\u00e2n de excep\u0163ie recomand lectura de pe Wikipedia \u015fi din alte surse on-line.<\/h4>\r\n<h4>La un moment dat, cu toat\u0103 experien\u0163a sa, Marius Tuc\u0103 a sc\u0103pat invitatul de sub control. Personajul &#8222;de mare calibru&#8221;din acea sear\u0103,a pus treptat st\u0103p\u00e2nire pe emisiune, toat\u0103 preg\u0103tirea acesteia duc\u00e2ndu-se &#8222;pe apa S\u00e2mbetei&#8221;, deoarece r\u0103spunsurile sale la \u00eentreb\u0103rile moderatorului dep\u0103\u015feau cu mult tiparul emisiunii, \u00a0prin amplitudine, \u00a0prin modul \u00een care erau documentate \u015fi mai ales prin consecin\u0163ele lor!&#8230; Erau r\u0103spunsuri care impuneau de la sine alte \u00eentreb\u0103ri \u015fi tot a\u015fa&#8230; Ca un bulg\u0103re de z\u0103pad\u0103 l\u0103sat s\u0103 se rostogoleasc\u0103 pe o pant\u0103 proasp\u0103t nins\u0103!&#8230; Dar s\u0103 vedem ce s-a \u00eent\u00e2mplat, concret!<\/h4>\r\n<h4>Domnul Rugin\u0103 a afirmat la un moment dat, c\u0103 a fost invitat acas\u0103 la George Bush! La &#8222;CASA ALB\u0102&#8221;, bine\u00een\u0163eles. Fiica domniei sale era prieten\u0103 \u015fi coleg\u0103 de facultate cu gemenele pre\u015fedintelui american, iar acesta a vrut s\u0103 \u00eel cunoasc\u0103 personal, a\u015fa c\u0103 l-a invitat la o cin\u0103 \u00een cel mai bine p\u0103zit obiectiv al planetei. \u015ei c\u00e2nd Marius Tuc\u0103 l-a \u00eentrebat cum e de fapt pre\u015fedintele american &#8222;\u00een privat&#8221;, au \u00eenceput dezv\u0103luirile:<\/h4>\r\n<h4>&#8222;George Bush este un texan simpatic, cinstit \u015fi foarte de treab\u0103, dar nu face ce vrea el!&#8230;&#8221; &#8222;Cum, adic\u0103, nu face ce vrea el? P\u0103i nu este el cel mai puternic om de pe planet\u0103? Nu conduce el guvernul celui mai puternic stat din lume?&#8221;A \u00eentrebat, Tuc\u0103.&#8221;P\u0103i, nu prea&#8230;&#8221; a r\u0103spuns domnul profesor. &#8222;Se vede treaba c\u0103 trebuie s\u0103 fac unele preciz\u0103ri&#8221;, a mai spus domnia sa, &#8222;cas\u0103 se \u015ftie \u015fi ca s\u0103 pute\u0163i \u00een\u0163elege mai bine&#8221;!&#8230;<\/h4>\r\n<h4>Apoi a continuat: &#8222;Dragii mei, lumea asta este condus\u0103 de un fel de guvern mondial, format dintr-un grup de circa 250-300 de persoane,super-bogate, super-puternice \u015fi super-bine-informate, care tr\u0103iesc &#8222;ca \u00een s\u00e2nul lui Adam&#8221;! Oamenii \u0103\u015ftia de\u0163in puterea absolut\u0103 pe planet\u0103. \u00cen afar\u0103 de accesul imediat la toate resursele economice \u015fi la cele mai recente descoperiri tehnico-\u015ftiin\u0163ifice, multe \u0163inute \u00een secret, au la dispozi\u0163ie, \u00een toate \u0163\u0103rile lumii, institute de cercet\u0103ri psiho-sociologice, cu ajutorul c\u0103rora \u0163in sub control toate popoarele planetei. Acestea le indic\u0103 personajele politice cele mai &#8222;potrivite&#8221; pentru a &#8222;c\u00e2\u015ftiga alegerile&#8221;, \u00een mod &#8222;democratic&#8221; \u00een cele mai importante state ale lumii; importante nu numai ca num\u0103r de locuitori, dar mai ales prin resursele lor naturale, prin puterea economic\u0103, militar\u0103 sau prin pozi\u0163ia lor strategic\u0103.<\/h4>\r\n<h4>Practic to\u0163i conduc\u0103torii statelor importante ale planetei sunt&#8221;ale\u015fi&#8221;cu &#8222;binecuv\u00e2ntarea&#8221; acestui &#8222;GRUP&#8221;, \u015fi to\u0163i cei ale\u015fi nu fac altceva dec\u00e2t s\u0103 pun\u0103 \u00een practic\u0103 &#8222;directivele&#8221; trasate de acesta&#8230;&#8221;<\/h4>\r\n<h4><span style=\"color: #ff0000;\">\u00centrebare telefonic\u0103 de la un telespectator:<\/span><\/h4>\r\n<h4>&#8222;Domnule Anghel Rugin\u0103,face \u015fi Rom\u00e2nia parte dintre \u0163\u0103rile vizate de &#8222;GRUP&#8221;?&#8221;\r\n&#8222;Da. \u015ei ca dovad\u0103 v\u0103 aduc faptul c\u0103, \u00eenainte cu dou\u0103 luni de alegerile din 2000, persoana care a c\u00e2\u015ftigat alegerile preziden\u0163iale, a fost \u00een vizit\u0103 &#8222;privat\u0103&#8221; \u00een Statele Unite, iar la dou\u0103 s\u0103pt\u0103m\u00e2ni de la c\u00e2\u015ftigarea alegerilor, primul ministru proasp\u0103t numit a f\u0103cut acela\u015fi lucru. Au fost am\u00e2ndoi s\u0103-\u015fi ia &#8222;foaia de drum&#8221;&#8230;<\/h4>\r\n<h4><span style=\"color: #ff0000;\"><strong><span style=\"text-decoration: underline;\">Replic\u0103 telefonic\u0103<\/span><\/strong>: &#8222;Adic\u0103 dumneavoastr\u0103 vre\u0163i s\u0103 spune\u0163i c\u0103 pe pre\u015fedintele nostru ni l-au ales americanii?&#8221;<\/span>\r\nR\u0103spuns: &#8222;Nu o spun eu. A\u015fa este. Numai c\u0103 nu americanii, ci &#8222;GRUPUL&#8221;care conduce. \u00cen America a avut loc doar acceptarea \u015fi instruirea personajelor.&#8221;<\/h4>\r\n<h4><strong>Replic\u0103<\/strong>: &#8222;S\u0103 v\u0103 fie ru\u015fine domnule, Rugin\u0103&#8230; S\u0103 v\u0103 fie ru\u015fine c\u0103 a\u0163i ajuns la v\u00e2rsta pe care o ave\u0163i, cu capul plin de p\u0103r alb, ca \u015fi mine \u015fi c\u0103 ne min\u0163i\u0163i \u00een halul \u0103sta&#8230; Nu \u015ftiu ce interes ave\u0163i s\u0103 o face\u0163i, dar vreau s\u0103 v\u0103 spun c\u0103 pe pre\u015fedintele nostru l-am ales noi, cu to\u0163ii, prin votul nostru, c\u0103 a\u015fa am vrut noi! S\u0103 v\u0103 fie clar: a\u015fa am vrut noi! \u015ei apoi cum s\u0103 ni-l aleag\u0103 al\u0163ii c\u00e2nd este o comisie de votare care verific\u0103 vot cu vot, de la toate partidele&#8230; Sunte\u0163i un mincinos! Domnule Marius Tuc\u0103, nu mai chema\u0163i, domnule, din \u0103\u015ftia&#8230;Bun\u0103 seara!&#8230;&#8221;<\/h4>\r\n<h4>Anghel Rugin\u0103, (A.R.): &#8222;Drag\u0103 domnule, te felicit!&#8230; Te felicit c\u0103 ai ajuns la v\u00e2rsta la care ai capul plin de p\u0103r alb \u015fi c\u0103 ai tr\u0103it p\u00e2n\u0103 acum cu impresia c\u0103 ai putere! C\u0103 votul t\u0103u conteaz\u0103! Po\u0163i s\u0103 mori fericit \u00een cazul \u0103sta! Eu nu am vorbit pentru cei care au v\u00e2rsta \u015fi convingerile dumitale. Eu am vorbit pentru cine are urechi s\u0103 aud\u0103 \u015fi minte s\u0103 \u00een\u0163eleag\u0103!&#8230;\u00cen ceea ce prive\u015fte votul, nu uita\u0163i vorbele lui Stalin, care zicea c\u0103 nu conteaz\u0103 cine \u015fi ce voteaz\u0103, conteaz\u0103 doar cine num\u0103r\u0103 voturile! Ast\u0103zi cu voturile centralizate electronic treaba asta a devenit un simplu joc pentru un informatician: cu un program de\u015ftept, printr-o simpl\u0103 atingere a unei anumite taste, voturile in plus ale unui candidat se adun\u0103 discret la cel care trebuie s\u0103 ias\u0103&#8230; \u00cemi spui c\u0103 nu \u015ftii ce interes am&#8230; Am interesul ca POPORUL MEU S\u0102 AFLE&#8230; S\u0103 afle \u015fi S\u0102 \u00ceN\u0162ELEAG\u0102!&#8230; S\u0103 \u00een\u0163eleag\u0103 c\u0103 la nivel global &#8222;c\u0103r\u0163ile sunt f\u0103cute&#8221;! Oamenii \u0103\u015ftia sunt prea de\u015ftep\u0163i \u015fi prea puternici!&#8230;&#8221;<\/h4>\r\n<h4><span style=\"color: #ff0000;\">Alt telespectator (TS), \u00eentreab\u0103: &#8222;Dar cine sunt oamenii \u0103\u015ftia? Este vorba de Franc-masonerie?&#8221;<\/span>\r\nA.R.: &#8222;Sunt \u015fi masoni \u00een &#8222;grup&#8221;, dar nu sunt majoritari!&#8221;\r\nTS, (chiar dac\u0103 se trateaz\u0103 de un alt telespectator l\u0103s\u0103m ini\u0163ialele\r\ncu titlu generic, pentru cursivitatea mesajului):<span style=\"color: #ff0000;\">&#8222;Atunci, despre cine este vorba? E sultanul Bruneiului? Bill Gates?Sau cine altcineva?&#8221;<\/span>\r\nA.R.: &#8222;Mai, b\u0103ie\u0163i&#8230; Pe oamenii \u0103\u015ftia nu-i cunoa\u015fte nimeni&#8230; Adic\u0103 nimeni dintre &#8222;muritorii de r\u00e2nd&#8221;! Ce, sultan? Ce, Bill Gates? \u0102\u015ftia sunt mici copii, pe l\u00e2ng\u0103 cei din &#8222;GRUP&#8221;! Trebuie s\u0103 \u00een\u0163elege\u0163i c\u0103 adev\u0103ra\u0163ii boga\u0163i ai lumii nu apar \u00een nici un top, al nici unei reviste&#8230; Se bucur\u0103 de anonimat pentru ca astfel s\u0103 aib\u0103 libertate deplin\u0103 de mi\u015fcare. Doar un num\u0103r limitat de persoane, alese pe spr\u00e2ncean\u0103, cunoa\u015fte identitatea unora dintre ei, alte persoane &#8222;alese&#8221;, cunosc pe altele, \u015fi tot a\u015fa. Nimeni nu poate pune toate piesele acestui puzzle \u00eempreun\u0103&#8230; Nici m\u0103car pre\u015fedin\u0163ii marilor state ale lumii. Directivele ajung la ei prin interpu\u015fi. V-am spus c\u0103 este vorba despre oameni deosebit de inteligen\u0163i \u015fi despre o organizare perfect\u0103!&#8230;&#8221;\r\n<span style=\"color: #ff0000;\">TS : &#8222;Atunci sunt evreii?&#8221;<\/span>\r\nA.R.: &#8222;Sunt \u015fi evrei dar nu sunt majoritari!&#8221;\r\nTS:<span style=\"color: #ff0000;\"> &#8222;Arabii? Sunt \u015fi arabi? C\u0103 \u0103\u015ftia au petrol&#8230;&#8221;<\/span>\r\nA.R.: &#8222;Dragii mei, sunt reprezentan\u0163i de peste tot, \u00eentr-o propor\u0163ie echilibrat\u0103. \u00cen asta \u015fi const\u0103 succesul &#8222;GRUPULUI&#8221;, deciziile \u00een interiorul lui se iau \u00eentr-un mod absolut democratic, iar locul \u00een acest &#8222;GRUP&#8221;se mo\u015ftene\u015fte, pe principii monarhice, cei ce urmeaz\u0103 s\u0103 intre fiind foarte bine testa\u0163i \u015fi preg\u0103ti\u0163i \u00een acest sens&#8230;\r\nTS: <span style=\"color: #ff0000;\">&#8222;Bun, \u015fi cam de c\u00e2nd se \u00eent\u00e2mpl\u0103 chestiile astea?&#8221;<\/span>\r\nA.R.: &#8222;Se zice c\u0103 acest &#8222;GRUP&#8221; a luat fiin\u0163\u0103 cam pe la \u00eenceputul anilor 1800, cu scopul declarat de a prelua conducerea lumii. Prima mi\u015fcare cu relevan\u0163\u0103 la nivel planetar ar fi fost ini\u0163ierea valului de revolu\u0163ii din Europa anilor 1848. Apoi &#8222;GRUPUL&#8221; a \u00eencercat preluarea puterii pe tot globul prin intermediul ideologiei comuniste.&#8221;\r\nTS: &#8222;Cum adic\u0103, s\u0103 preia puterea \u00een lume cu ajutorul comunismului? \u00a0P\u0103i comunismul nu zice c\u0103 totul este al tuturor? Nu \u00een\u0163eleg. Pute\u0163i s\u0103 ne explica\u0163i?&#8221;<\/h4>\r\n<h4>A.R.: &#8222;O.K. S\u0103 ra\u0163ion\u0103m un pic&#8230; Deci ideologia comunist\u0103 spune c\u0103 totul este al tuturor, este adev\u0103rat, dar \u015fi c\u0103 nimeni nu poate dezlipi nici un strop din bunurile \u00een comun pentru folosul s\u0103u personal. Deci totul este al tuturor \u015fi \u00een particular al nim\u0103nui. \u015ei chiar dac\u0103 nu sunt ale nim\u0103nui, dup\u0103 victoria planetar\u0103 a comunismului, aceste bunuri trebuiesc totu\u015fi &#8222;administrate&#8221; de cineva. \u015ei de ce acel cineva n-ar putea fi un &#8222;GRUP&#8221;, de administratori la nivel mondial de, s\u0103 zicem&#8230; 250-300 de persoane!&#8230; &#8221; &#8230;Toat\u0103 lumea&#8230; mut\u0103. Inclusiv Marius Tuc\u0103&#8230;<\/h4>\r\n<h4>\u015ei domnul profesor a continuat: &#8222;Toate mi\u015fc\u0103rile de rezonan\u0163\u0103 mondial\u0103 de dup\u0103 1848, s-ar fi produs cu acceptul acestui &#8222;GRUP&#8221;. Totul este bine studiat. Totul este cu un scop precis. Bine\u00een\u0163eles c\u0103 au ap\u0103rut \u015fi evenimente neprev\u0103zute. La un moment dat, liderii comuni\u015fti, supu\u015fi unei propagande de\u015f\u0103n\u0163ate cu scopul cre\u0103rii cultului personalit\u0103\u0163ii,pe criterii de marketing politic, au \u00eenceput ei \u00een\u015fi\u015fi s\u0103 cread\u0103 \u00een ceea ce propov\u0103duiau \u015fi s\u0103 se cread\u0103 ni\u015fte ZEI \u00een via\u0163\u0103, a\u015fa c\u0103 au sc\u0103pat de sub control. \u015ei atunci a fost nevoie de crearea unei ideologii care s\u0103 contrabalanseze comunismul \u015fi anume fascismul. \u015ei a\u015fa a pornit cel de-al doilea r\u0103zboi mondial&#8230; \u015ei c\u00e2nd \u015fi fascismul a \u00eenceput s\u0103 aib\u0103 derapaje i s-a opus o coali\u0163ie mondial\u0103, \u015fi pentru c\u0103 nu fusese \u00eenfr\u00e2nt comunismul &#8222;independent&#8221;, a fost nevoie de un &#8222;r\u0103zboi rece&#8221;, care s-a \u00eencheiat a\u015fa cum \u015ftim cu to\u0163ii, cu victoria &#8222;GRUPULUI&#8221;, asupra copilului rebel &#8211; comunismul! Acum suntem \u00een faza \u00een care &#8222;GRUPUL&#8221; se concentreaz\u0103 asupra unei noi strategii de putere \u015fi anume &#8222;GLOBALIZAREA&#8221;. Au fost create organisme la nivel global \u00een sprijinul acestui concept: NATO, G8, G20, FMI, Banca Mondial\u0103, BERD, Comunitatea European\u0103, etc&#8230; Trebuie s\u0103 recunoa\u015ftem c\u0103 acest &#8222;GRUP&#8221; a avut un rol foarte important \u00een men\u0163inerea unui echilibru strategic la nivel mondial. \u00cen perioada domina\u0163iei acestuia, nivelul de trai al popula\u0163iei a crescut \u00een mod constant, nu peste tot e drept dar \u00eenc\u0103 se mai lucreaz\u0103 la acest lucru prin intermediul organismelor mondiale controlate de &#8222;GRUP&#8221;. De asemenea nivelul tehnologic a cunoscut un progres uria\u015f care nu ar fi fost posibil f\u0103r\u0103 direc\u0163ionarea resurselor necesare \u00een acest sens.\r\n&#8222;Drepturile omului&#8221;sunt impuse permanent pe ordinea de zi a tuturor reuniunilor la nivel mondial, sau regional, acolo unde acestea nu sunt la \u00een\u0103l\u0163imea momentului. \u00cen general se impune o nou\u0103 ordine mondial\u0103,care \u00eencearc\u0103 s\u0103 \u00eenl\u0103ture haosul, anarhia \u015fi pericolele poten\u0163iale la nivel planetar&#8230;V-am spus c\u0103 este vorba despre persoane deosebit de inteligente. E drept, uneori sunt mai r\u0103i c\u00e2inii, c\u0103 st\u0103p\u00e2nii, dar sunt sigur c\u0103 la momentul oportun, st\u0103p\u00e2nii \u00ee\u015fi vor pune c\u00e2inii cu botul pe labe !&#8230;&#8221;<\/h4>\r\n<h4>Marius Tuc\u0103 (M.T.):<span style=\"color: #ff0000;\"> &#8222;Domnule Anghel Rugin\u0103, m-a\u0163i uimit! De unde \u015fti\u0163i toate astea?<\/span>\r\nA.R.: &#8222;\u00cen cercurile academice americane se dezbat destul de des subiecte de genul \u0103sta!&#8221;\r\nM.T.: <span style=\"color: #ff0000;\">&#8222;\u015ei nu v\u0103 este fric\u0103 s\u0103 dezv\u0103lui\u0163i aceste lucruri?&#8221;<\/span>\r\nA.R.: &#8222;\u00cen primul r\u00e2nd, am o v\u00e2rst\u0103: &#8222;mi-am tr\u0103it traiul, mi-am m\u00e2ncat m\u0103laiul&#8221;, \u015fi apoi sunt lucruri, repet, deja cunoscute, iar scopul pentru care am f\u0103cut-o este de a limpezi cumva apele \u015fi de a potoli spiritele \u00eenfierb\u00e2ntate din Rom\u00e2nia, care \u00eenc\u0103 mai cred c\u0103 tot ceea ce zboar\u0103 se m\u0103n\u00e2nc\u0103!&#8230;&#8221;\r\nTS:<span style=\"color: #ff0000;\"> &#8222;\u015ei noi ce trebuie s\u0103 facem?&#8221;<\/span>\r\nA.R.: &#8222;Aici am vrut s\u0103 ajungem cu discu\u0163ia noastr\u0103!&#8230; Pentru noi,important este s\u0103 ne facem via\u0163a frumoas\u0103 \u00een jurul nostru.S\u0103 l\u0103s\u0103m g\u00e2ndurile mari, la scara interna\u0163ional\u0103, c\u0103 acolo jocurile sunt f\u0103cute \u015fi echilibrele nu trebuiesc rupte! Nu avem nici informa\u0163iile, nici competen\u0163a, nici resursele \u015fi nici mijloacele necesare s\u0103 ac\u0163ion\u0103m la un nivel at\u00e2t de \u00eenalt. Putem \u00een schimb s\u0103 ne comport\u0103m civilizat, s\u0103 ne educ\u0103m bine copiii,s\u0103 ne conserv\u0103m \u015fi s\u0103 ne protej\u0103m mediul \u00een care tr\u0103im, s\u0103 ne respect\u0103m \u015fi s\u0103 ne ajut\u0103m, pe scurt: s\u0103 ne tr\u0103im via\u0163a lini\u015fti\u0163i&#8230;&#8221;<\/h4>\r\n<h4><\/h4>\r\n<h4><em><span style=\"color: #c0c0c0; font-family: Times New Roman;\">\u00a0Sursa: Blogosfera<\/span><\/em><\/h4>        <div class=\"booster-block booster-reactions-block\">\n            <div class=\"twp-reactions-icons\">\n                \n                <div class=\"twp-reacts-wrap\">\n                    <a react-data=\"be-react-1\" post-id=\"3449\" class=\"be-face-icons un-reacted\" href=\"javascript:void(0)\">\n                        <img decoding=\"async\" src=\"https:\/\/desteptati-va.ro\/wp-content\/plugins\/booster-extension\/\/assets\/icon\/happy.svg\" alt=\"Happy\">\n                    <\/a>\n                    <div class=\"twp-reaction-title\">\n                        Happy                    <\/div>\n                    <div class=\"twp-count-percent\">\n                                                    <span style=\"display: none;\" class=\"twp-react-count\">0<\/span>\n                        \n                                                <span class=\"twp-react-percent\"><span>0<\/span> %<\/span>\n                                            <\/div>\n                <\/div>\n\n                <div class=\"twp-reacts-wrap\">\n                    <a react-data=\"be-react-2\" post-id=\"3449\" class=\"be-face-icons un-reacted\" href=\"javascript:void(0)\">\n                        <img decoding=\"async\" src=\"https:\/\/desteptati-va.ro\/wp-content\/plugins\/booster-extension\/\/assets\/icon\/sad.svg\" alt=\"Sad\">\n                    <\/a>\n                    <div class=\"twp-reaction-title\">\n                        Sad                    <\/div>\n                    <div class=\"twp-count-percent\">\n                                                    <span style=\"display: none;\" class=\"twp-react-count\">0<\/span>\n                                                                        <span class=\"twp-react-percent\"><span>0<\/span> %<\/span>\n                                            <\/div>\n                <\/div>\n\n                <div class=\"twp-reacts-wrap\">\n                    <a react-data=\"be-react-3\" post-id=\"3449\" class=\"be-face-icons un-reacted\" href=\"javascript:void(0)\">\n                        <img decoding=\"async\" src=\"https:\/\/desteptati-va.ro\/wp-content\/plugins\/booster-extension\/\/assets\/icon\/excited.svg\" alt=\"Excited\">\n                    <\/a>\n                    <div class=\"twp-reaction-title\">\n                        Excited                    <\/div>\n                    <div class=\"twp-count-percent\">\n                                                    <span style=\"display: none;\" class=\"twp-react-count\">0<\/span>\n                                                                        <span class=\"twp-react-percent\"><span>0<\/span> %<\/span>\n                                            <\/div>\n                <\/div>\n\n                <div class=\"twp-reacts-wrap\">\n                    <a react-data=\"be-react-6\" post-id=\"3449\" class=\"be-face-icons un-reacted\" href=\"javascript:void(0)\">\n                        <img decoding=\"async\" src=\"https:\/\/desteptati-va.ro\/wp-content\/plugins\/booster-extension\/\/assets\/icon\/sleepy.svg\" alt=\"Sleepy\">\n                    <\/a>\n                    <div class=\"twp-reaction-title\">\n                        Sleepy                    <\/div>\n                    <div class=\"twp-count-percent\">\n                                                    <span style=\"display: none;\" class=\"twp-react-count\">0<\/span>\n                        \n                                                <span class=\"twp-react-percent\"><span>0<\/span> %<\/span>\n                                            <\/div>\n                <\/div>\n\n                <div class=\"twp-reacts-wrap\">\n                    <a react-data=\"be-react-4\" post-id=\"3449\" class=\"be-face-icons un-reacted\" href=\"javascript:void(0)\">\n                        <img decoding=\"async\" src=\"https:\/\/desteptati-va.ro\/wp-content\/plugins\/booster-extension\/\/assets\/icon\/angry.svg\" alt=\"Angry\">\n                    <\/a>\n                    <div class=\"twp-reaction-title\">Angry<\/div>\n                    <div class=\"twp-count-percent\">\n                                                    <span style=\"display: none;\" class=\"twp-react-count\">0<\/span>\n                                                                        <span class=\"twp-react-percent\"><span>0<\/span> %<\/span>\n                        \n                    <\/div>\n                <\/div>\n\n                <div class=\"twp-reacts-wrap\">\n                    <a react-data=\"be-react-5\" post-id=\"3449\" class=\"be-face-icons un-reacted\" href=\"javascript:void(0)\">\n                        <img decoding=\"async\" src=\"https:\/\/desteptati-va.ro\/wp-content\/plugins\/booster-extension\/\/assets\/icon\/surprise.svg\" alt=\"Surprise\">\n                    <\/a>\n                    <div class=\"twp-reaction-title\">Surprise<\/div>\n                    <div class=\"twp-count-percent\">\n                                                    <span style=\"display: none;\" class=\"twp-react-count\">0<\/span>\n                                                                        <span class=\"twp-react-percent\"><span>0<\/span> %<\/span>\n                                            <\/div>\n                <\/div>\n\n            <\/div>\n        <\/div>\n\n    <\/div>","protected":false},"excerpt":{"rendered":"<p>Material exceptional \u00a0\u00a0 \u00a0Pe la \u00eenceputul anilor 2000, exista un talk-show pe ANTENA 1, care se numea: &#8222;Marius Tuc\u0103 Show&#8221;.<a href=\"https:\/\/desteptati-va.ro\/index.php\/2021\/04\/13\/poporul-meu-trebuie-sa-afle-si-sa-inteleaga\/\">Read More<i class=\"fa fa-long-arrow-right\" aria-hidden=\"true\"><\/i><\/a><\/p>\n","protected":false},"author":1,"featured_media":3451,"comment_status":"open","ping_status":"open","sticky":false,"template":"","format":"standard","meta":{"_crdt_document":"","footnotes":""},"categories":[40],"tags":[159,165],"class_list":["post-3449","post","type-post","status-publish","format-standard","has-post-thumbnail","hentry","category-eroi-si-tradatori","tag-patriot","tag-un-roman"],"rise-blocks_total_comments":0,"rise-blocks_categories":[{"term_id":40,"name":"Eroi si tradatori","slug":"eroi-si-tradatori","term_group":0,"term_taxonomy_id":40,"taxonomy":"category","description":"","parent":37,"count":3,"filter":"raw"}],"rise-blocks_excerpt":"Material exceptional \u00a0\u00a0 \u00a0Pe la \u00eenceputul anilor 2000, exista un talk-show pe ANTENA 1, care se numea: &#8222;Marius Tuc\u0103 Show&#8221;. Acest\u00a0 ziarist invita \u00een emisiunile sale, cele mai reprezentative personalit\u0103\u0163iale momentului, de la pre\u015fedintele statului, primul ministru \u015fi membri ai guvernului, p\u00e2n\u0103 la sportivi, oameni de cultur\u0103 sau de \u015ftiin\u0163\u0103&#8230; pe scurt, invita \u00een fiecare sear\u0103, OMUL ZILEI! &#8230;Era unul..","yoast_head":"<!-- This site is optimized with the Yoast SEO plugin v26.9 - https:\/\/yoast.com\/product\/yoast-seo-wordpress\/ -->\r\n<title>Poporul meu trebuie s\u0103 afle \u0219i s\u0103 \u00een\u021beleag\u0103! -<\/title>\r\n<meta name=\"robots\" content=\"index, follow, max-snippet:-1, max-image-preview:large, max-video-preview:-1\" \/>\r\n<link rel=\"canonical\" href=\"https:\/\/desteptati-va.ro\/index.php\/2021\/04\/13\/poporul-meu-trebuie-sa-afle-si-sa-inteleaga\/\" \/>\r\n<meta property=\"og:locale\" content=\"ro_RO\" \/>\r\n<meta property=\"og:type\" content=\"article\" \/>\r\n<meta property=\"og:title\" content=\"Poporul meu trebuie s\u0103 afle \u0219i s\u0103 \u00een\u021beleag\u0103! -\" \/>\r\n<meta property=\"og:description\" content=\"Material exceptional \u00a0\u00a0 \u00a0Pe la \u00eenceputul anilor 2000, exista un talk-show pe ANTENA 1, care se numea: &#8222;Marius Tuc\u0103 Show&#8221;.Read More\" \/>\r\n<meta property=\"og:url\" content=\"https:\/\/desteptati-va.ro\/index.php\/2021\/04\/13\/poporul-meu-trebuie-sa-afle-si-sa-inteleaga\/\" \/>\r\n<meta property=\"article:published_time\" content=\"2021-04-13T10:16:40+00:00\" \/>\r\n<meta property=\"og:image\" content=\"https:\/\/desteptati-va.ro\/wp-content\/uploads\/2021\/04\/anghel-1.png\" \/>\r\n\t<meta property=\"og:image:width\" content=\"268\" \/>\r\n\t<meta property=\"og:image:height\" content=\"201\" \/>\r\n\t<meta property=\"og:image:type\" content=\"image\/png\" \/>\r\n<meta name=\"author\" content=\"wolfsoftcompany\" \/>\r\n<meta name=\"twitter:card\" content=\"summary_large_image\" \/>\r\n<meta name=\"twitter:label1\" content=\"Scris de\" \/>\n\t<meta name=\"twitter:data1\" content=\"wolfsoftcompany\" \/>\n\t<meta name=\"twitter:label2\" content=\"Timp estimat pentru citire\" \/>\n\t<meta name=\"twitter:data2\" content=\"11 minute\" \/>\r\n<script type=\"application\/ld+json\" class=\"yoast-schema-graph\">{\"@context\":\"https:\/\/schema.org\",\"@graph\":[{\"@type\":\"Article\",\"@id\":\"https:\/\/desteptati-va.ro\/index.php\/2021\/04\/13\/poporul-meu-trebuie-sa-afle-si-sa-inteleaga\/#article\",\"isPartOf\":{\"@id\":\"https:\/\/desteptati-va.ro\/index.php\/2021\/04\/13\/poporul-meu-trebuie-sa-afle-si-sa-inteleaga\/\"},\"author\":{\"name\":\"wolfsoftcompany\",\"@id\":\"https:\/\/desteptati-va.ro\/#\/schema\/person\/13182deeebd44920914899f7bb262d6b\"},\"headline\":\"Poporul meu trebuie s\u0103 afle \u0219i s\u0103 \u00een\u021beleag\u0103!\",\"datePublished\":\"2021-04-13T10:16:40+00:00\",\"mainEntityOfPage\":{\"@id\":\"https:\/\/desteptati-va.ro\/index.php\/2021\/04\/13\/poporul-meu-trebuie-sa-afle-si-sa-inteleaga\/\"},\"wordCount\":2260,\"commentCount\":0,\"image\":{\"@id\":\"https:\/\/desteptati-va.ro\/index.php\/2021\/04\/13\/poporul-meu-trebuie-sa-afle-si-sa-inteleaga\/#primaryimage\"},\"thumbnailUrl\":\"https:\/\/desteptati-va.ro\/wp-content\/uploads\/2021\/04\/anghel-1.png\",\"keywords\":[\"patriot\",\"un roman\"],\"articleSection\":[\"Eroi si tradatori\"],\"inLanguage\":\"ro-RO\",\"potentialAction\":[{\"@type\":\"CommentAction\",\"name\":\"Comment\",\"target\":[\"https:\/\/desteptati-va.ro\/index.php\/2021\/04\/13\/poporul-meu-trebuie-sa-afle-si-sa-inteleaga\/#respond\"]}]},{\"@type\":\"WebPage\",\"@id\":\"https:\/\/desteptati-va.ro\/index.php\/2021\/04\/13\/poporul-meu-trebuie-sa-afle-si-sa-inteleaga\/\",\"url\":\"https:\/\/desteptati-va.ro\/index.php\/2021\/04\/13\/poporul-meu-trebuie-sa-afle-si-sa-inteleaga\/\",\"name\":\"Poporul meu trebuie s\u0103 afle \u0219i s\u0103 \u00een\u021beleag\u0103! -\",\"isPartOf\":{\"@id\":\"https:\/\/desteptati-va.ro\/#website\"},\"primaryImageOfPage\":{\"@id\":\"https:\/\/desteptati-va.ro\/index.php\/2021\/04\/13\/poporul-meu-trebuie-sa-afle-si-sa-inteleaga\/#primaryimage\"},\"image\":{\"@id\":\"https:\/\/desteptati-va.ro\/index.php\/2021\/04\/13\/poporul-meu-trebuie-sa-afle-si-sa-inteleaga\/#primaryimage\"},\"thumbnailUrl\":\"https:\/\/desteptati-va.ro\/wp-content\/uploads\/2021\/04\/anghel-1.png\",\"datePublished\":\"2021-04-13T10:16:40+00:00\",\"author\":{\"@id\":\"https:\/\/desteptati-va.ro\/#\/schema\/person\/13182deeebd44920914899f7bb262d6b\"},\"breadcrumb\":{\"@id\":\"https:\/\/desteptati-va.ro\/index.php\/2021\/04\/13\/poporul-meu-trebuie-sa-afle-si-sa-inteleaga\/#breadcrumb\"},\"inLanguage\":\"ro-RO\",\"potentialAction\":[{\"@type\":\"ReadAction\",\"target\":[\"https:\/\/desteptati-va.ro\/index.php\/2021\/04\/13\/poporul-meu-trebuie-sa-afle-si-sa-inteleaga\/\"]}]},{\"@type\":\"ImageObject\",\"inLanguage\":\"ro-RO\",\"@id\":\"https:\/\/desteptati-va.ro\/index.php\/2021\/04\/13\/poporul-meu-trebuie-sa-afle-si-sa-inteleaga\/#primaryimage\",\"url\":\"https:\/\/desteptati-va.ro\/wp-content\/uploads\/2021\/04\/anghel-1.png\",\"contentUrl\":\"https:\/\/desteptati-va.ro\/wp-content\/uploads\/2021\/04\/anghel-1.png\",\"width\":268,\"height\":201},{\"@type\":\"BreadcrumbList\",\"@id\":\"https:\/\/desteptati-va.ro\/index.php\/2021\/04\/13\/poporul-meu-trebuie-sa-afle-si-sa-inteleaga\/#breadcrumb\",\"itemListElement\":[{\"@type\":\"ListItem\",\"position\":1,\"name\":\"Prima pagin\u0103\",\"item\":\"https:\/\/desteptati-va.ro\/\"},{\"@type\":\"ListItem\",\"position\":2,\"name\":\"Poporul meu trebuie s\u0103 afle \u0219i s\u0103 \u00een\u021beleag\u0103!\"}]},{\"@type\":\"WebSite\",\"@id\":\"https:\/\/desteptati-va.ro\/#website\",\"url\":\"https:\/\/desteptati-va.ro\/\",\"name\":\"\",\"description\":\"\",\"potentialAction\":[{\"@type\":\"SearchAction\",\"target\":{\"@type\":\"EntryPoint\",\"urlTemplate\":\"https:\/\/desteptati-va.ro\/?s={search_term_string}\"},\"query-input\":{\"@type\":\"PropertyValueSpecification\",\"valueRequired\":true,\"valueName\":\"search_term_string\"}}],\"inLanguage\":\"ro-RO\"},{\"@type\":\"Person\",\"@id\":\"https:\/\/desteptati-va.ro\/#\/schema\/person\/13182deeebd44920914899f7bb262d6b\",\"name\":\"wolfsoftcompany\",\"image\":{\"@type\":\"ImageObject\",\"inLanguage\":\"ro-RO\",\"@id\":\"https:\/\/desteptati-va.ro\/#\/schema\/person\/image\/\",\"url\":\"https:\/\/secure.gravatar.com\/avatar\/a6cce9b6d101d27d91690e7073e300fed94c0899890bf998e082cb9d2c3d121e?s=96&d=mm&r=g\",\"contentUrl\":\"https:\/\/secure.gravatar.com\/avatar\/a6cce9b6d101d27d91690e7073e300fed94c0899890bf998e082cb9d2c3d121e?s=96&d=mm&r=g\",\"caption\":\"wolfsoftcompany\"},\"sameAs\":[\"http:\/\/desteptati-va.ro\"],\"url\":\"https:\/\/desteptati-va.ro\/index.php\/author\/wolfsoftcompany\/\"}]}<\/script>\r\n<!-- \/ Yoast SEO plugin. -->","yoast_head_json":{"title":"Poporul meu trebuie s\u0103 afle \u0219i s\u0103 \u00een\u021beleag\u0103! -","robots":{"index":"index","follow":"follow","max-snippet":"max-snippet:-1","max-image-preview":"max-image-preview:large","max-video-preview":"max-video-preview:-1"},"canonical":"https:\/\/desteptati-va.ro\/index.php\/2021\/04\/13\/poporul-meu-trebuie-sa-afle-si-sa-inteleaga\/","og_locale":"ro_RO","og_type":"article","og_title":"Poporul meu trebuie s\u0103 afle \u0219i s\u0103 \u00een\u021beleag\u0103! -","og_description":"Material exceptional \u00a0\u00a0 \u00a0Pe la \u00eenceputul anilor 2000, exista un talk-show pe ANTENA 1, care se numea: &#8222;Marius Tuc\u0103 Show&#8221;.Read More","og_url":"https:\/\/desteptati-va.ro\/index.php\/2021\/04\/13\/poporul-meu-trebuie-sa-afle-si-sa-inteleaga\/","article_published_time":"2021-04-13T10:16:40+00:00","og_image":[{"width":268,"height":201,"url":"https:\/\/desteptati-va.ro\/wp-content\/uploads\/2021\/04\/anghel-1.png","type":"image\/png"}],"author":"wolfsoftcompany","twitter_card":"summary_large_image","twitter_misc":{"Scris de":"wolfsoftcompany","Timp estimat pentru citire":"11 minute"},"schema":{"@context":"https:\/\/schema.org","@graph":[{"@type":"Article","@id":"https:\/\/desteptati-va.ro\/index.php\/2021\/04\/13\/poporul-meu-trebuie-sa-afle-si-sa-inteleaga\/#article","isPartOf":{"@id":"https:\/\/desteptati-va.ro\/index.php\/2021\/04\/13\/poporul-meu-trebuie-sa-afle-si-sa-inteleaga\/"},"author":{"name":"wolfsoftcompany","@id":"https:\/\/desteptati-va.ro\/#\/schema\/person\/13182deeebd44920914899f7bb262d6b"},"headline":"Poporul meu trebuie s\u0103 afle \u0219i s\u0103 \u00een\u021beleag\u0103!","datePublished":"2021-04-13T10:16:40+00:00","mainEntityOfPage":{"@id":"https:\/\/desteptati-va.ro\/index.php\/2021\/04\/13\/poporul-meu-trebuie-sa-afle-si-sa-inteleaga\/"},"wordCount":2260,"commentCount":0,"image":{"@id":"https:\/\/desteptati-va.ro\/index.php\/2021\/04\/13\/poporul-meu-trebuie-sa-afle-si-sa-inteleaga\/#primaryimage"},"thumbnailUrl":"https:\/\/desteptati-va.ro\/wp-content\/uploads\/2021\/04\/anghel-1.png","keywords":["patriot","un roman"],"articleSection":["Eroi si tradatori"],"inLanguage":"ro-RO","potentialAction":[{"@type":"CommentAction","name":"Comment","target":["https:\/\/desteptati-va.ro\/index.php\/2021\/04\/13\/poporul-meu-trebuie-sa-afle-si-sa-inteleaga\/#respond"]}]},{"@type":"WebPage","@id":"https:\/\/desteptati-va.ro\/index.php\/2021\/04\/13\/poporul-meu-trebuie-sa-afle-si-sa-inteleaga\/","url":"https:\/\/desteptati-va.ro\/index.php\/2021\/04\/13\/poporul-meu-trebuie-sa-afle-si-sa-inteleaga\/","name":"Poporul meu trebuie s\u0103 afle \u0219i s\u0103 \u00een\u021beleag\u0103! -","isPartOf":{"@id":"https:\/\/desteptati-va.ro\/#website"},"primaryImageOfPage":{"@id":"https:\/\/desteptati-va.ro\/index.php\/2021\/04\/13\/poporul-meu-trebuie-sa-afle-si-sa-inteleaga\/#primaryimage"},"image":{"@id":"https:\/\/desteptati-va.ro\/index.php\/2021\/04\/13\/poporul-meu-trebuie-sa-afle-si-sa-inteleaga\/#primaryimage"},"thumbnailUrl":"https:\/\/desteptati-va.ro\/wp-content\/uploads\/2021\/04\/anghel-1.png","datePublished":"2021-04-13T10:16:40+00:00","author":{"@id":"https:\/\/desteptati-va.ro\/#\/schema\/person\/13182deeebd44920914899f7bb262d6b"},"breadcrumb":{"@id":"https:\/\/desteptati-va.ro\/index.php\/2021\/04\/13\/poporul-meu-trebuie-sa-afle-si-sa-inteleaga\/#breadcrumb"},"inLanguage":"ro-RO","potentialAction":[{"@type":"ReadAction","target":["https:\/\/desteptati-va.ro\/index.php\/2021\/04\/13\/poporul-meu-trebuie-sa-afle-si-sa-inteleaga\/"]}]},{"@type":"ImageObject","inLanguage":"ro-RO","@id":"https:\/\/desteptati-va.ro\/index.php\/2021\/04\/13\/poporul-meu-trebuie-sa-afle-si-sa-inteleaga\/#primaryimage","url":"https:\/\/desteptati-va.ro\/wp-content\/uploads\/2021\/04\/anghel-1.png","contentUrl":"https:\/\/desteptati-va.ro\/wp-content\/uploads\/2021\/04\/anghel-1.png","width":268,"height":201},{"@type":"BreadcrumbList","@id":"https:\/\/desteptati-va.ro\/index.php\/2021\/04\/13\/poporul-meu-trebuie-sa-afle-si-sa-inteleaga\/#breadcrumb","itemListElement":[{"@type":"ListItem","position":1,"name":"Prima pagin\u0103","item":"https:\/\/desteptati-va.ro\/"},{"@type":"ListItem","position":2,"name":"Poporul meu trebuie s\u0103 afle \u0219i s\u0103 \u00een\u021beleag\u0103!"}]},{"@type":"WebSite","@id":"https:\/\/desteptati-va.ro\/#website","url":"https:\/\/desteptati-va.ro\/","name":"","description":"","potentialAction":[{"@type":"SearchAction","target":{"@type":"EntryPoint","urlTemplate":"https:\/\/desteptati-va.ro\/?s={search_term_string}"},"query-input":{"@type":"PropertyValueSpecification","valueRequired":true,"valueName":"search_term_string"}}],"inLanguage":"ro-RO"},{"@type":"Person","@id":"https:\/\/desteptati-va.ro\/#\/schema\/person\/13182deeebd44920914899f7bb262d6b","name":"wolfsoftcompany","image":{"@type":"ImageObject","inLanguage":"ro-RO","@id":"https:\/\/desteptati-va.ro\/#\/schema\/person\/image\/","url":"https:\/\/secure.gravatar.com\/avatar\/a6cce9b6d101d27d91690e7073e300fed94c0899890bf998e082cb9d2c3d121e?s=96&d=mm&r=g","contentUrl":"https:\/\/secure.gravatar.com\/avatar\/a6cce9b6d101d27d91690e7073e300fed94c0899890bf998e082cb9d2c3d121e?s=96&d=mm&r=g","caption":"wolfsoftcompany"},"sameAs":["http:\/\/desteptati-va.ro"],"url":"https:\/\/desteptati-va.ro\/index.php\/author\/wolfsoftcompany\/"}]}},"_links":{"self":[{"href":"https:\/\/desteptati-va.ro\/index.php\/wp-json\/wp\/v2\/posts\/3449","targetHints":{"allow":["GET"]}}],"collection":[{"href":"https:\/\/desteptati-va.ro\/index.php\/wp-json\/wp\/v2\/posts"}],"about":[{"href":"https:\/\/desteptati-va.ro\/index.php\/wp-json\/wp\/v2\/types\/post"}],"author":[{"embeddable":true,"href":"https:\/\/desteptati-va.ro\/index.php\/wp-json\/wp\/v2\/users\/1"}],"replies":[{"embeddable":true,"href":"https:\/\/desteptati-va.ro\/index.php\/wp-json\/wp\/v2\/comments?post=3449"}],"version-history":[{"count":1,"href":"https:\/\/desteptati-va.ro\/index.php\/wp-json\/wp\/v2\/posts\/3449\/revisions"}],"predecessor-version":[{"id":3452,"href":"https:\/\/desteptati-va.ro\/index.php\/wp-json\/wp\/v2\/posts\/3449\/revisions\/3452"}],"wp:featuredmedia":[{"embeddable":true,"href":"https:\/\/desteptati-va.ro\/index.php\/wp-json\/wp\/v2\/media\/3451"}],"wp:attachment":[{"href":"https:\/\/desteptati-va.ro\/index.php\/wp-json\/wp\/v2\/media?parent=3449"}],"wp:term":[{"taxonomy":"category","embeddable":true,"href":"https:\/\/desteptati-va.ro\/index.php\/wp-json\/wp\/v2\/categories?post=3449"},{"taxonomy":"post_tag","embeddable":true,"href":"https:\/\/desteptati-va.ro\/index.php\/wp-json\/wp\/v2\/tags?post=3449"}],"curies":[{"name":"wp","href":"https:\/\/api.w.org\/{rel}","templated":true}]}}