{"id":3461,"date":"2021-04-13T10:26:36","date_gmt":"2021-04-13T10:26:36","guid":{"rendered":"http:\/\/desteptati.ro\/?p=3461"},"modified":"2021-04-13T10:26:36","modified_gmt":"2021-04-13T10:26:36","slug":"neorevizionismul-ungar-partea-a-ii-a","status":"publish","type":"post","link":"https:\/\/desteptati-va.ro\/index.php\/2021\/04\/13\/neorevizionismul-ungar-partea-a-ii-a\/","title":{"rendered":"Neorevizionismul ungar- partea a II-a"},"content":{"rendered":"<div class=\"post-content\"><div class='booster-block booster-read-block'>\n                <div class=\"twp-read-time\">\n                \t<i class=\"booster-icon twp-clock\"><\/i> <span>Read Time:<\/span>18 Minute, 39 Second                <\/div>\n\n            <\/div><h3><span style=\"color: #ff0000;\"><strong>Dup\u0103 Pacea de la Paris, 1947<\/strong><\/span><\/h3>\r\n<h4><\/h4>\r\n<h4>Aparent vindecat\u0103 de aventura revizionist\u0103, care pe l\u00e2ng\u0103 distrugerea \u0163\u0103rii i-a adus oprobiul lumii civilizate, Ungaria ia calea \u201edemocra\u0163iilor socialiste\u201d reu\u015find s\u0103-\u015fi reformeze \u00een parte via\u0163a public\u0103 fascizat\u0103. Ocupat\u0103 cu \u201erenovarea\u201d prestigiului na\u0163ional \u015fi c\u0103ut\u00e2nd s\u0103 se pun\u0103 bine cu vecinii, Ungaria devine adepta zeloas\u0103 a interna\u0163ionalismului socialist. Degajat\u0103 de majoritatea elementelor fasciste care p\u0103r\u0103sesc, dup\u0103 1944, \u0163ara, via\u0163a politic\u0103, social\u0103 \u015fi cultural\u0103 a societ\u0103\u0163ii maghiare ia o orientare marxist\u0103. Propor\u0163iile defasciz\u0103rii \u0163\u0103rii \u015fi implicit a fasciz\u0103rii exilului maghiar se pot intui din num\u0103rul de 815.653 de emigran\u0163i, care au p\u0103r\u0103sit \u00eentre 1944 \u015fi 1960 Ungaria. Purt\u0103tori, \u00een marea lor majoritate, ai virusului revizionist, ei l-au exportat \u015fi au contribuit la consolidarea iredentismului din s\u00eenul emigra\u0163iei maghiare care s-a manifestat chiar \u015fi \u00een timpul Conferin\u0163ei de pace de la Paris din 1947.<\/h4>\r\n<h4>\u00cenainte de a trece la examinarea fazei de laten\u0163\u0103 a mi\u015fc\u0103rii revizioniste din Ungaria, faza care a durat peste treizeci de ani, mai trebuie consemnat\u0103 o r\u0103bufnire revizionist\u0103 a guvernului ungar, \u00een perioada de preg\u0103tire a Tratatului de la Paris (1947).<\/h4>\r\n<h4>De\u015fi era evident c\u0103 tratatul de pace se va baza pe principiile stabilite \u00een documentul armisti\u0163iului din ianuarie 1945, partea ungar\u0103 \u00eencearc\u0103 s\u0103 se tocmeasc\u0103 \u015fi s\u0103 deplaseze spre est grani\u0163a comun\u0103 cu Rom\u00e2nia.<\/h4>\r\n<h4>Exploat\u00e2nd unele discu\u0163ii \u00een problema Transilvaniei \u00eentre Uniunea Sovietic\u0103 \u015fi anglo-americani, ministrul de externe ungar preg\u0103te\u015fte c\u00e2teva variante proprii. Un plan preconiza, de exemplu, crearea unei Transilvanii independente, altul legarea regiunii secuie\u015fti de Ungaria printr-un coridor, un al treilea propunea anexarea la Ungaria a unei f\u00e2\u015fii de 22.055 km.p. cuprinz\u00e2nd jude\u0163ele din vestul Rom\u00e2niei, teritoriu populat de mai mult de 1.500.000 de locuitori. Prin aceast\u0103 ultim\u0103 \u201esolu\u0163ie\u201d, pentru recuperarea a 500.000 de maghiari, ar fi revenit Ungariei peste 900.000 de rom\u00e2ni. S-a mai propus organizarea unui referendum, dar \u00een final partea maghiar\u0103 s-ar fi mul\u0163umit \u015fi cu anexarea unei f\u00e2\u015fii de 11.800 km.p. populat\u0103 de 442.000 de maghiari \u015fi 421.000 de rom\u00e2ni.<\/h4>\r\n<h4><\/h4>\r\n<figure id=\"attachment_3708\" aria-describedby=\"caption-attachment-3708\" style=\"width: 300px\" class=\"wp-caption aligncenter\"><a href=\"http:\/\/www.desteptati-va.ro\/wp-content\/uploads\/2012\/06\/00002854.jpg\"><img loading=\"lazy\" decoding=\"async\" class=\"size-full wp-image-3708\" title=\"00002854\" src=\"http:\/\/www.desteptati-va.ro\/wp-content\/uploads\/2012\/06\/00002854.jpg\" alt=\"Janos Gyongyosi semneaza cu Rusia\" width=\"300\" height=\"222\" \/><\/a><figcaption id=\"caption-attachment-3708\" class=\"wp-caption-text\">J\u00e1nos Gy\u00f6ngy\u00f6si semneaza cu Rusia<\/figcaption><\/figure>\r\n<h4>O delega\u0163ie condus\u0103 de ministrul de externe J\u00e1nos Gy\u00f6ngy\u00f6si pleac\u0103 \u00een aprilie 1946 la Moscova pentru a prezenta lui Stalin acest ultim plan de revizuire. Dup\u0103 c\u00e2teva zile de discu\u0163ii \u015fi rug\u0103min\u0163i, ungurii se \u00eentorc cu recomandarea lui Molotov de a trata problema cu rom\u00e2nii. Guvernul ungar preg\u0103te\u015fte \u00een grab\u0103 o delega\u0163ie condus\u0103 de ambasadorul extraordinar dr. P\u00e1l Sebestyen, care, la 27 aprilie 1946, se deplaseaz\u0103 la Bucure\u015fti, dar \u00eent\u00e2mpin\u00e2nd un refuz hot\u0103r\u00e2t din partea rom\u00e2nilor, se \u00eentoarce f\u0103r\u0103 nici un rezultat. Nu mult dup\u0103 aceea, la 7 mai 1946, consiliul mini\u015ftrilor de externe al celor trei mari puteri, accept\u0103 restabilirea grani\u0163ei rom\u00e2no-ungare de la 1 ianuarie 1938.<\/h4>\r\n<h4>Ma\u015fina\u0163iunile \u015fi intrigile, prin care ungurii au \u00eencercat \u00een ace\u015fti doi ani s\u0103 ne r\u0103peasc\u0103 din nou o parte a Transilvaniei, pot umple c\u00e2teva volume \u015fi dovedesc caracterul peren al politicii revizioniste ungare.<\/h4>\r\n<h4>\u00cen urma e\u015fecului suferit prin \u00eencheierea p\u0103cii de la Paris, societatea ungar\u0103, aparent calmat\u0103, face ca disp\u0103rut\u0103 \u00een trapa istoriei ideologia revizionist\u0103 cu \u00eentregul ei e\u015fafodaj institu\u0163ional. Conducerea marxist\u0103 epureaz\u0103 cu rigoare draconic\u0103 r\u0103m\u0103\u015fi\u0163ele culturale ale iredentismului, \u015fterg\u00e2nd cu grij\u0103 urmele acestei doctrine.<\/h4>\r\n<h4>Istoriografia oficial\u0103 ungar\u0103, care \u00eentre cele dou\u0103 r\u0103zboaie mondiale fusese inspiratoarea mi\u015fc\u0103rii fascist-revizioniste, \u00ee\u015fi orienteaz\u0103 acum cercet\u0103rile spre realit\u0103\u0163ile sociale din \u201emilenarul\u201d regat \u015fi descoper\u0103, ca prin minune, c\u0103 \u00een el au mai tr\u0103it, pe l\u00e2ng\u0103 poporul ungar hegemon, \u015fi na\u0163ionalit\u0103\u0163i, ca de pild\u0103 rom\u00e2nii, \u00een num\u0103r destul de mare. \u201eSchimbarea de macaz\u201d este realizat\u0103 \u00eens\u0103 numai de falanga marxist\u0103 a istoricilor pe c\u00e2nd vechea gard\u0103 na\u0163ionalist\u0103, fiind redus\u0103 la t\u0103cere, se pune pe a\u015fteptare \u00een speran\u0163a unor vremuri mai bune.<\/h4>\r\n<h4>\u00cenghe\u0163area tendin\u0163elor na\u0163ionaliste \u00een scrierea istoric\u0103 nu dureaz\u0103 \u00eens\u0103 dec\u00e2t p\u00e2n\u0103 spre \u00eenceputul anilor optzeci, c\u00e2nd, \u00een condi\u0163iile liberaliz\u0103rii politice permise de regimul K\u00e1d\u00e1r, asist\u0103m la un reviriment treptat al curentului na\u0163ional-revizionist, marcat prin apari\u0163ia din ce \u00een ce mai numeroas\u0103 a lucr\u0103rilor care trateaz\u0103 problema Trianonului. Continu\u00e2nd linia iredentismului militant practicat\u0103 \u00eentre cele dou\u0103 r\u0103zboaie mondiale, aceste lucr\u0103ri aduc \u00een prim plan implica\u0163iile teritoriale \u015fi economice ale tratatului \u015fi ignoreaz\u0103 p\u00e2rghia etno-demografic\u0103, explozivul care a dezmembrat monarhia austro-ungar\u0103 multina\u0163ional\u0103. Punctul culminant \u00eel constituie apari\u0163ia, \u00een 1986, a monumentalei Istorii a Transilvaniei (Erd\u00e9ly t\u00f6rt\u00e9nete) ale c\u0103rei trei volume apar la Editura Academiei din Budapesta.<\/h4>\r\n<h4>Emigra\u0163ia, care \u00ee\u015fi p\u0103strase tot timpul profilul na\u0163ionalist, \u015fovin \u015fi revizionist, \u00ee\u015fi coordoneaz\u0103 politica cu dezghe\u0163ul ideologic din \u0163ar\u0103, tema revizuirii hotarelor devenind doctrina de baz\u0103 \u00een marea majoritate a organiza\u0163iilor din exil. Conducerea de la Budapesta ini\u0163iaz\u0103 o colaborare f\u0103r\u0103 rezerve cu emigra\u0163ia \u015fi, prin intermediul organiza\u0163iei guvernamentale \u201eUniunea Mondial\u0103 a Ungurilor\u201d, pune bazele unei colabor\u0103ri panungare atotcuprinz\u0103toare.<\/h4>\r\n<h4>Cele trei mari obiective ale revizioni\u015ftilor unguri sunt: ob\u0163inerea unui climat interna\u0163ional favorabil cauzei ungare, \u201eamorsarea\u201d opiniei publice din Ungaria \u015fi exportul politicii neorevizioniste spre regiunile limitrofe, \u00eendeosebi spre Transilvania.<\/h4>\r\n<h4>O aten\u0163ie deosebit\u0103 merit\u0103 o investiga\u0163ie a factorilor politici \u015fi social \u2013 economici care \u00eentre\u0163in \u00een prezent flac\u0103ra iredentismului ungar, asupra formelor de organizare \u015fi metodelor utilizate, precum \u015fi asupra tacticii ideologice aplicate de aceast\u0103 mi\u015fcare. Deoarece activitatea central\u0103 se \u00eemplete\u015fte cu cea din emigra\u0163ie \u015fi cea din Transilvania, vom trata aceste trei domenii concomitent, \u00eencerc\u00e2nd s\u0103 contur\u0103m unitatea \u015fi specificul fiec\u0103reia.<\/h4>\r\n<h4>Am ar\u0103tat mai \u00eenainte c\u0103, aparent, mi\u015fcarea revizionist\u0103 din Ungaria a sucombat o dat\u0103 cu semnarea tratatului de la Paris (1947) \u015fi r\u0103stimpul de la 1947 \u015fi p\u00e2n\u0103 spre sf\u00e2r\u015fitul anilor \u015faptezeci a fost o perioad\u0103 de silit\u0103 laten\u0163\u0103 \u00een \u0163ar\u0103 \u015fi de o cresc\u00e2nd\u0103 efervescen\u0163\u0103 \u00een s\u00eenul exilului. Examinarea am\u0103nun\u0163it\u0103 a acestei faze \u00een Ungaria ar fi instructiv\u0103, \u00eens\u0103 caracterul ocult, conspirativ, al activit\u0103\u0163ii face cercetarea ei mai anevoioas\u0103. Voi men\u0163iona, totu\u015fi, institu\u0163iile care au patronat mi\u015fcarea din \u0163ar\u0103 precum \u015fi c\u0103ile propagandei spre Transilvania.<\/h4>\r\n<h4>Actuala recrudescen\u0163\u0103 a na\u0163ionalismului \u015fovin a fost declan\u015fat\u0103 de instaurarea unui climat liberal \u00een societatea ungar\u0103 \u015fi ea s-a propagat spre Transilvania \u015fi spre emigra\u0163ie, aduc\u00e2ndu-le la un numitor comun: militarea pentru o solu\u0163ie neorevizionist\u0103.<\/h4>\r\n<h4>R\u0103d\u0103cinile politice ale revizionismului ungar se \u00eendreapt\u0103 spre refacerea imperiului Sf\u00e2ntului \u015etefan. Ideea, care pare ast\u0103zi absurd\u0103, a produs un efect psihologic \u015fi mobilizator de mase, omniprezent \u00een societatea ungar\u0103 din Ungaria, \u00een exil \u015fi \u00een unele cercuri din Transilvania.<\/h4>\r\n<h4>Ungaria declara, \u00eenc\u0103 din 1945, prin ministrul ei de externe, J\u00e1nos Gy\u00f6ngy\u00f6si, c\u0103 \u0163ara a rupt cu trecutul reac\u0163ionar \u015fi r\u0103zboinic, iar concep\u0163ia despre \u201eUngaria istoric\u0103\u201d (imperiul Sf\u00e2ntului \u015etefan, n.a.) a fost abandonat\u0103 o dat\u0103 cu semnarea armisti\u0163iului. C\u0103 ungurii au \u00eencercat, tot prin Gy\u00f6ngy\u00f6si, s\u0103 ob\u0163in\u0103 o revizie par\u0163ial\u0103 (misiunea Sebestyen \u2013 1947), dovede\u015fte c\u0103, de\u015fi recuno\u015fteau absurditatea planului de a recl\u0103di marele imperiu ungar, \u00een realitate \u00eencercau s\u0103-l realizeze \u00een rate. Actualele declara\u0163ii belicoase ale conducerii de la Budapesta, care \u00ee\u015fi arog\u0103 dreptul de a ap\u0103ra interesele celor 15 milioane de unguri r\u0103sp\u00e2ndi\u0163i pe tot globul, dovedesc, \u00een continuare, c\u0103 ideea a rezistat \u201etratamentului\u201d marxist de educa\u0163ie interna\u0163ionalist\u0103 \u015fi reapare \u00eentr-o form\u0103 nou\u0103 \u015fi mai sofisticat\u0103. Neorevizionismul ungar \u00een unele variante ale sale pretinde \u00een ultima vreme brutale revizii de hotare, adic\u0103 anexarea Transilvaniei, nemul\u0163umindu-se cu crearea unor condi\u0163ii, \u00een care minorit\u0103\u0163ile ungare din \u0163\u0103rile limitrofe s\u0103 fie c\u00e2t mai str\u00e2ns legate de \u201epatria-mam\u0103\u201d: Ungaria. Acestea ar fi: activit\u0103\u0163i cultural-istorice, comune, schimb de elevi, studen\u0163i \u015fi profesori, trimiterea din Ungaria de literatur\u0103 \u015fi manuale \u015fcolare \u015fi intensificarea \u00een continuare a turismului reciproc. Complet\u00e2ndu-le \u201earmonios\u201d cu r\u0103sp\u00e2ndirea \u00een Ardeal a h\u0103r\u0163ilor reprezent\u00e2nd Ungaria Mare, h\u0103r\u0163i de v\u00e2nzare la toate chio\u015fcurile din \u0163ara vecin\u0103, neorevizioni\u015ftii \u00eencearc\u0103 s\u0103 alimenteze vechile idei ale curentului revizionist, \u00een stare s\u0103 provoace, la timpul potrivit, o schimbare a stau-quo-ului actual.<\/h4>\r\n<h4>Pe l\u00e2ng\u0103 acest curs major al politicii externe ungare, desuet \u00een aparen\u0163\u0103, exist\u0103 o serie de circumstan\u0163e conjuncturale ale politicii interne din \u0163ara vecin\u0103 datorit\u0103 c\u0103rora guvernan\u0163ii \u015fi partidele de acolo exploateaz\u0103 ideea neorevizionist\u0103 \u00een propriul lor interes.<\/h4>\r\n<h4><\/h4>\r\n<h4>A\u015f aminti, \u00een primul r\u00e2nd, ac\u0163iunea de salvare a prestigiului Partidului Socialist Ungar, succesorul comuni\u015ftilor, campanie care a mobilizat personalit\u0103\u0163i marcante \u015fi le-a plasat \u00een primele r\u00e2nduri ale actualei ofensive neorevizioniste.<\/h4>\r\n<h4><\/h4>\r\n<figure id=\"attachment_3709\" aria-describedby=\"caption-attachment-3709\" style=\"width: 319px\" class=\"wp-caption aligncenter\"><img loading=\"lazy\" decoding=\"async\" class=\" wp-image-3709\" src=\"http:\/\/www.desteptati-va.ro\/wp-content\/uploads\/2012\/06\/imagesCA6ZBB87.jpg\" alt=\"Matyas\" width=\"319\" height=\"271\" \/><figcaption id=\"caption-attachment-3709\" class=\"wp-caption-text\">Matyas<\/figcaption><\/figure>\r\n<h4>Promotorul mi\u015fc\u0103rii \u015fi autor al doctrinei panungare este M\u00e1ty\u00e1s Sz\u0171r\u0151s, fostul pre\u015fedinte provizoriu al Republicii Ungare. El declara, \u00een mai 1989, revistei revizioniste Erd\u00e9lyi Tud\u00f3sit\u00e1sok (Informa\u0163ii despre Transilvania) c\u0103 ideea potrivit c\u0103reia to\u0163i ungurii de peste hotare sunt membrii marii na\u0163iuni ungare \u015fi Ungaria este r\u0103spunz\u0103toare de soarta lor, i-a venit \u00een urma vizitelor f\u0103cute \u00een Transilvania \u015fi a discu\u0163iilor avute acolo cu Andr\u00e1s S\u00fct\u0151, S\u00e1ndor K\u00e1ny\u00e1di, G\u00e9za Domokos, J\u00e1nos Faz\u00e9kas \u015fi Attila T. Szab\u00f3. Sz\u0171r\u0151s recunoa\u015fte c\u0103 aceast\u0103 politic\u0103 poate duce la re\u00eenvierea Micii Antante, dar schimb\u0103rile survenite \u00een 1985 \u00een Uniunea Sovietic\u0103 i-au dat un impuls decisiv \u00een a enun\u0163a \u015fi sus\u0163ine aceste teze. \u00centrebat dac\u0103 \u015fi alte cercuri guvernamentale \u00eemp\u0103rt\u0103\u015fesc vederile sale, Sz\u0171r\u0151s l-a asigurat pe ziarist c\u0103 at\u00e2t \u00een conducerea partidului c\u00e2t \u015fi la ministerul de externe se afirm\u0103 o gard\u0103 t\u00e2n\u0103r\u0103, care \u015fi-a \u00eensu\u015fit aceast\u0103 doctrin\u0103 just\u0103. Al\u0163i membri ai guvernului socialist: Imre Szokai \u015fi Csaba Tabajdi, ministru adjunct r\u0103spunz\u0103tor de problema minorit\u0103\u0163ilor din Ungaria \u015fi a maghiarilor de peste grani\u0163e, au elaborat metodele de punere \u00een aplicare a doctrinei panungare.<\/h4>\r\n<h4><\/h4>\r\n<h4>Politica neorevizionist\u0103 a fost deci consolidat\u0103 de guvernan\u0163ii sociali\u015fti \u00een perioada de la 1988 \u015fi p\u00e2n\u0103 la instalarea primului parlament liber ales, iar prin venirea la putere a Forumului Democratic Ungar (FDU) aceast\u0103 politic\u0103 a luat forme mai agresive. Din statul major al partidului care a c\u00e2\u015ftigat alegerile din aprilie 1990 fac parte personalit\u0103\u0163i politice \u015fi culturale binecunoscute pentru antirom\u00e2nismul lor, ca scriitorul Istv\u00e1n Csurka, reputat pentru violentele sale ie\u015firi \u015fovine \u015fi antisemite, Ern\u0151 Raffay, istoric specializat \u00een probleme rom\u00e2no-ungare sau Lajos F\u00fcr \u015fi G\u00e9za Jeszenszky, revizoni\u015fti militan\u0163i.<\/h4>\r\n<h4><\/h4>\r\n<figure id=\"attachment_3711\" aria-describedby=\"caption-attachment-3711\" style=\"width: 358px\" class=\"wp-caption aligncenter\"><a href=\"http:\/\/www.desteptati-va.ro\/wp-content\/uploads\/2012\/06\/raffay_erno.jpg\"><img loading=\"lazy\" decoding=\"async\" class=\" wp-image-3711\" title=\"raffay_erno\" src=\"http:\/\/www.desteptati-va.ro\/wp-content\/uploads\/2012\/06\/raffay_erno.jpg\" alt=\"Raffay Erno\" width=\"358\" height=\"232\" \/><\/a><figcaption id=\"caption-attachment-3711\" class=\"wp-caption-text\">Raffay Erno<\/figcaption><\/figure>\r\n<h4><\/h4>\r\n<h4>Raffay, mentor ideologic al FDU, declara \u00een aprilie 1990, la Televiziunea Ungar\u0103, cu ocazia prezent\u0103rii platformei partidului, c\u0103 \u00een Rom\u00e2nia este necesar\u0103 o reorganizare a statului pe provincii federale, printre care regiunea autonom\u0103 maghiar\u0103 s\u0103 aib\u0103 un statut special. Raffay este de altfel autorul unor lucr\u0103ri de istorie foarte tenden\u0163ioase, chiar du\u015fm\u0103noase fa\u0163\u0103 de \u0163ara noastr\u0103 din care am men\u0163iona doar trei titluri elocvente: De la voievodate p\u00e2n\u0103 la imperiu \u2013 Budapesta 1989, Secretele Trianonului \u2013 Budapesta 1990 \u015fi Transilvania 1918 \u2013 1919, ultima o \u00eencercare impertinent\u0103 de a califica Rom\u00e2nia drept \u0163ar\u0103 imperialist\u0103.<\/h4>\r\n<h4><\/h4>\r\n<h4>Nu mai amintim aici de multitudinea micilor partide din Ungaria, care se erijeaz\u0103 la r\u00e2ndul lor \u00een ap\u0103r\u0103tori ai ungurilor de peste hotare, ponderea lor politic\u0103 fiind ne\u00eensemnat\u0103. Oricum, mai fiecare partid din \u0163ara vecin\u0103, \u00een v\u00e2n\u0103toare de popularitate, \u015fi-a pus \u00een program acest sine qua non al na\u0163ionalismului ungar. De notat \u00eens\u0103 c\u0103 lucrurile au mers at\u00e2t de departe, \u00eenc\u00e2t voci \u00eengrijorate din s\u00eenul comunit\u0103\u0163ii maghiare din Transilvania au condamnat faptul c\u0103 aceste partide exploateaz\u0103 \u00een propriul interes electoral \u00eenchipuitele suferin\u0163ele ungurilor minoritari.<\/h4>\r\n<h4><\/h4>\r\n<h4>Dar ariergarda comunismului ungar afl\u0103toare la c\u00e2rma \u0163\u0103rii \u00eentre 1988 \u015fi 1990 n-a jucat rolul de salvatoare a ungurilor de peste hotare numai din considerente electorale. Confruntat\u0103 cu crunta criz\u0103 social-economic\u0103 postcomunist\u0103, aceast\u0103 garnitur\u0103 a \u00eembr\u0103cat haina na\u0163ionalist\u0103 pentru a abate aten\u0163ia poporului de la propria-i mizerie \u015fi a o \u00eendrepta asupra a\u015fa-ziselor suferin\u0163e ale fra\u0163ilor de peste hotare. P\u00e2n\u0103 la 22 decembrie 1989, au fost chiar favoriza\u0163i \u00een aceast\u0103 politic\u0103 de \u00eens\u0103\u015fi situa\u0163ia din \u0163ara noastr\u0103. Ad\u0103ug\u00e2nd \u00een propaganda sa opresiunii generale din Rom\u00e2nia o not\u0103 \u00een plus, aceea a discrimin\u0103rii na\u0163ionale, Ungaria, care f\u0103cuse deja c\u00e2\u0163iva pa\u015fi spre Europa civilizat\u0103, se bucura de mai mult\u0103 credibilitate \u015fi a exploatat din plin acest avantaj, calomniind Rom\u00e2nia la mai toate forurile interna\u0163ionale la care \u00ee\u015fi asigurase acces. Dup\u0103 Revolu\u0163ia din Decembrie 1989 \u00eens\u0103, c\u00e2nd ceasul libert\u0103\u0163ii a sunat, inclusiv pentru secuii \u015fi maghiarii de la noi, Budapesta s-a v\u0103zut nevoit\u0103 s\u0103 provoace artificial disensiunile \u00eentre rom\u00e2ni \u015fi maghiari. \u00cen condi\u0163iile liberaliz\u0103rii regimului de frontier\u0103, mii \u015fi mii de cet\u0103\u0163eni din Ungaria sosesc sub pretextul ajutor\u0103rii confra\u0163ilor din Transilvania, zeci de camioane \u00eenc\u0103rcate cu alimente, haine sau c\u0103r\u0163i vin \u015fi creeaz\u0103 aparen\u0163a unui contrast de civiliza\u0163ie inexistent \u00een realitate. Instiga\u0163i de \u201eturi\u015ftii\u201d din Ungaria, secuii \u015fi maghiarii se dedau la manifest\u0103ri separatiste \u015fi du\u015fm\u0103noase \u015fi, \u00een scurt timp, se nasc dramaticele tensiuni dorite de Budapesta. Reac\u0163ia popula\u0163iei rom\u00e2ne\u015fti precum \u015fi m\u0103surile de filtrare a materialelor revizioniste ce inundaser\u0103 \u00een primele luni ale anului 1990 Transilvania, servesc apoi ca un binevenit pretext cercurilor revizioniste de a se pl\u00e2nge pe toate c\u0103ile contra maltrat\u0103rii minorit\u0103\u0163ii maghiare \u015fi a izol\u0103rii ei culturale.<\/h4>\r\n<h4><\/h4>\r\n<h4>Aceast\u0103 politic\u0103 de diversiune, care a reu\u015fit \u00een ultimii ani s\u0103 pacifice popula\u0163ia Ungariei, va fi probabil continuat\u0103 \u015fi de guvernele care se vor perinda la putere, dar adev\u0103rata criz\u0103 social-economic\u0103, care se va declan\u015fa acolo o dat\u0103 cu trecerea la economia capitalist\u0103, cu infla\u0163ia \u015fi \u015fomajul de rigoare, vor abate \u00een oarecare m\u0103sur\u0103 aten\u0163ia de la \u201eproblema\u201d minorit\u0103\u0163ilor maghiare din \u0163\u0103rile vecine. Dac\u0103 mai ad\u0103ug\u0103m \u015fi reac\u0163ia din ce \u00een ce mai intens\u0103 a unor cercuri minoritare din Transilvania lucide \u015fi oneste, care sunt pentru o convie\u0163uire pa\u015fnic\u0103 \u015fi cinstit\u0103 cu poporul rom\u00e2n, pronosticul se vrea mai degrab\u0103 optimist.<\/h4>\r\n<h4><\/h4>\r\n<h4>Factorii politici, determina\u0163i la r\u00e2ndul lor de ra\u0163iuni economice, constituie de fapt un complex politico-economic cu un net caracter simbiotic. De aceea, c\u00e2nd vorbim de factorii economici care au favorizat na\u015fterea \u015fi persisten\u0163a revizionismului ungar, ne referim la un astfel de complex.<\/h4>\r\n<h4><\/h4>\r\n<h4>Examin\u00e2nd consecin\u0163ele Trianonului, tragice \u00een ochii ungurilor \u2013 \u015fi putem prin empatie s\u0103 \u00een\u0163elegem acest sentiment -, putem vorbi de o consecin\u0163\u0103 politic\u0103, care a constat din dezmembrarea imperiului \u015fi de una economic\u0103, care s-a soldat cu pierderea a 67% din teritoriul monarhiei, cu bog\u0103\u0163iile \u015fi debu\u015feurile aferente. At\u00e2t \u015fi nu mai mult a stat la baza traumei ini\u0163iale. \u00centre timp, \u00eens\u0103, din condescenden\u0163\u0103 fa\u0163\u0103 de sutele de mii de refugia\u0163i sosi\u0163i din teritoriile pierdute, apoi pentru a \u0163ine pas cu Europa civilizat\u0103, care descalificase imperialismul ca form\u0103 de proprietate statal\u0103, revizionismul ungar \u00ee\u015fi modific\u0103 argumenta\u0163ia reclam\u00e2nd cu prec\u0103dere pierderea substan\u0163ei etnice. \u00cen realitate avem \u00eens\u0103 de a face doar cu cele dou\u0103 consecin\u0163e ini\u0163iale.<\/h4>\r\n<h4><\/h4>\r\n<h4>Ungaria a pierdut trei r\u0103zboaie \u015fi de fiecare dat\u0103 a \u00eenregistrat pagube imense. Dou\u0103 treimi din teritoriu s-au pierdut dup\u0103 primul r\u0103zboi mondial, dou\u0103 treimi din avu\u0163ia na\u0163ional\u0103 dup\u0103 cel de-al doilea, iar dup\u0103 ultimii 45 de ani de r\u0103zboi economic \u00een care a pierdut puzderie de b\u0103t\u0103lii, bilan\u0163ul, dac\u0103 se va face vreodat\u0103, va fi \u015fi mai catastrofal. Este deci imperioas\u0103 nevoia de a se g\u0103si o ie\u015fire \u015fi orice solu\u0163ie \u2013 revizionism, intrare \u00een federa\u0163ie cu statele limitrofe sau alt\u0103 formul\u0103 \u2013 este binevenit\u0103. Demonstra\u0163ii \u201esavante\u201d sunt ventilate pe la forurile interna\u0163ionale, argumente care vorbesc de incapacitatea \u201emicilor\u201d \u0163\u0103ri din regiune de a se gospod\u0103ri singure, potrivit c\u0103rora numai o construc\u0163ie viabil\u0103 axat\u0103 pe rolul conduc\u0103tor al Austriei \u015fi Ungariei poate asigura ie\u015firea din actualul impas economic. C\u00e2t de serios se ocup\u0103 vecinii no\u015ftri de astfel de utopii o dovede\u015fte num\u0103rul 2 din mai 1990 al revistei Erd\u00e9lyi Magyars\u00e1g editat\u0103 \u00een Ungaria de emigra\u0163ia secuilor \u015fi maghiarilor ardeleni. \u00centr-un articol intitulat Europa \u00een 2000, este prezentat un studiu al unui anume Robert Cottrel, ap\u0103rut \u00een ziarul londonez The Independent din 30 octombrie 1989. O hart\u0103 a Europei \u00eenso\u0163e\u015fte articolul, hart\u0103 pe care urm\u0103toarele \u201eviitoare\u201d \u0163\u0103ri sunt ha\u015furate ca f\u0103c\u00e2nd parte dintr-un fel de confedera\u0163ie: Estonia, Letonia, Lituania, Polonia, Cehoslovacia, Serbia Mare, Croa\u0163ia-Slovenia\u201d \u015fi, \u00een sf\u00e2r\u015fit, Ungaria av\u00e2nd Transilvania \u00eencorporat\u0103 \u00een hotarele ei. Textul ce se refer\u0103 la ea spune : \u201efuturologii sus\u0163in c\u0103 \u00een deceniul urm\u0103tor cele mai bune perspective le au statele din bazinul dun\u0103rean asociate sub domina\u0163ia Vienei \u015fi Budapestei. Rom\u00e2nia, \u00een urma revolu\u0163iei \u015fi a dispari\u0163iei familiei Ceau\u015fescu, iese din umbra nesiguran\u0163ei \u015fi faptul de a fi cedat Transilvania Ungariei precum \u015fi op\u0163iunea Moldovei (Basarabiei) de a se uni cu Rom\u00e2nia democratic\u0103 va duce la noi alian\u0163e\u201d. Ceea ce este mai grav : redac\u0163ia revistei \u00ee\u015fi exprim\u0103 speran\u0163a c\u0103 for\u0163a vizionar\u0103 a articolului se va adeveri \u015fi \u00een problemele care privesc Ungaria.<\/h4>\r\n<h4><\/h4>\r\n<figure id=\"attachment_3713\" aria-describedby=\"caption-attachment-3713\" style=\"width: 350px\" class=\"wp-caption aligncenter\"><img loading=\"lazy\" decoding=\"async\" class=\"size-full wp-image-3713\" src=\"http:\/\/www.desteptati-va.ro\/wp-content\/uploads\/2012\/06\/kincses-elod.jpg\" alt=\"Elod Kincses\" width=\"350\" height=\"263\" \/><figcaption id=\"caption-attachment-3713\" class=\"wp-caption-text\">Elod Kincses<\/figcaption><\/figure>\r\n<h4><\/h4>\r\n<h4>Aceast\u0103 c\u0103utare disperat\u0103 de solu\u0163ii utopice, se datoreaz\u0103 \u00een parte atitudinii defetiste care domin\u0103 societatea ungar\u0103. Ca un copil de bani gata care, s\u0103r\u0103cit, nu poate angaja lupta cu rigorile vie\u0163ii \u015fi tr\u0103ie\u015fte \u00een lumea visurilor \u015fi minunilor care-i vor reda fosta bog\u0103\u0163ie, a\u015fa \u015fi Ungaria, dup\u0103 \u201ehemoragia\u201d de la Trianon, nu s-a mai ref\u0103cut moralmente \u015fi alearg\u0103 dup\u0103 gloria-i pierdut\u0103. Aceast\u0103 idee fix\u0103 face ca politica economic\u0103 ungar\u0103 s\u0103 plece de la falsa ipotez\u0103 c\u0103 \u0163ara nu se va putea redresa \u00een cadrul actualelor grani\u0163e. Statu-quo-ul european \u00eens\u0103, nepermi\u0163\u00e2nd \u00een prezent revizuirea hotarelor, vecinii preg\u0103tesc terenul \u00een speran\u0163a unei conjuncturi favorabile. Manevrele neorevizioniste \u00eentreprinse azi la nivel guvernamental, \u00een mediul politic-cultural, \u00een Ungaria, \u00een Transilvania \u015fi \u00een emigra\u0163ie, seam\u0103n\u0103 din ce \u00een ce mai mult cu marea ofensiv\u0103 revizionist\u0103 dintre cele dou\u0103 r\u0103zboaie mondiale. (Am v\u0103zut atunci cum Ungaria, \u00een speran\u0163a recuper\u0103rii teritoriului, a jucat totul pe o singur\u0103 carte \u015fi s-a lansat \u00eentr-o curs\u0103 sinuciga\u015f\u0103. Actualul dezastru economic este poate mai mare dec\u00e2t cel de dup\u0103 Trianon \u015fi politica extern\u0103 ungar\u0103 va \u00eentreprinde orice pentru salvarea \u0163\u0103rii.)<\/h4>\r\n<h4><\/h4>\r\n<h4>Factorii sociali care au provocat dezl\u0103n\u0163uirea actualelor animozit\u0103\u0163i sunt \u00een parte aceia\u015fi cu cei care au ac\u0163ionat \u015fi \u00een perioada de dup\u0103 Trianon. Prezen\u0163a \u00een Ungaria de atunci a refugia\u0163ilor din popula\u0163ia Ungariei, a contribuit \u00een m\u0103sur\u0103 decisiv\u0103 la destabilizarea politic\u0103 a noului stat \u015fi la orientarea fascist\u0103 a conducerii de la Budapesta.<\/h4>\r\n<h4><\/h4>\r\n<h4>\u00cen Ungaria de ast\u0103zi sunt prezen\u0163i urma\u015fii a peste 350.000 de refugia\u0163i sau repatria\u0163i din perioada 1918 \u2013 1935, a celor peste 200.000 care au p\u0103r\u0103sit Rom\u00e2nia dup\u0103 1944, precum \u015fi transfugii din ultimii 10-20 de ani. Ace\u015ftia constituie o uria\u015f\u0103 p\u00e2rghie, care influen\u0163eaz\u0103 conducerea \u0163\u0103rii vecine spre o politic\u0103 revizionist\u0103 \u015fi chiar de \u00eensu\u015fire a Transilvaniei. Lobby-ul secuilor \u015fi maghiarilor este prezent pe \u00eentreaga palet\u0103 politic\u0103 a Ungariei, fiind preponderent \u00een partidele de dreapta, na\u0163ionaliste prin voca\u0163ie. Din majoritatea declara\u0163iilor sau confesiunilor militan\u0163ilor neorevizioni\u015fti reiese c\u0103 ei provin din Transilvania sau c\u0103 sunt descenden\u0163i ai unor refugia\u0163i de aici. O mare parte particip\u0103 activ la via\u0163a politic\u0103 din \u0163ara vecin\u0103 \u015fi \u00eencearc\u0103 s\u0103 o orienteze spre o confruntare cu \u0163\u0103rile limitrofe.<\/h4>\r\n<h4><\/h4>\r\n<h4>Tam\u00e1s G\u00e1spar Miklos, plecat din Transilvania \u00eenainte de 1989, deputat \u00een parlamentul de la Budapesta din partea Partidului Democra\u0163ilor Liberi, cere, \u00een mai 1990, ca guvernul s\u0103 \u00eencheie cu \u0163\u0103rile vecine tratate bilaterale privind problema minorit\u0103\u0163ilor. Or, o astfel de conven\u0163ie nu ar putea fi calificat\u0103 altfel dec\u00e2t un amestec legalizat \u00een treburile interne ale Rom\u00e2niei. Dar mo\u0163iunea lui Tam\u00e1s G\u00e1spar Miklos este doar \u201eprima r\u00e2ndunic\u0103\u201d din valul de presiuni pe care transfugii secui \u015fi maghiari din Transilvania le exercit\u0103 asupra conducerii de la Budapesta.<\/h4>\r\n<h4><\/h4>\r\n<h4>Ca o urmare a prezen\u0163ei zgomotoase a refugia\u0163ilor transilvani, \u00een societatea ungar\u0103 se \u00eenregistreaz\u0103, \u00een prezent, condamnarea de c\u0103tre elita cultural\u0103 ungar\u0103, a politicii din cei 45 de ani de comunism, datorit\u0103 c\u0103reia istoria Ungariei ar fi fost \u201egolit\u0103\u201d de con\u0163inutul ei na\u0163ional (mai degrab\u0103 na\u0163ionalist. n.a.), iar minorit\u0103\u0163ile maghiare din \u0163\u0103rile vecine au fost date uit\u0103rii. Potrivit acestor acuza\u0163ii, politica interna\u0163ionalismului socialist practicat\u0103 de fostul regim marxist din Ungaria ar fi contribuit \u00een mai mare m\u0103sur\u0103 la dezna\u0163ionalizarea ungurilor minoritari dec\u00e2t \u00eens\u0103\u015fi politica de \u201easimilare\u201d a \u0163\u0103rilor respective.<\/h4>\r\n<h4><\/h4>\r\n<h4>O puzderie de lucr\u0103ri, care vor s\u0103 recupereze aceast\u0103 pierdere, umplu ast\u0103zi rafturile libr\u0103riilor, iar \u201eproblema transilvan\u0103\u201d este omniprezent\u0103 \u00een programele de radio sau de televiziune \u015fi pe scenele teatrelor.<\/h4>\r\n<h4><\/h4>\r\n<h4>Propaganda este \u00eens\u0103 dus\u0103 \u015fi \u201ede la om la om\u201d \u015fi acoper\u0103 astfel acele segmente ale opiniei publice din Ungaria care reac\u0163ioneaz\u0103 la stimuli mai primitivi. Pentru avantaje materiale nici m\u0103car foarte importante, secuii \u015fi maghiarii pleca\u0163i din Ardeal au intoxicat cu minciunile \u015fi calomniile lor opinia public\u0103 din \u0163ara vecin\u0103. Ideile revizioniste au p\u0103truns pe aceast\u0103 poart\u0103 ad\u00e2nc \u00een straturile societ\u0103\u0163ii ungare contribuind, \u00een ace\u015fti ultimi ani, la formarea unui compact front antirom\u00e2nesc. Climatul social \u015fovin se datoreaz\u0103, deci, \u00een primul r\u00e2nd, prezen\u0163ei transfugilor, care o dat\u0103 sosi\u0163i \u00een Ungaria, sunt ralia\u0163i la cauza revizionist\u0103.<\/h4>\r\n<h4><\/h4>\r\n<h4>Se \u015ftie c\u0103 o mare parte a celor care au p\u0103r\u0103sit Rom\u00e2nia \u00een anii 1987 \u2013 1988, plecau cu convingerea c\u0103 pot trece mai departe, spre Vest. Alarmat\u0103 de marele num\u0103r de refugia\u0163i din Rom\u00e2nia, Austria a pus \u00een vedere, \u00een decembrie 1987, guvernului maghiar s\u0103 nu mai permit\u0103 tranzitul cet\u0103\u021benilor rom\u00e2ni spre vest. Interdic\u0163ia este din ianuarie 1988, \u00eens\u0103 refugia\u0163ii, necunosc\u00e2nd-o, continu\u0103 s\u0103 treac\u0103 \u00een Ungaria. Return\u0103rile \u00eentreprinse de autorit\u0103\u0163ile maghiare s-au ridicat \u00een primele luni din 1988 p\u00e2n\u0103 la 50%, a\u015fa \u00eenc\u00e2t cine voia s\u0103 r\u0103m\u00e2n\u0103 \u00een Ungaria devenea peste noapte, de nevoie sau de fric\u0103, refugiat politic. Autorit\u0103\u0163ile ungare, camufl\u00e2nd destina\u0163ia real\u0103 a acestor refugia\u0163i, le-au \u00eencurajat \u00eenregimentarea \u00een r\u00e2ndurile refugia\u0163ilor politici, ar\u0103t\u00e2nd lumii c\u00e2t de discrimina\u0163i sunt secuii \u015fi maghiarii \u00een Rom\u00e2nia. De aici o avalan\u015f\u0103 de material propagandistic pentru revizioni\u015ftii unguri, material pe care-l transmiteau prompt mass media interna\u0163ionale. Perversiunea capital\u0103 a acestei ofensive propagandistice consta din afirma\u0163ia c\u0103 minorit\u0103\u0163ile din Rom\u00e2nia au suferit oprim\u0103ri \u00een era ceau\u015fist\u0103, de unde \u015fi discriminarea lor.<\/h4>\r\n<h4><\/h4>\r\n<h4>\u00cen ceea ce prive\u015fte num\u0103rul ridicat de refugia\u0163i de na\u0163ionalitate rom\u00e2n\u0103, bloca\u0163i \u00een Ungaria, o parte a fost returnat\u0103 \u00een Rom\u00e2nia, al\u0163ii au fost constr\u00e2n\u015fi s\u0103 fac\u0103 declara\u0163ii antirom\u00e2ne\u015fti, iar cei mai mul\u0163i au fost trecu\u0163i \u00een mod discret \u00een Austria.<\/h4>\r\n<h4><\/h4>\r\n<h4><\/h4>\r\n<h4><\/h4>\r\n<h4>Pentru observatorul avizat apare tot mai evident decalajul dintre atitudinea celor fugi\u0163i sau repatria\u0163i \u015fi a celor r\u0103ma\u015fi acas\u0103. Majoritatea refugia\u0163ilor din Ungaria sau din Vest, depun toate eforturile pentru a \u00eentre\u0163ine climatul de disensiune rom\u00e2no \u2013 ungar, pe c\u00e2nd cei de acas\u0103 se str\u0103duiesc s\u0103 se organizeze \u015fi s\u0103-\u015fi g\u0103seasc\u0103 locul cuvenit \u00een societatea rom\u00e2n\u0103, pe cale de democratizare. El\u00f6d Kincses, exponent al maghiarilor de la T\u00eergu-Mure\u015f, declara \u00een aprilie 1990 la Televiziunea Ungar\u0103 c\u0103 marea majoritate a celor fugi\u0163i sunt \u201eeroi de c\u00e2rcium\u0103\u201d. Alte voci din comunitatea maghiaro \u2013 secuiasc\u0103 acuz\u0103 cu gravitate pe cei pleca\u0163i c\u0103 \u015fi-au p\u0103r\u0103sit locurile din calculul profesional \u2013 economic \u015fi nicidecum din cauza persecu\u0163iilor.<\/h4>\r\n<h4><\/h4>\r\n<h4>Exist\u0103 desigur o diversificare \u015fi \u00een r\u00e2ndurile celor de acas\u0103 \u015fi anume : o p\u0103tur\u0103 sub\u0163ire dar virulent\u0103 se identific\u0103 cu ideologia neorevizionist\u0103 \u015fi formeaz\u0103 \u201ecoloana a cincea\u201d, care militeaz\u0103 pentru crearea unui climat revizionist \u00een \u0163ara noastr\u0103.<\/h4>\r\n<h4><\/h4>\r\n<h4>Fundalul social \u015fi politic, prezentat aici schematic, merit\u0103 cu siguran\u0163\u0103 un studiu aprofundat, folositor acelora care vor s\u0103 sesizeze cu claritate linia frontului neorevizionist.<\/h4>\r\n<h4><\/h4>\r\n<h4><\/h4>\r\n<h4><span style=\"color: #c0c0c0;\"><em>Surs\u0103: Blogosfer\u0103 <a title=\"sursa\" href=\"http:\/\/ichircu.blogspot.ro\/2012\/06\/analiza-ungaria-si-pretentiile-asupra.html\">ichircu.blogspot.ro<\/a><\/em><\/span><\/h4>        <div class=\"booster-block booster-reactions-block\">\n            <div class=\"twp-reactions-icons\">\n                \n                <div class=\"twp-reacts-wrap\">\n                    <a react-data=\"be-react-1\" post-id=\"3461\" class=\"be-face-icons un-reacted\" href=\"javascript:void(0)\">\n                        <img decoding=\"async\" src=\"https:\/\/desteptati-va.ro\/wp-content\/plugins\/booster-extension\/\/assets\/icon\/happy.svg\" alt=\"Happy\">\n                    <\/a>\n                    <div class=\"twp-reaction-title\">\n                        Happy                    <\/div>\n                    <div class=\"twp-count-percent\">\n                                                    <span style=\"display: none;\" class=\"twp-react-count\">0<\/span>\n                        \n                                                <span class=\"twp-react-percent\"><span>0<\/span> %<\/span>\n                                            <\/div>\n                <\/div>\n\n                <div class=\"twp-reacts-wrap\">\n                    <a react-data=\"be-react-2\" post-id=\"3461\" class=\"be-face-icons un-reacted\" href=\"javascript:void(0)\">\n                        <img decoding=\"async\" src=\"https:\/\/desteptati-va.ro\/wp-content\/plugins\/booster-extension\/\/assets\/icon\/sad.svg\" alt=\"Sad\">\n                    <\/a>\n                    <div class=\"twp-reaction-title\">\n                        Sad                    <\/div>\n                    <div class=\"twp-count-percent\">\n                                                    <span style=\"display: none;\" class=\"twp-react-count\">0<\/span>\n                                                                        <span class=\"twp-react-percent\"><span>0<\/span> %<\/span>\n                                            <\/div>\n                <\/div>\n\n                <div class=\"twp-reacts-wrap\">\n                    <a react-data=\"be-react-3\" post-id=\"3461\" class=\"be-face-icons un-reacted\" href=\"javascript:void(0)\">\n                        <img decoding=\"async\" src=\"https:\/\/desteptati-va.ro\/wp-content\/plugins\/booster-extension\/\/assets\/icon\/excited.svg\" alt=\"Excited\">\n                    <\/a>\n                    <div class=\"twp-reaction-title\">\n                        Excited                    <\/div>\n                    <div class=\"twp-count-percent\">\n                                                    <span style=\"display: none;\" class=\"twp-react-count\">0<\/span>\n                                                                        <span class=\"twp-react-percent\"><span>0<\/span> %<\/span>\n                                            <\/div>\n                <\/div>\n\n                <div class=\"twp-reacts-wrap\">\n                    <a react-data=\"be-react-6\" post-id=\"3461\" class=\"be-face-icons un-reacted\" href=\"javascript:void(0)\">\n                        <img decoding=\"async\" src=\"https:\/\/desteptati-va.ro\/wp-content\/plugins\/booster-extension\/\/assets\/icon\/sleepy.svg\" alt=\"Sleepy\">\n                    <\/a>\n                    <div class=\"twp-reaction-title\">\n                        Sleepy                    <\/div>\n                    <div class=\"twp-count-percent\">\n                                                    <span style=\"display: none;\" class=\"twp-react-count\">0<\/span>\n                        \n                                                <span class=\"twp-react-percent\"><span>0<\/span> %<\/span>\n                                            <\/div>\n                <\/div>\n\n                <div class=\"twp-reacts-wrap\">\n                    <a react-data=\"be-react-4\" post-id=\"3461\" class=\"be-face-icons un-reacted\" href=\"javascript:void(0)\">\n                        <img decoding=\"async\" src=\"https:\/\/desteptati-va.ro\/wp-content\/plugins\/booster-extension\/\/assets\/icon\/angry.svg\" alt=\"Angry\">\n                    <\/a>\n                    <div class=\"twp-reaction-title\">Angry<\/div>\n                    <div class=\"twp-count-percent\">\n                                                    <span style=\"display: none;\" class=\"twp-react-count\">0<\/span>\n                                                                        <span class=\"twp-react-percent\"><span>0<\/span> %<\/span>\n                        \n                    <\/div>\n                <\/div>\n\n                <div class=\"twp-reacts-wrap\">\n                    <a react-data=\"be-react-5\" post-id=\"3461\" class=\"be-face-icons un-reacted\" href=\"javascript:void(0)\">\n                        <img decoding=\"async\" src=\"https:\/\/desteptati-va.ro\/wp-content\/plugins\/booster-extension\/\/assets\/icon\/surprise.svg\" alt=\"Surprise\">\n                    <\/a>\n                    <div class=\"twp-reaction-title\">Surprise<\/div>\n                    <div class=\"twp-count-percent\">\n                                                    <span style=\"display: none;\" class=\"twp-react-count\">0<\/span>\n                                                                        <span class=\"twp-react-percent\"><span>0<\/span> %<\/span>\n                                            <\/div>\n                <\/div>\n\n            <\/div>\n        <\/div>\n\n    <\/div>","protected":false},"excerpt":{"rendered":"<p>Dup\u0103 Pacea de la Paris, 1947 Aparent vindecat\u0103 de aventura revizionist\u0103, care pe l\u00e2ng\u0103 distrugerea \u0163\u0103rii i-a adus oprobiul lumii<a href=\"https:\/\/desteptati-va.ro\/index.php\/2021\/04\/13\/neorevizionismul-ungar-partea-a-ii-a\/\">Read More<i class=\"fa fa-long-arrow-right\" aria-hidden=\"true\"><\/i><\/a><\/p>\n","protected":false},"author":1,"featured_media":2802,"comment_status":"open","ping_status":"open","sticky":false,"template":"","format":"standard","meta":{"_crdt_document":"","footnotes":""},"categories":[38],"tags":[168,60,154,169,135,170,84,171],"class_list":["post-3461","post","type-post","status-publish","format-standard","has-post-thumbnail","hentry","category-prieteni-pe-dracu","tag-armata","tag-desteptati-va","tag-istorie","tag-paris","tag-transilvania","tag-tratat","tag-ungaria","tag-unguri"],"rise-blocks_total_comments":0,"rise-blocks_categories":[{"term_id":38,"name":"'Prietenii\" unguri","slug":"prieteni-pe-dracu","term_group":0,"term_taxonomy_id":38,"taxonomy":"category","description":"","parent":37,"count":5,"filter":"raw"}],"rise-blocks_excerpt":"Dup\u0103 Pacea de la Paris, 1947 Aparent vindecat\u0103 de aventura revizionist\u0103, care pe l\u00e2ng\u0103 distrugerea \u0163\u0103rii i-a adus oprobiul lumii civilizate, Ungaria ia calea \u201edemocra\u0163iilor socialiste\u201d reu\u015find s\u0103-\u015fi reformeze \u00een parte via\u0163a public\u0103 fascizat\u0103. Ocupat\u0103 cu \u201erenovarea\u201d prestigiului na\u0163ional \u015fi c\u0103ut\u00e2nd s\u0103 se pun\u0103 bine cu vecinii, Ungaria devine adepta zeloas\u0103 a interna\u0163ionalismului socialist. Degajat\u0103 de majoritatea elementelor fasciste care..","yoast_head":"<!-- This site is optimized with the Yoast SEO plugin v26.9 - https:\/\/yoast.com\/product\/yoast-seo-wordpress\/ -->\r\n<title>Neorevizionismul ungar- partea a II-a -<\/title>\r\n<meta name=\"robots\" content=\"index, follow, max-snippet:-1, max-image-preview:large, max-video-preview:-1\" \/>\r\n<link rel=\"canonical\" href=\"https:\/\/desteptati-va.ro\/index.php\/2021\/04\/13\/neorevizionismul-ungar-partea-a-ii-a\/\" \/>\r\n<meta property=\"og:locale\" content=\"ro_RO\" \/>\r\n<meta property=\"og:type\" content=\"article\" \/>\r\n<meta property=\"og:title\" content=\"Neorevizionismul ungar- partea a II-a -\" \/>\r\n<meta property=\"og:description\" content=\"Dup\u0103 Pacea de la Paris, 1947 Aparent vindecat\u0103 de aventura revizionist\u0103, care pe l\u00e2ng\u0103 distrugerea \u0163\u0103rii i-a adus oprobiul lumiiRead More\" \/>\r\n<meta property=\"og:url\" content=\"https:\/\/desteptati-va.ro\/index.php\/2021\/04\/13\/neorevizionismul-ungar-partea-a-ii-a\/\" \/>\r\n<meta property=\"article:published_time\" content=\"2021-04-13T10:26:36+00:00\" \/>\r\n<meta property=\"og:image\" content=\"https:\/\/desteptati-va.ro\/wp-content\/uploads\/2021\/04\/tratat1-e1618309555504.jpg\" \/>\r\n\t<meta property=\"og:image:width\" content=\"291\" \/>\r\n\t<meta property=\"og:image:height\" content=\"201\" \/>\r\n\t<meta property=\"og:image:type\" content=\"image\/jpeg\" \/>\r\n<meta name=\"author\" content=\"wolfsoftcompany\" \/>\r\n<meta name=\"twitter:card\" content=\"summary_large_image\" \/>\r\n<meta name=\"twitter:label1\" content=\"Scris de\" \/>\n\t<meta name=\"twitter:data1\" content=\"wolfsoftcompany\" \/>\n\t<meta name=\"twitter:label2\" content=\"Timp estimat pentru citire\" \/>\n\t<meta name=\"twitter:data2\" content=\"21 de minute\" \/>\r\n<script type=\"application\/ld+json\" class=\"yoast-schema-graph\">{\"@context\":\"https:\/\/schema.org\",\"@graph\":[{\"@type\":\"Article\",\"@id\":\"https:\/\/desteptati-va.ro\/index.php\/2021\/04\/13\/neorevizionismul-ungar-partea-a-ii-a\/#article\",\"isPartOf\":{\"@id\":\"https:\/\/desteptati-va.ro\/index.php\/2021\/04\/13\/neorevizionismul-ungar-partea-a-ii-a\/\"},\"author\":{\"name\":\"wolfsoftcompany\",\"@id\":\"https:\/\/desteptati-va.ro\/#\/schema\/person\/13182deeebd44920914899f7bb262d6b\"},\"headline\":\"Neorevizionismul ungar- partea a II-a\",\"datePublished\":\"2021-04-13T10:26:36+00:00\",\"mainEntityOfPage\":{\"@id\":\"https:\/\/desteptati-va.ro\/index.php\/2021\/04\/13\/neorevizionismul-ungar-partea-a-ii-a\/\"},\"wordCount\":4208,\"commentCount\":0,\"image\":{\"@id\":\"https:\/\/desteptati-va.ro\/index.php\/2021\/04\/13\/neorevizionismul-ungar-partea-a-ii-a\/#primaryimage\"},\"thumbnailUrl\":\"https:\/\/desteptati-va.ro\/wp-content\/uploads\/2021\/04\/tratat1-e1618309555504.jpg\",\"keywords\":[\"Armata\",\"desteptati-va\",\"istorie\",\"Paris\",\"Transilvania\",\"Tratat\",\"Ungaria\",\"unguri\"],\"articleSection\":[\"'Prietenii\\\" unguri\"],\"inLanguage\":\"ro-RO\",\"potentialAction\":[{\"@type\":\"CommentAction\",\"name\":\"Comment\",\"target\":[\"https:\/\/desteptati-va.ro\/index.php\/2021\/04\/13\/neorevizionismul-ungar-partea-a-ii-a\/#respond\"]}]},{\"@type\":\"WebPage\",\"@id\":\"https:\/\/desteptati-va.ro\/index.php\/2021\/04\/13\/neorevizionismul-ungar-partea-a-ii-a\/\",\"url\":\"https:\/\/desteptati-va.ro\/index.php\/2021\/04\/13\/neorevizionismul-ungar-partea-a-ii-a\/\",\"name\":\"Neorevizionismul ungar- partea a II-a -\",\"isPartOf\":{\"@id\":\"https:\/\/desteptati-va.ro\/#website\"},\"primaryImageOfPage\":{\"@id\":\"https:\/\/desteptati-va.ro\/index.php\/2021\/04\/13\/neorevizionismul-ungar-partea-a-ii-a\/#primaryimage\"},\"image\":{\"@id\":\"https:\/\/desteptati-va.ro\/index.php\/2021\/04\/13\/neorevizionismul-ungar-partea-a-ii-a\/#primaryimage\"},\"thumbnailUrl\":\"https:\/\/desteptati-va.ro\/wp-content\/uploads\/2021\/04\/tratat1-e1618309555504.jpg\",\"datePublished\":\"2021-04-13T10:26:36+00:00\",\"author\":{\"@id\":\"https:\/\/desteptati-va.ro\/#\/schema\/person\/13182deeebd44920914899f7bb262d6b\"},\"breadcrumb\":{\"@id\":\"https:\/\/desteptati-va.ro\/index.php\/2021\/04\/13\/neorevizionismul-ungar-partea-a-ii-a\/#breadcrumb\"},\"inLanguage\":\"ro-RO\",\"potentialAction\":[{\"@type\":\"ReadAction\",\"target\":[\"https:\/\/desteptati-va.ro\/index.php\/2021\/04\/13\/neorevizionismul-ungar-partea-a-ii-a\/\"]}]},{\"@type\":\"ImageObject\",\"inLanguage\":\"ro-RO\",\"@id\":\"https:\/\/desteptati-va.ro\/index.php\/2021\/04\/13\/neorevizionismul-ungar-partea-a-ii-a\/#primaryimage\",\"url\":\"https:\/\/desteptati-va.ro\/wp-content\/uploads\/2021\/04\/tratat1-e1618309555504.jpg\",\"contentUrl\":\"https:\/\/desteptati-va.ro\/wp-content\/uploads\/2021\/04\/tratat1-e1618309555504.jpg\",\"width\":291,\"height\":201},{\"@type\":\"BreadcrumbList\",\"@id\":\"https:\/\/desteptati-va.ro\/index.php\/2021\/04\/13\/neorevizionismul-ungar-partea-a-ii-a\/#breadcrumb\",\"itemListElement\":[{\"@type\":\"ListItem\",\"position\":1,\"name\":\"Prima pagin\u0103\",\"item\":\"https:\/\/desteptati-va.ro\/\"},{\"@type\":\"ListItem\",\"position\":2,\"name\":\"Neorevizionismul ungar- partea a II-a\"}]},{\"@type\":\"WebSite\",\"@id\":\"https:\/\/desteptati-va.ro\/#website\",\"url\":\"https:\/\/desteptati-va.ro\/\",\"name\":\"\",\"description\":\"\",\"potentialAction\":[{\"@type\":\"SearchAction\",\"target\":{\"@type\":\"EntryPoint\",\"urlTemplate\":\"https:\/\/desteptati-va.ro\/?s={search_term_string}\"},\"query-input\":{\"@type\":\"PropertyValueSpecification\",\"valueRequired\":true,\"valueName\":\"search_term_string\"}}],\"inLanguage\":\"ro-RO\"},{\"@type\":\"Person\",\"@id\":\"https:\/\/desteptati-va.ro\/#\/schema\/person\/13182deeebd44920914899f7bb262d6b\",\"name\":\"wolfsoftcompany\",\"image\":{\"@type\":\"ImageObject\",\"inLanguage\":\"ro-RO\",\"@id\":\"https:\/\/desteptati-va.ro\/#\/schema\/person\/image\/\",\"url\":\"https:\/\/secure.gravatar.com\/avatar\/a6cce9b6d101d27d91690e7073e300fed94c0899890bf998e082cb9d2c3d121e?s=96&d=mm&r=g\",\"contentUrl\":\"https:\/\/secure.gravatar.com\/avatar\/a6cce9b6d101d27d91690e7073e300fed94c0899890bf998e082cb9d2c3d121e?s=96&d=mm&r=g\",\"caption\":\"wolfsoftcompany\"},\"sameAs\":[\"http:\/\/desteptati-va.ro\"],\"url\":\"https:\/\/desteptati-va.ro\/index.php\/author\/wolfsoftcompany\/\"}]}<\/script>\r\n<!-- \/ Yoast SEO plugin. -->","yoast_head_json":{"title":"Neorevizionismul ungar- partea a II-a -","robots":{"index":"index","follow":"follow","max-snippet":"max-snippet:-1","max-image-preview":"max-image-preview:large","max-video-preview":"max-video-preview:-1"},"canonical":"https:\/\/desteptati-va.ro\/index.php\/2021\/04\/13\/neorevizionismul-ungar-partea-a-ii-a\/","og_locale":"ro_RO","og_type":"article","og_title":"Neorevizionismul ungar- partea a II-a -","og_description":"Dup\u0103 Pacea de la Paris, 1947 Aparent vindecat\u0103 de aventura revizionist\u0103, care pe l\u00e2ng\u0103 distrugerea \u0163\u0103rii i-a adus oprobiul lumiiRead More","og_url":"https:\/\/desteptati-va.ro\/index.php\/2021\/04\/13\/neorevizionismul-ungar-partea-a-ii-a\/","article_published_time":"2021-04-13T10:26:36+00:00","og_image":[{"width":291,"height":201,"url":"https:\/\/desteptati-va.ro\/wp-content\/uploads\/2021\/04\/tratat1-e1618309555504.jpg","type":"image\/jpeg"}],"author":"wolfsoftcompany","twitter_card":"summary_large_image","twitter_misc":{"Scris de":"wolfsoftcompany","Timp estimat pentru citire":"21 de minute"},"schema":{"@context":"https:\/\/schema.org","@graph":[{"@type":"Article","@id":"https:\/\/desteptati-va.ro\/index.php\/2021\/04\/13\/neorevizionismul-ungar-partea-a-ii-a\/#article","isPartOf":{"@id":"https:\/\/desteptati-va.ro\/index.php\/2021\/04\/13\/neorevizionismul-ungar-partea-a-ii-a\/"},"author":{"name":"wolfsoftcompany","@id":"https:\/\/desteptati-va.ro\/#\/schema\/person\/13182deeebd44920914899f7bb262d6b"},"headline":"Neorevizionismul ungar- partea a II-a","datePublished":"2021-04-13T10:26:36+00:00","mainEntityOfPage":{"@id":"https:\/\/desteptati-va.ro\/index.php\/2021\/04\/13\/neorevizionismul-ungar-partea-a-ii-a\/"},"wordCount":4208,"commentCount":0,"image":{"@id":"https:\/\/desteptati-va.ro\/index.php\/2021\/04\/13\/neorevizionismul-ungar-partea-a-ii-a\/#primaryimage"},"thumbnailUrl":"https:\/\/desteptati-va.ro\/wp-content\/uploads\/2021\/04\/tratat1-e1618309555504.jpg","keywords":["Armata","desteptati-va","istorie","Paris","Transilvania","Tratat","Ungaria","unguri"],"articleSection":["'Prietenii\" unguri"],"inLanguage":"ro-RO","potentialAction":[{"@type":"CommentAction","name":"Comment","target":["https:\/\/desteptati-va.ro\/index.php\/2021\/04\/13\/neorevizionismul-ungar-partea-a-ii-a\/#respond"]}]},{"@type":"WebPage","@id":"https:\/\/desteptati-va.ro\/index.php\/2021\/04\/13\/neorevizionismul-ungar-partea-a-ii-a\/","url":"https:\/\/desteptati-va.ro\/index.php\/2021\/04\/13\/neorevizionismul-ungar-partea-a-ii-a\/","name":"Neorevizionismul ungar- partea a II-a -","isPartOf":{"@id":"https:\/\/desteptati-va.ro\/#website"},"primaryImageOfPage":{"@id":"https:\/\/desteptati-va.ro\/index.php\/2021\/04\/13\/neorevizionismul-ungar-partea-a-ii-a\/#primaryimage"},"image":{"@id":"https:\/\/desteptati-va.ro\/index.php\/2021\/04\/13\/neorevizionismul-ungar-partea-a-ii-a\/#primaryimage"},"thumbnailUrl":"https:\/\/desteptati-va.ro\/wp-content\/uploads\/2021\/04\/tratat1-e1618309555504.jpg","datePublished":"2021-04-13T10:26:36+00:00","author":{"@id":"https:\/\/desteptati-va.ro\/#\/schema\/person\/13182deeebd44920914899f7bb262d6b"},"breadcrumb":{"@id":"https:\/\/desteptati-va.ro\/index.php\/2021\/04\/13\/neorevizionismul-ungar-partea-a-ii-a\/#breadcrumb"},"inLanguage":"ro-RO","potentialAction":[{"@type":"ReadAction","target":["https:\/\/desteptati-va.ro\/index.php\/2021\/04\/13\/neorevizionismul-ungar-partea-a-ii-a\/"]}]},{"@type":"ImageObject","inLanguage":"ro-RO","@id":"https:\/\/desteptati-va.ro\/index.php\/2021\/04\/13\/neorevizionismul-ungar-partea-a-ii-a\/#primaryimage","url":"https:\/\/desteptati-va.ro\/wp-content\/uploads\/2021\/04\/tratat1-e1618309555504.jpg","contentUrl":"https:\/\/desteptati-va.ro\/wp-content\/uploads\/2021\/04\/tratat1-e1618309555504.jpg","width":291,"height":201},{"@type":"BreadcrumbList","@id":"https:\/\/desteptati-va.ro\/index.php\/2021\/04\/13\/neorevizionismul-ungar-partea-a-ii-a\/#breadcrumb","itemListElement":[{"@type":"ListItem","position":1,"name":"Prima pagin\u0103","item":"https:\/\/desteptati-va.ro\/"},{"@type":"ListItem","position":2,"name":"Neorevizionismul ungar- partea a II-a"}]},{"@type":"WebSite","@id":"https:\/\/desteptati-va.ro\/#website","url":"https:\/\/desteptati-va.ro\/","name":"","description":"","potentialAction":[{"@type":"SearchAction","target":{"@type":"EntryPoint","urlTemplate":"https:\/\/desteptati-va.ro\/?s={search_term_string}"},"query-input":{"@type":"PropertyValueSpecification","valueRequired":true,"valueName":"search_term_string"}}],"inLanguage":"ro-RO"},{"@type":"Person","@id":"https:\/\/desteptati-va.ro\/#\/schema\/person\/13182deeebd44920914899f7bb262d6b","name":"wolfsoftcompany","image":{"@type":"ImageObject","inLanguage":"ro-RO","@id":"https:\/\/desteptati-va.ro\/#\/schema\/person\/image\/","url":"https:\/\/secure.gravatar.com\/avatar\/a6cce9b6d101d27d91690e7073e300fed94c0899890bf998e082cb9d2c3d121e?s=96&d=mm&r=g","contentUrl":"https:\/\/secure.gravatar.com\/avatar\/a6cce9b6d101d27d91690e7073e300fed94c0899890bf998e082cb9d2c3d121e?s=96&d=mm&r=g","caption":"wolfsoftcompany"},"sameAs":["http:\/\/desteptati-va.ro"],"url":"https:\/\/desteptati-va.ro\/index.php\/author\/wolfsoftcompany\/"}]}},"_links":{"self":[{"href":"https:\/\/desteptati-va.ro\/index.php\/wp-json\/wp\/v2\/posts\/3461","targetHints":{"allow":["GET"]}}],"collection":[{"href":"https:\/\/desteptati-va.ro\/index.php\/wp-json\/wp\/v2\/posts"}],"about":[{"href":"https:\/\/desteptati-va.ro\/index.php\/wp-json\/wp\/v2\/types\/post"}],"author":[{"embeddable":true,"href":"https:\/\/desteptati-va.ro\/index.php\/wp-json\/wp\/v2\/users\/1"}],"replies":[{"embeddable":true,"href":"https:\/\/desteptati-va.ro\/index.php\/wp-json\/wp\/v2\/comments?post=3461"}],"version-history":[{"count":1,"href":"https:\/\/desteptati-va.ro\/index.php\/wp-json\/wp\/v2\/posts\/3461\/revisions"}],"predecessor-version":[{"id":3463,"href":"https:\/\/desteptati-va.ro\/index.php\/wp-json\/wp\/v2\/posts\/3461\/revisions\/3463"}],"wp:featuredmedia":[{"embeddable":true,"href":"https:\/\/desteptati-va.ro\/index.php\/wp-json\/wp\/v2\/media\/2802"}],"wp:attachment":[{"href":"https:\/\/desteptati-va.ro\/index.php\/wp-json\/wp\/v2\/media?parent=3461"}],"wp:term":[{"taxonomy":"category","embeddable":true,"href":"https:\/\/desteptati-va.ro\/index.php\/wp-json\/wp\/v2\/categories?post=3461"},{"taxonomy":"post_tag","embeddable":true,"href":"https:\/\/desteptati-va.ro\/index.php\/wp-json\/wp\/v2\/tags?post=3461"}],"curies":[{"name":"wp","href":"https:\/\/api.w.org\/{rel}","templated":true}]}}