{"id":3464,"date":"2021-04-13T10:28:27","date_gmt":"2021-04-13T10:28:27","guid":{"rendered":"http:\/\/desteptati.ro\/?p=3464"},"modified":"2021-04-13T10:28:27","modified_gmt":"2021-04-13T10:28:27","slug":"neorevizionismul-ungar-partea-i","status":"publish","type":"post","link":"https:\/\/desteptati-va.ro\/index.php\/2021\/04\/13\/neorevizionismul-ungar-partea-i\/","title":{"rendered":"Neorevizionismul ungar -partea I"},"content":{"rendered":"<div class=\"post-content\"><div class='booster-block booster-read-block'>\n                <div class=\"twp-read-time\">\n                \t<i class=\"booster-icon twp-clock\"><\/i> <span>Read Time:<\/span>23 Minute, 15 Second                <\/div>\n\n            <\/div><div>\r\n<h4><\/h4>\r\n<\/div>\r\n<div style=\"text-align: justify;\">\r\n<h4 style=\"text-align: justify;\">\u00cen contextul noilor lu\u0103ri de pozi\u021bii revizioniste maghiare, foarte agresive, portalul Ziari\u0219ti Online public\u0103 \u00een premier\u0103 o analiz\u0103 special\u0103 de la \u00eenceputurile anilor \u201990, care relev\u0103 resorturile \u0219i fundamentele politicii de azi a premierului ungar Viktor Orban \u0219i a pre\u0219edintelui Parlamentului de la Budapesta, Laszlo Kover. Avertismentele trase de autorul studiului nu au fost luate \u00eensa \u00een seama de autorit\u0103\u021bile statului roman, subminate \u0219i infiltrate masiv de agen\u021bii statului \u201cvecin \u0219i prieten\u201d.<\/h4>\r\n<h4 style=\"text-align: justify;\"><\/h4>\r\n<h3 style=\"text-align: justify;\"><strong>Neorevizionismul ungar<\/strong><\/h3>\r\n<h3 style=\"text-align: justify;\"><strong>Argument<\/strong><\/h3>\r\n<h4 style=\"text-align: justify;\"><\/h4>\r\n<h4 style=\"text-align: justify;\">\u00a0Contraria\u0163i \u015fi cu decep\u0163ie deschidem din nou dosarul revizionismului ungar. Deceniile care au trecut ne-au f\u0103cut s\u0103 uit\u0103m cearta cu vecinul \u015fi eram convin\u015fi c\u0103 generozitatea cu care am iertat tot r\u0103ul pe care ni l-a f\u0103cut du\u015fm\u0103nindu-ne \u015fi r\u0103pindu-ne o parte din \u0163ar\u0103 va fi apreciat\u0103 dup\u0103 cuviin\u0163\u0103. Ast\u0103zi trebuie s\u0103 constat\u0103m \u00eens\u0103 c\u0103 am tr\u0103it \u00een iluzia unei colabor\u0103ri sincere, deoarece unele cercuri influente din Ungaria \u015fi emigra\u0163ia ungar\u0103 nu au renun\u0163at nici o clip\u0103 la g\u00e2ndul reanex\u0103rii Transilvaniei. Ar fi bine s\u0103 nu c\u0103dem \u00een aceea\u015fi gre\u015feal\u0103 comis\u0103 p\u00e2n\u0103 \u00een preziua dictatului de la Viena din 1940, c\u00e2nd, de\u015fi cuno\u015fteam uneltirile \u00eentreprinse \u00eempotriva \u0163\u0103rii noastre, am a\u015fteptat nepreg\u0103ti\u0163i ziua fatal\u0103 \u00een care conducerea de atunci a Rom\u00e2niei, timorat\u0103 \u015fi derutat\u0103, a recunoscut ignobila sentin\u0163\u0103. Lipsa de reac\u0163ie adecvat\u0103 la cursa descreierat\u0103 f\u0103cut\u0103 de Ungaria horthyst\u0103 pentru a r\u0103pi teritorii ce nu-i apar\u0163ineau poate constitui o lec\u0163ie pentru Rom\u00e2nia anului 1990 confruntat\u0103 cu rena\u015fterea revizionismului ungar. Conducerea de atunci a Ungariei a \u015ftiut s\u0103 profite de marea \u015fans\u0103 pe care i-a oferit-o camaraderia cu hitlerismul aventurier \u015fi lipsit de scrupule \u015fi cu fascismul italian, reedit\u00e2nd \u00eentre anii 1938 \u015fi 1941 unele dintre performan\u0163ele care \u00eengroziser\u0103 occidentul Europei cu o mie de ani \u00een urm\u0103. Bucuria i-a fost \u00eens\u0103 de scurt\u0103 durat\u0103 \u015fi sentin\u0163a aplicat\u0103 a fost pe m\u0103sura faptei: hotarele stabilite \u00een 1920 la Trianon, drepte din toate punctele de vedere, au fost restabilite \u00een 1947 la Conferin\u0163a de pace de la Paris. Potoli\u0163i \u00een pornirile lor belicoase \u015fi ling\u00e2ndu-\u015fi r\u0103nile cauzate de propria lor demen\u0163\u0103, na\u0163ionali\u015ftii unguri devin peste noapte adep\u0163ii ferven\u0163i ai interna\u0163ionalismului socialist \u015fi depun toate eforturile pentru a-\u015fi convinge vecinii \u015fi opinia public\u0103 mondial\u0103 de inten\u0163iile lor pa\u015fnice. Cei peste 30 de ani \u00een care regimul lui J\u00e1nos K\u00e1d\u00e1r a fr\u00e2nat recidivele na\u0163ionaliste sau chiar revizioniste i-au f\u0103cut pe mul\u0163i rom\u00e2ni s\u0103 cread\u0103 c\u0103 vecinii no\u015ftri s-au resemnat \u00eentre grani\u0163ele lor etnice \u015fi c\u0103 nu-\u015fi mai arog\u0103 \u201edreptul istoric\u201d asupra Transilvaniei. Realitatea zilelor noastre dovede\u015fte \u00eens\u0103 contrariul: iredentismul exist\u0103 \u015fi este bine s\u0103 lu\u0103m aminte \u015fi s\u0103 nu a\u015ftept\u0103m cu m\u00e2inile \u00een s\u00een. Deoarece, c\u00e2nd scriem aceste r\u00e2nduri, suntem \u00een plin\u0103 explozie a mi\u015fc\u0103rii revizioniste, care se desf\u0103\u015foar\u0103 pe trei fronturi coordonate \u00eentre ele: for\u0163ele politice conservator-na\u0163ionaliste din Ungaria, cercurile minoritare iredentiste din \u0163\u0103rile vecine ei \u015fi emigra\u0163ia ungar\u0103 din Occident. Revizionismul ungar, intrat dup\u0103 schimbarea de regim din Ungaria \u00een faza acut\u0103 a unei evidente acceler\u0103ri, nu poate fi descris \u00eentr-o lucrare \u00een \u00eentreaga lui complexitate, oric\u00e2t de exhaustiv\u0103 s-ar vrea aceasta. De aceea \u00eenf\u0103\u0163i\u015f\u0103m un \u201eportret la zi\u201d, \u00een care vom fixa schematic anatomia mi\u015fc\u0103rii, inten\u0163iile ei deschise sau ascunse, precum \u015fi unele dintre metodele de care se serve\u015fte \u00een realizarea \u0163elurilor sale. Neorevizionismul, \u00een terminologia noastr\u0103, \u00eenseamn\u0103 noua fa\u0163\u0103 a revizionismului ungar care, pentru a se \u00eencadra \u00een spiritul documentului final de la Helsinki, a recondi\u0163ionat vechile teze ale iredentei \u015fi le-a adaptat la actuala conjunctur\u0103 politic\u0103 din Europa. Dorim s\u0103 asigur\u0103m lucr\u0103rii obiectivitate pe baza unor date ale istoriografiei ungare de dup\u0103 cel de-al doilea r\u0103zboi mondial, date, care tocmai prin veridicitatea lor se \u00eentorc, asemenea bumerangului, \u00eempotriva celui care \u00eel arunc\u0103.<\/h4>\r\n<h4 style=\"text-align: justify;\"><\/h4>\r\n<h3 style=\"text-align: justify;\"><strong>Dup\u0103 Trianon<\/strong><\/h3>\r\n<h4 style=\"text-align: justify;\">Monarhia austro-ungar\u0103 s-a descompus \u00een toamna anului 1918 cu consecven\u0163a unui proces chimic. Gratiile \u201e\u00eenchisorii popoarelor\u201d, cum era caracterizat imperiul multina\u0163ional, sar \u00een l\u0103turi sub formidabila putere a voin\u0163ei de libertate a popoarelor \u00eenrobite. \u015eubredul edificiu, condamnat dezafect\u0103rii, se pr\u0103bu\u015fe\u015fte ca minat o dat\u0103 cu sf\u00e2r\u015fitul unui r\u0103zboi pierdut, iar \u00een locul s\u0103u apar construc\u0163iile s\u0103n\u0103toase ale \u0163\u0103rilor cu o experien\u0163\u0103 robust\u0103, bazat\u0103 pe principiul legic al st\u0103p\u00e2nirii de c\u0103tre cei \u00eendrept\u0103\u0163i\u0163i s\u0103 st\u0103p\u00e2neasc\u0103 \u0163ara ce le apar\u0163ine dup\u0103 drept \u015fi dreptate, p\u0103m\u00e2ntul pe care s-au n\u0103scut \u015fi unde formeaz\u0103 majoritatea absolut\u0103 a popula\u0163iei. Renun\u0163area la tron a ultimului Habsburg \u2013 Carol al IV-lea \u2013 nu a fost dec\u00e2t o palid\u0103 \u00eencercare de a diminua puterea imploziei. Dezagregarea armatei imperiale a fost de fapt o scindare a ei pe criterii na\u0163ionale, fiecare osta\u015f apuc\u00e2nd drumul spre locul de ba\u015ftin\u0103, pe care \u00eel va ap\u0103ra de acum \u00eenainte.<\/h4>\r\n<h4 style=\"text-align: justify;\"><\/h4>\r\n<h4 style=\"text-align: justify;\">Ungaria, devenit\u0103 republic\u0103 independent\u0103 la 16 noiembrie 1918, mai face c\u00e2teva \u00eencerc\u0103ri anemice de a re\u0163ine, mai cu vorba bun\u0103, mai cu amenin\u0163\u0103ri, teritorii ai c\u0103ror locuitori \u00ee\u015fi manifestaser\u0103 cu hot\u0103r\u00e2re inten\u0163ia de a se uni cu \u0163ara mam\u0103. Popula\u0163ia acestor teritorii declar\u0103 \u00eens\u0103 \u00eentr-o spectaculoas\u0103 succesiune desp\u0103r\u0163irea de monarhie: cehii la 28 octombrie, croa\u0163ii la 29 octombrie, slovacii la 30 octombrie, s\u00e2rbii la 25 noiembrie, iar rom\u00e2nii la 9 noiembrie \u2013 hot\u0103r\u00e2re consfin\u0163it\u0103 la 1 decembrie 1918 de reprezentan\u0163ii \u00eentregii rom\u00e2nimi din Transilvania.<\/h4>\r\n<h4 style=\"text-align: justify;\">Caracterul impetuos, democratic al Adun\u0103rii de la Alba-Iulia nu las\u0103 nici urm\u0103 de \u00eendoial\u0103 asupra voin\u0163ei de neclintit a rom\u00e2nilor transilv\u0103neni de a se uni cu Rom\u00e2nia. Societatea ungar\u0103, educat\u0103 de un secol \u015fi mai bine \u00een spiritul na\u0163ionalismului \u015fovin \u015fi preg\u0103tit\u0103 pentru rolul de na\u0163iune hegemon\u0103, marginalizase sau ignorase cu totul procesul centrifugal de destr\u0103mare a monarhiei, proces vechi \u00een laten\u0163a lui, dar susceptibil oric\u00e2nd la o cale f\u0103r\u0103 \u00eentoarcere.<\/h4>\r\n<h4 style=\"text-align: justify;\">Trezit brusc la realitate, poporul ungar, aceast\u0103 mas\u0103 etnic\u0103 pestri\u0163\u0103, din care abia a treia parte erau unguri adev\u0103ra\u0163i \u015fi care asimilase numai \u00een ultimii 130 de ani (1787 \u2013 1918) mai mult de trei milioane de str\u0103ini, reac\u0163ioneaz\u0103 cu dezn\u0103dejdea \u00eenecatului. \u00cen Transilvania, de unde secuii \u015fi maghiarii loiali Ungariei \u015fi \u201e\u201a^cu musca pe c\u0103ciul\u0103\u201d se refugiau cu sutele de mii, este dat cuv\u00e2ntul de ordine: \u201eA\u015ftepta\u0163i conferin\u0163a de pace care ne va da dreptate, p\u00e2n\u0103 atunci nu v\u0103 supune\u0163i \u015fi sabota\u0163i\u201d. Cei mai reali\u015fti \u00eens\u0103, care au \u00een\u0163eles c\u0103 roata istoriei nu mai poate fi \u00eentoars\u0103, r\u00e2nd pe r\u00e2nd au recunoscut hot\u0103r\u00e2rea cu caracter plebiscitar, de unire a Transilvaniei cu Rom\u00e2nia pentru totdeauna.<\/h4>\r\n<h4 style=\"text-align: justify;\">\u00cen Ungaria ticsit\u0103 de refugia\u0163i, aflat\u0103 \u00een plin\u0103 derut\u0103 social\u0103 \u015fi economic\u0103, se formeaz\u0103 primele nuclee iredentiste. Motorul care pune \u00een mi\u015fcare revizionismul ungar \u00eenc\u0103 din toamna lui 1918, are \u00een prima linie pe refugia\u0163ii din teritoriile ce se desp\u0103r\u0163iser\u0103 de Ungaria. Consiliul Na\u0163ional Secuiesc, MOVE, EME \u015fi Liga Ap\u0103r\u0103rii Teritoriului sunt primele organiza\u0163ii de acest fel, \u00eenfiin\u0163ate \u00een Ungaria \u00een toamna anului 1918 \u015fi \u00een prim\u0103vara urm\u0103toare.<\/h4>\r\n<h4 style=\"text-align: justify;\">Tratatul de pace spulber\u0103 \u00eens\u0103 \u015fi ultimele speran\u0163e \u015fi deschide calea reac\u0163iilor disperate: \u201eA\u015ftepta\u0163i, nu depune\u0163i jur\u0103m\u00e2nt rom\u00e2nilor, lucrurile nu pot dura\u201d etc.<\/h4>\r\n<h4 style=\"text-align: justify;\">Lucrurile au durat, \u00eens\u0103, pentru c\u0103 tratatul nu f\u0103cea dec\u00e2t s\u0103 legalizeze dezagregarea Ungariei multina\u0163ionale, consumat\u0103 spontan prin voin\u0163a general\u0103 a popoarelor neungare de a \u00eenmorm\u00e2nta monarhia dualist\u0103. Procesul a fost democratic, ireversibil, iar \u00eencerc\u0103rile ulterioare ale istoriografiei ungare de a-l contraface s-au lovit de autenticitatea implacabil\u0103 a faptului istoric.<\/h4>\r\n<h4 style=\"text-align: justify;\">Consider\u00e2nd Trianonul ca un accident funest, Ungaria n-a \u00een\u0163eles nici p\u00e2n\u0103 ast\u0103zi c\u0103 Pacea din 1920 a constituit \u00een realitate \u201emarea r\u0103fuial\u0103\u201d dintre popoarele majoritare, dar oropsite, ale monarhiei \u015fi na\u0163iunea ungar\u0103 hegemon\u0103, dar ve\u015fnic minoritar\u0103 \u00een propria-i \u0163ar\u0103.<\/h4>\r\n<h4 style=\"text-align: justify;\"><\/h4>\r\n<figure id=\"attachment_3674\" aria-describedby=\"caption-attachment-3674\" style=\"width: 238px\" class=\"wp-caption aligncenter\"><a href=\"http:\/\/www.desteptati-va.ro\/wp-content\/uploads\/2012\/06\/Laszlo_-_Count_Albert_Apponyi.jpg\"><img loading=\"lazy\" decoding=\"async\" class=\" wp-image-3674\" title=\"Laszlo_-_Count_Albert_Apponyi\" src=\"http:\/\/www.desteptati-va.ro\/wp-content\/uploads\/2012\/06\/Laszlo_-_Count_Albert_Apponyi.jpg\" alt=\" Contele Albert Apponyi\" width=\"238\" height=\"290\" \/><\/a><figcaption id=\"caption-attachment-3674\" class=\"wp-caption-text\">Contele Albert Apponyi<\/figcaption><\/figure>\r\n<h4 style=\"text-align: justify;\">Mi\u015fcarea revizionist\u0103 preia argumentele contelui Albert \u00c1pponyi, conduc\u0103torul delega\u0163iei ungare la Conferin\u0163a de pace, \u015fi formuleaz\u0103, \u00een baza lor, ideologia, la care nu a renun\u0163at nici p\u00e2n\u0103 \u00een zilele noastre. La loc de frunte st\u0103 \u015fi ast\u0103zi doctrina \u201edreptului istoric\u201d, interpretat\u0103 \u00eens\u0103 cu totul \u00eempotriva sensului ei real, deoarece con\u0163inutul ideii \u00eenseamn\u0103 dreptul celei mai vechi etnii care a locuit teritoriile respective \u015fi aceast\u0103 etnie este poporul rom\u00e2n care aici s-a n\u0103scut \u015fi aici a tr\u0103it totdeauna. Repertoriul iredentist mai cuprinde enumerarea consecin\u0163elor \u201ecatastrofale\u201d care ar fi decurs din dezmembrarea monarhiei, precum: incapacitatea \u0163\u0103rilor beneficiare de a sta pe propriile lor picioare din punct de vedere economic sau de a st\u0103p\u00e2ni problema minorit\u0103\u0163ilor. Ceea ce mai \u00eengrijora pe iredenti\u015fti era regresul cultural pe care l-ar suferi viitoarea minoritate ungar\u0103, obligat\u0103 s\u0103 tr\u0103iasc\u0103 \u00een \u201econdi\u0163ii inferioare\u201d de civiliza\u0163ie \u00een \u0163\u0103rile limitrofe.<\/h4>\r\n<h4 style=\"text-align: justify;\">Acestea erau \u00een general \u00eemprejur\u0103rile \u00een care ia na\u015ftere mi\u015fcarea revizionist\u0103 ungar\u0103 cvasi institu\u0163ionalizat\u0103. \u00cen simbioza cu fascismul ungar, aceasta preia c\u00e2rma \u0163\u0103rii pe la \u00eenceputul anilor treizeci; iredentismul dicteaz\u0103 \u00een continuare politica extern\u0103 a Ungariei. Angaja\u0163i cu trup \u015fi suflet \u00een aventura nazist\u0103, conduc\u0103torii Ungariei ob\u0163in drept recompens\u0103 de la Hitler \u015fi Mussolini o bun\u0103 parte a teritoriilor unite cu \u0163\u0103rile c\u0103rora le apar\u0163ineau. Pierz\u00e2nd r\u0103zboiul, Ungaria fascist\u0103 este din nou redus\u0103 la teritoriul ei etnic prin hot\u0103r\u00e2rile Tratatului de Pace de la Paris din 1947.<\/h4>\r\n<h4 style=\"text-align: justify;\">Straniu \u00een toat\u0103 afacerea este c\u0103 de\u015fi actualele hotare au fost recunoscute \u00een 1947, la Paris, \u0163inta atacurilor revizioniste a r\u0103mas tot Trianonul.<\/h4>\r\n<h4 style=\"text-align: justify;\">Misterul acestei amnezii deliberate, \u00ee\u015fi are, \u00een primul r\u00e2nd, explica\u0163ia \u00een puterea magic\u0103 a sloganului \u201eTrianon\u201d. Repetat p\u00e2n\u0103 la exasperare \u00een perioada primei ofensive iredentiste, \u00eentre cele dou\u0103 r\u0103zboaie mondiale, \u201eTrianon\u201d s-a \u00eentip\u0103rit ad\u00e2nc \u00een con\u015ftiin\u0163a na\u0163ional\u0103 ungar\u0103. Reluarea lui \u00een a doua repriz\u0103 a partidei, care se desf\u0103\u015foar\u0103 \u00een prezent, \u00eenarmeaz\u0103 cauza revizionist\u0103 cu un atu redutabil. Tactica iredentist\u0103 conteaz\u0103 \u00een acela\u015fi timp pe ignoran\u0163a cras\u0103 a tineretului \u015fi a unor p\u0103turi sociale \u00een materie de istorie. Cu aceea\u015fi \u015fans\u0103 este alimentat\u0103, cu informa\u0163ii eronate, opinia public\u0103 mondial\u0103, care ignor\u0103 \u00een linii mari istoria acestei p\u0103r\u0163i a Europei.<\/h4>\r\n<h4 style=\"text-align: justify;\">Dezinvoltura cu care este reclamat\u0103 pe toate c\u0103ile \u201enedreptatea\u201d s\u0103v\u00e2r\u015fit\u0103 \u00een palatul mic de la Trianon, explic\u0103 de ce publicul larg, neavizat, ignor\u0103 cu totul Pacea de la Paris din 1947, de parc\u0103 nici n-ar fi existat un al doilea r\u0103zboi mondial pierdut de Ungaria fascist\u0103, r\u0103zboi care s-a terminat cu repunerea \u00een drepturi teritoriale a \u0163\u0103rilor c\u0103rora li s-au r\u0103pit teritorii prin for\u0163\u0103 sau prin dictate de c\u0103tre vecinii unguri. Desigur c\u0103 depl\u00e2ngerea \u201etragediei de la Trianon\u201d are o \u00eenc\u0103rc\u0103tur\u0103 propagandistic\u0103 considerabil mai mare dec\u00e2t reclamarea deciziilor de la Paris din 1947. La Trianon au fost modificate \u201ehotarele de o mie de ani\u201d ale monarhiei (grosolan\u0103 diversiune istoric\u0103 !) \u2013 fapt care poate trezi eventuala compasiune, pe c\u00e2nd tratatul din 1947 este mai bine dac\u0103 e trecut sub t\u0103cere, pentru c\u0103 prin el a fost sanc\u0163ionat\u0103 Ungaria horthysto-fascist\u0103 pentru samavolnica anexare a unor teritorii apar\u0163in\u00e2nd \u0163\u0103rilor \u00eenvecinate.<\/h4>\r\n<h4 style=\"text-align: justify;\">Vorbind mereu despre Trianon, revizioni\u015ftii unguri ar vrea parc\u0103 s\u0103 mute \u00eenainte cu \u015faptezeci de ani \u201est\u0103rile\u201d \u015fi \u201edrepturile istorice\u201d semifeudale de atunci, decret\u00e2ndu-le actuale \u015fi valide \u00een contextul politic \u015fi etno-demografic de la sf\u00e2r\u015fitul secolului. Reclamarea eventualei nedrept\u0103\u0163i s\u0103v\u00e2r\u015fite de tratatul de la Paris din 1947 nu-i aranjeaz\u0103 pe unguri nici pe plan diplomatic, pentru c\u0103 ar sup\u0103ra Rusia, mo\u015ftenitoarea Uniunii Sovietice, \u015fi Marile Puteri semnatare ca \u015fi actuali giran\u0163i ai pactului. De bun\u0103voin\u0163a \u015fi ajutorul acestor \u0163\u0103ri Ungaria are ast\u0103zi mare nevoie.<\/h4>\r\n<h4 style=\"text-align: justify;\">R\u0103m\u00e2ne deci Trianonul contra c\u0103ruia se pledeaz\u0103 cu argumente din 1920 bazate, dup\u0103 cum vom vedea, pe statistici falsificate \u00een 1990.<\/h4>\r\n<h4 style=\"text-align: justify;\">Marea majoritate a materialului propagandistic difuzat de c\u0103tre iredenta ungar\u0103 \u00een Ungaria sau pe plan interna\u0163ional este \u00eenc\u0103rcat cu date manipulate privind perioada premerg\u0103toare primului r\u0103zboi mondial, iar actuala situa\u0163ie etno-demografic\u0103 din regiune este total ignorat\u0103 sau falsificat\u0103 grosolan.<\/h4>\r\n<h4 style=\"text-align: justify;\">Un singur exemplu edificator: popula\u0163ia Transilvaniei care conform statisticilor maghiare, la data Tratatului de la Trianon, era de aproximativ 5.300.000 de locuitori, este \u201efixat\u0103\u201d la 3.500.000 de anuarul statistic maghiar pentru anul 1990. (A T\u00e9nyek K\u00f6nyve \u2013 90). Din ace\u015ftia, spune ziarul N\u00e9pszabads\u00e1g, care citeaz\u0103 datele anuarului, 1.660.000 erau unguri.<\/h4>\r\n<h4 style=\"text-align: justify;\">Aceea\u015fi falsificare incalificabil\u0103 figureaz\u0103 la pag. 58 din num\u0103rul 2 din 2 mai 1990 al revistei Erd\u00e9lyi Magyars\u00e1g, (Maghiarimea Transilvaniei, publica\u0163ie editat\u0103 de organiza\u0163iile \u201erefugia\u0163ilor\u201d din Transilvania), unde popula\u0163ia Transilvaniei \u00een 1920 ar fi fost tot de 3.500.000, din care 1.664.000 maghiari. Potrivit acestor abera\u0163ii statistice, dac\u0103 sc\u0103dem ungurii 1.664.000 din cei 3,5 milioane, apoi germanii, circa 600.000 \u015fi celelalte minorit\u0103\u0163i \u2013 aproximativ 250.000, r\u0103m\u00e2n \u00een jur de un milion de rom\u00e2ni. C\u00e2t\u0103 vreme statisticile ungare mai serioase sunt de acord cu cifra de 3.000.000 de rom\u00e2ni care au populat Transilvania de la Trianon, numai propaganda revizionist\u0103 trece sub t\u0103cere \u015fi lucreaz\u0103 cu falsuri impertinente, cu care a umplut puzderia de \u201estudii\u201d ap\u0103rute \u00een ultima vreme pe pia\u0163a c\u0103r\u0163ilor din Ungaria.<\/h4>\r\n<h4 style=\"text-align: justify;\">Este, bine, deci s\u0103 cunoa\u015ftem \u015fi s\u0103 verific\u0103m a\u015fa-numita nedreptate de la Trianon, pentru a ne putea orienta corect \u00een sumedenia de date dubioase ale propagandei maghiare. Este de asemenea necesar s\u0103 discernem, de la bun \u00eenceput, datele istoriografiei ungare serioase, care sunt \u00een general mai aproape de realitate \u2013 \u015fi pe care le utiliz\u0103m \u00een m\u0103sura cuvenit\u0103, de cifrele abominabil falsificate ale maculaturii de propagand\u0103 destinat\u0103 marelui public.<\/h4>\r\n<h4 style=\"text-align: justify;\">S\u0103 arunc\u0103m acum o privire asupra modific\u0103rilor teritoriale \u015fi de popula\u0163ie survenite \u00een urma Tratatului de la Trianon.<\/h4>\r\n<h4 style=\"text-align: justify;\">Pentru a \u00een\u0163elege corect problema revizionismului ungar este necesar un mic excurs cu privire la teritoriu \u015fi popula\u0163ia acestuia \u00een urma tratatului de la Trianon. Monarhia ungar\u0103 a pierdut 190.263 km.p. (67,27%) din suprafa\u0163a total\u0103 de 282.870 km.p (exclusiv Croa\u0163ia) \u015fi 10.665.287 de locuitori, sau 58% din totalul de 18.264.533 de locuitori, c\u00e2\u0163i avea Ungaria imediat \u00eenainte de \u00eencheierea p\u0103cii. Din locuitorii teritoriilor unite cu statele formate \u00een urma tratatului, \u00eens\u0103 8.130.287 \u2013 76% \u2013 erau neunguri care reveneau la patria de ba\u015ftin\u0103 \u015fi abia 24% (sau 2.535.000) erau unguri care deveneau minoritari \u00een \u0163\u0103rile respective.<\/h4>\r\n<h4 style=\"text-align: justify;\">\u00cen protestul \u00eenaintat \u00een 1920 conferin\u0163ei de pace de c\u0103tre contele Albert \u00c1pponyi, \u015feful delega\u0163iei ungare, figureaz\u0103 2.750.000 de unguri, exagerare dictat\u0103 de pozi\u0163ia precar\u0103 de pe care trata Ungaria. Ultima statistic\u0103 ungar\u0103 din 1988, \u00eentrece \u00eens\u0103 pe \u00c1pponyi \u00een manipularea datelor \u015fi d\u0103 cifra de 3.227.000, f\u0103r\u0103 a men\u0163iona c\u0103 ea include \u015fi pe evrei \u00een num\u0103rul ungurilor. Oricum, propaganda revizionist\u0103 s-a lamentat timp de \u015faptezeci de ani pentru pierderea acestor dou\u0103 milioane \u015fi jum\u0103tate de cona\u0163ionali \u015fi n-a avut vreodat\u0103 un cuv\u00e2nt de apreciere pentru reintegrarea \u00een \u0163\u0103rile de ba\u015ftin\u0103, a peste opt milioane de fo\u0219ti minoritari. Ba dimpotriv\u0103, actuala propagand\u0103 iredentist\u0103, cinic\u0103 \u00een \u201era\u0163ionamentul\u201d ei, acuz\u0103 tratatul de la Trianon pentru a fi lichidat un stat multina\u0163ional \u201e\u00eenfloritor\u201d, cum era monarhia, cre\u00e2nd \u00een locul lui patru \u0163\u0103ri \u201emultina\u0163ionale\u201d, ne\u00eenstare s\u0103 st\u0103p\u00e2neasc\u0103 problema minorit\u0103\u0163ilor. Cu alte cuvinte, dup\u0103 logica ungar\u0103, este preferabil\u0103 o Ungarie \u00een care neungurii erau majoritari, unei Rom\u00e2nii cu nici 10% popula\u0163ie minoritar\u0103\u2026<\/h4>\r\n<h4 style=\"text-align: justify;\">Examin\u00e2nd propor\u0163ia unguri-neunguri \u00een detaliu, pe \u201e\u0163\u0103ri succesoare\u201d, g\u0103sim urm\u0103toarea situa\u0163ie: \u00een provinciile cedate Iugoslaviei, din 1.519.013 de locuitori erau numai 459.000 de unguri (30%) iar \u00een cazul Cehoslovaciei din 3.567.575 de locuitori, reveni\u0163i acestei \u0163\u0103ri, abia \u00een jur de 750.000 (20%) erau unguri. \u00cen Transilvania, reunit\u0103 cu Rom\u00e2nia, din totalul de 5.236.305, cifr\u0103 discutabil\u0103, men\u0163ionat\u0103 \u00een statisticile maghiare, num\u0103rul rom\u00e2nilor era cu mult peste trei milioane, iar al secuilor \u015fi maghiarilor de 1.326.000 (25,34%). De remarcat aici, integrarea secuilor \u00een blocul maghiar, pervertire practicat\u0103 \u00een toate statisticile ungare moderne.<\/h4>\r\n<h4 style=\"text-align: justify;\">Din aceasta a constat deci \u201emarea nedreptate\u201d f\u0103cut\u0103 Ungariei, imperiu, care, cu o popula\u0163ie na\u0163ional\u0103 permanent minoritar\u0103, a reu\u015fit sute de ani \u00een \u015fir s\u0103 \u00eenrobeasc\u0103 teritorii \u015fi locuitori apar\u0163in\u00e2nd \u0163\u0103rilor \u00eenvecinate. Tratatul de la Trianon a curmat suferin\u0163a a aproape nou\u0103 milioane de supu\u015fi oropsi\u0163i ai monarhiei \u015fi le-a dat libertatea \u00een cadrul statelor na\u0163ionale proprii, iar Ungaria a fost, \u00een sf\u00e2r\u015fit, limitat\u0103 la grani\u0163ele ei na\u0163ionale.<\/h4>\r\n<h4 style=\"text-align: justify;\">\u00cenainte de a examina anatomia complex\u0103 a revizionismului \u015fi metodele prin care \u00eencearc\u0103 s\u0103-\u015fi ating\u0103 \u0163elul g\u0103sesc c\u0103, pentru tinerii mai necunosc\u0103tori \u00een ale istoriei \u015fi pentru \u00eemprosp\u0103tarea memoriei celor mai \u00een v\u00e2rst\u0103, este util\u0103 o retrospectiv\u0103 asupra performan\u0163elor ob\u0163inute de aceast\u0103 mi\u015fcare \u00een prima ei ofensiv\u0103 dintre cele dou\u0103 r\u0103zboaie mondiale.<\/h4>\r\n<h4 style=\"text-align: justify;\">A\u015fa cum am mai ar\u0103tat, primele organiza\u0163ii revizioniste iau na\u015ftere \u00een 1918, imediat dup\u0103 separarea de monarhie a provinciilor neungare, deci Tratatul de la Trianon din 1920 poate fi considerat doar formal actul de na\u015ftere al iredentei maghiare. Dezagregarea monarhiei a fost \u00een consecin\u0163\u0103 un proces istoric legic, care s-a \u00eencheiat \u00een toamna anului 1918 \u00een decurs de c\u00e2teva zile, prin voin\u0163a nestr\u0103mutat\u0103 a popoarelor \u00een majoritate absolut\u0103 ce locuiau teritoriile respective.<\/h4>\r\n<h4 style=\"text-align: justify;\"><\/h4>\r\n<figure id=\"attachment_3677\" aria-describedby=\"caption-attachment-3677\" style=\"width: 244px\" class=\"wp-caption aligncenter\"><a href=\"http:\/\/www.desteptati-va.ro\/wp-content\/uploads\/2012\/06\/429PX-1.jpg\"><img loading=\"lazy\" decoding=\"async\" class=\" wp-image-3677\" title=\"429PX-~1\" src=\"http:\/\/www.desteptati-va.ro\/wp-content\/uploads\/2012\/06\/429PX-1.jpg\" alt=\"Mih\u00e1ly K\u00e1rolyi\" width=\"244\" height=\"316\" \/><\/a><figcaption id=\"caption-attachment-3677\" class=\"wp-caption-text\">Mih\u00e1ly K\u00e1rolyi<\/figcaption><\/figure>\r\n<h4 style=\"text-align: justify;\">Concomitent asist\u0103m la destabilizarea societ\u0103\u0163ii maghiare, provocat\u0103 de anarhia din r\u00e2ndurile armatei \u015fi de izbucnirea, la 30 octombrie 1918, a revolu\u0163iei de la Budapesta. A doua zi, la 31 octombrie, regele nume\u015fte pe contele Mih\u00e1ly K\u00e1rolyi \u00een fruntea unui guvern al coali\u0163iei radical burgheze \u015fi a social democra\u0163iei. Timp de patru luni \u015fi jum\u0103tate, K\u00e1rolyi se str\u0103duie\u015fte s\u0103 men\u0163in\u0103 integritatea monarhiei trat\u00e2nd f\u0103r\u0103 succes cu reprezentan\u0163ii popula\u0163iei majoritare din teritoriile desp\u0103r\u0163ite de monarhie. Soarta monarhiei este \u00eens\u0103 pecetluit\u0103 de \u00eencheierea armisti\u0163iului la 3 noiembrie 1918 \u00een vila Giusti, de l\u00e2ng\u0103 Padova. Ungaria devine, la 16 noiembrie 1918, republic\u0103 independent\u0103 \u015fi vrea s\u0103 ac\u0163ioneze de acum \u00een spirit nou, democratic: secuii \u015fi maghiarii din Transilvania se reunesc, la 28 noiembrie, la T\u00e2rgu-Mure\u015f, \u015fi lanseaz\u0103 un apel \u201eC\u0103tre popoarele lumii\u201d, \u00een care asigur\u0103 audien\u0163a mondial\u0103 c\u0103 \u201edomnia ungar\u0103\u201d \u00een Transilvania nu \u00eenseamn\u0103 imperialism, oligarhie \u015fi nici militarism, ci independen\u0163\u0103 democratic\u0103 pentru fiecare na\u0163iune, administra\u0163ie public\u0103 \u015fi justi\u0163ie pe limba proprie, potrivit principiilor formulate de Wilson, pre\u015fedintele SUA. Alt\u0103 \u00eencercare de ultima or\u0103 este manifestul din 5 decembrie 1918, prin care Ungaria asigur\u0103 autonomia na\u0163ionalit\u0103\u0163ilor, vr\u00e2nd s\u0103 devin\u0103 o \u201eElve\u0163ie a Orientului\u201d.<\/h4>\r\n<h4 style=\"text-align: justify;\">Dup\u0103 c\u00e2teva luni, la 21 martie 1918, contele K\u00e1rolyi, dep\u0103\u015fit de evenimente \u015fi sub amenin\u0163area falimentului social-economic, pred\u0103 puterea lui B\u00e9la Kuhn, care, \u00een fruntea \u201eRepublicii Sovietice Ungare\u201d mai \u00eencearc\u0103 timp de 132 de zile s\u0103 restabileasc\u0103 vechile grani\u0163e. Atac\u00e2nd, la 15 aprilie 1919, frontul rom\u00e2n, armata ro\u015fie ungar\u0103 declan\u015feaz\u0103 o contraofensiv\u0103, care, dup\u0103 dou\u0103 s\u0103pt\u0103m\u00e2ni de lupte, fixeaz\u0103, la 30 aprilie, noua linie de demarca\u0163ie pe Tisa. La scurt timp, la 8 mai 1919, Conferin\u0163a de pace aprob\u0103 viitoarele hotare dintre Ungaria \u015fi Rom\u00e2nia, respectiv Cehoslovacia, ceea ce duce la o nou\u0103 \u00eencercare disperat\u0103 a ungurilor de a recuceri vechile teritorii. Dup\u0103 o ofensiv\u0103 \u00een direc\u0163ia Slovaciei, ungurii pornesc, la 20 iulie, o ofensiv\u0103 pe linia Tisei, care are drept r\u0103spuns o contraofensiv\u0103 rom\u00e2n\u0103, la 24 iulie. Trupele rom\u00e2ne disperseaz\u0103 armata ro\u015fie ungar\u0103 intrat\u0103 \u00een derut\u0103 \u015fi cuceresc, la 4 august 1919, Budapesta. Capitala ungar\u0103 este p\u0103r\u0103sit\u0103 abia la 14\/16 noiembrie 1919, c\u00e2nd amiralul Horthy, acceptat de puterile Antantei, \u00ee\u015fi face intrarea \u00een ora\u015f.<\/h4>\r\n<h4 style=\"text-align: justify;\">\u00centre timp, cercurile conduc\u0103toare secuie\u015fti \u015fi maghiare din Transilvania care, \u00een ciuda r\u0103scoalelor populare cu caracter antimaghiar, r\u0103m\u0103seser\u0103 pe loc, propag\u0103 cuv\u00e2ntul de ordine: \u201eA\u015ftepta\u0163i conferin\u0163a de pace, sta\u0163i pe loc, lucrurile se vor aranja\u201d. Exodul \u00eens\u0103 pornise \u015fi, dup\u0103 semnarea p\u0103cii, el continu\u0103 cu intensitate cresc\u00e2nd\u0103. Mai mult de 200.000 de mici nobili, func\u0163ionari \u015fi indivizi care se temeau de justi\u0163ia rom\u00e2n\u0103 p\u0103r\u0103sesc \u00een aceast\u0103 perioad\u0103 Transilvania \u015fi formeaz\u0103 primele nuclee ale mi\u015fc\u0103rii revizioniste din Ungaria. Un num\u0103r \u00eensemnat de persoane din aceste categorii r\u0103m\u00e2ne \u00eens\u0103 pe loc \u015fi, infiltr\u00e2ndu-se \u00een organiza\u0163iile politice, culturale \u015fi religioase, va forma ulterior coloana a cincea a revizionismului.<\/h4>\r\n<h4 style=\"text-align: justify;\">\u00cen Ungaria, unde se instalase \u00eentre timp regimul horthyst, obiectivul principal al politicii era \u00eentre\u0163inerea spiritului na\u0163ionalist-\u015fovin \u015fi iredentist. \u015eocul economic cauzat de pierderea unor teritorii bogate \u00een materii prime, precum \u015fi dezechilibrul pie\u0163ei interne duce la o criz\u0103 social\u0103 agravat\u0103 de sosirea unui mare num\u0103r de refugia\u0163i din teritoriile unite \u00een state na\u0163ionale. Guvernan\u0163ii, nereu\u015find s\u0103 redreseze \u0163ara, dau vina pe \u201eciuntirea \u0163\u0103rii\u201d \u015fi creeaz\u0103 o psihoz\u0103 colectiv\u0103 de frustrare care faciliteaz\u0103 cursul iredentist. La \u00eenceput mai re\u0163inut, \u00eempletit cu activit\u0103\u0163i culturale, apoi tot mai deschis, revizionismul devine religia maselor nemul\u0163umite de criza social-economic\u0103 din \u0163ar\u0103. Transfugii, dispera\u0163i \u00een declasarea lor social\u0103 \u015fi economic\u0103, sunt promotorii acestei psihoze pe care o \u00eentre\u0163in, rup\u00e2nd sistematic r\u0103nile \u015fi reinfect\u00e2ndu-le.<\/h4>\r\n<h4 style=\"text-align: justify;\">Refugia\u0163ii din Transilvania, \u00een mare parte intelectuali apar\u0163in\u00e2nd fostei p\u0103turi conduc\u0103toare, erau elementele cele mai virulente ale dreptei revizioniste. \u00cen parlamentul horthyst, din totalul de 239 de deputa\u0163i, nu mai pu\u0163in de 79 proveneau din teritoriile unite \u00een stat na\u0163ional, iar studen\u0163ii refugia\u0163i constituiau 40% din num\u0103rul studen\u0163ilor din organiza\u0163iile revizioniste.<\/h4>\r\n<h4 style=\"text-align: justify;\">Mi\u015fcarea revizionist\u0103 va ajunge s\u0103 dea tonul \u00een politica cultural\u0103 \u015fi de \u00eenv\u0103\u0163\u0103m\u00e2nt a Ungariei. \u00cen 1927, un num\u0103r de 34 de asocia\u0163ii cu ramifica\u0163ii \u00een \u00eentreaga \u0163ar\u0103 se unesc \u00een Liga Revizionist\u0103 Ungar\u0103, care ocup\u0103 o serioas\u0103 pondere politic\u0103.<\/h4>\r\n<h4 style=\"text-align: justify;\">Paralel cu consolidarea politic\u0103 a revizionismului, asist\u0103m la o spectaculoas\u0103 evolu\u0163ie a fascismului ungar, care ia na\u015ftere \u00een 1923 \u015fi dup\u0103 numai nou\u0103 ani se instaleaz\u0103 la c\u00e2rma \u0163\u0103rii. \u00cen perfect\u0103 simbioz\u0103, fascismul \u015fi revizionismul se orienteaz\u0103 \u00een prima perioad\u0103 spre Italia lui Mussolini, de la care a\u015fteapt\u0103 sprijin \u00een satisfacerea revendic\u0103rilor teritoriale ale Ungariei. Mai t\u00e2rziu \u00eens\u0103 ele descoper\u0103 \u00een Hitler pe adev\u0103ratul lor mentor \u015fi st\u0103p\u00e2n.<\/h4>\r\n<h4 style=\"text-align: justify;\">Primul serviciu pe care-l fac ungurii Germaniei naziste a fost ajutorul dat \u00een preg\u0103tirile pentru anexarea Austriei (Anschlussul din 13 martie 1938). Ungaria \u00ee\u015fi tr\u0103deaz\u0103 astfel vecina cu care era legat\u0103 printr-un pact de prietenie. Apreciind acest prim aport al camarazilor unguri la cauza consolid\u0103rii fascismului, Hitler \u00eei include \u00een planul de dezmembrare a Cehoslovaciei.<\/h4>\r\n<h4 style=\"text-align: justify;\">La Conferin\u0163a de la Munchen, din 29 septembrie 1938, cele patru puteri (Fran\u0163a, Anglia, Germania \u015fi Italia) semneaz\u0103 un acord \u00een baza c\u0103ruia Germania prime\u015fte Regiunea Sudet\u0103 a Cehoslovaciei. Nu mult dup\u0103 aceea, Hitler \u00eei recompenseaz\u0103 pe unguri d\u00e2ndu-le, prin primul dictat de la Viena (2 noiembrie 1938), un teritoriu de 12.400 km.p. din sudul Slovaciei cu o popula\u0163ie de 1.100.000 de locuitori, din care 606.000 erau maghiari iar restul slovaci.<\/h4>\r\n<h4 style=\"text-align: justify;\">Ungaria mul\u0163ume\u015fte pentru acest cadou prin aderarea la Pactul Anticomintern \u015fi a\u015fteapt\u0103 partea de prad\u0103 din dezmembrarea Cehoslovaciei. Coordon\u00e2ndu-\u015fi atacul cu germanii, care ocup\u0103 Praga la 15 martie 1939, guvernul ungar atac\u0103, \u00een noaptea de 14 spre 15 martie, Ucraina Subcarpatic\u0103 \u015fi o anexeaz\u0103. Revizioni\u015ftii ocup\u0103 astfel al\u0163i 12.171 km.p. cu o popula\u0163ie de 496.000 de locuitori, din care doar 12,7% erau maghiari.<\/h4>\r\n<h4 style=\"text-align: justify;\"><\/h4>\r\n<figure id=\"attachment_3678\" aria-describedby=\"caption-attachment-3678\" style=\"width: 250px\" class=\"wp-caption aligncenter\"><a href=\"http:\/\/www.desteptati-va.ro\/wp-content\/uploads\/2012\/06\/Teleki-Pal.jpg\"><img loading=\"lazy\" decoding=\"async\" class=\"size-full wp-image-3678\" title=\"Teleki-Pal\" src=\"http:\/\/www.desteptati-va.ro\/wp-content\/uploads\/2012\/06\/Teleki-Pal.jpg\" alt=\"Teleki Pal\" width=\"250\" height=\"230\" \/><\/a><figcaption id=\"caption-attachment-3678\" class=\"wp-caption-text\">Teleki Pal<\/figcaption><\/figure>\r\n<h4 style=\"text-align: justify;\">La numai dou\u0103 zile dup\u0103 ce germanii, la 1 septembrie 1939, trec grani\u0163a polonez\u0103, declan\u015f\u00e2nd astfel cel de-al doilea r\u0103zboi mondial, P\u00e1l Teleki, prim-ministrul ungar de atunci, solicit\u0103 ajutorul lui Mussolini \u00een problema revizuirii hotarelor Rom\u00e2niei. \u00cen scrisoarea sa c\u0103tre Duce, Teleki sus\u0163ine c\u0103 opinia public\u0103 intern\u0103 preseaz\u0103 guvernul spre o rezolvare grabnic\u0103 a preten\u0163iilor teritoriale maghiare \u015fi, \u00een consecin\u0163\u0103 Ungaria, preg\u0103te\u015fte o interven\u0163ie armat\u0103 \u00eempotriva Rom\u00e2niei. Dac\u0103 nu i se d\u0103 satisfac\u0163ie printr-o conferin\u0163\u0103 organizat\u0103 \u00een acest scop, Ungaria va ob\u0163ine revizuirea cu orice risc. Germania, care nu dorea un conflict rom\u00e2no-ungar, impune modera\u0163ie guvernului de la Budapesta \u015fi divergen\u0163a este, pentru moment, aplanat\u0103. \u00cen anul care urmeaz\u0103 \u00eens\u0103, dup\u0103 o vehement\u0103 campanie diplomatic\u0103 \u00eempotriva \u0163\u0103rii noastre, Horthy ordon\u0103 mobilizarea general\u0103 \u015fi maseaz\u0103 trupe la grani\u0163a cu Rom\u00e2nia. \u00cen schimbul aprob\u0103rii de a ocupa Transilvania, Ungaria \u00eei ofer\u0103 lui Hitler liber acces la c\u0103ile ferate ungare pe toat\u0103 durata r\u0103zboiului, precum \u015fi o contribu\u0163ie m\u0103rit\u0103 \u00een cereale.<\/h4>\r\n<h4 style=\"text-align: justify;\">Vr\u00e2nd s\u0103 evite un conflict armat \u00eentre Rom\u00e2nia \u015fi Ungaria, Hitler mai face un demers pe l\u00e2ng\u0103 Carol al II-lea, regele Rom\u00e2niei, \u00een vederea \u00eenceperii unor tratative cu ungurii. Acestea au loc \u00eentre 16-24 august 1940, f\u0103r\u0103 a duce \u00eens\u0103 la vreun rezultat.<\/h4>\r\n<h4 style=\"text-align: justify;\">\u00cen fa\u0163a acestei situa\u0163ii, Hitler convoac\u0103 la Viena pe mini\u015ftrii de externe rom\u00e2n \u015fi ungar, precum \u015fi pe primul ministru ungar \u015fi impune Rom\u00e2niei, la 30 august 1940, ignobilul diktat care smulge din trupul Transilvaniei 42.243 km.p., cu o popula\u0163ie de 1.304.000 de rom\u00e2ni \u015fi doar 968.000 de maghiari.<\/h4>\r\n<h4 style=\"text-align: justify;\">Urm\u0103toarea manevr\u0103 a revizionismului ungar este \u00eendreptat\u0103 \u00eempotriva Iugoslaviei, cu care Ungaria \u00eencheiase, la 12 decembrie 1940, un tratat de prietenie, tratat pe care \u00eel va \u00eenc\u0103lca la fel de perfid ca \u015fi \u00een cazul Austriei.<\/h4>\r\n<h4 style=\"text-align: justify;\">Astfel, la 6 aprilie 1941, \u00een timp ce trupele germane se preg\u0103teau s\u0103 invadeze Iugoslavia, revizioni\u015ftii de la Budapesta, la fel ca \u015fi \u00een cazul Cehoslovaciei, sunt gata s\u0103 participe la \u00eemp\u0103r\u0163irea pr\u0103zii. \u00cen prealabil, \u00eens\u0103, guvernul ungar asigur\u0103, \u00een mod ipocrit, puterile occidentale, spun\u00e2nd c\u0103 prezen\u0163a trupelor sale \u00een Iugoslavia este necesar\u0103 pentru protec\u0163ia minorit\u0103\u0163ii ungare din acea \u0163ar\u0103. \u00cempreun\u0103 \u00eens\u0103 cu germanii, trupele ungare ocup\u0103 \u015fi anexeaz\u0103, la 11 aprilie, regiunile B\u00e1cska \u015fi Baranya precum \u015fi teritoriul dintre Mura \u015fi Drava, cu o suprafa\u0163\u0103 total\u0103 de 11.417 km.p. \u015fi 1.025.507 locuitori. Din ace\u015ftia, potrivit statisticilor ungare, doar 36,6% erau unguri.<\/h4>\r\n<h4 style=\"text-align: justify;\">C\u00e2t de m\u00e2r\u015fav\u0103 a fost Ungaria fa\u0163\u0103 de vecinii \u015fi \u201eprietenii iugoslavi\u201d reiese din sinuciderea, \u00een semn de protest a primului ministru Teleki, omul care la fel de m\u00e2r\u015fav ne r\u0103pise parte din Transilvania, dar care, \u00eentr-un acces de remu\u015fcare \u015fi onestitate, a p\u0103r\u0103sit cursa descreierat\u0103 \u00een care se angajase \u0163ara sa.<\/h4>\r\n<h4 style=\"text-align: justify;\">\u00cen scrisoarea sa de adio c\u0103tre Horthy, Teleki spune: \u201eSuntem o \u0163ar\u0103 de la\u015fi \u015fi sperjuri. Nici un cuv\u00e2nt \u00een leg\u0103tur\u0103 cu atrocit\u0103\u0163ile comise \u00eempotriva maghiarilor (minorit\u0103\u0163ile maghiare din teritoriile unite cu statele na\u0163ionale n.a.) nu este adev\u0103rat. Ne-am aliat cu r\u0103uf\u0103c\u0103torii \u015fi ne-am pierdut cinstea na\u0163ional\u0103. Suntem cea mai detestat\u0103 na\u0163iune \u015fi vom deveni profanatori de cadavre. Sunt vinovat c\u0103 nu v-am oprit\u201d.<\/h4>\r\n<h4 style=\"text-align: justify;\"><strong>Sunt cuvinte grele care acoper\u0103 \u00eentreaga \u015fi trista realitate a acelor ani.<\/strong><\/h4>\r\n<h4 style=\"text-align: justify;\">Recolta realizat\u0103 de revizionismul ungar \u00eentre 1938-1941 \u00eenseamn\u0103 78.231 km.p., iar popula\u0163ia Ungariei cre\u015fte de la 9.000.000 la 14.683.323 locuitori. Componen\u0163a etnic\u0103 a celor peste cinci milioane de noi cet\u0103\u0163eni, \u201eachizi\u0163iona\u0163i\u201d \u00een ace\u015fti trei ani indic\u0103 \u00een medie 61% de neunguri fa\u0163\u0103 de 39% de unguri.<\/h4>\r\n<h4 style=\"text-align: justify;\">Acest proces de rapturi a fost \u00eenso\u0163it de masacrele comise de trupele \u015fi administra\u0163ia ungar\u0103 cu ocazia fiec\u0103rei anex\u0103ri. Noi rom\u00e2nii ne pl\u00e2ngem mor\u0163ii asasinatelor de la Treznea, Ip, Cam\u0103r, P\u0103u\u015fa, Sucutard, Cium\u00e2rna, \u015eimleul Silvaniei, Cosniciul de Sus, Mure\u015fenii de C\u00e2mpie, Huedin etc. De la intrarea trupelor ungare \u015fi p\u00e2n\u0103 la 1 septembrie 1942, au fost uci\u015fi \u2026. 991 de rom\u00e2ni iar num\u0103rul celor maltrata\u0163i, schingiui\u0163i a atins, p\u00e2n\u0103 \u00een vara lui 1943, cifra de 15.000. Num\u0103rul rom\u00e2nilor expulza\u0163i sau refugia\u0163i se ridic\u0103, p\u00e2n\u0103 la mijlocul anului 1944, la 217.942 de persoane.<\/h4>\r\n<h4 style=\"text-align: justify;\">Peste tot, \u00een Slovacia, Ucraina Subcarpatic\u0103 sau Iugoslavia pe unde s-au instalat autorit\u0103\u0163ile ungare, armata, jandarmii \u015fi poli\u0163ia de asemenea au ucis, schingiuit \u015fi deportat popula\u0163ia civil\u0103. Deosebit de bestiale au fost masacrele din Iugoslavia, unde femei, b\u0103tr\u00e2ni \u015fi copii au c\u0103zut victima autorit\u0103\u0163ilor ungare: 2.300 \u00een 1941 la ocuparea zonelor axate \u015fi peste 6.000 \u00een ianuarie 1942, c\u00e2nd cadavrele s\u00e2rbilor uci\u015fi erau aruncate \u00een copcile Dun\u0103rii \u00eenghe\u0163ate. Tot \u00een Iugoslavia au fost deportate peste 50.000 de persoane a c\u0103ror \u201evin\u0103\u201d era c\u0103 se stabiliser\u0103 \u00een regiunea respectiv\u0103 dup\u0103 1918.<\/h4>\r\n<h4 style=\"text-align: justify;\">Moralmente izolat\u0103, detestat\u0103 de to\u0163i vecinii, Ungaria intr\u0103 \u00een mai 1941 \u00een r\u0103zboiul contra Uniunii Sovietice \u015fi r\u0103m\u00e2ne ultima aliat\u0103 a Germaniei naziste, expun\u00e2ndu-se la mari pierderi de vie\u0163i omene\u015fti \u015fi bunuri materiale.<\/h4>\r\n<h4 style=\"text-align: justify;\">Epilogul s-a consumat la conferin\u0163a de pace de la Paris, \u00een 1947, care demonteaz\u0103 \u00eenc\u0103 o dat\u0103 versiunea modern\u0103 a imperiului Sf\u00e2ntului \u015etefan restabilind astfel ordinea natural\u0103 \u00een bazinul carpato-dun\u0103rean.<\/h4>\r\n<h4 style=\"text-align: justify;\">Nu este de mirare c\u0103, dup\u0103 r\u0103zboi, cehoslovacii, ca reflex al urii lor fa\u0163\u0103 de fasci\u015ftii unguri, declar\u0103 prin decret guvernamental, la 5 aprilie 1945, drept apatrid\u0103 \u00eentreaga minoritate ungar\u0103 de-acolo. Dup\u0103 un an de discrimin\u0103ri, deport\u0103ri, schimb de popula\u0163ie \u015fi alte persecu\u0163ii, \u00een vara lui 1946, 327.000 din cei aproximativ 500.000 minoritari unguri opteaz\u0103 pentru na\u0163ionalitatea slovac\u0103.<\/h4>\r\n<h4 style=\"text-align: justify;\">Fa\u0163\u0103 de acest tratament dur \u015fi nedemocratic, noi rom\u00e2nii le-am iertat maghiarilor toate p\u0103catele, le-am dat drepturi depline, am avut \u00een 1950 mini\u015ftri maghiari care abia vorbeau rom\u00e2ne\u015fte, le-am creat chiar o regiune autonom\u0103, stat \u00een stat, de unde func\u0163ionarii rom\u00e2ni se refugiau de frica autorit\u0103\u0163ilor \u201erom\u00e2ne\u201d maghiarizate.<\/h4>\r\n<h4 style=\"text-align: justify;\"><\/h4>\r\n<h4 style=\"text-align: justify;\"><em><span style=\"color: #c0c0c0;\">Sursa: Blogosfera <a title=\"sursa\" href=\"http:\/\/ichircu.blogspot.ro\/2012\/06\/analiza-ungaria-si-pretentiile-asupra.html\">Ionel Chircu<\/a><\/span><\/em><\/h4>\r\n<\/div>        <div class=\"booster-block booster-reactions-block\">\n            <div class=\"twp-reactions-icons\">\n                \n                <div class=\"twp-reacts-wrap\">\n                    <a react-data=\"be-react-1\" post-id=\"3464\" class=\"be-face-icons un-reacted\" href=\"javascript:void(0)\">\n                        <img decoding=\"async\" src=\"https:\/\/desteptati-va.ro\/wp-content\/plugins\/booster-extension\/\/assets\/icon\/happy.svg\" alt=\"Happy\">\n                    <\/a>\n                    <div class=\"twp-reaction-title\">\n                        Happy                    <\/div>\n                    <div class=\"twp-count-percent\">\n                                                    <span style=\"display: none;\" class=\"twp-react-count\">0<\/span>\n                        \n                                                <span class=\"twp-react-percent\"><span>0<\/span> %<\/span>\n                                            <\/div>\n                <\/div>\n\n                <div class=\"twp-reacts-wrap\">\n                    <a react-data=\"be-react-2\" post-id=\"3464\" class=\"be-face-icons un-reacted\" href=\"javascript:void(0)\">\n                        <img decoding=\"async\" src=\"https:\/\/desteptati-va.ro\/wp-content\/plugins\/booster-extension\/\/assets\/icon\/sad.svg\" alt=\"Sad\">\n                    <\/a>\n                    <div class=\"twp-reaction-title\">\n                        Sad                    <\/div>\n                    <div class=\"twp-count-percent\">\n                                                    <span style=\"display: none;\" class=\"twp-react-count\">0<\/span>\n                                                                        <span class=\"twp-react-percent\"><span>0<\/span> %<\/span>\n                                            <\/div>\n                <\/div>\n\n                <div class=\"twp-reacts-wrap\">\n                    <a react-data=\"be-react-3\" post-id=\"3464\" class=\"be-face-icons un-reacted\" href=\"javascript:void(0)\">\n                        <img decoding=\"async\" src=\"https:\/\/desteptati-va.ro\/wp-content\/plugins\/booster-extension\/\/assets\/icon\/excited.svg\" alt=\"Excited\">\n                    <\/a>\n                    <div class=\"twp-reaction-title\">\n                        Excited                    <\/div>\n                    <div class=\"twp-count-percent\">\n                                                    <span style=\"display: none;\" class=\"twp-react-count\">0<\/span>\n                                                                        <span class=\"twp-react-percent\"><span>0<\/span> %<\/span>\n                                            <\/div>\n                <\/div>\n\n                <div class=\"twp-reacts-wrap\">\n                    <a react-data=\"be-react-6\" post-id=\"3464\" class=\"be-face-icons un-reacted\" href=\"javascript:void(0)\">\n                        <img decoding=\"async\" src=\"https:\/\/desteptati-va.ro\/wp-content\/plugins\/booster-extension\/\/assets\/icon\/sleepy.svg\" alt=\"Sleepy\">\n                    <\/a>\n                    <div class=\"twp-reaction-title\">\n                        Sleepy                    <\/div>\n                    <div class=\"twp-count-percent\">\n                                                    <span style=\"display: none;\" class=\"twp-react-count\">0<\/span>\n                        \n                                                <span class=\"twp-react-percent\"><span>0<\/span> %<\/span>\n                                            <\/div>\n                <\/div>\n\n                <div class=\"twp-reacts-wrap\">\n                    <a react-data=\"be-react-4\" post-id=\"3464\" class=\"be-face-icons un-reacted\" href=\"javascript:void(0)\">\n                        <img decoding=\"async\" src=\"https:\/\/desteptati-va.ro\/wp-content\/plugins\/booster-extension\/\/assets\/icon\/angry.svg\" alt=\"Angry\">\n                    <\/a>\n                    <div class=\"twp-reaction-title\">Angry<\/div>\n                    <div class=\"twp-count-percent\">\n                                                    <span style=\"display: none;\" class=\"twp-react-count\">0<\/span>\n                                                                        <span class=\"twp-react-percent\"><span>0<\/span> %<\/span>\n                        \n                    <\/div>\n                <\/div>\n\n                <div class=\"twp-reacts-wrap\">\n                    <a react-data=\"be-react-5\" post-id=\"3464\" class=\"be-face-icons un-reacted\" href=\"javascript:void(0)\">\n                        <img decoding=\"async\" src=\"https:\/\/desteptati-va.ro\/wp-content\/plugins\/booster-extension\/\/assets\/icon\/surprise.svg\" alt=\"Surprise\">\n                    <\/a>\n                    <div class=\"twp-reaction-title\">Surprise<\/div>\n                    <div class=\"twp-count-percent\">\n                                                    <span style=\"display: none;\" class=\"twp-react-count\">0<\/span>\n                                                                        <span class=\"twp-react-percent\"><span>0<\/span> %<\/span>\n                                            <\/div>\n                <\/div>\n\n            <\/div>\n        <\/div>\n\n    <\/div>","protected":false},"excerpt":{"rendered":"<p>\u00cen contextul noilor lu\u0103ri de pozi\u021bii revizioniste maghiare, foarte agresive, portalul Ziari\u0219ti Online public\u0103 \u00een premier\u0103 o analiz\u0103 special\u0103 de<a href=\"https:\/\/desteptati-va.ro\/index.php\/2021\/04\/13\/neorevizionismul-ungar-partea-i\/\">Read More<i class=\"fa fa-long-arrow-right\" aria-hidden=\"true\"><\/i><\/a><\/p>\n","protected":false},"author":1,"featured_media":2806,"comment_status":"open","ping_status":"open","sticky":false,"template":"","format":"standard","meta":{"_crdt_document":"","footnotes":""},"categories":[38],"tags":[172,173,174,175,176,177,178,169,179,180,170,181,84],"class_list":["post-3464","post","type-post","status-publish","format-standard","has-post-thumbnail","hentry","category-prieteni-pe-dracu","tag-appony","tag-cehoslovacia","tag-croatia","tag-hitler","tag-karolyi","tag-orban","tag-pal","tag-paris","tag-romania","tag-teleki","tag-tratat","tag-trianon","tag-ungaria"],"rise-blocks_total_comments":0,"rise-blocks_categories":[{"term_id":38,"name":"'Prietenii\" unguri","slug":"prieteni-pe-dracu","term_group":0,"term_taxonomy_id":38,"taxonomy":"category","description":"","parent":37,"count":5,"filter":"raw"}],"rise-blocks_excerpt":"\u00cen contextul noilor lu\u0103ri de pozi\u021bii revizioniste maghiare, foarte agresive, portalul Ziari\u0219ti Online public\u0103 \u00een premier\u0103 o analiz\u0103 special\u0103 de la \u00eenceputurile anilor \u201990, care relev\u0103 resorturile \u0219i fundamentele politicii de azi a premierului ungar Viktor Orban \u0219i a pre\u0219edintelui Parlamentului de la Budapesta, Laszlo Kover. Avertismentele trase de autorul studiului nu au fost luate \u00eensa \u00een seama de autorit\u0103\u021bile..","yoast_head":"<!-- This site is optimized with the Yoast SEO plugin v26.9 - https:\/\/yoast.com\/product\/yoast-seo-wordpress\/ -->\r\n<title>Neorevizionismul ungar -partea I -<\/title>\r\n<meta name=\"robots\" content=\"index, follow, max-snippet:-1, max-image-preview:large, max-video-preview:-1\" \/>\r\n<link rel=\"canonical\" href=\"https:\/\/desteptati-va.ro\/index.php\/2021\/04\/13\/neorevizionismul-ungar-partea-i\/\" \/>\r\n<meta property=\"og:locale\" content=\"ro_RO\" \/>\r\n<meta property=\"og:type\" content=\"article\" \/>\r\n<meta property=\"og:title\" content=\"Neorevizionismul ungar -partea I -\" \/>\r\n<meta property=\"og:description\" content=\"\u00cen contextul noilor lu\u0103ri de pozi\u021bii revizioniste maghiare, foarte agresive, portalul Ziari\u0219ti Online public\u0103 \u00een premier\u0103 o analiz\u0103 special\u0103 deRead More\" \/>\r\n<meta property=\"og:url\" content=\"https:\/\/desteptati-va.ro\/index.php\/2021\/04\/13\/neorevizionismul-ungar-partea-i\/\" \/>\r\n<meta property=\"article:published_time\" content=\"2021-04-13T10:28:27+00:00\" \/>\r\n<meta property=\"og:image\" content=\"https:\/\/desteptati-va.ro\/wp-content\/uploads\/2021\/04\/Viktor-Orban1.jpg\" \/>\r\n\t<meta property=\"og:image:width\" content=\"355\" \/>\r\n\t<meta property=\"og:image:height\" content=\"278\" \/>\r\n\t<meta property=\"og:image:type\" content=\"image\/jpeg\" \/>\r\n<meta name=\"author\" content=\"wolfsoftcompany\" \/>\r\n<meta name=\"twitter:card\" content=\"summary_large_image\" \/>\r\n<meta name=\"twitter:label1\" content=\"Scris de\" \/>\n\t<meta name=\"twitter:data1\" content=\"wolfsoftcompany\" \/>\n\t<meta name=\"twitter:label2\" content=\"Timp estimat pentru citire\" \/>\n\t<meta name=\"twitter:data2\" content=\"25 de minute\" \/>\r\n<script type=\"application\/ld+json\" class=\"yoast-schema-graph\">{\"@context\":\"https:\/\/schema.org\",\"@graph\":[{\"@type\":\"Article\",\"@id\":\"https:\/\/desteptati-va.ro\/index.php\/2021\/04\/13\/neorevizionismul-ungar-partea-i\/#article\",\"isPartOf\":{\"@id\":\"https:\/\/desteptati-va.ro\/index.php\/2021\/04\/13\/neorevizionismul-ungar-partea-i\/\"},\"author\":{\"name\":\"wolfsoftcompany\",\"@id\":\"https:\/\/desteptati-va.ro\/#\/schema\/person\/13182deeebd44920914899f7bb262d6b\"},\"headline\":\"Neorevizionismul ungar -partea I\",\"datePublished\":\"2021-04-13T10:28:27+00:00\",\"mainEntityOfPage\":{\"@id\":\"https:\/\/desteptati-va.ro\/index.php\/2021\/04\/13\/neorevizionismul-ungar-partea-i\/\"},\"wordCount\":5038,\"commentCount\":0,\"image\":{\"@id\":\"https:\/\/desteptati-va.ro\/index.php\/2021\/04\/13\/neorevizionismul-ungar-partea-i\/#primaryimage\"},\"thumbnailUrl\":\"https:\/\/desteptati-va.ro\/wp-content\/uploads\/2021\/04\/Viktor-Orban1.jpg\",\"keywords\":[\"Appony\",\"Cehoslovacia\",\"Croatia\",\"Hitler\",\"Karolyi\",\"Orban\",\"pal\",\"Paris\",\"Romania\",\"Teleki\",\"Tratat\",\"Trianon\",\"Ungaria\"],\"articleSection\":[\"'Prietenii\\\" unguri\"],\"inLanguage\":\"ro-RO\",\"potentialAction\":[{\"@type\":\"CommentAction\",\"name\":\"Comment\",\"target\":[\"https:\/\/desteptati-va.ro\/index.php\/2021\/04\/13\/neorevizionismul-ungar-partea-i\/#respond\"]}]},{\"@type\":\"WebPage\",\"@id\":\"https:\/\/desteptati-va.ro\/index.php\/2021\/04\/13\/neorevizionismul-ungar-partea-i\/\",\"url\":\"https:\/\/desteptati-va.ro\/index.php\/2021\/04\/13\/neorevizionismul-ungar-partea-i\/\",\"name\":\"Neorevizionismul ungar -partea I -\",\"isPartOf\":{\"@id\":\"https:\/\/desteptati-va.ro\/#website\"},\"primaryImageOfPage\":{\"@id\":\"https:\/\/desteptati-va.ro\/index.php\/2021\/04\/13\/neorevizionismul-ungar-partea-i\/#primaryimage\"},\"image\":{\"@id\":\"https:\/\/desteptati-va.ro\/index.php\/2021\/04\/13\/neorevizionismul-ungar-partea-i\/#primaryimage\"},\"thumbnailUrl\":\"https:\/\/desteptati-va.ro\/wp-content\/uploads\/2021\/04\/Viktor-Orban1.jpg\",\"datePublished\":\"2021-04-13T10:28:27+00:00\",\"author\":{\"@id\":\"https:\/\/desteptati-va.ro\/#\/schema\/person\/13182deeebd44920914899f7bb262d6b\"},\"breadcrumb\":{\"@id\":\"https:\/\/desteptati-va.ro\/index.php\/2021\/04\/13\/neorevizionismul-ungar-partea-i\/#breadcrumb\"},\"inLanguage\":\"ro-RO\",\"potentialAction\":[{\"@type\":\"ReadAction\",\"target\":[\"https:\/\/desteptati-va.ro\/index.php\/2021\/04\/13\/neorevizionismul-ungar-partea-i\/\"]}]},{\"@type\":\"ImageObject\",\"inLanguage\":\"ro-RO\",\"@id\":\"https:\/\/desteptati-va.ro\/index.php\/2021\/04\/13\/neorevizionismul-ungar-partea-i\/#primaryimage\",\"url\":\"https:\/\/desteptati-va.ro\/wp-content\/uploads\/2021\/04\/Viktor-Orban1.jpg\",\"contentUrl\":\"https:\/\/desteptati-va.ro\/wp-content\/uploads\/2021\/04\/Viktor-Orban1.jpg\",\"width\":355,\"height\":278},{\"@type\":\"BreadcrumbList\",\"@id\":\"https:\/\/desteptati-va.ro\/index.php\/2021\/04\/13\/neorevizionismul-ungar-partea-i\/#breadcrumb\",\"itemListElement\":[{\"@type\":\"ListItem\",\"position\":1,\"name\":\"Prima pagin\u0103\",\"item\":\"https:\/\/desteptati-va.ro\/\"},{\"@type\":\"ListItem\",\"position\":2,\"name\":\"Neorevizionismul ungar -partea I\"}]},{\"@type\":\"WebSite\",\"@id\":\"https:\/\/desteptati-va.ro\/#website\",\"url\":\"https:\/\/desteptati-va.ro\/\",\"name\":\"\",\"description\":\"\",\"potentialAction\":[{\"@type\":\"SearchAction\",\"target\":{\"@type\":\"EntryPoint\",\"urlTemplate\":\"https:\/\/desteptati-va.ro\/?s={search_term_string}\"},\"query-input\":{\"@type\":\"PropertyValueSpecification\",\"valueRequired\":true,\"valueName\":\"search_term_string\"}}],\"inLanguage\":\"ro-RO\"},{\"@type\":\"Person\",\"@id\":\"https:\/\/desteptati-va.ro\/#\/schema\/person\/13182deeebd44920914899f7bb262d6b\",\"name\":\"wolfsoftcompany\",\"image\":{\"@type\":\"ImageObject\",\"inLanguage\":\"ro-RO\",\"@id\":\"https:\/\/desteptati-va.ro\/#\/schema\/person\/image\/\",\"url\":\"https:\/\/secure.gravatar.com\/avatar\/a6cce9b6d101d27d91690e7073e300fed94c0899890bf998e082cb9d2c3d121e?s=96&d=mm&r=g\",\"contentUrl\":\"https:\/\/secure.gravatar.com\/avatar\/a6cce9b6d101d27d91690e7073e300fed94c0899890bf998e082cb9d2c3d121e?s=96&d=mm&r=g\",\"caption\":\"wolfsoftcompany\"},\"sameAs\":[\"http:\/\/desteptati-va.ro\"],\"url\":\"https:\/\/desteptati-va.ro\/index.php\/author\/wolfsoftcompany\/\"}]}<\/script>\r\n<!-- \/ Yoast SEO plugin. -->","yoast_head_json":{"title":"Neorevizionismul ungar -partea I -","robots":{"index":"index","follow":"follow","max-snippet":"max-snippet:-1","max-image-preview":"max-image-preview:large","max-video-preview":"max-video-preview:-1"},"canonical":"https:\/\/desteptati-va.ro\/index.php\/2021\/04\/13\/neorevizionismul-ungar-partea-i\/","og_locale":"ro_RO","og_type":"article","og_title":"Neorevizionismul ungar -partea I -","og_description":"\u00cen contextul noilor lu\u0103ri de pozi\u021bii revizioniste maghiare, foarte agresive, portalul Ziari\u0219ti Online public\u0103 \u00een premier\u0103 o analiz\u0103 special\u0103 deRead More","og_url":"https:\/\/desteptati-va.ro\/index.php\/2021\/04\/13\/neorevizionismul-ungar-partea-i\/","article_published_time":"2021-04-13T10:28:27+00:00","og_image":[{"width":355,"height":278,"url":"https:\/\/desteptati-va.ro\/wp-content\/uploads\/2021\/04\/Viktor-Orban1.jpg","type":"image\/jpeg"}],"author":"wolfsoftcompany","twitter_card":"summary_large_image","twitter_misc":{"Scris de":"wolfsoftcompany","Timp estimat pentru citire":"25 de minute"},"schema":{"@context":"https:\/\/schema.org","@graph":[{"@type":"Article","@id":"https:\/\/desteptati-va.ro\/index.php\/2021\/04\/13\/neorevizionismul-ungar-partea-i\/#article","isPartOf":{"@id":"https:\/\/desteptati-va.ro\/index.php\/2021\/04\/13\/neorevizionismul-ungar-partea-i\/"},"author":{"name":"wolfsoftcompany","@id":"https:\/\/desteptati-va.ro\/#\/schema\/person\/13182deeebd44920914899f7bb262d6b"},"headline":"Neorevizionismul ungar -partea I","datePublished":"2021-04-13T10:28:27+00:00","mainEntityOfPage":{"@id":"https:\/\/desteptati-va.ro\/index.php\/2021\/04\/13\/neorevizionismul-ungar-partea-i\/"},"wordCount":5038,"commentCount":0,"image":{"@id":"https:\/\/desteptati-va.ro\/index.php\/2021\/04\/13\/neorevizionismul-ungar-partea-i\/#primaryimage"},"thumbnailUrl":"https:\/\/desteptati-va.ro\/wp-content\/uploads\/2021\/04\/Viktor-Orban1.jpg","keywords":["Appony","Cehoslovacia","Croatia","Hitler","Karolyi","Orban","pal","Paris","Romania","Teleki","Tratat","Trianon","Ungaria"],"articleSection":["'Prietenii\" unguri"],"inLanguage":"ro-RO","potentialAction":[{"@type":"CommentAction","name":"Comment","target":["https:\/\/desteptati-va.ro\/index.php\/2021\/04\/13\/neorevizionismul-ungar-partea-i\/#respond"]}]},{"@type":"WebPage","@id":"https:\/\/desteptati-va.ro\/index.php\/2021\/04\/13\/neorevizionismul-ungar-partea-i\/","url":"https:\/\/desteptati-va.ro\/index.php\/2021\/04\/13\/neorevizionismul-ungar-partea-i\/","name":"Neorevizionismul ungar -partea I -","isPartOf":{"@id":"https:\/\/desteptati-va.ro\/#website"},"primaryImageOfPage":{"@id":"https:\/\/desteptati-va.ro\/index.php\/2021\/04\/13\/neorevizionismul-ungar-partea-i\/#primaryimage"},"image":{"@id":"https:\/\/desteptati-va.ro\/index.php\/2021\/04\/13\/neorevizionismul-ungar-partea-i\/#primaryimage"},"thumbnailUrl":"https:\/\/desteptati-va.ro\/wp-content\/uploads\/2021\/04\/Viktor-Orban1.jpg","datePublished":"2021-04-13T10:28:27+00:00","author":{"@id":"https:\/\/desteptati-va.ro\/#\/schema\/person\/13182deeebd44920914899f7bb262d6b"},"breadcrumb":{"@id":"https:\/\/desteptati-va.ro\/index.php\/2021\/04\/13\/neorevizionismul-ungar-partea-i\/#breadcrumb"},"inLanguage":"ro-RO","potentialAction":[{"@type":"ReadAction","target":["https:\/\/desteptati-va.ro\/index.php\/2021\/04\/13\/neorevizionismul-ungar-partea-i\/"]}]},{"@type":"ImageObject","inLanguage":"ro-RO","@id":"https:\/\/desteptati-va.ro\/index.php\/2021\/04\/13\/neorevizionismul-ungar-partea-i\/#primaryimage","url":"https:\/\/desteptati-va.ro\/wp-content\/uploads\/2021\/04\/Viktor-Orban1.jpg","contentUrl":"https:\/\/desteptati-va.ro\/wp-content\/uploads\/2021\/04\/Viktor-Orban1.jpg","width":355,"height":278},{"@type":"BreadcrumbList","@id":"https:\/\/desteptati-va.ro\/index.php\/2021\/04\/13\/neorevizionismul-ungar-partea-i\/#breadcrumb","itemListElement":[{"@type":"ListItem","position":1,"name":"Prima pagin\u0103","item":"https:\/\/desteptati-va.ro\/"},{"@type":"ListItem","position":2,"name":"Neorevizionismul ungar -partea I"}]},{"@type":"WebSite","@id":"https:\/\/desteptati-va.ro\/#website","url":"https:\/\/desteptati-va.ro\/","name":"","description":"","potentialAction":[{"@type":"SearchAction","target":{"@type":"EntryPoint","urlTemplate":"https:\/\/desteptati-va.ro\/?s={search_term_string}"},"query-input":{"@type":"PropertyValueSpecification","valueRequired":true,"valueName":"search_term_string"}}],"inLanguage":"ro-RO"},{"@type":"Person","@id":"https:\/\/desteptati-va.ro\/#\/schema\/person\/13182deeebd44920914899f7bb262d6b","name":"wolfsoftcompany","image":{"@type":"ImageObject","inLanguage":"ro-RO","@id":"https:\/\/desteptati-va.ro\/#\/schema\/person\/image\/","url":"https:\/\/secure.gravatar.com\/avatar\/a6cce9b6d101d27d91690e7073e300fed94c0899890bf998e082cb9d2c3d121e?s=96&d=mm&r=g","contentUrl":"https:\/\/secure.gravatar.com\/avatar\/a6cce9b6d101d27d91690e7073e300fed94c0899890bf998e082cb9d2c3d121e?s=96&d=mm&r=g","caption":"wolfsoftcompany"},"sameAs":["http:\/\/desteptati-va.ro"],"url":"https:\/\/desteptati-va.ro\/index.php\/author\/wolfsoftcompany\/"}]}},"_links":{"self":[{"href":"https:\/\/desteptati-va.ro\/index.php\/wp-json\/wp\/v2\/posts\/3464","targetHints":{"allow":["GET"]}}],"collection":[{"href":"https:\/\/desteptati-va.ro\/index.php\/wp-json\/wp\/v2\/posts"}],"about":[{"href":"https:\/\/desteptati-va.ro\/index.php\/wp-json\/wp\/v2\/types\/post"}],"author":[{"embeddable":true,"href":"https:\/\/desteptati-va.ro\/index.php\/wp-json\/wp\/v2\/users\/1"}],"replies":[{"embeddable":true,"href":"https:\/\/desteptati-va.ro\/index.php\/wp-json\/wp\/v2\/comments?post=3464"}],"version-history":[{"count":1,"href":"https:\/\/desteptati-va.ro\/index.php\/wp-json\/wp\/v2\/posts\/3464\/revisions"}],"predecessor-version":[{"id":3466,"href":"https:\/\/desteptati-va.ro\/index.php\/wp-json\/wp\/v2\/posts\/3464\/revisions\/3466"}],"wp:featuredmedia":[{"embeddable":true,"href":"https:\/\/desteptati-va.ro\/index.php\/wp-json\/wp\/v2\/media\/2806"}],"wp:attachment":[{"href":"https:\/\/desteptati-va.ro\/index.php\/wp-json\/wp\/v2\/media?parent=3464"}],"wp:term":[{"taxonomy":"category","embeddable":true,"href":"https:\/\/desteptati-va.ro\/index.php\/wp-json\/wp\/v2\/categories?post=3464"},{"taxonomy":"post_tag","embeddable":true,"href":"https:\/\/desteptati-va.ro\/index.php\/wp-json\/wp\/v2\/tags?post=3464"}],"curies":[{"name":"wp","href":"https:\/\/api.w.org\/{rel}","templated":true}]}}