{"id":3467,"date":"2021-04-13T10:38:57","date_gmt":"2021-04-13T10:38:57","guid":{"rendered":"http:\/\/desteptati.ro\/?p=3467"},"modified":"2021-04-13T10:38:57","modified_gmt":"2021-04-13T10:38:57","slug":"relatarea-generalului-sanatescu","status":"publish","type":"post","link":"https:\/\/desteptati-va.ro\/index.php\/2021\/04\/13\/relatarea-generalului-sanatescu\/","title":{"rendered":"Relatarea generalului S\u0103n\u0103tescu"},"content":{"rendered":"<div class=\"post-content\"><div class='booster-block booster-read-block'>\n                <div class=\"twp-read-time\">\n                \t<i class=\"booster-icon twp-clock\"><\/i> <span>Read Time:<\/span>5 Minute, 43 Second                <\/div>\n\n            <\/div><h4>Mai toat\u0103 noaptea m-am zb\u0103tut cu \u015ftirile proaste ce soseau de pe front; este cert c\u0103 la aceast\u0103 or\u0103 frontul nostru este destr\u0103mat \u015fi trupele \u00een derut\u0103. Peste m\u0103sur\u0103 de obosit, am a\u0163ipit despre ziu\u0103. La ora 9 am intrat \u00een biroul meu destul de ab\u0103tut. Aflu c\u0103 Mare\u015falul Antonescu a venit de pe front \u015fi a convocat un consiliu de mini\u015ftri la Snagov, unde probabil va lua o ultim\u0103 hot\u0103r\u00e2re; de-ar fi hot\u0103r\u00e2rea cea bun\u0103, adic\u0103 cererea armisti\u0163iului \u015fi \u00eencheierea ostilit\u0103\u0163ilor [\u2026]<\/h4>\r\n<h4>Dinu Br\u0103tianu \u00eemi comunic\u0103 prin telefon s\u0103 trec imediat pe la el. La 9.30 am fost la el acas\u0103 unde-mi spune c\u0103 a trimis pe George Br\u0103tianu la Antonescu pentru a se decide \u00een favoarea armisti\u0163iului; tot de la el aflu c\u0103 \u015fi Maniu a trimis pe Mihalache, \u00een acela\u015fi scop.<\/h4>\r\n<figure id=\"attachment_3554\" aria-describedby=\"caption-attachment-3554\" style=\"width: 410px\" class=\"wp-caption aligncenter\"><a href=\"http:\/\/www.desteptati-va.ro\/wp-content\/uploads\/2012\/04\/Bratianu.jpg\"><img loading=\"lazy\" decoding=\"async\" class=\" wp-image-3554\" title=\"Bratianu\" src=\"http:\/\/www.desteptati-va.ro\/wp-content\/uploads\/2012\/04\/Bratianu.jpg\" alt=\"Dinu Br\u0103tianu\" width=\"410\" height=\"476\" \/><\/a><figcaption id=\"caption-attachment-3554\" class=\"wp-caption-text\">Dinu Br\u0103tianu<\/figcaption><\/figure>\r\n<h4>Vorbind cu Dinu Br\u0103tianu asupra unui guvern politic \u00een cazul demisiei Mare\u015falului, se arat\u0103 intransigent, fiind de p\u0103rere c\u0103 numai un guvern de militari se poate alc\u0103tui \u00een asemenea \u00eemprejur\u0103ri. Prin urmare cade dezideratul ce am propus mereu \u2014 s\u0103 se fac\u0103 un guvern politic.<\/h4>\r\n<h4>Pe la ora 11.30 sunt chemat la telefon de Pre\u015fedin\u0163ia de Consiliu \u015fi vorbesc cu Mihai Antonescu, care m\u0103 \u00eentreab\u0103 dac\u0103 Regele este \u00een Bucure\u015fti. \u00cei comunic c\u0103 este \u015fi atunci Mihai Antonescu \u00eemi spune c\u0103 la ora 15.30 va veni la Palat cu Mare\u015falul spre a vedea pe Rege. Am comunicat aceasta imediat Majest\u0103\u0163ii Sale Regele, iar eu am plecat la Maniu spre a-i aduce la cuno\u015ftin\u0163\u0103 acest fapt pe care-l socoteam important. Eram \u00eenso\u0163it de Col. D\u0103m\u0103ceanu. La Maniu acas\u0103, i-am spus c\u0103 dac\u0103 Antone\u015ftii au cerut s\u0103 vad\u0103 pe Rege \u00eenseamn\u0103 c\u0103 au luat o hot\u0103r\u00e2re \u00een urma consiliului de mini\u015ftri \u0163inut \u015fi c\u0103 aceast\u0103 hot\u0103r\u00e2re nu poate fi dec\u00e2t: sau face Mare\u015falul armisti\u0163iu, sau \u00ee\u015fi depune demisia. \u00cen primul caz nu avem nimic de f\u0103cut, \u00een al doilea caz trebuie s\u0103 facem guvernul. \u015ei Maniu ezita asupra unui guvern politic. V\u0103z\u00e2nd cum stau lucrurile, am plecat la Palat spre a raporta Regelui c\u0103, \u00een cazul c\u0103 trebuie s\u0103 facem un guvern, apoi \u00eel vom face din generali \u00eentruc\u00e2t oamenii politici nu sunt dispu\u015fi la riscuri.<\/h4>\r\n<figure id=\"attachment_3555\" aria-describedby=\"caption-attachment-3555\" style=\"width: 379px\" class=\"wp-caption aligncenter\"><a href=\"http:\/\/www.desteptati-va.ro\/wp-content\/uploads\/2012\/04\/220px-Mihai_Antonescu.jpg\"><img loading=\"lazy\" decoding=\"async\" class=\" wp-image-3555\" title=\"220px-Mihai_Antonescu\" src=\"http:\/\/www.desteptati-va.ro\/wp-content\/uploads\/2012\/04\/220px-Mihai_Antonescu.jpg\" alt=\"Mihai Antonescu\" width=\"379\" height=\"493\" \/><\/a><figcaption id=\"caption-attachment-3555\" class=\"wp-caption-text\">Mihai Antonescu<\/figcaption><\/figure>\r\n<h4>La ora 13 am luat masa cu Majestatea Sa Regele \u00eentr-o atmosfer\u0103 de mare \u00eengrijorare. La ora 15.30 a sosit Mihai Antonescu singur; Mare\u015falul a \u00eent\u00e2rziat cam vreun sfert de or\u0103. Dup\u0103 venirea lui am trecut la Casa Mic\u0103, unde ne a\u015ftepta Regele. Am intat \u00een salon: Regele, Mare\u015falul, Mihai Antonescu \u015fi cu mine, lu\u00e2nd loc \u00een jurul unei mese rotunde. Al\u0103turi, \u00een biroul Regelui, a\u015fteptau ner\u0103bd\u0103tori Buze\u015fti, St\u00e2rcea, G-ral Aldea, Col. D\u0103m\u0103ceanu, G-ral Anton \u015fi Ioani\u0163iu.<\/h4>\r\n<figure id=\"attachment_3556\" aria-describedby=\"caption-attachment-3556\" style=\"width: 384px\" class=\"wp-caption aligncenter\"><a href=\"http:\/\/www.desteptati-va.ro\/wp-content\/uploads\/2012\/04\/antonescu01.jpg\"><img loading=\"lazy\" decoding=\"async\" class=\" wp-image-3556\" title=\"antonescu01\" src=\"http:\/\/www.desteptati-va.ro\/wp-content\/uploads\/2012\/04\/antonescu01-226x300.jpg\" alt=\"Mare\u0219alul Ion Antonescu\" width=\"384\" height=\"510\" \/><\/a><figcaption id=\"caption-attachment-3556\" class=\"wp-caption-text\">Mare\u0219alul Ion Antonescu<\/figcaption><\/figure>\r\n<h4>Voi c\u0103uta s\u0103 redau c\u00e2t mai fidel aceast\u0103 \u00eentrevedere dintre Rege \u015fi Antone\u015fti, \u00eentruc\u00e2t se vor g\u0103si mul\u0163i care s\u0103 denatureze adev\u0103rul.<\/h4>\r\n<h4>Trebuie s\u0103 spun de la \u00eenceput c\u0103 nu ne g\u00e2ndisem s\u0103-i arest\u0103m, \u00eentruc\u00e2t eram convins c\u0103 vin s\u0103-\u015fi prezinte demisia, ipotez\u0103 ce o socoteam mai probabil\u0103, \u00eentruc\u00e2t a face ei armisti\u0163iul era o chestiune mai delicat\u0103, c\u0103ci trebuiau luate m\u0103suri contra germanilor.<\/h4>\r\n<h4>Dup\u0103 ce am luat loc \u00een jurul mesei, Regele \u00eentreab\u0103:<\/h4>\r\n<h4>\u2014 Care este situa\u0163ia, domnule Mare\u015fal?<\/h4>\r\n<h4>\u2014 Disperat\u0103, Majestate. Frontul este str\u0103puns \u015fi \u00een Moldova \u015fi \u00een Basarabia.<\/h4>\r\n<h4>Dup\u0103 obiceiul Mare\u015falului, \u00een continuare \u00eencepe tot el s\u0103 atace, f\u0103c\u00e2nd r\u0103spunz\u0103toare de acest dezastru armata care nu mai vrea s\u0103 lupte, \u015fi aceasta din cauza agita\u0163iei oamenilor politici, \u015fi l\u0103s\u00e2nd chiar s\u0103 se \u00een\u0163eleag\u0103 c\u0103 \u015fi Regele cu mine avem parte de vin\u0103, c\u0103ci am stat de vorb\u0103 cu oamenii politici, pe care i-am \u00eencurajat \u00een ac\u0163iunea lor. Regele are r\u0103bdarea s\u0103-l lase s\u0103-\u015fi verse focul \u015fi, profit\u00e2nd de o pauz\u0103, pune \u00eentrebarea:<\/h4>\r\n<h4>\u2014 Ce trebuie s\u0103 facem? Nu crede\u0163i c\u0103 este momentul a \u00eencheia armisti\u0163iul, fie dumnea voastr\u0103, fie un alt guvern?<\/h4>\r\n<h4>Mare\u015falul r\u0103spunde categoric c\u0103 nu trebuie s\u0103 \u00eencheiem armisti\u0163iul.<\/h4>\r\n<h4>Acest r\u0103spuns produce asupra Regelui \u015fi a mea o mare consternare, pe care probabil o sesizeaz\u0103 Mihai Antonescu, care intervine:<\/h4>\r\n<h4>\u2014 Se poate s\u0103 cerem \u015fi armisti\u0163iul, \u00eens\u0103 s\u0103 mai a\u015ftept\u0103m dou\u0103 zile, c\u0103ci trebuie s\u0103 vin\u0103 ni\u015fte r\u0103spunsuri de la Ankara \u015fi Madrid.<\/h4>\r\n<h4>\u2014 Domnule vicepre\u015fedinte, zic eu, nu crede\u0163i c\u0103 a\u015ftept\u00e2nd dou\u0103 zile risc\u0103m s\u0103 ni se retrag\u0103 condi\u0163iile de armisti\u0163iu \u015fi s\u0103 c\u0103dem \u00een capitulare f\u0103r\u0103 condi\u0163ii? Am impresia c\u0103 evenimentele se precipit\u0103 \u015fi c\u0103 e vorba de ore, nu de zile.<\/h4>\r\n<figure id=\"attachment_3557\" aria-describedby=\"caption-attachment-3557\" style=\"width: 478px\" class=\"wp-caption aligncenter\"><a href=\"http:\/\/www.desteptati-va.ro\/wp-content\/uploads\/2012\/04\/index.jpg\"><img loading=\"lazy\" decoding=\"async\" class=\" wp-image-3557\" title=\"index\" src=\"http:\/\/www.desteptati-va.ro\/wp-content\/uploads\/2012\/04\/index.jpg\" alt=\"Regele Mihai\" width=\"478\" height=\"293\" \/><\/a><figcaption id=\"caption-attachment-3557\" class=\"wp-caption-text\">Regele Mihai<\/figcaption><\/figure>\r\n<h4>Majestatea Sa Regele se adreseaz\u0103 Mare\u015falului:<\/h4>\r\n<h4>\u2014 Ce inten\u0163iona\u0163i s\u0103 face\u0163i?<\/h4>\r\n<h4>\u2014 Vom \u00eencerca s\u0103 rezist\u0103m pe frontul fortificat Foc\u015fani-Oancea-Bolgrad, zice mare\u015falul.<\/h4>\r\n<h4>\u2014 Cu ce? \u2014 \u00eentreb eu \u2014 \u00eentruc\u00e2t lucr\u0103rile de fortifica\u0163ii nu sunt gata \u015fi trupele germane \u015fi rom\u00e2ne ce se retrag nu vor fi \u00een stare s\u0103 ocupe aceste pozi\u0163ii, fiindc\u0103 se retrag \u00een mare dezordine.<\/h4>\r\n<h4>\u2014 Cu batalioanele de recru\u0163i, zice Mare\u015falul, pe care le-am trimis acolo, \u015fi cu alte trupe ce vor veni din interior. De altfel, dac\u0103 nu vom reu\u015fi s\u0103 oprim inamicul pe aceast\u0103 linie, ne vom retrage \u00een mun\u0163i \u015fi vom \u00eencerca s\u0103 mai rezist\u0103m, nu putem p\u0103r\u0103si pe germani.<\/h4>\r\n<h4>Fa\u0163\u0103 de acest r\u0103spuns categoric, Regele s-a sculat \u00een picioare \u015fi, f\u0103r\u0103 a rosti o vorb\u0103, le-a \u00eentins m\u00e2na \u015fi a ie\u015fit afar\u0103. Antone\u015ftii au r\u0103mas cu mine, \u00een picioare, \u00eentr-o t\u0103cere chinuitoare.<\/h4>\r\n<h4>Cei din biroul Regelui au auzit convorbirea \u015fi au luat m\u0103suri de arestare; \u00eendat\u0103 ce Regele a intrat la ei, a dat aprobare s\u0103 trecem la arestarea Antone\u015ftilor \u015fi s\u0103 facem lovitura de stat.<\/h4>\r\n<h4>Prea pu\u0163in timp s-a scurs de la ie\u015firea Regelui, \u015fi a intrat \u00een salon maiorul Dumitrescu Anton, din Batalionul de Gard\u0103 al palatului, cu patru solda\u0163i, care a procedat la arestarea Antone\u015ftilor. Mare\u015falul s-a \u00eeng\u0103lbenit \u015fi mi s-a adresat mie \u2014 cum puteam s\u0103-i facem aceast\u0103 ofens\u0103? Nu i-am r\u0103spuns nimic, \u00eentruc\u00e2t eram \u015fi eu destul de emo\u0163ionat, fiindc\u0103 \u00eemi d\u0103deam seama de greut\u0103\u0163ile \u015fi r\u0103spunderile ce urmau acum.<\/h4>\r\n<h4>Era ora 17. Dimpreun\u0103 cu Regele, am trecut cu to\u0163ii \u00een Palat, \u00een biroul meu, pentru a porni la cele ce trebuia s\u0103 facem.<\/h4>\r\n<figure id=\"attachment_3558\" aria-describedby=\"caption-attachment-3558\" style=\"width: 352px\" class=\"wp-caption aligncenter\"><a href=\"http:\/\/www.desteptati-va.ro\/wp-content\/uploads\/2012\/04\/dumitru_damaceanu.jpg\"><img loading=\"lazy\" decoding=\"async\" class=\" wp-image-3558\" title=\"dumitru_damaceanu\" src=\"http:\/\/www.desteptati-va.ro\/wp-content\/uploads\/2012\/04\/dumitru_damaceanu.jpg\" alt=\"Dumitru D\u0103m\u0103ceanu\" width=\"352\" height=\"516\" \/><\/a><figcaption id=\"caption-attachment-3558\" class=\"wp-caption-text\">Dumitru D\u0103m\u0103ceanu<\/figcaption><\/figure>\r\n<h4>Col. D\u0103m\u0103ceanu a plecat imediat la comandamentul Capitalei, s\u0103 alarmeze trupele \u015fi s\u0103 \u00eentrerup\u0103 leg\u0103turile telefonice \u00eentre comandamentele germane \u015fi trupele lor. Planul era f\u0103cut cu tot de-am\u0103nuntul, r\u0103m\u00e2nea numai punerea lui \u00een aplicare.<\/h4>\r\n<h4>Regele a dictat decretul prin care eram numit Pre\u015fedinte de Consiliu. \u00cenarmat cu acest decret, am plecat la Marele Stat Major s\u0103 dau ordinele necesare de pe front \u015fi din restul \u0163\u0103rii pentru a \u00eenceta ostilit\u0103\u0163ile \u015fi pentru felul cum trebuiau s\u0103 se grupeze.<\/h4>\r\n<h4>Constantin S\u0103n\u0103tescu,<em> Jurnal<\/em>, Ed. Humanitas, Bucure\u015fti, 1993<\/h4>\r\n<h4><em><span style=\"color: #c0c0c0;\">Sursa: <a title=\"sursa\" href=\"http:\/\/istoriiregasite.wordpress.com\/2011\/12\/07\/23-august-1944-relatarea-generalului-constantin-sanatescu\/\">istoriiregasite.wordpress.com<\/a><\/span><\/em><\/h4>        <div class=\"booster-block booster-reactions-block\">\n            <div class=\"twp-reactions-icons\">\n                \n                <div class=\"twp-reacts-wrap\">\n                    <a react-data=\"be-react-1\" post-id=\"3467\" class=\"be-face-icons un-reacted\" href=\"javascript:void(0)\">\n                        <img decoding=\"async\" src=\"https:\/\/desteptati-va.ro\/wp-content\/plugins\/booster-extension\/\/assets\/icon\/happy.svg\" alt=\"Happy\">\n                    <\/a>\n                    <div class=\"twp-reaction-title\">\n                        Happy                    <\/div>\n                    <div class=\"twp-count-percent\">\n                                                    <span style=\"display: none;\" class=\"twp-react-count\">0<\/span>\n                        \n                                                <span class=\"twp-react-percent\"><span>0<\/span> %<\/span>\n                                            <\/div>\n                <\/div>\n\n                <div class=\"twp-reacts-wrap\">\n                    <a react-data=\"be-react-2\" post-id=\"3467\" class=\"be-face-icons un-reacted\" href=\"javascript:void(0)\">\n                        <img decoding=\"async\" src=\"https:\/\/desteptati-va.ro\/wp-content\/plugins\/booster-extension\/\/assets\/icon\/sad.svg\" alt=\"Sad\">\n                    <\/a>\n                    <div class=\"twp-reaction-title\">\n                        Sad                    <\/div>\n                    <div class=\"twp-count-percent\">\n                                                    <span style=\"display: none;\" class=\"twp-react-count\">0<\/span>\n                                                                        <span class=\"twp-react-percent\"><span>0<\/span> %<\/span>\n                                            <\/div>\n                <\/div>\n\n                <div class=\"twp-reacts-wrap\">\n                    <a react-data=\"be-react-3\" post-id=\"3467\" class=\"be-face-icons un-reacted\" href=\"javascript:void(0)\">\n                        <img decoding=\"async\" src=\"https:\/\/desteptati-va.ro\/wp-content\/plugins\/booster-extension\/\/assets\/icon\/excited.svg\" alt=\"Excited\">\n                    <\/a>\n                    <div class=\"twp-reaction-title\">\n                        Excited                    <\/div>\n                    <div class=\"twp-count-percent\">\n                                                    <span style=\"display: none;\" class=\"twp-react-count\">0<\/span>\n                                                                        <span class=\"twp-react-percent\"><span>0<\/span> %<\/span>\n                                            <\/div>\n                <\/div>\n\n                <div class=\"twp-reacts-wrap\">\n                    <a react-data=\"be-react-6\" post-id=\"3467\" class=\"be-face-icons un-reacted\" href=\"javascript:void(0)\">\n                        <img decoding=\"async\" src=\"https:\/\/desteptati-va.ro\/wp-content\/plugins\/booster-extension\/\/assets\/icon\/sleepy.svg\" alt=\"Sleepy\">\n                    <\/a>\n                    <div class=\"twp-reaction-title\">\n                        Sleepy                    <\/div>\n                    <div class=\"twp-count-percent\">\n                                                    <span style=\"display: none;\" class=\"twp-react-count\">0<\/span>\n                        \n                                                <span class=\"twp-react-percent\"><span>0<\/span> %<\/span>\n                                            <\/div>\n                <\/div>\n\n                <div class=\"twp-reacts-wrap\">\n                    <a react-data=\"be-react-4\" post-id=\"3467\" class=\"be-face-icons un-reacted\" href=\"javascript:void(0)\">\n                        <img decoding=\"async\" src=\"https:\/\/desteptati-va.ro\/wp-content\/plugins\/booster-extension\/\/assets\/icon\/angry.svg\" alt=\"Angry\">\n                    <\/a>\n                    <div class=\"twp-reaction-title\">Angry<\/div>\n                    <div class=\"twp-count-percent\">\n                                                    <span style=\"display: none;\" class=\"twp-react-count\">0<\/span>\n                                                                        <span class=\"twp-react-percent\"><span>0<\/span> %<\/span>\n                        \n                    <\/div>\n                <\/div>\n\n                <div class=\"twp-reacts-wrap\">\n                    <a react-data=\"be-react-5\" post-id=\"3467\" class=\"be-face-icons un-reacted\" href=\"javascript:void(0)\">\n                        <img decoding=\"async\" src=\"https:\/\/desteptati-va.ro\/wp-content\/plugins\/booster-extension\/\/assets\/icon\/surprise.svg\" alt=\"Surprise\">\n                    <\/a>\n                    <div class=\"twp-reaction-title\">Surprise<\/div>\n                    <div class=\"twp-count-percent\">\n                                                    <span style=\"display: none;\" class=\"twp-react-count\">0<\/span>\n                                                                        <span class=\"twp-react-percent\"><span>0<\/span> %<\/span>\n                                            <\/div>\n                <\/div>\n\n            <\/div>\n        <\/div>\n\n    <\/div>","protected":false},"excerpt":{"rendered":"<p>Mai toat\u0103 noaptea m-am zb\u0103tut cu \u015ftirile proaste ce soseau de pe front; este cert c\u0103 la aceast\u0103 or\u0103 frontul<a href=\"https:\/\/desteptati-va.ro\/index.php\/2021\/04\/13\/relatarea-generalului-sanatescu\/\">Read More<i class=\"fa fa-long-arrow-right\" aria-hidden=\"true\"><\/i><\/a><\/p>\n","protected":false},"author":1,"featured_media":2711,"comment_status":"open","ping_status":"open","sticky":false,"template":"","format":"standard","meta":{"_crdt_document":"","footnotes":""},"categories":[29],"tags":[156],"class_list":["post-3467","post","type-post","status-publish","format-standard","has-post-thumbnail","hentry","category-al-ii-a-razboi-mondial","tag-tradatori"],"rise-blocks_total_comments":0,"rise-blocks_categories":[{"term_id":29,"name":"Al II-a Razboi Mondial","slug":"al-ii-a-razboi-mondial","term_group":0,"term_taxonomy_id":29,"taxonomy":"category","description":"","parent":28,"count":6,"filter":"raw"}],"rise-blocks_excerpt":"Mai toat\u0103 noaptea m-am zb\u0103tut cu \u015ftirile proaste ce soseau de pe front; este cert c\u0103 la aceast\u0103 or\u0103 frontul nostru este destr\u0103mat \u015fi trupele \u00een derut\u0103. Peste m\u0103sur\u0103 de obosit, am a\u0163ipit despre ziu\u0103. La ora 9 am intrat \u00een biroul meu destul de ab\u0103tut. Aflu c\u0103 Mare\u015falul Antonescu a venit de pe front \u015fi a convocat un consiliu..","yoast_head":"<!-- This site is optimized with the Yoast SEO plugin v26.9 - https:\/\/yoast.com\/product\/yoast-seo-wordpress\/ -->\r\n<title>Relatarea generalului S\u0103n\u0103tescu -<\/title>\r\n<meta name=\"robots\" content=\"index, follow, max-snippet:-1, max-image-preview:large, max-video-preview:-1\" \/>\r\n<link rel=\"canonical\" href=\"https:\/\/desteptati-va.ro\/index.php\/2021\/04\/13\/relatarea-generalului-sanatescu\/\" \/>\r\n<meta property=\"og:locale\" content=\"ro_RO\" \/>\r\n<meta property=\"og:type\" content=\"article\" \/>\r\n<meta property=\"og:title\" content=\"Relatarea generalului S\u0103n\u0103tescu -\" \/>\r\n<meta property=\"og:description\" content=\"Mai toat\u0103 noaptea m-am zb\u0103tut cu \u015ftirile proaste ce soseau de pe front; este cert c\u0103 la aceast\u0103 or\u0103 frontulRead More\" \/>\r\n<meta property=\"og:url\" content=\"https:\/\/desteptati-va.ro\/index.php\/2021\/04\/13\/relatarea-generalului-sanatescu\/\" \/>\r\n<meta property=\"article:published_time\" content=\"2021-04-13T10:38:57+00:00\" \/>\r\n<meta property=\"og:image\" content=\"https:\/\/desteptati-va.ro\/wp-content\/uploads\/2021\/04\/constantin_sanatescu.jpg\" \/>\r\n\t<meta property=\"og:image:width\" content=\"200\" \/>\r\n\t<meta property=\"og:image:height\" content=\"275\" \/>\r\n\t<meta property=\"og:image:type\" content=\"image\/jpeg\" \/>\r\n<meta name=\"author\" content=\"wolfsoftcompany\" \/>\r\n<meta name=\"twitter:card\" content=\"summary_large_image\" \/>\r\n<meta name=\"twitter:label1\" content=\"Scris de\" \/>\n\t<meta name=\"twitter:data1\" content=\"wolfsoftcompany\" \/>\n\t<meta name=\"twitter:label2\" content=\"Timp estimat pentru citire\" \/>\n\t<meta name=\"twitter:data2\" content=\"6 minute\" \/>\r\n<script type=\"application\/ld+json\" class=\"yoast-schema-graph\">{\"@context\":\"https:\/\/schema.org\",\"@graph\":[{\"@type\":\"Article\",\"@id\":\"https:\/\/desteptati-va.ro\/index.php\/2021\/04\/13\/relatarea-generalului-sanatescu\/#article\",\"isPartOf\":{\"@id\":\"https:\/\/desteptati-va.ro\/index.php\/2021\/04\/13\/relatarea-generalului-sanatescu\/\"},\"author\":{\"name\":\"wolfsoftcompany\",\"@id\":\"https:\/\/desteptati-va.ro\/#\/schema\/person\/13182deeebd44920914899f7bb262d6b\"},\"headline\":\"Relatarea generalului S\u0103n\u0103tescu\",\"datePublished\":\"2021-04-13T10:38:57+00:00\",\"mainEntityOfPage\":{\"@id\":\"https:\/\/desteptati-va.ro\/index.php\/2021\/04\/13\/relatarea-generalului-sanatescu\/\"},\"wordCount\":1276,\"commentCount\":0,\"image\":{\"@id\":\"https:\/\/desteptati-va.ro\/index.php\/2021\/04\/13\/relatarea-generalului-sanatescu\/#primaryimage\"},\"thumbnailUrl\":\"https:\/\/desteptati-va.ro\/wp-content\/uploads\/2021\/04\/constantin_sanatescu.jpg\",\"keywords\":[\"tradatori\"],\"articleSection\":[\"Al II-a Razboi Mondial\"],\"inLanguage\":\"ro-RO\",\"potentialAction\":[{\"@type\":\"CommentAction\",\"name\":\"Comment\",\"target\":[\"https:\/\/desteptati-va.ro\/index.php\/2021\/04\/13\/relatarea-generalului-sanatescu\/#respond\"]}]},{\"@type\":\"WebPage\",\"@id\":\"https:\/\/desteptati-va.ro\/index.php\/2021\/04\/13\/relatarea-generalului-sanatescu\/\",\"url\":\"https:\/\/desteptati-va.ro\/index.php\/2021\/04\/13\/relatarea-generalului-sanatescu\/\",\"name\":\"Relatarea generalului S\u0103n\u0103tescu -\",\"isPartOf\":{\"@id\":\"https:\/\/desteptati-va.ro\/#website\"},\"primaryImageOfPage\":{\"@id\":\"https:\/\/desteptati-va.ro\/index.php\/2021\/04\/13\/relatarea-generalului-sanatescu\/#primaryimage\"},\"image\":{\"@id\":\"https:\/\/desteptati-va.ro\/index.php\/2021\/04\/13\/relatarea-generalului-sanatescu\/#primaryimage\"},\"thumbnailUrl\":\"https:\/\/desteptati-va.ro\/wp-content\/uploads\/2021\/04\/constantin_sanatescu.jpg\",\"datePublished\":\"2021-04-13T10:38:57+00:00\",\"author\":{\"@id\":\"https:\/\/desteptati-va.ro\/#\/schema\/person\/13182deeebd44920914899f7bb262d6b\"},\"breadcrumb\":{\"@id\":\"https:\/\/desteptati-va.ro\/index.php\/2021\/04\/13\/relatarea-generalului-sanatescu\/#breadcrumb\"},\"inLanguage\":\"ro-RO\",\"potentialAction\":[{\"@type\":\"ReadAction\",\"target\":[\"https:\/\/desteptati-va.ro\/index.php\/2021\/04\/13\/relatarea-generalului-sanatescu\/\"]}]},{\"@type\":\"ImageObject\",\"inLanguage\":\"ro-RO\",\"@id\":\"https:\/\/desteptati-va.ro\/index.php\/2021\/04\/13\/relatarea-generalului-sanatescu\/#primaryimage\",\"url\":\"https:\/\/desteptati-va.ro\/wp-content\/uploads\/2021\/04\/constantin_sanatescu.jpg\",\"contentUrl\":\"https:\/\/desteptati-va.ro\/wp-content\/uploads\/2021\/04\/constantin_sanatescu.jpg\",\"width\":200,\"height\":275},{\"@type\":\"BreadcrumbList\",\"@id\":\"https:\/\/desteptati-va.ro\/index.php\/2021\/04\/13\/relatarea-generalului-sanatescu\/#breadcrumb\",\"itemListElement\":[{\"@type\":\"ListItem\",\"position\":1,\"name\":\"Prima pagin\u0103\",\"item\":\"https:\/\/desteptati-va.ro\/\"},{\"@type\":\"ListItem\",\"position\":2,\"name\":\"Relatarea generalului S\u0103n\u0103tescu\"}]},{\"@type\":\"WebSite\",\"@id\":\"https:\/\/desteptati-va.ro\/#website\",\"url\":\"https:\/\/desteptati-va.ro\/\",\"name\":\"\",\"description\":\"\",\"potentialAction\":[{\"@type\":\"SearchAction\",\"target\":{\"@type\":\"EntryPoint\",\"urlTemplate\":\"https:\/\/desteptati-va.ro\/?s={search_term_string}\"},\"query-input\":{\"@type\":\"PropertyValueSpecification\",\"valueRequired\":true,\"valueName\":\"search_term_string\"}}],\"inLanguage\":\"ro-RO\"},{\"@type\":\"Person\",\"@id\":\"https:\/\/desteptati-va.ro\/#\/schema\/person\/13182deeebd44920914899f7bb262d6b\",\"name\":\"wolfsoftcompany\",\"image\":{\"@type\":\"ImageObject\",\"inLanguage\":\"ro-RO\",\"@id\":\"https:\/\/desteptati-va.ro\/#\/schema\/person\/image\/\",\"url\":\"https:\/\/secure.gravatar.com\/avatar\/a6cce9b6d101d27d91690e7073e300fed94c0899890bf998e082cb9d2c3d121e?s=96&d=mm&r=g\",\"contentUrl\":\"https:\/\/secure.gravatar.com\/avatar\/a6cce9b6d101d27d91690e7073e300fed94c0899890bf998e082cb9d2c3d121e?s=96&d=mm&r=g\",\"caption\":\"wolfsoftcompany\"},\"sameAs\":[\"http:\/\/desteptati-va.ro\"],\"url\":\"https:\/\/desteptati-va.ro\/index.php\/author\/wolfsoftcompany\/\"}]}<\/script>\r\n<!-- \/ Yoast SEO plugin. -->","yoast_head_json":{"title":"Relatarea generalului S\u0103n\u0103tescu -","robots":{"index":"index","follow":"follow","max-snippet":"max-snippet:-1","max-image-preview":"max-image-preview:large","max-video-preview":"max-video-preview:-1"},"canonical":"https:\/\/desteptati-va.ro\/index.php\/2021\/04\/13\/relatarea-generalului-sanatescu\/","og_locale":"ro_RO","og_type":"article","og_title":"Relatarea generalului S\u0103n\u0103tescu -","og_description":"Mai toat\u0103 noaptea m-am zb\u0103tut cu \u015ftirile proaste ce soseau de pe front; este cert c\u0103 la aceast\u0103 or\u0103 frontulRead More","og_url":"https:\/\/desteptati-va.ro\/index.php\/2021\/04\/13\/relatarea-generalului-sanatescu\/","article_published_time":"2021-04-13T10:38:57+00:00","og_image":[{"width":200,"height":275,"url":"https:\/\/desteptati-va.ro\/wp-content\/uploads\/2021\/04\/constantin_sanatescu.jpg","type":"image\/jpeg"}],"author":"wolfsoftcompany","twitter_card":"summary_large_image","twitter_misc":{"Scris de":"wolfsoftcompany","Timp estimat pentru citire":"6 minute"},"schema":{"@context":"https:\/\/schema.org","@graph":[{"@type":"Article","@id":"https:\/\/desteptati-va.ro\/index.php\/2021\/04\/13\/relatarea-generalului-sanatescu\/#article","isPartOf":{"@id":"https:\/\/desteptati-va.ro\/index.php\/2021\/04\/13\/relatarea-generalului-sanatescu\/"},"author":{"name":"wolfsoftcompany","@id":"https:\/\/desteptati-va.ro\/#\/schema\/person\/13182deeebd44920914899f7bb262d6b"},"headline":"Relatarea generalului S\u0103n\u0103tescu","datePublished":"2021-04-13T10:38:57+00:00","mainEntityOfPage":{"@id":"https:\/\/desteptati-va.ro\/index.php\/2021\/04\/13\/relatarea-generalului-sanatescu\/"},"wordCount":1276,"commentCount":0,"image":{"@id":"https:\/\/desteptati-va.ro\/index.php\/2021\/04\/13\/relatarea-generalului-sanatescu\/#primaryimage"},"thumbnailUrl":"https:\/\/desteptati-va.ro\/wp-content\/uploads\/2021\/04\/constantin_sanatescu.jpg","keywords":["tradatori"],"articleSection":["Al II-a Razboi Mondial"],"inLanguage":"ro-RO","potentialAction":[{"@type":"CommentAction","name":"Comment","target":["https:\/\/desteptati-va.ro\/index.php\/2021\/04\/13\/relatarea-generalului-sanatescu\/#respond"]}]},{"@type":"WebPage","@id":"https:\/\/desteptati-va.ro\/index.php\/2021\/04\/13\/relatarea-generalului-sanatescu\/","url":"https:\/\/desteptati-va.ro\/index.php\/2021\/04\/13\/relatarea-generalului-sanatescu\/","name":"Relatarea generalului S\u0103n\u0103tescu -","isPartOf":{"@id":"https:\/\/desteptati-va.ro\/#website"},"primaryImageOfPage":{"@id":"https:\/\/desteptati-va.ro\/index.php\/2021\/04\/13\/relatarea-generalului-sanatescu\/#primaryimage"},"image":{"@id":"https:\/\/desteptati-va.ro\/index.php\/2021\/04\/13\/relatarea-generalului-sanatescu\/#primaryimage"},"thumbnailUrl":"https:\/\/desteptati-va.ro\/wp-content\/uploads\/2021\/04\/constantin_sanatescu.jpg","datePublished":"2021-04-13T10:38:57+00:00","author":{"@id":"https:\/\/desteptati-va.ro\/#\/schema\/person\/13182deeebd44920914899f7bb262d6b"},"breadcrumb":{"@id":"https:\/\/desteptati-va.ro\/index.php\/2021\/04\/13\/relatarea-generalului-sanatescu\/#breadcrumb"},"inLanguage":"ro-RO","potentialAction":[{"@type":"ReadAction","target":["https:\/\/desteptati-va.ro\/index.php\/2021\/04\/13\/relatarea-generalului-sanatescu\/"]}]},{"@type":"ImageObject","inLanguage":"ro-RO","@id":"https:\/\/desteptati-va.ro\/index.php\/2021\/04\/13\/relatarea-generalului-sanatescu\/#primaryimage","url":"https:\/\/desteptati-va.ro\/wp-content\/uploads\/2021\/04\/constantin_sanatescu.jpg","contentUrl":"https:\/\/desteptati-va.ro\/wp-content\/uploads\/2021\/04\/constantin_sanatescu.jpg","width":200,"height":275},{"@type":"BreadcrumbList","@id":"https:\/\/desteptati-va.ro\/index.php\/2021\/04\/13\/relatarea-generalului-sanatescu\/#breadcrumb","itemListElement":[{"@type":"ListItem","position":1,"name":"Prima pagin\u0103","item":"https:\/\/desteptati-va.ro\/"},{"@type":"ListItem","position":2,"name":"Relatarea generalului S\u0103n\u0103tescu"}]},{"@type":"WebSite","@id":"https:\/\/desteptati-va.ro\/#website","url":"https:\/\/desteptati-va.ro\/","name":"","description":"","potentialAction":[{"@type":"SearchAction","target":{"@type":"EntryPoint","urlTemplate":"https:\/\/desteptati-va.ro\/?s={search_term_string}"},"query-input":{"@type":"PropertyValueSpecification","valueRequired":true,"valueName":"search_term_string"}}],"inLanguage":"ro-RO"},{"@type":"Person","@id":"https:\/\/desteptati-va.ro\/#\/schema\/person\/13182deeebd44920914899f7bb262d6b","name":"wolfsoftcompany","image":{"@type":"ImageObject","inLanguage":"ro-RO","@id":"https:\/\/desteptati-va.ro\/#\/schema\/person\/image\/","url":"https:\/\/secure.gravatar.com\/avatar\/a6cce9b6d101d27d91690e7073e300fed94c0899890bf998e082cb9d2c3d121e?s=96&d=mm&r=g","contentUrl":"https:\/\/secure.gravatar.com\/avatar\/a6cce9b6d101d27d91690e7073e300fed94c0899890bf998e082cb9d2c3d121e?s=96&d=mm&r=g","caption":"wolfsoftcompany"},"sameAs":["http:\/\/desteptati-va.ro"],"url":"https:\/\/desteptati-va.ro\/index.php\/author\/wolfsoftcompany\/"}]}},"_links":{"self":[{"href":"https:\/\/desteptati-va.ro\/index.php\/wp-json\/wp\/v2\/posts\/3467","targetHints":{"allow":["GET"]}}],"collection":[{"href":"https:\/\/desteptati-va.ro\/index.php\/wp-json\/wp\/v2\/posts"}],"about":[{"href":"https:\/\/desteptati-va.ro\/index.php\/wp-json\/wp\/v2\/types\/post"}],"author":[{"embeddable":true,"href":"https:\/\/desteptati-va.ro\/index.php\/wp-json\/wp\/v2\/users\/1"}],"replies":[{"embeddable":true,"href":"https:\/\/desteptati-va.ro\/index.php\/wp-json\/wp\/v2\/comments?post=3467"}],"version-history":[{"count":1,"href":"https:\/\/desteptati-va.ro\/index.php\/wp-json\/wp\/v2\/posts\/3467\/revisions"}],"predecessor-version":[{"id":3469,"href":"https:\/\/desteptati-va.ro\/index.php\/wp-json\/wp\/v2\/posts\/3467\/revisions\/3469"}],"wp:featuredmedia":[{"embeddable":true,"href":"https:\/\/desteptati-va.ro\/index.php\/wp-json\/wp\/v2\/media\/2711"}],"wp:attachment":[{"href":"https:\/\/desteptati-va.ro\/index.php\/wp-json\/wp\/v2\/media?parent=3467"}],"wp:term":[{"taxonomy":"category","embeddable":true,"href":"https:\/\/desteptati-va.ro\/index.php\/wp-json\/wp\/v2\/categories?post=3467"},{"taxonomy":"post_tag","embeddable":true,"href":"https:\/\/desteptati-va.ro\/index.php\/wp-json\/wp\/v2\/tags?post=3467"}],"curies":[{"name":"wp","href":"https:\/\/api.w.org\/{rel}","templated":true}]}}