{"id":3473,"date":"2021-04-13T10:59:53","date_gmt":"2021-04-13T10:59:53","guid":{"rendered":"http:\/\/desteptati.ro\/?p=3473"},"modified":"2022-02-01T10:04:37","modified_gmt":"2022-02-01T08:04:37","slug":"esti-roman-trebuie-sa-afli","status":"publish","type":"post","link":"https:\/\/desteptati-va.ro\/index.php\/2021\/04\/13\/esti-roman-trebuie-sa-afli\/","title":{"rendered":"Esti roman? Trebuie sa afli!"},"content":{"rendered":"<div class=\"post-content\"><div class='booster-block booster-read-block'>\n                <div class=\"twp-read-time\">\n                \t<i class=\"booster-icon twp-clock\"><\/i> <span>Read Time:<\/span>7 Minute, 55 Second                <\/div>\n\n            <\/div><h3 style=\"text-align: justify;\">Timpul lini\u015ftii a trecut, s-a r\u0103bdat destul amarul \u00een t\u0103cere.<\/h3>\n<h4 style=\"text-align: justify;\">Adev\u0103rul trebuie s\u0103-l \u015ftie mai mul\u0163i pentru a se trezi \u015fi a reac\u0163iona \u00eempotriva cancerului care ne sufoc\u0103 \u0163ara \u015fi neamul. Du cuv\u00e2ntul mai departe \u015fi speran\u0163a c\u0103 vom putea respira liberi aerul din \u0163ara asta.<\/h4>\n<h4 style=\"text-align: justify;\">O trezire a con\u015ftiin\u0163ei na\u0163ionale este necesar\u0103 ca ploaia pentru un p\u0103m\u00e2nt sec\u0103tuit de ar\u015fi\u0163a imperiilor care au poftit \u015fi \u00eenc\u0103 mai poftesc la ce-i al nostru.<\/h4>\n<h4 style=\"text-align: justify;\">Ce nu au reu\u015fit romanii, s\u0103 ne distrug\u0103, reu\u015fe\u015fte noul imperiu global care vine peste noi.<\/h4>\n<h4 style=\"text-align: justify;\">Am dat aproape tot p\u0103m\u00e2ntul, am dat resursele, am intrat sub jugul haraciului finan\u0163ei interna\u0163ionale \u015fi am trimis sclavii de bun\u0103voie peste grani\u0163e, nici m\u0103car nu au mai trebuit s\u0103 vin\u0103 s\u0103-i ia.<\/h4>\n<h4 style=\"text-align: justify;\">Mai mult, ne-am uitat fra\u0163ii \u00een ghearele celor care au venit pe p\u0103m\u00e2nturile noastre, iar pe cei mai buni dintre noi i-am l\u0103sat lini\u015fti\u0163i pe m\u00e2inile c\u0103l\u0103ilor, dup\u0103 care i-am \u00eengropat \u00een uitare, omor\u00e2ndu-i \u00eenc\u0103 o dat\u0103.<\/h4>\n<h4 style=\"text-align: justify;\">\u015ei ne uit\u0103m \u015fi obiceiurile, sufletul neamului este atacat \u015fi erodat pentru a ne rupe de el \u015fi a deveni ni\u015fte venetici la noi \u00een \u0163ar\u0103.<\/h4>\n<h4 style=\"text-align: justify;\">Dac\u0103 \u00eenc\u0103 vrei s\u0103 te ascunzi \u00een spatele t\u0103cerii, nu te deranja prea tare, o via\u0163\u0103 de rob nu e prea dramatic\u0103, nu \u00ee\u0163i ofer\u0103 emo\u0163ii tari, ba, din contr\u0103, o anumit\u0103 lini\u015fte \u015fi siguran\u0163\u0103.<\/h4>\n<h4 style=\"text-align: justify;\">Siguran\u0163a animalului domesticit oferit\u0103 de \u0163arcul \u00een care l-a b\u0103gat st\u0103p\u00e2nul, care are putere de via\u0163\u0103 \u015fi de moarte asupra sa.<\/h4>\n<h4 style=\"text-align: justify;\">Dac\u0103, totu\u015fi, ai avut vreodat\u0103 visul de a fi liber \u00een \u0163ara l\u0103sat\u0103 nou\u0103 de \u00eenainta\u015fii no\u015ftri, lupt\u0103 pentru acel vis. Visele, speran\u0163ele sunt o arm\u0103 puternic\u0103, de aceea ni le omoar\u0103 pe toate, s\u0103 nu mai sper\u0103m \u00een ziua de m\u00e2ine, s\u0103 nu mai credem c\u0103 se merit\u0103 s\u0103 mai lupt\u0103m.<\/h4>\n<h4 style=\"text-align: justify;\">Nu mai suntem ataca\u0163i f\u0103\u0163i\u015f, ci par\u015fiv, din\u0103untru.<\/h4>\n<h4 style=\"text-align: justify;\">Fiecare dintre noi, care cade prad\u0103 dezn\u0103dejdii, este o posibil\u0103 surs\u0103 de infectare a aproapelui s\u0103u, iar boala se \u00eentinde, amenin\u0163\u00e2nd s\u0103 ne omoare.<\/h4>\n<h4 style=\"text-align: justify;\">\u00cens\u0103 cancerul intr\u0103 doar \u00een organismul care nu mai reac\u0163ioneaz\u0103, de aceea orice ac\u0163iune de rezisten\u0163\u0103 a unei celule, adic\u0103 tu, cel care cite\u015fti r\u00e2ndurile astea, este o victorie \u00eempotriva bolii care a cuprins Rom\u00e2nia.<\/h4>\n<h4 style=\"text-align: justify;\">Lupt\u0103 pentru visul t\u0103u \u015fi pentru \u0163ara pentru care au luptat cei dinaintea ta!<\/h4>\n<h4 style=\"text-align: justify;\">E Casa noastr\u0103, e Casa copiilor no\u015ftri, e inima noastr\u0103, suntem lega\u0163i de ea prin spiritele mo\u015filor no\u015ftri, care sunt una cu ea.<\/h4>\n<h4 style=\"text-align: justify;\">Desteapta-te Romane !<\/h4>\n<h4 style=\"text-align: right;\"><em>Sursa: <a href=\"http:\/\/casanoastra-romania-dacia.blogspot.com\/\">http:\/\/casanoastra-romania-dacia.blogspot.com\/<\/a><\/em><\/h4>\n<h4 style=\"text-align: center;\">&#8211;&#8211;&#8211;&#8211;&#8211;&#8211;&#8211;&#8211;&#8211;&#8211;&#8211;&#8211;&#8211;&#8211;&#8211;&#8211;&#8211;&#8211;&#8211;&#8211;&#8211;&#8211;&#8211;&#8211;&#8211;&#8211;&#8211;&#8211;&#8211;&#8211;&#8211;&#8211;&#8211;&#8211;&#8211;&#8211;&#8211;&#8211;&#8211;&#8211;<\/h4>\n<h4 style=\"text-align: justify;\">Zona geografic\u0103 \u00een care se afl\u0103 ast\u0103zi Rom\u00e2nia, a fost \u00een urm\u0103 cu peste 10.000 de ani, vatra lumii, locul unde a \u00eenceput cu adev\u0103rat civiliza\u0163ia uman\u0103. Acest adev\u0103r este destul de greu de digerat pentru celelalte mari na\u0163iuni, printre care \u015fi cu aspira\u0163ii inalte la titlul de popor ales.<\/h4>\n<figure id=\"attachment_2556\" aria-describedby=\"caption-attachment-2556\" style=\"width: 300px\" class=\"wp-caption aligncenter\"><a href=\"http:\/\/www.desteptati-va.ro\/wp-content\/uploads\/2011\/10\/Tartaria_tablets.png\"><img loading=\"lazy\" decoding=\"async\" class=\"size-medium wp-image-2556\" title=\"Tabletele de la Tartaria\" src=\"http:\/\/www.desteptati-va.ro\/wp-content\/uploads\/2011\/10\/Tartaria_tablets-300x183.png\" alt=\"Tabletele de la Tartaria\" width=\"300\" height=\"183\"><\/a><figcaption id=\"caption-attachment-2556\" class=\"wp-caption-text\">Tabletele de la Tartaria<\/figcaption><\/figure>\n<h4 style=\"text-align: justify;\">\u00cen zona Olteniei se \u00eenregistreaz\u0103 cea mai veche locuire \u00een bordeie din lume(18.000 ani inainte de Hristos), cea mai veche activitate de minerit, cel mai vechi t\u00e2rnacop de miner descoperit vre-o dat\u0103, cea mai veche activitate metalurgic\u0103 a aramei din lume (8.000 ani \u00eenainte de Hristos), cea mai veche scriere din lume (t\u0103bli\u0163ele de la T\u0103rt\u0103ria, jude\u0163ul Alba 5-6.000 \u00eenainte de Hristos). Tot aici s-a inventat arcul, au aparut primele furnale din Europa, \u015fi tot de aici au plecat \u015fi s-au format celelalte popoare indo-europene \u015fi nu numai cum ar fi: iranienii, carienii, italicii, frygienii, sci\u0163ii, cimmerienii, triburile iberice, bascii, sarma\u0163ii, elenii (ahei \u015fi dorieni), fenicienii..etc.<\/h4>\n<h4 style=\"text-align: justify;\">Traco-dacii reprezint\u0103 cea mai veche \u015fi mai \u00eenalt\u0103 cultur\u0103 de pe P\u0103m\u00e2nt, anterioar\u0103 civiliza\u0163iei Sumeriene, \u015fi totodat\u0103 cea mai numeroas\u0103 (180 &#8211; 200 de triburi). Ei puteau fi g\u0103si\u0163i \u00een \u00eentreaga Europ\u0103 (Balcani, Ucraina, Ungaria, Austria, Germania, Cehoslovacia, Polonia, Italia, Fran\u0163a, Spania, Turcia europeana, Asia Mica, Africa..chiar \u015fi Burii din Africa de Sud sunt tot un neam Dac, din care f\u0103cea parte \u00eensu\u015fi Burebista.<\/h4>\n<h4 style=\"text-align: justify;\">Scrisul \u015fi odat\u0103 cu el istoria, au ap\u0103rut mai \u00eent\u00e2i \u00een spa\u0163iul tracic \u015fi abia mai t\u00e2rziu in spa\u0163iul greco-roman, dus probabil acolo tot de triburile care au migrat de aici. Traco-dacii au avut cea mai veche agricultur\u0103 din Europa, (neolitic) si printre cele mai vechi din lume. La vremea lor erau singurul popor din lume care foloseau cercul la dispozitivele de m\u0103surare a timpului.<\/h4>\n<figure id=\"attachment_2557\" aria-describedby=\"caption-attachment-2557\" style=\"width: 370px\" class=\"wp-caption aligncenter\"><a href=\"http:\/\/www.desteptati-va.ro\/wp-content\/uploads\/2011\/10\/250px-Homer_British_Museum.jpg\"><img loading=\"lazy\" decoding=\"async\" class=\" wp-image-2557\" title=\"Homer\" src=\"http:\/\/www.desteptati-va.ro\/wp-content\/uploads\/2011\/10\/250px-Homer_British_Museum-238x300.jpg\" alt=\"Homer\" width=\"370\" height=\"464\"><\/a><figcaption id=\"caption-attachment-2557\" class=\"wp-caption-text\">Homer<\/figcaption><\/figure>\n<h4 style=\"text-align: justify;\">\u00cencep\u00e2nd cu anul 1995, dupa studii \u00eendelungate, \u00eens\u0103 inten\u0163ionat \u0163inute la subsol, o serie de savan\u0163i americani de prestigiu au ajuns la concluzia c\u0103 Potopul descris \u00een Biblie a avut loc pe malul vestic al Marii Negre, unde locuia o popula\u0163ie nea\u015fteptat de dezvoltat\u0103, (oare cine?). De altfel Olimpul, legendarul munte din mitologia greac\u0103 (ULIMP- Lumin\u0103 sau Splendoare, \u00een limba traco-dac\u0103), nu era altceva dec\u00e2t muntele Bucegi pe care nu \u00eent\u00e2mpl\u0103tor d\u0103inuie al doilea Sfinx de pe P\u0103m\u00e2nt. Istoricul <strong><em>Homer<\/em><\/strong> spunea c\u0103 numai tracii \u015ftiau s\u0103 lupte c\u0103lare \u015fi cu arcul \u00eencep\u00e2nd cu mileniul cinci \u00eenainte de Hristos.<\/h4>\n<h4 style=\"text-align: justify;\">Traco-dacii se remarcau printr-o corectitudine des\u0103v\u00e2r\u015fit\u0103, toate conven\u0163iile fiind \u00eencheiate verbal \u015fi apoi p\u0103strate cu sfin\u0163enie. Lipsa de acas\u0103 era semnalat\u0103 printr-un b\u0103\u0163 l\u0103sat la poart\u0103, fiind mai mult dec\u00e2t suficient.<\/h4>\n<h4 style=\"text-align: justify;\">Traco-dacii erau singura civiliza\u0163ie din lume care nu a folosit sclavagismul sub nici o form\u0103 a sa.<\/h4>\n<h4 style=\"text-align: justify;\">\u00cen jurul anului 1400 \u00ce.H, se construie\u015fte \u00een Tracia nord-Dun\u0103rean\u0103, cea dint\u00e2i \u015fcoal\u0103 cu local de sine st\u0103t\u0103tor de pe Terra, numit\u0103 <em>Androniconul<\/em>, unde preo\u0163ii Zamolxieni predau toate disciplinele universitare \u00eencep\u00e2nd cu teologia (cultul Zeului Soare \u015fi al celor 12 constela\u0163ii).<\/h4>\n<h4 style=\"text-align: justify;\">Confom m\u0103rturiilor r\u0103mase posterit\u0103\u0163ii ale lui <strong><em>Platon<\/em><\/strong> \u015fi <strong><em>Socrate<\/em><\/strong>, \u00eensu\u015fi <strong><em>Pitagora<\/em><\/strong> \u015fi-a completat studiile la \u015fcoala <em>Zamolxian\u0103<\/em>, \u015fi tot ei afirmau c\u0103 \u00een acea vreme \u00een <em>Dacia<\/em> existau cei mai de seam\u0103 medici ai timpului.<\/h4>\n<figure id=\"attachment_2558\" aria-describedby=\"caption-attachment-2558\" style=\"width: 436px\" class=\"wp-caption aligncenter\"><a href=\"http:\/\/www.desteptati-va.ro\/wp-content\/uploads\/2011\/10\/Wien-Parlament-Herodot.jpg\"><img loading=\"lazy\" decoding=\"async\" class=\" wp-image-2558\" title=\"Herodot\" src=\"http:\/\/www.desteptati-va.ro\/wp-content\/uploads\/2011\/10\/Wien-Parlament-Herodot.jpg\" alt=\"Herodot\" width=\"436\" height=\"317\"><\/a><figcaption id=\"caption-attachment-2558\" class=\"wp-caption-text\">Herodot<\/figcaption><\/figure>\n<h4 style=\"text-align: justify;\">Istoricul <strong><em>Herodot<\/em><\/strong>, \u00eei considera pe Cimerieni originari de pe versantul Nord-Estic al Carpa\u0163ilor ( Moldova de ast\u0103zi). Apoi o parte din ei s-au deplasat spre Sud, \u00een Anatolia , unde au fost cunoscu\u0163i ca Cimiry. Migra\u0163i ulterior c\u0103tre Italia, Spania, Anglia \u015fi Irlanda au fost cunoscu\u0163i sub denumirea de cel\u0163i.<\/h4>\n<h4 style=\"text-align: justify;\">Zona Nord -Dun\u0103rean\u0103 (Rom\u00e2nia de ast\u0103zi), a fost considerat\u0103 din vechime drept un paradis terestru.Un teren bogat \u00een aproape toate bog\u0103\u0163iile p\u0103m\u00e2ntului, cu terenuri agricole (<em>Gr\u00e2narul Europei de mai t\u00e2rziu<\/em>), p\u0103\u015funi \u00eentinse, toate formele de relief, un incredibil sistem hidrografic natural, o zona bine ap\u0103rat\u0103 contra majorit\u0103\u0163ii dezastrelor naturale&#8230;etc. Ca un miracol unic al istoriei, locuitorii acestei zone n-au putut fi alunga\u0163i din vatra str\u0103mo\u015feasc\u0103 \u015fi nici dezna\u0163ionaliza\u0163i.<\/h4>\n<h4 style=\"text-align: justify;\">Rom\u00e2nii p\u0103streaz\u0103 \u00een continuare limba, portul, obiceiurile, tradi\u0163iile str\u0103mo\u015filor de acum 7.000 de ani. Analizele minu\u0163ioase de s\u00e2nge, demonstreaz\u0103 un alt miracol : \u00een ciuda numeroaselor invazii, inclusiv mult distorsionata ocupa\u0163ie roman\u0103, ne-am p\u0103strat puritatea genetic\u0103, specific\u0103 str\u0103mo\u015filor no\u015ftri.<\/h4>\n<h4 style=\"text-align: justify;\">Rom\u00e2nia r\u0103m\u00e2ne un miracol, c\u0103ruia i s-a prev\u0103zut un viitor mesianic. Profetul indian <strong><em>Sundhar Singh <\/em><\/strong>scria \u00een 1922, c\u0103 rom\u00e2nii vor deveni un popor \u00eendr\u0103git \u015fi respectat de toate popoarele lumii.<\/h4>\n<h4 style=\"text-align: justify;\"><em>Bibliografie:<\/em><\/h4>\n<h4 style=\"text-align: justify;\"><em>&#8211; Augustin Deac &#8211; Istoria Adev\u0103rului Istoric<\/em><\/h4>\n<h4 style=\"text-align: justify;\"><em>&#8211; P.L.Tonciulescu &#8211; Ramania, paradisul reg\u0103sit<\/em><\/h4>\n<h4 style=\"text-align: justify;\"><em>&#8211; Nicolae Densu\u015fianu &#8211; Dacia Preistoric\u0103, Vol.1, 2, 3, 4, 5<\/em><\/h4>\n<h4 style=\"text-align: justify;\"><em>&#8211; Cornel B\u00e2rsan &#8211; Revan\u015fa Daciei<\/em><\/h4>\n<h4 style=\"text-align: justify;\">Opinii:<\/h4>\n<h4 style=\"text-align: justify;\">&#8211; <strong><em>William Schiller<\/em><\/strong>, arheolog American, lucrarea : &#8222;<em>Civilizatia s-a nascut acolo unde traieste astazi poporul roman, raspandindu-se apoi, atat spre rasarit, cat si spre apus, acum circa 13-15.000 de ani!<\/em>&#8221; (<a href=\"http:\/\/www.antimoon.com\/forum\/t9520.htm\">http:\/\/www.antimoon.com\/forum\/t9520.htm<\/a>)<\/h4>\n<h4 style=\"text-align: justify;\">&#8211;<strong> <em>Marija Gimbutas<\/em><\/strong>, specialist american de origine lituaniana: &#8222;<em>Romania este vatra a ceea ce am numit Vechea Europa, o entitate culturala cuprinsa intre anii 6.500 &#8211; 3.500 i.Hr., axata pe o societate matriarhala, teocratica, pasnica, iubitoare si creatoare de arta, care a precedat societatile indo-europene patriarhale de luptatori din epocile bronzului si fierului<\/em>.&#8221; (<a href=\"http:\/\/www.roconsulboston.com\/Pages\/InfoPages\/Commentary\/Cradle.html\" target=\"_blank\" rel=\"noopener\">http:\/\/www.roconsulboston.com\/Pages\/InfoPages\/Commentary\/Cradle.html<\/a>)<\/h4>\n<h4 style=\"text-align: justify;\">&#8211; <strong><em>Louis de la Vallee Poussin<\/em><\/strong>: &#8222;<em>Locuitorii de la nordul Dunarii de Jos pot fi considerati ca de origine a limbilor indo-europene, adica stramosii Omenirii<\/em>.&#8221; <a href=\"http:\/\/www.antimoon.com\/forum\/t9520.htm\">(http:\/\/www.antimoon.com\/forum\/t9520.htm<\/a>)<\/h4>\n<h4 style=\"text-align: justify;\">&#8211; <strong><em>Ekstrom Per Olof<\/em><\/strong>, scriitor si lingvist suedez: &#8222;<em>Limba romana este o limba-cheie, care a influentat in mare parte toate limbile Europei<\/em>.&#8221;<\/h4>\n<h4 style=\"text-align: justify;\">&#8211; <strong><em>Gordon W. Childe: <\/em><\/strong>&#8222;<em>Locurile primare ale dacilor trebuie cautate, deci, pe teritoriul Romaniei. Intr-adevar, localizarea centrului principal de formare si extensiune a indo-europenilor trebuie sa fie plasata la nordul si sudul Dunarii<\/em>.&#8221; (<a href=\"http:\/\/eja.sagepub.com\/content\/12\/1-3\/35.abstract\">http:\/\/eja.sagepub.com\/content\/12\/1-3\/35.abstract<\/a>)<\/h4>\n<h4 style=\"text-align: justify;\">&#8211; <strong><em>Bosch Gimpera<\/em><\/strong>, cercetator german: &#8222;<em>Spatiul din care au pornit indo-europenii este situat intre Valea Dunarii, Marea Egee si Marea Neagra<\/em>.&#8221;<\/h4>\n<h4 style=\"text-align: justify;\">&#8211; <strong><em>Eugene Pittard<\/em><\/strong>, antropolog: &#8222;<em>Stramosii etnici ai romanilor urca neindoielnic pana in primele varste ale Umanitatii, civilizatia neolotica romana reprezentand doar un capitol recent din istoria tarii<\/em>.&#8221;<\/h4>\n<h4 style=\"text-align: justify;\">&#8211; Prof. <strong><em>Fabio Scialpi: <\/em><\/strong>&#8222;<em>Sunt intrigat de prezenta, pe teritoriul Romaniei, a mai multor toponime cu rezonanta sanscrita<\/em>.&#8221; <a href=\"http:\/\/enciclopediagetodacilor.blogspot.com\/\">(http:\/\/enciclopediagetodacilor.blogspot.com\/<\/a>)<\/h4>\n<h4 style=\"text-align: justify;\">&#8211; <strong><em>A. Jarde<\/em><\/strong>, renumit elenist, Paris 1923: &#8222;<em>Asupra istoriei primitive a regiunilor care vor forma Grecia, grecii insisi nu stiu nimic. Pana in prezent, solul grec n-a scos la iveala nii o urma materiala a paleoliticului. Cei mai vechi locuitori din Grecia sunt tracii, apartinand timpului neoliticului.<\/em>&#8221; (<a href=\"http:\/\/ramaniamyblog.wordpress.com\/citate-2\/\">http:\/\/ramaniamyblog.wordpress.com\/citate-2\/<\/a>)<\/h4>\n<h4 style=\"text-align: justify;\">&#8211; <strong><em>Bonaventura Vulcannius<\/em><\/strong> din Bruges, 1597: &#8222;<em>Getii au avut propriul lor alfabet cu mult inainte de a se fi nascut cel latin (roman). (.) Getii cantau, insotindu-le din fluier, faptele savarsite de eroii lor, compunand cantece chiar inainte de intemeierea Romei, ceea ce &#8211; o scrie Cato &#8211; romanii au inceput sa faca mult mai tarziu (<\/em><a href=\"http:\/\/zalmoxa.11.forumer.com\/a\/posts.php?topic=4074&amp;start\">http:\/\/zalmoxa.11.forumer.com\/a\/posts.php?topic=4074&amp;start<\/a>=<em>)\n<\/em><\/h4>        <div class=\"booster-block booster-reactions-block\">\n            <div class=\"twp-reactions-icons\">\n                \n                <div class=\"twp-reacts-wrap\">\n                    <a react-data=\"be-react-1\" post-id=\"3473\" class=\"be-face-icons un-reacted\" href=\"javascript:void(0)\">\n                        <img decoding=\"async\" src=\"https:\/\/desteptati-va.ro\/wp-content\/plugins\/booster-extension\/\/assets\/icon\/happy.svg\" alt=\"Happy\">\n                    <\/a>\n                    <div class=\"twp-reaction-title\">\n                        Happy                    <\/div>\n                    <div class=\"twp-count-percent\">\n                                                    <span style=\"display: none;\" class=\"twp-react-count\">0<\/span>\n                        \n                                                <span class=\"twp-react-percent\"><span>0<\/span> %<\/span>\n                                            <\/div>\n                <\/div>\n\n                <div class=\"twp-reacts-wrap\">\n                    <a react-data=\"be-react-2\" post-id=\"3473\" class=\"be-face-icons un-reacted\" href=\"javascript:void(0)\">\n                        <img decoding=\"async\" src=\"https:\/\/desteptati-va.ro\/wp-content\/plugins\/booster-extension\/\/assets\/icon\/sad.svg\" alt=\"Sad\">\n                    <\/a>\n                    <div class=\"twp-reaction-title\">\n                        Sad                    <\/div>\n                    <div class=\"twp-count-percent\">\n                                                    <span style=\"display: none;\" class=\"twp-react-count\">0<\/span>\n                                                                        <span class=\"twp-react-percent\"><span>0<\/span> %<\/span>\n                                            <\/div>\n                <\/div>\n\n                <div class=\"twp-reacts-wrap\">\n                    <a react-data=\"be-react-3\" post-id=\"3473\" class=\"be-face-icons un-reacted\" href=\"javascript:void(0)\">\n                        <img decoding=\"async\" src=\"https:\/\/desteptati-va.ro\/wp-content\/plugins\/booster-extension\/\/assets\/icon\/excited.svg\" alt=\"Excited\">\n                    <\/a>\n                    <div class=\"twp-reaction-title\">\n                        Excited                    <\/div>\n                    <div class=\"twp-count-percent\">\n                                                    <span style=\"display: none;\" class=\"twp-react-count\">0<\/span>\n                                                                        <span class=\"twp-react-percent\"><span>0<\/span> %<\/span>\n                                            <\/div>\n                <\/div>\n\n                <div class=\"twp-reacts-wrap\">\n                    <a react-data=\"be-react-6\" post-id=\"3473\" class=\"be-face-icons un-reacted\" href=\"javascript:void(0)\">\n                        <img decoding=\"async\" src=\"https:\/\/desteptati-va.ro\/wp-content\/plugins\/booster-extension\/\/assets\/icon\/sleepy.svg\" alt=\"Sleepy\">\n                    <\/a>\n                    <div class=\"twp-reaction-title\">\n                        Sleepy                    <\/div>\n                    <div class=\"twp-count-percent\">\n                                                    <span style=\"display: none;\" class=\"twp-react-count\">0<\/span>\n                        \n                                                <span class=\"twp-react-percent\"><span>0<\/span> %<\/span>\n                                            <\/div>\n                <\/div>\n\n                <div class=\"twp-reacts-wrap\">\n                    <a react-data=\"be-react-4\" post-id=\"3473\" class=\"be-face-icons un-reacted\" href=\"javascript:void(0)\">\n                        <img decoding=\"async\" src=\"https:\/\/desteptati-va.ro\/wp-content\/plugins\/booster-extension\/\/assets\/icon\/angry.svg\" alt=\"Angry\">\n                    <\/a>\n                    <div class=\"twp-reaction-title\">Angry<\/div>\n                    <div class=\"twp-count-percent\">\n                                                    <span style=\"display: none;\" class=\"twp-react-count\">0<\/span>\n                                                                        <span class=\"twp-react-percent\"><span>0<\/span> %<\/span>\n                        \n                    <\/div>\n                <\/div>\n\n                <div class=\"twp-reacts-wrap\">\n                    <a react-data=\"be-react-5\" post-id=\"3473\" class=\"be-face-icons un-reacted\" href=\"javascript:void(0)\">\n                        <img decoding=\"async\" src=\"https:\/\/desteptati-va.ro\/wp-content\/plugins\/booster-extension\/\/assets\/icon\/surprise.svg\" alt=\"Surprise\">\n                    <\/a>\n                    <div class=\"twp-reaction-title\">Surprise<\/div>\n                    <div class=\"twp-count-percent\">\n                                                    <span style=\"display: none;\" class=\"twp-react-count\">0<\/span>\n                                                                        <span class=\"twp-react-percent\"><span>0<\/span> %<\/span>\n                                            <\/div>\n                <\/div>\n\n            <\/div>\n        <\/div>\n\n    <\/div>","protected":false},"excerpt":{"rendered":"<p>Timpul lini\u015ftii a trecut, s-a r\u0103bdat destul amarul \u00een t\u0103cere. Adev\u0103rul trebuie s\u0103-l \u015ftie mai mul\u0163i pentru a se trezi<a href=\"https:\/\/desteptati-va.ro\/index.php\/2021\/04\/13\/esti-roman-trebuie-sa-afli\/\">Read More<i class=\"fa fa-long-arrow-right\" aria-hidden=\"true\"><\/i><\/a><\/p>\n","protected":false},"author":1,"featured_media":1019,"comment_status":"open","ping_status":"open","sticky":false,"template":"","format":"standard","meta":{"_crdt_document":"","footnotes":""},"categories":[19],"tags":[182,183,184,154],"class_list":["post-3473","post","type-post","status-publish","format-standard","has-post-thumbnail","hentry","category-revolutia-constiintelor","tag-dacii","tag-getii","tag-grecii","tag-istorie"],"rise-blocks_total_comments":8,"rise-blocks_categories":[{"term_id":19,"name":"Revolutia Constiintelor","slug":"revolutia-constiintelor","term_group":0,"term_taxonomy_id":19,"taxonomy":"category","description":"","parent":0,"count":11,"filter":"raw"}],"rise-blocks_excerpt":"Timpul lini\u015ftii a trecut, s-a r\u0103bdat destul amarul \u00een t\u0103cere. Adev\u0103rul trebuie s\u0103-l \u015ftie mai mul\u0163i pentru a se trezi \u015fi a reac\u0163iona \u00eempotriva cancerului care ne sufoc\u0103 \u0163ara \u015fi neamul. Du cuv\u00e2ntul mai departe \u015fi speran\u0163a c\u0103 vom putea respira liberi aerul din \u0163ara asta. O trezire a con\u015ftiin\u0163ei na\u0163ionale este necesar\u0103 ca ploaia pentru un p\u0103m\u00e2nt sec\u0103tuit de..","yoast_head":"<!-- This site is optimized with the Yoast SEO plugin v26.9 - https:\/\/yoast.com\/product\/yoast-seo-wordpress\/ -->\r\n<title>Esti roman? Trebuie sa afli! -<\/title>\r\n<meta name=\"robots\" content=\"index, follow, max-snippet:-1, max-image-preview:large, max-video-preview:-1\" \/>\r\n<link rel=\"canonical\" href=\"https:\/\/desteptati-va.ro\/index.php\/2021\/04\/13\/esti-roman-trebuie-sa-afli\/\" \/>\r\n<meta property=\"og:locale\" content=\"ro_RO\" \/>\r\n<meta property=\"og:type\" content=\"article\" \/>\r\n<meta property=\"og:title\" content=\"Esti roman? Trebuie sa afli! -\" \/>\r\n<meta property=\"og:description\" content=\"Timpul lini\u015ftii a trecut, s-a r\u0103bdat destul amarul \u00een t\u0103cere. Adev\u0103rul trebuie s\u0103-l \u015ftie mai mul\u0163i pentru a se treziRead More\" \/>\r\n<meta property=\"og:url\" content=\"https:\/\/desteptati-va.ro\/index.php\/2021\/04\/13\/esti-roman-trebuie-sa-afli\/\" \/>\r\n<meta property=\"article:published_time\" content=\"2021-04-13T10:59:53+00:00\" \/>\r\n<meta property=\"article:modified_time\" content=\"2022-02-01T08:04:37+00:00\" \/>\r\n<meta property=\"og:image\" content=\"https:\/\/desteptati-va.ro\/wp-content\/uploads\/2021\/04\/36aHerodot.jpg\" \/>\r\n\t<meta property=\"og:image:width\" content=\"278\" \/>\r\n\t<meta property=\"og:image:height\" content=\"203\" \/>\r\n\t<meta property=\"og:image:type\" content=\"image\/jpeg\" \/>\r\n<meta name=\"author\" content=\"wolfsoftcompany\" \/>\r\n<meta name=\"twitter:card\" content=\"summary_large_image\" \/>\r\n<meta name=\"twitter:label1\" content=\"Scris de\" \/>\n\t<meta name=\"twitter:data1\" content=\"wolfsoftcompany\" \/>\n\t<meta name=\"twitter:label2\" content=\"Timp estimat pentru citire\" \/>\n\t<meta name=\"twitter:data2\" content=\"9 minute\" \/>\r\n<script type=\"application\/ld+json\" class=\"yoast-schema-graph\">{\"@context\":\"https:\/\/schema.org\",\"@graph\":[{\"@type\":\"Article\",\"@id\":\"https:\/\/desteptati-va.ro\/index.php\/2021\/04\/13\/esti-roman-trebuie-sa-afli\/#article\",\"isPartOf\":{\"@id\":\"https:\/\/desteptati-va.ro\/index.php\/2021\/04\/13\/esti-roman-trebuie-sa-afli\/\"},\"author\":{\"name\":\"wolfsoftcompany\",\"@id\":\"https:\/\/desteptati-va.ro\/#\/schema\/person\/13182deeebd44920914899f7bb262d6b\"},\"headline\":\"Esti roman? Trebuie sa afli!\",\"datePublished\":\"2021-04-13T10:59:53+00:00\",\"dateModified\":\"2022-02-01T08:04:37+00:00\",\"mainEntityOfPage\":{\"@id\":\"https:\/\/desteptati-va.ro\/index.php\/2021\/04\/13\/esti-roman-trebuie-sa-afli\/\"},\"wordCount\":1712,\"commentCount\":8,\"image\":{\"@id\":\"https:\/\/desteptati-va.ro\/index.php\/2021\/04\/13\/esti-roman-trebuie-sa-afli\/#primaryimage\"},\"thumbnailUrl\":\"https:\/\/desteptati-va.ro\/wp-content\/uploads\/2021\/04\/36aHerodot.jpg\",\"keywords\":[\"dacii\",\"getii\",\"grecii\",\"istorie\"],\"articleSection\":[\"Revolutia Constiintelor\"],\"inLanguage\":\"ro-RO\",\"potentialAction\":[{\"@type\":\"CommentAction\",\"name\":\"Comment\",\"target\":[\"https:\/\/desteptati-va.ro\/index.php\/2021\/04\/13\/esti-roman-trebuie-sa-afli\/#respond\"]}]},{\"@type\":\"WebPage\",\"@id\":\"https:\/\/desteptati-va.ro\/index.php\/2021\/04\/13\/esti-roman-trebuie-sa-afli\/\",\"url\":\"https:\/\/desteptati-va.ro\/index.php\/2021\/04\/13\/esti-roman-trebuie-sa-afli\/\",\"name\":\"Esti roman? Trebuie sa afli! -\",\"isPartOf\":{\"@id\":\"https:\/\/desteptati-va.ro\/#website\"},\"primaryImageOfPage\":{\"@id\":\"https:\/\/desteptati-va.ro\/index.php\/2021\/04\/13\/esti-roman-trebuie-sa-afli\/#primaryimage\"},\"image\":{\"@id\":\"https:\/\/desteptati-va.ro\/index.php\/2021\/04\/13\/esti-roman-trebuie-sa-afli\/#primaryimage\"},\"thumbnailUrl\":\"https:\/\/desteptati-va.ro\/wp-content\/uploads\/2021\/04\/36aHerodot.jpg\",\"datePublished\":\"2021-04-13T10:59:53+00:00\",\"dateModified\":\"2022-02-01T08:04:37+00:00\",\"author\":{\"@id\":\"https:\/\/desteptati-va.ro\/#\/schema\/person\/13182deeebd44920914899f7bb262d6b\"},\"breadcrumb\":{\"@id\":\"https:\/\/desteptati-va.ro\/index.php\/2021\/04\/13\/esti-roman-trebuie-sa-afli\/#breadcrumb\"},\"inLanguage\":\"ro-RO\",\"potentialAction\":[{\"@type\":\"ReadAction\",\"target\":[\"https:\/\/desteptati-va.ro\/index.php\/2021\/04\/13\/esti-roman-trebuie-sa-afli\/\"]}]},{\"@type\":\"ImageObject\",\"inLanguage\":\"ro-RO\",\"@id\":\"https:\/\/desteptati-va.ro\/index.php\/2021\/04\/13\/esti-roman-trebuie-sa-afli\/#primaryimage\",\"url\":\"https:\/\/desteptati-va.ro\/wp-content\/uploads\/2021\/04\/36aHerodot.jpg\",\"contentUrl\":\"https:\/\/desteptati-va.ro\/wp-content\/uploads\/2021\/04\/36aHerodot.jpg\",\"width\":278,\"height\":203},{\"@type\":\"BreadcrumbList\",\"@id\":\"https:\/\/desteptati-va.ro\/index.php\/2021\/04\/13\/esti-roman-trebuie-sa-afli\/#breadcrumb\",\"itemListElement\":[{\"@type\":\"ListItem\",\"position\":1,\"name\":\"Prima pagin\u0103\",\"item\":\"https:\/\/desteptati-va.ro\/\"},{\"@type\":\"ListItem\",\"position\":2,\"name\":\"Esti roman? Trebuie sa afli!\"}]},{\"@type\":\"WebSite\",\"@id\":\"https:\/\/desteptati-va.ro\/#website\",\"url\":\"https:\/\/desteptati-va.ro\/\",\"name\":\"\",\"description\":\"\",\"potentialAction\":[{\"@type\":\"SearchAction\",\"target\":{\"@type\":\"EntryPoint\",\"urlTemplate\":\"https:\/\/desteptati-va.ro\/?s={search_term_string}\"},\"query-input\":{\"@type\":\"PropertyValueSpecification\",\"valueRequired\":true,\"valueName\":\"search_term_string\"}}],\"inLanguage\":\"ro-RO\"},{\"@type\":\"Person\",\"@id\":\"https:\/\/desteptati-va.ro\/#\/schema\/person\/13182deeebd44920914899f7bb262d6b\",\"name\":\"wolfsoftcompany\",\"image\":{\"@type\":\"ImageObject\",\"inLanguage\":\"ro-RO\",\"@id\":\"https:\/\/desteptati-va.ro\/#\/schema\/person\/image\/\",\"url\":\"https:\/\/secure.gravatar.com\/avatar\/a6cce9b6d101d27d91690e7073e300fed94c0899890bf998e082cb9d2c3d121e?s=96&d=mm&r=g\",\"contentUrl\":\"https:\/\/secure.gravatar.com\/avatar\/a6cce9b6d101d27d91690e7073e300fed94c0899890bf998e082cb9d2c3d121e?s=96&d=mm&r=g\",\"caption\":\"wolfsoftcompany\"},\"sameAs\":[\"http:\/\/desteptati-va.ro\"],\"url\":\"https:\/\/desteptati-va.ro\/index.php\/author\/wolfsoftcompany\/\"}]}<\/script>\r\n<!-- \/ Yoast SEO plugin. -->","yoast_head_json":{"title":"Esti roman? Trebuie sa afli! -","robots":{"index":"index","follow":"follow","max-snippet":"max-snippet:-1","max-image-preview":"max-image-preview:large","max-video-preview":"max-video-preview:-1"},"canonical":"https:\/\/desteptati-va.ro\/index.php\/2021\/04\/13\/esti-roman-trebuie-sa-afli\/","og_locale":"ro_RO","og_type":"article","og_title":"Esti roman? Trebuie sa afli! -","og_description":"Timpul lini\u015ftii a trecut, s-a r\u0103bdat destul amarul \u00een t\u0103cere. Adev\u0103rul trebuie s\u0103-l \u015ftie mai mul\u0163i pentru a se treziRead More","og_url":"https:\/\/desteptati-va.ro\/index.php\/2021\/04\/13\/esti-roman-trebuie-sa-afli\/","article_published_time":"2021-04-13T10:59:53+00:00","article_modified_time":"2022-02-01T08:04:37+00:00","og_image":[{"width":278,"height":203,"url":"https:\/\/desteptati-va.ro\/wp-content\/uploads\/2021\/04\/36aHerodot.jpg","type":"image\/jpeg"}],"author":"wolfsoftcompany","twitter_card":"summary_large_image","twitter_misc":{"Scris de":"wolfsoftcompany","Timp estimat pentru citire":"9 minute"},"schema":{"@context":"https:\/\/schema.org","@graph":[{"@type":"Article","@id":"https:\/\/desteptati-va.ro\/index.php\/2021\/04\/13\/esti-roman-trebuie-sa-afli\/#article","isPartOf":{"@id":"https:\/\/desteptati-va.ro\/index.php\/2021\/04\/13\/esti-roman-trebuie-sa-afli\/"},"author":{"name":"wolfsoftcompany","@id":"https:\/\/desteptati-va.ro\/#\/schema\/person\/13182deeebd44920914899f7bb262d6b"},"headline":"Esti roman? Trebuie sa afli!","datePublished":"2021-04-13T10:59:53+00:00","dateModified":"2022-02-01T08:04:37+00:00","mainEntityOfPage":{"@id":"https:\/\/desteptati-va.ro\/index.php\/2021\/04\/13\/esti-roman-trebuie-sa-afli\/"},"wordCount":1712,"commentCount":8,"image":{"@id":"https:\/\/desteptati-va.ro\/index.php\/2021\/04\/13\/esti-roman-trebuie-sa-afli\/#primaryimage"},"thumbnailUrl":"https:\/\/desteptati-va.ro\/wp-content\/uploads\/2021\/04\/36aHerodot.jpg","keywords":["dacii","getii","grecii","istorie"],"articleSection":["Revolutia Constiintelor"],"inLanguage":"ro-RO","potentialAction":[{"@type":"CommentAction","name":"Comment","target":["https:\/\/desteptati-va.ro\/index.php\/2021\/04\/13\/esti-roman-trebuie-sa-afli\/#respond"]}]},{"@type":"WebPage","@id":"https:\/\/desteptati-va.ro\/index.php\/2021\/04\/13\/esti-roman-trebuie-sa-afli\/","url":"https:\/\/desteptati-va.ro\/index.php\/2021\/04\/13\/esti-roman-trebuie-sa-afli\/","name":"Esti roman? Trebuie sa afli! -","isPartOf":{"@id":"https:\/\/desteptati-va.ro\/#website"},"primaryImageOfPage":{"@id":"https:\/\/desteptati-va.ro\/index.php\/2021\/04\/13\/esti-roman-trebuie-sa-afli\/#primaryimage"},"image":{"@id":"https:\/\/desteptati-va.ro\/index.php\/2021\/04\/13\/esti-roman-trebuie-sa-afli\/#primaryimage"},"thumbnailUrl":"https:\/\/desteptati-va.ro\/wp-content\/uploads\/2021\/04\/36aHerodot.jpg","datePublished":"2021-04-13T10:59:53+00:00","dateModified":"2022-02-01T08:04:37+00:00","author":{"@id":"https:\/\/desteptati-va.ro\/#\/schema\/person\/13182deeebd44920914899f7bb262d6b"},"breadcrumb":{"@id":"https:\/\/desteptati-va.ro\/index.php\/2021\/04\/13\/esti-roman-trebuie-sa-afli\/#breadcrumb"},"inLanguage":"ro-RO","potentialAction":[{"@type":"ReadAction","target":["https:\/\/desteptati-va.ro\/index.php\/2021\/04\/13\/esti-roman-trebuie-sa-afli\/"]}]},{"@type":"ImageObject","inLanguage":"ro-RO","@id":"https:\/\/desteptati-va.ro\/index.php\/2021\/04\/13\/esti-roman-trebuie-sa-afli\/#primaryimage","url":"https:\/\/desteptati-va.ro\/wp-content\/uploads\/2021\/04\/36aHerodot.jpg","contentUrl":"https:\/\/desteptati-va.ro\/wp-content\/uploads\/2021\/04\/36aHerodot.jpg","width":278,"height":203},{"@type":"BreadcrumbList","@id":"https:\/\/desteptati-va.ro\/index.php\/2021\/04\/13\/esti-roman-trebuie-sa-afli\/#breadcrumb","itemListElement":[{"@type":"ListItem","position":1,"name":"Prima pagin\u0103","item":"https:\/\/desteptati-va.ro\/"},{"@type":"ListItem","position":2,"name":"Esti roman? Trebuie sa afli!"}]},{"@type":"WebSite","@id":"https:\/\/desteptati-va.ro\/#website","url":"https:\/\/desteptati-va.ro\/","name":"","description":"","potentialAction":[{"@type":"SearchAction","target":{"@type":"EntryPoint","urlTemplate":"https:\/\/desteptati-va.ro\/?s={search_term_string}"},"query-input":{"@type":"PropertyValueSpecification","valueRequired":true,"valueName":"search_term_string"}}],"inLanguage":"ro-RO"},{"@type":"Person","@id":"https:\/\/desteptati-va.ro\/#\/schema\/person\/13182deeebd44920914899f7bb262d6b","name":"wolfsoftcompany","image":{"@type":"ImageObject","inLanguage":"ro-RO","@id":"https:\/\/desteptati-va.ro\/#\/schema\/person\/image\/","url":"https:\/\/secure.gravatar.com\/avatar\/a6cce9b6d101d27d91690e7073e300fed94c0899890bf998e082cb9d2c3d121e?s=96&d=mm&r=g","contentUrl":"https:\/\/secure.gravatar.com\/avatar\/a6cce9b6d101d27d91690e7073e300fed94c0899890bf998e082cb9d2c3d121e?s=96&d=mm&r=g","caption":"wolfsoftcompany"},"sameAs":["http:\/\/desteptati-va.ro"],"url":"https:\/\/desteptati-va.ro\/index.php\/author\/wolfsoftcompany\/"}]}},"_links":{"self":[{"href":"https:\/\/desteptati-va.ro\/index.php\/wp-json\/wp\/v2\/posts\/3473","targetHints":{"allow":["GET"]}}],"collection":[{"href":"https:\/\/desteptati-va.ro\/index.php\/wp-json\/wp\/v2\/posts"}],"about":[{"href":"https:\/\/desteptati-va.ro\/index.php\/wp-json\/wp\/v2\/types\/post"}],"author":[{"embeddable":true,"href":"https:\/\/desteptati-va.ro\/index.php\/wp-json\/wp\/v2\/users\/1"}],"replies":[{"embeddable":true,"href":"https:\/\/desteptati-va.ro\/index.php\/wp-json\/wp\/v2\/comments?post=3473"}],"version-history":[{"count":2,"href":"https:\/\/desteptati-va.ro\/index.php\/wp-json\/wp\/v2\/posts\/3473\/revisions"}],"predecessor-version":[{"id":4640,"href":"https:\/\/desteptati-va.ro\/index.php\/wp-json\/wp\/v2\/posts\/3473\/revisions\/4640"}],"wp:featuredmedia":[{"embeddable":true,"href":"https:\/\/desteptati-va.ro\/index.php\/wp-json\/wp\/v2\/media\/1019"}],"wp:attachment":[{"href":"https:\/\/desteptati-va.ro\/index.php\/wp-json\/wp\/v2\/media?parent=3473"}],"wp:term":[{"taxonomy":"category","embeddable":true,"href":"https:\/\/desteptati-va.ro\/index.php\/wp-json\/wp\/v2\/categories?post=3473"},{"taxonomy":"post_tag","embeddable":true,"href":"https:\/\/desteptati-va.ro\/index.php\/wp-json\/wp\/v2\/tags?post=3473"}],"curies":[{"name":"wp","href":"https:\/\/api.w.org\/{rel}","templated":true}]}}