{"id":3476,"date":"2021-04-13T11:02:31","date_gmt":"2021-04-13T11:02:31","guid":{"rendered":"http:\/\/desteptati.ro\/?p=3476"},"modified":"2021-04-13T11:02:31","modified_gmt":"2021-04-13T11:02:31","slug":"podul-lui-traian-ma-indoiesc","status":"publish","type":"post","link":"https:\/\/desteptati-va.ro\/index.php\/2021\/04\/13\/podul-lui-traian-ma-indoiesc\/","title":{"rendered":"Podul lui Traian!? Ma indoiesc!"},"content":{"rendered":"<div class=\"post-content\"><div class='booster-block booster-read-block'>\n                <div class=\"twp-read-time\">\n                \t<i class=\"booster-icon twp-clock\"><\/i> <span>Read Time:<\/span>4 Minute, 58 Second                <\/div>\n\n            <\/div><h4 style=\"text-align: center;\">Toat\u0103 lumea a \u00eenv\u0103\u0163at la \u015fcoal\u0103 (at\u00e2t \u00een clasele primare, c\u00e2t \u015fi \u00een liceu), la capitolul antichitatea rom\u00e2nilor, c\u0103 \u00een r\u0103stimpul 103-105 arhitectul Apollodor din Damasc a construit un pod peste Dun\u0103re, gra\u0163ie c\u0103ruia Traian a reu\u015fit s\u0103-\u015fi treac\u0103 armatele \u00een Dacia \u015fi s\u0103 o transforme \u00een provincie roman\u0103 ! Fain\u0103 chestia, mai ales c\u0103 este vorba de o minune a antichit\u0103\u0163ii \u00een aceast\u0103 parte a lumii, fiind considerat cel mai lung pod din Imperiul Roman ! Numai c\u0103.. informa\u0163ia nu prea pare \u00een regul\u0103, mai ales c\u0103 nici nu are &#8222;acte&#8221; ! O s\u0103 m\u0103 \u00eentreba\u0163i:<\/h4>\r\n<h4><img loading=\"lazy\" decoding=\"async\" class=\"aligncenter wp-image-4472\" src=\"http:\/\/www.desteptati-va.ro\/wp-content\/uploads\/2020\/12\/Podul-lui-Traian.jpg\" alt=\"\" width=\"531\" height=\"176\" \/><\/h4>\r\n<h3 style=\"text-align: justify;\"><strong>&#8222;Cum adic\u0103 nu pare \u00een regul\u0103 ?&#8221;<\/strong><\/h3>\r\n<h4 style=\"text-align: justify;\">Foarte simplu. Pentru construc\u0163ia acestui pod de c\u0103tre romani nu exist\u0103 nici un document. Nici m\u0103car unul ! Nici de factur\u0103 folcloric\u0103, nici epigrafic\u0103 \u015fi nici literar\u0103 ! Apoi trebuie s\u0103 v\u0103 atrag aten\u0163ia c\u0103 istoria este o materie de studiu logic\u0103. Ori, aceast\u0103 ac\u0163iune de construire a podului de la Drobeta de c\u0103tre Traian, prin intermediul arhitectului Apollodor din Damasc, este absolut ilogic\u0103 ! S\u0103 vorbim \u00eent\u00e2i despre documente.<\/h4>\r\n<figure id=\"attachment_2518\" aria-describedby=\"caption-attachment-2518\" style=\"width: 300px\" class=\"wp-caption aligncenter\"><a href=\"http:\/\/www.desteptati-va.ro\/wp-content\/uploads\/2011\/10\/Turnu_Severin_Drobeta.jpg\"><img loading=\"lazy\" decoding=\"async\" class=\"size-medium wp-image-2518\" title=\"Ruinele podului\" src=\"http:\/\/www.desteptati-va.ro\/wp-content\/uploads\/2011\/10\/Turnu_Severin_Drobeta-300x225.jpg\" alt=\"Ruinele podului\" width=\"300\" height=\"225\" \/><\/a><figcaption id=\"caption-attachment-2518\" class=\"wp-caption-text\">Ruinele podului<\/figcaption><\/figure>\r\n<h4 style=\"text-align: justify;\">Este cunoscut faptul c\u0103 monumentul triumfal ridicat de Traian \u00een urma victoriei \u00eempotriva dacilor \u015fi cunoscut sub numele de Columna lui Traian, este o cronic\u0103 \u00een piatr\u0103 care relateaz\u0103 pas cu pas cucerirea Daciei. Pe un asemenea monument, mai ales c\u0103 este construit de acela\u015fi arhitect care se presupune c\u0103 a ridicat \u015fi Podul de la Drobeta, Apollodor din Damasc, este practic imposibil s\u0103 nu apar\u0103 o asemenea realizare ! Fie si numai pentru satisfacerea orgoliului \u00eemp\u0103r\u0103tesc \u015fi a celui ce l-a construit, f\u0103r\u0103 a mai pune la socoteal\u0103 faptul c\u0103 f\u0103r\u0103 existen\u0163a acestui pod poate c\u0103 Dacia nu ar fi putut fi ocupat\u0103. Cu toate acestea dac\u0103 \u00eentreb\u0103m documentele \u00een leg\u0103tur\u0103 cu acest pod, ele tac, nu exist\u0103 dovezi literare sau epigrafice care s\u0103 ateste construc\u0163ia podului de c\u0103tre romani ! Exist\u0103 \u00eens\u0103 \u00een folclorul arom\u00e2n o balad\u0103 popular\u0103 care vorbe\u015fte despre construc\u0163ia acestui pod. O sa v\u0103 spun imediat despre ce este vorba. P\u00e2n\u0103 atunci \u00eens\u0103 s\u0103 vorbim pu\u0163in despre logica acestei afirma\u0163ii tratat\u0103 de speciali\u015fti ca &#8222;b\u0103tut\u0103 \u00een cuie&#8221;. De ce ?<\/h4>\r\n<figure id=\"attachment_2519\" aria-describedby=\"caption-attachment-2519\" style=\"width: 300px\" class=\"wp-caption aligncenter\"><a href=\"http:\/\/www.desteptati-va.ro\/wp-content\/uploads\/2011\/10\/01trajcol-danube.jpg\"><img loading=\"lazy\" decoding=\"async\" class=\"size-full wp-image-2519\" title=\"Columna lui Traian - detaliu, scena trecerii Dunarii\" src=\"http:\/\/www.desteptati-va.ro\/wp-content\/uploads\/2011\/10\/01trajcol-danube.jpg\" alt=\"Columna lui Traian - detaliu, scena trecerii Dunarii\" width=\"300\" height=\"201\" \/><\/a><figcaption id=\"caption-attachment-2519\" class=\"wp-caption-text\">Columna lui Traian &#8211; detaliu, scena trecerii Dunarii<\/figcaption><\/figure>\r\n<h4 style=\"text-align: justify;\">1. \u00cen primul r\u00e2nd este absolut ilogic ca romanii s\u0103 fi putut construi podul de la Drobeta \u00eentr-un r\u0103stimp at\u00e2t de scurt (numai 2 ani) \u00een condi\u0163iile \u00een care unul dintre maluri se afla \u00eenc\u0103 \u00een st\u0103p\u00e2nirea dacilor !<\/h4>\r\n<h4 style=\"text-align: justify;\">2. \u00cen al doilea r\u00e2nd este absolut ilogic ca Decebal, pentru care libertatea poporului s\u0103u era mai presus de orice altceva s\u0103 stea cu m\u00e2inile \u00een s\u00e2n \u015fi s\u0103 priveasc\u0103 cum se construie\u015fte un pod care punea \u00een pericol \u00eens\u0103\u015fi existen\u0163a statului dac !<\/h4>\r\n<h4 style=\"text-align: justify;\">3. \u00cen al treilea r\u00e2nd afirma\u0163ia este ilogic\u0103 \u00eentruc\u00e2t cercet\u0103ri efectuate de c\u0103tre ingineri au pus \u00een eviden\u0163\u0103 faptul c\u0103, cu tehnica actual\u0103 \u015fi pe vreme de pace, sunt necesari cca. 5 ani pentru finalizarea unei asemenea construc\u0163ii ! Atunci era r\u0103zboi ! Iar Traian nu era un copil care se juca de-a r\u0103zboiul s\u0103 nu-\u015fi dea seama c\u0103-\u015fi decimeaz\u0103 armata \u00een van urm\u0103rind finalizarea acestui proiect. Tocmai de aceea pe Column\u0103 armata roman\u0103 trece PE UN POD DE VASE !<\/h4>\r\n<h4 style=\"text-align: justify;\">Acestea fiind spuse s\u0103 vedem, totu\u015fi, ce este cu Podul &#8222;bucluca\u015f&#8221;.<\/h4>\r\n<h3 style=\"text-align: justify;\"><strong>Cine a construit podul de piatr\u0103 de peste Dun\u0103re ?<\/strong><\/h3>\r\n<h4 style=\"text-align: justify;\"><\/h4>\r\n<figure id=\"attachment_2525\" aria-describedby=\"caption-attachment-2525\" style=\"width: 189px\" class=\"wp-caption aligncenter\"><a href=\"http:\/\/www.desteptati-va.ro\/wp-content\/uploads\/2011\/10\/burebista_b.jpg\"><img loading=\"lazy\" decoding=\"async\" class=\"size-full wp-image-2525\" title=\"Burebista\" src=\"http:\/\/www.desteptati-va.ro\/wp-content\/uploads\/2011\/10\/burebista_b.jpg\" alt=\"Burebista\" width=\"189\" height=\"280\" \/><\/a><figcaption id=\"caption-attachment-2525\" class=\"wp-caption-text\">Burebista<\/figcaption><\/figure>\r\n<h4 style=\"text-align: justify;\">Mi se pare mult mai verosimil \u015fi mai logic din punct de vedere istoric ca Podul de la Drobeta s\u0103 fi fost construit cu ceva timp \u00eenaintea r\u0103zboaielor daco-romane, pe timp de pace, climat mult mai propice pentru realizarea unei asemenea construc\u0163ii. Cine \u015fi de ce s\u0103 fi construit aceast\u0103 &#8222;perl\u0103&#8221; a ultimei provincii cucerite de romani ? Dacii st\u0103p\u00e2neau, \u00eenainte vreme, ambele maluri ale Dun\u0103rii. Prin urmare este verosimil faptul ca Podul s\u0103 fi fost construit de ei ! Faptul apare cu totul logic dup\u0103 ce-l citim pe Strabon: &#8222;Burebista st\u0103p\u00e2ne\u015fte peste tot teritoriul de pe ambele maluri ale Dun\u0103rii&#8221;. Acela\u015fi autor ne spune: &#8222;(Burebista) trecea fluviul c\u00e2nd dorea, \u00eens\u0103 Dacia nu era putere naval\u0103 la acea vreme! Dac\u0103 iarna Dun\u0103rea putea fi traversat\u0103 pe ghea\u0163\u0103, cum se \u00eent\u00e2mpl\u0103 \u00een cazul atacului lui Decebal \u00een Moesia, care era modalitatea de a trece Dun\u0103rea, vara, dec\u00e2t pe un pod ! Aceasta av\u00e2nd \u00een vedere c\u0103 Burebista, cum spuneam, nu dispunea de o flot\u0103 din care s\u0103 fac\u0103 pod de vase. Mai mult pentru aceast\u0103 afirma\u0163ie exist\u0103 chiar \u015fi documenta\u0163ie! O balad\u0103 popular\u0103 arom\u00e2n\u0103, intitulat\u0103 &#8222;Puntea din art\u0103&#8221; ne vorbe\u015fte, valorific\u00e2nd probabil o legend\u0103 mai veche, despre trei me\u015fteri constructori iscusi\u0163i care au lucrat la construc\u0163ia unui pod peste Dun\u0103re vreme de \u015fase ani! A se observa c\u0103 cifra concord\u0103 cu cercet\u0103rile moderne. Av\u00e2nd \u00een vedere c\u0103 Burebista st\u0103p\u00e2nea peste ambele maluri ale Dun\u0103rii este de la sine \u00een\u0163eleas\u0103 necesitatea geo-strategic\u0103 a construirii acestui pod peste care Burebista &#8222;trecea fluviul c\u00e2nd dorea&#8221;. Necesitate care se impunea av\u00e2nd \u00een vedere faptul c\u0103 Imperiul Roman \u00eencerca s\u0103-\u015fi extind\u0103 domina\u0163ia \u00een sudul Dun\u0103rii ! Prin urmare, este logic \u015fi de bun sim\u0163 s\u0103 conchidem c\u0103, Burebista este constructorul podului de la Drobeta. Apollodor doar a ref\u0103cut partea de lemn\u0103rie a podului pentru ca Traian s\u0103 poat\u0103 avea o cale mai facil\u0103 pentru a jefui Dacia de toate bog\u0103\u0163iile ei ! Dar ce se \u00eent\u00e2mplase cu podul \u00een ajunul ocupa\u0163iei romane? Decebal, strateg vestit, surprins de atacul romanilor, distruge lemn\u0103ria podului. Faptul pare a fi atestat de buc\u0103\u0163ile de b\u00e2rne arse aflate la fata locului. Deci, pentru a fr\u00e2na \u00een oarecare m\u0103sur\u0103 invazia roman\u0103, Decebal, din necesit\u0103\u0163i de strategie militar\u0103, distruge opera \u00eenainta\u015fului s\u0103u, Burebista. Aceasta va fi ref\u0103cut\u0103 de un alt DAC, de aceast\u0103 dat\u0103 \u00eemp\u0103rat al Bizan\u0163ului, anume CONSTANTIN CEL MARE, n\u0103scut \u00een ora\u015ful Ni\u015f, aflat azi \u00een Bulgaria !<\/h4>\r\n<figure id=\"attachment_2520\" aria-describedby=\"caption-attachment-2520\" style=\"width: 206px\" class=\"wp-caption aligncenter\"><a href=\"http:\/\/www.desteptati-va.ro\/wp-content\/uploads\/2011\/10\/constantin-cel-mare.jpg\"><img loading=\"lazy\" decoding=\"async\" class=\"size-medium wp-image-2520\" title=\"Bustul Imparatului Constantin cel Mare\" src=\"http:\/\/www.desteptati-va.ro\/wp-content\/uploads\/2011\/10\/constantin-cel-mare-206x300.jpg\" alt=\"Bustul Imparatului Constantin cel Mare\" width=\"206\" height=\"300\" \/><\/a><figcaption id=\"caption-attachment-2520\" class=\"wp-caption-text\">Bustul Imparatului Constantin cel Mare<\/figcaption><\/figure>\r\n<p style=\"text-align: justify;\">C\u00e2nd, oare, vom \u00eenceta a mai ridica elogii cuceritorilor \u015fi vom trece sub semnul ignoran\u0163ei realiz\u0103rile str\u0103mo\u015filor no\u015ftri?<\/p>\r\n<p style=\"text-align: justify;\"><em>Sursa: <a href=\"http:\/\/www.amosnews.ro\/Alexandru_RUSI_Internet_mon_amour_Podul_lui_Traian_Ma_indoiesc_Cogito_ergo_sum_-29-65137.html\" target=\"_blank\" rel=\"noopener\">http:\/\/www.amosnews.ro\/<\/a><\/em><\/p>        <div class=\"booster-block booster-reactions-block\">\n            <div class=\"twp-reactions-icons\">\n                \n                <div class=\"twp-reacts-wrap\">\n                    <a react-data=\"be-react-1\" post-id=\"3476\" class=\"be-face-icons un-reacted\" href=\"javascript:void(0)\">\n                        <img decoding=\"async\" src=\"https:\/\/desteptati-va.ro\/wp-content\/plugins\/booster-extension\/\/assets\/icon\/happy.svg\" alt=\"Happy\">\n                    <\/a>\n                    <div class=\"twp-reaction-title\">\n                        Happy                    <\/div>\n                    <div class=\"twp-count-percent\">\n                                                    <span style=\"display: none;\" class=\"twp-react-count\">0<\/span>\n                        \n                                                <span class=\"twp-react-percent\"><span>0<\/span> %<\/span>\n                                            <\/div>\n                <\/div>\n\n                <div class=\"twp-reacts-wrap\">\n                    <a react-data=\"be-react-2\" post-id=\"3476\" class=\"be-face-icons un-reacted\" href=\"javascript:void(0)\">\n                        <img decoding=\"async\" src=\"https:\/\/desteptati-va.ro\/wp-content\/plugins\/booster-extension\/\/assets\/icon\/sad.svg\" alt=\"Sad\">\n                    <\/a>\n                    <div class=\"twp-reaction-title\">\n                        Sad                    <\/div>\n                    <div class=\"twp-count-percent\">\n                                                    <span style=\"display: none;\" class=\"twp-react-count\">0<\/span>\n                                                                        <span class=\"twp-react-percent\"><span>0<\/span> %<\/span>\n                                            <\/div>\n                <\/div>\n\n                <div class=\"twp-reacts-wrap\">\n                    <a react-data=\"be-react-3\" post-id=\"3476\" class=\"be-face-icons un-reacted\" href=\"javascript:void(0)\">\n                        <img decoding=\"async\" src=\"https:\/\/desteptati-va.ro\/wp-content\/plugins\/booster-extension\/\/assets\/icon\/excited.svg\" alt=\"Excited\">\n                    <\/a>\n                    <div class=\"twp-reaction-title\">\n                        Excited                    <\/div>\n                    <div class=\"twp-count-percent\">\n                                                    <span style=\"display: none;\" class=\"twp-react-count\">0<\/span>\n                                                                        <span class=\"twp-react-percent\"><span>0<\/span> %<\/span>\n                                            <\/div>\n                <\/div>\n\n                <div class=\"twp-reacts-wrap\">\n                    <a react-data=\"be-react-6\" post-id=\"3476\" class=\"be-face-icons un-reacted\" href=\"javascript:void(0)\">\n                        <img decoding=\"async\" src=\"https:\/\/desteptati-va.ro\/wp-content\/plugins\/booster-extension\/\/assets\/icon\/sleepy.svg\" alt=\"Sleepy\">\n                    <\/a>\n                    <div class=\"twp-reaction-title\">\n                        Sleepy                    <\/div>\n                    <div class=\"twp-count-percent\">\n                                                    <span style=\"display: none;\" class=\"twp-react-count\">0<\/span>\n                        \n                                                <span class=\"twp-react-percent\"><span>0<\/span> %<\/span>\n                                            <\/div>\n                <\/div>\n\n                <div class=\"twp-reacts-wrap\">\n                    <a react-data=\"be-react-4\" post-id=\"3476\" class=\"be-face-icons un-reacted\" href=\"javascript:void(0)\">\n                        <img decoding=\"async\" src=\"https:\/\/desteptati-va.ro\/wp-content\/plugins\/booster-extension\/\/assets\/icon\/angry.svg\" alt=\"Angry\">\n                    <\/a>\n                    <div class=\"twp-reaction-title\">Angry<\/div>\n                    <div class=\"twp-count-percent\">\n                                                    <span style=\"display: none;\" class=\"twp-react-count\">0<\/span>\n                                                                        <span class=\"twp-react-percent\"><span>0<\/span> %<\/span>\n                        \n                    <\/div>\n                <\/div>\n\n                <div class=\"twp-reacts-wrap\">\n                    <a react-data=\"be-react-5\" post-id=\"3476\" class=\"be-face-icons un-reacted\" href=\"javascript:void(0)\">\n                        <img decoding=\"async\" src=\"https:\/\/desteptati-va.ro\/wp-content\/plugins\/booster-extension\/\/assets\/icon\/surprise.svg\" alt=\"Surprise\">\n                    <\/a>\n                    <div class=\"twp-reaction-title\">Surprise<\/div>\n                    <div class=\"twp-count-percent\">\n                                                    <span style=\"display: none;\" class=\"twp-react-count\">0<\/span>\n                                                                        <span class=\"twp-react-percent\"><span>0<\/span> %<\/span>\n                                            <\/div>\n                <\/div>\n\n            <\/div>\n        <\/div>\n\n    <\/div>","protected":false},"excerpt":{"rendered":"<p>Toat\u0103 lumea a \u00eenv\u0103\u0163at la \u015fcoal\u0103 (at\u00e2t \u00een clasele primare, c\u00e2t \u015fi \u00een liceu), la capitolul antichitatea rom\u00e2nilor, c\u0103 \u00een<a href=\"https:\/\/desteptati-va.ro\/index.php\/2021\/04\/13\/podul-lui-traian-ma-indoiesc\/\">Read More<i class=\"fa fa-long-arrow-right\" aria-hidden=\"true\"><\/i><\/a><\/p>\n","protected":false},"author":1,"featured_media":3478,"comment_status":"open","ping_status":"open","sticky":false,"template":"","format":"standard","meta":{"_crdt_document":"","footnotes":""},"categories":[31,28],"tags":[182,185],"class_list":["post-3476","post","type-post","status-publish","format-standard","has-post-thumbnail","hentry","category-cucerirea-daciei","category-secvente-istorice","tag-dacii","tag-romanii"],"rise-blocks_total_comments":27,"rise-blocks_categories":[{"term_id":31,"name":"Cucerirea Daciei","slug":"cucerirea-daciei","term_group":0,"term_taxonomy_id":31,"taxonomy":"category","description":"","parent":28,"count":5,"filter":"raw"}],"rise-blocks_excerpt":"Toat\u0103 lumea a \u00eenv\u0103\u0163at la \u015fcoal\u0103 (at\u00e2t \u00een clasele primare, c\u00e2t \u015fi \u00een liceu), la capitolul antichitatea rom\u00e2nilor, c\u0103 \u00een r\u0103stimpul 103-105 arhitectul Apollodor din Damasc a construit un pod peste Dun\u0103re, gra\u0163ie c\u0103ruia Traian a reu\u015fit s\u0103-\u015fi treac\u0103 armatele \u00een Dacia \u015fi s\u0103 o transforme \u00een provincie roman\u0103 ! Fain\u0103 chestia, mai ales c\u0103 este vorba de o minune..","yoast_head":"<!-- This site is optimized with the Yoast SEO plugin v26.9 - https:\/\/yoast.com\/product\/yoast-seo-wordpress\/ -->\r\n<title>Podul lui Traian!? Ma indoiesc! -<\/title>\r\n<meta name=\"robots\" content=\"index, follow, max-snippet:-1, max-image-preview:large, max-video-preview:-1\" \/>\r\n<link rel=\"canonical\" href=\"https:\/\/desteptati-va.ro\/index.php\/2021\/04\/13\/podul-lui-traian-ma-indoiesc\/\" \/>\r\n<meta property=\"og:locale\" content=\"ro_RO\" \/>\r\n<meta property=\"og:type\" content=\"article\" \/>\r\n<meta property=\"og:title\" content=\"Podul lui Traian!? Ma indoiesc! -\" \/>\r\n<meta property=\"og:description\" content=\"Toat\u0103 lumea a \u00eenv\u0103\u0163at la \u015fcoal\u0103 (at\u00e2t \u00een clasele primare, c\u00e2t \u015fi \u00een liceu), la capitolul antichitatea rom\u00e2nilor, c\u0103 \u00eenRead More\" \/>\r\n<meta property=\"og:url\" content=\"https:\/\/desteptati-va.ro\/index.php\/2021\/04\/13\/podul-lui-traian-ma-indoiesc\/\" \/>\r\n<meta property=\"article:published_time\" content=\"2021-04-13T11:02:31+00:00\" \/>\r\n<meta property=\"og:image\" content=\"https:\/\/desteptati-va.ro\/wp-content\/uploads\/2021\/04\/Podul-lui-Traian-1.jpg\" \/>\r\n\t<meta property=\"og:image:width\" content=\"609\" \/>\r\n\t<meta property=\"og:image:height\" content=\"201\" \/>\r\n\t<meta property=\"og:image:type\" content=\"image\/jpeg\" \/>\r\n<meta name=\"author\" content=\"wolfsoftcompany\" \/>\r\n<meta name=\"twitter:card\" content=\"summary_large_image\" \/>\r\n<meta name=\"twitter:label1\" content=\"Scris de\" \/>\n\t<meta name=\"twitter:data1\" content=\"wolfsoftcompany\" \/>\n\t<meta name=\"twitter:label2\" content=\"Timp estimat pentru citire\" \/>\n\t<meta name=\"twitter:data2\" content=\"5 minute\" \/>\r\n<script type=\"application\/ld+json\" class=\"yoast-schema-graph\">{\"@context\":\"https:\/\/schema.org\",\"@graph\":[{\"@type\":\"Article\",\"@id\":\"https:\/\/desteptati-va.ro\/index.php\/2021\/04\/13\/podul-lui-traian-ma-indoiesc\/#article\",\"isPartOf\":{\"@id\":\"https:\/\/desteptati-va.ro\/index.php\/2021\/04\/13\/podul-lui-traian-ma-indoiesc\/\"},\"author\":{\"name\":\"wolfsoftcompany\",\"@id\":\"https:\/\/desteptati-va.ro\/#\/schema\/person\/13182deeebd44920914899f7bb262d6b\"},\"headline\":\"Podul lui Traian!? Ma indoiesc!\",\"datePublished\":\"2021-04-13T11:02:31+00:00\",\"mainEntityOfPage\":{\"@id\":\"https:\/\/desteptati-va.ro\/index.php\/2021\/04\/13\/podul-lui-traian-ma-indoiesc\/\"},\"wordCount\":1103,\"commentCount\":17,\"image\":{\"@id\":\"https:\/\/desteptati-va.ro\/index.php\/2021\/04\/13\/podul-lui-traian-ma-indoiesc\/#primaryimage\"},\"thumbnailUrl\":\"https:\/\/desteptati-va.ro\/wp-content\/uploads\/2021\/04\/Podul-lui-Traian-1.jpg\",\"keywords\":[\"dacii\",\"romanii\"],\"articleSection\":[\"Cucerirea Daciei\",\"Secvente Istorice\"],\"inLanguage\":\"ro-RO\",\"potentialAction\":[{\"@type\":\"CommentAction\",\"name\":\"Comment\",\"target\":[\"https:\/\/desteptati-va.ro\/index.php\/2021\/04\/13\/podul-lui-traian-ma-indoiesc\/#respond\"]}]},{\"@type\":\"WebPage\",\"@id\":\"https:\/\/desteptati-va.ro\/index.php\/2021\/04\/13\/podul-lui-traian-ma-indoiesc\/\",\"url\":\"https:\/\/desteptati-va.ro\/index.php\/2021\/04\/13\/podul-lui-traian-ma-indoiesc\/\",\"name\":\"Podul lui Traian!? Ma indoiesc! -\",\"isPartOf\":{\"@id\":\"https:\/\/desteptati-va.ro\/#website\"},\"primaryImageOfPage\":{\"@id\":\"https:\/\/desteptati-va.ro\/index.php\/2021\/04\/13\/podul-lui-traian-ma-indoiesc\/#primaryimage\"},\"image\":{\"@id\":\"https:\/\/desteptati-va.ro\/index.php\/2021\/04\/13\/podul-lui-traian-ma-indoiesc\/#primaryimage\"},\"thumbnailUrl\":\"https:\/\/desteptati-va.ro\/wp-content\/uploads\/2021\/04\/Podul-lui-Traian-1.jpg\",\"datePublished\":\"2021-04-13T11:02:31+00:00\",\"author\":{\"@id\":\"https:\/\/desteptati-va.ro\/#\/schema\/person\/13182deeebd44920914899f7bb262d6b\"},\"breadcrumb\":{\"@id\":\"https:\/\/desteptati-va.ro\/index.php\/2021\/04\/13\/podul-lui-traian-ma-indoiesc\/#breadcrumb\"},\"inLanguage\":\"ro-RO\",\"potentialAction\":[{\"@type\":\"ReadAction\",\"target\":[\"https:\/\/desteptati-va.ro\/index.php\/2021\/04\/13\/podul-lui-traian-ma-indoiesc\/\"]}]},{\"@type\":\"ImageObject\",\"inLanguage\":\"ro-RO\",\"@id\":\"https:\/\/desteptati-va.ro\/index.php\/2021\/04\/13\/podul-lui-traian-ma-indoiesc\/#primaryimage\",\"url\":\"https:\/\/desteptati-va.ro\/wp-content\/uploads\/2021\/04\/Podul-lui-Traian-1.jpg\",\"contentUrl\":\"https:\/\/desteptati-va.ro\/wp-content\/uploads\/2021\/04\/Podul-lui-Traian-1.jpg\",\"width\":609,\"height\":201},{\"@type\":\"BreadcrumbList\",\"@id\":\"https:\/\/desteptati-va.ro\/index.php\/2021\/04\/13\/podul-lui-traian-ma-indoiesc\/#breadcrumb\",\"itemListElement\":[{\"@type\":\"ListItem\",\"position\":1,\"name\":\"Prima pagin\u0103\",\"item\":\"https:\/\/desteptati-va.ro\/\"},{\"@type\":\"ListItem\",\"position\":2,\"name\":\"Podul lui Traian!? Ma indoiesc!\"}]},{\"@type\":\"WebSite\",\"@id\":\"https:\/\/desteptati-va.ro\/#website\",\"url\":\"https:\/\/desteptati-va.ro\/\",\"name\":\"\",\"description\":\"\",\"potentialAction\":[{\"@type\":\"SearchAction\",\"target\":{\"@type\":\"EntryPoint\",\"urlTemplate\":\"https:\/\/desteptati-va.ro\/?s={search_term_string}\"},\"query-input\":{\"@type\":\"PropertyValueSpecification\",\"valueRequired\":true,\"valueName\":\"search_term_string\"}}],\"inLanguage\":\"ro-RO\"},{\"@type\":\"Person\",\"@id\":\"https:\/\/desteptati-va.ro\/#\/schema\/person\/13182deeebd44920914899f7bb262d6b\",\"name\":\"wolfsoftcompany\",\"image\":{\"@type\":\"ImageObject\",\"inLanguage\":\"ro-RO\",\"@id\":\"https:\/\/desteptati-va.ro\/#\/schema\/person\/image\/\",\"url\":\"https:\/\/secure.gravatar.com\/avatar\/a6cce9b6d101d27d91690e7073e300fed94c0899890bf998e082cb9d2c3d121e?s=96&d=mm&r=g\",\"contentUrl\":\"https:\/\/secure.gravatar.com\/avatar\/a6cce9b6d101d27d91690e7073e300fed94c0899890bf998e082cb9d2c3d121e?s=96&d=mm&r=g\",\"caption\":\"wolfsoftcompany\"},\"sameAs\":[\"http:\/\/desteptati-va.ro\"],\"url\":\"https:\/\/desteptati-va.ro\/index.php\/author\/wolfsoftcompany\/\"}]}<\/script>\r\n<!-- \/ Yoast SEO plugin. -->","yoast_head_json":{"title":"Podul lui Traian!? Ma indoiesc! -","robots":{"index":"index","follow":"follow","max-snippet":"max-snippet:-1","max-image-preview":"max-image-preview:large","max-video-preview":"max-video-preview:-1"},"canonical":"https:\/\/desteptati-va.ro\/index.php\/2021\/04\/13\/podul-lui-traian-ma-indoiesc\/","og_locale":"ro_RO","og_type":"article","og_title":"Podul lui Traian!? Ma indoiesc! -","og_description":"Toat\u0103 lumea a \u00eenv\u0103\u0163at la \u015fcoal\u0103 (at\u00e2t \u00een clasele primare, c\u00e2t \u015fi \u00een liceu), la capitolul antichitatea rom\u00e2nilor, c\u0103 \u00eenRead More","og_url":"https:\/\/desteptati-va.ro\/index.php\/2021\/04\/13\/podul-lui-traian-ma-indoiesc\/","article_published_time":"2021-04-13T11:02:31+00:00","og_image":[{"width":609,"height":201,"url":"https:\/\/desteptati-va.ro\/wp-content\/uploads\/2021\/04\/Podul-lui-Traian-1.jpg","type":"image\/jpeg"}],"author":"wolfsoftcompany","twitter_card":"summary_large_image","twitter_misc":{"Scris de":"wolfsoftcompany","Timp estimat pentru citire":"5 minute"},"schema":{"@context":"https:\/\/schema.org","@graph":[{"@type":"Article","@id":"https:\/\/desteptati-va.ro\/index.php\/2021\/04\/13\/podul-lui-traian-ma-indoiesc\/#article","isPartOf":{"@id":"https:\/\/desteptati-va.ro\/index.php\/2021\/04\/13\/podul-lui-traian-ma-indoiesc\/"},"author":{"name":"wolfsoftcompany","@id":"https:\/\/desteptati-va.ro\/#\/schema\/person\/13182deeebd44920914899f7bb262d6b"},"headline":"Podul lui Traian!? Ma indoiesc!","datePublished":"2021-04-13T11:02:31+00:00","mainEntityOfPage":{"@id":"https:\/\/desteptati-va.ro\/index.php\/2021\/04\/13\/podul-lui-traian-ma-indoiesc\/"},"wordCount":1103,"commentCount":17,"image":{"@id":"https:\/\/desteptati-va.ro\/index.php\/2021\/04\/13\/podul-lui-traian-ma-indoiesc\/#primaryimage"},"thumbnailUrl":"https:\/\/desteptati-va.ro\/wp-content\/uploads\/2021\/04\/Podul-lui-Traian-1.jpg","keywords":["dacii","romanii"],"articleSection":["Cucerirea Daciei","Secvente Istorice"],"inLanguage":"ro-RO","potentialAction":[{"@type":"CommentAction","name":"Comment","target":["https:\/\/desteptati-va.ro\/index.php\/2021\/04\/13\/podul-lui-traian-ma-indoiesc\/#respond"]}]},{"@type":"WebPage","@id":"https:\/\/desteptati-va.ro\/index.php\/2021\/04\/13\/podul-lui-traian-ma-indoiesc\/","url":"https:\/\/desteptati-va.ro\/index.php\/2021\/04\/13\/podul-lui-traian-ma-indoiesc\/","name":"Podul lui Traian!? Ma indoiesc! -","isPartOf":{"@id":"https:\/\/desteptati-va.ro\/#website"},"primaryImageOfPage":{"@id":"https:\/\/desteptati-va.ro\/index.php\/2021\/04\/13\/podul-lui-traian-ma-indoiesc\/#primaryimage"},"image":{"@id":"https:\/\/desteptati-va.ro\/index.php\/2021\/04\/13\/podul-lui-traian-ma-indoiesc\/#primaryimage"},"thumbnailUrl":"https:\/\/desteptati-va.ro\/wp-content\/uploads\/2021\/04\/Podul-lui-Traian-1.jpg","datePublished":"2021-04-13T11:02:31+00:00","author":{"@id":"https:\/\/desteptati-va.ro\/#\/schema\/person\/13182deeebd44920914899f7bb262d6b"},"breadcrumb":{"@id":"https:\/\/desteptati-va.ro\/index.php\/2021\/04\/13\/podul-lui-traian-ma-indoiesc\/#breadcrumb"},"inLanguage":"ro-RO","potentialAction":[{"@type":"ReadAction","target":["https:\/\/desteptati-va.ro\/index.php\/2021\/04\/13\/podul-lui-traian-ma-indoiesc\/"]}]},{"@type":"ImageObject","inLanguage":"ro-RO","@id":"https:\/\/desteptati-va.ro\/index.php\/2021\/04\/13\/podul-lui-traian-ma-indoiesc\/#primaryimage","url":"https:\/\/desteptati-va.ro\/wp-content\/uploads\/2021\/04\/Podul-lui-Traian-1.jpg","contentUrl":"https:\/\/desteptati-va.ro\/wp-content\/uploads\/2021\/04\/Podul-lui-Traian-1.jpg","width":609,"height":201},{"@type":"BreadcrumbList","@id":"https:\/\/desteptati-va.ro\/index.php\/2021\/04\/13\/podul-lui-traian-ma-indoiesc\/#breadcrumb","itemListElement":[{"@type":"ListItem","position":1,"name":"Prima pagin\u0103","item":"https:\/\/desteptati-va.ro\/"},{"@type":"ListItem","position":2,"name":"Podul lui Traian!? Ma indoiesc!"}]},{"@type":"WebSite","@id":"https:\/\/desteptati-va.ro\/#website","url":"https:\/\/desteptati-va.ro\/","name":"","description":"","potentialAction":[{"@type":"SearchAction","target":{"@type":"EntryPoint","urlTemplate":"https:\/\/desteptati-va.ro\/?s={search_term_string}"},"query-input":{"@type":"PropertyValueSpecification","valueRequired":true,"valueName":"search_term_string"}}],"inLanguage":"ro-RO"},{"@type":"Person","@id":"https:\/\/desteptati-va.ro\/#\/schema\/person\/13182deeebd44920914899f7bb262d6b","name":"wolfsoftcompany","image":{"@type":"ImageObject","inLanguage":"ro-RO","@id":"https:\/\/desteptati-va.ro\/#\/schema\/person\/image\/","url":"https:\/\/secure.gravatar.com\/avatar\/a6cce9b6d101d27d91690e7073e300fed94c0899890bf998e082cb9d2c3d121e?s=96&d=mm&r=g","contentUrl":"https:\/\/secure.gravatar.com\/avatar\/a6cce9b6d101d27d91690e7073e300fed94c0899890bf998e082cb9d2c3d121e?s=96&d=mm&r=g","caption":"wolfsoftcompany"},"sameAs":["http:\/\/desteptati-va.ro"],"url":"https:\/\/desteptati-va.ro\/index.php\/author\/wolfsoftcompany\/"}]}},"_links":{"self":[{"href":"https:\/\/desteptati-va.ro\/index.php\/wp-json\/wp\/v2\/posts\/3476","targetHints":{"allow":["GET"]}}],"collection":[{"href":"https:\/\/desteptati-va.ro\/index.php\/wp-json\/wp\/v2\/posts"}],"about":[{"href":"https:\/\/desteptati-va.ro\/index.php\/wp-json\/wp\/v2\/types\/post"}],"author":[{"embeddable":true,"href":"https:\/\/desteptati-va.ro\/index.php\/wp-json\/wp\/v2\/users\/1"}],"replies":[{"embeddable":true,"href":"https:\/\/desteptati-va.ro\/index.php\/wp-json\/wp\/v2\/comments?post=3476"}],"version-history":[{"count":1,"href":"https:\/\/desteptati-va.ro\/index.php\/wp-json\/wp\/v2\/posts\/3476\/revisions"}],"predecessor-version":[{"id":3479,"href":"https:\/\/desteptati-va.ro\/index.php\/wp-json\/wp\/v2\/posts\/3476\/revisions\/3479"}],"wp:featuredmedia":[{"embeddable":true,"href":"https:\/\/desteptati-va.ro\/index.php\/wp-json\/wp\/v2\/media\/3478"}],"wp:attachment":[{"href":"https:\/\/desteptati-va.ro\/index.php\/wp-json\/wp\/v2\/media?parent=3476"}],"wp:term":[{"taxonomy":"category","embeddable":true,"href":"https:\/\/desteptati-va.ro\/index.php\/wp-json\/wp\/v2\/categories?post=3476"},{"taxonomy":"post_tag","embeddable":true,"href":"https:\/\/desteptati-va.ro\/index.php\/wp-json\/wp\/v2\/tags?post=3476"}],"curies":[{"name":"wp","href":"https:\/\/api.w.org\/{rel}","templated":true}]}}