{"id":3494,"date":"2021-04-13T12:06:10","date_gmt":"2021-04-13T12:06:10","guid":{"rendered":"http:\/\/desteptati.ro\/?p=3494"},"modified":"2022-02-04T22:10:45","modified_gmt":"2022-02-04T20:10:45","slug":"romania-scoasa-la-vanzare-veniti-nemernicii-o-vand-ieftin","status":"publish","type":"post","link":"https:\/\/desteptati-va.ro\/index.php\/2021\/04\/13\/romania-scoasa-la-vanzare-veniti-nemernicii-o-vand-ieftin\/","title":{"rendered":"ROMANIA scoasa la vanzare, veniti nemernicii o vand ieftin&#8230;."},"content":{"rendered":"<div class=\"post-content\"><div class='booster-block booster-read-block'>\n                <div class=\"twp-read-time\">\n                \t<i class=\"booster-icon twp-clock\"><\/i> <span>Read Time:<\/span>14 Minute, 6 Second                <\/div>\n\n            <\/div><h3><span style=\"color: #ff0000;\"><strong>B\u0102T\u0102LIA pentru Rom\u00e2nia. V\u00e2nzarea p\u0103m\u00e2ntului este sf\u00e2r\u0219itul Rom\u00e2niei. B\u0103t\u0103lia pentru p\u0103m\u00e2nt e b\u0103t\u0103lia pentru viitorul copiilor no\u0219tri. Odat\u0103 cu irosirea resursei principale a \u021b\u0103rii &#8211; p\u0103m\u00e2ntul -, va fi pierdut\u0103 definitiv suveranitatea alimentar\u0103 a Rom\u00e2niei<\/strong><\/span><\/h3>\n<h4>DE&nbsp;<a href=\"https:\/\/www.activenews.ro\/autori\/Vladimir-Alexandru-523\">VLADIMIR ALEXANDRU<\/a>&nbsp; \/ &nbsp;&nbsp;\u0218TIRI&nbsp;&nbsp; \/ &nbsp; Publicat: Luni, 22 martie 2021, 21:08&nbsp;&nbsp; \/ &nbsp;&nbsp;5 comentarii<\/h4>\n<h4><a href=\"https:\/\/www.activenews.ro\/images\/articole\/165856.jpg\">&nbsp;&nbsp;<\/a><\/h4>\n<h4><strong>Dup\u0103 trei decenii de socialism\/pene\u021bism\/liberalism\/securism Rom\u00e2nia este nimicit\u0103 \u00een cea mai mare parte, patrimoniul s\u0103u natural \u0219i industrial a fost \u00eenstr\u0103inat sau distrus, subsolul a fost amanetat, p\u0103durile rase, \u021bara e golit\u0103 de oameni, se preg\u0103tesc s\u0103 vin\u0103 eventual noii coloni\u0219ti. Ce a mai r\u0103mas de \u00eenstr\u0103inat este p\u0103m\u00e2ntul, deja \u00een mare parte luat din proprietatea rom\u00e2nilor &#8211; produce bani \u0219i aduce valoare str\u0103inilor.<\/strong><\/h4>\n<h4>Ce a mai r\u0103mas din p\u0103m\u00e2ntul Rom\u00e2niei urmeaz\u0103 s\u0103 fie livrat printr-o lege ce poart\u0103 numele lui&nbsp;<a href=\"http:\/\/www.cdep.ro\/pls\/parlam\/structura2015.mp?idm=90&amp;cam=2&amp;leg=2020&amp;pag=12\"><strong>Deheleanu<\/strong><\/a>, de la USR-Plus, re\u021bine\u021bi acest nume pentru viitor. Ce e Bulai pe partea r\u0103zboiului cultural (tip anularea\/anihilarea culturii), este Dehelean pe zona economic\u0103.<\/h4>\n<h4>Deputatul USR-Plus Silviu Dehelean, al\u0103turi de mai mul\u021bi parlamentari PNL, UDMR \u0219i din grupul minorit\u0103\u021bilor na\u021bionale, au depus pe 9 martie un nou&nbsp;<a href=\"http:\/\/docs.google.com\/document\/d\/1TQd1iao1d70qGAoByd1nuuwuMn29q8jz7Nwl1J0M05g\/edit\">proiect de lege pentru modificarea \u0219i completarea Legii 17\/2014<\/a>&nbsp;&#8211; lege privind unele m\u0103suri de reglementare a v\u00e2nz\u0103rii terenurilor agricole.<\/h4>\n<img loading=\"lazy\" decoding=\"async\" class=\"aligncenter wp-image-6308\" src=\"http:\/\/www.desteptati-va.ro\/wp-content\/uploads\/2021\/03\/DeheleanSilviu.jpg\" alt=\"\" width=\"238\" height=\"317\">\n<h4>&nbsp; &nbsp; &nbsp; &nbsp; &nbsp; &nbsp; &nbsp; &nbsp; &nbsp; &nbsp; &nbsp; &nbsp; &nbsp; &nbsp; &nbsp; &nbsp; &nbsp; &nbsp; &nbsp; &nbsp; &nbsp; &nbsp; &nbsp; &nbsp; &nbsp; &nbsp; &nbsp; &nbsp; &nbsp; &nbsp; &nbsp; &nbsp; &nbsp;Silviu Dehelean \u2013 Deputat USR PLUS<\/h4>\n<h4>Tovar\u0103\u0219ii de drum ai lui Silviu Dehelean \u2013 Deputat USR PLUS: Ionu\u021b Liviu &#8211; Mo\u0219teanu &#8211; Deputat USR PLUS; Ioan Cup\u0219a \u2013 Deputat PNL; Laura-Iuliana Sc\u00e2ntei &#8211; Senator PNL; Nechita-Adrian Oros &#8211; Senator PNL; Gabriel Andronache &#8211; Deputat PNL; Csaszar K\u00e1roly-Zsolt &#8211; Deputat UDMR. Interesul maghiar &#8211; mai precis ungar &#8211; pe aceast\u0103 tem\u0103 este str\u0103veziu.<\/h4>\n<h4>ADVERTISING<\/h4>\n<h4>Argumentele ini\u021biatorilor au fost c\u0103 legea pesedi\u0219tilor favoriza doar marii arenda\u0219i \u0219i ridic\u0103 numeroase bariere birocratice \u00een calea celor pe care pretinde c\u0103 \u00eei protejeaz\u0103 &#8211; fermierii \u0219i tinerii fermieri rom\u00e2ni.<\/h4>\n<h4>Replica celor de la PSD a fost c\u0103 noul proiect al USR \u2013 Plus \u0219i ceilal\u021bi elimin\u0103 condi\u021biile privind domiciliul \u0219i reziden\u021ba, dar &#8211; mai ales &#8211; dispar \u0219i interdic\u021biile de \u00eenstr\u0103inare care erau de minim 8 ani de la data cump\u0103r\u0103rii terenurilor.<\/h4>\n<h4><span style=\"color: #ff0000;\">Proiect antina\u021bional<\/span><\/h4>\n<h4><strong>Cei favoriza\u021bi sunt desigur str\u0103inii care pot g\u0103si aici p\u0103m\u00e2nt la pre\u021buri mult mai mici dec\u00e2t media din UE, Rom\u00e2nia fiind una din cele mai atractive \u021binte pentru investitorii str\u0103ini datorit\u0103 faptului c\u0103 permite v\u00e2nzarea terenurilor c\u0103tre ace\u0219tia iar corup\u021bia \u0219i f\u0103r\u0103delegea e \u00een floare.<\/strong><\/h4>\n<h4>\u021a\u0103ri vecine, precum Serbia \u0219i Ungaria, sunt restrictive \u00een privin\u021ba terenului agricol.&nbsp;<strong>Din 2012 dup\u0103 ce Parlamentul de la Budapesta a adoptat noua Constitu\u021bie, care interzice achizi\u021bia p\u0103m\u00e2ntului de c\u0103tre str\u0103ini, doar fermierii maghiari pot cump\u0103r\u0103 teren agricol \u00een \u021bar\u0103.&nbsp;<\/strong>La noi, dimpotriv\u0103 \u00eenlesnirea v\u00e2nz\u0103rii p\u0103m\u00e2ntului c\u0103tre str\u0103ini &#8211; proiect lansat de Deheleanu de la USR Plus cu sprijinul PNL \u0219i UDMR &#8211; v\u0103 ajuta v\u00e2nzarea terenurilor agricole c\u0103tre str\u0103ini.&nbsp;<strong>P\u0103m\u00e2nturile agricole sunt deja \u00eenstr\u0103inate \u00een propor\u021bie de peste 50 la sut\u0103.&nbsp;<\/strong>Plus mun\u021bii, p\u0103durile, apele, subsolul.<\/h4>\n<h4>Fauna e deja \u00een vizorul UDMR, ur\u0219ii \u00eent\u00e2i de toate, mai nou \u0219i r\u00e2\u0219ii \u0219i pisicile s\u0103lbatice au fost trecute de UDMR la animale periculoase pentru om ce trebuiesc exterminate de\u0219i niciodat\u0103 vreo pisic\u0103 s\u0103lbatic\u0103 sau vreun r\u00e2s nu a atacat vreun om, fie el \u0219i maghiar.<\/h4>\n<h4><span style=\"color: #ff0000;\">Situa\u021bia p\u0103m\u00e2ntului st\u0103 cam \u00een felul urm\u0103tor:<\/span><\/h4>\n<h4>\u00cenainte de 1989, Rom\u00e2nia dispunea, de 23.839.071 hectare, din care teren agricol 14.730.711 hectare, p\u0103duri \u0219i alte terenuri cu vegeta\u021bie forestier\u0103 6.790.596 hectare.<\/h4>\n<h4>Din cele aproape 14,8 milioane hectare de teren agricol, doar 9.358.130 de hectare reprezentau suprafa\u021b\u0103 arabil\u0103 a \u021b\u0103rii, \u00een rest, terenul agricol, ere ocupat cu p\u0103\u0219uni &#8211; 3,3 milioane hectare, f\u00eenete &#8211; 1,5 milioane hectare, vii &#8211; 280.000 hectare \u0219i livezi &#8211; 256.000 hectare.<\/h4>\n<h4>Peste 50 % din suprafa\u021b\u0103 agricol\u0103 \u0219i aproape 65 % din suprafa\u021b\u0103 arabil\u0103 se \u00eencadra \u00een zona I \u0219i zona a II-a de fertilitate. Adic\u0103 un sol de calitate.<\/h4>\n<h4>\u00cen februarie 1991 agentura KGB a FSN-ul lui Ion Iliescu, la ini\u021biativa agentului sovietic Silviu Brucan, a venit cu <span style=\"color: #ff0000;\">Legea nr. 18, legea fondului Funciar<\/span>, poate cea mai nenorocit\u0103 lege a Rom\u00e2niei \u00een completarea Decretului &#8211; <span style=\"color: #ff0000;\">Lege nr.42 din 29 ianuarie 1990 al Consiliului Frontului Salv\u0103rii Na\u021bionale<\/span>, ce se referea la poprietarea rural\u0103, la \u021b\u0103r\u0103nime. Fix la \u021b\u0103r\u0103nime se g\u00e2ndea Brucan \u00een vremea aceea c\u00e2nd principala sa grij\u0103 era un nou domiciliu, mai exact o vil\u0103, inapoi \u00een cartierul burgheziei ro\u0219ii, al\u0103turi de mai vechii nomenklaturi\u0219ti. Odat\u0103 (re)instala\u021bi la butoane, Troika Iliescu \u2013 Brucan \u2013 Roman s-a apucat s\u0103 dinamiteze Rom\u00e2nia, bine p\u0103zit\u0103 de agen\u021bii militari ai Rusiei ce au stat \u00een Rom\u00e2nia mai bine de jum\u0103tate de an dup\u0103 invadarea \u0219i ocuparea din decembrie 89, p\u00e2n\u0103 ce s-a instalat bine \u00een scaun Re\u021beaua bicefal\u0103 Soros-KGB.<\/h4>\n<h4><span style=\"color: #ff0000;\">Tabloul distrugerii<\/span><\/h4>\n<h4>F\u0103r\u00e2mi\u021barea p\u0103m\u00e2ntului agricol realizat\u0103 prin dementa Lege 18 a lui Iliescu \u0219i Brucan a f\u0103cut ca cele aproximativ 4000 de exploata\u021bii agricole performante, c\u00e2te func\u021bionau la sf\u00e2r\u0219itul anului 1989, s\u0103 fie rupte \u00een 4 milioane de pseudo-propriet\u0103\u021bi pe care Statul lui Ion Iliescu le-a abandonat cu totul.<\/h4>\n<h4>Marile exploata\u021bii agricole \u2013 CAP-uri, IAS-uri, Asocia\u021biile intercooperatiste din sectorul vegetal \u0219i animalier &#8211; au fost dirijate \u00een direc\u021bia falimentului. Au fost devastate \u0219i jefuite Cooperativele agricole de produc\u021bie, sec\u021biile de mecanizare, complexele zootehnice, sediile unit\u0103\u021bilor, instala\u021biile de irigat \u0219i de combatere a bolilor \u0219i d\u0103un\u0103torilor, serele \u0219i solariile, au fost distruse zeci de mii, chiar sute de mii de hectare de vii \u0219i pomi de \u00eenalt\u0103 performan\u021b\u0103.<\/h4>\n<h4><strong>P\u00e2n\u0103 \u00een 1989, Rom\u00e2nia avea o suprafa\u021b\u0103 amenajat\u0103 pentru iriga\u021bii de peste trei milioane de hectare \u0219i tot trei milioane de hectare erau amenajate pentru desec\u0103ri, iar pe 2,2 milioane de hectare se executau lucr\u0103ri de combatere a eroziunii solului.&nbsp;\u00cen zece ani a sc\u0103zut de zece ori nivelul zonelor irigate. S-a furat tot aluminiul conductelor atunci c\u00e2nd nu s-a distrus f\u0103r\u0103 sens.<\/strong><\/h4>\n<h4>\u00cen perioada 1990-1996 au fost decapitalizate cele mai multe societ\u0103\u021bi agricole de stat &#8211; fostele IAS &#8211; \u0219i cele mai mari complexe zootehnice. FPS-ul condus de Emil Dima sub atenta diriguire a lui Ion Iliescu a decapitalizat tot patrimoniul industrial.<\/h4>\n<h4><strong>\u00cen aceeasi perioada \u2013 1990-1996 \u2013 au fost lasate de izbeli\u0219te marile complexe de sere din Rom\u00e2nia. L\u0103sate f\u0103r\u0103 c\u0103ldura, deconectate \u0219i abandonate pur si simplu de Ministerul Agriculturii \u0219i de prefecturi, 3500 de hectare de sere au devenit \u00een scurt timp, sub greutatea zapezilor, mormane de fier vechi si&nbsp; sticl\u0103, a\u0219a cum&nbsp; \u00ee\u0219i&nbsp; dorise Petre Roman, fiul agentului NKVD\/GRU Walter Roman.<\/strong><\/h4>\n<h4><span style=\"color: #ff0000;\">De la t\u0103ticii FSN la t\u0103ticii USR<\/span><\/h4>\n<h4>Zootehnia a fost poate \u021binta cea mai urm\u0103rit\u0103 de c\u0103tre concuren\u021bii Rom\u00e2niei pe pie\u021bele Europei Din cel mai mare exportator de carne \u0219i produse din carne, \u00een general produse de origine animal\u0103 din Estul Europei, Rom\u00e2nia a devenit \u00een c\u00e2\u021biva ani de FSN \u0219i apoi de Conven\u021bie democrat\u0103 cel mai mare importator de asemenea produse. Complexele zootehnice \u0219i unit\u0103\u021bile de procesare&nbsp; au&nbsp; trebuit s\u0103-\u0219i restr\u00e2ng\u0103&nbsp; activitatea,&nbsp; politica&nbsp; antina\u021bional\u0103 privind importurile masive de produse agroalimentare, \u00eendreptat\u0103 \u00een primul r\u00e2nd \u00eempotriva producatorului autohton, a umplut buzunarele celor care acordau licen\u021be \u00een Comer\u021bul Exterior \u0219i \u00een Ministerul Agriculturii, dar, \u00een acela\u0219i timp, efectivele de animale din Rom\u00e2nia sc\u0103deau dramatic. Licen\u021bele din Comer\u021bul exterior \u00eensemnau ga\u0219ca p\u0103rin\u021bilor multor USR-i\u0219ti: DIE\/CIE\/SIE.<\/h4>\n<figure id=\"attachment_1891\" aria-describedby=\"caption-attachment-1891\" style=\"width: 569px\" class=\"wp-caption aligncenter\"><img loading=\"lazy\" decoding=\"async\" class=\" wp-image-1891\" src=\"http:\/\/www.desteptati-va.ro\/wp-content\/uploads\/2011\/05\/iliescu-014-300x183.png\" alt=\"Ion Iliescu, aflat in campanie electorala, se adreseaza locuitorilor din Craiova adunati in Piata Centrala (3 mai 1990)\" width=\"569\" height=\"347\"><figcaption id=\"caption-attachment-1891\" class=\"wp-caption-text\">Ion Iliescu, aflat in campanie electorala, se adreseaza locuitorilor din Craiova adunati in Piata Centrala (3 mai 1990)<\/figcaption><\/figure>\n<h4>\u00cen mai pu\u021bin de un deceniu de la momentul 1989 sectorul zootehnic a fost demolat, dup\u0103 cum arat\u0103 studiile \u00een domeniu: au&nbsp; disparut 3.300.000 de&nbsp; bovine, 7.200.000 de porci, peste 8 milioane de oi, 500.000 de capre, 60.000.000 de p\u0103s\u0103ri, 800.000 de familii de albine. S-a mers p\u00e2na acolo \u00eenc\u00e2t s-a adus atingere fondului genetic si efectivelor matc\u0103, adica sectoarelor care puteau relansa la un moment dat sectorul zootehnic. Ulterior, via Streinu Cercel, cel cu \u201depidemiile\u201d, au mai fost lichidate mari efective de p\u0103s\u0103ri \u0219i porci.<\/h4>\n<h4><span style=\"color: #ff0000;\"><strong>Nici un guvern n-a urmarit salvarea sectorului zootehnic din Rom\u00e2nia, astfel c\u0103 magazinele alimentare din Rom\u00e2nia s-au umplut cu produse ungure\u0219ti, americane, frantuze\u0219ti etc., rom\u00e2nii import\u0103 ast\u0103zi peste 60% din necesarul de carne \u0219i chiar \u0219i produse lactate, \u00een timp ce produc\u0103torul autohton, \u021b\u0103ranul rom\u00e2n, este adus, efectiv, la sap\u0103 de lemn.<\/strong><\/span><\/h4>\n<h4><span style=\"color: #ff0000;\">Opera\u021biunea Distrugerea Rom\u00e2niei<\/span><\/h4>\n<h4>Piscicultura a situat Rom\u00e2nia p\u00e2n\u0103 \u00een 1988 pe primul loc \u00een Europa. Marile amenaj\u0103ri piscicole, realizate cu eforturi financiare uria\u0219e, produceau \u00een 1988 aproape 80.000 tone de pe\u0219te. La aceast\u0103 cantitate se adaugau capturile flotei de pescuit oceanic de circa 150.000 tone, anual. Rezulta o productie anual\u0103 de 230.000 tone, &#8211; ast\u0103zi, produc\u021bia intern\u0103 este cu mult sub jum\u0103tatea celei ob\u021binute \u00eenainte de 1989 iar Rom\u00e2nia nu mai are flot\u0103 oceanic\u0103 de pescuit, de fapt nu mai are Flot\u0103 deloc.<\/h4>\n<h4><span style=\"color: #ff0000;\">Cel care a des\u0103v\u00e2r\u0219it munca lui Ilici, \u00een timpul Regimului lui Umil Constantinescu, a fost Traian B\u0103sescu \u201dnegociatorul\u201d cu Banca Mondial\u0103, al a\u0219a numitului programul ASAL.<\/span><\/h4>\n<h4>Datorit\u0103 Programului ASAL, Rom\u00e2nia a cunoscut un recul \u00een domeniul Agriculturii imposibil de evaluat cu exactitate, practic \u00eentreaga baz\u0103 de produc\u021bie \u0219i prelucrare a Agriculturii a fost dezorganizat\u0103 \u0219i apoi distrus\u0103, iar pierderile s-au ridicat la c\u00e2teva miliarde de dolari.<\/h4>\n<h4><span style=\"color: #ff0000;\">Programul ASAL, acceptat de toate guvernele de dup\u0103 1989 f\u0103r\u0103 ca Parlamentul s\u0103 ia act de prevederile acestuia, a \u00eensemnat acceptarea de c\u0103tre PDSR, PD, PNL, UDMR \u0219i PN\u021aCD a unui plan de distrugere a tuturor componentelor \u0219i p\u00e2rghiile<\/span> <span style=\"color: #ff0000;\">Agriculturii, respectiv:<\/span><\/h4>\n<h4>&#8211; dispari\u021bia IAS \u0219i a complexelor zootehnice;<\/h4>\n<h4>&#8211; stabilirea unor taxe vamale total nefavorabile Rom\u00e2niei;<\/h4>\n<h4>&#8211; renuntarea la p\u00e2rghiile economico-financiare care stimulau produc\u021biile agricole;<\/h4>\n<h4>&#8211; abrogarea unor legi care vizau sus\u021binerea agriculturii;<\/h4>\n<h4>&#8211; lichidarea sau transferul \u00een domeniul privat &#8211; de cele mai multe ori destina\u021bia era cunoscut\u0103 dinainte &#8211; a unit\u0103\u021bilor din industria alimentar\u0103;<\/h4>\n<h4>&#8211; interzicerea subven\u021bion\u0103rii creditelor pentru agricultur\u0103.<\/h4>\n<h4><span style=\"color: #ff0000;\"><strong>Dup\u0103 ASAL, din 9,2 milioane de hectare de teren arabil de calitate special\u0103 la nivel european mai bine de jum\u0103tate a ajuns p\u00e2rloag\u0103 sau a fost \u00eembuc\u0103t\u0103\u021bit \u00een a\u0219a hal \u00eenc\u00e2t a ajuns de nefolosit.<\/strong><\/span><\/h4>\n<h4>\u021a\u0103ranii rom\u00e2ni au ajuns cer\u0219etorii Europei de Est, lipsi\u021bi de orice fel de ajutor, subven\u021bionare, condamna\u021bi la s\u0103r\u0103cie a\u0219adar au \u00eenceput s\u0103 \u00ee\u0219i v\u00e2nd\u0103 ultima avere, p\u0103m\u00e2ntul.<\/h4>\n<h4><span style=\"color: #ff0000;\"><strong>Foarte rapid Rom\u00e2nia a ajuns pe primul loc \u00een Europa \u0219i pe locul zece \u00een lume dup\u0103 procentul de teren agricol de\u021binut de companii str\u0103ine.<\/strong><\/span><\/h4>\n<h4>Nu exist\u0103 o statistic\u0103 oficial\u0103 clar\u0103, dar pe estimarile asocia\u021biilor de produc\u0103tori agricoli se eviden\u021bia c\u0103 peste un milion de hectare erau de\u021binute de companii rom\u00e2ne\u0219ti cu ac\u021bionariat str\u0103in, iar alte circa 2 milioane de hectare sunt in arend\u0103. \u00cen total, circa o treime din suprafa\u021ba agricol\u0103 a t\u0103rii ar fi controlat\u0103 de str\u0103ini. Practic din cele 4,5 milioane de hectare ce mai erau disponibile acum un deceniu, 2- 3 milioane au fost deja luate de str\u0103ini \u00een ultimii ani.<\/h4>\n<h4>Fonduri de investi\u021bii sau companii agricole str\u0103ine au investit sume impresionante pentru achizi\u021bionarea de teren agricol \u00een Rom\u00e2nia, afacere avantajoas\u0103 datorit\u0103 pre\u021burilor mici \u0219i a calit\u0103\u021bii deosebite a solului. Spre exemplu, \u00een Germania un hectar cost\u0103 \u00een medie aproximativ 15.000 de euro iar \u00een Marea Britanie pre\u021bul s\u0103rea de 20.000 de euro \u00een Olanda ajunge la 60 000 de euro. La noi, de zece ori \u2013 dou\u0103zeci de ori mai ieftin.<\/h4>\n<h4><strong>Reclama din presa francez\u0103 a timpului suna cam a\u0219a &#8211; <span style=\"color: #ff0000;\">&#8222;Noul Eldorado &#8211; p\u0103m\u00e2nturile Rom\u00e2niei\u201d.<\/span><\/strong><\/h4>\n<h4><em>\u00ab Roumanie \u2022 pr\u00e8s de 15 millions d\u2019hectares de terres agricoles \u2022 Deuxi\u00e8me superficie \u00e9colo\u00adgi\u00adque du continent apr\u00e8s la France \u2022 pourrait nourrir 80 millions de personnes \u2022 le futur grenier de l\u2019Europe \u00bb.<\/em><\/h4>\n<h4>Gr\u00e2narul Europei dar nu al rom\u00e2nilor<\/h4>\n<h4>De exemplu, \u00een judetul Timi\u0219, se estima c\u0103 aproximativ 150.000 de ha de teren agricol \u2013 aproape o treime din suprafata agricol\u0103 a jude\u021bului \u2013 erau cultivate de companii detinute de investitori italieni. Cea mai mare parte a terenului cultivat este, de asemenea, de\u021binut\u0103 de aceste companii str\u0103ine.<\/h4>\n<h4>Odat\u0103 cu intrarea \u00een vigoare a acordului cu UE din 2014 fenomenul m\u0103tr\u0103\u0219irii \u0219i \u00eenh\u0103\u021b\u0103rii terenurilor agricole din Rom\u00e2nia, a primit deja \u0219i un termen specializat: \u201eland-grabing\u201d<\/h4>\n<h4><strong>La vremea aceea o anchet\u0103 a CRJI \u0219i a publica\u021biei De Correspondent din Olanda a scos la iveal\u0103 faptul c\u0103 un gigantic fond de investi\u021bii Rabo Bank se ocupa la noi cu a\u0219a numitul \u201dland grabing\u201d prin fals \u00een acte \u0219i \u00een\u0219el\u0103ciune, \u0219i a achizi\u021bionat peste 21.000 de hectare de teren arabil \u00een Rom\u00e2nia. \u0218i era doar unul dintre Fondurile implicate \u00een opera\u021biune. Metoda nu era doar cu specific olandez.<\/strong><\/h4>\n<h4>\u201dUna dintre filialele Rabo Farm a lucrat \u00een cele mai multe cazuri cu intermediari care l-au angajat pe Gheorghe Papuc, un infractor condamnat, s\u0103 le g\u0103seasc\u0103 terenuri de v\u00e2nzare. S\u0103tenii mai v\u00e2rstnici explic\u0103 cum Papuc a venit la ei \u00een toiul nop\u021bii, i-a h\u0103r\u021buit \u0219i i-a p\u0103c\u0103lit s\u0103 \u00ee\u0219i v\u00e2nd\u0103 terenurile. To\u021bi cei cu care am discutat ne-au spus exact acela\u0219i lucru. C\u0103 au fost \u00eembarca\u021bi \u00eentr-un autobuz \u00eentr-un ora\u0219 \u00eenvecinat \u00eempreun\u0103 cu alte zeci de cons\u0103teni.<\/h4>\n<h4>Odat\u0103 ajun\u0219i acolo, ei au fost du\u0219i \u00eentr-un bloc, apoi \u00eempin\u0219i \u00eentr-o camer\u0103 mic\u0103 pu\u021bin luminat\u0103 \u0219i pu\u0219i s\u0103 semneze \u00een fa\u021ba unui notar c\u0103 renun\u021b\u0103 la terenuri. Rabo Farm a cump\u0103rat terenuri \u00een cel pu\u021bin 51 de sate rom\u00e2ne\u0219ti, toate aflate \u00een zone de c\u00e2mpie din vestul, sudul \u0219i estul \u021b\u0103rii.<\/h4>\n<h4>Dup\u0103 achizi\u021bionare, Rabo Farm a dat \u00een arend\u0103 p\u0103m\u00e2nturile c\u0103tre \u201earenda\u0219i pricepu\u021bi\u201d dintre care un sfert sunt fie politicieni, fie infractori condamna\u021bi pentru diferite infrac\u021biuni, furt, mit\u0103 sau pentru c\u0103 au exploatat oameni, ori baroni locali afla\u021bi \u00een str\u00e2ns\u0103 leg\u0103tur\u0103 cu oficiali corup\u021bi.<\/h4>\n<h4>Contractele \u00eencheiate \u00eentre arenda\u0219i \u0219i Rabo Farm arat\u0103 c\u0103 fondul de investi\u021bii se folose\u0219te de o lacun\u0103 legislativ\u0103 care \u00eei permite s\u0103 redirec\u021bioneze subven\u021biile pentru agricultur\u0103 venite de la UE c\u0103tre propria te\u0219cherea, de\u0219i nu cultiv\u0103 de fapt p\u0103m\u00e2ntul. Arenda\u0219ii transfer\u0103 subven\u021bia c\u0103tre Rabo Farm drept garan\u021bie pentru arend\u0103, redirec\u021bion\u00e2nd astfel ajutorul principal oferit de UE pentru agricultur\u0103 dinspre fermieri c\u0103tre investitori.\u201d<\/h4>\n<h4><span style=\"color: #ff0000;\"><strong>Fondul de investi\u021bii vindea terenurile fermierilor rom\u00e2ni f\u0103r\u0103 acordul lor, cu complicitatea primarilor tic\u0103lo\u0219i, a consiliilor locale care emit acte \u00een fals, scot \u00eenscrisuri oficiale tot \u00een fals \u0219i execut\u0103 copios abuzuri \u00een serviciu, la care se adaug\u0103 activitatea infrac\u021bional\u0103 a judec\u0103torilor \u0219i notarilor locali ce fac parte dintr-o vast\u0103 re\u021bea de corup\u021bie ce c\u0103pu\u0219eaz\u0103 \u0219i distruge agricultura rom\u00e2neasc\u0103.<\/strong><\/span><\/h4>\n<h4>Rapoarte din perioada respectiv\u0103 realizate de o organiza\u021bie f\u0103r\u0103 nici o leg\u0103tur\u0103 cu statul rom\u00e2n &#8211; The EcoRuralis &#8211; aratau c\u0103 \u00eentre 2002-2010 au disp\u0103rut 150.000 de ferme.<\/h4>\n<h4>Semnalele de alarm\u0103 trase la aceea vreme n-au avut niciun efect, a continuat mar\u0219ul distructiv iar autorit\u0103\u021bile statului rom\u00e2n s-au ferit cu grije s\u0103 deranjeze \u201dinvestitorii\u201d de afar\u0103 de unde venea \u0219paga a\u0219adar singurele h\u0103r\u021bi ce ilustreaz\u0103 o parte din land grabingul autohton sunt realizate acum \u0219apte ani de c\u0103tre ONG-ul numit.<\/h4>\n<h4><strong><em>&#8222;Nu \u0219tiu dac\u0103 mai avem ce vinde \u00een \u021bara asta, pentru c\u0103 dac\u0103 am v\u00e2ndut \u0219i p\u0103m\u00e2ntul ne-am dus naibii; televiziunile, spune\u021bi oamenilor adev\u0103rul!\u201d<\/em><\/strong><strong>&nbsp;spunea prin 2014 reprezentantul Ligii Asocia\u021biilor Produc\u0103torilor Agricoli din Rom\u00e2nia<\/strong><\/h4>\n<h4><span style=\"color: #ff0000;\">&#8222;Constitu\u021bia actual\u0103, ca \u0219i cea din 1866, apoi din 1923 \u0219i 1938, interzice categoric v\u00e2nzarea p\u0103m\u00e2ntului c\u0103tre str\u0103ini sau apatrizi. Deci,&nbsp;<strong>de la Constitu\u021bia lui Cuza \u00eencoace, nu li s-a permis str\u0103inilor s\u0103 cumpere terenuri \u00een Rom\u00e2nia. Sub nici o form\u0103.<\/strong>&nbsp;\u0218i legisla\u021bia rom\u00e2neasc\u0103, de mai bine de un secol, a fost recunoscut\u0103 \u00een Europa, p\u00e2n\u0103 \u00een 1944, ca una dintre cele mai bune. Dac\u0103 se dorea o lege bun\u0103, nu trebuia dec\u00e2t s\u0103 se reactualizeze legisla\u021bia de dinainte de 1944 \u0219i aveam din nou cea mai bun\u0103 legisla\u021bie din Europa, o legisla\u021bie cu specific rom\u00e2nesc.\u201d, spunea regretatul profesor de drept Corneliu Turianu.<\/span><\/h4>\n<h4>Iar profesorul Ilie B\u0103descu amintea \u00een urma unei dezbateri-semnal de alarm\u0103 pe aceast\u0103 tem\u0103 organizat\u0103 de Liga Studen\u021bilor \u0219i A.S.C.O.R. \u00een urm\u0103 cu mul\u021bi ani c\u0103, \u00eentr-o discu\u021bie purtat\u0103 cu c\u00e2teva personalit\u0103\u021bi rom\u00e2ne\u0219ti, o distins\u0103 reprezentant\u0103 a Europei, doamna Karen Fog, a f\u0103cut urm\u0103toarea m\u0103rturisire: \u201eEste p\u0103cat c\u0103 \u00een Rom\u00e2nia dezbaterile despre integrare se limiteaz\u0103 la alinierea legisla\u021biei \u0219i a standardelor la cele comunitare, dar nu se discut\u0103 problemele de fond. Aceste probleme sunt evitate. \u00eentre altele, legisla\u021bia trebuie adaptat\u0103 nu numai la exigen\u021bele comunitare, ci \u0219i la nevoile Rom\u00e2niei \u00eens\u0103\u0219i.\u201d<\/h4>\n<h4><strong>\u00cen urm\u0103 cu un secol milioane de \u021b\u0103rani rom\u00e2ni s-au dus la r\u0103zboi cu promisiunea c\u0103 vor primi p\u0103m\u00e2nt. Marea Unire, visul Rom\u00e2niei Mari, a costat vie\u021bile a 1,2 milioane de rom\u00e2ni. P\u0103m\u00e2ntul pe care l-au primit s-a dus de izbeli\u0219te odat\u0103 cu jertfa lor de s\u00e2nge. Comuni\u0219tii, neocomuni\u0219tii \u0219i mai nou liberalii au des\u0103v\u00e2r\u0219it spolierea celei mai de seam\u0103 averi a Rom\u00e2niei, a venit r\u00e2ndul \u0219i uteci\u0219tilor lenini\u0219ti de la USR Plus s\u0103-\u0219i aduc\u0103 aportul la m\u0103tr\u0103\u0219irea ultimelor palme de p\u0103m\u00e2nt r\u0103mase.<\/strong><\/h4>\n<h4>Dac\u0103 vor reu\u0219i, \u00eenseamn\u0103 c\u0103 rom\u00e2nii nu vor mai c\u0103lca pe p\u0103m\u00e2nt rom\u00e2nesc.<\/h4>\n<h4><\/h4>        <div class=\"booster-block booster-reactions-block\">\n            <div class=\"twp-reactions-icons\">\n                \n                <div class=\"twp-reacts-wrap\">\n                    <a react-data=\"be-react-1\" post-id=\"3494\" class=\"be-face-icons un-reacted\" href=\"javascript:void(0)\">\n                        <img decoding=\"async\" src=\"https:\/\/desteptati-va.ro\/wp-content\/plugins\/booster-extension\/\/assets\/icon\/happy.svg\" alt=\"Happy\">\n                    <\/a>\n                    <div class=\"twp-reaction-title\">\n                        Happy                    <\/div>\n                    <div class=\"twp-count-percent\">\n                                                    <span style=\"display: none;\" class=\"twp-react-count\">0<\/span>\n                        \n                                                <span class=\"twp-react-percent\"><span>0<\/span> %<\/span>\n                                            <\/div>\n                <\/div>\n\n                <div class=\"twp-reacts-wrap\">\n                    <a react-data=\"be-react-2\" post-id=\"3494\" class=\"be-face-icons un-reacted\" href=\"javascript:void(0)\">\n                        <img decoding=\"async\" src=\"https:\/\/desteptati-va.ro\/wp-content\/plugins\/booster-extension\/\/assets\/icon\/sad.svg\" alt=\"Sad\">\n                    <\/a>\n                    <div class=\"twp-reaction-title\">\n                        Sad                    <\/div>\n                    <div class=\"twp-count-percent\">\n                                                    <span style=\"display: none;\" class=\"twp-react-count\">0<\/span>\n                                                                        <span class=\"twp-react-percent\"><span>0<\/span> %<\/span>\n                                            <\/div>\n                <\/div>\n\n                <div class=\"twp-reacts-wrap\">\n                    <a react-data=\"be-react-3\" post-id=\"3494\" class=\"be-face-icons un-reacted\" href=\"javascript:void(0)\">\n                        <img decoding=\"async\" src=\"https:\/\/desteptati-va.ro\/wp-content\/plugins\/booster-extension\/\/assets\/icon\/excited.svg\" alt=\"Excited\">\n                    <\/a>\n                    <div class=\"twp-reaction-title\">\n                        Excited                    <\/div>\n                    <div class=\"twp-count-percent\">\n                                                    <span style=\"display: none;\" class=\"twp-react-count\">0<\/span>\n                                                                        <span class=\"twp-react-percent\"><span>0<\/span> %<\/span>\n                                            <\/div>\n                <\/div>\n\n                <div class=\"twp-reacts-wrap\">\n                    <a react-data=\"be-react-6\" post-id=\"3494\" class=\"be-face-icons un-reacted\" href=\"javascript:void(0)\">\n                        <img decoding=\"async\" src=\"https:\/\/desteptati-va.ro\/wp-content\/plugins\/booster-extension\/\/assets\/icon\/sleepy.svg\" alt=\"Sleepy\">\n                    <\/a>\n                    <div class=\"twp-reaction-title\">\n                        Sleepy                    <\/div>\n                    <div class=\"twp-count-percent\">\n                                                    <span style=\"display: none;\" class=\"twp-react-count\">0<\/span>\n                        \n                                                <span class=\"twp-react-percent\"><span>0<\/span> %<\/span>\n                                            <\/div>\n                <\/div>\n\n                <div class=\"twp-reacts-wrap\">\n                    <a react-data=\"be-react-4\" post-id=\"3494\" class=\"be-face-icons un-reacted\" href=\"javascript:void(0)\">\n                        <img decoding=\"async\" src=\"https:\/\/desteptati-va.ro\/wp-content\/plugins\/booster-extension\/\/assets\/icon\/angry.svg\" alt=\"Angry\">\n                    <\/a>\n                    <div class=\"twp-reaction-title\">Angry<\/div>\n                    <div class=\"twp-count-percent\">\n                                                    <span style=\"display: none;\" class=\"twp-react-count\">0<\/span>\n                                                                        <span class=\"twp-react-percent\"><span>0<\/span> %<\/span>\n                        \n                    <\/div>\n                <\/div>\n\n                <div class=\"twp-reacts-wrap\">\n                    <a react-data=\"be-react-5\" post-id=\"3494\" class=\"be-face-icons un-reacted\" href=\"javascript:void(0)\">\n                        <img decoding=\"async\" src=\"https:\/\/desteptati-va.ro\/wp-content\/plugins\/booster-extension\/\/assets\/icon\/surprise.svg\" alt=\"Surprise\">\n                    <\/a>\n                    <div class=\"twp-reaction-title\">Surprise<\/div>\n                    <div class=\"twp-count-percent\">\n                                                    <span style=\"display: none;\" class=\"twp-react-count\">0<\/span>\n                                                                        <span class=\"twp-react-percent\"><span>0<\/span> %<\/span>\n                                            <\/div>\n                <\/div>\n\n            <\/div>\n        <\/div>\n\n    <\/div>","protected":false},"excerpt":{"rendered":"<p>B\u0102T\u0102LIA pentru Rom\u00e2nia. V\u00e2nzarea p\u0103m\u00e2ntului este sf\u00e2r\u0219itul Rom\u00e2niei. B\u0103t\u0103lia pentru p\u0103m\u00e2nt e b\u0103t\u0103lia pentru viitorul copiilor no\u0219tri. Odat\u0103 cu irosirea<a href=\"https:\/\/desteptati-va.ro\/index.php\/2021\/04\/13\/romania-scoasa-la-vanzare-veniti-nemernicii-o-vand-ieftin\/\">Read More<i class=\"fa fa-long-arrow-right\" aria-hidden=\"true\"><\/i><\/a><\/p>\n","protected":false},"author":1,"featured_media":3313,"comment_status":"open","ping_status":"open","sticky":false,"template":"","format":"standard","meta":{"_crdt_document":"","footnotes":""},"categories":[22,23,218,1759],"tags":[222,223,224,225],"class_list":["post-3494","post","type-post","status-publish","format-standard","has-post-thumbnail","hentry","category-epoca-ion-iliescu-1989-1996-2000-2004","category-epoca-klaus-iohannis-2014-2024","category-general","category-politica-damboviteana","tag-agricultura","tag-irigatii","tag-pamant","tag-tara"],"rise-blocks_total_comments":0,"rise-blocks_categories":[{"term_id":218,"name":"General","slug":"general","term_group":0,"term_taxonomy_id":218,"taxonomy":"category","description":"","parent":0,"count":56,"filter":"raw"}],"rise-blocks_excerpt":"B\u0102T\u0102LIA pentru Rom\u00e2nia. V\u00e2nzarea p\u0103m\u00e2ntului este sf\u00e2r\u0219itul Rom\u00e2niei. B\u0103t\u0103lia pentru p\u0103m\u00e2nt e b\u0103t\u0103lia pentru viitorul copiilor no\u0219tri. Odat\u0103 cu irosirea resursei principale a \u021b\u0103rii &#8211; p\u0103m\u00e2ntul -, va fi pierdut\u0103 definitiv suveranitatea alimentar\u0103 a Rom\u00e2niei DE&nbsp;VLADIMIR ALEXANDRU&nbsp; \/ &nbsp;&nbsp;\u0218TIRI&nbsp;&nbsp; \/ &nbsp; Publicat: Luni, 22 martie 2021, 21:08&nbsp;&nbsp; \/ &nbsp;&nbsp;5 comentarii &nbsp;&nbsp; Dup\u0103 trei decenii de socialism\/pene\u021bism\/liberalism\/securism Rom\u00e2nia este nimicit\u0103 \u00een..","yoast_head":"<!-- This site is optimized with the Yoast SEO plugin v26.9 - https:\/\/yoast.com\/product\/yoast-seo-wordpress\/ -->\r\n<title>ROMANIA scoasa la vanzare, veniti nemernicii o vand ieftin.... -<\/title>\r\n<meta name=\"robots\" content=\"index, follow, max-snippet:-1, max-image-preview:large, max-video-preview:-1\" \/>\r\n<link rel=\"canonical\" href=\"https:\/\/desteptati-va.ro\/index.php\/2021\/04\/13\/romania-scoasa-la-vanzare-veniti-nemernicii-o-vand-ieftin\/\" \/>\r\n<meta property=\"og:locale\" content=\"ro_RO\" \/>\r\n<meta property=\"og:type\" content=\"article\" \/>\r\n<meta property=\"og:title\" content=\"ROMANIA scoasa la vanzare, veniti nemernicii o vand ieftin.... -\" \/>\r\n<meta property=\"og:description\" content=\"B\u0102T\u0102LIA pentru Rom\u00e2nia. V\u00e2nzarea p\u0103m\u00e2ntului este sf\u00e2r\u0219itul Rom\u00e2niei. B\u0103t\u0103lia pentru p\u0103m\u00e2nt e b\u0103t\u0103lia pentru viitorul copiilor no\u0219tri. Odat\u0103 cu irosireaRead More\" \/>\r\n<meta property=\"og:url\" content=\"https:\/\/desteptati-va.ro\/index.php\/2021\/04\/13\/romania-scoasa-la-vanzare-veniti-nemernicii-o-vand-ieftin\/\" \/>\r\n<meta property=\"article:published_time\" content=\"2021-04-13T12:06:10+00:00\" \/>\r\n<meta property=\"article:modified_time\" content=\"2022-02-04T20:10:45+00:00\" \/>\r\n<meta property=\"og:image\" content=\"https:\/\/desteptati-va.ro\/wp-content\/uploads\/2021\/04\/vanzarea-pamant-768x657-1.jpg\" \/>\r\n\t<meta property=\"og:image:width\" content=\"768\" \/>\r\n\t<meta property=\"og:image:height\" content=\"657\" \/>\r\n\t<meta property=\"og:image:type\" content=\"image\/jpeg\" \/>\r\n<meta name=\"author\" content=\"wolfsoftcompany\" \/>\r\n<meta name=\"twitter:card\" content=\"summary_large_image\" \/>\r\n<meta name=\"twitter:label1\" content=\"Scris de\" \/>\n\t<meta name=\"twitter:data1\" content=\"wolfsoftcompany\" \/>\n\t<meta name=\"twitter:label2\" content=\"Timp estimat pentru citire\" \/>\n\t<meta name=\"twitter:data2\" content=\"16 minute\" \/>\r\n<script type=\"application\/ld+json\" class=\"yoast-schema-graph\">{\"@context\":\"https:\/\/schema.org\",\"@graph\":[{\"@type\":\"Article\",\"@id\":\"https:\/\/desteptati-va.ro\/index.php\/2021\/04\/13\/romania-scoasa-la-vanzare-veniti-nemernicii-o-vand-ieftin\/#article\",\"isPartOf\":{\"@id\":\"https:\/\/desteptati-va.ro\/index.php\/2021\/04\/13\/romania-scoasa-la-vanzare-veniti-nemernicii-o-vand-ieftin\/\"},\"author\":{\"name\":\"wolfsoftcompany\",\"@id\":\"https:\/\/desteptati-va.ro\/#\/schema\/person\/13182deeebd44920914899f7bb262d6b\"},\"headline\":\"ROMANIA scoasa la vanzare, veniti nemernicii o vand ieftin&#8230;.\",\"datePublished\":\"2021-04-13T12:06:10+00:00\",\"dateModified\":\"2022-02-04T20:10:45+00:00\",\"mainEntityOfPage\":{\"@id\":\"https:\/\/desteptati-va.ro\/index.php\/2021\/04\/13\/romania-scoasa-la-vanzare-veniti-nemernicii-o-vand-ieftin\/\"},\"wordCount\":3173,\"commentCount\":0,\"image\":{\"@id\":\"https:\/\/desteptati-va.ro\/index.php\/2021\/04\/13\/romania-scoasa-la-vanzare-veniti-nemernicii-o-vand-ieftin\/#primaryimage\"},\"thumbnailUrl\":\"https:\/\/desteptati-va.ro\/wp-content\/uploads\/2021\/04\/vanzarea-pamant-768x657-1.jpg\",\"keywords\":[\"agricultura\",\"irigatii\",\"pamant\",\"tara\"],\"articleSection\":[\"Epoca Ion Iliescu (1989-1996) (2000-2004)\",\"Epoca Klaus Iohannis (2014-2024)\",\"General\",\"Politica D\u00e2mbovi\u021bean\u0103\"],\"inLanguage\":\"ro-RO\",\"potentialAction\":[{\"@type\":\"CommentAction\",\"name\":\"Comment\",\"target\":[\"https:\/\/desteptati-va.ro\/index.php\/2021\/04\/13\/romania-scoasa-la-vanzare-veniti-nemernicii-o-vand-ieftin\/#respond\"]}]},{\"@type\":\"WebPage\",\"@id\":\"https:\/\/desteptati-va.ro\/index.php\/2021\/04\/13\/romania-scoasa-la-vanzare-veniti-nemernicii-o-vand-ieftin\/\",\"url\":\"https:\/\/desteptati-va.ro\/index.php\/2021\/04\/13\/romania-scoasa-la-vanzare-veniti-nemernicii-o-vand-ieftin\/\",\"name\":\"ROMANIA scoasa la vanzare, veniti nemernicii o vand ieftin.... -\",\"isPartOf\":{\"@id\":\"https:\/\/desteptati-va.ro\/#website\"},\"primaryImageOfPage\":{\"@id\":\"https:\/\/desteptati-va.ro\/index.php\/2021\/04\/13\/romania-scoasa-la-vanzare-veniti-nemernicii-o-vand-ieftin\/#primaryimage\"},\"image\":{\"@id\":\"https:\/\/desteptati-va.ro\/index.php\/2021\/04\/13\/romania-scoasa-la-vanzare-veniti-nemernicii-o-vand-ieftin\/#primaryimage\"},\"thumbnailUrl\":\"https:\/\/desteptati-va.ro\/wp-content\/uploads\/2021\/04\/vanzarea-pamant-768x657-1.jpg\",\"datePublished\":\"2021-04-13T12:06:10+00:00\",\"dateModified\":\"2022-02-04T20:10:45+00:00\",\"author\":{\"@id\":\"https:\/\/desteptati-va.ro\/#\/schema\/person\/13182deeebd44920914899f7bb262d6b\"},\"breadcrumb\":{\"@id\":\"https:\/\/desteptati-va.ro\/index.php\/2021\/04\/13\/romania-scoasa-la-vanzare-veniti-nemernicii-o-vand-ieftin\/#breadcrumb\"},\"inLanguage\":\"ro-RO\",\"potentialAction\":[{\"@type\":\"ReadAction\",\"target\":[\"https:\/\/desteptati-va.ro\/index.php\/2021\/04\/13\/romania-scoasa-la-vanzare-veniti-nemernicii-o-vand-ieftin\/\"]}]},{\"@type\":\"ImageObject\",\"inLanguage\":\"ro-RO\",\"@id\":\"https:\/\/desteptati-va.ro\/index.php\/2021\/04\/13\/romania-scoasa-la-vanzare-veniti-nemernicii-o-vand-ieftin\/#primaryimage\",\"url\":\"https:\/\/desteptati-va.ro\/wp-content\/uploads\/2021\/04\/vanzarea-pamant-768x657-1.jpg\",\"contentUrl\":\"https:\/\/desteptati-va.ro\/wp-content\/uploads\/2021\/04\/vanzarea-pamant-768x657-1.jpg\",\"width\":768,\"height\":657},{\"@type\":\"BreadcrumbList\",\"@id\":\"https:\/\/desteptati-va.ro\/index.php\/2021\/04\/13\/romania-scoasa-la-vanzare-veniti-nemernicii-o-vand-ieftin\/#breadcrumb\",\"itemListElement\":[{\"@type\":\"ListItem\",\"position\":1,\"name\":\"Prima pagin\u0103\",\"item\":\"https:\/\/desteptati-va.ro\/\"},{\"@type\":\"ListItem\",\"position\":2,\"name\":\"ROMANIA scoasa la vanzare, veniti nemernicii o vand ieftin&#8230;.\"}]},{\"@type\":\"WebSite\",\"@id\":\"https:\/\/desteptati-va.ro\/#website\",\"url\":\"https:\/\/desteptati-va.ro\/\",\"name\":\"\",\"description\":\"\",\"potentialAction\":[{\"@type\":\"SearchAction\",\"target\":{\"@type\":\"EntryPoint\",\"urlTemplate\":\"https:\/\/desteptati-va.ro\/?s={search_term_string}\"},\"query-input\":{\"@type\":\"PropertyValueSpecification\",\"valueRequired\":true,\"valueName\":\"search_term_string\"}}],\"inLanguage\":\"ro-RO\"},{\"@type\":\"Person\",\"@id\":\"https:\/\/desteptati-va.ro\/#\/schema\/person\/13182deeebd44920914899f7bb262d6b\",\"name\":\"wolfsoftcompany\",\"image\":{\"@type\":\"ImageObject\",\"inLanguage\":\"ro-RO\",\"@id\":\"https:\/\/desteptati-va.ro\/#\/schema\/person\/image\/\",\"url\":\"https:\/\/secure.gravatar.com\/avatar\/a6cce9b6d101d27d91690e7073e300fed94c0899890bf998e082cb9d2c3d121e?s=96&d=mm&r=g\",\"contentUrl\":\"https:\/\/secure.gravatar.com\/avatar\/a6cce9b6d101d27d91690e7073e300fed94c0899890bf998e082cb9d2c3d121e?s=96&d=mm&r=g\",\"caption\":\"wolfsoftcompany\"},\"sameAs\":[\"http:\/\/desteptati-va.ro\"],\"url\":\"https:\/\/desteptati-va.ro\/index.php\/author\/wolfsoftcompany\/\"}]}<\/script>\r\n<!-- \/ Yoast SEO plugin. -->","yoast_head_json":{"title":"ROMANIA scoasa la vanzare, veniti nemernicii o vand ieftin.... -","robots":{"index":"index","follow":"follow","max-snippet":"max-snippet:-1","max-image-preview":"max-image-preview:large","max-video-preview":"max-video-preview:-1"},"canonical":"https:\/\/desteptati-va.ro\/index.php\/2021\/04\/13\/romania-scoasa-la-vanzare-veniti-nemernicii-o-vand-ieftin\/","og_locale":"ro_RO","og_type":"article","og_title":"ROMANIA scoasa la vanzare, veniti nemernicii o vand ieftin.... -","og_description":"B\u0102T\u0102LIA pentru Rom\u00e2nia. V\u00e2nzarea p\u0103m\u00e2ntului este sf\u00e2r\u0219itul Rom\u00e2niei. B\u0103t\u0103lia pentru p\u0103m\u00e2nt e b\u0103t\u0103lia pentru viitorul copiilor no\u0219tri. Odat\u0103 cu irosireaRead More","og_url":"https:\/\/desteptati-va.ro\/index.php\/2021\/04\/13\/romania-scoasa-la-vanzare-veniti-nemernicii-o-vand-ieftin\/","article_published_time":"2021-04-13T12:06:10+00:00","article_modified_time":"2022-02-04T20:10:45+00:00","og_image":[{"width":768,"height":657,"url":"https:\/\/desteptati-va.ro\/wp-content\/uploads\/2021\/04\/vanzarea-pamant-768x657-1.jpg","type":"image\/jpeg"}],"author":"wolfsoftcompany","twitter_card":"summary_large_image","twitter_misc":{"Scris de":"wolfsoftcompany","Timp estimat pentru citire":"16 minute"},"schema":{"@context":"https:\/\/schema.org","@graph":[{"@type":"Article","@id":"https:\/\/desteptati-va.ro\/index.php\/2021\/04\/13\/romania-scoasa-la-vanzare-veniti-nemernicii-o-vand-ieftin\/#article","isPartOf":{"@id":"https:\/\/desteptati-va.ro\/index.php\/2021\/04\/13\/romania-scoasa-la-vanzare-veniti-nemernicii-o-vand-ieftin\/"},"author":{"name":"wolfsoftcompany","@id":"https:\/\/desteptati-va.ro\/#\/schema\/person\/13182deeebd44920914899f7bb262d6b"},"headline":"ROMANIA scoasa la vanzare, veniti nemernicii o vand ieftin&#8230;.","datePublished":"2021-04-13T12:06:10+00:00","dateModified":"2022-02-04T20:10:45+00:00","mainEntityOfPage":{"@id":"https:\/\/desteptati-va.ro\/index.php\/2021\/04\/13\/romania-scoasa-la-vanzare-veniti-nemernicii-o-vand-ieftin\/"},"wordCount":3173,"commentCount":0,"image":{"@id":"https:\/\/desteptati-va.ro\/index.php\/2021\/04\/13\/romania-scoasa-la-vanzare-veniti-nemernicii-o-vand-ieftin\/#primaryimage"},"thumbnailUrl":"https:\/\/desteptati-va.ro\/wp-content\/uploads\/2021\/04\/vanzarea-pamant-768x657-1.jpg","keywords":["agricultura","irigatii","pamant","tara"],"articleSection":["Epoca Ion Iliescu (1989-1996) (2000-2004)","Epoca Klaus Iohannis (2014-2024)","General","Politica D\u00e2mbovi\u021bean\u0103"],"inLanguage":"ro-RO","potentialAction":[{"@type":"CommentAction","name":"Comment","target":["https:\/\/desteptati-va.ro\/index.php\/2021\/04\/13\/romania-scoasa-la-vanzare-veniti-nemernicii-o-vand-ieftin\/#respond"]}]},{"@type":"WebPage","@id":"https:\/\/desteptati-va.ro\/index.php\/2021\/04\/13\/romania-scoasa-la-vanzare-veniti-nemernicii-o-vand-ieftin\/","url":"https:\/\/desteptati-va.ro\/index.php\/2021\/04\/13\/romania-scoasa-la-vanzare-veniti-nemernicii-o-vand-ieftin\/","name":"ROMANIA scoasa la vanzare, veniti nemernicii o vand ieftin.... -","isPartOf":{"@id":"https:\/\/desteptati-va.ro\/#website"},"primaryImageOfPage":{"@id":"https:\/\/desteptati-va.ro\/index.php\/2021\/04\/13\/romania-scoasa-la-vanzare-veniti-nemernicii-o-vand-ieftin\/#primaryimage"},"image":{"@id":"https:\/\/desteptati-va.ro\/index.php\/2021\/04\/13\/romania-scoasa-la-vanzare-veniti-nemernicii-o-vand-ieftin\/#primaryimage"},"thumbnailUrl":"https:\/\/desteptati-va.ro\/wp-content\/uploads\/2021\/04\/vanzarea-pamant-768x657-1.jpg","datePublished":"2021-04-13T12:06:10+00:00","dateModified":"2022-02-04T20:10:45+00:00","author":{"@id":"https:\/\/desteptati-va.ro\/#\/schema\/person\/13182deeebd44920914899f7bb262d6b"},"breadcrumb":{"@id":"https:\/\/desteptati-va.ro\/index.php\/2021\/04\/13\/romania-scoasa-la-vanzare-veniti-nemernicii-o-vand-ieftin\/#breadcrumb"},"inLanguage":"ro-RO","potentialAction":[{"@type":"ReadAction","target":["https:\/\/desteptati-va.ro\/index.php\/2021\/04\/13\/romania-scoasa-la-vanzare-veniti-nemernicii-o-vand-ieftin\/"]}]},{"@type":"ImageObject","inLanguage":"ro-RO","@id":"https:\/\/desteptati-va.ro\/index.php\/2021\/04\/13\/romania-scoasa-la-vanzare-veniti-nemernicii-o-vand-ieftin\/#primaryimage","url":"https:\/\/desteptati-va.ro\/wp-content\/uploads\/2021\/04\/vanzarea-pamant-768x657-1.jpg","contentUrl":"https:\/\/desteptati-va.ro\/wp-content\/uploads\/2021\/04\/vanzarea-pamant-768x657-1.jpg","width":768,"height":657},{"@type":"BreadcrumbList","@id":"https:\/\/desteptati-va.ro\/index.php\/2021\/04\/13\/romania-scoasa-la-vanzare-veniti-nemernicii-o-vand-ieftin\/#breadcrumb","itemListElement":[{"@type":"ListItem","position":1,"name":"Prima pagin\u0103","item":"https:\/\/desteptati-va.ro\/"},{"@type":"ListItem","position":2,"name":"ROMANIA scoasa la vanzare, veniti nemernicii o vand ieftin&#8230;."}]},{"@type":"WebSite","@id":"https:\/\/desteptati-va.ro\/#website","url":"https:\/\/desteptati-va.ro\/","name":"","description":"","potentialAction":[{"@type":"SearchAction","target":{"@type":"EntryPoint","urlTemplate":"https:\/\/desteptati-va.ro\/?s={search_term_string}"},"query-input":{"@type":"PropertyValueSpecification","valueRequired":true,"valueName":"search_term_string"}}],"inLanguage":"ro-RO"},{"@type":"Person","@id":"https:\/\/desteptati-va.ro\/#\/schema\/person\/13182deeebd44920914899f7bb262d6b","name":"wolfsoftcompany","image":{"@type":"ImageObject","inLanguage":"ro-RO","@id":"https:\/\/desteptati-va.ro\/#\/schema\/person\/image\/","url":"https:\/\/secure.gravatar.com\/avatar\/a6cce9b6d101d27d91690e7073e300fed94c0899890bf998e082cb9d2c3d121e?s=96&d=mm&r=g","contentUrl":"https:\/\/secure.gravatar.com\/avatar\/a6cce9b6d101d27d91690e7073e300fed94c0899890bf998e082cb9d2c3d121e?s=96&d=mm&r=g","caption":"wolfsoftcompany"},"sameAs":["http:\/\/desteptati-va.ro"],"url":"https:\/\/desteptati-va.ro\/index.php\/author\/wolfsoftcompany\/"}]}},"_links":{"self":[{"href":"https:\/\/desteptati-va.ro\/index.php\/wp-json\/wp\/v2\/posts\/3494","targetHints":{"allow":["GET"]}}],"collection":[{"href":"https:\/\/desteptati-va.ro\/index.php\/wp-json\/wp\/v2\/posts"}],"about":[{"href":"https:\/\/desteptati-va.ro\/index.php\/wp-json\/wp\/v2\/types\/post"}],"author":[{"embeddable":true,"href":"https:\/\/desteptati-va.ro\/index.php\/wp-json\/wp\/v2\/users\/1"}],"replies":[{"embeddable":true,"href":"https:\/\/desteptati-va.ro\/index.php\/wp-json\/wp\/v2\/comments?post=3494"}],"version-history":[{"count":2,"href":"https:\/\/desteptati-va.ro\/index.php\/wp-json\/wp\/v2\/posts\/3494\/revisions"}],"predecessor-version":[{"id":4690,"href":"https:\/\/desteptati-va.ro\/index.php\/wp-json\/wp\/v2\/posts\/3494\/revisions\/4690"}],"wp:featuredmedia":[{"embeddable":true,"href":"https:\/\/desteptati-va.ro\/index.php\/wp-json\/wp\/v2\/media\/3313"}],"wp:attachment":[{"href":"https:\/\/desteptati-va.ro\/index.php\/wp-json\/wp\/v2\/media?parent=3494"}],"wp:term":[{"taxonomy":"category","embeddable":true,"href":"https:\/\/desteptati-va.ro\/index.php\/wp-json\/wp\/v2\/categories?post=3494"},{"taxonomy":"post_tag","embeddable":true,"href":"https:\/\/desteptati-va.ro\/index.php\/wp-json\/wp\/v2\/tags?post=3494"}],"curies":[{"name":"wp","href":"https:\/\/api.w.org\/{rel}","templated":true}]}}