{"id":3497,"date":"2021-04-13T12:08:25","date_gmt":"2021-04-13T12:08:25","guid":{"rendered":"http:\/\/desteptati.ro\/?p=3497"},"modified":"2022-01-12T20:15:43","modified_gmt":"2022-01-12T18:15:43","slug":"academia-sri-isi-reclama-opt-doctori-pentru-plagiat-printre-ei-un-fost-sef-antitero-si-un-fost-sef-spp","status":"publish","type":"post","link":"https:\/\/desteptati-va.ro\/index.php\/2021\/04\/13\/academia-sri-isi-reclama-opt-doctori-pentru-plagiat-printre-ei-un-fost-sef-antitero-si-un-fost-sef-spp\/","title":{"rendered":"Academia SRI \u00ee\u0219i reclam\u0103 opt doctori pentru plagiat: printre ei, un fost \u0219ef Antitero \u0219i un fost \u0219ef SPP"},"content":{"rendered":"<div class=\"post-content\"><div class='booster-block booster-read-block'>\n                <div class=\"twp-read-time\">\n                \t<i class=\"booster-icon twp-clock\"><\/i> <span>Read Time:<\/span>11 Minute, 35 Second                <\/div>\n\n            <\/div><h3><span style=\"color: #ff0000;\">Academia SRI \u00ee\u0219i reclam\u0103 opt doctori pentru plagiat: printre ei, un fost \u0219ef Antitero \u0219i un fost \u0219ef SPP<\/span><\/h3>\r\n<h4><em><u><a href=\"https:\/\/pressone.ro\/autor\/emiliasercan\/\">Emilia \u015eercan<\/a><\/u><\/em><\/h4>\r\n<h4><em>10.10.2018<\/em><\/h4>\r\n<h4>Academia Na\u021bional\u0103 de Informa\u021bii &#8222;Mihai Viteazul&#8221; (ANIMV) a depus la CNATDCU opt noi sesiz\u0103ri de plagiat care vizeaz\u0103 teze de doctorat sus\u021binute \u00een aceast\u0103 institu\u021bie aflat\u0103 \u00een subordinea SRI.<\/h4>\r\n<h4>Dintre cele opt sesiz\u0103ri, depuse la \u00eenceputul acestei luni, patru se refer\u0103 la tezele unor fo\u0219ti ofi\u021beri superiori din SRI, dou\u0103 vizeaz\u0103 fo\u0219ti ofi\u021beri superiori din SPP, iar alte dou\u0103 &#8211; un om de afaceri \u0219i un fost vicepre\u0219edinte ANAF.<\/h4>\r\n<h4>Cele mai cunoscute nume de pe aceast\u0103 nou\u0103 list\u0103 de prezumtivi plagiatori sunt Sorin Gabriel Cozma, fost \u0219ef al Direc\u021biei Generale de Prevenire \u0219i Combatere a Terorismului din cadrul SRI, care a trecut \u00een rezerv\u0103 \u00een vara lui 2017, \u0219i Gabriel Naghi, care a fost \u0219ef al Serviciului de Paz\u0103 \u0219i Protec\u021bie (SPP) \u00een perioada decembrie 2000 &#8211; decembrie 2005.<\/h4>\r\n<img loading=\"lazy\" decoding=\"async\" class=\"aligncenter wp-image-6297\" src=\"http:\/\/www.desteptati-va.ro\/wp-content\/uploads\/2021\/03\/Genr-Sorin-Cosma-300x200.jpg\" alt=\"\" width=\"467\" height=\"311\" \/>\r\n<h4>\u00a0 \u00a0 \u00a0 \u00a0 \u00a0 \u00a0 \u00a0 \u00a0 \u00a0 Gen(r) Sorin Gabriel Cosma<\/h4>\r\n<h4>Cinci dintre cele cele opt lucr\u0103ri asupra c\u0103rora planeaz\u0103 suspiciuni de plagiat au fost sus\u021binute \u00een 2010, primul an \u00een care la ANIMV s-au acordat titluri de doctor, iar alte trei au fost sus\u021binute \u00een 2011.<\/h4>\r\n<h4>De altfel, mai mult de jum\u0103tate dintre tezele de doctorat sus\u021binute \u00een 2010 la Academia SRI ridic\u0103 suspiciuni de plagiat (9 din 16 teze).<\/h4>\r\n<h4>P\u00e2n\u0103 \u00een acest moment, 85 de persoane au ob\u021binut titlul de doctor \u00een\u00a0<em>Informa\u021bii \u0219i Securitate Na\u021bional\u0103<\/em>\u00a0la \u0218coala Doctoral\u0103 a Academiei SRI. Asupra a 20 de teze planeaz\u0103 suspiciunea de plagiat, adic\u0103 23,5% din total.<\/h4>\r\n<h4>Luna trecut\u0103,\u00a0<strong>PressOne<\/strong>\u00a0<u><a href=\"https:\/\/pressone.ro\/academia-sri-confirma-plagiatele-generalului-sri-dumitru-dumbrava-si-al-fostului-ministru-al-apararii-mihai-stanisoara\/\">a scris \u00een exclusivitate<\/a><\/u>\u00a0c\u0103 Academia SRI a trimis c\u0103tre CNATDCU patru sesiz\u0103ri de plagiat, viz\u00e2nd tezele de doctorat semnate de generalul SRI (r) Dumitru Dumbrav\u0103, de fostul ministru al Ap\u0103r\u0103rii Mihai St\u0103ni\u0219oar\u0103, de fostul primar al Sectorului 2 Neculai On\u021banu \u0219i de Adela Loredana Popescu (Neagu), fost\u0103 secretar\u0103 a lui Gabriel Oprea.<\/h4>\r\n<h4><strong>Fostul \u0219ef Antitero<\/strong><\/h4>\r\n<h4>Cel mai sonor nume de pe noua list\u0103 a suspec\u021bilor de plagiat este cel al generalului (r) Sorin Gabriel Cozma. El a fost \u0219eful Direc\u021biei Generale de Prevenire \u0219i Combatere a Terorismului din cadrul SRI din 2009 p\u00e2n\u0103 \u00een 2017.<\/h4>\r\n<h4>A fost trecut \u00een rezerv\u0103 al\u0103turi de al\u021bi nou\u0103 generali \u00een urma celei mai vaste ac\u021biuni de \u00eenlocuire a cadrelor de conducere de dup\u0103 numirea la \u0219efia SRI a lui Eduard Hellvig \u0219i trecerea \u00een rezerv\u0103 a lui Florian Coldea, fost prim-adjunct al directorului SRI.<\/h4>\r\n<img loading=\"lazy\" decoding=\"async\" class=\"aligncenter wp-image-5920\" src=\"http:\/\/www.desteptati-va.ro\/wp-content\/uploads\/2021\/03\/Eduard-Hellvig.jpg\" alt=\"\" width=\"565\" height=\"391\" \/>\r\n<h4>De altfel, to\u021bi cei zece generali trecu\u021bi \u00een rezerv\u0103 \u00een 2017 erau considera\u021bi apropia\u021bi ai lui Florian Coldea.<\/h4>\r\n<h4>Trecerea \u00een rezerv\u0103 a lui Sorin Cozma a fost formalizat\u0103\u00a0<u><a href=\"http:\/\/www.presidency.ro\/ro\/media\/agenda-presedintelui\/decrete-semnate-de-presedintele-romaniei-domnul-klaus-iohannis1501495675\">printr-un decret<\/a><\/u>\u00a0emis de pre\u0219edintele Klaus Iohannis pe 31 iulie 2017.<\/h4>\r\n<h4>La doar o s\u0103pt\u0103m\u00e2n\u0103 dup\u0103 ie\u0219irea la pensie, generalul Cozma a f\u0103cut o declara\u021bie care a st\u00e2rnit rumoare, av\u00e2nd \u00een vedere func\u021bia pe care o de\u021binuse timp de 8 ani.<\/h4>\r\n<h4><em>&#8222;Valurile de emigran\u021bi vor lovi \u0219i Rom\u00e2nia. E Rom\u00e2nia preg\u0103tit\u0103 s\u0103 primeasc\u0103 500.000 de musulmani? Vorbim de femei, copii, oameni normali care au p\u0103timit foarte mult \u00een \u021b\u0103rile lor. Vom fi sau nu preg\u0103ti\u021bi?&#8221;<\/em>, a spus Sorin Cozma \u00een august 2017, \u00eentr-o interven\u021bie public\u0103 la Festivalul de Film \u0219i Istorii R\u00e2\u0219nov.<\/h4>\r\n<h4><em>Generalul Cozma, la Festivalul de Film \u0219i Istorii R\u00e2\u0219nov. Sursa foto: Pagina de Facebook a Festivalului<\/em><\/h4>\r\n<h4>\u00cen prezent, generalul Cozma este angajat al B\u0103ncii Na\u021bionale a Rom\u00e2niei, unde se ocup\u0103 de securitatea transporturilor speciale de bani\u00a0\u2212 potrivit lui Dan Suciu, purt\u0103torul de cuv\u00e2nt al BNR.<\/h4>\r\n<h4>Teza de doctorat a generalului Sorin Cozma se intituleaz\u0103\u00a0<em>&#8222;Determin\u0103ri ale integr\u0103rii europene asupra dimensiunii economice a securit\u0103\u021bii na\u021bionale&#8221;<\/em>\u00a0\u0219i a fost sus\u021binut\u0103 \u00een anul 2010.<\/h4>\r\n<h4>Coordonator de doctorat i-a fost generalul (r) Gheorghe Toma, secretar general \u00een func\u021bie al\u00a0<u><a href=\"https:\/\/pressone.ro\/secretele-academiei-de-stiinte-ale-securitatii-nationale-istoria-falsurile-si-membrii-nestiuti\/\">Academiei de \u0218tiin\u021be ale Securit\u0103\u021bii Na\u021bionale<\/a><\/u>\u00a0(ASSN), \u0219i un apropiat al lui Gabriel Oprea.<\/h4>\r\n<h4>Comisia de referen\u021bi care a decis acordarea titlului de doctor lui Cozma a fost format\u0103 din trei generali: Gheorghe Teodoru \u0218tefan, fost rector al Academiei SRI, Constantin \u021aenu, profesor la Universitatea Na\u021bional\u0103 de Ap\u0103rare &#8222;Carol I&#8221; (UNAP), \u0219i Constantin Degeratu, fost consilier preziden\u021bial \u00een primul mandat al lui Traian B\u0103sescu.<\/h4>\r\n<h4><strong>Fostul \u0219ef al SRI Br\u0103ila<\/strong><\/h4>\r\n<h4>Un alt nume de pe lista celor opt doctori pe care Academia SRI \u0219i i-a reclamat la CNATDCU este colonelul (r) Severin Florian Lungu, care a fost \u0219eful SRI Br\u0103ila la mijlocul anilor 2000.<\/h4>\r\n<h4>\u00cen acea perioad\u0103 a legat o str\u00e2ns\u0103 prietenie cu Mihai Tudose, care avea s\u0103 devin\u0103 premier al Rom\u00e2niei pentru \u0219ase luni (iulie 2017 \u2013 ianuarie 2018).<\/h4>\r\n<h4>De altfel, Mihai Tudose a fost asociat cu soacra lui Severin Lungu, Elena Ene Mocanu, \u00een firma Akma Consulting SRL, potrivit site-ului\u00a0<em><u><a href=\"http:\/\/www.sursazilei.ro\/mihai-tudose-afaceri-cu-oameni-din-zona-serviciilor-secrete\/\">Sursa zilei<\/a><\/u><\/em>.<\/h4>\r\n<h4>Colonelul (r) Severin Florian Lungu nu se confrunt\u0103 cu prima acuza\u021bie public\u0103 de plagiat.<\/h4>\r\n<h4>El este suspectat c\u0103 a fost p\u0103rta\u0219 la copierea a peste 60% din cartea intitulat\u0103\u00a0<em>&#8222;Schimbarea managerial\u0103. Managementul schimb\u0103rii&#8221;<\/em>, pe care a semnat-o \u00een 2009 al\u0103turi de Mihai Tudose, Gheorghe Toma \u0219i Gheorghe Teodoru \u0218tefan.<\/h4>\r\n<h4>Dovezile care sus\u021bin acuza\u021bia de plagiat au fost prezentate anul trecut de ziarul\u00a0<em><u><a href=\"https:\/\/romanialibera.ro\/special\/dezvaluiri\/exclusiv--premierul-mihai-tudose--la-al-doilea-plagiat--a-copiat-intr-o-carte-scoasa-de-academia-sri---dezvaluire-rom%C3%82nia-libera-457369\">Rom\u00e2nia liber\u0103<\/a><\/u><\/em>.<\/h4>\r\n<h4>Aceast\u0103 carte plagiat\u0103\u00a0<u><a href=\"https:\/\/www.sri.ro\/upload\/Doctorat_ANI2009.pdf\">a fost inclus\u0103<\/a><\/u>\u00a0\u00een 2009 \u00een bibliografia obligatorie pentru admiterea la doctorat la Academia SRI.<\/h4>\r\n<h4>Generalul (r) Gheorghe Toma, unul dintre semnatarii c\u0103r\u021bii plagiate din 2009, a fost coordonatorul tezei de doctorat a lui Severin Lungu, sus\u021binut\u0103 \u00een 2010 la Academia SRI.<\/h4>\r\n<h4>\u0218i cel\u0103lalt autor, Gheorghe Teodoru \u0218tefan, a fost implicat \u00een procesul de sus\u021binere a tezei lui Lungu, fiind pre\u0219edintele comisiei.<\/h4>\r\n<h4>Teza lui Lungu se intituleaz\u0103\u00a0<em>&#8222;Dinamica riscurilor \u0219i amenin\u021b\u0103rilor la frontiera de est a NATO \u0219i UE \u00een contextul acceler\u0103rii procesului globaliz\u0103rii&#8221;<\/em>.<\/h4>\r\n<h4>Referen\u021bi \u00een comisia care a decis s\u0103-i acorde titlul de doctor lui Lungu au mai fost \u021au\u021bu Pi\u0219leag,\u00a0<u><a href=\"https:\/\/pressone.ro\/un-ziarist-de-investigatii-blocheaza-titlul-de-doctor-al-fostului-ministru-liviu-pop\/\">fost profesor<\/a><\/u>\u00a0la Academia de Poli\u021bie, generalul (r) Sergiu Medar, fost consilier preziden\u021bial \u00een mandatul lui Traian B\u0103sescu, \u0219i generalul (r) Constantin Oni\u0219or, fost profesor universitar la Academia SRI.<\/h4>\r\n<h4><strong>Fostul \u0219ef al Rasirom<\/strong><\/h4>\r\n<h4>Un alt ofi\u021ber superior al SRI care e suspectat c\u0103 a plagiat \u00een teza de doctorat este colonelul Aurelian Cezar \u021aolescu.<\/h4>\r\n<h4>P\u00e2n\u0103 \u00een 2017, el a fost director general al\u00a0<u><a href=\"http:\/\/www.rasirom.ro\/despre-noi.html\">RASIROM<\/a><\/u>\u00a0\u2212 societate comercial\u0103 aflat\u0103 sub coordonarea SRI, care se ocup\u0103 cu integrarea de solu\u021bii de securitate fizic\u0103 \u0219i informatic\u0103 a infrastructurilor critice na\u021bionale \u0219i europene.<\/h4>\r\n<h4>At\u00e2t Aurelian Cezar \u021aolescu, c\u00e2t \u0219i so\u021bia sa, Gianina Elena \u021aolescu (\u0219i ea fost ofi\u021ber SRI, la Direc\u021bia de contraspionaj radio), s-au angajat \u00een 2017 \u00een pozi\u021bii de conducere la compania de stat Transgaz.<\/h4>\r\n<h4>\u021aolescu \u0219i-a sus\u021binut teza \u00een 2010, iar coordonator de doctorat i-a fost profesorul universitar Cristian Troncot\u0103, fost decan al Facult\u0103\u021bii de Informa\u021bii a Academiei SRI.<\/h4>\r\n<h4>Titlul lucr\u0103rii sale este\u00a0<em>&#8222;Managementul opera\u021biunilor de intelligence \u0219i protejarea drepturilor \u0219i libert\u0103\u021bilor cet\u0103\u021bene\u0219ti&#8221;<\/em>.<\/h4>\r\n<h4>Din comisia de referen\u021bi a lui \u021aolescu au f\u0103cut parte Dumitru Zamfir, fost adjunct al directorului SRI \u00een mandatul lui Radu Timofte, profesorul universitar Lucian Anton, de la Academia Tehnic\u0103 Militar\u0103, \u0219i profesorul universitar Gelu Alexandrescu, de la UNAP.<\/h4>\r\n<h4><strong>Fostul \u0219ef al Centrului SRI de la Gr\u0103di\u0219tea<\/strong><\/h4>\r\n<h4>Alt nume de pe lista celor reclama\u021bi la CNATDCU este colonelul (r) Ionel Goian, recent trecut \u00een rezerv\u0103 din SRI, unde a fost \u0219eful Centrului de preg\u0103tire al brig\u0103zii antitero de la Gr\u0103di\u0219tea.<\/h4>\r\n<h4>Dac\u0103 acum el este suspect de plagiat, \u00een trecut a ap\u0103rut ca fiind autorul dup\u0103 care\u00a0<em>s-a<\/em>\u00a0copiat, \u0219i tot de c\u0103tre un fost doctorand de la Academia SRI. Este vorba despre judec\u0103toarea Florica Diaconescu, de la Sec\u021bia I Civil\u0103 a Cur\u021bii de Apel Craiova.<\/h4>\r\n<h4>Florica Diaconescu este primul doctor al Academiei SRI care a primit decizie de plagiat din partea Comisiei de Etic\u0103 a acestei institu\u021bii. Ulterior, CNATDCU a hot\u0103r\u00e2t s\u0103-i retrag\u0103 titlul de doctor, dup\u0103 cum\u00a0<strong>PressOne<\/strong>\u00a0<u><a href=\"https:\/\/pressone.ro\/primul-doctorand-al-lui-gabriel-oprea-caruia-i-se-retrage-titlul-pentru-plagiat\/\">a scris \u00een exclusivitate<\/a><\/u>\u00a0acum un an.<\/h4>\r\n<h4>Teza de doctorat a colonelului (r) Ionel Goian, sus\u021binut\u0103 \u00een 2010, se intituleaz\u0103\u00a0<em>&#8222;Managementul evenimentelor de importan\u021b\u0103 strategica\u0306, implicarea comunit\u0103\u021bii de informa\u021bii \u00een gestionarea situa\u021biilor de securitate&#8221;<\/em>.<\/h4>\r\n<h4>Coordonator i-a fost generalul (r) Constantin Oni\u0219or, \u0219i el un apropiat al lui Gabriel Oprea.<\/h4>\r\n<h4>Referen\u021bii care au decis s\u0103-i acorde titlul de doctor colonelului Goian au fost Teodor Frunzeti, fost rector al UNAP, actualmente consilier al pre\u015fedintelui Klaus Iohannis, generalul Anghel Andreescu, fost director al SPP \u0219i fost secretar de stat \u00een MAI, \u0219i Cristian Troncot\u0103, fost profesor la Academia SRI.<\/h4>\r\n<h4><strong>Fostul \u0219ef al SPP<\/strong><\/h4>\r\n<h4>Generalul cu trei stele (r) Gabriel Naghi a fost unul dintre cele mai influente personaje publice la \u00eenceputul anilor 2000. \u00centreaga sa carier\u0103 a fost construit\u0103 \u00een jurul fostului pre\u0219edinte Ion Iliescu.<\/h4>\r\n<h4>\u00cen timpul Revolu\u021biei din 1989, Naghi s-a oferit s\u0103 \u00eei asigure paza lui Ion Iliescu \u0219i apoi i-a r\u0103mas al\u0103turi, at\u00e2t pe perioada primului mandat \u0219i jum\u0103tate (1990\u20131996), c\u00e2t \u0219i dup\u0103 ce Iliescu a pierdut alegerile din 1996 \u0219i a devenit pre\u0219edintele PDSR.<\/h4>\r\n<h4>C\u00e2nd Iliescu a revenit la Cotroceni, \u00een decembrie 2000, unul dintre primele decrete semnate de el a fost cel de numire a lui Gabriel Naghi ca director al SPP.<img loading=\"lazy\" decoding=\"async\" class=\"aligncenter wp-image-6298\" src=\"http:\/\/www.desteptati-va.ro\/wp-content\/uploads\/2021\/03\/Genr-Gabriel-Naghi-200x300.jpg\" alt=\"\" width=\"367\" height=\"551\" \/><\/h4>\r\n<h4><em>Generalul Gabriel Naghi. Sursa foto: Facebook<\/em><\/h4>\r\n<h4>Acesta a condus Serviciul p\u00e2n\u0103 \u00een decembrie 2005, c\u00e2nd a fost trecut \u00een rezerv\u0103.<\/h4>\r\n<h4>Ulterior s-a \u00eenscris \u00een PSD, iar \u00een 2012 a candidat pe listele partidului \u0219i a ob\u021binut un mandat de consilier \u00een Consiliul General al Municipiului Bucure\u0219ti, de unde \u0219i-a dat demisia \u00een 2015.<\/h4>\r\n<h4>Gabriel Naghi are dou\u0103 titluri de doctor, unul \u00een Drept, altul \u00een\u00a0<em>Informa\u021bii \u0219i Securitate na\u021bional\u0103<\/em>.<\/h4>\r\n<h4>Pe primul l-a ob\u021binut \u00een 2001, la Facultatea de Drept a Universit\u0103\u021bii din Craiova, sub coordonarea profesorului Ion Dogaru. Teza are titlul\u00a0<em>&#8222;Studiu asupra aspectelor fundamentale ale actului juridic civil, \u00een sistemul na\u021bional de drept rom\u00e2n&#8221;<\/em>.<\/h4>\r\n<h4>Cel de-a doilea doctorat l-a ob\u021binut \u00een 2010 la Academia SRI, teza sa fiind printre cele reclamate acum ca fiind plagiat\u0103.<\/h4>\r\n<h4>Conduc\u0103torul de doctorat al lui Gabriel Naghi a fost generalul (r) Gheorghe Toma. \u00cenainte de a se angaja ca profesor la Academia SRI, Toma a lucrat \u00een SPP chiar \u00een perioada \u00een care Naghi era directorul serviciului.<\/h4>\r\n<h4>Teza asupra c\u0103reia va trebui s\u0103 se pronun\u021be CNATDCU are titlul\u00a0<em>&#8222;Politica de securitate \u0219i ap\u0103rare comuna\u0306 \u00een contextul afirm\u0103rii Uniunii Europene ca actor global&#8221;<\/em>.<\/h4>\r\n<h4>Referen\u021bii din comisia de sus\u021binere au fost profesorii Traian Liteanu, de la Academia SRI, Gheorghe Nicolaescu, de la Colegiul Na\u021bional de Ap\u0103rare, \u0219i Lucian St\u0103ncil\u0103, de la UNAP.<\/h4>\r\n<h4><strong>Ofi\u021berul-afacerist<\/strong><\/h4>\r\n<h4>Un alt fost angajat al SPP cu doctorat la Academia SRI este Romeo Oi\u021b\u0103. Acesta a lucrat pentru Securitate \u00eenainte de 1989, iar dup\u0103 1990, pentru SPP.<\/h4>\r\n<img loading=\"lazy\" decoding=\"async\" class=\"aligncenter wp-image-6299\" src=\"http:\/\/www.desteptati-va.ro\/wp-content\/uploads\/2021\/03\/Romeo-Oita-200x300.jpg\" alt=\"\" width=\"339\" height=\"509\" \/>\r\n<h4><em>Romeo Oi\u021b\u0103.<\/em><\/h4>\r\n<h4>Cea mai \u00eenalt\u0103 pozi\u021bie ocupat\u0103 de el \u00een SPP a fost cea de aghiotant al premierului Radu Vasile.<\/h4>\r\n<h4>\u00cen 2002, a plecat din SPP \u0219i s-a lansat \u00een afaceri, dar \u00een 2009, una dintre firmele \u00een care era ac\u021bionar a fost implicat\u0103 \u00eentr-un scandal public.<\/h4>\r\n<h4>Astfel, Romeo Oi\u021b\u0103, care era \u0219i \u0219eful Patronatului Serviciilor de Securitate, s-a asociat \u00eentr-o companie ce derula activit\u0103\u021bi \u00een domeniul militar cu Mircea B\u0103sescu, fratele pre\u0219edintelui Rom\u00e2niei de la acel moment, dar \u0219i cu mai mul\u021bi \u0219efi din industria de ap\u0103rare \u0219i cu reprezentan\u021bi ai unor companii americane din industria de armament.<\/h4>\r\n<h4>Aceast\u0103 firm\u0103, Desintco SRL, a fost \u00eenfiin\u021bat\u0103 la doar o lun\u0103 dup\u0103 ce Consiliul Suprem de Ap\u0103rare a \u021a\u0103rii, condus de Traian B\u0103sescu, discutase despre \u00eenzestrarea armatei \u0219i dup\u0103 ce Ministerul Ap\u0103r\u0103rii Na\u021bionale anun\u021base lansarea unei licita\u021bii pentru contractul de modernizare a celor dou\u0103 fregate cump\u0103rate \u00een 2002 din Marea Britanie, al c\u0103ror pre\u021b a fost de circa 120 de milioane de lire sterline.<\/h4>\r\n<h4>Romeo Oi\u021b\u0103 a devenit doctor \u00een\u00a0<em>Informa\u021bii \u0219i Securitate na\u021bional\u0103<\/em>\u00a0\u00een 2011, cu o tez\u0103 al c\u0103rei titlu este\u00a0<em>&#8222;Studiu privind securitatea privata\u0306 \u0219i infrastructurile critice&#8221;<\/em>.<\/h4>\r\n<h4>Coordonator i-a fost generalul (r) Constantin Oni\u0219or, iar din comisia de referen\u021bi au f\u0103cut parte Cristian Popa, de la Academia SRI, Traian Liteanu, mutat de la Academia SRI la Universitatea &#8222;Dimitrie Cantemir&#8221;, \u0219i \u021au\u021bu Pi\u0219leag, de la Academia de Poli\u021bie.<\/h4>\r\n<h4><strong>Omul de afaceri<\/strong><\/h4>\r\n<h4>Ultimele dou\u0103 teze din lista celor care tocmai au fost reclamate la CNATDCU le apar\u021bin lui Ioan \u0218andru \u0219i lui Mihai Gogancea-V\u0103t\u0103\u0219oiu.<\/h4>\r\n<h4>Ioan \u0218andru, om de afaceri cu interese \u00een zona de energie, este ginerele lui Pantelimon Avram\u00a0\u2212 fost director al Romgaz \u0219i bun prieten cu fostul pre\u0219edinte PDL Vasile Blaga.<\/h4>\r\n<h4>Prin firmele sale, \u0218andru a derulat contracte de zeci de milioane de euro cu institu\u021bii sau companii de stat. \u00cen 2016, el a fost vizat \u00eentr-un dosar deschis de procurori ai DNA.<\/h4>\r\n<h4>\u0218andru este al zecelea dintre cei 13 doctoranzi ai Academiei SRI coordona\u021bi de Gabriel Oprea a c\u0103rui tez\u0103 este suspect\u0103 de plagiat.<\/h4>\r\n<h4>El \u0219i-a sus\u021binut lucrarea \u00een 2011, cu titlul\u00a0<em>&#8222;Securitatea energetica\u0306 &#8211; componenta\u0306 principala\u0306 a securit\u0103\u021bii na\u021bionale&#8221;<\/em>.<\/h4>\r\n<h4>Din comisia de referen\u021bi care a decis s\u0103-i acorde titlul de doctor au f\u0103cut parte profesorul Vasile D\u00eencu, de la Universitatea din Bucure\u0219ti, profesorul Mihail Vasile Ozunu, de la UNAP, \u0219i profesorul Gheorghe Toma de la Academia SRI.<\/h4>\r\n<img loading=\"lazy\" decoding=\"async\" class=\"aligncenter wp-image-6300\" src=\"http:\/\/www.desteptati-va.ro\/wp-content\/uploads\/2021\/03\/Mihai-Gogancea-Vatasoiu-300x200.jpg\" alt=\"\" width=\"464\" height=\"309\" \/>\r\n<h4><strong>\u00a0 \u00a0 \u00a0 \u00a0 \u00a0 \u00a0 \u00a0 \u00a0 \u00a0 \u00a0 \u00a0 \u00a0 \u00a0 \u00a0 Mihai Gogancea-Vatasoiu fostul vicepre\u0219edinte al ANAF<\/strong><\/h4>\r\n<h4>Mihai Gogancea-V\u0103t\u0103\u0219oiu a fost vicepre\u0219edintele ANAF de dou\u0103 ori, \u00eentre 2009 \u0219i 2012 \u0219i \u00eentre 2014 \u0219i 2016.<\/h4>\r\n<h4>A doua oar\u0103 \u0219i-a dat demisia dup\u0103 ce a fost pus sub acuzare de c\u0103tre DNA pentru\u00a0<em>favorizarea f\u0103ptuitorului<\/em>\u00a0\u0219i\u00a0<em>abuz \u00een serviciu<\/em>, \u00eentr-un dosar \u00een care erau urm\u0103ri\u021bi penal \u0219i deputa\u021bii M\u0103d\u0103lin Voicu \u0219i Nicolae P\u0103un.<\/h4>\r\n<h4><em>Mihai Gogancea-V\u0103t\u0103\u015foiu, fotografiat \u00een 2016 dup\u0103 una dintre audierile de la DNA. Foto: George C\u0103lin \/ Inquam Photos<\/em><\/h4>\r\n<h4>\u00cen urm\u0103 cu dou\u0103 luni, DNA a dispus clasarea acuza\u021biilor fa\u021b\u0103 de Gogancea-V\u0103t\u0103\u0219oiu, dar \u0219i fa\u021b\u0103 de Gelu \u0218tefan Diaconu, fost pre\u0219edinte al ANAF, urm\u0103rit penal pentru acelea\u0219i fapte. \u00cen dosar mai sunt \u00eenvinuite alte opt persoane, fa\u021b\u0103 de care cercet\u0103rile continu\u0103.<\/h4>\r\n<h4>Mihai Gogancea-V\u0103t\u0103\u0219oiu a ob\u021binut titlul de doctor \u00een 2011. Teza sa are titlul\u00a0<em>&#8222;Sursele \u0219i resursele securit\u0103\u021bii moderne&#8221;<\/em>, iar coordonator i-a fost profesorul Constantin Oni\u0219or.<\/h4>\r\n<h4>Referen\u021bii care au decis s\u0103-i acorde titlul sunt profesorii Gheorghe Toma, de la Academia SRI, Viorel Bu\u021ba \u0219i Vasile Bucinschi, ambii de la UNAP. \u00cen 2011, Legea Educa\u021biei Na\u021bionale interzicea ca doi referen\u021bi s\u0103 fac\u0103 parte din aceea\u0219i universitate, cerin\u021b\u0103 \u00eenc\u0103lcat\u0103 \u00een cazul profesorilor Bu\u021ba \u0219i Bucinschi.<\/h4>\r\n<h4><\/h4>        <div class=\"booster-block booster-reactions-block\">\n            <div class=\"twp-reactions-icons\">\n                \n                <div class=\"twp-reacts-wrap\">\n                    <a react-data=\"be-react-1\" post-id=\"3497\" class=\"be-face-icons un-reacted\" href=\"javascript:void(0)\">\n                        <img decoding=\"async\" src=\"https:\/\/desteptati-va.ro\/wp-content\/plugins\/booster-extension\/\/assets\/icon\/happy.svg\" alt=\"Happy\">\n                    <\/a>\n                    <div class=\"twp-reaction-title\">\n                        Happy                    <\/div>\n                    <div class=\"twp-count-percent\">\n                                                    <span style=\"display: none;\" class=\"twp-react-count\">0<\/span>\n                        \n                                                <span class=\"twp-react-percent\"><span>0<\/span> %<\/span>\n                                            <\/div>\n                <\/div>\n\n                <div class=\"twp-reacts-wrap\">\n                    <a react-data=\"be-react-2\" post-id=\"3497\" class=\"be-face-icons un-reacted\" href=\"javascript:void(0)\">\n                        <img decoding=\"async\" src=\"https:\/\/desteptati-va.ro\/wp-content\/plugins\/booster-extension\/\/assets\/icon\/sad.svg\" alt=\"Sad\">\n                    <\/a>\n                    <div class=\"twp-reaction-title\">\n                        Sad                    <\/div>\n                    <div class=\"twp-count-percent\">\n                                                    <span style=\"display: none;\" class=\"twp-react-count\">0<\/span>\n                                                                        <span class=\"twp-react-percent\"><span>0<\/span> %<\/span>\n                                            <\/div>\n                <\/div>\n\n                <div class=\"twp-reacts-wrap\">\n                    <a react-data=\"be-react-3\" post-id=\"3497\" class=\"be-face-icons un-reacted\" href=\"javascript:void(0)\">\n                        <img decoding=\"async\" src=\"https:\/\/desteptati-va.ro\/wp-content\/plugins\/booster-extension\/\/assets\/icon\/excited.svg\" alt=\"Excited\">\n                    <\/a>\n                    <div class=\"twp-reaction-title\">\n                        Excited                    <\/div>\n                    <div class=\"twp-count-percent\">\n                                                    <span style=\"display: none;\" class=\"twp-react-count\">0<\/span>\n                                                                        <span class=\"twp-react-percent\"><span>0<\/span> %<\/span>\n                                            <\/div>\n                <\/div>\n\n                <div class=\"twp-reacts-wrap\">\n                    <a react-data=\"be-react-6\" post-id=\"3497\" class=\"be-face-icons un-reacted\" href=\"javascript:void(0)\">\n                        <img decoding=\"async\" src=\"https:\/\/desteptati-va.ro\/wp-content\/plugins\/booster-extension\/\/assets\/icon\/sleepy.svg\" alt=\"Sleepy\">\n                    <\/a>\n                    <div class=\"twp-reaction-title\">\n                        Sleepy                    <\/div>\n                    <div class=\"twp-count-percent\">\n                                                    <span style=\"display: none;\" class=\"twp-react-count\">0<\/span>\n                        \n                                                <span class=\"twp-react-percent\"><span>0<\/span> %<\/span>\n                                            <\/div>\n                <\/div>\n\n                <div class=\"twp-reacts-wrap\">\n                    <a react-data=\"be-react-4\" post-id=\"3497\" class=\"be-face-icons un-reacted\" href=\"javascript:void(0)\">\n                        <img decoding=\"async\" src=\"https:\/\/desteptati-va.ro\/wp-content\/plugins\/booster-extension\/\/assets\/icon\/angry.svg\" alt=\"Angry\">\n                    <\/a>\n                    <div class=\"twp-reaction-title\">Angry<\/div>\n                    <div class=\"twp-count-percent\">\n                                                    <span style=\"display: none;\" class=\"twp-react-count\">0<\/span>\n                                                                        <span class=\"twp-react-percent\"><span>0<\/span> %<\/span>\n                        \n                    <\/div>\n                <\/div>\n\n                <div class=\"twp-reacts-wrap\">\n                    <a react-data=\"be-react-5\" post-id=\"3497\" class=\"be-face-icons un-reacted\" href=\"javascript:void(0)\">\n                        <img decoding=\"async\" src=\"https:\/\/desteptati-va.ro\/wp-content\/plugins\/booster-extension\/\/assets\/icon\/surprise.svg\" alt=\"Surprise\">\n                    <\/a>\n                    <div class=\"twp-reaction-title\">Surprise<\/div>\n                    <div class=\"twp-count-percent\">\n                                                    <span style=\"display: none;\" class=\"twp-react-count\">0<\/span>\n                                                                        <span class=\"twp-react-percent\"><span>0<\/span> %<\/span>\n                                            <\/div>\n                <\/div>\n\n            <\/div>\n        <\/div>\n\n    <\/div>","protected":false},"excerpt":{"rendered":"<p>Academia SRI \u00ee\u0219i reclam\u0103 opt doctori pentru plagiat: printre ei, un fost \u0219ef Antitero \u0219i un fost \u0219ef SPP Emilia<a href=\"https:\/\/desteptati-va.ro\/index.php\/2021\/04\/13\/academia-sri-isi-reclama-opt-doctori-pentru-plagiat-printre-ei-un-fost-sef-antitero-si-un-fost-sef-spp\/\">Read More<i class=\"fa fa-long-arrow-right\" aria-hidden=\"true\"><\/i><\/a><\/p>\n","protected":false},"author":1,"featured_media":3327,"comment_status":"open","ping_status":"open","sticky":false,"template":"","format":"standard","meta":{"_crdt_document":"","footnotes":""},"categories":[23,218],"tags":[226,227],"class_list":["post-3497","post","type-post","status-publish","format-standard","has-post-thumbnail","hentry","category-epoca-klaus-iohannis-2014-2024","category-general","tag-academia-sri","tag-ofiteri-sri"],"rise-blocks_total_comments":0,"rise-blocks_categories":[{"term_id":218,"name":"General","slug":"general","term_group":0,"term_taxonomy_id":218,"taxonomy":"category","description":"","parent":0,"count":56,"filter":"raw"}],"rise-blocks_excerpt":"Academia SRI \u00ee\u0219i reclam\u0103 opt doctori pentru plagiat: printre ei, un fost \u0219ef Antitero \u0219i un fost \u0219ef SPP Emilia \u015eercan 10.10.2018 Academia Na\u021bional\u0103 de Informa\u021bii &#8222;Mihai Viteazul&#8221; (ANIMV) a depus la CNATDCU opt noi sesiz\u0103ri de plagiat care vizeaz\u0103 teze de doctorat sus\u021binute \u00een aceast\u0103 institu\u021bie aflat\u0103 \u00een subordinea SRI. Dintre cele opt sesiz\u0103ri, depuse la \u00eenceputul acestei luni,..","yoast_head":"<!-- This site is optimized with the Yoast SEO plugin v26.9 - https:\/\/yoast.com\/product\/yoast-seo-wordpress\/ -->\r\n<title>Academia SRI \u00ee\u0219i reclam\u0103 opt doctori pentru plagiat: printre ei, un fost \u0219ef Antitero \u0219i un fost \u0219ef SPP -<\/title>\r\n<meta name=\"robots\" content=\"index, follow, max-snippet:-1, max-image-preview:large, max-video-preview:-1\" \/>\r\n<link rel=\"canonical\" href=\"https:\/\/desteptati-va.ro\/index.php\/2021\/04\/13\/academia-sri-isi-reclama-opt-doctori-pentru-plagiat-printre-ei-un-fost-sef-antitero-si-un-fost-sef-spp\/\" \/>\r\n<meta property=\"og:locale\" content=\"ro_RO\" \/>\r\n<meta property=\"og:type\" content=\"article\" \/>\r\n<meta property=\"og:title\" content=\"Academia SRI \u00ee\u0219i reclam\u0103 opt doctori pentru plagiat: printre ei, un fost \u0219ef Antitero \u0219i un fost \u0219ef SPP -\" \/>\r\n<meta property=\"og:description\" content=\"Academia SRI \u00ee\u0219i reclam\u0103 opt doctori pentru plagiat: printre ei, un fost \u0219ef Antitero \u0219i un fost \u0219ef SPP EmiliaRead More\" \/>\r\n<meta property=\"og:url\" content=\"https:\/\/desteptati-va.ro\/index.php\/2021\/04\/13\/academia-sri-isi-reclama-opt-doctori-pentru-plagiat-printre-ei-un-fost-sef-antitero-si-un-fost-sef-spp\/\" \/>\r\n<meta property=\"article:published_time\" content=\"2021-04-13T12:08:25+00:00\" \/>\r\n<meta property=\"article:modified_time\" content=\"2022-01-12T18:15:43+00:00\" \/>\r\n<meta property=\"og:image\" content=\"https:\/\/desteptati-va.ro\/wp-content\/uploads\/2021\/04\/SRI.jpg\" \/>\r\n\t<meta property=\"og:image:width\" content=\"341\" \/>\r\n\t<meta property=\"og:image:height\" content=\"226\" \/>\r\n\t<meta property=\"og:image:type\" content=\"image\/jpeg\" \/>\r\n<meta name=\"author\" content=\"wolfsoftcompany\" \/>\r\n<meta name=\"twitter:card\" content=\"summary_large_image\" \/>\r\n<meta name=\"twitter:label1\" content=\"Scris de\" \/>\n\t<meta name=\"twitter:data1\" content=\"wolfsoftcompany\" \/>\n\t<meta name=\"twitter:label2\" content=\"Timp estimat pentru citire\" \/>\n\t<meta name=\"twitter:data2\" content=\"12 minute\" \/>\r\n<script type=\"application\/ld+json\" class=\"yoast-schema-graph\">{\"@context\":\"https:\/\/schema.org\",\"@graph\":[{\"@type\":\"Article\",\"@id\":\"https:\/\/desteptati-va.ro\/index.php\/2021\/04\/13\/academia-sri-isi-reclama-opt-doctori-pentru-plagiat-printre-ei-un-fost-sef-antitero-si-un-fost-sef-spp\/#article\",\"isPartOf\":{\"@id\":\"https:\/\/desteptati-va.ro\/index.php\/2021\/04\/13\/academia-sri-isi-reclama-opt-doctori-pentru-plagiat-printre-ei-un-fost-sef-antitero-si-un-fost-sef-spp\/\"},\"author\":{\"name\":\"wolfsoftcompany\",\"@id\":\"https:\/\/desteptati-va.ro\/#\/schema\/person\/13182deeebd44920914899f7bb262d6b\"},\"headline\":\"Academia SRI \u00ee\u0219i reclam\u0103 opt doctori pentru plagiat: printre ei, un fost \u0219ef Antitero \u0219i un fost \u0219ef SPP\",\"datePublished\":\"2021-04-13T12:08:25+00:00\",\"dateModified\":\"2022-01-12T18:15:43+00:00\",\"mainEntityOfPage\":{\"@id\":\"https:\/\/desteptati-va.ro\/index.php\/2021\/04\/13\/academia-sri-isi-reclama-opt-doctori-pentru-plagiat-printre-ei-un-fost-sef-antitero-si-un-fost-sef-spp\/\"},\"wordCount\":2494,\"commentCount\":0,\"image\":{\"@id\":\"https:\/\/desteptati-va.ro\/index.php\/2021\/04\/13\/academia-sri-isi-reclama-opt-doctori-pentru-plagiat-printre-ei-un-fost-sef-antitero-si-un-fost-sef-spp\/#primaryimage\"},\"thumbnailUrl\":\"https:\/\/desteptati-va.ro\/wp-content\/uploads\/2021\/04\/SRI.jpg\",\"keywords\":[\"Academia SRI\",\"ofiteri SRI\"],\"articleSection\":[\"Epoca Klaus Iohannis (2014-2024)\",\"General\"],\"inLanguage\":\"ro-RO\",\"potentialAction\":[{\"@type\":\"CommentAction\",\"name\":\"Comment\",\"target\":[\"https:\/\/desteptati-va.ro\/index.php\/2021\/04\/13\/academia-sri-isi-reclama-opt-doctori-pentru-plagiat-printre-ei-un-fost-sef-antitero-si-un-fost-sef-spp\/#respond\"]}]},{\"@type\":\"WebPage\",\"@id\":\"https:\/\/desteptati-va.ro\/index.php\/2021\/04\/13\/academia-sri-isi-reclama-opt-doctori-pentru-plagiat-printre-ei-un-fost-sef-antitero-si-un-fost-sef-spp\/\",\"url\":\"https:\/\/desteptati-va.ro\/index.php\/2021\/04\/13\/academia-sri-isi-reclama-opt-doctori-pentru-plagiat-printre-ei-un-fost-sef-antitero-si-un-fost-sef-spp\/\",\"name\":\"Academia SRI \u00ee\u0219i reclam\u0103 opt doctori pentru plagiat: printre ei, un fost \u0219ef Antitero \u0219i un fost \u0219ef SPP -\",\"isPartOf\":{\"@id\":\"https:\/\/desteptati-va.ro\/#website\"},\"primaryImageOfPage\":{\"@id\":\"https:\/\/desteptati-va.ro\/index.php\/2021\/04\/13\/academia-sri-isi-reclama-opt-doctori-pentru-plagiat-printre-ei-un-fost-sef-antitero-si-un-fost-sef-spp\/#primaryimage\"},\"image\":{\"@id\":\"https:\/\/desteptati-va.ro\/index.php\/2021\/04\/13\/academia-sri-isi-reclama-opt-doctori-pentru-plagiat-printre-ei-un-fost-sef-antitero-si-un-fost-sef-spp\/#primaryimage\"},\"thumbnailUrl\":\"https:\/\/desteptati-va.ro\/wp-content\/uploads\/2021\/04\/SRI.jpg\",\"datePublished\":\"2021-04-13T12:08:25+00:00\",\"dateModified\":\"2022-01-12T18:15:43+00:00\",\"author\":{\"@id\":\"https:\/\/desteptati-va.ro\/#\/schema\/person\/13182deeebd44920914899f7bb262d6b\"},\"breadcrumb\":{\"@id\":\"https:\/\/desteptati-va.ro\/index.php\/2021\/04\/13\/academia-sri-isi-reclama-opt-doctori-pentru-plagiat-printre-ei-un-fost-sef-antitero-si-un-fost-sef-spp\/#breadcrumb\"},\"inLanguage\":\"ro-RO\",\"potentialAction\":[{\"@type\":\"ReadAction\",\"target\":[\"https:\/\/desteptati-va.ro\/index.php\/2021\/04\/13\/academia-sri-isi-reclama-opt-doctori-pentru-plagiat-printre-ei-un-fost-sef-antitero-si-un-fost-sef-spp\/\"]}]},{\"@type\":\"ImageObject\",\"inLanguage\":\"ro-RO\",\"@id\":\"https:\/\/desteptati-va.ro\/index.php\/2021\/04\/13\/academia-sri-isi-reclama-opt-doctori-pentru-plagiat-printre-ei-un-fost-sef-antitero-si-un-fost-sef-spp\/#primaryimage\",\"url\":\"https:\/\/desteptati-va.ro\/wp-content\/uploads\/2021\/04\/SRI.jpg\",\"contentUrl\":\"https:\/\/desteptati-va.ro\/wp-content\/uploads\/2021\/04\/SRI.jpg\",\"width\":341,\"height\":226},{\"@type\":\"BreadcrumbList\",\"@id\":\"https:\/\/desteptati-va.ro\/index.php\/2021\/04\/13\/academia-sri-isi-reclama-opt-doctori-pentru-plagiat-printre-ei-un-fost-sef-antitero-si-un-fost-sef-spp\/#breadcrumb\",\"itemListElement\":[{\"@type\":\"ListItem\",\"position\":1,\"name\":\"Prima pagin\u0103\",\"item\":\"https:\/\/desteptati-va.ro\/\"},{\"@type\":\"ListItem\",\"position\":2,\"name\":\"Academia SRI \u00ee\u0219i reclam\u0103 opt doctori pentru plagiat: printre ei, un fost \u0219ef Antitero \u0219i un fost \u0219ef SPP\"}]},{\"@type\":\"WebSite\",\"@id\":\"https:\/\/desteptati-va.ro\/#website\",\"url\":\"https:\/\/desteptati-va.ro\/\",\"name\":\"\",\"description\":\"\",\"potentialAction\":[{\"@type\":\"SearchAction\",\"target\":{\"@type\":\"EntryPoint\",\"urlTemplate\":\"https:\/\/desteptati-va.ro\/?s={search_term_string}\"},\"query-input\":{\"@type\":\"PropertyValueSpecification\",\"valueRequired\":true,\"valueName\":\"search_term_string\"}}],\"inLanguage\":\"ro-RO\"},{\"@type\":\"Person\",\"@id\":\"https:\/\/desteptati-va.ro\/#\/schema\/person\/13182deeebd44920914899f7bb262d6b\",\"name\":\"wolfsoftcompany\",\"image\":{\"@type\":\"ImageObject\",\"inLanguage\":\"ro-RO\",\"@id\":\"https:\/\/desteptati-va.ro\/#\/schema\/person\/image\/\",\"url\":\"https:\/\/secure.gravatar.com\/avatar\/a6cce9b6d101d27d91690e7073e300fed94c0899890bf998e082cb9d2c3d121e?s=96&d=mm&r=g\",\"contentUrl\":\"https:\/\/secure.gravatar.com\/avatar\/a6cce9b6d101d27d91690e7073e300fed94c0899890bf998e082cb9d2c3d121e?s=96&d=mm&r=g\",\"caption\":\"wolfsoftcompany\"},\"sameAs\":[\"http:\/\/desteptati-va.ro\"],\"url\":\"https:\/\/desteptati-va.ro\/index.php\/author\/wolfsoftcompany\/\"}]}<\/script>\r\n<!-- \/ Yoast SEO plugin. -->","yoast_head_json":{"title":"Academia SRI \u00ee\u0219i reclam\u0103 opt doctori pentru plagiat: printre ei, un fost \u0219ef Antitero \u0219i un fost \u0219ef SPP -","robots":{"index":"index","follow":"follow","max-snippet":"max-snippet:-1","max-image-preview":"max-image-preview:large","max-video-preview":"max-video-preview:-1"},"canonical":"https:\/\/desteptati-va.ro\/index.php\/2021\/04\/13\/academia-sri-isi-reclama-opt-doctori-pentru-plagiat-printre-ei-un-fost-sef-antitero-si-un-fost-sef-spp\/","og_locale":"ro_RO","og_type":"article","og_title":"Academia SRI \u00ee\u0219i reclam\u0103 opt doctori pentru plagiat: printre ei, un fost \u0219ef Antitero \u0219i un fost \u0219ef SPP -","og_description":"Academia SRI \u00ee\u0219i reclam\u0103 opt doctori pentru plagiat: printre ei, un fost \u0219ef Antitero \u0219i un fost \u0219ef SPP EmiliaRead More","og_url":"https:\/\/desteptati-va.ro\/index.php\/2021\/04\/13\/academia-sri-isi-reclama-opt-doctori-pentru-plagiat-printre-ei-un-fost-sef-antitero-si-un-fost-sef-spp\/","article_published_time":"2021-04-13T12:08:25+00:00","article_modified_time":"2022-01-12T18:15:43+00:00","og_image":[{"width":341,"height":226,"url":"https:\/\/desteptati-va.ro\/wp-content\/uploads\/2021\/04\/SRI.jpg","type":"image\/jpeg"}],"author":"wolfsoftcompany","twitter_card":"summary_large_image","twitter_misc":{"Scris de":"wolfsoftcompany","Timp estimat pentru citire":"12 minute"},"schema":{"@context":"https:\/\/schema.org","@graph":[{"@type":"Article","@id":"https:\/\/desteptati-va.ro\/index.php\/2021\/04\/13\/academia-sri-isi-reclama-opt-doctori-pentru-plagiat-printre-ei-un-fost-sef-antitero-si-un-fost-sef-spp\/#article","isPartOf":{"@id":"https:\/\/desteptati-va.ro\/index.php\/2021\/04\/13\/academia-sri-isi-reclama-opt-doctori-pentru-plagiat-printre-ei-un-fost-sef-antitero-si-un-fost-sef-spp\/"},"author":{"name":"wolfsoftcompany","@id":"https:\/\/desteptati-va.ro\/#\/schema\/person\/13182deeebd44920914899f7bb262d6b"},"headline":"Academia SRI \u00ee\u0219i reclam\u0103 opt doctori pentru plagiat: printre ei, un fost \u0219ef Antitero \u0219i un fost \u0219ef SPP","datePublished":"2021-04-13T12:08:25+00:00","dateModified":"2022-01-12T18:15:43+00:00","mainEntityOfPage":{"@id":"https:\/\/desteptati-va.ro\/index.php\/2021\/04\/13\/academia-sri-isi-reclama-opt-doctori-pentru-plagiat-printre-ei-un-fost-sef-antitero-si-un-fost-sef-spp\/"},"wordCount":2494,"commentCount":0,"image":{"@id":"https:\/\/desteptati-va.ro\/index.php\/2021\/04\/13\/academia-sri-isi-reclama-opt-doctori-pentru-plagiat-printre-ei-un-fost-sef-antitero-si-un-fost-sef-spp\/#primaryimage"},"thumbnailUrl":"https:\/\/desteptati-va.ro\/wp-content\/uploads\/2021\/04\/SRI.jpg","keywords":["Academia SRI","ofiteri SRI"],"articleSection":["Epoca Klaus Iohannis (2014-2024)","General"],"inLanguage":"ro-RO","potentialAction":[{"@type":"CommentAction","name":"Comment","target":["https:\/\/desteptati-va.ro\/index.php\/2021\/04\/13\/academia-sri-isi-reclama-opt-doctori-pentru-plagiat-printre-ei-un-fost-sef-antitero-si-un-fost-sef-spp\/#respond"]}]},{"@type":"WebPage","@id":"https:\/\/desteptati-va.ro\/index.php\/2021\/04\/13\/academia-sri-isi-reclama-opt-doctori-pentru-plagiat-printre-ei-un-fost-sef-antitero-si-un-fost-sef-spp\/","url":"https:\/\/desteptati-va.ro\/index.php\/2021\/04\/13\/academia-sri-isi-reclama-opt-doctori-pentru-plagiat-printre-ei-un-fost-sef-antitero-si-un-fost-sef-spp\/","name":"Academia SRI \u00ee\u0219i reclam\u0103 opt doctori pentru plagiat: printre ei, un fost \u0219ef Antitero \u0219i un fost \u0219ef SPP -","isPartOf":{"@id":"https:\/\/desteptati-va.ro\/#website"},"primaryImageOfPage":{"@id":"https:\/\/desteptati-va.ro\/index.php\/2021\/04\/13\/academia-sri-isi-reclama-opt-doctori-pentru-plagiat-printre-ei-un-fost-sef-antitero-si-un-fost-sef-spp\/#primaryimage"},"image":{"@id":"https:\/\/desteptati-va.ro\/index.php\/2021\/04\/13\/academia-sri-isi-reclama-opt-doctori-pentru-plagiat-printre-ei-un-fost-sef-antitero-si-un-fost-sef-spp\/#primaryimage"},"thumbnailUrl":"https:\/\/desteptati-va.ro\/wp-content\/uploads\/2021\/04\/SRI.jpg","datePublished":"2021-04-13T12:08:25+00:00","dateModified":"2022-01-12T18:15:43+00:00","author":{"@id":"https:\/\/desteptati-va.ro\/#\/schema\/person\/13182deeebd44920914899f7bb262d6b"},"breadcrumb":{"@id":"https:\/\/desteptati-va.ro\/index.php\/2021\/04\/13\/academia-sri-isi-reclama-opt-doctori-pentru-plagiat-printre-ei-un-fost-sef-antitero-si-un-fost-sef-spp\/#breadcrumb"},"inLanguage":"ro-RO","potentialAction":[{"@type":"ReadAction","target":["https:\/\/desteptati-va.ro\/index.php\/2021\/04\/13\/academia-sri-isi-reclama-opt-doctori-pentru-plagiat-printre-ei-un-fost-sef-antitero-si-un-fost-sef-spp\/"]}]},{"@type":"ImageObject","inLanguage":"ro-RO","@id":"https:\/\/desteptati-va.ro\/index.php\/2021\/04\/13\/academia-sri-isi-reclama-opt-doctori-pentru-plagiat-printre-ei-un-fost-sef-antitero-si-un-fost-sef-spp\/#primaryimage","url":"https:\/\/desteptati-va.ro\/wp-content\/uploads\/2021\/04\/SRI.jpg","contentUrl":"https:\/\/desteptati-va.ro\/wp-content\/uploads\/2021\/04\/SRI.jpg","width":341,"height":226},{"@type":"BreadcrumbList","@id":"https:\/\/desteptati-va.ro\/index.php\/2021\/04\/13\/academia-sri-isi-reclama-opt-doctori-pentru-plagiat-printre-ei-un-fost-sef-antitero-si-un-fost-sef-spp\/#breadcrumb","itemListElement":[{"@type":"ListItem","position":1,"name":"Prima pagin\u0103","item":"https:\/\/desteptati-va.ro\/"},{"@type":"ListItem","position":2,"name":"Academia SRI \u00ee\u0219i reclam\u0103 opt doctori pentru plagiat: printre ei, un fost \u0219ef Antitero \u0219i un fost \u0219ef SPP"}]},{"@type":"WebSite","@id":"https:\/\/desteptati-va.ro\/#website","url":"https:\/\/desteptati-va.ro\/","name":"","description":"","potentialAction":[{"@type":"SearchAction","target":{"@type":"EntryPoint","urlTemplate":"https:\/\/desteptati-va.ro\/?s={search_term_string}"},"query-input":{"@type":"PropertyValueSpecification","valueRequired":true,"valueName":"search_term_string"}}],"inLanguage":"ro-RO"},{"@type":"Person","@id":"https:\/\/desteptati-va.ro\/#\/schema\/person\/13182deeebd44920914899f7bb262d6b","name":"wolfsoftcompany","image":{"@type":"ImageObject","inLanguage":"ro-RO","@id":"https:\/\/desteptati-va.ro\/#\/schema\/person\/image\/","url":"https:\/\/secure.gravatar.com\/avatar\/a6cce9b6d101d27d91690e7073e300fed94c0899890bf998e082cb9d2c3d121e?s=96&d=mm&r=g","contentUrl":"https:\/\/secure.gravatar.com\/avatar\/a6cce9b6d101d27d91690e7073e300fed94c0899890bf998e082cb9d2c3d121e?s=96&d=mm&r=g","caption":"wolfsoftcompany"},"sameAs":["http:\/\/desteptati-va.ro"],"url":"https:\/\/desteptati-va.ro\/index.php\/author\/wolfsoftcompany\/"}]}},"_links":{"self":[{"href":"https:\/\/desteptati-va.ro\/index.php\/wp-json\/wp\/v2\/posts\/3497","targetHints":{"allow":["GET"]}}],"collection":[{"href":"https:\/\/desteptati-va.ro\/index.php\/wp-json\/wp\/v2\/posts"}],"about":[{"href":"https:\/\/desteptati-va.ro\/index.php\/wp-json\/wp\/v2\/types\/post"}],"author":[{"embeddable":true,"href":"https:\/\/desteptati-va.ro\/index.php\/wp-json\/wp\/v2\/users\/1"}],"replies":[{"embeddable":true,"href":"https:\/\/desteptati-va.ro\/index.php\/wp-json\/wp\/v2\/comments?post=3497"}],"version-history":[{"count":1,"href":"https:\/\/desteptati-va.ro\/index.php\/wp-json\/wp\/v2\/posts\/3497\/revisions"}],"predecessor-version":[{"id":3499,"href":"https:\/\/desteptati-va.ro\/index.php\/wp-json\/wp\/v2\/posts\/3497\/revisions\/3499"}],"wp:featuredmedia":[{"embeddable":true,"href":"https:\/\/desteptati-va.ro\/index.php\/wp-json\/wp\/v2\/media\/3327"}],"wp:attachment":[{"href":"https:\/\/desteptati-va.ro\/index.php\/wp-json\/wp\/v2\/media?parent=3497"}],"wp:term":[{"taxonomy":"category","embeddable":true,"href":"https:\/\/desteptati-va.ro\/index.php\/wp-json\/wp\/v2\/categories?post=3497"},{"taxonomy":"post_tag","embeddable":true,"href":"https:\/\/desteptati-va.ro\/index.php\/wp-json\/wp\/v2\/tags?post=3497"}],"curies":[{"name":"wp","href":"https:\/\/api.w.org\/{rel}","templated":true}]}}