{"id":3500,"date":"2021-04-13T12:10:18","date_gmt":"2021-04-13T12:10:18","guid":{"rendered":"http:\/\/desteptati.ro\/?p=3500"},"modified":"2021-04-13T12:10:18","modified_gmt":"2021-04-13T12:10:18","slug":"comandantul-actiunii-genocid-raed-arafat-membru-al-retelei-soros","status":"publish","type":"post","link":"https:\/\/desteptati-va.ro\/index.php\/2021\/04\/13\/comandantul-actiunii-genocid-raed-arafat-membru-al-retelei-soros\/","title":{"rendered":"Comandantul Ac\u021biunii \u201eGENOCID\u201d, Raed Arafat, membru al Re\u021belei Soros"},"content":{"rendered":"<div class=\"post-content\"><div class='booster-block booster-read-block'>\n                <div class=\"twp-read-time\">\n                \t<i class=\"booster-icon twp-clock\"><\/i> <span>Read Time:<\/span>6 Minute, 16 Second                <\/div>\n\n            <\/div><h4><strong>Comandantul Ac\u021biunii \u201eGENOCID\u201d, Raed Arafat, membru al Re\u021belei Soros<\/strong><\/h4>\r\n<h4><strong>Ancheta ziarului Na\u021bional de azi, realizat\u0103 de C\u0103t\u0103lin Tache, \u021binte\u0219te direct \u00een Comandantul Ac\u021biunii \u201eGENOCID\u201d, dac\u0103 e s\u0103 amintim de\u00a0<a href=\"http:\/\/www.activenews.ro\/stiri\/ORORILE-si-CRIMELE-dintr-un-Spital-Covid-din-Romania.-Si-eu-AM-OMORAT-OAMENI-Spovedania-unui-cadru-medical-din-Spitalul-Judetean-Sibiu.-UPDATE-Dosar-Penal.-Conducerea-spitalului-recunoaste-397-de-pacienti-din-570-internati-la-ATI-au-murit-165618\">ORORILE \u0219i CRIMELE dintr-un Spital Covid din Rom\u00e2nia. Spovedania unui cadru medical din Spitalul Jude\u021bean Sibiu.<\/a><\/strong><\/h4>\r\n<h4>A\u0219a cum scrie \u0219i\u00a0<a href=\"http:\/\/www.activenews.ro\/autori\/Iulian-Capsali-18\">Iulian Capsali<\/a>\u00a0\u00een editorialul s\u0103u de azi,\u00a0<strong><a href=\"http:\/\/www.activenews.ro\/opinii\/PROTOCOALELE-MORTII-165626\">PROTOCOALELE MOR\u021aII<\/a><\/strong>: \u201eCine a transformat spitalele \u00een lag\u0103re covid, din care majoritatea a ie\u0219it \u00een pungi negre de plastic? Comandantul Ac\u021biunii, Raed Arafat, fie-i numele turnat \u00een plumbul dezastrului social pe care l-a creat prin distrugerea unui sistem de s\u0103n\u0103tate care, cu sincope, era viabil. Acum, dup\u0103 ac\u021biunea comandantului, num\u0103r\u0103m mor\u021bii.\u201d \u0218i iat\u0103 leg\u0103turile mai pu\u021bin cunoscute ale\u00a0<a href=\"http:\/\/www.activenews.ro\/stiri\/DISCRIMINARE.-Cine-sunt-cei-care-prigonesc-crestinii-ortodocsi-la-Sfanta-Parascheva-Un-reformat-un-Bahaist-musulman-un-unitarian-si-un-catolic-taliban-.-FOTO-cu-Raed-Arafat-Baha-i.-ActiveNews-cere-Guvernului-Lasati-credinciosii-sa-vina-la-Sfanta-163070\"><strong>bahaistului Arafat<\/strong><\/a>, supranumit Cioclul Apocaliptic al Rom\u00e2niei:<\/h4>\r\n<h4><strong>C\u0103t\u0103lin Tache: SMURD-ul Soros, combinat de Raed cu ONAC-ul UDMR!\u00a0<\/strong><\/h4>\r\n<h4><strong>Este, de departe, butoiul cu pulbere al sistemului. \u0218i asta nu de azi, de ieri\u2026 Numai c\u0103, dup\u0103 ce p\u00e2n\u0103 \u0219i\u00a0<a href=\"https:\/\/www.national.ro\/news\/traian-basescu-a-dezvaluit-dupa-30-de-ani-de-ce-s-a-vandut-flota-romaniei-713403.html\">un pre\u0219edinte juc\u0103tor ca Traian B\u0103sescu<\/a>, pe c\u00e2nd se afla \u00eenc\u0103 la c\u00e2rma sistemului tic\u0103lo\u0219it s-a convins pe propria piele c\u0103\u00a0<a href=\"https:\/\/www.national.ro\/dezvaluiri\/cacealmaua-smurd-a-lui-raed-arafat-471174.html\">SMURD-ul lui Raed Arafat<\/a>\u00a0este pur \u0219i simplu indestructibil, pu\u021bini sunt cei care mai \u00eendr\u0103znesc s\u0103 deschid\u0103 \u201dCutia Pandorei\u201d. Ce-i drept, a mai \u00eencercat o singur\u0103 dat\u0103 Klaus Iohannis. Dar la doar c\u00e2teva zile dup\u0103 ce a cerut public \u201dcapul\u201d doctorului Raed Arafat \u0219i evaluarea de urgen\u021b\u0103 a activit\u0103\u021bii SMURD, \u201dNeam\u021bul\u201d nu ar mai fi deschis acest subiect nici m\u0103car dac\u0103 i-ai fi descle\u0219tat din\u021bii cu forcepsul!<\/strong><\/h4>\r\n<h4>Ceea ce nu a f\u0103cut dec\u00e2t s\u0103 legendeze \u0219i mai mult puterea absolut\u0103 de care ar dispune Raed Arafat. \u201dDoctorul\u201d fiind considerat intangibil \u00een fa\u021ba demersurilor legale a oric\u0103rei structuri a statului rom\u00e2n! Fie ea una de anchet\u0103 sau contrainformativ\u0103. Ceea ce i-a f\u0103cut pe mul\u021bi dintre cei care ar fi avut chiar \u00een fi\u0219a postului \u201ddocumentarea\u201d \u00een nenum\u0103ratele cazuri semnalate prin rapoarte informative s\u0103 ridice deja blaza\u021bi din umeri. \u0218i mul\u021bumindu-se doar s\u0103 \u00ee\u0219i m\u0103rturiseasc\u0103 unii altora c\u0103 \u201dRaed e MI6\u201d (sau Mossad, potrivit altor surse &#8211; Nota red.) ! Iar drept urmare nu are niciun rost de demarat barem vreo anchet\u0103 mai serioas\u0103. Nici m\u0103car pe afacerile \u201d\u00een familie\u201d ale Deltamed, ca s\u0103 nu mai vorbim de Funda\u021bia pentru SMURD. Organiza\u021bie considerat\u0103 drept adev\u0103ratul \u201dcreier\u201d al \u201danexei\u201d la vedere SMURD. \u0218i despre care exist\u0103 informa\u021bii inclusiv c\u0103 nu ar fi chiar at\u00e2t de \u201dnon-profit\u201d, cel pu\u021bin pentru unii din conduc\u0103torii \u0219i salaria\u021bii s\u0103i. Dar \u0219i c\u0103 nu ar fi rupt chiar definitiv leg\u0103turile cu\u00a0<a href=\"https:\/\/www.national.ro\/dezvaluiri\/zeci-de-milioane-de-euro-pentru-armata-lui-soros-628576.html\">\u201dre\u021beaua\u201d Soro\u0219.<\/a><\/h4>\r\n<h4><\/h4>\r\n<h4>Cea \u00een care Raed Arafat a jucat un rol mai mult dec\u00e2t activ, p\u00e2n\u0103 ce a fost nevoit s\u0103 preia misiunea SMURD de la T\u00e2rgu Mure\u0219! Iar acum, pe l\u00e2ng\u0103 \u201ddubla comand\u0103\u201d MI6 (Mossad) \u2013 George Soros, pe care chiar mul\u021bi ini\u021bia\u021bi ai sistemului nu se sfiesc s\u0103 i-o atribuie Funda\u021biei lui Raed Arafat, \u201d\u00eenfr\u0103\u021birea\u201d \u00een plin\u0103 pandemie cu ONAC-ul ( Oficiul Na\u021bional pentru Achizi\u021bii Centralizate) condus de Cornelia Naghi \u0219i aflat sub \u201d\u00eenaltul patronaj\u201d al UDMR-ului nu a f\u0103cut dec\u00e2t s\u0103 \u00eei creasc\u0103 \u0219i mai mult influen\u021ba. Cel pu\u021bin cea financiar\u0103\u2026<\/h4>\r\n<h4><strong>Directorul Soros dixit!<\/strong><\/h4>\r\n<h4><strong>\u201dDomnul Raed Arafat a f\u0103cut parte din Consiliul Director al Funda\u021biei Centrul pentru Politici \u0219i Servicii de S\u0103n\u0103tate p\u00e2n\u0103 \u00een anul 2005, c\u00e2nd Funda\u021bia Soros a contribuit financiar la fondarea SMURD \u0219i a dispeceratului acestora de la T\u00e2rgu Mure\u0219, iar r\u0103m\u00e2nerea domniei sale \u00een cele dou\u0103 funda\u021bii ar fi reprezentat un conflict de interese\u201d.<\/strong>\u00a0Aceasta este m\u0103rturia lui Gabriel Petrescu, directorul executiv al Funda\u021biei Soros.<\/h4>\r\n<h4><\/h4>\r\n<h4>\u0218i pe care, probabil, Raed Arafat ar fi vrut-o \u201dpierdut\u0103\u201d de mult. Numai c\u0103 uite c\u0103 rom\u00e2nii au dreptul s\u0103 \u0219tie c\u0103 Raed Arafat, cel mai longeviv demnitar din sistem al statului rom\u00e2n a condus una dintre funda\u021biile din suveica de organiza\u021bii \u00eenfiin\u021bate de controversatul miliardar George Soros \u00een Rom\u00e2nia, la \u00eenceputul anilor 2000. \u0218i \u00een care au fost coopta\u021bi prin burse de studii sau func\u021bii de conducere mul\u021bi, parc\u0103 prea mul\u021bi dintre cei care s-au aflat apoi la conducerea institu\u021biilor cheie ale statului rom\u00e2n!<\/h4>\r\n<h4>At\u00e2t de mul\u021bi \u0219i cu cariere at\u00e2t de fulminante, \u00eenc\u00e2t \u00ee\u021bi \u0219i vine s\u0103 te \u00eemtrebi dac\u0103 \u00een Rom\u00e2nia ultimilor ani mai exist\u0103 sau nu vreo structur\u0103 de contraspionaj. Mai ales c\u0103, a\u0219a dup\u0103 cum poate se va afla totu\u0219i la un moment dat, principalele \u201d\u021binte\u201d ale \u201dJihad\u201d-ului anticorup\u021bie au fost tocmai ofi\u021beri \u201dFantome\u201d care documentau re\u021bele susceptibile a avea chiar dubl\u0103 comand\u0103 extern\u0103! Revenind \u00eens\u0103 la declara\u021bia directorului Gabriel Petrescu, tot la fel de bine este de \u0219tiut \u0219i c\u0103 SMURD-ul a fost \u00eenfiin\u021bat prin contribu\u021bia financiar\u0103 a Funda\u021biei Soros. Adic\u0103 pe banii miliardului care este acuzat inclusiv de tot mai mul\u021bi \u0219efi de stat c\u0103 ar conduce a\u0219a-numitul \u201dGuvern Mondial din umbr\u0103\u201d. Dincolo de teoriile conspira\u021bioniste \u00eens\u0103, cert este doar c\u0103 Raed Arafat a f\u0103cut parte din Consiliul Director al Funda\u021biei Centrul pentru Politici \u0219i Servicii de S\u0103n\u0103tate. \u0218i a fost \u201ddeta\u0219at\u201d de \u201dfunda\u021bia mam\u0103\u201d Soro\u0219 \u00een fruntea SMURD. Structur\u0103 despre care, iat\u0103, este bine de \u0219tiut c\u0103 a ap\u0103rut la T\u00e2rgu Mure\u0219 pe banii miliardarului George Soros.<\/h4>\r\n<h4><strong>Funda\u021bia pentru SMURD, stat \u00een stat!<\/strong><\/h4>\r\n<h4>Acum este greu de crezut c\u0103, la vedere cel pu\u021bin SMURD a \u00eentre\u021binut rela\u021bii de colaborare cu re\u021beaua Soros din Rom\u00e2nia. \u00cens\u0103 \u0219i mai greu este de crezut c\u0103 acest\u0103 \u201dfr\u0103\u021bie\u201d ar fi fost uitat\u0103 la nivelul Funda\u021biei pentru SMURD. Structur\u0103 considerat\u0103 \u00een anumite medii drept \u201dstat \u00een stat\u201d. \u0218i care se afi\u0219eaz\u0103 public cu un consiliu director cu o componen\u021b\u0103 care d\u0103 multora de g\u00e2ndit. Fiind vorba de \u201dpre\u0219edintele Raed Arafat, vice-pre\u0219edintele \u2013 general locotenent \u00een rezerv\u0103 Vladimir Secar\u0103, secretarul general Adrian Di\u021b\u0103 \u2013 pre\u0219edinte al Oficiului de Compensare pentru Achizi\u021bii de Tehnic\u0103 Special\u0103 \u0219i membrii Frank Hajdinjak \u2013 director general E.ON Rom\u00e2nia, ambasadorul Emil Hurezeanu, Alex \u0218erban \u2013 senior partner \u0218erban&amp;Mu\u0219neci Associates \u0219i Radu Tudor \u2013 editorialist, analist pe probleme militare\u201d.<\/h4>\r\n<h4><\/h4>\r\n<h4><strong>Falanga offset<\/strong><\/h4>\r\n<h4>Acum, ce-i drept, unora li se poate ap\u0103rea surprinz\u0103toare asocierea la nivelul Consiliului Director al Funda\u021biei pentru SMURD a pre\u0219edintelui Oficiului de Compensare pentru Achizi\u021bii de Tehnic\u0103 Special\u0103, cel care prin fi\u0219a postului trebuie s\u0103 se \u201dbat\u0103 ca un leu\u201d pentru un procent c\u00e2t mai mare de offset pentru contractele de \u00eenzestare a Armatei Rom\u00e2ne \u0219i prim-lobistul marilor contracte de armament G2G cu marii samsari americani de armament. Numai c\u0103, la un anumit nivel, analizele au concluzionat c\u0103 astfel aici \u201ds-ar putea \u00eenchide cercul\u201d unei a\u0219a-numite \u201dfalange offset\u201d. \u00cens\u0103 ceea ce surprinde cu adev\u0103rat este obsesia Funda\u021biei pentru SMURD de a \u00ee\u0219i justificia legalitatea existen\u021bei, de\u0219i la nivel oficial cel pu\u021bin nimeni nu a \u00eendr\u0103znit s\u0103 deranjeze Consiliul Director cu necesitatea unor astfel de l\u0103muriri. Printre \u201d\u00eentreb\u0103rile frecvente\u201d la care chiar Consiliul Director \u00eencearc\u0103 r\u0103spunsuri \u201dlini\u0219titoare\u201d afl\u00e2ndu-se unele precum \u201d Este SMURD un serviciu privat; A fost vreodat\u0103 SMURD serviciu privat; Cum este finan\u021bat SMURD; Dac\u0103 SMURD este un serviciu public, nu este ilegal s\u0103 aib\u0103 funda\u021bie care s\u0103-l sprijine sau s\u0103-i poarte denumirea; Cine pl\u0103te\u0219te salariile angaja\u021bilor Funda\u021biei pentru SMURD sau Care este rela\u021bia \u00eentre SMURD ca serviciu public \u0219i Funda\u021bia pentru SMURD\u201d. Numai c\u0103, la ce sume astronomice au intrat \u00een aceste conturi at\u00e2ta amar de vreme, poate c\u0103 vreo structur\u0103 a statului rom\u00e2n, fie ea \u0219i Curtea de Conturi sau alta ar trebui s\u0103 fac\u0103 un \u201dcontrol tematic\u201d \u0219i aici. Nu de alta, dar a\u0219a poate \u201dImperiul lui Raed\u201d nu ar mai fi nevoit s\u0103 tot justifice acuzele privind \u201dGaura neagr\u0103\u201d de la nivelul SMURD \u0219i Funda\u021bia pentru SMURD. Unele care se rostogolesc tot mai intens \u00een mediul public \u00een ultima vreme.<\/h4>\r\n<h4>Continuarea \u00een\u00a0<a href=\"http:\/\/www.national.ro\/dezvaluiri\/smurd-ul-soros-combinat-de-raed-cu-onac-ul-udmr-714095.html\"><strong>Na\u021bional<\/strong><\/a><\/h4>\r\n<h4><\/h4>        <div class=\"booster-block booster-reactions-block\">\n            <div class=\"twp-reactions-icons\">\n                \n                <div class=\"twp-reacts-wrap\">\n                    <a react-data=\"be-react-1\" post-id=\"3500\" class=\"be-face-icons un-reacted\" href=\"javascript:void(0)\">\n                        <img decoding=\"async\" src=\"https:\/\/desteptati-va.ro\/wp-content\/plugins\/booster-extension\/\/assets\/icon\/happy.svg\" alt=\"Happy\">\n                    <\/a>\n                    <div class=\"twp-reaction-title\">\n                        Happy                    <\/div>\n                    <div class=\"twp-count-percent\">\n                                                    <span style=\"display: none;\" class=\"twp-react-count\">0<\/span>\n                        \n                                                <span class=\"twp-react-percent\"><span>0<\/span> %<\/span>\n                                            <\/div>\n                <\/div>\n\n                <div class=\"twp-reacts-wrap\">\n                    <a react-data=\"be-react-2\" post-id=\"3500\" class=\"be-face-icons un-reacted\" href=\"javascript:void(0)\">\n                        <img decoding=\"async\" src=\"https:\/\/desteptati-va.ro\/wp-content\/plugins\/booster-extension\/\/assets\/icon\/sad.svg\" alt=\"Sad\">\n                    <\/a>\n                    <div class=\"twp-reaction-title\">\n                        Sad                    <\/div>\n                    <div class=\"twp-count-percent\">\n                                                    <span style=\"display: none;\" class=\"twp-react-count\">0<\/span>\n                                                                        <span class=\"twp-react-percent\"><span>0<\/span> %<\/span>\n                                            <\/div>\n                <\/div>\n\n                <div class=\"twp-reacts-wrap\">\n                    <a react-data=\"be-react-3\" post-id=\"3500\" class=\"be-face-icons un-reacted\" href=\"javascript:void(0)\">\n                        <img decoding=\"async\" src=\"https:\/\/desteptati-va.ro\/wp-content\/plugins\/booster-extension\/\/assets\/icon\/excited.svg\" alt=\"Excited\">\n                    <\/a>\n                    <div class=\"twp-reaction-title\">\n                        Excited                    <\/div>\n                    <div class=\"twp-count-percent\">\n                                                    <span style=\"display: none;\" class=\"twp-react-count\">0<\/span>\n                                                                        <span class=\"twp-react-percent\"><span>0<\/span> %<\/span>\n                                            <\/div>\n                <\/div>\n\n                <div class=\"twp-reacts-wrap\">\n                    <a react-data=\"be-react-6\" post-id=\"3500\" class=\"be-face-icons un-reacted\" href=\"javascript:void(0)\">\n                        <img decoding=\"async\" src=\"https:\/\/desteptati-va.ro\/wp-content\/plugins\/booster-extension\/\/assets\/icon\/sleepy.svg\" alt=\"Sleepy\">\n                    <\/a>\n                    <div class=\"twp-reaction-title\">\n                        Sleepy                    <\/div>\n                    <div class=\"twp-count-percent\">\n                                                    <span style=\"display: none;\" class=\"twp-react-count\">0<\/span>\n                        \n                                                <span class=\"twp-react-percent\"><span>0<\/span> %<\/span>\n                                            <\/div>\n                <\/div>\n\n                <div class=\"twp-reacts-wrap\">\n                    <a react-data=\"be-react-4\" post-id=\"3500\" class=\"be-face-icons un-reacted\" href=\"javascript:void(0)\">\n                        <img decoding=\"async\" src=\"https:\/\/desteptati-va.ro\/wp-content\/plugins\/booster-extension\/\/assets\/icon\/angry.svg\" alt=\"Angry\">\n                    <\/a>\n                    <div class=\"twp-reaction-title\">Angry<\/div>\n                    <div class=\"twp-count-percent\">\n                                                    <span style=\"display: none;\" class=\"twp-react-count\">0<\/span>\n                                                                        <span class=\"twp-react-percent\"><span>0<\/span> %<\/span>\n                        \n                    <\/div>\n                <\/div>\n\n                <div class=\"twp-reacts-wrap\">\n                    <a react-data=\"be-react-5\" post-id=\"3500\" class=\"be-face-icons un-reacted\" href=\"javascript:void(0)\">\n                        <img decoding=\"async\" src=\"https:\/\/desteptati-va.ro\/wp-content\/plugins\/booster-extension\/\/assets\/icon\/surprise.svg\" alt=\"Surprise\">\n                    <\/a>\n                    <div class=\"twp-reaction-title\">Surprise<\/div>\n                    <div class=\"twp-count-percent\">\n                                                    <span style=\"display: none;\" class=\"twp-react-count\">0<\/span>\n                                                                        <span class=\"twp-react-percent\"><span>0<\/span> %<\/span>\n                                            <\/div>\n                <\/div>\n\n            <\/div>\n        <\/div>\n\n    <\/div>","protected":false},"excerpt":{"rendered":"<p>Comandantul Ac\u021biunii \u201eGENOCID\u201d, Raed Arafat, membru al Re\u021belei Soros Ancheta ziarului Na\u021bional de azi, realizat\u0103 de C\u0103t\u0103lin Tache, \u021binte\u0219te direct<a href=\"https:\/\/desteptati-va.ro\/index.php\/2021\/04\/13\/comandantul-actiunii-genocid-raed-arafat-membru-al-retelei-soros\/\">Read More<i class=\"fa fa-long-arrow-right\" aria-hidden=\"true\"><\/i><\/a><\/p>\n","protected":false},"author":1,"featured_media":3304,"comment_status":"open","ping_status":"open","sticky":false,"template":"","format":"standard","meta":{"_crdt_document":"","footnotes":""},"categories":[23,218],"tags":[228],"class_list":["post-3500","post","type-post","status-publish","format-standard","has-post-thumbnail","hentry","category-epoca-klaus-iohannis-2014-2024","category-general","tag-partid"],"rise-blocks_total_comments":0,"rise-blocks_categories":[{"term_id":218,"name":"General","slug":"general","term_group":0,"term_taxonomy_id":218,"taxonomy":"category","description":"","parent":0,"count":56,"filter":"raw"}],"rise-blocks_excerpt":"Comandantul Ac\u021biunii \u201eGENOCID\u201d, Raed Arafat, membru al Re\u021belei Soros Ancheta ziarului Na\u021bional de azi, realizat\u0103 de C\u0103t\u0103lin Tache, \u021binte\u0219te direct \u00een Comandantul Ac\u021biunii \u201eGENOCID\u201d, dac\u0103 e s\u0103 amintim de\u00a0ORORILE \u0219i CRIMELE dintr-un Spital Covid din Rom\u00e2nia. Spovedania unui cadru medical din Spitalul Jude\u021bean Sibiu. A\u0219a cum scrie \u0219i\u00a0Iulian Capsali\u00a0\u00een editorialul s\u0103u de azi,\u00a0PROTOCOALELE MOR\u021aII: \u201eCine a transformat spitalele \u00een lag\u0103re..","yoast_head":"<!-- This site is optimized with the Yoast SEO plugin v26.9 - https:\/\/yoast.com\/product\/yoast-seo-wordpress\/ -->\r\n<title>Comandantul Ac\u021biunii \u201eGENOCID\u201d, Raed Arafat, membru al Re\u021belei Soros -<\/title>\r\n<meta name=\"robots\" content=\"index, follow, max-snippet:-1, max-image-preview:large, max-video-preview:-1\" \/>\r\n<link rel=\"canonical\" href=\"https:\/\/desteptati-va.ro\/index.php\/2021\/04\/13\/comandantul-actiunii-genocid-raed-arafat-membru-al-retelei-soros\/\" \/>\r\n<meta property=\"og:locale\" content=\"ro_RO\" \/>\r\n<meta property=\"og:type\" content=\"article\" \/>\r\n<meta property=\"og:title\" content=\"Comandantul Ac\u021biunii \u201eGENOCID\u201d, Raed Arafat, membru al Re\u021belei Soros -\" \/>\r\n<meta property=\"og:description\" content=\"Comandantul Ac\u021biunii \u201eGENOCID\u201d, Raed Arafat, membru al Re\u021belei Soros Ancheta ziarului Na\u021bional de azi, realizat\u0103 de C\u0103t\u0103lin Tache, \u021binte\u0219te directRead More\" \/>\r\n<meta property=\"og:url\" content=\"https:\/\/desteptati-va.ro\/index.php\/2021\/04\/13\/comandantul-actiunii-genocid-raed-arafat-membru-al-retelei-soros\/\" \/>\r\n<meta property=\"article:published_time\" content=\"2021-04-13T12:10:18+00:00\" \/>\r\n<meta property=\"og:image\" content=\"https:\/\/desteptati-va.ro\/wp-content\/uploads\/2021\/04\/Raed-Arafat.jpg\" \/>\r\n\t<meta property=\"og:image:width\" content=\"341\" \/>\r\n\t<meta property=\"og:image:height\" content=\"213\" \/>\r\n\t<meta property=\"og:image:type\" content=\"image\/jpeg\" \/>\r\n<meta name=\"author\" content=\"wolfsoftcompany\" \/>\r\n<meta name=\"twitter:card\" content=\"summary_large_image\" \/>\r\n<meta name=\"twitter:label1\" content=\"Scris de\" \/>\n\t<meta name=\"twitter:data1\" content=\"wolfsoftcompany\" \/>\n\t<meta name=\"twitter:label2\" content=\"Timp estimat pentru citire\" \/>\n\t<meta name=\"twitter:data2\" content=\"7 minute\" \/>\r\n<script type=\"application\/ld+json\" class=\"yoast-schema-graph\">{\"@context\":\"https:\/\/schema.org\",\"@graph\":[{\"@type\":\"Article\",\"@id\":\"https:\/\/desteptati-va.ro\/index.php\/2021\/04\/13\/comandantul-actiunii-genocid-raed-arafat-membru-al-retelei-soros\/#article\",\"isPartOf\":{\"@id\":\"https:\/\/desteptati-va.ro\/index.php\/2021\/04\/13\/comandantul-actiunii-genocid-raed-arafat-membru-al-retelei-soros\/\"},\"author\":{\"name\":\"wolfsoftcompany\",\"@id\":\"https:\/\/desteptati-va.ro\/#\/schema\/person\/13182deeebd44920914899f7bb262d6b\"},\"headline\":\"Comandantul Ac\u021biunii \u201eGENOCID\u201d, Raed Arafat, membru al Re\u021belei Soros\",\"datePublished\":\"2021-04-13T12:10:18+00:00\",\"mainEntityOfPage\":{\"@id\":\"https:\/\/desteptati-va.ro\/index.php\/2021\/04\/13\/comandantul-actiunii-genocid-raed-arafat-membru-al-retelei-soros\/\"},\"wordCount\":1419,\"commentCount\":0,\"image\":{\"@id\":\"https:\/\/desteptati-va.ro\/index.php\/2021\/04\/13\/comandantul-actiunii-genocid-raed-arafat-membru-al-retelei-soros\/#primaryimage\"},\"thumbnailUrl\":\"https:\/\/desteptati-va.ro\/wp-content\/uploads\/2021\/04\/Raed-Arafat.jpg\",\"keywords\":[\"partid\"],\"articleSection\":[\"Epoca Klaus Iohannis (2014-2024)\",\"General\"],\"inLanguage\":\"ro-RO\",\"potentialAction\":[{\"@type\":\"CommentAction\",\"name\":\"Comment\",\"target\":[\"https:\/\/desteptati-va.ro\/index.php\/2021\/04\/13\/comandantul-actiunii-genocid-raed-arafat-membru-al-retelei-soros\/#respond\"]}]},{\"@type\":\"WebPage\",\"@id\":\"https:\/\/desteptati-va.ro\/index.php\/2021\/04\/13\/comandantul-actiunii-genocid-raed-arafat-membru-al-retelei-soros\/\",\"url\":\"https:\/\/desteptati-va.ro\/index.php\/2021\/04\/13\/comandantul-actiunii-genocid-raed-arafat-membru-al-retelei-soros\/\",\"name\":\"Comandantul Ac\u021biunii \u201eGENOCID\u201d, Raed Arafat, membru al Re\u021belei Soros -\",\"isPartOf\":{\"@id\":\"https:\/\/desteptati-va.ro\/#website\"},\"primaryImageOfPage\":{\"@id\":\"https:\/\/desteptati-va.ro\/index.php\/2021\/04\/13\/comandantul-actiunii-genocid-raed-arafat-membru-al-retelei-soros\/#primaryimage\"},\"image\":{\"@id\":\"https:\/\/desteptati-va.ro\/index.php\/2021\/04\/13\/comandantul-actiunii-genocid-raed-arafat-membru-al-retelei-soros\/#primaryimage\"},\"thumbnailUrl\":\"https:\/\/desteptati-va.ro\/wp-content\/uploads\/2021\/04\/Raed-Arafat.jpg\",\"datePublished\":\"2021-04-13T12:10:18+00:00\",\"author\":{\"@id\":\"https:\/\/desteptati-va.ro\/#\/schema\/person\/13182deeebd44920914899f7bb262d6b\"},\"breadcrumb\":{\"@id\":\"https:\/\/desteptati-va.ro\/index.php\/2021\/04\/13\/comandantul-actiunii-genocid-raed-arafat-membru-al-retelei-soros\/#breadcrumb\"},\"inLanguage\":\"ro-RO\",\"potentialAction\":[{\"@type\":\"ReadAction\",\"target\":[\"https:\/\/desteptati-va.ro\/index.php\/2021\/04\/13\/comandantul-actiunii-genocid-raed-arafat-membru-al-retelei-soros\/\"]}]},{\"@type\":\"ImageObject\",\"inLanguage\":\"ro-RO\",\"@id\":\"https:\/\/desteptati-va.ro\/index.php\/2021\/04\/13\/comandantul-actiunii-genocid-raed-arafat-membru-al-retelei-soros\/#primaryimage\",\"url\":\"https:\/\/desteptati-va.ro\/wp-content\/uploads\/2021\/04\/Raed-Arafat.jpg\",\"contentUrl\":\"https:\/\/desteptati-va.ro\/wp-content\/uploads\/2021\/04\/Raed-Arafat.jpg\",\"width\":341,\"height\":213},{\"@type\":\"BreadcrumbList\",\"@id\":\"https:\/\/desteptati-va.ro\/index.php\/2021\/04\/13\/comandantul-actiunii-genocid-raed-arafat-membru-al-retelei-soros\/#breadcrumb\",\"itemListElement\":[{\"@type\":\"ListItem\",\"position\":1,\"name\":\"Prima pagin\u0103\",\"item\":\"https:\/\/desteptati-va.ro\/\"},{\"@type\":\"ListItem\",\"position\":2,\"name\":\"Comandantul Ac\u021biunii \u201eGENOCID\u201d, Raed Arafat, membru al Re\u021belei Soros\"}]},{\"@type\":\"WebSite\",\"@id\":\"https:\/\/desteptati-va.ro\/#website\",\"url\":\"https:\/\/desteptati-va.ro\/\",\"name\":\"\",\"description\":\"\",\"potentialAction\":[{\"@type\":\"SearchAction\",\"target\":{\"@type\":\"EntryPoint\",\"urlTemplate\":\"https:\/\/desteptati-va.ro\/?s={search_term_string}\"},\"query-input\":{\"@type\":\"PropertyValueSpecification\",\"valueRequired\":true,\"valueName\":\"search_term_string\"}}],\"inLanguage\":\"ro-RO\"},{\"@type\":\"Person\",\"@id\":\"https:\/\/desteptati-va.ro\/#\/schema\/person\/13182deeebd44920914899f7bb262d6b\",\"name\":\"wolfsoftcompany\",\"image\":{\"@type\":\"ImageObject\",\"inLanguage\":\"ro-RO\",\"@id\":\"https:\/\/desteptati-va.ro\/#\/schema\/person\/image\/\",\"url\":\"https:\/\/secure.gravatar.com\/avatar\/a6cce9b6d101d27d91690e7073e300fed94c0899890bf998e082cb9d2c3d121e?s=96&d=mm&r=g\",\"contentUrl\":\"https:\/\/secure.gravatar.com\/avatar\/a6cce9b6d101d27d91690e7073e300fed94c0899890bf998e082cb9d2c3d121e?s=96&d=mm&r=g\",\"caption\":\"wolfsoftcompany\"},\"sameAs\":[\"http:\/\/desteptati-va.ro\"],\"url\":\"https:\/\/desteptati-va.ro\/index.php\/author\/wolfsoftcompany\/\"}]}<\/script>\r\n<!-- \/ Yoast SEO plugin. -->","yoast_head_json":{"title":"Comandantul Ac\u021biunii \u201eGENOCID\u201d, Raed Arafat, membru al Re\u021belei Soros -","robots":{"index":"index","follow":"follow","max-snippet":"max-snippet:-1","max-image-preview":"max-image-preview:large","max-video-preview":"max-video-preview:-1"},"canonical":"https:\/\/desteptati-va.ro\/index.php\/2021\/04\/13\/comandantul-actiunii-genocid-raed-arafat-membru-al-retelei-soros\/","og_locale":"ro_RO","og_type":"article","og_title":"Comandantul Ac\u021biunii \u201eGENOCID\u201d, Raed Arafat, membru al Re\u021belei Soros -","og_description":"Comandantul Ac\u021biunii \u201eGENOCID\u201d, Raed Arafat, membru al Re\u021belei Soros Ancheta ziarului Na\u021bional de azi, realizat\u0103 de C\u0103t\u0103lin Tache, \u021binte\u0219te directRead More","og_url":"https:\/\/desteptati-va.ro\/index.php\/2021\/04\/13\/comandantul-actiunii-genocid-raed-arafat-membru-al-retelei-soros\/","article_published_time":"2021-04-13T12:10:18+00:00","og_image":[{"width":341,"height":213,"url":"https:\/\/desteptati-va.ro\/wp-content\/uploads\/2021\/04\/Raed-Arafat.jpg","type":"image\/jpeg"}],"author":"wolfsoftcompany","twitter_card":"summary_large_image","twitter_misc":{"Scris de":"wolfsoftcompany","Timp estimat pentru citire":"7 minute"},"schema":{"@context":"https:\/\/schema.org","@graph":[{"@type":"Article","@id":"https:\/\/desteptati-va.ro\/index.php\/2021\/04\/13\/comandantul-actiunii-genocid-raed-arafat-membru-al-retelei-soros\/#article","isPartOf":{"@id":"https:\/\/desteptati-va.ro\/index.php\/2021\/04\/13\/comandantul-actiunii-genocid-raed-arafat-membru-al-retelei-soros\/"},"author":{"name":"wolfsoftcompany","@id":"https:\/\/desteptati-va.ro\/#\/schema\/person\/13182deeebd44920914899f7bb262d6b"},"headline":"Comandantul Ac\u021biunii \u201eGENOCID\u201d, Raed Arafat, membru al Re\u021belei Soros","datePublished":"2021-04-13T12:10:18+00:00","mainEntityOfPage":{"@id":"https:\/\/desteptati-va.ro\/index.php\/2021\/04\/13\/comandantul-actiunii-genocid-raed-arafat-membru-al-retelei-soros\/"},"wordCount":1419,"commentCount":0,"image":{"@id":"https:\/\/desteptati-va.ro\/index.php\/2021\/04\/13\/comandantul-actiunii-genocid-raed-arafat-membru-al-retelei-soros\/#primaryimage"},"thumbnailUrl":"https:\/\/desteptati-va.ro\/wp-content\/uploads\/2021\/04\/Raed-Arafat.jpg","keywords":["partid"],"articleSection":["Epoca Klaus Iohannis (2014-2024)","General"],"inLanguage":"ro-RO","potentialAction":[{"@type":"CommentAction","name":"Comment","target":["https:\/\/desteptati-va.ro\/index.php\/2021\/04\/13\/comandantul-actiunii-genocid-raed-arafat-membru-al-retelei-soros\/#respond"]}]},{"@type":"WebPage","@id":"https:\/\/desteptati-va.ro\/index.php\/2021\/04\/13\/comandantul-actiunii-genocid-raed-arafat-membru-al-retelei-soros\/","url":"https:\/\/desteptati-va.ro\/index.php\/2021\/04\/13\/comandantul-actiunii-genocid-raed-arafat-membru-al-retelei-soros\/","name":"Comandantul Ac\u021biunii \u201eGENOCID\u201d, Raed Arafat, membru al Re\u021belei Soros -","isPartOf":{"@id":"https:\/\/desteptati-va.ro\/#website"},"primaryImageOfPage":{"@id":"https:\/\/desteptati-va.ro\/index.php\/2021\/04\/13\/comandantul-actiunii-genocid-raed-arafat-membru-al-retelei-soros\/#primaryimage"},"image":{"@id":"https:\/\/desteptati-va.ro\/index.php\/2021\/04\/13\/comandantul-actiunii-genocid-raed-arafat-membru-al-retelei-soros\/#primaryimage"},"thumbnailUrl":"https:\/\/desteptati-va.ro\/wp-content\/uploads\/2021\/04\/Raed-Arafat.jpg","datePublished":"2021-04-13T12:10:18+00:00","author":{"@id":"https:\/\/desteptati-va.ro\/#\/schema\/person\/13182deeebd44920914899f7bb262d6b"},"breadcrumb":{"@id":"https:\/\/desteptati-va.ro\/index.php\/2021\/04\/13\/comandantul-actiunii-genocid-raed-arafat-membru-al-retelei-soros\/#breadcrumb"},"inLanguage":"ro-RO","potentialAction":[{"@type":"ReadAction","target":["https:\/\/desteptati-va.ro\/index.php\/2021\/04\/13\/comandantul-actiunii-genocid-raed-arafat-membru-al-retelei-soros\/"]}]},{"@type":"ImageObject","inLanguage":"ro-RO","@id":"https:\/\/desteptati-va.ro\/index.php\/2021\/04\/13\/comandantul-actiunii-genocid-raed-arafat-membru-al-retelei-soros\/#primaryimage","url":"https:\/\/desteptati-va.ro\/wp-content\/uploads\/2021\/04\/Raed-Arafat.jpg","contentUrl":"https:\/\/desteptati-va.ro\/wp-content\/uploads\/2021\/04\/Raed-Arafat.jpg","width":341,"height":213},{"@type":"BreadcrumbList","@id":"https:\/\/desteptati-va.ro\/index.php\/2021\/04\/13\/comandantul-actiunii-genocid-raed-arafat-membru-al-retelei-soros\/#breadcrumb","itemListElement":[{"@type":"ListItem","position":1,"name":"Prima pagin\u0103","item":"https:\/\/desteptati-va.ro\/"},{"@type":"ListItem","position":2,"name":"Comandantul Ac\u021biunii \u201eGENOCID\u201d, Raed Arafat, membru al Re\u021belei Soros"}]},{"@type":"WebSite","@id":"https:\/\/desteptati-va.ro\/#website","url":"https:\/\/desteptati-va.ro\/","name":"","description":"","potentialAction":[{"@type":"SearchAction","target":{"@type":"EntryPoint","urlTemplate":"https:\/\/desteptati-va.ro\/?s={search_term_string}"},"query-input":{"@type":"PropertyValueSpecification","valueRequired":true,"valueName":"search_term_string"}}],"inLanguage":"ro-RO"},{"@type":"Person","@id":"https:\/\/desteptati-va.ro\/#\/schema\/person\/13182deeebd44920914899f7bb262d6b","name":"wolfsoftcompany","image":{"@type":"ImageObject","inLanguage":"ro-RO","@id":"https:\/\/desteptati-va.ro\/#\/schema\/person\/image\/","url":"https:\/\/secure.gravatar.com\/avatar\/a6cce9b6d101d27d91690e7073e300fed94c0899890bf998e082cb9d2c3d121e?s=96&d=mm&r=g","contentUrl":"https:\/\/secure.gravatar.com\/avatar\/a6cce9b6d101d27d91690e7073e300fed94c0899890bf998e082cb9d2c3d121e?s=96&d=mm&r=g","caption":"wolfsoftcompany"},"sameAs":["http:\/\/desteptati-va.ro"],"url":"https:\/\/desteptati-va.ro\/index.php\/author\/wolfsoftcompany\/"}]}},"_links":{"self":[{"href":"https:\/\/desteptati-va.ro\/index.php\/wp-json\/wp\/v2\/posts\/3500","targetHints":{"allow":["GET"]}}],"collection":[{"href":"https:\/\/desteptati-va.ro\/index.php\/wp-json\/wp\/v2\/posts"}],"about":[{"href":"https:\/\/desteptati-va.ro\/index.php\/wp-json\/wp\/v2\/types\/post"}],"author":[{"embeddable":true,"href":"https:\/\/desteptati-va.ro\/index.php\/wp-json\/wp\/v2\/users\/1"}],"replies":[{"embeddable":true,"href":"https:\/\/desteptati-va.ro\/index.php\/wp-json\/wp\/v2\/comments?post=3500"}],"version-history":[{"count":1,"href":"https:\/\/desteptati-va.ro\/index.php\/wp-json\/wp\/v2\/posts\/3500\/revisions"}],"predecessor-version":[{"id":3502,"href":"https:\/\/desteptati-va.ro\/index.php\/wp-json\/wp\/v2\/posts\/3500\/revisions\/3502"}],"wp:featuredmedia":[{"embeddable":true,"href":"https:\/\/desteptati-va.ro\/index.php\/wp-json\/wp\/v2\/media\/3304"}],"wp:attachment":[{"href":"https:\/\/desteptati-va.ro\/index.php\/wp-json\/wp\/v2\/media?parent=3500"}],"wp:term":[{"taxonomy":"category","embeddable":true,"href":"https:\/\/desteptati-va.ro\/index.php\/wp-json\/wp\/v2\/categories?post=3500"},{"taxonomy":"post_tag","embeddable":true,"href":"https:\/\/desteptati-va.ro\/index.php\/wp-json\/wp\/v2\/tags?post=3500"}],"curies":[{"name":"wp","href":"https:\/\/api.w.org\/{rel}","templated":true}]}}