{"id":3503,"date":"2021-04-13T12:12:23","date_gmt":"2021-04-13T12:12:23","guid":{"rendered":"http:\/\/desteptati.ro\/?p=3503"},"modified":"2022-01-19T00:19:21","modified_gmt":"2022-01-18T22:19:21","slug":"seful-sri-eduard-hellvig-creatiesoros","status":"publish","type":"post","link":"https:\/\/desteptati-va.ro\/index.php\/2021\/04\/13\/seful-sri-eduard-hellvig-creatiesoros\/","title":{"rendered":"\u0218eful\u00a0SRI, Eduard Hellvig \u00a0\u2013\u00a0crea\u021bie Soros ?"},"content":{"rendered":"<div class=\"post-content\"><div class='booster-block booster-read-block'>\n                <div class=\"twp-read-time\">\n                \t<i class=\"booster-icon twp-clock\"><\/i> <span>Read Time:<\/span>8 Minute, 41 Second                <\/div>\n\n            <\/div><h3><\/h3>\n<h3><span style=\"color: #ff0000;\"><strong>O anchet\u0103 care relev\u0103 formarea \u0219i ascensiunea directorului SRI \u0219i rela\u021biile acestuia cu organiza\u021biile lui Soros.<\/strong><\/span><\/h3>\n<h4><\/h4>\n<h4>Nu sunt fan Liviu Dragnea dar nu pot sa nu-l citez si poate si asta l-a ajutat sa ajunga acolo unde este acum: &#8222;Eu am ceva cu Soros. Acest om, funda\u021biile \u0219i structurile pe care le finanteaz\u0103 \u00eenc\u0103 din 1990, a finan\u021bat r\u0103ul \u00een Rom\u00e2nia&#8221;. Este al doilea lider politic guvernamental din Europa, dup\u0103 premierul maghiar Viktor Orban care atrage aten\u021bia asupra activit\u0103\u021bii organiza\u021biilor finan\u021bate de George Soros. Au urmat ru\u0219ii, macedonenii \u0219i polonezii.<\/h4>\n<figure id=\"attachment_2501\" aria-describedby=\"caption-attachment-2501\" style=\"width: 530px\" class=\"wp-caption aligncenter\"><img loading=\"lazy\" decoding=\"async\" class=\" wp-image-2501\" src=\"http:\/\/www.desteptati-va.ro\/wp-content\/uploads\/2011\/10\/GeorgeSoros-300x213.jpg\" alt=\"George Soros\" width=\"530\" height=\"375\"><figcaption id=\"caption-attachment-2501\" class=\"wp-caption-text\">George Soros<\/figcaption><\/figure>\n<h4>\u00cengrijorarea liderilor pare fireasc\u0103, pentru c\u0103 Soros s-a aflat la originea unor destabiliz\u0103ri interna\u021bionale. Pe unele le-a recunoscut&nbsp;\u2014 de exemplu lovitura de la bursa londonez\u0103 din anii 90, dar \u0219i a\u0219a zisa revolu\u021bie de la Kiev, de fapt&nbsp;<u><a href=\"http:\/\/www.infowars.com\/soros-admits-responsibility-for-coup-and-mass-murder-in-ukraine\/\">o lovitur\u0103 de stat<\/a><\/u>&nbsp;pe care Soros a sus\u021binut-o. Miliardarul a intervenit \u0219i \u00een multe alte situa\u021bii, unele dezv\u0103luite de autorit\u0103\u021bi, altele de pres\u0103. Ultima ac\u021biune destabilizatoare a avut loc &nbsp;la Forumul Economic Mondial de la Davos, acolo unde Soros a lansat un atac f\u0103r\u0103 precedent \u00eempotriva lui Donald Trump \u0219i a noii administra\u021bii americane. \u00cen aceste condi\u021bii, \u00een lumea \u00eentreag\u0103 se manifest\u0103 cel pu\u021bin o precau\u021bie la adresa organiza\u021biilor lui Soros, \u00een SUA s-a trecut la verificarea lor atent\u0103, iar \u00een Ungaria Orban dore\u0219te s\u0103 le lichideze.<\/h4>\n<h4>\u00cen acest context interna\u021bional, Rom\u00e2nia face o excep\u021bie major\u0103 \u0219i greu de imaginat&nbsp;\u2014 chiar \u0219eful celui mai puternic serviciu special, SRI, Eduard Hellvig, este un produs marca George Soros. Iat\u0103 cum formarea \u0219i cariera \u0219efului SRI stau aproape integral sub semnul contestatului miliardar, fiind, dup\u0103 datele pe care le ve\u021bi citi, parte a &#8222;r\u0103ului finan\u021bat de Soros \u00een Rom\u00e2nai&#8221;, apud Liviu Dragnea.<\/h4>\n<h4>Dup\u0103 absolvirea liceului, Hellvig a intrat la Universitatea Babe\u0219 Boliay, \u00een 1993, la Facultatea de \u0218tiin\u021be politice, de\u0219i nu f\u0103cea parte dintr-un partid politic. \u00cen 1995, la doar 21 de ani, studentul Hellvig prime\u0219te o burs\u0103 a Funda\u021biei Soros &#8222;pentru o Societate Deschis\u0103&#8221;, finan\u021barea fiind pentru proiectul &#8222;Cine guverneaz\u0103 sau cine de\u021bine puterea \u00een Rom\u00e2nia?&#8221;&nbsp;\u2014 o lucrare care nu este de g\u0103sit \u00een arhivele internet, dar care a fost, a\u0219a cum aminteam, finan\u021bat\u0103.<\/h4>\n<h4>\u00cen anul urm\u0103tor, studentul Hellvig este numit director de programe al Funda\u021biei Soros Cluj, fapt neobi\u0219nuit pentru cineva care nu era membru mai vechi al funda\u021biei, aspect neclarificat de Hellvig \u00een declara\u021biile sale. Din informa\u021biile noastre \u0219i din practica Funda\u021biei, beneficiarul unei burse trebuia s\u0103 aib\u0103 minim un an vechime \u00een organiza\u021bie, iar un director minim doi ani, deci este de presupus c\u0103 Hellvig a intrat \u00een cercul lui Soros chiar de la terminarea liceului.<\/h4>\n<h4>\u00cen acela\u0219i an, studentul devine director de programe al lui Soros, prime\u0219te aceea\u0219i func\u021bie \u00een cadrul &#8222;Institutului de Analiz\u0103 Politic\u0103&#8221; din Cluj, o institu\u021bie de neg\u0103sit \u00een arhive, dar specific\u0103 pentru proiectele lui Soros. &#8222;<u><a href=\"http:\/\/www.napocanews.ro\/2015\/02\/ofiterii-secreti-se-revolta-\">Napoca News<\/a><\/u>&#8221; descrie acest &#8222;institut&#8221; ca fiind &#8222;o funda\u0163ie cu rolul de a promova \u015fi a finan\u0163a funda\u0163iile \u015fi personajele care se afirmau \u00eempotriva valorilor na\u0163ionale, tradi\u0163iilor \u015fi bisericii ortodoxe \u015fi care militau pentru autonomia Transilvaniei sau recuperarea de c\u0103tre Ungaria a unei p\u0103r\u0163i din aceast\u0103 provincie istoric\u0103&#8221;.<\/h4>\n<h4>\u00cen anul um\u0103tor, 1997, de-abia absolvent de \u0219tiin\u021be politice, Hellvig pare c\u0103 renun\u021b\u0103 la politic\u0103 sau civism \u0219i devine\u2026 broker. \u00ce\u0219i ia licen\u021ba de la BVB, dar ciudat, printre studiile men\u021bionate \u00een diferite surse&nbsp;\u2014 inclusiv pe site-ul Camerei Deputa\u021bilor&nbsp;\u2014 nu se men\u021bioneaz\u0103 un curs care s\u0103-i fi dat dreptul s\u0103 ob\u021bin\u0103 licen\u021ba, ci doar ob\u021binrea licen\u021bei. \u0218i, interesant, Hellvig devine broker la TVM S.A., (Tranzac\u021bii Valori Mobiliare S.A), o firm\u0103 de brokeraj de\u021binut\u0103, printre al\u021bii, de Dinu Patriciu \u0219i de Verestoy Attila, secretar al Comisiei de supreveghere a SRI chiar de la instalare. De men\u021bionat rela\u021bia dintre Verestory \u0219i Geroge Soros, via&nbsp;Rudas Erno, diplomat maghiar expulzat din Rom\u00e2nia, descris de generalul SRI (R) Aurel Rogojan &#8222;conduc\u0103torul reziden\u0163ei de informa\u0163ii din Rom\u00e2nia&#8221; (&#8222;Spionajul maghiar \u00een Rom\u00e2nia&#8221; edituar Elion, 2007, Bucure\u015fti). Un alt aspect interesant al TVM S.A., firma la care a lucrat Hellvig p\u00e2n\u0103 \u00een 1998, este acela c\u0103 prin ea s-a f\u0103cut tranzac\u021bia cu ac\u021biuni Rompetrol acuzat\u0103 de manipulare a Bursei, \u00een urma c\u0103reia au fost pronun\u021bate condamn\u0103ri la \u00eenchisoare&nbsp;\u2014 cea mai celebr\u0103 fiind aceea a ziaristului \u0219i senatorului Sorin Ro\u0219ca St\u0103nescu. \u00centrebarea fireasc\u0103 este ce activitate a prestat Hellvig la controversata TVM, \u00een condi\u021biile \u00een care nu poate proba preg\u0103tirea \u00een domeniul de activitate declarat?<\/h4>\n<h4>\u00cen acest timp, mai bine zis \u00een 1997, Hellvig scrie c\u00e2teva articole \u00een &#8222;Sfera Politicii&#8221;, o revist\u0103 finan\u021bat\u0103 de fundatia \u201eSocietatea Civil\u0103&#8221; \u0219i Institutul de Cercetari Economice \u0219i Politice&#8221;, unde au semnat cam toate figurile societ\u0103\u021bile civile men\u021bionate \u00een finan\u021b\u0103rile Soros&nbsp;\u2014 iar ca detaliu minor, t\u00e2n\u0103rul autor se semneaz\u0103 cu numele &#8222;Hellwig&#8221;, cu &#8222;w&#8221;, nu cu &#8222;v&#8221;. De men\u021bionat c\u0103 activitatea celor dou\u0103 ONG este foarte greu de identificat prin cercetarea expus\u0103 de sursele publice online.<\/h4>\n<h4>\u00cen anul urm\u0103tor Hellvig, t\u00e2n\u0103rul broker, se re\u00eentoarce \u00een politic\u0103 renun\u021b\u00e2nd brusc la brokeraj&nbsp;\u2014 \u0219i devine consilier politic al lui Horia Rusu, regretatul lider liberal. Totu\u0219i, din nou surpinz\u0103tor, consilierul politic al experimentatului politician nu devine membru al PNL. Este de men\u021bionat c\u0103 Horia Rusu a f\u0103cut parte din grupul Patriciu \u0219i a promovat diverse ini\u021biative civice&nbsp;\u2014 printre care controversata Proclama\u021bie de la Timi\u0219oara, incluz\u00e2nd controversata &#8222;lege a lustra\u021biei&#8221; contra fo\u0219tilor activi\u0219ti ai PCR, o alt\u0103 idee men\u021bionat\u0103 \u00een analiza activit\u0103\u021bii funda\u021biilor finan\u021bate de George Soros.<\/h4>\n<h4>\u00cen 1999, Eduard Hellvig a devenit \u0219i absolvent al \u015ecolii de Var\u0103 organizat\u0103 de Centrul de Studii Post-Comuniste, Universitatea Maryland College Park \u015fi Centrul de Studii Post&nbsp;\u2014 Comuniste \u015fi Funda\u0163ia Soros, conform declara\u021biei depuse la Camera Deputa\u021bilor.<\/h4>\n<h4>\u00centre 1999 \u0219i 2000 Hellvig a fost consilier al ministrului de Interne Dudu Ionescu, acesta din urm\u0103 un alt beneficiar al fondurilor Soros \u00een caliatatea sa de membru al Consiliului de Administra\u021bie al Institului de Politici Publice, ONG finan\u021bat de Soros \u0219i unul dintre principalele instrumente de presiune asupra suprastructurii (politice) rom\u00e2ne. Interesant este c\u0103, la ora actual\u0103, Dudu Ionescu este consilierul pre\u0219edintelui Iohannis pe probleme de securitate \u0219i \u0219ef,&nbsp;<em>de facto<\/em>, al Comunit\u0103\u021bii Na\u021bionale de Informa\u021bii, av\u00e2nd la dispozi\u021bie datele de la SRI, SIE \u0219i celelate servicii. Dudu Ionescu este \u0219i na\u0219ul de cununie al lui Hellvig.<\/h4>\n<figure id=\"attachment_3233\" aria-describedby=\"caption-attachment-3233\" style=\"width: 472px\" class=\"wp-caption aligncenter\"><img loading=\"lazy\" decoding=\"async\" class=\" wp-image-3233\" src=\"http:\/\/www.desteptati-va.ro\/wp-content\/uploads\/2012\/02\/mugur-isarescu1-300x225.jpg\" alt=\"Mugur Is\u0103rescu\" width=\"472\" height=\"354\"><figcaption id=\"caption-attachment-3233\" class=\"wp-caption-text\">Mugur Is\u0103rescu<\/figcaption><\/figure>\n<h4>\u00cen 2000, Hellvig devine consilierul&nbsp;\u2014 sau chiar \u0219eful staff-ului de campanie, dup\u0103 unele surse&nbsp;\u2014 al lui Mugur Is\u0103rescu, candidat independent la pre\u0219edintia Rom\u00e2niei. Ce leg\u0103tur\u0103 este \u00eentre Is\u0103rescu \u0219i Soros, aceasta va face obiectul unei alte analize, deocamdat\u0103 s\u0103 consemn\u0103m doar&nbsp; curiozitatea ca un t\u00e2n\u0103r de numai 26 de ani s\u0103 \u00eel consilieze pe unul dintre cei mai experimenta\u021bi oameni de stat din Rom\u00e2nia, poate chiar din Europa.<\/h4>\n<h4>\u00centre 2001 \u0219i 2003, conform propriei declara\u021bii, devine director general al &#8222;Institutului de Studii Sociale&#8221;, o alt\u0103 &#8222;instiu\u021bie&#8221; de urmele c\u0103ruia nu am reu\u0219it s\u0103 d\u0103m. Cel pu\u021bin ciudat ca, \u00een CV, un director al SRI s\u0103 aib\u0103 at\u00e2tea date imposibil de confirmat.<\/h4>\n<h4>\u00cen 2003 \u00eencepe studiile la \u0218coala Na\u0163ional\u0103 de Studii Politice \u015fi Administra\u0163ie Public\u0103 (SNSPA) Bucure\u015fti, \u0219i \u00een acela\u0219i an se \u00eenscrie pentru prima dat\u0103 \u00eentr-un partid, aleg\u00e2nd, ciudat pentru un t\u00e2n\u0103r apropiat de liberali, \u021b\u0103r\u0103ni\u0219ti, lustra\u021bie \u0219i Soros&nbsp;\u2014 partidul lui Dan Voiculescu, Partidul Umanist Rom\u00e2n.<\/h4>\n<h4>Tot \u00een 2003 atunci \u00eel reg\u0103sim consilier al lui Petru Filip, primar al Oradei \u0219i influent senator PD \u0219i PSD de Bihor. \u00centre 1997 \u0219i 2000, Filp a fost,&nbsp;<u><a href=\"http:\/\/www.senat.ro\/FisaSenator.aspx?ParlamentarID=7a5191ae-3401-4a97-9973-00ea4c2016da\">conform propriei declara\u021bii de la Senat<\/a><\/u>, &#8222;consultant pentru Rom\u00e2nia pe probleme de administra\u021bie local\u0103&#8221; al Urban Institute,Washington D.C., &#8222;un think tank liberal de prim rang&#8221; a\u0219a cum \u00eel descrie presa american\u0103, cel pu\u021bin finan\u021bat de Soros Open Society, iar dup\u0103&nbsp;<u><a href=\"http:\/\/www.discoverthenetworks.org\/groupProfile.asp?grpid=6927\">alte surse<\/a><\/u>chiar \u00eenfiin\u021bat de Soros.<\/h4>\n<h4>\u00cen 2004 t\u00e2n\u0103rul consilier politic Hellvig, fost broker, este numit director executiv al Sintezis Romania, una dintre cele mai puternice firme de retail birotic\u0103 \u0219i software, ne \u00eentreb\u0103m care o fi fost justificare profesional\u0103? Dar, Eduard p\u0103streaz\u0103 pu\u021bin timp func\u021bia, pentru c\u0103, \u00een acela\u0219i an este ales deputat pe listele pe listele uniunii PSD+PUR. F\u0103r\u0103 leg\u0103tura cu studiile \u0219i experien\u021ba profesional\u0103, este numit secretar al Comisiei pentru Ap\u0103rare, Ordine Public\u0103 \u0219i Siguran\u021b\u0103 Na\u021bional\u0103 \u0219i devine membru al Adun\u0103rii Parlamentare NATO. Dar \u00een parlament are o prezen\u021b\u0103 \u0219i o activitate modest\u0103, f\u0103r\u0103 ie\u0219iri la dezbateri, cu un num\u0103r la fel de modest de declara\u021bii sau interpel\u0103ri. \u00cen plus, din declara\u021biile sale nu transpare nimic din importan\u021ba func\u021biilor avute \u0219i a comisiei din care face parte, ci par mai degrab\u0103 \u00eencerc\u0103ri de exprimare ale unui t\u00e2n\u0103r timid \u0219i timorat.<\/h4>\n<h4>\u00cen 2008 trece la PNL, unde, \u00een ciuda presta\u021bii slabe \u0219i a prezen\u021bei cel mult discrete din Parlament, Hellvig devine principalul colaborator al pre\u0219edintelui nou ales Crin Antonescu, al c\u0103rui \u0219ef de campanie este \u00een 2009. \u00cencepe o carier\u0103 fulminant\u0103, \u00een 2011 este ales secretar general al PNL, dup\u0103 care devine abonat la cele mai importante func\u021bii \u00een guvern, f\u0103r\u0103 a fi ap\u0103rut \u00eentre timp noi argumente profesionale.<\/h4>\n<h4>\u00cen 2012 este numit ministru al Dezvolt\u0103rii Regionale \u015fi Turismului, cel mai r\u00e2vnit portofoliu guvernamental, este ales deputat \u00een 2012, apoi europarlamentar \u00een 2014, iar \u00een 2015 pre\u0219edintele Iohannis \u00eel nume\u0219te \u0219ef al principalului serviciu de informa\u021bii, SRI.<\/h4>\n<h4>De men\u021bionat c\u0103, \u00eentre timp, \u0219i-a completat studiile urm\u00e2nd diverse cursuri legate de NATO, la Colegiul Na\u0163ional de Ap\u0103rare \u015fi la Centrul European de Studii de Securitate &#8222;George C. Marshall&#8221;, Germania. \u00cen 2009 ob\u021bine titlul de doctor \u00een \u0219tiin\u021be politice la SNSPA, decan fiind Cristian P\u00e2rvulescu, una dintre personalit\u0103\u021bile finan\u021bate de funda\u021biile lui Soros.<\/h4>\n<h4>Acestea sunt principalele date din biografia lui Eduard Hellvig, am omis din aceast\u0103 analiz\u0103 problemele care le-a avut cu ANI, \u00eencurc\u0103turile legale ale fratelui s\u0103u \u0219i cariera diplomatic\u0103 greu de justificat a acestuia, chestiuni de familie, angaj\u0103ri de persoane dubioase \u00een ministere,&nbsp; etc.; cu alte cuvinte, am \u00eencercate s\u0103 ne men\u021binem pe rela\u021bia lui Hellvig cu organiza\u021biile lui George Soros. Din c\u00e2te reiese din analiz\u0103, Rom\u00e2nia are \u00een fruntea principalei for\u021be de asigurare a securit\u0103\u021bii informative un director creat \u0219i avansat \u00een, prin \u0219i datorit\u0103 rela\u021biilor cu organiza\u021biile lui George Soros, poate cea mai controversat\u0103 persoan\u0103 din lume actualmente, considerat un destabilizator de prim rang \u0219i un pericol. \u00cen acest sens, am citat reac\u021biile liderilor Ungariei, Poloniei, Macedoniei, Rusiei, dar mai ales al fostului &#8222;lider a lumii libere&#8221;, Donald Trump.<\/h4>\n<h4><\/h4>        <div class=\"booster-block booster-reactions-block\">\n            <div class=\"twp-reactions-icons\">\n                \n                <div class=\"twp-reacts-wrap\">\n                    <a react-data=\"be-react-1\" post-id=\"3503\" class=\"be-face-icons un-reacted\" href=\"javascript:void(0)\">\n                        <img decoding=\"async\" src=\"https:\/\/desteptati-va.ro\/wp-content\/plugins\/booster-extension\/\/assets\/icon\/happy.svg\" alt=\"Happy\">\n                    <\/a>\n                    <div class=\"twp-reaction-title\">\n                        Happy                    <\/div>\n                    <div class=\"twp-count-percent\">\n                                                    <span style=\"display: none;\" class=\"twp-react-count\">0<\/span>\n                        \n                                                <span class=\"twp-react-percent\"><span>0<\/span> %<\/span>\n                                            <\/div>\n                <\/div>\n\n                <div class=\"twp-reacts-wrap\">\n                    <a react-data=\"be-react-2\" post-id=\"3503\" class=\"be-face-icons un-reacted\" href=\"javascript:void(0)\">\n                        <img decoding=\"async\" src=\"https:\/\/desteptati-va.ro\/wp-content\/plugins\/booster-extension\/\/assets\/icon\/sad.svg\" alt=\"Sad\">\n                    <\/a>\n                    <div class=\"twp-reaction-title\">\n                        Sad                    <\/div>\n                    <div class=\"twp-count-percent\">\n                                                    <span style=\"display: none;\" class=\"twp-react-count\">0<\/span>\n                                                                        <span class=\"twp-react-percent\"><span>0<\/span> %<\/span>\n                                            <\/div>\n                <\/div>\n\n                <div class=\"twp-reacts-wrap\">\n                    <a react-data=\"be-react-3\" post-id=\"3503\" class=\"be-face-icons un-reacted\" href=\"javascript:void(0)\">\n                        <img decoding=\"async\" src=\"https:\/\/desteptati-va.ro\/wp-content\/plugins\/booster-extension\/\/assets\/icon\/excited.svg\" alt=\"Excited\">\n                    <\/a>\n                    <div class=\"twp-reaction-title\">\n                        Excited                    <\/div>\n                    <div class=\"twp-count-percent\">\n                                                    <span style=\"display: none;\" class=\"twp-react-count\">0<\/span>\n                                                                        <span class=\"twp-react-percent\"><span>0<\/span> %<\/span>\n                                            <\/div>\n                <\/div>\n\n                <div class=\"twp-reacts-wrap\">\n                    <a react-data=\"be-react-6\" post-id=\"3503\" class=\"be-face-icons un-reacted\" href=\"javascript:void(0)\">\n                        <img decoding=\"async\" src=\"https:\/\/desteptati-va.ro\/wp-content\/plugins\/booster-extension\/\/assets\/icon\/sleepy.svg\" alt=\"Sleepy\">\n                    <\/a>\n                    <div class=\"twp-reaction-title\">\n                        Sleepy                    <\/div>\n                    <div class=\"twp-count-percent\">\n                                                    <span style=\"display: none;\" class=\"twp-react-count\">0<\/span>\n                        \n                                                <span class=\"twp-react-percent\"><span>0<\/span> %<\/span>\n                                            <\/div>\n                <\/div>\n\n                <div class=\"twp-reacts-wrap\">\n                    <a react-data=\"be-react-4\" post-id=\"3503\" class=\"be-face-icons un-reacted\" href=\"javascript:void(0)\">\n                        <img decoding=\"async\" src=\"https:\/\/desteptati-va.ro\/wp-content\/plugins\/booster-extension\/\/assets\/icon\/angry.svg\" alt=\"Angry\">\n                    <\/a>\n                    <div class=\"twp-reaction-title\">Angry<\/div>\n                    <div class=\"twp-count-percent\">\n                                                    <span style=\"display: none;\" class=\"twp-react-count\">1<\/span>\n                                                                        <span class=\"twp-react-percent\"><span>100<\/span> %<\/span>\n                        \n                    <\/div>\n                <\/div>\n\n                <div class=\"twp-reacts-wrap\">\n                    <a react-data=\"be-react-5\" post-id=\"3503\" class=\"be-face-icons un-reacted\" href=\"javascript:void(0)\">\n                        <img decoding=\"async\" src=\"https:\/\/desteptati-va.ro\/wp-content\/plugins\/booster-extension\/\/assets\/icon\/surprise.svg\" alt=\"Surprise\">\n                    <\/a>\n                    <div class=\"twp-reaction-title\">Surprise<\/div>\n                    <div class=\"twp-count-percent\">\n                                                    <span style=\"display: none;\" class=\"twp-react-count\">0<\/span>\n                                                                        <span class=\"twp-react-percent\"><span>0<\/span> %<\/span>\n                                            <\/div>\n                <\/div>\n\n            <\/div>\n        <\/div>\n\n    <\/div>","protected":false},"excerpt":{"rendered":"<p>O anchet\u0103 care relev\u0103 formarea \u0219i ascensiunea directorului SRI \u0219i rela\u021biile acestuia cu organiza\u021biile lui Soros. Nu sunt fan Liviu<a href=\"https:\/\/desteptati-va.ro\/index.php\/2021\/04\/13\/seful-sri-eduard-hellvig-creatiesoros\/\">Read More<i class=\"fa fa-long-arrow-right\" aria-hidden=\"true\"><\/i><\/a><\/p>\n","protected":false},"author":1,"featured_media":3269,"comment_status":"open","ping_status":"open","sticky":false,"template":"","format":"standard","meta":{"_crdt_document":"","footnotes":""},"categories":[23,218],"tags":[229,230],"class_list":["post-3503","post","type-post","status-publish","format-standard","has-post-thumbnail","hentry","category-epoca-klaus-iohannis-2014-2024","category-general","tag-soros","tag-sri"],"rise-blocks_total_comments":0,"rise-blocks_categories":[{"term_id":218,"name":"General","slug":"general","term_group":0,"term_taxonomy_id":218,"taxonomy":"category","description":"","parent":0,"count":56,"filter":"raw"}],"rise-blocks_excerpt":"O anchet\u0103 care relev\u0103 formarea \u0219i ascensiunea directorului SRI \u0219i rela\u021biile acestuia cu organiza\u021biile lui Soros. Nu sunt fan Liviu Dragnea dar nu pot sa nu-l citez si poate si asta l-a ajutat sa ajunga acolo unde este acum: &#8222;Eu am ceva cu Soros. Acest om, funda\u021biile \u0219i structurile pe care le finanteaz\u0103 \u00eenc\u0103 din 1990, a finan\u021bat r\u0103ul \u00een..","yoast_head":"<!-- This site is optimized with the Yoast SEO plugin v26.9 - https:\/\/yoast.com\/product\/yoast-seo-wordpress\/ -->\r\n<title>\u0218eful\u00a0SRI, Eduard Hellvig \u00a0\u2013\u00a0crea\u021bie Soros ? -<\/title>\r\n<meta name=\"robots\" content=\"index, follow, max-snippet:-1, max-image-preview:large, max-video-preview:-1\" \/>\r\n<link rel=\"canonical\" href=\"https:\/\/desteptati-va.ro\/index.php\/2021\/04\/13\/seful-sri-eduard-hellvig-creatiesoros\/\" \/>\r\n<meta property=\"og:locale\" content=\"ro_RO\" \/>\r\n<meta property=\"og:type\" content=\"article\" \/>\r\n<meta property=\"og:title\" content=\"\u0218eful\u00a0SRI, Eduard Hellvig \u00a0\u2013\u00a0crea\u021bie Soros ? -\" \/>\r\n<meta property=\"og:description\" content=\"O anchet\u0103 care relev\u0103 formarea \u0219i ascensiunea directorului SRI \u0219i rela\u021biile acestuia cu organiza\u021biile lui Soros. Nu sunt fan LiviuRead More\" \/>\r\n<meta property=\"og:url\" content=\"https:\/\/desteptati-va.ro\/index.php\/2021\/04\/13\/seful-sri-eduard-hellvig-creatiesoros\/\" \/>\r\n<meta property=\"article:published_time\" content=\"2021-04-13T12:12:23+00:00\" \/>\r\n<meta property=\"article:modified_time\" content=\"2022-01-18T22:19:21+00:00\" \/>\r\n<meta property=\"og:image\" content=\"https:\/\/desteptati-va.ro\/wp-content\/uploads\/2021\/04\/Eduard-Hellvig-1.jpg\" \/>\r\n\t<meta property=\"og:image:width\" content=\"297\" \/>\r\n\t<meta property=\"og:image:height\" content=\"205\" \/>\r\n\t<meta property=\"og:image:type\" content=\"image\/jpeg\" \/>\r\n<meta name=\"author\" content=\"wolfsoftcompany\" \/>\r\n<meta name=\"twitter:card\" content=\"summary_large_image\" \/>\r\n<meta name=\"twitter:label1\" content=\"Scris de\" \/>\n\t<meta name=\"twitter:data1\" content=\"wolfsoftcompany\" \/>\n\t<meta name=\"twitter:label2\" content=\"Timp estimat pentru citire\" \/>\n\t<meta name=\"twitter:data2\" content=\"10 minute\" \/>\r\n<script type=\"application\/ld+json\" class=\"yoast-schema-graph\">{\"@context\":\"https:\/\/schema.org\",\"@graph\":[{\"@type\":\"Article\",\"@id\":\"https:\/\/desteptati-va.ro\/index.php\/2021\/04\/13\/seful-sri-eduard-hellvig-creatiesoros\/#article\",\"isPartOf\":{\"@id\":\"https:\/\/desteptati-va.ro\/index.php\/2021\/04\/13\/seful-sri-eduard-hellvig-creatiesoros\/\"},\"author\":{\"name\":\"wolfsoftcompany\",\"@id\":\"https:\/\/desteptati-va.ro\/#\/schema\/person\/13182deeebd44920914899f7bb262d6b\"},\"headline\":\"\u0218eful\u00a0SRI, Eduard Hellvig \u00a0\u2013\u00a0crea\u021bie Soros ?\",\"datePublished\":\"2021-04-13T12:12:23+00:00\",\"dateModified\":\"2022-01-18T22:19:21+00:00\",\"mainEntityOfPage\":{\"@id\":\"https:\/\/desteptati-va.ro\/index.php\/2021\/04\/13\/seful-sri-eduard-hellvig-creatiesoros\/\"},\"wordCount\":1932,\"commentCount\":0,\"image\":{\"@id\":\"https:\/\/desteptati-va.ro\/index.php\/2021\/04\/13\/seful-sri-eduard-hellvig-creatiesoros\/#primaryimage\"},\"thumbnailUrl\":\"https:\/\/desteptati-va.ro\/wp-content\/uploads\/2021\/04\/Eduard-Hellvig-1.jpg\",\"keywords\":[\"Soros\",\"SRI\"],\"articleSection\":[\"Epoca Klaus Iohannis (2014-2024)\",\"General\"],\"inLanguage\":\"ro-RO\",\"potentialAction\":[{\"@type\":\"CommentAction\",\"name\":\"Comment\",\"target\":[\"https:\/\/desteptati-va.ro\/index.php\/2021\/04\/13\/seful-sri-eduard-hellvig-creatiesoros\/#respond\"]}]},{\"@type\":\"WebPage\",\"@id\":\"https:\/\/desteptati-va.ro\/index.php\/2021\/04\/13\/seful-sri-eduard-hellvig-creatiesoros\/\",\"url\":\"https:\/\/desteptati-va.ro\/index.php\/2021\/04\/13\/seful-sri-eduard-hellvig-creatiesoros\/\",\"name\":\"\u0218eful\u00a0SRI, Eduard Hellvig \u00a0\u2013\u00a0crea\u021bie Soros ? -\",\"isPartOf\":{\"@id\":\"https:\/\/desteptati-va.ro\/#website\"},\"primaryImageOfPage\":{\"@id\":\"https:\/\/desteptati-va.ro\/index.php\/2021\/04\/13\/seful-sri-eduard-hellvig-creatiesoros\/#primaryimage\"},\"image\":{\"@id\":\"https:\/\/desteptati-va.ro\/index.php\/2021\/04\/13\/seful-sri-eduard-hellvig-creatiesoros\/#primaryimage\"},\"thumbnailUrl\":\"https:\/\/desteptati-va.ro\/wp-content\/uploads\/2021\/04\/Eduard-Hellvig-1.jpg\",\"datePublished\":\"2021-04-13T12:12:23+00:00\",\"dateModified\":\"2022-01-18T22:19:21+00:00\",\"author\":{\"@id\":\"https:\/\/desteptati-va.ro\/#\/schema\/person\/13182deeebd44920914899f7bb262d6b\"},\"breadcrumb\":{\"@id\":\"https:\/\/desteptati-va.ro\/index.php\/2021\/04\/13\/seful-sri-eduard-hellvig-creatiesoros\/#breadcrumb\"},\"inLanguage\":\"ro-RO\",\"potentialAction\":[{\"@type\":\"ReadAction\",\"target\":[\"https:\/\/desteptati-va.ro\/index.php\/2021\/04\/13\/seful-sri-eduard-hellvig-creatiesoros\/\"]}]},{\"@type\":\"ImageObject\",\"inLanguage\":\"ro-RO\",\"@id\":\"https:\/\/desteptati-va.ro\/index.php\/2021\/04\/13\/seful-sri-eduard-hellvig-creatiesoros\/#primaryimage\",\"url\":\"https:\/\/desteptati-va.ro\/wp-content\/uploads\/2021\/04\/Eduard-Hellvig-1.jpg\",\"contentUrl\":\"https:\/\/desteptati-va.ro\/wp-content\/uploads\/2021\/04\/Eduard-Hellvig-1.jpg\",\"width\":297,\"height\":205},{\"@type\":\"BreadcrumbList\",\"@id\":\"https:\/\/desteptati-va.ro\/index.php\/2021\/04\/13\/seful-sri-eduard-hellvig-creatiesoros\/#breadcrumb\",\"itemListElement\":[{\"@type\":\"ListItem\",\"position\":1,\"name\":\"Prima pagin\u0103\",\"item\":\"https:\/\/desteptati-va.ro\/\"},{\"@type\":\"ListItem\",\"position\":2,\"name\":\"\u0218eful\u00a0SRI, Eduard Hellvig \u00a0\u2013\u00a0crea\u021bie Soros ?\"}]},{\"@type\":\"WebSite\",\"@id\":\"https:\/\/desteptati-va.ro\/#website\",\"url\":\"https:\/\/desteptati-va.ro\/\",\"name\":\"\",\"description\":\"\",\"potentialAction\":[{\"@type\":\"SearchAction\",\"target\":{\"@type\":\"EntryPoint\",\"urlTemplate\":\"https:\/\/desteptati-va.ro\/?s={search_term_string}\"},\"query-input\":{\"@type\":\"PropertyValueSpecification\",\"valueRequired\":true,\"valueName\":\"search_term_string\"}}],\"inLanguage\":\"ro-RO\"},{\"@type\":\"Person\",\"@id\":\"https:\/\/desteptati-va.ro\/#\/schema\/person\/13182deeebd44920914899f7bb262d6b\",\"name\":\"wolfsoftcompany\",\"image\":{\"@type\":\"ImageObject\",\"inLanguage\":\"ro-RO\",\"@id\":\"https:\/\/desteptati-va.ro\/#\/schema\/person\/image\/\",\"url\":\"https:\/\/secure.gravatar.com\/avatar\/a6cce9b6d101d27d91690e7073e300fed94c0899890bf998e082cb9d2c3d121e?s=96&d=mm&r=g\",\"contentUrl\":\"https:\/\/secure.gravatar.com\/avatar\/a6cce9b6d101d27d91690e7073e300fed94c0899890bf998e082cb9d2c3d121e?s=96&d=mm&r=g\",\"caption\":\"wolfsoftcompany\"},\"sameAs\":[\"http:\/\/desteptati-va.ro\"],\"url\":\"https:\/\/desteptati-va.ro\/index.php\/author\/wolfsoftcompany\/\"}]}<\/script>\r\n<!-- \/ Yoast SEO plugin. -->","yoast_head_json":{"title":"\u0218eful\u00a0SRI, Eduard Hellvig \u00a0\u2013\u00a0crea\u021bie Soros ? -","robots":{"index":"index","follow":"follow","max-snippet":"max-snippet:-1","max-image-preview":"max-image-preview:large","max-video-preview":"max-video-preview:-1"},"canonical":"https:\/\/desteptati-va.ro\/index.php\/2021\/04\/13\/seful-sri-eduard-hellvig-creatiesoros\/","og_locale":"ro_RO","og_type":"article","og_title":"\u0218eful\u00a0SRI, Eduard Hellvig \u00a0\u2013\u00a0crea\u021bie Soros ? -","og_description":"O anchet\u0103 care relev\u0103 formarea \u0219i ascensiunea directorului SRI \u0219i rela\u021biile acestuia cu organiza\u021biile lui Soros. Nu sunt fan LiviuRead More","og_url":"https:\/\/desteptati-va.ro\/index.php\/2021\/04\/13\/seful-sri-eduard-hellvig-creatiesoros\/","article_published_time":"2021-04-13T12:12:23+00:00","article_modified_time":"2022-01-18T22:19:21+00:00","og_image":[{"width":297,"height":205,"url":"https:\/\/desteptati-va.ro\/wp-content\/uploads\/2021\/04\/Eduard-Hellvig-1.jpg","type":"image\/jpeg"}],"author":"wolfsoftcompany","twitter_card":"summary_large_image","twitter_misc":{"Scris de":"wolfsoftcompany","Timp estimat pentru citire":"10 minute"},"schema":{"@context":"https:\/\/schema.org","@graph":[{"@type":"Article","@id":"https:\/\/desteptati-va.ro\/index.php\/2021\/04\/13\/seful-sri-eduard-hellvig-creatiesoros\/#article","isPartOf":{"@id":"https:\/\/desteptati-va.ro\/index.php\/2021\/04\/13\/seful-sri-eduard-hellvig-creatiesoros\/"},"author":{"name":"wolfsoftcompany","@id":"https:\/\/desteptati-va.ro\/#\/schema\/person\/13182deeebd44920914899f7bb262d6b"},"headline":"\u0218eful\u00a0SRI, Eduard Hellvig \u00a0\u2013\u00a0crea\u021bie Soros ?","datePublished":"2021-04-13T12:12:23+00:00","dateModified":"2022-01-18T22:19:21+00:00","mainEntityOfPage":{"@id":"https:\/\/desteptati-va.ro\/index.php\/2021\/04\/13\/seful-sri-eduard-hellvig-creatiesoros\/"},"wordCount":1932,"commentCount":0,"image":{"@id":"https:\/\/desteptati-va.ro\/index.php\/2021\/04\/13\/seful-sri-eduard-hellvig-creatiesoros\/#primaryimage"},"thumbnailUrl":"https:\/\/desteptati-va.ro\/wp-content\/uploads\/2021\/04\/Eduard-Hellvig-1.jpg","keywords":["Soros","SRI"],"articleSection":["Epoca Klaus Iohannis (2014-2024)","General"],"inLanguage":"ro-RO","potentialAction":[{"@type":"CommentAction","name":"Comment","target":["https:\/\/desteptati-va.ro\/index.php\/2021\/04\/13\/seful-sri-eduard-hellvig-creatiesoros\/#respond"]}]},{"@type":"WebPage","@id":"https:\/\/desteptati-va.ro\/index.php\/2021\/04\/13\/seful-sri-eduard-hellvig-creatiesoros\/","url":"https:\/\/desteptati-va.ro\/index.php\/2021\/04\/13\/seful-sri-eduard-hellvig-creatiesoros\/","name":"\u0218eful\u00a0SRI, Eduard Hellvig \u00a0\u2013\u00a0crea\u021bie Soros ? -","isPartOf":{"@id":"https:\/\/desteptati-va.ro\/#website"},"primaryImageOfPage":{"@id":"https:\/\/desteptati-va.ro\/index.php\/2021\/04\/13\/seful-sri-eduard-hellvig-creatiesoros\/#primaryimage"},"image":{"@id":"https:\/\/desteptati-va.ro\/index.php\/2021\/04\/13\/seful-sri-eduard-hellvig-creatiesoros\/#primaryimage"},"thumbnailUrl":"https:\/\/desteptati-va.ro\/wp-content\/uploads\/2021\/04\/Eduard-Hellvig-1.jpg","datePublished":"2021-04-13T12:12:23+00:00","dateModified":"2022-01-18T22:19:21+00:00","author":{"@id":"https:\/\/desteptati-va.ro\/#\/schema\/person\/13182deeebd44920914899f7bb262d6b"},"breadcrumb":{"@id":"https:\/\/desteptati-va.ro\/index.php\/2021\/04\/13\/seful-sri-eduard-hellvig-creatiesoros\/#breadcrumb"},"inLanguage":"ro-RO","potentialAction":[{"@type":"ReadAction","target":["https:\/\/desteptati-va.ro\/index.php\/2021\/04\/13\/seful-sri-eduard-hellvig-creatiesoros\/"]}]},{"@type":"ImageObject","inLanguage":"ro-RO","@id":"https:\/\/desteptati-va.ro\/index.php\/2021\/04\/13\/seful-sri-eduard-hellvig-creatiesoros\/#primaryimage","url":"https:\/\/desteptati-va.ro\/wp-content\/uploads\/2021\/04\/Eduard-Hellvig-1.jpg","contentUrl":"https:\/\/desteptati-va.ro\/wp-content\/uploads\/2021\/04\/Eduard-Hellvig-1.jpg","width":297,"height":205},{"@type":"BreadcrumbList","@id":"https:\/\/desteptati-va.ro\/index.php\/2021\/04\/13\/seful-sri-eduard-hellvig-creatiesoros\/#breadcrumb","itemListElement":[{"@type":"ListItem","position":1,"name":"Prima pagin\u0103","item":"https:\/\/desteptati-va.ro\/"},{"@type":"ListItem","position":2,"name":"\u0218eful\u00a0SRI, Eduard Hellvig \u00a0\u2013\u00a0crea\u021bie Soros ?"}]},{"@type":"WebSite","@id":"https:\/\/desteptati-va.ro\/#website","url":"https:\/\/desteptati-va.ro\/","name":"","description":"","potentialAction":[{"@type":"SearchAction","target":{"@type":"EntryPoint","urlTemplate":"https:\/\/desteptati-va.ro\/?s={search_term_string}"},"query-input":{"@type":"PropertyValueSpecification","valueRequired":true,"valueName":"search_term_string"}}],"inLanguage":"ro-RO"},{"@type":"Person","@id":"https:\/\/desteptati-va.ro\/#\/schema\/person\/13182deeebd44920914899f7bb262d6b","name":"wolfsoftcompany","image":{"@type":"ImageObject","inLanguage":"ro-RO","@id":"https:\/\/desteptati-va.ro\/#\/schema\/person\/image\/","url":"https:\/\/secure.gravatar.com\/avatar\/a6cce9b6d101d27d91690e7073e300fed94c0899890bf998e082cb9d2c3d121e?s=96&d=mm&r=g","contentUrl":"https:\/\/secure.gravatar.com\/avatar\/a6cce9b6d101d27d91690e7073e300fed94c0899890bf998e082cb9d2c3d121e?s=96&d=mm&r=g","caption":"wolfsoftcompany"},"sameAs":["http:\/\/desteptati-va.ro"],"url":"https:\/\/desteptati-va.ro\/index.php\/author\/wolfsoftcompany\/"}]}},"_links":{"self":[{"href":"https:\/\/desteptati-va.ro\/index.php\/wp-json\/wp\/v2\/posts\/3503","targetHints":{"allow":["GET"]}}],"collection":[{"href":"https:\/\/desteptati-va.ro\/index.php\/wp-json\/wp\/v2\/posts"}],"about":[{"href":"https:\/\/desteptati-va.ro\/index.php\/wp-json\/wp\/v2\/types\/post"}],"author":[{"embeddable":true,"href":"https:\/\/desteptati-va.ro\/index.php\/wp-json\/wp\/v2\/users\/1"}],"replies":[{"embeddable":true,"href":"https:\/\/desteptati-va.ro\/index.php\/wp-json\/wp\/v2\/comments?post=3503"}],"version-history":[{"count":2,"href":"https:\/\/desteptati-va.ro\/index.php\/wp-json\/wp\/v2\/posts\/3503\/revisions"}],"predecessor-version":[{"id":4525,"href":"https:\/\/desteptati-va.ro\/index.php\/wp-json\/wp\/v2\/posts\/3503\/revisions\/4525"}],"wp:featuredmedia":[{"embeddable":true,"href":"https:\/\/desteptati-va.ro\/index.php\/wp-json\/wp\/v2\/media\/3269"}],"wp:attachment":[{"href":"https:\/\/desteptati-va.ro\/index.php\/wp-json\/wp\/v2\/media?parent=3503"}],"wp:term":[{"taxonomy":"category","embeddable":true,"href":"https:\/\/desteptati-va.ro\/index.php\/wp-json\/wp\/v2\/categories?post=3503"},{"taxonomy":"post_tag","embeddable":true,"href":"https:\/\/desteptati-va.ro\/index.php\/wp-json\/wp\/v2\/tags?post=3503"}],"curies":[{"name":"wp","href":"https:\/\/api.w.org\/{rel}","templated":true}]}}