{"id":3512,"date":"2021-04-13T12:31:37","date_gmt":"2021-04-13T12:31:37","guid":{"rendered":"http:\/\/desteptati.ro\/?p=3512"},"modified":"2022-03-11T20:37:58","modified_gmt":"2022-03-11T18:37:58","slug":"cedarea-de-parti-din-teritoriu-national-ucrainei","status":"publish","type":"post","link":"https:\/\/desteptati-va.ro\/index.php\/2021\/04\/13\/cedarea-de-parti-din-teritoriu-national-ucrainei\/","title":{"rendered":"Cedarea de parti din teritoriu national, Ucrainei !"},"content":{"rendered":"<div class=\"post-content\"><div class='booster-block booster-read-block'>\n                <div class=\"twp-read-time\">\n                \t<i class=\"booster-icon twp-clock\"><\/i> <span>Read Time:<\/span>5 Minute, 31 Second                <\/div>\n\n            <\/div>&nbsp;\n\n&nbsp;\n<h4>Tratatului cu Ucraina. Prof. Florin Constantiniu: Pentru prima dat\u0103 de la constituirea Rom\u00e2niei Mari, un guvern rom\u00e2n a cedat p\u0103r\u021bi ale teritoriului na\u021bional f\u0103r\u0103 a fi amenin\u021bat cu agresiunea<\/h4>\n<h4>DE&nbsp;<u><a href=\"https:\/\/www.activenews.ro\/autori\/Andrei-Nicolae-170\">ANDREI NICOLAE<\/a><\/u>&nbsp; \/ &nbsp;&nbsp;CULTUR\u0102, ISTORIE&nbsp;&nbsp; \/ &nbsp; Publicat: S\u00e2mb\u0103t\u0103, 07 iulie 2018, 08:45&nbsp;&nbsp; \/<\/h4>\n<h4><a href=\"https:\/\/www.activenews.ro\/images\/articole\/144496.jpg\">&nbsp;<img loading=\"lazy\" decoding=\"async\" class=\"aligncenter wp-image-5697\" src=\"http:\/\/www.desteptati-va.ro\/wp-content\/uploads\/2021\/02\/Tradarea-lui-Constantinescu-300x159.jpg\" alt=\"\" width=\"750\" height=\"397\"><\/a><\/h4>\n<h4>Pe 7 iulie 1997, Senatul Rom\u00e2niei ratifica ceea ce este cunoscut drept \u201eTratatul&nbsp;cu privire la rela\u021biile de bun\u0103 vecin\u0103tate \u0219i cooperare dintre Rom\u00e2nia \u0219i Ucraina\u201d.<\/h4>\n<h4>Documentul fusese semnat, ini\u021bial, de c\u0103tre mini\u0219trii de externe ai celor dou\u0103 \u021b\u0103ri, pe 3 mai la Kiev, iar apoi de c\u0103tre cei doi pre\u0219edin\u021bi, la 2 iunie 1997 la Neptun. Interesant este c\u0103 actul ar putea fi denun\u021bat oric\u00e2nd de autorit\u0103\u021bile rom\u00e2ne, tratatul prev\u0103z\u00e2nd \u0219i c\u0103 poate fi denun\u021bat cu un an \u00eenainte de expirarea valabilit\u0103\u021bii, care se re\u00eenoie\u0219te automat la 5 ani, dup\u0103 trecerea celor 10 ani de valabilitate ini\u021bial\u0103. Practic, putea fi denun\u021bat anul trecut, f\u0103r\u0103 nicio problem\u0103 de autorit\u0103\u021bile rom\u00e2ne sau la fel de bine \u00een 2011, a\u0219a cum ar putea fi anulat \u00een 2021.<\/h4>\n<h4><\/h4>\n<h4>La data vot\u0103rii acestui act, pre\u0219edintele Senatului era Petre Roman, ministrul de Externe \u2013 Adrian Severin, pre\u0219edinte al Rom\u00e2niei \u2013 Emil Constantinescu.<\/h4>\n<h4>Profesorul Tiberiu Tudor, a explicat \u00eentr-un interviu acordat revistei&nbsp;<u><a href=\"http:\/\/www.art-emis.ro\/jurnalistica\/2928-trataul-cu-ucraina-un-act-de-tradare-nationala.html\">Art-emis,&nbsp;<\/a><\/u>c\u0103 pre\u0219edintele Rom\u00e2niei de atunci, Emil Constantinescu, a promis \u00eenc\u0103 din ianuarie 1997 c\u0103 va recunoa\u0219te \u201erealit\u0103\u021bile istorice\u201d \u00een ceea ce prive\u0219te rela\u021bia dintre \u021bara noastr\u0103 \u0219i Ucraina, de\u0219i nu avea niciun mandat s\u0103 fac\u0103 asemenea declara\u021bii. Pre\u0219edintele Constantinescu a cedat inclusiv Insula \u0218erpilor, un alt teritoriu al Rom\u00e2niei luat cu for\u021ba de URSS, dup\u0103 terminarea r\u0103zboiului, \u00een 1948!<\/h4>\n<h4>\u201e\u00cen anul 1997, imediat dup\u0103 preluarea puterii de c\u0103tre Conven\u021bia Democrat\u0103, am fost lua\u021bi prin surprindere de c\u00e2teva declara\u021bii contrare interesului na\u021bional pe termen lung ale rectorului Universit\u0103\u021bii noastre, profesorul Emil Constantinescu, devenit pre\u0219edinte al Rom\u00e2niei. Printre altele, la conferin\u021ba de la Davos, \u00een ianuarie 1997, \u0219i-a declarat disponibilitatea pentru ceea ce a numit \u201esacrificiul istoric&#8221;- recunoa\u0219terea dreptului de succesiune a Republicii Ucraina asupra teritoriilor rom\u00e2ne\u0219ti ocupate prin for\u021b\u0103 de c\u0103tre defuncta Uniune Sovietic\u0103. Trebuie subliniat c\u0103 aceste declara\u021bii ale pre\u0219edintelui Constantinescu au fost f\u0103cute f\u0103r\u0103 un minim mandat, cel din partea Parlamentului Rom\u00e2niei. \u00cen discu\u021biile pe care le-am avut cu profesorul Constantinescu am realizat c\u0103 este insensibil la ceea ce eu \u0219i mul\u021bi colegi consideram interese na\u021bionale strategice ale Rom\u00e2niei, la est \u0219i la vest&nbsp;\u201d, a afirmat profesorul Tudor, autorul c\u0103r\u021bii \u201eIstoria unei tr\u0103d\u0103ri na\u021bionale &#8211; Tratatul cu Ucraina&nbsp;\u201d<\/h4>\n<h4>Atitudinea capitulard\u0103 \u0219i dezonorant\u0103 a Guvernan\u021bilor de atunci este nejustificat\u0103 mai ales c\u0103 \u00een 1991, Parlamentul Rom\u00e2niei anun\u021base oficial c\u0103 nu recunoa\u0219te orice \u00eencercare de legitimizare din partea Ucrainei asupra teritoriilor rom\u00e2ne\u0219ti luate cu for\u021ba de c\u0103tre URSS.<\/h4>\n<h4><\/h4>\n<h4>Mai mult, \u00een 1993, Guvernul Rom\u00e2niei a notificat omologii ucraineni c\u0103 \u00een urma dispari\u021biei Uniunii Sovietice \u00een 1991, tratatul de frontier\u0103 dintre cele dou\u0103 p\u0103r\u021bi din 1961 a devenit caduc. Tratatul din 1961 recuno\u0219tea grani\u021ba impus\u0103 Rom\u00e2niei dup\u0103 pierderea celui de-al doilea r\u0103zboi mondial, iar faptul c\u0103 partea rom\u00e2n\u0103 \u00eel denun\u021ba ca \u0219i caduc afirma clar necesitatea unei noi negocieri!<\/h4>\n<h4><\/h4>\n<h4>\u201eIn Declara\u021bia Parlamentului Rom\u00e2niei din 28 noiembrie 1991, adoptat\u0103 cu unanimitate de voturi \u00een \u0219edin\u021ba Camerelor reunite, se spune:<\/h4>\n<h4>Parlamentul Rom\u00e2niei, lu\u00e2nd cuno\u0219tin\u021b\u0103 de hot\u0103r\u00e2rea autorit\u0103\u021bilor de la Kiev de a organiza la 1 decembrie 1991 un referendum asupra independen\u021bei Republicii Ucraina<\/h4>\n<h4>&#8211; declar\u0103 solemn c\u0103&nbsp;referendumul organizat de autorit\u0103\u021bile de la Kiev \u00een teritoriile rom\u00e2ne\u0219ti \u00eencorporate cu for\u021ba \u00een cadrul fostei U.R.S.S. &#8211; respectiv Bucovina de Nord, \u021binutul Her\u021ba, \u021binutul Hotin precum \u0219i \u00een jude\u021bele din sudul Basarabiei &#8211; este nul \u0219i neavenit, precum \u0219i consecin\u021bele acestuia.<\/h4>\n<h4>&#8211; cere parlamentarilor \u0219i guvernelor tuturor statelor care vor recunoa\u0219te independen\u021ba Ucrainei s\u0103 declare expres c\u0103 aceast\u0103 recunoa\u0219tere nu se extinde \u0219i asupra teritoriilor rom\u00e2ne\u0219ti men\u021bionate.<\/h4>\n<h4>&#8211;&nbsp;solicit\u0103 Guvernului \u021b\u0103rii s\u0103 \u00eenceap\u0103 de urgen\u021b\u0103 negocieri cu autorit\u0103\u021bile de la Kiev \u00een problema teritoriilor rom\u00e2ne\u0219ti anexate cu for\u021ba de U.R.S.S.<\/h4>\n<h4>Tot \u00een acest sens, \u00een aprilie 1993, Guvernul Rom\u00e2n notific\u0103 Guvernului Ucrainean faptul c\u0103, urmare a dispari\u021biei Uniunii Sovietice \u0219i a apari\u021biei la frontiera de est a Rom\u00e2niei a dou\u0103 noi state independente, Ucraina \u0219i Republica Moldova, Tratatul privind regimul frontierei de stat rom\u00e2no-sovietice, colaborarea \u0219i asisten\u021ba mutual\u0103 \u00een problemele de frontier\u0103, \u00eencheiat \u00een 1961, a devenit caduc. Se afirm\u0103, de asemenea, disponibilitatea P\u0103r\u021bii rom\u00e2ne de a \u00eencepe negocierea cu Partea ucrainean\u0103 a unui acord \u00een acest domeniu.<\/h4>\n<h4>ADVERTISEMENT<\/h4>\n<h4>Tratatul din 1961 confirma frontiera sovieto-rom\u00e2n\u0103 impus\u0103 prin Tratatul de Pace de la Paris din 1947 \u0219i Protocolul Groza-Molotov din 1948, \u00een condi\u021biile ocupa\u021biei sovietice, sfera sa de reglementare limit\u00e2ndu-se, desigur, la problemele regimului de frontier\u0103 \u0219i ale colabor\u0103rii \u0219i asisten\u021bei mutuale.<\/h4>\n<h4>Notificarea caducit\u0103\u021bii Tratatului din 1961 cu Uniunea Sovietic\u0103, ca urmare a dispari\u021biei acesteia ca subiect de drept interna\u021bional, \u0219i exprimarea disponibilit\u0103\u021bii de negociere cu noul stat ap\u0103rut la frontiera de est a Rom\u00e2niei &#8211; Republica Ucraina &#8211; era un act menit s\u0103 deschid\u0103 c\u00e2mpul discu\u021biei problemei frontierei dintre Rom\u00e2nia \u0219i Ucraina, \u00een spiritul Actului Final de la Helsinki\u201d, consider\u0103 profesorul Tudor.<\/h4>\n<h4>Profesorul Tudor afirm\u0103 c\u0103 opinia public\u0103 a fost indus\u0103 \u00een eroare de o campanie de manipulare, ai c\u0103rei artizani au fost Conven\u021bia Democratic\u0103 (CDR), aflat\u0103 atunci la Guvernare \u0219i pre\u0219edintele Constantinescu, iar unealta principal\u0103 a fost abia \u00eenfiin\u021batul PRO TV.<\/h4>\n<h4>O extraordinar\u0103 campanie de manipulare a opiniei publice \u0219i a parlamentarilor este pus\u0103 \u00een func\u021biune. Principalii artizani ai acestei ac\u021biuni sunt pre\u0219edintele Emil Constantinescu, pre\u0219edintele Senatului Petre Roman \u0219i ministrul de externe din acea perioad\u0103, Adrian Severin.<\/h4>\n<h4>\u201eNimeni nu a venit s\u0103 spun\u0103 c\u0103, de fapt, la \u00eendemnul lui Silviu Brucan, \u201eideologul\u201d, prin intermediul PRO TV, au ac\u021bionat cei doi oameni de stat, Petre Roman \u0219i Adrian Severin. Iar pre\u0219edintele Emil Constantinescu a semnat tratatul ca pe un document de r\u00e2nd, m\u0103surat de o iresponsabilitate pe care ast\u0103zi nu o recunoa\u0219te\u201d, a afirmat profesorul Tudor \u00een cartea sa&nbsp;&nbsp;\u201eIstoria unei tr\u0103d\u0103ri na\u021bionale &#8211; Tratatul cu Ucraina\u201d.<\/h4>\n<h4><\/h4>\n<h4>Concluzia \u00eei apar\u021bine regretatului academician, profesor \u0219i istoric, Florin Constantiniu:<\/h4>\n<h4><img loading=\"lazy\" decoding=\"async\" class=\"aligncenter wp-image-5696\" src=\"http:\/\/www.desteptati-va.ro\/wp-content\/uploads\/2021\/02\/Eminescu-B-221x300.jpg\" alt=\"\" width=\"577\" height=\"783\"><\/h4>\n<h4>\u201e\u00cen 1997, pentru prima dat\u0103 de la constituirea Rom\u00e2niei Mari, un guvern rom\u00e2n a cedat p\u0103r\u021bi ale teritoriului na\u021bional f\u0103r\u0103 a fi amenin\u021bat cu agresiunea (ca \u00een 1940), sau f\u0103r\u0103 a se gasi sub presiunea ocupantului str\u0103in (ca \u00een 1944 \u0219i 1947). Opinia public\u0103 rom\u00e2neasc\u0103 nu a perceput dimensiunea dramatic\u0103 a evenimentului. Cartea profesorului Tiberiu Tudor dezv\u0103luie gravele erori s\u0103v\u00e2r\u0219ite de factorii decizionali ai \u021b\u0103rii \u00een desf\u0103\u0219urarea negocierilor \u0219i \u00een redactarea Tratatului, precum \u0219i de parlamentarii chema\u021bi s\u0103-l ratifice. Rom\u00e2nii trebuie s\u0103 cunoasc\u0103 adev\u0103rul \u00eentr-o problem\u0103 capital\u0103, \u00een care cenzura, manipul\u0103rile, propaganda \u0219i presiunile exercitate de Putere au ocultat sensul real al negocierilor \u0219i al Tratatului.\u201d<\/h4>\n<h4><u><a href=\"http:\/\/www.addthis.com\/bookmark.php\">SHARE<\/a><\/u><\/h4>        <div class=\"booster-block booster-reactions-block\">\n            <div class=\"twp-reactions-icons\">\n                \n                <div class=\"twp-reacts-wrap\">\n                    <a react-data=\"be-react-1\" post-id=\"3512\" class=\"be-face-icons un-reacted\" href=\"javascript:void(0)\">\n                        <img decoding=\"async\" src=\"https:\/\/desteptati-va.ro\/wp-content\/plugins\/booster-extension\/\/assets\/icon\/happy.svg\" alt=\"Happy\">\n                    <\/a>\n                    <div class=\"twp-reaction-title\">\n                        Happy                    <\/div>\n                    <div class=\"twp-count-percent\">\n                                                    <span style=\"display: none;\" class=\"twp-react-count\">1<\/span>\n                        \n                                                <span class=\"twp-react-percent\"><span>100<\/span> %<\/span>\n                                            <\/div>\n                <\/div>\n\n                <div class=\"twp-reacts-wrap\">\n                    <a react-data=\"be-react-2\" post-id=\"3512\" class=\"be-face-icons un-reacted\" href=\"javascript:void(0)\">\n                        <img decoding=\"async\" src=\"https:\/\/desteptati-va.ro\/wp-content\/plugins\/booster-extension\/\/assets\/icon\/sad.svg\" alt=\"Sad\">\n                    <\/a>\n                    <div class=\"twp-reaction-title\">\n                        Sad                    <\/div>\n                    <div class=\"twp-count-percent\">\n                                                    <span style=\"display: none;\" class=\"twp-react-count\">0<\/span>\n                                                                        <span class=\"twp-react-percent\"><span>0<\/span> %<\/span>\n                                            <\/div>\n                <\/div>\n\n                <div class=\"twp-reacts-wrap\">\n                    <a react-data=\"be-react-3\" post-id=\"3512\" class=\"be-face-icons un-reacted\" href=\"javascript:void(0)\">\n                        <img decoding=\"async\" src=\"https:\/\/desteptati-va.ro\/wp-content\/plugins\/booster-extension\/\/assets\/icon\/excited.svg\" alt=\"Excited\">\n                    <\/a>\n                    <div class=\"twp-reaction-title\">\n                        Excited                    <\/div>\n                    <div class=\"twp-count-percent\">\n                                                    <span style=\"display: none;\" class=\"twp-react-count\">0<\/span>\n                                                                        <span class=\"twp-react-percent\"><span>0<\/span> %<\/span>\n                                            <\/div>\n                <\/div>\n\n                <div class=\"twp-reacts-wrap\">\n                    <a react-data=\"be-react-6\" post-id=\"3512\" class=\"be-face-icons un-reacted\" href=\"javascript:void(0)\">\n                        <img decoding=\"async\" src=\"https:\/\/desteptati-va.ro\/wp-content\/plugins\/booster-extension\/\/assets\/icon\/sleepy.svg\" alt=\"Sleepy\">\n                    <\/a>\n                    <div class=\"twp-reaction-title\">\n                        Sleepy                    <\/div>\n                    <div class=\"twp-count-percent\">\n                                                    <span style=\"display: none;\" class=\"twp-react-count\">0<\/span>\n                        \n                                                <span class=\"twp-react-percent\"><span>0<\/span> %<\/span>\n                                            <\/div>\n                <\/div>\n\n                <div class=\"twp-reacts-wrap\">\n                    <a react-data=\"be-react-4\" post-id=\"3512\" class=\"be-face-icons un-reacted\" href=\"javascript:void(0)\">\n                        <img decoding=\"async\" src=\"https:\/\/desteptati-va.ro\/wp-content\/plugins\/booster-extension\/\/assets\/icon\/angry.svg\" alt=\"Angry\">\n                    <\/a>\n                    <div class=\"twp-reaction-title\">Angry<\/div>\n                    <div class=\"twp-count-percent\">\n                                                    <span style=\"display: none;\" class=\"twp-react-count\">0<\/span>\n                                                                        <span class=\"twp-react-percent\"><span>0<\/span> %<\/span>\n                        \n                    <\/div>\n                <\/div>\n\n                <div class=\"twp-reacts-wrap\">\n                    <a react-data=\"be-react-5\" post-id=\"3512\" class=\"be-face-icons un-reacted\" href=\"javascript:void(0)\">\n                        <img decoding=\"async\" src=\"https:\/\/desteptati-va.ro\/wp-content\/plugins\/booster-extension\/\/assets\/icon\/surprise.svg\" alt=\"Surprise\">\n                    <\/a>\n                    <div class=\"twp-reaction-title\">Surprise<\/div>\n                    <div class=\"twp-count-percent\">\n                                                    <span style=\"display: none;\" class=\"twp-react-count\">0<\/span>\n                                                                        <span class=\"twp-react-percent\"><span>0<\/span> %<\/span>\n                                            <\/div>\n                <\/div>\n\n            <\/div>\n        <\/div>\n\n    <\/div>","protected":false},"excerpt":{"rendered":"<p>&nbsp; &nbsp; Tratatului cu Ucraina. Prof. Florin Constantiniu: Pentru prima dat\u0103 de la constituirea Rom\u00e2niei Mari, un guvern rom\u00e2n a<a href=\"https:\/\/desteptati-va.ro\/index.php\/2021\/04\/13\/cedarea-de-parti-din-teritoriu-national-ucrainei\/\">Read More<i class=\"fa fa-long-arrow-right\" aria-hidden=\"true\"><\/i><\/a><\/p>\n","protected":false},"author":1,"featured_media":3514,"comment_status":"open","ping_status":"open","sticky":false,"template":"","format":"standard","meta":{"_crdt_document":"","footnotes":""},"categories":[1758,21],"tags":[83],"class_list":["post-3512","post","type-post","status-publish","format-standard","has-post-thumbnail","hentry","category-articole-despre-ucraina","category-epoca-emil-constantinescu-1996-2000","tag-tradare"],"rise-blocks_total_comments":0,"rise-blocks_categories":[{"term_id":1758,"name":"Despre UCRAINA","slug":"articole-despre-ucraina","term_group":0,"term_taxonomy_id":1758,"taxonomy":"category","description":"","parent":1756,"count":7,"filter":"raw","cat_ID":1758,"category_count":7,"category_description":"","cat_name":"Despre UCRAINA","category_nicename":"articole-despre-ucraina","category_parent":1756},{"term_id":21,"name":"Epoca Emil Constantinescu (1996-2000)","slug":"epoca-emil-constantinescu-1996-2000","term_group":0,"term_taxonomy_id":21,"taxonomy":"category","description":"","parent":20,"count":2,"filter":"raw","cat_ID":21,"category_count":2,"category_description":"","cat_name":"Epoca Emil Constantinescu (1996-2000)","category_nicename":"epoca-emil-constantinescu-1996-2000","category_parent":20}],"rise-blocks_excerpt":"&nbsp; &nbsp; Tratatului cu Ucraina. Prof. Florin Constantiniu: Pentru prima dat\u0103 de la constituirea Rom\u00e2niei Mari, un guvern rom\u00e2n a cedat p\u0103r\u021bi ale teritoriului na\u021bional f\u0103r\u0103 a fi amenin\u021bat cu agresiunea DE&nbsp;ANDREI NICOLAE&nbsp; \/ &nbsp;&nbsp;CULTUR\u0102, ISTORIE&nbsp;&nbsp; \/ &nbsp; Publicat: S\u00e2mb\u0103t\u0103, 07 iulie 2018, 08:45&nbsp;&nbsp; \/ &nbsp; Pe 7 iulie 1997, Senatul Rom\u00e2niei ratifica ceea ce este cunoscut drept \u201eTratatul&nbsp;cu privire..","yoast_head":"<!-- This site is optimized with the Yoast SEO plugin v26.9 - https:\/\/yoast.com\/product\/yoast-seo-wordpress\/ -->\r\n<title>Cedarea de parti din teritoriu national, Ucrainei ! -<\/title>\r\n<meta name=\"robots\" content=\"index, follow, max-snippet:-1, max-image-preview:large, max-video-preview:-1\" \/>\r\n<link rel=\"canonical\" href=\"https:\/\/desteptati-va.ro\/index.php\/2021\/04\/13\/cedarea-de-parti-din-teritoriu-national-ucrainei\/\" \/>\r\n<meta property=\"og:locale\" content=\"ro_RO\" \/>\r\n<meta property=\"og:type\" content=\"article\" \/>\r\n<meta property=\"og:title\" content=\"Cedarea de parti din teritoriu national, Ucrainei ! -\" \/>\r\n<meta property=\"og:description\" content=\"&nbsp; &nbsp; Tratatului cu Ucraina. Prof. Florin Constantiniu: Pentru prima dat\u0103 de la constituirea Rom\u00e2niei Mari, un guvern rom\u00e2n aRead More\" \/>\r\n<meta property=\"og:url\" content=\"https:\/\/desteptati-va.ro\/index.php\/2021\/04\/13\/cedarea-de-parti-din-teritoriu-national-ucrainei\/\" \/>\r\n<meta property=\"article:published_time\" content=\"2021-04-13T12:31:37+00:00\" \/>\r\n<meta property=\"article:modified_time\" content=\"2022-03-11T18:37:58+00:00\" \/>\r\n<meta property=\"og:image\" content=\"https:\/\/desteptati-va.ro\/wp-content\/uploads\/2021\/04\/ec-1.jpg\" \/>\r\n\t<meta property=\"og:image:width\" content=\"268\" \/>\r\n\t<meta property=\"og:image:height\" content=\"201\" \/>\r\n\t<meta property=\"og:image:type\" content=\"image\/jpeg\" \/>\r\n<meta name=\"author\" content=\"wolfsoftcompany\" \/>\r\n<meta name=\"twitter:card\" content=\"summary_large_image\" \/>\r\n<meta name=\"twitter:label1\" content=\"Scris de\" \/>\n\t<meta name=\"twitter:data1\" content=\"wolfsoftcompany\" \/>\n\t<meta name=\"twitter:label2\" content=\"Timp estimat pentru citire\" \/>\n\t<meta name=\"twitter:data2\" content=\"6 minute\" \/>\r\n<script type=\"application\/ld+json\" class=\"yoast-schema-graph\">{\"@context\":\"https:\/\/schema.org\",\"@graph\":[{\"@type\":\"Article\",\"@id\":\"https:\/\/desteptati-va.ro\/index.php\/2021\/04\/13\/cedarea-de-parti-din-teritoriu-national-ucrainei\/#article\",\"isPartOf\":{\"@id\":\"https:\/\/desteptati-va.ro\/index.php\/2021\/04\/13\/cedarea-de-parti-din-teritoriu-national-ucrainei\/\"},\"author\":{\"name\":\"wolfsoftcompany\",\"@id\":\"https:\/\/desteptati-va.ro\/#\/schema\/person\/13182deeebd44920914899f7bb262d6b\"},\"headline\":\"Cedarea de parti din teritoriu national, Ucrainei !\",\"datePublished\":\"2021-04-13T12:31:37+00:00\",\"dateModified\":\"2022-03-11T18:37:58+00:00\",\"mainEntityOfPage\":{\"@id\":\"https:\/\/desteptati-va.ro\/index.php\/2021\/04\/13\/cedarea-de-parti-din-teritoriu-national-ucrainei\/\"},\"wordCount\":1260,\"commentCount\":0,\"image\":{\"@id\":\"https:\/\/desteptati-va.ro\/index.php\/2021\/04\/13\/cedarea-de-parti-din-teritoriu-national-ucrainei\/#primaryimage\"},\"thumbnailUrl\":\"https:\/\/desteptati-va.ro\/wp-content\/uploads\/2021\/04\/ec-1.jpg\",\"keywords\":[\"tradare\"],\"articleSection\":[\"Despre UCRAINA\",\"Epoca Emil Constantinescu (1996-2000)\"],\"inLanguage\":\"ro-RO\",\"potentialAction\":[{\"@type\":\"CommentAction\",\"name\":\"Comment\",\"target\":[\"https:\/\/desteptati-va.ro\/index.php\/2021\/04\/13\/cedarea-de-parti-din-teritoriu-national-ucrainei\/#respond\"]}]},{\"@type\":\"WebPage\",\"@id\":\"https:\/\/desteptati-va.ro\/index.php\/2021\/04\/13\/cedarea-de-parti-din-teritoriu-national-ucrainei\/\",\"url\":\"https:\/\/desteptati-va.ro\/index.php\/2021\/04\/13\/cedarea-de-parti-din-teritoriu-national-ucrainei\/\",\"name\":\"Cedarea de parti din teritoriu national, Ucrainei ! -\",\"isPartOf\":{\"@id\":\"https:\/\/desteptati-va.ro\/#website\"},\"primaryImageOfPage\":{\"@id\":\"https:\/\/desteptati-va.ro\/index.php\/2021\/04\/13\/cedarea-de-parti-din-teritoriu-national-ucrainei\/#primaryimage\"},\"image\":{\"@id\":\"https:\/\/desteptati-va.ro\/index.php\/2021\/04\/13\/cedarea-de-parti-din-teritoriu-national-ucrainei\/#primaryimage\"},\"thumbnailUrl\":\"https:\/\/desteptati-va.ro\/wp-content\/uploads\/2021\/04\/ec-1.jpg\",\"datePublished\":\"2021-04-13T12:31:37+00:00\",\"dateModified\":\"2022-03-11T18:37:58+00:00\",\"author\":{\"@id\":\"https:\/\/desteptati-va.ro\/#\/schema\/person\/13182deeebd44920914899f7bb262d6b\"},\"breadcrumb\":{\"@id\":\"https:\/\/desteptati-va.ro\/index.php\/2021\/04\/13\/cedarea-de-parti-din-teritoriu-national-ucrainei\/#breadcrumb\"},\"inLanguage\":\"ro-RO\",\"potentialAction\":[{\"@type\":\"ReadAction\",\"target\":[\"https:\/\/desteptati-va.ro\/index.php\/2021\/04\/13\/cedarea-de-parti-din-teritoriu-national-ucrainei\/\"]}]},{\"@type\":\"ImageObject\",\"inLanguage\":\"ro-RO\",\"@id\":\"https:\/\/desteptati-va.ro\/index.php\/2021\/04\/13\/cedarea-de-parti-din-teritoriu-national-ucrainei\/#primaryimage\",\"url\":\"https:\/\/desteptati-va.ro\/wp-content\/uploads\/2021\/04\/ec-1.jpg\",\"contentUrl\":\"https:\/\/desteptati-va.ro\/wp-content\/uploads\/2021\/04\/ec-1.jpg\",\"width\":268,\"height\":201},{\"@type\":\"BreadcrumbList\",\"@id\":\"https:\/\/desteptati-va.ro\/index.php\/2021\/04\/13\/cedarea-de-parti-din-teritoriu-national-ucrainei\/#breadcrumb\",\"itemListElement\":[{\"@type\":\"ListItem\",\"position\":1,\"name\":\"Prima pagin\u0103\",\"item\":\"https:\/\/desteptati-va.ro\/\"},{\"@type\":\"ListItem\",\"position\":2,\"name\":\"Cedarea de parti din teritoriu national, Ucrainei !\"}]},{\"@type\":\"WebSite\",\"@id\":\"https:\/\/desteptati-va.ro\/#website\",\"url\":\"https:\/\/desteptati-va.ro\/\",\"name\":\"\",\"description\":\"\",\"potentialAction\":[{\"@type\":\"SearchAction\",\"target\":{\"@type\":\"EntryPoint\",\"urlTemplate\":\"https:\/\/desteptati-va.ro\/?s={search_term_string}\"},\"query-input\":{\"@type\":\"PropertyValueSpecification\",\"valueRequired\":true,\"valueName\":\"search_term_string\"}}],\"inLanguage\":\"ro-RO\"},{\"@type\":\"Person\",\"@id\":\"https:\/\/desteptati-va.ro\/#\/schema\/person\/13182deeebd44920914899f7bb262d6b\",\"name\":\"wolfsoftcompany\",\"image\":{\"@type\":\"ImageObject\",\"inLanguage\":\"ro-RO\",\"@id\":\"https:\/\/desteptati-va.ro\/#\/schema\/person\/image\/\",\"url\":\"https:\/\/secure.gravatar.com\/avatar\/a6cce9b6d101d27d91690e7073e300fed94c0899890bf998e082cb9d2c3d121e?s=96&d=mm&r=g\",\"contentUrl\":\"https:\/\/secure.gravatar.com\/avatar\/a6cce9b6d101d27d91690e7073e300fed94c0899890bf998e082cb9d2c3d121e?s=96&d=mm&r=g\",\"caption\":\"wolfsoftcompany\"},\"sameAs\":[\"http:\/\/desteptati-va.ro\"],\"url\":\"https:\/\/desteptati-va.ro\/index.php\/author\/wolfsoftcompany\/\"}]}<\/script>\r\n<!-- \/ Yoast SEO plugin. -->","yoast_head_json":{"title":"Cedarea de parti din teritoriu national, Ucrainei ! -","robots":{"index":"index","follow":"follow","max-snippet":"max-snippet:-1","max-image-preview":"max-image-preview:large","max-video-preview":"max-video-preview:-1"},"canonical":"https:\/\/desteptati-va.ro\/index.php\/2021\/04\/13\/cedarea-de-parti-din-teritoriu-national-ucrainei\/","og_locale":"ro_RO","og_type":"article","og_title":"Cedarea de parti din teritoriu national, Ucrainei ! -","og_description":"&nbsp; &nbsp; Tratatului cu Ucraina. Prof. Florin Constantiniu: Pentru prima dat\u0103 de la constituirea Rom\u00e2niei Mari, un guvern rom\u00e2n aRead More","og_url":"https:\/\/desteptati-va.ro\/index.php\/2021\/04\/13\/cedarea-de-parti-din-teritoriu-national-ucrainei\/","article_published_time":"2021-04-13T12:31:37+00:00","article_modified_time":"2022-03-11T18:37:58+00:00","og_image":[{"width":268,"height":201,"url":"https:\/\/desteptati-va.ro\/wp-content\/uploads\/2021\/04\/ec-1.jpg","type":"image\/jpeg"}],"author":"wolfsoftcompany","twitter_card":"summary_large_image","twitter_misc":{"Scris de":"wolfsoftcompany","Timp estimat pentru citire":"6 minute"},"schema":{"@context":"https:\/\/schema.org","@graph":[{"@type":"Article","@id":"https:\/\/desteptati-va.ro\/index.php\/2021\/04\/13\/cedarea-de-parti-din-teritoriu-national-ucrainei\/#article","isPartOf":{"@id":"https:\/\/desteptati-va.ro\/index.php\/2021\/04\/13\/cedarea-de-parti-din-teritoriu-national-ucrainei\/"},"author":{"name":"wolfsoftcompany","@id":"https:\/\/desteptati-va.ro\/#\/schema\/person\/13182deeebd44920914899f7bb262d6b"},"headline":"Cedarea de parti din teritoriu national, Ucrainei !","datePublished":"2021-04-13T12:31:37+00:00","dateModified":"2022-03-11T18:37:58+00:00","mainEntityOfPage":{"@id":"https:\/\/desteptati-va.ro\/index.php\/2021\/04\/13\/cedarea-de-parti-din-teritoriu-national-ucrainei\/"},"wordCount":1260,"commentCount":0,"image":{"@id":"https:\/\/desteptati-va.ro\/index.php\/2021\/04\/13\/cedarea-de-parti-din-teritoriu-national-ucrainei\/#primaryimage"},"thumbnailUrl":"https:\/\/desteptati-va.ro\/wp-content\/uploads\/2021\/04\/ec-1.jpg","keywords":["tradare"],"articleSection":["Despre UCRAINA","Epoca Emil Constantinescu (1996-2000)"],"inLanguage":"ro-RO","potentialAction":[{"@type":"CommentAction","name":"Comment","target":["https:\/\/desteptati-va.ro\/index.php\/2021\/04\/13\/cedarea-de-parti-din-teritoriu-national-ucrainei\/#respond"]}]},{"@type":"WebPage","@id":"https:\/\/desteptati-va.ro\/index.php\/2021\/04\/13\/cedarea-de-parti-din-teritoriu-national-ucrainei\/","url":"https:\/\/desteptati-va.ro\/index.php\/2021\/04\/13\/cedarea-de-parti-din-teritoriu-national-ucrainei\/","name":"Cedarea de parti din teritoriu national, Ucrainei ! -","isPartOf":{"@id":"https:\/\/desteptati-va.ro\/#website"},"primaryImageOfPage":{"@id":"https:\/\/desteptati-va.ro\/index.php\/2021\/04\/13\/cedarea-de-parti-din-teritoriu-national-ucrainei\/#primaryimage"},"image":{"@id":"https:\/\/desteptati-va.ro\/index.php\/2021\/04\/13\/cedarea-de-parti-din-teritoriu-national-ucrainei\/#primaryimage"},"thumbnailUrl":"https:\/\/desteptati-va.ro\/wp-content\/uploads\/2021\/04\/ec-1.jpg","datePublished":"2021-04-13T12:31:37+00:00","dateModified":"2022-03-11T18:37:58+00:00","author":{"@id":"https:\/\/desteptati-va.ro\/#\/schema\/person\/13182deeebd44920914899f7bb262d6b"},"breadcrumb":{"@id":"https:\/\/desteptati-va.ro\/index.php\/2021\/04\/13\/cedarea-de-parti-din-teritoriu-national-ucrainei\/#breadcrumb"},"inLanguage":"ro-RO","potentialAction":[{"@type":"ReadAction","target":["https:\/\/desteptati-va.ro\/index.php\/2021\/04\/13\/cedarea-de-parti-din-teritoriu-national-ucrainei\/"]}]},{"@type":"ImageObject","inLanguage":"ro-RO","@id":"https:\/\/desteptati-va.ro\/index.php\/2021\/04\/13\/cedarea-de-parti-din-teritoriu-national-ucrainei\/#primaryimage","url":"https:\/\/desteptati-va.ro\/wp-content\/uploads\/2021\/04\/ec-1.jpg","contentUrl":"https:\/\/desteptati-va.ro\/wp-content\/uploads\/2021\/04\/ec-1.jpg","width":268,"height":201},{"@type":"BreadcrumbList","@id":"https:\/\/desteptati-va.ro\/index.php\/2021\/04\/13\/cedarea-de-parti-din-teritoriu-national-ucrainei\/#breadcrumb","itemListElement":[{"@type":"ListItem","position":1,"name":"Prima pagin\u0103","item":"https:\/\/desteptati-va.ro\/"},{"@type":"ListItem","position":2,"name":"Cedarea de parti din teritoriu national, Ucrainei !"}]},{"@type":"WebSite","@id":"https:\/\/desteptati-va.ro\/#website","url":"https:\/\/desteptati-va.ro\/","name":"","description":"","potentialAction":[{"@type":"SearchAction","target":{"@type":"EntryPoint","urlTemplate":"https:\/\/desteptati-va.ro\/?s={search_term_string}"},"query-input":{"@type":"PropertyValueSpecification","valueRequired":true,"valueName":"search_term_string"}}],"inLanguage":"ro-RO"},{"@type":"Person","@id":"https:\/\/desteptati-va.ro\/#\/schema\/person\/13182deeebd44920914899f7bb262d6b","name":"wolfsoftcompany","image":{"@type":"ImageObject","inLanguage":"ro-RO","@id":"https:\/\/desteptati-va.ro\/#\/schema\/person\/image\/","url":"https:\/\/secure.gravatar.com\/avatar\/a6cce9b6d101d27d91690e7073e300fed94c0899890bf998e082cb9d2c3d121e?s=96&d=mm&r=g","contentUrl":"https:\/\/secure.gravatar.com\/avatar\/a6cce9b6d101d27d91690e7073e300fed94c0899890bf998e082cb9d2c3d121e?s=96&d=mm&r=g","caption":"wolfsoftcompany"},"sameAs":["http:\/\/desteptati-va.ro"],"url":"https:\/\/desteptati-va.ro\/index.php\/author\/wolfsoftcompany\/"}]}},"_links":{"self":[{"href":"https:\/\/desteptati-va.ro\/index.php\/wp-json\/wp\/v2\/posts\/3512","targetHints":{"allow":["GET"]}}],"collection":[{"href":"https:\/\/desteptati-va.ro\/index.php\/wp-json\/wp\/v2\/posts"}],"about":[{"href":"https:\/\/desteptati-va.ro\/index.php\/wp-json\/wp\/v2\/types\/post"}],"author":[{"embeddable":true,"href":"https:\/\/desteptati-va.ro\/index.php\/wp-json\/wp\/v2\/users\/1"}],"replies":[{"embeddable":true,"href":"https:\/\/desteptati-va.ro\/index.php\/wp-json\/wp\/v2\/comments?post=3512"}],"version-history":[{"count":2,"href":"https:\/\/desteptati-va.ro\/index.php\/wp-json\/wp\/v2\/posts\/3512\/revisions"}],"predecessor-version":[{"id":4696,"href":"https:\/\/desteptati-va.ro\/index.php\/wp-json\/wp\/v2\/posts\/3512\/revisions\/4696"}],"wp:featuredmedia":[{"embeddable":true,"href":"https:\/\/desteptati-va.ro\/index.php\/wp-json\/wp\/v2\/media\/3514"}],"wp:attachment":[{"href":"https:\/\/desteptati-va.ro\/index.php\/wp-json\/wp\/v2\/media?parent=3512"}],"wp:term":[{"taxonomy":"category","embeddable":true,"href":"https:\/\/desteptati-va.ro\/index.php\/wp-json\/wp\/v2\/categories?post=3512"},{"taxonomy":"post_tag","embeddable":true,"href":"https:\/\/desteptati-va.ro\/index.php\/wp-json\/wp\/v2\/tags?post=3512"}],"curies":[{"name":"wp","href":"https:\/\/api.w.org\/{rel}","templated":true}]}}