{"id":3528,"date":"2021-04-15T07:48:32","date_gmt":"2021-04-15T07:48:32","guid":{"rendered":"http:\/\/desteptati.ro\/?p=3528"},"modified":"2021-04-15T07:48:32","modified_gmt":"2021-04-15T07:48:32","slug":"unde-a-fost-si-unde-este-s-r-i","status":"publish","type":"post","link":"https:\/\/desteptati-va.ro\/index.php\/2021\/04\/15\/unde-a-fost-si-unde-este-s-r-i\/","title":{"rendered":"Unde a fost si unde este S.R.I?"},"content":{"rendered":"<div class=\"post-content\"><div class='booster-block booster-read-block'>\n                <div class=\"twp-read-time\">\n                \t<i class=\"booster-icon twp-clock\"><\/i> <span>Read Time:<\/span>52 Minute, 27 Second                <\/div>\n\n            <\/div><h4><\/h4>\r\n<h4 class=\"has-medium-font-size\"><em><strong>Societatea civil\u0103 este inflamat\u0103 de o \u00eentrebare provocatoare de insomnii:<\/strong><\/em><\/h4>\r\n<h4>\r\n\r\n<\/h4>\r\n<h4 class=\"has-large-font-size\"><strong>PENTRU S.R.I. NU EXIST\u0102 LEGE ?<\/strong><\/h4>\r\n<h4>\r\n\r\n<\/h4>\r\n<h4 class=\"has-vivid-red-color has-text-color has-medium-font-size\"><strong>\u00a0 \u00a0 \u00a0 \u00a0 \u00a0 \u00a0 \u00a0 \u00a0 \u201eRegizori\u201d \u015fi \u201efiguran\u0163i\u201d<\/strong><\/h4>\r\n<h4>\r\n\r\n<\/h4>\r\n<h4 class=\"has-black-color has-text-color has-medium-font-size\"><strong>\u201eEvenimentele mondiale nu se petrec accidental. Producerea lor este impulsionat\u0103, indiferent dac\u0103 este vorba de chestiuni de ordin na\u0163ional sau comercial, \u015fi cele mai multe sunt regizate \u015fi controlate de cei care \u0163in baierele pungii\u201d (D. Healey, ministrul englez al Ap\u0103r\u0103rii).<\/strong><\/h4>\r\n<h4>\r\n\r\n<\/h4>\r\n<h4 class=\"has-black-color has-text-color has-medium-font-size\">\u00ce<strong>n graba lor de a-l vedea c\u00e2t mai repede instalat la conducerea lumii pe profe\u0163itul biblic Antihrist, indiferent de amploarea uciderii \u00een mas\u0103 prin promovarea celui de-al treilea r\u0103zboi mondial, arhitec\u0163ii globaliz\u0103rii nu mai \u0163in cont de nici un fel de reguli \u015fi recurg cu cinism nem\u0103surat la metode de constr\u00e2ngere din cele mai inumane. Ace\u015fti \u00een\u015fel\u0103tori de profesie, de\u0163in\u00e2nd monopolul finan\u0163elor interna\u0163ionale, mint cu neru\u015finare, \u015fantajeaz\u0103, omoar\u0103, intimideaz\u0103 pe cei slabi \u015fi, \u00een goana lor nebun\u0103 dup\u0103 o domina\u0163ie planetar\u0103 indiferent de consecin\u0163e, vor s\u0103 fure \u015fi sufletele ortodoc\u015filor care, av\u00e2nd credin\u0163\u0103 \u00een Hristos, \u00eentorc \u201espatele\u201d de\u015fert\u0103ciunilor lumii acesteia \u015fi \u00ee\u015fi pun toat\u0103 n\u0103dejdea \u00een via\u0163a ve\u015fnic\u0103 din \u00cemp\u0103r\u0103\u0163ia lui Dumnezeu ce va s\u0103 vin\u0103. La \u201edegetul\u201d lor mic au serviciile secrete, conduse de in\u015fi f\u0103r\u0103 scrupule, din r\u00e2ndul c\u0103rora scot \u201ela \u00eenaintare\u201d marionete (dirijate din umbr\u0103) cu rang de pre\u015fedin\u0163i, regi, \u00eemp\u0103ra\u0163i, emiri, prim-mini\u015ftri, justi\u0163iari, jurnali\u015fti, oameni de \u015ftiin\u0163\u0103 \u015fi cultur\u0103, alte \u201ecelebrit\u0103\u0163i\u201d. \u201eArma\u201d lor predilect\u0103 nu este neap\u0103rat inteligen\u0163a, c\u00e2t mai ales banii pe care se v\u00e2nd, cu care \u015fi reu\u015fesc s\u0103 cumpere la r\u00e2ndul lor con\u015ftiin\u0163e avide dup\u0103 be\u0163ia unei puteri iluzorii \u015fi a \u201enotoriet\u0103\u0163ii\u201d. Cu to\u0163ii se str\u0103duiesc s\u0103 lase impresia de respect civic, chiar a voin\u0163ei binelui comun pe un p\u0103m\u00e2nt pe care \u00eel vor edenic, dar nu se sfiesc s\u0103 \u00eei \u00eenl\u0103ture \u00een fel \u015fi chip pe aceia care nu se aliniaz\u0103 planurilor lor diabolice, protesteaz\u0103, le dezv\u0103luie mecanismul satanic al manipul\u0103rii planetare. \u00cen \u201espatele\u201d opera\u0163iunii lor st\u0103 camuflat\u0103 mafia masonic\u0103, adic\u0103 cel mai mare du\u015fman al Bisericii, care se folose\u015fte de \u201ejandarmul lumii\u201d, S.U.A., pentru a executa cu \u201eorbire\u201d interesele de suprema\u0163ie mondial\u0103 ale Ocultei. A\u015fa se face c\u0103 serviciile secrete \u00een general, dar cu prec\u0103dere cele americane \u015fi israeliene, C.I.A. \u015fi Mossad, \u00ee\u015fi aduc aportul consistent la instaurarea unui guvern mondial stabilit de O.N.U. (condus de Antihristul biblic) nu conteaz\u0103 c\u0103 pot provoca, cu riscul depopul\u0103rii planetei \u015fi chiar a distrugerii efective a omenirii, Al Treilea R\u0103zboi Mondial.<\/strong><\/h4>\r\n<h4>\r\n\r\n<\/h4>\r\n<h4 class=\"has-black-color has-text-color has-medium-font-size\">I<strong>nten\u0163iile masonice, exprimate clar la cele mai \u00eenalte niveluri oficiale, sunt arhisuficiente pentru a ne face o imagine de ansamblu, edificatoare, despre ceea ce ne a\u015fteapt\u0103 pe to\u0163i \u00een viitorul apropiat! A\u015f dori ca, \u00een treac\u0103t fie spus, cititorii s\u0103 reflecteze la dou\u0103 dezv\u0103luiri de ultim\u0103 or\u0103, apar\u0163in\u00e2nd celui mai faimos ziarist german (U. Ulfkotte) \u015fi consilierului pre\u015fedintelui francez Mitterand (J. Attali). Astfel, pe c\u00e2nd ziaristul de la Frankfurter Allegemeine Zeitung, racolat \u015fi folosit 17 ani de C.I.A., ne avertiza c\u0103 \u201eC.I.A. controleaz\u0103 global re\u0163elele mass-media, pentru provocarea unui r\u0103zboi mondial\u201d, consilierul Attali \u201eavansa\u201d anul 2060 ca moment al venirii la conducerea lumii a unui singur guvern, eveniment crucial care va fi precedat de faptul c\u0103 oamenii vor ie\u015fi treptat din matca firii \u015fi \u00ee\u015fi vor pierde reperele normalit\u0103\u0163ii sub efectul drogului electronic: se vor \u00eeneca \u00een destr\u0103b\u0103l\u0103ri numite \u201edistrac\u0163ii\u201d, vor fi izola\u0163i \u00een autism (datorit\u0103 folosirii obiectelor portabile: i Phone-uri, MP3, MP4 etc), practic vor \u00eennebuni \u00eentr-o lume f\u0103r\u0103 restric\u0163ii legale etc. Toat\u0103 aceast\u0103 mutilare a umanit\u0103\u0163ii se face deja, printr-o propagand\u0103 de pervertire abominabil\u0103, av\u00e2nd ca scop final \u201esp\u0103larea creierelor\u201d credulilor cu iluzia prosperit\u0103\u0163ii generale, satanizarea \u00een mas\u0103 \u015fi, desigur, cu ceea ce cred ei c\u0103 poate fi fericirea colectiv\u0103!<\/strong><\/h4>\r\n<h4>\r\n\r\n<\/h4>\r\n<h4 class=\"has-black-color has-text-color has-medium-font-size\"><strong>Pe de alt\u0103 parte, la cele enun\u0163ate mai sus de ziaristul german, mai adaug c\u0103, \u00een numele Parteneriatului rom\u00e2no-american, prin care ne raport\u0103m ca o slug\u0103 \u00een fa\u0163a st\u0103p\u00e2nului, \u00eenchin\u00e2ndu-ne de fapt Fiarei apocaliptice, C.I.A. \u00ee\u015fi face de cap \u00een (\u015fi cu) \u201edemocratica\u201d Rom\u00e2nie, permi\u0163\u00e2ndu-\u015fi s\u0103 se amestece grosolan \u00een problemele noastre interne \u015fi, \u00een virtutea succesului pe care l-a repurtat \u00een 1989 \u00een desfiin\u0163area Securit\u0103\u0163ii rom\u00e2ne \u015fi r\u0103sturnarea \u201eodiosului\u201d Ceau\u015fescu, cu concursul generos al serviciilor secrete Mossad (Israel), Avo (Ungaria), KGB-GRU (U.R.S.S.) et comp, a recurs, \u00een dispre\u0163ul cel mai josnic fa\u0163\u0103 de electoratul rom\u00e2n, la a \u201ecere\u201d S.R.I., ca s\u0103 se poat\u0103 astfel proteja ni\u015fte companii americane implicate \u00een for\u0103ri estimate la 1 miliard $ pentru g\u0103sirea unor importante z\u0103c\u0103minte de petrol \u015fi gaze naturale \u00een apele teritoriale ale Rom\u00e2niei, s\u0103 asigure sub orice form\u0103 un climat de stabilitate politic\u0103 pentru a nu se irosi at\u00e2\u0163ia bani! Printr-o asemenea ingerin\u0163\u0103 halucinant\u0103, mediatizat\u0103 gra\u0163ie ziarului Cotidianul, se poate \u00een\u0163elege mai u\u015for nu numai de ce era at\u00e2t de stringent\u0103 nevoie de a se arunca \u00een derizoriu regimul \u201esecurist\u201d al lui Ceau\u015fescu, ci \u015fi rolul (\u201estatutar\u201d?) pe care S.R.I.-ul, la cheremul C.I.A. , \u00eel poate avea fa\u0163\u0103 de cine anume din politica rom\u00e2neasc\u0103 (\u015fi cum) s-ar putea prevala de ceea ce cred Serviciile americane, care l-au spionat electronic p\u00e2n\u0103 \u015fi pe cancelarul german Angela Merkel, c\u0103 \u00eenseamn\u0103 no\u0163iunea de \u201estabilitate\u201d\u2026 Ce s\u0103 mai spunem despre cazul lui E. Snowden, fost consultant al N.S.A. \u015fi C.I.A., care a dezv\u0103luit lumii un program N.S.A. de colectare \u00een mas\u0103 a unor metadate privind apelurile telefonice efectuate de milioane de americani, program care a fost g\u0103sit ilegal de c\u0103tre o Curte de Apel federal\u0103 \u2026<\/strong><\/h4>\r\n<h4>\r\n\r\n<\/h4>\r\n<h4 class=\"has-vivid-red-color has-text-color has-medium-font-size\"><strong>\u00a0 \u00a0 \u00a0 \u00a0 \u00a0 \u00a0 \u00a0 De la Securitate \u2026 la S.R.I.<\/strong><\/h4>\r\n<h4>\r\n\r\n<\/h4>\r\n<h4 class=\"has-black-color has-text-color has-medium-font-size\"><strong>\u201e \u00cenc\u0103 din 1990, generalul Talpe\u015f a avut viziunea de a \u00een\u0163elege c\u0103 existen\u0163a Masoneriei \u00eentr-un stat democratic este o dovad\u0103 de normalitate\u201d (Costel Iancu, \u015fef al masoneriei rom\u00e2ne).<\/strong><\/h4>\r\n<h4>\r\n\r\n<\/h4>\r\n<h4 class=\"has-black-color has-text-color has-medium-font-size\"><strong>Ca s\u0103 \u00een\u0163elegem mai bine S.R.I.-ul de ast\u0103zi, \u00eentr-un moment istoric c\u00e2nd Rom\u00e2nia se afl\u0103 \u00een tab\u0103ra \u00eenvins\u0103 a \u201er\u0103zboiului rece\u201d, este necesar s\u0103 \u00een\u0163elegem c\u00e2tu\u015fi de pu\u0163in cum au reu\u015fit \u00eenving\u0103torii \u201elumii libere\u201d s\u0103 \u00een\u015fele a\u015ftept\u0103rile unor bie\u0163i europeni abia \u201eelibera\u0163i\u201d \u00een 1989 din chingile totalitarismului comunist. \u00cen primul r\u00e2nd trebuie spus c\u0103 Mafia masonic\u0103, cea care ne-a \u015fi \u201eprocopsit\u201d cu ideologia comunist\u0103, ne-a \u201er\u00e2s \u00een nas\u201d v\u00e2ntur\u00e2ndu-ne iluzia c\u0103 suntem actorii mult-r\u00e2vnitei libert\u0103\u0163i universale, c\u0103 \u00een sf\u00e2r\u015fit ne-am \u201etrezit\u201d \u015fi noi din co\u015fmarul \u201eaberantei\u201d Securit\u0103\u0163i \u015fi a lui Ceau\u015fescu, pentru ca ast\u0103zi s\u0103 fim \u201eajuta\u0163i\u201d s\u0103 \u201eadormim\u201d din nou, sub deviza fals\u0103 a c\u00e2t de \u201ebine\u201d ne este s\u0103 ni se violeze intimitatea prin Legea Securit\u0103\u0163ii Cibernetice at\u00e2t de drag\u0103 C.I.A.! S-ar cuveni deci, nu doar ca termen de compara\u0163ie, ci \u015fi dac\u0103 vrem s\u0103 \u015ftim cum s\u0103 ne orient\u0103m \u00een h\u0103\u0163i\u015ful noilor vremuri care ne sunt puse \u00eenainte de For\u0163ele Oculte, cum de a fost posibil s\u0103 fim oropsi\u0163i (ca popor) \u015fi cu \u015fi f\u0103r\u0103 datorie extern\u0103, precum \u015fi sensul \u00een care s-a f\u0103cut trecerea de la Securitate la S.R.I., \u00eentre dou\u0103 atitudini diametral opuse fa\u0163\u0103 de Interesul Na\u0163ional: n-am ie\u015fit nicic\u00e2nd de sub dictatur\u0103, doar s-a schimbat, \u00een ceea ce prive\u015fte centrul de comand\u0103, Bucure\u015ftiul cu Washingtonul \u2026 C\u0103ci a\u015fa \u201eanalfabet\u201d cum era perceput Ceau\u015fescu, cu a lui Securitate, a avut totu\u015fi maturitatea intelectual\u0103 s\u0103 priceap\u0103 faptul c\u0103 sistemul financiar interna\u0163ional este o escrocherie ordinar\u0103, bazat\u0103 pe fel \u015fi fel de preten\u0163ii \u015fantajiste, \u201e\u00eenghi\u0163ite\u201d ast\u0103zi dezgust\u0103tor de o \u00eentreag\u0103 clas\u0103 politic\u0103 \u00een frunte cu pre\u015fedintele Iohannis \u015fi S.R.I. : parc\u0103 mai ieri nu ne venea s\u0103 credem c\u00e2nd etnicul evreu S. Brucan ne spunea la Pro Tv c\u0103 \u00eemprumuturile de la F.M.I. se fac cu girarea teritoriului (ast\u0103zi, vedem c\u0103 Greciei i se sugereaz\u0103 cedarea unor insule \u00een schimbul datoriei), or trocul despre care ne vorbea analistul economic I. \u015eerb\u0103nescu (\u201eNe da\u0163i economia ? V\u0103 d\u0103m aderarea\u201d)! \u015ei astfel, prin anii \u201c80, c\u00e2nd a aflat ce preten\u0163ii are F.M.I. pentru banii \u201e\u00eemprumuta\u0163i\u201d Rom\u00e2niei, Ceau\u015fescu s-a retras din joc, expun\u00e2ndu-se pe sine, dup\u0103 ce, p\u00e2n\u0103 atunci, c\u00e2t timp le-a cerut bani americanilor, ace\u015ftia au consim\u0163it la cultul imaginii lui de \u201eerou\u201d. Ca urmare, v\u0103z\u00e2nd masonii c\u0103 nu au de-a face cu un ageamiu, l-au \u00eencol\u0163it oblig\u00e2ndu-l s\u0103 pl\u0103teasc\u0103 o dob\u00e2nd\u0103 tripl\u0103 \u015fi, fiindc\u0103 a reu\u015fit s\u0103 scoat\u0103 Rom\u00e2nia din sistemul financiar al Mafiei Transna\u0163ionale, au \u201easmu\u0163it\u201d asupra lui \u015fi a Securit\u0103\u0163ii \u201ec\u00e2inii\u201d C.I.A. (adic\u0103 posturile de radio Europa liber\u0103 \u015fi Vocea Americii) \u015fi ai tandemului Mossad \u2013 Avo \u2013 KGB (prin activarea grupurilor de evrei bol\u015fevici, condu\u015fi de S. Brucan, care \u00een comunism \u015fi-au b\u0103tut joc de tot ce-am avut mai sf\u00e2nt ca na\u0163iune). \u015ei a\u015fa s-a ajuns ca Ceau\u015fescu s\u0103 moar\u0103 \u00eempu\u015fcat \u00een urma unor acuza\u0163ii prefabricate, \u00een timp ce soarta securit\u0103\u0163ii Rom\u00e2ne s\u0103 fie decis\u0103 la Budapesta (conform m\u0103rturiei generalului St\u0103nculescu), iar bazele S.R.I. s\u0103 fie puse, dincolo de pozi\u0163ionarea maghiarului Imre Asztalo\u015f (alias V. M\u0103gureanu) la conducerea sa, de o trup\u0103 de conduc\u0103tori etnici evrei care au contribuit direct sau indirect la devalizarea Rom\u00e2niei: P. Roman (prim-ministru), A. B\u00e2rl\u0103deanu (pre\u015fedintele Senatului), S. Brucan (consilier preziden\u0163ial), M.B. Sion (\u015feful Cancelariei preziden\u0163iale), S. Celac, C. Bogdan (mini\u015ftri de externe), M. \u015eora (ministrul educa\u0163iei), V. Babiuc (ministrul de justi\u0163ie, interne \u015fi ap\u0103rare), A. Severin (ministrul Reformei), A. S\u00e2rbu (secretar de stat pentru Pres\u0103, primul patron TV care, prin \u201eamericanizarea\u201d Pro Tv-ului, a intoxicat poporul prin r\u0103sp\u00e2ndirea mizeriei \u00een Media), Nina Iliescu (so\u0163ia pre\u015fedintelui Iliescu) etc. Mai adaug c\u0103 \u015fi E. Hellvig, actualul director al S.R.I. propus de pre\u015fedintele Iohannis, este, ca \u015fi M.R. Ungureanu la S.I.E., tot alogen!<\/strong><\/h4>\r\n<h4>\r\n\r\n<\/h4>\r\n<h4 class=\"has-black-color has-text-color has-medium-font-size\"><strong>Bun, dup\u0103 tot acest expozeu al contextului istoric \u00een care s-a format S.R.I. \u015fi al nuan\u0163\u0103rii mentalit\u0103\u0163ii politice decembriste, poate c\u0103 ne este mai simplu, acum, s\u0103 \u00een\u0163elegem dincotro \u201ebate v\u00e2ntul\u201d pentru cei \u00eendritui\u0163i s\u0103 conduc\u0103 \u201edestinele\u201d unui serviciu secret aflat, dup\u0103 lege, \u00een slujba ap\u0103r\u0103rii intereselor poporului rom\u00e2n! Teoretic. Practic, \u00eens\u0103, chiar de la \u00eenceput, generalul I. Talpe\u015f (secretar al S.I.E. \u00eentre 1992-97, ulterior \u015fef al S.R.I.) s-a conformat pre\u015fedintelui Iliescu \u015fi, orient\u00e2ndu-se spre Mafia masonic\u0103, a netezit \u00een Rom\u00e2nia drumul \u201emarelui\u201d mason Costel Iancu, implicat \u00een ac\u0163iuni de prejudiciere a Statului Rom\u00e2n prin vinderea la suprapre\u0163 de echipamente militare c\u0103tre S.R.I. (prin generalul Naghi), M.Ap.N. (generalul Medar), S.P.P. (generalul Iliescu), S.T.S. (general T\u0103nase \u015fi \u0162\u0103rmureanu) etc. \u00cen schimb, ca \u015fi cum nu ar conta c\u0103 \u00eensu\u015fi \u201ep\u0103rintele\u201d Constitu\u0163iei din 1991 (A. Iorgovan) a dezaprobat public ocultismul masonic, murind imediat \u00een condi\u0163ii suspecte, mai multor politruci infiltra\u0163i \u00een serviciile secrete rom\u00e2ne li s-au netezit \u015fi lor drumurile \u00een lojile Masoneriei anticre\u015ftine. Este leit-motivul pentru care \u00een Rom\u00e2nia noastr\u0103 de ast\u0103zi, luat\u0103 \u00een st\u0103p\u00e2nire \u00een 1989 de c\u0103tre alogeni ostili acestei Na\u0163ii, zburd\u0103 spionii str\u0103ini nu ca la ei acas\u0103, ci ca la templul lor ocult, arunc\u00e2nd vina dezastrului \u0163\u0103rii pe un popor care, privindu-i \u00eenc\u0103 \u00eeng\u0103duitor de pe margine, asist\u0103 cum patriotismul a devenit \u00een \u0163ara lor o infrac\u0163iune, tineretul este pervertit, rom\u00e2nii sunt alunga\u0163i \u015fi \u00eenlocui\u0163i cu cei de alt\u0103 na\u0163ionalitate\u2026 \u201eNoroc\u201d c\u0103 \u00een Presa na\u0163ional\u0103 mai sunt \u00eenc\u0103 doi-trei ziari\u015fti independen\u0163i, care nu \u015fi-au v\u00e2ndut con\u015ftiin\u0163a pe un blid de zeam\u0103 chioar\u0103, f\u0103r\u0103 de a-l c\u0103ror curaj nu am fi aflat, \u00eentr-o Rom\u00e2nie unde ni se \u00eent\u0103re\u015fte tot mai mult convingerea c\u0103 este captiv\u0103 a serviciilor secrete, c\u0103 C.I.A. \u00ee\u015fi nume\u015fte \u201epionii\u201d \u00een func\u0163ii indiferent de c\u00e2t de dezam\u0103git este electoratul rom\u00e2n de presta\u0163ia lor: G.C. Maior (la Ambasada Rom\u00e2niei de la Washington, fost \u015fef al S.R.I.), F. Coldea (adjunct al S.R.I.), M.R. Ungureanu (\u015fef la S.I.E.), L.M. \u015etefan (consilier al pre\u015fedintelui Iohannis) etc. Inclusiv mai deun\u0103zi, fostul pre\u015fedinte B\u0103sescu ne spunea c\u0103 men\u0163inerea lui \u00een func\u0163ie, prin Referendumul din 2012, s-a datorat americanilor \u015fi serviciilor secete\u2026 Iar \u00een ce prive\u015fte nivelul deontologiei profesionale, nu ar strica s\u0103 subliniez c\u0103 \u201eefeminatul\u201d \u00een arogan\u0163\u0103 gratuit\u0103 G.C. Maior, \u00een timp ce \u00ee\u015fi imagina c\u0103 se lupt\u0103 cu terori\u015ftii, internau\u0163ii \u015fi extremi\u015ftii, ne-a dovedit c\u00e2t de \u201ebine\u201d \u015fi-a cunoscut fi\u015fa postului \u015fi, arunc\u00e2nd la \u201eco\u015f\u201d loialitatea fa\u0163\u0103 de propriii colegi, a deconspirat consilierului preziden\u0163ial E. Udrea c\u0103 \u2026 este filat\u0103 de S.R.I. ! Halal director!<\/strong><\/h4>\r\n<h4>\r\n\r\n<\/h4>\r\n<h4 class=\"has-vivid-red-color has-text-color has-medium-font-size\"><strong>\u00a0 \u00a0 \u00a0 \u00a0 \u00a0 \u00a0 Cine compromite imaginea S.R.I.!<\/strong><\/h4>\r\n<h4>\r\n\r\n<\/h4>\r\n<h4 class=\"has-black-color has-text-color has-medium-font-size\"><strong>\u201eS.R.I. \u2013 ul este \u00eenvestit cu at\u00e2ta \u00eencredere \u00eenc\u00e2t nimeni nu \u015ftie cu ce se ocup\u0103 exact (\u2026) Te ui\u0163i la George Maior, Eduard Hellvig \u2026 \u015fi \u00een\u0163elegi: informa\u0163ie, prostie, incompeten\u0163a competent\u0103 ating\u00e2nd perfec\u0163iunea\u201d (Mihai Radu, revistaCa\u0163avencii).<\/strong><\/h4>\r\n<h4>\r\n\r\n<\/h4>\r\n<h4 class=\"has-black-color has-text-color has-medium-font-size\"><strong>Oric\u00e2t\u0103 bun\u0103voin\u0163\u0103 ar avea cineva, cu privire la integritatea \u015fi onestitatea ac\u0163iunilor secrete sau \u201ela vedere\u201d \u00eentreprinse de S.R.I., este cu neputin\u0163\u0103 s\u0103 r\u0103m\u00e2i indiferent la faptul c\u0103 nu mai pu\u0163in de 14 demnitari \u015fi oficiali ai Statului Rom\u00e2n \u015fi-au asumat responsabilitatea, cu riscurile aferente, s\u0103 incrimineze public implicarea institu\u0163iei \u00een opera\u0163iuni care o plaseaz\u0103 \u00een afara legii \u015fi astfel s\u0103 ne \u00eent\u0103reasc\u0103 suspiciunea c\u0103 tot ceea ce define\u015fte ideea de democra\u0163ie este \u00een cele din urm\u0103 o mascarad\u0103 menit\u0103 s\u0103 ne transforme pe to\u0163i \u00eentr-o biat\u0103 mas\u0103 de manevr\u0103 orchestrat\u0103 aberant: trei pre\u015fedin\u0163i (Constantinescu, B\u0103sescu, Antonescu), un prim-ministru (Ponta), un ministru de externe (A. Severin), un pre\u015fedinte al Cur\u0163ii Constitu\u0163ionale a Rom\u00e2niei (A. Zegrean), doi parlamentari (V. Marian, E. Udrea), trei generali (D. Dumbrav\u0103, I. Talpe\u015f, I. Dedu), un procuror (A. Lele), doi ziari\u015fti (I. Cristoiu, C.V. Tudor) \u2026 \u00cen cele ce urmeaz\u0103, cu regretul de a constata c\u0103 func\u0163iile de comand\u0103 ale S.R.I. sunt atribuite de politicieni iresponsabili pe m\u00e2na unor neaveni\u0163i, v-a\u015f ruga, stima\u0163i cititori, s\u0103 reflecta\u0163i la \u201eprofesionalismul\u201d a trei din \u201ecapii secre\u0163i\u201d asupra c\u0103rora au fost exprimate acuza\u0163ii de abuz sau incompeten\u0163\u0103 \u00een exercitarea atribu\u0163iilor de serviciu:<\/strong><\/h4>\r\n<h4>\r\n\r\n<\/h4>\r\n<figure class=\"aligncenter size-large is-resized\"><a href=\"http:\/\/www.desteptati-va.ro\/wp-content\/uploads\/2021\/01\/Liviu-Maior.jpg\"><img loading=\"lazy\" decoding=\"async\" class=\"wp-image-5396\" src=\"http:\/\/www.desteptati-va.ro\/wp-content\/uploads\/2021\/01\/Liviu-Maior.jpg\" alt=\"\" width=\"827\" height=\"531\" \/><\/a>\r\n<figcaption><strong>Liviu MAIOR fost Director S.R.I.<\/strong><\/figcaption>\r\n<\/figure>\r\n<h4>\r\n\r\n<\/h4>\r\n<h4 class=\"has-black-color has-text-color has-medium-font-size\"><strong>G.C. Maior a fost, p\u00e2n\u0103 de cur\u00e2nd, director al S.R.I. A fost numit \u00een func\u0163ie la propunerea social-democra\u0163ilor \u201eofi\u0163erului acoperit\u201d V. Ponta, la care i-a \u015fi fost na\u015f de cununie, probabil stafful P.S.D. fiind \u201eimpresionat\u201d c\u0103 tat\u0103l lui G.C. Maior, fost lider al P.C.R. la Universitatea \u201eBabe\u015f-Bolyai\u201d din Cluj, ne-a f\u0103cut \u0163ara de r\u00e2s la pre-arbitrajul rom\u00e2no-maghiar din 1995 de la Atlanta, or poate pentru faptul c\u0103 bunicul lui dinspre tat\u0103, Carol, a fugit din D\u0103b\u00e2ca deoarece, \u00een perioada horthyst\u0103, \u00eei \u00eenh\u0103ma la jug pe copiii rom\u00e2ni care nu \u015ftiau limba maghiar\u0103. M\u0103 rog, dincolo de nuan\u0163ele originii sale \u201es\u0103n\u0103toase\u201d, este bine de \u015ftiut c\u0103 omul despre care colegii spun c\u0103 \u00ee\u015fi vopsea p\u0103rul \u015fi unghiile, G.C. Maior, a \u00eenc\u0103lcat principiul echidistan\u0163ei S.R.I. prin ingerin\u0163e inadmisibile \u00een via\u0163a politic\u0103: \u00een compania preziden\u0163ial\u0103 din 2014 a declarat public c\u0103 E. Udrea este cel mai onorabil candidat \u00een alegeri, divulg\u00e2ndu-i totodat\u0103 \u201esecretul\u201d cum c\u0103 era filat\u0103 de S.R.I.; s-a interpus \u00een \u201etragerea sforilor\u201d \u00eentre Guvern \u015fi Pre\u015fedin\u0163ie; nu a fost str\u0103in de marginalizarea lui Crin Antonescu \u015fi a P.N.L. \u2013 ului etc. Gafele lui, \u0163inute lan\u0163, nu s-au rezumat doar la nesocotirea statutului S.R.I. (prin \u00eenc\u0103lcarea H.G. 585, care interzice accesul persoanelor str\u0103ine \u00een sediul institu\u0163iei, prin acceptarea vizitelor unor persoane ca E. Hellvig, E. Udrea, R. Moraru), ci \u015fi la unele imixtiuni impardonabile care au inflamat societatea civil\u0103, referitoare la probleme sensibile care \u0163in de prerogativele Justi\u0163iei \u015fi Presei. Astfel:<\/strong><\/h4>\r\n<h4>\r\n\r\n<\/h4>\r\n<h4 class=\"has-drop-cap has-black-color has-text-color has-medium-font-size\"><strong>Justi\u0163iei i s-a f\u0103cut un afront c\u00e2nd, \u00een 2012, G.C. Maior a declarat, \u00eenc\u0103lc\u00e2nd legea 303\/2004 privind statutul judec\u0103torilor \u015fi procurorilor, c\u0103 exist\u0103 judec\u0103tori \u015fi procurori care colaboreaz\u0103 cu serviciile de informa\u0163ii: \u201eExist\u0103 ofi\u0163eri activi \u00eentre magistra\u0163i (\u2026) Nu exist\u0103 nici o incompatibilitate legat\u0103 de activitatea serviciilor \u00een raport cu membri ai Parlamentului sau cu puterea judec\u0103toreasc\u0103. Este o declara\u0163ie ferm\u0103\u201d. Imediat, speciali\u015ftii \u00een Drept ai Asocia\u0163iei de Monitorizare a Justi\u0163iei l-au \u201esanc\u0163ionat\u201d protestatar, amintindu-i c\u0103, legal, este interzis oric\u0103rui magistrat s\u0103 fie lucr\u0103tor operativ, inclusiv acoperit, informator sau colaborator al Serviciilor de informa\u0163ii.<\/strong><\/h4>\r\n<h4>\r\n\r\n<\/h4>\r\n<h4 class=\"has-black-color has-text-color has-medium-font-size\"><strong>Apoi, cu o insisten\u0163\u0103 de ne\u00een\u0163eles, G.C. Maior a ie\u015fit complet \u015fifonat \u00een urma presiunilor f\u0103cute ca s\u0103 impun\u0103 Legea Securit\u0103\u0163ii Cibernetice la C.C.R. prin care propunea pedepse cu \u00eenchisoare pentru clien\u0163ii care nu anun\u0163au \u00een termen de 24 de ore cartelele telefonice nule \u015fi posibilitatea ca S.R.I. s\u0103 evite mandatul judec\u0103toresc pentru a avea acces la datele stocate \u00een infrastructura cibernetic\u0103. A fost pentru prima dat\u0103 c\u00e2nd acest tip de legisla\u0163ie restrictiv\u0103, cunoscut\u0103 sub denumirea de \u201epachetul Big Brother\u201d, s-a \u00eenaintat \u00een Europa \u00een dezbatere parlamentar\u0103! Din p\u0103cate, chiar \u015fi dup\u0103 ce C.C.R. a declarat Legea propus\u0103 de S.R.I. ca neconstitu\u0163ional\u0103, G.C. Maior nu a cedat \u015fi, persever\u00e2nd \u00een inten\u0163ia promov\u0103rii unor acte normative neconstitu\u0163ionale \u015fi \u00een amenin\u0163\u0103ri la adresa adversarilor Legii Securit\u0103\u0163ii Cibernetice, l-a determinat pe pre\u015fedintele C.C.R., A. Zegrean, s\u0103 denun\u0163e presiunile ca legea s\u0103 fie promovat\u0103 (de\u015fi acum ne vorbe\u015fte din noua postur\u0103 de ambasador al Rom\u00e2niei \u00een S.U.A., neav\u00e2nd dreptul de a se pronun\u0163a \u00een probleme de politic\u0103 intern\u0103, G.C. Maior declar\u0103 \u00eentr-un interviu \u00een ziarul Evenimentul zilei: \u201es\u0103 fim preg\u0103ti\u0163i pentru decizii grele (\u2026) legi care nu sunt foarte populare nici din punct de vedere al securit\u0103\u0163ii\u201d)! Aceast\u0103 perseveren\u0163\u0103 \u00een atitudinea lui, care ne conduce la g\u00e2ndul c\u0103 \u00eentr-adev\u0103r neispr\u0103vi\u0163ii din fruntea Statului Rom\u00e2n pot s\u0103 ne distrug\u0103 mai abitir dec\u00e2t bombele de ultim\u0103 genera\u0163ie, a indus definitiv \u00een mentalitatea colectiv\u0103 temerea c\u0103 S.R.I. dovede\u015fte arogan\u0163\u0103 \u015fi agresivitate fa\u0163\u0103 de drepturile \u015fi libert\u0103\u0163ile opiniei publice.<\/strong><\/h4>\r\n<h4>\r\n\r\n<\/h4>\r\n<h4 class=\"has-black-color has-text-color has-medium-font-size\"><strong>Presei i-a \u201eservit\u201d o \u201ebucurie nea\u015fteptat\u0103\u201d c\u00e2nd, sporind deruta \u00een redac\u0163iile din mass-media pretins independent\u0103 \u015fi \u00een r\u00e2ndul marilor consumatori de \u201e\u015ftiri\u201d, G.C. Maior a declarat c\u0103 S.R.I. are \u015fi \u00een Pres\u0103 ofi\u0163eri acoperi\u0163i. Declara\u0163ia lui a st\u00e2rnit derut\u0103, suspiciuni \u00eentre jurnali\u015fti, pentru ca \u00een cele din urm\u0103, de exemplu, pre\u015fedintele TVR, S. T\u0103nase, s\u0103 solicite S.R.I. printr-o scrisoare \u201es\u0103-\u015fi retrag\u0103 ofi\u0163erii acoperi\u0163i din televiziunea public\u0103\u201d.<\/strong><\/h4>\r\n<h4>\r\n\r\n<\/h4>\r\n<h4 class=\"has-black-color has-text-color has-medium-font-size\">\u00ce<strong>n sf\u00e2r\u015fit, \u00een materie de impertinen\u0163\u0103, ar mai fi de ad\u0103ugat \u015fi aspectul c\u0103, \u00een problema existen\u0163ei unui centru al C.I.A. \u00een Rom\u00e2nia, identificat de ziarele francez \u201eLa Liberation\u201d \u015fi german \u201eDer Spiegel\u201d cu un centru de deten\u0163ie, avem de-a face din nou cu o atitudine sfid\u0103toare prin care G.C. Maior, de a c\u0103rui \u201epresta\u0163ie\u201d deplorabil\u0103 prev\u0103d c\u0103 Rom\u00e2nia nu va sc\u0103pa prea cur\u00e2nd, a \u0163inut mor\u0163i\u015f s\u0103 ne conving\u0103 pe to\u0163i, \u00een ciuda altor declara\u0163ii contrare (apar\u0163in\u00e2nd pre\u015fedintelui Iliescu \u015fi consilierului s\u0103u, Talpe\u015f), c\u0103 informa\u0163ia \u00een cauz\u0103 nu este real\u0103! \u00cens\u0103 ce imagina\u0163ie cinic\u0103 trebuie s\u0103 ai, totu\u015fi, ca s\u0103 pretinzi unui popor s\u0103 cread\u0103 pe cineva care interpreteaz\u0103 istoria dup\u0103 ureche, nu pe cei care o \u015fi fac! \u00cen cele din urm\u0103, G.C. Maior a demisionat din S.R.I. cu toate c\u0103, aten\u0163ie, pre\u015fedintele mason Iohannis a declarat c\u0103 demiterea acestuia din func\u0163ie nu figureaz\u0103 pe agenda sa! Agenda sa?<\/strong><\/h4>\r\n<h4>\r\n\r\n<\/h4>\r\n<h4 class=\"has-vivid-red-color has-text-color has-medium-font-size\"><strong>\u00a0 \u00a0 \u00a0 \u00a0 \u00a0 \u00a0 \u00a0 \u00a0 \u00a0 \u00a0 \u00a0 \u00a0 \u00a0 Florian Codlea<\/strong><\/h4>\r\n<h4>\r\n\r\n<\/h4>\r\n<figure class=\"aligncenter size-large\"><a href=\"http:\/\/www.desteptati-va.ro\/wp-content\/uploads\/2021\/01\/florian-coldea.jpg\"><img decoding=\"async\" class=\"wp-image-5395\" src=\"http:\/\/www.desteptati-va.ro\/wp-content\/uploads\/2021\/01\/florian-coldea.jpg\" alt=\"\" \/><\/a>\r\n<figcaption><strong>FLORIAN COLDEA fost Director adjunct S.R,I<\/strong><\/figcaption>\r\n<\/figure>\r\n<h4>\r\n\r\n<\/h4>\r\n<h4 class=\"has-black-color has-text-color has-medium-font-size\"><strong>\u201eCred c\u0103 societatea civil\u0103 ar trebui s\u0103 se \u00eentrebe dac\u0103 este normal ca o putere ocult\u0103 s\u0103 influen\u0163eze activitatea institu\u0163iilor democratice ale Statului Rom\u00e2n, dac\u0103 un om care \u015ftie exact bubele din capul fiec\u0103rui parlamentar \u015fi politician este normal s\u0103 influen\u0163eze activitatea Justi\u0163iei\u201d (deputat E. Udrea).<\/strong><\/h4>\r\n<h4>\r\n\r\n<\/h4>\r\n<h4 class=\"has-black-color has-text-color has-medium-font-size\"><strong>F. Coldea, actualul director adjunct al S.R.I., este nepotul colonelului de Securitate D. Gheorghe, comandantul U.S.L.A. \u00een revolu\u0163ia din \u201c89. Este deci om al \u201esistemului\u201d. Ascensiunea lui s-a datorat amici\u0163iei pe care a avut-o cu primarul G. Falc\u0103 de la Arad, cu care a \u015fi fost coleg la Politehnic\u0103 timp de doi ani, dup\u0103 care s-a \u00eenscris la cursuri de psihologie. At\u00e2t prin prisma precarit\u0103\u0163ii studiilor efectuate, c\u00e2t \u015fi a eviden\u0163ierii \u00een ierarhia S.R.I. datorit\u0103 rela\u0163iei privilegiate dintre Falc\u0103 \u015fi pre\u015fedintele B\u0103sescu, F. Coldea este descris de senatorul V. Marian ca fiind nu numai \u201eo persoan\u0103 lipsit\u0103 de orizont intelectual (vezi e\u015fecurile de la Institutul Politehnic din Timi\u015foara \u015fi de la Academia Na\u0163ional\u0103 de Informa\u0163ii)\u201d, dar \u015fi, \u00een conformitate cu surse din S.R.I., \u201ecapabil \u015fi s\u0103 \u00eengroape orice \u015fi pe oricine\u201d! \u015ei asupra acestui personaj, considerat de unii ca adev\u0103ratul \u015fef al S.R.I., planeaz\u0103 acuza\u0163ii de o gravitate excep\u0163ional\u0103, \u00een ce prive\u015fte subminarea de neimaginat a ordinii de drept din Rom\u00e2nia. \u201eSiguran\u0163a\u201d lui \u00een acest demers \u015focant nu a fost \u00eens\u0103 posibil\u0103 numai datorit\u0103 \u201eprotectorului\u201d s\u0103u B\u0103sescu, \u00een care se pare c\u0103 l-a \u015fi tr\u0103dat \u00een cazurile \u201edelicate\u201d ale arest\u0103rii fratelui Mircea \u015fi ale fil\u0103rii \u201epupilei\u201d E. Udrea, ci \u015fi \u00een efortul s\u0103u de a veni \u00een \u00eent\u00e2mpinarea intereselor str\u0103ine \u00een ascensiunea la Cotroceni a noului \u201est\u0103p\u00e2n\u201d Iohannis: \u201enu este exclus nici ca generalul Coldea s\u0103 fi r\u0103spuns unor comenzi externe \u00een acest sens\u201d (sus\u0163ine senatorul V. Marian)! Desigur, prin protec\u0163ia sa extern\u0103 ar fi mai logic de \u00een\u0163eles cum de \u015fi-a permis acest om s\u0103 implice S.R.I.-ul \u00een scandaluri publice de o groz\u0103vie nemai\u00eent\u00e2lnit\u0103, care au provocat \u00een \u0163ar\u0103 o psihoz\u0103 general\u0103 de indignare, ne\u00eencredere, frustrare \u015fi, prin extensie, nelini\u015fte la adresa stabilit\u0103\u0163ii na\u0163ionale! Cei doi mari acuzatori ai s\u0103i, prin ale c\u0103ror dezv\u0103luiri ajungem la concluzia c\u0103 de fapt S.R.I. este responsabil de tot ceea ce se \u00eent\u00e2mpl\u0103 \u00een Rom\u00e2nia \u015fi c\u0103 se joac\u0103 \u00een esen\u0163\u0103 cu \u201edestinele\u201d cet\u0103\u0163enilor indiferent de func\u0163ia lor, sunt \u00een special parlamentarii E. Udrea \u015fi V. Marian.<\/strong><\/h4>\r\n<h4>\r\n\r\n<\/h4>\r\n<h4 class=\"has-black-color has-text-color has-medium-font-size\"><strong>Sunt convins, inclusiv \u00een cazul antipaticei E. Udrea, c\u0103 aceasta \u015ftie prea bine ce spune, mai ales c\u0103 \u015fi-a pus \u201epielea la b\u0103taie\u201d \u00een fa\u0163a unui adversar care o poate destul de u\u015for reduce la t\u0103cere, ca una ce \u015ftie cu siguran\u0163\u0103 cum se fac \u015fi se desfac alian\u0163e politice \u015fi dosare de cercetare penal\u0103, cum se mutileaz\u0103 partide, cum se aresteaz\u0103 adversari, cum se trimit controalele A.N.A.F etc. \u00cen sf\u00e2r\u015fit, este cum nu se poate mai trist s\u0103 afl\u0103m de la cei doi cum, dup\u0103 aproape trei decenii de tr\u00e2mbi\u0163are a ideii c\u0103 tr\u0103im \u00eentr-un \u201estat de drept\u201d, de\u0163in\u0103torii celor mai importante func\u0163ii \u00een Statul Rom\u00e2n sunt \u00een fapt ni\u015fte persoane manevrabile, influen\u0163abile, \u015fantajabile, controlabile de c\u0103tre S.R.I. (recte F. Coldea)!<\/strong><\/h4>\r\n<h4>\r\n\r\n<\/h4>\r\n<h4 class=\"has-black-color has-text-color has-medium-font-size\"><strong>A\u015fadar, mai \u00eent\u00e2i, afl\u0103m de la E. Udrea c\u0103, \u00een problema desemn\u0103rii primului om \u00een Stat, pre\u015fedintele, F. Coldea a folosit Justi\u0163ia \u00een campania electoral\u0103 pentru victoria masonului Iohannis, dup\u0103 ce s-a enervat c\u0103, \u00eenainte de al doilea tur de scrutin, contracandidatul Ponta i-a amenin\u0163at pe \u015fefii S.R.I. cu demiterea \u00een caz c\u0103 va fi ales pre\u015fedinte. Cu siguran\u0163\u0103 c\u0103 prim-ministrului Ponta nu \u00eei era str\u0103in, ca unul ce ne spunea mai deun\u0103zi c\u0103 se consider\u0103 victim\u0103 a demersurilor S.R.I. \u00een favoarea suspend\u0103rii sale, nici faptul c\u0103 S.R.I. se implicase anterior (cum afirm\u0103 C. Antonescu) \u00een dezmembrarea U.S.L.! Ce \u00eenseamn\u0103 asta? \u00censeamn\u0103 c\u0103 S.R.I. a deturnat (tr\u0103dat) voin\u0163a electoratului, care a votat cov\u00e2r\u015fitor cu U.S.L. tocmai ca s\u0103 ne putem elibera de sub jaful \u015fi batjocura regimului B\u0103sescu, sprijinindu-l pe Iohannis \u00eentr-o campanie preziden\u0163ial\u0103 \u00een urma c\u0103reia acesta urm\u0103re\u015fte s\u0103 \u00eei readuc\u0103 la putere pe b\u0103si\u015ftii travesti\u0163i \u00een liberali. Mai departe, E. Udrea demasc\u0103 marea p\u0103c\u0103leal\u0103 din spatele vorb\u0103riei de\u015farte despre democra\u0163ie, spun\u00e2ndu-ne c\u0103 adjunctul S.R.I. a cerut bani de la so\u0163ul s\u0103u pentru finan\u0163area unui post TV, a unii sondaj de opinie \u015fi, nu \u00een ultimul r\u00e2nd, c\u0103 a f\u0103cut presiuni asupra DIICOT!<\/strong><\/h4>\r\n<h4>\r\n\r\n<\/h4>\r\n<h4 class=\"has-black-color has-text-color has-medium-font-size\"><strong>Cel\u0103lalt acuzator al S.R.I. sub \u201emandatul\u201d lui F. Coldea, senatorul V. Marian, ne spune nu numai c\u0103 o parte a cadrelor serviciilor secrete sunt implicate \u00een opera\u0163iuni de contraband\u0103 (\u201emai exist\u0103 \u015fi astfel de cazuri\u201d), ci \u015fi \u00een incredibile ac\u0163iuni de poli\u0163ie politic\u0103: \u201e\u00een activitatea de poli\u0163ie politic\u0103 a fost confirmat de adnot\u0103rile sale \u00een scop de \u015fantaj \u00een cazul a trei judec\u0103tori de la Curtea Constitu\u0163ional\u0103, care au avizat favorabil cererea de suspendare a pre\u015fedintelui Traian B\u0103sescu, precum \u015fi de ofi\u0163eri S.R.I. care mi-au relatat c\u0103 acesta a emis un ordin ilegal privind monitorizarea tuturor politicienilor importan\u0163i (membri ai Guvernului, parlamentari, primari, pre\u015fedin\u0163i de Consilii Jude\u0163ene\u201d)! Un alt indiciu pe baza c\u0103ruia Presa consider\u0103 c\u0103 S.R.I. \u2013 ul a sc\u0103pat de sub orice control constitu\u0163ional, inclusiv al Parlamentului, care \u00eel are \u00een subordine, este faptul c\u0103 \u00een urma unora dintre dezv\u0103luirile de mai sus, c\u00e2nd F. Coldea a fost invitat s\u0103 dea explica\u0163ii a refuzat s\u0103 se prezinte \u00een fa\u0163a membrilor Comisiei parlamentare de control a S.R.I. sub pretextul c\u0103 \u201enu are timp\u201d \u015fi l-a chemat pe pre\u015fedintele G. Pop s\u0103 vin\u0103 acesta la sediul S.R.I.!<\/strong><\/h4>\r\n<h4>\r\n\r\n<\/h4>\r\n<h4 class=\"has-black-color has-text-color has-medium-font-size\"><strong>Desigur c\u0103, pu\u015fi \u00een fa\u0163a acestor anomalii, se deduce u\u015for c\u0103 S.R.I. reactiveaz\u0103, ba chiar \u00eentrece uneori, metodele de diversiune, constr\u00e2ngere \u015fi dictatur\u0103 ale fostei Securit\u0103\u0163i! Ar fi deci cazul ca, pentru restabilirea onoarei S.R.I. \u015fi a \u00eencrederii rom\u00e2nilor, chiar dac\u0103 \u00eentr-un mod cu totul nejustificat pre\u015fedintele Iohannis a l\u0103udat recent S.R.I. c\u0103 nu s-a implicat \u015fi nu se implic\u0103 \u00een jocurile politice interne (!?), F. Codlea s\u0103 \u00ee\u015fi dea demisia \u015fi s\u0103 lase locul unui profesionist incontestabil. Sau, cum sugereaz\u0103 fostul europarlamentar C.V. Tudor, S.R.I. s\u0103 fie dizolvat \u015fi reconceput: \u201eAcum, Securitatea controleaz\u0103 Pre\u015fedin\u0163ia, Parlamentul, Guvernul. S.R.I. ar trebui desfiin\u0163at \u015fi re\u00eenfiin\u0163at\u201d. Faptele o cer!<\/strong><\/h4>\r\n<h4>\r\n\r\n<\/h4>\r\n<figure class=\"aligncenter size-large is-resized\"><a href=\"http:\/\/www.desteptati-va.ro\/wp-content\/uploads\/2021\/01\/Eduard-Hellvig.jpg\"><img loading=\"lazy\" decoding=\"async\" class=\"wp-image-5394\" src=\"http:\/\/www.desteptati-va.ro\/wp-content\/uploads\/2021\/01\/Eduard-Hellvig.jpg\" alt=\"\" width=\"787\" height=\"545\" \/><\/a>\r\n<figcaption><strong>Eduard Hellvig &#8211; actualul Director S.R.I.<\/strong><\/figcaption>\r\n<\/figure>\r\n<h4>\r\n\r\n<\/h4>\r\n<h4 class=\"has-black-color has-text-color has-medium-font-size\"><strong>Eduard Hellvig, actualul director al S.R.I., a fost numit \u00een func\u0163ie la propunerea pre\u015fedintelui mason Iohannis. Acuzat de A.N.I. c\u0103 \u015fi el ar fi incompatibil, acest alogen \u015fi-a \u00eenceput cariera cu un autodenun\u0163 \u00een ce prive\u015fte \u00eenc\u0103lcarea regulamentului de ordine interioar\u0103 a S.R.I., spun\u00e2nd c\u0103 l-a vizitat pe G.C. Maior la sediul institu\u0163iei. Faptul c\u0103 este un politruc destul de \u015fters al liberalilor, potrivit ca \u201enuca \u00een perete\u201d la S.R.I., o dovede\u015fte \u015fi incompeten\u0163a cu care, nu cu mult\u0103 vreme \u00een urm\u0103, l-a \u00eencredin\u0163at pe J.B. Coney (\u015feful F.B.I.) c\u0103 S.R.I. este, pe componenta cibernetic\u0103, \u201eautoritate na\u0163ional\u0103\u201d! C\u0103 nu este deloc a\u015fa, practic, ne-a spus-o Curtea Constitu\u0163ional\u0103 \u00een motiva\u0163ia pe care a dat-o la respingerea Legii Securit\u0103\u0163ii Cibernetice. Cu alte cuvinte, pe care E. Hellvig se pare c\u0103 nu le \u00een\u0163elege, S.R.I. este \u00een afara legii pe aceast\u0103 tem\u0103! La fel st\u0103 situa\u0163ia la S.R.I. \u015fi \u00een cazul intercept\u0103rilor telefonice, c\u0103ci respingerea de c\u0103tre Curtea Constitu\u0163ional\u0103 a controlului cibernetic se constituie \u00eentr-un \u201eprecedent tardiv\u201d, ceea ce \u00eenseamn\u0103 c\u0103 ilegalitatea uneia presupune \u015fi ilegalitatea celeilalte! \u00cen acest context, S.R.I. ar fi pus \u00eentr-o situa\u0163ie cel pu\u0163in st\u00e2njenitoare dac\u0103, la C.E.D.O., unii condamna\u0163i din \u201ecampania de arest\u0103ri\u201d ar reclama c\u0103, fiind \u00eentemni\u0163a\u0163i prin intercept\u0103ri telefonice furnizate de S.R.I., o parte din probele incriminatoare din dosarele lor au fost deci ob\u0163inute ilegal conform Codului de Procedur\u0103 Penal\u0103, art.102 (\u201eprobele ob\u0163inute \u00een mod nelegal nu pot fi folosite \u00een procesul penal\u201d)! Unii ca ace\u015ftia ar trebui s\u0103 fie pu\u015fi imediat \u00een libertate, cu obliga\u0163ia ca Statul Rom\u00e2n s\u0103 le pl\u0103teasc\u0103 din banii no\u015ftri daune considerabile. Atunci, desigur, E. Hellvig nu ar mai avea tendin\u0163e s\u0103 treac\u0103 peste eviden\u0163e de procedur\u0103 constitu\u0163ional\u0103, cum a f\u0103cut predecesorul s\u0103u, G.C. Maior, care a devenit ridicol \u00een perseveren\u0163a de a-\u015fi imagina c\u0103 va combate \u201eterorismul\u201d prin legalizarea controlului cartelelor telefonice \u015fi a Internetului, sper\u00e2nd c\u0103 a\u015fa va fi pe placul serviciilor secrete Mossad (Israel), C.I.A. (S.U.A.), F.S.B. (Rusia) etc\u2026<\/strong><\/h4>\r\n<h4>\r\n\r\n<\/h4>\r\n<h4 class=\"has-vivid-red-color has-text-color has-medium-font-size\"><strong>\u00a0 \u00a0 \u00a0 \u00a0 \u00a0 \u00a0 \u00a0 \u00a0 \u201eKlaustrofobia\u201d (nu) salveaz\u0103 Rom\u00e2nia!<\/strong><\/h4>\r\n<h4>\r\n\r\n<\/h4>\r\n<h4 class=\"has-black-color has-text-color has-medium-font-size\">\u201e<strong>Suntem martorii unei isterii generalizate care nu are nimic \u00een comun cu actul de justi\u0163ie ce se pretinde c\u0103 se face. Prin aceste arest\u0103ri spectaculoase se decridibilizeaz\u0103 chiar Justi\u0163ia, este alimentat\u0103 ne\u00eencrederea \u00een institu\u0163iile statului de drept \u015fi se d\u0103 ap\u0103 la moar\u0103 celor care reclam\u0103 arest\u0103rile la comand\u0103. Procurorii au prins, din p\u0103cate, gustul d\u0103rii \u00een stamb\u0103 \u015fi nu exist\u0103 oameni suficient de puternici a li se \u00eempotrivi (\u2026) C\u00e2nd vom avea primul procuror \u2013 dintre cei care p\u0103r\u0103sesc din c\u00e2nd \u00een c\u00e2nd corabia D.N.A. \u2013 care s\u0103 denun\u0163e metodele abuzive, \u0163intele ordonate din afar\u0103, scopurile reale urm\u0103rite sau discre\u0163ionarul practicat \u00een acest Parchet specializat, se va putea vorbi de niscai asem\u0103n\u0103ri cu gestul demnit\u0103\u0163ii profesionale a lui Cristian Panait, care a \u00eenfruntat haita\u201d (procurorul A. Lele).<\/strong><\/h4>\r\n<h4>\r\n\r\n<\/h4>\r\n<h4 class=\"has-black-color has-text-color has-medium-font-size\"><strong>C\u00e2nd \u00eemi amintesc cu c\u00e2t\u0103 non\u015falan\u0163\u0103 S.U.A. au c\u0103lcat \u00een picioare votul celor 7, 4 milioane de rom\u00e2ni care au vrut suspendarea pre\u015fedintelui euro-atlantic B\u0103sescu, pe fondul unor \u0163\u0103rani speria\u0163i de c\u0103tre procurori, este suficient s\u0103 nu mai fiu surprins c\u00e2nd aflu acum, de la ni\u015fte persoane avizate despre ce anume se \u00eent\u00e2mpl\u0103 dincolo de varianta oficial\u0103, c\u0103 interesele unor for\u0163e str\u0103ine sunt suficient de puternice ca s\u0103 impun\u0103 peste capul rom\u00e2nilor pe cine cred ele c\u0103 le reprezint\u0103 mai bine domina\u0163ia mascat\u0103. Nu ar fi deci de nici o mirare c\u0103 \u00een Statul \u201enostru\u201d masonic, cu o democra\u0163ie tot de tip masonic, alegerile preziden\u0163iale pot fi trucate ca s\u0103 ias\u0103 tot cel care \u201etrebuie\u201d s\u0103 fie c\u00e2\u015ftig\u0103tor. Nu o spun eu, ci trei personalit\u0103\u0163i care au v\u0103zut multe la via\u0163a lor, mai exact doi ziari\u015fti consacra\u0163i \u015fi, aten\u0163ie, un academician care nu este altul dec\u00e2t socrul fostului \u015fef al S.R.I., G.C. Maior!<\/strong><\/h4>\r\n<h4>\r\n\r\n<\/h4>\r\n<h4 class=\"has-black-color has-text-color has-medium-font-size\"><strong>Astfel, o prim\u0103 reac\u0163ie vine din partea academicianului A. Buzura: \u201eCei mai \u00eendr\u0103zne\u0163i, cunosc\u0103torii, \u015ftiu c\u0103 voturile se num\u0103r\u0103 \u00een alt\u0103 parte, c\u0103 membrii unui obscur sinod diplomatic dau firmanele, iar haraciul este, de mai bine de un sfert de veac, \u0163ara\u201d. Cu concep\u0163ia sa \u201eneofanariot\u0103\u201d, anume c\u0103 voturile rom\u00e2nilor se substituie \u201efirmanelor\u201d str\u0103in\u0103t\u0103\u0163ii (sau \u201eneostalinist\u0103\u201d, conform c\u0103reia nu conteaz\u0103 cine voteaz\u0103, ci doar cel care num\u0103r\u0103 voturile), cocheteaz\u0103 \u015fi ziari\u015ftii I. Cristoiu (\u201enu e \u2013 Iohannis \u2013 n.a. \u2013 al poporului Rom\u00e2n, ci al Sistemului de for\u0163e oculte care l-a suit \u00een fotoliul de la Cotroceni\u201d) \u015fi C.V. Tudor (\u201en-a fost votat de rom\u00e2ni, ci de C.I.A. \u2013 cu ajutorul filialelor acesteia, care sunt serviciile secrete rom\u00e2ne\u015fti\u201d)! C\u0103 \u00een \u201enoua\u201d Rom\u00e2nie am fost fura\u0163i \u00eentr-un stil \u015fmecheresc o spune, concludent, inclusiv deputatul S. Ghi\u0163\u0103 (membru \u00een Comisia parlamentar\u0103 de control a S.R.I.): \u201e\u0162ara a fost furat\u0103 de mafia lor\u201d! Cum-necum, ne-am pomenit deci la Cotroceni cu un pre\u015fedinte \u2013 surpriz\u0103, imprevizibil, cu atitudini anticonstitu\u0163ionale, la a c\u0103rui ascensiune politic\u0103 fulminant\u0103 a contribuit \u015fi suspecta \u00eenl\u0103turare din fa\u0163a sa a oric\u0103rui poten\u0163ial rival (Presa sus\u0163ine c\u0103 un \u015fef al C.I.A. l-a amenin\u0163at pe C. Antonescu s\u0103 se retrag\u0103 din cursa pentru Pre\u015fedin\u0163ie, dac\u0103 nu vrea s\u0103 aib\u0103 nepl\u0103ceri)! Oricum, este regretabil c\u0103 nimeni nu s-a g\u00e2ndit, de la tribuna Parlamentului, s\u0103 \u00eel aten\u0163ioneze pe pre\u015fedintele \u2013 surpriz\u0103 Iohannis c\u0103 \u00eel poate pa\u015fte suspendarea, pentru tendin\u0163a obsesiv\u0103 de a face derapaje de la litera \u015fi spiritul Constitu\u0163iei, \u00een contextul \u00een care pledeaz\u0103 pentru suprema\u0163ia Pre\u015fedin\u0163iei \u00een raport cu Guvernul, Parlamentul \u015fi, implicit cu o scen\u0103 politic\u0103 pe care o vrea schimbat\u0103 radical! C\u0103ci este inadmisibil cum \u00ee\u015fi permite s\u0103 \u00eencalce prezum\u0163ia de nevinov\u0103\u0163ie a prim-ministrului Ponta, cer\u00e2ndu-i totodat\u0103 s\u0103 \u00eei prezinte un certificat medical, or s\u0103 \u00eei \u201ecerte\u201d \u00een plen pe membrii Parlamentului \u015fi s\u0103 le fixeze termene pe agenda de lucru\u2026 O asemenea abordare cu tent\u0103 dictatorial\u0103, venit\u0103 \u00eentr-un moment istoric \u00een care unii sus\u0163in c\u0103 inten\u0163ia S.U.A. este ca Rom\u00e2nia s\u0103 aib\u0103 un nou \u201edestin strategic\u201d, ascunde de fapt \u201es\u00e2mburele\u201d prin care pre\u015fedintele Iohannis \u00ee\u015fi dore\u015fte pentru sine, lu\u00eendu-\u015fi ca pav\u0103z\u0103 \u201elozinca\u201d populist\u0103 a luptei anticorup\u0163ie, o preconizat\u0103 instaurare \u00een Rom\u00e2nia a unui regim preziden\u0163ial bazat pe o guvernare preziden\u0163ial\u0103 semimilitarizat\u0103 reprezentat\u0103 de trinomul S.R.I. \u2013 D.N.A \u2013 \u00ce.C.C.J. ! Scopul lui, care nu figureaz\u0103 \u00een fi\u015fa postului unui pre\u015fedinte ce se vrea perceput ca democratic, ni se arat\u0103 destul de clar c\u00e2nd, vr\u00e2nd s\u0103 transfere puterea politic\u0103 rezultat\u0103 din alegeri (Guvern, Parlament) la alte for\u0163e (Servicii secrete, D.N.A., Parchete) \u015fi s\u0103 schimbe din temelii \u00eentreaga clas\u0103 politic\u0103 (\u015fi s\u0103 nu vizeze, cum ar fi normal, doar pedepsirea infractorilor), \u015fi-a permis s\u0103 declare enormitatea: \u201eAvem foarte multe a\u015fa-numite dosare grele \u2026 vom avea mai pu\u0163in politicieni cunoscu\u0163i \u015fi este loc pentru ceea ce se nume\u015fte \u00eennoirea clasei politice. Mul\u0163i dintre cei pe care i-am v\u0103zut ani sau decenii la r\u00e2nd la televiziuni vor fi \u00een alt\u0103 parte sau vor sta acas\u0103\u201d! Da, desigur, cu to\u0163ii ne dorim o reform\u0103 moral\u0103 a clasei politice, dar nu este treaba pre\u015fedintelui s\u0103 ne spun\u0103 cine r\u0103m\u00e2ne \u015fi cine nu \u00een politic\u0103! Aceasta ne prive\u015fte pe noi, poporul. Faptul c\u0103 de la noi, de la societatea civil\u0103 \u015fi partide trebuie s\u0103 porneasc\u0103 selec\u0163ia unor noi lideri politici, o subliniaz\u0103 f\u0103r\u0103 echivoc cel pe care \u201esistemul\u201d lui Iohannis l-a \u201eajutat\u201d s\u0103 ias\u0103 din campania preziden\u0163ial\u0103, C. Antonescu: \u201eVa fi, \u00een urm\u0103torii ani, un regim preziden\u0163ial. Ceea ce \u00eemi doresc\u2026 este ca for\u0163a pe care \u00eemprejur\u0103rile istorice acestor ani i-o dau lui Klaus Iohannis s\u0103 fie folosit\u0103 \u00een direc\u0163ia corect\u0103, a reconstruc\u0163iei unei clase politice, dar pe care trebuie s\u0103 o fac\u0103 for\u0163e politice, for\u0163e civile, societatea, nu D.N.A., nu S.R.I., c\u0103 nu e treaba lor\u201d. A\u015fadar, cur\u0103\u0163irea clasei politice nu este nici de competen\u0163a pre\u015fedintelui, nici a S.R.I., nici a D.N.A.! Iar \u201ecur\u0103\u0163irea\u201d \u00een cauz\u0103 se face dup\u0103 principiul \u201emut\u0103-\u0163i locul, s\u0103 m\u0103 a\u015fez eu\u201d, aspect sesizat \u015fi de fostul ministru de externe, A. Severin, \u00een scrisoarea pe care acesta i-a trimis-o noului ambasador american \u00een Rom\u00e2nia: \u201estatul de drept a devenit stat poli\u0163ienesc, condus de acea parte a Serviciilor Secrete care a acceptat s\u0103 redevin\u0103 poli\u0163ie politic\u0103\u201d! Astfel, cele dou\u0103 institu\u0163ii conlucreaz\u0103 asiduu ca Pre\u015fedintele s\u0103 \u00ee\u015fi vad\u0103 \u201evisul\u201d cu ochii, nu conteaz\u0103 c\u0103 ac\u0163iunile lor pot degenera \u00een conflicte \u00eentre institu\u0163iile Statului Rom\u00e2n \u015fi submina autoritatea legal instituit\u0103 prin manevre mediatice menite s\u0103 le aduc\u0103 un deficit de imagine public\u0103.<\/strong><\/h4>\r\n<h4>\r\n\r\n<\/h4>\r\n<h4 class=\"has-black-color has-text-color has-medium-font-size\"><strong>\u00cen r\u0103zboiul lui Iohannis cu ordinea de drept actual\u0103, \u201emarea c\u00e2rd\u0103\u015fie dintre S.R.I. \u015fi Cotroceni\u201d o subliniaz\u0103 tot mai insistent presa (I. Cristoiu etc), dar \u015fi unele persoane care, stupefiate de \u201erela\u0163ia\u201d suspect\u0103 dintre capii S.R.I. \u015fi D.N.A. sub egida combaterii corup\u0163iei, ne aten\u0163ioneaz\u0103 fie c\u0103 D.N.A. a devenit \u201em\u00e2na armat\u0103 a S.R.I.\u201d (procurorul A. Lele), fie c\u0103 D.N.A. este \u201edivizia penal\u0103 a S.R.I.\u201d (generalul D. Dumbrav\u0103) ! Poate c\u0103 pe unii \u201edemocra\u0163i\u201d nu \u00eei deranjeaz\u0103 c\u0103 astfel asist\u0103m la refacerea Diviziei a VI-a Securit\u0103\u0163ii, dar pe noi, adic\u0103 pe cei care \u00eenc\u0103 ne \u00eenc\u0103p\u0103\u0163\u00e2n\u0103m s\u0103 mai facem referire la existen\u0163a regulilor, nu ne poate l\u0103sa indiferent \u00een ce temei legal S.R.I., care sub pre\u015fedintele B\u0103sescu ne spunea c\u0103 doar informeaz\u0103 \u015fi nu se implic\u0103, ast\u0103zi sprijin\u0103 arest\u0103rile \u015fi anchetele D.N.A. , cu toate c\u0103, \u00een Statutul s\u0103u de func\u0163ionare, faptele de corup\u0163ie nu fac obiectul amenin\u0163\u0103rilor la adresa siguran\u0163ei na\u0163ionale (Legea 51\/1991) \u015fi serviciile secrete nu au competen\u0163\u0103 \u00een zona judiciar\u0103 (nici nu au voie s\u0103 \u00eentreprind\u0103 ac\u0163iuni de cercetare \u015fi urm\u0103rire penal\u0103). Ar fi deci de preferat ca studen\u0163ii de la Drept s\u0103 cear\u0103 profesorilor lor s\u0103 le explice cum de este posibil ca S.R.I. s\u0103 se implice \u00een \u201ecampania anticorup\u0163ie\u201d (\u00een comunicatele D.N.A. se folose\u015fte, dup\u0103 caz, expresia \u201eanchet\u0103 desf\u0103\u015furat\u0103 cu sprijinul S.R.I.\u201d) at\u00e2ta vreme c\u00e2t cercetarea infrac\u0163iunilor penale \u00eei este interzis\u0103 (\u201eactivitatea S.R.I. nu are o natur\u0103 judiciar\u0103, cadrelor institu\u0163iei fiindu-le interzis\u0103 prin lege efectuarea unor acte de cercetare \u015fi urm\u0103rire penal\u0103\u201d), la fel ca \u015fi trimiterea de informa\u0163ii (de exemplu, \u00eenregistr\u0103ri telefonice) de c\u0103tre D.N.A., DIICOT, Parchetul General (fapt\u0103 interzis\u0103 de lege, nu \u00eens\u0103 \u015fi de unele hot\u0103r\u00e2ri ale C.S.A.\u0162., ANCOM sau unele protocoale cu institu\u0163iile sus-men\u0163ionate! Aceste derog\u0103ri, la care se preteaz\u0103 binomul S.R.I. \u2013 D.N.A., genereaz\u0103 abera\u0163ii cum ar fi preten\u0163ia unor procurori ai D.N.A. de a solicita imperativ Senatului ni\u015fte date sub amenin\u0163area de a fi pasibil de infrac\u0163iune, or interzicerea dreptului deputatului S. Ghi\u0163\u0103 de a se prezenta la Parlament (sub pretextul de a nu lua leg\u0103tura cu prim-ministrul Ponta)! Sau: cum se face c\u0103 S.R.I. nu a sprijinit anchetele D.N.A., de\u015fi cuno\u015ftea bine cum \u0163ara era jefuit\u0103, c\u00e2nd la putere se afla B\u0103sescu? \u00cen aceste situa\u0163ii, spre satisfac\u0163ia amatorilor de anarhie institu\u0163ional\u0103, procurorii \u015fi ofi\u0163erii serviciilor secrete au \u00eenc\u0103lcat cele mai elementare reguli procedurale! Ceea ce surprinde este reac\u0163ia foarte palid\u0103 a mass-media de a dezaproba institu\u0163iile abilitate \u015fi sanc\u0163iona aceste practici, care intr\u0103 \u00eentr-adev\u0103r \u00een dezacord cu laudele aduse S.R.I.- D.N.A. de oficiali ai S.U.A., \u00een vreme ce pretinsul promotor al legalit\u0103\u0163ii, pre\u015fedintele Iohannis, nu a intervenit niciodat\u0103 ca s\u0103 stopeze acest \u201econcubinaj\u201d infam \u015fi antidemocratic \u2026 Dimpotriv\u0103, Iohannis poate fi culpabilizat de incitare!<\/strong><\/h4>\r\n<h4>\r\n\r\n<\/h4>\r\n<h4 class=\"has-vivid-red-color has-text-color\" style=\"font-size: 21px;\"><strong>\u00a0 \u00a0 \u00a0 \u00a0 \u00a0 \u00a0 \u00a0 \u00a0 \u00a0 \u201eLegea\u201d de dincolo de lege<\/strong><\/h4>\r\n<h4>\r\n\r\n<\/h4>\r\n<h4 class=\"has-black-color has-text-color has-medium-font-size\">\u201e<strong>Serviciile secrete au mobilizat la aceast\u0103 captur\u0103 politicieni, magistra\u0163i, jurnali\u015fti, oameni de afaceri \u015fi activi\u015fti civici. Este o m\u00e2n\u0103 de oameni, c\u00e2teva zeci de mii cu totul. Ei \u0163in \u00een prizonierat averea public\u0103\u201d (D. Bu\u015fcu, revista Ca\u0163avencii).<\/strong><\/h4>\r\n<h4>\r\n\r\n<\/h4>\r\n<h4 class=\"has-black-color has-text-color has-medium-font-size\"><strong>Meandrele S.R.I. \u00een via\u0163a politic\u0103 ne arat\u0103 c\u0103 \u00eel responsabilizeaz\u0103, \u015ftiut fiind c\u0103 politica este \u201er\u0103d\u0103cina\u201d evolu\u0163iei \u00een bine sau \u00een r\u0103u a unei societ\u0103\u0163i, de toat\u0103 starea social\u0103 \u015fi moral\u0103 a na\u0163iunii \u00een momentul da fa\u0163\u0103. De altfel, ca \u015fi dumneavoastr\u0103, mi-am imaginat \u015fi eu, vreme cam \u00eendelungat\u0103, c\u0103 lucrurile nu merg \u00een \u0163ar\u0103 deoarece nu dispunem de politicieni de marc\u0103, de jurnali\u015fti incisivi \u015fi justi\u0163iari incoruptibili, ceea ce m-a determinat s\u0103 scriu \u00eempotriva lor mai multe c\u0103r\u0163i, sute de articole de pres\u0103, f\u0103r\u0103 s\u0103 \u00eemi dau seama c\u0103 \u00eentr-un fel eram pe o pist\u0103 secundar\u0103, c\u0103 \u0163intele \u201elovite\u201d de mine erau de fapt ele \u00eensele ni\u015fte biete victime ale unor atitudini prefabricate \u015fi scoase la \u00eenaintare, cu scopul de a lua castanele din foc, de c\u0103tre ni\u015fte for\u0163e din umbr\u0103 care, ridic\u00e2nd castele de nisip \u015fi ruin\u00e2nd absolut pe cine \u201etrebuie\u201d, conduce cu m\u00e2n\u0103 forte tot ce mi\u015fc\u0103 \u00een Rom\u00e2nia, \u00een dispre\u0163ul Constitu\u0163iei, inclusiv pe cei de la care noi, oamenii obi\u015fnui\u0163i, a\u015ftept\u0103m s\u0103 ne apere \u00een Justi\u0163ie \u015fi s\u0103 ne fac\u0103 dreptate. A\u015fa poate c\u0103 a g\u00e2ndit bun\u0103oar\u0103 \u015fi colonelul I. Dedu, cu func\u0163ie de general de brigad\u0103 \u00een S.R.I., c\u00e2nd a avut curajul nemaipomenit de a trage \u00een Rom\u00e2nia un semnal de alarm\u0103 cu privire la riscul ca S.R.I. s\u0103 \u00eencalce Constitu\u0163ia, dup\u0103 ce \u2013 refuz\u00e2nd s\u0103 execute un ordin strict secret al S.R.I. (dat de adjunctul F. Coldea) referitor la supravegherea monitoriz\u0103rii electronice a v\u00e2rfului clasei politice \u2013 a refuzat cu demnitate \u015fi profesionalism s\u0103 se implice \u00een ascultarea telefoanelor ilegale, disociindu-se astfel de o fapt\u0103 reprobabil\u0103 pentru care \u00eensu\u015fi pre\u015fedintele american R. Nixon a fost pus sub acuzare \u015fi revocat din func\u0163ie deoarece, \u00een 1972, stafful s\u0103u a fost amestecat \u00eentr-o serie de opera\u0163iuni ilegale de interceptare \u015fi misiuni sub acoperire, de h\u0103r\u0163uire a unor activi\u015fti \u015fi politicieni cu sprijinul C.I.A. \u015fi F.B.I. (atunci, \u00een \u201eafacerea Watergate\u201d, acest abuz al administra\u0163iei preziden\u0163iale s-a finalizat cu demisia pre\u015fedintelui)! Desigur, domnul colonel Dedu nu s-a g\u00e2ndit c\u0103, pentru ceva oarecum similar, va demisiona la r\u00e2ndul lui \u015fi pre\u015fedintele B\u0103sescu, dar \u015fi-a dat seama c\u0103 S.R.I. \u00eencalc\u0103 astfel Legea 571\/2004 cu privire la protec\u0163ia datelor personale de autoritate public\u0103 \u015fi a blocat timp de doi ani acest ordin intern. Ce a urmat, apoi, este u\u015for de dedus! Colonelul a fost eliberat din func\u0163ie, privat de libertate (cum recunoa\u015fte \u00een scris \u015fi Curtea de Apel Bucure\u015fti), acuzat de S.R.I. pentru \u201emanagement defectuos\u201d (de\u015fi a avut numai calificative excep\u0163ionale)! \u00cen schimb, f\u0103r\u0103 s\u0103 \u0163in\u0103 cont c\u0103 faptele semnalate de ofi\u0163er au fost confirmate de trei decizii succesive ale Cur\u0163ii Constitu\u0163ionale, cei care l-au sanc\u0163ionat pe linie intern\u0103, inclusiv adjunctul F. Coldea, au fost avansa\u0163i \u00een grad. Iar ofi\u0163erul anti-sistem Dedu, apel\u00e2nd la institu\u0163iile rom\u00e2ne\u015fti, \u00een m\u00e2ini cu dreptatea conform c\u0103reia S.R.I. asculta telefoanele ilegal (preval\u00e2ndu-se de dispozi\u0163iile autorit\u0103\u0163ii administrative a C.S.A.\u0162., nu de cea normal\u0103 a Parlamentului), a pierdut procesul \u015fi, acum, \u00eenainteaz\u0103 cazul s\u0103u \u00een aten\u0163ia judec\u0103torilor de la C.E.D.O. Cum de a fost posibil s\u0103 fie \u00eenvins de sistemul justi\u0163iar rom\u00e2nesc, \u00eentr-un dosar cu at\u00e2tea \u201ebube\u201d, este un mister pe care numai C.E.D.O. \u00eel poate l\u0103muri. P\u00e2n\u0103 atunci, pentru c\u0103 S.U.A. tot ne spun c\u00e2t de drag\u0103 le este lupta \u00eempotriva corup\u0163iei de pe la noi, f\u0103c\u00e2ndu-se c\u0103 uit\u0103 de complicitatea americanilor \u00een cazurile \u201eMicrosoft\u201d, \u201eBechthel\u201d etc, ar fi necesar s\u0103 ia act \u015fi de denun\u0163ul ilegalit\u0103\u0163ii sesizate de Agen\u0163ia de Monitorizare a Justi\u0163iei, care ne-a avertizat c\u0103 procedura ilegal\u0103 prin care anumi\u0163i judec\u0103tori primesc \u201ecertificate de securitate\u201d ORNISS \u00een urma verific\u0103rilor S.R.I, destinat de fapt unor persoane din r\u00e2ndul c\u0103rora nu fac parte nici judec\u0103tori \u015fi nici procurori, \u00eei supune pe ace\u015fti magistra\u0163i controlului discre\u0163ionar al S.R.I.! Cu alte cuvinte, se acrediteaz\u0103 ideea c\u0103 unele sentin\u0163e sunt posibile s\u0103 fie pronun\u0163ate la comand\u0103, de oficiali ai S.R.I. Ceea ce ar \u00eensemna c\u0103 ace\u015fti \u201especiali\u201d magistra\u0163i, f\u0103c\u00e2nd jocul unor ofi\u0163eri de informa\u0163ii, pot s\u0103 lase \u00een urma lor dovezi ale unor ac\u0163iuni de poli\u0163ie politic\u0103. Este cazul arhivei S.I.P.A., pe care a \u00eencercat s\u0103 o distrug\u0103 C. Predoiu, \u201edesemnatul\u201d pre\u015fedintelui Iohannis pentru func\u0163ia de prim-ministru, dup\u0103 tentativa e\u015fuat\u0103 pe care a avut-o \u00een sensul distrugerii S.I.P.A. de c\u0103tre M. Macovei! Nu-i a\u015fa, stima\u0163i cititori, c\u0103 lucrurile \u201ese leag\u0103\u201d \u00een ce prive\u015fte \u201elegea\u201d de dincolo de lege?<\/strong><\/h4>\r\n<h4>\r\n\r\n<\/h4>\r\n<h4 class=\"has-vivid-red-color has-text-color has-medium-font-size\"><strong>\u00a0 \u00a0 \u00a0 \u00a0 \u00a0 \u00a0 \u00a0 \u00a0Unde a fost S.R.I.-ul ? Unde este ?<\/strong><\/h4>\r\n<h4>\r\n\r\n<\/h4>\r\n<h4 class=\"has-black-color has-text-color has-medium-font-size\"><strong>\u201eUnde a fost, te g\u00e2nde\u015fti, S.R.I.-ul c\u00e2nd se furau buc\u0103\u0163i de \u0163ar\u0103 ? Unde este S.R.I.-ul c\u00e2nd Rom\u00e2niei i se d\u0103 \u00een cap \u015fi se recolteaz\u0103 organele? Dac\u0103 furtul de p\u0103duri la lumina zilei nu \u0163ine de siguran\u0163a na\u0163ional\u0103, atunci ar fi bine s\u0103 desfiin\u0163\u0103m acest Serviciu, c\u0103ci este o pur\u0103 frecare de ment\u0103. Nu a fost de competen\u0163a S.R.I. \u2013ului nici furtul miliardelor de la bugetul de stat \u00een cazul Microsoft ori A.N.R.P., iar c\u00e2t despre Ro\u015fia Montan\u0103, mocofanul de Maior a identificat ni\u015fte agitatori eco-anarhi\u015fti (\u2026) \u00cen timpul acesta (al furturilor de lemn \u015fi al t\u0103ierilor ilegale \u2013 Maior (\u015feful S.R.I. \u2013n.a.) era cufundat \u00een scrierea c\u0103r\u0163ilor sale infantile, iar Coldea probabil c\u0103 urm\u0103rea banii care se scurgeau de la bugetul de stat. \u00cen sensul \u00een care s\u0103 nu apar\u0103 ni\u015fte unii care s\u0103-i deranjeze pe cei care furau\u201d (M. Radu, revista Ca\u0163avencii).<\/strong><\/h4>\r\n<h4>\r\n\r\n<\/h4>\r\n<h4 class=\"has-black-color has-text-color has-medium-font-size\"><strong>C\u0103 S.R.I. protejeaz\u0103 pe cine vrea, dup\u0103 c\u00e2t de pl\u0103cute \u00eei sunt interesele, ne-o demonstreaz\u0103 \u201ep\u00e2rghiile decizionale\u201d care decid ce \u015fi cum, \u00een dosare \u00een care sunt implica\u0163i ofi\u0163eri ai S.R.I sau \u201ec\u00e2rti\u0163ele\u201d sale aflate \u201esub acoperire\u201d, poate s\u0103 fie \u201esc\u0103pat\u201d sau \u2026 \u201es\u0103pat\u201d! Dintre cei \u201esc\u0103pa\u0163i\u201d, la loc de frunte ar figura cel despre care presa sus\u0163ine c\u0103 este ofi\u0163er al S.R.I., D. Pescariu, nimeni altul dec\u00e2t ini\u0163iatorul \u015fi conduc\u0103torul grupului infrac\u0163ional \u00een Afacerea \u201eMicrosoft\u201d! Este de-a dreptul de necrezut c\u0103 astfel de \u201einginerii\u201d, cu repercusiuni at\u00e2t de negative asupra bugetului Rom\u00e2niei, pot fi trecute a\u015fa de u\u015for cu vederea numai pentru c\u0103 unii infractori, r\u0103ma\u015fi \u00een final cu banii escrocheriilor lor, au recurs la \u201estratagema\u201d de a face ni\u015fte simple denun\u0163uri! C\u0103 \u201esoarta\u201d poate fi pentru unii mum\u0103 iar pentru al\u0163ii cium\u0103, ne-o arat\u0103 \u015fi cazul pre\u015fedintelui Tribunalului D\u00e2mbovi\u0163a, A. Bordea, un magistrat at\u00e2t de \u201eincoruptibil\u201d \u00eenc\u00e2t, fiind mai t\u00e2rziu anchetat de D.N.A. \u015fi C.S.M. pentru trafic de influen\u0163\u0103, s-a l\u0103sat \u00een \u201emrejele\u201d colonelului P\u0103lt\u00e2nea (fostul \u015fef al S.R.I. Prahova) ca s\u0103 dea c\u00e2\u015ftig de cauz\u0103, \u00een urma unei \u015fp\u0103gi const\u00e2nd \u00een c\u00e2teva ma\u015fini, mai multor mafio\u0163i italieni. C\u00e2t de mult l-au impresionat mafio\u0163ii pe acest magistrat, ne-a ar\u0103tat c\u00e2nd, din ditamai func\u0163ia de pre\u015fedinte al C.S.M. la care a ajuns, i-a eliberat din arest pe nimeni al\u0163ii dec\u00e2t generalul S.R.I. O. Soare \u015fi colonelul G. Dumitrache, ancheta\u0163i pentru fapte de corup\u0163ie \u015fi de leg\u0103turi cu Mafia italian\u0103, c\u0103reia i-au protejat afacerile \u00een Prahova. A\u015fa au \u00een\u0163eles ace\u015ftia s\u0103 ac\u0163ioneze, pe banii no\u015ftri, d\u00e2ndu-le o m\u00e2n\u0103 de ajutor celor care ne-au adus \u0163ara la sap\u0103 de lemn!<\/strong><\/h4>\r\n<h4>\r\n\r\n<\/h4>\r\n<h4 class=\"has-black-color has-text-color has-medium-font-size\"><strong>Iar dintre cei (deocamdat\u0103) \u201es\u0103pa\u0163i\u201d, chiar de c\u0103tre fo\u015ftii s\u0103i tovar\u0103\u015fi de la S.R.I. \u2013 D.N.A., este chiar cea supranumit\u0103 \u201enimfa din Ple\u015fcoi\u201d, E. Udrea, arestat\u0103 tocmai din pricina, zice ea, de a fi \u00eempiedicat\u0103 s\u0103 vorbeasc\u0103 despre toate matrapazl\u00e2curile na\u0163ionale prin care adjunctul F. Coldea a implicat S.R.I.-ul. A\u015f dori s\u0103 v\u0103 \u00eencredin\u0163ez c\u0103 nu sunt nici pe departe adeptul comportamentului descalificant al E. Udrea, unul din marii sforari \u00een jaful regimului B\u0103sescu, dar de aici \u015fi p\u00e2n\u0103 a-i pune sub semnul \u00eentreb\u0103rii tot ceea ce ne dezv\u0103luie despre \u201eserio\u015fii\u201d care ne conduc acum, mai ales c\u0103 \u015fi-a luat \u015fi bodyguard din frica de a nu fi ucis\u0103 de S.R.I., este o cale lung\u0103! Dimpotriv\u0103, sper ca ea s\u0103 ne spun\u0103 c\u00e2t mai multe despre felul \u00een care, o \u0163ar\u0103 \u00eentreag\u0103, suntem lua\u0163i de pro\u015fti, fura\u0163i material \u015fi spiritual, min\u0163i\u0163i, dezumaniza\u0163i, h\u0103r\u0163ui\u0163i, marginaliza\u0163i, \u201eajuta\u0163i\u201d s\u0103 disp\u0103rem \u00een condi\u0163ii suspecte, \u00eenjosi\u0163i prin manelizare \u015fi \u0163iganizare\u2026 Un alt \u201es\u0103pat\u201d este interlopul Bercea, zis \u201eMondialul\u201d, ale c\u0103rui afaceri cu familia pre\u015fedintelui B\u0103sescu, dup\u0103 cum sus\u0163ine primul procuror de caz Iacobescu, erau monitorizate de S.R.I.! \u015ei \u00een acest caz sunt convins c\u0103, dincolo de r\u0103ul f\u0103cut de acest \u201emondial\u201d societ\u0103\u0163ii rom\u00e2ne\u015fti, este absolut necesar ca institu\u0163iile abilitate s\u0103 cerceteze c\u00e2t mai obiectiv dac\u0103, \u00eentr-adev\u0103r, se adevere\u015fte m\u0103rturia acestuia c\u0103 a mituit inclusiv pe procurorul general L.C. K\u00f6ve\u015fi \u015fi L. Stanciu de la \u00ce.C.C.J.!<\/strong><\/h4>\r\n<h4>\r\n\r\n<\/h4>\r\n<h4 class=\"has-black-color has-text-color has-medium-font-size\"><strong>Nu am nici un dubiu c\u0103 S.R.I., prin natura preocup\u0103rilor sale, \u015ftie tot ce se \u00eent\u00e2mpl\u0103 \u00een acest \u201eregat corupt\u201d al ofi\u0163erilor sub acoperire, Rom\u00e2nia, fa\u0163\u0103 de care are obliga\u0163ia statutar\u0103 s\u0103 \u00eei apere securitatea na\u0163ional\u0103, nu s\u0103 abandoneze poporul pe m\u00e2na unor impostori, interni \u015fi externi, gata s\u0103 ne distrug\u0103 sistematic. Oricum ar fi, deliberat sau nu, t\u0103cerea S.R.I. ne \u00eengrijoreaz\u0103, ne face s\u0103 ne punem \u00eentrebarea dac\u0103 nu cumva suntem \u201eciom\u0103gi\u0163i\u201d ca o turm\u0103 de dobitoace, p\u00e2n\u0103 la a nu mai \u00een\u0163elege cum de este posibil ca, \u00een cazul a doi procurori care \u015fi-au luat meseria \u00een serios, s\u0103 avem de-a face cu mor\u0163i suspecte pentru c\u0103 unul, C. Panait, \u015fi-a permis s\u0103 \u00eel aresteze pe fiul prefectului bihorean A. T\u0103r\u0103u \u00een condi\u0163iile \u00een care avea dovezi despre implicarea serviciilor secrete \u00een opera\u0163iuni de contraband\u0103 \u015fi evaziune fiscal\u0103 (fiind g\u0103sit mort \u00een ziua premerg\u0103toare dorin\u0163ei lui de a merge la un preot ca s\u0103 se spovedeasc\u0103), iar cel\u0103lalt, L. \u015eega, de la Parchetul General, a decedat intoxicat cu aluminiu \u015fi dosarul s\u0103u a fost \u201euitat\u201d, 6 ani, c\u00e2t timp la conducerea institu\u0163iei se afla L.C. K\u00f6ve\u015fi! Mai suntem noi \u00een siguran\u0163\u0103 c\u00e2nd afl\u0103m c\u0103, incredibil, din Noul Cod Penal a disp\u0103rut \u201esubit\u201d infrac\u0163iunea de subminare a economiei na\u0163ionale ? Dar c\u00e2nd afl\u0103m, \u00een zile cu \u201epu\u015fc\u0103rie de lux\u201d \u015fi bani l\u0103sa\u0163i la infractori, c\u0103 nimic nu poate mi\u015fca \u00een b\u0103nci f\u0103r\u0103 ca S.RI. s\u0103 \u015ftie \u015fi s\u0103 aib\u0103 obliga\u0163ia de a-i informa pe pre\u015fedinte \u015fi prim-ministru despre sumele exacte depuse inclusiv \u00een conturi str\u0103ine? Dar c\u00e2nd vedem c\u0103 actualul pre\u015fedinte Iohannis, chiar sub \u201enasul\u201d S.R.I., a respins Noul Cod Fiscal prin care circa 200.000 de IMM-uri, declarate f\u0103r\u0103 angaja\u0163i \u015fi considerate pe pierdere, vor s\u0103 prejudicieze Statul Rom\u00e2n cu \u00een jur de 2 miliarde de euro, anual, pentru c\u0103 nu pl\u0103tesc asigur\u0103ri de s\u0103n\u0103tate \u015fi fondul de \u015fomaj? Dar c\u00e2nd afl\u0103m c\u0103 ministrul \u00een primul cabinet al lui Boc, G. Sandu (ministrul Comunica\u0163iilor), recunoa\u015fte c\u0103 i s-a impus o finan\u0163are exorbitant\u0103 \u00een sus\u0163inerea campaniei preziden\u0163iale a lui B\u0103sescu \u00een 2009? Dar finan\u0163area campaniei preziden\u0163iale a lui Iohannis nu intereseaz\u0103? Nici anchetarea surselor de finan\u0163are ale U.D.M.R. nu este o prioritate, mai ales c\u0103 U.D.M.R. sfideaz\u0103 legile Rom\u00e2niei, ne desconsider\u0103 ca popor, ini\u0163iaz\u0103 proiectul regiunilor de dezvoltare prin care urm\u0103re\u015fte s\u0103 ne altereze identitatea \u015fi s\u0103 prefigureze destr\u0103marea teritorial\u0103 a Rom\u00e2niei, exult\u0103 la retroced\u0103rile ilegale binecunoscute S.R.I.? Este oare chiar at\u00e2t de greu de \u00een\u0163eles, pentru o \u0163ar\u0103 al c\u0103rei pre\u015fedinte este minoritar (ca \u015fi \u015fefii S.R.I. \u015fi S.I.E.), c\u0103 toat\u0103 aceast\u0103 tevatur\u0103, debandad\u0103 na\u0163ional\u0103, reprezint\u0103 \u00een fond o amenin\u0163are la adresa securit\u0103\u0163ii na\u0163ionale (\u00een conformitate cu Legea 51\/1991 privind statutul S.R.I.) \u00een urma c\u0103reia se las\u0103 impresia marilor puteri c\u0103 suntem o \u0163ar\u0103 neguvernabil\u0103 \u015fi deci u\u015for de dezmembrat?<\/strong><\/h4>\r\n<h4>\r\n\r\n<\/h4>\r\n<h4 class=\"has-vivid-red-color has-text-color has-medium-font-size\"><strong>Raspunsul la aceste \u00eentreb\u0103ri apar\u0163in celor care \u00een\u0163eleg \u201emersul istoriei\u201d \u015fi \u00ee\u015fi iubesc \u0163ara. Dar \u015fi aceasta a devenit, de cur\u00e2nd, o infrac\u0163iune\u2026<\/strong><\/h4>\r\n<h4>\r\n\r\n<\/h4>\r\n<h4 class=\"has-black-color has-text-color has-medium-font-size\"><strong>Mass-media aservit\u0103 \u015fi de \u201e\u015facalii\u201d din S.R.I.<\/strong><\/h4>\r\n<h4>\r\n\r\n<\/h4>\r\n<h4 class=\"has-vivid-red-color has-text-color has-medium-font-size\">\u201e<strong>To\u0163i cei care apar pe ecran, a\u015fa-zi\u015fii lideri de opinie, moderatorii, au \u00een spate un serviciu de informa\u0163ii. Asculta\u0163i ce v\u0103 spun eu. To\u0163i! Niciunul nu apare de capul lui, f\u0103r\u0103 s\u0103 fie agreat, controlat de servicii\u201d ( C. S\u0103ftoiu, fost \u015fef al TVR \u015fi S.I.E.).<\/strong><\/h4>\r\n<h4>\r\n\r\n<\/h4>\r\n<h4 class=\"has-black-color has-text-color has-medium-font-size\"><strong>Poate c\u0103 pu\u0163ini consumatori ai informa\u0163iilor Media \u015ftiu c\u0103 manipularea exist\u0103 nu doar atunci c\u00e2nd \u0163i se transmite o informa\u0163ie fals\u0103 cu scopul de a te face s\u0103 (re) ac\u0163ionezi \u00eempotriva propriilor tale interese (chiar convingeri), ci \u015fi atunci c\u00e2nd se s\u0103v\u00e2r\u015fesc omisiuni prin t\u0103cere, or se roste\u015fte adev\u0103rul doar pe jum\u0103tate \u015fi apoi i se denatureaz\u0103 sensul. Nu ar fi deci o noutate c\u0103, \u00een practica marilor minciuni planetare, \u00een tandem cu \u201earhitec\u0163ii\u201d noii ordini mondiale opereaz\u0103 peste tot serviciile secrete, \u00een special C.I.A. via Mossad, care \u00ee\u015fi impun propriii ofi\u0163eri acoperi\u0163i sau \u00ee\u015fi racoleaz\u0103 con\u015ftiin\u0163e din bran\u015fa Presei de pretutindeni. Astfel de jurnali\u015fti \u201ecump\u0103ra\u0163i\u201d, predispu\u015fi nativ s\u0103 \u00een\u015fele na\u0163iuni \u00eentregi prin dezinform\u0103ri \u015fi diversiuni orchestrate de serviciile secrete, sunt bine\u00een\u0163eles \u015fi \u00een Rom\u00e2nia. Rolul lor, ca unii ce nu mai au libertate de con\u015ftiin\u0163\u0103 \u015fi nu fac dec\u00e2t s\u0103 r\u0103spund\u0103 mecanic unor ordine date la comand\u0103, este acela de a servi interese de obicei contrare celor avute de poporul din care fac parte! Bine\u00een\u0163eles, deghiz\u00e2ndu-se \u00een \u201eap\u0103r\u0103tori\u201d ai binelui comun! \u015ei prea pu\u0163ini rom\u00e2ni \u00ee\u015fi dau seama c\u0103, din p\u0103cate, ceea ce v\u0103d \u015fi aud \u00een media sunt \u00een general \u201e\u015ftiri\u201d de pe urm\u0103 c\u0103rora nu au nici un folos \u00een a \u00een\u0163elege ce anume s-ar cuveni s\u0103 fac\u0103 pentru a fi ferici\u0163i \u015fi aici \u015fi \u00een lumea cealalt\u0103. Dimpotriv\u0103, ar fi cum nu se poate mai bine dac\u0103 s-ar \u00een\u0163elege c\u0103 posturile TV sunt de fapt ni\u015fte \u201earme\u201d \u00eendreptate \u00eempotriva noastr\u0103, m\u00e2nuite de o \u201earmat\u0103\u201d sinuciga\u015f\u0103, teleghidat\u0103, orientat\u0103 s\u0103 ac\u0163ioneze \u00een numele unei cruciade de asasinare spiritual\u0103 \u00een mas\u0103! Iar \u00een ceea ce prive\u015fte recrutarea extern\u0103 \u00een opera de manipulare intern\u0103, iat\u0103 ce ne declar\u0103 deputatul S. Ghi\u0163\u0103 din Comisia parlamentar\u0103 de control a S.R.I.: \u201eServiciile str\u0103ine recruteaz\u0103 \u015fi \u00een politic\u0103, \u015fi \u00een pres\u0103, \u015fi \u00een justi\u0163ie\u201d. Lucru care este foarte grav, ca form\u0103 de atentat la siguran\u0163a na\u0163ional\u0103, \u00eentruc\u00e2t nu demult ni se v\u00e2ntura existen\u0163a \u201elistei lui Severin\u201d, iar de cur\u00e2nd Presa ni i-a \u201edeconspirat\u201d pe ziari\u015ftii B. Chirieac (Mossad), S.R. St\u0103nescu, D. Pavel etc (C.I.A.)\u2026<\/strong><\/h4>\r\n<h4>\r\n\r\n<\/h4>\r\n<h4 class=\"has-black-color has-text-color has-medium-font-size\"><strong>Ce s\u0103 mai zicem \u00eens\u0103 de influen\u0163a \u00een Presa Rom\u00e2niei pe care o exercit\u0103 Mafia masonilor (C. Burci este patron la Prima TV, D. \u015eeuleanu a fost impus ca director la Radiodifuziune, iar \u201eoratorul\u201d M.L.N.R., G. Rossi, este ac\u0163ionar la Radio Contact \u015fi director la Radio KissFM etc), precum \u015fi a celor din S.R.I. (E. Udrea sus\u0163ine c\u0103 adjunctul F. Coldea s-a ocupat de finan\u0163area \u015fi chiar conducerea postului Rom\u00e2nia TV, inclusiv de finan\u0163area \u2013 prin C. T\u0103r\u00e2\u0163\u0103 \u2013 realiz\u0103rii unui sondaj de opinie)! Este de fapt destul de dezgust\u0103tor s\u0103 se constate c\u0103 marile interese din jurul unor astfel de sondaje, instrumentate de S.R.I. (Inscop Research apar\u0163ine maiorului S.R.I. R. \u015etufureac) sau de politicieni (Ires \u2013 V. D\u00e2ncu, Geopol \u2013 S. Gu\u015f\u0103, Sociopol \u2013 M. Paloda), ne determin\u0103 s\u0103 fim foarte circumspec\u0163i \u015fi ne\u00eencrez\u0103tori \u00een corectitudinea reflect\u0103rii realit\u0103\u0163ii. C\u0103ci, dac\u0103 se ajunge p\u00e2n\u0103 \u00eentr-acolo \u00eenc\u00e2t S.R.I.-ul centreaz\u0103 \u015fi tot el d\u0103 cu capul, atunci \u00eenseamn\u0103 c\u0103 suntem cu to\u0163ii spectatorii unui circ na\u0163ional de cea mai joas\u0103 spe\u0163\u0103. Este a\u015fa nu numai pentru c\u0103 un ziarist \u015fi-a f\u0103cut mea-culpa \u015fi s-a autodeconspirat ca ofi\u0163er acoperit (R. Turcescu de la B1 TV), dar \u015fi pentru c\u0103 o alt\u0103 personalitate, aflat\u0103 c\u00e2ndva la \u201ec\u00e2rma\u201d TVR, a confirmat c\u0103 \u015fefii postului na\u0163ional sunt efectiv ofi\u0163eri sub acoperire de ziari\u015fti: \u201eModa \u00een ultimul timp este s\u0103 fie numi\u0163i \u015fi s\u0103 accepte numirea tot felul de ofi\u0163eri sub acoperire de ziarist, nepricepu\u0163i des\u0103v\u00e2r\u015fi\u0163i\u201d (V. Nicolau). Evident, cu at\u00e2t mai mult ziari\u015ftii independen\u0163i nu au sc\u0103pat de sub tirania metodelor abuzive \u015fi de \u00eenc\u0103lcare a Constitu\u0163iei de c\u0103tre S.R.I. Astfel, st\u0103 m\u0103rturie c\u0103, \u00een 2005, R. Timofte (\u015feful S.R.I.) a falsificat uneori realitatea \u00eentr-un raport prezentat pre\u015fedintelui B\u0103sescu. Consecin\u0163a raportului s\u0103u a fost aceea c\u0103, nu dup\u0103 mult\u0103 vreme, informa\u0163iile respective s-au transformat \u00een \u2026 dosare! Ce form\u0103 de tracasare, \u00een rela\u0163ia Cotroceni \u2013 Pres\u0103, ar fi mai \u201epotrivit\u0103\u201d ? Este o rela\u0163ie din \u201epeisajul\u201d c\u0103reia, dup\u0103 cum se vede, nu lipse\u015fte elementul determinant S.R.I. \u2013 cel despre care \u201eb\u0103tr\u00e2nul\u201d ziarist I. Cristoiu afirm\u0103: \u201eDivizia de Pres\u0103 \u2013 S.R.I. (\u2026) se ocup\u0103, la ordin, de preg\u0103tirea mediatic\u0103 a deciziilor de la Cotroceni\u201d! O asemenea \u201ecolaborare\u201d cu Pre\u015fedin\u0163ia nu trebuie s\u0103 existe \u00eens\u0103 \u00een fi\u015fa de post a S.R.I., cum nu este nici \u00een implicarea tenden\u0163ioas\u0103 a acestuia \u00een cazul situa\u0163iei din Grecia pe timpul Referendumului, c\u00e2nd, a\u015fa, ca s\u0103 \u015ftie rom\u00e2nii ce anume i-ar a\u015ftepta dac\u0103 vreodat\u0103 le-ar trece prin cap s\u0103 sfideze finan\u0163a mondial\u0103 dup\u0103 modelul grecilor, aproape toat\u0103 Media \u201erom\u00e2neasc\u0103\u201d a blamat pe sora noastr\u0103, ortodox\u0103, Grecia: \u201eDivizia Pres\u0103 a S.RI. a f\u0103cut mare caz de situa\u0163ia din Grecia, combat\u00e2ndu-l pe Alexis Tsipras mai ceva dec\u00e2t pe Victor Ponta\u201d (I. Cristoiu). Din acest \u201eepisod\u201d se poate \u00een\u0163elege \u015fi mai bine cum \u201ebietul\u201d prim-ministru Ponta, dincolo de multele sale gafe politice, a devenit indezirabil pentru c\u0103, \u00een \u00eencercarea lui timid\u0103 de a-l \u201ecopia\u201d pe prim-ministrul grec, \u015fi-a manifestat la un moment dat circumspec\u0163ia fa\u0163\u0103 de raportul Guvernului Rom\u00e2niei cu F.M.I. \u2013 ul american \u2026 \u015ei asta se pl\u0103te\u015fte!<\/strong><\/h4>\r\n<h4>\r\n\r\n<\/h4>\r\n<h4 class=\"has-vivid-red-color has-text-color\" style=\"font-size: 23px;\"><strong>\u201e\u00cen fiecare partid exist\u0103 informatori ai fostei Securit\u0103\u0163i, pe care eu \u00eei cunosc\u201d (V. M\u0103gureanu, fost \u015fef al S.R.I).<\/strong><\/h4>\r\n<h4>\r\n\r\n<\/h4>\r\n<h4 class=\"wp-block-heading\"><strong>\u00a0 \u00a0 \u00a0 \u00a0 \u00a0 \u00a0 \u00a0 \u00a0 \u00a0 \u00a0 \u00a0 \u00a0 \u00a0 \u00a0 \u00a0Ferici\u0163i vor fi ortodoc\u015fii \u2026<\/strong><\/h4>\r\n<h4>\r\n\r\n<\/h4>\r\n<h4 class=\"has-black-color has-text-color has-medium-font-size\"><strong>C\u00e2nd aud vorbindu-se despre S.R.I., institu\u0163ia menit\u0103 prin lege s\u0103 suprime amenin\u0163\u0103rile la adresa securit\u0103\u0163ii na\u0163ionale, m\u0103 g\u00e2ndesc \u00een primul r\u00e2nd la protec\u0163ia pe care ar trebui s\u0103 ne-o ofere ca s\u0103 tr\u0103im, \u00eentr-o \u0163ar\u0103 prosper\u0103 material \u015fi spiritual, \u00een lini\u015fte familial\u0103 \u015fi f\u0103r\u0103 teama c\u0103 ne este pus\u0103 \u00een pericol \u00eens\u0103\u015fi d\u0103inuirea fiin\u0163ei na\u0163ionale. Din nefericire, cu toate asigur\u0103rile derivate din legile \u00een vigoare, realitatea faptic\u0103 m\u0103 oblig\u0103 s\u0103 constat c\u0103 gradul de insecuritate \u00een mentalul popula\u0163iei este din ce \u00een ce mai ridicat. C\u0103 legile sunt c\u0103lcate \u00een picioare tocmai de cei \u00eendritui\u0163i s\u0103 le apere! C\u0103 asist\u0103m la un meci de fotbal decis nu pe teren, ci \u00een culise! C\u0103 psihozele paranoice \u201edezvoltate\u201d \u00een Media au o \u0163int\u0103 precis\u0103! C\u0103 se urm\u0103re\u015fte deliberat a induce \u00een exterior ideea c\u0103 suntem un popor primitiv, care ar merita pur \u015fi simplu s\u0103 fie c\u00e2t mai repede \u015fters de pe harta Europei \u015fi \u00eenlocuit, bine\u00een\u0163eles, cu alogeni \u201eciviliza\u0163i\u201d! C\u0103 la \u201emod\u0103\u201d sunt de fapt tr\u0103darea, spionajul, minciuna, ho\u0163ia, parvenirea, neru\u015finarea, batjocura, necredin\u0163a, desfr\u00e2ul, goana dup\u0103 bani, uciderea (\u015fi a pruncilor, nen\u0103scu\u0163i \u015fi n\u0103scu\u0163i), trufia etc. \u015ei, de aceea, m\u0103 \u00eentreb unde vom ajunge oare ca \u0163ar\u0103 \u00een perspectiv\u0103, c\u00e2nd v\u0103d c\u0103 amploarea r\u0103zboiului antirom\u00e2nesc zdruncin\u0103 at\u00e2t de grav moralul na\u0163iunii, iar S.R.I. ne arat\u0103 tot mai mult c\u0103 nu precupe\u0163e\u015fte nici un efort ca s\u0103 evite complicitatea, anarhia, \u00eentr-o Rom\u00e2nie \u00een care nimeni nu se poate prevala de siguran\u0163a lui! S\u0103 vedem \u00eens\u0103, mai exact, din ce cauze tr\u0103im \u00een nesiguran\u0163\u0103 \u015fi la ce efecte se va ajunge:<\/strong><\/h4>\r\n<h4>\r\n\r\n<\/h4>\r\n<ul class=\"has-vivid-red-color has-text-color wp-block-list\">\r\n<li>\r\n<h4><strong>Nici un Pre\u015fedinte nu mai poate r\u0103m\u00e2ne lini\u015ftit, dac\u0103 a fost posibil ca un pre\u015fedinte (E. Constantinescu) s\u0103 se declare el \u00eensu\u015fi \u201e\u00eenvins de Structuri\u201d \u015fi p\u00e2n\u0103 la urm\u0103 s\u0103 \u00eei piar\u0103 \u201echeful\u201d s\u0103 mai candideze pentru un al doilea mandat preziden\u0163ial;<\/strong><\/h4>\r\n<\/li>\r\n<li>\r\n<h4><strong>Nici un Prim-ministru nu va mai putea s\u0103 fac\u0103 apologia autorit\u0103\u0163ii sale \u00een actul guvern\u0103rii, dac\u0103 a fost posibil ca V. Ponta, chiar pe timpul exercit\u0103rii func\u0163iei de \u015fef al Guvernului, s\u0103 fie denigrat prin nerespectarea prezum\u0163iei de nevinov\u0103\u0163ie \u015fi s\u0103 se victimizeze \u00een fa\u0163a presiunilor pe care le face S.R.I. asupra sa;<\/strong><\/h4>\r\n<\/li>\r\n<li>\r\n<h4><strong>Nici un parlamentar nu se va mai putea prevala de integritatea absolut\u0103 a con\u015ftiin\u0163ei sale \u00een opera de legiferare, \u00een fa\u0163a unor for\u0163e obstruc\u0163ioniste \u015fi constr\u00e2ng\u0103toare \u00een luarea de decizii, dac\u0103 a fost posibil ca un fost Pre\u015fedinte (B\u0103sescu) s\u0103 sugereze altui Pre\u015fedinte (Iohannis) c\u0103 are \u00een fa\u0163\u0103 un S.R.I. incontrolabil (ceea ce a \u00eent\u0103rit supozi\u0163ia presei c\u0103 S.R.I., sc\u0103pat fiind de sub controlul Comisiei parlamentare de supraveghere, singur se plaseaz\u0103 de fapt \u00een afara legii), dac\u0103 un deputat (S. Ghi\u0163\u0103) a avut interdic\u0163ie de la un procuror al D.N.A. s\u0103 participe la lucr\u0103rile Parlamentului (ca nu cumva s\u0103 \u00eel contacteze pe timpul c\u00e2nd este cercetat pe prim-ministrul Ponta), precum \u015fi dac\u0103 Senatul a putut fi somat tot de un procuror al D.N.A. c\u0103 poate fi posibil de \u2026 infrac\u0163iune. Precizez c\u0103 declara\u0163ia pre\u015fedintelui B\u0103sescu a fost: \u201eRom\u00e2nia are dou\u0103 servicii \u2026 foarte puternice \u015fi practic nu sunt controlate\u201d;<\/strong><\/h4>\r\n<\/li>\r\n<li>\r\n<h4><strong>Nici un magistrat nu mai poate aplica cu intransigen\u0163\u0103 for\u0163a Dreptului, dac\u0103 a fost posibil ca asupra a trei judec\u0103tori de la \u00ce.C.C.J. s\u0103 se fac\u0103 presiuni din partea S.R.I. pentru c\u0103 au pledat \u00een favoarea suspend\u0103rii pre\u015fedintelui B\u0103sescu, dac\u0103 un alt judec\u0103tor de la C.C.R. (T. Grebl\u0103) a fost pus \u00een situa\u0163ia s\u0103 p\u0103r\u0103seasc\u0103 institu\u0163ia fiind acuzat c\u0103 a v\u00e2ndut ni\u015fte capre, iar unui procuror (Iacobescu) i s-a luat \u201edosarul Bercea Mondialul\u201d f\u0103r\u0103 explica\u0163ii;<\/strong><\/h4>\r\n<\/li>\r\n<li>\r\n<h4><strong>Nici un ofi\u0163er al Armatei nu mai poate fi sigur c\u0103 poate s\u0103-\u015fi execute pe deplin fidelitatea fa\u0163\u0103 de \u0163ar\u0103, dac\u0103 a fost posibil ca un \u015fef al M.St.M. (M. Chelaru) s\u0103 demisioneze la presiunea unor \u201ecolegi\u201d;<\/strong><\/h4>\r\n<\/li>\r\n<li>\r\n<h4><strong>Nici un ziarist nu mai poate trece cu vederea c\u00e2t de riscant\u0103 \u00eei este menirea rostirii adev\u0103rului, dac\u0103 a fost posibil ca un ziarist de investiga\u0163ii (I. Costina\u015f de la ziarul \u201eTimi\u015foara\u201d) s\u0103 fie g\u0103sit mort, \u00een condi\u0163ii suspecte, dup\u0103 ce realizase c\u00e2teva anchete incomode;<\/strong><\/h4>\r\n<\/li>\r\n<li>\r\n<h4><strong>Nici un profesor nu mai poate invoca f\u0103r\u0103 team\u0103 libertatea de exprimare, dac\u0103 a fost posibil ca marii no\u015ftri dasc\u0103li na\u0163ionali (Eminescu, Iorga etc) s\u0103 fie eticheta\u0163i ca antisemi\u0163i, marginaliza\u0163i (ca savantul G. Buzatu) \u015fi tracasa\u0163i \u00een justi\u0163ie pentru c\u0103 adev\u0103rul istoric exprimat nu a fost pe placul unor cercuri evreie\u015fti (ca profesorul universitar sibian C. Lupu);<\/strong><\/h4>\r\n<\/li>\r\n<li>\r\n<h4><strong>Nici un ierarh, preot sau mirean nu \u00ee\u015fi va mai putea manifesta nestingherit credin\u0163a deplin\u0103 sau inten\u0163ia de a propune spre canonizare duhovnici cu via\u0163\u0103 binepl\u0103cut\u0103 lui Dumnezeu, dac\u0103 a fost posibil ca pre\u015fedintele Iohannis s\u0103 promulge o lege antirom\u00e2neasc\u0103, antina\u0163ional\u0103, care aduce atingere grav\u0103 libert\u0103\u0163ii de con\u015ftiin\u0163\u0103 religioas\u0103 \u00een ce prive\u015fte Cultul Sfin\u0163ilor \u00cenchisorilor \u015fi al Marilor Duhovnici ai Bisericii Ortodoxe Na\u0163ionale (A. Papacioc, J. P\u00e2rvu, I. Cleopa, A. Boca, D. St\u0103niloae etc);<\/strong><\/h4>\r\n<\/li>\r\n<li>\r\n<h4><strong>Nici un ofi\u0163er al S.R.I. nu se mai poate prevala de profesionalism ca s\u0103 se opun\u0103 aplic\u0103rii unor hot\u0103r\u00e2ri interne ilegale, dac\u0103 a fost posibil ca un ofi\u0163er al S.R.I. (I. Dedu) s\u0103 fie dat afar\u0103, iar un altul s\u0103 fie sacrificat \u201ela dorin\u0163a expres\u0103 a unui serviciu str\u0103in \u015fi stat str\u0103in\u201d (conform lt.-col. N. Ulieru din S.R.I) deoarece l-a \u201ederanjat\u201d pe M.R. Ungureanu (agent al C.I.A. \u015fi Mossad, cum sus\u0163ine Presa) \u2026<\/strong><\/h4>\r\n<\/li>\r\n<\/ul>\r\n<h4>\r\n\r\n<\/h4>\r\n<h4 class=\"has-black-color has-text-color has-medium-font-size\"><strong>Oare s-ar mai schimba cu ceva imaginea S.R.I., care \u015fi-ar dori s\u0103 ne \u0163in\u0103 pe to\u0163i \u00een captivitate electronic\u0103, dac\u0103 ne-ar explica, prin Raportul s\u0103u c\u0103tre Parlament, cum de se poate ca, \u00eenc\u0103lc\u00e2nd propriul Statut, s\u0103 vin\u0103 \u201ela pas\u201d cu D.N.A. \u00een \u00eent\u00e2mpinarea inten\u0163iei pre\u015fedintelui Iohannis de a submina institu\u0163iile Guvenului \u015fi Parlamentului ? Poate am afla \u015fi noi dac\u0103, \u00een ce prive\u015fte semnifica\u0163ia spionajului, ar exista anumite conexiuni defavorabile Rom\u00e2niei referitoare la \u201eserviciile deosebite\u201d pentru care pre\u015fedintele Iohannis a fost decorat cu \u00eenalte distinc\u0163ii de Germania \u015fi cum s-ar explica faptul c\u0103 M.R. Ungureanu (\u015fef al S.I.E.) este \u2026 \u201ecet\u0103\u0163ean de onoare\u201d al statului Israel! Interesant ar fi s\u0103 \u015ftim \u015fi ce fel de consecin\u0163e (\u00een transmiterea secretului de stat) au fost asupra Rom\u00e2niei prin faptul c\u0103 \u015feful serviciului de spionaj \u2013 I. Talpe\u015f \u2013 a dezv\u0103luit F.B.I. identitatea agen\u0163ilor rom\u00e2ni din S.U.A., precum \u015fi dac\u0103 ac\u0163iunile \u015fi finan\u0163\u0103rile U.D.M.R. \u015fi F.D.G.R. sunt conforme cu legile Rom\u00e2niei!<\/strong><\/h4>\r\n<h4>\r\n\r\n<\/h4>\r\n<h4 class=\"has-drop-cap has-black-color has-text-color has-medium-font-size\"><strong>Convins c\u0103 suntem din nou victimele unei istorii potrivnice, \u00eenvin\u015fi la \u201emasa verde\u201d de ni\u015fte \u015fmecheri planetari lipsi\u0163i de scrupule, \u00eemi rezerv dreptul s\u0103 consider c\u0103 poporul rom\u00e2n se afl\u0103 \u00eentr-o eroare de percep\u0163ie cu privire la adev\u0103ra\u0163ii conduc\u0103tori: pentru c\u0103 nu rom\u00e2nii de\u0163in func\u0163iile-cheie \u00een stat, dup\u0103 1989, ci minoritarii de etnie evreiasc\u0103. Iar partidele politice, de fa\u0163ad\u0103, sunt manevrate de S.R.I. (\u00eenc\u0103 din 1989, ministrul de Interne G.V. Voiculescu a declarat c\u0103 a pus de-o parte vreo 3000 de dosare ale unor persoane cu carier\u0103 \u201eexploziv\u0103\u201d \u00een politic\u0103)<\/strong><\/h4>\r\n<h4>\r\n\r\n<\/h4>\r\n<h4 class=\"has-black-color has-text-color has-medium-font-size\">\u00ce<strong>n zadar ne pierdem a\u015fadar vremea, \u00een certuri inutile, arunc\u00e2nd vina dezastrului na\u0163ional pe umerii lui X sau Y din politica na\u0163ional\u0103 ! Ace\u015ftia sunt , ei \u00een\u015fi\u015fi, ni\u015fte biete \u201evictime colaterale\u201d! Se vor pr\u0103bu\u015fi, c\u00e2t mai \u201e\u015ftiin\u0163ific\u201d, \u00eentr-o lume dezumanizat\u0103 \u015fi desacralizat\u0103\u2026 S\u0103 ne mai lase deci anali\u015ftii v\u00e2ndu\u0163i c\u00e2nd vor s\u0103 ne v\u00e2re pe g\u00e2t broscu\u0163a c\u0103 rom\u00e2nii get-beget s-ar face vinova\u0163i de toate relele de pe p\u0103m\u00e2nt! C\u0103ci este \u00eentr-adev\u0103r o form\u0103 avansat\u0103 de ipocrizie, ca s\u0103 nu \u00eei zic altcumva, s\u0103 te faci a nu \u00een\u0163elege c\u0103 starea noastr\u0103 de robie \u00een care am ajuns se datoreaz\u0103 anticre\u015ftinismului feroce al Mafiei masonice, la care rezoneaz\u0103 \u015fi \u201eunealta\u201d S.R.I., \u00een \u201emar\u015ful globalizant\u201d al obsesiei Ocultei de a domina \u00eentreaga lume prin maleficul ei Antihrist. Ferici\u0163i vor fi \u00eens\u0103 ortodoc\u015fii care au ochi \u015fi v\u0103d, au urechi \u015fi aud, \u00eent\u0103rindu-se \u00een credin\u0163\u0103 pentru ziua urgiei\u2026 C\u0103ci securitatea lor duhovniceasc\u0103 este asigurat\u0103 de puterile de Sus ale Domnului nostru Iisus Hristos \u015fi de Sf\u00e2nta Cruce \u2026 Amin!<\/strong><\/h4>\r\n<h4>\r\n\r\n<\/h4>\r\n<h4 class=\"has-black-color has-text-color has-medium-font-size\"><strong>Prof. Costel NEAC\u015eU<\/strong><\/h4>\r\n<h4><\/h4>        <div class=\"booster-block booster-reactions-block\">\n            <div class=\"twp-reactions-icons\">\n                \n                <div class=\"twp-reacts-wrap\">\n                    <a react-data=\"be-react-1\" post-id=\"3528\" class=\"be-face-icons un-reacted\" href=\"javascript:void(0)\">\n                        <img decoding=\"async\" src=\"https:\/\/desteptati-va.ro\/wp-content\/plugins\/booster-extension\/\/assets\/icon\/happy.svg\" alt=\"Happy\">\n                    <\/a>\n                    <div class=\"twp-reaction-title\">\n                        Happy                    <\/div>\n                    <div class=\"twp-count-percent\">\n                                                    <span style=\"display: none;\" class=\"twp-react-count\">0<\/span>\n                        \n                                                <span class=\"twp-react-percent\"><span>0<\/span> %<\/span>\n                                            <\/div>\n                <\/div>\n\n                <div class=\"twp-reacts-wrap\">\n                    <a react-data=\"be-react-2\" post-id=\"3528\" class=\"be-face-icons un-reacted\" href=\"javascript:void(0)\">\n                        <img decoding=\"async\" src=\"https:\/\/desteptati-va.ro\/wp-content\/plugins\/booster-extension\/\/assets\/icon\/sad.svg\" alt=\"Sad\">\n                    <\/a>\n                    <div class=\"twp-reaction-title\">\n                        Sad                    <\/div>\n                    <div class=\"twp-count-percent\">\n                                                    <span style=\"display: none;\" class=\"twp-react-count\">0<\/span>\n                                                                        <span class=\"twp-react-percent\"><span>0<\/span> %<\/span>\n                                            <\/div>\n                <\/div>\n\n                <div class=\"twp-reacts-wrap\">\n                    <a react-data=\"be-react-3\" post-id=\"3528\" class=\"be-face-icons un-reacted\" href=\"javascript:void(0)\">\n                        <img decoding=\"async\" src=\"https:\/\/desteptati-va.ro\/wp-content\/plugins\/booster-extension\/\/assets\/icon\/excited.svg\" alt=\"Excited\">\n                    <\/a>\n                    <div class=\"twp-reaction-title\">\n                        Excited                    <\/div>\n                    <div class=\"twp-count-percent\">\n                                                    <span style=\"display: none;\" class=\"twp-react-count\">0<\/span>\n                                                                        <span class=\"twp-react-percent\"><span>0<\/span> %<\/span>\n                                            <\/div>\n                <\/div>\n\n                <div class=\"twp-reacts-wrap\">\n                    <a react-data=\"be-react-6\" post-id=\"3528\" class=\"be-face-icons un-reacted\" href=\"javascript:void(0)\">\n                        <img decoding=\"async\" src=\"https:\/\/desteptati-va.ro\/wp-content\/plugins\/booster-extension\/\/assets\/icon\/sleepy.svg\" alt=\"Sleepy\">\n                    <\/a>\n                    <div class=\"twp-reaction-title\">\n                        Sleepy                    <\/div>\n                    <div class=\"twp-count-percent\">\n                                                    <span style=\"display: none;\" class=\"twp-react-count\">0<\/span>\n                        \n                                                <span class=\"twp-react-percent\"><span>0<\/span> %<\/span>\n                                            <\/div>\n                <\/div>\n\n                <div class=\"twp-reacts-wrap\">\n                    <a react-data=\"be-react-4\" post-id=\"3528\" class=\"be-face-icons un-reacted\" href=\"javascript:void(0)\">\n                        <img decoding=\"async\" src=\"https:\/\/desteptati-va.ro\/wp-content\/plugins\/booster-extension\/\/assets\/icon\/angry.svg\" alt=\"Angry\">\n                    <\/a>\n                    <div class=\"twp-reaction-title\">Angry<\/div>\n                    <div class=\"twp-count-percent\">\n                                                    <span style=\"display: none;\" class=\"twp-react-count\">0<\/span>\n                                                                        <span class=\"twp-react-percent\"><span>0<\/span> %<\/span>\n                        \n                    <\/div>\n                <\/div>\n\n                <div class=\"twp-reacts-wrap\">\n                    <a react-data=\"be-react-5\" post-id=\"3528\" class=\"be-face-icons un-reacted\" href=\"javascript:void(0)\">\n                        <img decoding=\"async\" src=\"https:\/\/desteptati-va.ro\/wp-content\/plugins\/booster-extension\/\/assets\/icon\/surprise.svg\" alt=\"Surprise\">\n                    <\/a>\n                    <div class=\"twp-reaction-title\">Surprise<\/div>\n                    <div class=\"twp-count-percent\">\n                                                    <span style=\"display: none;\" class=\"twp-react-count\">0<\/span>\n                                                                        <span class=\"twp-react-percent\"><span>0<\/span> %<\/span>\n                                            <\/div>\n                <\/div>\n\n            <\/div>\n        <\/div>\n\n    <\/div>","protected":false},"excerpt":{"rendered":"<p>Societatea civil\u0103 este inflamat\u0103 de o \u00eentrebare provocatoare de insomnii: PENTRU S.R.I. NU EXIST\u0102 LEGE ? \u00a0 \u00a0 \u00a0 \u00a0<a href=\"https:\/\/desteptati-va.ro\/index.php\/2021\/04\/15\/unde-a-fost-si-unde-este-s-r-i\/\">Read More<i class=\"fa fa-long-arrow-right\" aria-hidden=\"true\"><\/i><\/a><\/p>\n","protected":false},"author":1,"featured_media":3090,"comment_status":"open","ping_status":"open","sticky":false,"template":"","format":"standard","meta":{"_crdt_document":"","footnotes":""},"categories":[23,24,20],"tags":[83],"class_list":["post-3528","post","type-post","status-publish","format-standard","has-post-thumbnail","hentry","category-epoca-klaus-iohannis-2014-2024","category-epoca-hotiei","category-romania-dupa-89","tag-tradare"],"rise-blocks_total_comments":0,"rise-blocks_categories":[{"term_id":20,"name":"Romania dupa '89","slug":"romania-dupa-89","term_group":0,"term_taxonomy_id":20,"taxonomy":"category","description":"","parent":0,"count":2,"filter":"raw"}],"rise-blocks_excerpt":"Societatea civil\u0103 este inflamat\u0103 de o \u00eentrebare provocatoare de insomnii: PENTRU S.R.I. NU EXIST\u0102 LEGE ? \u00a0 \u00a0 \u00a0 \u00a0 \u00a0 \u00a0 \u00a0 \u00a0 \u201eRegizori\u201d \u015fi \u201efiguran\u0163i\u201d \u201eEvenimentele mondiale nu se petrec accidental. Producerea lor este impulsionat\u0103, indiferent dac\u0103 este vorba de chestiuni de ordin na\u0163ional sau comercial, \u015fi cele mai multe sunt regizate \u015fi controlate de cei care \u0163in..","yoast_head":"<!-- This site is optimized with the Yoast SEO plugin v26.9 - https:\/\/yoast.com\/product\/yoast-seo-wordpress\/ -->\r\n<title>Unde a fost si unde este S.R.I? -<\/title>\r\n<meta name=\"robots\" content=\"index, follow, max-snippet:-1, max-image-preview:large, max-video-preview:-1\" \/>\r\n<link rel=\"canonical\" href=\"https:\/\/desteptati-va.ro\/index.php\/2021\/04\/15\/unde-a-fost-si-unde-este-s-r-i\/\" \/>\r\n<meta property=\"og:locale\" content=\"ro_RO\" \/>\r\n<meta property=\"og:type\" content=\"article\" \/>\r\n<meta property=\"og:title\" content=\"Unde a fost si unde este S.R.I? -\" \/>\r\n<meta property=\"og:description\" content=\"Societatea civil\u0103 este inflamat\u0103 de o \u00eentrebare provocatoare de insomnii: PENTRU S.R.I. NU EXIST\u0102 LEGE ? \u00a0 \u00a0 \u00a0 \u00a0Read More\" \/>\r\n<meta property=\"og:url\" content=\"https:\/\/desteptati-va.ro\/index.php\/2021\/04\/15\/unde-a-fost-si-unde-este-s-r-i\/\" \/>\r\n<meta property=\"article:published_time\" content=\"2021-04-15T07:48:32+00:00\" \/>\r\n<meta property=\"og:image\" content=\"https:\/\/desteptati-va.ro\/wp-content\/uploads\/2021\/04\/Conducerea-SRI-e1618472902404.jpg\" \/>\r\n\t<meta property=\"og:image:width\" content=\"356\" \/>\r\n\t<meta property=\"og:image:height\" content=\"201\" \/>\r\n\t<meta property=\"og:image:type\" content=\"image\/jpeg\" \/>\r\n<meta name=\"author\" content=\"wolfsoftcompany\" \/>\r\n<meta name=\"twitter:card\" content=\"summary_large_image\" \/>\r\n<meta name=\"twitter:label1\" content=\"Scris de\" \/>\n\t<meta name=\"twitter:data1\" content=\"wolfsoftcompany\" \/>\n\t<meta name=\"twitter:label2\" content=\"Timp estimat pentru citire\" \/>\n\t<meta name=\"twitter:data2\" content=\"59 de minute\" \/>\r\n<script type=\"application\/ld+json\" class=\"yoast-schema-graph\">{\"@context\":\"https:\/\/schema.org\",\"@graph\":[{\"@type\":\"Article\",\"@id\":\"https:\/\/desteptati-va.ro\/index.php\/2021\/04\/15\/unde-a-fost-si-unde-este-s-r-i\/#article\",\"isPartOf\":{\"@id\":\"https:\/\/desteptati-va.ro\/index.php\/2021\/04\/15\/unde-a-fost-si-unde-este-s-r-i\/\"},\"author\":{\"name\":\"wolfsoftcompany\",\"@id\":\"https:\/\/desteptati-va.ro\/#\/schema\/person\/13182deeebd44920914899f7bb262d6b\"},\"headline\":\"Unde a fost si unde este S.R.I?\",\"datePublished\":\"2021-04-15T07:48:32+00:00\",\"mainEntityOfPage\":{\"@id\":\"https:\/\/desteptati-va.ro\/index.php\/2021\/04\/15\/unde-a-fost-si-unde-este-s-r-i\/\"},\"wordCount\":11826,\"commentCount\":0,\"image\":{\"@id\":\"https:\/\/desteptati-va.ro\/index.php\/2021\/04\/15\/unde-a-fost-si-unde-este-s-r-i\/#primaryimage\"},\"thumbnailUrl\":\"https:\/\/desteptati-va.ro\/wp-content\/uploads\/2021\/04\/Conducerea-SRI-e1618472902404.jpg\",\"keywords\":[\"tradare\"],\"articleSection\":[\"Epoca Klaus Iohannis (2014-2024)\",\"Epoca Traian Basescu (2004-2014)\",\"Romania dupa '89\"],\"inLanguage\":\"ro-RO\",\"potentialAction\":[{\"@type\":\"CommentAction\",\"name\":\"Comment\",\"target\":[\"https:\/\/desteptati-va.ro\/index.php\/2021\/04\/15\/unde-a-fost-si-unde-este-s-r-i\/#respond\"]}]},{\"@type\":\"WebPage\",\"@id\":\"https:\/\/desteptati-va.ro\/index.php\/2021\/04\/15\/unde-a-fost-si-unde-este-s-r-i\/\",\"url\":\"https:\/\/desteptati-va.ro\/index.php\/2021\/04\/15\/unde-a-fost-si-unde-este-s-r-i\/\",\"name\":\"Unde a fost si unde este S.R.I? -\",\"isPartOf\":{\"@id\":\"https:\/\/desteptati-va.ro\/#website\"},\"primaryImageOfPage\":{\"@id\":\"https:\/\/desteptati-va.ro\/index.php\/2021\/04\/15\/unde-a-fost-si-unde-este-s-r-i\/#primaryimage\"},\"image\":{\"@id\":\"https:\/\/desteptati-va.ro\/index.php\/2021\/04\/15\/unde-a-fost-si-unde-este-s-r-i\/#primaryimage\"},\"thumbnailUrl\":\"https:\/\/desteptati-va.ro\/wp-content\/uploads\/2021\/04\/Conducerea-SRI-e1618472902404.jpg\",\"datePublished\":\"2021-04-15T07:48:32+00:00\",\"author\":{\"@id\":\"https:\/\/desteptati-va.ro\/#\/schema\/person\/13182deeebd44920914899f7bb262d6b\"},\"breadcrumb\":{\"@id\":\"https:\/\/desteptati-va.ro\/index.php\/2021\/04\/15\/unde-a-fost-si-unde-este-s-r-i\/#breadcrumb\"},\"inLanguage\":\"ro-RO\",\"potentialAction\":[{\"@type\":\"ReadAction\",\"target\":[\"https:\/\/desteptati-va.ro\/index.php\/2021\/04\/15\/unde-a-fost-si-unde-este-s-r-i\/\"]}]},{\"@type\":\"ImageObject\",\"inLanguage\":\"ro-RO\",\"@id\":\"https:\/\/desteptati-va.ro\/index.php\/2021\/04\/15\/unde-a-fost-si-unde-este-s-r-i\/#primaryimage\",\"url\":\"https:\/\/desteptati-va.ro\/wp-content\/uploads\/2021\/04\/Conducerea-SRI-e1618472902404.jpg\",\"contentUrl\":\"https:\/\/desteptati-va.ro\/wp-content\/uploads\/2021\/04\/Conducerea-SRI-e1618472902404.jpg\",\"width\":356,\"height\":201},{\"@type\":\"BreadcrumbList\",\"@id\":\"https:\/\/desteptati-va.ro\/index.php\/2021\/04\/15\/unde-a-fost-si-unde-este-s-r-i\/#breadcrumb\",\"itemListElement\":[{\"@type\":\"ListItem\",\"position\":1,\"name\":\"Prima pagin\u0103\",\"item\":\"https:\/\/desteptati-va.ro\/\"},{\"@type\":\"ListItem\",\"position\":2,\"name\":\"Unde a fost si unde este S.R.I?\"}]},{\"@type\":\"WebSite\",\"@id\":\"https:\/\/desteptati-va.ro\/#website\",\"url\":\"https:\/\/desteptati-va.ro\/\",\"name\":\"\",\"description\":\"\",\"potentialAction\":[{\"@type\":\"SearchAction\",\"target\":{\"@type\":\"EntryPoint\",\"urlTemplate\":\"https:\/\/desteptati-va.ro\/?s={search_term_string}\"},\"query-input\":{\"@type\":\"PropertyValueSpecification\",\"valueRequired\":true,\"valueName\":\"search_term_string\"}}],\"inLanguage\":\"ro-RO\"},{\"@type\":\"Person\",\"@id\":\"https:\/\/desteptati-va.ro\/#\/schema\/person\/13182deeebd44920914899f7bb262d6b\",\"name\":\"wolfsoftcompany\",\"image\":{\"@type\":\"ImageObject\",\"inLanguage\":\"ro-RO\",\"@id\":\"https:\/\/desteptati-va.ro\/#\/schema\/person\/image\/\",\"url\":\"https:\/\/secure.gravatar.com\/avatar\/a6cce9b6d101d27d91690e7073e300fed94c0899890bf998e082cb9d2c3d121e?s=96&d=mm&r=g\",\"contentUrl\":\"https:\/\/secure.gravatar.com\/avatar\/a6cce9b6d101d27d91690e7073e300fed94c0899890bf998e082cb9d2c3d121e?s=96&d=mm&r=g\",\"caption\":\"wolfsoftcompany\"},\"sameAs\":[\"http:\/\/desteptati-va.ro\"],\"url\":\"https:\/\/desteptati-va.ro\/index.php\/author\/wolfsoftcompany\/\"}]}<\/script>\r\n<!-- \/ Yoast SEO plugin. -->","yoast_head_json":{"title":"Unde a fost si unde este S.R.I? -","robots":{"index":"index","follow":"follow","max-snippet":"max-snippet:-1","max-image-preview":"max-image-preview:large","max-video-preview":"max-video-preview:-1"},"canonical":"https:\/\/desteptati-va.ro\/index.php\/2021\/04\/15\/unde-a-fost-si-unde-este-s-r-i\/","og_locale":"ro_RO","og_type":"article","og_title":"Unde a fost si unde este S.R.I? -","og_description":"Societatea civil\u0103 este inflamat\u0103 de o \u00eentrebare provocatoare de insomnii: PENTRU S.R.I. NU EXIST\u0102 LEGE ? \u00a0 \u00a0 \u00a0 \u00a0Read More","og_url":"https:\/\/desteptati-va.ro\/index.php\/2021\/04\/15\/unde-a-fost-si-unde-este-s-r-i\/","article_published_time":"2021-04-15T07:48:32+00:00","og_image":[{"width":356,"height":201,"url":"https:\/\/desteptati-va.ro\/wp-content\/uploads\/2021\/04\/Conducerea-SRI-e1618472902404.jpg","type":"image\/jpeg"}],"author":"wolfsoftcompany","twitter_card":"summary_large_image","twitter_misc":{"Scris de":"wolfsoftcompany","Timp estimat pentru citire":"59 de minute"},"schema":{"@context":"https:\/\/schema.org","@graph":[{"@type":"Article","@id":"https:\/\/desteptati-va.ro\/index.php\/2021\/04\/15\/unde-a-fost-si-unde-este-s-r-i\/#article","isPartOf":{"@id":"https:\/\/desteptati-va.ro\/index.php\/2021\/04\/15\/unde-a-fost-si-unde-este-s-r-i\/"},"author":{"name":"wolfsoftcompany","@id":"https:\/\/desteptati-va.ro\/#\/schema\/person\/13182deeebd44920914899f7bb262d6b"},"headline":"Unde a fost si unde este S.R.I?","datePublished":"2021-04-15T07:48:32+00:00","mainEntityOfPage":{"@id":"https:\/\/desteptati-va.ro\/index.php\/2021\/04\/15\/unde-a-fost-si-unde-este-s-r-i\/"},"wordCount":11826,"commentCount":0,"image":{"@id":"https:\/\/desteptati-va.ro\/index.php\/2021\/04\/15\/unde-a-fost-si-unde-este-s-r-i\/#primaryimage"},"thumbnailUrl":"https:\/\/desteptati-va.ro\/wp-content\/uploads\/2021\/04\/Conducerea-SRI-e1618472902404.jpg","keywords":["tradare"],"articleSection":["Epoca Klaus Iohannis (2014-2024)","Epoca Traian Basescu (2004-2014)","Romania dupa '89"],"inLanguage":"ro-RO","potentialAction":[{"@type":"CommentAction","name":"Comment","target":["https:\/\/desteptati-va.ro\/index.php\/2021\/04\/15\/unde-a-fost-si-unde-este-s-r-i\/#respond"]}]},{"@type":"WebPage","@id":"https:\/\/desteptati-va.ro\/index.php\/2021\/04\/15\/unde-a-fost-si-unde-este-s-r-i\/","url":"https:\/\/desteptati-va.ro\/index.php\/2021\/04\/15\/unde-a-fost-si-unde-este-s-r-i\/","name":"Unde a fost si unde este S.R.I? -","isPartOf":{"@id":"https:\/\/desteptati-va.ro\/#website"},"primaryImageOfPage":{"@id":"https:\/\/desteptati-va.ro\/index.php\/2021\/04\/15\/unde-a-fost-si-unde-este-s-r-i\/#primaryimage"},"image":{"@id":"https:\/\/desteptati-va.ro\/index.php\/2021\/04\/15\/unde-a-fost-si-unde-este-s-r-i\/#primaryimage"},"thumbnailUrl":"https:\/\/desteptati-va.ro\/wp-content\/uploads\/2021\/04\/Conducerea-SRI-e1618472902404.jpg","datePublished":"2021-04-15T07:48:32+00:00","author":{"@id":"https:\/\/desteptati-va.ro\/#\/schema\/person\/13182deeebd44920914899f7bb262d6b"},"breadcrumb":{"@id":"https:\/\/desteptati-va.ro\/index.php\/2021\/04\/15\/unde-a-fost-si-unde-este-s-r-i\/#breadcrumb"},"inLanguage":"ro-RO","potentialAction":[{"@type":"ReadAction","target":["https:\/\/desteptati-va.ro\/index.php\/2021\/04\/15\/unde-a-fost-si-unde-este-s-r-i\/"]}]},{"@type":"ImageObject","inLanguage":"ro-RO","@id":"https:\/\/desteptati-va.ro\/index.php\/2021\/04\/15\/unde-a-fost-si-unde-este-s-r-i\/#primaryimage","url":"https:\/\/desteptati-va.ro\/wp-content\/uploads\/2021\/04\/Conducerea-SRI-e1618472902404.jpg","contentUrl":"https:\/\/desteptati-va.ro\/wp-content\/uploads\/2021\/04\/Conducerea-SRI-e1618472902404.jpg","width":356,"height":201},{"@type":"BreadcrumbList","@id":"https:\/\/desteptati-va.ro\/index.php\/2021\/04\/15\/unde-a-fost-si-unde-este-s-r-i\/#breadcrumb","itemListElement":[{"@type":"ListItem","position":1,"name":"Prima pagin\u0103","item":"https:\/\/desteptati-va.ro\/"},{"@type":"ListItem","position":2,"name":"Unde a fost si unde este S.R.I?"}]},{"@type":"WebSite","@id":"https:\/\/desteptati-va.ro\/#website","url":"https:\/\/desteptati-va.ro\/","name":"","description":"","potentialAction":[{"@type":"SearchAction","target":{"@type":"EntryPoint","urlTemplate":"https:\/\/desteptati-va.ro\/?s={search_term_string}"},"query-input":{"@type":"PropertyValueSpecification","valueRequired":true,"valueName":"search_term_string"}}],"inLanguage":"ro-RO"},{"@type":"Person","@id":"https:\/\/desteptati-va.ro\/#\/schema\/person\/13182deeebd44920914899f7bb262d6b","name":"wolfsoftcompany","image":{"@type":"ImageObject","inLanguage":"ro-RO","@id":"https:\/\/desteptati-va.ro\/#\/schema\/person\/image\/","url":"https:\/\/secure.gravatar.com\/avatar\/a6cce9b6d101d27d91690e7073e300fed94c0899890bf998e082cb9d2c3d121e?s=96&d=mm&r=g","contentUrl":"https:\/\/secure.gravatar.com\/avatar\/a6cce9b6d101d27d91690e7073e300fed94c0899890bf998e082cb9d2c3d121e?s=96&d=mm&r=g","caption":"wolfsoftcompany"},"sameAs":["http:\/\/desteptati-va.ro"],"url":"https:\/\/desteptati-va.ro\/index.php\/author\/wolfsoftcompany\/"}]}},"_links":{"self":[{"href":"https:\/\/desteptati-va.ro\/index.php\/wp-json\/wp\/v2\/posts\/3528","targetHints":{"allow":["GET"]}}],"collection":[{"href":"https:\/\/desteptati-va.ro\/index.php\/wp-json\/wp\/v2\/posts"}],"about":[{"href":"https:\/\/desteptati-va.ro\/index.php\/wp-json\/wp\/v2\/types\/post"}],"author":[{"embeddable":true,"href":"https:\/\/desteptati-va.ro\/index.php\/wp-json\/wp\/v2\/users\/1"}],"replies":[{"embeddable":true,"href":"https:\/\/desteptati-va.ro\/index.php\/wp-json\/wp\/v2\/comments?post=3528"}],"version-history":[{"count":1,"href":"https:\/\/desteptati-va.ro\/index.php\/wp-json\/wp\/v2\/posts\/3528\/revisions"}],"predecessor-version":[{"id":3530,"href":"https:\/\/desteptati-va.ro\/index.php\/wp-json\/wp\/v2\/posts\/3528\/revisions\/3530"}],"wp:featuredmedia":[{"embeddable":true,"href":"https:\/\/desteptati-va.ro\/index.php\/wp-json\/wp\/v2\/media\/3090"}],"wp:attachment":[{"href":"https:\/\/desteptati-va.ro\/index.php\/wp-json\/wp\/v2\/media?parent=3528"}],"wp:term":[{"taxonomy":"category","embeddable":true,"href":"https:\/\/desteptati-va.ro\/index.php\/wp-json\/wp\/v2\/categories?post=3528"},{"taxonomy":"post_tag","embeddable":true,"href":"https:\/\/desteptati-va.ro\/index.php\/wp-json\/wp\/v2\/tags?post=3528"}],"curies":[{"name":"wp","href":"https:\/\/api.w.org\/{rel}","templated":true}]}}