{"id":3531,"date":"2021-04-15T09:04:31","date_gmt":"2021-04-15T09:04:31","guid":{"rendered":"http:\/\/desteptati.ro\/?p=3531"},"modified":"2022-01-17T21:00:03","modified_gmt":"2022-01-17T19:00:03","slug":"mihai-i-si-ziua-de-23-august","status":"publish","type":"post","link":"https:\/\/desteptati-va.ro\/index.php\/2021\/04\/15\/mihai-i-si-ziua-de-23-august\/","title":{"rendered":"Mihai I si ziua de 23 august"},"content":{"rendered":"<div class=\"post-content\"><div class='booster-block booster-read-block'>\n                <div class=\"twp-read-time\">\n                \t<i class=\"booster-icon twp-clock\"><\/i> <span>Read Time:<\/span>13 Minute, 34 Second                <\/div>\n\n            <\/div><h4 style=\"text-align: justify;\">Au trecut 48 de ani de la acel 23 august 1944, eveniment de un dramatism aparte \u00een istoria Rom\u00e2niei. Istoricii rom\u00e2ni \u0219i str\u0103ini, \u0219i nu numai ei, au investigat evenimentul pentru a aduce la lumin\u0103 semnifica\u021biile momentului pentru \u021bara noastr\u0103 dar \u0219i pentru Europa \u0219i lume. La un consens nu s-a ajuns \u0219i nici nu se va ajunge u\u0219or \u0219i cur\u00e2nd. Interesele divergente ale unor grup\u0103ri politice \u0219i sociale precum \u0219i ale unor \u021b\u0103ri \u0219i grup\u0103ri de \u021b\u0103ri determin\u0103 tratarea din unghiuri diferite, ceea ce firesc, conduce la concluzii diferite. De aici \u0219i supralicitarea subiectului \u0219i plasarea lui pe \u00eentreaga gam\u0103 a calificativelor de la plus la minus. Ceea ce g\u0103sim ca o tr\u0103s\u0103tur\u0103 definitorie la to\u021bi anali\u0219tii evenimentului este faptul c\u0103 23 august 1944 a \u00eensemnat pentru Rom\u00e2nia \u0219i destinul ei ulterior un moment dramatic, f\u0103r\u0103 de care nu am putea \u00een\u021belege evolu\u021bia \u021b\u0103rii noastre p\u00e2n\u0103 \u00een decembrie 1989.<\/h4>\n<h4 style=\"text-align: justify;\"><\/h4>\n<figure id=\"attachment_1794\" aria-describedby=\"caption-attachment-1794\" style=\"width: 300px\" class=\"wp-caption aligncenter\"><a href=\"http:\/\/www.desteptati-va.ro\/wp-content\/uploads\/2011\/05\/regele-mihai-maresalul-anto.gif\"><img loading=\"lazy\" decoding=\"async\" class=\"size-medium wp-image-1794\" title=\"Maresalul Antonescu si Mihai I in Sala Tronului\" src=\"http:\/\/www.desteptati-va.ro\/wp-content\/uploads\/2011\/05\/regele-mihai-maresalul-anto-300x205.gif\" alt=\"Maresalul Antonescu si Mihai I in Sala Tronului\" width=\"300\" height=\"205\"><\/a><figcaption id=\"caption-attachment-1794\" class=\"wp-caption-text\">Maresalul Antonescu si Mihai I in Sala Tronului<\/figcaption><\/figure>\n<h4 style=\"text-align: justify;\">A fost necesar\u0103 pentru Rom\u00e2nia \u00eentors\u0103tura de la 23 august 1944? Iar dac\u0103 a fost necesar\u0103 a\u0219a ar fi trebuit s\u0103 se desf\u0103\u0219oare? Exista, oare o alt\u0103 modalitate de a pune cap\u0103t razboiului cu Na\u021biunile Unite \u0219i, \u00een primul r\u00e2nd, cu Uniunea Sovietic\u0103? Calea aleas\u0103 de for\u021bele care au organizat \u0219i realizat actul de la 23 august a adus foloase ori ponoase Rom\u00e2niei? Se pare c\u0103 nu mai e necesar s\u0103 demonstr\u0103m c\u0103 \u021bara noastr\u0103 a ajuns \u00een tab\u0103ra Germaniei ca urmare a unei politici p\u0103gubitoare dus\u0103, cel pu\u021bin cu trei-patru ani \u00eenainte de \u00eenceperea celui de al doilea r\u0103zboi mondial, de c\u0103tre politicienii rom\u00e2ni \u00een frunte cu monarhul, dar \u0219i de c\u0103tre marile puteri occidentale. Rom\u00e2nia a intrat \u00een r\u0103zboi contra Uniunii Sovietice pentru c\u0103 alt\u0103 solu\u021bie mai avantajoas\u0103 nu avea la \u00eendem\u00e2n\u0103. Stalin, \u00een c\u00e2rd\u0103\u0219ie cu Hitler, ne r\u0103pise Basarabia, Bucovina de Nord \u0219i \u021ainutul Her\u021ba, teritorii rom\u00e2ne\u0219ti dintotdeauna, care trebuiau readuse la patria mum\u0103 precum trebuia readus \u0219i Ardealul de Nord, r\u0103pit \u0219i el, cu concursul acelora\u0219i for\u021be malefice ale Europei. Antonescu, un brav soldat \u0219i un mare rom\u00e2n, nu avea de ales c\u00e2nd Hitler i-a propus s\u0103 participe la r\u0103zboi \u00eempotriva Uniunii Sovietice, v\u0103z\u00e2nd \u00een aceasta unica posibilitate de a elibera teritoriile cotropite &nbsp;\u0219i se pare c\u0103 alt\u0103 cale nici nu exista. Cu at\u00e2t mai mult cu c\u00e2t, la urma urmelor, Europa, \u00eensemna \u00een acel moment, Germania. Exista atunci o p\u0103rere cvasinunanim\u0103 c\u0103 soarta Europei fusese hot\u0103r\u00e2t\u0103 de puternica armat\u0103 german\u0103. Marea Fran\u021b\u0103 disp\u0103ruse ca for\u021b\u0103 de pe continent, iar leul britanic, r\u0103nit, p\u0103rea c\u0103-\u0219i linge, cu resemnare, r\u0103nile pricinuite de aceea\u0219i armat\u0103 german\u0103.<\/h4>\n<figure id=\"attachment_983\" aria-describedby=\"caption-attachment-983\" style=\"width: 268px\" class=\"wp-caption aligncenter\"><img loading=\"lazy\" decoding=\"async\" class=\"size-medium wp-image-983\" src=\"http:\/\/www.desteptati-va.ro\/wp-content\/uploads\/2011\/02\/ion-antonescu-268x300.jpg\" alt=\"Maresalul Ion Antonescu\" width=\"268\" height=\"300\"><figcaption id=\"caption-attachment-983\" class=\"wp-caption-text\">Maresalul Ion Antonescu<\/figcaption><\/figure>\n<h4 style=\"text-align: center;\"><\/h4>\n<h4 style=\"text-align: justify;\">Nu ne pronun\u021b\u0103m acum, aici, dac\u0103 armata rom\u00e2n\u0103 trebuia s\u0103 se opreasc\u0103 dup\u0103 ce teritoriile rom\u00e2ne\u0219ti fuseser\u0103 dezrobite; \u00een leg\u0103tur\u0103 cu aceasta p\u0103rerile exege\u021bilor sunt \u00eemp\u0103r\u021bite. Hot\u0103r\u00e2rea generalului Antonescu de a angaja Rom\u00e2nia, al\u0103turi de Germania, \u00een r\u0103zboiul contra Uniunii Sovietice o socotim corect\u0103, de interes na\u021bional major. Antonescu, \u00eens\u0103, o minte lucid\u0103 \u0219i un mare militar, \u0219i-a dat repede seama c\u0103 sor\u021bii r\u0103zboiului sunt schimb\u0103tori \u0219i c\u0103, p\u00e2n\u0103 la urm\u0103, balan\u021ba va \u00eenclina \u00een favoarea alia\u021bilor. Dup\u0103 cum se \u0219tie nu numai Iuliu Maniu, Dinu Br\u0103tianu, Mihai de Hohenzollern au c\u0103utat contacte \u0219i sprijin la alia\u021bi, ci \u0219i cabinetul Antonescu, \u00een frunte cu Mare\u0219alul. Cu to\u021bii aveau convingerea c\u0103, dac\u0103 Rom\u00e2nia va r\u0103m\u00e2ne singur\u0103 \u00een fa\u021ba t\u0103v\u0103lugului rusesc, va fi r\u0103u pentru ea. Istoria rela\u021biilor cu marele vecin de la r\u0103s\u0103rit ne-a \u00eenv\u0103\u021bat c\u0103 rusul unde a pus piciorul, face totul pentru a r\u0103m\u00e2ne st\u0103p\u00e2n pe vecie. De altfel a\u0219a s-a creat uria\u0219ul imperiu rusesc.<\/h4>\n<h4 style=\"text-align: justify;\"><\/h4>\n<figure id=\"attachment_1810\" aria-describedby=\"caption-attachment-1810\" style=\"width: 135px\" class=\"wp-caption aligncenter\"><a href=\"http:\/\/www.desteptati-va.ro\/wp-content\/uploads\/2011\/05\/db.jpg\"><img loading=\"lazy\" decoding=\"async\" class=\"size-full wp-image-1810\" title=\"Dinu Bratianu\" src=\"http:\/\/www.desteptati-va.ro\/wp-content\/uploads\/2011\/05\/db.jpg\" alt=\"Dinu Bratianu\" width=\"135\" height=\"180\"><\/a><figcaption id=\"caption-attachment-1810\" class=\"wp-caption-text\">Dinu Bratianu<\/figcaption><\/figure>\n<h4 style=\"text-align: justify;\">To\u021bi politicienii \u021b\u0103rii, de profesie ori diletan\u021bi, ca \u0219i cei doi Antone\u0219ti, \u0219tiau c\u0103 salvarea Rom\u00e2niei putea veni numai dac\u0103 alia\u021bii occidentali nu ne vor abandona poftelor ruse\u0219ti. S-au f\u0103cut tot felul de taton\u0103ri \u0219i \u00eencerc\u0103ri, realiz\u00e2ndu-se contacte cu occidentalii pe mai multe canale, d\u00e2ndu-se explica\u021bii, pled\u00e2ndu-se cauza Rom\u00e2niei abandonate pe nedrept de alia\u021bii occidentali tradi\u021bionali, formul\u00e2ndu-se propuneri care vizau salvarea \u021b\u0103rii. Nici o filier\u0103 nu a g\u0103sit audien\u021b\u0103, dec\u00e2t complezen\u021b\u0103: nici emisarii opozi\u021biei conduse de Maniu (\u0218tirbey \u0219i Vi\u0219oianu la Cairo), nici al\u021bi emisari care ac\u021bionau \u00een numele celor doi Antone\u0219ti, \u00eempreun\u0103 ori separat, care luaser\u0103 contact cu reprezentan\u021bi ai alia\u021bilor \u00een Portugalia, Spania, Italia, Elve\u021bia, Suedia. Mare\u0219alul Antonescu, mai lucid dec\u00e2t to\u021bi ceilal\u021bi politicieni \u0219i diploma\u021bi de profesie, a \u00een\u021beles c\u0103 mai \u00eent\u00e2i trebuie s\u0103 tratezi cu inamicul cu care te confrun\u021bi direct, \u0219i acesta era Stalin. A\u0219a a ap\u0103rut ini\u021biativa de a trata, prin ambasadoarea URSS la Stockholm, direct cu guvernul sovietic. Dealtfel, alia\u021bii occidentali au sf\u0103tuit cu regularitate pe emisarii opozi\u021biei \u0219i ai regelul s\u0103 nu neglijeze contactul cu URSS cu care va trebui s\u0103 se ajung\u0103 la un modul vivendi; ei, alia\u021bii, nu puteau negocia \u00een spatele lui Stalin. De altfel, ei au informat pe sovietici asupra fiec\u0103rui contact avut cu rom\u00e2nii, indiferent ce partid\u0103 reprezentau. Este tipic exemplul relatat de Constantin Vi\u0219oianu care, trimis la Cairo s\u0103 trateze cu anglo-americanii, s-a v\u0103zut \u201etransferat\u201d c\u0103tre ambasadorul sovietic. Nici Maniu , nici Br\u0103tianu \u0219i nici Mihai \u0219i cei din jurul s\u0103u n-au fost capabili s\u0103 \u00een\u021beleag\u0103 c\u0103 soarta Rom\u00e2niei se juca la Moscova, nu la Londra sau la Washington. Ei au perseverat \u00een a pune totul pe cartea occidentalilor, nesocotind complet pe cel cu care ne confruntam pe c\u00e2mpul de b\u0103t\u0103lie, URSS, cu care ne \u00eenvecinam \u0219i aveam litigii teritoriale. Frica de comunism \u0219i imobilitatea politic\u0103 a acestora aveau s\u0103 conduc\u0103 Rom\u00e2nia la actul de la 23 august 1944 \u2013 un dezastru pentru Rom\u00e2nia. Pentru c\u0103 a fost un dezastru. Mihai de Hohenzollern \u0219i to\u021bi autorii loviturii de palat din dup\u0103-amiaza zilei de 23 august, nu au cu ce se l\u0103uda, \u00eentruc\u00e2t fapta lor a aruncat \u021bara \u00een bra\u021bele n\u0103v\u0103litorului, f\u0103r\u0103 nici o posibilitate de ap\u0103rare.<\/h4>\n<h4 style=\"text-align: justify;\"><\/h4>\n<h4 style=\"text-align: justify;\"><\/h4>\n<figure id=\"attachment_1796\" aria-describedby=\"caption-attachment-1796\" style=\"width: 216px\" class=\"wp-caption aligncenter\"><a href=\"http:\/\/www.desteptati-va.ro\/wp-content\/uploads\/2011\/05\/iuliu_maniu.jpg\"><img loading=\"lazy\" decoding=\"async\" class=\"size-medium wp-image-1796\" title=\"Iuliu Maniu\" src=\"http:\/\/www.desteptati-va.ro\/wp-content\/uploads\/2011\/05\/iuliu_maniu-216x300.jpg\" alt=\"Iuliu Maniu\" width=\"216\" height=\"300\"><\/a><figcaption id=\"caption-attachment-1796\" class=\"wp-caption-text\">Iuliu Maniu<\/figcaption><\/figure>\n<h4 style=\"text-align: justify;\">Cititorul cunoa\u0219te prea bine cum s-a ajuns la lovitura de Palat, din 23 august 1944 pentru a o mai relata aici \u00een detaliu; o vom evoca doar \u00een elementele ei esen\u021biale. De la comuni\u0219ti, \u021b\u0103r\u0103ni\u0219ti, liberali, social-democra\u021bi, p\u00e2n\u0103 la monarhi\u0219ti, to\u021bi \u0219i-au dat m\u00e2na pentru a scoate Rom\u00e2nia din r\u0103zboiul contra alia\u021bilor, plas\u00e2nd-o \u00een tab\u0103ra acestora. Ini\u021biativ\u0103 l\u0103udabil\u0103 \u0219i absolul necesar\u0103. Sf\u00e2r\u0219itul r\u0103zboiului nu trebuia s\u0103 g\u0103seasc\u0103 Rom\u00e2nia al\u0103turi de Germania \u00eenvins\u0103. Orientare politic\u0103 corect\u0103 care putea fi benefic\u0103 \u021b\u0103rii dac\u0103 cei care au \u00eenf\u0103ptuit lovitura de la Palat n-ar fi fost robii concep\u021biei c\u0103 Rom\u00e2nia se poate ap\u0103ra numai prin Occident. S\u0103 fi crezut oare Maniu, Br\u0103tianu, Mihai c\u0103 prezen\u021ba comuni\u0219tilor \u00een complot fere\u0219te \u021bara de t\u0103v\u0103lugul rusesc? Nu \u0219i-a pus oare \u00eentrebarea cine erau acei comuni\u0219ti cu care f\u0103cuser\u0103 coali\u021bia? Ei nu trebuiau s\u0103-i vad\u0103 pe comuni\u0219ti numai prin P\u0103tr\u0103\u0219canu, un rom\u00e2n patriot; erau obliga\u021bi s\u0103-i vad\u0103 \u0219i prin Bodn\u0103ra\u0219, despre care \u0219tiau c\u0103-i omul NKVD-ului aflat \u00een Rom\u00e2nia cu misiuni speciale, desigur \u00een folosul Kremlinului. Comploti\u0219tii au mers pe ideea fix\u0103 de a-l aresta pe Antonescu, de\u0219i \u0219tiau c\u0103 acesta se afla \u00een contact cu Moscova, prin intermediari, \u0219i c\u0103 tratativele avansau spre un armisti\u021biu, ceea ce \u00eensemna \u00eencetarea mult dorit\u0103 a r\u0103zboiului dus contra coali\u021biei Na\u021biunilor Unite. Mare\u0219alul Antonescu ducea de multe luni autentice tratative cu Stalin prin mijlocirea doamnei Kolontay, ambasadoarea URSS la Stockholm. Tratativele avansau greu, dar avansau, mare\u0219alul, \u00eentocmai ca pe front \u00eentr-o b\u0103t\u0103lie victorioas\u0103, c\u00e2\u0219tiga teren, metru cu metru. El \u00een\u021belesese c\u0103 \u0219i al\u021bii au dreptul de a se preocupa de soarta \u021b\u0103rii, l\u0103s\u00e2ndu-le c\u00e2mp de manifestare, apreciind valoarea contactelor nemijlocite cu alia\u021bii occidentali. Nu numai c\u0103 tratativele din capitala egiptean\u0103 duse prin \u0218tirbey \u0219i Vi\u0219oianu nu au fost taine pentru el, dar, f\u0103r\u0103 concursul lui, emisarii \u2013 Vi\u0219oianu de pild\u0103 \u2013 nu ar fi ajuns la Cairo ci \u00een beciurile Siguran\u021bei.<\/h4>\n<h4 style=\"text-align: justify;\"><\/h4>\n<figure id=\"attachment_1798\" aria-describedby=\"caption-attachment-1798\" style=\"width: 250px\" class=\"wp-caption aligncenter\"><a href=\"http:\/\/www.desteptati-va.ro\/wp-content\/uploads\/2011\/05\/Constantin_Visoianu.jpg\"><img loading=\"lazy\" decoding=\"async\" class=\"size-full wp-image-1798\" title=\"Constantin Visoianu\" src=\"http:\/\/www.desteptati-va.ro\/wp-content\/uploads\/2011\/05\/Constantin_Visoianu.jpg\" alt=\"Constantin Visoianu\" width=\"250\" height=\"230\"><\/a><figcaption id=\"caption-attachment-1798\" class=\"wp-caption-text\">Constantin Visoianu<\/figcaption><\/figure>\n<h4 style=\"text-align: justify;\"><\/h4>\n<h4 style=\"text-align: justify;\">Programatorii \u0219i realizatorii actului de la 23 august au mers orbe\u0219te, s-ar putea spune, nu numai \u00eempotriva lui Antonescu, ci \u0219i a logici elementare. Dar s\u0103 \u00eencerc\u0103m s\u0103 d\u0103m un r\u0103spun la \u00eentrebarea: era necesar\u0103 desprinderea de Germania \u0219i aducerea Rom\u00e2niei \u00een tab\u0103ra alia\u021bilor? R\u0103spunsul nu poate fi dec\u00e2t f\u0103r\u0103 echivoc: Da. Era absolut necesar\u0103, dar nu \u00een orice mod. Nu lipsind Rom\u00e2nia de orice fel de garan\u021bii. \u0218i, cum alia\u021bii occidentali nu voiau s\u0103 trateze direct cu reprezentan\u021bi din Rom\u00e2nia, indiferent din partea c\u0103rei grup\u0103ri politice veneau, se impunea s\u0103 se acorde o aten\u021bie sporit\u0103 tratativelor cu URSS pe care le ducea mare\u0219alul Antonescu. Coali\u021bia \u00eempotriva mare\u0219alului, condus\u0103 de rege, a hot\u0103r\u00e2t ca unic\u0103 solu\u021bie de salvare a \u021b\u0103rii, arestarea conduc\u0103torului statului. A fost fixat\u0103 \u0219i data: 26 august. Cel pu\u021bin acum pare de ne\u00een\u021beles cum au putut lua o asemenea decizie, c\u00e2nd de la cancelariile occidentale se primiser\u0103 orient\u0103ri f\u0103r\u0103 echivoc \u2013 \u201etrata\u021bi cu URSS\u201d. Dar ei, comploti\u0219tii, vizau t\u0103ierea \u0219i a unicului fir existent spre Kremlin, cel care-l lega pe Antonescu de Stalin, Stockholm. S-ar putea replica: dar firul Bodn\u0103ra\u0219-P\u0103tr\u0103\u0219canu? Nu era vorba de nici un fir \u0219i cu at\u00e2t mai pu\u021bin de tratative, era o infiltrare a Kremlinului \u00eentr-o coali\u021bie care urm\u0103rea oprirea r\u0103zboiului cu URSS. At\u00e2t \u0219i nimic mai mult. Cu Uniunea Sovietic\u0103 nu s-au purtat tratative. \u00centre gruparea condus\u0103 de Mihai \u0219i Moscova nu a fost nici o leg\u0103tur\u0103 direct\u0103, a\u0219a cum se purtau tratative pe filiera Stockholm. \u00centrebarea: \u201eCum a fost posibil\u0103 o asemenea atitudine la politicieni at\u00e2t de versa\u021bi ca Maniu \u0219i Br\u0103tianu?\u201d pare retoric\u0103, cunosc\u00e2nd, acum, c\u0103 nu grija \u021b\u0103rii a fost pe primul plan, ci grija fa\u021b\u0103 de propriile persoane. Constatarea valabil\u0103 cel pu\u021bin \u00een ce-i prive\u0219te pe Mihai de Hohenzollern, Maniu \u0219i Niculescu-Buze\u0219ti. Faptele care justific\u0103 o asemenea afirma\u021bie sunt cuprinse \u00een telegrama ce include acordul lui Stalin ca \u201e\u00eentors\u0103tura\u201d s\u0103 o fac\u0103 mare\u0219alul Antonescu, care s\u0103 \u0219i r\u0103m\u00e2n\u0103 \u00een continuare \u0219eful statului \u0219i al armatei. P\u00e2n\u0103 s\u0103 ajung\u0103 la acest deznod\u0103m\u00e2nt, trecuser\u0103 multe luni de \u201etocmeli\u201d, Antonescu insist\u00e2nd ca Stalin s\u0103 recunoasc\u0103 drepturile Rom\u00e2niei asupra Basarabiei, Bucovinei \u0219i Her\u021bei, precum \u0219i precizarea c\u0103 armatele sovietice vor trece prin Rom\u00e2nia, \u00een urm\u0103rirea armatei germane, pe anumite culoare prestabilite \u0219i c\u0103 nu vor mai r\u0103m\u00e2ne \u00een \u021bara noastr\u0103 nici m\u0103car o zi dup\u0103 terminarea r\u0103zboiului. De asemenea, urma ca un anumit teritoriu prestabilit, \u00een care se va alfa administra\u021bia \u021b\u0103rii, s\u0103 fie scutit de prezen\u021ba trupelor sovietice. Erau evident, \u0219i alte clauze tot at\u00e2t de importante pentru Rom\u00e2nia. Trebuie s\u0103 preciz\u0103m c\u0103 Stalin acceptase cea mai mare parte a preten\u021biilor mare\u0219alului nu pentru c\u0103 se temea de acesta sau c\u0103 avea \u00eendoieli privind sf\u00e2r\u0219itul favorabil pentru el al r\u0103zboiului. Era, \u00eens\u0103, presat de timp \u0219i Antonescu \u00eei putea \u00eencurca socotelile, \u00eent\u00e2rziindu-i luni de zile, prin organizarea rezisten\u021bei pe linia fortificat\u0103 Foc\u0219ani-N\u0103moloasa-Gala\u021bi, ajungerea \u00een centrul Europei. Iat\u0103 pentru ce Stalin a f\u0103cut concesii lui Antonescu. El realiza o mutare de \u0219ah inteligent\u0103 ced\u00e2nd un pion, aici la poalele Carpa\u021bilor, pentru a-\u0219i organiza matul \u00een centrul Europei. C\u0103 \u0219i-ar fi respectat promisiunile ori nu, nu are sens s\u0103 divag\u0103m. Istoria este creat\u0103 din fapte, nu din deduc\u021bii.<\/h4>\n<h4 style=\"text-align: justify;\"><\/h4>\n<figure id=\"attachment_1799\" aria-describedby=\"caption-attachment-1799\" style=\"width: 166px\" class=\"wp-caption aligncenter\"><a href=\"http:\/\/www.desteptati-va.ro\/wp-content\/uploads\/2011\/05\/Alexkollontai.jpg\"><img loading=\"lazy\" decoding=\"async\" class=\"size-full wp-image-1799\" title=\"Alexandra Kolontay - ambasadoarea URSS la Stockholm\" src=\"http:\/\/www.desteptati-va.ro\/wp-content\/uploads\/2011\/05\/Alexkollontai.jpg\" alt=\"Alexandra Kolontay - ambasadoarea URSS la Stockholm\" width=\"166\" height=\"248\"><\/a><figcaption id=\"caption-attachment-1799\" class=\"wp-caption-text\">Alexandra Kolontay &#8211; ambasadoarea URSS la Stockholm<\/figcaption><\/figure>\n<h4 style=\"text-align: justify;\">\u00ceni\u021biativele lui Mihai, Maniu, Br\u0103tianu, Titel Petrescu, Lucre\u021biu P\u0103tr\u0103\u0219canu au creat Kremlinului o situa\u021bie nesperat de favorabil\u0103, put\u00e2nd ajunge \u00een centrul Europei, a\u0219a cum a dorit, f\u0103r\u0103 a mai sacrifica un pion la poalele Carpa\u021bilor. Aceasta este isprava cu care se laud\u0103 comploti\u0219tii. \u0218i nu-i singura. Dup\u0103 cum istoria a consemnat, Stalin s-a f\u0103cut c\u0103 nu pricepe c\u0103 r\u0103zboiul purtat de rom\u00e2ni contra URSS s-a terminat \u0219i c\u0103 armata rom\u00e2n\u0103 aflat\u0103 \u00een fa\u021ba armatei ro\u0219ii nu mai era o armat\u0103 \u00eenamic\u0103. \u00cen zilele urm\u0103toare datei de 23 august au fost dezarmate unit\u0103\u021bi \u0219i mari unit\u0103\u021bi, armamentul a fost confiscat, iar osta\u0219ii, sub-ofi\u021berii \u0219i ofi\u021berii au fost f\u0103cu\u021bi prizonieri.. aproximativ 180000 de rom\u00e2ni au luat calea stepelor ruse\u0219ti \u0219i a \u201eospitalierei\u201d Siberii de unde cei mai mul\u021bi nu s-au mai \u00eentors acas\u0103. Un dezastru na\u021bional! Hoardele n\u0103v\u0103litoare au practicat un jaf f\u0103r\u0103 precedent, ajung\u00e2ndu-se p\u00e2n\u0103 acolo \u00eenc\u00e2t \u0219i-au \u00eensu\u0219it, ca prad\u0103 de r\u0103zboiu, cca 40 tone lingouri de aur aflate \u00een subsolurile B\u0103ncii Na\u021bionale. \u0218tia el, Antonescu, pentru ce pretinsese un spa\u021biu \u00een care s\u0103 nu calce picior de soldat sovietic. Kremlinul a \u00eent\u00e2rziat semnarea conven\u021biei de armisti\u021biu p\u00e2n\u0103 la 12 septembrie 1944, timp suficient s\u0103 se \u00eenfrupte din avu\u021bia Rom\u00e2niei. Dar c\u00e2te drame, c\u00e2te jafuri puteau fi evitate dac\u0103 mare\u0219alul Antonescu ar fi r\u0103mas \u00een fruntea statului! Sprijinindu-se pe exemplul finlandezilor, care nu l-au sacrificat pe eroul na\u021bional, generalul Mannerhain, l\u0103s\u00e2ndu-l \u00een fruntea statului, \u00een baza unei \u00een\u021belegeri asem\u0103n\u0103toare cu cea dintre Antonescu \u0219i Stalin, afirma\u021bia noastr\u0103 ni se pare \u00eentemeiat\u0103.<\/h4>\n<h4 style=\"text-align: justify;\"><\/h4>\n<figure id=\"attachment_1802\" aria-describedby=\"caption-attachment-1802\" style=\"width: 244px\" class=\"wp-caption aligncenter\"><a href=\"http:\/\/www.desteptati-va.ro\/wp-content\/uploads\/2011\/05\/Grigore_Niculescu-Buzesti.jpg\"><img loading=\"lazy\" decoding=\"async\" class=\"size-full wp-image-1802\" title=\"Grigore Niculescu-Buzesti\" src=\"http:\/\/www.desteptati-va.ro\/wp-content\/uploads\/2011\/05\/Grigore_Niculescu-Buzesti.jpg\" alt=\"Grigore Niculescu-Buzesti\" width=\"244\" height=\"297\"><\/a><figcaption id=\"caption-attachment-1802\" class=\"wp-caption-text\">Grigore Niculescu-Buzesti<\/figcaption><\/figure>\n<h4 style=\"text-align: justify;\">Partea cea mai murdar\u0103 \u0219i de neiertat a ac\u021biunii comploti\u0219tilor const\u0103 \u00een faptul c\u0103, \u00een diminea\u021ba zilei de 23 august 1944, au avut \u00een m\u00e2n\u0103 telegrama cifrat\u0103 cu acordul lui Stalin, dar pe care directorul cifrului din MAE al Rom\u00e2niei, Niculescu-Buze\u0219ti, omul lui Maniu \u0219i al regelui, a prezentat-o acestora \u0219i nu lui Antonescu, c\u0103ruia \u00eei era adresat\u0103, el fiind obligat de statutul lui de func\u021bionar al guvernului s\u0103 o \u00eenm\u00e2neze mare\u0219alului. C\u00e2t\u0103 lips\u0103 de etic\u0103 \u0219i moralitate la domnii Maniu, Mihai de Hohenzollern \u0219i Niculescu-Buze\u0219ti! Se spune \u2013 semantarul acestor r\u00e2nduri nu a v\u0103zut documente care s\u0103 ateste \u2013 c\u0103 regele \u0219i cu Maniu ar fi concluzionat c\u0103, dac\u0103 r\u0103m\u00e2nea la c\u00e2rm\u0103 tot Antonescu, ei ar fi jucat un rol minor, ceea ce nu era de rangul lor. \u0218i au deciss\u0103-l sacrifice pe mare\u0219al \u0219i, odat\u0103 cu el, s\u0103 \u00eemping\u0103 \u021bara \u00een dezastru. Ceea ce au f\u0103cut cu v\u00e2rf \u0219i \u00eendesat.<\/h4>\n<h4 style=\"text-align: justify;\"><\/h4>\n<figure id=\"attachment_1803\" aria-describedby=\"caption-attachment-1803\" style=\"width: 228px\" class=\"wp-caption aligncenter\"><a href=\"http:\/\/www.desteptati-va.ro\/wp-content\/uploads\/2011\/05\/c_titel.jpg\"><img loading=\"lazy\" decoding=\"async\" class=\"size-medium wp-image-1803\" title=\"Constantin Titel-Petrescu\" src=\"http:\/\/www.desteptati-va.ro\/wp-content\/uploads\/2011\/05\/c_titel-228x300.jpg\" alt=\"Constantin Titel-Petrescu\" width=\"228\" height=\"300\"><\/a><figcaption id=\"caption-attachment-1803\" class=\"wp-caption-text\">Constantin Titel-Petrescu<\/figcaption><\/figure>\n<h4 style=\"text-align: justify;\">O schimbare, era necesar\u0103, dar nu \u00een modul \u00een care a avut loc, ci a\u0219a cum Stalin \u00ee\u0219i d\u0103duse acordul: cu r\u0103m\u00e2nerea mare\u0219alului Antonescu \u00een fruntea statului rom\u00e2n. El, \u00eens\u0103, \u00een loc s\u0103 fie l\u0103sat s\u0103 se ocupe desprinderea trupelor noastre aflate pe frontul din Moldova, de cele ruse\u0219ti, \u00eempreun\u0103 cu tehnica lor de lupt\u0103, a fost arestat \u0219i sechestrat \u00eentr-un seif din interiorul palatului regal. Un gest degradant din partea unui cap \u00eencoronat cum era pe vremea aceea Mihai de Hohenzollern. Precum nu face onoare nici versa\u021bilor politicieni Maniu, Br\u0103tianu \u0219i Titel Petrescu care, \u0219i ca urmare a gestului lor necugetat \u0219i lipsit de perspicacitate \u0219i previziune politic\u0103, au avut de p\u0103timit \u00een anii urm\u0103tori. Este drept c\u0103 ei nu-\u0219i puteau imagina dimensiunea tr\u0103d\u0103rii lui Churchill \u0219i a lui Roosevelt prin acordarea a 90 la sut\u0103 \u00eenfluen\u021b\u0103 asupra Rom\u00e2niei lui Stalin, ceea ce practic a \u00eensemnat abandonarea \u021b\u0103rii noastre poftelor Kremlinului. \u021aara a fost supus\u0103 unui regim de ocupa\u021bie \u0219i \u00eenfeudare, cu consecin\u021be dintre cele mai dezastruoase, fiind declarat\u0103, \u00een final, la Conferin\u021ba de Pace de la Paris, \u021bar\u0103 \u00eenvins\u0103 \u0219i nu cobeligerant\u0103, de\u0219i Rom\u00e2nia fusese a patra \u021bar\u0103 ca efective \u0219i efort de r\u0103zboiu, \u00een lupta pentr \u00eengenunchierea Germaniei \u0219i a aliatului ei fidel, Ungaria. Ca \u021bar\u0103 \u00eenvins\u0103, am pl\u0103tit datorii de r\u0103zboi \u00een loc s\u0103 primim desp\u0103gubiri. Nici de data asta, armata rom\u00e2n\u0103 nu s-a oprit la grani\u021bele de nord-vest, dup\u0103 eliberearea Ardealului de Nord, cum nu se oprise nici \u00een 1941 la Nistru, dup\u0103 dezrobirea Basarabiei, a Bucovinei de Nord \u0219i a Her\u021bei. Atunci armata rom\u00e2n\u0103 a ajuns la Sevastopol, Cuban \u0219i Stalingrad, iar acum la Budapesta, Tatra, Praga \u0219i por\u021bile Vienei. \u0219i ca o \u201erecunoa\u0219tere\u201d a marilor sacrificii umane, \u0219i materiale, au f\u0103cut din Rom\u00e2nia tot ceea ce a dorit Kremlinul.<\/h4>\n<h4 style=\"text-align: center;\"><\/h4>\n<figure id=\"attachment_1804\" aria-describedby=\"caption-attachment-1804\" style=\"width: 240px\" class=\"wp-caption aligncenter\"><a href=\"http:\/\/www.desteptati-va.ro\/wp-content\/uploads\/2011\/05\/m1.jpg\"><img loading=\"lazy\" decoding=\"async\" class=\"size-medium wp-image-1804 \" title=\"Mihai I\" src=\"http:\/\/www.desteptati-va.ro\/wp-content\/uploads\/2011\/05\/m1-300x300.jpg\" alt=\"Mihai I\" width=\"240\" height=\"240\"><\/a><figcaption id=\"caption-attachment-1804\" class=\"wp-caption-text\">Mihai I<\/figcaption><\/figure>\n<h4 style=\"text-align: justify;\">At\u00e2t cinism \u0219i farieseism rar se \u00eent\u00e2lne\u0219te \u00een istorie! Precum rar se \u00eent\u00e2lne\u0219te un rege ca Mihai de Hohenzollern, care s\u0103 \u00eentruneasc\u0103 tot ce e mai r\u0103u \u00eentr-o singur\u0103 persoan\u0103 \u2013 lips\u0103 de inteligen\u021b\u0103, de abilitate \u0219i previziune politic\u0103, caracter duplicitar, omul conjuncturilor cu folos pentru propria-i persoan\u0103, lips\u0103 total\u0103 a sentimentului patriotic \u0219i a grijii fa\u021b\u0103 de soarta \u021b\u0103rii, colabora\u021bionism cu ocupantul sovietic \u0219i asasin al mare\u0219alului Antonescu.<\/h4>\n<h4 style=\"text-align: justify;\"><em>Neagu Cosma \u2013 Spionaj Contraspionaj, Anul II, Nr. 46, Saptamanal independent, august 1992<\/em><\/h4>        <div class=\"booster-block booster-reactions-block\">\n            <div class=\"twp-reactions-icons\">\n                \n                <div class=\"twp-reacts-wrap\">\n                    <a react-data=\"be-react-1\" post-id=\"3531\" class=\"be-face-icons un-reacted\" href=\"javascript:void(0)\">\n                        <img decoding=\"async\" src=\"https:\/\/desteptati-va.ro\/wp-content\/plugins\/booster-extension\/\/assets\/icon\/happy.svg\" alt=\"Happy\">\n                    <\/a>\n                    <div class=\"twp-reaction-title\">\n                        Happy                    <\/div>\n                    <div class=\"twp-count-percent\">\n                                                    <span style=\"display: none;\" class=\"twp-react-count\">0<\/span>\n                        \n                                                <span class=\"twp-react-percent\"><span>0<\/span> %<\/span>\n                                            <\/div>\n                <\/div>\n\n                <div class=\"twp-reacts-wrap\">\n                    <a react-data=\"be-react-2\" post-id=\"3531\" class=\"be-face-icons un-reacted\" href=\"javascript:void(0)\">\n                        <img decoding=\"async\" src=\"https:\/\/desteptati-va.ro\/wp-content\/plugins\/booster-extension\/\/assets\/icon\/sad.svg\" alt=\"Sad\">\n                    <\/a>\n                    <div class=\"twp-reaction-title\">\n                        Sad                    <\/div>\n                    <div class=\"twp-count-percent\">\n                                                    <span style=\"display: none;\" class=\"twp-react-count\">0<\/span>\n                                                                        <span class=\"twp-react-percent\"><span>0<\/span> %<\/span>\n                                            <\/div>\n                <\/div>\n\n                <div class=\"twp-reacts-wrap\">\n                    <a react-data=\"be-react-3\" post-id=\"3531\" class=\"be-face-icons un-reacted\" href=\"javascript:void(0)\">\n                        <img decoding=\"async\" src=\"https:\/\/desteptati-va.ro\/wp-content\/plugins\/booster-extension\/\/assets\/icon\/excited.svg\" alt=\"Excited\">\n                    <\/a>\n                    <div class=\"twp-reaction-title\">\n                        Excited                    <\/div>\n                    <div class=\"twp-count-percent\">\n                                                    <span style=\"display: none;\" class=\"twp-react-count\">0<\/span>\n                                                                        <span class=\"twp-react-percent\"><span>0<\/span> %<\/span>\n                                            <\/div>\n                <\/div>\n\n                <div class=\"twp-reacts-wrap\">\n                    <a react-data=\"be-react-6\" post-id=\"3531\" class=\"be-face-icons un-reacted\" href=\"javascript:void(0)\">\n                        <img decoding=\"async\" src=\"https:\/\/desteptati-va.ro\/wp-content\/plugins\/booster-extension\/\/assets\/icon\/sleepy.svg\" alt=\"Sleepy\">\n                    <\/a>\n                    <div class=\"twp-reaction-title\">\n                        Sleepy                    <\/div>\n                    <div class=\"twp-count-percent\">\n                                                    <span style=\"display: none;\" class=\"twp-react-count\">0<\/span>\n                        \n                                                <span class=\"twp-react-percent\"><span>0<\/span> %<\/span>\n                                            <\/div>\n                <\/div>\n\n                <div class=\"twp-reacts-wrap\">\n                    <a react-data=\"be-react-4\" post-id=\"3531\" class=\"be-face-icons un-reacted\" href=\"javascript:void(0)\">\n                        <img decoding=\"async\" src=\"https:\/\/desteptati-va.ro\/wp-content\/plugins\/booster-extension\/\/assets\/icon\/angry.svg\" alt=\"Angry\">\n                    <\/a>\n                    <div class=\"twp-reaction-title\">Angry<\/div>\n                    <div class=\"twp-count-percent\">\n                                                    <span style=\"display: none;\" class=\"twp-react-count\">0<\/span>\n                                                                        <span class=\"twp-react-percent\"><span>0<\/span> %<\/span>\n                        \n                    <\/div>\n                <\/div>\n\n                <div class=\"twp-reacts-wrap\">\n                    <a react-data=\"be-react-5\" post-id=\"3531\" class=\"be-face-icons un-reacted\" href=\"javascript:void(0)\">\n                        <img decoding=\"async\" src=\"https:\/\/desteptati-va.ro\/wp-content\/plugins\/booster-extension\/\/assets\/icon\/surprise.svg\" alt=\"Surprise\">\n                    <\/a>\n                    <div class=\"twp-reaction-title\">Surprise<\/div>\n                    <div class=\"twp-count-percent\">\n                                                    <span style=\"display: none;\" class=\"twp-react-count\">0<\/span>\n                                                                        <span class=\"twp-react-percent\"><span>0<\/span> %<\/span>\n                                            <\/div>\n                <\/div>\n\n            <\/div>\n        <\/div>\n\n    <\/div>","protected":false},"excerpt":{"rendered":"<p>Au trecut 48 de ani de la acel 23 august 1944, eveniment de un dramatism aparte \u00een istoria Rom\u00e2niei. Istoricii<a href=\"https:\/\/desteptati-va.ro\/index.php\/2021\/04\/15\/mihai-i-si-ziua-de-23-august\/\">Read More<i class=\"fa fa-long-arrow-right\" aria-hidden=\"true\"><\/i><\/a><\/p>\n","protected":false},"author":1,"featured_media":1497,"comment_status":"open","ping_status":"open","sticky":false,"template":"","format":"standard","meta":{"_crdt_document":"","footnotes":""},"categories":[29],"tags":[235,236,237,112,238,219,239,240,241,242,243,244,59,60,245,246,247,248,249,175,250,251,252,154,253,254,255,256,257,258,259,260,261,262,263,264,265,266,267,268,269,72,270,271,179,272,273,274,275,276,277,278,83,279,280,281],"class_list":["post-3531","post","type-post","status-publish","format-standard","has-post-thumbnail","hentry","category-al-ii-a-razboi-mondial","tag-235","tag-23-august","tag-antonescu","tag-ardeal","tag-aur","tag-basarabia","tag-bodnaras","tag-bratianu","tag-bucovina","tag-cairo","tag-cifrat","tag-contacte","tag-desteptati","tag-desteptati-va","tag-duplicitate","tag-emisar","tag-furt","tag-germania","tag-herta","tag-hitler","tag-hohenzollern","tag-infrant","tag-ion-antonescu","tag-istorie","tag-jaf","tag-kremlin","tag-legaturi","tag-lovitura","tag-mae","tag-maniu","tag-maresal","tag-mihai","tag-monarh","tag-moscova","tag-natiunile","tag-niculescu-buzesti","tag-nkvd","tag-nord","tag-pagubitoare","tag-palat","tag-patrascanu","tag-politica","tag-politicieni","tag-rege","tag-romania","tag-sacrificii","tag-soldat","tag-stalin","tag-telegrama","tag-tezaur","tag-tinutul","tag-titel-petrescu","tag-tradare","tag-unite","tag-uniunea-sovietica","tag-urss"],"rise-blocks_total_comments":3,"rise-blocks_categories":[{"term_id":29,"name":"Al II-a Razboi Mondial","slug":"al-ii-a-razboi-mondial","term_group":0,"term_taxonomy_id":29,"taxonomy":"category","description":"","parent":28,"count":6,"filter":"raw"}],"rise-blocks_excerpt":"Au trecut 48 de ani de la acel 23 august 1944, eveniment de un dramatism aparte \u00een istoria Rom\u00e2niei. Istoricii rom\u00e2ni \u0219i str\u0103ini, \u0219i nu numai ei, au investigat evenimentul pentru a aduce la lumin\u0103 semnifica\u021biile momentului pentru \u021bara noastr\u0103 dar \u0219i pentru Europa \u0219i lume. La un consens nu s-a ajuns \u0219i nici nu se va ajunge u\u0219or \u0219i..","yoast_head":"<!-- This site is optimized with the Yoast SEO plugin v26.9 - https:\/\/yoast.com\/product\/yoast-seo-wordpress\/ -->\r\n<title>Mihai I si ziua de 23 august -<\/title>\r\n<meta name=\"robots\" content=\"index, follow, max-snippet:-1, max-image-preview:large, max-video-preview:-1\" \/>\r\n<link rel=\"canonical\" href=\"https:\/\/desteptati-va.ro\/index.php\/2021\/04\/15\/mihai-i-si-ziua-de-23-august\/\" \/>\r\n<meta property=\"og:locale\" content=\"ro_RO\" \/>\r\n<meta property=\"og:type\" content=\"article\" \/>\r\n<meta property=\"og:title\" content=\"Mihai I si ziua de 23 august -\" \/>\r\n<meta property=\"og:description\" content=\"Au trecut 48 de ani de la acel 23 august 1944, eveniment de un dramatism aparte \u00een istoria Rom\u00e2niei. IstoriciiRead More\" \/>\r\n<meta property=\"og:url\" content=\"https:\/\/desteptati-va.ro\/index.php\/2021\/04\/15\/mihai-i-si-ziua-de-23-august\/\" \/>\r\n<meta property=\"article:published_time\" content=\"2021-04-15T09:04:31+00:00\" \/>\r\n<meta property=\"article:modified_time\" content=\"2022-01-17T19:00:03+00:00\" \/>\r\n<meta property=\"og:image\" content=\"https:\/\/desteptati-va.ro\/wp-content\/uploads\/2021\/04\/Ion-Antonescu-rezolutiile-maresalului-Antonescu.jpg\" \/>\r\n\t<meta property=\"og:image:width\" content=\"500\" \/>\r\n\t<meta property=\"og:image:height\" content=\"361\" \/>\r\n\t<meta property=\"og:image:type\" content=\"image\/jpeg\" \/>\r\n<meta name=\"author\" content=\"wolfsoftcompany\" \/>\r\n<meta name=\"twitter:card\" content=\"summary_large_image\" \/>\r\n<meta name=\"twitter:label1\" content=\"Scris de\" \/>\n\t<meta name=\"twitter:data1\" content=\"wolfsoftcompany\" \/>\n\t<meta name=\"twitter:label2\" content=\"Timp estimat pentru citire\" \/>\n\t<meta name=\"twitter:data2\" content=\"15 minute\" \/>\r\n<script type=\"application\/ld+json\" class=\"yoast-schema-graph\">{\"@context\":\"https:\/\/schema.org\",\"@graph\":[{\"@type\":\"Article\",\"@id\":\"https:\/\/desteptati-va.ro\/index.php\/2021\/04\/15\/mihai-i-si-ziua-de-23-august\/#article\",\"isPartOf\":{\"@id\":\"https:\/\/desteptati-va.ro\/index.php\/2021\/04\/15\/mihai-i-si-ziua-de-23-august\/\"},\"author\":{\"name\":\"wolfsoftcompany\",\"@id\":\"https:\/\/desteptati-va.ro\/#\/schema\/person\/13182deeebd44920914899f7bb262d6b\"},\"headline\":\"Mihai I si ziua de 23 august\",\"datePublished\":\"2021-04-15T09:04:31+00:00\",\"dateModified\":\"2022-01-17T19:00:03+00:00\",\"mainEntityOfPage\":{\"@id\":\"https:\/\/desteptati-va.ro\/index.php\/2021\/04\/15\/mihai-i-si-ziua-de-23-august\/\"},\"wordCount\":3064,\"commentCount\":0,\"image\":{\"@id\":\"https:\/\/desteptati-va.ro\/index.php\/2021\/04\/15\/mihai-i-si-ziua-de-23-august\/#primaryimage\"},\"thumbnailUrl\":\"https:\/\/desteptati-va.ro\/wp-content\/uploads\/2021\/04\/Ion-Antonescu-rezolutiile-maresalului-Antonescu.jpg\",\"keywords\":[\"1944\",\"23 august\",\"Antonescu\",\"Ardeal\",\"aur\",\"Basarabia\",\"Bodnaras\",\"Bratianu\",\"Bucovina\",\"Cairo\",\"cifrat\",\"contacte\",\"desteptati\",\"desteptati-va\",\"duplicitate\",\"emisar\",\"furt\",\"Germania\",\"Herta\",\"Hitler\",\"Hohenzollern\",\"infrant\",\"Ion Antonescu\",\"istorie\",\"jaf\",\"Kremlin\",\"legaturi\",\"lovitura\",\"MAE\",\"Maniu\",\"maresal\",\"Mihai\",\"monarh\",\"Moscova\",\"Natiunile\",\"Niculescu-Buzesti\",\"NKVD\",\"Nord\",\"pagubitoare\",\"palat\",\"Patrascanu\",\"politica\",\"politicieni\",\"rege\",\"Romania\",\"sacrificii\",\"soldat\",\"Stalin\",\"telegrama\",\"tezaur\",\"Tinutul\",\"Titel Petrescu\",\"tradare\",\"Unite\",\"Uniunea Sovietica\",\"URSS\"],\"articleSection\":[\"Al II-a Razboi Mondial\"],\"inLanguage\":\"ro-RO\",\"potentialAction\":[{\"@type\":\"CommentAction\",\"name\":\"Comment\",\"target\":[\"https:\/\/desteptati-va.ro\/index.php\/2021\/04\/15\/mihai-i-si-ziua-de-23-august\/#respond\"]}]},{\"@type\":\"WebPage\",\"@id\":\"https:\/\/desteptati-va.ro\/index.php\/2021\/04\/15\/mihai-i-si-ziua-de-23-august\/\",\"url\":\"https:\/\/desteptati-va.ro\/index.php\/2021\/04\/15\/mihai-i-si-ziua-de-23-august\/\",\"name\":\"Mihai I si ziua de 23 august -\",\"isPartOf\":{\"@id\":\"https:\/\/desteptati-va.ro\/#website\"},\"primaryImageOfPage\":{\"@id\":\"https:\/\/desteptati-va.ro\/index.php\/2021\/04\/15\/mihai-i-si-ziua-de-23-august\/#primaryimage\"},\"image\":{\"@id\":\"https:\/\/desteptati-va.ro\/index.php\/2021\/04\/15\/mihai-i-si-ziua-de-23-august\/#primaryimage\"},\"thumbnailUrl\":\"https:\/\/desteptati-va.ro\/wp-content\/uploads\/2021\/04\/Ion-Antonescu-rezolutiile-maresalului-Antonescu.jpg\",\"datePublished\":\"2021-04-15T09:04:31+00:00\",\"dateModified\":\"2022-01-17T19:00:03+00:00\",\"author\":{\"@id\":\"https:\/\/desteptati-va.ro\/#\/schema\/person\/13182deeebd44920914899f7bb262d6b\"},\"breadcrumb\":{\"@id\":\"https:\/\/desteptati-va.ro\/index.php\/2021\/04\/15\/mihai-i-si-ziua-de-23-august\/#breadcrumb\"},\"inLanguage\":\"ro-RO\",\"potentialAction\":[{\"@type\":\"ReadAction\",\"target\":[\"https:\/\/desteptati-va.ro\/index.php\/2021\/04\/15\/mihai-i-si-ziua-de-23-august\/\"]}]},{\"@type\":\"ImageObject\",\"inLanguage\":\"ro-RO\",\"@id\":\"https:\/\/desteptati-va.ro\/index.php\/2021\/04\/15\/mihai-i-si-ziua-de-23-august\/#primaryimage\",\"url\":\"https:\/\/desteptati-va.ro\/wp-content\/uploads\/2021\/04\/Ion-Antonescu-rezolutiile-maresalului-Antonescu.jpg\",\"contentUrl\":\"https:\/\/desteptati-va.ro\/wp-content\/uploads\/2021\/04\/Ion-Antonescu-rezolutiile-maresalului-Antonescu.jpg\",\"width\":500,\"height\":361},{\"@type\":\"BreadcrumbList\",\"@id\":\"https:\/\/desteptati-va.ro\/index.php\/2021\/04\/15\/mihai-i-si-ziua-de-23-august\/#breadcrumb\",\"itemListElement\":[{\"@type\":\"ListItem\",\"position\":1,\"name\":\"Prima pagin\u0103\",\"item\":\"https:\/\/desteptati-va.ro\/\"},{\"@type\":\"ListItem\",\"position\":2,\"name\":\"Mihai I si ziua de 23 august\"}]},{\"@type\":\"WebSite\",\"@id\":\"https:\/\/desteptati-va.ro\/#website\",\"url\":\"https:\/\/desteptati-va.ro\/\",\"name\":\"\",\"description\":\"\",\"potentialAction\":[{\"@type\":\"SearchAction\",\"target\":{\"@type\":\"EntryPoint\",\"urlTemplate\":\"https:\/\/desteptati-va.ro\/?s={search_term_string}\"},\"query-input\":{\"@type\":\"PropertyValueSpecification\",\"valueRequired\":true,\"valueName\":\"search_term_string\"}}],\"inLanguage\":\"ro-RO\"},{\"@type\":\"Person\",\"@id\":\"https:\/\/desteptati-va.ro\/#\/schema\/person\/13182deeebd44920914899f7bb262d6b\",\"name\":\"wolfsoftcompany\",\"image\":{\"@type\":\"ImageObject\",\"inLanguage\":\"ro-RO\",\"@id\":\"https:\/\/desteptati-va.ro\/#\/schema\/person\/image\/\",\"url\":\"https:\/\/secure.gravatar.com\/avatar\/a6cce9b6d101d27d91690e7073e300fed94c0899890bf998e082cb9d2c3d121e?s=96&d=mm&r=g\",\"contentUrl\":\"https:\/\/secure.gravatar.com\/avatar\/a6cce9b6d101d27d91690e7073e300fed94c0899890bf998e082cb9d2c3d121e?s=96&d=mm&r=g\",\"caption\":\"wolfsoftcompany\"},\"sameAs\":[\"http:\/\/desteptati-va.ro\"],\"url\":\"https:\/\/desteptati-va.ro\/index.php\/author\/wolfsoftcompany\/\"}]}<\/script>\r\n<!-- \/ Yoast SEO plugin. -->","yoast_head_json":{"title":"Mihai I si ziua de 23 august -","robots":{"index":"index","follow":"follow","max-snippet":"max-snippet:-1","max-image-preview":"max-image-preview:large","max-video-preview":"max-video-preview:-1"},"canonical":"https:\/\/desteptati-va.ro\/index.php\/2021\/04\/15\/mihai-i-si-ziua-de-23-august\/","og_locale":"ro_RO","og_type":"article","og_title":"Mihai I si ziua de 23 august -","og_description":"Au trecut 48 de ani de la acel 23 august 1944, eveniment de un dramatism aparte \u00een istoria Rom\u00e2niei. IstoriciiRead More","og_url":"https:\/\/desteptati-va.ro\/index.php\/2021\/04\/15\/mihai-i-si-ziua-de-23-august\/","article_published_time":"2021-04-15T09:04:31+00:00","article_modified_time":"2022-01-17T19:00:03+00:00","og_image":[{"width":500,"height":361,"url":"https:\/\/desteptati-va.ro\/wp-content\/uploads\/2021\/04\/Ion-Antonescu-rezolutiile-maresalului-Antonescu.jpg","type":"image\/jpeg"}],"author":"wolfsoftcompany","twitter_card":"summary_large_image","twitter_misc":{"Scris de":"wolfsoftcompany","Timp estimat pentru citire":"15 minute"},"schema":{"@context":"https:\/\/schema.org","@graph":[{"@type":"Article","@id":"https:\/\/desteptati-va.ro\/index.php\/2021\/04\/15\/mihai-i-si-ziua-de-23-august\/#article","isPartOf":{"@id":"https:\/\/desteptati-va.ro\/index.php\/2021\/04\/15\/mihai-i-si-ziua-de-23-august\/"},"author":{"name":"wolfsoftcompany","@id":"https:\/\/desteptati-va.ro\/#\/schema\/person\/13182deeebd44920914899f7bb262d6b"},"headline":"Mihai I si ziua de 23 august","datePublished":"2021-04-15T09:04:31+00:00","dateModified":"2022-01-17T19:00:03+00:00","mainEntityOfPage":{"@id":"https:\/\/desteptati-va.ro\/index.php\/2021\/04\/15\/mihai-i-si-ziua-de-23-august\/"},"wordCount":3064,"commentCount":0,"image":{"@id":"https:\/\/desteptati-va.ro\/index.php\/2021\/04\/15\/mihai-i-si-ziua-de-23-august\/#primaryimage"},"thumbnailUrl":"https:\/\/desteptati-va.ro\/wp-content\/uploads\/2021\/04\/Ion-Antonescu-rezolutiile-maresalului-Antonescu.jpg","keywords":["1944","23 august","Antonescu","Ardeal","aur","Basarabia","Bodnaras","Bratianu","Bucovina","Cairo","cifrat","contacte","desteptati","desteptati-va","duplicitate","emisar","furt","Germania","Herta","Hitler","Hohenzollern","infrant","Ion Antonescu","istorie","jaf","Kremlin","legaturi","lovitura","MAE","Maniu","maresal","Mihai","monarh","Moscova","Natiunile","Niculescu-Buzesti","NKVD","Nord","pagubitoare","palat","Patrascanu","politica","politicieni","rege","Romania","sacrificii","soldat","Stalin","telegrama","tezaur","Tinutul","Titel Petrescu","tradare","Unite","Uniunea Sovietica","URSS"],"articleSection":["Al II-a Razboi Mondial"],"inLanguage":"ro-RO","potentialAction":[{"@type":"CommentAction","name":"Comment","target":["https:\/\/desteptati-va.ro\/index.php\/2021\/04\/15\/mihai-i-si-ziua-de-23-august\/#respond"]}]},{"@type":"WebPage","@id":"https:\/\/desteptati-va.ro\/index.php\/2021\/04\/15\/mihai-i-si-ziua-de-23-august\/","url":"https:\/\/desteptati-va.ro\/index.php\/2021\/04\/15\/mihai-i-si-ziua-de-23-august\/","name":"Mihai I si ziua de 23 august -","isPartOf":{"@id":"https:\/\/desteptati-va.ro\/#website"},"primaryImageOfPage":{"@id":"https:\/\/desteptati-va.ro\/index.php\/2021\/04\/15\/mihai-i-si-ziua-de-23-august\/#primaryimage"},"image":{"@id":"https:\/\/desteptati-va.ro\/index.php\/2021\/04\/15\/mihai-i-si-ziua-de-23-august\/#primaryimage"},"thumbnailUrl":"https:\/\/desteptati-va.ro\/wp-content\/uploads\/2021\/04\/Ion-Antonescu-rezolutiile-maresalului-Antonescu.jpg","datePublished":"2021-04-15T09:04:31+00:00","dateModified":"2022-01-17T19:00:03+00:00","author":{"@id":"https:\/\/desteptati-va.ro\/#\/schema\/person\/13182deeebd44920914899f7bb262d6b"},"breadcrumb":{"@id":"https:\/\/desteptati-va.ro\/index.php\/2021\/04\/15\/mihai-i-si-ziua-de-23-august\/#breadcrumb"},"inLanguage":"ro-RO","potentialAction":[{"@type":"ReadAction","target":["https:\/\/desteptati-va.ro\/index.php\/2021\/04\/15\/mihai-i-si-ziua-de-23-august\/"]}]},{"@type":"ImageObject","inLanguage":"ro-RO","@id":"https:\/\/desteptati-va.ro\/index.php\/2021\/04\/15\/mihai-i-si-ziua-de-23-august\/#primaryimage","url":"https:\/\/desteptati-va.ro\/wp-content\/uploads\/2021\/04\/Ion-Antonescu-rezolutiile-maresalului-Antonescu.jpg","contentUrl":"https:\/\/desteptati-va.ro\/wp-content\/uploads\/2021\/04\/Ion-Antonescu-rezolutiile-maresalului-Antonescu.jpg","width":500,"height":361},{"@type":"BreadcrumbList","@id":"https:\/\/desteptati-va.ro\/index.php\/2021\/04\/15\/mihai-i-si-ziua-de-23-august\/#breadcrumb","itemListElement":[{"@type":"ListItem","position":1,"name":"Prima pagin\u0103","item":"https:\/\/desteptati-va.ro\/"},{"@type":"ListItem","position":2,"name":"Mihai I si ziua de 23 august"}]},{"@type":"WebSite","@id":"https:\/\/desteptati-va.ro\/#website","url":"https:\/\/desteptati-va.ro\/","name":"","description":"","potentialAction":[{"@type":"SearchAction","target":{"@type":"EntryPoint","urlTemplate":"https:\/\/desteptati-va.ro\/?s={search_term_string}"},"query-input":{"@type":"PropertyValueSpecification","valueRequired":true,"valueName":"search_term_string"}}],"inLanguage":"ro-RO"},{"@type":"Person","@id":"https:\/\/desteptati-va.ro\/#\/schema\/person\/13182deeebd44920914899f7bb262d6b","name":"wolfsoftcompany","image":{"@type":"ImageObject","inLanguage":"ro-RO","@id":"https:\/\/desteptati-va.ro\/#\/schema\/person\/image\/","url":"https:\/\/secure.gravatar.com\/avatar\/a6cce9b6d101d27d91690e7073e300fed94c0899890bf998e082cb9d2c3d121e?s=96&d=mm&r=g","contentUrl":"https:\/\/secure.gravatar.com\/avatar\/a6cce9b6d101d27d91690e7073e300fed94c0899890bf998e082cb9d2c3d121e?s=96&d=mm&r=g","caption":"wolfsoftcompany"},"sameAs":["http:\/\/desteptati-va.ro"],"url":"https:\/\/desteptati-va.ro\/index.php\/author\/wolfsoftcompany\/"}]}},"_links":{"self":[{"href":"https:\/\/desteptati-va.ro\/index.php\/wp-json\/wp\/v2\/posts\/3531","targetHints":{"allow":["GET"]}}],"collection":[{"href":"https:\/\/desteptati-va.ro\/index.php\/wp-json\/wp\/v2\/posts"}],"about":[{"href":"https:\/\/desteptati-va.ro\/index.php\/wp-json\/wp\/v2\/types\/post"}],"author":[{"embeddable":true,"href":"https:\/\/desteptati-va.ro\/index.php\/wp-json\/wp\/v2\/users\/1"}],"replies":[{"embeddable":true,"href":"https:\/\/desteptati-va.ro\/index.php\/wp-json\/wp\/v2\/comments?post=3531"}],"version-history":[{"count":2,"href":"https:\/\/desteptati-va.ro\/index.php\/wp-json\/wp\/v2\/posts\/3531\/revisions"}],"predecessor-version":[{"id":4456,"href":"https:\/\/desteptati-va.ro\/index.php\/wp-json\/wp\/v2\/posts\/3531\/revisions\/4456"}],"wp:featuredmedia":[{"embeddable":true,"href":"https:\/\/desteptati-va.ro\/index.php\/wp-json\/wp\/v2\/media\/1497"}],"wp:attachment":[{"href":"https:\/\/desteptati-va.ro\/index.php\/wp-json\/wp\/v2\/media?parent=3531"}],"wp:term":[{"taxonomy":"category","embeddable":true,"href":"https:\/\/desteptati-va.ro\/index.php\/wp-json\/wp\/v2\/categories?post=3531"},{"taxonomy":"post_tag","embeddable":true,"href":"https:\/\/desteptati-va.ro\/index.php\/wp-json\/wp\/v2\/tags?post=3531"}],"curies":[{"name":"wp","href":"https:\/\/api.w.org\/{rel}","templated":true}]}}