{"id":3537,"date":"2021-04-15T09:09:20","date_gmt":"2021-04-15T09:09:20","guid":{"rendered":"http:\/\/desteptati.ro\/?p=3537"},"modified":"2022-01-17T23:32:42","modified_gmt":"2022-01-17T21:32:42","slug":"mesajul-unui-roman-ucis-de-unii-si-de-altii-izbitor-de-actual","status":"publish","type":"post","link":"https:\/\/desteptati-va.ro\/index.php\/2021\/04\/15\/mesajul-unui-roman-ucis-de-unii-si-de-altii-izbitor-de-actual\/","title":{"rendered":"Mesajul unui roman ucis de unii si de altii &#8211; izbitor de actual"},"content":{"rendered":"<div class=\"post-content\"><div class='booster-block booster-read-block'>\n                <div class=\"twp-read-time\">\n                \t<i class=\"booster-icon twp-clock\"><\/i> <span>Read Time:<\/span>12 Minute, 49 Second                <\/div>\n\n            <\/div><h3 style=\"text-align: justify;\"><strong>\u201eScrisoare de r\u0103spuns adresat\u0103 lui C.I.C. Br\u0103tianu\u201d (29 octombrie 1942) &#8211; Ion Antonescu<\/strong><\/h3>\n<h4 style=\"text-align: justify;\">Am l\u0103sat f\u0103r\u0103 r\u0103spuns scrisorile dumneavoastr\u0103 anterioare. Am f\u0103cut-o din \u00een\u0163elepciune, fiindc\u0103 urm\u0103ream unirea, \u015fi nu vrajba. Puteam s\u0103 v\u0103 r\u0103spund, aduc\u00e2nd justi\u0163iei pe to\u0163i vinova\u0163ii de catastrofa moral\u0103 \u015fi politic\u0103 a \u0163\u0103rii, printre care sunte\u0163i, \u00een primul r\u00e2nd, \u015fi dumneavoastr\u0103. Na\u0163ia o dore\u015fte \u015fi o a\u015fteapt\u0103 de la mine. Nu am f\u0103cut-o totu\u015fi, fiindc\u0103 nu am voit s\u0103 a\u0163\u00e2\u0163 \u015fi mai mult spiritele \u015fi, mai ales, nu am voit s\u0103 dau un spectacol care ar fi fost speculat de inamicii no\u015ftri. Am l\u0103sat ziua acestor r\u0103fuieli mai t\u00e2rziu. Abuza\u0163i, \u00eens\u0103, de r\u0103bdarea, de t\u0103cerea \u015fi de \u00een\u0163elepciunea mea \u015fi, r\u00e2nd pe r\u00e2nd, la scurte intervale de timp, \u00eemi trimite\u0163i, c\u00e2nd dumneavoastr\u0103, c\u00e2nd dl. Maniu, avertismente, sfaturi \u015fi acuza\u0163iuni. \u00cen virtutea c\u0103rui drept? Ce reprezenta\u0163i \u00een aceast\u0103 \u0163ar\u0103 , dumneavoastr\u0103, to\u0163i fo\u015ftii oameni politici, \u00een afar\u0103 de interesele dumneavoastr\u0103 egoiste \u015fi un trecut politic total compromis \u015fi dureros?! Uita\u0163i, domnule Br\u0103tianu, <strong>c\u0103 eu sunt omul<\/strong> <strong>muncii mele \u015fi martirul gre\u015felilor acelora care au primit \u00een 1918 Rom\u00e2nia Mare<\/strong> \u015fi au dus-o, dup\u0103 22 de ani de conducere, \u00een pr\u0103pastia de unde am luat-o eu \u00een 1940, pe c\u00e2nd dumneavoastr\u0103 sunte\u0163i din profitorii \u015fi d\u0103r\u00e2m\u0103torii unei mo\u015fteniri mari. \u00cen mai pu\u0163in de un sfert de secol, fiecare \u00een parte \u015fi to\u0163i la un loc, a\u0163i pr\u0103bu\u015fit lupta, sacrificiile \u015fi suferin\u0163ele duse \u015fi \u00eendurate, 20 de secole, de poporul nostru, pentru a face unitatea sa politic\u0103. Orice ap\u0103rare \u00eencerca\u0163i\u00a0\u00a0 \u015fi orice diversiune face\u0163i dumneavoastr\u0103, conduc\u0103torii politici de ieri, purta\u0163i pe umeri aceast\u0103 r\u0103spundere.<\/h4>\n<h4 style=\"text-align: justify;\">Dumneavoastr\u0103, liberalii, mai mult ca al\u0163ii, fiindc\u0103 \u015fi din opozi\u0163ie \u015fi de la guvern, prin ac\u0163iunea dumneavoastr\u0103 de dirijare \u015fi de\u00a0 \u00eendrumare a vie\u0163ii noastre politice, economice, morale \u015fi spirituale, exercitat\u0103 direct \u015fi indirect, de\u00a0 pe b\u0103ncile ministeriale, din birourile b\u0103ncilor \u015fi din culisele politice, a\u0163i dus \u0163ara la catastrofa din 1940. Sta\u0163i fa\u0163\u0103 \u00een fa\u0163\u0103 cu con\u015ftiin\u0163a dumneavoastr\u0103, dep\u0103na\u0163i cu corectitudine, pas cu pas, at\u00e2t actele dumneavoastr\u0103, c\u00e2t \u015fi pe ale acelora cu care, r\u00e2nd pe r\u00e2nd, v-a\u0163i \u00eentov\u0103r\u0103\u015fit \u015fi v-a\u0163i acuzat, \u00een fa\u0163a na\u0163iei dezolate, scandalizate \u015fi \u00eenm\u0103rmurite; r\u0103sfoi\u0163i toat\u0103 colec\u0163ia ziarelor din ultimii 40 de ani, \u00eencep\u00e2nd cu\u00a0<em>Universul<\/em> \u015fi termin\u00e2nd cu\u00a0<em>Viitorul<\/em> \u015fi cu ziarele jidove\u015fti pe care se sprijinea na\u0163ionalistul domn Maniu \u015fi v\u0103 reaminti\u0163i: cine sunte\u0163i dumneavoastr\u0103 \u015fi dumnealui; c\u00e2te p\u0103cate a\u0163i f\u0103cut; cum v-a\u0163i calificat singuri \u015fi cum v-a calificat na\u0163ia; c\u00e2te r\u0103spunsuri ave\u0163i. Pentru a v\u0103 u\u015fura munca, v\u0103 reamintesc, domnule Br\u0103tianu, c\u0103, \u00eempreun\u0103 cu dl. Maniu, v-a\u0163i acuzat public \u015fi zilnic, \u00een pres\u0103, \u00een \u00eentruniri, \u00een parlament, de: \u201eincapacitate\u201d; \u201et\u00e2lh\u0103rie\u201d; \u201efalsific\u0103ri\u201d \u015fi \u201efurturi de urne\u201d, \u00een Bucure\u015fti, pentru ob\u0163inerea puterii; \u201edemisii \u00een alb\u201d; \u201eb\u0103t\u0103i \u015fi omoruri\u201d; \u201ec\u0103lcarea legilor \u015fi Constitu\u0163iei\u201d; lu\u0103ri de comisioane\u201d la toate furniturile statului; \u201etrafic\u0103rile de influen\u0163\u0103\u201d practicate de partizanii, deputa\u0163ii, mini\u015ftrii \u015fi pre\u015fedin\u0163ii corpurilor dumneavoastr\u0103 legiutoare; \u201escandalurile cu contingent\u0103rile\u201d cu \u201egr\u00e2ul britanic\u201d; modul cum a\u0163i f\u0103cut reforma agrar\u0103 \u015fi cum \u201ea\u0163i profitat de ea\u201d; risipa avutului public; \u201econcesion\u0103rile oneroase ale bunurilor statului\u201d; \u201edemagogie\u201d; incorectitudine civic\u0103, provocat\u0103 de faptul c\u0103 atunci c\u00e2nd era\u0163i \u00een opozi\u0163ie dirija\u0163i ocult statul, \u00een profitul intereselor d-umneavoastr\u0103 \u015fi ale jidanilor din ale c\u0103ror consilii de administra\u0163ie \u2013 mari \u015fi mici \u2013 f\u0103cea\u0163i parte, iar de pe fotoliile ministeriale \u00eencuraja\u0163i \u015fi favoriza\u0163i, acoperea\u0163i \u015fi mu\u015famaliza\u0163i afacerile lor \u015fi ale d-str\u0103, \u00een detrimentul statului. Ad\u0103uga\u0163i, la acest bogat \u015fi concludent stat de serviciu al partizanilor \u015fi al adversarilor dumneavoastr\u0103 de ieri, cu care \u2013 ca totdeauna c\u00e2nd v\u0103 g\u0103si\u0163i \u00een opozi\u0163ie \u2013 sunte\u0163i azi prieteni: cazurile, pe care na\u0163ia le \u0163ine numai \u00een dormitoare, ale domnilor T\u0103t\u0103rescu, B\u00e2rsan, Boil\u0103, Aristide Blank \u015fi afacerea Skoda; ruinarea poporului, prin dob\u00e2nzile oneroase care au pr\u0103bu\u015fit\u00a0 economiile, avutul \u015fi munca tuturor, de la \u0163\u0103ran la marele proprietar, de la micul p\u00e2n\u0103 la marele negustor rom\u00e2n; ravagiile f\u0103cute de conversiune \u015fi de concesionarea bunurilor statului, pe care am \u00eenceput s\u0103 le r\u0103scump\u0103r eu; \u00eemprumuturile externe, oneroase \u015fi umilitoare; introducerea controlului str\u0103in la Banca Na\u0163ional\u0103 \u015fi C\u0103ile Ferate, comisioanele scandaloase etc. etc. \u015fi ve\u0163i avea, domnule Br\u0103tianu, imaginea unui trecut tragic, pe care l-am pl\u0103tit at\u00e2t de scump \u015fi pe care na\u0163ia \u00eentreag\u0103 o are permanent \u00een fa\u0163a ochilor s\u0103i<img loading=\"lazy\" decoding=\"async\" class=\"size-medium wp-image-886 alignleft\" src=\"https:\/\/desteptati-va.ro\/wp-content\/uploads\/2021\/04\/IonelBratianu3b40761r-1-205x300.jpg\" alt=\"\" width=\"205\" height=\"300\" srcset=\"https:\/\/desteptati-va.ro\/wp-content\/uploads\/2021\/04\/IonelBratianu3b40761r-1-205x300.jpg 205w, https:\/\/desteptati-va.ro\/wp-content\/uploads\/2021\/04\/IonelBratianu3b40761r-1.jpg 437w\" sizes=\"auto, (max-width: 205px) 100vw, 205px\" \/><\/h4>\n<h4 style=\"text-align: justify;\">Totu\u015fi, domnule Br\u0103tianu, cu to\u0163ii crede\u0163i c\u0103 toate acestea au fost uitate \u015fi, cu perfidia politicianist\u0103 de alt\u0103 dat\u0103 \u2013 de totdeauna \u2013 at\u00e2t\u00a0 de bine cunoscut\u0103, v\u0103 a\u015feza\u0163i cu cinism pe acest trecut \u015fi \u2013 de la cel dint\u00e2i dintre dumneavoastr\u0103, p\u00e2n\u0103 la cel din urm\u0103 \u2013 \u00eencerca\u0163i s\u0103 acuza\u0163i \u015fi s\u0103 sabota\u0163i, pe sub m\u00e2n\u0103, opera de \u00eendreptare \u015fi consolidare la care s-a antrenat toat\u0103 na\u0163ia \u015fi s\u0103 t\u0103ia\u0163i elanul unui om care nu a avut, nu are \u015fi nu va avea nici mo\u015fii, nici vii, nici pivni\u0163i de desfacere, nici bani depu\u015fi,\u00a0 nici industrii, nici consilii de administra\u0163ie, nici safeuri, \u00een \u0163ar\u0103 \u015fi str\u0103in\u0103tate, nici cupoane de t\u0103iat, nici timp de pierdut la club \u015fi care nu \u015fi-a pricopsit nici cumna\u0163ii, nici nepo\u0163ii, nici prietenii, nici partizanii, nici adversarii. Chiar dac\u0103 am gre\u015fit, gre\u015fesc sau voi gre\u015fi, nu pot fi acuzat, domnule Br\u0103tianu, de nici unul dintre dumneavoastr\u0103. Fi\u0163i \u00eencredin\u0163a\u0163i, sunte\u0163i \u00eenfiera\u0163i \u015fi pu\u015fi chiar de genera\u0163ia actual\u0103 pe banca acuza\u0163ilor. Dac\u0103 va fi s\u0103 fiu \u015fi eu pe aceast\u0103 banc\u0103, pentru c\u0103 fac tot ceea ce un om putea s\u0103 fac\u0103, nu numai pentru a slava un neam de la dezunire \u015fi de la pr\u0103bu\u015fire, dar \u015fi pentru a-l \u00eentregi \u015fi a-i asigura o via\u0163\u0103 nou\u0103, \u00een onoare \u015fi \u00een munc\u0103, atunci \u00een nici un caz nu ve\u0163i fi dumneavoastr\u0103 acuzatorii \u015fi \u00een nici un caz nu voi fi pus al\u0103turi de dumneavoastr\u0103 \u015fi acuzat de acelea\u015fi gre\u015feli ca dumneavoastr\u0103. Fac aceast\u0103 afirmare nu pentru c\u0103 m\u0103 simt vinovat cu ceva fa\u0163\u0103 de \u0163ar\u0103, dar pentru c\u0103 \u015ftiu ce au suferit, din antichitate \u015fi\u00a0 p\u00e2n\u0103 azi, de la Socrate \u015fi Demostene, p\u00e2n\u0103 la Clemenceanu, at\u00e2\u0163ia nenum\u0103ra\u0163i \u2013 mici \u015fi mari \u2013 oameni care \u015fi-au servit poporul cu credin\u0163\u0103, cu devotament \u015fi cu folos \u015fi, mai ales, pentru c\u0103 nu au uitat c\u0103 \u00een Ia\u015fi, \u00een tragica prim\u0103var\u0103 din 1918, \u015fi chiar la Bucure\u015fti, dup\u0103 Unire, s-a cerut trimiterea \u00een judecat\u0103 \u015fi condamnarea fratelui dumneavoastr\u0103, at\u00e2t pentru c\u0103 f\u0103cuse r\u0103zboiul, c\u00e2t \u015fi pentru dezm\u0103\u0163ul creat de nepriceperea dumneavoastr\u0103 a tuturor, chiar de c\u0103tre aceia care ceruser\u0103 intrarea \u00een lupt\u0103; care \u00eel acuzaser\u0103 \u00een 1914\u20131915 de lunga \u015fi dezm\u0103\u0163ata perioad\u0103 de neutralitate; care au aplaudat cu frenezie intrarea \u00een r\u0103zboi \u015fi care, ca o culme a cinismului lor, erau ei \u00een\u015fi\u015fi vinova\u0163i de modul cum fusese administrat\u0103 \u015fi ruinat\u0103 \u0163ara.<\/h4>\n<h4 style=\"text-align: justify;\">Eu \u015fi mul\u0163i al\u0163ii \u00eenc\u0103 nu am uitat ridicolul acestei \u00eendr\u0103zneli pe care istoria l-a \u00eenregistrat. Oricum ar fi \u00eens\u0103 eu nu voi\u00a0 putea fi acuzat de dumneavoastr\u0103 \u015fi nici pus pe aceia\u015fi banc\u0103 cu dumneavoastr\u0103, pentru c\u0103 nu sunt nici profitorul\u00a0 \u00a0meritelor predecesorilor mei \u015fi nici <em>\u015feful unei bande de corbi odio\u015fi<\/em>, care au ajuns la conducere prin \u201eminciun\u0103\u201d, \u201epromisiuni\u201d, \u201efurt de urne\u201d sau prin \u201esprijin ocult masonic \u015fi iudaic\u201d, ci sunt omul adus de un trecut onest \u015fi de voin\u0163a unanim\u0103 a unei na\u0163ii care, pentru a se slava, a f\u0103cut apel la mine, iar nu la dumneavoastr\u0103 sau la dl. Maniu, \u015fi nici la domnii care stau \u00een jurul dumneavoastr\u0103 \u015fi cu care a\u0163i f\u0103cut \u015fi face\u0163i sistem. Niciodat\u0103, pentru a fi salvat\u0103, na\u0163iunea, armata \u015fi corpurile constituite nu au indicat numele dumneavoastr\u0103 sau al d-lui Maniu, \u00een ultimii ani ai tragicei guvern\u0103ri, care s-a sf\u00e2r\u015fit la 6 septembrie 1940. Dumneavoastr\u0103 v-a\u0163i strecurat \u015fi v-a\u0163i al\u0103turat\u00a0 acestei mul\u0163imi, cu discre\u0163ia impus\u0103 de instinctul r\u0103spunderii pe care o ave\u0163i \u015fi a dorin\u0163ei legitime de a v\u0103 salva \u015fi nu a\u0163i f\u0103cut nici un gest pentru a v\u0103 valorifica drepturile la conducere, c\u00e2nd aceast\u0103 mul\u0163ime spulber\u0103 un regim care era de fapt al dumneavoastr\u0103 \u015fi c\u00e2nd aclama un om nou, care eram eu.<\/h4>\n<h4 style=\"text-align: justify;\">C\u00e2nd am intrat \u00een r\u0103zboi, cu pruden\u0163\u0103 caracteristic\u0103 a politicienilor valoro\u015fi nu v-a\u0163i manifestat nici pentru, nici contra. Dup\u0103 ce am reluat Basarabia \u015fi Bucovina , v-a\u0163i\u00a0 gr\u0103bit s\u0103-mi cere\u0163i, \u015fi dumneavoastr\u0103, \u015fi domnul Maniu, s\u0103 m\u0103 opresc la Nistru. V-am ar\u0103tat considera\u0163iunile militare, politice, economice \u015fi morale pentru care nu puteam s\u0103 o fac \u015fi v-am invitat, <em>pentru a treia oar\u0103<\/em>, s\u0103 lua\u0163i conducerea, r\u0103spunderea \u015fi riscurile unei asemenea ac\u0163iuni. Bine\u00een\u0163eles, <em>a\u0163i refuzat<\/em>. Dup\u0103 omorurile de la Jilava \u015fi imediat dup\u0103 rebeliune, mi-a\u0163i trimis memorii prin care \u00eemi ar\u0103ta\u0163i situa\u0163ia \u015fi-mi d\u0103dea\u0163i\u00a0 noi sfaturi. V-am oferit s\u0103 lua\u0163i conducerea \u015fi s\u0103 face\u0163i cum crede\u0163i c\u0103 este mai bine. \u015ei unul, \u015fi altul v-a\u0163i scuturat. Lu\u00e2ndu-v\u0103 dup\u0103 c\u00e2\u0163iva ofi\u0163eri, f\u0103r\u0103 prestigiu militar, care au deraiat dup\u0103 linia principiilor s\u0103n\u0103toase strategice, morale \u015fi politice,\u00a0 pe care poate c\u0103 nici nu le-au avut vreodat\u0103, mi-a\u0163i cerut s\u0103 retrag\u00a0 armata din Rusia \u015fi m-a\u0163i \u00eendemnat s\u0103 m\u0103 \u201earanjez\u201d cu Anglia \u015fi cu America. Ar fi o gre\u015feal\u0103 \u015fi o felonie, iar gre\u015felile \u015fi feloniile se pl\u0103tesc scump.<\/h4>\n<h4 style=\"text-align: justify;\">Suntem la peste 1.500 km de \u0163ar\u0103, drumurile sunt cum sunt, iarna bate la u\u015f\u0103, depozitele sunt ale germanilor, c\u0103ile ferate sunt \u00een m\u00e2na lor, avia\u0163ia are for\u0163a de distrugere pe care ar trebui s-o cunoa\u015fte\u0163i. Retragerea for\u0163elor din situa\u0163ia lor actual\u0103 ar \u00eensemna\u00a0<em><strong>p\u0103r\u0103sirea frontului<\/strong>. <\/em>Exact ceea ce au f\u0103cut ru\u015fii \u00een Moldova \u00een 1917-1918. V\u0103 \u00eentreba\u0163i ce s-ar \u00eent\u00e2mpla dac\u0103 germanii ar face cu noi\u00a0 ast\u0103zi \u00een caz de\u00a0 p\u0103r\u0103sirea frontului, ceea ce am f\u0103cut noi, atunci, cu ru\u015fii? V\u0103 da\u0163i seama ce s-ar alege de armata\u00a0 noastr\u0103 de disciplina noastr\u0103, de solda\u0163ii \u015fi caii no\u015ftri, de tunurile noastre, dac\u0103 am \u00eencerca, \u00een\u00a0 condi\u0163iile ar\u0103tate mai sus, s\u0103 p\u0103r\u0103sim frontul f\u0103r\u0103 asentimentul Comandantului german? Situa\u0163ia aceasta, a oamenilor care la cea dint\u00e2i greutate se descurajeaz\u0103, ar denota u\u015furin\u0163\u0103 total\u0103 nepricepere militar\u0103 \u015fi prostie. Solu\u0163ia ar fi criminal\u0103, domnule Br\u0103tianu, fiindc\u0103 nu s-ar pr\u0103bu\u015fi numai armata, s-ar pr\u0103bu\u015fi \u00eens\u0103\u015fi \u0163ara, deoarece germanii ar ocupa-o imediat \u015fi am ajunge \u00een situa\u0163ia Serbiei \u015fi Greciei. Pofti\u0163i, domnule Br\u0103tianu, v\u0103 ofer din nou conducerea statului \u015fi a guvernului. Retrage\u0163i dumneavoastr\u0103 armata \u015fi \u201earanja\u0163i-v\u0103\u201d cu Anglia . Numai c\u0103 trebuie s\u0103 \u00eentreb \u015fi armata \u015fi poporul. Sunt gata s\u0103 le pun aceast\u0103 \u00eentrebare, deschis \u015fi categoric, dac\u0103 \u015fi dumneavoastr\u0103 sunte\u0163i gata s\u0103 v\u0103 lua\u0163i r\u0103spunderea.<\/h4>\n<h4 style=\"text-align: justify;\">A m\u0103 fi \u201eoprit la Nistru\u201d \u015fi a \u201eretrage ast\u0103zi for\u0163ele din Rusia\u201d \u00eenseamn\u0103, pentru un om care mai poate \u00eenc\u0103 judeca, a anihila dintr-odat\u0103 totul, sacrificiile f\u0103cute de la trecerea Prutului, ac\u0163iune \u00een contra c\u0103reia nu v-a\u0163i pronun\u0163at public; \u00eensemneaz\u0103 a ne dezonora pentru vecie ca popor; \u00eensemneaz\u0103 a crea \u0163\u0103rii, \u00een cazul victoriei germane, condi\u0163ii dezastruoase, f\u0103r\u0103 a ne asigura, \u00een cazul victoriei ruse, nici provinciile pentru care lupt\u0103m, nici grani\u0163ele care vor voi s\u0103 ni le lase ru\u015fii, nici libert\u0103\u0163ile noastre \u015fi nici m\u0103car via\u0163a familiilor \u015fi a copiilor no\u015ftri; \u00een sf\u00e2r\u015fit, \u00eensemneaz\u0103, din cauza nestabilit\u0103\u0163ii \u015fi a feloniei\u00a0 pe care m\u0103 sf\u0103tui\u0163i s\u0103 o practic \u2013 \u015fi aceasta este cea mai mare crim\u0103 \u2013 a asigura \u0163\u0103rii \u00een viitoarea comunitate european\u0103 o pozi\u0163ie moral\u0103 care \u00eei va ridica drepturile idealurilor sale \u015fi ar putea s\u0103-i fie chiar fatal\u0103. Gestul pe care-l cere\u0163i s\u0103-l fac, domnule Br\u0103tianu, va face din neamul rom\u00e2nesc o victim\u0103 a tuturor, fiindc\u0103 concomitent cu dezorganizarea, pr\u0103bu\u015firea \u015fi distrugerea armatei, ar \u00eencepe instaurarea anarhiei \u00een \u0163ar\u0103. Comuni\u015ftii, legionarii, jandarmii, ungurii, sa\u015fii ar \u00eencepe agita\u0163iile, lupta, distrugerea ordinei, a lini\u015ftei, pentru a profita de ocazie, pentru a da ultima lovitur\u0103 de picior unui neam care cu adev\u0103rat ar merita calificativul de netrebnic. Ungurii ar ocupa imediat restul Ardealului. Iat\u0103, domnule Br\u0103tianu, la ce ar da na\u015ftere gestul pe care mi-l cere\u0163i s\u0103-l fac. Ar fi gestul nefericit al unui soldat lipsit de onoare \u015fi al unui om de stat, nu numai incon\u015ftient, dar nebun. Conduc\u0103torul nefericit al Fran\u0163ei \u2013 \u015fi mai nefericite de azi \u2013 a declarat, \u00eentr-o recent\u0103 chemare la realitatea a unui popor, care a c\u0103zut \u015fi el victim\u0103 josnic\u0103 a unei guvern\u0103ri venale, iudeo-democratice \u015fi masonice, c\u0103 are convingerea c\u0103 dac\u0103 \u201eGermania ar fi \u00eenfr\u00e2nt\u0103, Sovietele ar impune m\u00e2ine legea \u00een Europa \u015fi s-ar termina astfel cu independen\u0163a \u015fi patriotismul na\u0163iunilor\u201d.<\/h4>\n<h4 style=\"text-align: justify;\">Am avut \u015fi am aceast\u0103 convingere. R\u0103m\u00e2n la aceast\u0103 convingere, fiindc\u0103 noi, mai cur\u00e2nd ca al\u0163ii, mai total ca al\u0163ii, vom fi zdrobi\u0163i: pentru c\u0103 suntem punte \u00eentre slavi \u015fi z\u0103gazul care le st\u0103 de secole \u00een calea expansiunii lor, c\u0103tre vestul \u015fi sud-vestul Europei; pentru c\u0103 avem bog\u0103\u0163iile pe care le avem; \u015fi pentru c\u0103 vom fi trambulina salturilor lor viitoare. Tr\u0103g\u00e2nd \u00eenv\u0103\u0163\u0103minte din trecut, cunosc\u00e2nd tendin\u0163ele slave, plec\u00e2nd\u00a0 de la considera\u0163iunile f\u0103cute mai sus \u015fi \u00eendrumat de instinctul de conservare \u015fi de logica bunului-sim\u0163, nu puteam, domnule Br\u0103tianu, ca un conduc\u0103tor responsabil, s\u0103 m\u0103 \u201eopresc la Nistru\u201d \u015fi nici nu pot \u201es\u0103 retrag armata din Rusia\u201d. Ar fi o prostie din partea mea. Este cu neputin\u0163\u0103 s\u0103 o fac\u0103 cineva \u015fi ar fi o gre\u015feal\u0103 ireparabil\u0103 pe care nu eu \u015fi dumneavoastr\u0103, ci neamul ar pl\u0103ti-o scump. <strong>Mare\u015falul Petain<\/strong>, \u00eentr-una din valoroasele sale cuv\u00e2nt\u0103ri, a dat speculatorilor situa\u0163iunile grele lec\u0163ia care li se cuvenea \u015fi care a fost aplaudat\u0103 de to\u0163i oamenii cu con\u015ftiin\u0163\u0103 clar\u0103 \u015fi nep\u0103tat\u0103. R\u0103spunz\u00e2nd unor critici ale ac\u0163iunii sale, el a spus: <strong>\u201eC\u00e2nd Fran\u0163a este \u00een nenorocire, nu mai este loc pentru minciuni \u015fi himere\u201d. Nici la noi, domnule Br\u0103tianu, nu mai este loc pentru \u201eminciuni \u015fi himere\u201d \u015fi, mai ales, nu mai putem s\u0103 ne pl\u0103tim luxul de a face \u015fi prostii.<\/strong><\/h4>\n<h4 style=\"text-align: justify;\">V-am r\u0103spuns, domnule Br\u0103tianu, punct cu punct, nu numai la scrisoarea dumneavoastr\u0103 de la 24 septembrie, dar \u015fi la cele anterioare. Este r\u0103spunsul unui<strong> soldat<\/strong>, care nu are nimic de ascuns \u015fi care este con\u015ftient de greut\u0103\u0163ile \u015fi pericolele ceasului de fa\u0163\u0103, precum \u015fi de\u00a0 \u00eendatoririle \u015fi de r\u0103spunderile lui. V-am r\u0103spuns, cum v-am r\u0103spuns, fiindc\u0103 nu a\u0163i \u00een\u0163eles nici \u0163inuta \u015fi nici \u00een\u0163elegerea cu care am voit s\u0103 trec at\u00e2t peste gre\u015felile trecutului, c\u00e2t \u015fi peste marii vinova\u0163i de ele. Ca oamenii cei mai lipsi\u0163i de p\u0103cat, marile \u015fi numeroasele gre\u015feli politice care s-au comis sub dumneavoastr\u0103, <em>continu\u00e2nd a considera comunitatea rom\u00e2neasc\u0103 ca pe o turm\u0103 de sclavi<\/em>, pe care \u2013 \u00eempreun\u0103 cu celelalte organiza\u0163ii politice, cu firm\u0103 na\u0163ionalist\u0103, \u00eens\u0103 \u00een acord cu oculta iudeo-masonic\u0103, cu care numai pe fa\u0163\u0103 era\u0163i \u00een lupt\u0103 \u2013 a\u0163i exploatat-o, a\u0163i min\u0163it-o, a\u0163i demoralizat-o, a\u0163i exasperat-o \u015fi, \u00een cele din urm\u0103, din neputin\u0163\u0103, a\u0163i dus-o, m\u00e2n\u0103 \u00een m\u00e2n\u0103 cu trinitatea T\u0103t\u0103rescu \u2013 Urd\u0103reanu \u2013 Lupeasca, la catastrofa din 1940 \u015fi la rebeliunea din 1941, \u00eendr\u0103zni\u0163i ast\u0103zi, c\u00e2nd s-a pus regul\u0103 \u00een \u0163ar\u0103 \u015fi via\u0163a nim\u0103nui nu mai este \u00een pericol, s\u0103 ridica\u0163i capul, de dup\u0103 saltarele consiliilor de administra\u0163ie, ale industriilor \u015fi ale multiplelor afaceri,\u00a0<em>pentru a m\u0103 acuza.<\/em> Ei bine, domnule Br\u0103tianu, c\u00e2nd cineva a fost \u015feful unui partid care, de la mare la mic, de la prim\u0103ria din sat p\u00e2n\u0103 la cabinetul mini\u015ftrilor, are r\u0103spunderea destr\u0103b\u0103l\u0103rii administrative, dezm\u0103\u0163ul moral, a iudeo-masoniz\u0103rii \u0163\u0103rii, a venalit\u0103\u0163ii, a compromiterii viitorului neamului \u015fi a\u00a0 catastrofei grani\u0163elor, nu mai are\u00a0 calitatea s\u0103 vorbeasc\u0103 \u015fi \u00een numele comunit\u0103\u0163ii rom\u00e2ne\u015fti, s\u0103 dea sfaturi de conducere altora \u015fi mai ales s\u0103-i acuze c\u0103 lucrurile nu merg cum trebuie.&#8221;<\/h4>\n<h4><em>(Arhiva Istoric\u0103 Central\u0103; fond Pre\u015fedin\u0163ia Consiliului de Mini\u015ftri, Cabinet I. Antonescu, dos. 61\/1942, f. 88-221)<\/em><\/h4>\n\n\n<p class=\"wp-block-paragraph\">&nbsp;<\/p>\n        <div class=\"booster-block booster-reactions-block\">\n            <div class=\"twp-reactions-icons\">\n                \n                <div class=\"twp-reacts-wrap\">\n                    <a react-data=\"be-react-1\" post-id=\"3537\" class=\"be-face-icons un-reacted\" href=\"javascript:void(0)\">\n                        <img decoding=\"async\" src=\"https:\/\/desteptati-va.ro\/wp-content\/plugins\/booster-extension\/\/assets\/icon\/happy.svg\" alt=\"Happy\">\n                    <\/a>\n                    <div class=\"twp-reaction-title\">\n                        Happy                    <\/div>\n                    <div class=\"twp-count-percent\">\n                                                    <span style=\"display: none;\" class=\"twp-react-count\">0<\/span>\n                        \n                                                <span class=\"twp-react-percent\"><span>0<\/span> %<\/span>\n                                            <\/div>\n                <\/div>\n\n                <div class=\"twp-reacts-wrap\">\n                    <a react-data=\"be-react-2\" post-id=\"3537\" class=\"be-face-icons un-reacted\" href=\"javascript:void(0)\">\n                        <img decoding=\"async\" src=\"https:\/\/desteptati-va.ro\/wp-content\/plugins\/booster-extension\/\/assets\/icon\/sad.svg\" alt=\"Sad\">\n                    <\/a>\n                    <div class=\"twp-reaction-title\">\n                        Sad                    <\/div>\n                    <div class=\"twp-count-percent\">\n                                                    <span style=\"display: none;\" class=\"twp-react-count\">0<\/span>\n                                                                        <span class=\"twp-react-percent\"><span>0<\/span> %<\/span>\n                                            <\/div>\n                <\/div>\n\n                <div class=\"twp-reacts-wrap\">\n                    <a react-data=\"be-react-3\" post-id=\"3537\" class=\"be-face-icons un-reacted\" href=\"javascript:void(0)\">\n                        <img decoding=\"async\" src=\"https:\/\/desteptati-va.ro\/wp-content\/plugins\/booster-extension\/\/assets\/icon\/excited.svg\" alt=\"Excited\">\n                    <\/a>\n                    <div class=\"twp-reaction-title\">\n                        Excited                    <\/div>\n                    <div class=\"twp-count-percent\">\n                                                    <span style=\"display: none;\" class=\"twp-react-count\">0<\/span>\n                                                                        <span class=\"twp-react-percent\"><span>0<\/span> %<\/span>\n                                            <\/div>\n                <\/div>\n\n                <div class=\"twp-reacts-wrap\">\n                    <a react-data=\"be-react-6\" post-id=\"3537\" class=\"be-face-icons un-reacted\" href=\"javascript:void(0)\">\n                        <img decoding=\"async\" src=\"https:\/\/desteptati-va.ro\/wp-content\/plugins\/booster-extension\/\/assets\/icon\/sleepy.svg\" alt=\"Sleepy\">\n                    <\/a>\n                    <div class=\"twp-reaction-title\">\n                        Sleepy                    <\/div>\n                    <div class=\"twp-count-percent\">\n                                                    <span style=\"display: none;\" class=\"twp-react-count\">0<\/span>\n                        \n                                                <span class=\"twp-react-percent\"><span>0<\/span> %<\/span>\n                                            <\/div>\n                <\/div>\n\n                <div class=\"twp-reacts-wrap\">\n                    <a react-data=\"be-react-4\" post-id=\"3537\" class=\"be-face-icons un-reacted\" href=\"javascript:void(0)\">\n                        <img decoding=\"async\" src=\"https:\/\/desteptati-va.ro\/wp-content\/plugins\/booster-extension\/\/assets\/icon\/angry.svg\" alt=\"Angry\">\n                    <\/a>\n                    <div class=\"twp-reaction-title\">Angry<\/div>\n                    <div class=\"twp-count-percent\">\n                                                    <span style=\"display: none;\" class=\"twp-react-count\">0<\/span>\n                                                                        <span class=\"twp-react-percent\"><span>0<\/span> %<\/span>\n                        \n                    <\/div>\n                <\/div>\n\n                <div class=\"twp-reacts-wrap\">\n                    <a react-data=\"be-react-5\" post-id=\"3537\" class=\"be-face-icons un-reacted\" href=\"javascript:void(0)\">\n                        <img decoding=\"async\" src=\"https:\/\/desteptati-va.ro\/wp-content\/plugins\/booster-extension\/\/assets\/icon\/surprise.svg\" alt=\"Surprise\">\n                    <\/a>\n                    <div class=\"twp-reaction-title\">Surprise<\/div>\n                    <div class=\"twp-count-percent\">\n                                                    <span style=\"display: none;\" class=\"twp-react-count\">0<\/span>\n                                                                        <span class=\"twp-react-percent\"><span>0<\/span> %<\/span>\n                                            <\/div>\n                <\/div>\n\n            <\/div>\n        <\/div>\n\n    <\/div>","protected":false},"excerpt":{"rendered":"<p>\u201eScrisoare de r\u0103spuns adresat\u0103 lui C.I.C. Br\u0103tianu\u201d (29 octombrie 1942) &#8211; Ion Antonescu Am l\u0103sat f\u0103r\u0103 r\u0103spuns scrisorile dumneavoastr\u0103 anterioare.<a href=\"https:\/\/desteptati-va.ro\/index.php\/2021\/04\/15\/mesajul-unui-roman-ucis-de-unii-si-de-altii-izbitor-de-actual\/\">Read More<i class=\"fa fa-long-arrow-right\" aria-hidden=\"true\"><\/i><\/a><\/p>\n","protected":false},"author":1,"featured_media":1170,"comment_status":"open","ping_status":"open","sticky":false,"template":"","format":"standard","meta":{"_crdt_document":"","footnotes":""},"categories":[29],"tags":[287,288,237,240,289,290,291,59,60,292,247,252,258,259,293,294,295,296,83,137,297,298],"class_list":["post-3537","post","type-post","status-publish","format-standard","has-post-thumbnail","hentry","category-al-ii-a-razboi-mondial","tag-287","tag-afacerea-skoda","tag-antonescu","tag-bratianu","tag-campania-rusia","tag-cic-bratianu","tag-delapidare","tag-desteptati","tag-desteptati-va","tag-front","tag-furt","tag-ion-antonescu","tag-maniu","tag-maresal","tag-nistru","tag-raspuns","tag-romania-mare","tag-scrisoare","tag-tradare","tag-unire","tag-unirea","tag-vrajba"],"rise-blocks_total_comments":0,"rise-blocks_categories":[{"term_id":29,"name":"Al II-a Razboi Mondial","slug":"al-ii-a-razboi-mondial","term_group":0,"term_taxonomy_id":29,"taxonomy":"category","description":"","parent":28,"count":6,"filter":"raw"}],"rise-blocks_excerpt":"\u201eScrisoare de r\u0103spuns adresat\u0103 lui C.I.C. Br\u0103tianu\u201d (29 octombrie 1942) &#8211; Ion Antonescu Am l\u0103sat f\u0103r\u0103 r\u0103spuns scrisorile dumneavoastr\u0103 anterioare. Am f\u0103cut-o din \u00een\u0163elepciune, fiindc\u0103 urm\u0103ream unirea, \u015fi nu vrajba. Puteam s\u0103 v\u0103 r\u0103spund, aduc\u00e2nd justi\u0163iei pe to\u0163i vinova\u0163ii de catastrofa moral\u0103 \u015fi politic\u0103 a \u0163\u0103rii, printre care sunte\u0163i, \u00een primul r\u00e2nd, \u015fi dumneavoastr\u0103. Na\u0163ia o dore\u015fte \u015fi o a\u015fteapt\u0103..","yoast_head":"<!-- This site is optimized with the Yoast SEO plugin v26.9 - https:\/\/yoast.com\/product\/yoast-seo-wordpress\/ -->\r\n<title>Mesajul unui roman ucis de unii si de altii - izbitor de actual -<\/title>\r\n<meta name=\"robots\" content=\"index, follow, max-snippet:-1, max-image-preview:large, max-video-preview:-1\" \/>\r\n<link rel=\"canonical\" href=\"https:\/\/desteptati-va.ro\/index.php\/2021\/04\/15\/mesajul-unui-roman-ucis-de-unii-si-de-altii-izbitor-de-actual\/\" \/>\r\n<meta property=\"og:locale\" content=\"ro_RO\" \/>\r\n<meta property=\"og:type\" content=\"article\" \/>\r\n<meta property=\"og:title\" content=\"Mesajul unui roman ucis de unii si de altii - izbitor de actual -\" \/>\r\n<meta property=\"og:description\" content=\"\u201eScrisoare de r\u0103spuns adresat\u0103 lui C.I.C. Br\u0103tianu\u201d (29 octombrie 1942) &#8211; Ion Antonescu Am l\u0103sat f\u0103r\u0103 r\u0103spuns scrisorile dumneavoastr\u0103 anterioare.Read More\" \/>\r\n<meta property=\"og:url\" content=\"https:\/\/desteptati-va.ro\/index.php\/2021\/04\/15\/mesajul-unui-roman-ucis-de-unii-si-de-altii-izbitor-de-actual\/\" \/>\r\n<meta property=\"article:published_time\" content=\"2021-04-15T09:09:20+00:00\" \/>\r\n<meta property=\"article:modified_time\" content=\"2022-01-17T21:32:42+00:00\" \/>\r\n<meta property=\"og:image\" content=\"https:\/\/desteptati-va.ro\/wp-content\/uploads\/2021\/04\/Marshal-Ion-Antonescu1.jpg\" \/>\r\n\t<meta property=\"og:image:width\" content=\"300\" \/>\r\n\t<meta property=\"og:image:height\" content=\"400\" \/>\r\n\t<meta property=\"og:image:type\" content=\"image\/jpeg\" \/>\r\n<meta name=\"author\" content=\"wolfsoftcompany\" \/>\r\n<meta name=\"twitter:card\" content=\"summary_large_image\" \/>\r\n<meta name=\"twitter:label1\" content=\"Scris de\" \/>\n\t<meta name=\"twitter:data1\" content=\"wolfsoftcompany\" \/>\n\t<meta name=\"twitter:label2\" content=\"Timp estimat pentru citire\" \/>\n\t<meta name=\"twitter:data2\" content=\"15 minute\" \/>\r\n<script type=\"application\/ld+json\" class=\"yoast-schema-graph\">{\"@context\":\"https:\/\/schema.org\",\"@graph\":[{\"@type\":\"Article\",\"@id\":\"https:\/\/desteptati-va.ro\/index.php\/2021\/04\/15\/mesajul-unui-roman-ucis-de-unii-si-de-altii-izbitor-de-actual\/#article\",\"isPartOf\":{\"@id\":\"https:\/\/desteptati-va.ro\/index.php\/2021\/04\/15\/mesajul-unui-roman-ucis-de-unii-si-de-altii-izbitor-de-actual\/\"},\"author\":{\"name\":\"wolfsoftcompany\",\"@id\":\"https:\/\/desteptati-va.ro\/#\/schema\/person\/13182deeebd44920914899f7bb262d6b\"},\"headline\":\"Mesajul unui roman ucis de unii si de altii &#8211; izbitor de actual\",\"datePublished\":\"2021-04-15T09:09:20+00:00\",\"dateModified\":\"2022-01-17T21:32:42+00:00\",\"mainEntityOfPage\":{\"@id\":\"https:\/\/desteptati-va.ro\/index.php\/2021\/04\/15\/mesajul-unui-roman-ucis-de-unii-si-de-altii-izbitor-de-actual\/\"},\"wordCount\":2971,\"commentCount\":0,\"image\":{\"@id\":\"https:\/\/desteptati-va.ro\/index.php\/2021\/04\/15\/mesajul-unui-roman-ucis-de-unii-si-de-altii-izbitor-de-actual\/#primaryimage\"},\"thumbnailUrl\":\"https:\/\/desteptati-va.ro\/wp-content\/uploads\/2021\/04\/Marshal-Ion-Antonescu1.jpg\",\"keywords\":[\"1918\",\"afacerea Skoda\",\"Antonescu\",\"Bratianu\",\"campania Rusia\",\"CIC Bratianu\",\"delapidare\",\"desteptati\",\"desteptati-va\",\"front\",\"furt\",\"Ion Antonescu\",\"Maniu\",\"maresal\",\"Nistru\",\"raspuns\",\"Romania Mare\",\"scrisoare\",\"tradare\",\"Unire\",\"unirea\",\"vrajba\"],\"articleSection\":[\"Al II-a Razboi Mondial\"],\"inLanguage\":\"ro-RO\",\"potentialAction\":[{\"@type\":\"CommentAction\",\"name\":\"Comment\",\"target\":[\"https:\/\/desteptati-va.ro\/index.php\/2021\/04\/15\/mesajul-unui-roman-ucis-de-unii-si-de-altii-izbitor-de-actual\/#respond\"]}]},{\"@type\":\"WebPage\",\"@id\":\"https:\/\/desteptati-va.ro\/index.php\/2021\/04\/15\/mesajul-unui-roman-ucis-de-unii-si-de-altii-izbitor-de-actual\/\",\"url\":\"https:\/\/desteptati-va.ro\/index.php\/2021\/04\/15\/mesajul-unui-roman-ucis-de-unii-si-de-altii-izbitor-de-actual\/\",\"name\":\"Mesajul unui roman ucis de unii si de altii - izbitor de actual -\",\"isPartOf\":{\"@id\":\"https:\/\/desteptati-va.ro\/#website\"},\"primaryImageOfPage\":{\"@id\":\"https:\/\/desteptati-va.ro\/index.php\/2021\/04\/15\/mesajul-unui-roman-ucis-de-unii-si-de-altii-izbitor-de-actual\/#primaryimage\"},\"image\":{\"@id\":\"https:\/\/desteptati-va.ro\/index.php\/2021\/04\/15\/mesajul-unui-roman-ucis-de-unii-si-de-altii-izbitor-de-actual\/#primaryimage\"},\"thumbnailUrl\":\"https:\/\/desteptati-va.ro\/wp-content\/uploads\/2021\/04\/Marshal-Ion-Antonescu1.jpg\",\"datePublished\":\"2021-04-15T09:09:20+00:00\",\"dateModified\":\"2022-01-17T21:32:42+00:00\",\"author\":{\"@id\":\"https:\/\/desteptati-va.ro\/#\/schema\/person\/13182deeebd44920914899f7bb262d6b\"},\"breadcrumb\":{\"@id\":\"https:\/\/desteptati-va.ro\/index.php\/2021\/04\/15\/mesajul-unui-roman-ucis-de-unii-si-de-altii-izbitor-de-actual\/#breadcrumb\"},\"inLanguage\":\"ro-RO\",\"potentialAction\":[{\"@type\":\"ReadAction\",\"target\":[\"https:\/\/desteptati-va.ro\/index.php\/2021\/04\/15\/mesajul-unui-roman-ucis-de-unii-si-de-altii-izbitor-de-actual\/\"]}]},{\"@type\":\"ImageObject\",\"inLanguage\":\"ro-RO\",\"@id\":\"https:\/\/desteptati-va.ro\/index.php\/2021\/04\/15\/mesajul-unui-roman-ucis-de-unii-si-de-altii-izbitor-de-actual\/#primaryimage\",\"url\":\"https:\/\/desteptati-va.ro\/wp-content\/uploads\/2021\/04\/Marshal-Ion-Antonescu1.jpg\",\"contentUrl\":\"https:\/\/desteptati-va.ro\/wp-content\/uploads\/2021\/04\/Marshal-Ion-Antonescu1.jpg\",\"width\":300,\"height\":400,\"caption\":\"The Army is the last card a Nation plays. M. Ion Victor Antonescu\"},{\"@type\":\"BreadcrumbList\",\"@id\":\"https:\/\/desteptati-va.ro\/index.php\/2021\/04\/15\/mesajul-unui-roman-ucis-de-unii-si-de-altii-izbitor-de-actual\/#breadcrumb\",\"itemListElement\":[{\"@type\":\"ListItem\",\"position\":1,\"name\":\"Prima pagin\u0103\",\"item\":\"https:\/\/desteptati-va.ro\/\"},{\"@type\":\"ListItem\",\"position\":2,\"name\":\"Mesajul unui roman ucis de unii si de altii &#8211; izbitor de actual\"}]},{\"@type\":\"WebSite\",\"@id\":\"https:\/\/desteptati-va.ro\/#website\",\"url\":\"https:\/\/desteptati-va.ro\/\",\"name\":\"\",\"description\":\"\",\"potentialAction\":[{\"@type\":\"SearchAction\",\"target\":{\"@type\":\"EntryPoint\",\"urlTemplate\":\"https:\/\/desteptati-va.ro\/?s={search_term_string}\"},\"query-input\":{\"@type\":\"PropertyValueSpecification\",\"valueRequired\":true,\"valueName\":\"search_term_string\"}}],\"inLanguage\":\"ro-RO\"},{\"@type\":\"Person\",\"@id\":\"https:\/\/desteptati-va.ro\/#\/schema\/person\/13182deeebd44920914899f7bb262d6b\",\"name\":\"wolfsoftcompany\",\"image\":{\"@type\":\"ImageObject\",\"inLanguage\":\"ro-RO\",\"@id\":\"https:\/\/desteptati-va.ro\/#\/schema\/person\/image\/\",\"url\":\"https:\/\/secure.gravatar.com\/avatar\/a6cce9b6d101d27d91690e7073e300fed94c0899890bf998e082cb9d2c3d121e?s=96&d=mm&r=g\",\"contentUrl\":\"https:\/\/secure.gravatar.com\/avatar\/a6cce9b6d101d27d91690e7073e300fed94c0899890bf998e082cb9d2c3d121e?s=96&d=mm&r=g\",\"caption\":\"wolfsoftcompany\"},\"sameAs\":[\"http:\/\/desteptati-va.ro\"],\"url\":\"https:\/\/desteptati-va.ro\/index.php\/author\/wolfsoftcompany\/\"}]}<\/script>\r\n<!-- \/ Yoast SEO plugin. -->","yoast_head_json":{"title":"Mesajul unui roman ucis de unii si de altii - izbitor de actual -","robots":{"index":"index","follow":"follow","max-snippet":"max-snippet:-1","max-image-preview":"max-image-preview:large","max-video-preview":"max-video-preview:-1"},"canonical":"https:\/\/desteptati-va.ro\/index.php\/2021\/04\/15\/mesajul-unui-roman-ucis-de-unii-si-de-altii-izbitor-de-actual\/","og_locale":"ro_RO","og_type":"article","og_title":"Mesajul unui roman ucis de unii si de altii - izbitor de actual -","og_description":"\u201eScrisoare de r\u0103spuns adresat\u0103 lui C.I.C. Br\u0103tianu\u201d (29 octombrie 1942) &#8211; Ion Antonescu Am l\u0103sat f\u0103r\u0103 r\u0103spuns scrisorile dumneavoastr\u0103 anterioare.Read More","og_url":"https:\/\/desteptati-va.ro\/index.php\/2021\/04\/15\/mesajul-unui-roman-ucis-de-unii-si-de-altii-izbitor-de-actual\/","article_published_time":"2021-04-15T09:09:20+00:00","article_modified_time":"2022-01-17T21:32:42+00:00","og_image":[{"width":300,"height":400,"url":"https:\/\/desteptati-va.ro\/wp-content\/uploads\/2021\/04\/Marshal-Ion-Antonescu1.jpg","type":"image\/jpeg"}],"author":"wolfsoftcompany","twitter_card":"summary_large_image","twitter_misc":{"Scris de":"wolfsoftcompany","Timp estimat pentru citire":"15 minute"},"schema":{"@context":"https:\/\/schema.org","@graph":[{"@type":"Article","@id":"https:\/\/desteptati-va.ro\/index.php\/2021\/04\/15\/mesajul-unui-roman-ucis-de-unii-si-de-altii-izbitor-de-actual\/#article","isPartOf":{"@id":"https:\/\/desteptati-va.ro\/index.php\/2021\/04\/15\/mesajul-unui-roman-ucis-de-unii-si-de-altii-izbitor-de-actual\/"},"author":{"name":"wolfsoftcompany","@id":"https:\/\/desteptati-va.ro\/#\/schema\/person\/13182deeebd44920914899f7bb262d6b"},"headline":"Mesajul unui roman ucis de unii si de altii &#8211; izbitor de actual","datePublished":"2021-04-15T09:09:20+00:00","dateModified":"2022-01-17T21:32:42+00:00","mainEntityOfPage":{"@id":"https:\/\/desteptati-va.ro\/index.php\/2021\/04\/15\/mesajul-unui-roman-ucis-de-unii-si-de-altii-izbitor-de-actual\/"},"wordCount":2971,"commentCount":0,"image":{"@id":"https:\/\/desteptati-va.ro\/index.php\/2021\/04\/15\/mesajul-unui-roman-ucis-de-unii-si-de-altii-izbitor-de-actual\/#primaryimage"},"thumbnailUrl":"https:\/\/desteptati-va.ro\/wp-content\/uploads\/2021\/04\/Marshal-Ion-Antonescu1.jpg","keywords":["1918","afacerea Skoda","Antonescu","Bratianu","campania Rusia","CIC Bratianu","delapidare","desteptati","desteptati-va","front","furt","Ion Antonescu","Maniu","maresal","Nistru","raspuns","Romania Mare","scrisoare","tradare","Unire","unirea","vrajba"],"articleSection":["Al II-a Razboi Mondial"],"inLanguage":"ro-RO","potentialAction":[{"@type":"CommentAction","name":"Comment","target":["https:\/\/desteptati-va.ro\/index.php\/2021\/04\/15\/mesajul-unui-roman-ucis-de-unii-si-de-altii-izbitor-de-actual\/#respond"]}]},{"@type":"WebPage","@id":"https:\/\/desteptati-va.ro\/index.php\/2021\/04\/15\/mesajul-unui-roman-ucis-de-unii-si-de-altii-izbitor-de-actual\/","url":"https:\/\/desteptati-va.ro\/index.php\/2021\/04\/15\/mesajul-unui-roman-ucis-de-unii-si-de-altii-izbitor-de-actual\/","name":"Mesajul unui roman ucis de unii si de altii - izbitor de actual -","isPartOf":{"@id":"https:\/\/desteptati-va.ro\/#website"},"primaryImageOfPage":{"@id":"https:\/\/desteptati-va.ro\/index.php\/2021\/04\/15\/mesajul-unui-roman-ucis-de-unii-si-de-altii-izbitor-de-actual\/#primaryimage"},"image":{"@id":"https:\/\/desteptati-va.ro\/index.php\/2021\/04\/15\/mesajul-unui-roman-ucis-de-unii-si-de-altii-izbitor-de-actual\/#primaryimage"},"thumbnailUrl":"https:\/\/desteptati-va.ro\/wp-content\/uploads\/2021\/04\/Marshal-Ion-Antonescu1.jpg","datePublished":"2021-04-15T09:09:20+00:00","dateModified":"2022-01-17T21:32:42+00:00","author":{"@id":"https:\/\/desteptati-va.ro\/#\/schema\/person\/13182deeebd44920914899f7bb262d6b"},"breadcrumb":{"@id":"https:\/\/desteptati-va.ro\/index.php\/2021\/04\/15\/mesajul-unui-roman-ucis-de-unii-si-de-altii-izbitor-de-actual\/#breadcrumb"},"inLanguage":"ro-RO","potentialAction":[{"@type":"ReadAction","target":["https:\/\/desteptati-va.ro\/index.php\/2021\/04\/15\/mesajul-unui-roman-ucis-de-unii-si-de-altii-izbitor-de-actual\/"]}]},{"@type":"ImageObject","inLanguage":"ro-RO","@id":"https:\/\/desteptati-va.ro\/index.php\/2021\/04\/15\/mesajul-unui-roman-ucis-de-unii-si-de-altii-izbitor-de-actual\/#primaryimage","url":"https:\/\/desteptati-va.ro\/wp-content\/uploads\/2021\/04\/Marshal-Ion-Antonescu1.jpg","contentUrl":"https:\/\/desteptati-va.ro\/wp-content\/uploads\/2021\/04\/Marshal-Ion-Antonescu1.jpg","width":300,"height":400,"caption":"The Army is the last card a Nation plays. M. Ion Victor Antonescu"},{"@type":"BreadcrumbList","@id":"https:\/\/desteptati-va.ro\/index.php\/2021\/04\/15\/mesajul-unui-roman-ucis-de-unii-si-de-altii-izbitor-de-actual\/#breadcrumb","itemListElement":[{"@type":"ListItem","position":1,"name":"Prima pagin\u0103","item":"https:\/\/desteptati-va.ro\/"},{"@type":"ListItem","position":2,"name":"Mesajul unui roman ucis de unii si de altii &#8211; izbitor de actual"}]},{"@type":"WebSite","@id":"https:\/\/desteptati-va.ro\/#website","url":"https:\/\/desteptati-va.ro\/","name":"","description":"","potentialAction":[{"@type":"SearchAction","target":{"@type":"EntryPoint","urlTemplate":"https:\/\/desteptati-va.ro\/?s={search_term_string}"},"query-input":{"@type":"PropertyValueSpecification","valueRequired":true,"valueName":"search_term_string"}}],"inLanguage":"ro-RO"},{"@type":"Person","@id":"https:\/\/desteptati-va.ro\/#\/schema\/person\/13182deeebd44920914899f7bb262d6b","name":"wolfsoftcompany","image":{"@type":"ImageObject","inLanguage":"ro-RO","@id":"https:\/\/desteptati-va.ro\/#\/schema\/person\/image\/","url":"https:\/\/secure.gravatar.com\/avatar\/a6cce9b6d101d27d91690e7073e300fed94c0899890bf998e082cb9d2c3d121e?s=96&d=mm&r=g","contentUrl":"https:\/\/secure.gravatar.com\/avatar\/a6cce9b6d101d27d91690e7073e300fed94c0899890bf998e082cb9d2c3d121e?s=96&d=mm&r=g","caption":"wolfsoftcompany"},"sameAs":["http:\/\/desteptati-va.ro"],"url":"https:\/\/desteptati-va.ro\/index.php\/author\/wolfsoftcompany\/"}]}},"_links":{"self":[{"href":"https:\/\/desteptati-va.ro\/index.php\/wp-json\/wp\/v2\/posts\/3537","targetHints":{"allow":["GET"]}}],"collection":[{"href":"https:\/\/desteptati-va.ro\/index.php\/wp-json\/wp\/v2\/posts"}],"about":[{"href":"https:\/\/desteptati-va.ro\/index.php\/wp-json\/wp\/v2\/types\/post"}],"author":[{"embeddable":true,"href":"https:\/\/desteptati-va.ro\/index.php\/wp-json\/wp\/v2\/users\/1"}],"replies":[{"embeddable":true,"href":"https:\/\/desteptati-va.ro\/index.php\/wp-json\/wp\/v2\/comments?post=3537"}],"version-history":[{"count":3,"href":"https:\/\/desteptati-va.ro\/index.php\/wp-json\/wp\/v2\/posts\/3537\/revisions"}],"predecessor-version":[{"id":4475,"href":"https:\/\/desteptati-va.ro\/index.php\/wp-json\/wp\/v2\/posts\/3537\/revisions\/4475"}],"wp:featuredmedia":[{"embeddable":true,"href":"https:\/\/desteptati-va.ro\/index.php\/wp-json\/wp\/v2\/media\/1170"}],"wp:attachment":[{"href":"https:\/\/desteptati-va.ro\/index.php\/wp-json\/wp\/v2\/media?parent=3537"}],"wp:term":[{"taxonomy":"category","embeddable":true,"href":"https:\/\/desteptati-va.ro\/index.php\/wp-json\/wp\/v2\/categories?post=3537"},{"taxonomy":"post_tag","embeddable":true,"href":"https:\/\/desteptati-va.ro\/index.php\/wp-json\/wp\/v2\/tags?post=3537"}],"curies":[{"name":"wp","href":"https:\/\/api.w.org\/{rel}","templated":true}]}}