{"id":3540,"date":"2021-04-15T09:11:29","date_gmt":"2021-04-15T09:11:29","guid":{"rendered":"http:\/\/desteptati.ro\/?p=3540"},"modified":"2022-01-17T23:22:26","modified_gmt":"2022-01-17T21:22:26","slug":"romania-in-al-doilea-razboi-mondial","status":"publish","type":"post","link":"https:\/\/desteptati-va.ro\/index.php\/2021\/04\/15\/romania-in-al-doilea-razboi-mondial\/","title":{"rendered":"Romania in al Doilea Razboi Mondial"},"content":{"rendered":"<div class=\"post-content\"><div class='booster-block booster-read-block'>\n                <div class=\"twp-read-time\">\n                \t<i class=\"booster-icon twp-clock\"><\/i> <span>Read Time:<\/span>18 Minute, 36 Second                <\/div>\n\n            <\/div><h4 style=\"text-align: justify;\">Dup\u0103 o perioad\u0103 de neutralitate de mai bine de un an (\u00een decursul c\u0103reia Regatul Rom\u00e2niei a permis evacuarea guvernului, tezaurului \u0219i for\u021belor poloneze spre Egiptul britanic, dar a pierdut importante teritorii \u00een profitul alia\u021bilor de atunci ai Germaniei naziste, anume URSS, Ungaria \u0219i Bulgaria), Rom\u00e2nia \u00ee\u0219i schimb\u0103 alian\u021bele odat\u0103 cu sosirea la putere a lui Ion Antonescu. Se aliaz\u0103 cu Puterile Axei \u00een octombrie 1940 \u0219i intr\u0103 \u00een r\u0103zboi de partea acestora \u00een iunie 1941, \u00een scopul de a recupera m\u0103car teritoriile r\u0103pite de URSS : Basarabia, Bucovina de Nord \u0219i \u021ainutul Her\u021bei. Dup\u0103 trei ani \u0219i dou\u0103 luni de campanii militare \u00eempotriva URSS, care duc armata rom\u00e2n\u0103 p\u00e2n\u0103 \u00een stepa din nordul Caucazului \u0219i \u00eenapoi, la data de 23 august 1944, armata sovietic\u0103 fiind deja \u00een Moldova de nord \u00eenc\u0103 din luna martie, Regele Mihai \u00ee\u0219i d\u0103 acordul pentru \u00eenl\u0103turarea prin for\u021b\u0103 a mare\u0219alului Antonescu dac\u0103 acesta va refuza semnarea armisti\u021biului cu Na\u021biunile Unite. \u00cen urma refuzului net al lui Antonescu, Regele Mihai l-a destituit \u0219i l-a arestat, iar Rom\u00e2nia a trecut de partea Alia\u021bilor. Participarea Rom\u00e2niei la cel de-al doilea r\u0103zboi mondial s-a caracterizat a\u0219adar prin dou\u0103 campanii: cea din est pentru eliberarea Basarabiei \u0219i Bucovinei, pierdut\u0103, \u0219i cea din vest pentru eliberarea Transilvaniei, c\u00e2\u0219tigat\u0103. La \u00eencheierea r\u0103zboiului, pe planul diplomatic doar participarea de partea Axei a fost luat\u0103 \u00een cont, \u0219i Rom\u00e2nia a semnat Tratatul de pace de la Paris (1946) ca stat du\u0219man \u00eenvins.<\/h4>\n<h3 style=\"text-align: justify;\"><strong>Anii dinaintea r\u0103zboiului<\/strong><\/h3>\n<h4 style=\"text-align: justify;\">P\u00e2n\u0103 \u00een 1938, forma de guvern\u0103m\u00e2nt rom\u00e2n\u0103 a fost acea de monarhie constitu\u021bional\u0103 parlamentar\u0103. Principalele partide erau Partidul Na\u021bional \u021a\u0103r\u0103nesc, Partidul Na\u021bional Liberal, Partidul Na\u021bional Cre\u0219tin, \u201eFrontul Rom\u00e2n\u201d \u0219i alte grup\u0103ri mai mici dar mai radicale, care nu \u0219ov\u0103iau s\u0103 foloseasc\u0103 violen\u021ba \u0219i luptau \u00eempotriva democra\u021biei parlamentare : \u201elegionarii\u201d \u0219i comuni\u0219tii. Tulbur\u0103rile politice \u0219i economice din perioada urm\u0103toare Primului R\u0103zboi Mondial favorizau dezordinea politic\u0103, precum \u0219i aceste grup\u0103ri radicale. Dezordinea politic\u0103 din Rom\u00e2nia anilor 1928-1938 s-a exprimat prin schimbarea a 25 de guverne \u00eentr-un deceniu. Constitu\u021bia din 1923 \u00eei d\u0103dea regelui posibilitatea de a dizolva parlamentul \u0219i de a organiza alegeri anticipate.<\/h4>\n<h4 style=\"text-align: justify;\">Dictatura regal\u0103 a lui Carol al II-lea a fost instaurat\u0103 ca o reac\u021bie \u00een fa\u021ba acestor tulbur\u0103ri, la 11 februarie 1938, prin instalarea unui guvern condus de patriarhul Miron Cristea. Constitu\u021bia a fost abrogat\u0103 \u0219i \u00eenlocuit\u0103 cu una nou\u0103 intrat\u0103 \u00een vigoare la 27 februarie, prin care toate puterile erau concentrate \u00een m\u00e2na regelui, iar parlamentul avea doar rolul de institu\u021bie auxiliar\u0103 legislativ\u0103. Printr-un decret lege, toate partidele politice parlamentare au fost regrupate \u00eentr-un Front al Rena\u0219terii Na\u021bionale, din care legionarii \u0219i comuni\u0219tii erau exclu\u0219i. S-a format \u0219i un consiliu de coroan\u0103, care avea \u00eens\u0103 un caracter consultativ. \u00cen acela\u0219i timp cu m\u0103surile luate pentru instaurarea \u0219i consolidarea dictaturii regale au fost aresta\u021bi \u0219i o serie de lideri legionari, dintre care mai apoi, 13 au fost executa\u021bi din ordinul regelui la 30 noiembrie 1938. Printre ace\u0219tia s-a aflat \u0219i \u0219eful legionarilor Corneliu Zelea Codreanu.<\/h4>\n<h4 style=\"text-align: justify;\">O dat\u0103 cu declan\u0219area r\u0103zboiului \u0219i cu pr\u0103bu\u0219irea Fran\u021bei, care garantase frontierele Rom\u00e2niei prin conven\u021bia de la 23 august 1939, integritatea regatului Rom\u00e2niei era pus\u0103 \u00een primejdie din exterior de revendic\u0103rile sovietice, ungare \u0219i bulgare, sus\u021binute de Germania \u0219i Italia, \u0219i din interior de mi\u0219c\u0103rile na\u021bionaliste ale minorit\u0103\u021bilor conlocuitoare \u0219i de grup\u0103rile politice extremiste printre care partidul nazist Grupul Etnic German din Rom\u00e2nia, condus de Andreas Schmidt. Carol al II-lea formeaz\u0103 atunci, la 22 iunie 1940 Partidul Na\u021biunii, un partid unic \u00een fruntea c\u0103ruia se a\u0219eaz\u0103 el \u00eensu\u0219i. Acest regim politic, dictatorial, antifascist \u0219i anticomunist, na\u021bionalist \u0219i cre\u0219tin, este denumit carlist. Durata sa va fi scurt\u0103, sub patru luni : nici tulbur\u0103rile \u0219i asasinatele politice nu \u00eenceteaz\u0103 (dimpotriv\u0103), nici integritatea teritorial\u0103 nu este p\u0103strat\u0103 (prin tratatul Hitler-Stalin, Tratatul de la Craiova \u0219i Dictatul de la Viena Rom\u00e2nia pierde peste o treime din teritoriu \u0219i peste un sfert din popula\u021bie). Criza regimului &#8222;carlist&#8221; se \u00eencheie prin abdicarea regelui la 6 septembrie 1940.<\/h4>\n<h3 style=\"text-align: justify;\"><strong>\u00cenceputul celui de al Doilea R\u0103zboi Mondial<\/strong><\/h3>\n<h4 style=\"text-align: justify;\">Pe 23 august 1939 Germania nazist\u0103 \u0219i Uniunea Sovietic\u0103 au semnat pactul Hitler-Stalin, al c\u0103rui protocol secret prevedea \u00eemp\u0103r\u021birea Poloniei \u0219i Rom\u00e2niei \u00eentre cele dou\u0103 puteri totalitare. \u00cen Rom\u00e2nia, URSS revendica Bucovina de Nord \u0219i Basarabia. \u00cen septembrie, Polonia este invadat\u0103 \u0219i \u00eemp\u0103r\u021bit\u0103 conform pactului. Rom\u00e2nia a r\u0103mas oficial o \u021bar\u0103 neutr\u0103, dar a ad\u0103postit refugia\u021bii polonezi \u0219i mai ales a transportat armata, guvernul \u0219i tezaurul b\u0103ncii poloneze de la frontiera din Bucovina p\u00e2n\u0103 \u00een teritoriul britanic (Alexandria din Egipt) prin c\u0103ile ferate, \u0219oselele \u0219i porturile rom\u00e2ne\u0219ti de la Marea Neagr\u0103, mul\u021bumit\u0103 mobiliz\u0103rii CFR, SMR \u0219i LARES.<\/h4>\n<h4 style=\"text-align: justify;\">\u00cen 1940, ca urmare a ultimatumului dat de Uniunea Sovietic\u0103, Rom\u00e2nia a fost nevoit\u0103 \u00een iunie 1940 s\u0103 evacueze \u0219i cedeze Basarabia \u0219i Bucovina de Nord. Pe l\u00e2ng\u0103 aceste teritorii, a mai fost r\u0103pit \u0219i \u021ainutul Her\u021ba care nu f\u0103cea parte nici din Bucovina, nici din Basarabia, \u0219i nu fusese revendicat de URSS. Evacuarea armatei \u0219i administra\u021biei rom\u00e2ne a fost \u00eenso\u021bit\u0103 de ac\u021biuni antirom\u00e2ne\u0219ti ale sovieticilor \u0219i grupurilor de comuni\u0219ti evrei civili (jafuri, ucideri, violuri). Dou\u0103 treimi din Basarabia au fost alipite unei mici republici sovietice autonome pre-existente, form\u00e2nd Republica Sovietic\u0103 Socialist\u0103 Moldoveneasc\u0103, restul fiind anexate Republicii Sovietice Socialiste Ucrainene. Ocupa\u021bia sovietic\u0103 a desf\u0103\u0219urat o campanie de distrugere a fiin\u021bei na\u021bionale rom\u00e2ne\u0219ti prin deport\u0103ri \u00een mas\u0103 \u0219i prin interzicerea valorilor rom\u00e2ne\u0219ti.<\/h4>\n<h3 style=\"text-align: justify;\"><strong>Venirea la putere a lui Antonescu<\/strong><\/h3>\n<h4 style=\"text-align: justify;\"><\/h4>\n<figure id=\"attachment_983\" aria-describedby=\"caption-attachment-983\" style=\"width: 379px\" class=\"wp-caption aligncenter\"><a href=\"http:\/\/www.desteptati-va.ro\/wp-content\/uploads\/2011\/02\/ion-antonescu.jpg\"><img loading=\"lazy\" decoding=\"async\" class=\" wp-image-983\" title=\"Maresalul Ion Antonescu\" src=\"http:\/\/www.desteptati-va.ro\/wp-content\/uploads\/2011\/02\/ion-antonescu-268x300.jpg\" alt=\"Maresalul Ion Antonescu\" width=\"379\" height=\"425\"><\/a><figcaption id=\"caption-attachment-983\" class=\"wp-caption-text\">Maresalul Ion Antonescu<\/figcaption><\/figure>\n<h4 style=\"text-align: justify;\">\u00cen septembrie 1940, Ion Antonescu a fost numit prin Decret Regal de Carol al II-lea prim-ministru, \u00eens\u0103rcinat cu formarea unui guvern de uniune na\u021bional\u0103. Generalul Antonescu le-a propus \u021b\u0103r\u0103ni\u0219tilor \u0219i liberalilor s\u0103 colaboreze la guvernare \u00eens\u0103 ace\u0219tia au refuzat. Dup\u0103 abdicarea lui Carol al II-lea, la cererea lui Antonescu, cele dou\u0103 partide au refuzat \u00een continuare s\u0103 se implice \u00een mod direct prin liderii lor, desemn\u00e2nd doar ni\u0219te \u201especiali\u0219ti\u201d din r\u00e2ndurile propriilor membri, pentru a \u201esf\u0103tui\u201d guvernul format de Antonescu. \u00cen urma refuzului celor dou\u0103 partide istorice de a intra la guvernare, Ion Antonescu a format guvernul din apropia\u021bi ai s\u0103i, militari \u0219i civili, \u0219i din legionari condu\u0219i \u00een acel moment de Horia Sima, la care s-au ad\u0103ugat \u0219i consilierii desemna\u021bi de celelalte partide politice. Prin decretul semnat de c\u0103tre regele Mihai I, Rom\u00e2nia a fost declarat\u0103 \u201eStat Na\u021bional Legionar\u201d.<\/h4>\n<h4 style=\"text-align: justify;\">Steaua lui David: potrivit m\u0103rturiei lui Raoul \u0218orban, onorat cu distinc\u021biile de \u201eDrept \u00eentre popoare\u201d \u0219i \u201eCet\u0103\u021bean de Onoare al Israelului\u201d, au existat \u00een Rom\u00e2nia legi discriminatorii elaborate sub presiunea nazist\u0103, \u00eens\u0103 multe dintre prevederile legilor nu au fost aplicate niciodat\u0103, g\u0103sindu-se tot felul de modalit\u0103\u021bi de a le ocoli. Acela\u0219i domn, dar \u0219i istoricul Dinu C. Giurescu afirm\u0103 c\u0103 au fost unele voci care cereau ca \u00een Rom\u00e2nia, evreii s\u0103 poarte \u201eSteaua lui David\u201d (steaua galben\u0103), \u00eens\u0103 \u00een urma \u00eent\u00e2lnirii dintre Wilhelm Filderman care de\u021binea func\u021bia de pre\u0219edinte al Uniunii Comunit\u0103\u021bilor Evreie\u0219ti \u0219i Ion Antonescu, mare\u0219alul a dat, la 8 septembrie 1941, dispozi\u021bia ca nici-un evreu din Rom\u00e2nia s\u0103 nu fie obligat s\u0103 poarte \u00eensemnul. Mai mult, Consulatul rom\u00e2n din Paris a cerut acela\u0219i drept \u0219i pentru evreii cet\u0103\u021beni rom\u00e2ni care se aflau \u00een Fran\u021ba. \u00cen schimb, Garda de Fier, aflat\u0103 la putere din 14 septembrie 1940 \u0219i p\u00e2n\u0103 la 21 ianuarie 1941, a aplicat strict legisla\u021bia anti-semit\u0103 existent\u0103 \u0219i a \u00een\u0103sprit prigoana evreilor mult peste aceasta, ded\u00e2ndu-se la acte similare cu cele comise, cu c\u00e2teva luni mai devreme, de c\u0103tre comuni\u0219ti \u00een Basarabia evacuat\u0103. Conform ideologiei sale xenofobe, Mi\u0219carea Legionar\u0103 a reactivat \u0219i legisla\u021bia \u00eempotriva comercian\u021bilor armeni \u0219i greci. Ca urmare a politicii antilegionare din timpul dictaturii lui Carol al II-lea, Garda de Fier a ajuns la guvernare f\u0103r\u0103 o seam\u0103 de lideri importan\u021bi care fuseser\u0103 elimina\u021bi \u0219i fizic la ordinul regelui. Violen\u021ba membrilor Mi\u0219c\u0103rii Legionare era \u00eente\u021bit\u0103 de un sentiment de r\u0103zbunare \u00eempotriva tuturor partizanilor &#8222;carli\u0219ti&#8221; sau a regimului parlamentar anterior, astfel c\u0103 \u00een momentul dezgrop\u0103rii lui Codreanu, mai mult de 60 de fo\u0219ti demnitari antebelici au fost uci\u0219i \u00een \u00eenchisoarea de la Jilava pe 27 noiembrie 1940, \u00een timp ce \u00ee\u0219i a\u0219teptau deciziile judec\u0103tore\u0219ti pentru implicarea \u00een asasinarea lui Codreanu. Pe l\u00e2ng\u0103 ace\u0219tia, au fost asasina\u021bi \u00een apropierea Ploie\u0219tiului istoricul \u0219i fostul prim-ministru Nicolae Iorga \u0219i economistul Virgil Madgearu, de asemenea un fost ministru, considera\u021bi de Mi\u0219carea Legionar\u0103 ca &#8222;autorii morali&#8221; ai elimin\u0103rii lui Codreanu. Guvernarea legionar\u0103 a redresat economia statului (\u00eenregistr\u00e2ndu-se la sf\u00e2r\u0219itul anului 1940 un excedent bugetar consistent) prin metode similare cu cele ce vor fi folosite de comuni\u0219ti \u0219ase ani mai t\u00e2rziu: confiscarea averilor unor societ\u0103\u021bi, b\u0103nci (\u00eendeosebi cu ac\u021bionari evrei) \u0219i fo\u0219ti demnitari din epoca parlamentar\u0103.<\/h4>\n<h4 style=\"text-align: justify;\">Coabitarea G\u0103rzii cu Ion Antonescu a fost conflictual\u0103. Socotind legionarii fanatici, mult prea violen\u021bi f\u0103r\u0103 discriminare \u0219i incontrolabili, Ion Antonescu a \u00eencercat \u00eendep\u0103rtarea G\u0103rzii de Fier de la guvernare ceea ce a produs Rebeliunea legionar\u0103, prin care Mi\u0219carea legionar\u0103 a \u00eencedrcat s\u0103-l \u00eenl\u0103ture pe Antonescu de la putere, c\u00e2\u0219tig\u00e2nd simpatiile ofi\u021berilor armatei, studen\u021bimei \u0219i muncitorimii. Dar \u00een mare majoritate ace\u0219tia au luat partea mare\u0219alului, astfel c\u0103 \u00een patru zile, Antonescu a \u00een\u0103bu\u0219it revolta legionar\u0103 \u0219i a exclus Garda de Fier din guvern. Horia Sima \u0219i aproximativ 700 de demnitari legionari s-au refugiat \u00een Germania, al\u021bii circa 8000 fiind interna\u021bi \u00een lag\u0103re.<\/h4>\n<h4 style=\"text-align: justify;\">Instalat la 4 iulie 1940 \u00een speran\u021ba de a c\u00e2\u0219tiga bun\u0103voin\u021ba Germaniei hitleriste, guvernul Ion Gigurtu a introdus o legisla\u021bie antisemit\u0103 dupa modelul german, potrivit cu ideologia de extrem\u0103 dreapta care \u00eel c\u0103l\u0103uzea. El \u00eens\u0103 nu a reu\u0219it s\u0103 ob\u021bin\u0103 sprijinul Germaniei, deoarece aceasta \u00eei sprijinea pe cei care pierduser\u0103 primul r\u0103zboi mondial \u0219i care solicitau din ce \u00een ce mai tare revizuirea grani\u021belor. Astfel c\u0103, la 30 august 1940, prin Dictatul de la Viena, puterile Axei au for\u021bat Rom\u00e2nia s\u0103 cedeze Ungariei jum\u0103tate din Transilvania. Zona respectiv\u0103 a fost cunoscut\u0103 de atunci drept \u201eTransilvania de Nord\u201d, pentru a fi deosebit\u0103 de \u201eTransilvania de Sud\u201d, care a r\u0103mas sub guvernarea rom\u00e2neasc\u0103. Pe 7 septembrie 1940, prin Tratatul de la Craiova, \u201eCadrilaterul\u201d (partea sudic\u0103 a Dobrogei) a fost cedat\u0103 Bulgariei.<\/h4>\n<h3 style=\"text-align: justify;\"><strong>Campania din URSS<\/strong><\/h3>\n<h4 style=\"text-align: justify;\"><\/h4>\n<figure id=\"attachment_987\" aria-describedby=\"caption-attachment-987\" style=\"width: 613px\" class=\"wp-caption aligncenter\"><a href=\"http:\/\/www.desteptati-va.ro\/wp-content\/uploads\/2011\/02\/11.jpg\"><img loading=\"lazy\" decoding=\"async\" class=\" wp-image-987\" title=\"Soldati romani langa Prut\" src=\"http:\/\/www.desteptati-va.ro\/wp-content\/uploads\/2011\/02\/11-300x193.jpg\" alt=\"Soldati romani langa Prut\" width=\"613\" height=\"394\"><\/a><figcaption id=\"caption-attachment-987\" class=\"wp-caption-text\">Soldati romani langa Prut<\/figcaption><\/figure>\n<h4 style=\"text-align: justify;\">Pe 22 iunie, 1941, unit\u0103\u021bi ale armatelor german\u0103 \u0219i rom\u00e2n\u0103 au \u00eenceput campania din est \u00eempotriva Uniunii Sovietice, prima opera\u021biune numindu-se \u201eOpera\u021biunea M\u00fcnchen\u201d, de recucerire a Basarabiei \u0219i Bucovinei. Armata rom\u00e2n\u0103 a \u00eenceput lupta \u00eempotriva for\u021belor sovietice \u00een diminea\u021ba zilei de 22 iunie 1941 pe un front cuprins \u00eentre mun\u021bii Bucovinei \u0219i Marea Neagr\u0103. La 5 iulie 1941 intr\u0103 \u00een Cern\u0103u\u021bi primele trupe rom\u00e2ne. La 10 iulie ora\u0219ul Soroca este eliberat de c\u0103tre Divizia blindat\u0103 rom\u00e2n\u0103 care apoi se \u00eendreapt\u0103 c\u0103tre localitatea B\u0103l\u021bi pe care o elibereaz\u0103 la 12 iulie. Localitatea Orhei este eliberat\u0103 \u00een data de 15 iulie de c\u0103tre unit\u0103\u021bi din Divizia 5 infanterie rom\u00e2n\u0103. Pe 16 iulie, ca urmare a ac\u021biunilor \u00eentreprinse de Corpul 3 rom\u00e2n \u0219i Corpul 54 german, este eliberat ora\u0219ul Chi\u0219in\u0103u. A doua zi, pe 17 iulie, Cartierul general al Comandamentului frontului germano-rom\u00e2n transmite c\u0103 odat\u0103 cu victoria pentru cucerirea masivului Corne\u0219ti, \u201ccheia strategic\u0103 a Basarabiei e \u00een m\u00e2na noastr\u0103\u201d \u0219i c\u0103 Hotinul, Soroca, Orheiul \u0219i Chi\u0219in\u0103ul au fost eliberate. Pe 21 iulie, Divizia 10 infanterie trece Dun\u0103rea \u0219i elibereaz\u0103 localit\u0103\u021bile Ismail, Chilia Nou\u0103, V\u00e2lcov \u0219i continu\u0103 s\u0103 mearg\u0103 c\u0103tre Cetatea Alb\u0103 cu scopul eliber\u0103rii totale a Basarabiei.<\/h4>\n<h4 style=\"text-align: justify;\">La 27 iulie 1941, Hitler \u00eei trimite lui Antonescu un mesaj de felicitare pentru eliberarea Basarabiei \u0219i Bucovinei \u0219i \u00eei cere s\u0103 treac\u0103 Nistrul \u0219i s\u0103 ia sub supraveghere teritoriul dintre Nistru \u0219i Bug. Dac\u0103 p\u00e2n\u0103 la eliberarea teritoriilor rom\u00e2ne\u0219ti, Antonescu a avut sprijin total din partea societ\u0103\u021bii rom\u00e2ne\u0219ti, \u00een momentul \u00een care s-a \u00eenf\u0103ptuit acest lucru, a ap\u0103rut \u00eentrebarea dac\u0103 s\u0103 se mearg\u0103 doar \u201cp\u00e2n\u0103 la Nistru sau p\u00e2n\u0103 la victoria final\u0103\u201d. Unul dintre cei care sus\u021bineau c\u0103 armata rom\u00e2n\u0103 ar trebui s\u0103 se opreasc\u0103 la Nistru era Iuliu Maniu, argument\u00e2nd c\u0103 mai departe nu este r\u0103zboiul rom\u00e2nilor \u0219i c\u0103 aten\u021bia ar trebui \u00eendreptat\u0103 c\u0103tre Ardeal. Tot cu g\u00e2ndul la Ardeal a hot\u0103r\u00e2t \u0219i Antonescu s\u0103 treac\u0103 Nistrul cu speran\u021ba c\u0103 Hitler va face dreptate rom\u00e2nilor \u00een problema Ardealului. Astfel c\u0103 la scrisoarea trimis\u0103 de Hitler \u00een 27 iulie, r\u0103spunde afirmativ la 31 iulie, ar\u0103t\u00e2ndu-\u0219i totodat\u0103 \u0219i \u00eencrederea \u00een \u201cjusti\u021bia pe care F\u00fchrerul cancelar Adolf Hitler o va face poporului rom\u00e2n \u0219i drepturilor statornice seculare, misiunii sale din Carpa\u021bi, de la Dun\u0103re \u0219i de la Marea Neagr\u0103\u201d.<\/h4>\n<h4 style=\"text-align: justify;\">La 22 august 1941, Ion Antonescu este ridicat prin decret regal la gradul de mare\u0219al al Rom\u00e2niei (auto-promovare) \u0219i decorat (auto-decorat) cu Ordinul militar \u201cMihai Viteazul\u201d clasa II-a \u0219i I-a. R\u0103spunz\u00e2nd la 12 septembrie la o scrisoare a unor refugia\u021bi rom\u00e2ni din Ardeal, Ion Antonescu spune: \u201cNicio brazd\u0103 rom\u00e2neasc\u0103 nu se uit\u0103. Nicio umilire nu r\u0103m\u00e2ne ner\u0103zbunat\u0103. Jertfele pentru Odessa nu sunt numai pentru grani\u021ba r\u0103s\u0103ritean\u0103, ci pentru \u00eemplinirea tuturor drepturilor \u0219i n\u0103zui\u021belor neamului\u201d.<\/h4>\n<h4 style=\"text-align: justify;\">\u00cen continuare, trupele rom\u00e2ne au primit ordin sa \u00eenainteze \u00een interiorul U.R.S.S- ului pe direc\u021bii diferite. Astfel, Armata a 4-a a participat la B\u0103t\u0103lia de la Odessa, unde a dus lupte s\u00e2ngeroase \u00eentre 6 august \u0219i 16 octombrie 1941, \u00eensemn\u00e2nd pentru unit\u0103\u021bile acestei armate 17.792 mor\u021bi, 63.345 r\u0103ni\u021bi, 11.471 disp\u0103ru\u021bi, \u00een total 92.608 oameni.<\/h4>\n<h4 style=\"text-align: justify;\">\u00cen anii 1941 \u0219i 1942, unit\u0103\u021bile rom\u00e2ne, oper\u00e2nd sub comandament general german, au luat parte la b\u0103t\u0103liile din Crimeea, Caucaz, la Cotul Donului \u0219i Stalingrad. La pierderile generale de 130.000 militari mor\u021bi, r\u0103ni\u021bi \u0219i disp\u0103ru\u021bi \u00een anul 1941, s-au ad\u0103ugat marile pierderi ale Armatei a 3-a la cotul Donului \u0219i ale Armatei a 4-a \u00een Stepa Calmuc\u0103, la sf\u00e2r\u0219itul anului 1942 \u0219i \u00eenceputul anului 1943, ridic\u00e2du-se la 182.441 militari (16.566 mor\u021bi, 67.182 r\u0103ni\u021bi, 98.692 disp\u0103ru\u021bi), fapt care a redus considerabil capacitatea combativ\u0103 a armatei rom\u00e2ne.<\/h4>\n<h3 style=\"text-align: justify;\"><strong>Rom\u00e2nia \u0219i Holocaustul <\/strong><\/h3>\n<h4 style=\"text-align: justify;\">\u00cen iunie-august 1940, printr-un pachet de legi similare Legilor de la N\u00fcrnberg, autorit\u0103\u021bile rom\u00e2ne i-au exclus din serviciul public pe func\u021bionarii evrei. Etnicilor evrei li s-a interzis excercitarea oric\u0103ror func\u021bii publice, fiind \u00eenl\u0103tura\u021bii nu numai din aparatul func\u021bion\u0103resc, din armat\u0103 \u0219i din magistratur\u0103, ci \u0219i din societ\u0103\u021bile comerciale, din echipele sportive etc. Totodat\u0103 li s-a interzis cump\u0103rarea de imobile. Pentru am\u0103nunte: Decretul-lege din 8 august 1940 privind situa\u021bia juridic\u0103 a evreilor, publicat \u00een Monitorul Oficial nr. 183\/1940. \u00cen continuare, prin Decretul-lege din 9 august 1940, publicat \u00een Monitorul Oficial nr. 193\/1940, au fost interzise c\u0103s\u0103toriile etnicilor rom\u00e2ni cu etnici evrei, iar cele deja existente au fost declarate nule. \u00cen octombrie 1940 bunurile funciare ale evreilor au fost na\u021bionalizate.<\/h4>\n<h4 style=\"text-align: justify;\">Chiar \u0219i dup\u0103 \u00eenl\u0103turarea de la putere a G\u0103rzii de Fier, regimul Antonescu, aliat al Germaniei naziste, a continuat politica de opresiune \u0219i masacrare a evreilor(\u0219i, mai apoi, a \u021biganilor), mai ales \u00een teritoriile estice. Pogromurile \u0219i transporturile erau la ordinea zilei \u00een Moldova, Bucovina, \u0219i Basarabia. Num\u0103rul mor\u021bilor este inc\u0103 \u00een discu\u021bie, dar \u0219i cea mai mic\u0103 estimare atinge un num\u0103r de 250.000 de evrei (\u0219i 25.000 rromi) \u00een regiunile estice, \u00een timp ce 120.000 dintre evreii din Transilvania ocupata au fost aduna\u021bi de autorit\u0103\u021bile maghiare \u0219i transfera\u021bi autorit\u0103\u021bilor germane. Atrocit\u0103\u021bile au \u00eenceput \u00een luna iunie 1941 prin pogromul de la Ia\u0219i. \u00cen a\u0219a-numitele trenuri ale mor\u021bii (trenuri cu deporta\u021bi plimbate at\u00e2ta timp prin Moldova, p\u00e2n\u0103 c\u00e2nd pasagerii au murit de sete \u0219i de foame) au fost uci\u0219i aproximativ 4.400 de evrei. (Sursa: Muzeul Evreilor din Rom\u00e2nia, citat de ziarul Frankfurter Allgemeine Zeitung din data de joi, 24 ianuarie 2005). \u00cen conformitate cu raportul oficial al Comisiei Interna\u021bionale privind Studierea Holocaustului \u00een Rom\u00e2nia: \u201e\u00cen trenul mor\u021bii care a plecat din Ia\u0219i c\u0103tre C\u0103l\u0103ra\u0219i, \u00een sudul Rom\u00e2niei, care transporta probabil p\u00e2n\u0103 la 5.000 de evrei, doar 1.011 au ajuns la destina\u021bie \u00een via\u021b\u0103 dup\u0103 \u0219apte zile. (Poli\u021bia rom\u00e2n\u0103 a num\u0103rat 1.258 de trupuri, dar sute de cadavre fuseser\u0103 aruncate din tren pe drum, la Mirce\u0219ti, Roman, S\u0103b\u0103oani \u0219i Inote\u0219ti). Trenul mor\u021bii c\u0103tre Podu Iloaiei (la 15 km de Ia\u0219i) \u00eembarcase aproape 2.700 de evrei la plecare, dintre care doar 700 au mai cobor\u00e2t \u00een via\u021b\u0103. \u00cen raportul oficial, autorit\u0103\u021bile rom\u00e2ne au declarat c\u0103 1.900 de evrei s-au urcat \u00een tren \u0219i &#8222;doar&#8221; 1.194 au murit\u201c. Trupele rom\u00e2ne care au ocupat ora\u0219ul Odessa s-au f\u0103cut responsabile de masacrele de la Odesa, \u00een timpul c\u0103rora peste 100.000 de evrei au fost \u00eempu\u0219ca\u021bi \u00een toamna anului 1941.<\/h4>\n<h4 style=\"text-align: justify;\">Totu\u0219i, \u00een zona Europei Centrale \u0219i de Est, majoritatea evreilor de na\u021bionalitate rom\u00e2n\u0103 au supravie\u021buit r\u0103zboiului. Regimul Antonescu f\u0103cuse planuri pentru deport\u0103ri \u00een mas\u0103 din Valahia, sudul Transilvaniei, \u0219i din sudul \u0219i vestul Moldovei, dar nu le-a pus niciodat\u0103 \u00een practic\u0103. Istoricii nu s-au pus de acord cu privire la rolul fostului coleg de clas\u0103, evreul Wilhelm Filderman, \u00een nepunere \u00een aplicare a acestor planuri, sau Antonescu a calculat c\u0103 Rom\u00e2nia de Vest nu era destul de anti-semit\u0103 pentru a putea pune \u00een aplicare planurile, sau nu voia s\u0103 \u00eenl\u0103ture contribu\u021bia evreiasc\u0103 la economia rom\u00e2neasc\u0103. (Este de notat c\u0103 de\u0219i antisemit, mama vitreg\u0103 a lui Antonescu era evreic\u0103 precum \u0219i prima sa so\u021bie a fost o evreic\u0103 de na\u021bionalitate francez\u0103.) .<\/h4>\n<h4 style=\"text-align: justify;\"><strong>Demiterea \u0219i arestarea Mare\u0219alului Antonescu<\/strong><\/h4>\n<h4 style=\"text-align: justify;\">\u00cen septembrie 1942 \u00eenceputul ofensivei \u0219i \u00eencercuirii de la Stalingrad l-au convins pe Antonescu c\u0103 r\u0103zboiul este pierdut.<\/h4>\n<h4 style=\"text-align: justify;\">\u00cencep\u00e2nd cu 1944, economia Rom\u00e2niei era \u00een pragul colapsului datorit\u0103 cheltuielilor de r\u0103zboi, iar resentimentul \u00eempotriva \u201ebocancului german\u201c a crescut \u00een r\u00e2ndul celor care \u00een prim\u0103 faz\u0103 au sprijinit alian\u021ba cu Germania. Regele Mihai, care ini\u021bial nu s-a implicat efectiv \u00een politica Rom\u00e2niei, a fost atras s\u0103 colaboreze cu liderii partidelor opozi\u021bioniste. La 23 august 1944 Regele Mihai \u0219i-a dat acordul pentru \u00eenl\u0103turarea prin for\u021b\u0103 a mare\u0219alului Antonescu dac\u0103 acesta va refuza semnarea armisti\u021biului cu Na\u021biunile Unite. \u00cen urma refuzului net al lui lui Antonescu la 23 august 1944, Regele Mihai l-a destituit \u0219i l-a arestat (deoarece Antonescu a fost numit prim-ministru prin Decret-Regal al lui Carol al II-lea a fost dreptul Regelui Mihai s\u0103 abroge decretul anterior, deci, ac\u021biunea a fost legal\u0103 \u0219i nu o lovitur\u0103 se stat). Imediat, el l-a numit prim-ministru pe gen. Constantin S\u0103n\u0103tescu, \u00een fruntea unui guvern compus din militari \u0219i reprezentan\u021bii Blocului Na\u021bional Democrat, ca mini\u0219tri f\u0103r\u0103 portofoliu. \u00cen aceea\u0219i zi, seara, la orele 22:00, Regele a difuzat &#8222;Proclama\u021bia c\u0103tre \u021bar\u0103&#8221;, prin care anun\u021ba revenirea la un regim democratic, \u00eencheierea r\u0103zboiului cu Na\u021biunile Unite \u0219i \u00eentoarcerea armelor \u00eempotriva Germaniei.<\/h4>\n<h3 style=\"text-align: justify;\"><strong>R\u0103zboiul pe frontul de vest<\/strong><\/h3>\n<h4 style=\"text-align: justify;\"><\/h4>\n<figure id=\"attachment_988\" aria-describedby=\"caption-attachment-988\" style=\"width: 665px\" class=\"wp-caption aligncenter\"><a href=\"http:\/\/www.desteptati-va.ro\/wp-content\/uploads\/2011\/02\/WWII_Southern_Central_Europe_1944-1945.png\"><img loading=\"lazy\" decoding=\"async\" class=\" wp-image-988\" title=\"Fortele romane pe frontul de vest\" src=\"http:\/\/www.desteptati-va.ro\/wp-content\/uploads\/2011\/02\/WWII_Southern_Central_Europe_1944-1945-300x212.png\" alt=\"Fortele romane pe frontul de vest\" width=\"665\" height=\"470\"><\/a><figcaption id=\"caption-attachment-988\" class=\"wp-caption-text\">Fortele romane pe frontul de vest<\/figcaption><\/figure>\n<h4 style=\"text-align: justify;\">La 12 septembrie, Rom\u00e2nia semneaz\u0103 Armisti\u021biul cu Na\u021biunile Unite, asum\u00e2ndu-\u0219i obliga\u021bia de a contribui cu 38 de divizii la efortul de lupt\u0103 antihitlerist. La 25 octombrie, sunt eliberate ultimele localit\u0103\u021bi rom\u00e2ne\u0219ti: Carei \u0219i Satu-Mare. Rom\u00e2nia particip\u0103 la eliberarea Ungariei \u0219i Cehoslovaciei, mobiliz\u00e2nd pentru aceasta cca. 567.000 de solda\u021bi. Cele mai grele lupte s-au dat \u00een asediul Budapestei \u0219i \u00een mun\u021bii Tatra, ele fiind soldate cu mari pierderi de vie\u021bi omene\u0219ti. Cele 260 de zile de participare la r\u0103zboiul antihitlerist se \u00eencheie la 12 mai 1945, l\u0103s\u00e2nd loc \u00eent\u0103ririi influen\u021bei sovietice \u00een Rom\u00e2nia.<\/h4>\n<h3 style=\"text-align: justify;\"><strong>Dup\u0103 r\u0103zboi<\/strong><\/h3>\n<h4 style=\"text-align: justify;\">\u00cen ciuda actului de la 23 august 1944, Rom\u00e2nia a constituit, \u00een ochii URSS, o prad\u0103 de r\u0103zboi, iar \u00een ochii alia\u021bilor apuseni, un stat du\u0219man \u00eenvins. Delega\u021bia rom\u00e2n\u0103 la tratativele de pace de la Paris a argumentat c\u0103 \u0219i guvernul P\u00e9tain, singurul legal \u00een Fran\u021ba \u00een perioada iunie 1940 &#8211; august 1944, fusese un aliat al Germaniei f\u0103r\u0103 ca asta s\u0103 t\u0103g\u0103duiasc\u0103 Fran\u021bei dreptul de a fi num\u0103rat\u0103 printre cobeligeran\u021bi, dar URSS \u0219i-a impus punctul de vedere \u0219i prin condi\u021biile Tratatului de la Paris din 1947, Alia\u021bii au refuzat Rom\u00e2niei statutul de stat cobeligerant. Pe principiul c\u0103 &#8222;cel care ocup\u0103 un teritoriu \u00ee\u0219i impune \u0219i sistemul s\u0103u social&#8221;, armata sovietic\u0103 a impus venirea la putere a cominterni\u0219tilor \u0219i comuni\u0219tilor. La presiunile URSS, guvernul S\u0103n\u0103tescu este dizolvat \u0219i \u00eenlocuit cu guvernul R\u0103descu (decembrie 1944 &#8211; martie 1945), unde sunt inclu\u0219i reprezentan\u021bi ai Frontului Na\u021bional Democrat (constituit \u00een octombrie 1944), \u00een posturi cheie ca justi\u021bia (Lucre\u021biu P\u0103tr\u0103\u0219canu) \u0219i transporturile (Gheorghe Gheorghiu-Dej).<\/h4>\n<h4 style=\"text-align: justify;\">De\u0219i URSS-ului i-a fost recunoscut\u0103 definitiv anexarea Basarabiei \u0219i a Nordului Bucovinei, iar Bulgariei recuperarea Cadrilaterului (regiune locuit\u0103 \u00een majoritate de bulgari), totu\u0219i contribu\u021bia Rom\u00e2niei de partea Alia\u021bilor nu r\u0103m\u00e2ne total f\u0103r\u0103 urm\u0103ri. \u00cen ciuda \u00eencerc\u0103rilor Ungariei de a conserva Oradea \u0219i Satu-Mare, nordul Transilvaniei a fost, din nou, recunoscut ca parte integrant\u0103 a Rom\u00e2niei, p\u00e2n\u0103 la frontiera trasat\u0103 \u00een 1918 de comisia interna\u021bional\u0103 condus\u0103 de geograful francez Emmanuel de Martonne, care este frontiera actual\u0103.<\/h4>\n<h4 style=\"text-align: justify;\">Nordul Bucovinei \u0219i partea de sud a Basarabiei au revenit RSS Ucrainene, iar restul Basarabiei, \u00eempreun\u0103 cu o parte din fosta Republic\u0103 Sovietic\u0103 Socialist\u0103 Autonom\u0103 Moldoveneasc\u0103, a constituit o nou\u0103 republic\u0103 a URSS denumit\u0103 &#8222;RSS Moldoveneasc\u0103&#8221;. Aceasta a devenit independent\u0103 \u00een 1991, sub numele de Republica Moldova.<\/h4>\n<h4 style=\"text-align: justify;\">La 6 martie 1945, Iosif Stalin impune numirea guvernului Petru Groza, controlat de FND cu dominant\u0103 comunist\u0103, care de\u021binea 14 ministere. Pentru a-\u0219i atrage simpatia popula\u021biei, acesta legifereaz\u0103 reforma agrar\u0103, prin care sunt expropriate peste 1.400.000 ha de p\u0103m\u00e2nt, care sunt date la 900.000 de familii de \u021b\u0103rani. La 21 august 1945, Regele Mihai I \u00eencepe &#8222;greva regal\u0103&#8221;, adic\u0103 refuz\u0103 s\u0103 mai promulge decretele-legi ale guvernului. \u00cen mod ilegal, \u00eens\u0103, guvernul le aplic\u0103. \u00centre 7 \u0219i 18 mai are loc procesul mare\u0219alului Ion Antonescu \u0219i al principalilor s\u0103i colaboratori; condamnat la moarte, mare\u0219alul va fi executat la 1 iunie 1946. Comuni\u0219tii asociaz\u0103 pe mare\u0219al partidelor istorice pentru a le discredita pe acestea.<\/h4>\n<h4 style=\"text-align: justify;\">La 19 noiembrie 1946 au loc primele alegeri parlamentare postbelice. Cu toate c\u0103 rezultatele reale indicau victoria decisiv\u0103 a Partidului Na\u021bional \u021a\u0103r\u0103nesc, rezultatele oficiale falsificate au prezentat victoria cu peste 70% a Blocului Partidelor Democratice (PCR, PSD, PNL-Gheorghe T\u0103t\u0103rescu, PN\u021a-Anton Alexandrescu, Frontul Plugarilor, Partidul Na\u021bional Popular). La 30 iulie 1947, \u00een urma \u00eenscen\u0103rii de la T\u0103m\u0103d\u0103u, liderii Partidului Na\u021bional \u021a\u0103r\u0103nesc sunt aresta\u021bi \u0219i trimi\u0219i \u00een judecat\u0103 (vor fi condamna\u021bi la 12 noiembrie 1947 la \u00eenchisoare), iar partidul este dizolvat. La 6 noiembrie 1947, gruparea PNL-Gheorghe T\u0103t\u0103rescu este eliminat\u0103 din Parlament \u0219i Guvern.<\/h4>\n<h4 style=\"text-align: justify;\">Devenit\u0103 ultima piedic\u0103 \u00een calea instaur\u0103rii depline a comunismului, monarhia este abolit\u0103 prin abdicarea silit\u0103 a Regelui Mihai I la 30 decembrie 1947 \u0219i plecarea acestuia \u00een exil for\u021bat.<\/h4>\n<h4 style=\"text-align: justify;\"><em>Articol preluat de la <a href=\"http:\/\/ro.wikipedia.org\/wiki\/Rom\u00e2nia_\u00een_al_Doilea_R\u0103zboi_Mondial\" target=\"_blank\" rel=\"noopener\">wikipedia.org<\/a><\/em><\/h4>        <div class=\"booster-block booster-reactions-block\">\n            <div class=\"twp-reactions-icons\">\n                \n                <div class=\"twp-reacts-wrap\">\n                    <a react-data=\"be-react-1\" post-id=\"3540\" class=\"be-face-icons un-reacted\" href=\"javascript:void(0)\">\n                        <img decoding=\"async\" src=\"https:\/\/desteptati-va.ro\/wp-content\/plugins\/booster-extension\/\/assets\/icon\/happy.svg\" alt=\"Happy\">\n                    <\/a>\n                    <div class=\"twp-reaction-title\">\n                        Happy                    <\/div>\n                    <div class=\"twp-count-percent\">\n                                                    <span style=\"display: none;\" class=\"twp-react-count\">0<\/span>\n                        \n                                                <span class=\"twp-react-percent\"><span>0<\/span> %<\/span>\n                                            <\/div>\n                <\/div>\n\n                <div class=\"twp-reacts-wrap\">\n                    <a react-data=\"be-react-2\" post-id=\"3540\" class=\"be-face-icons un-reacted\" href=\"javascript:void(0)\">\n                        <img decoding=\"async\" src=\"https:\/\/desteptati-va.ro\/wp-content\/plugins\/booster-extension\/\/assets\/icon\/sad.svg\" alt=\"Sad\">\n                    <\/a>\n                    <div class=\"twp-reaction-title\">\n                        Sad                    <\/div>\n                    <div class=\"twp-count-percent\">\n                                                    <span style=\"display: none;\" class=\"twp-react-count\">0<\/span>\n                                                                        <span class=\"twp-react-percent\"><span>0<\/span> %<\/span>\n                                            <\/div>\n                <\/div>\n\n                <div class=\"twp-reacts-wrap\">\n                    <a react-data=\"be-react-3\" post-id=\"3540\" class=\"be-face-icons un-reacted\" href=\"javascript:void(0)\">\n                        <img decoding=\"async\" src=\"https:\/\/desteptati-va.ro\/wp-content\/plugins\/booster-extension\/\/assets\/icon\/excited.svg\" alt=\"Excited\">\n                    <\/a>\n                    <div class=\"twp-reaction-title\">\n                        Excited                    <\/div>\n                    <div class=\"twp-count-percent\">\n                                                    <span style=\"display: none;\" class=\"twp-react-count\">0<\/span>\n                                                                        <span class=\"twp-react-percent\"><span>0<\/span> %<\/span>\n                                            <\/div>\n                <\/div>\n\n                <div class=\"twp-reacts-wrap\">\n                    <a react-data=\"be-react-6\" post-id=\"3540\" class=\"be-face-icons un-reacted\" href=\"javascript:void(0)\">\n                        <img decoding=\"async\" src=\"https:\/\/desteptati-va.ro\/wp-content\/plugins\/booster-extension\/\/assets\/icon\/sleepy.svg\" alt=\"Sleepy\">\n                    <\/a>\n                    <div class=\"twp-reaction-title\">\n                        Sleepy                    <\/div>\n                    <div class=\"twp-count-percent\">\n                                                    <span style=\"display: none;\" class=\"twp-react-count\">0<\/span>\n                        \n                                                <span class=\"twp-react-percent\"><span>0<\/span> %<\/span>\n                                            <\/div>\n                <\/div>\n\n                <div class=\"twp-reacts-wrap\">\n                    <a react-data=\"be-react-4\" post-id=\"3540\" class=\"be-face-icons un-reacted\" href=\"javascript:void(0)\">\n                        <img decoding=\"async\" src=\"https:\/\/desteptati-va.ro\/wp-content\/plugins\/booster-extension\/\/assets\/icon\/angry.svg\" alt=\"Angry\">\n                    <\/a>\n                    <div class=\"twp-reaction-title\">Angry<\/div>\n                    <div class=\"twp-count-percent\">\n                                                    <span style=\"display: none;\" class=\"twp-react-count\">0<\/span>\n                                                                        <span class=\"twp-react-percent\"><span>0<\/span> %<\/span>\n                        \n                    <\/div>\n                <\/div>\n\n                <div class=\"twp-reacts-wrap\">\n                    <a react-data=\"be-react-5\" post-id=\"3540\" class=\"be-face-icons un-reacted\" href=\"javascript:void(0)\">\n                        <img decoding=\"async\" src=\"https:\/\/desteptati-va.ro\/wp-content\/plugins\/booster-extension\/\/assets\/icon\/surprise.svg\" alt=\"Surprise\">\n                    <\/a>\n                    <div class=\"twp-reaction-title\">Surprise<\/div>\n                    <div class=\"twp-count-percent\">\n                                                    <span style=\"display: none;\" class=\"twp-react-count\">0<\/span>\n                                                                        <span class=\"twp-react-percent\"><span>0<\/span> %<\/span>\n                                            <\/div>\n                <\/div>\n\n            <\/div>\n        <\/div>\n\n    <\/div>","protected":false},"excerpt":{"rendered":"<p>Dup\u0103 o perioad\u0103 de neutralitate de mai bine de un an (\u00een decursul c\u0103reia Regatul Rom\u00e2niei a permis evacuarea guvernului,<a href=\"https:\/\/desteptati-va.ro\/index.php\/2021\/04\/15\/romania-in-al-doilea-razboi-mondial\/\">Read More<i class=\"fa fa-long-arrow-right\" aria-hidden=\"true\"><\/i><\/a><\/p>\n","protected":false},"author":1,"featured_media":2656,"comment_status":"open","ping_status":"open","sticky":false,"template":"","format":"standard","meta":{"_crdt_document":"","footnotes":""},"categories":[29],"tags":[299,300,219,301,302,59,60,303,248,259,304,305,306,307,308,309,310,311,312,313,179,281],"class_list":["post-3540","post","type-post","status-publish","format-standard","has-post-thumbnail","hentry","category-al-ii-a-razboi-mondial","tag-al-doilea-razboi-mondial","tag-axa","tag-basarabia","tag-bucovina-de-nord","tag-codreanu","tag-desteptati","tag-desteptati-va","tag-frontul-romanesc","tag-germania","tag-maresal","tag-mihai-i-antonescu","tag-nazism","tag-neutralitate","tag-odessa","tag-pnc","tag-pnl","tag-pnt","tag-puterile-axei","tag-regat","tag-regele-mihai","tag-romania","tag-urss"],"rise-blocks_total_comments":1,"rise-blocks_categories":[{"term_id":29,"name":"Al II-a Razboi Mondial","slug":"al-ii-a-razboi-mondial","term_group":0,"term_taxonomy_id":29,"taxonomy":"category","description":"","parent":28,"count":6,"filter":"raw"}],"rise-blocks_excerpt":"Dup\u0103 o perioad\u0103 de neutralitate de mai bine de un an (\u00een decursul c\u0103reia Regatul Rom\u00e2niei a permis evacuarea guvernului, tezaurului \u0219i for\u021belor poloneze spre Egiptul britanic, dar a pierdut importante teritorii \u00een profitul alia\u021bilor de atunci ai Germaniei naziste, anume URSS, Ungaria \u0219i Bulgaria), Rom\u00e2nia \u00ee\u0219i schimb\u0103 alian\u021bele odat\u0103 cu sosirea la putere a lui Ion Antonescu. Se aliaz\u0103..","yoast_head":"<!-- This site is optimized with the Yoast SEO plugin v26.9 - https:\/\/yoast.com\/product\/yoast-seo-wordpress\/ -->\r\n<title>Romania in al Doilea Razboi Mondial -<\/title>\r\n<meta name=\"robots\" content=\"index, follow, max-snippet:-1, max-image-preview:large, max-video-preview:-1\" \/>\r\n<link rel=\"canonical\" href=\"https:\/\/desteptati-va.ro\/index.php\/2021\/04\/15\/romania-in-al-doilea-razboi-mondial\/\" \/>\r\n<meta property=\"og:locale\" content=\"ro_RO\" \/>\r\n<meta property=\"og:type\" content=\"article\" \/>\r\n<meta property=\"og:title\" content=\"Romania in al Doilea Razboi Mondial -\" \/>\r\n<meta property=\"og:description\" content=\"Dup\u0103 o perioad\u0103 de neutralitate de mai bine de un an (\u00een decursul c\u0103reia Regatul Rom\u00e2niei a permis evacuarea guvernului,Read More\" \/>\r\n<meta property=\"og:url\" content=\"https:\/\/desteptati-va.ro\/index.php\/2021\/04\/15\/romania-in-al-doilea-razboi-mondial\/\" \/>\r\n<meta property=\"article:published_time\" content=\"2021-04-15T09:11:29+00:00\" \/>\r\n<meta property=\"article:modified_time\" content=\"2022-01-17T21:22:26+00:00\" \/>\r\n<meta property=\"og:image\" content=\"https:\/\/desteptati-va.ro\/wp-content\/uploads\/2021\/04\/war1.jpg\" \/>\r\n\t<meta property=\"og:image:width\" content=\"340\" \/>\r\n\t<meta property=\"og:image:height\" content=\"256\" \/>\r\n\t<meta property=\"og:image:type\" content=\"image\/jpeg\" \/>\r\n<meta name=\"author\" content=\"wolfsoftcompany\" \/>\r\n<meta name=\"twitter:card\" content=\"summary_large_image\" \/>\r\n<meta name=\"twitter:label1\" content=\"Scris de\" \/>\n\t<meta name=\"twitter:data1\" content=\"wolfsoftcompany\" \/>\n\t<meta name=\"twitter:label2\" content=\"Timp estimat pentru citire\" \/>\n\t<meta name=\"twitter:data2\" content=\"20 de minute\" \/>\r\n<script type=\"application\/ld+json\" class=\"yoast-schema-graph\">{\"@context\":\"https:\/\/schema.org\",\"@graph\":[{\"@type\":\"Article\",\"@id\":\"https:\/\/desteptati-va.ro\/index.php\/2021\/04\/15\/romania-in-al-doilea-razboi-mondial\/#article\",\"isPartOf\":{\"@id\":\"https:\/\/desteptati-va.ro\/index.php\/2021\/04\/15\/romania-in-al-doilea-razboi-mondial\/\"},\"author\":{\"name\":\"wolfsoftcompany\",\"@id\":\"https:\/\/desteptati-va.ro\/#\/schema\/person\/13182deeebd44920914899f7bb262d6b\"},\"headline\":\"Romania in al Doilea Razboi Mondial\",\"datePublished\":\"2021-04-15T09:11:29+00:00\",\"dateModified\":\"2022-01-17T21:22:26+00:00\",\"mainEntityOfPage\":{\"@id\":\"https:\/\/desteptati-va.ro\/index.php\/2021\/04\/15\/romania-in-al-doilea-razboi-mondial\/\"},\"wordCount\":4028,\"commentCount\":0,\"image\":{\"@id\":\"https:\/\/desteptati-va.ro\/index.php\/2021\/04\/15\/romania-in-al-doilea-razboi-mondial\/#primaryimage\"},\"thumbnailUrl\":\"https:\/\/desteptati-va.ro\/wp-content\/uploads\/2021\/04\/war1.jpg\",\"keywords\":[\"al doilea razboi mondial\",\"Axa\",\"Basarabia\",\"Bucovina de Nord\",\"Codreanu\",\"desteptati\",\"desteptati-va\",\"Frontul Romanesc\",\"Germania\",\"maresal\",\"Mihai I. Antonescu\",\"nazism\",\"neutralitate\",\"Odessa\",\"PNC\",\"PNL\",\"PNT\",\"Puterile Axei\",\"Regat\",\"Regele Mihai\",\"Romania\",\"URSS\"],\"articleSection\":[\"Al II-a Razboi Mondial\"],\"inLanguage\":\"ro-RO\",\"potentialAction\":[{\"@type\":\"CommentAction\",\"name\":\"Comment\",\"target\":[\"https:\/\/desteptati-va.ro\/index.php\/2021\/04\/15\/romania-in-al-doilea-razboi-mondial\/#respond\"]}]},{\"@type\":\"WebPage\",\"@id\":\"https:\/\/desteptati-va.ro\/index.php\/2021\/04\/15\/romania-in-al-doilea-razboi-mondial\/\",\"url\":\"https:\/\/desteptati-va.ro\/index.php\/2021\/04\/15\/romania-in-al-doilea-razboi-mondial\/\",\"name\":\"Romania in al Doilea Razboi Mondial -\",\"isPartOf\":{\"@id\":\"https:\/\/desteptati-va.ro\/#website\"},\"primaryImageOfPage\":{\"@id\":\"https:\/\/desteptati-va.ro\/index.php\/2021\/04\/15\/romania-in-al-doilea-razboi-mondial\/#primaryimage\"},\"image\":{\"@id\":\"https:\/\/desteptati-va.ro\/index.php\/2021\/04\/15\/romania-in-al-doilea-razboi-mondial\/#primaryimage\"},\"thumbnailUrl\":\"https:\/\/desteptati-va.ro\/wp-content\/uploads\/2021\/04\/war1.jpg\",\"datePublished\":\"2021-04-15T09:11:29+00:00\",\"dateModified\":\"2022-01-17T21:22:26+00:00\",\"author\":{\"@id\":\"https:\/\/desteptati-va.ro\/#\/schema\/person\/13182deeebd44920914899f7bb262d6b\"},\"breadcrumb\":{\"@id\":\"https:\/\/desteptati-va.ro\/index.php\/2021\/04\/15\/romania-in-al-doilea-razboi-mondial\/#breadcrumb\"},\"inLanguage\":\"ro-RO\",\"potentialAction\":[{\"@type\":\"ReadAction\",\"target\":[\"https:\/\/desteptati-va.ro\/index.php\/2021\/04\/15\/romania-in-al-doilea-razboi-mondial\/\"]}]},{\"@type\":\"ImageObject\",\"inLanguage\":\"ro-RO\",\"@id\":\"https:\/\/desteptati-va.ro\/index.php\/2021\/04\/15\/romania-in-al-doilea-razboi-mondial\/#primaryimage\",\"url\":\"https:\/\/desteptati-va.ro\/wp-content\/uploads\/2021\/04\/war1.jpg\",\"contentUrl\":\"https:\/\/desteptati-va.ro\/wp-content\/uploads\/2021\/04\/war1.jpg\",\"width\":340,\"height\":256},{\"@type\":\"BreadcrumbList\",\"@id\":\"https:\/\/desteptati-va.ro\/index.php\/2021\/04\/15\/romania-in-al-doilea-razboi-mondial\/#breadcrumb\",\"itemListElement\":[{\"@type\":\"ListItem\",\"position\":1,\"name\":\"Prima pagin\u0103\",\"item\":\"https:\/\/desteptati-va.ro\/\"},{\"@type\":\"ListItem\",\"position\":2,\"name\":\"Romania in al Doilea Razboi Mondial\"}]},{\"@type\":\"WebSite\",\"@id\":\"https:\/\/desteptati-va.ro\/#website\",\"url\":\"https:\/\/desteptati-va.ro\/\",\"name\":\"\",\"description\":\"\",\"potentialAction\":[{\"@type\":\"SearchAction\",\"target\":{\"@type\":\"EntryPoint\",\"urlTemplate\":\"https:\/\/desteptati-va.ro\/?s={search_term_string}\"},\"query-input\":{\"@type\":\"PropertyValueSpecification\",\"valueRequired\":true,\"valueName\":\"search_term_string\"}}],\"inLanguage\":\"ro-RO\"},{\"@type\":\"Person\",\"@id\":\"https:\/\/desteptati-va.ro\/#\/schema\/person\/13182deeebd44920914899f7bb262d6b\",\"name\":\"wolfsoftcompany\",\"image\":{\"@type\":\"ImageObject\",\"inLanguage\":\"ro-RO\",\"@id\":\"https:\/\/desteptati-va.ro\/#\/schema\/person\/image\/\",\"url\":\"https:\/\/secure.gravatar.com\/avatar\/a6cce9b6d101d27d91690e7073e300fed94c0899890bf998e082cb9d2c3d121e?s=96&d=mm&r=g\",\"contentUrl\":\"https:\/\/secure.gravatar.com\/avatar\/a6cce9b6d101d27d91690e7073e300fed94c0899890bf998e082cb9d2c3d121e?s=96&d=mm&r=g\",\"caption\":\"wolfsoftcompany\"},\"sameAs\":[\"http:\/\/desteptati-va.ro\"],\"url\":\"https:\/\/desteptati-va.ro\/index.php\/author\/wolfsoftcompany\/\"}]}<\/script>\r\n<!-- \/ Yoast SEO plugin. -->","yoast_head_json":{"title":"Romania in al Doilea Razboi Mondial -","robots":{"index":"index","follow":"follow","max-snippet":"max-snippet:-1","max-image-preview":"max-image-preview:large","max-video-preview":"max-video-preview:-1"},"canonical":"https:\/\/desteptati-va.ro\/index.php\/2021\/04\/15\/romania-in-al-doilea-razboi-mondial\/","og_locale":"ro_RO","og_type":"article","og_title":"Romania in al Doilea Razboi Mondial -","og_description":"Dup\u0103 o perioad\u0103 de neutralitate de mai bine de un an (\u00een decursul c\u0103reia Regatul Rom\u00e2niei a permis evacuarea guvernului,Read More","og_url":"https:\/\/desteptati-va.ro\/index.php\/2021\/04\/15\/romania-in-al-doilea-razboi-mondial\/","article_published_time":"2021-04-15T09:11:29+00:00","article_modified_time":"2022-01-17T21:22:26+00:00","og_image":[{"width":340,"height":256,"url":"https:\/\/desteptati-va.ro\/wp-content\/uploads\/2021\/04\/war1.jpg","type":"image\/jpeg"}],"author":"wolfsoftcompany","twitter_card":"summary_large_image","twitter_misc":{"Scris de":"wolfsoftcompany","Timp estimat pentru citire":"20 de minute"},"schema":{"@context":"https:\/\/schema.org","@graph":[{"@type":"Article","@id":"https:\/\/desteptati-va.ro\/index.php\/2021\/04\/15\/romania-in-al-doilea-razboi-mondial\/#article","isPartOf":{"@id":"https:\/\/desteptati-va.ro\/index.php\/2021\/04\/15\/romania-in-al-doilea-razboi-mondial\/"},"author":{"name":"wolfsoftcompany","@id":"https:\/\/desteptati-va.ro\/#\/schema\/person\/13182deeebd44920914899f7bb262d6b"},"headline":"Romania in al Doilea Razboi Mondial","datePublished":"2021-04-15T09:11:29+00:00","dateModified":"2022-01-17T21:22:26+00:00","mainEntityOfPage":{"@id":"https:\/\/desteptati-va.ro\/index.php\/2021\/04\/15\/romania-in-al-doilea-razboi-mondial\/"},"wordCount":4028,"commentCount":0,"image":{"@id":"https:\/\/desteptati-va.ro\/index.php\/2021\/04\/15\/romania-in-al-doilea-razboi-mondial\/#primaryimage"},"thumbnailUrl":"https:\/\/desteptati-va.ro\/wp-content\/uploads\/2021\/04\/war1.jpg","keywords":["al doilea razboi mondial","Axa","Basarabia","Bucovina de Nord","Codreanu","desteptati","desteptati-va","Frontul Romanesc","Germania","maresal","Mihai I. Antonescu","nazism","neutralitate","Odessa","PNC","PNL","PNT","Puterile Axei","Regat","Regele Mihai","Romania","URSS"],"articleSection":["Al II-a Razboi Mondial"],"inLanguage":"ro-RO","potentialAction":[{"@type":"CommentAction","name":"Comment","target":["https:\/\/desteptati-va.ro\/index.php\/2021\/04\/15\/romania-in-al-doilea-razboi-mondial\/#respond"]}]},{"@type":"WebPage","@id":"https:\/\/desteptati-va.ro\/index.php\/2021\/04\/15\/romania-in-al-doilea-razboi-mondial\/","url":"https:\/\/desteptati-va.ro\/index.php\/2021\/04\/15\/romania-in-al-doilea-razboi-mondial\/","name":"Romania in al Doilea Razboi Mondial -","isPartOf":{"@id":"https:\/\/desteptati-va.ro\/#website"},"primaryImageOfPage":{"@id":"https:\/\/desteptati-va.ro\/index.php\/2021\/04\/15\/romania-in-al-doilea-razboi-mondial\/#primaryimage"},"image":{"@id":"https:\/\/desteptati-va.ro\/index.php\/2021\/04\/15\/romania-in-al-doilea-razboi-mondial\/#primaryimage"},"thumbnailUrl":"https:\/\/desteptati-va.ro\/wp-content\/uploads\/2021\/04\/war1.jpg","datePublished":"2021-04-15T09:11:29+00:00","dateModified":"2022-01-17T21:22:26+00:00","author":{"@id":"https:\/\/desteptati-va.ro\/#\/schema\/person\/13182deeebd44920914899f7bb262d6b"},"breadcrumb":{"@id":"https:\/\/desteptati-va.ro\/index.php\/2021\/04\/15\/romania-in-al-doilea-razboi-mondial\/#breadcrumb"},"inLanguage":"ro-RO","potentialAction":[{"@type":"ReadAction","target":["https:\/\/desteptati-va.ro\/index.php\/2021\/04\/15\/romania-in-al-doilea-razboi-mondial\/"]}]},{"@type":"ImageObject","inLanguage":"ro-RO","@id":"https:\/\/desteptati-va.ro\/index.php\/2021\/04\/15\/romania-in-al-doilea-razboi-mondial\/#primaryimage","url":"https:\/\/desteptati-va.ro\/wp-content\/uploads\/2021\/04\/war1.jpg","contentUrl":"https:\/\/desteptati-va.ro\/wp-content\/uploads\/2021\/04\/war1.jpg","width":340,"height":256},{"@type":"BreadcrumbList","@id":"https:\/\/desteptati-va.ro\/index.php\/2021\/04\/15\/romania-in-al-doilea-razboi-mondial\/#breadcrumb","itemListElement":[{"@type":"ListItem","position":1,"name":"Prima pagin\u0103","item":"https:\/\/desteptati-va.ro\/"},{"@type":"ListItem","position":2,"name":"Romania in al Doilea Razboi Mondial"}]},{"@type":"WebSite","@id":"https:\/\/desteptati-va.ro\/#website","url":"https:\/\/desteptati-va.ro\/","name":"","description":"","potentialAction":[{"@type":"SearchAction","target":{"@type":"EntryPoint","urlTemplate":"https:\/\/desteptati-va.ro\/?s={search_term_string}"},"query-input":{"@type":"PropertyValueSpecification","valueRequired":true,"valueName":"search_term_string"}}],"inLanguage":"ro-RO"},{"@type":"Person","@id":"https:\/\/desteptati-va.ro\/#\/schema\/person\/13182deeebd44920914899f7bb262d6b","name":"wolfsoftcompany","image":{"@type":"ImageObject","inLanguage":"ro-RO","@id":"https:\/\/desteptati-va.ro\/#\/schema\/person\/image\/","url":"https:\/\/secure.gravatar.com\/avatar\/a6cce9b6d101d27d91690e7073e300fed94c0899890bf998e082cb9d2c3d121e?s=96&d=mm&r=g","contentUrl":"https:\/\/secure.gravatar.com\/avatar\/a6cce9b6d101d27d91690e7073e300fed94c0899890bf998e082cb9d2c3d121e?s=96&d=mm&r=g","caption":"wolfsoftcompany"},"sameAs":["http:\/\/desteptati-va.ro"],"url":"https:\/\/desteptati-va.ro\/index.php\/author\/wolfsoftcompany\/"}]}},"_links":{"self":[{"href":"https:\/\/desteptati-va.ro\/index.php\/wp-json\/wp\/v2\/posts\/3540","targetHints":{"allow":["GET"]}}],"collection":[{"href":"https:\/\/desteptati-va.ro\/index.php\/wp-json\/wp\/v2\/posts"}],"about":[{"href":"https:\/\/desteptati-va.ro\/index.php\/wp-json\/wp\/v2\/types\/post"}],"author":[{"embeddable":true,"href":"https:\/\/desteptati-va.ro\/index.php\/wp-json\/wp\/v2\/users\/1"}],"replies":[{"embeddable":true,"href":"https:\/\/desteptati-va.ro\/index.php\/wp-json\/wp\/v2\/comments?post=3540"}],"version-history":[{"count":2,"href":"https:\/\/desteptati-va.ro\/index.php\/wp-json\/wp\/v2\/posts\/3540\/revisions"}],"predecessor-version":[{"id":4472,"href":"https:\/\/desteptati-va.ro\/index.php\/wp-json\/wp\/v2\/posts\/3540\/revisions\/4472"}],"wp:featuredmedia":[{"embeddable":true,"href":"https:\/\/desteptati-va.ro\/index.php\/wp-json\/wp\/v2\/media\/2656"}],"wp:attachment":[{"href":"https:\/\/desteptati-va.ro\/index.php\/wp-json\/wp\/v2\/media?parent=3540"}],"wp:term":[{"taxonomy":"category","embeddable":true,"href":"https:\/\/desteptati-va.ro\/index.php\/wp-json\/wp\/v2\/categories?post=3540"},{"taxonomy":"post_tag","embeddable":true,"href":"https:\/\/desteptati-va.ro\/index.php\/wp-json\/wp\/v2\/tags?post=3540"}],"curies":[{"name":"wp","href":"https:\/\/api.w.org\/{rel}","templated":true}]}}