{"id":3546,"date":"2021-04-15T09:18:03","date_gmt":"2021-04-15T09:18:03","guid":{"rendered":"http:\/\/desteptati.ro\/?p=3546"},"modified":"2021-04-15T09:51:55","modified_gmt":"2021-04-15T09:51:55","slug":"andrei-saguna-corifeu-si-apostol-al-neamului-romanesc","status":"publish","type":"post","link":"https:\/\/desteptati-va.ro\/index.php\/2021\/04\/15\/andrei-saguna-corifeu-si-apostol-al-neamului-romanesc\/","title":{"rendered":"Andrei Saguna &#8211; Corifeu \u0219i Apostol al Neamului Romanesc"},"content":{"rendered":"<div class=\"post-content\"><div class='booster-block booster-read-block'>\n                <div class=\"twp-read-time\">\n                \t<i class=\"booster-icon twp-clock\"><\/i> <span>Read Time:<\/span>16 Minute, 59 Second                <\/div>\n\n            <\/div><h4 style=\"text-align: justify;\"><\/h4>\r\n<h3 style=\"text-align: center;\"><strong>&#8222;afurisit s\u0103 fie acel rom\u00e2n care va \u00eencerca s\u0103 strice legea fr\u0103\u021beasc\u0103 dintre fiii na\u021biunii rom\u00e2ne\u201d<\/strong><\/h3>\r\n<h3 style=\"text-align: center;\"><strong>\u201cdac\u0103 rom\u00e2nul \u00eesi va p\u0103ta caracterul s\u0103u na\u021bional nu mai este vrednic s\u0103 se numeasc\u0103 rom\u00e2n&#8221;<\/strong><\/h3>\r\n<h4 style=\"text-align: justify;\">Este indubitabil faptul c\u0103 un factor determinant al unit\u0103\u021bii neamului rom\u00e2nesc l-a constituit (\u0219i \u00eel constiuie), credin\u021ba noastr\u0103 ortodox\u0103, care, de-a lungul timpului, a fost (\u0219i este), amenin\u021bat\u0103 de dou\u0103 pericole majore: \u00een nord-vest de catolicism \u0219i \u00een sud de islamism, dar \u0219i de bisericile surori din Rusia, Moldova, Bulgaria \u0219i Serbia. Pav\u0103z\u0103 pentru credin\u021b\u0103 \u0219i neam au stat slujitorii ortodoxismului rom\u00e2nesc, amintind aici pe trei dintre ace\u0219tia: marele \u00eentregitor al neamului MIHAI VITEAZUL, \u00a0martirul CONSTANTIN BR\u00c2NCOVEANU (uci\u0219i mi\u0219ele\u0219te de str\u0103ini) \u0219i ANDREI \u0218AGUNA, un adev\u0103rat apostol al neamului rom\u00e2nesc.<\/h4>\r\n<h4 style=\"text-align: justify;\">La 20 ianuarie 1809, la Mi\u0219kolc, \u00een nordul Ungariei, din p\u0103rin\u021bi <a title=\"Arom\u00e2ni\" href=\"http:\/\/ro.wikipedia.org\/wiki\/Arom%C3%A2ni\" target=\"_blank\" rel=\"noopener\">arom\u00e2ni<\/a> (\u0218aguna Naum \u0219i Anastasia), originari din Grabova, de l\u00e2ng\u0103 Moscopole \u00een Balcani, de confesiune ortodox\u0103, se na\u0219te Anastasie \u0218aguna, viitorul ANDREI \u0218AGUNA. La v\u00e2rsta de 8 ani familia \u0218aguna este for\u021bat\u0103 s\u0103 treac\u0103 la confesiunea catolic\u0103, \u00eens\u0103 mama nu poate accepta aceast\u0103 samavolnicie \u0219i pleac\u0103 cu copiii la Pesta (Budapesta), unde avea un unchi bogat. Dificult\u0103\u021bile financiare \u00eel determin\u0103 pe tat\u0103 s\u0103 accepte promisiunile episcopului romano-catolic Stefan Fischer de a se ocupa de cheltuielile educa\u0163iei copiilor \u0219i \u00een 1814 trece la confesiunea catolic\u0103, botez\u00e2ndu-\u0219i copiii \u00een aceasta.<\/h4>\r\n<h4 style=\"text-align: justify;\">\u00cencepe \u0219coala general\u0103 \u00een localitatea natal\u0103 \u0219i urmeaz\u0103 gimnaziul catolic la c\u0103lug\u0103rii piari\u0219ti din Budapesta (1826). Continu\u0103 studiile universitare \u00een Filozofie \u0219i Drept la Universitatea din Budapesta (1826-1829) \u0219i teologice la V\u00eer\u0219e\u021b (Banatul S\u00eerbesc), unde la 1 noiembrie 1833 se c\u0103lug\u0103re\u0219te sub numele de Andrei<strong>. La 29 decembrie 1826 trece la Ortodoxie<\/strong>, printr-o declara\u0163ie scris\u0103 \u00een limba latin\u0103, din convingere \u015fi pentru c\u0103 aceasta a fost religia str\u0103mo\u015filor s\u0103i. A fost un act de curaj \u015fi de demnitate, de\u015fi aproape se autoexcludea din societatea (catolic\u0103 \u015fi protestant\u0103) \u00een care tr\u0103ia.<\/h4>\r\n<h4 style=\"text-align: justify;\">Urmeaz\u0103, o trecere prin toate treptele ierarhice, p\u00e2n\u0103 la preot \u0219i protosinghel, arhimandrit la m\u0103n\u0103stirea Hopova (1842), stare\u0163 al m\u0103n\u0103stirii Covil \u00een eparhia Neoplantei din Serbia (1845), vicar general la Sibiu (1846), \u00een locul episcopului Vasile Moga \u0219i, <strong>\u00een aprilie 1848, este hirotonit, la Carlovit, ca episcop al Transilvaniei<\/strong>, prilej cu care a rostit memorabilele cuvinte: \u201ePe rom\u00e2nii transilvaneni, din ad\u00e2ncul lor somn (vreau) s\u0103-i trezesc \u015fi cu voia c\u0103tre tot ce e adev\u0103rat, pl\u0103cut \u015fi drept s\u0103-i \u00eendrumez\u201c.<\/h4>\r\n<h4 style=\"text-align: justify;\">\u0218i avea s\u0103-\u0219i onoreze promisiunea.<\/h4>\r\n<h4 style=\"text-align: justify;\">La 28 iunie 1873 mitropolitul Andrei \u015eaguna a trecut la cele ve\u015fnice, morm\u00e2ntul s\u0103u fiind \u00a0\u00een curtea bisericii din R\u0103\u015finari-Sibiu, unde este venerat de localnici \u0219i turi\u0219ti.<\/h4>\r\n<figure id=\"attachment_1104\" aria-describedby=\"caption-attachment-1104\" style=\"width: 225px\" class=\"wp-caption aligncenter\"><a href=\"http:\/\/www.desteptati-va.ro\/wp-content\/uploads\/2011\/03\/dsc00618.jpg\"><img loading=\"lazy\" decoding=\"async\" class=\"size-medium wp-image-1104\" title=\"Cripta din Rasinari a Mitropolitului Saguna\" src=\"http:\/\/www.desteptati-va.ro\/wp-content\/uploads\/2011\/03\/dsc00618-225x300.jpg\" alt=\"Cripta din Rasinari a Mitropolitului Saguna\" width=\"225\" height=\"300\" \/><\/a><figcaption id=\"caption-attachment-1104\" class=\"wp-caption-text\">Cripta din Rasinari a Mitropolitului Saguna<\/figcaption><\/figure>\r\n<h4 style=\"text-align: justify;\"><strong>EROU AL NEAMULUI ROM\u00c2NESC<\/strong><\/h4>\r\n<h4 style=\"text-align: justify;\">Devenind un na\u021bionalist fervent, \u0218aguna refuz\u0103 ierarhizarea s\u0103 \u00een biserica Ortodox\u0103 S\u00eerb\u0103, prefer\u00e2nd trecerea \u00een Transilvania \u0219i \u00eentegrarea \u00een clerul ortodox roman.<\/h4>\r\n<h4 style=\"text-align: justify;\">\u00cen timpul revolu\u021biei \u0218aguna s-a implicat activ \u00een miscarea de emancipare a rom\u00e2nilor \u0219i a cerut autonomia Transilvaniei fa\u021b\u0103 de Corona Austro-Ungar\u0103 dup\u0103 revolu\u021bia de la 1848 din Ungaria (ca opunere a planurilor maghiare de unire a celor dou\u0103 provincii Habsburge). De aceea, \u0218aguna a fost prezent \u00een mai la adunarea de la Blaj, unde \u0219i-a sus\u021binut argumentele pentru o pozi\u021bie moderat\u0103 dar ferm\u0103 a patrio\u021bilor Transilv\u0103neni. Respectul pe care-l avea \u00een r\u00e2ndul sus\u021btin\u0103torilor mi\u0219c\u0103rii de emancipare, c\u00e2t \u0219i puterea de mediere a f\u0103cut ca \u0218aguna s\u0103 fie ales capul mi\u0219c\u0103rii rom\u00e2ne\u0219ti \u0219i imediat dup\u0103, principalul delegat \u00een fa\u021ba \u00eemparatului Ferdinand I al Austriei \u0219i Guvernului de la Viena.<\/h4>\r\n<h4 style=\"text-align: justify;\">Cum maghiarii efectiv impuseser\u0103 proiectul de uniune, Andre \u0218aguna a condus partea rom\u00e2n\u0103 care c\u0103uta un compromis. Negocierile cu partea maghiar\u0103 au durat p\u00e2n\u0103 \u00een septembrie, c\u00e2nd conflictul dintre Ungaria \u0219i Habsburgi a izbugnit, \u0219i pe fondul \u00een\u021belegerii dintre rom\u00e2ni \u0219i guvernul de la Viena de formare a unei administra\u021bii loialiste dar rom\u00e2ne \u00een Transilvania. \u00cen octombrie, Transilvania devine c\u00e2mp de b\u0103t\u0103lie, Andrei \u0218aguna\u00a0\u0219i restul conduc\u0103torilor mi\u0219c\u0103rii refugiindu-se la Sibiu (localitate unde armata Austriac\u0103 \u00eenc\u0103 detinea controlul).<\/h4>\r\n<h4 style=\"text-align: justify;\">Generalul austriac Anton Freiherr von Puchner, care se refugiase \u00een Oltenia, il preseaz\u0103 pe \u0218aguna s\u0103 cear\u0103 Rusiei Imperiale (care ocupa Valahia la acel moment\u0103) s\u0103-i protejeze ultimele contingente ce evacuau Transilvania. Statul s\u0103u major spera o r\u0103sturnare a sor\u021bilor prin atacarea Ungariei dinspre Vest. Interventia Rusiei nu a fost cerut\u0103 oficial. Totu\u0219i, cum trupele din Transilvania erau aproape distruse (iar restul armatei austriece era decimat\u0103 de o epidemie de holera), cererea rom\u00e2nilor ar fi fost onorabil\u0103. Negocierile dintre austrieci \u0219i liderii rom\u00e2ni au dus la un compromis: Rom\u00e2nii au fost de acord cu cererea de \u00eenterven\u021bie de c\u0103tre Rusia cu condi\u021bia ca peti\u021bia c\u0103tre armata imperial\u0103 s\u0103 nu poarte semn\u0103tura niciunui lider transilv\u0103nean ci a &#8222;cet\u0103\u021benilor din Sibiu&#8221;. Ru\u0219ii au r\u0103spuns afirmativ \u0219i au ajutat armata .<\/h4>\r\n<h4 style=\"text-align: justify;\">Liderii maghiari au reac\u021bionat furios deoarece aceast\u0103 mi\u0219care prelungea r\u0103zboiul \u0219i creea un precedent periculos pentru Ungaria. Lajos Kossuth, liderul maghiar, a aflat de implicarea lui \u0218aguna, implicare ce confirma apropierea bisericii ortodoxe ardelene de biserica suror\u0103 r\u0103s\u0103ritean\u0103. \u00cen cererea de \u00eencheiere a p\u0103cii pe care i-a trimis-o lui Avram Iancu, Kossuth l-a descris pe Andrei \u0218aguna ca du\u0219man al s\u0103u, specific\u00e2nd c\u0103 nicio amnistie nu-l va include pe cleric.<\/h4>\r\n<h4 style=\"text-align: justify;\">\u00cen februarie 1849, cum a doua ac\u021biune miltar\u0103 rus\u0103, devine decisiv\u0103, Andrei \u0218aguna\u00a0pleac\u0103 \u00een Austria, unde \u00eencearc\u0103 s\u0103 reanimeze proiectul anterior de teritoriu Rom\u00e2nesc autonom \u00een Austria (Transilvania \u00eempreuna cu Banat \u0219i Bucovina). Aceste \u00eencerc\u0103ri trezesc suspiciuni \u0219i devin decisive \u00een luarea de pozi\u021bie a Austriei dup\u0103 zdrobirea mi\u0219c\u0103rii lui Kossuth. Astfel, Austria \u00eencet \u00eesi retrage ofertele f\u0103cute rom\u00e2nilor din teama de creare a unui precedent periculor pe teritoriul Imperiului &#8211; asem\u0103n\u0103tor crizei ungare.<\/h4>\r\n<h4 style=\"text-align: justify;\">\u00cen 1850 \u0218aguna este din nou liderul unei delega\u021bii la Viena, la \u00cemp. Franz Joseph I, pentru \u00eenfiin\u021btarea unui institut de \u00eenv\u0103\u021b\u0103m\u00e2nt superior, agreat de conduc\u0103torii austrieci din Transilvania, \u0219i alte libert\u0103\u021bi \u0219i drepturi la educa\u021bie pentru comunitatea rom\u00e2nesc\u0103 din Transilvania. Cum austriecii erau extrem de \u0219ceptici \u00een legatur\u0103 cu scopurile rom\u00e2nilor, multe din aceste cereri au r\u0103mas f\u0103r\u0103 r\u0103spuns. Viitoarele \u00eencerc\u0103ri rom\u00e2ne\u0219ti devin inutile dup\u0103 1867 c\u00e2nd a\u0219a numitul Compromis Austro-Ungar taie orice modalitate de comunicare cu Viena. Cu toate c\u0103 activit\u0103\u021bile lui \u0218aguna au asigurat recunoasterea Bisericii Ortodoxe din Transilvania, noua administra\u021bie a \u00eensemnat absorb\u021bia Transilvaniei \u00een centralizata jum\u0103tate a Austro-Ungarie (odat\u0103 cu dispari\u021bia Dietei Transilvane). \u0218aguna \u0219i al\u021bi lideri marcan\u021bi rom\u00e2ni s-au g\u0103sit for\u021bati s\u0103-\u0219i limiteze ac\u021biunile doar \u00een domeniul cultural Andrei \u0218aguna a fost principalul activist rom\u00e2n din 1861, an \u00een care fondeaz\u0103 societatea cultural\u0103 ASTRA, \u0219i r\u0103m\u00e2ne angrenat \u00een activit\u0103\u021bile acesteia p\u00e2n\u0103 la sfarsitul vie\u021bii.<\/h4>\r\n<h4 style=\"text-align: justify;\">\u00cenc\u0103 dedicat parlamentarismului, Andrei \u0218aguna \u0219i-a radicalizat vederile asupra reprezent\u0103rii etnice \u0219i a sanc\u021bionat toate \u00eencercarile de politici trans-etnice (a fost extrem de dur cu prec\u0103dere asupra rom\u00e2nilor care au votat candida\u021bi unguri \u00een alegerile pentru Parlamentul Ungariei).<\/h4>\r\n<h4 style=\"text-align: right;\"><em>Material cules de la <a href=\"http:\/\/en.wikipedia.org\/wiki\/Andrei_\u015eaguna\" target=\"_blank\" rel=\"noopener\">wikipedia.org<\/a><\/em><\/h4>\r\n<figure id=\"attachment_1102\" aria-describedby=\"caption-attachment-1102\" style=\"width: 213px\" class=\"wp-caption aligncenter\"><a href=\"http:\/\/www.desteptati-va.ro\/wp-content\/uploads\/2011\/03\/andrei-saguna.png\"><img loading=\"lazy\" decoding=\"async\" class=\"size-medium wp-image-1102\" title=\"Andrei Saguna\" src=\"http:\/\/www.desteptati-va.ro\/wp-content\/uploads\/2011\/03\/andrei-saguna-213x300.png\" alt=\"Andrei Saguna\" width=\"213\" height=\"300\" \/><\/a><figcaption id=\"caption-attachment-1102\" class=\"wp-caption-text\">Andrei Saguna<\/figcaption><\/figure>\r\n<h4><strong>FAPTE \u015eI CUVINTE DE \u00ceNV\u0102\u0162\u0102TUR\u0102<\/strong><\/h4>\r\n<h4 style=\"text-align: justify;\">Andrei \u015eaguna <strong>a sf\u0103tuit preo\u021bii<\/strong> \u201cs\u0103 aib\u0103 via\u0163\u0103 moral\u0103 \u015fi s\u0103 p\u0103storeasc\u0103 bine turma lui Hristos \u2026s\u0103 se sileasc\u0103 fiecare \u2026 a pov\u0103\u0163ui poporul s\u0103 p\u0103r\u0103seasc\u0103 deprinderile rele, s\u0103 nu fac\u0103 nunt\u0103 \u00een post, s\u0103 se lase de c\u0103s\u0103toriile \u00eentre rudenii \u015fi s\u0103 se fereasc\u0103 de cheltuielile zadarnice, de risipa de m\u00e2ncare \u015fi b\u0103utur\u0103 ce au obiceiul a face cu prilejul nun\u0163ilor&#8230;s\u0103 nu lipseasc\u0103 preotul a \u00eenv\u0103\u0163a, nu numai tinerimea \u015fcolar\u0103, ci \u015fi pe cea ce nu are putin\u0163\u0103 a umbla la \u015fcoal\u0103, credin\u0163\u0103, frica lui Dumnezeu \u015fi \u00eenceputul \u00een\u0163elepciunii\u2026preotul s\u0103 dea pilde bune poporului&#8230; s\u0103-\u015fi chiverniseasc\u0103 bine nu numai casa proprie, ci \u015fi toate ce \u0163in de biseric\u0103\u2026 de cercetarea c\u00e2rciumilor, de jocuri \u015fi glume s\u0103 se fereasc\u0103, precum cer canoanele Sfin\u0163ilor P\u0103rin\u0163i\u2026s\u0103 poarte \u00eembr\u0103c\u0103minte preo\u0163easc\u0103, c\u0103 din cele de afar\u0103 se chibzuie\u015fte \u015fi a\u015fezarea cea dinl\u0103untru a inimii. S\u0103 fie cu bl\u00e2nde\u0163e \u015fi cuget curat \u00een adun\u0103rile \u015fi sf\u0103tuirile biserice\u015fti, s\u0103 nu rosteasc\u0103 dec\u00e2t vorbe frumoase \u015fi \u00eemp\u0103ciuitoare\u2026Fa\u0163\u0103 de poporani s\u0103 fie cu dragoste, \u00eendelung\u0103 r\u0103bdare \u015fi smerenie. Pentru slujbe s\u0103 nu ia dec\u00e2t \u0219imbria legiuit\u0103, la c\u00e2\u015ftig ur\u00e2t s\u0103 nu r\u00e2vneasc\u0103, iar la cei s\u0103raci s\u0103 slujeasc\u0103 gratuit, c\u0103 pentru aceast\u0103 osteneal\u0103 mare plat\u0103 vor avea \u00een ceruri\u201d.<\/h4>\r\n<h4 style=\"text-align: justify;\">Fiind oric\u00e2nd gata de jertf\u0103 pentru cauza Bisericii \u015fi a \u00eenfr\u0103\u0163irii tuturor rom\u00e2nilor din Transilvania, marele ierarh a z\u0103bovit 7 luni de zile la Viena, st\u0103ruind zi de zi pentru \u00eendependen\u0163a na\u0163ional\u0103 \u015fi religioas\u0103 a Transilvaniei \u015fi nu s-a \u00eentors p\u00e2n\u0103 nu s-au u\u015furat suferin\u0163ele poporului nedrept\u0103\u0163it.<\/h4>\r\n<h4 style=\"text-align: justify;\">Dup\u0103 \u00eencetarea revolu\u0163iei din anii 1848-1849, episcopul Andrei \u015eaguna a \u00eenceput, cu grele s\u0103crificii, <strong>opera de restaurare, \u00eenfrumuse\u0163are \u015fi zidire din nou a zeci de biserici ortodoxe, \u00een locul celor jefuite \u015fi distruse prin s\u0103tele \u015fi ora\u015fele ardelene.<\/strong> \u00cen c\u00e2\u0163iva ani, toate bisericile din eparhie erau \u00eennoite, \u00eempodobite \u015fi cu c\u0103r\u0163i de cult, cu icoane, cu ve\u015fminte \u015fi cu slujbe alese&#8230;\r\nPentru ap\u0103rarea Ortodoxiei \u015fi \u00eent\u0103rirea vie\u0163ii duhovnice\u015fti \u015fi culturale \u00een Transilvania, episcopul Andrei \u015eaguna <strong>a \u00eenfiin\u0163at, \u00een anul 1850, o vestit\u0103 tipografie eparhial\u0103 la Sibiu<\/strong>, care a fost ca o binecuv\u00e2ntare dumnezeiasc\u0103 pentru to\u0163i\u2026sub \u00eengrijirea episcopului Andrei s-au tip\u0103rit, \u00een decurs de 11 ani, 35 de c\u0103r\u0163i biserice\u015fti\u2026<\/h4>\r\n<h4 style=\"text-align: justify;\">\u00cen prefa\u0163a Bibliei ilustrate (1858) scrie episcopul Andrei \u015eaguna:\r\n&#8211; Cele dou\u0103 traduceri ale Bibliei (1648 \u015fi 1688) sunt u\u015file prin care s-a \u00eenvrednicit \u015fi poporul rom\u00e2nesc a \u00eentra \u00een c\u00e2mpul cel ceresc al dumnezeie\u015ftilor \u00eenv\u0103\u0163\u0103turi, care, \u00een mijlocul vijeliilor \u015fi valurilor lumii, r\u0103m\u00e2n necl\u0103tite \u015fi adev\u0103rate din veac \u00een veac. Ele sunt izvoarele care au izvor\u00e2t \u00eent\u00e2ia dat\u0103 apa vie\u0163ii ve\u015fnice pentru neamul acesta, \u00een toate p\u0103r\u0163ile prin care este r\u0103sp\u00e2ndit.\r\nDe\u015fteptarea poporului rom\u00e2nesc din barbaria veacurilor, \u00eemprietenirea lui mai departe cu legea lui Dumnezeu, p\u0103\u015firea lui c\u0103tre lumina cea bl\u00e2nd\u0103 a civiliza\u0163iei \u015fi a culturii, \u00eenfr\u0103\u0163irea neamului nostru rom\u00e2nesc, pe care m\u00e2na proniei 1-a sem\u0103nat prin at\u00e2tea \u0163\u0103ri deosebite \u015fi printre at\u00e2tea neamuri str\u0103ine, r\u0103m\u00e2nerea \u00een via\u0163\u0103 a limbii sale na\u0163ionale &#8211; toate aceste binecuv\u00e2nt\u0103ri neasem\u0103nate avem a le mul\u0163umi acestor edi\u0163ii vechi ale Sfintei Scripturi, acestor monumente nepieritoare ale limbii, moralit\u0103\u0163ii \u015fi peste tot ale vie\u0163ii noastre na\u0163ionale \u015fi biserice\u015fti\u2026<\/h4>\r\n<h4 style=\"text-align: justify;\">T\u0103ria aceasta sufleteasc\u0103 a fost un produs viu al acelei convingeri morale, c\u0103 dac\u0103 se vor l\u0103sa de una, numaidec\u00e2t se vor lipsi \u015fi de cealalt\u0103. \u015ei fiindc\u0103 rom\u00e2nul nu-\u015fi poate \u00eenchipui religia f\u0103r\u0103 na\u0163ia \u015fi na\u0163ionalitatea sa, pentru aceea, ca s\u0103 asigure existen\u0163a sa na\u0163ional\u0103, a r\u0103mas \u00een acea religie \u00een care s-a pomenit ca rom\u00e2n \u015fi despre care e convins c\u0103 este scutul cel mai puternic de a-i ap\u0103ra na\u0163ionalitatea lui de orice vijelii.<\/h4>\r\n<h4 style=\"text-align: justify;\">\u00cen tipografia diecezan\u0103 din Sibiu, mitropolitul Andrei <strong>tip\u0103rea \u015fi c\u0103r\u0163i de \u015fcoal\u0103<\/strong>: abecedare, c\u00e2tehisme, bucoavne, c\u0103r\u0163i de muzic\u0103, de aritmetic\u0103, de gramatic\u0103, de istorie \u015fi geografie, pentru \u015fcolile s\u0103te\u015fti &#8211; parohiale, pentru gimnazii \u015fi mai ales, pentru Seminarul Teologic din Sibiu. Se mai tip\u0103reau: Telegraful rom\u00e2n, din 1852, Calendarul diecezan, Anuarul Gimnaziului din Bra\u015fov, precum \u015fi numeroase bro\u015furi \u015fi lucr\u0103ri biserice\u015fti \u015fi folositoare de suflet.\r\nAstfel \u00een\u0163elegea marele ierarh s\u0103 slujeasc\u0103 Biserica lui Hristos \u015fi poporul pe care \u00eel p\u0103storea, contribuind dup\u0103 putere la ap\u0103rarea Ortodoxiei, la luminarea, la unitatea \u015fi la m\u00e2ntuirea lui.<\/h4>\r\n<h4 style=\"text-align: justify;\">Mitropolitul Andrei \u015eaguna r\u0103m\u00e2ne \u00een istoria neamului <strong>ctitorul cel mai mare al \u015fcolii \u015fi culturii ardelene<\/strong>.<\/h4>\r\n<h4 style=\"text-align: justify;\">Odat\u0103 cu organizarea tipografiei, \u00een anul 1850 a \u00eenfiin\u0163at \u00een Sibiu un \u00eenstitut teologic \u015fi pedagogic cu durata de unu p\u00e2n\u0103 la trei ani, pentru forma rea de preo\u0163i buni, lumina\u0163i \u015fi devota\u0163i Evangheliei lui Hristos, acord\u00e2nd celor s\u0103raci \u015fi iubitori de \u00eenv\u0103\u0163\u0103tur\u0103 ajutoare, burse \u015fi c\u0103r\u0163i gratuite. Pentru luminarea copiilor din eparhia s\u0103, a \u00eenfiin\u0163at, pe l\u00e2ng\u0103 fiecare parohie, sute de \u015fcoli primare-confesionale, cu predarea \u00een limba rom\u00e2n\u0103. \u00cen ele se \u00eenv\u0103\u0163au, at\u00e2t cuno\u015ftin\u0163ele religioase, c\u00e2t \u015fi cele de cultur\u0103 general\u0103. \u015ecolile erau organizate \u015fi \u00eentre\u0163inute de Biseric\u0103. Preo\u0163ii parohiei erau directori, iar protopopii, \u00eenspectori \u015fcolari. Profesorii erau preg\u0103ti\u0163i, fie \u00een \u00censtitutul Pedagogic din Sibiu, fie la Gimnaziul din Bra\u015fov, ambele \u00eenfiin\u0163ate \u015fi \u00eentre\u0163inute de Episcopia Ortodox\u0103 din Sibiu.<\/h4>\r\n<h4 style=\"text-align: justify;\">\u00cen anul 1873 existau \u00een Transilvania peste 800 de \u015fcoli primare con fesionale, din care mai mult de jum\u0103tate erau \u00eenfiin\u0163ate de marele mitropolit.<\/h4>\r\n<h4 style=\"text-align: justify;\">Prin aceste trei mijloace &#8211; prin preo\u0163i vrednici \u015fi biserici, prin \u015fcoli confesionale \u015fi prin c\u0103r\u0163i tip\u0103rite \u00een grai rom\u00e2nesc &#8211; mitropolitul Andrei \u015eaguna <strong>a \u00eent\u0103rit peste Carpa\u0163i unitatea credin\u0163ei ortodoxe, unitatea etnic\u0103 na\u0163ional\u0103 \u015fi unitatea de g\u00e2ndire \u015fi ac\u0163iune, \u00eempotriva at\u00e2tor \u00eenfluen\u0163e str\u0103ine. <\/strong><\/h4>\r\n<h4 style=\"text-align: justify;\">O alt\u0103 mare realizare a mitropolitului Andrei \u015eaguna a fost <strong>re\u00eenfiin\u0163area vechii Mitropolii Ortodoxe din Transilvania, desfiin\u0163at\u0103 \u00een anul 1701<\/strong>. La 24 decembrie, 1864, episcopia din Sibiu este ridicat\u0103 la rang de Mitropolie, cu autonomie proprie, desprinz\u00e2ndu-se de Mitropolia s\u00e2rb\u0103 din Carlovitz.<\/h4>\r\n<h4 style=\"text-align: justify;\">Pentru buna organizare a Bisericii Ortodoxe din Transilvania, marele mitropolit a dat, \u00een anul 1868, un renumit Statut Organic, care avea la baz\u0103 deplina colaborare \u0219inodal\u0103 \u00eentre clerici \u015fi mireni. Astfel s-a dovedit a fi unul din cei mai mari legiuitori biserice\u015fti.<\/h4>\r\n<h4 style=\"text-align: right;\"><em>Material cules de la <a href=\"http:\/\/www.sfant.ro\/sfinti-romani\/mitropolitul-ardealului-andrei-\u0218aguna-2.html\" target=\"_blank\" rel=\"noopener\">www.sfant.ro<\/a><\/em><\/h4>\r\n<figure id=\"attachment_1103\" aria-describedby=\"caption-attachment-1103\" style=\"width: 215px\" class=\"wp-caption aligncenter\"><a href=\"http:\/\/www.desteptati-va.ro\/wp-content\/uploads\/2011\/03\/Schei4-Andrei-Saguna.jpg\"><img loading=\"lazy\" decoding=\"async\" class=\"size-medium wp-image-1103\" title=\"Mitropolitul Andrei Saguna\" src=\"http:\/\/www.desteptati-va.ro\/wp-content\/uploads\/2011\/03\/Schei4-Andrei-Saguna-215x300.jpg\" alt=\"Mitropolitul Andrei Saguna\" width=\"215\" height=\"300\" \/><\/a><figcaption id=\"caption-attachment-1103\" class=\"wp-caption-text\">Mitropolitul Andrei Saguna<\/figcaption><\/figure>\r\n<h4><strong>ORTODOXIE \u0218I ROM\u00c2NISM \u00ceN OPERA MITROPOLITULUI ANDREI \u0218AGUNA<\/strong><\/h4>\r\n<h4 style=\"text-align: justify;\">Constantinopolul devenind capital\u0103 de imperiu \u0219i a doua Rom\u0103, Episcopia Constantinopolului avea drept s\u0103 devin\u0103 Patriarhie \u00een privin\u021ba jurisdic\u021biei. La fel a declarat \u0219i Sinodul al IV &#8211; lea Ecumenic (Calcedon 452) \u00een canonul 28, c\u0103 Roma a primit rangul \u00eent\u00e2i \u00een Biseric\u0103, fiind capitala imperiului, iar Constantinopolul merit\u0103 rangul al II &#8211; lea, fiindc\u0103 este Roma Nou\u0103 \u0219i a doua capital\u0103. Canonul 34 Apostolic prescrie organizarea Bisericii pe na\u021biuni: &#8222;Episcopii fiec\u0103rui neam se cuvine s\u0103 stie cine este cel dint\u00e2i dintre ei \u0219i s\u0103-l socoteasc\u0103 de cap \u0219i nimic de seam\u0103 s\u0103 nu fac\u0103 f\u0103r\u0103 \u00eenvoirea lui&#8221;. \u00cen conformitate cu aceste directive canonice s-au format Biserici Nationale \u00een cre\u0219tinism, excep\u021bie f\u0103c\u00e2nd natiunile apartin\u00e2nd de papa, care pentru a nu-\u0219i periclita jurisdic\u021bia n-a admis organizarea dictat\u0103 de Canoanele Apostolice.<\/h4>\r\n<h4 style=\"text-align: justify;\">\u00centre toate Bisericile Cre\u0219tine Nationale, Biserica Rom\u00e2n\u0103 are distinc\u021bia, c\u0103 este mai str\u00e2ns &#8222;consecvent\u0103&#8221; cu na\u021biunea, dec\u00e2t oricare alt\u0103 Biseric\u0103 Na\u021bional\u0103. La bulgari, la ru\u0219i, la greci, la armeni Biserica Crestin\u0103 s-a luptat pentru a lua locul vechii Biserici p\u0103g\u00e2ne, de care s-a servit poporul p\u00e2n\u0103 la primirea cre\u0219tinismului &#8222;Toate popoarele cre\u0219tine de azi au avut un trecut p\u0103g\u00e2n \u0219i o epoc\u0103 de \u00eencre\u0219tinare, care a d\u0103r\u00e2mat altare vechi \u0219i a st\u00e2rpit credin\u021be ce fuseser\u0103 odinioar\u0103 izvor de putere pentru str\u0103mo\u0219i&#8221;. (curs de IBOR de prof. D Ioanovoci, Oradea 1924).<\/h4>\r\n<h4 style=\"text-align: justify;\"><strong>Rom\u00e2nii \u00eens\u0103 s-au n\u0103scut cre\u0219tini. De c\u00e2nd exist\u0103 poporul rom\u00e2n, de atunci exist\u0103 \u0219i Biserica Rom\u00e2n\u0103. Rom\u00e2nul n-a slujit alt\u0103 Biseric\u0103, dec\u00e2t aceea care \u00eei d\u0103 \u0219i azi hran\u0103 sufleteasc\u0103. La poporul nostru credin\u021ba \u0219i organiza\u021bia religioas\u0103 nu s-au adoptat impuse din afar\u0103, prin for\u021b\u0103 politic\u0103, ci au crescut \u00eencet \u0219i organic deodat\u0103 cu formarea \u0219i consolidarea lui etnic\u0103.<\/strong> Asa s-au \u00eempletit cele dou\u0103 elemente \u00een fiinta rom\u00e2nului. La noi credinta crestin\u0103 s-a pref\u0103cut \u00een &#8222;lege rom\u00e2neasc\u0103&#8221; \u0219i s-a contopit cu fiin\u021ba noastr\u0103 etnic\u0103, iar organiza\u021bia bisericeasc\u0103 s-a \u00eenchegat \u00een leg\u0103tur\u0103 armonic\u0103 cu organiza\u021bia politic\u0103 a elementului etnic\u2026<\/h4>\r\n<h4 style=\"text-align: justify;\">De la anul 1846 \u0219i p\u00e2n\u0103 la 1873, \u00eel g\u0103sim \u00een v\u00e2ltoarea vietii nationale a rom\u00e2nilor. Sortit s\u0103 actioneze \u00eentr-un climat politic cu des\u0103v\u00e2rsire du\u0219m\u0103nos \u0219i machiavelic, antiortodox \u0219i antirom\u00e2nesc, \u0218aguna izbute\u0219te totu\u0219i s\u0103 \u00eenfr\u00e2ng\u0103 destinul, s\u0103 \u00eenfrunte uneltirile, s\u0103 zdrobeasc\u0103 z\u0103gazurile \u0219i s\u0103 ridice Biserica din \u021b\u0103r\u00e2na, unde z\u0103cea aruncat\u0103 de cea mai feroce \u00eentoleran\u021b\u0103 pe care o cunoa\u0219te istoria&#8230; <strong>\u0218aguna a fost &#8222;rom\u00e2n&#8221; din crestet p\u00e2n\u0103-n t\u0103lpi.<\/strong> Con\u0219tiinta na\u021bional\u0103 a rom\u00e2nit\u0103\u021bii sale i-a \u00eemprumutat \u00een toate \u00eemprejur\u0103rile energia intransigen\u021bei nationale, pentru care n-a cru\u021btat nici osteneal\u0103 \u0219i nici o jertf\u0103 ca s\u0103 ridice neamul rom\u00e2nesc la situa\u021bia ce i se cuvenea. Con\u0219tiin\u021ba rom\u00e2nit\u0103\u021bii sale s-a z\u0103mislit \u00een sufletul lui \u0218aguna la v\u00e2rsta copil\u0103riei sale, atunci c\u00e2nd situa\u021bia material\u0103 a tat\u0103lui s\u0103u Naum \u0218aguna, exploatat\u0103 de prozelitismul iezuitismului catolic, \u00eel sile\u0219te pe acesta s\u0103 treac\u0103 cu \u00eentreaga lui familie la religia catolic\u0103.<\/h4>\r\n<h4 style=\"text-align: justify;\">Constiinta romanit\u0103\u021bii sale ortodoxe, trezit\u0103 \u00een sufletul lui \u0218aguna de mama sa, \u0219i alimentat\u0103 ca o reac\u021bie natural\u0103 de saninismul insurec\u021biei catolice, i s-a cimentat \u0219i mai mult \u00een casa unchiului s\u0103u Graboschi din Budapesta, locul de \u00eent\u00e2lnire al lui Petru Maior, S\u0103muil Micu, Bojinca, Aron, fratii Golesti din Tara Rom\u00e2neasc\u0103 \u0219i alti tineri \u00eensufletiti de idealul constiintei rom\u00e2ne. Atmosfera aceasta umple \u0219i sufletul t\u00e2n\u0103rului \u0218aguna de \u00eensufletire na\u021bional\u0103, aici se \u00eembrac\u0103 sufletul cu vesm\u00e2ntul m\u00e2ndriei de rom\u00e2n, al dragostei de limb\u0103 \u0219i &#8222;lege rom\u00e2neasc\u0103&#8221; aici se trezeste \u00een toat\u0103 plenitudinea s\u0103 constiinta s\u00e2ngelui rom\u00e2nesc.<\/h4>\r\n<h4 style=\"text-align: justify;\">Cu aceast\u0103 zestre neprih\u0103nit\u0103 moral\u0103 na\u021bional\u0103 intr\u0103 \u0218aguna \u00een lupta vie\u021bii, pe aceasta \u00ee\u0219i cl\u0103deste viitorul \u00eentregii sale munci de titan. Con\u0219tiin\u021ba sa de rom\u00e2n \u00eel face s\u0103 renun\u021be la toate situa\u021biile \u00eenalte pe care usor le-r fi putut c\u00e2\u0219tiga \u00een cadrul Bisericii S\u00e2rbe\u0219ti \u0219i prefer\u0103 s\u0103 vin\u0103 \u00een Ardeal, \u00een fruntea unei Biserici trudite \u0219i chinuite, unde \u0219tia c\u0103 \u00eel asteapt\u0103 o munc\u0103 \u0219i lupt\u0103 uria\u0219\u0103\u2026<\/h4>\r\n<h4 style=\"text-align: justify;\">Cu c\u00e2rja de episcop \u00een m\u00e2n\u0103 \u0218aguna \u00eesi m\u0103rturiseste pe fa\u021b\u0103 programul s\u0103u rom\u00e2nesc: &#8222;Tu Doamne \u0219ti c\u0103 eu c\u0103tre scopul meu doresc s\u0103 alerg, pe rom\u00e2nii transilv\u0103neni din ad\u00e2ncul lor somn s\u0103-i de\u0219tept \u0219i cu voie c\u0103tre tot ce e adev\u0103rat, pl\u0103cut \u0219i bun s\u0103-i atrag&#8221;. Programului acestuia i-a r\u0103mas credincios p\u00e2n\u0103 la moarte. Profesiunea aceasta de credint\u0103 na\u021bional\u0103, \u0218aguna o \u00eenaugureaz\u0103 imediat dup\u0103 venirea s\u0103 \u00een Ardeal.<\/h4>\r\n<h4 style=\"text-align: justify;\">St\u0103p\u00e2nirea proiectase Adunarea Na\u021bional\u0103 din 1848, sf\u00e2rtecat\u0103 \u00een dou\u0103, una la Sibiu \u0219i alta la Blaj, dar \u0218aguna, \u00een concep\u021bia s\u0103 de rom\u00e2n se \u00eempotrive\u0219te, calc\u0103 peste toate prejudec\u0103\u021bile \u0219i merge cu \u00eentreag\u0103 biserica sa la Blaj, unde declar\u0103 \u00een fa\u021b\u0103 multimii: &#8222;da suntem fra\u021bi, nu din f\u0103\u021b\u0103rnicie, ci fra\u021bi \u00een Hristos, fra\u021bi rom\u00e2ni, care cheam\u0103 pe tot rom\u00e2nul s\u0103 uite nepl\u0103cerile trecutului \u0219i s\u0103 se considere to\u021bi rom\u00e2nii fra\u021bi, s\u0103 cum fra\u021bi sunt \u0219i episcopii lor&#8221;.<\/h4>\r\n<h4 style=\"text-align: justify;\">\u0218aguna nu st\u0103 la \u00eendoial\u0103 s\u0103 prezideze &#8222;Adunarea&#8221; \u0219i s\u0103 formateze cel mai radical program na\u021bional rom\u00e2nesc, \u00een care accentueaz\u0103 libertatea \u0219i independenta na\u021bional\u0103 a poporului rom\u00e2nesc. Ca rom\u00e2n merge cu delega\u021bia la Viena \u0219i Iusbruck \u0219i al lui e meritul c\u0103 stoarce promisiuni de la \u00eemp\u0103rat pentru rom\u00e2ni f\u0103r\u0103 deosebire de lege.<\/h4>\r\n<h4 style=\"text-align: justify;\">\u00cen delega\u021bia de la 1850, \u0218aguna intervine cu toat\u0103 autoritatea lui pentru ca s\u0103 c\u00e2\u0219tige o facultate filosofico-juridic\u0103 pe sama na\u021biunii rom\u00e2ne din Ardeal, cere drepturi pe seama rom\u00e2nilor \u00een legisla\u021bie, \u00een justi\u021bie, \u00een administra\u021bie, asigurarea propriet\u0103\u021bii poporului rom\u00e2n, \u0219coli \u0219i libertate pentru rom\u00e2ni. \u00cen toate peti\u021biile lui \u0219i \u00een c\u0103l\u0103toriile lui la Pesta, Olmutz, Viena \u0219i Iusbruck cere dreptate pe seama na\u021biunii rom\u00e2ne. Drepturile na\u021biunii rom\u00e2ne le-a revendicat \u0219i acas\u0103 cu orice prilej, \u00een conferin\u021be, \u00een Dieta Transilvaniei, \u00een conferin\u021bele na\u021bionale \u0219i \u00een Senatul Imperial.<\/h4>\r\n<h4 style=\"text-align: justify;\">\u00cen conferinta din 7 ianuarie 1867, la propunerea lui \u0218aguna se declar\u0103 na\u021biunea rom\u00e2n\u0103 ca natiune politic\u0103, liber\u0103 \u0219i \u00eendependent\u0103. Aici \u0218aguna vorbeste memorabila anatem\u0103: <strong>&#8222;afurisit s\u0103 fie acel rom\u00e2n care va \u00eencerca s\u0103 strice legea fr\u0103\u021beasc\u0103 dintre fiii na\u021biunii rom\u00e2ne&#8221;, c\u0103ci &#8222;dac\u0103 rom\u00e2nul \u00eesi va p\u0103ta caracterul s\u0103u na\u021bional nu mai este vrednic s\u0103 se numeasc\u0103 rom\u00e2n&#8221;.<\/strong><\/h4>\r\n<h4 style=\"text-align: justify;\">C\u0103 \u00eentradev\u0103r \u0218aguna ajunsese \u00eentr-o vreme s\u0103 fie centrul tuturor mi\u0219c\u0103rilor na\u021bionale rom\u00e2nesti, ajunsese idolul poporului rom\u00e2n, o dovede\u0219te scrisoarea baronului Vos, guvernatorul Ardealului, care numai de la \u0218aguna a\u0219tepta lini\u0219tirea spiritelor \u00een popor. Fa\u021b\u0103 de sasi a avut \u00eentotdeauna a aversiune f\u0103\u021bi\u0219\u0103. Pe comisul sa\u0219ilor \u00eel apostrofeaz\u0103 energic c\u00e2nd zice: &#8222;Pretind ca s\u0103 nu se mai fac\u0103 nici un fel de ar\u0103tare nefondat\u0103 asupra preo\u021bimii, inteligen\u021bei s\u0103u na\u021biunii rom\u00e2ne, al c\u0103rui fiu \u0219i membru sunt \u0219i eu&#8221;. \u00centransigent a fost \u0219i fa\u021b\u0103 de s\u00e2rbi, de care a izbutit s\u0103 se separe definitiv, tot \u00een interesul na\u021bional al poporului rom\u00e2n.<\/h4>\r\n<h4 style=\"text-align: justify;\"><strong>\u00cen fa\u021b\u0103 m\u0103re\u021biei sale s-au \u00eenchinat toate figurile marcante ale istoriei noastre contemporane. Noi, drume\u021bii m\u0103run\u021bi ai acestor vremi de patimi se cuvine s\u0103 ne plec\u0103m cu sfial\u0103 \u00een fa\u021b\u0103 acestui mare Arhiereu rom\u00e2n \u0219i s\u0103 ne \u00eendrept\u0103m rug\u0103ciunile c\u0103tre tronul providen\u021bei divine, ca din sf\u00e2nta-i slav\u0103 s\u0103 ne trimit\u0103 lumina spiritului lui \u0218aguna, care s\u0103 ne trezeasc\u0103 la via\u021ba cea adev\u0103rat\u0103. <\/strong><\/h4>\r\n<h4 style=\"text-align: justify;\">Lumina sufletului lui \u0218aguna s\u0103 stea de straj\u0103 str\u0103bunei noastre legi, patimilor noastre sfat, ca s\u0103 putem purcede pe calea dezrobirii din lanturile \u00eentunericului. Doamne ocroteste-i pe rom\u00e2ni!<\/h4>\r\n<h4 style=\"text-align: right;\"><em>Material cules de la <a href=\"http:\/\/biserica.org\/Publicatii\/2001\/NoIV\/07_\u00eendex.html\" target=\"_blank\" rel=\"noopener\">http:\/\/biserica.org<\/a><\/em><\/h4>\r\n<h4 style=\"text-align: justify;\">A\u015fa a tr\u0103it \u015fi a\u015fa s-a jertfit acest mare ierarh al Bisericii lui Hristos. Rolul s\u0103u a fost, pe drept cuv\u00e2nt, providen\u0163ial \u015fi avea un suflet devotat de adev\u0103rat p\u0103stor, plin de \u00een\u0163elepciune \u015fi curaj.<\/h4>\r\n<h4><em>Colaj realizat de col.(r) Victor<\/em> <em>Cirstea <\/em><\/h4>        <div class=\"booster-block booster-reactions-block\">\n            <div class=\"twp-reactions-icons\">\n                \n                <div class=\"twp-reacts-wrap\">\n                    <a react-data=\"be-react-1\" post-id=\"3546\" class=\"be-face-icons un-reacted\" href=\"javascript:void(0)\">\n                        <img decoding=\"async\" src=\"https:\/\/desteptati-va.ro\/wp-content\/plugins\/booster-extension\/\/assets\/icon\/happy.svg\" alt=\"Happy\">\n                    <\/a>\n                    <div class=\"twp-reaction-title\">\n                        Happy                    <\/div>\n                    <div class=\"twp-count-percent\">\n                                                    <span style=\"display: none;\" class=\"twp-react-count\">0<\/span>\n                        \n                                                <span class=\"twp-react-percent\"><span>0<\/span> %<\/span>\n                                            <\/div>\n                <\/div>\n\n                <div class=\"twp-reacts-wrap\">\n                    <a react-data=\"be-react-2\" post-id=\"3546\" class=\"be-face-icons un-reacted\" href=\"javascript:void(0)\">\n                        <img decoding=\"async\" src=\"https:\/\/desteptati-va.ro\/wp-content\/plugins\/booster-extension\/\/assets\/icon\/sad.svg\" alt=\"Sad\">\n                    <\/a>\n                    <div class=\"twp-reaction-title\">\n                        Sad                    <\/div>\n                    <div class=\"twp-count-percent\">\n                                                    <span style=\"display: none;\" class=\"twp-react-count\">0<\/span>\n                                                                        <span class=\"twp-react-percent\"><span>0<\/span> %<\/span>\n                                            <\/div>\n                <\/div>\n\n                <div class=\"twp-reacts-wrap\">\n                    <a react-data=\"be-react-3\" post-id=\"3546\" class=\"be-face-icons un-reacted\" href=\"javascript:void(0)\">\n                        <img decoding=\"async\" src=\"https:\/\/desteptati-va.ro\/wp-content\/plugins\/booster-extension\/\/assets\/icon\/excited.svg\" alt=\"Excited\">\n                    <\/a>\n                    <div class=\"twp-reaction-title\">\n                        Excited                    <\/div>\n                    <div class=\"twp-count-percent\">\n                                                    <span style=\"display: none;\" class=\"twp-react-count\">0<\/span>\n                                                                        <span class=\"twp-react-percent\"><span>0<\/span> %<\/span>\n                                            <\/div>\n                <\/div>\n\n                <div class=\"twp-reacts-wrap\">\n                    <a react-data=\"be-react-6\" post-id=\"3546\" class=\"be-face-icons un-reacted\" href=\"javascript:void(0)\">\n                        <img decoding=\"async\" src=\"https:\/\/desteptati-va.ro\/wp-content\/plugins\/booster-extension\/\/assets\/icon\/sleepy.svg\" alt=\"Sleepy\">\n                    <\/a>\n                    <div class=\"twp-reaction-title\">\n                        Sleepy                    <\/div>\n                    <div class=\"twp-count-percent\">\n                                                    <span style=\"display: none;\" class=\"twp-react-count\">0<\/span>\n                        \n                                                <span class=\"twp-react-percent\"><span>0<\/span> %<\/span>\n                                            <\/div>\n                <\/div>\n\n                <div class=\"twp-reacts-wrap\">\n                    <a react-data=\"be-react-4\" post-id=\"3546\" class=\"be-face-icons un-reacted\" href=\"javascript:void(0)\">\n                        <img decoding=\"async\" src=\"https:\/\/desteptati-va.ro\/wp-content\/plugins\/booster-extension\/\/assets\/icon\/angry.svg\" alt=\"Angry\">\n                    <\/a>\n                    <div class=\"twp-reaction-title\">Angry<\/div>\n                    <div class=\"twp-count-percent\">\n                                                    <span style=\"display: none;\" class=\"twp-react-count\">0<\/span>\n                                                                        <span class=\"twp-react-percent\"><span>0<\/span> %<\/span>\n                        \n                    <\/div>\n                <\/div>\n\n                <div class=\"twp-reacts-wrap\">\n                    <a react-data=\"be-react-5\" post-id=\"3546\" class=\"be-face-icons un-reacted\" href=\"javascript:void(0)\">\n                        <img decoding=\"async\" src=\"https:\/\/desteptati-va.ro\/wp-content\/plugins\/booster-extension\/\/assets\/icon\/surprise.svg\" alt=\"Surprise\">\n                    <\/a>\n                    <div class=\"twp-reaction-title\">Surprise<\/div>\n                    <div class=\"twp-count-percent\">\n                                                    <span style=\"display: none;\" class=\"twp-react-count\">0<\/span>\n                                                                        <span class=\"twp-react-percent\"><span>0<\/span> %<\/span>\n                                            <\/div>\n                <\/div>\n\n            <\/div>\n        <\/div>\n\n    <\/div>","protected":false},"excerpt":{"rendered":"<p>&#8222;afurisit s\u0103 fie acel rom\u00e2n care va \u00eencerca s\u0103 strice legea fr\u0103\u021beasc\u0103 dintre fiii na\u021biunii rom\u00e2ne\u201d \u201cdac\u0103 rom\u00e2nul \u00eesi va<a href=\"https:\/\/desteptati-va.ro\/index.php\/2021\/04\/15\/andrei-saguna-corifeu-si-apostol-al-neamului-romanesc\/\">Read More<i class=\"fa fa-long-arrow-right\" aria-hidden=\"true\"><\/i><\/a><\/p>\n","protected":false},"author":1,"featured_media":668,"comment_status":"open","ping_status":"open","sticky":false,"template":"","format":"standard","meta":{"_crdt_document":"","footnotes":""},"categories":[30,28],"tags":[111,348,320,327,59,60,330,332,349,350,159,72,351,352,135],"class_list":["post-3546","post","type-post","status-publish","format-standard","has-post-thumbnail","hentry","category-apostolii-neamului","category-secvente-istorice","tag-andrei","tag-autodeterminism","tag-avram-iancu","tag-credinta","tag-desteptati","tag-desteptati-va","tag-emancipare","tag-franz-joseph","tag-kossuth","tag-nationala","tag-patriot","tag-politica","tag-roman","tag-saguna","tag-transilvania"],"rise-blocks_total_comments":3,"rise-blocks_categories":[{"term_id":30,"name":"Apostolii Neamului","slug":"apostolii-neamului","term_group":0,"term_taxonomy_id":30,"taxonomy":"category","description":"","parent":28,"count":4,"filter":"raw"}],"rise-blocks_excerpt":"&#8222;afurisit s\u0103 fie acel rom\u00e2n care va \u00eencerca s\u0103 strice legea fr\u0103\u021beasc\u0103 dintre fiii na\u021biunii rom\u00e2ne\u201d \u201cdac\u0103 rom\u00e2nul \u00eesi va p\u0103ta caracterul s\u0103u na\u021bional nu mai este vrednic s\u0103 se numeasc\u0103 rom\u00e2n&#8221; Este indubitabil faptul c\u0103 un factor determinant al unit\u0103\u021bii neamului rom\u00e2nesc l-a constituit (\u0219i \u00eel constiuie), credin\u021ba noastr\u0103 ortodox\u0103, care, de-a lungul timpului, a fost (\u0219i este), amenin\u021bat\u0103..","yoast_head":"<!-- This site is optimized with the Yoast SEO plugin v26.9 - https:\/\/yoast.com\/product\/yoast-seo-wordpress\/ -->\r\n<title>Andrei Saguna - Corifeu \u0219i Apostol al Neamului Romanesc -<\/title>\r\n<meta name=\"robots\" content=\"index, follow, max-snippet:-1, max-image-preview:large, max-video-preview:-1\" \/>\r\n<link rel=\"canonical\" href=\"https:\/\/desteptati-va.ro\/index.php\/2021\/04\/15\/andrei-saguna-corifeu-si-apostol-al-neamului-romanesc\/\" \/>\r\n<meta property=\"og:locale\" content=\"ro_RO\" \/>\r\n<meta property=\"og:type\" content=\"article\" \/>\r\n<meta property=\"og:title\" content=\"Andrei Saguna - Corifeu \u0219i Apostol al Neamului Romanesc -\" \/>\r\n<meta property=\"og:description\" content=\"&#8222;afurisit s\u0103 fie acel rom\u00e2n care va \u00eencerca s\u0103 strice legea fr\u0103\u021beasc\u0103 dintre fiii na\u021biunii rom\u00e2ne\u201d \u201cdac\u0103 rom\u00e2nul \u00eesi vaRead More\" \/>\r\n<meta property=\"og:url\" content=\"https:\/\/desteptati-va.ro\/index.php\/2021\/04\/15\/andrei-saguna-corifeu-si-apostol-al-neamului-romanesc\/\" \/>\r\n<meta property=\"article:published_time\" content=\"2021-04-15T09:18:03+00:00\" \/>\r\n<meta property=\"article:modified_time\" content=\"2021-04-15T09:51:55+00:00\" \/>\r\n<meta property=\"og:image\" content=\"https:\/\/desteptati-va.ro\/wp-content\/uploads\/2021\/04\/01_11_2008_simpozionul-unesco-andrei-saguna-200-de-ani-de-la-nastere_1053-e1618478214625.jpg\" \/>\r\n\t<meta property=\"og:image:width\" content=\"201\" \/>\r\n\t<meta property=\"og:image:height\" content=\"329\" \/>\r\n\t<meta property=\"og:image:type\" content=\"image\/jpeg\" \/>\r\n<meta name=\"author\" content=\"wolfsoftcompany\" \/>\r\n<meta name=\"twitter:card\" content=\"summary_large_image\" \/>\r\n<meta name=\"twitter:label1\" content=\"Scris de\" \/>\n\t<meta name=\"twitter:data1\" content=\"wolfsoftcompany\" \/>\n\t<meta name=\"twitter:label2\" content=\"Timp estimat pentru citire\" \/>\n\t<meta name=\"twitter:data2\" content=\"20 de minute\" \/>\r\n<script type=\"application\/ld+json\" class=\"yoast-schema-graph\">{\"@context\":\"https:\/\/schema.org\",\"@graph\":[{\"@type\":\"Article\",\"@id\":\"https:\/\/desteptati-va.ro\/index.php\/2021\/04\/15\/andrei-saguna-corifeu-si-apostol-al-neamului-romanesc\/#article\",\"isPartOf\":{\"@id\":\"https:\/\/desteptati-va.ro\/index.php\/2021\/04\/15\/andrei-saguna-corifeu-si-apostol-al-neamului-romanesc\/\"},\"author\":{\"name\":\"wolfsoftcompany\",\"@id\":\"https:\/\/desteptati-va.ro\/#\/schema\/person\/13182deeebd44920914899f7bb262d6b\"},\"headline\":\"Andrei Saguna &#8211; Corifeu \u0219i Apostol al Neamului Romanesc\",\"datePublished\":\"2021-04-15T09:18:03+00:00\",\"dateModified\":\"2021-04-15T09:51:55+00:00\",\"mainEntityOfPage\":{\"@id\":\"https:\/\/desteptati-va.ro\/index.php\/2021\/04\/15\/andrei-saguna-corifeu-si-apostol-al-neamului-romanesc\/\"},\"wordCount\":3922,\"commentCount\":1,\"image\":{\"@id\":\"https:\/\/desteptati-va.ro\/index.php\/2021\/04\/15\/andrei-saguna-corifeu-si-apostol-al-neamului-romanesc\/#primaryimage\"},\"thumbnailUrl\":\"https:\/\/desteptati-va.ro\/wp-content\/uploads\/2021\/04\/01_11_2008_simpozionul-unesco-andrei-saguna-200-de-ani-de-la-nastere_1053-e1618478214625.jpg\",\"keywords\":[\"Andrei\",\"autodeterminism\",\"Avram Iancu\",\"credinta\",\"desteptati\",\"desteptati-va\",\"emancipare\",\"Franz Joseph\",\"Kossuth\",\"nationala\",\"patriot\",\"politica\",\"Roman\",\"Saguna\",\"Transilvania\"],\"articleSection\":[\"Apostolii Neamului\",\"Secvente Istorice\"],\"inLanguage\":\"ro-RO\",\"potentialAction\":[{\"@type\":\"CommentAction\",\"name\":\"Comment\",\"target\":[\"https:\/\/desteptati-va.ro\/index.php\/2021\/04\/15\/andrei-saguna-corifeu-si-apostol-al-neamului-romanesc\/#respond\"]}]},{\"@type\":\"WebPage\",\"@id\":\"https:\/\/desteptati-va.ro\/index.php\/2021\/04\/15\/andrei-saguna-corifeu-si-apostol-al-neamului-romanesc\/\",\"url\":\"https:\/\/desteptati-va.ro\/index.php\/2021\/04\/15\/andrei-saguna-corifeu-si-apostol-al-neamului-romanesc\/\",\"name\":\"Andrei Saguna - Corifeu \u0219i Apostol al Neamului Romanesc -\",\"isPartOf\":{\"@id\":\"https:\/\/desteptati-va.ro\/#website\"},\"primaryImageOfPage\":{\"@id\":\"https:\/\/desteptati-va.ro\/index.php\/2021\/04\/15\/andrei-saguna-corifeu-si-apostol-al-neamului-romanesc\/#primaryimage\"},\"image\":{\"@id\":\"https:\/\/desteptati-va.ro\/index.php\/2021\/04\/15\/andrei-saguna-corifeu-si-apostol-al-neamului-romanesc\/#primaryimage\"},\"thumbnailUrl\":\"https:\/\/desteptati-va.ro\/wp-content\/uploads\/2021\/04\/01_11_2008_simpozionul-unesco-andrei-saguna-200-de-ani-de-la-nastere_1053-e1618478214625.jpg\",\"datePublished\":\"2021-04-15T09:18:03+00:00\",\"dateModified\":\"2021-04-15T09:51:55+00:00\",\"author\":{\"@id\":\"https:\/\/desteptati-va.ro\/#\/schema\/person\/13182deeebd44920914899f7bb262d6b\"},\"breadcrumb\":{\"@id\":\"https:\/\/desteptati-va.ro\/index.php\/2021\/04\/15\/andrei-saguna-corifeu-si-apostol-al-neamului-romanesc\/#breadcrumb\"},\"inLanguage\":\"ro-RO\",\"potentialAction\":[{\"@type\":\"ReadAction\",\"target\":[\"https:\/\/desteptati-va.ro\/index.php\/2021\/04\/15\/andrei-saguna-corifeu-si-apostol-al-neamului-romanesc\/\"]}]},{\"@type\":\"ImageObject\",\"inLanguage\":\"ro-RO\",\"@id\":\"https:\/\/desteptati-va.ro\/index.php\/2021\/04\/15\/andrei-saguna-corifeu-si-apostol-al-neamului-romanesc\/#primaryimage\",\"url\":\"https:\/\/desteptati-va.ro\/wp-content\/uploads\/2021\/04\/01_11_2008_simpozionul-unesco-andrei-saguna-200-de-ani-de-la-nastere_1053-e1618478214625.jpg\",\"contentUrl\":\"https:\/\/desteptati-va.ro\/wp-content\/uploads\/2021\/04\/01_11_2008_simpozionul-unesco-andrei-saguna-200-de-ani-de-la-nastere_1053-e1618478214625.jpg\",\"width\":201,\"height\":329},{\"@type\":\"BreadcrumbList\",\"@id\":\"https:\/\/desteptati-va.ro\/index.php\/2021\/04\/15\/andrei-saguna-corifeu-si-apostol-al-neamului-romanesc\/#breadcrumb\",\"itemListElement\":[{\"@type\":\"ListItem\",\"position\":1,\"name\":\"Prima pagin\u0103\",\"item\":\"https:\/\/desteptati-va.ro\/\"},{\"@type\":\"ListItem\",\"position\":2,\"name\":\"Andrei Saguna &#8211; Corifeu \u0219i Apostol al Neamului Romanesc\"}]},{\"@type\":\"WebSite\",\"@id\":\"https:\/\/desteptati-va.ro\/#website\",\"url\":\"https:\/\/desteptati-va.ro\/\",\"name\":\"\",\"description\":\"\",\"potentialAction\":[{\"@type\":\"SearchAction\",\"target\":{\"@type\":\"EntryPoint\",\"urlTemplate\":\"https:\/\/desteptati-va.ro\/?s={search_term_string}\"},\"query-input\":{\"@type\":\"PropertyValueSpecification\",\"valueRequired\":true,\"valueName\":\"search_term_string\"}}],\"inLanguage\":\"ro-RO\"},{\"@type\":\"Person\",\"@id\":\"https:\/\/desteptati-va.ro\/#\/schema\/person\/13182deeebd44920914899f7bb262d6b\",\"name\":\"wolfsoftcompany\",\"image\":{\"@type\":\"ImageObject\",\"inLanguage\":\"ro-RO\",\"@id\":\"https:\/\/desteptati-va.ro\/#\/schema\/person\/image\/\",\"url\":\"https:\/\/secure.gravatar.com\/avatar\/a6cce9b6d101d27d91690e7073e300fed94c0899890bf998e082cb9d2c3d121e?s=96&d=mm&r=g\",\"contentUrl\":\"https:\/\/secure.gravatar.com\/avatar\/a6cce9b6d101d27d91690e7073e300fed94c0899890bf998e082cb9d2c3d121e?s=96&d=mm&r=g\",\"caption\":\"wolfsoftcompany\"},\"sameAs\":[\"http:\/\/desteptati-va.ro\"],\"url\":\"https:\/\/desteptati-va.ro\/index.php\/author\/wolfsoftcompany\/\"}]}<\/script>\r\n<!-- \/ Yoast SEO plugin. -->","yoast_head_json":{"title":"Andrei Saguna - Corifeu \u0219i Apostol al Neamului Romanesc -","robots":{"index":"index","follow":"follow","max-snippet":"max-snippet:-1","max-image-preview":"max-image-preview:large","max-video-preview":"max-video-preview:-1"},"canonical":"https:\/\/desteptati-va.ro\/index.php\/2021\/04\/15\/andrei-saguna-corifeu-si-apostol-al-neamului-romanesc\/","og_locale":"ro_RO","og_type":"article","og_title":"Andrei Saguna - Corifeu \u0219i Apostol al Neamului Romanesc -","og_description":"&#8222;afurisit s\u0103 fie acel rom\u00e2n care va \u00eencerca s\u0103 strice legea fr\u0103\u021beasc\u0103 dintre fiii na\u021biunii rom\u00e2ne\u201d \u201cdac\u0103 rom\u00e2nul \u00eesi vaRead More","og_url":"https:\/\/desteptati-va.ro\/index.php\/2021\/04\/15\/andrei-saguna-corifeu-si-apostol-al-neamului-romanesc\/","article_published_time":"2021-04-15T09:18:03+00:00","article_modified_time":"2021-04-15T09:51:55+00:00","og_image":[{"width":201,"height":329,"url":"https:\/\/desteptati-va.ro\/wp-content\/uploads\/2021\/04\/01_11_2008_simpozionul-unesco-andrei-saguna-200-de-ani-de-la-nastere_1053-e1618478214625.jpg","type":"image\/jpeg"}],"author":"wolfsoftcompany","twitter_card":"summary_large_image","twitter_misc":{"Scris de":"wolfsoftcompany","Timp estimat pentru citire":"20 de minute"},"schema":{"@context":"https:\/\/schema.org","@graph":[{"@type":"Article","@id":"https:\/\/desteptati-va.ro\/index.php\/2021\/04\/15\/andrei-saguna-corifeu-si-apostol-al-neamului-romanesc\/#article","isPartOf":{"@id":"https:\/\/desteptati-va.ro\/index.php\/2021\/04\/15\/andrei-saguna-corifeu-si-apostol-al-neamului-romanesc\/"},"author":{"name":"wolfsoftcompany","@id":"https:\/\/desteptati-va.ro\/#\/schema\/person\/13182deeebd44920914899f7bb262d6b"},"headline":"Andrei Saguna &#8211; Corifeu \u0219i Apostol al Neamului Romanesc","datePublished":"2021-04-15T09:18:03+00:00","dateModified":"2021-04-15T09:51:55+00:00","mainEntityOfPage":{"@id":"https:\/\/desteptati-va.ro\/index.php\/2021\/04\/15\/andrei-saguna-corifeu-si-apostol-al-neamului-romanesc\/"},"wordCount":3922,"commentCount":1,"image":{"@id":"https:\/\/desteptati-va.ro\/index.php\/2021\/04\/15\/andrei-saguna-corifeu-si-apostol-al-neamului-romanesc\/#primaryimage"},"thumbnailUrl":"https:\/\/desteptati-va.ro\/wp-content\/uploads\/2021\/04\/01_11_2008_simpozionul-unesco-andrei-saguna-200-de-ani-de-la-nastere_1053-e1618478214625.jpg","keywords":["Andrei","autodeterminism","Avram Iancu","credinta","desteptati","desteptati-va","emancipare","Franz Joseph","Kossuth","nationala","patriot","politica","Roman","Saguna","Transilvania"],"articleSection":["Apostolii Neamului","Secvente Istorice"],"inLanguage":"ro-RO","potentialAction":[{"@type":"CommentAction","name":"Comment","target":["https:\/\/desteptati-va.ro\/index.php\/2021\/04\/15\/andrei-saguna-corifeu-si-apostol-al-neamului-romanesc\/#respond"]}]},{"@type":"WebPage","@id":"https:\/\/desteptati-va.ro\/index.php\/2021\/04\/15\/andrei-saguna-corifeu-si-apostol-al-neamului-romanesc\/","url":"https:\/\/desteptati-va.ro\/index.php\/2021\/04\/15\/andrei-saguna-corifeu-si-apostol-al-neamului-romanesc\/","name":"Andrei Saguna - Corifeu \u0219i Apostol al Neamului Romanesc -","isPartOf":{"@id":"https:\/\/desteptati-va.ro\/#website"},"primaryImageOfPage":{"@id":"https:\/\/desteptati-va.ro\/index.php\/2021\/04\/15\/andrei-saguna-corifeu-si-apostol-al-neamului-romanesc\/#primaryimage"},"image":{"@id":"https:\/\/desteptati-va.ro\/index.php\/2021\/04\/15\/andrei-saguna-corifeu-si-apostol-al-neamului-romanesc\/#primaryimage"},"thumbnailUrl":"https:\/\/desteptati-va.ro\/wp-content\/uploads\/2021\/04\/01_11_2008_simpozionul-unesco-andrei-saguna-200-de-ani-de-la-nastere_1053-e1618478214625.jpg","datePublished":"2021-04-15T09:18:03+00:00","dateModified":"2021-04-15T09:51:55+00:00","author":{"@id":"https:\/\/desteptati-va.ro\/#\/schema\/person\/13182deeebd44920914899f7bb262d6b"},"breadcrumb":{"@id":"https:\/\/desteptati-va.ro\/index.php\/2021\/04\/15\/andrei-saguna-corifeu-si-apostol-al-neamului-romanesc\/#breadcrumb"},"inLanguage":"ro-RO","potentialAction":[{"@type":"ReadAction","target":["https:\/\/desteptati-va.ro\/index.php\/2021\/04\/15\/andrei-saguna-corifeu-si-apostol-al-neamului-romanesc\/"]}]},{"@type":"ImageObject","inLanguage":"ro-RO","@id":"https:\/\/desteptati-va.ro\/index.php\/2021\/04\/15\/andrei-saguna-corifeu-si-apostol-al-neamului-romanesc\/#primaryimage","url":"https:\/\/desteptati-va.ro\/wp-content\/uploads\/2021\/04\/01_11_2008_simpozionul-unesco-andrei-saguna-200-de-ani-de-la-nastere_1053-e1618478214625.jpg","contentUrl":"https:\/\/desteptati-va.ro\/wp-content\/uploads\/2021\/04\/01_11_2008_simpozionul-unesco-andrei-saguna-200-de-ani-de-la-nastere_1053-e1618478214625.jpg","width":201,"height":329},{"@type":"BreadcrumbList","@id":"https:\/\/desteptati-va.ro\/index.php\/2021\/04\/15\/andrei-saguna-corifeu-si-apostol-al-neamului-romanesc\/#breadcrumb","itemListElement":[{"@type":"ListItem","position":1,"name":"Prima pagin\u0103","item":"https:\/\/desteptati-va.ro\/"},{"@type":"ListItem","position":2,"name":"Andrei Saguna &#8211; Corifeu \u0219i Apostol al Neamului Romanesc"}]},{"@type":"WebSite","@id":"https:\/\/desteptati-va.ro\/#website","url":"https:\/\/desteptati-va.ro\/","name":"","description":"","potentialAction":[{"@type":"SearchAction","target":{"@type":"EntryPoint","urlTemplate":"https:\/\/desteptati-va.ro\/?s={search_term_string}"},"query-input":{"@type":"PropertyValueSpecification","valueRequired":true,"valueName":"search_term_string"}}],"inLanguage":"ro-RO"},{"@type":"Person","@id":"https:\/\/desteptati-va.ro\/#\/schema\/person\/13182deeebd44920914899f7bb262d6b","name":"wolfsoftcompany","image":{"@type":"ImageObject","inLanguage":"ro-RO","@id":"https:\/\/desteptati-va.ro\/#\/schema\/person\/image\/","url":"https:\/\/secure.gravatar.com\/avatar\/a6cce9b6d101d27d91690e7073e300fed94c0899890bf998e082cb9d2c3d121e?s=96&d=mm&r=g","contentUrl":"https:\/\/secure.gravatar.com\/avatar\/a6cce9b6d101d27d91690e7073e300fed94c0899890bf998e082cb9d2c3d121e?s=96&d=mm&r=g","caption":"wolfsoftcompany"},"sameAs":["http:\/\/desteptati-va.ro"],"url":"https:\/\/desteptati-va.ro\/index.php\/author\/wolfsoftcompany\/"}]}},"_links":{"self":[{"href":"https:\/\/desteptati-va.ro\/index.php\/wp-json\/wp\/v2\/posts\/3546","targetHints":{"allow":["GET"]}}],"collection":[{"href":"https:\/\/desteptati-va.ro\/index.php\/wp-json\/wp\/v2\/posts"}],"about":[{"href":"https:\/\/desteptati-va.ro\/index.php\/wp-json\/wp\/v2\/types\/post"}],"author":[{"embeddable":true,"href":"https:\/\/desteptati-va.ro\/index.php\/wp-json\/wp\/v2\/users\/1"}],"replies":[{"embeddable":true,"href":"https:\/\/desteptati-va.ro\/index.php\/wp-json\/wp\/v2\/comments?post=3546"}],"version-history":[{"count":2,"href":"https:\/\/desteptati-va.ro\/index.php\/wp-json\/wp\/v2\/posts\/3546\/revisions"}],"predecessor-version":[{"id":3564,"href":"https:\/\/desteptati-va.ro\/index.php\/wp-json\/wp\/v2\/posts\/3546\/revisions\/3564"}],"wp:featuredmedia":[{"embeddable":true,"href":"https:\/\/desteptati-va.ro\/index.php\/wp-json\/wp\/v2\/media\/668"}],"wp:attachment":[{"href":"https:\/\/desteptati-va.ro\/index.php\/wp-json\/wp\/v2\/media?parent=3546"}],"wp:term":[{"taxonomy":"category","embeddable":true,"href":"https:\/\/desteptati-va.ro\/index.php\/wp-json\/wp\/v2\/categories?post=3546"},{"taxonomy":"post_tag","embeddable":true,"href":"https:\/\/desteptati-va.ro\/index.php\/wp-json\/wp\/v2\/tags?post=3546"}],"curies":[{"name":"wp","href":"https:\/\/api.w.org\/{rel}","templated":true}]}}