{"id":3558,"date":"2021-04-15T09:47:04","date_gmt":"2021-04-15T09:47:04","guid":{"rendered":"http:\/\/desteptati.ro\/?p=3558"},"modified":"2022-01-12T01:34:15","modified_gmt":"2022-01-11T23:34:15","slug":"o-istorie-a-romanilor-un-pic-diferita-de-ce-ni-s-a-predat","status":"publish","type":"post","link":"https:\/\/desteptati-va.ro\/index.php\/2021\/04\/15\/o-istorie-a-romanilor-un-pic-diferita-de-ce-ni-s-a-predat\/","title":{"rendered":"O istorie a romanilor un pic diferit\u0103 de ce ni s-a predat&#8230;"},"content":{"rendered":"<div class=\"post-content\"><div class='booster-block booster-read-block'>\n                <div class=\"twp-read-time\">\n                \t<i class=\"booster-icon twp-clock\"><\/i> <span>Read Time:<\/span>8 Minute, 47 Second                <\/div>\n\n            <\/div><h4 style=\"text-align: justify;\">M-am \u00eentrebat de multe ori care este motorul schimb\u0103rilor pozitive \u00eentr-o societate \u015fi trebuie s\u0103 recunosc c\u0103 de cele mai multe ori sunt tinerii, care refuz\u0103 s\u0103 accepte un adev\u0103r relativ, mincinos, contestabil.<\/h4>\r\n<h4 style=\"text-align: justify;\">Ei sunt cei ce nu sunt lega\u0163i de interese politice ori religioase de moment, ei sunt cei care caut\u0103 un adev\u0103r absolut&#8230; Deci pe ei \u00eei \u00eendemn s\u0103-\u015fi \u00eentrebe profesorii de istorie \u015fi de limba rom\u00e2n\u0103:<\/h4>\r\n<h4 style=\"text-align: justify;\"><strong>&#8211; C\u00e2t la sut\u0103 din Dacia a fost cucerit\u0103 de romani?<\/strong>\u015fi dac\u0103 profesorul \u015ftie r\u0103spunsul:<\/h4>\r\n<h4 style=\"text-align: justify;\"><strong>&#8211; 14 % din teritoriul Daciei<\/strong> (care se \u00eentindea de la vest la est, de la lacul Constan\u0163a-Elve\u0163ia de azi \u015fi p\u00e2n\u0103 dincolo de Nipru), urmeaz\u0103 alt\u0103 \u00eentrebare:<\/h4>\r\n<h4 style=\"text-align: justify;\"><strong>&#8211; C\u00e2\u0163i ani au ocupat romanii acei 14% din teritoriul Daciei? <\/strong>\u015fi dac\u0103 r\u0103spunde:<\/h4>\r\n<h4 style=\"text-align: justify;\">&#8211;<strong> numai 164 ani<\/strong>, atunci pute\u0163i merge la urm\u0103toarea \u00eentrebare:<\/h4>\r\n<h4 style=\"text-align: justify;\"><strong>&#8211; Solda\u0163ii &#8222;romani&#8221; chiar veneau de la Roma \u015fi chiar erau fluen\u0163i \u00een limba latin\u0103?<\/strong><\/h4>\r\n<h4 style=\"text-align: justify;\">Aici le va fi \u015fi mai greu s\u0103 v\u0103 r\u0103spund\u0103, c\u0103ci acei solda\u0163i &#8222;romani&#8221; vorbeau orice limb\u0103 numai latina nu!<\/h4>\r\n<h4 style=\"text-align: justify;\">&#8211;<strong> Cohortele aflate pe p\u0103m\u00e2ntul Daciei cuprindeau solda\u0163i din diferite p\u0103r\u0163i ale imperiului roman<\/strong>, uneori foarte \u00eendep\u0103rtate: g\u0103sim Britani din Anglia de azi, Asturi \u015fi Lusitanieni din peninsula Iberic\u0103, Bosporeni din nordul M\u0103rii Negre, Antiocheni din regiunile Antiochiei, Ubi de la Rin , din p\u0103r\u0163ile Coloniei, Batavi de la gurile acestui fluviu, Gali din Galia, Re\u0163i din p\u0103r\u0163ile Austriei \u015fi Germaniei sudice de azi, Comageni din Siria, p\u00e2n\u0103 \u015fi Numizi \u015fi Mauri din nordul Africii (C.C.Giurescu, Istoria Romanilor, I, 1942,p.130).<\/h4>\r\n<h4 style=\"text-align: justify;\">\u015ei ultima \u00eentrebare: <strong>Cum a fost posibil ca \u00eentr-un a\u015fa de scurt interval istoric TOAT\u0102 popula\u0163ia Daciei s\u0103-\u015fi uite limba \u015fi s\u0103 \u00eenve\u0163e o limb\u0103 nou\u0103, limba latin\u0103, de la ni\u015fte solda\u0163i &#8222;romani&#8221; care nici ei nu o vorbeau?<\/strong><\/h4>\r\n<h4 style=\"text-align: justify;\"><\/h4>\r\n<figure id=\"attachment_1620\" aria-describedby=\"caption-attachment-1620\" style=\"width: 348px\" class=\"wp-caption aligncenter\"><a href=\"http:\/\/www.desteptati-va.ro\/wp-content\/uploads\/2011\/04\/dacii.jpg\"><img loading=\"lazy\" decoding=\"async\" class=\" wp-image-1620\" title=\"Nobil dac\" src=\"http:\/\/www.desteptati-va.ro\/wp-content\/uploads\/2011\/04\/dacii-225x300.jpg\" alt=\"Nobil dac\" width=\"348\" height=\"466\" \/><\/a><figcaption id=\"caption-attachment-1620\" class=\"wp-caption-text\">Nobil dac<\/figcaption><\/figure>\r\n<h4 style=\"text-align: justify;\">C\u00e2nd toate popoarele civilizate din lume ini\u0163iaz\u0103, desf\u0103\u015foar\u0103 \u015fi promoveaz\u0103 valorile istorice care le \u00eendrept\u0103\u0163esc s\u0103 fie m\u00e2ndre de \u00eenainta\u015fii lor, g\u0103sim opinia unor astfel de &#8222;adev\u0103ra\u0163i rom\u00e2ni&#8221;, care, nici mai mult, nici mai pu\u0163in, spun despre formarea poporului daco-rom\u00e2n: &#8222;Solda\u0163ii romani au adus femeile \u015fi fetele dace \u00een paturile lor \u015fi a\u015fa s-au n\u0103scut genera\u0163ii de copii, care \u00eenv\u0103\u0163au numai limba latin\u0103 de la tat\u0103l lor!!?? soldatul &#8222;roman&#8221;&#8230; Cum or fi venit ele din Moldova de azi, din Basarabia, de pe Nistru, Bug \u015fi de pe Nipru, acele so\u0163ii \u015fi fete de traco-ge\u0163i \u015fi carpi, de la sute \u015fi sute de kilometri dep\u0103rtare ca s\u0103 fie &#8222;fecundate&#8221; de solda\u0163ii &#8222;romani&#8221;?<\/h4>\r\n<h4 style=\"text-align: justify;\">Dup\u0103 p\u0103rerea stimabililor, femeile daco-gete erau \u015fi &#8222;curve&#8221;, ba chiar \u015fi mute, nefiind \u00een stare s\u0103-\u015fi transmit\u0103 limba str\u0103mo\u015feasc\u0103 copiilor lor! C\u00e2t despre noi, urma\u015fii lor, cum ne-am putea numi altfel dec\u00e2t &#8222;copii din flori&#8221; ap\u0103ru\u0163i dintr-o aventur\u0103 amoroas\u0103 a \u00eentregii popula\u0163ii feminine daco-gete, la care masculii autohtoni priveau cu &#8222;m\u00e2ndrie&#8221;, a\u015ftept\u00e2nd apari\u0163ia &#8222;s\u00e2mburilor&#8221; noului popor \u015fi gr\u0103bindu-se, \u00eentre timp, s\u0103 \u00eenve\u0163e c\u00e2t mai repede \u015fi mai bine noua limb\u0103, limba latin\u0103, c\u00e2nd de la so\u0163ii, c\u00e2nd de la fiicele lor (iubite ale solda\u0163ilor romani cuceritori) ba chiar \u015fi direct, de la solda\u0163ii romani n\u0103v\u0103litori ce le-au \u00eenjosit c\u0103minele&#8230;<\/h4>\r\n<h4 style=\"text-align: justify;\">La Centrul Cultural Rom\u00e2n, pe data de 26 octombrie 1999, am aflat de la o alt\u0103 somitate, de origine rom\u00e2n\u0103, prof. dr. \u00een arheologie Ioan Pisso, c\u0103 dacii au \u00eenv\u0103\u0163at latina, de la romani, prin b\u0103ile de la Sarmisegetuza lui Traian! De ce prin b\u0103ile romane \u015fi de la ni\u015fte solda\u0163i cam f\u0103r\u0103 haine pe ei?!<\/h4>\r\n<h4 style=\"text-align: justify;\">Nu prea \u015ftiu ce a vrut s\u0103 spun\u0103 stimabilul profesor din Cluj despre b\u0103rba\u0163ii daci, dar cred c\u0103 nici un rom\u00e2n, nici m\u0103car \u00een joac\u0103, nu are voie s\u0103 fac\u0103 o astfel de afirma\u0163ie dec\u00e2t dac\u0103&#8230; de fapt tot d\u00e2n\u015fii ne spun c\u0103 ne tragem din &#8222;doi b\u0103rba\u0163i cu&#8230; bra\u0163e tari&#8221;! Astfel de declara\u0163ii &#8222;istorice&#8221; te fac s\u0103-\u0163i dore\u015fti s\u0103 fii orice, numai rom\u00e2n nu!<\/h4>\r\n<h4 style=\"text-align: justify;\"><\/h4>\r\n<figure id=\"attachment_1621\" aria-describedby=\"caption-attachment-1621\" style=\"width: 426px\" class=\"wp-caption aligncenter\"><a href=\"http:\/\/www.desteptati-va.ro\/wp-content\/uploads\/2011\/04\/3227700241_170ef79585.jpg\"><img loading=\"lazy\" decoding=\"async\" class=\" wp-image-1621\" title=\"Soldati romani\" src=\"http:\/\/www.desteptati-va.ro\/wp-content\/uploads\/2011\/04\/3227700241_170ef79585-300x200.jpg\" alt=\"Soldati romani\" width=\"426\" height=\"284\" \/><\/a><figcaption id=\"caption-attachment-1621\" class=\"wp-caption-text\">Soldati romani<\/figcaption><\/figure>\r\n<h4 style=\"text-align: justify;\">Domnilor, Dacia a fost cotropit\u0103 de romani \u00een propor\u0163ie de numai 14% \u015fi pentru o perioad\u0103 istoric\u0103 foarte scurt\u0103, de 164 de ani. 86% din teritoriul Daciei nu a fost c\u0103lcat de picior de legionar roman. Este greu de crezut c\u0103 \u00eentr-o a\u015fa de scurt\u0103 perioad\u0103 istoric\u0103, dacii s\u0103 fi \u00eenv\u0103\u0163at latina, f\u0103r\u0103 ca pe 86% din teritoriul lor s\u0103-i fi \u00eent\u00e2lnit pe solda\u0163ii romani. Dar dac\u0103 nu de la romani au \u00eenv\u0103\u0163at dacii latina, atunci de la cine? &#8211; se \u00eentreab\u0103 aceia\u015fi demni urma\u015fi ai lui Traian&#8230;<\/h4>\r\n<h4 style=\"text-align: justify;\">Herodot ne spune c\u0103, cel mai numeros neam din lume, dup\u0103 indieni, erau tracii. Iar Dio Casius ne spune \u015fi el: &#8222;S\u0103 nu uit\u0103m c\u0103 Traian a fost un trac veritabil. Luptele dintre Traian \u015fi Decebal au fost r\u0103zboaie fratricide, iar Tracii au fost Daci&#8221;. Faptul c\u0103 dacii vorbeau &#8222;latina vulgar\u0103&#8221;, este &#8222;un secret&#8221; pe care nu-l \u015ftiu numai cei ce refuz\u0103 s\u0103-l \u015ftie.<\/h4>\r\n<h4 style=\"text-align: justify;\"><\/h4>\r\n<figure id=\"attachment_1623\" aria-describedby=\"caption-attachment-1623\" style=\"width: 418px\" class=\"wp-caption aligncenter\"><a href=\"http:\/\/www.desteptati-va.ro\/wp-content\/uploads\/2011\/04\/36aHerodot.jpg\"><img loading=\"lazy\" decoding=\"async\" class=\" wp-image-1623\" title=\"Herodot\" src=\"http:\/\/www.desteptati-va.ro\/wp-content\/uploads\/2011\/04\/36aHerodot.jpg\" alt=\"Herodot\" width=\"418\" height=\"305\" \/><\/a><figcaption id=\"caption-attachment-1623\" class=\"wp-caption-text\">Herodot<\/figcaption><\/figure>\r\n<h4>&#8222;C\u00e2nd sub Traian romanii au cucerit pe daci la Sarmisegetuza n-au trebuit t\u0103lmaci&#8221;, afirm\u0103 Densu\u015fanu \u015fi asta schimb\u0103 totul. Deci, dacii \u015fi romanii vorbeau aceea\u015fi limb\u0103!<\/h4>\r\n<h4 style=\"text-align: justify;\">Dac\u0103 ast\u0103zi se consider\u0103 c\u0103 95% din cuno\u015ftin\u0163ele acumulate de omenire sunt ob\u0163inute \u00een ultimii 50 de ani, s\u0103 vedem cum \u015fi no\u0163iunile noastre despre istoria poporului daco-rom\u00e2n pot evolua.<\/h4>\r\n<h4 style=\"text-align: justify;\">C\u00e2nd nu de mult s-a publicat teoria evolu\u0163iei speciei umane \u00een func\u0163ie de vechimea cromozomial\u0103, s-a ajuns la concluzia c\u0103 &#8222;prima femeie&#8221; a ap\u0103rut \u00een sud-estul Africii. Urm\u0103torul pas uria\u015f a fost \u00een nordul Egiptului, iar de aici, \u00een Peninsula Balcanic\u0103.<\/h4>\r\n<h4 style=\"text-align: justify;\">C\u00e2nd profesoara de arheologie lingvistic\u0103 Marija Gimbutas, de la Universitatea din Los Angeles, California, a \u00eenceput s\u0103 vorbeasc\u0103 despre spa\u0163iul Carpato-dun\u0103rean ca despre vatra vechii Europe, locul de unde Europa a \u00eenceput s\u0103 existe, am fost pl\u0103cut surprins \u015fi m-am a\u015fteptat ca \u015fi istoricii no\u015ftri s\u0103 reac\u0163ioneze la fel. Dar, din partea lor am auzit numai t\u0103cere.<\/h4>\r\n<h4 style=\"text-align: justify;\">C\u00e2nd profesorii Leon E. Stover \u015fi Bruce Kraig \u00een cartea &#8222;The Indo-European heritage&#8221;, ap\u0103rut\u0103 la Nelson-Hall Inc., Publishers, 325 West Jack son Boulevard, Chicago, Illinois 60606 , vorbesc la pagina 25 despre Vechea Europ\u0103 a mileniului 5 \u00ee.d.H., care-\u015fi avea locul \u00een centrul Rom\u00e2niei de azi, s\u0103 nu fim m\u00e2ndri?<\/h4>\r\n<h4 style=\"text-align: justify;\"><\/h4>\r\n<figure id=\"attachment_1622\" aria-describedby=\"caption-attachment-1622\" style=\"width: 432px\" class=\"wp-caption aligncenter\"><a href=\"http:\/\/www.desteptati-va.ro\/wp-content\/uploads\/2011\/04\/Columna_Lui_Traian_Detaliu_big.jpg\"><img loading=\"lazy\" decoding=\"async\" class=\" wp-image-1622\" title=\"Columna lui Traian - detaliu\" src=\"http:\/\/www.desteptati-va.ro\/wp-content\/uploads\/2011\/04\/Columna_Lui_Traian_Detaliu_big-300x195.jpg\" alt=\"Columna lui Traian - detaliu\" width=\"432\" height=\"281\" \/><\/a><figcaption id=\"caption-attachment-1622\" class=\"wp-caption-text\">Columna lui Traian &#8211; detaliu<\/figcaption><\/figure>\r\n<h4 style=\"text-align: justify;\">C\u00e2nd studiile de arheologie molecular\u0103 ne \u00eendrept\u0103\u0163esc s\u0103 ne situ\u0103m pe primul plan \u00een Europa ca vechime, nu-mi este u\u015for s\u0103 le r\u0103spund unor persoane care nu citesc nici ceea ce spun inteligent al\u0163ii despre noi \u015fi nici m\u0103car ce scriu eu. Studii impecabile cromozomiale, la nivel de mitocondrie, folosind PCR (polimerase chain reaction), pot determina originea matern\u0103 a unor mumii vechi de sute \u015fi mii de ani.<\/h4>\r\n<h4 style=\"text-align: justify;\">Teoria genoamelor situeaz\u0103 spa\u0163iul carpato-dun\u0103rean ca fiind, nici nici mai mult nici mai pu\u0163in dec\u00e2t, locul de unde a \u00eenceput Europa s\u0103 existe, locul unde acum 44.000 de ani sosiser\u0103 primele 3 Eve \u015fi primul Adam&#8230;<\/h4>\r\n<h4 style=\"text-align: justify;\">C\u00e2nd am scris &#8222;Epopeea Poporului Carpato-dun\u0103rean&#8221; \u015fi volumele &#8222;Noi nu suntem urma\u015fii Romei&#8221;, &#8222;\u00cen c\u0103utarea istoriei pierdute&#8221; \u015fi &#8222;C\u0103l\u0103torie \u00een Dacia &#8211; \u0163ara Zeilor&#8221;, m-am bazat pe astfel de cercet\u0103ri, dar \u015fi pe cartea unei somit\u0103\u0163i \u00een domeniul preistoriei Europei, D-l V. Gordon Childe, profesor la Universitatea din Oxford, Anglia, c\u0103ruia i se publica, \u00een anul 1993, la Barnes &amp; Noble Books, New York, &#8222;The History of Civilization&#8221;, &#8222;The Aryans&#8221;. El exploreaz\u0103 \u00eentr-un mod fascinant originea \u015fi difuzarea limbilor \u00een Europa preistoric\u0103. \u00centre paginile 176-177 public\u0103 \u015fi o hart\u0103 ar\u0103t\u00e2nd leag\u0103nul aryenilor \u00een timpul primei lor apari\u0163ii; \u015fi minune mare, spa\u0163iul Carpato-dun\u0103rean este cel vizat!<\/h4>\r\n<h4 style=\"text-align: justify;\">C\u00e2nd roata, plugul, jugul, c\u0103ru\u0163a cu dou\u0103, trei \u015fi patru ro\u0163i apar pentru prima dat\u0103 \u00een lume pe teritoriul nostru, dacic, c\u00e2nd primul mesaj scris din istoria omenirii se g\u0103se\u015fte tot pe teritoriul nostru, la T\u0103rt\u0103ria , c\u00e2nd primii fermieri din Europa sunt descri\u015fi pe acela\u015fi spa\u0163iu, \u00eentr-o perioad\u0103 c\u00e2nd Anglia abia se separa de continent \u015fi din peninsul\u0103 devenea insul\u0103 &#8211; 6,500 \u00ee.d.H., (vezi John North, &#8222;A new interpretation of prehistoric man and the cosmos&#8221;, 1996, Harper Collins Publishers, 1230 Avenue of Americas , New York , 10020, Chronology), nu-\u0163i vine a crede c\u0103 tocmai cei pentru care aduni aceste informa\u0163ii formidabile despre poporul \u015fi spa\u0163iul pe care \u00eel ocupa \u0163ara noastr\u0103, te decep\u0163ioneaz\u0103!<\/h4>\r\n<h4 style=\"text-align: justify;\">Nu de mult, la Primul Congres Interna\u0163ional de Dacologie, Bucure\u015fti, hotel Intercontinental, domnul profesor doctor \u00een istorie Augustin Deac ne vorbea despre &#8222;Codex Rohonczy&#8221;, o cronic\u0103 daco-rom\u00e2neasc\u0103, \u00eensum\u00e2nd 448 pagini, scris\u0103 \u00een limba rom\u00e2n\u0103 arhaic\u0103, &#8222;latina vulgar\u0103&#8221;, cu alfabet geto-dac! Pe fiecare pagin\u0103 se aflau scrise circa 9-14 r\u00e2nduri. \u00cen text sunt intercalate 86 de miniaturi executate cu pana, care prezint\u0103 diferite scene laice \u015fi religioase. Direc\u0163ia scrierii este de la dreapta la st\u00e2nga \u015fi textul se cite\u015fte de jos \u00een sus. Descoperim c\u0103 \u00een bisericile vechi, daco-rom\u00e2ne\u015fti, cultul ortodox se exercita \u00een limba &#8222;latin\u0103 vulgar\u0103&#8221;, chiar p\u00e2n\u0103 \u00een secolele XII-XIII, c\u00e2nd s-a trecut la oficierea cultului \u00een limbile greac\u0103 \u015fi slavon\u0103. Codexul cuprinde mai multe texte, ca &#8222;Jur\u0103m\u00e2ntul tinerilor vlahi&#8221;, diferite discursuri rostite \u00een fata osta\u015filor vlahi \u00eenaintea luptelor cu migratorii pecenegi, cumani, unguri, o cronic\u0103 privind via\u0163a voievodului Vlad, care a condus Vlahia \u00eentre anii 1046-1091, imnul victoriei vlahilor, condu\u015fi de Vlad asupra pecenegilor, \u00eenso\u0163it de note muzicale etc. Atunci se mir\u0103 \u015fi se \u00eentreab\u0103, pe bun\u0103 dreptate, domnul profesor doctor \u00een istorie Augustin Deac: &#8222;De ce institutele de specialitate ale Academiei Rom\u00e2ne au r\u0103mas pasive la descoperirea \u015fi descifrarea acestui document istoric, scris \u00een limba dacorom\u00e2n\u0103, latina dun\u0103rean\u0103, \u00eentr-un alfabet geto-dacic existent de milenii, cu mult \u00eenaintea celui latin al romanilor?&#8221;<\/h4>\r\n<h4 style=\"text-align: justify;\">Dar, dup\u0103 orientarea ideologic\u0103 ce o au, cei sus aminti\u0163i ar fi preferat ca acest diamant s\u0103 nu se fi descoperit. Academia Rom\u00e2n\u0103 ar fi trebuit s\u0103 organizeze o mare sesiune \u015ftiin\u0163ific\u0103 cu caracter nu numai na\u0163ional, c\u00e2t mai ales interna\u0163ional. Dar \u015fi ei, la fel ca \u015fi &#8222;rom\u00e2nii adev\u0103ra\u0163i&#8221;, vajnici urma\u015fi ai lui Traian, vor s\u0103 arate omenirii ce \u00eenseamn\u0103 s\u0103 fii umil \u015fi s\u0103-\u0163i dispre\u0163uie\u015fti str\u0103mo\u015fii, trecutul \u015fi neamul&#8230;<\/h4>\r\n<h4 style=\"text-align: justify;\">Faptul c\u0103 NOI, Rom\u00e2nii, suntem str\u0103mo\u015fii tuturor popoarelor latine \u015fi nicidecum o rud\u0103 marginal\u0103 a latinit\u0103\u0163ii, ar trebui s\u0103 ne fac\u0103 s\u0103 ne m\u00e2ndrim \u015fi nicidecum s\u0103 c\u0103utam contra argumente, precum cei lipsi\u0163i de \u00een\u0163elepciune care \u00ee\u015fi taie cu s\u00e2rg craca de sub picioare&#8230;<\/h4>\r\n<h4 style=\"text-align: justify;\"><em><strong>Autor: Teofil Pop\r\nPublicat la: 22.09.2009 <\/strong>Acest articol este extras dintrun text ce apar\u0163ine Dr. Napoleon S\u0103vescu, Fondator &amp; Pre\u015fedinte al &#8222;Dacia Revival International Society&#8221; of New York.\r\n<strong>Sursa: <a href=\"http:\/\/www.roaim.com\/?a=articles&amp;p=336\" target=\"_blank\" rel=\"noopener\">http:\/\/www.roaim.com\/<\/a><\/strong><\/em><\/h4>        <div class=\"booster-block booster-reactions-block\">\n            <div class=\"twp-reactions-icons\">\n                \n                <div class=\"twp-reacts-wrap\">\n                    <a react-data=\"be-react-1\" post-id=\"3558\" class=\"be-face-icons un-reacted\" href=\"javascript:void(0)\">\n                        <img decoding=\"async\" src=\"https:\/\/desteptati-va.ro\/wp-content\/plugins\/booster-extension\/\/assets\/icon\/happy.svg\" alt=\"Happy\">\n                    <\/a>\n                    <div class=\"twp-reaction-title\">\n                        Happy                    <\/div>\n                    <div class=\"twp-count-percent\">\n                                                    <span style=\"display: none;\" class=\"twp-react-count\">0<\/span>\n                        \n                                                <span class=\"twp-react-percent\"><span>0<\/span> %<\/span>\n                                            <\/div>\n                <\/div>\n\n                <div class=\"twp-reacts-wrap\">\n                    <a react-data=\"be-react-2\" post-id=\"3558\" class=\"be-face-icons un-reacted\" href=\"javascript:void(0)\">\n                        <img decoding=\"async\" src=\"https:\/\/desteptati-va.ro\/wp-content\/plugins\/booster-extension\/\/assets\/icon\/sad.svg\" alt=\"Sad\">\n                    <\/a>\n                    <div class=\"twp-reaction-title\">\n                        Sad                    <\/div>\n                    <div class=\"twp-count-percent\">\n                                                    <span style=\"display: none;\" class=\"twp-react-count\">0<\/span>\n                                                                        <span class=\"twp-react-percent\"><span>0<\/span> %<\/span>\n                                            <\/div>\n                <\/div>\n\n                <div class=\"twp-reacts-wrap\">\n                    <a react-data=\"be-react-3\" post-id=\"3558\" class=\"be-face-icons un-reacted\" href=\"javascript:void(0)\">\n                        <img decoding=\"async\" src=\"https:\/\/desteptati-va.ro\/wp-content\/plugins\/booster-extension\/\/assets\/icon\/excited.svg\" alt=\"Excited\">\n                    <\/a>\n                    <div class=\"twp-reaction-title\">\n                        Excited                    <\/div>\n                    <div class=\"twp-count-percent\">\n                                                    <span style=\"display: none;\" class=\"twp-react-count\">0<\/span>\n                                                                        <span class=\"twp-react-percent\"><span>0<\/span> %<\/span>\n                                            <\/div>\n                <\/div>\n\n                <div class=\"twp-reacts-wrap\">\n                    <a react-data=\"be-react-6\" post-id=\"3558\" class=\"be-face-icons un-reacted\" href=\"javascript:void(0)\">\n                        <img decoding=\"async\" src=\"https:\/\/desteptati-va.ro\/wp-content\/plugins\/booster-extension\/\/assets\/icon\/sleepy.svg\" alt=\"Sleepy\">\n                    <\/a>\n                    <div class=\"twp-reaction-title\">\n                        Sleepy                    <\/div>\n                    <div class=\"twp-count-percent\">\n                                                    <span style=\"display: none;\" class=\"twp-react-count\">0<\/span>\n                        \n                                                <span class=\"twp-react-percent\"><span>0<\/span> %<\/span>\n                                            <\/div>\n                <\/div>\n\n                <div class=\"twp-reacts-wrap\">\n                    <a react-data=\"be-react-4\" post-id=\"3558\" class=\"be-face-icons un-reacted\" href=\"javascript:void(0)\">\n                        <img decoding=\"async\" src=\"https:\/\/desteptati-va.ro\/wp-content\/plugins\/booster-extension\/\/assets\/icon\/angry.svg\" alt=\"Angry\">\n                    <\/a>\n                    <div class=\"twp-reaction-title\">Angry<\/div>\n                    <div class=\"twp-count-percent\">\n                                                    <span style=\"display: none;\" class=\"twp-react-count\">0<\/span>\n                                                                        <span class=\"twp-react-percent\"><span>0<\/span> %<\/span>\n                        \n                    <\/div>\n                <\/div>\n\n                <div class=\"twp-reacts-wrap\">\n                    <a react-data=\"be-react-5\" post-id=\"3558\" class=\"be-face-icons un-reacted\" href=\"javascript:void(0)\">\n                        <img decoding=\"async\" src=\"https:\/\/desteptati-va.ro\/wp-content\/plugins\/booster-extension\/\/assets\/icon\/surprise.svg\" alt=\"Surprise\">\n                    <\/a>\n                    <div class=\"twp-reaction-title\">Surprise<\/div>\n                    <div class=\"twp-count-percent\">\n                                                    <span style=\"display: none;\" class=\"twp-react-count\">0<\/span>\n                                                                        <span class=\"twp-react-percent\"><span>0<\/span> %<\/span>\n                                            <\/div>\n                <\/div>\n\n            <\/div>\n        <\/div>\n\n    <\/div>","protected":false},"excerpt":{"rendered":"<p>M-am \u00eentrebat de multe ori care este motorul schimb\u0103rilor pozitive \u00eentr-o societate \u015fi trebuie s\u0103 recunosc c\u0103 de cele mai<a href=\"https:\/\/desteptati-va.ro\/index.php\/2021\/04\/15\/o-istorie-a-romanilor-un-pic-diferita-de-ce-ni-s-a-predat\/\">Read More<i class=\"fa fa-long-arrow-right\" aria-hidden=\"true\"><\/i><\/a><\/p>\n","protected":false},"author":1,"featured_media":401,"comment_status":"open","ping_status":"open","sticky":false,"template":"","format":"standard","meta":{"_crdt_document":"","footnotes":""},"categories":[31,28],"tags":[382,383,384,385,386,191,59,60,197,387,154,388,389,390,391,392,393,363,394,351,395,396,397,210,398],"class_list":["post-3558","post","type-post","status-publish","format-standard","has-post-thumbnail","hentry","category-cucerirea-daciei","category-secvente-istorice","tag-carpato-dunarean","tag-columna","tag-dac","tag-daci","tag-dacic","tag-decebal","tag-desteptati","tag-desteptati-va","tag-herodot","tag-imperiu","tag-istorie","tag-latina","tag-latini","tag-limba","tag-originea","tag-origini","tag-pontic","tag-popor","tag-poporului","tag-roman","tag-romani","tag-spatiu","tag-teritoriu","tag-traian","tag-vlahi"],"rise-blocks_total_comments":0,"rise-blocks_categories":[{"term_id":31,"name":"Cucerirea Daciei","slug":"cucerirea-daciei","term_group":0,"term_taxonomy_id":31,"taxonomy":"category","description":"","parent":28,"count":5,"filter":"raw"}],"rise-blocks_excerpt":"M-am \u00eentrebat de multe ori care este motorul schimb\u0103rilor pozitive \u00eentr-o societate \u015fi trebuie s\u0103 recunosc c\u0103 de cele mai multe ori sunt tinerii, care refuz\u0103 s\u0103 accepte un adev\u0103r relativ, mincinos, contestabil. Ei sunt cei ce nu sunt lega\u0163i de interese politice ori religioase de moment, ei sunt cei care caut\u0103 un adev\u0103r absolut&#8230; Deci pe ei \u00eei \u00eendemn..","yoast_head":"<!-- This site is optimized with the Yoast SEO plugin v26.9 - https:\/\/yoast.com\/product\/yoast-seo-wordpress\/ -->\r\n<title>O istorie a romanilor un pic diferit\u0103 de ce ni s-a predat... -<\/title>\r\n<meta name=\"robots\" content=\"index, follow, max-snippet:-1, max-image-preview:large, max-video-preview:-1\" \/>\r\n<link rel=\"canonical\" href=\"https:\/\/desteptati-va.ro\/index.php\/2021\/04\/15\/o-istorie-a-romanilor-un-pic-diferita-de-ce-ni-s-a-predat\/\" \/>\r\n<meta property=\"og:locale\" content=\"ro_RO\" \/>\r\n<meta property=\"og:type\" content=\"article\" \/>\r\n<meta property=\"og:title\" content=\"O istorie a romanilor un pic diferit\u0103 de ce ni s-a predat... -\" \/>\r\n<meta property=\"og:description\" content=\"M-am \u00eentrebat de multe ori care este motorul schimb\u0103rilor pozitive \u00eentr-o societate \u015fi trebuie s\u0103 recunosc c\u0103 de cele maiRead More\" \/>\r\n<meta property=\"og:url\" content=\"https:\/\/desteptati-va.ro\/index.php\/2021\/04\/15\/o-istorie-a-romanilor-un-pic-diferita-de-ce-ni-s-a-predat\/\" \/>\r\n<meta property=\"article:published_time\" content=\"2021-04-15T09:47:04+00:00\" \/>\r\n<meta property=\"article:modified_time\" content=\"2022-01-11T23:34:15+00:00\" \/>\r\n<meta property=\"og:image\" content=\"https:\/\/desteptati-va.ro\/wp-content\/uploads\/2021\/04\/129686011802.jpg\" \/>\r\n\t<meta property=\"og:image:width\" content=\"800\" \/>\r\n\t<meta property=\"og:image:height\" content=\"600\" \/>\r\n\t<meta property=\"og:image:type\" content=\"image\/jpeg\" \/>\r\n<meta name=\"author\" content=\"wolfsoftcompany\" \/>\r\n<meta name=\"twitter:card\" content=\"summary_large_image\" \/>\r\n<meta name=\"twitter:label1\" content=\"Scris de\" \/>\n\t<meta name=\"twitter:data1\" content=\"wolfsoftcompany\" \/>\n\t<meta name=\"twitter:label2\" content=\"Timp estimat pentru citire\" \/>\n\t<meta name=\"twitter:data2\" content=\"10 minute\" \/>\r\n<script type=\"application\/ld+json\" class=\"yoast-schema-graph\">{\"@context\":\"https:\/\/schema.org\",\"@graph\":[{\"@type\":\"Article\",\"@id\":\"https:\/\/desteptati-va.ro\/index.php\/2021\/04\/15\/o-istorie-a-romanilor-un-pic-diferita-de-ce-ni-s-a-predat\/#article\",\"isPartOf\":{\"@id\":\"https:\/\/desteptati-va.ro\/index.php\/2021\/04\/15\/o-istorie-a-romanilor-un-pic-diferita-de-ce-ni-s-a-predat\/\"},\"author\":{\"name\":\"wolfsoftcompany\",\"@id\":\"https:\/\/desteptati-va.ro\/#\/schema\/person\/13182deeebd44920914899f7bb262d6b\"},\"headline\":\"O istorie a romanilor un pic diferit\u0103 de ce ni s-a predat&#8230;\",\"datePublished\":\"2021-04-15T09:47:04+00:00\",\"dateModified\":\"2022-01-11T23:34:15+00:00\",\"mainEntityOfPage\":{\"@id\":\"https:\/\/desteptati-va.ro\/index.php\/2021\/04\/15\/o-istorie-a-romanilor-un-pic-diferita-de-ce-ni-s-a-predat\/\"},\"wordCount\":1939,\"commentCount\":0,\"image\":{\"@id\":\"https:\/\/desteptati-va.ro\/index.php\/2021\/04\/15\/o-istorie-a-romanilor-un-pic-diferita-de-ce-ni-s-a-predat\/#primaryimage\"},\"thumbnailUrl\":\"https:\/\/desteptati-va.ro\/wp-content\/uploads\/2021\/04\/129686011802.jpg\",\"keywords\":[\"carpato-dunarean\",\"Columna\",\"dac\",\"daci\",\"dacic\",\"Decebal\",\"desteptati\",\"desteptati-va\",\"Herodot\",\"imperiu\",\"istorie\",\"latina\",\"latini\",\"limba\",\"originea\",\"origini\",\"pontic\",\"popor\",\"poporului\",\"Roman\",\"romani\",\"spatiu\",\"teritoriu\",\"Traian\",\"vlahi\"],\"articleSection\":[\"Cucerirea Daciei\",\"Secvente Istorice\"],\"inLanguage\":\"ro-RO\",\"potentialAction\":[{\"@type\":\"CommentAction\",\"name\":\"Comment\",\"target\":[\"https:\/\/desteptati-va.ro\/index.php\/2021\/04\/15\/o-istorie-a-romanilor-un-pic-diferita-de-ce-ni-s-a-predat\/#respond\"]}]},{\"@type\":\"WebPage\",\"@id\":\"https:\/\/desteptati-va.ro\/index.php\/2021\/04\/15\/o-istorie-a-romanilor-un-pic-diferita-de-ce-ni-s-a-predat\/\",\"url\":\"https:\/\/desteptati-va.ro\/index.php\/2021\/04\/15\/o-istorie-a-romanilor-un-pic-diferita-de-ce-ni-s-a-predat\/\",\"name\":\"O istorie a romanilor un pic diferit\u0103 de ce ni s-a predat... -\",\"isPartOf\":{\"@id\":\"https:\/\/desteptati-va.ro\/#website\"},\"primaryImageOfPage\":{\"@id\":\"https:\/\/desteptati-va.ro\/index.php\/2021\/04\/15\/o-istorie-a-romanilor-un-pic-diferita-de-ce-ni-s-a-predat\/#primaryimage\"},\"image\":{\"@id\":\"https:\/\/desteptati-va.ro\/index.php\/2021\/04\/15\/o-istorie-a-romanilor-un-pic-diferita-de-ce-ni-s-a-predat\/#primaryimage\"},\"thumbnailUrl\":\"https:\/\/desteptati-va.ro\/wp-content\/uploads\/2021\/04\/129686011802.jpg\",\"datePublished\":\"2021-04-15T09:47:04+00:00\",\"dateModified\":\"2022-01-11T23:34:15+00:00\",\"author\":{\"@id\":\"https:\/\/desteptati-va.ro\/#\/schema\/person\/13182deeebd44920914899f7bb262d6b\"},\"breadcrumb\":{\"@id\":\"https:\/\/desteptati-va.ro\/index.php\/2021\/04\/15\/o-istorie-a-romanilor-un-pic-diferita-de-ce-ni-s-a-predat\/#breadcrumb\"},\"inLanguage\":\"ro-RO\",\"potentialAction\":[{\"@type\":\"ReadAction\",\"target\":[\"https:\/\/desteptati-va.ro\/index.php\/2021\/04\/15\/o-istorie-a-romanilor-un-pic-diferita-de-ce-ni-s-a-predat\/\"]}]},{\"@type\":\"ImageObject\",\"inLanguage\":\"ro-RO\",\"@id\":\"https:\/\/desteptati-va.ro\/index.php\/2021\/04\/15\/o-istorie-a-romanilor-un-pic-diferita-de-ce-ni-s-a-predat\/#primaryimage\",\"url\":\"https:\/\/desteptati-va.ro\/wp-content\/uploads\/2021\/04\/129686011802.jpg\",\"contentUrl\":\"https:\/\/desteptati-va.ro\/wp-content\/uploads\/2021\/04\/129686011802.jpg\",\"width\":800,\"height\":600,\"caption\":\"Rest Romania Original Photography\"},{\"@type\":\"BreadcrumbList\",\"@id\":\"https:\/\/desteptati-va.ro\/index.php\/2021\/04\/15\/o-istorie-a-romanilor-un-pic-diferita-de-ce-ni-s-a-predat\/#breadcrumb\",\"itemListElement\":[{\"@type\":\"ListItem\",\"position\":1,\"name\":\"Prima pagin\u0103\",\"item\":\"https:\/\/desteptati-va.ro\/\"},{\"@type\":\"ListItem\",\"position\":2,\"name\":\"O istorie a romanilor un pic diferit\u0103 de ce ni s-a predat&#8230;\"}]},{\"@type\":\"WebSite\",\"@id\":\"https:\/\/desteptati-va.ro\/#website\",\"url\":\"https:\/\/desteptati-va.ro\/\",\"name\":\"\",\"description\":\"\",\"potentialAction\":[{\"@type\":\"SearchAction\",\"target\":{\"@type\":\"EntryPoint\",\"urlTemplate\":\"https:\/\/desteptati-va.ro\/?s={search_term_string}\"},\"query-input\":{\"@type\":\"PropertyValueSpecification\",\"valueRequired\":true,\"valueName\":\"search_term_string\"}}],\"inLanguage\":\"ro-RO\"},{\"@type\":\"Person\",\"@id\":\"https:\/\/desteptati-va.ro\/#\/schema\/person\/13182deeebd44920914899f7bb262d6b\",\"name\":\"wolfsoftcompany\",\"image\":{\"@type\":\"ImageObject\",\"inLanguage\":\"ro-RO\",\"@id\":\"https:\/\/desteptati-va.ro\/#\/schema\/person\/image\/\",\"url\":\"https:\/\/secure.gravatar.com\/avatar\/a6cce9b6d101d27d91690e7073e300fed94c0899890bf998e082cb9d2c3d121e?s=96&d=mm&r=g\",\"contentUrl\":\"https:\/\/secure.gravatar.com\/avatar\/a6cce9b6d101d27d91690e7073e300fed94c0899890bf998e082cb9d2c3d121e?s=96&d=mm&r=g\",\"caption\":\"wolfsoftcompany\"},\"sameAs\":[\"http:\/\/desteptati-va.ro\"],\"url\":\"https:\/\/desteptati-va.ro\/index.php\/author\/wolfsoftcompany\/\"}]}<\/script>\r\n<!-- \/ Yoast SEO plugin. -->","yoast_head_json":{"title":"O istorie a romanilor un pic diferit\u0103 de ce ni s-a predat... -","robots":{"index":"index","follow":"follow","max-snippet":"max-snippet:-1","max-image-preview":"max-image-preview:large","max-video-preview":"max-video-preview:-1"},"canonical":"https:\/\/desteptati-va.ro\/index.php\/2021\/04\/15\/o-istorie-a-romanilor-un-pic-diferita-de-ce-ni-s-a-predat\/","og_locale":"ro_RO","og_type":"article","og_title":"O istorie a romanilor un pic diferit\u0103 de ce ni s-a predat... -","og_description":"M-am \u00eentrebat de multe ori care este motorul schimb\u0103rilor pozitive \u00eentr-o societate \u015fi trebuie s\u0103 recunosc c\u0103 de cele maiRead More","og_url":"https:\/\/desteptati-va.ro\/index.php\/2021\/04\/15\/o-istorie-a-romanilor-un-pic-diferita-de-ce-ni-s-a-predat\/","article_published_time":"2021-04-15T09:47:04+00:00","article_modified_time":"2022-01-11T23:34:15+00:00","og_image":[{"width":800,"height":600,"url":"https:\/\/desteptati-va.ro\/wp-content\/uploads\/2021\/04\/129686011802.jpg","type":"image\/jpeg"}],"author":"wolfsoftcompany","twitter_card":"summary_large_image","twitter_misc":{"Scris de":"wolfsoftcompany","Timp estimat pentru citire":"10 minute"},"schema":{"@context":"https:\/\/schema.org","@graph":[{"@type":"Article","@id":"https:\/\/desteptati-va.ro\/index.php\/2021\/04\/15\/o-istorie-a-romanilor-un-pic-diferita-de-ce-ni-s-a-predat\/#article","isPartOf":{"@id":"https:\/\/desteptati-va.ro\/index.php\/2021\/04\/15\/o-istorie-a-romanilor-un-pic-diferita-de-ce-ni-s-a-predat\/"},"author":{"name":"wolfsoftcompany","@id":"https:\/\/desteptati-va.ro\/#\/schema\/person\/13182deeebd44920914899f7bb262d6b"},"headline":"O istorie a romanilor un pic diferit\u0103 de ce ni s-a predat&#8230;","datePublished":"2021-04-15T09:47:04+00:00","dateModified":"2022-01-11T23:34:15+00:00","mainEntityOfPage":{"@id":"https:\/\/desteptati-va.ro\/index.php\/2021\/04\/15\/o-istorie-a-romanilor-un-pic-diferita-de-ce-ni-s-a-predat\/"},"wordCount":1939,"commentCount":0,"image":{"@id":"https:\/\/desteptati-va.ro\/index.php\/2021\/04\/15\/o-istorie-a-romanilor-un-pic-diferita-de-ce-ni-s-a-predat\/#primaryimage"},"thumbnailUrl":"https:\/\/desteptati-va.ro\/wp-content\/uploads\/2021\/04\/129686011802.jpg","keywords":["carpato-dunarean","Columna","dac","daci","dacic","Decebal","desteptati","desteptati-va","Herodot","imperiu","istorie","latina","latini","limba","originea","origini","pontic","popor","poporului","Roman","romani","spatiu","teritoriu","Traian","vlahi"],"articleSection":["Cucerirea Daciei","Secvente Istorice"],"inLanguage":"ro-RO","potentialAction":[{"@type":"CommentAction","name":"Comment","target":["https:\/\/desteptati-va.ro\/index.php\/2021\/04\/15\/o-istorie-a-romanilor-un-pic-diferita-de-ce-ni-s-a-predat\/#respond"]}]},{"@type":"WebPage","@id":"https:\/\/desteptati-va.ro\/index.php\/2021\/04\/15\/o-istorie-a-romanilor-un-pic-diferita-de-ce-ni-s-a-predat\/","url":"https:\/\/desteptati-va.ro\/index.php\/2021\/04\/15\/o-istorie-a-romanilor-un-pic-diferita-de-ce-ni-s-a-predat\/","name":"O istorie a romanilor un pic diferit\u0103 de ce ni s-a predat... -","isPartOf":{"@id":"https:\/\/desteptati-va.ro\/#website"},"primaryImageOfPage":{"@id":"https:\/\/desteptati-va.ro\/index.php\/2021\/04\/15\/o-istorie-a-romanilor-un-pic-diferita-de-ce-ni-s-a-predat\/#primaryimage"},"image":{"@id":"https:\/\/desteptati-va.ro\/index.php\/2021\/04\/15\/o-istorie-a-romanilor-un-pic-diferita-de-ce-ni-s-a-predat\/#primaryimage"},"thumbnailUrl":"https:\/\/desteptati-va.ro\/wp-content\/uploads\/2021\/04\/129686011802.jpg","datePublished":"2021-04-15T09:47:04+00:00","dateModified":"2022-01-11T23:34:15+00:00","author":{"@id":"https:\/\/desteptati-va.ro\/#\/schema\/person\/13182deeebd44920914899f7bb262d6b"},"breadcrumb":{"@id":"https:\/\/desteptati-va.ro\/index.php\/2021\/04\/15\/o-istorie-a-romanilor-un-pic-diferita-de-ce-ni-s-a-predat\/#breadcrumb"},"inLanguage":"ro-RO","potentialAction":[{"@type":"ReadAction","target":["https:\/\/desteptati-va.ro\/index.php\/2021\/04\/15\/o-istorie-a-romanilor-un-pic-diferita-de-ce-ni-s-a-predat\/"]}]},{"@type":"ImageObject","inLanguage":"ro-RO","@id":"https:\/\/desteptati-va.ro\/index.php\/2021\/04\/15\/o-istorie-a-romanilor-un-pic-diferita-de-ce-ni-s-a-predat\/#primaryimage","url":"https:\/\/desteptati-va.ro\/wp-content\/uploads\/2021\/04\/129686011802.jpg","contentUrl":"https:\/\/desteptati-va.ro\/wp-content\/uploads\/2021\/04\/129686011802.jpg","width":800,"height":600,"caption":"Rest Romania Original Photography"},{"@type":"BreadcrumbList","@id":"https:\/\/desteptati-va.ro\/index.php\/2021\/04\/15\/o-istorie-a-romanilor-un-pic-diferita-de-ce-ni-s-a-predat\/#breadcrumb","itemListElement":[{"@type":"ListItem","position":1,"name":"Prima pagin\u0103","item":"https:\/\/desteptati-va.ro\/"},{"@type":"ListItem","position":2,"name":"O istorie a romanilor un pic diferit\u0103 de ce ni s-a predat&#8230;"}]},{"@type":"WebSite","@id":"https:\/\/desteptati-va.ro\/#website","url":"https:\/\/desteptati-va.ro\/","name":"","description":"","potentialAction":[{"@type":"SearchAction","target":{"@type":"EntryPoint","urlTemplate":"https:\/\/desteptati-va.ro\/?s={search_term_string}"},"query-input":{"@type":"PropertyValueSpecification","valueRequired":true,"valueName":"search_term_string"}}],"inLanguage":"ro-RO"},{"@type":"Person","@id":"https:\/\/desteptati-va.ro\/#\/schema\/person\/13182deeebd44920914899f7bb262d6b","name":"wolfsoftcompany","image":{"@type":"ImageObject","inLanguage":"ro-RO","@id":"https:\/\/desteptati-va.ro\/#\/schema\/person\/image\/","url":"https:\/\/secure.gravatar.com\/avatar\/a6cce9b6d101d27d91690e7073e300fed94c0899890bf998e082cb9d2c3d121e?s=96&d=mm&r=g","contentUrl":"https:\/\/secure.gravatar.com\/avatar\/a6cce9b6d101d27d91690e7073e300fed94c0899890bf998e082cb9d2c3d121e?s=96&d=mm&r=g","caption":"wolfsoftcompany"},"sameAs":["http:\/\/desteptati-va.ro"],"url":"https:\/\/desteptati-va.ro\/index.php\/author\/wolfsoftcompany\/"}]}},"_links":{"self":[{"href":"https:\/\/desteptati-va.ro\/index.php\/wp-json\/wp\/v2\/posts\/3558","targetHints":{"allow":["GET"]}}],"collection":[{"href":"https:\/\/desteptati-va.ro\/index.php\/wp-json\/wp\/v2\/posts"}],"about":[{"href":"https:\/\/desteptati-va.ro\/index.php\/wp-json\/wp\/v2\/types\/post"}],"author":[{"embeddable":true,"href":"https:\/\/desteptati-va.ro\/index.php\/wp-json\/wp\/v2\/users\/1"}],"replies":[{"embeddable":true,"href":"https:\/\/desteptati-va.ro\/index.php\/wp-json\/wp\/v2\/comments?post=3558"}],"version-history":[{"count":1,"href":"https:\/\/desteptati-va.ro\/index.php\/wp-json\/wp\/v2\/posts\/3558\/revisions"}],"predecessor-version":[{"id":3560,"href":"https:\/\/desteptati-va.ro\/index.php\/wp-json\/wp\/v2\/posts\/3558\/revisions\/3560"}],"wp:featuredmedia":[{"embeddable":true,"href":"https:\/\/desteptati-va.ro\/index.php\/wp-json\/wp\/v2\/media\/401"}],"wp:attachment":[{"href":"https:\/\/desteptati-va.ro\/index.php\/wp-json\/wp\/v2\/media?parent=3558"}],"wp:term":[{"taxonomy":"category","embeddable":true,"href":"https:\/\/desteptati-va.ro\/index.php\/wp-json\/wp\/v2\/categories?post=3558"},{"taxonomy":"post_tag","embeddable":true,"href":"https:\/\/desteptati-va.ro\/index.php\/wp-json\/wp\/v2\/tags?post=3558"}],"curies":[{"name":"wp","href":"https:\/\/api.w.org\/{rel}","templated":true}]}}