{"id":3565,"date":"2021-04-15T09:57:18","date_gmt":"2021-04-15T09:57:18","guid":{"rendered":"http:\/\/desteptati.ro\/?p=3565"},"modified":"2021-04-15T09:57:18","modified_gmt":"2021-04-15T09:57:18","slug":"durerile-de-cap-ale-sua-provocate-la-teheran","status":"publish","type":"post","link":"https:\/\/desteptati-va.ro\/index.php\/2021\/04\/15\/durerile-de-cap-ale-sua-provocate-la-teheran\/","title":{"rendered":"Durerile de cap ale SUA provocate la Teheran"},"content":{"rendered":"<div class=\"post-content\"><div class='booster-block booster-read-block'>\n                <div class=\"twp-read-time\">\n                \t<i class=\"booster-icon twp-clock\"><\/i> <span>Read Time:<\/span>6 Minute, 17 Second                <\/div>\n\n            <\/div><h4 style=\"text-align: justify;\">\u00cen contextul crizei economice interna\u0163ionale SUA au pierdut pozi\u0163ia de hegemon global pe care o avea odinioar\u0103. Unicul domeniu \u00een care pozi\u0163ia de lider global al SUA p\u0103rea relativ asigurat\u0103 era domeniul for\u0163ei militare. \u00cen mod indubitabil, armata american\u0103 este cea mai bine dotat\u0103 \u015fi cea mai bine finan\u0163at\u0103 din lume \u00eens\u0103 o serie de evenimente recente arat\u0103 c\u0103 \u00eentr-o lume globalizat\u0103 \u015fi complex\u0103, avantajele oferite de finan\u0163area nelimitat\u0103 \u015fi sofisticarea tehnologic\u0103 pot disp\u0103rea foarte rapid.<\/h4>\r\n<h4 style=\"text-align: justify;\">Incidentul recent \u00een cadrul c\u0103ruia Iranul a reu\u015fit s\u0103 captureze un avion american militar este mult mai important dec\u00e2t pare la prima vedere. Avionul american capturat de armata iranian\u0103 este o &#8222;dron\u0103&#8221;, adic\u0103 avion f\u0103r\u0103 pilot, de dimensiuni mici, folosit pentru misiuni de cercetare. Teoretic, asemenea avioane sunt dificil de interceptat din cauza dimensiunilor mici \u015fi a tehnologiei avansate de &#8222;camuflare&#8221; \u00eempotriva detect\u0103rii. \u00cen ultimii ani, dronele au devenit principalul instrument operativ al armatei americane \u015fi sunt folosite nu doar pentru misiuni de recunoa\u015ftere, ci \u015fi pentru misiuni de lupt\u0103, fiind utilizate \u00een calitate de bombardiere.<\/h4>\r\n<h4 style=\"text-align: justify;\">Primele relat\u0103ri despre interceptarea dronei americane de c\u0103tre armata iranian\u0103 au fost tratate cu scepticism de presa american\u0103, iar mai multe &#8222;surse&#8221; din cadrul armatei americane au speculat c\u0103 nu a fost vorba de o intercep\u0163ie, ci de o avarie provocat\u0103 de defec\u0163iuni tehnice. La c\u00e2teva zile dup\u0103 primele declara\u0163ii despre interceptarea dronei, autorit\u0103\u0163ile iraniene au prezentat imaginile care au \u015focat speciali\u015ftii \u00een domeniul militar. Drona (RQ 140 Sentinel) capturat\u0103 de iranieni este absolut intact\u0103 \u015fi nu are urme de coliziune cu solul. Pentru aceast\u0103 situa\u0163ie exist\u0103 o singur\u0103 explica\u0163ie plauzibil\u0103: armata iranian\u0103 a reu\u015fit s\u0103 preia controlul dronei \u015fi s\u0103 o aterizeze pe o pist\u0103 din Iran . Consecin\u0163ele acestui fenomenal succes al iranienilor sunt c\u00e2t se poate de serioase. Penetrarea sistemului de comunicare \u015fi preluarea sistemului de control al dronei sunt posibile numai \u00een condi\u0163iile \u00een care sistemul general de coordonare \u015fi control al sistemelor automatizate din cadrul for\u0163elor armate ale SUA a fost penetrat, iar sistemele de siguran\u0163\u0103 \u015fi criptare au fost sparte. Mai mult dec\u00e2t at\u00e2t, dat fiind faptul c\u0103 o bun\u0103 parte din aparatura care asigur\u0103 comunicarea \u015fi coordonarea sistemelor computerizate din cadrul for\u0163elor armate americane se afl\u0103 pe sateli\u0163i, \u00eenlocuirea sau reprogramarea acestor sisteme reprezint\u0103 o dificultate tehnico-logistic\u0103 aproape insurmontabil\u0103. \u00cen condi\u0163iile \u00een care armata american\u0103 se bazeaz\u0103 pe sisteme IT \u015fi coordonare prin satelit \u00een toate activit\u0103\u0163ile, iar toate avioanele, tancurile, rachetele \u015fi navele sunt absolut nefunc\u0163ionale f\u0103r\u0103 func\u0163ionarea sistemelor automatizate, se poate spune c\u0103 for\u0163a armat\u0103 american\u0103 poate fi &#8222;scoas\u0103 din priz\u0103&#8221; de cei care au penetrat sistemele de comunicare \u015fi comand\u0103.<\/h4>\r\n<h4 style=\"text-align: justify;\">Autorit\u0103\u0163ile americane neag\u0103 aceast\u0103 posibilitate, \u00eens\u0103 colegii lor israelieni nu se obosesc s\u0103 se ascund\u0103 dup\u0103 deget \u015fi recunosc seriozitatea situa\u0163iei. Publica\u0163ia israelian\u0103 Debka Files, cunoscut\u0103 \u00een cercuri restr\u00e2nse de speciali\u015fti drept Vocea Mosadului, a f\u0103cut publice o serie de materiale analitice care descriu noua conjunctur\u0103:<\/h4>\r\n<h4 style=\"text-align: justify;\">Interceptarea controlului dronei f\u0103r\u0103 penetrarea \u00eentregului sistem de coordonare a sistemelor automatizate este imposibil\u0103. \u00cen condi\u0163iile \u00een care drona a fost interceptat\u0103 \u00een cadrul primului s\u0103u zbor deasupra Iranului este foarte probabil c\u0103 cei care au organizat interceptarea aveau informa\u0163ii exacte despre data, ora \u015fi itinerarul dronei, iar aceast\u0103 probabilitate indic\u0103 faptul c\u0103 opera\u0163iunea de interceptare a dronei a fost probabil executat\u0103 \u00een colaborare cu o for\u0163\u0103 avansat\u0103 din punct de vedere tehnologic (Rusia sau China) \u015fi opera\u0163iunea a beneficiat de colaborarea \u015fi cooperarea intensiv\u0103 din partea unor persoane aflate la un nivel foarte \u00eenalt \u00een cadrul armatei sau serviciilor secrete americane.<\/h4>\r\n<h4 style=\"text-align: justify;\">\u00cen termeni simpli, situa\u0163ia arat\u0103 \u00een felul urm\u0103tor: din acest moment niciun avion, nicio nav\u0103 \u015fi nicio rachet\u0103 american\u0103 nu este \u00een siguran\u0163\u0103 \u015fi poate fi dezactivat\u0103 sau utilizat\u0103 \u00eempotriva \u0163intelor americane sau aliate. Americanii con\u015ftientizeaz\u0103 seriozitatea problemei, fapt demonstrat de reac\u0163iile americane la ultimele ac\u0163iuni iraniene \u00een zona Golfului Persic. Pe 12 decembrie, la o s\u0103pt\u0103m\u00e2n\u0103 dup\u0103 interceptarea dronei, Iranul a declarat c\u0103 va bloca str\u00e2mtoarea Hurmuz pentru a organiza manevre militare. Prin aceast\u0103 str\u00e2mtoare trece 40% din petrolul transportat la nivel global \u015fi SUA au declarat \u00een repetate r\u00e2nduri c\u0103 orice \u00eencercare de a bloca aceast\u0103 arter\u0103 maritim\u0103 este absolut inadmisibil\u0103 \u015fi va fi sanc\u0163ionat\u0103 dur, inclusiv prin utilizarea for\u0163ei armate. Dup\u0103 ce Iranul \u015fi-a declarat inten\u0163ia de a bloca str\u00e2mtoarea Hurmuz, reac\u0163ia american\u0103 a fost aproape inexistent\u0103, fiind limitat\u0103 la ni\u015fte declara\u0163ii ale unor oficiali neimportan\u0163i din cadrul Departamentului de Stat. Mai mult dec\u00e2t at\u00e2t, \u00een ultimele zile se putea observa o considerabil\u0103 reducere a presiunilor asupra Iranului, ceea ce se afl\u0103 \u00eentr-un suspect \u015fi pronun\u0163at contrast cu comportamentul anterior al Washingtonului.\r\nEste posibil c\u0103 deciziile autorit\u0103\u0163ilor americane de a reduce presiunile asupra Iranului au fost &#8222;stimulate&#8221; de pr\u0103bu\u015firea unei alte drone americane \u00een zona insulelor Seychelles . Conform tradi\u0163iei, armata american\u0103 a declarat c\u0103 drona a suferit probleme tehnice, dar explica\u0163ia \u015fi implicita coinciden\u0163\u0103 \u00eentre declara\u0163iile iraniene \u015fi &#8222;avaria&#8221; dronei par extrem de suspecte. O explica\u0163ie mult mai plauzibil\u0103 este c\u0103 drona a fost dobor\u00e2t\u0103 de iranieni ca o demonstra\u0163ie a abilit\u0103\u0163ii de preluare a controlului sistemelor militare americane \u00een orice col\u0163 al lumii.<\/h4>\r\n<h4 style=\"text-align: justify;\">Sursele Debka Files sus\u0163in c\u0103 \u00een cazul unor incidente nepl\u0103cute, r\u0103spunsul obi\u015fnuit al armatei americane este intensificarea opera\u0163iunilor pentru a nu crea o impresie de sl\u0103biciune, \u00eens\u0103 \u00een acest caz nu a existat o intensificare, ba mai mult, nu au mai existat misiuni de cercetare aerian\u0103 \u00eendreptate \u00eempotriva Iranului. Anali\u015ftii publica\u0163iei israeliene consider\u0103 c\u0103 &#8222;cei care au penetrat drona, au penetrat \u015fi cartierul general al CIA la Langley &#8222;, deoarece s-a reu\u015fit nu numai redirec\u0163ionarea dronei spre un aerodrom din Iran , dar \u015fi evitarea situa\u0163iei \u00een care controlorii din centrul de coordonare al dronelor (care func\u0163ioneaz\u0103 sub egida CIA) ar fi activat mecanismul de autodistrugere a aparatului. Penetrarea sistemului de control \u015fi comunicare a fost total\u0103.<\/h4>\r\n<h4 style=\"text-align: justify;\">Sursele din cadrul guvernului israelian sus\u0163in c\u0103 exist\u0103 o &#8222;serioas\u0103 suspiciune&#8221; c\u0103 Rusia a oferit Iranului ajutor tehnologic \u00een vederea preg\u0103tirii atacului asupra dronei \u015fi penetr\u0103rii sistemelor americane. S\u0103pt\u0103m\u00e2na trecut\u0103, ministrul de externe al Israelului, Avigdor Liberman (vorbitor de rus\u0103 \u015fi fost cet\u0103\u0163ean al URSS) a fost trimis \u00eentr-o vizit\u0103 urgent\u0103 la Moscova pentru o \u00eentrevedere cu Vladimir Putin. Premierul rus i-a acordat o scurt\u0103 audien\u0163\u0103, \u00eens\u0103 nu a dorit s\u0103 comenteze pe marginea existen\u0163ei unei cooper\u0103ri \u00eentre Rusia \u015fi Iran \u00een privin\u0163a incidentului. Ministrul israelian a declarat dup\u0103 \u00eent\u00e2lnire: &#8222;Pozi\u0163ia Rusiei \u00een privin\u0163a problemelor din Orientul Mijlociu nu ne ajut\u0103&#8221;. Sursele din cadrul guvernului israelian sus\u0163in c\u0103 tentativele administra\u0163iei Obama de a intra \u00een contact cu pre\u015fedintele Medvedev pentru a discuta aceast\u0103 problem\u0103 nu s-au soldat cu succes.<\/h4>\r\n<h4 style=\"text-align: justify;\">Conform informa\u0163iilor prezentate de Debka Files, la Teheran au loc negocieri bilaterale \u015fi trilaterale \u00eentre reprezentan\u0163ii Iranului, Rusiei \u015fi Chinei \u00een vederea determin\u0103rii modului de \u00eemp\u0103r\u0163ire \u015fi utilizare a tehnologiilor \u015fi informa\u0163iilor ob\u0163inute c\u00e2t \u015fi despre strategia ac\u0163iunilor ulterioare. Sursele anali\u015ftilor israelieni nu au informa\u0163ii despre stadiul \u015fi concluziile negocierilor.<\/h4>\r\n<h4 style=\"text-align: justify;\">Anul 2012 se anun\u0163\u0103 a fi un an absolut deosebit. O lume \u00een care rachetele lansate de pe navele americane pot fi controlate de la Teheran, Moscova sau Beijing , iar toat\u0103 tehnica militar\u0103 american\u0103 poate fi dezactivat\u0103 printr-o ap\u0103sare de buton se deosebe\u015fte radical de lumea cu care am fost obi\u015fnui\u0163i. Cu c\u00e2\u0163iva ani \u00een urm\u0103, o lume \u00een care jandarmul mondial Unchiul Sam a r\u0103mas f\u0103r\u0103 bani \u015fi f\u0103r\u0103 baston era de neconceput.<\/h4>\r\n<h4 style=\"text-align: justify;\">S\u0103 nu cread\u0103 cineva c\u0103 efectele acestor evenimente vor fi limitate la Orientul Mijlociu. Eforturile p\u0103r\u0163ilor implicate \u00een procesul de modificare a conjuncturii globale vor avea \u00een mod implacabil rezultate conjugate care se vor sim\u0163i \u015fi la Bucure\u015fti.<\/h4>\r\n<h4 style=\"text-align: justify;\"><\/h4>\r\n<h4><\/h4>\r\n<h4><div class=\"lyte-wrapper fourthree\" style=\"width:420px;max-width:100%;margin:5px;\"><div class=\"lyMe\" id=\"WYL_xd4vGszQhJw\"><div id=\"lyte_xd4vGszQhJw\" data-src=\"\/\/i.ytimg.com\/vi\/xd4vGszQhJw\/hqdefault.jpg\" class=\"pL\"><div class=\"tC\"><div class=\"tT\"><\/div><\/div><div class=\"play\"><\/div><div class=\"ctrl\"><div class=\"Lctrl\"><\/div><div class=\"Rctrl\"><\/div><\/div><\/div><noscript><a href=\"https:\/\/youtu.be\/xd4vGszQhJw\" rel=\"nofollow\"><img loading=\"lazy\" decoding=\"async\" src=\"https:\/\/i.ytimg.com\/vi\/xd4vGszQhJw\/0.jpg\" alt=\"YouTube video thumbnail\" width=\"420\" height=\"295\" \/><br \/>Uita-te la acest video de pe YouTube<\/a><\/noscript><\/div><\/div><div class=\"lL\" style=\"max-width:100%;width:420px;margin:5px;\"><\/div><\/h4>\r\n<h4><\/h4>\r\n<h4 style=\"text-align: justify;\"><em>Sursa: <a href=\"http:\/\/www.cotidianul.ro\/eforturi-conjugate-169096\/\" target=\"_blank\" rel=\"noopener\">http:\/\/www.cotidianul.ro\/<\/a><\/em><\/h4>        <div class=\"booster-block booster-reactions-block\">\n            <div class=\"twp-reactions-icons\">\n                \n                <div class=\"twp-reacts-wrap\">\n                    <a react-data=\"be-react-1\" post-id=\"3565\" class=\"be-face-icons un-reacted\" href=\"javascript:void(0)\">\n                        <img decoding=\"async\" src=\"https:\/\/desteptati-va.ro\/wp-content\/plugins\/booster-extension\/\/assets\/icon\/happy.svg\" alt=\"Happy\">\n                    <\/a>\n                    <div class=\"twp-reaction-title\">\n                        Happy                    <\/div>\n                    <div class=\"twp-count-percent\">\n                                                    <span style=\"display: none;\" class=\"twp-react-count\">0<\/span>\n                        \n                                                <span class=\"twp-react-percent\"><span>0<\/span> %<\/span>\n                                            <\/div>\n                <\/div>\n\n                <div class=\"twp-reacts-wrap\">\n                    <a react-data=\"be-react-2\" post-id=\"3565\" class=\"be-face-icons un-reacted\" href=\"javascript:void(0)\">\n                        <img decoding=\"async\" src=\"https:\/\/desteptati-va.ro\/wp-content\/plugins\/booster-extension\/\/assets\/icon\/sad.svg\" alt=\"Sad\">\n                    <\/a>\n                    <div class=\"twp-reaction-title\">\n                        Sad                    <\/div>\n                    <div class=\"twp-count-percent\">\n                                                    <span style=\"display: none;\" class=\"twp-react-count\">0<\/span>\n                                                                        <span class=\"twp-react-percent\"><span>0<\/span> %<\/span>\n                                            <\/div>\n                <\/div>\n\n                <div class=\"twp-reacts-wrap\">\n                    <a react-data=\"be-react-3\" post-id=\"3565\" class=\"be-face-icons un-reacted\" href=\"javascript:void(0)\">\n                        <img decoding=\"async\" src=\"https:\/\/desteptati-va.ro\/wp-content\/plugins\/booster-extension\/\/assets\/icon\/excited.svg\" alt=\"Excited\">\n                    <\/a>\n                    <div class=\"twp-reaction-title\">\n                        Excited                    <\/div>\n                    <div class=\"twp-count-percent\">\n                                                    <span style=\"display: none;\" class=\"twp-react-count\">0<\/span>\n                                                                        <span class=\"twp-react-percent\"><span>0<\/span> %<\/span>\n                                            <\/div>\n                <\/div>\n\n                <div class=\"twp-reacts-wrap\">\n                    <a react-data=\"be-react-6\" post-id=\"3565\" class=\"be-face-icons un-reacted\" href=\"javascript:void(0)\">\n                        <img decoding=\"async\" src=\"https:\/\/desteptati-va.ro\/wp-content\/plugins\/booster-extension\/\/assets\/icon\/sleepy.svg\" alt=\"Sleepy\">\n                    <\/a>\n                    <div class=\"twp-reaction-title\">\n                        Sleepy                    <\/div>\n                    <div class=\"twp-count-percent\">\n                                                    <span style=\"display: none;\" class=\"twp-react-count\">0<\/span>\n                        \n                                                <span class=\"twp-react-percent\"><span>0<\/span> %<\/span>\n                                            <\/div>\n                <\/div>\n\n                <div class=\"twp-reacts-wrap\">\n                    <a react-data=\"be-react-4\" post-id=\"3565\" class=\"be-face-icons un-reacted\" href=\"javascript:void(0)\">\n                        <img decoding=\"async\" src=\"https:\/\/desteptati-va.ro\/wp-content\/plugins\/booster-extension\/\/assets\/icon\/angry.svg\" alt=\"Angry\">\n                    <\/a>\n                    <div class=\"twp-reaction-title\">Angry<\/div>\n                    <div class=\"twp-count-percent\">\n                                                    <span style=\"display: none;\" class=\"twp-react-count\">0<\/span>\n                                                                        <span class=\"twp-react-percent\"><span>0<\/span> %<\/span>\n                        \n                    <\/div>\n                <\/div>\n\n                <div class=\"twp-reacts-wrap\">\n                    <a react-data=\"be-react-5\" post-id=\"3565\" class=\"be-face-icons un-reacted\" href=\"javascript:void(0)\">\n                        <img decoding=\"async\" src=\"https:\/\/desteptati-va.ro\/wp-content\/plugins\/booster-extension\/\/assets\/icon\/surprise.svg\" alt=\"Surprise\">\n                    <\/a>\n                    <div class=\"twp-reaction-title\">Surprise<\/div>\n                    <div class=\"twp-count-percent\">\n                                                    <span style=\"display: none;\" class=\"twp-react-count\">0<\/span>\n                                                                        <span class=\"twp-react-percent\"><span>0<\/span> %<\/span>\n                                            <\/div>\n                <\/div>\n\n            <\/div>\n        <\/div>\n\n    <\/div>","protected":false},"excerpt":{"rendered":"<p>\u00cen contextul crizei economice interna\u0163ionale SUA au pierdut pozi\u0163ia de hegemon global pe care o avea odinioar\u0103. Unicul domeniu \u00een<a href=\"https:\/\/desteptati-va.ro\/index.php\/2021\/04\/15\/durerile-de-cap-ale-sua-provocate-la-teheran\/\">Read More<i class=\"fa fa-long-arrow-right\" aria-hidden=\"true\"><\/i><\/a><\/p>\n","protected":false},"author":1,"featured_media":2396,"comment_status":"open","ping_status":"open","sticky":false,"template":"","format":"standard","meta":{"_crdt_document":"","footnotes":""},"categories":[32,218,28],"tags":[411,412,413],"class_list":["post-3565","post","type-post","status-publish","format-standard","has-post-thumbnail","hentry","category-din-istoria-lumii","category-general","category-secvente-istorice","tag-drone","tag-hegemonie","tag-iranu"],"rise-blocks_total_comments":1,"rise-blocks_categories":[{"term_id":32,"name":"Din Istoria Lumii","slug":"din-istoria-lumii","term_group":0,"term_taxonomy_id":32,"taxonomy":"category","description":"","parent":28,"count":10,"filter":"raw"}],"rise-blocks_excerpt":"\u00cen contextul crizei economice interna\u0163ionale SUA au pierdut pozi\u0163ia de hegemon global pe care o avea odinioar\u0103. Unicul domeniu \u00een care pozi\u0163ia de lider global al SUA p\u0103rea relativ asigurat\u0103 era domeniul for\u0163ei militare. \u00cen mod indubitabil, armata american\u0103 este cea mai bine dotat\u0103 \u015fi cea mai bine finan\u0163at\u0103 din lume \u00eens\u0103 o serie de evenimente recente arat\u0103 c\u0103 \u00eentr-o..","yoast_head":"<!-- This site is optimized with the Yoast SEO plugin v26.9 - https:\/\/yoast.com\/product\/yoast-seo-wordpress\/ -->\r\n<title>Durerile de cap ale SUA provocate la Teheran -<\/title>\r\n<meta name=\"robots\" content=\"index, follow, max-snippet:-1, max-image-preview:large, max-video-preview:-1\" \/>\r\n<link rel=\"canonical\" href=\"https:\/\/desteptati-va.ro\/index.php\/2021\/04\/15\/durerile-de-cap-ale-sua-provocate-la-teheran\/\" \/>\r\n<meta property=\"og:locale\" content=\"ro_RO\" \/>\r\n<meta property=\"og:type\" content=\"article\" \/>\r\n<meta property=\"og:title\" content=\"Durerile de cap ale SUA provocate la Teheran -\" \/>\r\n<meta property=\"og:description\" content=\"\u00cen contextul crizei economice interna\u0163ionale SUA au pierdut pozi\u0163ia de hegemon global pe care o avea odinioar\u0103. Unicul domeniu \u00eenRead More\" \/>\r\n<meta property=\"og:url\" content=\"https:\/\/desteptati-va.ro\/index.php\/2021\/04\/15\/durerile-de-cap-ale-sua-provocate-la-teheran\/\" \/>\r\n<meta property=\"article:published_time\" content=\"2021-04-15T09:57:18+00:00\" \/>\r\n<meta property=\"og:image\" content=\"https:\/\/desteptati-va.ro\/wp-content\/uploads\/2021\/04\/iran_drone-e1618480559420.png\" \/>\r\n\t<meta property=\"og:image:width\" content=\"328\" \/>\r\n\t<meta property=\"og:image:height\" content=\"201\" \/>\r\n\t<meta property=\"og:image:type\" content=\"image\/png\" \/>\r\n<meta name=\"author\" content=\"wolfsoftcompany\" \/>\r\n<meta name=\"twitter:card\" content=\"summary_large_image\" \/>\r\n<meta name=\"twitter:label1\" content=\"Scris de\" \/>\n\t<meta name=\"twitter:data1\" content=\"wolfsoftcompany\" \/>\n\t<meta name=\"twitter:label2\" content=\"Timp estimat pentru citire\" \/>\n\t<meta name=\"twitter:data2\" content=\"7 minute\" \/>\r\n<script type=\"application\/ld+json\" class=\"yoast-schema-graph\">{\"@context\":\"https:\/\/schema.org\",\"@graph\":[{\"@type\":\"Article\",\"@id\":\"https:\/\/desteptati-va.ro\/index.php\/2021\/04\/15\/durerile-de-cap-ale-sua-provocate-la-teheran\/#article\",\"isPartOf\":{\"@id\":\"https:\/\/desteptati-va.ro\/index.php\/2021\/04\/15\/durerile-de-cap-ale-sua-provocate-la-teheran\/\"},\"author\":{\"name\":\"wolfsoftcompany\",\"@id\":\"https:\/\/desteptati-va.ro\/#\/schema\/person\/13182deeebd44920914899f7bb262d6b\"},\"headline\":\"Durerile de cap ale SUA provocate la Teheran\",\"datePublished\":\"2021-04-15T09:57:18+00:00\",\"mainEntityOfPage\":{\"@id\":\"https:\/\/desteptati-va.ro\/index.php\/2021\/04\/15\/durerile-de-cap-ale-sua-provocate-la-teheran\/\"},\"wordCount\":1385,\"commentCount\":1,\"image\":{\"@id\":\"https:\/\/desteptati-va.ro\/index.php\/2021\/04\/15\/durerile-de-cap-ale-sua-provocate-la-teheran\/#primaryimage\"},\"thumbnailUrl\":\"https:\/\/desteptati-va.ro\/wp-content\/uploads\/2021\/04\/iran_drone-e1618480559420.png\",\"keywords\":[\"drone\",\"hegemonie\",\"Iranu\"],\"articleSection\":[\"Din Istoria Lumii\",\"General\",\"Secvente Istorice\"],\"inLanguage\":\"ro-RO\",\"potentialAction\":[{\"@type\":\"CommentAction\",\"name\":\"Comment\",\"target\":[\"https:\/\/desteptati-va.ro\/index.php\/2021\/04\/15\/durerile-de-cap-ale-sua-provocate-la-teheran\/#respond\"]}]},{\"@type\":\"WebPage\",\"@id\":\"https:\/\/desteptati-va.ro\/index.php\/2021\/04\/15\/durerile-de-cap-ale-sua-provocate-la-teheran\/\",\"url\":\"https:\/\/desteptati-va.ro\/index.php\/2021\/04\/15\/durerile-de-cap-ale-sua-provocate-la-teheran\/\",\"name\":\"Durerile de cap ale SUA provocate la Teheran -\",\"isPartOf\":{\"@id\":\"https:\/\/desteptati-va.ro\/#website\"},\"primaryImageOfPage\":{\"@id\":\"https:\/\/desteptati-va.ro\/index.php\/2021\/04\/15\/durerile-de-cap-ale-sua-provocate-la-teheran\/#primaryimage\"},\"image\":{\"@id\":\"https:\/\/desteptati-va.ro\/index.php\/2021\/04\/15\/durerile-de-cap-ale-sua-provocate-la-teheran\/#primaryimage\"},\"thumbnailUrl\":\"https:\/\/desteptati-va.ro\/wp-content\/uploads\/2021\/04\/iran_drone-e1618480559420.png\",\"datePublished\":\"2021-04-15T09:57:18+00:00\",\"author\":{\"@id\":\"https:\/\/desteptati-va.ro\/#\/schema\/person\/13182deeebd44920914899f7bb262d6b\"},\"breadcrumb\":{\"@id\":\"https:\/\/desteptati-va.ro\/index.php\/2021\/04\/15\/durerile-de-cap-ale-sua-provocate-la-teheran\/#breadcrumb\"},\"inLanguage\":\"ro-RO\",\"potentialAction\":[{\"@type\":\"ReadAction\",\"target\":[\"https:\/\/desteptati-va.ro\/index.php\/2021\/04\/15\/durerile-de-cap-ale-sua-provocate-la-teheran\/\"]}]},{\"@type\":\"ImageObject\",\"inLanguage\":\"ro-RO\",\"@id\":\"https:\/\/desteptati-va.ro\/index.php\/2021\/04\/15\/durerile-de-cap-ale-sua-provocate-la-teheran\/#primaryimage\",\"url\":\"https:\/\/desteptati-va.ro\/wp-content\/uploads\/2021\/04\/iran_drone-e1618480559420.png\",\"contentUrl\":\"https:\/\/desteptati-va.ro\/wp-content\/uploads\/2021\/04\/iran_drone-e1618480559420.png\",\"width\":328,\"height\":201},{\"@type\":\"BreadcrumbList\",\"@id\":\"https:\/\/desteptati-va.ro\/index.php\/2021\/04\/15\/durerile-de-cap-ale-sua-provocate-la-teheran\/#breadcrumb\",\"itemListElement\":[{\"@type\":\"ListItem\",\"position\":1,\"name\":\"Prima pagin\u0103\",\"item\":\"https:\/\/desteptati-va.ro\/\"},{\"@type\":\"ListItem\",\"position\":2,\"name\":\"Durerile de cap ale SUA provocate la Teheran\"}]},{\"@type\":\"WebSite\",\"@id\":\"https:\/\/desteptati-va.ro\/#website\",\"url\":\"https:\/\/desteptati-va.ro\/\",\"name\":\"\",\"description\":\"\",\"potentialAction\":[{\"@type\":\"SearchAction\",\"target\":{\"@type\":\"EntryPoint\",\"urlTemplate\":\"https:\/\/desteptati-va.ro\/?s={search_term_string}\"},\"query-input\":{\"@type\":\"PropertyValueSpecification\",\"valueRequired\":true,\"valueName\":\"search_term_string\"}}],\"inLanguage\":\"ro-RO\"},{\"@type\":\"Person\",\"@id\":\"https:\/\/desteptati-va.ro\/#\/schema\/person\/13182deeebd44920914899f7bb262d6b\",\"name\":\"wolfsoftcompany\",\"image\":{\"@type\":\"ImageObject\",\"inLanguage\":\"ro-RO\",\"@id\":\"https:\/\/desteptati-va.ro\/#\/schema\/person\/image\/\",\"url\":\"https:\/\/secure.gravatar.com\/avatar\/a6cce9b6d101d27d91690e7073e300fed94c0899890bf998e082cb9d2c3d121e?s=96&d=mm&r=g\",\"contentUrl\":\"https:\/\/secure.gravatar.com\/avatar\/a6cce9b6d101d27d91690e7073e300fed94c0899890bf998e082cb9d2c3d121e?s=96&d=mm&r=g\",\"caption\":\"wolfsoftcompany\"},\"sameAs\":[\"http:\/\/desteptati-va.ro\"],\"url\":\"https:\/\/desteptati-va.ro\/index.php\/author\/wolfsoftcompany\/\"}]}<\/script>\r\n<!-- \/ Yoast SEO plugin. -->","yoast_head_json":{"title":"Durerile de cap ale SUA provocate la Teheran -","robots":{"index":"index","follow":"follow","max-snippet":"max-snippet:-1","max-image-preview":"max-image-preview:large","max-video-preview":"max-video-preview:-1"},"canonical":"https:\/\/desteptati-va.ro\/index.php\/2021\/04\/15\/durerile-de-cap-ale-sua-provocate-la-teheran\/","og_locale":"ro_RO","og_type":"article","og_title":"Durerile de cap ale SUA provocate la Teheran -","og_description":"\u00cen contextul crizei economice interna\u0163ionale SUA au pierdut pozi\u0163ia de hegemon global pe care o avea odinioar\u0103. Unicul domeniu \u00eenRead More","og_url":"https:\/\/desteptati-va.ro\/index.php\/2021\/04\/15\/durerile-de-cap-ale-sua-provocate-la-teheran\/","article_published_time":"2021-04-15T09:57:18+00:00","og_image":[{"width":328,"height":201,"url":"https:\/\/desteptati-va.ro\/wp-content\/uploads\/2021\/04\/iran_drone-e1618480559420.png","type":"image\/png"}],"author":"wolfsoftcompany","twitter_card":"summary_large_image","twitter_misc":{"Scris de":"wolfsoftcompany","Timp estimat pentru citire":"7 minute"},"schema":{"@context":"https:\/\/schema.org","@graph":[{"@type":"Article","@id":"https:\/\/desteptati-va.ro\/index.php\/2021\/04\/15\/durerile-de-cap-ale-sua-provocate-la-teheran\/#article","isPartOf":{"@id":"https:\/\/desteptati-va.ro\/index.php\/2021\/04\/15\/durerile-de-cap-ale-sua-provocate-la-teheran\/"},"author":{"name":"wolfsoftcompany","@id":"https:\/\/desteptati-va.ro\/#\/schema\/person\/13182deeebd44920914899f7bb262d6b"},"headline":"Durerile de cap ale SUA provocate la Teheran","datePublished":"2021-04-15T09:57:18+00:00","mainEntityOfPage":{"@id":"https:\/\/desteptati-va.ro\/index.php\/2021\/04\/15\/durerile-de-cap-ale-sua-provocate-la-teheran\/"},"wordCount":1385,"commentCount":1,"image":{"@id":"https:\/\/desteptati-va.ro\/index.php\/2021\/04\/15\/durerile-de-cap-ale-sua-provocate-la-teheran\/#primaryimage"},"thumbnailUrl":"https:\/\/desteptati-va.ro\/wp-content\/uploads\/2021\/04\/iran_drone-e1618480559420.png","keywords":["drone","hegemonie","Iranu"],"articleSection":["Din Istoria Lumii","General","Secvente Istorice"],"inLanguage":"ro-RO","potentialAction":[{"@type":"CommentAction","name":"Comment","target":["https:\/\/desteptati-va.ro\/index.php\/2021\/04\/15\/durerile-de-cap-ale-sua-provocate-la-teheran\/#respond"]}]},{"@type":"WebPage","@id":"https:\/\/desteptati-va.ro\/index.php\/2021\/04\/15\/durerile-de-cap-ale-sua-provocate-la-teheran\/","url":"https:\/\/desteptati-va.ro\/index.php\/2021\/04\/15\/durerile-de-cap-ale-sua-provocate-la-teheran\/","name":"Durerile de cap ale SUA provocate la Teheran -","isPartOf":{"@id":"https:\/\/desteptati-va.ro\/#website"},"primaryImageOfPage":{"@id":"https:\/\/desteptati-va.ro\/index.php\/2021\/04\/15\/durerile-de-cap-ale-sua-provocate-la-teheran\/#primaryimage"},"image":{"@id":"https:\/\/desteptati-va.ro\/index.php\/2021\/04\/15\/durerile-de-cap-ale-sua-provocate-la-teheran\/#primaryimage"},"thumbnailUrl":"https:\/\/desteptati-va.ro\/wp-content\/uploads\/2021\/04\/iran_drone-e1618480559420.png","datePublished":"2021-04-15T09:57:18+00:00","author":{"@id":"https:\/\/desteptati-va.ro\/#\/schema\/person\/13182deeebd44920914899f7bb262d6b"},"breadcrumb":{"@id":"https:\/\/desteptati-va.ro\/index.php\/2021\/04\/15\/durerile-de-cap-ale-sua-provocate-la-teheran\/#breadcrumb"},"inLanguage":"ro-RO","potentialAction":[{"@type":"ReadAction","target":["https:\/\/desteptati-va.ro\/index.php\/2021\/04\/15\/durerile-de-cap-ale-sua-provocate-la-teheran\/"]}]},{"@type":"ImageObject","inLanguage":"ro-RO","@id":"https:\/\/desteptati-va.ro\/index.php\/2021\/04\/15\/durerile-de-cap-ale-sua-provocate-la-teheran\/#primaryimage","url":"https:\/\/desteptati-va.ro\/wp-content\/uploads\/2021\/04\/iran_drone-e1618480559420.png","contentUrl":"https:\/\/desteptati-va.ro\/wp-content\/uploads\/2021\/04\/iran_drone-e1618480559420.png","width":328,"height":201},{"@type":"BreadcrumbList","@id":"https:\/\/desteptati-va.ro\/index.php\/2021\/04\/15\/durerile-de-cap-ale-sua-provocate-la-teheran\/#breadcrumb","itemListElement":[{"@type":"ListItem","position":1,"name":"Prima pagin\u0103","item":"https:\/\/desteptati-va.ro\/"},{"@type":"ListItem","position":2,"name":"Durerile de cap ale SUA provocate la Teheran"}]},{"@type":"WebSite","@id":"https:\/\/desteptati-va.ro\/#website","url":"https:\/\/desteptati-va.ro\/","name":"","description":"","potentialAction":[{"@type":"SearchAction","target":{"@type":"EntryPoint","urlTemplate":"https:\/\/desteptati-va.ro\/?s={search_term_string}"},"query-input":{"@type":"PropertyValueSpecification","valueRequired":true,"valueName":"search_term_string"}}],"inLanguage":"ro-RO"},{"@type":"Person","@id":"https:\/\/desteptati-va.ro\/#\/schema\/person\/13182deeebd44920914899f7bb262d6b","name":"wolfsoftcompany","image":{"@type":"ImageObject","inLanguage":"ro-RO","@id":"https:\/\/desteptati-va.ro\/#\/schema\/person\/image\/","url":"https:\/\/secure.gravatar.com\/avatar\/a6cce9b6d101d27d91690e7073e300fed94c0899890bf998e082cb9d2c3d121e?s=96&d=mm&r=g","contentUrl":"https:\/\/secure.gravatar.com\/avatar\/a6cce9b6d101d27d91690e7073e300fed94c0899890bf998e082cb9d2c3d121e?s=96&d=mm&r=g","caption":"wolfsoftcompany"},"sameAs":["http:\/\/desteptati-va.ro"],"url":"https:\/\/desteptati-va.ro\/index.php\/author\/wolfsoftcompany\/"}]}},"_links":{"self":[{"href":"https:\/\/desteptati-va.ro\/index.php\/wp-json\/wp\/v2\/posts\/3565","targetHints":{"allow":["GET"]}}],"collection":[{"href":"https:\/\/desteptati-va.ro\/index.php\/wp-json\/wp\/v2\/posts"}],"about":[{"href":"https:\/\/desteptati-va.ro\/index.php\/wp-json\/wp\/v2\/types\/post"}],"author":[{"embeddable":true,"href":"https:\/\/desteptati-va.ro\/index.php\/wp-json\/wp\/v2\/users\/1"}],"replies":[{"embeddable":true,"href":"https:\/\/desteptati-va.ro\/index.php\/wp-json\/wp\/v2\/comments?post=3565"}],"version-history":[{"count":1,"href":"https:\/\/desteptati-va.ro\/index.php\/wp-json\/wp\/v2\/posts\/3565\/revisions"}],"predecessor-version":[{"id":3567,"href":"https:\/\/desteptati-va.ro\/index.php\/wp-json\/wp\/v2\/posts\/3565\/revisions\/3567"}],"wp:featuredmedia":[{"embeddable":true,"href":"https:\/\/desteptati-va.ro\/index.php\/wp-json\/wp\/v2\/media\/2396"}],"wp:attachment":[{"href":"https:\/\/desteptati-va.ro\/index.php\/wp-json\/wp\/v2\/media?parent=3565"}],"wp:term":[{"taxonomy":"category","embeddable":true,"href":"https:\/\/desteptati-va.ro\/index.php\/wp-json\/wp\/v2\/categories?post=3565"},{"taxonomy":"post_tag","embeddable":true,"href":"https:\/\/desteptati-va.ro\/index.php\/wp-json\/wp\/v2\/tags?post=3565"}],"curies":[{"name":"wp","href":"https:\/\/api.w.org\/{rel}","templated":true}]}}