{"id":3568,"date":"2021-04-15T10:01:46","date_gmt":"2021-04-15T10:01:46","guid":{"rendered":"http:\/\/desteptati.ro\/?p=3568"},"modified":"2022-01-19T08:58:01","modified_gmt":"2022-01-19T06:58:01","slug":"razboiul-cu-iranul-cum-va-incepe-precum-si-ce-va-urma-imediat-dupa-aceea","status":"publish","type":"post","link":"https:\/\/desteptati-va.ro\/index.php\/2021\/04\/15\/razboiul-cu-iranul-cum-va-incepe-precum-si-ce-va-urma-imediat-dupa-aceea\/","title":{"rendered":"Razboiul cu Iranul. Cum va incepe, precum si ce va urma imediat dupa aceea"},"content":{"rendered":"<div class=\"post-content\"><div class='booster-block booster-read-block'>\n                <div class=\"twp-read-time\">\n                \t<i class=\"booster-icon twp-clock\"><\/i> <span>Read Time:<\/span>10 Minute, 11 Second                <\/div>\n\n            <\/div><h4 style=\"text-align: justify;\">Am lucrat in calitate de consultant de specialitate, la trei companii de tehnic\u0103 aeronautic\u0103 de v\u00e2rf. Specialitatea mea este aceea de a conceptualiza noi strategii militare, mai ales \u00een conexiune cu cele mai noi \u015fi avansate sisteme de lupt\u0103. Ceea ce observ c\u0103 se petrece la ora actual\u0103 pe scena mondial\u0103 pe tema Iranului constituie cea mai \u00eenfrico\u015f\u0103toare combina\u0163ie de circumstan\u0163e pe care am v\u0103zut-o vreodat\u0103. \u015ei am v\u0103zut multe \u00een cei 20 de ani de carier\u0103 militar\u0103, \u00een care am fost implicat \u00een proiectarea celor mai avansate strategii de lupt\u0103!<\/h4>\n<h4 style=\"text-align: justify;\">Cur\u00e2nd, \u00een s\u0103pt\u0103m\u00e2nile sau lunile ce vor urma, se va declan\u015fa un r\u0103zboi \u00eempotriva Iranului. R\u0103zboiul va fi pornit fie de Israel, fie de SUA, fie printr-un embargou economic NATO\/UE\/SUA, sau prin anumite forme de diversiune, numite \u201esteaguri false\u201d. Ceea ce e de re\u0163inut este faptul indiferent de modul \u00een care va \u00eencepe, acest conflict va cuprinde apoi \u00eentreaga lume.<\/h4>\n<h4 style=\"text-align: justify;\">Indiferent dac\u0103 r\u0103zboiul va \u00eencepe printr-un atac aerian orientat \u00eempotriva c\u00e2torva obiective militare \u015fi nucleare iraniene, sau printr-o invazie de propor\u0163ii \u00eempotriva miilor de obiective iraniene, probabilitatea ca acest conflict s\u0103 devin\u0103 un conflict regional major \u00een 48 de ore de la declan\u015farea lui este de peste 90% (n. trad.: \u00een termeni militari, conflict regional major = \u201econflict armat care cuprinde mai multe state \u00eenvecinate cu statele aflate \u00een mod direct \u00een conflict\u201d).<\/h4>\n<h4 style=\"text-align: justify;\">Iranul nu va permite israelienilor sau\/\u015fi americanilor s\u0103 \u00eei atace teritoriul f\u0103r\u0103 o ripost\u0103 major\u0103. Iranul nu va fi pasiv \u015fi anemic, a\u015fa cum a fost Irakul c\u00e2nd a fost atacat de Bush. Iranul va ataca atunci masiv bazele americane \u015fi\/sau israeliene din zon\u0103, ceea ce va declan\u015fa atunci o \u015fi mai mare \u00eenver\u015funare din partea americanilor\/israelienilor.<\/h4>\n<h4 style=\"text-align: justify;\">Iranul a echipat, pl\u0103tit \u015fi antrenat un masiv dispozitiv de rachete \u00een Liban (cel mai mare dispozitiv de rachete din istoria omenirii). Sunt acolo dou\u0103 tipuri de rachete: f\u0103r\u0103 ghidare \u015fi cu ghidare. Acest dispozitiv se constituie \u00eentr-o for\u0163\u0103 militar\u0103 colosal\u0103 de tip MAD-FORCE (Mutually Assured Destruction-Force = For\u0163\u0103 de Asigurare a Anihil\u0103rii Reciproce, o for\u0163\u0103 imbatabil\u0103 ce are scopul de a descuraja o invazie masiv\u0103 inamic\u0103, prin posibilitatea declan\u015f\u0103rii unei contra-ofensive nimicitoare). Num\u0103rul total de rachete din Liban este estimat a fi \u00eentre 40.000 \u015fi 110.00 de buc\u0103\u0163i. O parte din ele sunt rachete f\u0103r\u0103 ghidaj de tip Katyusha, dar mare parte sunt rachete cu ghidare \u015fi cu raz\u0103 mai lung\u0103 de ac\u0163iune. Toate dispozitivele sunt deservite de unit\u0103\u0163i ale For\u0163elor Speciale ale Hezbollah.<\/h4>\n<h4 style=\"text-align: justify;\">For\u0163ele Speciale Hezbollah sunt de fapt trupe de comando iraniene, super-antrenate \u015fi super-echipate, iar num\u0103rul militarilor lor dep\u0103\u015fe\u015fte efectivele unei brig\u0103zi (n.trad.: Brigada = unitate de lupt\u0103 ce con\u0163ine \u00eentre 3-5 Regimente, cu un efectiv de 3.000-5.000 lupt\u0103tori, condus\u0103 de un General).<\/h4>\n<h4 style=\"text-align: justify;\">Rachetele neghidate, binecunoscutele Katyusha, sunt oarecum primitive, dar foarte eficiente \u00een distrugerea fiec\u0103rui centimentru p\u0103trat al unui sector inamic asupra c\u0103ruia sunt lansate. Sunt rachete de artilerie de 122 mm, cu raza de ac\u0163iune de aprox 30 km\/19 mile, \u015fi sunt au o \u00eenc\u0103rc\u0103tur\u0103 de aproximativ 30 kg \/ 66 uncii de material exploziv. Rachetele ghidate, care sunt \u00een num\u0103r foarte mare, sunt mai avansate \u015fi pot fi ghidate cu precizie.<\/h4>\n<h4 style=\"text-align: justify;\">\u00cen timpul r\u0103zboiului din 2006 (dintre Israel \u015fi Libia), Hezbollah a lansat aproximativ 4.000 de rachete (dintre care 95% de tip Katyusha), toate purt\u00e2nd super-explozive \u201ef\u0103r\u0103 inteligen\u0163\u0103\u201d, adic\u0103 neghidate. Restul de 5% de rachete au fost de fabrica\u0163ie Iranian\u0103, de tip Fajr-3 \u015fi Ra\u201dad 1, propulsate de combustibil lichid.<\/h4>\n<h4 style=\"text-align: justify;\">Ce se mai \u015ftie este c\u0103 rachetele \u201einteligente\u201d, cele ghidate, cu raza mai mare de ac\u0163iune, sunt sub controlul direct al unor ofi\u0163eri Sirieni \u015fi Iranieni.<\/h4>\n<h4 style=\"text-align: justify;\">Aceast\u0103 combina\u0163ie de rachete cu raz\u0103 scurt\u0103, cu rachete cu raz\u0103 medie de ac\u0163iune din Liban, al\u0103turi de cele ghidate, cu raz\u0103 lung\u0103 de ac\u0163iune din Siria, \u00eempreun\u0103 cu un num\u0103r mai mic de de rachete aflate pe F\u00e2\u015fia Ghaza \u015fi Malul Vestic (West Bank), la care se adaug\u0103 rachetele ghidate cu raz\u0103 lung\u0103 de ac\u0163iune din Iran reprezint\u0103, \u00eensumate, o for\u0163\u0103 deloc neglijabil\u0103, ce este a\u0163intit\u0103 asupra Israelului.<\/h4>\n<h4 style=\"text-align: justify;\">R\u0103zboiul din 2006 dintre Israel \u015fi Hezbollah (numit de israelieni \u201eAl Doilea R\u0103zboi Libanez\u201d) a fost o \u00eencercare a Israelului de a anihila acest dispozitiv masiv MAD-FORCE din Liban. A fost o \u00eencercare e\u015fuat\u0103. Sirienii cump\u0103raser\u0103 (\u015fi livraser\u0103 Hezbollahului) un mare num\u0103r de rachete antitanc de produc\u0163ie ruseasc\u0103, temutele AT-14 KORNET. Aceste rachete, relativ ieftine, propulsate cu combustibil solid, pot fi ghidate cu precizie. Comandourile iraniene \u015fi-au construit foarte multe bunc\u0103re de tragere, din beton armat, pe teritoriul Libanului. Eficien\u0163a lor nu s-a l\u0103sat a\u015fteptat\u0103. \u00cen foarte scurt timp au fost scoase din lupt\u0103 52 de tancuri de asalt MERKAVA IV israeliene.<\/h4>\n<h4 style=\"text-align: justify;\">Sistemele supra-tehnologizate americane, precum \u015fi armele lor de mare precizie s-au dovedit de asemenea ineficiente. \u00cen fa\u0163a acestui dezastru, israelienii aveau trei alternative: s\u0103 utilizeze bombe cu neutroni, s\u0103 declan\u015feze o ofensiv\u0103 cu infanteria (care i-ar fi costat foarte multe vie\u0163i omene\u015fti), sau s\u0103 declare pace pentru moment \u015fi s\u0103 se retrag\u0103 acas\u0103. Au ales \u00een final ultima variant\u0103.<\/h4>\n<h4 style=\"text-align: justify;\">Se pare c\u0103 Israelul a renun\u0163at definitiv la ideea unui asalt terestru pentru a anihila bazele de rachete Libaneze. Un \u00eenalt comandant israelian chiar \u015fi-a dat demisia pe motiv c\u0103 trupelor sale nu li se permite s\u0103 se antreneze sufiecient \u00een vederea atac\u0103rii Libanului.<\/h4>\n<h4 style=\"text-align: justify;\">A doua alternativ\u0103 const\u0103 \u00een utilizarea armelor FAE (n. trad.: Fuel Air Explosive = dispersarea unui nor gigantic de vapori de combustibil care este apoi aprins de un detonator).<\/h4>\n<h4 style=\"text-align: justify;\">A treia alternativ\u0103 const\u0103 \u00een utilizarea Bombei cu neutroni (tip de arm\u0103 nuclear\u0103 ce produce un nivel mai ridicat de radia\u0163ii, dar distrugeri materiale mai reduse dec\u00e2t armele atomice clasice) (n.trad.: Cu alte cuvinte ucide fiin\u0163ele vii, l\u0103s\u00e2nd neafectate cl\u0103dirile). \u00cens\u0103 atunci c\u00e2nd vorbim de Bomba cu neutroni, vorbim deja despre Arme de Distrugere \u00een Mas\u0103 (ADM).<\/h4>\n<h4 style=\"text-align: justify;\">Orice folosire a unei astfel de arme de tip ADM de c\u0103tre armata israelian\u0103 contra Hezbollahului va declan\u015fa foarte probabil o ripost\u0103 similar\u0103. Hezbollah \u00ee\u015fi va echipa rachetele din Liban r\u0103mase opera\u0163ionale nu cu explozivi clasici, ci cu ogive nucleare ADM (dac\u0103 nu cumva rachetele Hezbollah au fost DEJA p\u00e2n\u0103 atunci echipate cu ogive nucleare av\u00e2nd \u00een vedere natura \u015fi scopurile atacului american\/israelian \u00eempotriva Iranului).<\/h4>\n<h4 style=\"text-align: justify;\">\u00cen concluzie, Israelul se afl\u0103 acum \u00een fa\u0163a unui num\u0103r impresionant \u015fi f\u0103r\u0103 precedent de rachete echipate cu focoase radiologice, chimice, biologice, FAE de la bazele din Liban. Toate aceste tipuri de focoase sunt din categoria Armelor de Distrugere \u00een Mas\u0103 ADM. La acestea se adaug\u0103 rachetele din Gaza \u015fi West Bank. Sirienii \u00ee\u015fi vor folosi rachetele lor mai mari \u015fi cu raz\u0103 mai lung\u0103 de ac\u0163iune pentru a \u201e\u00eempro\u015fca\u201d din bel\u015fug teritoriul israelian cu ADM. La fel vor proceda \u015fi iranienii.<\/h4>\n<h4 style=\"text-align: justify;\">Pentru a se ap\u0103ra, Israelul va folosi Sistemul Radar \u201eGreen Pine\u201d \u015fi un hibrid de sistem antirachet\u0103 americano\/israelian. Vor reu\u015fi cu succes s\u0103 doboare multe din rachetele inamice \u00eenainte ca ele s\u0103 \u00ee\u015fi ating\u0103 \u0163intele, dar totu\u015fi num\u0103rul imens al rachetelor arabe va fi cople\u015fitor \u015fi va str\u0103punge orice m\u0103suri defensive.<\/h4>\n<h4 style=\"text-align: justify;\">Mari p\u0103r\u0163i din Israel vor fi contaminate cu radia\u0163ii cu perioad\u0103 de \u00eenjum\u0103t\u0103\u0163ire extrem de mare (de ordinul a zecilor de mii de ani \u00een unele cazuri), la acest \u201ecocktail\u201d ad\u0103ug\u00e2ndu-se (dac\u0103 mai era nevoie) o mixtur\u0103 chimic\u0103, FAE \u015fi biologic\u0103 de co\u015fmar. Num\u0103rul mor\u0163ilor se va ridica de la o treime, la jum\u0103tate din popula\u0163ia Israelului, la care se adaug\u0103 un imens num\u0103r de r\u0103ni\u0163i.<\/h4>\n<h4 style=\"text-align: justify;\">R\u0103spunsul israelian va fi anihilarea nuclear\u0103 a Siriei, Iranului \u015fi a unor p\u0103r\u0163i din Liban, num\u0103rul mor\u0163ilor fiind de mai multe ZECI de milioane. A\u015ftepta\u0163i-v\u0103 s\u0103 vede\u0163i fiecare ora\u015f, de orice m\u0103rime ar fi el, distrus. Vor r\u0103m\u00e2ne insuficien\u0163i oameni \u00een via\u0163\u0103 fie \u015fi pentru a \u00eengropa mor\u0163ii \u00een Siria, Iran \u015fi p\u0103r\u0163i din Liban. Radia\u0163iile provenite de la bombele atomice se vor \u00eentinde \u015fi \u00een restul lumii.<\/h4>\n<h4 style=\"text-align: justify;\">\u00cens\u0103 Iranul are \u015fi un alt tip de armat\u0103. Se nume\u015fte \u00een limbaj militar \u201earmat\u0103 adormit\u0103\u201d, sau \u201earmat\u0103 sub acoperire\u201d \u015fi este opera\u0163ional\u0103 pe teritoriile altor state, \u00eendeosebi pe teritoriul SUA \u015fi al statelor Europei de Vest. Aceste \u201earmate\u201d vor \u00eencepe r\u0103sp\u00e2ndirea unui num\u0103r de epidemii ucig\u0103toare, baz\u00e2ndu-se pe viru\u015fi fabrica\u0163i \u00een laborator (sunt c\u00e2teva zeci de astfel de virusuri cu utilizare militar\u0103).<\/h4>\n<h4 style=\"text-align: justify;\">Oamenii afla\u0163i \u00een cinematografe, biserici, Mall-uri, sta\u0163ii de metrou, aeroporturi (\u015fi \u00een general orice spa\u0163iu care folose\u015fte sisteme de aer condi\u0163ionat centralizate) vor fi expu\u015fi f\u0103r\u0103 s\u0103 \u015ftie la contamin\u0103ri criminale, adev\u0103rate arme biologice. Dup\u0103 aproximativ 9 sau 10 zile de la contaminare, sistemele computerizate de statistici vor da alarma \u00een privin\u0163a unor \u00eemboln\u0103viri stranii. Aceasta va declan\u015fa o serie de m\u0103suri de ap\u0103rare, menite s\u0103 \u0163in\u0103 \u00een fr\u00e2u \u00eengrozitoarele epidemii, dar va fi prea t\u00e2rziu.<\/h4>\n<h4 style=\"text-align: justify;\">Transporturile interna\u0163ionale \u015fi schimbul de m\u0103rfuri se vor sista. Oamenii vor fi sf\u0103tui\u0163i s\u0103 r\u0103m\u00e2n\u0103 \u00een locuin\u0163ele lor, se vor institui restric\u0163ii de circula\u0163ie \u015fi doar foarte pu\u0163ini oameni, care au anumite meserii critice, vor fi l\u0103sa\u0163i s\u0103 circule pe str\u0103zi. Spitalele vor fi supra-aglomerate cu bolnavi \u015fi muribunzi de toate v\u00e2rstele. Comunitatea medical\u0103 va fi printre primele care va fi nimicit\u0103, datorit\u0103 contactului contagios cu muribunzii. De\u015fi se vor \u00eenfiin\u0163a spitale ad-hoc \u00een \u015fcoli \u015fi alte cl\u0103diri publice, infectarea \u00eencruci\u015fat\u0103 (\u00eentre bolnavi) cu diferite tipuri de virusuri modificate genetic va \u201easigura\u201d o mortalitate de 100% a tuturor pacien\u0163ilor \u015fi personalului medical din aceste spitale.<\/h4>\n<h4 style=\"text-align: justify;\">Pe alte fronturi, \u00een eventualitatea \u00een care statele neo-conservatoare pl\u0103nuiesc s\u0103 redeschid\u0103 \u015fi s\u0103 dezvolte r\u0103zboiul din Georgia din 2009, atac\u00e2nd for\u0163ele ruse\u015fti, sau pun\u00e2nd la cale \u201eincidente\u201d \u00een Marea Neagr\u0103, probabilitatea ca aceste incidente s\u0103 degenereze rapid \u00eentr-un r\u0103zboi mondial implic\u00e2nd arme atomice ruse\u015fti \u015fi NATO este de aproximativ 50%. Chiar dac\u0103 nu se declan\u015feaz\u0103 un r\u0103zboi total, Rusia este \u00een m\u0103sur\u0103 s\u0103 neutralizeze prezen\u0163a NATO din Marea Neagr\u0103, cu pierderi considerabile de ambele p\u0103r\u0163i.<\/h4>\n<h4 style=\"text-align: justify;\">Lumea se va afla \u00een cea mai grav\u0103 criz\u0103 economic\u0103 din istorie, dup\u0103 ce comer\u0163ul mondial se va opri de teama r\u0103sp\u00e2ndirii epidemiilor provocate de r\u0103zboiul biologic.<\/h4>\n<h4 style=\"text-align: justify;\">Dac\u0103 Israelul va provoca sofisticata Ma\u015fin\u0103 de R\u0103zboi Biologic a Lumii Arabe (despre care mul\u0163i spun c\u0103 este o realitate, \u015fi nu un mit ca \u00een cazul Irakului), atunci \u015fi Arabia Saudit\u0103 \u00ee\u015fi va lansa propriile rachete balistice de produc\u0163ie chinezeasc\u0103 \u015fi \u00ee\u015fi va trimite foarte bine echipata avia\u0163ie militar\u0103 \u00eempotriva Israelului, cu \u00eenc\u0103rc\u0103turile nucleare pe care le posed\u0103 (Artabia Saudit\u0103 a finan\u0163at programul militar nuclear al Pakistanului, \u015fi a primit \u00een schimb arme nucleare).<\/h4>\n<h4 style=\"text-align: justify;\">Desigur, ce va fi r\u0103mas opera\u0163ional din din for\u0163ele israeliene va r\u0103spunde cu alte atacuri nucleare, de data aceasta \u00eempotriva Arabiei Saudite, c\u00e2t \u015fi \u00eempotriva altor na\u0163iuni arabe, pentru a le intimida. \u00cen America de Nord \u015fi \u00een Europa de Vest, dup\u0103 dou\u0103 luni de r\u0103zboi biologic, popula\u0163ia se va reduce la aproximativ o treime, iar num\u0103rul mor\u0163ilor va dep\u0103\u015fi 200 de milioane.<\/h4>\n<h4 style=\"text-align: justify;\">\u00cen ciuda disperatelor eforturi ale tuturor statelor, epidemiile produse de viru\u015fii super-uciga\u015fi, produ\u015fi prin muta\u0163ii genetice \u00een laboratoare, vor cuprinde \u00eentreg mapamondul, cauz\u00e2nd decesul a mai mult de un miliard de oameni.<\/h4>\n<h4 style=\"text-align: justify;\">To\u0163i ace\u015fti factori enumera\u0163i p\u00e2n\u0103 acum ar putea conduce spre o ultim\u0103 etap\u0103 a r\u0103zboiului, \u00een care statele non-neo-conservatoare vor fi at\u00e2t de revoltate \u00een fa\u0163a decesului at\u00e2tor oameni nevinova\u0163i din r\u00e2ndul propriilor popula\u0163ii, \u00eenc\u00e2t un r\u0103zboi mondial total, care implic\u0103 toate statele lumii, ar putea fi apoi inevitabil.<\/h4>\n<h4 style=\"text-align: justify;\"><em>Sursa: <a href=\"http:\/\/cersipamantromanesc.wordpress.com\/tag\/inarmarea-nucleara\/\" target=\"_blank\" rel=\"noopener\">http:\/\/cersipamantromanesc.wordpress.com\/<\/a><\/em><\/h4>\n<h4 id=\"_mcePaste\" class=\"mcePaste\" style=\"position: absolute; left: -10000px; top: 901px; width: 1px; height: 1px; overflow: hidden; text-align: justify;\">Mari p\u0103r\u0163i din Israel vor fi contaminate cu radia\u0163ii cu perioad\u0103 de \u00eenjum\u0103t\u0103\u0163ire extrem de mare (de ordinul a zecilor de mii de ani \u00een unele cazuri), la acest \u201ecocktail\u201d ad\u0103ug\u00e2ndu-se (dac\u0103 mai era nevoie) o mixtur\u0103 chimic\u0103, FAE \u015fi biologic\u0103 de co\u015fmar. Num\u0103rul mor\u0163ilor se va ridica de la o treime, la jum\u0103tate din popula\u0163ia Israelului, la care se adaug\u0103 un imens num\u0103r de r\u0103ni\u0163i.\nR\u0103spunsul israelian va fi anihilarea nuclear\u0103 a Siriei, Iranului \u015fi a unor p\u0103r\u0163i din Liban, num\u0103rul mor\u0163ilor fiind de mai multe ZECI de milioane. A\u015ftepta\u0163i-v\u0103 s\u0103 vede\u0163i fiecare ora\u015f, de orice m\u0103rime ar fi el, distrus. Vor r\u0103m\u00e2ne insuficien\u0163i oameni \u00een via\u0163\u0103 fie \u015fi pentru a \u00eengropa mor\u0163ii \u00een Siria, Iran \u015fi p\u0103r\u0163i din Liban. Radia\u0163iile provenite de la bombele atomice se vor \u00eentinde \u015fi \u00een restul lumii.<\/h4>        <div class=\"booster-block booster-reactions-block\">\n            <div class=\"twp-reactions-icons\">\n                \n                <div class=\"twp-reacts-wrap\">\n                    <a react-data=\"be-react-1\" post-id=\"3568\" class=\"be-face-icons un-reacted\" href=\"javascript:void(0)\">\n                        <img decoding=\"async\" src=\"https:\/\/desteptati-va.ro\/wp-content\/plugins\/booster-extension\/\/assets\/icon\/happy.svg\" alt=\"Happy\">\n                    <\/a>\n                    <div class=\"twp-reaction-title\">\n                        Happy                    <\/div>\n                    <div class=\"twp-count-percent\">\n                                                    <span style=\"display: none;\" class=\"twp-react-count\">0<\/span>\n                        \n                                                <span class=\"twp-react-percent\"><span>0<\/span> %<\/span>\n                                            <\/div>\n                <\/div>\n\n                <div class=\"twp-reacts-wrap\">\n                    <a react-data=\"be-react-2\" post-id=\"3568\" class=\"be-face-icons un-reacted\" href=\"javascript:void(0)\">\n                        <img decoding=\"async\" src=\"https:\/\/desteptati-va.ro\/wp-content\/plugins\/booster-extension\/\/assets\/icon\/sad.svg\" alt=\"Sad\">\n                    <\/a>\n                    <div class=\"twp-reaction-title\">\n                        Sad                    <\/div>\n                    <div class=\"twp-count-percent\">\n                                                    <span style=\"display: none;\" class=\"twp-react-count\">0<\/span>\n                                                                        <span class=\"twp-react-percent\"><span>0<\/span> %<\/span>\n                                            <\/div>\n                <\/div>\n\n                <div class=\"twp-reacts-wrap\">\n                    <a react-data=\"be-react-3\" post-id=\"3568\" class=\"be-face-icons un-reacted\" href=\"javascript:void(0)\">\n                        <img decoding=\"async\" src=\"https:\/\/desteptati-va.ro\/wp-content\/plugins\/booster-extension\/\/assets\/icon\/excited.svg\" alt=\"Excited\">\n                    <\/a>\n                    <div class=\"twp-reaction-title\">\n                        Excited                    <\/div>\n                    <div class=\"twp-count-percent\">\n                                                    <span style=\"display: none;\" class=\"twp-react-count\">0<\/span>\n                                                                        <span class=\"twp-react-percent\"><span>0<\/span> %<\/span>\n                                            <\/div>\n                <\/div>\n\n                <div class=\"twp-reacts-wrap\">\n                    <a react-data=\"be-react-6\" post-id=\"3568\" class=\"be-face-icons un-reacted\" href=\"javascript:void(0)\">\n                        <img decoding=\"async\" src=\"https:\/\/desteptati-va.ro\/wp-content\/plugins\/booster-extension\/\/assets\/icon\/sleepy.svg\" alt=\"Sleepy\">\n                    <\/a>\n                    <div class=\"twp-reaction-title\">\n                        Sleepy                    <\/div>\n                    <div class=\"twp-count-percent\">\n                                                    <span style=\"display: none;\" class=\"twp-react-count\">0<\/span>\n                        \n                                                <span class=\"twp-react-percent\"><span>0<\/span> %<\/span>\n                                            <\/div>\n                <\/div>\n\n                <div class=\"twp-reacts-wrap\">\n                    <a react-data=\"be-react-4\" post-id=\"3568\" class=\"be-face-icons un-reacted\" href=\"javascript:void(0)\">\n                        <img decoding=\"async\" src=\"https:\/\/desteptati-va.ro\/wp-content\/plugins\/booster-extension\/\/assets\/icon\/angry.svg\" alt=\"Angry\">\n                    <\/a>\n                    <div class=\"twp-reaction-title\">Angry<\/div>\n                    <div class=\"twp-count-percent\">\n                                                    <span style=\"display: none;\" class=\"twp-react-count\">0<\/span>\n                                                                        <span class=\"twp-react-percent\"><span>0<\/span> %<\/span>\n                        \n                    <\/div>\n                <\/div>\n\n                <div class=\"twp-reacts-wrap\">\n                    <a react-data=\"be-react-5\" post-id=\"3568\" class=\"be-face-icons un-reacted\" href=\"javascript:void(0)\">\n                        <img decoding=\"async\" src=\"https:\/\/desteptati-va.ro\/wp-content\/plugins\/booster-extension\/\/assets\/icon\/surprise.svg\" alt=\"Surprise\">\n                    <\/a>\n                    <div class=\"twp-reaction-title\">Surprise<\/div>\n                    <div class=\"twp-count-percent\">\n                                                    <span style=\"display: none;\" class=\"twp-react-count\">0<\/span>\n                                                                        <span class=\"twp-react-percent\"><span>0<\/span> %<\/span>\n                                            <\/div>\n                <\/div>\n\n            <\/div>\n        <\/div>\n\n    <\/div>","protected":false},"excerpt":{"rendered":"<p>Am lucrat in calitate de consultant de specialitate, la trei companii de tehnic\u0103 aeronautic\u0103 de v\u00e2rf. Specialitatea mea este aceea<a href=\"https:\/\/desteptati-va.ro\/index.php\/2021\/04\/15\/razboiul-cu-iranul-cum-va-incepe-precum-si-ce-va-urma-imediat-dupa-aceea\/\">Read More<i class=\"fa fa-long-arrow-right\" aria-hidden=\"true\"><\/i><\/a><\/p>\n","protected":false},"author":1,"featured_media":4532,"comment_status":"open","ping_status":"open","sticky":false,"template":"","format":"standard","meta":{"_crdt_document":"","footnotes":""},"categories":[32,28],"tags":[414,415],"class_list":["post-3568","post","type-post","status-publish","format-standard","has-post-thumbnail","hentry","category-din-istoria-lumii","category-secvente-istorice","tag-iran","tag-israel"],"rise-blocks_total_comments":1,"rise-blocks_categories":[{"term_id":32,"name":"Din Istoria Lumii","slug":"din-istoria-lumii","term_group":0,"term_taxonomy_id":32,"taxonomy":"category","description":"","parent":28,"count":10,"filter":"raw"}],"rise-blocks_excerpt":"Am lucrat in calitate de consultant de specialitate, la trei companii de tehnic\u0103 aeronautic\u0103 de v\u00e2rf. Specialitatea mea este aceea de a conceptualiza noi strategii militare, mai ales \u00een conexiune cu cele mai noi \u015fi avansate sisteme de lupt\u0103. Ceea ce observ c\u0103 se petrece la ora actual\u0103 pe scena mondial\u0103 pe tema Iranului constituie cea mai \u00eenfrico\u015f\u0103toare combina\u0163ie de..","yoast_head":"<!-- This site is optimized with the Yoast SEO plugin v26.9 - https:\/\/yoast.com\/product\/yoast-seo-wordpress\/ -->\r\n<title>Razboiul cu Iranul. Cum va incepe, precum si ce va urma imediat dupa aceea -<\/title>\r\n<meta name=\"robots\" content=\"index, follow, max-snippet:-1, max-image-preview:large, max-video-preview:-1\" \/>\r\n<link rel=\"canonical\" href=\"https:\/\/desteptati-va.ro\/index.php\/2021\/04\/15\/razboiul-cu-iranul-cum-va-incepe-precum-si-ce-va-urma-imediat-dupa-aceea\/\" \/>\r\n<meta property=\"og:locale\" content=\"ro_RO\" \/>\r\n<meta property=\"og:type\" content=\"article\" \/>\r\n<meta property=\"og:title\" content=\"Razboiul cu Iranul. Cum va incepe, precum si ce va urma imediat dupa aceea -\" \/>\r\n<meta property=\"og:description\" content=\"Am lucrat in calitate de consultant de specialitate, la trei companii de tehnic\u0103 aeronautic\u0103 de v\u00e2rf. Specialitatea mea este aceeaRead More\" \/>\r\n<meta property=\"og:url\" content=\"https:\/\/desteptati-va.ro\/index.php\/2021\/04\/15\/razboiul-cu-iranul-cum-va-incepe-precum-si-ce-va-urma-imediat-dupa-aceea\/\" \/>\r\n<meta property=\"article:published_time\" content=\"2021-04-15T10:01:46+00:00\" \/>\r\n<meta property=\"article:modified_time\" content=\"2022-01-19T06:58:01+00:00\" \/>\r\n<meta property=\"og:image\" content=\"https:\/\/desteptati-va.ro\/wp-content\/uploads\/2021\/04\/donald-trump-ali-khamenei.jpg\" \/>\r\n\t<meta property=\"og:image:width\" content=\"283\" \/>\r\n\t<meta property=\"og:image:height\" content=\"178\" \/>\r\n\t<meta property=\"og:image:type\" content=\"image\/jpeg\" \/>\r\n<meta name=\"author\" content=\"wolfsoftcompany\" \/>\r\n<meta name=\"twitter:card\" content=\"summary_large_image\" \/>\r\n<meta name=\"twitter:label1\" content=\"Scris de\" \/>\n\t<meta name=\"twitter:data1\" content=\"wolfsoftcompany\" \/>\n\t<meta name=\"twitter:label2\" content=\"Timp estimat pentru citire\" \/>\n\t<meta name=\"twitter:data2\" content=\"11 minute\" \/>\r\n<script type=\"application\/ld+json\" class=\"yoast-schema-graph\">{\"@context\":\"https:\/\/schema.org\",\"@graph\":[{\"@type\":\"Article\",\"@id\":\"https:\/\/desteptati-va.ro\/index.php\/2021\/04\/15\/razboiul-cu-iranul-cum-va-incepe-precum-si-ce-va-urma-imediat-dupa-aceea\/#article\",\"isPartOf\":{\"@id\":\"https:\/\/desteptati-va.ro\/index.php\/2021\/04\/15\/razboiul-cu-iranul-cum-va-incepe-precum-si-ce-va-urma-imediat-dupa-aceea\/\"},\"author\":{\"name\":\"wolfsoftcompany\",\"@id\":\"https:\/\/desteptati-va.ro\/#\/schema\/person\/13182deeebd44920914899f7bb262d6b\"},\"headline\":\"Razboiul cu Iranul. Cum va incepe, precum si ce va urma imediat dupa aceea\",\"datePublished\":\"2021-04-15T10:01:46+00:00\",\"dateModified\":\"2022-01-19T06:58:01+00:00\",\"mainEntityOfPage\":{\"@id\":\"https:\/\/desteptati-va.ro\/index.php\/2021\/04\/15\/razboiul-cu-iranul-cum-va-incepe-precum-si-ce-va-urma-imediat-dupa-aceea\/\"},\"wordCount\":2254,\"commentCount\":0,\"image\":{\"@id\":\"https:\/\/desteptati-va.ro\/index.php\/2021\/04\/15\/razboiul-cu-iranul-cum-va-incepe-precum-si-ce-va-urma-imediat-dupa-aceea\/#primaryimage\"},\"thumbnailUrl\":\"https:\/\/desteptati-va.ro\/wp-content\/uploads\/2021\/04\/donald-trump-ali-khamenei.jpg\",\"keywords\":[\"Iran\",\"Israel\"],\"articleSection\":[\"Din Istoria Lumii\",\"Secvente Istorice\"],\"inLanguage\":\"ro-RO\",\"potentialAction\":[{\"@type\":\"CommentAction\",\"name\":\"Comment\",\"target\":[\"https:\/\/desteptati-va.ro\/index.php\/2021\/04\/15\/razboiul-cu-iranul-cum-va-incepe-precum-si-ce-va-urma-imediat-dupa-aceea\/#respond\"]}]},{\"@type\":\"WebPage\",\"@id\":\"https:\/\/desteptati-va.ro\/index.php\/2021\/04\/15\/razboiul-cu-iranul-cum-va-incepe-precum-si-ce-va-urma-imediat-dupa-aceea\/\",\"url\":\"https:\/\/desteptati-va.ro\/index.php\/2021\/04\/15\/razboiul-cu-iranul-cum-va-incepe-precum-si-ce-va-urma-imediat-dupa-aceea\/\",\"name\":\"Razboiul cu Iranul. Cum va incepe, precum si ce va urma imediat dupa aceea -\",\"isPartOf\":{\"@id\":\"https:\/\/desteptati-va.ro\/#website\"},\"primaryImageOfPage\":{\"@id\":\"https:\/\/desteptati-va.ro\/index.php\/2021\/04\/15\/razboiul-cu-iranul-cum-va-incepe-precum-si-ce-va-urma-imediat-dupa-aceea\/#primaryimage\"},\"image\":{\"@id\":\"https:\/\/desteptati-va.ro\/index.php\/2021\/04\/15\/razboiul-cu-iranul-cum-va-incepe-precum-si-ce-va-urma-imediat-dupa-aceea\/#primaryimage\"},\"thumbnailUrl\":\"https:\/\/desteptati-va.ro\/wp-content\/uploads\/2021\/04\/donald-trump-ali-khamenei.jpg\",\"datePublished\":\"2021-04-15T10:01:46+00:00\",\"dateModified\":\"2022-01-19T06:58:01+00:00\",\"author\":{\"@id\":\"https:\/\/desteptati-va.ro\/#\/schema\/person\/13182deeebd44920914899f7bb262d6b\"},\"breadcrumb\":{\"@id\":\"https:\/\/desteptati-va.ro\/index.php\/2021\/04\/15\/razboiul-cu-iranul-cum-va-incepe-precum-si-ce-va-urma-imediat-dupa-aceea\/#breadcrumb\"},\"inLanguage\":\"ro-RO\",\"potentialAction\":[{\"@type\":\"ReadAction\",\"target\":[\"https:\/\/desteptati-va.ro\/index.php\/2021\/04\/15\/razboiul-cu-iranul-cum-va-incepe-precum-si-ce-va-urma-imediat-dupa-aceea\/\"]}]},{\"@type\":\"ImageObject\",\"inLanguage\":\"ro-RO\",\"@id\":\"https:\/\/desteptati-va.ro\/index.php\/2021\/04\/15\/razboiul-cu-iranul-cum-va-incepe-precum-si-ce-va-urma-imediat-dupa-aceea\/#primaryimage\",\"url\":\"https:\/\/desteptati-va.ro\/wp-content\/uploads\/2021\/04\/donald-trump-ali-khamenei.jpg\",\"contentUrl\":\"https:\/\/desteptati-va.ro\/wp-content\/uploads\/2021\/04\/donald-trump-ali-khamenei.jpg\",\"width\":283,\"height\":178},{\"@type\":\"BreadcrumbList\",\"@id\":\"https:\/\/desteptati-va.ro\/index.php\/2021\/04\/15\/razboiul-cu-iranul-cum-va-incepe-precum-si-ce-va-urma-imediat-dupa-aceea\/#breadcrumb\",\"itemListElement\":[{\"@type\":\"ListItem\",\"position\":1,\"name\":\"Prima pagin\u0103\",\"item\":\"https:\/\/desteptati-va.ro\/\"},{\"@type\":\"ListItem\",\"position\":2,\"name\":\"Razboiul cu Iranul. Cum va incepe, precum si ce va urma imediat dupa aceea\"}]},{\"@type\":\"WebSite\",\"@id\":\"https:\/\/desteptati-va.ro\/#website\",\"url\":\"https:\/\/desteptati-va.ro\/\",\"name\":\"\",\"description\":\"\",\"potentialAction\":[{\"@type\":\"SearchAction\",\"target\":{\"@type\":\"EntryPoint\",\"urlTemplate\":\"https:\/\/desteptati-va.ro\/?s={search_term_string}\"},\"query-input\":{\"@type\":\"PropertyValueSpecification\",\"valueRequired\":true,\"valueName\":\"search_term_string\"}}],\"inLanguage\":\"ro-RO\"},{\"@type\":\"Person\",\"@id\":\"https:\/\/desteptati-va.ro\/#\/schema\/person\/13182deeebd44920914899f7bb262d6b\",\"name\":\"wolfsoftcompany\",\"image\":{\"@type\":\"ImageObject\",\"inLanguage\":\"ro-RO\",\"@id\":\"https:\/\/desteptati-va.ro\/#\/schema\/person\/image\/\",\"url\":\"https:\/\/secure.gravatar.com\/avatar\/a6cce9b6d101d27d91690e7073e300fed94c0899890bf998e082cb9d2c3d121e?s=96&d=mm&r=g\",\"contentUrl\":\"https:\/\/secure.gravatar.com\/avatar\/a6cce9b6d101d27d91690e7073e300fed94c0899890bf998e082cb9d2c3d121e?s=96&d=mm&r=g\",\"caption\":\"wolfsoftcompany\"},\"sameAs\":[\"http:\/\/desteptati-va.ro\"],\"url\":\"https:\/\/desteptati-va.ro\/index.php\/author\/wolfsoftcompany\/\"}]}<\/script>\r\n<!-- \/ Yoast SEO plugin. -->","yoast_head_json":{"title":"Razboiul cu Iranul. Cum va incepe, precum si ce va urma imediat dupa aceea -","robots":{"index":"index","follow":"follow","max-snippet":"max-snippet:-1","max-image-preview":"max-image-preview:large","max-video-preview":"max-video-preview:-1"},"canonical":"https:\/\/desteptati-va.ro\/index.php\/2021\/04\/15\/razboiul-cu-iranul-cum-va-incepe-precum-si-ce-va-urma-imediat-dupa-aceea\/","og_locale":"ro_RO","og_type":"article","og_title":"Razboiul cu Iranul. Cum va incepe, precum si ce va urma imediat dupa aceea -","og_description":"Am lucrat in calitate de consultant de specialitate, la trei companii de tehnic\u0103 aeronautic\u0103 de v\u00e2rf. Specialitatea mea este aceeaRead More","og_url":"https:\/\/desteptati-va.ro\/index.php\/2021\/04\/15\/razboiul-cu-iranul-cum-va-incepe-precum-si-ce-va-urma-imediat-dupa-aceea\/","article_published_time":"2021-04-15T10:01:46+00:00","article_modified_time":"2022-01-19T06:58:01+00:00","og_image":[{"width":283,"height":178,"url":"https:\/\/desteptati-va.ro\/wp-content\/uploads\/2021\/04\/donald-trump-ali-khamenei.jpg","type":"image\/jpeg"}],"author":"wolfsoftcompany","twitter_card":"summary_large_image","twitter_misc":{"Scris de":"wolfsoftcompany","Timp estimat pentru citire":"11 minute"},"schema":{"@context":"https:\/\/schema.org","@graph":[{"@type":"Article","@id":"https:\/\/desteptati-va.ro\/index.php\/2021\/04\/15\/razboiul-cu-iranul-cum-va-incepe-precum-si-ce-va-urma-imediat-dupa-aceea\/#article","isPartOf":{"@id":"https:\/\/desteptati-va.ro\/index.php\/2021\/04\/15\/razboiul-cu-iranul-cum-va-incepe-precum-si-ce-va-urma-imediat-dupa-aceea\/"},"author":{"name":"wolfsoftcompany","@id":"https:\/\/desteptati-va.ro\/#\/schema\/person\/13182deeebd44920914899f7bb262d6b"},"headline":"Razboiul cu Iranul. Cum va incepe, precum si ce va urma imediat dupa aceea","datePublished":"2021-04-15T10:01:46+00:00","dateModified":"2022-01-19T06:58:01+00:00","mainEntityOfPage":{"@id":"https:\/\/desteptati-va.ro\/index.php\/2021\/04\/15\/razboiul-cu-iranul-cum-va-incepe-precum-si-ce-va-urma-imediat-dupa-aceea\/"},"wordCount":2254,"commentCount":0,"image":{"@id":"https:\/\/desteptati-va.ro\/index.php\/2021\/04\/15\/razboiul-cu-iranul-cum-va-incepe-precum-si-ce-va-urma-imediat-dupa-aceea\/#primaryimage"},"thumbnailUrl":"https:\/\/desteptati-va.ro\/wp-content\/uploads\/2021\/04\/donald-trump-ali-khamenei.jpg","keywords":["Iran","Israel"],"articleSection":["Din Istoria Lumii","Secvente Istorice"],"inLanguage":"ro-RO","potentialAction":[{"@type":"CommentAction","name":"Comment","target":["https:\/\/desteptati-va.ro\/index.php\/2021\/04\/15\/razboiul-cu-iranul-cum-va-incepe-precum-si-ce-va-urma-imediat-dupa-aceea\/#respond"]}]},{"@type":"WebPage","@id":"https:\/\/desteptati-va.ro\/index.php\/2021\/04\/15\/razboiul-cu-iranul-cum-va-incepe-precum-si-ce-va-urma-imediat-dupa-aceea\/","url":"https:\/\/desteptati-va.ro\/index.php\/2021\/04\/15\/razboiul-cu-iranul-cum-va-incepe-precum-si-ce-va-urma-imediat-dupa-aceea\/","name":"Razboiul cu Iranul. Cum va incepe, precum si ce va urma imediat dupa aceea -","isPartOf":{"@id":"https:\/\/desteptati-va.ro\/#website"},"primaryImageOfPage":{"@id":"https:\/\/desteptati-va.ro\/index.php\/2021\/04\/15\/razboiul-cu-iranul-cum-va-incepe-precum-si-ce-va-urma-imediat-dupa-aceea\/#primaryimage"},"image":{"@id":"https:\/\/desteptati-va.ro\/index.php\/2021\/04\/15\/razboiul-cu-iranul-cum-va-incepe-precum-si-ce-va-urma-imediat-dupa-aceea\/#primaryimage"},"thumbnailUrl":"https:\/\/desteptati-va.ro\/wp-content\/uploads\/2021\/04\/donald-trump-ali-khamenei.jpg","datePublished":"2021-04-15T10:01:46+00:00","dateModified":"2022-01-19T06:58:01+00:00","author":{"@id":"https:\/\/desteptati-va.ro\/#\/schema\/person\/13182deeebd44920914899f7bb262d6b"},"breadcrumb":{"@id":"https:\/\/desteptati-va.ro\/index.php\/2021\/04\/15\/razboiul-cu-iranul-cum-va-incepe-precum-si-ce-va-urma-imediat-dupa-aceea\/#breadcrumb"},"inLanguage":"ro-RO","potentialAction":[{"@type":"ReadAction","target":["https:\/\/desteptati-va.ro\/index.php\/2021\/04\/15\/razboiul-cu-iranul-cum-va-incepe-precum-si-ce-va-urma-imediat-dupa-aceea\/"]}]},{"@type":"ImageObject","inLanguage":"ro-RO","@id":"https:\/\/desteptati-va.ro\/index.php\/2021\/04\/15\/razboiul-cu-iranul-cum-va-incepe-precum-si-ce-va-urma-imediat-dupa-aceea\/#primaryimage","url":"https:\/\/desteptati-va.ro\/wp-content\/uploads\/2021\/04\/donald-trump-ali-khamenei.jpg","contentUrl":"https:\/\/desteptati-va.ro\/wp-content\/uploads\/2021\/04\/donald-trump-ali-khamenei.jpg","width":283,"height":178},{"@type":"BreadcrumbList","@id":"https:\/\/desteptati-va.ro\/index.php\/2021\/04\/15\/razboiul-cu-iranul-cum-va-incepe-precum-si-ce-va-urma-imediat-dupa-aceea\/#breadcrumb","itemListElement":[{"@type":"ListItem","position":1,"name":"Prima pagin\u0103","item":"https:\/\/desteptati-va.ro\/"},{"@type":"ListItem","position":2,"name":"Razboiul cu Iranul. Cum va incepe, precum si ce va urma imediat dupa aceea"}]},{"@type":"WebSite","@id":"https:\/\/desteptati-va.ro\/#website","url":"https:\/\/desteptati-va.ro\/","name":"","description":"","potentialAction":[{"@type":"SearchAction","target":{"@type":"EntryPoint","urlTemplate":"https:\/\/desteptati-va.ro\/?s={search_term_string}"},"query-input":{"@type":"PropertyValueSpecification","valueRequired":true,"valueName":"search_term_string"}}],"inLanguage":"ro-RO"},{"@type":"Person","@id":"https:\/\/desteptati-va.ro\/#\/schema\/person\/13182deeebd44920914899f7bb262d6b","name":"wolfsoftcompany","image":{"@type":"ImageObject","inLanguage":"ro-RO","@id":"https:\/\/desteptati-va.ro\/#\/schema\/person\/image\/","url":"https:\/\/secure.gravatar.com\/avatar\/a6cce9b6d101d27d91690e7073e300fed94c0899890bf998e082cb9d2c3d121e?s=96&d=mm&r=g","contentUrl":"https:\/\/secure.gravatar.com\/avatar\/a6cce9b6d101d27d91690e7073e300fed94c0899890bf998e082cb9d2c3d121e?s=96&d=mm&r=g","caption":"wolfsoftcompany"},"sameAs":["http:\/\/desteptati-va.ro"],"url":"https:\/\/desteptati-va.ro\/index.php\/author\/wolfsoftcompany\/"}]}},"_links":{"self":[{"href":"https:\/\/desteptati-va.ro\/index.php\/wp-json\/wp\/v2\/posts\/3568","targetHints":{"allow":["GET"]}}],"collection":[{"href":"https:\/\/desteptati-va.ro\/index.php\/wp-json\/wp\/v2\/posts"}],"about":[{"href":"https:\/\/desteptati-va.ro\/index.php\/wp-json\/wp\/v2\/types\/post"}],"author":[{"embeddable":true,"href":"https:\/\/desteptati-va.ro\/index.php\/wp-json\/wp\/v2\/users\/1"}],"replies":[{"embeddable":true,"href":"https:\/\/desteptati-va.ro\/index.php\/wp-json\/wp\/v2\/comments?post=3568"}],"version-history":[{"count":2,"href":"https:\/\/desteptati-va.ro\/index.php\/wp-json\/wp\/v2\/posts\/3568\/revisions"}],"predecessor-version":[{"id":4533,"href":"https:\/\/desteptati-va.ro\/index.php\/wp-json\/wp\/v2\/posts\/3568\/revisions\/4533"}],"wp:featuredmedia":[{"embeddable":true,"href":"https:\/\/desteptati-va.ro\/index.php\/wp-json\/wp\/v2\/media\/4532"}],"wp:attachment":[{"href":"https:\/\/desteptati-va.ro\/index.php\/wp-json\/wp\/v2\/media?parent=3568"}],"wp:term":[{"taxonomy":"category","embeddable":true,"href":"https:\/\/desteptati-va.ro\/index.php\/wp-json\/wp\/v2\/categories?post=3568"},{"taxonomy":"post_tag","embeddable":true,"href":"https:\/\/desteptati-va.ro\/index.php\/wp-json\/wp\/v2\/tags?post=3568"}],"curies":[{"name":"wp","href":"https:\/\/api.w.org\/{rel}","templated":true}]}}