{"id":3571,"date":"2021-04-15T10:05:39","date_gmt":"2021-04-15T10:05:39","guid":{"rendered":"http:\/\/desteptati.ro\/?p=3571"},"modified":"2021-04-15T10:05:39","modified_gmt":"2021-04-15T10:05:39","slug":"revolutiile-lumii-arabe-episodul-libian","status":"publish","type":"post","link":"https:\/\/desteptati-va.ro\/index.php\/2021\/04\/15\/revolutiile-lumii-arabe-episodul-libian\/","title":{"rendered":"&#8222;Revolutiile&#8221; lumii arabe &#8211; episodul libian"},"content":{"rendered":"<div class=\"post-content\"><div class='booster-block booster-read-block'>\n                <div class=\"twp-read-time\">\n                \t<i class=\"booster-icon twp-clock\"><\/i> <span>Read Time:<\/span>12 Minute, 56 Second                <\/div>\n\n            <\/div><h4 style=\"text-align: right;\"><em>\u00een memoria lui Muammar Muhammad Abu Minyar al-Gaddafi<\/em><\/h4>\r\n<h4 style=\"text-align: justify;\"><em>\u00cen luna februarie 2011 \u00eencepea \u00eenc\u0103 un capitol al luptei lumii civilizate cu ororile vechii ordini: r\u0103zboiul civil din Libia. Pe 11 februarie, dictatorul Hosni Mubarak era for\u0163at s\u0103 demisioneze din fruntea statului egiptean. La doar c\u00eeteva zile, pe 15 februarie, sc\u00eenteia era aprins\u0103 \u00een Libia. Mai precis, \u00een ora\u015ful Benghazi au \u00eenceput ac\u0163iuni de protest similare celor din Egipt, \u00eempotriva tiranului Gaddafi, care au fost reprimate \u00een s\u00eenge trei zile mai t\u00eerziu de c\u0103tre autorit\u0103\u0163i. Acesta a fost punctul de \u00eenceput al unei mi\u015fc\u0103ri populare sprijinite de NATO, \u00een scopuri umanitare \u015fi pacifiste. R\u0103zboiul civil a luat sf\u00eer\u015fit pe 20 octombrie, acela\u015fi an, odat\u0103 cu uciderea dictatorului\u2026<\/em><\/h4>\r\n<h4 style=\"text-align: justify;\">A\u015fa vor \u00eenv\u0103\u0163a copiii no\u015ftri la orele de istorie. Peste 1000 de ani, dac\u0103 aceast\u0103 lume va mai fi \u015fi dac\u0103 va urma acela\u015fi curs, \u00een acela\u015fi fel vor povesti istoricii epopeea libian\u0103, iar adev\u0103rul va fi uitat.<\/h4>\r\n<h4 style=\"text-align: justify;\">Atunci c\u00eend e\u015fti un criminal sau te \u00eenvoie\u015fti cu criminalii, faptele bune s\u00eent \u00een ochii t\u0103i un p\u0103cat de moarte. Astfel, Gaddafi a fost vinovat \u00een ochii lumii \u00eentregi \u015fi a pl\u0103tit cu via\u0163a \u015fi cu viitorul oamenilor s\u0103i. Dar s\u00eent anumi\u0163i ochi din aceast\u0103 lume care au v\u0103zut sau vor s\u0103 vad\u0103 altceva. Pentru ei rezum mai jos, \u00een pu\u0163ine cuvinte, c\u0103ci faptele s\u00eent multe, o alt\u0103 variant\u0103 a celor \u00eent\u00eemplate. Adeseori am auzit cuvintele: \u201eS\u0103 l\u0103s\u0103m istoria s\u0103 judece\u201d. Eu zic \u00eens\u0103: S\u0103 nu l\u0103s\u0103m istoria s\u0103 judece, c\u0103ci o s\u0103 judece str\u00eemb, ci s\u0103 \u00eencerc\u0103m s\u0103 afl\u0103m adev\u0103rul \u00eenainte de a fi prea t\u00eerziu.<\/h4>\r\n<h4 style=\"text-align: justify;\"><strong>Care s\u00eent p\u0103catele cele mai importante pentru care istoria \u015fi lumea \u00eentreag\u0103 l-au condamnat pe Gaddafi la moarte?<\/strong><\/h4>\r\n<h4 style=\"text-align: justify;\">Opinia public\u0103 spune \u00een cel mai bun caz c\u0103 Libia a fost invadat\u0103 pentru petrol. Dar petrolul a fost pentru \u00eenving\u0103tori o simpl\u0103 captur\u0103 de r\u0103zboi \u015fi nimic mai mult. Cauzele s\u00eent mult mai profunde.<\/h4>\r\n<h4 style=\"text-align: justify;\">Gaddafi, ca mai to\u0163i leaderii din ultimii zeci de ani din \u0163\u0103rile arabe \u015fi nu numai, a urcat la putere cu sprijin occidental. El a fost ridicat deci pentru a reprezenta interesele celor care l-au uns. Tipic pentru astfel de personalit\u0103\u0163i, dup\u0103 ce a preluat puterea, a \u00eencercat c\u00eet a putut s\u0103 satisfac\u0103 preten\u0163iile st\u0103p\u00eenilor, dar st\u00eend \u00een fruntea \u0163\u0103rii zeci de ani (\u015fi nu 4 sau 5 ani ca \u00een regimurile democratice), \u00een timp a \u00eenceput s\u0103 se ata\u015feze de cauza poporului \u00een mijlocul c\u0103ruia \u015fi-a dus via\u0163a. El \u015fi-a dat seama cel pu\u0163in de faptul c\u0103 urma s\u0103 lase \u0163ara mo\u015ftenire fiului s\u0103u. \u015ei nici un p\u0103rinte nu vrea s\u0103 lase copilului mo\u015ftenire o \u0163ar\u0103 distrus\u0103. Iar ca s\u0103 privim lucrurile \u015fi altfel, am putea crede c\u0103 Gaddafi s-a folosit de occident pentru a prelua puterea, pe care a utilizat-o apoi \u00een beneficiul lui \u015fi a propriului s\u0103u popor.<\/h4>\r\n<h4 style=\"text-align: justify;\">\u00cen ochii celor care l-au uns, Gaddafi a ap\u0103rut ca unul care \u00eei sfida \u00eencontinuu. A robi o \u0163ar\u0103 \u00eenseamn\u0103 a pune biruri strivitoare pe educa\u0163ie, pe resurse \u015fi pe s\u0103n\u0103tate. \u00censeamn\u0103 s\u0103 distrugi tinerii, s\u0103 faci toat\u0103 \u0163ara dependent\u0103 de exterior. Cel pu\u0163in a\u015fa se a\u015ftepta occidentul ca Gaddafi s\u0103 procedeze, adic\u0103 dup\u0103 model occidental. \u00cens\u0103 nesupusul a f\u0103cut altfel. A oferit \u00eenv\u0103\u0163\u0103m\u00eent gratuit, inclusiv la nivel superior, a dat bani tinerilor c\u0103s\u0103tori\u0163i s\u0103raci pentru a-\u015fi cump\u0103ra cas\u0103, a pus la dispozi\u0163ia oamenilor un sistem de s\u0103n\u0103tate gratuit. Tot el s-a opus categoric introducerii \u00een Libia a vaccinurilor \u015fi a altor practici eugenice de sterilizare, aplicate pe scar\u0103 larg\u0103 \u00een lumea \u201ecivilizat\u0103\u201d. Benzina \u015fi curentul electric erau foarte ieftine. De asemenea, a pus la cale realizarea celui mai ambi\u0163ios plan de aduc\u0163iune a apei potabile de care s-a auzit vreodat\u0103, prin care voia s\u0103 fac\u0103 arida Libie un paradis. Deja acest proiect, preluat de Pure Technologies \u015fi considerat o minune a ingineriei moderne, a fost aplicat cu succes pe anumite por\u0163iuni. Mai mult, \u00een 2007 era lansat RASCOM \u2013 QAF1, primul satelit african, finan\u0163at \u00een cea mai mare parte (cu 300 milioane de dolari din totalul de 400 de milioane necesare) de Gaddafi. Prin aceasta, s-a dat o puternic\u0103 lovitur\u0103 companiilor de telecomunica\u0163ii din Europa, care c\u00ee\u015ftigau 500 de milioane de dolari pe an de pe urma faptului c\u0103 Africa trebuia s\u0103 apeleze la serviciile lor. Nu mai vorbim de interesele strategice globaliste puternic \u015ftirbite.<\/h4>\r\n<h4 style=\"text-align: justify;\">\u00cen 1951, Libia era considerat\u0103 una din cele s\u0103race \u0163\u0103ri din lume. \u00cen anul 2011, \u00eenainte de ac\u0163iunea umanitar\u0103 a NATO, era \u0163ara cu cel mai ridicat standard de via\u0163\u0103 din Africa.<\/h4>\r\n<h4 style=\"text-align: justify;\">Dar p\u0103catul capital al lui Gaddafi a fost unul absolut intolerabil. Copiind modelele furnizate de fo\u015ftii st\u0103p\u00eeni, el pl\u0103nuia ceea ce nu putea fi conceput. \u015ei g\u00eendurile lui aveau s\u0103 devin\u0103 realitate \u00eencep\u00eend chiar cu anul c\u00eend a fost omor\u00eet. Astfel, \u00een 2011 urma s\u0103 \u00eenfiin\u0163eze FMA, adic\u0103 Fondul Monetar African. \u00centr-o atare situa\u0163ie, FMI (Fondul Monetar Interna\u0163ional) nu mai avea cum s\u0103 ofere \u00eemprumuturi c\u0103m\u0103t\u0103re\u015fti \u0163\u0103rilor din Africa, pentru a le ob\u0163ine apoi la pre\u0163ul dob\u00eenzii, a\u015fa cum a f\u0103cut cu multe din statele Europei \u015fi nu numai. De asemenea, Gaddafi urma s\u0103 \u00eenfiin\u0163eze o Banc\u0103 Central\u0103 African\u0103, care ar fi dus la oprirea folosirii monedelor occidentale \u015fi la utilizarea monedelor africane. \u00cen plus, o Banc\u0103 de Investi\u0163ii African\u0103 urma s\u0103 sisteze investi\u0163iile occidentale oneroase \u00een Africa.<\/h4>\r\n<h4 style=\"text-align: justify;\">\u00cen sf\u00eer\u015fit \u2013 ceea ce i-a pecetluit soarta \u2013 Gaddafi voia s\u0103 \u00eenfiin\u0163eze Statele Unite ale Africii. De\u015fi acesta este \u015fi planul globali\u015ftilor, care vor s\u0103 uneasc\u0103 \u00eentreaga lume, planul lui Gaddafi\u00a0 nu putea fi nici aplicat, nici tolerat. De ce? Pentru c\u0103 lumea unit\u0103 \u00een viziunea lui Gaddafi era o lume prosper\u0103, liber\u0103 \u015fi puternic\u0103, pe c\u00eend globali\u015ftii vor o lume total supus\u0103, lipsit\u0103 de mijloace proprii de existen\u0163\u0103, total dependent\u0103 \u015fi depersonalizat\u0103.<\/h4>\r\n<h4 style=\"text-align: justify;\">A\u015fadar, Gaddafi nu era oricine. El era un du\u015fman extrem de periculos, puternic \u015fi vizionar. El a p\u0103c\u0103tuit pentru c\u0103 a vrut prea mult bine \u00eentr-o lume \u00een care nu po\u0163i fi l\u0103sat s\u0103 realizezi a\u015fa ceva. \u015ei a pl\u0103tit cu via\u0163a.<\/h4>\r\n<h3 style=\"text-align: justify;\"><strong>Care au fost for\u0163ele dezl\u0103n\u0163uite asupra lui Gaddafi\u00a0 \u015fi a poporului libian?<\/strong><\/h3>\r\n<h4 style=\"text-align: justify;\">Mereu \u015fi mereu am auzit de poporul inocent \u00een lupta cu tiranul cel r\u0103u. Cine este acest popor \u201cnevinovat\u201d, cine s\u00eent ace\u015fti \u201crebeli\u201d, a\u015fa cum au fost numi\u0163i ei \u00een pres\u0103?<\/h4>\r\n<h4 style=\"text-align: justify;\">Este vorba \u00een principal de patru for\u0163e interne, toate infiltrate \u015fi \u00eemputernicite de Occident:<\/h4>\r\n<ol>\r\n \t<li style=\"text-align: justify;\">\r\n<h4>Cadoul britanic const\u0103 din triburile monarhiste Harabi \u015fi Obeidat din coridorul Benghazi \u2013 Darna \u2013 Tobruk. \u00cen timpul luptei \u00eempotriva colonialismului italian, aceste triburi au servit \u00een zon\u0103 interesele britanice. Drept recompens\u0103, unul din leaderii lor a fost urcat pe tronul Libiei, sub numele de regele Idris I. Acest rege a fost \u00eendep\u0103rtat de Gaddafi\u00a0 \u00een anul 1969!<\/h4>\r\n<\/li>\r\n \t<li style=\"text-align: justify;\">\r\n<h4>Cadoul SUA const\u0103 din Al Qaeda. Organiza\u0163ia Al Qaeda a fost \u00eenfiin\u0163at\u0103 \u00een anii 1981-1982, \u00een timpul r\u0103zboiului din Afganistan, de c\u0103tre Robert Gates, Secretarul de Stat al Ap\u0103r\u0103rii american de p\u00een\u0103 \u00een iulie 2011, pe vremea aceea adjunct al \u015fefului CIA. Scopul a fost acela de a crea o arm\u0103 arab\u0103 \u00een lupta cu URSS. De atunci, Al Qaeda a fost folosit\u0103 pentru a declan\u015fa r\u0103zboaie \u00een diferite \u0163\u0103ri, sub pretextul de a lupta \u00eempotriva Al Qaeda (Iugoslavia, Afganistan) sau de a ajuta Al Qaeda (deghizat\u0103 acum sub numele de \u201crebeli\u201d \u00een Libia). De\u015fi \u00eenfiin\u0163at\u0103 de CIA \u00een Afganistan, Al Qaeda care a luptat \u00een Libia este de origine local\u0103, pentru c\u0103 regiunea Darna este cea care a furnizat cel mai mare num\u0103r de membri din istoria acestei organiza\u0163ii. Astfel, putem chiar spune c\u0103 Al Qaeda este libian\u0103.<\/h4>\r\n<\/li>\r\n \t<li style=\"text-align: justify;\">\r\n<h4>Al doilea cadou al SUA a fost Frontul Na\u0163ional de Salvare Libian, condus de Khalifa Hifter, agent CIA.<\/h4>\r\n<\/li>\r\n \t<li style=\"text-align: justify;\">\r\n<h4>Cadoul francez: Mi\u015fcarea condus\u0103 de Nuri Mesmari, aflat c\u00eendva \u00een anturajul lui Gaddafi. Acesta a fugit \u00een octombrie 2010 din Libia la Paris, fiind urm\u0103rit \u00een \u0163ar\u0103 pentru deturnare de fonduri. \u00cen Fran\u0163a a luat leg\u0103tura cu serviciile secrete franceze \u00eempreun\u0103 cu care a pus la cale c\u0103derea regimului de la Tripoli.<\/h4>\r\n<\/li>\r\n<\/ol>\r\n<h3>Acum, care s\u00eent for\u0163ele pur externe?<\/h3>\r\n<ol>\r\n \t<li style=\"text-align: justify;\">\r\n<h4>Sub eticheta aducerii democra\u0163iei \u015fi sprijinirii ac\u0163iunii umanitare, pe 19 martie for\u0163ele NATO declan\u015feaz\u0103 o opera\u0163iune militar\u0103 s\u00eengeroas\u0103 \u00een Libia. Bombele umanitare au dus la omor\u00eerea a \u00een jur de 60.000 de oameni, majoritatea din r\u00eendul civililor. \u00cen paralel, NATO i-a preg\u0103tit militar pe rebeli \u015fi le-a oferit armament.<\/h4>\r\n<\/li>\r\n \t<li style=\"text-align: justify;\">\r\n<h4>Cel mai mare du\u015fman al poporului libian, care a lovit \u00een lumea \u00eentreag\u0103, mai periculos \u015fi mai distructiv dec\u00eet bombele, a fost mass media interna\u0163ional\u0103. Prin intermediul caselor de prestitu\u0163ie, cum bine mai s\u00eent denumite agen\u0163iile de pres\u0103, r\u0103zboiul psihologic a fost c\u00ee\u015ftigat din start. Nu numai c\u0103 poporul libian nu a avut nicio \u015fans\u0103 dinaintea opiniei publice asmu\u0163ite asupra adev\u0103rului, dar \u015fi lumea \u00eentreag\u0103 a mai primit un somnifer cu cianur\u0103. Trebuie aici s\u0103 se consemneze faptul c\u0103 televiziunea Al Jazeera este aservit\u0103 total intereselor occidentale.<\/h4>\r\n<\/li>\r\n<\/ol>\r\n<h4 style=\"text-align: justify;\">Despre Ceau\u015fescu s-a spus c\u00eendva c\u0103 avea WC cu capac de aur, iar \u00een timpul revolu\u0163iei din 1989 c\u0103 otr\u0103vise f\u00eent\u00eenile. Despre Sadham Hussein s-a zis c\u0103 oamenii lui scoteau copiii kuwaitieni din incubatoare \u015fi \u00eei lasau s\u0103 moar\u0103. Despre Gaddafi s-a spus printre multe, multe altele, c\u0103 a dat viagra solda\u0163ilor \u015fi c\u0103 \u00eei \u00eendeamna s\u0103 violeze femei nevinovate, c\u0103 era un diavol cu chip de om sau c\u0103 \u00ee\u015fi omoara proprii oameni (pe care de altfel, i-a f\u0103cut anterior cei mai educa\u0163i \u015fi mai boga\u0163i oameni din Africa).<\/h4>\r\n<h4 style=\"text-align: justify;\">Dac\u0103 a\u015f fi urm\u0103rit presa, a\u015f fi \u015ftiut care s\u00eent toate minciunile \u015fi abera\u0163iile spuse \u00een mass media zi de zi \u00een timpul acestor luni. Dar nu \u00eei urm\u0103resc dec\u00eet pe cei ce vor s\u0103 spun\u0103 adev\u0103rul. Jurnali\u015fti, oameni politici, istorici \u015fi al\u0163ii despre care nu a auzit nimeni, adesea pe cheltuial\u0103 proprie \u015fi risc\u00eend totul, au c\u0103l\u0103torit \u00een aceast\u0103 perioad\u0103 \u00een zona conflictului ca s\u0103 afle adev\u0103rul, ca s\u0103 aib\u0103 ce spune celorlal\u0163i \u015fi ca s\u0103 scrie istoria. Au trebuit s\u0103 intre \u00een Libia din Egipt, Algeria sau Tunisia, pe uscat, c\u0103ci c\u0103ile aeriene \u015fi navale fuseser\u0103 blocate de trupele NATO. Acolo au g\u0103sit o lume cu totul diferit\u0103 de ceea ce portretizase mass media. \u00cen ciuda a ceea ce \u015ftiau, Tripoli nu era ocupat, poporul nu era \u00een teroare, majoritatea cov\u00eer\u015fitoare \u00eel sus\u0163ineau pe Gaddafi, nu aveau loc violuri, copiii mergeau lini\u015fti\u0163i la \u015fcoal\u0103\u2026<\/h4>\r\n<h4 style=\"text-align: justify;\">Dimpotriv\u0103, au v\u0103zut \u015fi au filmat de exemplu demonstra\u0163ia de la 1 iulie din Pia\u0163a Verde din Tripoli (a auzit cineva de aceast\u0103 demonstra\u0163ie?), unde \u00een jur de 1 milion de oameni, \u00een niciun caz c\u00eeteva mii, a\u015fa cum s-a spus, \u2013 adic\u0103 aproape toat\u0103 popula\u0163ia ora\u015fului Tripoli \u2013 au ie\u015fit \u00een strad\u0103 pentru a-\u015fi ar\u0103ta sus\u0163inerea fa\u0163\u0103 de Gaddafi \u015fi opozi\u0163ia fa\u0163\u0103 de interven\u0163ia NATO \u00een scop umanitar \u00een numele poporului libian. Asemenea demonstra\u0163ii au avut loc aproape s\u0103pt\u0103m\u00eenal \u00een toat\u0103 \u0163ara. De\u015fi \u015ftiau c\u0103 moartea avea s\u0103 vin\u0103 asupra multora dintre ei \u00een zilele urm\u0103toare, ceea ce se vede \u00een materialul de mai jos e o demonstra\u0163ie a bucuriei, a\u015fa cum relateaz\u0103 martorii oculari, ca a unor oameni uni\u0163i \u00een jurul unei cauze drepte:<\/h4>\r\n<h4><object width=\"560\" height=\"315\"><param name=\"movie\" value=\"http:\/\/www.youtube.com\/v\/nSnlIlATIKw?version=3&amp;hl=en_US&amp;rel=0\" \/><param name=\"allowFullScreen\" value=\"true\" \/><param name=\"allowscriptaccess\" value=\"always\" \/><embed type=\"application\/x-shockwave-flash\" width=\"560\" height=\"315\" src=\"http:\/\/www.youtube.com\/v\/nSnlIlATIKw?version=3&amp;hl=en_US&amp;rel=0\" allowscriptaccess=\"always\" allowfullscreen=\"allowfullscreen\" \/><\/object><\/h4>\r\n<h4 style=\"text-align: justify;\">Un alt lucru pe care mass media nu l-a spus este de exemplu uciderea \u00een mas\u0103 a negrilor de c\u0103tre rebeli, deghizat\u0103 de occidentali \u00een omor\u00eerea unor mercenari (\u00eencep\u00eend cu minutul 1:53):<\/h4>\r\n<h4><object width=\"560\" height=\"315\"><param name=\"movie\" value=\"http:\/\/www.youtube.com\/v\/AhR0sR1vqpY?version=3&amp;hl=en_US&amp;rel=0\" \/><param name=\"allowFullScreen\" value=\"true\" \/><param name=\"allowscriptaccess\" value=\"always\" \/><embed type=\"application\/x-shockwave-flash\" width=\"560\" height=\"315\" src=\"http:\/\/www.youtube.com\/v\/AhR0sR1vqpY?version=3&amp;hl=en_US&amp;rel=0\" allowscriptaccess=\"always\" allowfullscreen=\"allowfullscreen\" \/><\/object><\/h4>\r\n<h4 style=\"text-align: justify;\">Un alt exemplu de pres\u0103 alternativ\u0103 (real\u0103) este reprezentat de imagini ale victimelor bombardamentelor NATO. Mai jos este o ilustrare. Peste tot \u00een lume asemenea materiale au fost cenzurate, pentru a nu se afla ce s-a \u00eent\u00eemplat de fapt. Aten\u0163ie: materialul con\u0163ine imagini \u015focante (\u00eencep\u00eend cu minutul 12:18):<\/h4>\r\n<h4><object width=\"560\" height=\"315\"><param name=\"movie\" value=\"http:\/\/www.youtube.com\/v\/FnHNyAaALg8?version=3&amp;hl=en_US&amp;rel=0\" \/><param name=\"allowFullScreen\" value=\"true\" \/><param name=\"allowscriptaccess\" value=\"always\" \/><embed type=\"application\/x-shockwave-flash\" width=\"560\" height=\"315\" src=\"http:\/\/www.youtube.com\/v\/FnHNyAaALg8?version=3&amp;hl=en_US&amp;rel=0\" allowscriptaccess=\"always\" allowfullscreen=\"allowfullscreen\" \/><\/object><\/h4>\r\n<h4 style=\"text-align: justify;\">Gaddafi a p\u0103c\u0103tuit prin faptul c\u0103 a \u00eencercat s\u0103-\u015fi apere \u0163ara. \u00cen ziua de ast\u0103zi, cine \u0163ine cu familia \u015fi cu \u0163ara lui \u015fi \u00eencearc\u0103 s\u0103 le apere este fie prost, fie extremist, fie terorist, fie criminal de r\u0103zboi, dup\u0103 caz.<\/h4>\r\n<h4 style=\"text-align: justify;\">Au existat de-a lungul timpului tot felul de personalit\u0103\u0163i novatoare. Despre ele s-a spus c\u0103 s\u00eent \u00eenaintea timpului lor. Gaddafi a tr\u0103it \u00eens\u0103 dup\u0103 timpul lui. Dac\u0103 tr\u0103ia acum c\u00eeteva sute de ani, probabil ar fi purtat \u00een istorie titlul de Gaddafi cel Mare. Dar el a tr\u0103it \u00eentr-un veac \u00een care binele nu mai are nicio \u015fans\u0103 s\u0103 ajung\u0103 la conducere, pentru c\u0103 nu este l\u0103sat.<\/h4>\r\n<h4 style=\"text-align: justify;\">Pe mul\u0163i i-a deranjat faptul c\u0103 Gaddafi era un fel de \u201ct\u0103tuc\u0103\u201d al poporului, c\u0103 se manifesta uneori bombastic \u015fi c\u0103 se \u00eembr\u0103ca cu haine pompoase. Dar oare de ce era a\u015fa? Pentru c\u0103 to\u0163i ace\u015fti a\u015fa-zi\u015fi dictatori din lumea arab\u0103 s\u00eent de fapt \u015feicii, califii \u015fi sultanii veacurilor trecute. Poporul, \u00een majoritate cov\u00eer\u015fitoare, \u00eei iube\u015fte, le at\u00eern\u0103 portretele \u00een cas\u0103 f\u0103r\u0103 s\u0103 \u00eei oblige nimeni, le s\u0103rut\u0103 m\u00eena \u015fi \u00eei consider\u0103 reprezentan\u0163ii lui Allah pe p\u0103m\u00eent. Arabii nu au dep\u0103\u015fit perioada monarhiei, ci tr\u0103iesc \u00een continuare \u00een lumea idilic\u0103 de odinioar\u0103. Nici o grij\u0103, c\u0103ci \u00eei treze\u015fte Occidentul la realitate!<\/h4>\r\n<h3 style=\"text-align: justify;\"><strong>Dar cum a murit Gaddafi?<\/strong><\/h3>\r\n<h4 style=\"text-align: justify;\">Se spune c\u0103 ar fi \u00eencercat s\u0103 fug\u0103 din Sirte, c\u0103 ar fi fost prins ca un c\u00eeine \u00eentr-o gur\u0103 de canal, c\u0103 a fost omor\u00eet de proprii oameni, c\u0103 ar fi c\u0103zut victim\u0103 unui schimb de focuri, c\u0103 ar fi fost capturat viu \u015fi apoi omor\u00eet \u015f.a.m.d.<\/h4>\r\n<h3 style=\"text-align: justify;\">Sursele alternative ne ofer\u0103 o alt\u0103 variant\u0103:<\/h3>\r\n<h4 style=\"text-align: justify;\">\u00cen ziua de 19 octombrie, Gaddafi a ie\u015fit din locul de unde se ascundea. Motivul pentru care a ie\u015fit \u00een convoi la lumina zilei, \u00eentr-un ora\u015f ocupat de rebeli, av\u00eend deasupra drone gata oric\u00eend s\u0103-l omoare, \u015fi nu la ad\u0103postul nop\u0163ii, a fost acela c\u0103 purta un steag alb, deci voia s\u0103 negocieze un armisti\u0163iu sau s\u0103 se predea. Secretarul de Stat American Hillary Clinton tocmai atunci a ajuns \u00een Libia, c\u0103ci probabil Gaddafi voia s\u0103 negocieze cu ea condi\u0163iile pred\u0103rii. Viol\u00eend regula steagului alb, veche de mii se ani, \u015fi comi\u0163\u00eend astfel una din cele mai odioase crime de r\u0103zboi, americanii l-au prins pe colonelul Gaddafi \u015fi l-au executat. Mor\u0163ii nu mai pot vorbi\u2026<\/h4>\r\n<h4 style=\"text-align: justify;\">Satisf\u0103cut\u0103 peste m\u0103sur\u0103 de rezultatul scurtei c\u0103l\u0103torii \u00een Libia, Hillary Clinton zicea, parafraz\u00eendu-l pe Caesar: \u201cNe-am dus, am v\u0103zut, a murit!\u201d:<\/h4>\r\n<h4><object width=\"560\" height=\"315\"><param name=\"movie\" value=\"http:\/\/www.youtube.com\/v\/Fgcd1ghag5Y?version=3&amp;hl=en_US&amp;rel=0\" \/><param name=\"allowFullScreen\" value=\"true\" \/><param name=\"allowscriptaccess\" value=\"always\" \/><embed type=\"application\/x-shockwave-flash\" width=\"560\" height=\"315\" src=\"http:\/\/www.youtube.com\/v\/Fgcd1ghag5Y?version=3&amp;hl=en_US&amp;rel=0\" allowscriptaccess=\"always\" allowfullscreen=\"allowfullscreen\" \/><\/object><\/h4>\r\n<h3 style=\"text-align: center;\"><strong>EPILOG pentru Libia<\/strong><\/h3>\r\n<h4 style=\"text-align: justify;\">Vae victis! Acum, infrastructura \u015fi resursele care apar\u0163ineau poporului vor c\u0103dea \u00een m\u00eena cotropitorilor occidentali.\u00a0 \u00cens\u00eengerata Libie va deveni o \u0163ar\u0103 condus\u0103, probabil sub umbrela cruntei legi Shariah, de o adun\u0103tur\u0103 alc\u0103tuit\u0103 din tic\u0103lo\u015fi tr\u0103d\u0103tori de \u0163ar\u0103, infractori, deranja\u0163i mintal, sc\u0103p\u0103ta\u0163i, fanatici religio\u015fi \u015fi terori\u015fti, ce vor furniza\u00a0 cu pl\u0103cere materie prim\u0103 pentru abatoarele globali\u015ftilor. Crima \u015fi minciuna au ie\u015fit triumf\u0103toare!<\/h4>\r\n<h4 style=\"text-align: justify;\">Poate Gaddafi chiar a p\u0103c\u0103tuit. Ca s\u0103 evite urgia ar fi trebuit s\u0103 plece capul, s\u0103 fie supus, cuminte \u015fi ascult\u0103tor. A\u015fa cum este de exemplu B\u0103sescu.<\/h4>\r\n<h4 style=\"text-align: justify;\">Dar ca s\u0103 nu \u00eenchei cu B\u0103sescu, mai adaug un g\u00eend: se spune despre acest capitol tragic din istoria Libiei c\u0103 a fost un r\u0103zboi civil. Dar oare chiar a\u015fa s\u0103 fie? C\u00eend armatele a unei jum\u0103t\u0103\u0163i de lume distrug o \u0163ar\u0103, doar pentru faptul c\u0103 au avut sprijinul unor tr\u0103d\u0103tori din interior, nu \u00eenseamn\u0103 c\u0103 a fost un r\u0103zboi civil. Mai degrab\u0103 a fost o bucat\u0103 suculent\u0103 din al treilea r\u0103zboi mondial. S\u0103 vedem acum ce urmeaz\u0103\u2026 Hm\u2026 Siria, Iran, Liban\u2026<\/h4>\r\n<h3 style=\"text-align: center;\"><strong>EPILOG pentru Gaddafi<\/strong><\/h3>\r\n<h4 style=\"text-align: justify;\">Malo periculosam libertatem quam quietum servitium. F\u0103r\u0103 \u00eendoial\u0103, Gaddafi a fost anihilat. Dar cum spunea el \u00eensu\u015fi c\u00eendva, continu\u0103 s\u0103 tr\u0103iasc\u0103 \u00eentr-un loc unde nimeni nu poate s\u0103-l prind\u0103 \u015fi s\u0103-l ucid\u0103: \u00een inimile a milioane de oameni. Ultimele lui cuvinte cunoscute, adresate unuia dintre rebeli, au fost: \u201c\u015etii tu diferen\u0163a dintre bine \u015fi r\u0103u?\u201d Cu aceste cuvinte a trecut pragul dintre via\u0163\u0103 \u015fi moarte.<\/h4>\r\n<h4 style=\"text-align: justify;\"><em>Sursa: <a href=\"http:\/\/filida.wordpress.com\/2011\/10\/30\/razboiul-cu-vechea-ordine-%E2%80%93-capitolul-libian\/\" target=\"_blank\" rel=\"noopener\">http:\/\/filida.wordpress.com\/<\/a><\/em><\/h4>        <div class=\"booster-block booster-reactions-block\">\n            <div class=\"twp-reactions-icons\">\n                \n                <div class=\"twp-reacts-wrap\">\n                    <a react-data=\"be-react-1\" post-id=\"3571\" class=\"be-face-icons un-reacted\" href=\"javascript:void(0)\">\n                        <img decoding=\"async\" src=\"https:\/\/desteptati-va.ro\/wp-content\/plugins\/booster-extension\/\/assets\/icon\/happy.svg\" alt=\"Happy\">\n                    <\/a>\n                    <div class=\"twp-reaction-title\">\n                        Happy                    <\/div>\n                    <div class=\"twp-count-percent\">\n                                                    <span style=\"display: none;\" class=\"twp-react-count\">0<\/span>\n                        \n                                                <span class=\"twp-react-percent\"><span>0<\/span> %<\/span>\n                                            <\/div>\n                <\/div>\n\n                <div class=\"twp-reacts-wrap\">\n                    <a react-data=\"be-react-2\" post-id=\"3571\" class=\"be-face-icons un-reacted\" href=\"javascript:void(0)\">\n                        <img decoding=\"async\" src=\"https:\/\/desteptati-va.ro\/wp-content\/plugins\/booster-extension\/\/assets\/icon\/sad.svg\" alt=\"Sad\">\n                    <\/a>\n                    <div class=\"twp-reaction-title\">\n                        Sad                    <\/div>\n                    <div class=\"twp-count-percent\">\n                                                    <span style=\"display: none;\" class=\"twp-react-count\">0<\/span>\n                                                                        <span class=\"twp-react-percent\"><span>0<\/span> %<\/span>\n                                            <\/div>\n                <\/div>\n\n                <div class=\"twp-reacts-wrap\">\n                    <a react-data=\"be-react-3\" post-id=\"3571\" class=\"be-face-icons un-reacted\" href=\"javascript:void(0)\">\n                        <img decoding=\"async\" src=\"https:\/\/desteptati-va.ro\/wp-content\/plugins\/booster-extension\/\/assets\/icon\/excited.svg\" alt=\"Excited\">\n                    <\/a>\n                    <div class=\"twp-reaction-title\">\n                        Excited                    <\/div>\n                    <div class=\"twp-count-percent\">\n                                                    <span style=\"display: none;\" class=\"twp-react-count\">0<\/span>\n                                                                        <span class=\"twp-react-percent\"><span>0<\/span> %<\/span>\n                                            <\/div>\n                <\/div>\n\n                <div class=\"twp-reacts-wrap\">\n                    <a react-data=\"be-react-6\" post-id=\"3571\" class=\"be-face-icons un-reacted\" href=\"javascript:void(0)\">\n                        <img decoding=\"async\" src=\"https:\/\/desteptati-va.ro\/wp-content\/plugins\/booster-extension\/\/assets\/icon\/sleepy.svg\" alt=\"Sleepy\">\n                    <\/a>\n                    <div class=\"twp-reaction-title\">\n                        Sleepy                    <\/div>\n                    <div class=\"twp-count-percent\">\n                                                    <span style=\"display: none;\" class=\"twp-react-count\">0<\/span>\n                        \n                                                <span class=\"twp-react-percent\"><span>0<\/span> %<\/span>\n                                            <\/div>\n                <\/div>\n\n                <div class=\"twp-reacts-wrap\">\n                    <a react-data=\"be-react-4\" post-id=\"3571\" class=\"be-face-icons un-reacted\" href=\"javascript:void(0)\">\n                        <img decoding=\"async\" src=\"https:\/\/desteptati-va.ro\/wp-content\/plugins\/booster-extension\/\/assets\/icon\/angry.svg\" alt=\"Angry\">\n                    <\/a>\n                    <div class=\"twp-reaction-title\">Angry<\/div>\n                    <div class=\"twp-count-percent\">\n                                                    <span style=\"display: none;\" class=\"twp-react-count\">0<\/span>\n                                                                        <span class=\"twp-react-percent\"><span>0<\/span> %<\/span>\n                        \n                    <\/div>\n                <\/div>\n\n                <div class=\"twp-reacts-wrap\">\n                    <a react-data=\"be-react-5\" post-id=\"3571\" class=\"be-face-icons un-reacted\" href=\"javascript:void(0)\">\n                        <img decoding=\"async\" src=\"https:\/\/desteptati-va.ro\/wp-content\/plugins\/booster-extension\/\/assets\/icon\/surprise.svg\" alt=\"Surprise\">\n                    <\/a>\n                    <div class=\"twp-reaction-title\">Surprise<\/div>\n                    <div class=\"twp-count-percent\">\n                                                    <span style=\"display: none;\" class=\"twp-react-count\">0<\/span>\n                                                                        <span class=\"twp-react-percent\"><span>0<\/span> %<\/span>\n                                            <\/div>\n                <\/div>\n\n            <\/div>\n        <\/div>\n\n    <\/div>","protected":false},"excerpt":{"rendered":"<p>\u00een memoria lui Muammar Muhammad Abu Minyar al-Gaddafi \u00cen luna februarie 2011 \u00eencepea \u00eenc\u0103 un capitol al luptei lumii civilizate<a href=\"https:\/\/desteptati-va.ro\/index.php\/2021\/04\/15\/revolutiile-lumii-arabe-episodul-libian\/\">Read More<i class=\"fa fa-long-arrow-right\" aria-hidden=\"true\"><\/i><\/a><\/p>\n","protected":false},"author":1,"featured_media":2267,"comment_status":"open","ping_status":"open","sticky":false,"template":"","format":"standard","meta":{"_crdt_document":"","footnotes":""},"categories":[32,28],"tags":[416,417,418,419,59,60,420,154,421,76],"class_list":["post-3571","post","type-post","status-publish","format-standard","has-post-thumbnail","hentry","category-din-istoria-lumii","category-secvente-istorice","tag-adevar","tag-clonton","tag-condamnat","tag-democratie","tag-desteptati","tag-desteptati-va","tag-gaddafi","tag-istorie","tag-libia","tag-sangeros"],"rise-blocks_total_comments":1,"rise-blocks_categories":[{"term_id":32,"name":"Din Istoria Lumii","slug":"din-istoria-lumii","term_group":0,"term_taxonomy_id":32,"taxonomy":"category","description":"","parent":28,"count":10,"filter":"raw"}],"rise-blocks_excerpt":"\u00een memoria lui Muammar Muhammad Abu Minyar al-Gaddafi \u00cen luna februarie 2011 \u00eencepea \u00eenc\u0103 un capitol al luptei lumii civilizate cu ororile vechii ordini: r\u0103zboiul civil din Libia. Pe 11 februarie, dictatorul Hosni Mubarak era for\u0163at s\u0103 demisioneze din fruntea statului egiptean. La doar c\u00eeteva zile, pe 15 februarie, sc\u00eenteia era aprins\u0103 \u00een Libia. Mai precis, \u00een ora\u015ful Benghazi au..","yoast_head":"<!-- This site is optimized with the Yoast SEO plugin v26.9 - https:\/\/yoast.com\/product\/yoast-seo-wordpress\/ -->\r\n<title>&quot;Revolutiile&quot; lumii arabe - episodul libian -<\/title>\r\n<meta name=\"robots\" content=\"index, follow, max-snippet:-1, max-image-preview:large, max-video-preview:-1\" \/>\r\n<link rel=\"canonical\" href=\"https:\/\/desteptati-va.ro\/index.php\/2021\/04\/15\/revolutiile-lumii-arabe-episodul-libian\/\" \/>\r\n<meta property=\"og:locale\" content=\"ro_RO\" \/>\r\n<meta property=\"og:type\" content=\"article\" \/>\r\n<meta property=\"og:title\" content=\"&quot;Revolutiile&quot; lumii arabe - episodul libian -\" \/>\r\n<meta property=\"og:description\" content=\"\u00een memoria lui Muammar Muhammad Abu Minyar al-Gaddafi \u00cen luna februarie 2011 \u00eencepea \u00eenc\u0103 un capitol al luptei lumii civilizateRead More\" \/>\r\n<meta property=\"og:url\" content=\"https:\/\/desteptati-va.ro\/index.php\/2021\/04\/15\/revolutiile-lumii-arabe-episodul-libian\/\" \/>\r\n<meta property=\"article:published_time\" content=\"2021-04-15T10:05:39+00:00\" \/>\r\n<meta property=\"og:image\" content=\"https:\/\/desteptati-va.ro\/wp-content\/uploads\/2021\/04\/21925_thumbzoom-e1618481056844.jpg\" \/>\r\n\t<meta property=\"og:image:width\" content=\"335\" \/>\r\n\t<meta property=\"og:image:height\" content=\"201\" \/>\r\n\t<meta property=\"og:image:type\" content=\"image\/jpeg\" \/>\r\n<meta name=\"author\" content=\"wolfsoftcompany\" \/>\r\n<meta name=\"twitter:card\" content=\"summary_large_image\" \/>\r\n<meta name=\"twitter:label1\" content=\"Scris de\" \/>\n\t<meta name=\"twitter:data1\" content=\"wolfsoftcompany\" \/>\n\t<meta name=\"twitter:label2\" content=\"Timp estimat pentru citire\" \/>\n\t<meta name=\"twitter:data2\" content=\"14 minute\" \/>\r\n<script type=\"application\/ld+json\" class=\"yoast-schema-graph\">{\"@context\":\"https:\/\/schema.org\",\"@graph\":[{\"@type\":\"Article\",\"@id\":\"https:\/\/desteptati-va.ro\/index.php\/2021\/04\/15\/revolutiile-lumii-arabe-episodul-libian\/#article\",\"isPartOf\":{\"@id\":\"https:\/\/desteptati-va.ro\/index.php\/2021\/04\/15\/revolutiile-lumii-arabe-episodul-libian\/\"},\"author\":{\"name\":\"wolfsoftcompany\",\"@id\":\"https:\/\/desteptati-va.ro\/#\/schema\/person\/13182deeebd44920914899f7bb262d6b\"},\"headline\":\"&#8222;Revolutiile&#8221; lumii arabe &#8211; episodul libian\",\"datePublished\":\"2021-04-15T10:05:39+00:00\",\"mainEntityOfPage\":{\"@id\":\"https:\/\/desteptati-va.ro\/index.php\/2021\/04\/15\/revolutiile-lumii-arabe-episodul-libian\/\"},\"wordCount\":2875,\"commentCount\":0,\"image\":{\"@id\":\"https:\/\/desteptati-va.ro\/index.php\/2021\/04\/15\/revolutiile-lumii-arabe-episodul-libian\/#primaryimage\"},\"thumbnailUrl\":\"https:\/\/desteptati-va.ro\/wp-content\/uploads\/2021\/04\/21925_thumbzoom-e1618481056844.jpg\",\"keywords\":[\"adevar\",\"Clonton\",\"condamnat\",\"democratie\",\"desteptati\",\"desteptati-va\",\"Gaddafi\",\"istorie\",\"libia\",\"sangeros\"],\"articleSection\":[\"Din Istoria Lumii\",\"Secvente Istorice\"],\"inLanguage\":\"ro-RO\",\"potentialAction\":[{\"@type\":\"CommentAction\",\"name\":\"Comment\",\"target\":[\"https:\/\/desteptati-va.ro\/index.php\/2021\/04\/15\/revolutiile-lumii-arabe-episodul-libian\/#respond\"]}]},{\"@type\":\"WebPage\",\"@id\":\"https:\/\/desteptati-va.ro\/index.php\/2021\/04\/15\/revolutiile-lumii-arabe-episodul-libian\/\",\"url\":\"https:\/\/desteptati-va.ro\/index.php\/2021\/04\/15\/revolutiile-lumii-arabe-episodul-libian\/\",\"name\":\"\\\"Revolutiile\\\" lumii arabe - episodul libian -\",\"isPartOf\":{\"@id\":\"https:\/\/desteptati-va.ro\/#website\"},\"primaryImageOfPage\":{\"@id\":\"https:\/\/desteptati-va.ro\/index.php\/2021\/04\/15\/revolutiile-lumii-arabe-episodul-libian\/#primaryimage\"},\"image\":{\"@id\":\"https:\/\/desteptati-va.ro\/index.php\/2021\/04\/15\/revolutiile-lumii-arabe-episodul-libian\/#primaryimage\"},\"thumbnailUrl\":\"https:\/\/desteptati-va.ro\/wp-content\/uploads\/2021\/04\/21925_thumbzoom-e1618481056844.jpg\",\"datePublished\":\"2021-04-15T10:05:39+00:00\",\"author\":{\"@id\":\"https:\/\/desteptati-va.ro\/#\/schema\/person\/13182deeebd44920914899f7bb262d6b\"},\"breadcrumb\":{\"@id\":\"https:\/\/desteptati-va.ro\/index.php\/2021\/04\/15\/revolutiile-lumii-arabe-episodul-libian\/#breadcrumb\"},\"inLanguage\":\"ro-RO\",\"potentialAction\":[{\"@type\":\"ReadAction\",\"target\":[\"https:\/\/desteptati-va.ro\/index.php\/2021\/04\/15\/revolutiile-lumii-arabe-episodul-libian\/\"]}]},{\"@type\":\"ImageObject\",\"inLanguage\":\"ro-RO\",\"@id\":\"https:\/\/desteptati-va.ro\/index.php\/2021\/04\/15\/revolutiile-lumii-arabe-episodul-libian\/#primaryimage\",\"url\":\"https:\/\/desteptati-va.ro\/wp-content\/uploads\/2021\/04\/21925_thumbzoom-e1618481056844.jpg\",\"contentUrl\":\"https:\/\/desteptati-va.ro\/wp-content\/uploads\/2021\/04\/21925_thumbzoom-e1618481056844.jpg\",\"width\":335,\"height\":201},{\"@type\":\"BreadcrumbList\",\"@id\":\"https:\/\/desteptati-va.ro\/index.php\/2021\/04\/15\/revolutiile-lumii-arabe-episodul-libian\/#breadcrumb\",\"itemListElement\":[{\"@type\":\"ListItem\",\"position\":1,\"name\":\"Prima pagin\u0103\",\"item\":\"https:\/\/desteptati-va.ro\/\"},{\"@type\":\"ListItem\",\"position\":2,\"name\":\"&#8220;Revolutiile&#8221; lumii arabe &#8211; episodul libian\"}]},{\"@type\":\"WebSite\",\"@id\":\"https:\/\/desteptati-va.ro\/#website\",\"url\":\"https:\/\/desteptati-va.ro\/\",\"name\":\"\",\"description\":\"\",\"potentialAction\":[{\"@type\":\"SearchAction\",\"target\":{\"@type\":\"EntryPoint\",\"urlTemplate\":\"https:\/\/desteptati-va.ro\/?s={search_term_string}\"},\"query-input\":{\"@type\":\"PropertyValueSpecification\",\"valueRequired\":true,\"valueName\":\"search_term_string\"}}],\"inLanguage\":\"ro-RO\"},{\"@type\":\"Person\",\"@id\":\"https:\/\/desteptati-va.ro\/#\/schema\/person\/13182deeebd44920914899f7bb262d6b\",\"name\":\"wolfsoftcompany\",\"image\":{\"@type\":\"ImageObject\",\"inLanguage\":\"ro-RO\",\"@id\":\"https:\/\/desteptati-va.ro\/#\/schema\/person\/image\/\",\"url\":\"https:\/\/secure.gravatar.com\/avatar\/a6cce9b6d101d27d91690e7073e300fed94c0899890bf998e082cb9d2c3d121e?s=96&d=mm&r=g\",\"contentUrl\":\"https:\/\/secure.gravatar.com\/avatar\/a6cce9b6d101d27d91690e7073e300fed94c0899890bf998e082cb9d2c3d121e?s=96&d=mm&r=g\",\"caption\":\"wolfsoftcompany\"},\"sameAs\":[\"http:\/\/desteptati-va.ro\"],\"url\":\"https:\/\/desteptati-va.ro\/index.php\/author\/wolfsoftcompany\/\"}]}<\/script>\r\n<!-- \/ Yoast SEO plugin. -->","yoast_head_json":{"title":"\"Revolutiile\" lumii arabe - episodul libian -","robots":{"index":"index","follow":"follow","max-snippet":"max-snippet:-1","max-image-preview":"max-image-preview:large","max-video-preview":"max-video-preview:-1"},"canonical":"https:\/\/desteptati-va.ro\/index.php\/2021\/04\/15\/revolutiile-lumii-arabe-episodul-libian\/","og_locale":"ro_RO","og_type":"article","og_title":"\"Revolutiile\" lumii arabe - episodul libian -","og_description":"\u00een memoria lui Muammar Muhammad Abu Minyar al-Gaddafi \u00cen luna februarie 2011 \u00eencepea \u00eenc\u0103 un capitol al luptei lumii civilizateRead More","og_url":"https:\/\/desteptati-va.ro\/index.php\/2021\/04\/15\/revolutiile-lumii-arabe-episodul-libian\/","article_published_time":"2021-04-15T10:05:39+00:00","og_image":[{"width":335,"height":201,"url":"https:\/\/desteptati-va.ro\/wp-content\/uploads\/2021\/04\/21925_thumbzoom-e1618481056844.jpg","type":"image\/jpeg"}],"author":"wolfsoftcompany","twitter_card":"summary_large_image","twitter_misc":{"Scris de":"wolfsoftcompany","Timp estimat pentru citire":"14 minute"},"schema":{"@context":"https:\/\/schema.org","@graph":[{"@type":"Article","@id":"https:\/\/desteptati-va.ro\/index.php\/2021\/04\/15\/revolutiile-lumii-arabe-episodul-libian\/#article","isPartOf":{"@id":"https:\/\/desteptati-va.ro\/index.php\/2021\/04\/15\/revolutiile-lumii-arabe-episodul-libian\/"},"author":{"name":"wolfsoftcompany","@id":"https:\/\/desteptati-va.ro\/#\/schema\/person\/13182deeebd44920914899f7bb262d6b"},"headline":"&#8222;Revolutiile&#8221; lumii arabe &#8211; episodul libian","datePublished":"2021-04-15T10:05:39+00:00","mainEntityOfPage":{"@id":"https:\/\/desteptati-va.ro\/index.php\/2021\/04\/15\/revolutiile-lumii-arabe-episodul-libian\/"},"wordCount":2875,"commentCount":0,"image":{"@id":"https:\/\/desteptati-va.ro\/index.php\/2021\/04\/15\/revolutiile-lumii-arabe-episodul-libian\/#primaryimage"},"thumbnailUrl":"https:\/\/desteptati-va.ro\/wp-content\/uploads\/2021\/04\/21925_thumbzoom-e1618481056844.jpg","keywords":["adevar","Clonton","condamnat","democratie","desteptati","desteptati-va","Gaddafi","istorie","libia","sangeros"],"articleSection":["Din Istoria Lumii","Secvente Istorice"],"inLanguage":"ro-RO","potentialAction":[{"@type":"CommentAction","name":"Comment","target":["https:\/\/desteptati-va.ro\/index.php\/2021\/04\/15\/revolutiile-lumii-arabe-episodul-libian\/#respond"]}]},{"@type":"WebPage","@id":"https:\/\/desteptati-va.ro\/index.php\/2021\/04\/15\/revolutiile-lumii-arabe-episodul-libian\/","url":"https:\/\/desteptati-va.ro\/index.php\/2021\/04\/15\/revolutiile-lumii-arabe-episodul-libian\/","name":"\"Revolutiile\" lumii arabe - episodul libian -","isPartOf":{"@id":"https:\/\/desteptati-va.ro\/#website"},"primaryImageOfPage":{"@id":"https:\/\/desteptati-va.ro\/index.php\/2021\/04\/15\/revolutiile-lumii-arabe-episodul-libian\/#primaryimage"},"image":{"@id":"https:\/\/desteptati-va.ro\/index.php\/2021\/04\/15\/revolutiile-lumii-arabe-episodul-libian\/#primaryimage"},"thumbnailUrl":"https:\/\/desteptati-va.ro\/wp-content\/uploads\/2021\/04\/21925_thumbzoom-e1618481056844.jpg","datePublished":"2021-04-15T10:05:39+00:00","author":{"@id":"https:\/\/desteptati-va.ro\/#\/schema\/person\/13182deeebd44920914899f7bb262d6b"},"breadcrumb":{"@id":"https:\/\/desteptati-va.ro\/index.php\/2021\/04\/15\/revolutiile-lumii-arabe-episodul-libian\/#breadcrumb"},"inLanguage":"ro-RO","potentialAction":[{"@type":"ReadAction","target":["https:\/\/desteptati-va.ro\/index.php\/2021\/04\/15\/revolutiile-lumii-arabe-episodul-libian\/"]}]},{"@type":"ImageObject","inLanguage":"ro-RO","@id":"https:\/\/desteptati-va.ro\/index.php\/2021\/04\/15\/revolutiile-lumii-arabe-episodul-libian\/#primaryimage","url":"https:\/\/desteptati-va.ro\/wp-content\/uploads\/2021\/04\/21925_thumbzoom-e1618481056844.jpg","contentUrl":"https:\/\/desteptati-va.ro\/wp-content\/uploads\/2021\/04\/21925_thumbzoom-e1618481056844.jpg","width":335,"height":201},{"@type":"BreadcrumbList","@id":"https:\/\/desteptati-va.ro\/index.php\/2021\/04\/15\/revolutiile-lumii-arabe-episodul-libian\/#breadcrumb","itemListElement":[{"@type":"ListItem","position":1,"name":"Prima pagin\u0103","item":"https:\/\/desteptati-va.ro\/"},{"@type":"ListItem","position":2,"name":"&#8220;Revolutiile&#8221; lumii arabe &#8211; episodul libian"}]},{"@type":"WebSite","@id":"https:\/\/desteptati-va.ro\/#website","url":"https:\/\/desteptati-va.ro\/","name":"","description":"","potentialAction":[{"@type":"SearchAction","target":{"@type":"EntryPoint","urlTemplate":"https:\/\/desteptati-va.ro\/?s={search_term_string}"},"query-input":{"@type":"PropertyValueSpecification","valueRequired":true,"valueName":"search_term_string"}}],"inLanguage":"ro-RO"},{"@type":"Person","@id":"https:\/\/desteptati-va.ro\/#\/schema\/person\/13182deeebd44920914899f7bb262d6b","name":"wolfsoftcompany","image":{"@type":"ImageObject","inLanguage":"ro-RO","@id":"https:\/\/desteptati-va.ro\/#\/schema\/person\/image\/","url":"https:\/\/secure.gravatar.com\/avatar\/a6cce9b6d101d27d91690e7073e300fed94c0899890bf998e082cb9d2c3d121e?s=96&d=mm&r=g","contentUrl":"https:\/\/secure.gravatar.com\/avatar\/a6cce9b6d101d27d91690e7073e300fed94c0899890bf998e082cb9d2c3d121e?s=96&d=mm&r=g","caption":"wolfsoftcompany"},"sameAs":["http:\/\/desteptati-va.ro"],"url":"https:\/\/desteptati-va.ro\/index.php\/author\/wolfsoftcompany\/"}]}},"_links":{"self":[{"href":"https:\/\/desteptati-va.ro\/index.php\/wp-json\/wp\/v2\/posts\/3571","targetHints":{"allow":["GET"]}}],"collection":[{"href":"https:\/\/desteptati-va.ro\/index.php\/wp-json\/wp\/v2\/posts"}],"about":[{"href":"https:\/\/desteptati-va.ro\/index.php\/wp-json\/wp\/v2\/types\/post"}],"author":[{"embeddable":true,"href":"https:\/\/desteptati-va.ro\/index.php\/wp-json\/wp\/v2\/users\/1"}],"replies":[{"embeddable":true,"href":"https:\/\/desteptati-va.ro\/index.php\/wp-json\/wp\/v2\/comments?post=3571"}],"version-history":[{"count":1,"href":"https:\/\/desteptati-va.ro\/index.php\/wp-json\/wp\/v2\/posts\/3571\/revisions"}],"predecessor-version":[{"id":3573,"href":"https:\/\/desteptati-va.ro\/index.php\/wp-json\/wp\/v2\/posts\/3571\/revisions\/3573"}],"wp:featuredmedia":[{"embeddable":true,"href":"https:\/\/desteptati-va.ro\/index.php\/wp-json\/wp\/v2\/media\/2267"}],"wp:attachment":[{"href":"https:\/\/desteptati-va.ro\/index.php\/wp-json\/wp\/v2\/media?parent=3571"}],"wp:term":[{"taxonomy":"category","embeddable":true,"href":"https:\/\/desteptati-va.ro\/index.php\/wp-json\/wp\/v2\/categories?post=3571"},{"taxonomy":"post_tag","embeddable":true,"href":"https:\/\/desteptati-va.ro\/index.php\/wp-json\/wp\/v2\/tags?post=3571"}],"curies":[{"name":"wp","href":"https:\/\/api.w.org\/{rel}","templated":true}]}}