{"id":3589,"date":"2021-04-15T10:59:18","date_gmt":"2021-04-15T10:59:18","guid":{"rendered":"http:\/\/desteptati.ro\/?p=3589"},"modified":"2022-01-19T09:04:34","modified_gmt":"2022-01-19T07:04:34","slug":"fondatorii-clubului-bilderberg","status":"publish","type":"post","link":"https:\/\/desteptati-va.ro\/index.php\/2021\/04\/15\/fondatorii-clubului-bilderberg\/","title":{"rendered":"Fondatorii Clubului Bilderberg"},"content":{"rendered":"<div class=\"post-content\"><div class='booster-block booster-read-block'>\n                <div class=\"twp-read-time\">\n                \t<i class=\"booster-icon twp-clock\"><\/i> <span>Read Time:<\/span>17 Minute, 10 Second                <\/div>\n\n            <\/div><h4 style=\"text-align: justify;\">La 15 septembrie 1971, John Rarick, membru al Congresului American, a dezv\u0103luit \u00een Camera Reprezentan\u021bilor adev\u0103rata politic\u0103 promovat\u0103 de Clubul Bildenberg, dup\u0103 modelul plin de scucces al Planului Marshall: \u201eSub pretext c\u0103 sus\u021binea ajutorul pentru Europa, el le impunea negociatorilor interna\u021bionali ai CFR (Council of Foreign Relations \u2013 Consiliul Relatiilor Externe) o elit\u0103 de conducere\u201d.<\/h4>\n<h4 style=\"text-align: justify;\">Printre participan\u021bii europeni la prima \u00eentrunire a Clubului figurau toate \u021b\u0103rile NATO \u0219i Suedia; prim-mini\u0219trii Belgiei \u0219i Italiei, Paul van Zeeland \u0219i, respectiv, Alcide de Gaspergi (CDU); prim-ministrul, de dreapta, al Fran\u021bei, Antoine Pinay, \u0219i liderul socialist Guy Mollet; diploma\u021bi precum Pietro Quaroni, din Italia, \u0219i Panaiotis Pipinelis, din Grecia; avocatul german Rudolf Miller, industria\u0219ul Otto Wolff von Amerongen, \u0219i ministrul de externe danez, Ole Bjorn Kraft (proprietar de jurnale din Danemarca). Din Anglia au venit Denis Healey \u0219i Hugh Gaitskell din Partidul Laburist, Robert Boothby din Partidul Conservator, Sir Oliver Franks \u0219i Sir Colin Gubbins, care condusese <em>Special Operations Executive <\/em>(SOE) \u00een timpul r\u0103zboiului.<\/h4>\n<h4 style=\"text-align: justify;\">Pe l\u00e2ng\u0103 americanii cita\u021bi, au mai asistat la prima \u00eentrunire George Ball \u0219i Dean Rusk. Ball era \u0219ef al Lehman Brothers, vechi func\u021bionar al Departamentului de Stat, unde r\u0103spunsese de politica Alian\u021bei Nord-Atlantice, \u0219i, ulterior, membru al Comisiei Trilaterale. Men\u021binea importante leg\u0103turi cu Fran\u021ba. Rusk fusese ministru al Afacerilor Externe \u00eentre 1961-1969 \u0219i prim-pre\u0219edinte al Funda\u021biei Rockefeller (1952-1960). \u00cen final, lista cuprindea un num\u0103r de \u0219aizeci \u0219i \u0219ase de participan\u021bi. De atunci, grupul s-a extins treptat.<\/h4>\n<h3 style=\"text-align: justify;\"><strong>Personaje-cheie<\/strong><\/h3>\n<h4 style=\"text-align: justify;\">Bernhard Zu Lippe-Biesterfeld a fost pre\u0219edintele Clubului Bilderberg \u00eenc\u0103 de la \u00eenfiin\u021barea acestuia, p\u00e2n\u0103 \u00een 1976, c\u00e2nd o afacere tulbure, de corup\u021bie, l-a obligat s\u0103 renun\u021be la func\u021bie. Din acest motiv, \u00eentrunirea nici n-a mai avut loc \u00een acel an. La r\u00e2ndul s\u0103u, Joseph Retinger a fost secretar al Clubului p\u00e2n\u0103 la moartea sa, \u00een 1960, c\u00e2nd economistul olandez Ernst van der Beugel a preluat \u0219tafeta. \u00cen 1977, Alec Douglas-Home, fost prim-ministru al Marii Britanii, era numit pre\u0219edinte.<\/h4>\n<h4 style=\"text-align: justify;\"><\/h4>\n<figure id=\"attachment_1936\" aria-describedby=\"caption-attachment-1936\" style=\"width: 349px\" class=\"wp-caption aligncenter\"><a href=\"http:\/\/www.desteptati-va.ro\/wp-content\/uploads\/2011\/05\/bernhard.jpg\"><img loading=\"lazy\" decoding=\"async\" class=\" wp-image-1936\" title=\"Bernhard de Olanda\" src=\"http:\/\/www.desteptati-va.ro\/wp-content\/uploads\/2011\/05\/bernhard-255x300.jpg\" alt=\"Bernhard de Olanda\" width=\"349\" height=\"411\"><\/a><figcaption id=\"caption-attachment-1936\" class=\"wp-caption-text\">Bernhard de Olanda<\/figcaption><\/figure>\n<h4 style=\"text-align: justify;\">Bernhard de Olanda a murit de cancer la 1 decembrie 2004, chiar \u00een anul c\u00e2nd Clubul \u0219i-a s\u0103rb\u0103toril nunta de argint. S-a n\u0103scut la 29 iunie 1911 \u00eentr-o familie de aristocra\u021bi germani s\u0103r\u0103ci\u021bi, \u0219i era v\u0103r cu Prin\u021bul-consort Philip, so\u021bul Reginei Elisabeta a II-a a Angliei.<\/h4>\n<h4 style=\"text-align: justify;\">Era un t\u00e2n\u0103r chipe\u0219, foarte \u00eenalt \u0219i extraordinar de atr\u0103g\u0103tor. Str\u0103lucea prin elegan\u021b\u0103 vestimentar\u0103 \u0219i a purtat \u00eentotdeauna o garoaf\u0103 la butoniera de la rever. Neam\u021b get-beget, a aderat la Partidul Nazist \u00een mai 1933, pe care l-a p\u0103r\u0103sit pentru a se c\u0103s\u0103tori cu prin\u021besa Juliana de Olanda, a\u0219a cum semnaleaz\u0103 fi\u0219a lui. C\u00e2nd a abandonat partidul, i-a trimis Fhurerului o scrisoare de renun\u021bare, pe care a semnat-o cu salutul oficial: \u201eHeil Hitler!\u201d.<\/h4>\n<h4 style=\"text-align: justify;\">Corespondentul ziarului olandez <em>De Telegraaf<\/em> \u00een Spania, Gerrit Jan, define\u0219te obscura personalitate a Prin\u021bului Bernhard \u00een urm\u0103torii termeni: \u201eEra un b\u0103rbat f\u0103r\u0103 scrupule. \u00cen tinere\u021be, fusese nazist militant, el a spus c\u0103 fusese for\u021bat la aceasta, c\u0103 n-avusese alt\u0103 ie\u0219ire, dar nu-i adev\u0103rat. Nimeni nu i-a crezut dezmin\u021birile. \u00cen plus, a jucat un rol activ \u00een rela\u021bia cu SUA. \u00centodeauna s-a crezut c\u0103 fusese agent dublu, c\u0103 lucra \u0219i pentru alia\u021bi, \u0219i pentru nazi\u0219ti. Faptul nu s-a putut demonstra, dar se va afla cur\u00e2nd, fiindc\u0103 se vor cunoa\u0219te o serie de interviuri pe care le-a acordat \u00een timpul vie\u021bii ziarului <em>De Volkkrant,<\/em> cu condi\u021bia s\u0103 nu-i fie publicate dec\u00e2t dup\u0103 moarte\u201d.<\/h4>\n<h4 style=\"text-align: justify;\">Gerrit Jan cerceta o afacere tulbure, f\u0103r\u0103 s\u0103 \u0219tie c\u0103 Prin\u021bul Bernhard era implicat \u00een ea p\u00e2n\u0103 \u00een g\u00e2t. Cu toate c\u0103 era obi\u0219nuit\u0103 cu constantele scandaluri pe care acesta le provoca, opinia public\u0103 olandez\u0103 a fost profund afectat\u0103: \u201eLa \u00eenceputul lui mai 1975, unui coleg american \u0219i mie ne-a parvenit informa\u021bia c\u0103 avea s\u0103 izbugneasc\u0103 un mare scandal. Ne-am mobilizat, fiindc\u0103 \u0219tiam c\u0103 era vorba despre un \u00eenalt func\u021bionar implicat \u00eentr-un caz de corup\u021bie legat de compania Lockheed Corp dar, spre marea noastr\u0103 surpriz\u0103, am aflat c\u0103 era vorba chiar despre Prin\u021bul Bernhard. Scandalul a fost na\u021bional, fiindc\u0103 el primea mit\u0103 un milion de dolari pentru promovarea \u00een \u00eentreaga Europ\u0103 a produselor companiei de armament Lockheed. Din aceast\u0103 cauz\u0103, i s-au retras func\u021biile de reprezentare oficial\u0103 \u0219i nu i s-a mai permis s\u0103 poarte uniforma Armate olandeze\u201d.<\/h4>\n<h4 style=\"text-align: justify;\">Via\u021ba de familie a lui Bernhard a fost aidoma celei publice, dup\u0103 cum subliniaz\u0103 Jan: \u201eAvea copii din afara c\u0103s\u0103toriei, doi \u00een Fran\u021ba, doi la Londra, \u0219i nu \u0219i-i putea \u00eentre\u021bine din venuturile de Prin\u021b, a\u0219a c\u0103 avea nevoie de mila de la Lockheed\u201d. Corespondentul arat\u0103 c\u0103, la logodna Reginei Juliana cu Bernhard, \u201enimeni n-avea \u00eencredere \u00een el, din cauza trecutului s\u0103u. Nu s-au c\u0103s\u0103torit din dragoste; poporul l-a acceptat, fiindc\u0103 se temea ca prin\u021besa s\u0103 nu r\u0103m\u00e2n\u0103 fat\u0103 b\u0103tr\u00e2n\u0103, c\u0103ci n-avea un fizic prea pl\u0103cut, iar el a fost primul care a acceptat s\u0103 se c\u0103s\u0103toreasc\u0103 cu ea\u201d.<\/h4>\n<h4 style=\"text-align: justify;\">Cu tot entuziasmu s\u0103u ini\u021bial, Prin\u021bul avea s\u0103 \u00een\u021beleag\u0103 cu timpul c\u0103 misiunea sa legat\u0103 de Clubul Bilderberg nu era simpl\u0103, \u0219i necesita mari doze de r\u0103bdare: \u201eE dificil s\u0103 reeduci oamenii educa\u021bi \u00een spirit na\u021bionalist. E foarte greu s\u0103-i convingi s\u0103 renun\u021be la o parte din suveranitate \u00een favoarea unei institu\u021bii suprana\u021bionaliste\u201d.<\/h4>\n<h3 style=\"text-align: justify;\"><strong>Joseph H. Retinger <\/strong><\/h3>\n<h4 style=\"text-align: justify;\">Intrigant de m\u00e2na \u00eent\u00e2i, Joseph Retinger a fost o pies\u0103 esen\u021bial\u0103 \u00een opera de cimentare a unit\u0103\u021bii europene; de\u0219i e foarte greu s\u0103 afli date din via\u021ba sa, majoritatea sunt oferite de Martin Lozano, care ne va fi de folos \u0219i pentru a defini profilul lui Rockefeller.<\/h4>\n<h4 style=\"text-align: justify;\"><\/h4>\n<figure id=\"attachment_1937\" aria-describedby=\"caption-attachment-1937\" style=\"width: 395px\" class=\"wp-caption aligncenter\"><a href=\"http:\/\/www.desteptati-va.ro\/wp-content\/uploads\/2011\/05\/5155882542_83e80efbe3.jpg\"><img loading=\"lazy\" decoding=\"async\" class=\" wp-image-1937\" title=\"Joseph H. Retinger\" src=\"http:\/\/www.desteptati-va.ro\/wp-content\/uploads\/2011\/05\/5155882542_83e80efbe3-300x225.jpg\" alt=\"Joseph H. Retinger\" width=\"395\" height=\"296\"><\/a><figcaption id=\"caption-attachment-1937\" class=\"wp-caption-text\">Joseph H. Retinger<\/figcaption><\/figure>\n<h4 style=\"text-align: justify;\">Retinger s-a n\u0103scut la Cracovia \u00een 1887, \u00eentr-o familie bogat\u0103 de origine iudeo-austriac\u0103, iar de educa\u021bia lui s-a ocupat un membru al Societ\u0103\u021bii Fabiene. C\u00e2nd a \u00eemplinit optsprezece ani, a plecat s\u0103 studieze Literele la Paris, unde a avut primele contacte cu sferele sociale \u00eenalte. Prietenia cu colonelul american Mendell House l-a ajutat s\u0103 adere la activit\u0103\u021bile Mesei Rotunde \u0219i ale CFR. A dus o via\u021b\u0103 aventuroas\u0103, cu c\u0103l\u0103torii ne\u00eentrerupte, care l-au aruncat pe scenele politico-diplomatice ale conflictelor europene din prima jum\u0103tate a secolului al XX-lea. Activitatea lui frenetic\u0103 se caracterizeaz\u0103 printr-un paralelism \u0219ocant cu aventurile celebrilor agen\u021bi itineran\u021bi ai francmasoneriei iluministe.<\/h4>\n<h4 style=\"text-align: justify;\">La Paris, a studiat \u0219i la \u0218coala de \u0218tiin\u021be politice; apoi, la Munchen, a studiat psihologia. Mai t\u00e2rziu, \u00een 1914, s-a \u00eenscris la London School of Economics, unde a men\u021binut contacte intense cu cercurile fabiene britanice din jurul acestei institu\u021bii influente. Ini\u021biat \u00een francmasoneria suedez\u0103, aplecat \u00een Statele Unite, unde \u0219i-a extins rela\u021biile la nivel \u00eenalt. \u00cen Mexic, a sprijinit \u00eenfiin\u021barea Partidului Revolu\u021bionar Institu\u021bional, \u0219i, mandatat de acesta, a purtat tratative diplomatice cu Vaticanul. \u00cen fine, la \u00eencheierea celui de-al Doilea R\u0103zboi Mondial, Joseph Retinger \u0219i-a construit o magnific\u0103 re\u021bea de contacte \u0219i rela\u021bii de influen\u021b\u0103, care se \u00eentindea \u00een \u00eentreaga Europ\u0103 \u0219i \u00een toat\u0103 America. Despre el se spune c\u0103, de cum ridica receptorul, putea vorbi cu pre\u0219edintele Statelor Unite. Cu toat\u0103 restr\u00e2nsa lui importan\u021b\u0103 public\u0103, a avut o mare influen\u021b\u0103 \u00een cele mai discrete \u0219i selecte anticamere ale puterii. Subliniindu-i rolul \u0219i discre\u021bia, Bernhard de Olanda i-a adus un ultim omagiu \u00een ace\u0219ti termeni: \u201eIstoria cunoa\u0219te numeroase persoane importante care, \u00een via\u021b\u0103, au fost centrul aten\u021biei generale. Ele au fost admirate \u0219i l\u0103udate de to\u021bi \u0219i nimeni nu le ignor\u0103 numele. Exist\u0103, totu\u0219i, \u0219i altele, a c\u0103ror influen\u021b\u0103, mai mare, le-a marcat personalitatea pe timpul vie\u021bii, de\u0219i nu sunt cunoscute dec\u00e2t \u00eentr-un cerc foarte restr\u00e2ns de ini\u021bia\u021bi. Joseph Retinger a fost una dintre aceste persoane\u201d. (Bulletin no. 5 du Centre de Culture Europeen).<\/h4>\n<h3 style=\"text-align: justify;\"><strong>David Rockeffeler<\/strong><\/h3>\n<h4 style=\"text-align: justify;\">Prin\u021bului Bernhard al Olandei \u0219i lui Retinger li se atribuie titlul de p\u0103rin\u021bi ai Clubului Bildenberg fiindc\u0103 l-au promovat \u00een Europa \u0219i SUA. Dar tat\u0103l autentic al acestuia a fost, din umbr\u0103, multimilionarul David Rockefeller care, printre alte multe calit\u0103\u021bi, o avea \u0219i pe aceea de mason. El a pus \u00een practic\u0103 acest proiect ambi\u021bios cu proprii lui bani, a\u0219a cum mai \u00eenainte procedase \u0219i cu Trilaterala, pe care o vom analiza \u00een continuare.<\/h4>\n<h4 style=\"text-align: justify;\"><\/h4>\n<figure id=\"attachment_1938\" aria-describedby=\"caption-attachment-1938\" style=\"width: 385px\" class=\"wp-caption aligncenter\"><a href=\"http:\/\/www.desteptati-va.ro\/wp-content\/uploads\/2011\/05\/David-Rockefeller-bilderberg-group.jpg\"><img loading=\"lazy\" decoding=\"async\" class=\" wp-image-1938\" title=\"David Rockefeller\" src=\"http:\/\/www.desteptati-va.ro\/wp-content\/uploads\/2011\/05\/David-Rockefeller-bilderberg-group-300x225.jpg\" alt=\"David Rockefeller\" width=\"385\" height=\"289\"><\/a><figcaption id=\"caption-attachment-1938\" class=\"wp-caption-text\">David Rockefeller<\/figcaption><\/figure>\n<h4 style=\"text-align: justify;\">Primul protagonsit al legendarei saga a familiei Rockefeller a fost John Davison Rockefeller, care s-a n\u0103scut \u00een 1839, la Richford (New York), \u00eentr-o familie care descindea din imigran\u021bi iudeo-germani, sosi\u021bi \u00een Statele Unite \u00een 1733. Dup\u0103 o lung\u0103 experien\u021b\u0103 \u00een domeniul petrolier, acesta a \u00eenfiin\u021bat de unul singur compania Standard Oil \u0219i, plec\u00e2nd de la ea, a fost protagonistul unei ascensiuni imparabile, care a culminat cu domina\u021bia practic absolut\u0103 a trustului Rockefeller \u00een industria petrolului. \u00cen aceast\u0103 ascensiune, \u0219i-a zdrobit concuren\u021bii prin tot soiul de vicle\u0219uguri, extorsiuni, mituiri \u0219i ilegalit\u0103\u021bi. Expresia preferat\u0103 a fondatorului dinastiei era \u201eDumnezeu s\u0103 binecuv\u00e2nteze Standard Oil\u201d, iar lozinca imperiului s\u0103u economic este: \u201ePentru binele omenirii\u201d. Una dintre c\u0103ile prin care \u0219i-a consolidat imperiul a fost penetrarea b\u0103ncilor, care a culminat \u00een 1955 cu fuziunea dintre Chase National Bank \u0219i Bank of the Manhattan Company, legat\u0103 de grupul Warburg, din care a rezultat Chase Manhattan Bank, prezidat\u0103, \u00eencep\u00e2nd din 1969, de David Rockefeller, nepotul fondatorului dinastiei \u0219i actualul patriarh. Tat\u0103l d\u0103u, John John D. Rockerfeller, a creat o serie de funda\u021bii filantropice, c\u0103rora le-a transferat mare parte din activele sale. De pild\u0103, men\u021bion\u0103m c\u0103 Funda\u021bia Rockefeller a primit patru milioane de ac\u021biuni de la Standard oil din New Jersey \u0219i dou\u0103 milioane de titluri de la Standard Oil din Indiana. De\u0219i primul care a \u00eentrez\u0103rit avantajele filantropiei moderne a fost sco\u021bianul Andrew Carnegie, familia Rockefeller avea s\u0103 profite mai mult din acest \u00eenstrument valoros, fiindc\u0103 nu le-a folosit doar pentru a-\u0219i \u00eembun\u0103t\u0103\u021bi imaginea, ci \u0219i pentru a-\u0219i camufla regl\u0103rile de conturi anti-trust. Ca \u0219i cum n-ar fi destul, funda\u021biile sunt scutite de plata impozitelor.<\/h4>\n<h4 style=\"text-align: justify;\">Aceste institu\u021bii au dispus \u00een ultimele cinci decenii de o putere \u0219i o influen\u021b\u0103 hot\u0103r\u00e2toare \u00een elita politic\u0103 \u0219i financiar\u0103 mondial\u0103, c\u0103ci de la ele au provenit majoritatea actan\u021bilor politicii americane din aceast\u0103 perioad\u0103. \u0218i cei din perioada postbelic\u0103, dar \u0219i cei care au preluat \u0219tafeta \u00een genera\u021bia urm\u0103toare, veneau direct din organele de conducere ale funda\u021biilor, m\u0103 refer la Walt W. Rostow, Zbigniew Brezezinski \u0219i Henry Kissinger.<\/h4>\n<h4 style=\"text-align: justify;\">\u00cenc\u0103 din 1936, Funda\u021bia Rockefeller era un precursor \u00een domeniul controlului natalit\u0103\u021bii. Morala epocii nu cadra cu asimilarea teoriilor anticonceptive, dar trecerea timpului \u0219i o campanie propagandistic\u0103 eficient\u0103 au \u00eenl\u0103turat nenum\u0103rate obstacole \u00een calea acestora. \u201eLa sf\u00e2r\u0219itul anilor 1950, controlul natalit\u0103\u021bii ajunsese una dintre priorit\u0103\u021bile politicii externe americane\u201d, arat\u0103 scriitorul Martin Lozano. \u201e\u00centr-at\u00e2t, \u00eenc\u00e2t \u00een 1958, Departamentul de Stat a adoptat teza general\u0103 conform c\u0103reia tocmai cre\u0219terea demografic\u0103 era cel mai mare obstacol al dezvolt\u0103rii economice \u0219i sociale \u0219i al men\u021binerii stabilit\u0103\u021bii politice \u00een \u021b\u0103rile Lumii a treia. Mare parte din bugetul alocat de administra\u021bia american\u0103 controlului natalit\u0103\u021bii \u00een zonele subdezvoltate provenea tradi\u021bional de la Funda\u021biile Ford \u0219i Rockefeller, al c\u0103ror proverbial altruism se manifest\u0103 li \u00een lumea occidental\u0103 prin aportul multimilionarilor la cauza favorabil\u0103 avortului.<\/h4>\n<h4 style=\"text-align: justify;\">Pe aceea\u0219i cale, Funda\u021biile Rockefeller au finan\u021bat mi\u0219c\u0103ri pseudospirituale moderne, \u0219i chiar secte precum Hare Krishna. David Rockefeller a subven\u021bionat personal felurite societ\u0103\u021bi pseudo-ini\u021biatice, care dau asigur\u0103ri c\u0103 reprezint\u0103 tradi\u021bia pierdut\u0103, cum e cazul celei numite AMORC.<\/h4>\n<h4 style=\"text-align: justify;\">Clanul subven\u021bioneaz\u0103 \u0219i campaniile politice ale candida\u021bilor apropia\u021bi cauzei. \u00cen 1950, Robert Taft, candidat la pre\u0219eden\u021bie, a denun\u021bat faptul c\u0103 \u201e\u00eencep\u00e2nd din 1936, pe to\u021bi candida\u021bii republicani la pre\u0219edin\u021bia Statelor Unite i-a nominalizat Chase Manhattan Bank\u201d. Puterea lui David Rockefeller s-a \u00eentins asupra unei imense re\u021bele de influen\u021be \u0219i rela\u021bii sociale, \u021besute \u00een spa\u021biu \u0219i timp de c\u0103tre funda\u021biile trustului, ca \u0219i asupra posturilor de prim\u0103 categorie ocupate \u00een organiza\u021bii precum Round Table, Consiliul Rela\u021biilor Externe, Comisia Trilateral\u0103 ori Clubul Bilderberg, f\u0103r\u0103 a mai pomeni de pre\u0219edin\u021bia B\u0103ncii Chase Manhattan. Autentica sa putere nu rezid\u0103 \u00een organiza\u021biile politice, ci \u00een organismele de acest tip. \u00cen cartea sa autobiografic\u0103 intitulat\u0103 <em>Random Reminiscenses<\/em>, David Rockefeller a afirmat c\u0103, \u201euna dintre institu\u021biile care ne-a ajutat cel mai mult a fost Departamentul de Stat\u201d.<\/h4>\n<h4 style=\"text-align: justify;\">Clanul Rockefeller n-a ezitat s\u0103 ob\u021bin\u0103 beneficii din momentele cele mai delicate care au caracterizat aceste ultime secole, negociind cu criminali \u0219i dicatori de tot soiul, \u00een vremuri de pace dar \u0219i de r\u0103zboi. At\u00e2t R\u0103zboiul din Vietnam, c\u00e2t \u0219i cel arabo-israelian din 1973, au provocat numeroase denun\u021buri, \u00een care trusturile petroliere (printre ele, EXON \u0219i SOCONY ale lui Rockefeller) erau acuzate c\u0103 ob\u021bineau beneficii din prima, \u0219i o promovau pe a doua, \u00een scopul de a determina cre\u0219terea pre\u021burilor la \u021bi\u021bei. A\u0219a au afirmat jurnalul <em>Washington Observer <\/em>\u0219i jurnalistul de investiga\u021bie C. Baker \u00een cartea sa intitulat\u0103 <em>Rockefeller \u0219i marea fars\u0103 a crizei energetice<\/em> (The Great Rockefeller Energy Hoax, 1974).<\/h4>\n<h4 style=\"text-align: justify;\">\u00cempreun\u0103 cu Funda\u021bia Carnegie, clanul a finan\u021bat programe de selec\u021bie rasial\u0103 \u0219i eugenie \u00een Germania nazist\u0103.<\/h4>\n<h4 style=\"text-align: justify;\">Pe plan interna\u021bional, David Rockefeller este cel mai cunoscut membru al clanului. Din anii 1960 \u0219i p\u00e2n\u0103 ast\u0103zi, el a dat ocol planetei \u00een avionul cu reac\u021bie personal, pentru a se \u00eent\u00e2lni \u0219i negocia cu \u0219efi de stat \u0219i prim-mini\u0219tri de orice sorginte ideologic\u0103. Peste tot a fost primit cu respect reveren\u021bios, mai ales \u00een \u021b\u0103rile fostului lag\u0103r sovietic. Aceast\u0103 ultim\u0103 circumstan\u021b\u0103 a fost comentat\u0103 de George Gilder, un intim al familiei, \u00een urm\u0103torii termeni: \u201eC\u00e2nd David se duce \u00een Rusia, e tratat ca un rege. \u0218i e curios c\u0103 nimeni nu-i \u00een stare s\u0103 fac\u0103 reveren\u021be, s\u0103 laude \u0219i s\u0103 prosl\u0103veasc\u0103 un Rockefeller la fel de bine ca marxi\u0219tii\u201d.<\/h4>\n<h4 style=\"text-align: justify;\">Timp de treizeci \u0219i cinci de ani, acest membru al prolificei dinastii a fost pre\u0219edinte al Chase Manhattan Bank, de unde a extins \u00een \u00eentreaga lume urzeala de interese economico-politice a Statelor unite. \u00cen plus, de\u0219i este acuzat c\u0103 a men\u021binut rela\u021bii obscure cu dicatatori de talia lui Saddam Hussein \u0219i Augusto Pinochet, se ap\u0103r\u0103 astfel \u00een autobiografia sa: \u201eMi-ar pl\u0103cea s\u0103 fi f\u0103cut lucrurile mai bine, dar n-am f\u0103cut nimic at\u00e2t de grozav, \u00eenc\u00e2t s\u0103 m\u0103 c\u0103iesc\u201d. Prefer\u0103 s\u0103 fie cunoscut pentru mecenat \u0219i binefaceri, duse la bun sf\u00e2r\u0219it prin intermediul Funda\u021biei Rockefeller.<\/h4>\n<h4 style=\"text-align: justify;\">Dup\u0103 cum noteaz\u0103 cercet\u0103torul Jim Marrs, \u201eperspectiva unei singure lumi\u201d a familiei Rockefeller este men\u021bionat\u0103 \u00een raportul anual din 1997 al Funda\u021biei. Nepoata lui David, Abby M. O`Neil, pe atunci pre\u0219edinta acesteia, a scris c\u0103 Funda\u021bia avea drept scop: \u201epromovarea unei strategii mondiale cu o perspectiv\u0103 global\u0103 explicit\u0103 \u0219i un accent pus pe convergen\u021ba acordurilor na\u021bionale \u0219i interna\u021bionale\u201d.<\/h4>\n<h3 style=\"text-align: justify;\"><strong>Familia Rotschild<\/strong><\/h3>\n<h4 style=\"text-align: justify;\">Pe l\u00e2ng\u0103 Rockefeller, mai exist\u0103 pe arena interna\u021bional\u0103 un nume-cheie: Rotschild. De origine iudeo-german\u0103, numele acestei familii este protagonistul evenimentelor politico-economice din ultimele dou\u0103 secole, deoarece ea este unul dintre responsabilii implica\u021bi \u00een modelarea lumii de azi.<\/h4>\n<h4 style=\"text-align: justify;\"><\/h4>\n<figure id=\"attachment_1939\" aria-describedby=\"caption-attachment-1939\" style=\"width: 376px\" class=\"wp-caption aligncenter\"><a href=\"http:\/\/www.desteptati-va.ro\/wp-content\/uploads\/2011\/05\/Rotschilds_arms.jpg\"><img loading=\"lazy\" decoding=\"async\" class=\" wp-image-1939\" title=\"Blazonul familiei Rotschild\" src=\"http:\/\/www.desteptati-va.ro\/wp-content\/uploads\/2011\/05\/Rotschilds_arms.jpg\" alt=\"Blazonul familiei Rotschild\" width=\"376\" height=\"359\"><\/a><figcaption id=\"caption-attachment-1939\" class=\"wp-caption-text\">Blazonul familiei Rotschild<\/figcaption><\/figure>\n<h4 style=\"text-align: justify;\">Mayer Amschel (1744-1812), francmason important, a \u00eenfiin\u021bat la Frankfurt o cas\u0103 bancar\u0103 specializat\u0103 \u00een afacerile care aveau s\u0103 fac\u0103 familia bogat\u0103 \u0219i puternic\u0103: creditul acordat caselor regale, de\u0219i familia a f\u0103cut avere \u0219i cu comer\u021bul pe scar\u0103 larg\u0103 (bunuri de lux, furnituri militare), contrabanda, plecula financiar\u0103, schimburile interna\u021bionale \u0219i decontarea poli\u021belor. Dup\u0103 unii cercet\u0103tori, averea familiei s-a n\u0103scut plec\u00e2nd de la banii lui Wilhelm al IX-lea, care vindea mercenari germani celor ce luptau contra independen\u021bei Americii. Dup\u0103 cum scrie David Icke, clanul \u201ea dob\u00e2ndit controlul B\u0103ncii Angliei. Dac\u0103 se purta un r\u0103zboi, familia Rotschild era \u00een spatele acestuia, stimul\u00e2nd conflictul \u0219i finan\u021b\u00e2nd ambele tabere\u201d.<\/h4>\n<h4 style=\"text-align: justify;\"><\/h4>\n<figure id=\"attachment_1940\" aria-describedby=\"caption-attachment-1940\" style=\"width: 325px\" class=\"wp-caption aligncenter\"><a href=\"http:\/\/www.desteptati-va.ro\/wp-content\/uploads\/2011\/05\/MayerRothschild.jpg\"><img loading=\"lazy\" decoding=\"async\" class=\" wp-image-1940\" title=\"Mayer Amschel Rotschild\" src=\"http:\/\/www.desteptati-va.ro\/wp-content\/uploads\/2011\/05\/MayerRothschild.jpg\" alt=\"Mayer Amschel Rotschild\" width=\"325\" height=\"478\"><\/a><figcaption id=\"caption-attachment-1940\" class=\"wp-caption-text\">Mayer Amschel Rotschild<\/figcaption><\/figure>\n<h4 style=\"text-align: justify;\">Din motivele rasiale \u0219i antiseminte existente \u00een epoc\u0103, Mayer \u0219i-a schimbat numele originar, Bauer, \u00een cel de Rotschild, pe care l-a luat de la scutul ro\u0219u (<em>rot schild<\/em>) care \u00eempodobea casa unde locuiser\u0103 str\u0103mo\u0219ii lui \u00een ghetoul din Frankfurt. La \u00eenceputurile industrializ\u0103rii europene, familia Rotschild s-a consacrat cu succes \u0219i finan\u021b\u0103rii unor sectoare \u00een dezvoltare, precum c\u0103ile ferate, mineritul, metalurgia.<\/h4>\n<h4 style=\"text-align: justify;\">Epoca r\u0103zboaielor din preajama Revolu\u021biei franceze \u0219i a imperiului napoleonian (1972-1815) i-a permis lui Mayer Amschel s\u0103-\u0219i extind\u0103 afacerea \u00een \u00eentreaga Europ\u0103, s\u0103 deschid\u0103 sucursale conduse de cei cinci fii (a mai avut, \u00een puls, \u0219i cinci fiice); cel mai mare dintre ei, Amschel Mayer (1773-1855) a r\u0103mas la casa central\u0103 din Frankfurt, ajut\u00e2ndu-\u0219i tat\u0103l \u0219i lu\u00e2ndu-i locul dup\u0103 moarte.<\/h4>\n<h4 style=\"text-align: justify;\"><\/h4>\n<figure id=\"attachment_1941\" aria-describedby=\"caption-attachment-1941\" style=\"width: 343px\" class=\"wp-caption aligncenter\"><a href=\"http:\/\/www.desteptati-va.ro\/wp-content\/uploads\/2011\/05\/Amschel_Mayer_Rothschild.jpg\"><img loading=\"lazy\" decoding=\"async\" class=\" wp-image-1941\" title=\"Amschel Mayer Rotschild\" src=\"http:\/\/www.desteptati-va.ro\/wp-content\/uploads\/2011\/05\/Amschel_Mayer_Rothschild.jpg\" alt=\"Amschel Mayer Rotschild\" width=\"343\" height=\"411\"><\/a><figcaption id=\"caption-attachment-1941\" class=\"wp-caption-text\">Amschel Mayer Rotschild<\/figcaption><\/figure>\n<h4 style=\"text-align: justify;\">Al doilea fiu al fondatorului, Salomon Amschel (1774-1855), a creat \u00een 1820 sucursala din Viena, care a r\u0103mas deschis\u0103 p\u00e2n\u0103 c\u00e2nd nazi\u0219tii au anexat Austria, iar el a fugit de persecu\u021bia antisemit\u0103 (1934). Pentu serviciile aduse de familia Rotschild casei imperiale de Habsburg, aceasta i-a \u00eenobilat, f\u0103c\u00e2ndu-i baroni pe cei cinci fii ai lui Mayer Amschel.<\/h4>\n<h4 style=\"text-align: justify;\"><\/h4>\n<figure id=\"attachment_1942\" aria-describedby=\"caption-attachment-1942\" style=\"width: 405px\" class=\"wp-caption aligncenter\"><a href=\"http:\/\/www.desteptati-va.ro\/wp-content\/uploads\/2011\/05\/Salomon_Rothschild.jpg\"><img loading=\"lazy\" decoding=\"async\" class=\" wp-image-1942\" title=\"Salomon Amschel Rotschild\" src=\"http:\/\/www.desteptati-va.ro\/wp-content\/uploads\/2011\/05\/Salomon_Rothschild.jpg\" alt=\"Salomon Amschel Rotschild\" width=\"405\" height=\"485\"><\/a><figcaption id=\"caption-attachment-1942\" class=\"wp-caption-text\">Salomon Amschel Rotschild<\/figcaption><\/figure>\n<h4 style=\"text-align: justify;\">Al treilea dintre ei, Nathan (1777-1836), s-a ocupat de prima sucursal\u0103 deschis\u0103 \u00een str\u0103in\u0103tate, cea din Anglia (1804), instalat\u0103 ma \u00eent\u00e2i la Manchaster, \u0219i mai t\u00e2rziu la Londra, unde func\u021bioneaz\u0103 \u0219i acum. Ramura britanic\u0103 a familiei Rotschild, integrat\u0103 \u00een via\u021ba na\u021bional\u0103, \u0219i-a asumat conducerea (ereditar\u0103) a evreilor englezi, c\u0103rora le-a oferit primul reprezentant \u00een Parlament.<\/h4>\n<h4 style=\"text-align: justify;\"><\/h4>\n<figure id=\"attachment_1943\" aria-describedby=\"caption-attachment-1943\" style=\"width: 381px\" class=\"wp-caption aligncenter\"><a href=\"http:\/\/www.desteptati-va.ro\/wp-content\/uploads\/2011\/05\/Nathan_Rothschild.jpg\"><img loading=\"lazy\" decoding=\"async\" class=\" wp-image-1943\" title=\"Nathan Rotschild\" src=\"http:\/\/www.desteptati-va.ro\/wp-content\/uploads\/2011\/05\/Nathan_Rothschild.jpg\" alt=\"Nathan Rotschild\" width=\"381\" height=\"457\"><\/a><figcaption id=\"caption-attachment-1943\" class=\"wp-caption-text\">Nathan Rotschild<\/figcaption><\/figure>\n<h4 style=\"text-align: justify;\">Fratele s\u0103u, Karl (1778-1855), a condus sucursala din Napoli, \u00eenchis\u0103 la \u00eenceputul secolului al XX-lea.<\/h4>\n<h4 style=\"text-align: justify;\"><\/h4>\n<figure id=\"attachment_1944\" aria-describedby=\"caption-attachment-1944\" style=\"width: 346px\" class=\"wp-caption aligncenter\"><a href=\"http:\/\/www.desteptati-va.ro\/wp-content\/uploads\/2011\/05\/Carl_Mayer_Rothschild.jpg\"><img loading=\"lazy\" decoding=\"async\" class=\" wp-image-1944\" title=\"Karl Mayer Rotschild\" src=\"http:\/\/www.desteptati-va.ro\/wp-content\/uploads\/2011\/05\/Carl_Mayer_Rothschild.jpg\" alt=\"Karl Mayer Rotschild\" width=\"346\" height=\"415\"><\/a><figcaption id=\"caption-attachment-1944\" class=\"wp-caption-text\">Karl Mayer Rotschild<\/figcaption><\/figure>\n<h4 style=\"text-align: justify;\">Cel mai mic dintre fra\u021bi, James (1792-1868), s-a ocupat de importanta sucursal\u0103 din Paris, fondat\u0103 pe vremea lui Napoleon (1811). Din aceast\u0103 genera\u021bie, James \u0219i Nathan au fost bancherii cei mai califica\u021bi ai familiei, \u0219i, pe l\u00e2ng\u0103 faptul c\u0103 au condus primele dou\u0103 sucursale mai importante, au fost \u0219i liderii consor\u021biului de familie, duc\u00e2ndu-l pe culmi, la calitatea de principal grup bancar mondial, la jum\u0103tatea secolului al XIX-lea. \u00cencep\u00e2nd cu a doua genera\u021bie de bancheri, familia Rotschild a combinat cu abilitate fidelitatea fa\u021b\u0103 de interesele familiei cu inser\u021bia \u00een societ\u0103\u021bile de primire, \u00een ale c\u0103ror cercuri de afaceri au ajuns s\u0103 ocupe pozi\u021bii de conducere. Pentru a men\u021bine coeziunea \u00eentinsei re\u021bele de familie, au practicat frecvent endogamia \u0219i, \u00een orice caz, au \u00eencercat cel pu\u021bin s\u0103 contracteze c\u0103s\u0103torii \u00een cadrul comunit\u0103\u021bii evreie\u0219ti. Cu toate acestea, pozi\u021bia lor hegemonic\u0103 \u00een finan\u021bele europene a \u00eenceput s\u0103 decad\u0103 pe la sf\u00e2r\u0219itul secolului al XIX-lea, \u00een fa\u021ba concuren\u021bei altor grupuri europene \u0219i americane.<\/h4>\n<h4 style=\"text-align: justify;\"><\/h4>\n<figure id=\"attachment_1945\" aria-describedby=\"caption-attachment-1945\" style=\"width: 349px\" class=\"wp-caption aligncenter\"><a href=\"http:\/\/www.desteptati-va.ro\/wp-content\/uploads\/2011\/05\/James_Mayer_Rothschild.jpg\"><img loading=\"lazy\" decoding=\"async\" class=\" wp-image-1945\" title=\"James Mayer Rotschild\" src=\"http:\/\/www.desteptati-va.ro\/wp-content\/uploads\/2011\/05\/James_Mayer_Rothschild-205x300.jpg\" alt=\"James Mayer Rotschild\" width=\"349\" height=\"511\"><\/a><figcaption id=\"caption-attachment-1945\" class=\"wp-caption-text\">James Mayer Rotschild<\/figcaption><\/figure>\n<h4 style=\"text-align: justify;\">Alt sprijin a fost oferit imperiului s\u0103u financiar de c\u0103tre Prin\u021bul de Thurn und Taxis, care de\u021binea monopolul po\u0219telor, \u0219i i-a putut informa despre con\u021binutul scrisorilor ce f\u0103ceau cunoscute date-cheie, \u00eenainte ca acestea s\u0103 parvin\u0103 guvernului. Leg\u0103tura lor de putere se v\u0103de\u0219te \u00een urm\u0103toarea anecdot\u0103: Mayer Rotschild lucra la biroul s\u0103u, c\u00e2nd sose\u0219te Prin\u021bul: \u201eLua\u021bi-v\u0103 un scaun\u201d, \u00eel invit\u0103. Musafirul reac\u021bioneaz\u0103 orgolios: \u201eSunt Prin\u021bul de Thurn und Taxis!\u201d. Rotschild \u00eei replic\u0103 senin: \u201eFoarte bine, atunci lua\u021bi-v\u0103 dou\u0103 scaune!\u201d.<\/h4>\n<h4 style=\"text-align: justify;\">Rotschild a \u00een\u021beles foarte repede valoarea informa\u021biilor, organiz\u00e2nd propriul serviciu de po\u0219t\u0103. Dup\u0103 \u00eenfr\u00e2ngerea lui Napoleon la Waterloo, a c\u00e2\u0219tigat milioane la bursa din Londra, deoarece Nathan Rotschild era informat despre cursul evenimentelor cu c\u00e2teva ore \u00eenaintea guvernului.<\/h4>\n<h4 style=\"text-align: justify;\">Dup\u0103 moartea lui Mayer Amschel, \u00een 1812, secretarul lui Metternich a scris: \u201eEi sunt evrei obi\u0219nui\u021bi \u0219i ignoran\u021bi, cu un aer respectabil. Dar au un instinct valoros, care \u00eei ajut\u0103 s\u0103 intuiasc\u0103 ceea ce este corect \u0219i, dintre dou\u0103 lucruri corecte, pe cel mai bun. Sunt cei mai boga\u021bi oameni din Europa\u201d.<\/h4>\n<h4 style=\"text-align: justify;\">Familia Rotschild a simpatizat cu cauza sionist\u0103 \u0219i a fost cea mai mare protectoare a evreilor care, f\u0103c\u00e2nd pionierat, au emigrat \u00een Palestina, pentru a se stabili acolo \u00een calitate de coloni\u0219ti. Este important\u0103 \u00een acest sens activitatea unuia dintre fiii lui James, Edmond (1845-1934), care a finan\u021bat crearea celei de-a doua colonii evreie\u0219ti \u00een Israel, alc\u0103tuit\u0103 din emigran\u021bi sosi\u021bi din Rusia, c\u00e2nd Palestina mai era \u00eenc\u0103 sub domina\u021bie turceasc\u0103: Rizhon LeZiyyon (1882). Un neport de-al lui Nathan, Lionel (1868-1937), a fost un cunoscut zoolog (de\u0219i se ocupa \u00een paralel \u0219i de afaceri bancare) \u0219i fondator al Muzeului de Istorie Natural\u0103 Rotschild din Londra. A fost membru al Camerei Comunelor \u0219i unul dintre marii adep\u021bi ai sionismului. Lui i-a adresat Lordul Balfour o scrisoare, \u00een care guvernul britanic se declara dispus s\u0103 creeze un \u201ec\u0103min na\u021bional\u201d pentru everi \u00een Palestina. (Declara\u021bia Balfour din 1917, fundamentul ulterior al statului Israel).<\/h4>\n<h4 style=\"text-align: justify;\">Tot banii (sub form\u0103 de \u00eemprumuturi) familiei Rotschild au ajutat \u0219i la lansarea familiei Rockfeller.<\/h4>\n<h4 style=\"text-align: justify;\"><em>Material preluat din cartea \u201eClubul Bilderberg. Stapanii lumii\u201d de Cristina Martin<\/em><\/h4>        <div class=\"booster-block booster-reactions-block\">\n            <div class=\"twp-reactions-icons\">\n                \n                <div class=\"twp-reacts-wrap\">\n                    <a react-data=\"be-react-1\" post-id=\"3589\" class=\"be-face-icons un-reacted\" href=\"javascript:void(0)\">\n                        <img decoding=\"async\" src=\"https:\/\/desteptati-va.ro\/wp-content\/plugins\/booster-extension\/\/assets\/icon\/happy.svg\" alt=\"Happy\">\n                    <\/a>\n                    <div class=\"twp-reaction-title\">\n                        Happy                    <\/div>\n                    <div class=\"twp-count-percent\">\n                                                    <span style=\"display: none;\" class=\"twp-react-count\">0<\/span>\n                        \n                                                <span class=\"twp-react-percent\"><span>0<\/span> %<\/span>\n                                            <\/div>\n                <\/div>\n\n                <div class=\"twp-reacts-wrap\">\n                    <a react-data=\"be-react-2\" post-id=\"3589\" class=\"be-face-icons un-reacted\" href=\"javascript:void(0)\">\n                        <img decoding=\"async\" src=\"https:\/\/desteptati-va.ro\/wp-content\/plugins\/booster-extension\/\/assets\/icon\/sad.svg\" alt=\"Sad\">\n                    <\/a>\n                    <div class=\"twp-reaction-title\">\n                        Sad                    <\/div>\n                    <div class=\"twp-count-percent\">\n                                                    <span style=\"display: none;\" class=\"twp-react-count\">0<\/span>\n                                                                        <span class=\"twp-react-percent\"><span>0<\/span> %<\/span>\n                                            <\/div>\n                <\/div>\n\n                <div class=\"twp-reacts-wrap\">\n                    <a react-data=\"be-react-3\" post-id=\"3589\" class=\"be-face-icons un-reacted\" href=\"javascript:void(0)\">\n                        <img decoding=\"async\" src=\"https:\/\/desteptati-va.ro\/wp-content\/plugins\/booster-extension\/\/assets\/icon\/excited.svg\" alt=\"Excited\">\n                    <\/a>\n                    <div class=\"twp-reaction-title\">\n                        Excited                    <\/div>\n                    <div class=\"twp-count-percent\">\n                                                    <span style=\"display: none;\" class=\"twp-react-count\">0<\/span>\n                                                                        <span class=\"twp-react-percent\"><span>0<\/span> %<\/span>\n                                            <\/div>\n                <\/div>\n\n                <div class=\"twp-reacts-wrap\">\n                    <a react-data=\"be-react-6\" post-id=\"3589\" class=\"be-face-icons un-reacted\" href=\"javascript:void(0)\">\n                        <img decoding=\"async\" src=\"https:\/\/desteptati-va.ro\/wp-content\/plugins\/booster-extension\/\/assets\/icon\/sleepy.svg\" alt=\"Sleepy\">\n                    <\/a>\n                    <div class=\"twp-reaction-title\">\n                        Sleepy                    <\/div>\n                    <div class=\"twp-count-percent\">\n                                                    <span style=\"display: none;\" class=\"twp-react-count\">0<\/span>\n                        \n                                                <span class=\"twp-react-percent\"><span>0<\/span> %<\/span>\n                                            <\/div>\n                <\/div>\n\n                <div class=\"twp-reacts-wrap\">\n                    <a react-data=\"be-react-4\" post-id=\"3589\" class=\"be-face-icons un-reacted\" href=\"javascript:void(0)\">\n                        <img decoding=\"async\" src=\"https:\/\/desteptati-va.ro\/wp-content\/plugins\/booster-extension\/\/assets\/icon\/angry.svg\" alt=\"Angry\">\n                    <\/a>\n                    <div class=\"twp-reaction-title\">Angry<\/div>\n                    <div class=\"twp-count-percent\">\n                                                    <span style=\"display: none;\" class=\"twp-react-count\">0<\/span>\n                                                                        <span class=\"twp-react-percent\"><span>0<\/span> %<\/span>\n                        \n                    <\/div>\n                <\/div>\n\n                <div class=\"twp-reacts-wrap\">\n                    <a react-data=\"be-react-5\" post-id=\"3589\" class=\"be-face-icons un-reacted\" href=\"javascript:void(0)\">\n                        <img decoding=\"async\" src=\"https:\/\/desteptati-va.ro\/wp-content\/plugins\/booster-extension\/\/assets\/icon\/surprise.svg\" alt=\"Surprise\">\n                    <\/a>\n                    <div class=\"twp-reaction-title\">Surprise<\/div>\n                    <div class=\"twp-count-percent\">\n                                                    <span style=\"display: none;\" class=\"twp-react-count\">0<\/span>\n                                                                        <span class=\"twp-react-percent\"><span>0<\/span> %<\/span>\n                                            <\/div>\n                <\/div>\n\n            <\/div>\n        <\/div>\n\n    <\/div>","protected":false},"excerpt":{"rendered":"<p>La 15 septembrie 1971, John Rarick, membru al Congresului American, a dezv\u0103luit \u00een Camera Reprezentan\u021bilor adev\u0103rata politic\u0103 promovat\u0103 de Clubul<a href=\"https:\/\/desteptati-va.ro\/index.php\/2021\/04\/15\/fondatorii-clubului-bilderberg\/\">Read More<i class=\"fa fa-long-arrow-right\" aria-hidden=\"true\"><\/i><\/a><\/p>\n","protected":false},"author":1,"featured_media":4538,"comment_status":"open","ping_status":"open","sticky":false,"template":"","format":"standard","meta":{"_crdt_document":"","footnotes":""},"categories":[33,32,28],"tags":[451,452,453,454,455,456,59,60,457,458,459,460,461,462,463,464,465],"class_list":["post-3589","post","type-post","status-publish","format-standard","has-post-thumbnail","hentry","category-clubul-bilderberg","category-din-istoria-lumii","category-secvente-istorice","tag-bernhard","tag-bilderberg","tag-club","tag-clubul-bilderberg","tag-complot","tag-conducere","tag-desteptati","tag-desteptati-va","tag-intelegere","tag-kissinger","tag-lume","tag-modern","tag-olanda","tag-rockefeller","tag-rotschild","tag-sclavi","tag-stapanire"],"rise-blocks_total_comments":0,"rise-blocks_categories":[{"term_id":33,"name":"Clubul Bilderberg","slug":"clubul-bilderberg","term_group":0,"term_taxonomy_id":33,"taxonomy":"category","description":"","parent":32,"count":4,"filter":"raw"}],"rise-blocks_excerpt":"La 15 septembrie 1971, John Rarick, membru al Congresului American, a dezv\u0103luit \u00een Camera Reprezentan\u021bilor adev\u0103rata politic\u0103 promovat\u0103 de Clubul Bildenberg, dup\u0103 modelul plin de scucces al Planului Marshall: \u201eSub pretext c\u0103 sus\u021binea ajutorul pentru Europa, el le impunea negociatorilor interna\u021bionali ai CFR (Council of Foreign Relations \u2013 Consiliul Relatiilor Externe) o elit\u0103 de conducere\u201d. Printre participan\u021bii europeni la prima..","yoast_head":"<!-- This site is optimized with the Yoast SEO plugin v26.9 - https:\/\/yoast.com\/product\/yoast-seo-wordpress\/ -->\r\n<title>Fondatorii Clubului Bilderberg -<\/title>\r\n<meta name=\"robots\" content=\"index, follow, max-snippet:-1, max-image-preview:large, max-video-preview:-1\" \/>\r\n<link rel=\"canonical\" href=\"https:\/\/desteptati-va.ro\/index.php\/2021\/04\/15\/fondatorii-clubului-bilderberg\/\" \/>\r\n<meta property=\"og:locale\" content=\"ro_RO\" \/>\r\n<meta property=\"og:type\" content=\"article\" \/>\r\n<meta property=\"og:title\" content=\"Fondatorii Clubului Bilderberg -\" \/>\r\n<meta property=\"og:description\" content=\"La 15 septembrie 1971, John Rarick, membru al Congresului American, a dezv\u0103luit \u00een Camera Reprezentan\u021bilor adev\u0103rata politic\u0103 promovat\u0103 de ClubulRead More\" \/>\r\n<meta property=\"og:url\" content=\"https:\/\/desteptati-va.ro\/index.php\/2021\/04\/15\/fondatorii-clubului-bilderberg\/\" \/>\r\n<meta property=\"article:published_time\" content=\"2021-04-15T10:59:18+00:00\" \/>\r\n<meta property=\"article:modified_time\" content=\"2022-01-19T07:04:34+00:00\" \/>\r\n<meta property=\"og:image\" content=\"https:\/\/desteptati-va.ro\/wp-content\/uploads\/2021\/04\/Bilderberg.jpg\" \/>\r\n\t<meta property=\"og:image:width\" content=\"300\" \/>\r\n\t<meta property=\"og:image:height\" content=\"168\" \/>\r\n\t<meta property=\"og:image:type\" content=\"image\/jpeg\" \/>\r\n<meta name=\"author\" content=\"wolfsoftcompany\" \/>\r\n<meta name=\"twitter:card\" content=\"summary_large_image\" \/>\r\n<meta name=\"twitter:label1\" content=\"Scris de\" \/>\n\t<meta name=\"twitter:data1\" content=\"wolfsoftcompany\" \/>\n\t<meta name=\"twitter:label2\" content=\"Timp estimat pentru citire\" \/>\n\t<meta name=\"twitter:data2\" content=\"18 minute\" \/>\r\n<script type=\"application\/ld+json\" class=\"yoast-schema-graph\">{\"@context\":\"https:\/\/schema.org\",\"@graph\":[{\"@type\":\"Article\",\"@id\":\"https:\/\/desteptati-va.ro\/index.php\/2021\/04\/15\/fondatorii-clubului-bilderberg\/#article\",\"isPartOf\":{\"@id\":\"https:\/\/desteptati-va.ro\/index.php\/2021\/04\/15\/fondatorii-clubului-bilderberg\/\"},\"author\":{\"name\":\"wolfsoftcompany\",\"@id\":\"https:\/\/desteptati-va.ro\/#\/schema\/person\/13182deeebd44920914899f7bb262d6b\"},\"headline\":\"Fondatorii Clubului Bilderberg\",\"datePublished\":\"2021-04-15T10:59:18+00:00\",\"dateModified\":\"2022-01-19T07:04:34+00:00\",\"mainEntityOfPage\":{\"@id\":\"https:\/\/desteptati-va.ro\/index.php\/2021\/04\/15\/fondatorii-clubului-bilderberg\/\"},\"wordCount\":3698,\"commentCount\":0,\"image\":{\"@id\":\"https:\/\/desteptati-va.ro\/index.php\/2021\/04\/15\/fondatorii-clubului-bilderberg\/#primaryimage\"},\"thumbnailUrl\":\"https:\/\/desteptati-va.ro\/wp-content\/uploads\/2021\/04\/Bilderberg.jpg\",\"keywords\":[\"Bernhard\",\"Bilderberg\",\"Club\",\"Clubul Bilderberg\",\"complot\",\"conducere\",\"desteptati\",\"desteptati-va\",\"intelegere\",\"Kissinger\",\"lume\",\"modern\",\"Olanda\",\"Rockefeller\",\"Rotschild\",\"sclavi\",\"stapanire\"],\"articleSection\":[\"Clubul Bilderberg\",\"Din Istoria Lumii\",\"Secvente Istorice\"],\"inLanguage\":\"ro-RO\",\"potentialAction\":[{\"@type\":\"CommentAction\",\"name\":\"Comment\",\"target\":[\"https:\/\/desteptati-va.ro\/index.php\/2021\/04\/15\/fondatorii-clubului-bilderberg\/#respond\"]}]},{\"@type\":\"WebPage\",\"@id\":\"https:\/\/desteptati-va.ro\/index.php\/2021\/04\/15\/fondatorii-clubului-bilderberg\/\",\"url\":\"https:\/\/desteptati-va.ro\/index.php\/2021\/04\/15\/fondatorii-clubului-bilderberg\/\",\"name\":\"Fondatorii Clubului Bilderberg -\",\"isPartOf\":{\"@id\":\"https:\/\/desteptati-va.ro\/#website\"},\"primaryImageOfPage\":{\"@id\":\"https:\/\/desteptati-va.ro\/index.php\/2021\/04\/15\/fondatorii-clubului-bilderberg\/#primaryimage\"},\"image\":{\"@id\":\"https:\/\/desteptati-va.ro\/index.php\/2021\/04\/15\/fondatorii-clubului-bilderberg\/#primaryimage\"},\"thumbnailUrl\":\"https:\/\/desteptati-va.ro\/wp-content\/uploads\/2021\/04\/Bilderberg.jpg\",\"datePublished\":\"2021-04-15T10:59:18+00:00\",\"dateModified\":\"2022-01-19T07:04:34+00:00\",\"author\":{\"@id\":\"https:\/\/desteptati-va.ro\/#\/schema\/person\/13182deeebd44920914899f7bb262d6b\"},\"breadcrumb\":{\"@id\":\"https:\/\/desteptati-va.ro\/index.php\/2021\/04\/15\/fondatorii-clubului-bilderberg\/#breadcrumb\"},\"inLanguage\":\"ro-RO\",\"potentialAction\":[{\"@type\":\"ReadAction\",\"target\":[\"https:\/\/desteptati-va.ro\/index.php\/2021\/04\/15\/fondatorii-clubului-bilderberg\/\"]}]},{\"@type\":\"ImageObject\",\"inLanguage\":\"ro-RO\",\"@id\":\"https:\/\/desteptati-va.ro\/index.php\/2021\/04\/15\/fondatorii-clubului-bilderberg\/#primaryimage\",\"url\":\"https:\/\/desteptati-va.ro\/wp-content\/uploads\/2021\/04\/Bilderberg.jpg\",\"contentUrl\":\"https:\/\/desteptati-va.ro\/wp-content\/uploads\/2021\/04\/Bilderberg.jpg\",\"width\":300,\"height\":168},{\"@type\":\"BreadcrumbList\",\"@id\":\"https:\/\/desteptati-va.ro\/index.php\/2021\/04\/15\/fondatorii-clubului-bilderberg\/#breadcrumb\",\"itemListElement\":[{\"@type\":\"ListItem\",\"position\":1,\"name\":\"Prima pagin\u0103\",\"item\":\"https:\/\/desteptati-va.ro\/\"},{\"@type\":\"ListItem\",\"position\":2,\"name\":\"Fondatorii Clubului Bilderberg\"}]},{\"@type\":\"WebSite\",\"@id\":\"https:\/\/desteptati-va.ro\/#website\",\"url\":\"https:\/\/desteptati-va.ro\/\",\"name\":\"\",\"description\":\"\",\"potentialAction\":[{\"@type\":\"SearchAction\",\"target\":{\"@type\":\"EntryPoint\",\"urlTemplate\":\"https:\/\/desteptati-va.ro\/?s={search_term_string}\"},\"query-input\":{\"@type\":\"PropertyValueSpecification\",\"valueRequired\":true,\"valueName\":\"search_term_string\"}}],\"inLanguage\":\"ro-RO\"},{\"@type\":\"Person\",\"@id\":\"https:\/\/desteptati-va.ro\/#\/schema\/person\/13182deeebd44920914899f7bb262d6b\",\"name\":\"wolfsoftcompany\",\"image\":{\"@type\":\"ImageObject\",\"inLanguage\":\"ro-RO\",\"@id\":\"https:\/\/desteptati-va.ro\/#\/schema\/person\/image\/\",\"url\":\"https:\/\/secure.gravatar.com\/avatar\/a6cce9b6d101d27d91690e7073e300fed94c0899890bf998e082cb9d2c3d121e?s=96&d=mm&r=g\",\"contentUrl\":\"https:\/\/secure.gravatar.com\/avatar\/a6cce9b6d101d27d91690e7073e300fed94c0899890bf998e082cb9d2c3d121e?s=96&d=mm&r=g\",\"caption\":\"wolfsoftcompany\"},\"sameAs\":[\"http:\/\/desteptati-va.ro\"],\"url\":\"https:\/\/desteptati-va.ro\/index.php\/author\/wolfsoftcompany\/\"}]}<\/script>\r\n<!-- \/ Yoast SEO plugin. -->","yoast_head_json":{"title":"Fondatorii Clubului Bilderberg -","robots":{"index":"index","follow":"follow","max-snippet":"max-snippet:-1","max-image-preview":"max-image-preview:large","max-video-preview":"max-video-preview:-1"},"canonical":"https:\/\/desteptati-va.ro\/index.php\/2021\/04\/15\/fondatorii-clubului-bilderberg\/","og_locale":"ro_RO","og_type":"article","og_title":"Fondatorii Clubului Bilderberg -","og_description":"La 15 septembrie 1971, John Rarick, membru al Congresului American, a dezv\u0103luit \u00een Camera Reprezentan\u021bilor adev\u0103rata politic\u0103 promovat\u0103 de ClubulRead More","og_url":"https:\/\/desteptati-va.ro\/index.php\/2021\/04\/15\/fondatorii-clubului-bilderberg\/","article_published_time":"2021-04-15T10:59:18+00:00","article_modified_time":"2022-01-19T07:04:34+00:00","og_image":[{"width":300,"height":168,"url":"https:\/\/desteptati-va.ro\/wp-content\/uploads\/2021\/04\/Bilderberg.jpg","type":"image\/jpeg"}],"author":"wolfsoftcompany","twitter_card":"summary_large_image","twitter_misc":{"Scris de":"wolfsoftcompany","Timp estimat pentru citire":"18 minute"},"schema":{"@context":"https:\/\/schema.org","@graph":[{"@type":"Article","@id":"https:\/\/desteptati-va.ro\/index.php\/2021\/04\/15\/fondatorii-clubului-bilderberg\/#article","isPartOf":{"@id":"https:\/\/desteptati-va.ro\/index.php\/2021\/04\/15\/fondatorii-clubului-bilderberg\/"},"author":{"name":"wolfsoftcompany","@id":"https:\/\/desteptati-va.ro\/#\/schema\/person\/13182deeebd44920914899f7bb262d6b"},"headline":"Fondatorii Clubului Bilderberg","datePublished":"2021-04-15T10:59:18+00:00","dateModified":"2022-01-19T07:04:34+00:00","mainEntityOfPage":{"@id":"https:\/\/desteptati-va.ro\/index.php\/2021\/04\/15\/fondatorii-clubului-bilderberg\/"},"wordCount":3698,"commentCount":0,"image":{"@id":"https:\/\/desteptati-va.ro\/index.php\/2021\/04\/15\/fondatorii-clubului-bilderberg\/#primaryimage"},"thumbnailUrl":"https:\/\/desteptati-va.ro\/wp-content\/uploads\/2021\/04\/Bilderberg.jpg","keywords":["Bernhard","Bilderberg","Club","Clubul Bilderberg","complot","conducere","desteptati","desteptati-va","intelegere","Kissinger","lume","modern","Olanda","Rockefeller","Rotschild","sclavi","stapanire"],"articleSection":["Clubul Bilderberg","Din Istoria Lumii","Secvente Istorice"],"inLanguage":"ro-RO","potentialAction":[{"@type":"CommentAction","name":"Comment","target":["https:\/\/desteptati-va.ro\/index.php\/2021\/04\/15\/fondatorii-clubului-bilderberg\/#respond"]}]},{"@type":"WebPage","@id":"https:\/\/desteptati-va.ro\/index.php\/2021\/04\/15\/fondatorii-clubului-bilderberg\/","url":"https:\/\/desteptati-va.ro\/index.php\/2021\/04\/15\/fondatorii-clubului-bilderberg\/","name":"Fondatorii Clubului Bilderberg -","isPartOf":{"@id":"https:\/\/desteptati-va.ro\/#website"},"primaryImageOfPage":{"@id":"https:\/\/desteptati-va.ro\/index.php\/2021\/04\/15\/fondatorii-clubului-bilderberg\/#primaryimage"},"image":{"@id":"https:\/\/desteptati-va.ro\/index.php\/2021\/04\/15\/fondatorii-clubului-bilderberg\/#primaryimage"},"thumbnailUrl":"https:\/\/desteptati-va.ro\/wp-content\/uploads\/2021\/04\/Bilderberg.jpg","datePublished":"2021-04-15T10:59:18+00:00","dateModified":"2022-01-19T07:04:34+00:00","author":{"@id":"https:\/\/desteptati-va.ro\/#\/schema\/person\/13182deeebd44920914899f7bb262d6b"},"breadcrumb":{"@id":"https:\/\/desteptati-va.ro\/index.php\/2021\/04\/15\/fondatorii-clubului-bilderberg\/#breadcrumb"},"inLanguage":"ro-RO","potentialAction":[{"@type":"ReadAction","target":["https:\/\/desteptati-va.ro\/index.php\/2021\/04\/15\/fondatorii-clubului-bilderberg\/"]}]},{"@type":"ImageObject","inLanguage":"ro-RO","@id":"https:\/\/desteptati-va.ro\/index.php\/2021\/04\/15\/fondatorii-clubului-bilderberg\/#primaryimage","url":"https:\/\/desteptati-va.ro\/wp-content\/uploads\/2021\/04\/Bilderberg.jpg","contentUrl":"https:\/\/desteptati-va.ro\/wp-content\/uploads\/2021\/04\/Bilderberg.jpg","width":300,"height":168},{"@type":"BreadcrumbList","@id":"https:\/\/desteptati-va.ro\/index.php\/2021\/04\/15\/fondatorii-clubului-bilderberg\/#breadcrumb","itemListElement":[{"@type":"ListItem","position":1,"name":"Prima pagin\u0103","item":"https:\/\/desteptati-va.ro\/"},{"@type":"ListItem","position":2,"name":"Fondatorii Clubului Bilderberg"}]},{"@type":"WebSite","@id":"https:\/\/desteptati-va.ro\/#website","url":"https:\/\/desteptati-va.ro\/","name":"","description":"","potentialAction":[{"@type":"SearchAction","target":{"@type":"EntryPoint","urlTemplate":"https:\/\/desteptati-va.ro\/?s={search_term_string}"},"query-input":{"@type":"PropertyValueSpecification","valueRequired":true,"valueName":"search_term_string"}}],"inLanguage":"ro-RO"},{"@type":"Person","@id":"https:\/\/desteptati-va.ro\/#\/schema\/person\/13182deeebd44920914899f7bb262d6b","name":"wolfsoftcompany","image":{"@type":"ImageObject","inLanguage":"ro-RO","@id":"https:\/\/desteptati-va.ro\/#\/schema\/person\/image\/","url":"https:\/\/secure.gravatar.com\/avatar\/a6cce9b6d101d27d91690e7073e300fed94c0899890bf998e082cb9d2c3d121e?s=96&d=mm&r=g","contentUrl":"https:\/\/secure.gravatar.com\/avatar\/a6cce9b6d101d27d91690e7073e300fed94c0899890bf998e082cb9d2c3d121e?s=96&d=mm&r=g","caption":"wolfsoftcompany"},"sameAs":["http:\/\/desteptati-va.ro"],"url":"https:\/\/desteptati-va.ro\/index.php\/author\/wolfsoftcompany\/"}]}},"_links":{"self":[{"href":"https:\/\/desteptati-va.ro\/index.php\/wp-json\/wp\/v2\/posts\/3589","targetHints":{"allow":["GET"]}}],"collection":[{"href":"https:\/\/desteptati-va.ro\/index.php\/wp-json\/wp\/v2\/posts"}],"about":[{"href":"https:\/\/desteptati-va.ro\/index.php\/wp-json\/wp\/v2\/types\/post"}],"author":[{"embeddable":true,"href":"https:\/\/desteptati-va.ro\/index.php\/wp-json\/wp\/v2\/users\/1"}],"replies":[{"embeddable":true,"href":"https:\/\/desteptati-va.ro\/index.php\/wp-json\/wp\/v2\/comments?post=3589"}],"version-history":[{"count":2,"href":"https:\/\/desteptati-va.ro\/index.php\/wp-json\/wp\/v2\/posts\/3589\/revisions"}],"predecessor-version":[{"id":4539,"href":"https:\/\/desteptati-va.ro\/index.php\/wp-json\/wp\/v2\/posts\/3589\/revisions\/4539"}],"wp:featuredmedia":[{"embeddable":true,"href":"https:\/\/desteptati-va.ro\/index.php\/wp-json\/wp\/v2\/media\/4538"}],"wp:attachment":[{"href":"https:\/\/desteptati-va.ro\/index.php\/wp-json\/wp\/v2\/media?parent=3589"}],"wp:term":[{"taxonomy":"category","embeddable":true,"href":"https:\/\/desteptati-va.ro\/index.php\/wp-json\/wp\/v2\/categories?post=3589"},{"taxonomy":"post_tag","embeddable":true,"href":"https:\/\/desteptati-va.ro\/index.php\/wp-json\/wp\/v2\/tags?post=3589"}],"curies":[{"name":"wp","href":"https:\/\/api.w.org\/{rel}","templated":true}]}}