{"id":3592,"date":"2021-04-15T11:02:32","date_gmt":"2021-04-15T11:02:32","guid":{"rendered":"http:\/\/desteptati.ro\/?p=3592"},"modified":"2021-04-15T11:02:32","modified_gmt":"2021-04-15T11:02:32","slug":"cum-a-luat-nastere-clubul-bilderberg","status":"publish","type":"post","link":"https:\/\/desteptati-va.ro\/index.php\/2021\/04\/15\/cum-a-luat-nastere-clubul-bilderberg\/","title":{"rendered":"Cum a luat na\u0219tere Clubul Bilderberg"},"content":{"rendered":"<div class=\"post-content\"><div class='booster-block booster-read-block'>\n                <div class=\"twp-read-time\">\n                \t<i class=\"booster-icon twp-clock\"><\/i> <span>Read Time:<\/span>9 Minute, 56 Second                <\/div>\n\n            <\/div><h4 style=\"text-align: justify;\">Joseph Retinger a fost ideologul \u0219i promotorul Clubului Bildenberg. \u00cen 1952, c\u00e2nd a revenit \u00een Europa dintr-un voiaj f\u0103cut \u00een SUA, i-a cerut prietenului s\u0103u, Prin\u021bul Bernhard de Olanda, tat\u0103l actualei Regine, Beatrix, s\u0103-l ajute s\u0103-i atrag\u0103 pe liderii NATO s\u0103 participe, al\u0103turi de al\u021bi lideri mondiali, la o dezbatere deschis\u0103 \u0219i sincer\u0103 pe teme interna\u021bionale. Prin\u021bul era \u00een str\u00e2ns\u0103 leg\u0103tur\u0103 cu \u00eenalte cercuri financiare \u0219i politice occidentale, ca m\u00e2n\u0103 forte a Casei de Orange-Nassau, din care face parte familia regal\u0103 a Olandei (posesoarea uneia dintre cele mai mari averi din lume), \u00een care a intrat prin c\u0103s\u0103toria cu Prin\u021besa Juliana. Bernhard a primit propunerea cu mare entuziasm, c\u0103ci dezbaterile cu privire la prezent \u0219i schi\u021barea viitorului, mai \u00eent\u00e2i al Europei \u0219i Americii, apoi al lumii, erau ceva emo\u021bionant.<\/h4>\r\n<h4 style=\"text-align: justify;\"><\/h4>\r\n<figure id=\"attachment_1924\" aria-describedby=\"caption-attachment-1924\" style=\"width: 315px\" class=\"wp-caption aligncenter\"><a href=\"http:\/\/www.desteptati-va.ro\/wp-content\/uploads\/2011\/05\/retinger-sepia.jpg\"><img loading=\"lazy\" decoding=\"async\" class=\" wp-image-1924\" title=\"Joseph Retinger\" src=\"http:\/\/www.desteptati-va.ro\/wp-content\/uploads\/2011\/05\/retinger-sepia-257x300.jpg\" alt=\"Joseph Retinger\" width=\"315\" height=\"368\" \/><\/a><figcaption id=\"caption-attachment-1924\" class=\"wp-caption-text\">Joseph Retinger<\/figcaption><\/figure>\r\n<h4 style=\"text-align: justify;\">\u00cen vederea acestui nou proiect, Retinger \u0219i-a contactat cunoscu\u021bii americani, David Rockefeller, ambasadorul William Averrell Harriman \u0219i directorul CIA, generalul Walter Bedell Smith, care, dup\u0103 ce i-a auzit propunerea, i-a r\u0103spuns: \u201eDe ce naiba n-ai venit la mine?\u201d. CIA s-a implicat profund \u00een organizarea Clubului Bilderberg \u0219i de atunci a p\u0103strat eficient secretul at\u00e2t al existen\u021bei acestuia, c\u00e2t \u0219i al obiectivelor interne \u0219i securit\u0103\u021bii membrilor s\u0103i.<\/h4>\r\n<h4 style=\"text-align: justify;\"><\/h4>\r\n<figure id=\"attachment_1925\" aria-describedby=\"caption-attachment-1925\" style=\"width: 309px\" class=\"wp-caption aligncenter\"><a href=\"http:\/\/www.desteptati-va.ro\/wp-content\/uploads\/2011\/05\/Prince_Bernhard_1942.jpg\"><img loading=\"lazy\" decoding=\"async\" class=\" wp-image-1925\" title=\"Printul Bernhard al Olandei\" src=\"http:\/\/www.desteptati-va.ro\/wp-content\/uploads\/2011\/05\/Prince_Bernhard_1942-239x300.jpg\" alt=\"Printul Bernhard al Olandei\" width=\"309\" height=\"388\" \/><\/a><figcaption id=\"caption-attachment-1925\" class=\"wp-caption-text\">Printul Bernhard al Olandei<\/figcaption><\/figure>\r\n<h4 style=\"text-align: justify;\">Alt participant activ la punerea \u00een mi\u0219care a clubului a fost Paul Rijkens, pre\u0219edintele firmei multina\u021bionale Unilever, una dintre cele mai mari \u0219i puternice companii capitaliste din lume. Recomand consultarea pagini sale web (<a href=\"http:\/\/www.unilever.com\/\">www.unilever.com<\/a>) pentru \u00een\u021belegerea expansiunii \u0219i importan\u021bei sale pe glob. Rijkens avea str\u00e2nse leg\u0103turi cu Banca Rotterdam \u0219i compania de electrocasnice Phillips.<\/h4>\r\n<h4 style=\"text-align: justify;\">Bedell Smith l-a pus pe Retinger \u00een contact cu Charles D. Jackson, consilier special al pre\u0219edintelui Eisenhower \u0219i al CIA \u00een materie de atacuri psihologice de r\u0103zboi. Jackson era pre\u0219edintele Comitetului pentru Europa Liber\u0103 (precursorul Congresului pentru Libertate Cultural\u0103, CCF), care finan\u021ba opera\u021biunile \u0219i organizarea intelectualilor \u0219i oamenilor politici social-democra\u021bi \u0219i anti-comuni\u0219ti; a condus postul de radio Europa Liber\u0103 \u00een Germania, finan\u021bat de CIA.<\/h4>\r\n<h4 style=\"text-align: justify;\">\u00cen prealabil, fusese redactorul-\u0219ef al revistei <em>Fortune <\/em>\u0219i directorul administrativ al revistei <em>Life.<\/em> \u00cen plus, avea str\u00e2nse leg\u0103turi cu clanul Rockefeller. Nu \u00eent\u00e2mpl\u0103tor, principalul finan\u021bator al Clubului a fost magnatul David Rockefeller, care poate fi considerat, \u00eenc\u0103 de la \u00eenceput, membrul american cheie din Bilderberg. Era pre\u0219edinte al Chase Manhattan Bank, membru al CFR, al Consiliului pentru Afaceri, al Consiliului SUA, al Camerei de Comer\u021bi Interna\u021bional \u0219i fondatorul Comisiei Trilaterale. Alte contribu\u021bii economice importante au fost aduse de familia de evrei de origine englez\u0103 Rotschild.<\/h4>\r\n<h4 style=\"text-align: justify;\"><\/h4>\r\n<figure id=\"attachment_1926\" aria-describedby=\"caption-attachment-1926\" style=\"width: 435px\" class=\"wp-caption aligncenter\"><a href=\"http:\/\/www.desteptati-va.ro\/wp-content\/uploads\/2011\/05\/ccf-logo.jpg\"><img loading=\"lazy\" decoding=\"async\" class=\" wp-image-1926\" title=\"Sigla CFR - Council of Foreign Relations\" src=\"http:\/\/www.desteptati-va.ro\/wp-content\/uploads\/2011\/05\/ccf-logo-300x225.jpg\" alt=\"Sigla CFR - Council of Foreign Relations\" width=\"435\" height=\"326\" \/><\/a><figcaption id=\"caption-attachment-1926\" class=\"wp-caption-text\">Sigla CFR &#8211; Council of Foreign Relations<\/figcaption><\/figure>\r\n<h4 style=\"text-align: justify;\">Printre documentele g\u0103site \u00een biroul personal al lui Jackson, la moartea acestuia, \u0219i oferite de c\u0103tre so\u021bia sa Bibliotecii Eisenhower \u00een 2005, figurau documentele secrete ale \u00eentrunirilor Clubului Bilderberg. \u00cen timp ce Prin\u021bul Bernhard \u0219i Retinger preg\u0103teau lista invita\u021bilor din \u021b\u0103rile europene, Jackson o controla pe cea american\u0103. Din comitetul american f\u0103ceau parte, printre al\u021bii, Dean Rusk, Henry Heinz-fiul \u0219i Joseph Johnson. \u00cen logistic\u0103 s-a f\u0103cut sim\u021bit ajutorul lui Henry Kissinger, care \u00eencepuse s\u0103 lucreze \u00eenc\u0103 de pe atunci pentru Rockefeller. De\u0219i ideea a fost primit\u0103 cu mare entuziasm de c\u0103tre pre\u0219edintele Truman, primul grup american n-a fost gata p\u00e2n\u0103 \u00een timpul administra\u021biei Eisenhower.<\/h4>\r\n<h3 style=\"text-align: justify;\"><strong>Prima \u00eentrunire \u0219i defini\u021bia oficial\u0103<\/strong><\/h3>\r\n<h4 style=\"text-align: justify;\">Prima \u00eentrunire oficial\u0103 a Clubului Bilderberg a avut loc \u00eentre 29 \u0219i 31 mai 1954, \u00een localitatea olandez\u0103 Oosterbeek. Cu ocazia acesteia, grupul \u0219i-a luat numele de la amfitrionul s\u0103u, Hotelul Bilderberg, al c\u0103rui proprietar era Prin\u021bul Bernhard. Suveranul, av\u00e2nd str\u00e2nse leg\u0103turi cu Shell Oil \u0219i cu holdingul interna\u021bional Societe Generale din Belgia, a fost gazd\u0103 \u0219i maestru de ceremonii.<\/h4>\r\n<h4 style=\"text-align: justify;\"><\/h4>\r\n<figure id=\"attachment_1927\" aria-describedby=\"caption-attachment-1927\" style=\"width: 429px\" class=\"wp-caption aligncenter\"><a href=\"http:\/\/www.desteptati-va.ro\/wp-content\/uploads\/2011\/05\/image.jpg\"><img loading=\"lazy\" decoding=\"async\" class=\" wp-image-1927\" title=\"Joseph Raymond McCarthy\" src=\"http:\/\/www.desteptati-va.ro\/wp-content\/uploads\/2011\/05\/image.jpg\" alt=\"Joseph Raymond McCarthy\" width=\"429\" height=\"342\" \/><\/a><figcaption id=\"caption-attachment-1927\" class=\"wp-caption-text\">Joseph Raymond McCarthy<\/figcaption><\/figure>\r\n<h4 style=\"text-align: justify;\">\u00cen cursul primei \u00eent\u00e2lniri, participan\u021bii \u0219i-au manifestat indignarea fa\u021b\u0103 de politica macabr\u0103 a senatorului Joseph Raymond McCarthy, \u0219i \u201ev\u00e2n\u0103toarea de vr\u0103jitoare\u201d coceput\u0103 de acesta. Ideologia lui na\u021bionalist\u0103 bloca drumul planurilor globale ale celor prezen\u021bi \u0219i numero\u0219i europeni \u0219i-au manifestat teama \u00een leg\u0103tur\u0103 cu posibilitatea ca SUA s\u0103 evolueze spre o dictatur\u0103 fascist\u0103. \u00cen a treia zi, Prin\u021bul Bernhard a anun\u021bat: \u201eDe\u0219i nu figura pe agend\u0103, s-a vorbit at\u00e2t de mult despre mccarthism c\u0103, dac\u0103 vom avea timp, am s\u0103 cer ca Jackson s\u0103 expun\u0103 opinia american\u0103 despre el\u201d. C.D. Jackson a domolit temerile manifestate de o serie de <em>bilderbergi <\/em>europeni, d\u00e2nd asigur\u0103ri: \u201eFie c\u0103 moare de glon\u021bul unui asasin, fie c\u0103 dispare \u00een modul tradi\u021bional american, v\u0103 spun c\u0103, atunci c\u00e2nd vom asista la urm\u0103toarea noastr\u0103 \u00eentrunire, McCarthy va fi disp\u0103rut de pe scena american\u0103\u201d. McCarthy a murit \u00een 1957, \u00een urma unor complica\u021bii derivate din alcoolismul s\u0103u cronic, dup\u0103 cum au men\u021bionat surse oficiale, dar \u00eenainte fusese criticat de c\u0103tre Senat, perz\u00e2ndu-\u0219i \u00eentreg prestigiul \u0219i puterea. Toate acestea i-au convins pe europeni c\u0103 americanii se \u021bineau de cuv\u00e2nt.<\/h4>\r\n<h4 style=\"text-align: justify;\">Un participant la \u00eentrunirea inaugural\u0103, Jorge McGhee de la Departamentul de Stat al SUA a declarat c\u0103 \u201ediferendele cele mai aprige \u00eentre europeni \u0219i americani s-au risipit \u00eenc\u0103 de la prima \u00eentrunire a Clubului Bilderberg. De atunci, n-a mai existat nic\u00e2nd un conflict at\u00e2t de \u00eend\u00e2rjit \u00eentre noi \u0219i Europa\u201d.<\/h4>\r\n<h4 style=\"text-align: justify;\"><\/h4>\r\n<figure id=\"attachment_1928\" aria-describedby=\"caption-attachment-1928\" style=\"width: 385px\" class=\"wp-caption aligncenter\"><a href=\"http:\/\/www.desteptati-va.ro\/wp-content\/uploads\/2011\/05\/Portrait_of_George_C._McGhee.jpg\"><img loading=\"lazy\" decoding=\"async\" class=\" wp-image-1928\" title=\"Jorge McGhee\" src=\"http:\/\/www.desteptati-va.ro\/wp-content\/uploads\/2011\/05\/Portrait_of_George_C._McGhee-239x300.jpg\" alt=\"Jorge McGhee\" width=\"385\" height=\"483\" \/><\/a><figcaption id=\"caption-attachment-1928\" class=\"wp-caption-text\">Jorge McGhee<\/figcaption><\/figure>\r\n<h4 style=\"text-align: justify;\">Secretarul lui Retinger, John Pomian, a rememorat \u00eentr-o carte a sa momente de la acea \u00eent\u00e2lnire: \u201eTotul era foarte nou \u0219i diferit. Ne-am dus \u00een Olanda. Nu existau reporteri, iar securitatea era cople\u0219itoare, cu g\u0103rzi \u00een fiecare col\u021b din hotel. La deschidere, to\u021bi erau nelini\u0219ti\u021bi, nervo\u0219i, \u0219i se priveau de sus \u00een jos ca st\u0103inii. Se temeau s\u0103 nu spun\u0103 ceva \u00een plus. Prin\u021bul Bernhard mergea de la unul la altul, afi\u0219\u00e2ndu-\u0219i farmecul personal. Treptat, atmosfera s-a destins, iar cei de fa\u021b\u0103 au \u00eenceput s\u0103 converseze \u00eentre ei. Prin\u021bul \u0219i-a p\u0103strat calmul \u0219i, c\u00e2nd a sim\u021bit c\u0103 \u00eencordarea cre\u0219tea, i-a f\u0103cut pe to\u021bi s\u0103 se destind\u0103 cu c\u00e2te o fraz\u0103 ingenioas\u0103, ori \u0219i-a impus autoritatea. De\u0219i este un b\u0103rbat \u00eenc\u00e2nt\u0103tor, \u0219tie s\u0103 fie \u0219i sever. Reimpunea ordinea \u00eentr-un mod at\u00e2t de subtil, c\u0103 nimeni nu se putea sim\u021bi ofensat\u201d.<\/h4>\r\n<h4 style=\"text-align: justify;\">Din cauza presiunilor pe care diferite organisme de pres\u0103 le-au exercitat pentru ca enigmaticul Club Bilderberg s\u0103-\u0219i deschid\u0103 por\u021bile pentru public, \u00een 1989, acesta a emis o sever\u0103 not\u0103 informativ\u0103 \u00een care, dup\u0103 ce \u0219i-a schi\u021bat sumar originile, \u0219i-a rezumat motivul primei \u00eentruniri \u00een urm\u0103torii termeni: \u201e\u00cent\u00e2lnirea a reflectat \u00eengrijorarea multor cet\u0103\u021beni americani importan\u021bi de pe ambele \u021b\u0103rmuri ale Atlanticului cu privire la faptul c\u0103 Europa Occidental\u0103 \u0219i SUA nu colaborau pe c\u00e2t de str\u00e2ns ar fi trebuit \u00een chestiuni de importan\u021b\u0103 critic\u0103. S-a c\u0103zut de acord asupra faptului c\u0103, \u00een dezbaterea regulat\u0103 \u0219i extraoficial\u0103, ar fi de ajutor s\u0103 se promoveze o mai bun\u0103 \u00een\u021belegere \u00eentre for\u021bele \u0219i tendin\u021bele principale, care afectaser\u0103 na\u021biunile occidentale \u00een dificila perioad\u0103 postbelic\u0103\u201d. Rezultatul a fost at\u00e2t de bun, c\u0103 ei au hot\u0103r\u00e2t s\u0103 se re\u00eent\u00e2lneasc\u0103 anual, at\u00e2t pentru a evalua rezultatele m\u0103surilor stabilite la \u00eent\u00e2lnirea prealabil\u0103, c\u00e2t \u0219i pentru a avansa, fix\u00e2nd mereu noi obiective.<\/h4>\r\n<h4 style=\"text-align: justify;\">\u00cen acela\u0219i stil, Clubul s-a definit drept \u201eo institu\u021bie care urm\u0103re\u0219te \u00eent\u0103rirea unit\u0103\u021bii nord-atlatnice, fr\u00e2narea expansionismului sovietic, promovarea cooper\u0103rii \u0219i dezvolt\u0103rii economice a \u021b\u0103rilor din zona occidental\u0103\u201d. Dar, \u00een spatele vorbelor \u0219i inten\u021biilor, se ascundeau \u0219i metodele ce urmau s\u0103 fie flosite \u00een vederea ducerii la bun sf\u00e2r\u0219it a str\u00e2nsei \u00een\u021belegeri dintre \u021b\u0103rile occidentale \u0219i adev\u0103ratele lor \u021beluri.<\/h4>\r\n<h4 style=\"text-align: justify;\">Conform defini\u021biei, observ\u0103m c\u0103 natura Clubului este suprana\u021bional\u0103 iar obiectivul s\u0103u constitutiv a fost acela de a-i uni pe membrii Alian\u021bei Nord-Atlantice (NATO) \u00een scopul realiz\u0103rii politicilor externe ale acestora, dup\u0103 \u00eencheierea celui de-al Doilea R\u0103zboi Mondial. Cum s-a dovedit dup\u0103 mul\u021bi ani, aceste preocup\u0103ri se traduc \u00een visul tuturor <em>bilderbergilor<\/em> de a realiza unitatea mondial\u0103, edific\u00e2nd o planet\u0103 omogen\u0103, guvernat\u0103 de normele \u0219i principiile lor, \u00een care s\u0103 pun\u0103 bazele unui nou statu-quo. Odat\u0103 cu constantele transform\u0103ri sociale, \u021belurile lor ini\u021biale s-au schimbat, lu\u00e2nd-o \u00eenaintea, \u0219i, uneori, adapt\u00e2ndu-se evolu\u021biei \u00een timp.<\/h4>\r\n<h4 style=\"text-align: justify;\">Dar se crease deja o institu\u021bie care urm\u0103rea \u00eent\u0103rirea armoniei \u00een zona occidental\u0103, Alian\u021ba Nord-Atlantic\u0103 (1949), a\u0219a c\u0103 ce rost mai avea, oare, \u00eenfiin\u021barea alteia, adic\u0103 a Clubului Bilderberg? De ce at\u00e2ta mister, doar \u00een scopul armoniz\u0103rii politicilor de pe ambele \u021b\u0103rmuri ale Atlanticului? \u00cenc\u0103 de la \u00eenceput, \u00een s\u00e2nul Clubului Bilderberg, miza a fost mai mare dec\u00e2t ni s-a spus oficial.<\/h4>\r\n<h3 style=\"text-align: justify;\"><strong>Clubul Bilderberg a fost fondat \u00een Olanda<\/strong><\/h3>\r\n<h4 style=\"text-align: justify;\">Faptul c\u0103 acest Club a v\u0103zut lumina zilei \u00een Olanda nu \u00eenseamn\u0103 c\u0103 cet\u0103\u021benii din \u021a\u0103rile de Jos sunt mai informa\u021bi \u00een privin\u021ba lui. Din contr\u0103, cu excep\u021bia c\u00e2torva, ei \u00eemp\u0103rt\u0103\u0219esc ignoran\u021ba restului lumii. \u201e\u00cen Olanda, exist\u0103 foarte pu\u021bine informa\u021bii referitoare la Clubul Bilderberg\u201d, explic\u0103 Gerrit Jan, corespondentul ziarului olandez <em>De Telegraaf<\/em> \u00een Spania. \u201eDac\u0103 r\u0103scole\u0219ti prin colec\u021biile de ziare ale bibliotecilor\u201d, adaug\u0103 el, \u201enu g\u0103se\u0219ti aproape nimic. La \u00eenceput, to\u021bi voiau s\u0103 \u0219tie ce coceau marile capitale ale lumii \u00een Hotelul Bilderberg, dar Prin\u021bul a \u021binut \u00eentotdeauna presa la distan\u021b\u0103, cu excep\u021bia c\u00e2torva medii importante ale sectoarelor conservatoare. Dac\u0103 \u00eel \u00eentrebi pe olandezul de r\u00e2nd despre Club, el \u00ee\u021bi va r\u0103spunde c\u0103 a fost creat \u00een 1954, \u0219i cam at\u00e2t. Dar nici presa olandez\u0103 nu prea pune astfel de \u00eentreb\u0103ri. Totu\u021bi, aceasta nu justific\u0103 faptul c\u0103 noi, jurnali\u0219tii olandezi, nu \u0219tim c\u0103 Clubul Bilderberg a fost fondat \u00een scopul unirii marilor capitale din Europa \u0219i SUA. De atunci, toate \u00eentrunirile anuale au avut loc \u00eentr-un climat de discre\u021bie \u0219i lips\u0103 de transparen\u021b\u0103\u201d.<\/h4>\r\n<h3 style=\"text-align: justify;\"><strong>Marii preo\u021bi ai capitalismului<\/strong><\/h3>\r\n<h4 style=\"text-align: justify;\">Banca Rotschild, Rockefeller \u0219i Henry Kissinger au f\u0103cut \u00eenc\u0103 de la \u00eenceput parte din s\u00e2mburele tare al grupului; au fost trei piese-cheie \u00een decursul istoriei, iar unii i-au botezat \u201emarii preo\u021bi ai capitalismului\u201d. Treptat s-a reu\u0219it ca la acest Club s\u0103 adere c\u00e2t mai multe persoane investite cu putere \u0219i influen\u021b\u0103, \u0219i, \u00een aceea\u0219i m\u0103sur\u0103, s\u0103 i se \u00eens\u0103n\u0103to\u0219easc\u0103 r\u00e2ndurile, sc\u0103p\u00e2nd de participan\u021bii care \u00eei interesau mai pu\u021bin, ori nu le erau prea utili.<\/h4>\r\n<h4 style=\"text-align: justify;\"><\/h4>\r\n<figure id=\"attachment_1929\" aria-describedby=\"caption-attachment-1929\" style=\"width: 383px\" class=\"wp-caption aligncenter\"><a href=\"http:\/\/www.desteptati-va.ro\/wp-content\/uploads\/2011\/05\/david_rockefeller.jpg\"><img loading=\"lazy\" decoding=\"async\" class=\" wp-image-1929\" title=\"David Rockefeller\" src=\"http:\/\/www.desteptati-va.ro\/wp-content\/uploads\/2011\/05\/david_rockefeller-246x300.jpg\" alt=\"David Rockefeller\" width=\"383\" height=\"468\" \/><\/a><figcaption id=\"caption-attachment-1929\" class=\"wp-caption-text\">David Rockefeller<\/figcaption><\/figure>\r\n<h4 style=\"text-align: justify;\">David Rockefeller, fondator \u0219i al Comisiei Trilaterale, a definit cel mai exact \u021belul ocult al Clubului Bilderberg: \u201eCeva trebuie s\u0103 ia locul guvernelor, iar puterea privat\u0103 mi se pare o institu\u021bie potrivit\u0103 acestui scop\u201d (declara\u021bie f\u0103cut\u0103 public\u0103 la 1 februarie 1999, \u00een <em>Newsweek International<\/em>).<\/h4>\r\n<h4 style=\"text-align: justify;\">De cum s-a n\u0103scut, Clubul Bilderberg a devenit o puternic\u0103 alian\u021b\u0103 secret\u0103, la care aderau magna\u021bi de anvergur\u0103, strategi interna\u021bionali, elita politic\u0103, academic\u0103 \u0219i militar\u0103, \u0219i a c\u0103rei existen\u021b\u0103, sus\u021bine Clubul, salveaz\u0103 hegemonia occidental\u0103 \u0219i reprezentan\u021bii ei \u00een lume. De aceea, \u00een \u00eentrunirile \u0219i domeniile unde \u00ee\u0219i exercit\u0103 influen\u021ba, ace\u0219tia \u00eencearc\u0103, din punctul lor de vedere, s\u0103-i sensibilizeze pe oamenii politici cu privire la nevoile economiei \u0219i sistemului financiar interna\u021bional, \u021bel a c\u0103rui atingere le aduce beneficii incomensurabile.<\/h4>\r\n<h4 style=\"text-align: justify;\">Cursul ulterior al evenimentelor a demonstrat c\u0103 soarta lumii este cu adev\u0103rat hot\u0103r\u00e2t\u0103 tocmai la \u00eentrunirile Clubului Bilderberg. Aceasta folose\u0219te \u0219i alte organiza\u021bii secrete, cu caracteristici similare, pentru a-\u0219i pune \u00een practic\u0103 strategiile. La \u00eentrunirile acestea n-au acces nici martori indiscre\u021bi, nici jurnali\u0219ti care se opun sistemului, \u0219i doar de cur\u00e2nd au \u00eenceput s\u0103 fie admise \u0219i femei. Mul\u021bi sus\u021bin c\u0103 acest club este o asocia\u021bie de sorginte satanic\u0103, implicat\u0103 \u00een rituri mistice \u0219i conspira\u021bii globale. Faptul e par\u021bial adev\u0103rat, adic\u0103, mul\u021bi dintre membrii s\u0103i fac parte \u0219i din societ\u0103\u021bi de acest tip, \u00eens\u0103 trebuie s\u0103 subliniem c\u0103 nu to\u021bi.<\/h4>\r\n<h4 style=\"text-align: justify;\">Putem afirma, totu\u0219i, c\u0103 obiectivele sale se rezum\u0103 la unul singur: \u0219tirbirea progresiv\u0103 a suveranit\u0103\u021bii na\u021bionale \u0219i transferarea acesteia c\u0103tre institu\u021bii cu caracter oligarhic \u0219i transna\u021bional. A\u0219a cum bine a semnalat David Rockefeller, Clubul Bilderberg urm\u0103re\u0219te s\u0103 ob\u021bin\u0103 \u201eo suveranitate suprana\u021bional\u0103 a elitei intelectuale \u0219i a b\u0103ncilor mondiale, care este cu siguran\u021b\u0103 preferabil\u0103 autodetermin\u0103rii na\u021bionale practicat\u0103 \u00een secolele trecute\u201d. O adaptare modern\u0103 a filosofiei aristotelice.<\/h4>\r\n<h4 style=\"text-align: justify;\"><em>Material preluat din cartea \u201eClubul Bilderberg. Stapanii lumii\u201d de Cristina Martin<\/em><\/h4>        <div class=\"booster-block booster-reactions-block\">\n            <div class=\"twp-reactions-icons\">\n                \n                <div class=\"twp-reacts-wrap\">\n                    <a react-data=\"be-react-1\" post-id=\"3592\" class=\"be-face-icons un-reacted\" href=\"javascript:void(0)\">\n                        <img decoding=\"async\" src=\"https:\/\/desteptati-va.ro\/wp-content\/plugins\/booster-extension\/\/assets\/icon\/happy.svg\" alt=\"Happy\">\n                    <\/a>\n                    <div class=\"twp-reaction-title\">\n                        Happy                    <\/div>\n                    <div class=\"twp-count-percent\">\n                                                    <span style=\"display: none;\" class=\"twp-react-count\">0<\/span>\n                        \n                                                <span class=\"twp-react-percent\"><span>0<\/span> %<\/span>\n                                            <\/div>\n                <\/div>\n\n                <div class=\"twp-reacts-wrap\">\n                    <a react-data=\"be-react-2\" post-id=\"3592\" class=\"be-face-icons un-reacted\" href=\"javascript:void(0)\">\n                        <img decoding=\"async\" src=\"https:\/\/desteptati-va.ro\/wp-content\/plugins\/booster-extension\/\/assets\/icon\/sad.svg\" alt=\"Sad\">\n                    <\/a>\n                    <div class=\"twp-reaction-title\">\n                        Sad                    <\/div>\n                    <div class=\"twp-count-percent\">\n                                                    <span style=\"display: none;\" class=\"twp-react-count\">0<\/span>\n                                                                        <span class=\"twp-react-percent\"><span>0<\/span> %<\/span>\n                                            <\/div>\n                <\/div>\n\n                <div class=\"twp-reacts-wrap\">\n                    <a react-data=\"be-react-3\" post-id=\"3592\" class=\"be-face-icons un-reacted\" href=\"javascript:void(0)\">\n                        <img decoding=\"async\" src=\"https:\/\/desteptati-va.ro\/wp-content\/plugins\/booster-extension\/\/assets\/icon\/excited.svg\" alt=\"Excited\">\n                    <\/a>\n                    <div class=\"twp-reaction-title\">\n                        Excited                    <\/div>\n                    <div class=\"twp-count-percent\">\n                                                    <span style=\"display: none;\" class=\"twp-react-count\">0<\/span>\n                                                                        <span class=\"twp-react-percent\"><span>0<\/span> %<\/span>\n                                            <\/div>\n                <\/div>\n\n                <div class=\"twp-reacts-wrap\">\n                    <a react-data=\"be-react-6\" post-id=\"3592\" class=\"be-face-icons un-reacted\" href=\"javascript:void(0)\">\n                        <img decoding=\"async\" src=\"https:\/\/desteptati-va.ro\/wp-content\/plugins\/booster-extension\/\/assets\/icon\/sleepy.svg\" alt=\"Sleepy\">\n                    <\/a>\n                    <div class=\"twp-reaction-title\">\n                        Sleepy                    <\/div>\n                    <div class=\"twp-count-percent\">\n                                                    <span style=\"display: none;\" class=\"twp-react-count\">0<\/span>\n                        \n                                                <span class=\"twp-react-percent\"><span>0<\/span> %<\/span>\n                                            <\/div>\n                <\/div>\n\n                <div class=\"twp-reacts-wrap\">\n                    <a react-data=\"be-react-4\" post-id=\"3592\" class=\"be-face-icons un-reacted\" href=\"javascript:void(0)\">\n                        <img decoding=\"async\" src=\"https:\/\/desteptati-va.ro\/wp-content\/plugins\/booster-extension\/\/assets\/icon\/angry.svg\" alt=\"Angry\">\n                    <\/a>\n                    <div class=\"twp-reaction-title\">Angry<\/div>\n                    <div class=\"twp-count-percent\">\n                                                    <span style=\"display: none;\" class=\"twp-react-count\">0<\/span>\n                                                                        <span class=\"twp-react-percent\"><span>0<\/span> %<\/span>\n                        \n                    <\/div>\n                <\/div>\n\n                <div class=\"twp-reacts-wrap\">\n                    <a react-data=\"be-react-5\" post-id=\"3592\" class=\"be-face-icons un-reacted\" href=\"javascript:void(0)\">\n                        <img decoding=\"async\" src=\"https:\/\/desteptati-va.ro\/wp-content\/plugins\/booster-extension\/\/assets\/icon\/surprise.svg\" alt=\"Surprise\">\n                    <\/a>\n                    <div class=\"twp-reaction-title\">Surprise<\/div>\n                    <div class=\"twp-count-percent\">\n                                                    <span style=\"display: none;\" class=\"twp-react-count\">0<\/span>\n                                                                        <span class=\"twp-react-percent\"><span>0<\/span> %<\/span>\n                                            <\/div>\n                <\/div>\n\n            <\/div>\n        <\/div>\n\n    <\/div>","protected":false},"excerpt":{"rendered":"<p>Joseph Retinger a fost ideologul \u0219i promotorul Clubului Bildenberg. \u00cen 1952, c\u00e2nd a revenit \u00een Europa dintr-un voiaj f\u0103cut \u00een<a href=\"https:\/\/desteptati-va.ro\/index.php\/2021\/04\/15\/cum-a-luat-nastere-clubul-bilderberg\/\">Read More<i class=\"fa fa-long-arrow-right\" aria-hidden=\"true\"><\/i><\/a><\/p>\n","protected":false},"author":1,"featured_media":1431,"comment_status":"open","ping_status":"open","sticky":false,"template":"","format":"standard","meta":{"_crdt_document":"","footnotes":""},"categories":[33,32,28],"tags":[451,452,453,454,455,456,59,60,457,458,459,460,461,462,463,464,465],"class_list":["post-3592","post","type-post","status-publish","format-standard","has-post-thumbnail","hentry","category-clubul-bilderberg","category-din-istoria-lumii","category-secvente-istorice","tag-bernhard","tag-bilderberg","tag-club","tag-clubul-bilderberg","tag-complot","tag-conducere","tag-desteptati","tag-desteptati-va","tag-intelegere","tag-kissinger","tag-lume","tag-modern","tag-olanda","tag-rockefeller","tag-rotschild","tag-sclavi","tag-stapanire"],"rise-blocks_total_comments":0,"rise-blocks_categories":[{"term_id":33,"name":"Clubul Bilderberg","slug":"clubul-bilderberg","term_group":0,"term_taxonomy_id":33,"taxonomy":"category","description":"","parent":32,"count":4,"filter":"raw"}],"rise-blocks_excerpt":"Joseph Retinger a fost ideologul \u0219i promotorul Clubului Bildenberg. \u00cen 1952, c\u00e2nd a revenit \u00een Europa dintr-un voiaj f\u0103cut \u00een SUA, i-a cerut prietenului s\u0103u, Prin\u021bul Bernhard de Olanda, tat\u0103l actualei Regine, Beatrix, s\u0103-l ajute s\u0103-i atrag\u0103 pe liderii NATO s\u0103 participe, al\u0103turi de al\u021bi lideri mondiali, la o dezbatere deschis\u0103 \u0219i sincer\u0103 pe teme interna\u021bionale. Prin\u021bul era \u00een str\u00e2ns\u0103..","yoast_head":"<!-- This site is optimized with the Yoast SEO plugin v26.9 - https:\/\/yoast.com\/product\/yoast-seo-wordpress\/ -->\r\n<title>Cum a luat na\u0219tere Clubul Bilderberg -<\/title>\r\n<meta name=\"robots\" content=\"index, follow, max-snippet:-1, max-image-preview:large, max-video-preview:-1\" \/>\r\n<link rel=\"canonical\" href=\"https:\/\/desteptati-va.ro\/index.php\/2021\/04\/15\/cum-a-luat-nastere-clubul-bilderberg\/\" \/>\r\n<meta property=\"og:locale\" content=\"ro_RO\" \/>\r\n<meta property=\"og:type\" content=\"article\" \/>\r\n<meta property=\"og:title\" content=\"Cum a luat na\u0219tere Clubul Bilderberg -\" \/>\r\n<meta property=\"og:description\" content=\"Joseph Retinger a fost ideologul \u0219i promotorul Clubului Bildenberg. \u00cen 1952, c\u00e2nd a revenit \u00een Europa dintr-un voiaj f\u0103cut \u00eenRead More\" \/>\r\n<meta property=\"og:url\" content=\"https:\/\/desteptati-va.ro\/index.php\/2021\/04\/15\/cum-a-luat-nastere-clubul-bilderberg\/\" \/>\r\n<meta property=\"article:published_time\" content=\"2021-04-15T11:02:32+00:00\" \/>\r\n<meta property=\"og:image\" content=\"https:\/\/desteptati-va.ro\/wp-content\/uploads\/2021\/04\/hotel_bilderberg-e1618484506848.jpg\" \/>\r\n\t<meta property=\"og:image:width\" content=\"304\" \/>\r\n\t<meta property=\"og:image:height\" content=\"201\" \/>\r\n\t<meta property=\"og:image:type\" content=\"image\/jpeg\" \/>\r\n<meta name=\"author\" content=\"wolfsoftcompany\" \/>\r\n<meta name=\"twitter:card\" content=\"summary_large_image\" \/>\r\n<meta name=\"twitter:label1\" content=\"Scris de\" \/>\n\t<meta name=\"twitter:data1\" content=\"wolfsoftcompany\" \/>\n\t<meta name=\"twitter:label2\" content=\"Timp estimat pentru citire\" \/>\n\t<meta name=\"twitter:data2\" content=\"11 minute\" \/>\r\n<script type=\"application\/ld+json\" class=\"yoast-schema-graph\">{\"@context\":\"https:\/\/schema.org\",\"@graph\":[{\"@type\":\"Article\",\"@id\":\"https:\/\/desteptati-va.ro\/index.php\/2021\/04\/15\/cum-a-luat-nastere-clubul-bilderberg\/#article\",\"isPartOf\":{\"@id\":\"https:\/\/desteptati-va.ro\/index.php\/2021\/04\/15\/cum-a-luat-nastere-clubul-bilderberg\/\"},\"author\":{\"name\":\"wolfsoftcompany\",\"@id\":\"https:\/\/desteptati-va.ro\/#\/schema\/person\/13182deeebd44920914899f7bb262d6b\"},\"headline\":\"Cum a luat na\u0219tere Clubul Bilderberg\",\"datePublished\":\"2021-04-15T11:02:32+00:00\",\"mainEntityOfPage\":{\"@id\":\"https:\/\/desteptati-va.ro\/index.php\/2021\/04\/15\/cum-a-luat-nastere-clubul-bilderberg\/\"},\"wordCount\":2203,\"commentCount\":0,\"image\":{\"@id\":\"https:\/\/desteptati-va.ro\/index.php\/2021\/04\/15\/cum-a-luat-nastere-clubul-bilderberg\/#primaryimage\"},\"thumbnailUrl\":\"https:\/\/desteptati-va.ro\/wp-content\/uploads\/2021\/04\/hotel_bilderberg-e1618484506848.jpg\",\"keywords\":[\"Bernhard\",\"Bilderberg\",\"Club\",\"Clubul Bilderberg\",\"complot\",\"conducere\",\"desteptati\",\"desteptati-va\",\"intelegere\",\"Kissinger\",\"lume\",\"modern\",\"Olanda\",\"Rockefeller\",\"Rotschild\",\"sclavi\",\"stapanire\"],\"articleSection\":[\"Clubul Bilderberg\",\"Din Istoria Lumii\",\"Secvente Istorice\"],\"inLanguage\":\"ro-RO\",\"potentialAction\":[{\"@type\":\"CommentAction\",\"name\":\"Comment\",\"target\":[\"https:\/\/desteptati-va.ro\/index.php\/2021\/04\/15\/cum-a-luat-nastere-clubul-bilderberg\/#respond\"]}]},{\"@type\":\"WebPage\",\"@id\":\"https:\/\/desteptati-va.ro\/index.php\/2021\/04\/15\/cum-a-luat-nastere-clubul-bilderberg\/\",\"url\":\"https:\/\/desteptati-va.ro\/index.php\/2021\/04\/15\/cum-a-luat-nastere-clubul-bilderberg\/\",\"name\":\"Cum a luat na\u0219tere Clubul Bilderberg -\",\"isPartOf\":{\"@id\":\"https:\/\/desteptati-va.ro\/#website\"},\"primaryImageOfPage\":{\"@id\":\"https:\/\/desteptati-va.ro\/index.php\/2021\/04\/15\/cum-a-luat-nastere-clubul-bilderberg\/#primaryimage\"},\"image\":{\"@id\":\"https:\/\/desteptati-va.ro\/index.php\/2021\/04\/15\/cum-a-luat-nastere-clubul-bilderberg\/#primaryimage\"},\"thumbnailUrl\":\"https:\/\/desteptati-va.ro\/wp-content\/uploads\/2021\/04\/hotel_bilderberg-e1618484506848.jpg\",\"datePublished\":\"2021-04-15T11:02:32+00:00\",\"author\":{\"@id\":\"https:\/\/desteptati-va.ro\/#\/schema\/person\/13182deeebd44920914899f7bb262d6b\"},\"breadcrumb\":{\"@id\":\"https:\/\/desteptati-va.ro\/index.php\/2021\/04\/15\/cum-a-luat-nastere-clubul-bilderberg\/#breadcrumb\"},\"inLanguage\":\"ro-RO\",\"potentialAction\":[{\"@type\":\"ReadAction\",\"target\":[\"https:\/\/desteptati-va.ro\/index.php\/2021\/04\/15\/cum-a-luat-nastere-clubul-bilderberg\/\"]}]},{\"@type\":\"ImageObject\",\"inLanguage\":\"ro-RO\",\"@id\":\"https:\/\/desteptati-va.ro\/index.php\/2021\/04\/15\/cum-a-luat-nastere-clubul-bilderberg\/#primaryimage\",\"url\":\"https:\/\/desteptati-va.ro\/wp-content\/uploads\/2021\/04\/hotel_bilderberg-e1618484506848.jpg\",\"contentUrl\":\"https:\/\/desteptati-va.ro\/wp-content\/uploads\/2021\/04\/hotel_bilderberg-e1618484506848.jpg\",\"width\":304,\"height\":201},{\"@type\":\"BreadcrumbList\",\"@id\":\"https:\/\/desteptati-va.ro\/index.php\/2021\/04\/15\/cum-a-luat-nastere-clubul-bilderberg\/#breadcrumb\",\"itemListElement\":[{\"@type\":\"ListItem\",\"position\":1,\"name\":\"Prima pagin\u0103\",\"item\":\"https:\/\/desteptati-va.ro\/\"},{\"@type\":\"ListItem\",\"position\":2,\"name\":\"Cum a luat na\u0219tere Clubul Bilderberg\"}]},{\"@type\":\"WebSite\",\"@id\":\"https:\/\/desteptati-va.ro\/#website\",\"url\":\"https:\/\/desteptati-va.ro\/\",\"name\":\"\",\"description\":\"\",\"potentialAction\":[{\"@type\":\"SearchAction\",\"target\":{\"@type\":\"EntryPoint\",\"urlTemplate\":\"https:\/\/desteptati-va.ro\/?s={search_term_string}\"},\"query-input\":{\"@type\":\"PropertyValueSpecification\",\"valueRequired\":true,\"valueName\":\"search_term_string\"}}],\"inLanguage\":\"ro-RO\"},{\"@type\":\"Person\",\"@id\":\"https:\/\/desteptati-va.ro\/#\/schema\/person\/13182deeebd44920914899f7bb262d6b\",\"name\":\"wolfsoftcompany\",\"image\":{\"@type\":\"ImageObject\",\"inLanguage\":\"ro-RO\",\"@id\":\"https:\/\/desteptati-va.ro\/#\/schema\/person\/image\/\",\"url\":\"https:\/\/secure.gravatar.com\/avatar\/a6cce9b6d101d27d91690e7073e300fed94c0899890bf998e082cb9d2c3d121e?s=96&d=mm&r=g\",\"contentUrl\":\"https:\/\/secure.gravatar.com\/avatar\/a6cce9b6d101d27d91690e7073e300fed94c0899890bf998e082cb9d2c3d121e?s=96&d=mm&r=g\",\"caption\":\"wolfsoftcompany\"},\"sameAs\":[\"http:\/\/desteptati-va.ro\"],\"url\":\"https:\/\/desteptati-va.ro\/index.php\/author\/wolfsoftcompany\/\"}]}<\/script>\r\n<!-- \/ Yoast SEO plugin. -->","yoast_head_json":{"title":"Cum a luat na\u0219tere Clubul Bilderberg -","robots":{"index":"index","follow":"follow","max-snippet":"max-snippet:-1","max-image-preview":"max-image-preview:large","max-video-preview":"max-video-preview:-1"},"canonical":"https:\/\/desteptati-va.ro\/index.php\/2021\/04\/15\/cum-a-luat-nastere-clubul-bilderberg\/","og_locale":"ro_RO","og_type":"article","og_title":"Cum a luat na\u0219tere Clubul Bilderberg -","og_description":"Joseph Retinger a fost ideologul \u0219i promotorul Clubului Bildenberg. \u00cen 1952, c\u00e2nd a revenit \u00een Europa dintr-un voiaj f\u0103cut \u00eenRead More","og_url":"https:\/\/desteptati-va.ro\/index.php\/2021\/04\/15\/cum-a-luat-nastere-clubul-bilderberg\/","article_published_time":"2021-04-15T11:02:32+00:00","og_image":[{"width":304,"height":201,"url":"https:\/\/desteptati-va.ro\/wp-content\/uploads\/2021\/04\/hotel_bilderberg-e1618484506848.jpg","type":"image\/jpeg"}],"author":"wolfsoftcompany","twitter_card":"summary_large_image","twitter_misc":{"Scris de":"wolfsoftcompany","Timp estimat pentru citire":"11 minute"},"schema":{"@context":"https:\/\/schema.org","@graph":[{"@type":"Article","@id":"https:\/\/desteptati-va.ro\/index.php\/2021\/04\/15\/cum-a-luat-nastere-clubul-bilderberg\/#article","isPartOf":{"@id":"https:\/\/desteptati-va.ro\/index.php\/2021\/04\/15\/cum-a-luat-nastere-clubul-bilderberg\/"},"author":{"name":"wolfsoftcompany","@id":"https:\/\/desteptati-va.ro\/#\/schema\/person\/13182deeebd44920914899f7bb262d6b"},"headline":"Cum a luat na\u0219tere Clubul Bilderberg","datePublished":"2021-04-15T11:02:32+00:00","mainEntityOfPage":{"@id":"https:\/\/desteptati-va.ro\/index.php\/2021\/04\/15\/cum-a-luat-nastere-clubul-bilderberg\/"},"wordCount":2203,"commentCount":0,"image":{"@id":"https:\/\/desteptati-va.ro\/index.php\/2021\/04\/15\/cum-a-luat-nastere-clubul-bilderberg\/#primaryimage"},"thumbnailUrl":"https:\/\/desteptati-va.ro\/wp-content\/uploads\/2021\/04\/hotel_bilderberg-e1618484506848.jpg","keywords":["Bernhard","Bilderberg","Club","Clubul Bilderberg","complot","conducere","desteptati","desteptati-va","intelegere","Kissinger","lume","modern","Olanda","Rockefeller","Rotschild","sclavi","stapanire"],"articleSection":["Clubul Bilderberg","Din Istoria Lumii","Secvente Istorice"],"inLanguage":"ro-RO","potentialAction":[{"@type":"CommentAction","name":"Comment","target":["https:\/\/desteptati-va.ro\/index.php\/2021\/04\/15\/cum-a-luat-nastere-clubul-bilderberg\/#respond"]}]},{"@type":"WebPage","@id":"https:\/\/desteptati-va.ro\/index.php\/2021\/04\/15\/cum-a-luat-nastere-clubul-bilderberg\/","url":"https:\/\/desteptati-va.ro\/index.php\/2021\/04\/15\/cum-a-luat-nastere-clubul-bilderberg\/","name":"Cum a luat na\u0219tere Clubul Bilderberg -","isPartOf":{"@id":"https:\/\/desteptati-va.ro\/#website"},"primaryImageOfPage":{"@id":"https:\/\/desteptati-va.ro\/index.php\/2021\/04\/15\/cum-a-luat-nastere-clubul-bilderberg\/#primaryimage"},"image":{"@id":"https:\/\/desteptati-va.ro\/index.php\/2021\/04\/15\/cum-a-luat-nastere-clubul-bilderberg\/#primaryimage"},"thumbnailUrl":"https:\/\/desteptati-va.ro\/wp-content\/uploads\/2021\/04\/hotel_bilderberg-e1618484506848.jpg","datePublished":"2021-04-15T11:02:32+00:00","author":{"@id":"https:\/\/desteptati-va.ro\/#\/schema\/person\/13182deeebd44920914899f7bb262d6b"},"breadcrumb":{"@id":"https:\/\/desteptati-va.ro\/index.php\/2021\/04\/15\/cum-a-luat-nastere-clubul-bilderberg\/#breadcrumb"},"inLanguage":"ro-RO","potentialAction":[{"@type":"ReadAction","target":["https:\/\/desteptati-va.ro\/index.php\/2021\/04\/15\/cum-a-luat-nastere-clubul-bilderberg\/"]}]},{"@type":"ImageObject","inLanguage":"ro-RO","@id":"https:\/\/desteptati-va.ro\/index.php\/2021\/04\/15\/cum-a-luat-nastere-clubul-bilderberg\/#primaryimage","url":"https:\/\/desteptati-va.ro\/wp-content\/uploads\/2021\/04\/hotel_bilderberg-e1618484506848.jpg","contentUrl":"https:\/\/desteptati-va.ro\/wp-content\/uploads\/2021\/04\/hotel_bilderberg-e1618484506848.jpg","width":304,"height":201},{"@type":"BreadcrumbList","@id":"https:\/\/desteptati-va.ro\/index.php\/2021\/04\/15\/cum-a-luat-nastere-clubul-bilderberg\/#breadcrumb","itemListElement":[{"@type":"ListItem","position":1,"name":"Prima pagin\u0103","item":"https:\/\/desteptati-va.ro\/"},{"@type":"ListItem","position":2,"name":"Cum a luat na\u0219tere Clubul Bilderberg"}]},{"@type":"WebSite","@id":"https:\/\/desteptati-va.ro\/#website","url":"https:\/\/desteptati-va.ro\/","name":"","description":"","potentialAction":[{"@type":"SearchAction","target":{"@type":"EntryPoint","urlTemplate":"https:\/\/desteptati-va.ro\/?s={search_term_string}"},"query-input":{"@type":"PropertyValueSpecification","valueRequired":true,"valueName":"search_term_string"}}],"inLanguage":"ro-RO"},{"@type":"Person","@id":"https:\/\/desteptati-va.ro\/#\/schema\/person\/13182deeebd44920914899f7bb262d6b","name":"wolfsoftcompany","image":{"@type":"ImageObject","inLanguage":"ro-RO","@id":"https:\/\/desteptati-va.ro\/#\/schema\/person\/image\/","url":"https:\/\/secure.gravatar.com\/avatar\/a6cce9b6d101d27d91690e7073e300fed94c0899890bf998e082cb9d2c3d121e?s=96&d=mm&r=g","contentUrl":"https:\/\/secure.gravatar.com\/avatar\/a6cce9b6d101d27d91690e7073e300fed94c0899890bf998e082cb9d2c3d121e?s=96&d=mm&r=g","caption":"wolfsoftcompany"},"sameAs":["http:\/\/desteptati-va.ro"],"url":"https:\/\/desteptati-va.ro\/index.php\/author\/wolfsoftcompany\/"}]}},"_links":{"self":[{"href":"https:\/\/desteptati-va.ro\/index.php\/wp-json\/wp\/v2\/posts\/3592","targetHints":{"allow":["GET"]}}],"collection":[{"href":"https:\/\/desteptati-va.ro\/index.php\/wp-json\/wp\/v2\/posts"}],"about":[{"href":"https:\/\/desteptati-va.ro\/index.php\/wp-json\/wp\/v2\/types\/post"}],"author":[{"embeddable":true,"href":"https:\/\/desteptati-va.ro\/index.php\/wp-json\/wp\/v2\/users\/1"}],"replies":[{"embeddable":true,"href":"https:\/\/desteptati-va.ro\/index.php\/wp-json\/wp\/v2\/comments?post=3592"}],"version-history":[{"count":1,"href":"https:\/\/desteptati-va.ro\/index.php\/wp-json\/wp\/v2\/posts\/3592\/revisions"}],"predecessor-version":[{"id":3594,"href":"https:\/\/desteptati-va.ro\/index.php\/wp-json\/wp\/v2\/posts\/3592\/revisions\/3594"}],"wp:featuredmedia":[{"embeddable":true,"href":"https:\/\/desteptati-va.ro\/index.php\/wp-json\/wp\/v2\/media\/1431"}],"wp:attachment":[{"href":"https:\/\/desteptati-va.ro\/index.php\/wp-json\/wp\/v2\/media?parent=3592"}],"wp:term":[{"taxonomy":"category","embeddable":true,"href":"https:\/\/desteptati-va.ro\/index.php\/wp-json\/wp\/v2\/categories?post=3592"},{"taxonomy":"post_tag","embeddable":true,"href":"https:\/\/desteptati-va.ro\/index.php\/wp-json\/wp\/v2\/tags?post=3592"}],"curies":[{"name":"wp","href":"https:\/\/api.w.org\/{rel}","templated":true}]}}