{"id":3611,"date":"2021-04-15T12:02:59","date_gmt":"2021-04-15T12:02:59","guid":{"rendered":"http:\/\/desteptati.ro\/?p=3611"},"modified":"2022-01-19T09:13:15","modified_gmt":"2022-01-19T07:13:15","slug":"autonomia-tinutului-secuiesc-radiografia-unei-intoxicari-partea-a-ii-a","status":"publish","type":"post","link":"https:\/\/desteptati-va.ro\/index.php\/2021\/04\/15\/autonomia-tinutului-secuiesc-radiografia-unei-intoxicari-partea-a-ii-a\/","title":{"rendered":"Autonomia \u201e\u0163inutului secuiesc\u201d \u2013 radiografia unei intoxic\u0103ri &#8211; Partea a II-a"},"content":{"rendered":"<div class=\"post-content\"><div class='booster-block booster-read-block'>\n                <div class=\"twp-read-time\">\n                \t<i class=\"booster-icon twp-clock\"><\/i> <span>Read Time:<\/span>11 Minute, 53 Second                <\/div>\n\n            <\/div><h3 style=\"text-align: justify;\"><strong>Cronica unei diversiuni ratate \u2013 proclamarea autonomiei \u0162inutului Secuiesc<\/strong><\/h3>\n<h4 style=\"text-align: justify;\">Coroborarea mai multor date \u015fi informa\u0163ii arat\u0103 c\u0103, \u00een contextul unei lupte politice f\u0103r\u0103 cru\u0163are \u2013 a\u015fa cum s-a prefigurat cea din Ungaria \u00eencep\u00e2nd cu 2005, anul dinaintea alegerilor generale din Ungaria, \u015fi prim\u0103vara anului 2006 \u2013 alegerile s-au desf\u0103\u015furat \u00een luna aprilie -, at\u00e2t opinia public\u0103 din Rom\u00e2nia \u015fi c\u00e2t \u015fi cea din Ungaria, precum \u015fi clasa politic\u0103 rom\u00e2neasc\u0103 au fost obiectul unui \u015fir de dezinform\u0103ri \u015fi intoxic\u0103ri \u00een vederea ob\u0163inerii unei anumite reac\u0163ii care, la r\u00e2ndul ei s\u0103 fie folosit\u0103 pentru manipularea electoratului ungar. Folosind un exemplu la \u00eendem\u00e2n\u0103, cel al loviturilor de biliard, mecanismul acestei duble dezinform\u0103ri a fost cel al trimiterii bilei \u00een mantinel\u0103 de unde rico\u015feaz\u0103 pentru a lovi o alt\u0103 bil\u0103 care, \u00een cazul unei lovituri bine calculate, intr\u0103 \u00een gaur\u0103.<\/h4>\n<h4 style=\"text-align: justify;\">\u00cen cazul prezentat mai jos, mecanismul manipul\u0103rii a constat <em>\u00een prim\u0103 faz\u0103<\/em> \u00een \u201eamorsarea\u201d publicului \u015fi clasei politice din Rom\u00e2nia prin punerea la cale a unor ac\u0163iuni, a\u015fa-numitul \u201esuport\u201d, care s\u0103 irite. Reac\u0163iile celor afecta\u0163i au fost apoi condamnate prin intermediul unor \u201ecutii de rezonan\u0163\u0103\u201d, pun\u00e2ndu-li-se eticheta de \u201eintoleran\u0163\u0103 etnic\u0103\u201d, \u201eantimaghiarism\u201d, \u201eextremism\u201d etc. <em>\u00cen faza a doua<\/em>, ar fi urmat ca prin relat\u0103rile unei p\u0103r\u0163i din mass-media ungare (pentru c\u0103 subiectul cu conota\u0163ii emo\u0163ionale era unul cu mare priz\u0103) s\u0103 fie inflamat\u0103 opinia public\u0103 din \u0163ara vecin\u0103. Rezultatul urm\u0103rit era c\u00e2\u015ftigarea pentru \u201ecauza na\u0163ional\u0103\u201d a aleg\u0103torilor indeci\u015fi \u015fi trezirea predispozi\u0163iei de votare \u00een r\u00e2ndurile \u201eelectoratului captiv\u201d al unui anume \u201e<em>client<\/em>\u201d sau \u201e<em>beneficiar<\/em>\u201d (pentru a folosi termeni specifici opera\u0163iilor de dezinformare). Ast\u0103zi nu mai este un secret pentru nimeni c\u0103 acesta ar fi trebuit s\u0103 fie Fidesz \u2013 Partidul Civic Ungar care a ciupit prin intermediari coarda na\u0163ionalist\u0103 pentru a se deta\u015fa de partidul Socialis Ungar (PSU) de care \u00eel desp\u0103r\u0163eau doar 1-2 procente \u00een sondajele de opinie.<\/h4>\n<h4 style=\"text-align: justify;\"><\/h4>\n<figure id=\"attachment_2104\" aria-describedby=\"caption-attachment-2104\" style=\"width: 445px\" class=\"wp-caption aligncenter\"><a href=\"http:\/\/www.desteptati-va.ro\/wp-content\/uploads\/2011\/06\/politie.jpg\"><img loading=\"lazy\" decoding=\"async\" class=\" wp-image-2104\" title=\"Masina a Politiei Locale din Covasna\" src=\"http:\/\/www.desteptati-va.ro\/wp-content\/uploads\/2011\/06\/politie.jpg\" alt=\"Masina a Politiei Locale din Covasna\" width=\"445\" height=\"335\" \/><\/a><figcaption id=\"caption-attachment-2104\" class=\"wp-caption-text\">Masina a Politiei Locale din Covasna<\/figcaption><\/figure>\n<h4 style=\"text-align: justify;\">Mecanismul ini\u0163ial al oric\u0103rei dezinform\u0103rii const\u0103, spun manualele de specialitate, \u00een \u201e<em>amorsarea<\/em>\u201d publicului prin crearea a unui \u201e<em>suport<\/em>\u201d. Modul \u00een care au fost<em> amorsate <\/em>opinia public\u0103 \u015fi clasa politic\u0103 din Rom\u00e2nia ca \u015fi cel \u00een care a fost creat <em>suportul <\/em>se dovede\u015fte a apar\u0163ine unor mae\u015ftri pe c\u00e2t de versa\u0163i \u00een arta manipul\u0103rii, pe at\u00e2t de lipsi\u0163i de scrupule .<\/h4>\n<h4 style=\"text-align: justify;\">Opera\u0163ia de <em>amorsare<\/em> a \u00eenceput \u00eenc\u0103 din luna ianuarie a anului 2005, c\u00e2nd \u00een Transilvania a fost programat un turneu al documentarului de lung metraj \u201eTrianon\u201d \u00een care erau reluate voalat temele propagandei revizioniste din perioada interbelic\u0103. Apoi, dup\u0103 jum\u0103tatea anului 2005, \u00een mai multe ziare de limb\u0103 maghiar\u0103 din Rom\u00e2nia a urmat o adev\u0103rat\u0103 campanie de reabilitare a lui Horthy \u00eenso\u0163it\u0103 de publicarea a tot felul de jurnale ale unor ofi\u0163eri care au comandat \u00een septembrie 1940 trupele de ocupa\u0163ie din Ardealul de Nord.<\/h4>\n<h4 style=\"text-align: justify;\">\u00cen luna decembrie 2005, \u00eendeosebi \u00een publica\u0163iile de limb\u0103 maghiar\u0103 din jude\u0163ele Covasna, Harghita \u015fi Bihor, a ap\u0103rut un val de articole care luau \u00een der\u00e2dere semnifica\u0163ia zilei na\u0163ionale a Rom\u00e2niei. La r\u00e2ndul ei, campania de \u201erememorare pozitiv\u0103\u201d a perioadei care a urmat Dictatului de la Viena a continuat \u015fi \u00een 2006, \u00eentr-at\u00e2t \u00eenc\u00e2t p\u00e2n\u0103 \u015fi un ziar serios, precum Kronika de la Cluj Napoca a ajuns s\u0103 se preteze la o astfel de jalnic\u0103 manevr\u0103.<\/h4>\n<h4 style=\"text-align: justify;\">O dat\u0103 amorsat\u0103 psihologia publicului, a \u00eenceput derularea <em>suportului<\/em>. Acesta este constituit de diverse evenimente produse special \u00een care publicul trebuie determinat s\u0103 cread\u0103 pentru a-i crea \u015fi \u00eent\u0103ri anumite convingeri.<\/h4>\n<h4 style=\"text-align: justify;\">Pe plan extern, de exemplu, Kinga G\u00e1l, membr\u0103 a Fidesz \u2013 PCU \u015fi deputat \u00een Parlamentul European, a prezidat, \u00een noiembrie 2005, o reuniune interna\u0163ional\u0103 pe tema autonomiei teritoriale \u00een Europa care a precedat ini\u0163iativa proclam\u0103rii autonomiei \u201e\u0163inutului secuiesc\u201d. La r\u00e2ndul s\u0103u, postul ungar de televiziune Duna Tv anun\u0163\u0103 c\u0103 \u00een viitorul apropiat va lansa un nou canal ce se va numi \u201eAutonomia\u201d. \u00cen paralel, pe postul public Radio Kossuth, Smaranda Enache, co-pre\u015fedinte al Funda\u0163iei Pro Europa, \u00ee\u015fi exprim\u0103 convingerea c\u0103 Uniunea European\u0103 va exercita presiuni asupra Rom\u00e2niei pentru ca autonomia \u201e\u0163inutului secuiesc\u201d s\u0103 fie acceptat\u0103, pentru c\u0103, nu-i a\u015fa, ideile de autonomie \u015fi democra\u0163ie sunt str\u00e2ns legate.<\/h4>\n<h4 style=\"text-align: justify;\">A urmat la scurt timp ac\u0163iunea unui a\u015fa-numit grup de ini\u0163iativ\u0103, format din c\u00e2\u0163iva asisten\u0163i \u015fi lectori maghiari de la Universitatea Babe\u015f-Bolyai, care au determinat prin prezentarea de date \u015fi argumente false mai multe personalit\u0103\u0163i interna\u0163ionale, printre care \u015fi Elie Wiesel \u015fi Imre Kert\u00e9sz, laurea\u0163i ai premiului Nobel, s\u0103 semneze un document prin care se cerea scindarea universit\u0103\u0163ii clujene.<\/h4>\n<h4 style=\"text-align: justify;\">Pe plan intern, la Odorheiu Secuiesc, vor fi inaugurate 13 busturi de bronz ale unor personalit\u0103\u0163i maghiare. (Antropologia politic\u0103 caracterizeaz\u0103 acest\u00a0 tip de gersturi ca \u201emarcare de teritoriu\u201d.) Unul dintre busturi este al \u201esecuiului r\u0103t\u0103citor\u201d \u00eentruchip\u00e2ndu-l pe Albert Wass, scriitor \u015fi criminal de r\u0103zboi, condamnat pentru crime comise \u00een septembrie 1940, \u015fi care este omagiat public \u00een preziua s\u0103rb\u0103torii na\u0163ionale a Rom\u00e2niei. <strong>O dat\u0103 preg\u0103tit\u0103 opinia public\u0103,<\/strong> <strong>\u00een final, sub auspiciile Consiliului Na\u0163ional Secuiesc (CNS), este declan\u015fat\u0103 \u00eentreaga tevatur\u0103 a inten\u0163iei de lansare la Odorheiul Secuiesc, la 15 martie, cu ocazia zilei maghiarimii, a proclama\u0163iei care ar fi urmat s\u0103 anun\u0163e autonomia secuimii<\/strong>.<\/h4>\n<h4 style=\"text-align: justify;\">Dezinformarea a dat roade \u015fi la nivelul clasei politice din Rom\u00e2nia, unul dintre liderii de partidelor din opozi\u0163ie declar\u00e2nd chiar c\u0103, \u00een caz de nevoie, este gata s\u0103-\u015fi mobilizeze sus\u0163in\u0103torii pentru a se deplasa la Odorheiu Secuiesc pentru a contracara ac\u0163iunile autonomiste. Un alt lider s-a declarat vehement at\u00e2t \u00eempotriva adopt\u0103rii statutului minorit\u0103\u0163ilor promovat de UDMR, c\u00e2t \u015fi a ideii de autonomie teritorial\u0103 sus\u0163inut\u0103 de CNS, CNMT \u015fi UCM.<\/h4>\n<h4 style=\"text-align: justify;\">\u00cen toat\u0103 aceast\u0103 perioad\u0103, \u00een edi\u0163iile electronice ale unor ziare na\u0163ionale rom\u00e2ne\u015fti, pe forumurile de discu\u0163ii, apar texte jignitoare la adresa rom\u00e2nilor \u015fi \u00een replic\u0103, texte injurioase la adresa maghiarilor. Totul se \u00eent\u00e2mpl\u0103 \u00eentr-o perioad\u0103 crucial\u0103 pentru aderarea Rom\u00e2niei la Uniunea European\u0103. Din fericire, \u201emarea adunare na\u0163ional\u0103 a secuilor\u201d \u015fi proclama\u0163ia autonomiei s-au dovedit a fi un \u201ef\u00e2sz\u201d iar ciocnirile interetnice pe care se sconta nu au avut loc\u2026<\/h4>\n<h4 style=\"text-align: justify;\">Este interesant de v\u0103zut cine au fost \u201e<em>cutiile de rezonan\u0163\u0103<\/em>\u201d care au transmis \u015fi au amplificat dezinformarea. \u00cen Transilvania, contribu\u0163ia esen\u0163ial\u0103 nu s-a datorat mass-media electronice de limb\u0103 maghiar\u0103 (CNS, CNMT \u015fi UCM av\u00e2nd un acces mai greu la ele dec\u00e2t UDMR), ci <em>presei scrise de tendin\u0163\u0103 radical\u0103<\/em> cum ar fi Polg\u00e1ri \u00c9let, Erdely Napl\u00f3 sau Europai Id\u0151. Acesta din urm\u0103 a publicat chiar o proclama\u0163ie incendiar\u0103, pe care nu \u015fi-a asumat-o nimeni, ca p\u00e2n\u0103 la urm\u0103 s\u0103 se afle c\u0103 fusese \u201eculeas\u0103\u201d de pe Internet. Poli\u0163ia din T\u00eergu-Mure\u015f a ridicat ziarul de la chio\u015fcuri \u015fi \u00een urma unei sesiz\u0103ri conform c\u0103reia \u00een ziar ar fi fost strecurate manifeste iredentiste. Informa\u0163ia nu s-a verificat, ziarele au fost duse \u00eenapoi la chio\u015fcuri, funda\u0163ia Pro Europa a protestat, o parte din mass-media din Ungaria a raportat incidentul cu lux de am\u0103nunte.<\/h4>\n<h4 style=\"text-align: justify;\"><\/h4>\n<figure id=\"attachment_2105\" aria-describedby=\"caption-attachment-2105\" style=\"width: 479px\" class=\"wp-caption aligncenter\"><a href=\"http:\/\/www.desteptati-va.ro\/wp-content\/uploads\/2011\/06\/42.jpg\"><img loading=\"lazy\" decoding=\"async\" class=\" wp-image-2105\" title=\"Mesajele iredentiste de pe tricoul si pancarta unui functionar public n-au starnit nici o reactie a autoritatilor poate si pentru ca...\" src=\"http:\/\/www.desteptati-va.ro\/wp-content\/uploads\/2011\/06\/42-300x184.jpg\" alt=\"Mesajele iredentiste de pe tricoul si pancarta unui functionar public n-au starnit nici o reactie a autoritatilor poate si pentru ca...\" width=\"479\" height=\"294\" \/><\/a><figcaption id=\"caption-attachment-2105\" class=\"wp-caption-text\">Mesajele iredentiste de pe tricoul si pancarta unui functionar public n-au starnit nici o reactie a autoritatilor poate si pentru ca&#8230;<\/figcaption><\/figure>\n<h4 style=\"text-align: justify;\">\u00cen relatarea \u015fi comentarea pentru publicul ungar a evenimentelor care au constituit <em>suportul<\/em> dezinform\u0103rii s-au remarcat \u00eendeosebi cotidianul na\u0163ionalist-conservator Magyar Nemzet, periodicul Erd\u00e9lyi Magyars\u00e1g \u015fi Duna Tv, dar \u015fi unele dintre emisiunile televiziunilor particulare sau ale Televiziunii Ungare. Efectul cumulat asupra opiniei publice ungare este greu de estimat, dar poate fi b\u0103nuit. Dup\u0103 cum se vede, dezinformarea a fost g\u00e2ndit\u0103 din timp, iar faptul c\u0103 Fidesz-PCU este \u201e<em>beneficiarul\u201d <\/em>ei a fost evident de la \u00eenceput. Se \u015ftie c\u0103 UCM, condus\u0103 de Jen\u0151 Sz\u00e1sz, primarul din Odorheiul Secuiesc, este practic filiala politic\u0103 \u00een Rom\u00e2nia a partidului lui Viktor Orb\u00e1n, iar CNS \u015fi CNMT \u00eei stau pe aproape fiind constant \u00eencurajate politic \u015fi sprijinite logistic.<\/h4>\n<h4 style=\"text-align: justify;\">Merit\u0103 aten\u0163ie special\u0103 un aspect relevant care dovede\u015fte c\u0103, pentru a-\u015fi atinge scopurile, \u00eencep\u00e2nd cu anul 1999, <strong>Fidesz nu s-a dat \u00eenl\u0103turi de la a intoxica liderii mi\u015fc\u0103rilor autonomiste din secuime induc\u00e2ndu-le iluzia c\u0103 pot \u00eentinde coarda oric\u00e2t de mult pentru c\u0103 exist\u0103 un acord occidental tacit de sprijinire a tendin\u0163elor autonomiste, at\u00e2t din punct de vedere diplomatic, c\u00e2t \u015fi militar!<\/strong> \u00cen consecin\u0163\u0103, cu pu\u0163in timp \u00eenainte de \u201eadunarea secuiasc\u0103\u201d de la Odorheiu Secuiesc, Ferenc Csaba, secretar general al CNS, a declarat pe un post na\u0163ional de televiziune c\u0103 <em>minoritatea maghiar\u0103 din \u201e\u0163inutul secuiesc\u201d este una ap\u0103rat\u0103 de NATO.<\/em> Aser\u0163iunea liderului CNS i-a contrariat pe anali\u015ftii \u015fi comentatorii politici care nu au recunoscut sursa ei. Folosirea acestei intoxic\u0103ri \u00een contextul \u00een care episcopul L\u00e1szl\u00f3 T\u0151k\u00e9s a proclamat ritos la o reuniune \u0163inut\u0103 la Satu Mare c\u0103 <em>autonomia va fi ob\u0163inut\u0103, la nevoie, prin lupt\u0103<\/em>, ar fi trebuit s\u0103 nelini\u015fteasc\u0103, dar autorit\u0103\u0163ile nu au avut nici o reac\u0163ie adecvat\u0103.<\/h4>\n<h4 style=\"text-align: justify;\">Mai trebuie men\u0163ionat c\u0103 o dezinformare asem\u0103n\u0103toare a avut loc \u00een aprilie 1990, tot cu ocazia alegerilor din Ungaria. Ea a fost cl\u0103dit\u0103 pe suportul evenimentelor din 20 martie 90 de la T\u00eergu-Mure\u015f \u015fi a contribuit substan\u0163ial la victoria electoral\u0103 a Forumului Democratic Ungar condus de J\u00f3zsef Antall.<\/h4>\n<h4 style=\"text-align: justify;\"><\/h4>\n<figure id=\"attachment_2106\" aria-describedby=\"caption-attachment-2106\" style=\"width: 455px\" class=\"wp-caption aligncenter\"><a href=\"http:\/\/www.desteptati-va.ro\/wp-content\/uploads\/2011\/06\/basescu-maghiara.jpg\"><img loading=\"lazy\" decoding=\"async\" class=\" wp-image-2106\" title=\"...in &quot;secuime&quot; nu se vorbeste limba romana\" src=\"http:\/\/www.desteptati-va.ro\/wp-content\/uploads\/2011\/06\/basescu-maghiara-300x188.jpg\" alt=\"...in &quot;secuime&quot; nu se vorbeste limba romana\" width=\"455\" height=\"285\" \/><\/a><figcaption id=\"caption-attachment-2106\" class=\"wp-caption-text\">&#8230;in &#8222;secuime&#8221; nu se vorbeste limba romana<\/figcaption><\/figure>\n<h4 style=\"text-align: justify;\">Dup\u0103 cum se \u015ftie, \u00een final, Fidesz PCU a pierdut alegerile din aprilie 2006,\u00a0 Partidul Socialist Ungar r\u0103m\u00e2n\u00e2nd \u00een continuare la putere. Se poate conchide c\u0103 \u00eenfr\u00e2ngerea dreaptei radicale, conservatoare \u015fi na\u0163ionaliste din Ungaria, care \u00een cazul venirii la putere ar fi promovat isteria autonomist\u0103, poate fi considerat\u0103 o \u015fans\u0103 pentru o Rom\u00e2nie care are serioase probleme cu incompeten\u0163a \u015fi lipsa de spirit na\u0163ional a clasei politice \u015fi care va trebui s\u0103-i contracareze, pe plan intern \u015fi extern, pe cei care au f\u0103cut din fluturarea autonomiei o surs\u0103 cronic\u0103 de frustrare.<\/h4>\n<h4 style=\"text-align: justify;\">De\u015fi e\u015fecul adun\u0103rii de la Odorheiu Secuiesc a fost evident, conducerea Consiliului Na\u0163ional Secuiesc a organizat, pe 18 iunie, la Ditr\u0103u, jude\u0163ul Harghita, o a doua adunare secuiasc\u0103. \u00cen cursul manifest\u0103rii, organizat\u0103 cu ocazia \u201eZilelor Ditr\u0103ului\u201d, \u015fi numit\u0103 pompos \u201eMarea adunare secuiasc\u0103\u201d, s-a citit un \u201eproiect-rezolu\u0163ie\u201d privind autonomia a\u015fa-numitului \u0163inut secuiesc.<\/h4>\n<h4 style=\"text-align: justify;\">Faptul c\u0103 documentul a proclamat, nici mai mult, nici mai pu\u0163in dec\u00e2t dreptul la audoterminare a poporului (!) secuiesc, ca parte integrant\u0103 a na\u0163iunii maghiare \u015fi, pe baza acestui drept, \u201eautoguvernarea intern\u0103 a \u0163inutului secuiesc\u201d; c\u0103 a cerut stabilirea \u201elimitelor teritoriale\u201d ale acestuia care ar urma s\u0103 fie condus de \u201eorgane administrative deliberative, executive \u015fi legislative proprii\u201d etc, reprezint\u0103, mai mult dec\u00e2t simple elucubra\u0163ii ale unor rata\u0163i politic sau diletan\u0163i nostalgici dup\u0103 Regiunea Autonom\u0103 Maghiar\u0103 de trist\u0103 amintire comunist\u0103. Ele demonstreaz\u0103 ceea ce am documentat \u00een cursul acestei analize \u015fi anume c\u0103 ac\u0163iunile de \u00eenfiin\u0163are \u00een Rom\u00e2nia a unei enclave teritoriale pe criterii etnice sunt rezultatul unei strategii neorevizioniste promovate perseverent \u00eencep\u00e2nd cu 1990. O dovedesc \u015fi noile deziderate ale Consiliului Na\u0163ional Secuiesc pe care nici m\u0103car fostul guvern radical \u015fi na\u0163ionalist a lui Viktor Orban nu a \u00eendr\u0103znit s\u0103 le proclame atunci c\u00e2nd, cu doar c\u00e2\u0163iva ani \u00een urm\u0103, preconiza c\u0103 \u201e\u0163inutul secuiesc\u201d trebuie s\u0103 devin\u0103 \u201e\u0163ara-mam\u0103 din interior\u201d pentru maghiarii care tr\u0103iesc \u201e\u00een diaspor\u0103\u201d \u00een Rom\u00e2nia. Ele sunt cerin\u0163a ca guvernul Ungariei s\u0103-\u015fi exercite \u201erolul protector asupra revendic\u0103rilor privind autonomia \u0162inutului Secuiesc\u201d \u015fi preten\u0163ia ca acesta s\u0103 fie \u201ereprezentat \u00een \u0163ar\u0103 (sic!) \u015fi \u00een str\u0103in\u0103tate\u201d\u2026<\/h4>\n<h4 style=\"text-align: justify;\">Cel pu\u0163in ciudat\u0103, la prim\u0103 vedere, este cerin\u0163a CNS ca, \u00een cazul c\u0103 fantasmele sale nu se vor \u00eendeplini, o nou\u0103 adunare na\u0163ional\u0103 secuiasc\u0103, care ar urma s\u0103 fie convocat\u0103 spre toamn\u0103, s\u0103 revendice de la Marile Puteri care au semnat Tratatul de la Trianon remedierea lez\u0103rii drepturilor colective ale maghiarilor \u015fi secuilor din Transilvania\u201d. Interesant \u00een toat\u0103 afacerea este c\u0103, de\u015fi actualele hotare au fost recunoscute interna\u0163ional \u00een 1947, prin Pacea de la Paris, \u0163inta atacurilor revizioniste a r\u0103mas tot Trianonul. \u201eMisterul\u201d acestei amnezii deliberate \u00ee\u015fi are, \u00een primul r\u00e2nd, explica\u0163ia \u00een puterea de manipulare aproape magic\u0103 a sloganului \u201eTrianon\u201d.<\/h4>\n<h4 style=\"text-align: justify;\">Reluarea sloganului dup\u0103 1990, \u00een a doua repriz\u0103 a partidei care se desf\u0103\u015foar\u0103 \u00een prezent, \u00eenarmeaz\u0103 cauza neorevizionist\u0103 cu un atu redutabil. Tactica iredentist\u0103 conteaz\u0103 \u00een acela\u015fi timp pe ignoran\u0163a cras\u0103 a unora \u00een materie de istorie. Cu aceea\u015fi \u015fans\u0103 s-a \u00eencercat \u015fi se \u00eencearc\u0103 alimentarea, cu informa\u0163ii eronate, opinia public\u0103 mondial\u0103, care ignor\u0103 \u00een linii mari istoria acestei p\u0103r\u0163i a Europei.<\/h4>\n<h4 style=\"text-align: justify;\">Dezinvoltura cu care este reclamat\u0103 pe toate c\u0103ile \u201enedreptatea\u201d s\u0103v\u00e2r\u015fit\u0103 la Trianon, \u00eencearc\u0103 s\u0103 deturneze aten\u0163ia publicului larg, neavizat,de la Pacea de la Paris din 1947, de parc\u0103 nici n-ar fi existat un al doilea r\u0103zboi mondial pierdut de Ungaria horthysto-fascist\u0103 care s-a terminat cu repunerea \u00een drepturi teritoriale a \u0163\u0103rilor vecine c\u0103rora li s-au r\u0103pit teritorii prin for\u0163\u0103 sau prin dictate. Desigur c\u0103 depl\u00e2ngerea \u201etragediei de la Trianon\u201d are o \u00eenc\u0103rc\u0103tur\u0103 propagandistic\u0103 considerabil mai mare dec\u00e2t reclamarea deciziilor de la Paris din 1947. <em>Aser\u0163iunea c\u0103 la Trianon au fost modificate \u201ehotarele de o mie de ani\u201d ale monarhiei (grosolan\u0103 diversiune istoric\u0103 !) poate trezi eventuala compasiune, pe c\u00e2nd tratatul din 1947 este mai bine dac\u0103 e trecut sub t\u0103cere, pentru c\u0103 prin el a fost sanc\u0163ionat\u0103 Ungaria horthysto-fascist\u0103 pentru samavolnica anexare a unor teritorii apar\u0163in\u00e2nd \u0163\u0103rilor \u00eenvecinate<\/em>.<\/h4>\n<h4 style=\"text-align: justify;\">Reclamarea eventualei nedrept\u0103\u0163i s\u0103v\u00e2r\u015fite de tratatul de la Paris din 1947 nu-i avantajeaz\u0103 pe neorevizioni\u015ftii de pe la noi sau de aiurea nici pe plan diplomatic, pentru c\u0103 ar sup\u0103ra at\u00e2t Rusia, mo\u015ftenitoarea Uniunii Sovietice (de altfel, vorbind despre primejdiile separatismului, Vladimir Putin a f\u0103cut recent o referire critic\u0103 la \u201etendin\u0163ele separatiste prezente \u00een r\u00e2ndurile popula\u0163iei maghiare de pe anumite teritorii\u201d), c\u00e2t \u015fi pe Marile Puteri semnatare \u00een calitate lor de actuali giran\u0163i ai tratatului. R\u0103m\u00e2ne deci \u201eTrianonul\u201d contra c\u0103ruia se pledeaz\u0103 cu\u00a0 argumente care \u0163in de zona afectelor, bazate, \u00een mare parte, pe statistici falsificate \u015fi \u201erealit\u0103\u0163i\u201d inventate pentru manipularea opiniei publice.<\/h4>\n<h4 style=\"text-align: justify;\">Aminteam la \u00eenceputul acestei analize de teorema lui Thomas conform c\u0103reia dac\u0103 oamenii <em>definesc<\/em> anumite situa\u0163ii ca reale, \u00een consecin\u0163ele lor acestea se vor manifesta ca reale. \u00cen principiu, teorema descrie o fals\u0103 definire de situa\u0163ie \u015fi arat\u0103 c\u0103 oamenii nu reac\u0163ioneaz\u0103 doar la situa\u0163iile obiective ci \u015fi la semnifica\u0163iile pe care le atribuie acestora. Ceea ce este primejdios este c\u0103 o astfel de fals\u0103 definire de situa\u0163ie, necomb\u0103tut\u0103 prompt \u015fi eficient, dob\u00e2nde\u015fte o for\u0163\u0103 interioar\u0103 de a se consolida \u015fi de a produce efecte, for\u0163\u0103 pe care sociologul american a numit-o \u201ea self fulfilling prophecy\u201d \u2013 o profe\u0163ie care se realizeaz\u0103 prin ea \u00eens\u0103\u015fi\u2026<\/h4>\n<h4 style=\"text-align: justify;\"><em>Material realizat de <strong>Dorin Suciu<\/strong> pentru Ziaristi Online<\/em><\/h4>\n<h4 style=\"text-align: justify;\"><\/h4>        <div class=\"booster-block booster-reactions-block\">\n            <div class=\"twp-reactions-icons\">\n                \n                <div class=\"twp-reacts-wrap\">\n                    <a react-data=\"be-react-1\" post-id=\"3611\" class=\"be-face-icons un-reacted\" href=\"javascript:void(0)\">\n                        <img decoding=\"async\" src=\"https:\/\/desteptati-va.ro\/wp-content\/plugins\/booster-extension\/\/assets\/icon\/happy.svg\" alt=\"Happy\">\n                    <\/a>\n                    <div class=\"twp-reaction-title\">\n                        Happy                    <\/div>\n                    <div class=\"twp-count-percent\">\n                                                    <span style=\"display: none;\" class=\"twp-react-count\">0<\/span>\n                        \n                                                <span class=\"twp-react-percent\"><span>0<\/span> %<\/span>\n                                            <\/div>\n                <\/div>\n\n                <div class=\"twp-reacts-wrap\">\n                    <a react-data=\"be-react-2\" post-id=\"3611\" class=\"be-face-icons un-reacted\" href=\"javascript:void(0)\">\n                        <img decoding=\"async\" src=\"https:\/\/desteptati-va.ro\/wp-content\/plugins\/booster-extension\/\/assets\/icon\/sad.svg\" alt=\"Sad\">\n                    <\/a>\n                    <div class=\"twp-reaction-title\">\n                        Sad                    <\/div>\n                    <div class=\"twp-count-percent\">\n                                                    <span style=\"display: none;\" class=\"twp-react-count\">0<\/span>\n                                                                        <span class=\"twp-react-percent\"><span>0<\/span> %<\/span>\n                                            <\/div>\n                <\/div>\n\n                <div class=\"twp-reacts-wrap\">\n                    <a react-data=\"be-react-3\" post-id=\"3611\" class=\"be-face-icons un-reacted\" href=\"javascript:void(0)\">\n                        <img decoding=\"async\" src=\"https:\/\/desteptati-va.ro\/wp-content\/plugins\/booster-extension\/\/assets\/icon\/excited.svg\" alt=\"Excited\">\n                    <\/a>\n                    <div class=\"twp-reaction-title\">\n                        Excited                    <\/div>\n                    <div class=\"twp-count-percent\">\n                                                    <span style=\"display: none;\" class=\"twp-react-count\">0<\/span>\n                                                                        <span class=\"twp-react-percent\"><span>0<\/span> %<\/span>\n                                            <\/div>\n                <\/div>\n\n                <div class=\"twp-reacts-wrap\">\n                    <a react-data=\"be-react-6\" post-id=\"3611\" class=\"be-face-icons un-reacted\" href=\"javascript:void(0)\">\n                        <img decoding=\"async\" src=\"https:\/\/desteptati-va.ro\/wp-content\/plugins\/booster-extension\/\/assets\/icon\/sleepy.svg\" alt=\"Sleepy\">\n                    <\/a>\n                    <div class=\"twp-reaction-title\">\n                        Sleepy                    <\/div>\n                    <div class=\"twp-count-percent\">\n                                                    <span style=\"display: none;\" class=\"twp-react-count\">0<\/span>\n                        \n                                                <span class=\"twp-react-percent\"><span>0<\/span> %<\/span>\n                                            <\/div>\n                <\/div>\n\n                <div class=\"twp-reacts-wrap\">\n                    <a react-data=\"be-react-4\" post-id=\"3611\" class=\"be-face-icons un-reacted\" href=\"javascript:void(0)\">\n                        <img decoding=\"async\" src=\"https:\/\/desteptati-va.ro\/wp-content\/plugins\/booster-extension\/\/assets\/icon\/angry.svg\" alt=\"Angry\">\n                    <\/a>\n                    <div class=\"twp-reaction-title\">Angry<\/div>\n                    <div class=\"twp-count-percent\">\n                                                    <span style=\"display: none;\" class=\"twp-react-count\">0<\/span>\n                                                                        <span class=\"twp-react-percent\"><span>0<\/span> %<\/span>\n                        \n                    <\/div>\n                <\/div>\n\n                <div class=\"twp-reacts-wrap\">\n                    <a react-data=\"be-react-5\" post-id=\"3611\" class=\"be-face-icons un-reacted\" href=\"javascript:void(0)\">\n                        <img decoding=\"async\" src=\"https:\/\/desteptati-va.ro\/wp-content\/plugins\/booster-extension\/\/assets\/icon\/surprise.svg\" alt=\"Surprise\">\n                    <\/a>\n                    <div class=\"twp-reaction-title\">Surprise<\/div>\n                    <div class=\"twp-count-percent\">\n                                                    <span style=\"display: none;\" class=\"twp-react-count\">0<\/span>\n                                                                        <span class=\"twp-react-percent\"><span>0<\/span> %<\/span>\n                                            <\/div>\n                <\/div>\n\n            <\/div>\n        <\/div>\n\n    <\/div>","protected":false},"excerpt":{"rendered":"<p>Cronica unei diversiuni ratate \u2013 proclamarea autonomiei \u0162inutului Secuiesc Coroborarea mai multor date \u015fi informa\u0163ii arat\u0103 c\u0103, \u00een contextul unei<a href=\"https:\/\/desteptati-va.ro\/index.php\/2021\/04\/15\/autonomia-tinutului-secuiesc-radiografia-unei-intoxicari-partea-a-ii-a\/\">Read More<i class=\"fa fa-long-arrow-right\" aria-hidden=\"true\"><\/i><\/a><\/p>\n","protected":false},"author":1,"featured_media":1724,"comment_status":"open","ping_status":"open","sticky":false,"template":"","format":"standard","meta":{"_crdt_document":"","footnotes":""},"categories":[38],"tags":[499,500,501,502,59,60,503,504,505,506,507,508,509,510,511,512,513,514,515,516,517,518,519,520,177,521,158,522,523,524,525,526,181,527,528,529],"class_list":["post-3611","post","type-post","status-publish","format-standard","has-post-thumbnail","hentry","category-prieteni-pe-dracu","tag-autonoma","tag-autonomie","tag-bela","tag-criterii","tag-desteptati","tag-desteptati-va","tag-dreapta","tag-drepturi","tag-etnic","tag-etnice","tag-europa","tag-imixtiune","tag-iredentism","tag-jozsef-antall","tag-kover-laszlo","tag-laszlo","tag-maghiar","tag-maghiara","tag-marko","tag-minoritati","tag-natiune-ungara","tag-nato","tag-neorevizionism","tag-operatiunea-duna","tag-orban","tag-regiune","tag-revizionism","tag-securitate","tag-servicii-secrete","tag-sovin","tag-sovinism","tag-tokes","tag-trianon","tag-ue","tag-victimizare","tag-viktor"],"rise-blocks_total_comments":1,"rise-blocks_categories":[{"term_id":38,"name":"'Prietenii\" unguri","slug":"prieteni-pe-dracu","term_group":0,"term_taxonomy_id":38,"taxonomy":"category","description":"","parent":37,"count":5,"filter":"raw"}],"rise-blocks_excerpt":"Cronica unei diversiuni ratate \u2013 proclamarea autonomiei \u0162inutului Secuiesc Coroborarea mai multor date \u015fi informa\u0163ii arat\u0103 c\u0103, \u00een contextul unei lupte politice f\u0103r\u0103 cru\u0163are \u2013 a\u015fa cum s-a prefigurat cea din Ungaria \u00eencep\u00e2nd cu 2005, anul dinaintea alegerilor generale din Ungaria, \u015fi prim\u0103vara anului 2006 \u2013 alegerile s-au desf\u0103\u015furat \u00een luna aprilie -, at\u00e2t opinia public\u0103 din Rom\u00e2nia \u015fi c\u00e2t..","yoast_head":"<!-- This site is optimized with the Yoast SEO plugin v26.9 - https:\/\/yoast.com\/product\/yoast-seo-wordpress\/ -->\r\n<title>Autonomia \u201e\u0163inutului secuiesc\u201d \u2013 radiografia unei intoxic\u0103ri - Partea a II-a -<\/title>\r\n<meta name=\"robots\" content=\"index, follow, max-snippet:-1, max-image-preview:large, max-video-preview:-1\" \/>\r\n<link rel=\"canonical\" href=\"https:\/\/desteptati-va.ro\/index.php\/2021\/04\/15\/autonomia-tinutului-secuiesc-radiografia-unei-intoxicari-partea-a-ii-a\/\" \/>\r\n<meta property=\"og:locale\" content=\"ro_RO\" \/>\r\n<meta property=\"og:type\" content=\"article\" \/>\r\n<meta property=\"og:title\" content=\"Autonomia \u201e\u0163inutului secuiesc\u201d \u2013 radiografia unei intoxic\u0103ri - Partea a II-a -\" \/>\r\n<meta property=\"og:description\" content=\"Cronica unei diversiuni ratate \u2013 proclamarea autonomiei \u0162inutului Secuiesc Coroborarea mai multor date \u015fi informa\u0163ii arat\u0103 c\u0103, \u00een contextul uneiRead More\" \/>\r\n<meta property=\"og:url\" content=\"https:\/\/desteptati-va.ro\/index.php\/2021\/04\/15\/autonomia-tinutului-secuiesc-radiografia-unei-intoxicari-partea-a-ii-a\/\" \/>\r\n<meta property=\"article:published_time\" content=\"2021-04-15T12:02:59+00:00\" \/>\r\n<meta property=\"article:modified_time\" content=\"2022-01-19T07:13:15+00:00\" \/>\r\n<meta property=\"og:image\" content=\"https:\/\/desteptati-va.ro\/wp-content\/uploads\/2021\/04\/basescu-maghiara.jpg\" \/>\r\n\t<meta property=\"og:image:width\" content=\"550\" \/>\r\n\t<meta property=\"og:image:height\" content=\"345\" \/>\r\n\t<meta property=\"og:image:type\" content=\"image\/jpeg\" \/>\r\n<meta name=\"author\" content=\"wolfsoftcompany\" \/>\r\n<meta name=\"twitter:card\" content=\"summary_large_image\" \/>\r\n<meta name=\"twitter:label1\" content=\"Scris de\" \/>\n\t<meta name=\"twitter:data1\" content=\"wolfsoftcompany\" \/>\n\t<meta name=\"twitter:label2\" content=\"Timp estimat pentru citire\" \/>\n\t<meta name=\"twitter:data2\" content=\"13 minute\" \/>\r\n<script type=\"application\/ld+json\" class=\"yoast-schema-graph\">{\"@context\":\"https:\/\/schema.org\",\"@graph\":[{\"@type\":\"Article\",\"@id\":\"https:\/\/desteptati-va.ro\/index.php\/2021\/04\/15\/autonomia-tinutului-secuiesc-radiografia-unei-intoxicari-partea-a-ii-a\/#article\",\"isPartOf\":{\"@id\":\"https:\/\/desteptati-va.ro\/index.php\/2021\/04\/15\/autonomia-tinutului-secuiesc-radiografia-unei-intoxicari-partea-a-ii-a\/\"},\"author\":{\"name\":\"wolfsoftcompany\",\"@id\":\"https:\/\/desteptati-va.ro\/#\/schema\/person\/13182deeebd44920914899f7bb262d6b\"},\"headline\":\"Autonomia \u201e\u0163inutului secuiesc\u201d \u2013 radiografia unei intoxic\u0103ri &#8211; Partea a II-a\",\"datePublished\":\"2021-04-15T12:02:59+00:00\",\"dateModified\":\"2022-01-19T07:13:15+00:00\",\"mainEntityOfPage\":{\"@id\":\"https:\/\/desteptati-va.ro\/index.php\/2021\/04\/15\/autonomia-tinutului-secuiesc-radiografia-unei-intoxicari-partea-a-ii-a\/\"},\"wordCount\":2618,\"commentCount\":1,\"image\":{\"@id\":\"https:\/\/desteptati-va.ro\/index.php\/2021\/04\/15\/autonomia-tinutului-secuiesc-radiografia-unei-intoxicari-partea-a-ii-a\/#primaryimage\"},\"thumbnailUrl\":\"https:\/\/desteptati-va.ro\/wp-content\/uploads\/2021\/04\/basescu-maghiara.jpg\",\"keywords\":[\"autonoma\",\"autonomie\",\"Bela\",\"criterii\",\"desteptati\",\"desteptati-va\",\"dreapta\",\"drepturi\",\"etnic\",\"etnice\",\"europa\",\"imixtiune\",\"iredentism\",\"Jozsef Antall\",\"Kover Laszlo\",\"Laszlo\",\"maghiar\",\"maghiara\",\"Marko\",\"minoritati\",\"natiune ungara\",\"NATO\",\"neorevizionism\",\"Operatiunea Duna\",\"Orban\",\"regiune\",\"revizionism\",\"Securitate\",\"servicii secrete\",\"sovin\",\"sovinism\",\"Tokes\",\"Trianon\",\"UE\",\"victimizare\",\"Viktor\"],\"articleSection\":[\"'Prietenii\\\" unguri\"],\"inLanguage\":\"ro-RO\",\"potentialAction\":[{\"@type\":\"CommentAction\",\"name\":\"Comment\",\"target\":[\"https:\/\/desteptati-va.ro\/index.php\/2021\/04\/15\/autonomia-tinutului-secuiesc-radiografia-unei-intoxicari-partea-a-ii-a\/#respond\"]}]},{\"@type\":\"WebPage\",\"@id\":\"https:\/\/desteptati-va.ro\/index.php\/2021\/04\/15\/autonomia-tinutului-secuiesc-radiografia-unei-intoxicari-partea-a-ii-a\/\",\"url\":\"https:\/\/desteptati-va.ro\/index.php\/2021\/04\/15\/autonomia-tinutului-secuiesc-radiografia-unei-intoxicari-partea-a-ii-a\/\",\"name\":\"Autonomia \u201e\u0163inutului secuiesc\u201d \u2013 radiografia unei intoxic\u0103ri - Partea a II-a -\",\"isPartOf\":{\"@id\":\"https:\/\/desteptati-va.ro\/#website\"},\"primaryImageOfPage\":{\"@id\":\"https:\/\/desteptati-va.ro\/index.php\/2021\/04\/15\/autonomia-tinutului-secuiesc-radiografia-unei-intoxicari-partea-a-ii-a\/#primaryimage\"},\"image\":{\"@id\":\"https:\/\/desteptati-va.ro\/index.php\/2021\/04\/15\/autonomia-tinutului-secuiesc-radiografia-unei-intoxicari-partea-a-ii-a\/#primaryimage\"},\"thumbnailUrl\":\"https:\/\/desteptati-va.ro\/wp-content\/uploads\/2021\/04\/basescu-maghiara.jpg\",\"datePublished\":\"2021-04-15T12:02:59+00:00\",\"dateModified\":\"2022-01-19T07:13:15+00:00\",\"author\":{\"@id\":\"https:\/\/desteptati-va.ro\/#\/schema\/person\/13182deeebd44920914899f7bb262d6b\"},\"breadcrumb\":{\"@id\":\"https:\/\/desteptati-va.ro\/index.php\/2021\/04\/15\/autonomia-tinutului-secuiesc-radiografia-unei-intoxicari-partea-a-ii-a\/#breadcrumb\"},\"inLanguage\":\"ro-RO\",\"potentialAction\":[{\"@type\":\"ReadAction\",\"target\":[\"https:\/\/desteptati-va.ro\/index.php\/2021\/04\/15\/autonomia-tinutului-secuiesc-radiografia-unei-intoxicari-partea-a-ii-a\/\"]}]},{\"@type\":\"ImageObject\",\"inLanguage\":\"ro-RO\",\"@id\":\"https:\/\/desteptati-va.ro\/index.php\/2021\/04\/15\/autonomia-tinutului-secuiesc-radiografia-unei-intoxicari-partea-a-ii-a\/#primaryimage\",\"url\":\"https:\/\/desteptati-va.ro\/wp-content\/uploads\/2021\/04\/basescu-maghiara.jpg\",\"contentUrl\":\"https:\/\/desteptati-va.ro\/wp-content\/uploads\/2021\/04\/basescu-maghiara.jpg\",\"width\":550,\"height\":345},{\"@type\":\"BreadcrumbList\",\"@id\":\"https:\/\/desteptati-va.ro\/index.php\/2021\/04\/15\/autonomia-tinutului-secuiesc-radiografia-unei-intoxicari-partea-a-ii-a\/#breadcrumb\",\"itemListElement\":[{\"@type\":\"ListItem\",\"position\":1,\"name\":\"Prima pagin\u0103\",\"item\":\"https:\/\/desteptati-va.ro\/\"},{\"@type\":\"ListItem\",\"position\":2,\"name\":\"Autonomia \u201e\u0163inutului secuiesc\u201d \u2013 radiografia unei intoxic\u0103ri &#8211; Partea a II-a\"}]},{\"@type\":\"WebSite\",\"@id\":\"https:\/\/desteptati-va.ro\/#website\",\"url\":\"https:\/\/desteptati-va.ro\/\",\"name\":\"\",\"description\":\"\",\"potentialAction\":[{\"@type\":\"SearchAction\",\"target\":{\"@type\":\"EntryPoint\",\"urlTemplate\":\"https:\/\/desteptati-va.ro\/?s={search_term_string}\"},\"query-input\":{\"@type\":\"PropertyValueSpecification\",\"valueRequired\":true,\"valueName\":\"search_term_string\"}}],\"inLanguage\":\"ro-RO\"},{\"@type\":\"Person\",\"@id\":\"https:\/\/desteptati-va.ro\/#\/schema\/person\/13182deeebd44920914899f7bb262d6b\",\"name\":\"wolfsoftcompany\",\"image\":{\"@type\":\"ImageObject\",\"inLanguage\":\"ro-RO\",\"@id\":\"https:\/\/desteptati-va.ro\/#\/schema\/person\/image\/\",\"url\":\"https:\/\/secure.gravatar.com\/avatar\/a6cce9b6d101d27d91690e7073e300fed94c0899890bf998e082cb9d2c3d121e?s=96&d=mm&r=g\",\"contentUrl\":\"https:\/\/secure.gravatar.com\/avatar\/a6cce9b6d101d27d91690e7073e300fed94c0899890bf998e082cb9d2c3d121e?s=96&d=mm&r=g\",\"caption\":\"wolfsoftcompany\"},\"sameAs\":[\"http:\/\/desteptati-va.ro\"],\"url\":\"https:\/\/desteptati-va.ro\/index.php\/author\/wolfsoftcompany\/\"}]}<\/script>\r\n<!-- \/ Yoast SEO plugin. -->","yoast_head_json":{"title":"Autonomia \u201e\u0163inutului secuiesc\u201d \u2013 radiografia unei intoxic\u0103ri - Partea a II-a -","robots":{"index":"index","follow":"follow","max-snippet":"max-snippet:-1","max-image-preview":"max-image-preview:large","max-video-preview":"max-video-preview:-1"},"canonical":"https:\/\/desteptati-va.ro\/index.php\/2021\/04\/15\/autonomia-tinutului-secuiesc-radiografia-unei-intoxicari-partea-a-ii-a\/","og_locale":"ro_RO","og_type":"article","og_title":"Autonomia \u201e\u0163inutului secuiesc\u201d \u2013 radiografia unei intoxic\u0103ri - Partea a II-a -","og_description":"Cronica unei diversiuni ratate \u2013 proclamarea autonomiei \u0162inutului Secuiesc Coroborarea mai multor date \u015fi informa\u0163ii arat\u0103 c\u0103, \u00een contextul uneiRead More","og_url":"https:\/\/desteptati-va.ro\/index.php\/2021\/04\/15\/autonomia-tinutului-secuiesc-radiografia-unei-intoxicari-partea-a-ii-a\/","article_published_time":"2021-04-15T12:02:59+00:00","article_modified_time":"2022-01-19T07:13:15+00:00","og_image":[{"width":550,"height":345,"url":"https:\/\/desteptati-va.ro\/wp-content\/uploads\/2021\/04\/basescu-maghiara.jpg","type":"image\/jpeg"}],"author":"wolfsoftcompany","twitter_card":"summary_large_image","twitter_misc":{"Scris de":"wolfsoftcompany","Timp estimat pentru citire":"13 minute"},"schema":{"@context":"https:\/\/schema.org","@graph":[{"@type":"Article","@id":"https:\/\/desteptati-va.ro\/index.php\/2021\/04\/15\/autonomia-tinutului-secuiesc-radiografia-unei-intoxicari-partea-a-ii-a\/#article","isPartOf":{"@id":"https:\/\/desteptati-va.ro\/index.php\/2021\/04\/15\/autonomia-tinutului-secuiesc-radiografia-unei-intoxicari-partea-a-ii-a\/"},"author":{"name":"wolfsoftcompany","@id":"https:\/\/desteptati-va.ro\/#\/schema\/person\/13182deeebd44920914899f7bb262d6b"},"headline":"Autonomia \u201e\u0163inutului secuiesc\u201d \u2013 radiografia unei intoxic\u0103ri &#8211; Partea a II-a","datePublished":"2021-04-15T12:02:59+00:00","dateModified":"2022-01-19T07:13:15+00:00","mainEntityOfPage":{"@id":"https:\/\/desteptati-va.ro\/index.php\/2021\/04\/15\/autonomia-tinutului-secuiesc-radiografia-unei-intoxicari-partea-a-ii-a\/"},"wordCount":2618,"commentCount":1,"image":{"@id":"https:\/\/desteptati-va.ro\/index.php\/2021\/04\/15\/autonomia-tinutului-secuiesc-radiografia-unei-intoxicari-partea-a-ii-a\/#primaryimage"},"thumbnailUrl":"https:\/\/desteptati-va.ro\/wp-content\/uploads\/2021\/04\/basescu-maghiara.jpg","keywords":["autonoma","autonomie","Bela","criterii","desteptati","desteptati-va","dreapta","drepturi","etnic","etnice","europa","imixtiune","iredentism","Jozsef Antall","Kover Laszlo","Laszlo","maghiar","maghiara","Marko","minoritati","natiune ungara","NATO","neorevizionism","Operatiunea Duna","Orban","regiune","revizionism","Securitate","servicii secrete","sovin","sovinism","Tokes","Trianon","UE","victimizare","Viktor"],"articleSection":["'Prietenii\" unguri"],"inLanguage":"ro-RO","potentialAction":[{"@type":"CommentAction","name":"Comment","target":["https:\/\/desteptati-va.ro\/index.php\/2021\/04\/15\/autonomia-tinutului-secuiesc-radiografia-unei-intoxicari-partea-a-ii-a\/#respond"]}]},{"@type":"WebPage","@id":"https:\/\/desteptati-va.ro\/index.php\/2021\/04\/15\/autonomia-tinutului-secuiesc-radiografia-unei-intoxicari-partea-a-ii-a\/","url":"https:\/\/desteptati-va.ro\/index.php\/2021\/04\/15\/autonomia-tinutului-secuiesc-radiografia-unei-intoxicari-partea-a-ii-a\/","name":"Autonomia \u201e\u0163inutului secuiesc\u201d \u2013 radiografia unei intoxic\u0103ri - Partea a II-a -","isPartOf":{"@id":"https:\/\/desteptati-va.ro\/#website"},"primaryImageOfPage":{"@id":"https:\/\/desteptati-va.ro\/index.php\/2021\/04\/15\/autonomia-tinutului-secuiesc-radiografia-unei-intoxicari-partea-a-ii-a\/#primaryimage"},"image":{"@id":"https:\/\/desteptati-va.ro\/index.php\/2021\/04\/15\/autonomia-tinutului-secuiesc-radiografia-unei-intoxicari-partea-a-ii-a\/#primaryimage"},"thumbnailUrl":"https:\/\/desteptati-va.ro\/wp-content\/uploads\/2021\/04\/basescu-maghiara.jpg","datePublished":"2021-04-15T12:02:59+00:00","dateModified":"2022-01-19T07:13:15+00:00","author":{"@id":"https:\/\/desteptati-va.ro\/#\/schema\/person\/13182deeebd44920914899f7bb262d6b"},"breadcrumb":{"@id":"https:\/\/desteptati-va.ro\/index.php\/2021\/04\/15\/autonomia-tinutului-secuiesc-radiografia-unei-intoxicari-partea-a-ii-a\/#breadcrumb"},"inLanguage":"ro-RO","potentialAction":[{"@type":"ReadAction","target":["https:\/\/desteptati-va.ro\/index.php\/2021\/04\/15\/autonomia-tinutului-secuiesc-radiografia-unei-intoxicari-partea-a-ii-a\/"]}]},{"@type":"ImageObject","inLanguage":"ro-RO","@id":"https:\/\/desteptati-va.ro\/index.php\/2021\/04\/15\/autonomia-tinutului-secuiesc-radiografia-unei-intoxicari-partea-a-ii-a\/#primaryimage","url":"https:\/\/desteptati-va.ro\/wp-content\/uploads\/2021\/04\/basescu-maghiara.jpg","contentUrl":"https:\/\/desteptati-va.ro\/wp-content\/uploads\/2021\/04\/basescu-maghiara.jpg","width":550,"height":345},{"@type":"BreadcrumbList","@id":"https:\/\/desteptati-va.ro\/index.php\/2021\/04\/15\/autonomia-tinutului-secuiesc-radiografia-unei-intoxicari-partea-a-ii-a\/#breadcrumb","itemListElement":[{"@type":"ListItem","position":1,"name":"Prima pagin\u0103","item":"https:\/\/desteptati-va.ro\/"},{"@type":"ListItem","position":2,"name":"Autonomia \u201e\u0163inutului secuiesc\u201d \u2013 radiografia unei intoxic\u0103ri &#8211; Partea a II-a"}]},{"@type":"WebSite","@id":"https:\/\/desteptati-va.ro\/#website","url":"https:\/\/desteptati-va.ro\/","name":"","description":"","potentialAction":[{"@type":"SearchAction","target":{"@type":"EntryPoint","urlTemplate":"https:\/\/desteptati-va.ro\/?s={search_term_string}"},"query-input":{"@type":"PropertyValueSpecification","valueRequired":true,"valueName":"search_term_string"}}],"inLanguage":"ro-RO"},{"@type":"Person","@id":"https:\/\/desteptati-va.ro\/#\/schema\/person\/13182deeebd44920914899f7bb262d6b","name":"wolfsoftcompany","image":{"@type":"ImageObject","inLanguage":"ro-RO","@id":"https:\/\/desteptati-va.ro\/#\/schema\/person\/image\/","url":"https:\/\/secure.gravatar.com\/avatar\/a6cce9b6d101d27d91690e7073e300fed94c0899890bf998e082cb9d2c3d121e?s=96&d=mm&r=g","contentUrl":"https:\/\/secure.gravatar.com\/avatar\/a6cce9b6d101d27d91690e7073e300fed94c0899890bf998e082cb9d2c3d121e?s=96&d=mm&r=g","caption":"wolfsoftcompany"},"sameAs":["http:\/\/desteptati-va.ro"],"url":"https:\/\/desteptati-va.ro\/index.php\/author\/wolfsoftcompany\/"}]}},"_links":{"self":[{"href":"https:\/\/desteptati-va.ro\/index.php\/wp-json\/wp\/v2\/posts\/3611","targetHints":{"allow":["GET"]}}],"collection":[{"href":"https:\/\/desteptati-va.ro\/index.php\/wp-json\/wp\/v2\/posts"}],"about":[{"href":"https:\/\/desteptati-va.ro\/index.php\/wp-json\/wp\/v2\/types\/post"}],"author":[{"embeddable":true,"href":"https:\/\/desteptati-va.ro\/index.php\/wp-json\/wp\/v2\/users\/1"}],"replies":[{"embeddable":true,"href":"https:\/\/desteptati-va.ro\/index.php\/wp-json\/wp\/v2\/comments?post=3611"}],"version-history":[{"count":1,"href":"https:\/\/desteptati-va.ro\/index.php\/wp-json\/wp\/v2\/posts\/3611\/revisions"}],"predecessor-version":[{"id":3613,"href":"https:\/\/desteptati-va.ro\/index.php\/wp-json\/wp\/v2\/posts\/3611\/revisions\/3613"}],"wp:featuredmedia":[{"embeddable":true,"href":"https:\/\/desteptati-va.ro\/index.php\/wp-json\/wp\/v2\/media\/1724"}],"wp:attachment":[{"href":"https:\/\/desteptati-va.ro\/index.php\/wp-json\/wp\/v2\/media?parent=3611"}],"wp:term":[{"taxonomy":"category","embeddable":true,"href":"https:\/\/desteptati-va.ro\/index.php\/wp-json\/wp\/v2\/categories?post=3611"},{"taxonomy":"post_tag","embeddable":true,"href":"https:\/\/desteptati-va.ro\/index.php\/wp-json\/wp\/v2\/tags?post=3611"}],"curies":[{"name":"wp","href":"https:\/\/api.w.org\/{rel}","templated":true}]}}