{"id":3614,"date":"2021-04-15T12:06:48","date_gmt":"2021-04-15T12:06:48","guid":{"rendered":"http:\/\/desteptati.ro\/?p=3614"},"modified":"2022-01-19T09:14:49","modified_gmt":"2022-01-19T07:14:49","slug":"autonomia-tinutului-secuiesc-radiografia-unei-intoxicari-partea-i","status":"publish","type":"post","link":"https:\/\/desteptati-va.ro\/index.php\/2021\/04\/15\/autonomia-tinutului-secuiesc-radiografia-unei-intoxicari-partea-i\/","title":{"rendered":"Autonomia \u201e\u0163inutului secuiesc\u201d \u2013 radiografia unei intoxic\u0103ri &#8211; Partea I"},"content":{"rendered":"<div class=\"post-content\"><div class='booster-block booster-read-block'>\n                <div class=\"twp-read-time\">\n                \t<i class=\"booster-icon twp-clock\"><\/i> <span>Read Time:<\/span>18 Minute, 35 Second                <\/div>\n\n            <\/div><h4 style=\"text-align: justify;\"><strong>Ac\u0163iunile de \u00eenfiin\u0163are \u00een mijlocul Rom\u00e2niei a unui teritoriu autonom pe criterii etnice, care reface defuncta Regiune Autonom\u0103 Maghiar\u0103 de trist\u0103 amintire stalinist\u0103, reprezint\u0103 \u00een mare parte, dincolo de nostalgiile unor persoane reciclate din fo\u015fti activi\u015fti comuni\u015fti \u00een \u201elideri autonomi\u015fti\u201d, reflexul politicii neorevizioniste promovate, \u00eencep\u00e2nd cu 1990, de unii politicieni din Ungaria fa\u0163\u0103 de Rom\u00e2nia. Practic\u00e2nd o dubl\u0103 ofensiv\u0103, diplomatic\u0103 \u015fi de imagine \u00een media interna\u0163ionale, \u015fi orchestr\u00e2nd minorit\u0103\u0163ile maghiare din \u0163\u0103rile vecine, guvernele na\u0163ionaliste de dreapta ale lui J\u00f3zsef Antall (1990 \u2013 1994) \u015fi Viktor Orb\u00e1n (1998 \u2013 2002) au f\u0103cut din for\u0163area ob\u0163inerii de autonomii pe baze etnice un exerci\u0163iu curent.<\/strong><\/h4>\n<h4 style=\"text-align: justify;\"><strong>\u00cen ceea ce prive\u015fte Rom\u00e2nia, cheia de bolt\u0103 a strategiei neorevizioniste a fost desemnarea \u201e\u0163inutului secuiesc\u201d drept \u201e\u0163ara-mam\u0103 din interior\u201d pentru maghiarimea din Transilvania care tr\u0103ie\u015fte \u201e\u00een diaspor\u0103 intern\u0103\u201d, scopul final fiind \u201econstruirea unei (\u2026) lumi maghiare, cu toate institu\u0163iile ei, de la gr\u0103dini\u0163e \u015fi p\u00e2n\u0103 la autoguvern\u0103rile de rigoare\u201d, a\u015fa cum preconiza chiar fostul prim-ministru ungar Viktor Orb\u00e1n. <\/strong><\/h4>\n<h4 style=\"text-align: justify;\"><strong>Deosebit de grav este faptul c\u0103, folosind contextul creat dup\u0103 interven\u0163ia NATO din 1999 \u00een Iugoslavia, guvernul Orb\u00e1n i-a \u201eindoctrinat\u201d pe unii dintre viitorii lideri ai Uniunii Civice Maghiare, Consiliului Na\u0163ional al Maghiarilor din Transilvania \u00a0\u015fi ai Consiliului Na\u0163ional Secuiesc f\u0103c\u00e2ndu-i s\u0103 cread\u0103 c\u0103 diploma\u0163ia american\u0103 ar fi favorabil\u0103 autonomiilor pe criterii etnice \u015fi c\u0103 acestea vor fi \u201egarantate interna\u0163ional\u201d de c\u0103tre NATO. De\u015fi Departamentul Ap\u0103r\u0103rii al SUA a dezmin\u0163it prompt aser\u0163iunea, ulterior aceast\u0103 veritabil\u0103 intoxicare a fost promovat\u0103 tacit. Astfel se explic\u0103 de ce Ferenc Csaba, secretarul general al CNS, a declarat public pe un post na\u0163ional de televiziune, \u00eenainte de \u0163inerea la 15 martie 2006 la Odorheiu Secuiesc a primei \u201eadun\u0103ri na\u0163ionale secuie\u015fti\u201d, c\u0103 \u00a0minoritatea maghiar\u0103 din \u201e\u0163inutul secuiesc\u201d va lupta p\u00e2n\u0103 la cap\u0103t pentru autonomie fiind \u201esub protec\u0163ia NATO\u201d! O afirma\u0163ie care a nedumerit sau a fost persiflat\u0103, c\u00e2nd de fapt ea ar trebui s\u0103\u00a0 \u00eengrijoreze pentru c\u0103, \u00een virtutea acestei gogori\u0163e, pot fi generate \u015fi pe viitor ac\u0163iuni destabilizatoare cu consecin\u0163e grave.<\/strong><\/h4>\n<h4 style=\"text-align: justify;\">\u00cen anul 1931, sociologul american W. J. Thomas formula o teorem\u0103, care de atunci \u00eei poart\u0103 numele: \u201e<em><span style=\"text-decoration: underline;\">Dac\u0103 oamenii definesc anumite situa\u0163ii ca reale<\/span><\/em> (chiar dac\u0103 ele nu sunt reale n.a.), <em><span style=\"text-decoration: underline;\">\u00een consecin\u0163ele lor acestea se vor manifesta ca reale<\/span><\/em>\u201d. Teorema lui Thomas arat\u0103 c\u0103 semenii no\u015ftri sunt departe de a reac\u0163iona doar la situa\u0163iile obiective, <em>ei reac\u0163ion\u00e2nd \u015fi la semnifica\u0163iile pe care le atribuie unor situa\u0163ii despre care <\/em><strong><em>pot fi convin\u015fi<\/em><\/strong><em> c\u0103 sunt reale<\/em>.<\/h4>\n<h4 style=\"text-align: justify;\">Teorema lui Thomas define\u015fte cee ce s-ar putea numi o fals\u0103 definire de situa\u0163ie \u015fi pe mecanismul ei psihologic se bazeaz\u0103 opera\u0163iunile de dezinformare \u015fi de intoxicare care constau <em>\u00een manipularea opiniei publice, respectiv a factorilor de decizie, \u00een scopuri politice, prin folosirea de informa\u0163ii tratate cu mijloace deturnate.<\/em><\/h4>\n<h4 style=\"text-align: justify;\">Un exemplu clasic al ilustr\u0103rii teoremei lui Thomas, \u00een toate aspectele ei, a fost ceea ce s-ar putea numi \u201esindromul Trianon\u201d. Repetat p\u00e2n\u0103 la exasperare \u00een perioada primei ofensive revizioniste, \u00eentre cele dou\u0103 r\u0103zboaie mondiale, demonizat pentru toate relele, adev\u0103rate sau imaginare, prin care trecea Ungaria sloganul\u201eTrianon\u201d s-a \u00eentip\u0103rit ad\u00e2nc \u00een con\u015ftiin\u0163a na\u0163ional\u0103 ungar\u0103 c\u0103reia i-a produs o veritabil\u0103 traum\u0103. O ran\u0103 care nu a fost l\u0103sat\u0103 s\u0103 se vindece fiind sistematic reinfectat\u0103 \u015fi amplificat\u0103 \u2013 mai nou prin intermediul neorevizionismului \u015fi al interfe\u0163ei sale, autonomia pe baz\u0103 etnic\u0103.<\/h4>\n<h4 style=\"text-align: justify;\">Ini\u0163iativele tot mai insistente privind proclamarea pe baze etnice a autonomiei \u201e\u0163inutului secuiesc\u201d reprezint\u0103, dincolo de manevrele Consilul Na\u0163ional Secuiesc (CNS) \u015fi ale Uniunii Civice Maghiare (UCM) \u2013 care \u00eencearc\u0103 s\u0103 sparg\u0103 monopolul politic al UDMR -, <strong>repercursiunile politicii duse perseverent \u00eentre anii 1998 \u2013 2002 de c\u0103tre guvernul de dreapta al Ungariei de incitare a minorit\u0103\u0163ilor maghiare din \u0163\u0103rile vecine de a ob\u0163ine autonomii pe criterii etnice \u015fi drepturi colective<\/strong>.<\/h4>\n<h4 style=\"text-align: justify;\"><\/h4>\n<figure id=\"attachment_2095\" aria-describedby=\"caption-attachment-2095\" style=\"width: 388px\" class=\"wp-caption aligncenter\"><a href=\"http:\/\/www.desteptati-va.ro\/wp-content\/uploads\/2011\/06\/Viktor_Orban_cropped.jpg\"><img loading=\"lazy\" decoding=\"async\" class=\" wp-image-2095\" title=\"Viktor Orban - premierul Ungariei\" src=\"http:\/\/www.desteptati-va.ro\/wp-content\/uploads\/2011\/06\/Viktor_Orban_cropped-219x300.jpg\" alt=\"Viktor Orban - premierul Ungariei\" width=\"388\" height=\"532\" \/><\/a><figcaption id=\"caption-attachment-2095\" class=\"wp-caption-text\">Viktor Orban &#8211; premierul Ungariei<\/figcaption><\/figure>\n<h4 style=\"text-align: justify;\">Pentru a atinge aceste scopuri, fostul guvern ungar condus de premierul Viktor Orb\u00e1n, care se considera ca fiind, dincolo de grani\u0163ele propriului stat, \u201e<em>reprezentantul \u00eentregii na\u0163iuni ungare<\/em>\u201d, nu s-a dat \u00een l\u0103turi s\u0103 dezinformeze opinia public\u0103 din \u0163\u0103rile vecine Ungariei \u015fi, dup\u0103 cum demonsteaz\u0103 datele incontestabile pe care vor fi prezentate, <strong>chiar s\u0103 intoxice liderii minorit\u0103\u0163ilor maghiare din Rom\u00e2nia \u015fi Serbia pentru a ac\u0163iona \u00een sensul strategiei lor de politic\u0103 extern\u0103<\/strong>.<\/h4>\n<h4 style=\"text-align: justify;\">Pentru a \u00een\u0163elege contextul \u00een care s-a fundamentat strategia autonomiilor pe baze etnice a minorit\u0103\u0163ilor maghiare din \u0163\u0103rile vecine Ungariei, elaborat\u0103 de fostul guvern Orb\u00e1n, este necesar\u0103 o scurt\u0103 rememorare a situa\u0163iei din primii ani de dup\u0103 1989.<\/h4>\n<h4 style=\"text-align: justify;\">Implozia sistemului comunist a marcat, f\u0103r\u0103 excep\u0163ie, \u00een toate fostele \u0163\u0103ri socialiste din estul \u015fi centrul Europei o revigorare a na\u0163ionalismului. \u00cen Ungaria, fenomenul s-a manifestat prin rena\u015fterea revizionismului \u015fi iredentismului, manifest\u0103ri similare av\u00e2nd loc \u015fi \u00een \u0163\u0103rile vecine \u00een r\u00e2ndurile minorit\u0103\u0163ilor maghiare. Procesul, care poate fi definit cel mai bine prin termenul de <em>neorevizionism,<\/em> desemneaz\u0103 noua fa\u0163\u0103 a revizionismului ungar care, pentru a se \u00eencadra \u00een spiritul documentului final de la Helsinki, a recondi\u0163ionat vechile teze ale iredentei pentru a le adapta prin \u201emijloace pa\u015fnice\u201d la actuala conjunctur\u0103 politic\u0103 din Europa. \u00cen anii 90, neorevizionismul a cunoscut o veritabil\u0103 explozie \u015fi s-a desf\u0103\u015furat pe trei fronturi coordonate \u00eentre ele: for\u0163ele politice conservatoare, na\u0163ionalist-\u015fovine, din Ungaria, cercurile minoritare iredentiste din \u0163\u0103rile vecine ei \u015fi emigra\u0163ia ungar\u0103 din Occident.<\/h4>\n<h4 style=\"text-align: justify;\"><\/h4>\n<figure id=\"attachment_2096\" aria-describedby=\"caption-attachment-2096\" style=\"width: 329px\" class=\"wp-caption aligncenter\"><a href=\"http:\/\/www.desteptati-va.ro\/wp-content\/uploads\/2011\/06\/antall.jpg\"><img loading=\"lazy\" decoding=\"async\" class=\" wp-image-2096\" title=\"Jozsef Antall\" src=\"http:\/\/www.desteptati-va.ro\/wp-content\/uploads\/2011\/06\/antall-205x300.jpg\" alt=\"Jozsef Antall\" width=\"329\" height=\"481\" \/><\/a><figcaption id=\"caption-attachment-2096\" class=\"wp-caption-text\">Jozsef Antall<\/figcaption><\/figure>\n<h4 style=\"text-align: justify;\">\u00cen cazul Rom\u00e2niei (dar \u015fi al Serbiei \u015fi Slovaciei) ac\u0163iunile neorevizioniste ale Ungariei au avut o deosebit\u0103 virulen\u0163\u0103 \u00een anii 1990 \u2013 1994, \u00een perioada guvernului condus de Jozsef Antall, cel care s-a declarat \u201esuflete\u015fte\u201d prim-ministrul a 15 milioane de unguri \u015fi a procedat ca atare. Folosindu-se de avantajul c\u0103 f\u0103cuse deja c\u00e2\u0163iva pa\u015fi spre Europa civilizat\u0103, Ungaria a ac\u0163ionat concertat pentru a \u00eempiedica accesul Rom\u00e2niei \u00een organisme interna\u0163ionale precum Consiliul Europei sub pretextul discimin\u0103rii minorit\u0103\u0163ii maghiare. \u00cen paralel, a fost demarat\u0103 o dubl\u0103 campanie \u2013 diplomatic\u0103 \u015fi de imagine \u00een mass media interna\u0163ionale \u2013 \u00een scopul impunerii unor forme de autonomie sau federative care s\u0103 asigure un statut special Transilvaniei. \u00cen mediile politice, presa scris\u0103 \u015fi electronic\u0103 \u015fi \u00een cercurile culturale din Ungaria a fost \u00eentre\u0163inut\u0103 o atmosfer\u0103 menit\u0103 s\u0103 induc\u0103 o psihologie a \u201eteritoriilor recuperabile\u201d.<\/h4>\n<h4 style=\"text-align: justify;\">\u00cen o alt\u0103 \u201e\u0163ar\u0103 succesoare\u201d, care de\u0163inea astfel de teritorii, Slovacia, dup\u0103 desp\u0103r\u0163irea acesteia de Cehia, a fost folosit \u015fi cultivat contenciosul legat de hidrocentrala de la Gabcikovo ca pretext al unui veritabil r\u0103zboi mediatico-diplomatic menit s\u0103 \u0163in\u0103 treaz\u0103 problematica autonomiei minorit\u0103\u0163ii maghiare din sudul \u0163\u0103rii.<\/h4>\n<h4 style=\"text-align: justify;\">Cazul cel mai dramatic a fost \u00eens\u0103 participarea Ungariei la destr\u0103marea fostei Iugoslavii. Este cunosut faptul c\u0103 guvernul Antall a sprijinit secesiunea Croa\u0163iei furniz\u00e2ndu-i arme. Miza a fost o Serbie slab\u0103 care va fi nevoit\u0103 s\u0103 acorde autonomie minorit\u0103\u0163ii maghiare din Voivodina.<\/h4>\n<h4 style=\"text-align: justify;\">Perioada dintre anii 1994 \u015fi 1998, \u00een care Ungaria a fost condus\u0103 de guvernul socialist al lui Gyula Horn, a fost relativ mai relaxat\u0103, iar ac\u0163iunile mai coerente ale diploma\u0163iei rom\u00e2ne au reu\u015fit s\u0103 conving\u0103 cancelariile \u0163\u0103rilor occidentale \u015fi opinia public\u0103 interna\u0163ional\u0103 de mobilurile reale ale campaniei de imagine negativ\u0103 dus\u0103 \u00eempotriva Rom\u00e2niei, inclusiv \u00een ceea ce prive\u015fte (auto)victimizarea minorit\u0103\u0163ii maghiare. Ini\u0163iativa reconcilierii istorice rom\u00e2no-ungare dup\u0103 modelul franco-german \u015fi \u00eencheierea tratatului de baz\u0103 \u00eentre Rom\u00e2nia \u015fi Ungaria, cu toate imperfec\u0163iunile sale, a calmat oarecum disputele dintre cele dou\u0103 \u0163\u0103ri.<\/h4>\n<h4 style=\"text-align: justify;\">Venirea la putere, \u00een urma alegerilor din aprilie-mai 1998, a guvernului de dreapta condus de premierul Viktor Orb\u00e1n a dus la o escaldare p\u00e2n\u0103 la paroxism a problematicii minorit\u0103\u0163ilor maghiare din \u0163\u0103rile vecine Ungariei. Federa\u0163ia Tinerilor Democra\u0163i \u2013 Partidul Civic Ungar (Fidesz \u2013 PCU), principala for\u0163\u0103 politic\u0103 din coali\u0163ia guvernamental\u0103, a pus la punct, \u00een cei patru ani de guvernare, o strategie special\u0103 <em>\u201ede unire, dincolo de grani\u0163e, a na\u0163iunii ungare\u201d,<\/em> destinat\u0103 s\u0103 devin\u0103 nu numai o na\u0163iune cultural\u0103 ci \u015fi una politic\u0103. Principalele instrumente au fost ac\u0163iunile de ob\u0163inere prin toate mijloacele a autonomiei \u015fi coordonarea acestora printr-un organism special \u00eenfiin\u0163at, Consiliul Permanent Ungar.<\/h4>\n<h4 style=\"text-align: justify;\">Rezultatele acestui proces au avut efecte negative \u00eendeosebi \u00een Rom\u00e2nia, unde succesivele guverne ale Conven\u0163iei Democratice din Rom\u00e2nia, ca \u015fi pre\u015fedintele Emil Constantinescu, au excelat prin incompeten\u0163\u0103 \u015fi o sl\u0103biciune care au frizat lipsa de spirit na\u0163ional \u015fi patriotism. Prin contrast, strategia guvernului Orb\u00e1n a ob\u0163inut rezultate notabile prin canalizarea politicii externe\u00a0 pe trei direc\u0163ii bine definite \u2013 intrarea Ungariei \u00een NATO, de\u0163inerea ini\u0163iativei \u00een rela\u0163iile cu \u0163\u0103rile vecine \u015fi schimbarea statutului minorit\u0103\u0163ilor maghiare din aceste \u0163\u0103ri. <strong><span style=\"text-decoration: underline;\">Un rol important \u00een realizarea mi\u015fc\u0103rilor tactice au avut serviciile secrete coordonate de L\u00e1szl\u00f3 K\u00f6v\u00e9r, un politican agresiv, de dreapta extrem\u0103, \u015fi implicarea liderilor organiza\u0163iilor maghiarilor din \u0163\u0103rile vecine ca \u015fi a celor din emigra\u0163ia occidental\u0103.<\/span><\/strong><\/h4>\n<h4 style=\"text-align: justify;\"><\/h4>\n<figure id=\"attachment_2097\" aria-describedby=\"caption-attachment-2097\" style=\"width: 443px\" class=\"wp-caption aligncenter\"><a href=\"http:\/\/www.desteptati-va.ro\/wp-content\/uploads\/2011\/06\/Kover_Laszlo_2007.jpg\"><img loading=\"lazy\" decoding=\"async\" class=\" wp-image-2097\" title=\"Kover Laszlo\" src=\"http:\/\/www.desteptati-va.ro\/wp-content\/uploads\/2011\/06\/Kover_Laszlo_2007-300x225.jpg\" alt=\"Kover Laszlo\" width=\"443\" height=\"332\" \/><\/a><figcaption id=\"caption-attachment-2097\" class=\"wp-caption-text\">Kover Laszlo<\/figcaption><\/figure>\n<h4 style=\"text-align: justify;\">\u00cenf\u0103\u0163i\u015farea <em>cronologic\u0103<\/em> a modului \u00een care a luat na\u015ftere \u015fi s-a \u00eenchegat treptat <em>strategia pan-maghiar\u0103<\/em> a guvernului Orb\u00e1n, coeren\u0163a acesteia, subtilitatea conceptelor \u015fi a mijloacelor (dintre care nu lipsesc dezinformarea \u015fi intoxicarea) puse \u00een slujba ei, conduc la ideea c\u0103 elaborarea ei nu a fost exclusiv opera unor politicieni.<\/h4>\n<h4 style=\"text-align: justify;\">Primul pas a fost f\u0103cut la 16 februarie 1996, c\u00e2nd a avut loc la Budapesta prima reuniune a Clubului pentru politic\u0103 extern\u0103 a Fidesz \u2013 PCU, care, la acea dat\u0103, se afla \u00een opozi\u0163ie. Zsolt N\u00e9meth, vicepre\u015fedintele partidului, a anun\u0163at c\u0103 scopul \u00eenfiin\u0163\u0103rii clubului este acela de a oferi o alternativ\u0103 de dreapta la politic\u0103 extern\u0103 a guvernului socialist av\u00e2nd \u00een vedere c\u0103 \u201c<em>politica ungar\u0103 fa\u0163\u0103 de \u0163\u0103rile vecine, ca \u015fi cea privind minorit\u0103\u0163ile maghiare este falimentar\u0103 (\u2026) \u015fi c\u0103 este cazul s\u0103 se pun\u0103 cap\u0103t pasivit\u0103\u0163ii diploma\u0163iei ungare, aflat\u0103 \u00eentr-o continu\u0103 defensiv\u0103 \u00een fa\u0163a propunerilor rom\u00e2ne\u015fti privind reconcilierea istoric\u0103\u201d<\/em>. Viktor Orb\u00e1n, pre\u015fedintele Fidesz, a anun\u0163at c\u0103 sprijin\u0103 concep\u0163iile episcopului L\u00e1szl\u00f3 T\u0151k\u00e9s (invitat la reuniune) privind autonomia \u015fi <em>s-a referit la minoritatea maghiar\u0103 din Rom\u00e2nia, \u00een calitatea sa de component\u0103 a na\u0163iunii ungare.<\/em> Concluzia discu\u0163iilor, la care a participat \u015fi Ferenc Sz\u00f6cs,\u00a0 ambasadorul Ungariei la Bucure\u015fti, a fost c\u0103 <em>este nevoie de o schimbare a politicii ungare fa\u0163\u0103 de vecinii \u0163\u0103rii<\/em>.<\/h4>\n<h4 style=\"text-align: justify;\">A urmat forumul de dezbateri organizat la 24 iulie 1997 la T\u00e2rgul Secuiesc, unde Viktor Orb\u00e1n a atacat guvernul socialist a premierului Horn acuz\u00e2ndu-l c\u0103 duce o politic\u0103 mult prea precaut\u0103 \u00een privin\u0163a minorit\u0103\u0163ilor maghiare de peste grani\u0163e \u015fi c\u0103 este fundamental incapabil s\u0103 sprijine dorin\u0163ele acestora de autonomie. La scurt timp, \u00eentr\u2011un interviu ap\u0103rut la 12 august 1997 \u00een s\u0103pt\u0103m\u00e2nalul or\u0103dean Erd\u00e9lyi Napl\u00f3, Orb\u00e1n va declara c\u0103, <strong>pe viitor, Budapesta trebuie s\u0103 sprijine deschis aspira\u0163iile de autonomie ale minorit\u0103\u0163ii maghiare din Transilvania \u015fi institu\u0163iile adecvate acestei autonomii.<\/strong> \u00cen interviu se accentueaz\u0103: \u201c<em>Ceea dorim noi dep\u0103\u015fe\u015fte tratatul de baz\u0103, diferen\u0163iindu-se de inten\u0163iile originare ale actualului guvern<\/em>\u201c.<\/h4>\n<h4 style=\"text-align: justify;\">Ministrul de externe ungar, socialistul L\u00e1szl\u00f3 Kov\u00e1cs, va preciza c\u0103 prin declara\u0163iile sale liderul tinerilor democra\u0163i pune \u00een primejdie interesele esen\u0163iale ale politicii externe ungare. \u00cen schimb, Pre\u015fedin\u0163ia \u015fi Guvernul Rom\u00e2niei nu au avut nici o reac\u0163ie. UDMR e la guvernare, iar Viktor Orb\u00e1n, vicepre\u015fedinte al Adun\u0103rii generale a Consiliului Europei, este considerat unul dintre prietenii politici ai ministrului de externe Adrian Severin. Declara\u0163iile lui Orb\u00e1n erau f\u0103cute \u00een contextul \u00een care, cu numai opt luni \u00eenainte de alegerile din Ungaria, Fidesz dep\u0103\u015fea \u00een sondaje partidele coali\u0163iei socialist-liberale iar cei mai mul\u0163i unguri ar dori s\u0103\u2011l vad\u0103 pe liderul s\u0103u ocup\u00e2nd postul de prim\u2011ministru.<\/h4>\n<h4 style=\"text-align: justify;\">Dup\u0103 numai o lun\u0103, la 13 septembrie 1997, ca un preambul al campaniei electorale, Viktor Orb\u00e1n va \u00eencepe un turneu \u00een Transilvania. La Odorheiu Secuiesc, \u00eentr-o adunare public\u0103 organizat\u0103 de episcopul L\u00e1szl\u00f3T\u0151k\u00e9s, el declar\u0103 c\u0103 sprijin\u0103 maghiarimea din Transilvania \u00een lupta ei pentru \u00eendeplinirea obiectivelor sale esen\u0163iale: <strong>realizarea autonomiei, \u00eenfiin\u0163area unui sistem de \u00eenv\u0103\u0163\u0103m\u00e2nt la toate nivelurile \u015fi retrocedarea bunurilor bisericilor istorice maghiare. <\/strong>Orb\u00e1n mai l\u0103s\u0103 s\u0103 se \u00een\u0163eleag\u0103 c\u0103 se consider\u0103 mo\u015ftenitorul politic al lui J\u00f3zsef Antall \u015fi c\u0103 este dispus s\u0103\u2011\u015fi asume rolul de conduc\u0103tor a 15 milioane de unguri.<\/h4>\n<h4 style=\"text-align: justify;\">Peste o zi, la o reuniune \u0163inut\u0103 la T\u00eergu\u2011Mure\u015f, Orb\u00e1n va \u00a0dezavua participarea,\u00a0 UDMR la guvernare atr\u0103g\u00e2nd aten\u0163ia c\u0103 \u201e<em>guvernele vin \u015fi se duc, dar comunit\u0103\u0163ile r\u0103m\u00e2n<\/em>\u201d \u015fi accentu\u00e2nd c\u0103 \u201e<strong>\u00een fiecare localitate din Transilvania unde tr\u0103iesc maghiari important\u0103 este construirea unei mici lumi maghiare, cu toate institu\u0163iile ei, de la gr\u0103dini\u0163e \u015fi p\u00e2n\u0103 la autoguvern\u0103rile de rigoare\u201d<\/strong>.<\/h4>\n<h4 style=\"text-align: justify;\">\u00cenceputul urm\u0103toarei etape, decisiv\u0103, va fi marcat\u0103 de declara\u0163ia lui Viktor Orb\u00e1n f\u0103cut\u0103 la 28 mai 1998, dup\u0103 ce se anun\u0163\u0103 c\u0103 Fidesz PCU a c\u00e2\u015ftigat alegerile: \u201e<strong>Am afirmat \u00een numeroase r\u00e2nduri c\u0103 grani\u0163ele statului ungar nu se suprapun cu cele ale na\u0163iunii ungare. Viitorul guvern va fi unul al \u00eentregii na\u0163iunii ungare<\/strong>\u201d<strong>.<\/strong><\/h4>\n<h4 style=\"text-align: justify;\"><em>De altfel,<\/em> <em>Programul electoral al Fidesz prevedea c\u0103, \u00een cazul c\u0103 acesta va ajunge la guvernare, va institu\u0163ionaliza un dialog sistematic \u015fi oficial \u00a0\u00eentre statul ungar \u015fi comunit\u0103\u0163ile maghiare care tr\u0103iesc \u00een bazinul carpatic, va lupta pentru recunoa\u015fterea drepturilor colective ale maghiarimii care tr\u0103ie\u015fte \u00een minoritate \u00een \u0163\u0103rile vecine \u015fi \u00eei va sprijini aspira\u0163iile de autonomie.<\/em><\/h4>\n<h4 style=\"text-align: justify;\">Reac\u0163iile presei interna\u0163ionale la declara\u0163iile lui Orb\u00e1n au fost\u00a0 relevante. Sub titlul \u201cGuvernul copiilor\u201d, <em>Corriere della Sera<\/em> emitea opinia c\u0103 \u201cpreluarea puterii de c\u0103tre tinerii de dreapta de la Budapesta, nu reprezint\u0103 o victorie a noului, ci o amenin\u0163are la adresa echilibrului \u015fi a\u015fa instabil al zonei\u201d, iar <em>BBC International<\/em> era de p\u0103rere c\u0103 \u201cRe\u00eentoarcerea la retorica fostului guvern Antall \u015fi la \u00ab<em>diploma\u0163ia megafonului<\/em>\u00bb nu poate avea succes \u015fi c\u0103 \u201erigidizarea politicii fa\u0163\u0103 de vecini nu se arat\u0103 drept drumul cel mai corespunz\u0103tor\u201d.<\/h4>\n<h4 style=\"text-align: justify;\">Prezent la Budapesta \u00een zilele imediat urm\u0103toare, episcopul L\u00e1szl\u00f3T\u0151k\u00e9s, care \u00eel sprijinise masiv pe Viktor Orb\u00e1n \u00een campania electoral\u0103, \u00eei va cere viitorului prim-ministru o cre\u015ftere a intransigen\u0163ei Budapestei \u00een politica fa\u0163\u0103 de Bucure\u015fti prin denun\u0163area politicii Rom\u00e2niei privind minoritatea maghiar\u0103, revizuirea \u00een\u0163elegerilor diplomatice \u015fi a tratatului rom\u00e2no-ungar, intensificarea demersurilor privind ob\u0163inerea autonomiei teritoriale \u00een zonele \u00een care maghiarii alc\u0103tuiesc majoritatea \u015fi individuale acolo unde tr\u0103iesc \u00een minoritate, acordarea dublei cet\u0103\u0163enii pentru etnicii maghiari apar\u0163in\u00e2nd comunit\u0103\u0163ilor din afara grani\u0163elor, urgentarea re\u00eefiin\u0163\u0103rii unei universit\u0103\u0163i maghiare la Cluj, retrocedarea ne\u00eent\u00e2rziat\u0103 \u015fi necondi\u0163ionat\u0103 a tuturor bunurilor care au apar\u0163inut bisericilor istorice maghiare din Transilvania \u015fi reluarea, sub form\u0103 sistematic\u0103 \u015fi oficializat\u0103, a convorbirilor panmaghiare \u00eentrerupte \u00eenainte de vreme din cauza reac\u0163iei interna\u0163ionale la comunicatul Conferin\u0163ei ungaro-maghiare de la Budapesta din vara lui 1996.<\/h4>\n<h4 style=\"text-align: justify;\">Strategia guvernului Orb\u00e1n\u00a0\u00a0 \u00eencepe s\u0103 se contureze o dat\u0103 cu ideea lansat\u0103 de Zsolt N\u00e9meth, proasp\u0103t secretar de stat \u00een MAE ungar, conform c\u0103ruia \u201c<strong>problema minorit\u0103\u0163ilor (maghiare n.a.) reprezint\u0103 \u015fi o problem\u0103 de politic\u0103 de securitate a Europei centrale.<\/strong>\u201d \u00centr-un interviu ap\u0103rut la 30 iulie 1998 \u00a0\u00een s\u0103pt\u0103m\u00e2nalul Heti Vil\u00e1ggazdas\u00e1g, N\u00e9meth, care era \u015fi vicepre\u015fedinte al Fidesz, reia astfel \u00eentr\u2011o form\u0103 mai nuan\u0163at\u0103 teza lansat\u0103 la \u00eenceputul deceniului de fostul ministru al ap\u0103r\u0103rii, Lajos F\u00fcr. La vremea respectiv\u0103, afirma\u0163ia c\u0103 \u201c<em>problema minorit\u0103\u0163ilor de peste grani\u0163e face parte din politica de securitate ungar\u0103<\/em>\u201d st\u00e2rnise vehemente proteste \u00een \u0163\u0103rile vecine.<\/h4>\n<h4 style=\"text-align: justify;\">Num\u0103rul doi al diploma\u0163iei ungare a mai anun\u0163at c\u0103 Budapesta va realiza un cadru institu\u0163ionalizat al rela\u0163iilor cu maghiarii de peste grani\u0163e, \u201e<em>un organism la v\u00e2rf \u00een care se vor reg\u0103si reprezentan\u0163ii legitimi ai minorit\u0103\u0163ilor maghiare \u015fi liderii politicii ungare<\/em>\u201d \u015fi c\u0103 va elabora un statut special al maghiarilor de peste grani\u0163e.<\/h4>\n<h4 style=\"text-align: justify;\">Modul \u00een care se poate institu\u0163ionaliza dialogul ungaro\u2011maghiar \u00eencepe s\u0103-\u015fi arate adev\u0103ratele inten\u0163ii c\u00e2nd acela\u015fi Zsolt N\u00e9meth, cu ocazia unei dezbateri publice organizat\u0103 de Academia Szent L\u00e1szl\u00f3 la 18 septembrie 1998, afirm\u0103 c\u0103 \u201e<em>trauma Trianonului poate fi tratat\u0103 prin integrarea european\u0103 a na\u0163iunii ungare \u00een \u00eentregul ei<\/em>\u201d.<\/h4>\n<h4 style=\"text-align: justify;\">Lansat\u0103 la numai trei luni de la venirea la guvernare a Fidesz, aser\u0163iunea contribuie la conturarea convingerii c\u0103 <strong>Budapesta este dispus\u0103 s\u0103 greveze rela\u0163iile cu unii dintre vecinii ei cu o nou\u0103 doctrin\u0103: aceea a integr\u0103rii europene a \u00eentregii maghiarimi \u00een calitate de comunitate na\u0163ional\u0103.<\/strong><\/h4>\n<h4 style=\"text-align: justify;\">O amenin\u0163are voalat\u0103 la adresa \u0163\u0103rilor vecine \u00een care tr\u0103iesc minorit\u0103\u0163i maghiare va fi lansat\u0103 \u00een contextul interven\u0163iei NATO \u00een Iugoslavia. Ea este emis\u0103 de Viktor Orb\u00e1n, la 9 mai 1999, c\u00e2nd cu ocazia congresului Fidesz a declarat c\u0103 \u201e<strong>urm\u0103toarele conflicte de tip Kosovo nu pot fi ocolite dec\u00e2t dac\u0103 minorit\u0103\u0163ilor care tr\u0103iesc \u00een Serbia, \u015fi \u00een primul r\u00e2nd maghiarilor, li se vor acorda drepturile \u015fi autonomia<\/strong> care au fost experimentate cu succes \u00een partea vestic\u0103 a Europei\u201d. Cu acela\u015fi prilej, L\u00e1szl\u00f3 K\u00f6v\u00e9r, vicepre\u015fedinte Fidesz \u015fi ministru \u00eens\u0103rcinat cu supravegherea serviciilor secrete, a accentuat c\u0103 dac\u0103 reglementarea problemei minorit\u0103\u0163ilor din Serbia nu se va extinde \u015fi asupra maghiarilor din Voivodina, \u201cpe motivul gre\u015fit interpretat al evit\u0103rii unui conflict, acest fapt ar transmite un mesaj politic \u015fi moral de neacceptat\u201d. <em>Este, cum se va vedea, un prim pas spre acreditarea falsei idei c\u0103 minorit\u0103\u0163ile maghiare din Serbia \u015fi Rom\u00e2nia ar trebui s\u0103 fie protejate de NATO \u00een care Ungaria intrase \u00eenaintea \u0163\u0103rii noastre.<\/em><\/h4>\n<h4 style=\"text-align: justify;\">Av\u00e2ntul politicii neorevizioniste a guvernului Orb\u00e1n va fi poten\u0163at de declara\u0163ia-\u015foc f\u0103cut\u0103 de generalul Wesley Clark f\u0103cute la Seminarul neoficial al NATO organizat la Budapesta \u00eentre 21 \u015fi 23 iunie 1999 la sf\u00e2r\u015fitul opera\u0163iilor militare din Kosovo \u015fi Serbia. Subliniind c\u0103 \u201e<em><strong>dac\u0103 e nevoie, diploma\u0163ia trebuie sprijinit\u0103 cu puterea armelor<\/strong><\/em>\u201d, comandantul trupelor NATO va sus\u0163ine c\u0103 \u201e<em>\u00een conformitate cu noua doctrin\u0103 a Alian\u0163ei, principiile care stau la baza Tratatului de la Versailles sunt, \u00een prezent, dep\u0103\u015fite<\/em>\u201d. (\u00cen context, Clark se referea de fapt la acele state care \u00ee\u015fi pun \u00een primejdie proprii cet\u0103\u0163eni, trat\u00e2ndu-i dup\u0103 bunul lor plac \u015fi risc\u00e2nd s\u0103 destabilizeze \u00eentreaga regiune, dar cele mai multe dintre ziarele din Ungaria nu au sim\u0163it nevoia s\u0103 nuan\u0163eze\u2026)<\/h4>\n<h4 style=\"text-align: justify;\"><strong><span style=\"text-decoration: underline;\">Existau, dup\u0103 cum se vede, toate premisele pentru a trece \u00eentr-o nou\u0103 faz\u0103, cea a \u201eOpera\u0163iunii Duna\u201d pus\u0103 la punct sub coordonarea lui L\u00e1szl\u00f3 K\u00f6v\u00e9r, ministru \u00eens\u0103rcinat cu supravegherea serviciilor secrete<\/span>.<\/strong> \u00centr-o prim\u0103 faz\u0103, aceasta prevedea sensibilizarea comunit\u0103\u0163ii interna\u0163ionale, dup\u0103 modelul care precedase declan\u015farea opera\u0163iunilor militare din Kosovo \u015fi Serbia, \u00een privin\u0163a \u201ediscrimin\u0103rii\u201d minorit\u0103\u0163ilor maghiare din fostele \u201eprovincii istorice\u201d Voivodina \u015fi Transilvania \u00een domenii ca drepturile omului, folosirea limbii materne \u015fi \u00eenv\u0103\u0163\u0103m\u00e2ntul. \u00cen a doua faz\u0103, trebuia realizat\u0103 acordarea dublei cet\u0103\u0163enii maghiarilor din \u0163\u0103rile limitrofe \u015fi crearea cadrului legal pentru ob\u0163inerea autodetermin\u0103rii interne. \u00cen o a doua parte, acela\u015fi scenariu viza provinciile F\u00e9lvid\u00e9k din sudul Slovaciei \u015fi Subcarpatia din Ucraina.<\/h4>\n<h4 style=\"text-align: justify;\">La 26 \u015fi 28 iunie 1999, \u00een sta\u0163iunile Fonyod, respectiv Balatonsz\u00e1rz\u00f3, au avut loc reuniuni la care au participat reprezentan\u0163i ai grupului radical din Odorheiu Secuiesc (care ulterior vor \u00eenfiin\u0163a Uniunea Civic\u0103 Maghiar\u0103), Uniunii Maghiare Ardelene (organiza\u0163ie notorie pentru ac\u0163iunile ei revizioniste) \u015fi liderii maghiarilor din Voivodina. <strong>Discu\u0163iile s-au concentrat pe discutarea posibilit\u0103\u0163ilor de realizare a obiectivelor ac\u0163iunii \u015fi a cadrului legal \u00een care ar putea fi \u00eenf\u0103ptuit\u0103, astfel \u00eenc\u00e2t, \u00een cazul refuzului autorit\u0103\u0163ilor din Rom\u00e2nia \u015fi Iugoslavia de a satisface cererile minorit\u0103\u0163ilor maghiare, Budapesta s\u0103 poat\u0103 cere interven\u0163ia \u0163\u0103rilor occidentale,\u00a0\u00a0 inclusiv prin intermediul NATO<\/strong>.<\/h4>\n<h4 style=\"text-align: justify;\">Cu toate c\u0103 a fost sf\u0103tuit c\u0103 ar fi de dorit evitarea de tensiuni cu Rom\u00e2nia, \u0163ar\u0103 care a sus\u0163inut campania Alian\u0163ei, premierul Orb\u00e1n a insistat pe aceast\u0103 idee. \u00cen urma unei vizite la Budapesta, la 14 iulie 1999, a secretarului de stat al ap\u0103r\u0103ri SUA, William Cohen, fostul prim\u2011ministru Viktor Orb\u00e1n a sus\u0163inut \u00eentr-o conferin\u0163\u0103 de pres\u0103 c\u0103 demnitarul american a fost de acord ca problema autonomiei minorit\u0103\u0163ilor (maghiare) din zon\u0103 s\u0103 ocupe un capitol separat \u00een cadrul Pactului de stabilitate pentru Europa de Sud-Est \u015fi <strong>s\u0103 fie asigurat\u0103 prin garan\u0163ii interna\u0163ionale, \u00een primul r\u00e2nd ale NATO<\/strong>.<\/h4>\n<h4 style=\"text-align: justify;\">Pentagonul a dezmin\u0163it prin Agen\u0163ia Associated Press alega\u0163iile premierului ungar ar\u0103t\u00e2nd c\u0103 de\u015fi Viktor Orb\u00e1n \u201ca st\u0103ruit cu obstina\u0163ie ca NATO s\u0103\u2011\u015fi asume problema maghiarilor din Voivodina \u00een tratativele sale cu Belgradul \u00een scopul mai marii stabilit\u0103\u0163i a \u0163\u0103rii\u201d, William Cohen \u201e<em>a ocolit problema autonomiei \u015fi nu a dorit s\u0103 abordeze nici aspectul asigur\u0103rii acesteia prin amenin\u0163are militar\u0103<\/em>\u201c.<\/h4>\n<h4 style=\"text-align: justify;\">Cu toate acestea, subiectul atitudinii favorabile a fa\u0163\u0103 de garantarea securit\u0103\u0163ii minorit\u0103\u0163ilor maghiare a fost reluat \u00een \u00eent\u00e2lnirile pe care premierul Orb\u00e1n \u015fi Tibor Szab\u00f3, \u015feful Oficiului maghiarilor de peste grani\u0163e, le-au avut cu reprezentan\u0163ii lobby-ului maghiar cu ocazia vizitelor \u00een SUA. Foarte probabil, discu\u0163ii asem\u0103n\u0103toare au avut loc ulterior \u015fi cu unii lideri ai Consiliului Na\u0163ional Secuiesc \u015fi ai Uniunii Civice Maghiare. Altfel nu se explic\u0103 cum ceea ce \u00eencepuse ca o dezinformare s-a transformat \u00eentr-o intoxicare ale c\u0103rei victime ei au devenit chiar unii dintre reprezentan\u0163ii CNS \u015fi ai UCM, convin\u015fi c\u0103 pot \u00eentinde coarda dob\u00e2ndirii autonomiei c\u00e2t vor pentru c\u0103 se afl\u0103, <em>cum ei \u00een\u015fi\u015fi declar\u0103<\/em>, sub protec\u0163ia NATO!<\/h4>\n<h4 style=\"text-align: justify;\">Cheia de bolt\u0103 a stratagemelor de a ob\u0163ine autonomie pe criterii etnice a fost ideea <strong>transform\u0103rii \u201e\u0163inutului secuiesc\u201d \u00een \u201e\u0163ara-mam\u0103 din interior\u201d pentru maghiarii din \u201ediaspora intern\u0103\u201d.<\/strong> Conceptul a fost lansat de Zsolt N\u00e9meth, num\u0103rul doi al diploma\u0163iei ungare, la 18 februarie 2000, cu ocazia vizitei sale la Miercurea Ciuc unde a afirmat c\u0103 \u201e<strong>pentru strategia maghiarimea din Rom\u00e2nia se contureaz\u0103 tot mai mult rolul \u0163inutului secuiesc ca \u0163ar\u0103\u2011mam\u0103 din interior pe care s\u0103 se poat\u0103 sprijini maghiarii care tr\u0103iesc \u00een minoritate \u00een diversele regiuni din Transilvania<\/strong>\u201d. Evident, pentru aceasta, \u201e\u0163inutul secuiesc\u201d trebuia s\u0103 devin\u0103 autonom iar \u00een acest scop au fost folosite toate mijloacele, mai pu\u0163in cele de for\u0163\u0103, de\u015fi incit\u0103ri au existat.<\/h4>\n<h4 style=\"text-align: justify;\">Foarte interesant\u0103 ar fi o analiz\u0103 a modului \u00een care Fidesz \u015fi liderii s\u0103i s-au amestecat \u00een via\u0163a politic\u0103 intern\u0103 a maghiarilor din Rom\u00e2nia merg\u00e2nd p\u00e2n\u0103 la sus\u0163inerea pe fa\u0163\u0103 a episcopului L\u00e1szl\u00f3T\u0151k\u00e9s \u015fi a lui Jen\u00f6 Sz\u00e1sz, primarul Odorheiului Secuiesc, \u00eempotriva echipei lui B\u00e9la Mark\u00f3. Imixtiunea s-a manifestat prin \u00eencurajarea diziden\u0163ei platformelor radicale din UDMR \u015fi chiar prin sprijinirea cre\u0103rii de forma\u0163ii politice precum Uniunea Civic\u0103 Maghiar\u0103, Consiliul Na\u0163ional al Maghiarilor din Transilvania \u015fi Consiliul Na\u0163ional Secuiesc care s\u0103 poat\u0103 fi contrapuse UDMR pe care Fidesz nu \u00eel considera suficient de dedicat\u0103 \u201ecauzei na\u0163ionale\u201d\u2026<\/h4>\n<h4 style=\"text-align: justify;\">Venirea la putere \u00een Ungaria \u00een mai 2002 a guvernului socialist a lui P\u00e9ter Medgyesi a atenuat capacit\u0103\u0163ile Fidesz PCU de a manevra direct acei lideri politici maghiari al c\u0103ror extremism etnic \u00eel incitase \u015fi sus\u0163inuse sistematic \u00een timpul guvern\u0103rii.<\/h4>\n<h4 style=\"text-align: justify;\">Intrarea \u0163\u0103rii noastre \u00een NATO \u015fi faptul c\u0103 dreapta radical\u0103, conservatoare \u015fi na\u0163ionalist\u0103 din Ungaria a pierdut \u015fi alegerile din aprilie 2006 poate fi considerat\u0103 o \u015fans\u0103 pentru o Rom\u00e2nie aflat\u0103 \u00een pragul integrarii \u00een UE \u015fi care va trebui s\u0103-i contracareze pe cei care au f\u0103cut din fluturarea autonomiei o surs\u0103 cronic\u0103 de frustrare.<\/h4>\n<h4 style=\"text-align: justify;\">Schimbarea statutului Rom\u00e2niei prin intrarea \u00een NATO a ad\u0103ugat, la r\u00e2ndul ei, un plus de stabilitate \u015fi a constituit un factor de descurajare a politicilor neorevizioniste. Cu toate acestea, acel veritabil cal troian al neorevizionismului constituit de ac\u0163iunile autonomiste a continuat s\u0103 ac\u0163ioneze direct sau prin intermediul opera\u0163iunilor de dezinformare \u015fi\/sau de intoxicare.<\/h4>\n<h4><em>Material realizat de <strong>Dorin Suciu<\/strong> pentru Ziaristi Online<\/em><\/h4>\n<h4 style=\"text-align: justify;\"><\/h4>        <div class=\"booster-block booster-reactions-block\">\n            <div class=\"twp-reactions-icons\">\n                \n                <div class=\"twp-reacts-wrap\">\n                    <a react-data=\"be-react-1\" post-id=\"3614\" class=\"be-face-icons un-reacted\" href=\"javascript:void(0)\">\n                        <img decoding=\"async\" src=\"https:\/\/desteptati-va.ro\/wp-content\/plugins\/booster-extension\/\/assets\/icon\/happy.svg\" alt=\"Happy\">\n                    <\/a>\n                    <div class=\"twp-reaction-title\">\n                        Happy                    <\/div>\n                    <div class=\"twp-count-percent\">\n                                                    <span style=\"display: none;\" class=\"twp-react-count\">0<\/span>\n                        \n                                                <span class=\"twp-react-percent\"><span>0<\/span> %<\/span>\n                                            <\/div>\n                <\/div>\n\n                <div class=\"twp-reacts-wrap\">\n                    <a react-data=\"be-react-2\" post-id=\"3614\" class=\"be-face-icons un-reacted\" href=\"javascript:void(0)\">\n                        <img decoding=\"async\" src=\"https:\/\/desteptati-va.ro\/wp-content\/plugins\/booster-extension\/\/assets\/icon\/sad.svg\" alt=\"Sad\">\n                    <\/a>\n                    <div class=\"twp-reaction-title\">\n                        Sad                    <\/div>\n                    <div class=\"twp-count-percent\">\n                                                    <span style=\"display: none;\" class=\"twp-react-count\">0<\/span>\n                                                                        <span class=\"twp-react-percent\"><span>0<\/span> %<\/span>\n                                            <\/div>\n                <\/div>\n\n                <div class=\"twp-reacts-wrap\">\n                    <a react-data=\"be-react-3\" post-id=\"3614\" class=\"be-face-icons un-reacted\" href=\"javascript:void(0)\">\n                        <img decoding=\"async\" src=\"https:\/\/desteptati-va.ro\/wp-content\/plugins\/booster-extension\/\/assets\/icon\/excited.svg\" alt=\"Excited\">\n                    <\/a>\n                    <div class=\"twp-reaction-title\">\n                        Excited                    <\/div>\n                    <div class=\"twp-count-percent\">\n                                                    <span style=\"display: none;\" class=\"twp-react-count\">0<\/span>\n                                                                        <span class=\"twp-react-percent\"><span>0<\/span> %<\/span>\n                                            <\/div>\n                <\/div>\n\n                <div class=\"twp-reacts-wrap\">\n                    <a react-data=\"be-react-6\" post-id=\"3614\" class=\"be-face-icons un-reacted\" href=\"javascript:void(0)\">\n                        <img decoding=\"async\" src=\"https:\/\/desteptati-va.ro\/wp-content\/plugins\/booster-extension\/\/assets\/icon\/sleepy.svg\" alt=\"Sleepy\">\n                    <\/a>\n                    <div class=\"twp-reaction-title\">\n                        Sleepy                    <\/div>\n                    <div class=\"twp-count-percent\">\n                                                    <span style=\"display: none;\" class=\"twp-react-count\">0<\/span>\n                        \n                                                <span class=\"twp-react-percent\"><span>0<\/span> %<\/span>\n                                            <\/div>\n                <\/div>\n\n                <div class=\"twp-reacts-wrap\">\n                    <a react-data=\"be-react-4\" post-id=\"3614\" class=\"be-face-icons un-reacted\" href=\"javascript:void(0)\">\n                        <img decoding=\"async\" src=\"https:\/\/desteptati-va.ro\/wp-content\/plugins\/booster-extension\/\/assets\/icon\/angry.svg\" alt=\"Angry\">\n                    <\/a>\n                    <div class=\"twp-reaction-title\">Angry<\/div>\n                    <div class=\"twp-count-percent\">\n                                                    <span style=\"display: none;\" class=\"twp-react-count\">0<\/span>\n                                                                        <span class=\"twp-react-percent\"><span>0<\/span> %<\/span>\n                        \n                    <\/div>\n                <\/div>\n\n                <div class=\"twp-reacts-wrap\">\n                    <a react-data=\"be-react-5\" post-id=\"3614\" class=\"be-face-icons un-reacted\" href=\"javascript:void(0)\">\n                        <img decoding=\"async\" src=\"https:\/\/desteptati-va.ro\/wp-content\/plugins\/booster-extension\/\/assets\/icon\/surprise.svg\" alt=\"Surprise\">\n                    <\/a>\n                    <div class=\"twp-reaction-title\">Surprise<\/div>\n                    <div class=\"twp-count-percent\">\n                                                    <span style=\"display: none;\" class=\"twp-react-count\">0<\/span>\n                                                                        <span class=\"twp-react-percent\"><span>0<\/span> %<\/span>\n                                            <\/div>\n                <\/div>\n\n            <\/div>\n        <\/div>\n\n    <\/div>","protected":false},"excerpt":{"rendered":"<p>Ac\u0163iunile de \u00eenfiin\u0163are \u00een mijlocul Rom\u00e2niei a unui teritoriu autonom pe criterii etnice, care reface defuncta Regiune Autonom\u0103 Maghiar\u0103 de<a href=\"https:\/\/desteptati-va.ro\/index.php\/2021\/04\/15\/autonomia-tinutului-secuiesc-radiografia-unei-intoxicari-partea-i\/\">Read More<i class=\"fa fa-long-arrow-right\" aria-hidden=\"true\"><\/i><\/a><\/p>\n","protected":false},"author":1,"featured_media":4545,"comment_status":"open","ping_status":"open","sticky":false,"template":"","format":"standard","meta":{"_crdt_document":"","footnotes":""},"categories":[38],"tags":[499,500,501,502,59,60,503,504,505,506,507,508,509,510,511,512,513,514,515,516,517,518,519,520,177,521,158,522,523,524,525,526,181,527,528,529],"class_list":["post-3614","post","type-post","status-publish","format-standard","has-post-thumbnail","hentry","category-prieteni-pe-dracu","tag-autonoma","tag-autonomie","tag-bela","tag-criterii","tag-desteptati","tag-desteptati-va","tag-dreapta","tag-drepturi","tag-etnic","tag-etnice","tag-europa","tag-imixtiune","tag-iredentism","tag-jozsef-antall","tag-kover-laszlo","tag-laszlo","tag-maghiar","tag-maghiara","tag-marko","tag-minoritati","tag-natiune-ungara","tag-nato","tag-neorevizionism","tag-operatiunea-duna","tag-orban","tag-regiune","tag-revizionism","tag-securitate","tag-servicii-secrete","tag-sovin","tag-sovinism","tag-tokes","tag-trianon","tag-ue","tag-victimizare","tag-viktor"],"rise-blocks_total_comments":1,"rise-blocks_categories":[{"term_id":38,"name":"'Prietenii\" unguri","slug":"prieteni-pe-dracu","term_group":0,"term_taxonomy_id":38,"taxonomy":"category","description":"","parent":37,"count":5,"filter":"raw"}],"rise-blocks_excerpt":"Ac\u0163iunile de \u00eenfiin\u0163are \u00een mijlocul Rom\u00e2niei a unui teritoriu autonom pe criterii etnice, care reface defuncta Regiune Autonom\u0103 Maghiar\u0103 de trist\u0103 amintire stalinist\u0103, reprezint\u0103 \u00een mare parte, dincolo de nostalgiile unor persoane reciclate din fo\u015fti activi\u015fti comuni\u015fti \u00een \u201elideri autonomi\u015fti\u201d, reflexul politicii neorevizioniste promovate, \u00eencep\u00e2nd cu 1990, de unii politicieni din Ungaria fa\u0163\u0103 de Rom\u00e2nia. Practic\u00e2nd o dubl\u0103 ofensiv\u0103, diplomatic\u0103..","yoast_head":"<!-- This site is optimized with the Yoast SEO plugin v26.9 - https:\/\/yoast.com\/product\/yoast-seo-wordpress\/ -->\r\n<title>Autonomia \u201e\u0163inutului secuiesc\u201d \u2013 radiografia unei intoxic\u0103ri - Partea I -<\/title>\r\n<meta name=\"robots\" content=\"index, follow, max-snippet:-1, max-image-preview:large, max-video-preview:-1\" \/>\r\n<link rel=\"canonical\" href=\"https:\/\/desteptati-va.ro\/index.php\/2021\/04\/15\/autonomia-tinutului-secuiesc-radiografia-unei-intoxicari-partea-i\/\" \/>\r\n<meta property=\"og:locale\" content=\"ro_RO\" \/>\r\n<meta property=\"og:type\" content=\"article\" \/>\r\n<meta property=\"og:title\" content=\"Autonomia \u201e\u0163inutului secuiesc\u201d \u2013 radiografia unei intoxic\u0103ri - Partea I -\" \/>\r\n<meta property=\"og:description\" content=\"Ac\u0163iunile de \u00eenfiin\u0163are \u00een mijlocul Rom\u00e2niei a unui teritoriu autonom pe criterii etnice, care reface defuncta Regiune Autonom\u0103 Maghiar\u0103 deRead More\" \/>\r\n<meta property=\"og:url\" content=\"https:\/\/desteptati-va.ro\/index.php\/2021\/04\/15\/autonomia-tinutului-secuiesc-radiografia-unei-intoxicari-partea-i\/\" \/>\r\n<meta property=\"article:published_time\" content=\"2021-04-15T12:06:48+00:00\" \/>\r\n<meta property=\"article:modified_time\" content=\"2022-01-19T07:14:49+00:00\" \/>\r\n<meta property=\"og:image\" content=\"https:\/\/desteptati-va.ro\/wp-content\/uploads\/2021\/04\/secuiesc.jpg\" \/>\r\n\t<meta property=\"og:image:width\" content=\"750\" \/>\r\n\t<meta property=\"og:image:height\" content=\"500\" \/>\r\n\t<meta property=\"og:image:type\" content=\"image\/jpeg\" \/>\r\n<meta name=\"author\" content=\"wolfsoftcompany\" \/>\r\n<meta name=\"twitter:card\" content=\"summary_large_image\" \/>\r\n<meta name=\"twitter:label1\" content=\"Scris de\" \/>\n\t<meta name=\"twitter:data1\" content=\"wolfsoftcompany\" \/>\n\t<meta name=\"twitter:label2\" content=\"Timp estimat pentru citire\" \/>\n\t<meta name=\"twitter:data2\" content=\"21 de minute\" \/>\r\n<script type=\"application\/ld+json\" class=\"yoast-schema-graph\">{\"@context\":\"https:\/\/schema.org\",\"@graph\":[{\"@type\":\"Article\",\"@id\":\"https:\/\/desteptati-va.ro\/index.php\/2021\/04\/15\/autonomia-tinutului-secuiesc-radiografia-unei-intoxicari-partea-i\/#article\",\"isPartOf\":{\"@id\":\"https:\/\/desteptati-va.ro\/index.php\/2021\/04\/15\/autonomia-tinutului-secuiesc-radiografia-unei-intoxicari-partea-i\/\"},\"author\":{\"name\":\"wolfsoftcompany\",\"@id\":\"https:\/\/desteptati-va.ro\/#\/schema\/person\/13182deeebd44920914899f7bb262d6b\"},\"headline\":\"Autonomia \u201e\u0163inutului secuiesc\u201d \u2013 radiografia unei intoxic\u0103ri &#8211; Partea I\",\"datePublished\":\"2021-04-15T12:06:48+00:00\",\"dateModified\":\"2022-01-19T07:14:49+00:00\",\"mainEntityOfPage\":{\"@id\":\"https:\/\/desteptati-va.ro\/index.php\/2021\/04\/15\/autonomia-tinutului-secuiesc-radiografia-unei-intoxicari-partea-i\/\"},\"wordCount\":4174,\"commentCount\":1,\"image\":{\"@id\":\"https:\/\/desteptati-va.ro\/index.php\/2021\/04\/15\/autonomia-tinutului-secuiesc-radiografia-unei-intoxicari-partea-i\/#primaryimage\"},\"thumbnailUrl\":\"https:\/\/desteptati-va.ro\/wp-content\/uploads\/2021\/04\/secuiesc.jpg\",\"keywords\":[\"autonoma\",\"autonomie\",\"Bela\",\"criterii\",\"desteptati\",\"desteptati-va\",\"dreapta\",\"drepturi\",\"etnic\",\"etnice\",\"europa\",\"imixtiune\",\"iredentism\",\"Jozsef Antall\",\"Kover Laszlo\",\"Laszlo\",\"maghiar\",\"maghiara\",\"Marko\",\"minoritati\",\"natiune ungara\",\"NATO\",\"neorevizionism\",\"Operatiunea Duna\",\"Orban\",\"regiune\",\"revizionism\",\"Securitate\",\"servicii secrete\",\"sovin\",\"sovinism\",\"Tokes\",\"Trianon\",\"UE\",\"victimizare\",\"Viktor\"],\"articleSection\":[\"'Prietenii\\\" unguri\"],\"inLanguage\":\"ro-RO\",\"potentialAction\":[{\"@type\":\"CommentAction\",\"name\":\"Comment\",\"target\":[\"https:\/\/desteptati-va.ro\/index.php\/2021\/04\/15\/autonomia-tinutului-secuiesc-radiografia-unei-intoxicari-partea-i\/#respond\"]}]},{\"@type\":\"WebPage\",\"@id\":\"https:\/\/desteptati-va.ro\/index.php\/2021\/04\/15\/autonomia-tinutului-secuiesc-radiografia-unei-intoxicari-partea-i\/\",\"url\":\"https:\/\/desteptati-va.ro\/index.php\/2021\/04\/15\/autonomia-tinutului-secuiesc-radiografia-unei-intoxicari-partea-i\/\",\"name\":\"Autonomia \u201e\u0163inutului secuiesc\u201d \u2013 radiografia unei intoxic\u0103ri - Partea I -\",\"isPartOf\":{\"@id\":\"https:\/\/desteptati-va.ro\/#website\"},\"primaryImageOfPage\":{\"@id\":\"https:\/\/desteptati-va.ro\/index.php\/2021\/04\/15\/autonomia-tinutului-secuiesc-radiografia-unei-intoxicari-partea-i\/#primaryimage\"},\"image\":{\"@id\":\"https:\/\/desteptati-va.ro\/index.php\/2021\/04\/15\/autonomia-tinutului-secuiesc-radiografia-unei-intoxicari-partea-i\/#primaryimage\"},\"thumbnailUrl\":\"https:\/\/desteptati-va.ro\/wp-content\/uploads\/2021\/04\/secuiesc.jpg\",\"datePublished\":\"2021-04-15T12:06:48+00:00\",\"dateModified\":\"2022-01-19T07:14:49+00:00\",\"author\":{\"@id\":\"https:\/\/desteptati-va.ro\/#\/schema\/person\/13182deeebd44920914899f7bb262d6b\"},\"breadcrumb\":{\"@id\":\"https:\/\/desteptati-va.ro\/index.php\/2021\/04\/15\/autonomia-tinutului-secuiesc-radiografia-unei-intoxicari-partea-i\/#breadcrumb\"},\"inLanguage\":\"ro-RO\",\"potentialAction\":[{\"@type\":\"ReadAction\",\"target\":[\"https:\/\/desteptati-va.ro\/index.php\/2021\/04\/15\/autonomia-tinutului-secuiesc-radiografia-unei-intoxicari-partea-i\/\"]}]},{\"@type\":\"ImageObject\",\"inLanguage\":\"ro-RO\",\"@id\":\"https:\/\/desteptati-va.ro\/index.php\/2021\/04\/15\/autonomia-tinutului-secuiesc-radiografia-unei-intoxicari-partea-i\/#primaryimage\",\"url\":\"https:\/\/desteptati-va.ro\/wp-content\/uploads\/2021\/04\/secuiesc.jpg\",\"contentUrl\":\"https:\/\/desteptati-va.ro\/wp-content\/uploads\/2021\/04\/secuiesc.jpg\",\"width\":750,\"height\":500},{\"@type\":\"BreadcrumbList\",\"@id\":\"https:\/\/desteptati-va.ro\/index.php\/2021\/04\/15\/autonomia-tinutului-secuiesc-radiografia-unei-intoxicari-partea-i\/#breadcrumb\",\"itemListElement\":[{\"@type\":\"ListItem\",\"position\":1,\"name\":\"Prima pagin\u0103\",\"item\":\"https:\/\/desteptati-va.ro\/\"},{\"@type\":\"ListItem\",\"position\":2,\"name\":\"Autonomia \u201e\u0163inutului secuiesc\u201d \u2013 radiografia unei intoxic\u0103ri &#8211; Partea I\"}]},{\"@type\":\"WebSite\",\"@id\":\"https:\/\/desteptati-va.ro\/#website\",\"url\":\"https:\/\/desteptati-va.ro\/\",\"name\":\"\",\"description\":\"\",\"potentialAction\":[{\"@type\":\"SearchAction\",\"target\":{\"@type\":\"EntryPoint\",\"urlTemplate\":\"https:\/\/desteptati-va.ro\/?s={search_term_string}\"},\"query-input\":{\"@type\":\"PropertyValueSpecification\",\"valueRequired\":true,\"valueName\":\"search_term_string\"}}],\"inLanguage\":\"ro-RO\"},{\"@type\":\"Person\",\"@id\":\"https:\/\/desteptati-va.ro\/#\/schema\/person\/13182deeebd44920914899f7bb262d6b\",\"name\":\"wolfsoftcompany\",\"image\":{\"@type\":\"ImageObject\",\"inLanguage\":\"ro-RO\",\"@id\":\"https:\/\/desteptati-va.ro\/#\/schema\/person\/image\/\",\"url\":\"https:\/\/secure.gravatar.com\/avatar\/a6cce9b6d101d27d91690e7073e300fed94c0899890bf998e082cb9d2c3d121e?s=96&d=mm&r=g\",\"contentUrl\":\"https:\/\/secure.gravatar.com\/avatar\/a6cce9b6d101d27d91690e7073e300fed94c0899890bf998e082cb9d2c3d121e?s=96&d=mm&r=g\",\"caption\":\"wolfsoftcompany\"},\"sameAs\":[\"http:\/\/desteptati-va.ro\"],\"url\":\"https:\/\/desteptati-va.ro\/index.php\/author\/wolfsoftcompany\/\"}]}<\/script>\r\n<!-- \/ Yoast SEO plugin. -->","yoast_head_json":{"title":"Autonomia \u201e\u0163inutului secuiesc\u201d \u2013 radiografia unei intoxic\u0103ri - Partea I -","robots":{"index":"index","follow":"follow","max-snippet":"max-snippet:-1","max-image-preview":"max-image-preview:large","max-video-preview":"max-video-preview:-1"},"canonical":"https:\/\/desteptati-va.ro\/index.php\/2021\/04\/15\/autonomia-tinutului-secuiesc-radiografia-unei-intoxicari-partea-i\/","og_locale":"ro_RO","og_type":"article","og_title":"Autonomia \u201e\u0163inutului secuiesc\u201d \u2013 radiografia unei intoxic\u0103ri - Partea I -","og_description":"Ac\u0163iunile de \u00eenfiin\u0163are \u00een mijlocul Rom\u00e2niei a unui teritoriu autonom pe criterii etnice, care reface defuncta Regiune Autonom\u0103 Maghiar\u0103 deRead More","og_url":"https:\/\/desteptati-va.ro\/index.php\/2021\/04\/15\/autonomia-tinutului-secuiesc-radiografia-unei-intoxicari-partea-i\/","article_published_time":"2021-04-15T12:06:48+00:00","article_modified_time":"2022-01-19T07:14:49+00:00","og_image":[{"width":750,"height":500,"url":"https:\/\/desteptati-va.ro\/wp-content\/uploads\/2021\/04\/secuiesc.jpg","type":"image\/jpeg"}],"author":"wolfsoftcompany","twitter_card":"summary_large_image","twitter_misc":{"Scris de":"wolfsoftcompany","Timp estimat pentru citire":"21 de minute"},"schema":{"@context":"https:\/\/schema.org","@graph":[{"@type":"Article","@id":"https:\/\/desteptati-va.ro\/index.php\/2021\/04\/15\/autonomia-tinutului-secuiesc-radiografia-unei-intoxicari-partea-i\/#article","isPartOf":{"@id":"https:\/\/desteptati-va.ro\/index.php\/2021\/04\/15\/autonomia-tinutului-secuiesc-radiografia-unei-intoxicari-partea-i\/"},"author":{"name":"wolfsoftcompany","@id":"https:\/\/desteptati-va.ro\/#\/schema\/person\/13182deeebd44920914899f7bb262d6b"},"headline":"Autonomia \u201e\u0163inutului secuiesc\u201d \u2013 radiografia unei intoxic\u0103ri &#8211; Partea I","datePublished":"2021-04-15T12:06:48+00:00","dateModified":"2022-01-19T07:14:49+00:00","mainEntityOfPage":{"@id":"https:\/\/desteptati-va.ro\/index.php\/2021\/04\/15\/autonomia-tinutului-secuiesc-radiografia-unei-intoxicari-partea-i\/"},"wordCount":4174,"commentCount":1,"image":{"@id":"https:\/\/desteptati-va.ro\/index.php\/2021\/04\/15\/autonomia-tinutului-secuiesc-radiografia-unei-intoxicari-partea-i\/#primaryimage"},"thumbnailUrl":"https:\/\/desteptati-va.ro\/wp-content\/uploads\/2021\/04\/secuiesc.jpg","keywords":["autonoma","autonomie","Bela","criterii","desteptati","desteptati-va","dreapta","drepturi","etnic","etnice","europa","imixtiune","iredentism","Jozsef Antall","Kover Laszlo","Laszlo","maghiar","maghiara","Marko","minoritati","natiune ungara","NATO","neorevizionism","Operatiunea Duna","Orban","regiune","revizionism","Securitate","servicii secrete","sovin","sovinism","Tokes","Trianon","UE","victimizare","Viktor"],"articleSection":["'Prietenii\" unguri"],"inLanguage":"ro-RO","potentialAction":[{"@type":"CommentAction","name":"Comment","target":["https:\/\/desteptati-va.ro\/index.php\/2021\/04\/15\/autonomia-tinutului-secuiesc-radiografia-unei-intoxicari-partea-i\/#respond"]}]},{"@type":"WebPage","@id":"https:\/\/desteptati-va.ro\/index.php\/2021\/04\/15\/autonomia-tinutului-secuiesc-radiografia-unei-intoxicari-partea-i\/","url":"https:\/\/desteptati-va.ro\/index.php\/2021\/04\/15\/autonomia-tinutului-secuiesc-radiografia-unei-intoxicari-partea-i\/","name":"Autonomia \u201e\u0163inutului secuiesc\u201d \u2013 radiografia unei intoxic\u0103ri - Partea I -","isPartOf":{"@id":"https:\/\/desteptati-va.ro\/#website"},"primaryImageOfPage":{"@id":"https:\/\/desteptati-va.ro\/index.php\/2021\/04\/15\/autonomia-tinutului-secuiesc-radiografia-unei-intoxicari-partea-i\/#primaryimage"},"image":{"@id":"https:\/\/desteptati-va.ro\/index.php\/2021\/04\/15\/autonomia-tinutului-secuiesc-radiografia-unei-intoxicari-partea-i\/#primaryimage"},"thumbnailUrl":"https:\/\/desteptati-va.ro\/wp-content\/uploads\/2021\/04\/secuiesc.jpg","datePublished":"2021-04-15T12:06:48+00:00","dateModified":"2022-01-19T07:14:49+00:00","author":{"@id":"https:\/\/desteptati-va.ro\/#\/schema\/person\/13182deeebd44920914899f7bb262d6b"},"breadcrumb":{"@id":"https:\/\/desteptati-va.ro\/index.php\/2021\/04\/15\/autonomia-tinutului-secuiesc-radiografia-unei-intoxicari-partea-i\/#breadcrumb"},"inLanguage":"ro-RO","potentialAction":[{"@type":"ReadAction","target":["https:\/\/desteptati-va.ro\/index.php\/2021\/04\/15\/autonomia-tinutului-secuiesc-radiografia-unei-intoxicari-partea-i\/"]}]},{"@type":"ImageObject","inLanguage":"ro-RO","@id":"https:\/\/desteptati-va.ro\/index.php\/2021\/04\/15\/autonomia-tinutului-secuiesc-radiografia-unei-intoxicari-partea-i\/#primaryimage","url":"https:\/\/desteptati-va.ro\/wp-content\/uploads\/2021\/04\/secuiesc.jpg","contentUrl":"https:\/\/desteptati-va.ro\/wp-content\/uploads\/2021\/04\/secuiesc.jpg","width":750,"height":500},{"@type":"BreadcrumbList","@id":"https:\/\/desteptati-va.ro\/index.php\/2021\/04\/15\/autonomia-tinutului-secuiesc-radiografia-unei-intoxicari-partea-i\/#breadcrumb","itemListElement":[{"@type":"ListItem","position":1,"name":"Prima pagin\u0103","item":"https:\/\/desteptati-va.ro\/"},{"@type":"ListItem","position":2,"name":"Autonomia \u201e\u0163inutului secuiesc\u201d \u2013 radiografia unei intoxic\u0103ri &#8211; Partea I"}]},{"@type":"WebSite","@id":"https:\/\/desteptati-va.ro\/#website","url":"https:\/\/desteptati-va.ro\/","name":"","description":"","potentialAction":[{"@type":"SearchAction","target":{"@type":"EntryPoint","urlTemplate":"https:\/\/desteptati-va.ro\/?s={search_term_string}"},"query-input":{"@type":"PropertyValueSpecification","valueRequired":true,"valueName":"search_term_string"}}],"inLanguage":"ro-RO"},{"@type":"Person","@id":"https:\/\/desteptati-va.ro\/#\/schema\/person\/13182deeebd44920914899f7bb262d6b","name":"wolfsoftcompany","image":{"@type":"ImageObject","inLanguage":"ro-RO","@id":"https:\/\/desteptati-va.ro\/#\/schema\/person\/image\/","url":"https:\/\/secure.gravatar.com\/avatar\/a6cce9b6d101d27d91690e7073e300fed94c0899890bf998e082cb9d2c3d121e?s=96&d=mm&r=g","contentUrl":"https:\/\/secure.gravatar.com\/avatar\/a6cce9b6d101d27d91690e7073e300fed94c0899890bf998e082cb9d2c3d121e?s=96&d=mm&r=g","caption":"wolfsoftcompany"},"sameAs":["http:\/\/desteptati-va.ro"],"url":"https:\/\/desteptati-va.ro\/index.php\/author\/wolfsoftcompany\/"}]}},"_links":{"self":[{"href":"https:\/\/desteptati-va.ro\/index.php\/wp-json\/wp\/v2\/posts\/3614","targetHints":{"allow":["GET"]}}],"collection":[{"href":"https:\/\/desteptati-va.ro\/index.php\/wp-json\/wp\/v2\/posts"}],"about":[{"href":"https:\/\/desteptati-va.ro\/index.php\/wp-json\/wp\/v2\/types\/post"}],"author":[{"embeddable":true,"href":"https:\/\/desteptati-va.ro\/index.php\/wp-json\/wp\/v2\/users\/1"}],"replies":[{"embeddable":true,"href":"https:\/\/desteptati-va.ro\/index.php\/wp-json\/wp\/v2\/comments?post=3614"}],"version-history":[{"count":1,"href":"https:\/\/desteptati-va.ro\/index.php\/wp-json\/wp\/v2\/posts\/3614\/revisions"}],"predecessor-version":[{"id":3616,"href":"https:\/\/desteptati-va.ro\/index.php\/wp-json\/wp\/v2\/posts\/3614\/revisions\/3616"}],"wp:featuredmedia":[{"embeddable":true,"href":"https:\/\/desteptati-va.ro\/index.php\/wp-json\/wp\/v2\/media\/4545"}],"wp:attachment":[{"href":"https:\/\/desteptati-va.ro\/index.php\/wp-json\/wp\/v2\/media?parent=3614"}],"wp:term":[{"taxonomy":"category","embeddable":true,"href":"https:\/\/desteptati-va.ro\/index.php\/wp-json\/wp\/v2\/categories?post=3614"},{"taxonomy":"post_tag","embeddable":true,"href":"https:\/\/desteptati-va.ro\/index.php\/wp-json\/wp\/v2\/tags?post=3614"}],"curies":[{"name":"wp","href":"https:\/\/api.w.org\/{rel}","templated":true}]}}