{"id":3624,"date":"2021-04-15T12:27:39","date_gmt":"2021-04-15T12:27:39","guid":{"rendered":"http:\/\/desteptati.ro\/?p=3624"},"modified":"2022-01-18T14:48:50","modified_gmt":"2022-01-18T12:48:50","slug":"fapte-si-vremi-servicii-speciale-si-responsabilitatea-politica","status":"publish","type":"post","link":"https:\/\/desteptati-va.ro\/index.php\/2021\/04\/15\/fapte-si-vremi-servicii-speciale-si-responsabilitatea-politica\/","title":{"rendered":"Fapte \u0219i vremi &#8211; Servicii Speciale \u0219i responsabilitatea politic\u0103"},"content":{"rendered":"<div class=\"post-content\"><div class='booster-block booster-read-block'>\n                <div class=\"twp-read-time\">\n                \t<i class=\"booster-icon twp-clock\"><\/i> <span>Read Time:<\/span>14 Minute, 27 Second                <\/div>\n\n            <\/div><h4 style=\"text-align: justify;\">Este un principiu general acceptat acela c\u0103 pentru a \u00een\u021belege corect o situa\u021bie, o \u00eent\u00e2mplare, o atitudine trebuie s\u0103 se \u021bin\u0103 seama de contextul general al epocii, al vremii, de legile existente la momentul respectiv, de obiceiurile oamenilor, de concep\u021biile generale care guvernau societatea \u00een care ei tr\u0103iau. S\u0103 deschidem la \u00eent\u00e2mplare paginile unei c\u0103r\u021bi de istorie \u0219i, citindu-le, s\u0103 ne l\u0103s\u0103m purta\u021bi de g\u00e2nd \u00een lumea respectiv\u0103.<\/h4>\n<h4 style=\"text-align: justify;\">Iat\u0103-l pe \u00eemp\u0103ratul Vespasian, cel care, aflat la str\u00e2mtoare financiar\u0103, inventeaz\u0103 toaletele publice cu plat\u0103, l\u0103s\u00e2nd posterit\u0103\u021bii nu doar un nou tip de edificiu sanitar, ci \u0219i celebrul dicton legat de acestea \u201eBanii n-au miros\u201d (<em>Non oleat pecunia<\/em>). A\u0219a de mare era \u00een vremea lui Vespasian pasiunea oamenilor pentru luptele de gladiatori, \u00eenc\u00e2t el construie\u0219te <em>Colosseum-<\/em>ul, aren\u0103 de propor\u021bii \u00eentr-adev\u0103r colosale. Ce se \u00eent\u00e2ml\u0103 acolo? O lupt\u0103 \u00eentre gladiatori, cu arme dintre cele mai diferite, la finalul c\u0103reia \u00eenvinsul era omor\u00e2t spre satisfac\u021bia spectatorilor. Alteori luptele erau duse \u00eempotriva unor fiare s\u0103lbatice \u00eenfometate, sau animalele erau asmu\u021bite asupra unor neferici\u021bi condamna\u021bi la supliciu. \u0218i ce se mai amuzau doamnele romane c\u00e2nd leii adu\u0219i de dincolo de <em>Marea Nostrum<\/em> sf\u00e2\u0219iau, al\u0103turi, p\u0103rin\u021bi \u0219i copii cre\u0219tini! Cum se mai desf\u0103tau ele auzind \u021bipetele de groaz\u0103 ale mamelor care nu-\u0219i puteau ap\u0103ra copiii!<\/h4>\n<h4 style=\"text-align: justify;\"><\/h4>\n<figure id=\"attachment_2071\" aria-describedby=\"caption-attachment-2071\" style=\"width: 319px\" class=\"wp-caption aligncenter\"><a href=\"http:\/\/www.desteptati-va.ro\/wp-content\/uploads\/2011\/05\/vespasian.png\"><img loading=\"lazy\" decoding=\"async\" class=\" wp-image-2071\" title=\"Vespasian\" src=\"http:\/\/www.desteptati-va.ro\/wp-content\/uploads\/2011\/05\/vespasian-237x300.png\" alt=\"Vespasian\" width=\"319\" height=\"404\" \/><\/a><figcaption id=\"caption-attachment-2071\" class=\"wp-caption-text\">Vespasian<\/figcaption><\/figure>\n<h4 style=\"text-align: justify;\">Contemporan cu Vespasian, Iisus Hristos a sf\u00e2r\u0219it pe cruce. Pedeaps\u0103 groaznic\u0103,\u00a0 binecuv\u00e2ntarea mor\u021bii venind dup\u0103 circa \u0219ase ore de chinuri. Dar acesta era obiceiul vremii; cu un secol mai devreme, \u0219ase mii de sclavi fuseser\u0103 crucifica\u021bi de-a lungul drumului dintre Capua \u0219i Roma pentru vina de a se fi r\u0103sculat sub conducerea viteazului Spartacus, cel care prin originea sa trac\u0103 ne era str\u0103mo\u0219.<\/h4>\n<h4 style=\"text-align: justify;\"><\/h4>\n<figure id=\"attachment_2070\" aria-describedby=\"caption-attachment-2070\" style=\"width: 281px\" class=\"wp-caption aligncenter\"><a href=\"http:\/\/www.desteptati-va.ro\/wp-content\/uploads\/2011\/05\/28569_Spartacus.jpg\"><img loading=\"lazy\" decoding=\"async\" class=\" wp-image-2070\" title=\"Spartacus\" src=\"http:\/\/www.desteptati-va.ro\/wp-content\/uploads\/2011\/05\/28569_Spartacus-188x300.jpg\" alt=\"Spartacus\" width=\"281\" height=\"448\" \/><\/a><figcaption id=\"caption-attachment-2070\" class=\"wp-caption-text\">Spartacus<\/figcaption><\/figure>\n<h4 style=\"text-align: justify;\">S\u0103 d\u0103m c\u00e2teva file \u00eenainte. \u00cen Anglia elisabetan\u0103, pe vremea lui Shakespeare, exprimarea aleas\u0103, \u00eenflorit\u0103 cu metafore, era o mod\u0103, la dans perechile abia dac\u0103 se atingeau, dar \u00een paralel supravie\u021buiau distrac\u021bii de genul \u201eursul legat la gard\u201d, unde bietul animal era sf\u00e2\u0219iat de c\u00e2ini spre pl\u0103cerea asisten\u021bei.<\/h4>\n<h4 style=\"text-align: justify;\">\u0218i am putea lungi \u0219irul exemplelor pe zeci \u0219i zeci de pagini.<\/h4>\n<h4 style=\"text-align: justify;\">Ast\u0103zi pedeapsa cu moartea este abolit\u0103 \u00een majoritatea statelor. Iar acolo unde ea este totu\u0219i aplicat\u0103, totul decurge, pe c\u00e2t posibil, f\u0103r\u0103 suferin\u021ba condamnatului. De asemenea, ast\u0103zi exist\u0103 legi care protejeaz\u0103 animalele. Exist\u0103 reguli chiar \u0219i pentru sacrificarea lor, pentru c\u0103, o \u0219tim prea bine, omul se afl\u0103 la cap\u0103tul lan\u021bului trofic.<\/h4>\n<h4 style=\"text-align: justify;\">Dar s\u0103 deschidem cartea mai aproape de vremurile noastre. Lumea a trecut prin fl\u0103c\u0103rile a dou\u0103 r\u0103zboaie mondiale \u00een decurs de jum\u0103tate de secol. S-au comis atrocit\u0103\u021bi f\u0103r\u0103 num\u0103r. Cele mai multe de c\u0103tre oamenni purt\u00e2nd uniforme militare. Ru\u0219i, nem\u021bi, englezi, americani, croa\u021bi \u0219i, s\u0103 o recunoa\u0219tem deschis, rom\u00e2ni, dar \u0219i al\u021bii s-au angajat \u00eentr-o saraband\u0103 a crimei, a torturii, a uciderii f\u0103r\u0103 team\u0103 de consecin\u021be. De la \u00eenvin\u0219i, mul\u021bi au pl\u0103tit pentru faptele lor. De la \u00eenving\u0103tori, mai pu\u021bini.<\/h4>\n<h4 style=\"text-align: justify;\">\u00centrebarea pe care ar trebui s\u0103 ne-o punem este simpl\u0103: Este corect s\u0103 \u00eei judec\u0103m pe romanii de la \u00eenceputul primului mileniu, sau pe englezii elisabetani, sau pe oricine altcineva din trecut dup\u0103 normele morale \u0219i legale de ast\u0103zi? Nu trebuie s\u0103 \u021binem seama de contextul epocii? Sau, venind la contemporaneitate, este corect s\u0103 ne referim la lipsa de umanism, la \u00eenc\u0103lcarea unor drepturi care, este adev\u0103rat, n-ar trebui niciodat\u0103 \u0219i niciunde \u00eenc\u0103lcate, select\u00e2nd \u00eens\u0103 exemplele numai de partea \u00eenvins\u0103?<\/h4>\n<h4 style=\"text-align: justify;\">Cei care au adunat \u0219i consolidat \u00een norme legale obligatorii pentru to\u021bi obiceiurile, cutumele, au stabilit \u0219i un principiu imuabil, extrem de important: legea ac\u021bioneaz\u0103 numai pentru viitor. Dup\u0103 legea intrat\u0103 \u00een vigoare ast\u0103zi nu poate fi sanc\u021bionat\u0103 o infrac\u021biune s\u0103v\u00e2r\u0219it\u0103, s\u0103 zicem, anul trecut.<\/h4>\n<h4 style=\"text-align: justify;\">Putem \u00eens\u0103, desigur, s\u0103 dezavu\u0103m fapta respectiv\u0103.<\/h4>\n<h4 style=\"text-align: justify;\">Revin la detaliul care nu trebuie uitat: contextul epocii. Lumea, se spune pe bun\u0103 dreptate, a devenit un sat mare. \u0218i asta nu doar de ieri, de alalt\u0103ieri. Circula\u021bia informa\u021biei, a ideilor, a oamenilor \u0219i a modelolor pe care ei le reprezint\u0103 ne apropie tot mai mult. Este absurd s\u0103 condamni spionajul f\u0103cut de ru\u0219i, s\u0103 zicem, \u00eempotriva americanilor, dar s\u0103 elogiezi spionajul americanilor \u00eempotriva ru\u0219ilor.<\/h4>\n<h4 style=\"text-align: justify;\">Dar unii dintre noi o fac! Cu aceea\u0219i u\u0219ur\u0103tate cu care aprob\u0103 ac\u021biunile teroriste \u00eempotriva statului rom\u00e2n dinainte de 1989. Cu aceea\u0219i lips\u0103 de inhibare cu care declar\u0103 drept fapt\u0103 abdominabil\u0103 folosirea de c\u0103tre Securitate a tehnicii operative pentru documentarea activitp\u021bii unui tr\u0103d\u0103tor de \u021bar\u0103, dar nu au nici o tres\u0103rire c\u00e2nd aud comunicatul \u00cenaltei Cur\u021bi de Casa\u021bie \u0219i Justi\u021bie conform c\u0103ruia \u00een anul 2009 au fost eliberate 3011 mandate de interceptare a convorbirilor telefonice.<\/h4>\n<h4 style=\"text-align: justify;\">Mul\u021bi dintre cei care acuz\u0103 la gr\u0103mad\u0103, nediferen\u021biat, serviciile de informa\u021bii ale Rom\u00e2niei dinainte de 1989 o fac pe fondul unei acute lipse de cultur\u0103 \u00een domeniu. Lor le oferim \u00een continuare dou\u0103 exemple, de la \u201ecase mari\u201d, care ilustreaz\u0103 efectele nefaste ale lipsei de responsabilitate a politicului \u00een utilizarea acestor servicii \u00een alte scopuri dec\u00e2t ap\u0103rarea valorilor \u0219i intereselor na\u021bionale.<\/h4>\n<h4 style=\"text-align: justify;\">Primul exemplu se refer\u0103 la ac\u021biunile ilegale ale CIA din perioada 1950-1974, derulate \u00een plin\u0103 febr\u0103 a R\u0103zboiului Rece, \u00een numele anticomunismului propov\u0103duit de senatorul republican McCarthy, care spumega \u00eempotriva comuni\u0219tilor strecura\u021bi, dup\u0103 p\u0103rerea lui, \u00een toate institu\u021biile statului, \u00een teatru \u0219i cinematografie. Atunci nimeni nu umbla cu m\u0103nu\u0219i, atunci se \u00eent\u00e2mplau tot felul de nenorociri \u00een lupta pentru afirmarea celor dou\u0103 sisteme. Atunci, \u00een SUA, mari arti\u0219ti, mari oameni de \u0219tiin\u021b\u0103 erau declara\u021bi\u00a0 du\u0219mani ai Americii, \u00eentr-o v\u00e2n\u0103toare de vr\u0103jitoare spre care tindem noi acum.<\/h4>\n<h4 style=\"text-align: justify;\"><\/h4>\n<figure id=\"attachment_2072\" aria-describedby=\"caption-attachment-2072\" style=\"width: 250px\" class=\"wp-caption aligncenter\"><a href=\"http:\/\/www.desteptati-va.ro\/wp-content\/uploads\/2011\/05\/Joseph_McCarthy.jpg\"><img loading=\"lazy\" decoding=\"async\" class=\"size-medium wp-image-2072\" title=\"Joseph McCarthy\" src=\"http:\/\/www.desteptati-va.ro\/wp-content\/uploads\/2011\/05\/Joseph_McCarthy-250x300.jpg\" alt=\"Joseph McCarthy\" width=\"250\" height=\"300\" \/><\/a><figcaption id=\"caption-attachment-2072\" class=\"wp-caption-text\">Joseph McCarthy<\/figcaption><\/figure>\n<h4 style=\"text-align: justify;\">Cel\u0103lalt exemplu este din Fran\u021ba anilor \u201980, \u0219i ilustreaz\u0103 modul \u00een care, pentru satisfacerea unor interese de mare putere, serviciul de informa\u021bii a putut fi angrenat \u00een acte ce pot fi clar considerate drept terorism de stat, dar \u0219i maniera \u00een care factorul decizional care a ordonat misiunea respectiv\u0103 a \u0219tiut s\u0103-i protejeze pe executan\u021bii acesteia.<\/h4>\n<h4 style=\"text-align: justify;\">Dar, \u00eenainte de a v\u0103 l\u0103sa s\u0103 face\u021bi singuri o compara\u021bie \u00eentre exemplele prezentate \u00een continuare \u0219i activitatea informativ\u0103 a Securit\u0103\u021bii rpm\u00e2ne \u00een acelea\u0219i perioade (anii \u201950-\u201970, respectiv 1895), cred c\u0103 ar fi util s\u0103 reproduc dou\u0103 referiri de dic\u021bionar, la teoriile senatorului american sus-amintit. Iat\u0103-le:<\/h4>\n<h4 style=\"text-align: justify;\">Termenul de mccarthyism \u201eeste folosit ast\u0103zi \u00een leg\u0103tur\u0103 cu <strong>acuza\u021biile demagogice, nes\u0103buite, lipsite de substan\u021b\u0103, precum \u0219i cu atacurile publice la adresa caracterului sau a patriotismului oponen\u021bilor politici\u201d<\/strong>.<\/h4>\n<h4 style=\"text-align: justify;\">Pr\u0103bu\u0219irea lui McCarthy a \u00eenceput \u00een urma pledoariei publice a unui ziarist de mare talent, Edward Murrow. Printre altele, acesta declara: \u201e<strong>Trebuie s\u0103 ne aducem mereu aminte c\u0103 acuza\u021biile nu constituie probe \u0219i c\u0103 o condamnare depinde de probe \u0219i de un proces corect. Nu o s\u0103 mergem pe strad\u0103 tem\u00e2ndu-ne unul de cel\u0103lalt. Nu o s\u0103 ne l\u0103s\u0103m t\u00e2r\u00e2\u021bi de fric\u0103 \u00eentr-o epoc\u0103 a ira\u021bionalit\u0103\u021bii dac\u0103 s\u0103p\u0103m ad\u00e2nc \u00een istoria \u0219i \u00een doctrina noastr\u0103 \u0219i ne vom aminti c\u0103 nu ne tragem din ni\u0219te frico\u0219i<\/strong>\u201d<strong>.<\/strong><\/h4>\n<h4 style=\"text-align: justify;\">Nu pot dec\u00e2t s\u0103 fiu de acord cu cele declarate de ziaristul american acum \u0219ase decenii. \u0218i a\u0219 mai ad\u0103uga ceva: Din istoria neamului nostru, a\u0219a cum am \u00eenv\u0103\u021bat-o eu, nici noi nu ne tragem din ni\u0219te frico\u0219i!<\/h4>\n<h3 style=\"text-align: justify;\"><strong>Experiente medicale pe oameni<\/strong><\/h3>\n<h4 style=\"text-align: justify;\">\u00cen urm\u0103 cu vreo doi ani, canalul de televiziune <em>National Geographic<\/em> a difuzat, \u00een cadrul emisiunii \u201e<em>Secretele istoriei\u201d<\/em>, un cutremur\u0103tor film privind experien\u021bele medicale pe oameni. Auzisem p\u00e2n\u0103 acum doar despre neferici\u021bii care, \u00een timpul celui de-al doilea R\u0103zboi Mondial au fost supu\u0219i, \u00een lag\u0103rele germane ale mor\u021bii, la cele mai odioase \u00eencerc\u0103ri de c\u0103tre c\u0103l\u0103i care aveau diplom\u0103 universitar\u0103 de medic. Iat\u0103 \u00eens\u0103 c\u0103 istoria poate produce oric\u00e2nd surprize. \u0218i multe evenimente petrecute \u00een perioada R\u0103zboiului Rece constituie asemenea surprize.<\/h4>\n<h4 style=\"text-align: justify;\">Dezv\u0103luirile f\u0103cute de <em>National Geographic <\/em>se refer\u0103 la activit\u0103\u021bi desf\u0103\u0219urate \u00een Marea Britanie \u0219i, de c\u0103tre CIA, pe teritoriul american \u0219i \u00een Germania de Vest. De fapt asemenea dezv\u0103luiri au o oarecare vechime. La ordinul Congresului SUA, William Colby, directorul CIA, a prezentat ac\u021biunile pe care CIA le \u00eentreprinsese, ab\u0103t\u00e2ndu-se de la normele legale, \u00een perioada 1950-1974. Raportul s\u0103u de 693 de pagini a devenit cunoscut sub numele \u201eBijuteriile de familie\u201d (<em>Family Jewels<\/em>) \u0219i a generat o furtun\u0103 \u00een Agen\u021bie, Colby fiind acuzat \u00een \u0219oapt\u0103 c\u0103 spal\u0103 rufele murdare \u00een public \u0219i chiar c\u0103 ar fi agent sovietic. Dup\u0103 mai bine de trei decenii, la 25 iunie 2007, raportul lui Colby a fost desecretizat \u0219i pus la dispozi\u021bia publicului.<\/h4>\n<h4 style=\"text-align: justify;\">Unul dintre capitolele acestui raport se refer\u0103 la Proiectul MKUltra, care viza controlul asupra min\u021bii, sp\u0103larea creierului, inducerea unor modific\u0103ri comportamentale, desfiin\u021barea personalit\u0103\u021bii umane \u0219i subordonarea ei prin comenzi transmise de un coordonator.<\/h4>\n<h4 style=\"text-align: justify;\"><\/h4>\n<figure id=\"attachment_2073\" aria-describedby=\"caption-attachment-2073\" style=\"width: 338px\" class=\"wp-caption aligncenter\"><a href=\"http:\/\/www.desteptati-va.ro\/wp-content\/uploads\/2011\/05\/DeclassifiedMKULTRA.jpg\"><img loading=\"lazy\" decoding=\"async\" class=\" wp-image-2073\" title=\"Document declasificat MKULTRA\" src=\"http:\/\/www.desteptati-va.ro\/wp-content\/uploads\/2011\/05\/DeclassifiedMKULTRA-232x300.jpg\" alt=\"Document declasificat MKULTRA\" width=\"338\" height=\"437\" \/><\/a><figcaption id=\"caption-attachment-2073\" class=\"wp-caption-text\">Document declasificat MKULTRA<\/figcaption><\/figure>\n<h4 style=\"text-align: justify;\">Dar nu doar televiziunea a produs asemenea dezv\u0103luiri. A ap\u0103rut, \u00een limba rom\u00e2n\u0103, volumul semnat de Gordon Thomas intitulat \u201e<em>Armele secrete ale CIA \u2013 Tortur\u0103, manipulare, arme chimice\u201d,<\/em> volum care \u00een mare parte se refer\u0103 la acelea\u0219i experien\u021be f\u0103cute la comanda CIA pe fiin\u021be umane. Din acest volum vom extrage \u00een continuare unele date. \u0218i pentru a nu l\u0103sa nici un dubiu asupra con\u021binutului experimentelor efecutate \u00een cadrul proiectelor CIA, preciz\u0103m c\u0103 \u00een multe cazuri erau folosi\u021bi \u201esubiec\u021bi de unic\u0103 folosin\u021b\u0103\u201d, mai exact oameni care dac\u0103 nu mureau \u00een timpul tratamentului erau uci\u0219i imediat dup\u0103 aceea.<\/h4>\n<h4 style=\"text-align: justify;\">Cine erau neferici\u021bii care \u00eenainte de moarte trebuiau s\u0103 treac\u0103 prin toate chinurile iadului sub ochii indiferen\u021bi ai unor medici care uitaser\u0103 c\u0103 primul principiu al meseriei lor este \u201eS\u0103 nu faci r\u0103u\u201d (<em>Primum non nocere<\/em>)? Erau de\u021binu\u021bi \u00eencerca\u021bi \u00een Germania Occidental\u0103 pentru c\u0103 fuseser\u0103 ofi\u021beri SS sau Gestapo, erau norvegieni care \u00eei sus\u021binuser\u0103 pe nazi\u0219ti (quislingi), erau fugari din Est ad\u0103posti\u021bi \u00een lag\u0103rele de refugia\u021bi. Ace\u0219tia din urm\u0103 puteau fi uci\u0219i pe motiv c\u0103 erau \u201eindivizi de loialitate \u00eendoielnic\u0103 sau b\u0103nui\u021bi a fi agen\u021bi dubli sovietici\u201d.<\/h4>\n<h4 style=\"text-align: justify;\">A nu se crede cumva c\u0103, \u00eentr-un act de a\u0219a-zis\u0103 dreptate \u00eenf\u0103ptuit\u0103 sub Legea Talionului, doctorii americani veneau s\u0103 r\u0103zbune crimele comise de medicii nazi\u0219ti sau japonezi. Nici pe departe. La Fort Detrick, statul Maryland, unde se creau \u0219i se testau cele mai temute arme bacteriologice \u0219i chimice \u201esavan\u021bii americani erau asista\u021bi de oameni de \u0219tiin\u021b\u0103 japonezi\u201d (&#8230;) care \u201e\u00een schimbul totalei imunit\u0103\u021bi pentru crimele lor de r\u0103zboi dezv\u0103luiser\u0103 toate testele pentru armele biologice pe care le f\u0103cuser\u0103 pe prizonierii inamici \u00een timpul celui de al doilea R\u0103zboi Mondial\u201d.<\/h4>\n<h4 style=\"text-align: justify;\">De asemenea, \u00een faza final\u0103 a r\u0103zboiului \u0219i imediat dup\u0103 acesta, \u00een cadrul opera\u021biunii Paperclip, au fost adu\u0219i \u00een SUA peste \u0219apte sute de cercet\u0103tori nazi\u0219ti, inclusiv unii dintre aceia care f\u0103cuser\u0103 experien\u021be pe oameni \u00een lag\u0103rele de concentrare. A\u0219a se face c\u0103 la Fort Detrick a lucrat \u0219i Kurt Blome, unul dintre conduc\u0103torii programului biologic nazist, acuzat \u00een Procesul de la Nurnberg. \u00cen 1943 acesta omor\u00e2se mii de oameni \u00een lag\u0103rele de concentrare, \u00een experimente \u00een timpul c\u0103rora le injectase ciuma, antraxul \u0219i al\u021bi microbi mortali. \u00cen 1951 la Fort Detrick el lucra \u201ecu aceia\u0219i agen\u021bi biologici pe care \u00eei folosise \u00een lag\u0103rele de concentrare\u201d.<\/h4>\n<h4 style=\"text-align: justify;\">Al\u0103turi de indivizi precum Kurt Blome lucra \u0219i Frank Olson, director adjunct al Sectorului \u201eOpera\u021bii speciale\u201d al CIA.<\/h4>\n<h4 style=\"text-align: justify;\">La \u00eenceputul anilor \u201950, Frank Olson a f\u0103cut mai multe vizite \u00een Germania, \u00een cadrul opera\u021biunii \u201e<em>Artichoke\u201d<\/em>, \u00een care experimenta folosirea drogurilor pentru interogatorii. \u00cen cadrul unei noi vizite \u00een Germania, din august 1953, a fost martor la studierea efectelor unor medicamente \u00een interogarea \u0219i torturarea unor de\u021binu\u021bi sovietici \u0219i a unor personale suspectate a fi agen\u021bi dubli. A fost profund impresionat \u0219i a m\u0103rturisit unui coleg c\u0103 ar vrea s\u0103 plece din sistem. Colegul a raportat starea de spirit a lui Olson. Lui Olson i s-a recomandat s\u0103 mearg\u0103 la New York pentru un consult medical, dar acolo a fost drogat \u0219i aruncat de la etajul 10, pe fereastra hotelului din Manhattan unde locuia.<\/h4>\n<h4 style=\"text-align: justify;\">\u00cen 1975, guvernul a admis c\u0103 Olson a fost drogat cu LSD f\u0103r\u0103 \u0219irea lui \u0219i a oferit familiei 750000 de dolari \u00een cadrul unei \u00een\u021belegeri \u00een afara tribunalului.<\/h4>\n<h4 style=\"text-align: justify;\">Fiul lui Olson, Eric, consider\u0103 c\u0103 tat\u0103l lui a fost uci\u0219 pentru \u201ea proteja\u201d poporul american de cunoa\u0219terea faptului c\u0103 propriul s\u0103u guvern a preluat \u0219i a extins experimentele naziste privind controlul asupra min\u021bii umane, tortura psihologic\u0103 \u0219i r\u0103zboiul chimic \u0219i c\u0103 efectua aceste experien\u021be, asemenea nazi\u0219tilor, pe subiec\u021bi care nu aveau \u0219tiin\u021b\u0103 de tratamentul care li se aplica, pe de\u021binu\u021bi sau oameni \u201edispensabili\u201d p\u00e2n\u0103 se ajungea \u00een faza terminal\u0103.<\/h4>\n<h4 style=\"text-align: justify;\"><strong>Operatiunea \u201eSatanique\u201d<\/strong><\/h4>\n<h4 style=\"text-align: justify;\">Activit\u0103\u021bile organiza\u021biei <em>Greenpeace<\/em> sunt destul de bine cunoscute \u00een lume. Organiza\u021bia reune\u0219te un grup de activi\u0219ti inimo\u0219i care \u0219i-au dedicat via\u021ba ap\u0103r\u0103rii P\u0103m\u00e2ntului \u00eempotriva agresiunii noastre, a oamenilor. <em>Greenpeace<\/em> lupt\u0103 \u00eempotriva defri\u0219\u0103rilor abuzive, \u00eempotriva uciderii necugetate a animalelor s\u0103lbatice, \u00eempotriva polu\u0103rii, iar lista demersurilor sale viz\u00e2nd \u00een ultim\u0103 analiz\u0103 ap\u0103rarea mediului, ap\u0103rarea noastr\u0103, a oamenilor, ar putea continua.<\/h4>\n<h4 style=\"text-align: justify;\"><\/h4>\n<h4 style=\"text-align: justify;\">Nu o singur\u0103 dat\u0103 \u00eens\u0103 activitatea <em>Greenpeace<\/em> a intrat \u00een contradic\u021bie cu l\u0103comia unor companii care de dragul profitului cor s\u0103 doboare copaci seculari pe sute de hectare, vor s\u0103 ucid\u0103 balene, vor s\u0103 omoare delfini sau pui de foc\u0103. Nu o singur\u0103 dat\u0103 a intrat \u00een contradic\u021bie cu politica agresiv\u0103 a unor state.<\/h4>\n<h4 style=\"text-align: justify;\">Un asemenea conflict a fost generat de ambi\u021biile nucleare ale Fran\u021bei care, \u00een anii `80 punea la punct focoasele nucleare pentru SLBM M4 (rachete balistice cu lansare de pe submarine). Experien\u021bele franceze de pe atolul Morura din arhipelagul polinezian periclitau flora \u0219i fauna pentru sute de ani de acum \u00eenainte. De aceea <em>Greenpeace<\/em> a hot\u0103r\u00e2t s\u0103 intevin\u0103, atr\u0103g\u00e2nd aten\u021bia \u00eentregii lumi asupra nes\u0103buitelor planuri franceze. A achizi\u021bionat pentru aceasta un vas, botezat <em>Rainbow Warrior<\/em>, care urma s\u0103 conduc\u0103 \u00een zona experien\u021belor nucleare o mic\u0103 flotil\u0103 de iahturi.<\/h4>\n<h4 style=\"text-align: justify;\">O asemenea inten\u021bie era prea mult pentru pre\u0219edintele Francois Mitterrand, cel \u00eensetat de dreptate \u0219i preocupat patru ani mai t\u00e2rziu, \u00een 1989, de preg\u0103tirea \u201eevenimentelor spontane\u201d care urmau s\u0103 se declan\u0219eze \u00een decembrie \u00een Rom\u00e2nia. A\u0219a se face c\u0103 a ordonat \u00eempiedicarea prin orice mijloace a ac\u021biunilor <em>Greenpeace<\/em> \u0219i a aprobat personal planul Opera\u021biunii \u201e<em>Satanique\u201d<\/em>, care fusese elaborat \u00een acest scop de c\u0103tre DGSE (<em>Direction Generale de la Securite Exterieure \u2013 <\/em>serviciul francez de spionaj) \u0219i care i-a fost prezentat de \u0219eful institu\u021biei, amiralul Pierre Lacoste.<\/h4>\n<h4 style=\"text-align: justify;\">Planul prevedea scufundarea navei <em>Rainbow Warrior<\/em> aflat\u0103 la ancor\u0103 \u00een portul neozeelandez Auckland, l\u0103s\u00e2nd mica flot\u0103 de iahturi f\u0103r\u0103 conducere, f\u0103r\u0103 nava lor amiral. Amiralul Lacoste a trimis o echip\u0103 care mai \u00eent\u00e2i a studiat zona \u0219i apoi, la 10 iulie 1985, doi scafandri autonomi au minat nava. Prima explozie a produs o gaur\u0103 \u00een bordaj prin care putea intra un automobil. A urmat, dup\u0103 \u0219apte minute, o a doua explozie, iar vasul s-a scufundat. Cu acest prilej a fost ucis Fernando Pereira, un fotograf olandez de 35 de ani, aflat pe nav\u0103.<\/h4>\n<h4 style=\"text-align: justify;\"><\/h4>\n<figure id=\"attachment_2075\" aria-describedby=\"caption-attachment-2075\" style=\"width: 300px\" class=\"wp-caption aligncenter\"><a href=\"http:\/\/www.desteptati-va.ro\/wp-content\/uploads\/2011\/05\/rainbowwr01.jpg\"><img loading=\"lazy\" decoding=\"async\" class=\"size-medium wp-image-2075\" title=\"Gaura din bordajul navei Rainbow Warrior\" src=\"http:\/\/www.desteptati-va.ro\/wp-content\/uploads\/2011\/05\/rainbowwr01-300x200.jpg\" alt=\"Gaura din bordajul navei Rainbow Warrior\" width=\"300\" height=\"200\" \/><\/a><figcaption id=\"caption-attachment-2075\" class=\"wp-caption-text\">Gaura din bordajul navei Rainbow Warrior<\/figcaption><\/figure>\n<h4 style=\"text-align: justify;\">Din nefericire pentru amiralul Lacoste, opera\u021biunea a produs v\u00e2lv\u0103 \u0219i, la scurt timp, doi dintre agen\u021bii lui au fost aresta\u021bi \u00een noua Zeeland\u0103. Ei treceau drept turi\u0219ti, so\u021b \u0219i so\u021bie, intra\u021bi \u00een \u021bar\u0103 cu pa\u0219apoarte elve\u021biene.<\/h4>\n<h4 style=\"text-align: justify;\">Au mai fost aresta\u021bi trei subofi\u021beri, care imediat dup\u0103 explozie p\u0103r\u0103siser\u0103 Noua Zeeland\u0103 pe un iaht, dar a trebuit ca ace\u0219tia s\u0103 fie elibera\u021bi pe motive de procedur\u0103. Submarinul francez <em>Rubis<\/em>, aflat \u00een zon\u0103, i-a luat la bord, dup\u0103 care a scufundat iahtul.<\/h4>\n<h4 style=\"text-align: justify;\">Cei doi \u201eturi\u0219ti elve\u021bieni\u201d aresta\u021bi, cpt. Dominique Prieur \u0219i mr. Alain Mafart au fost judeca\u021bi \u00een Noua Zeeland\u0103 \u0219i condamna\u021bi la c\u00e2te 10 ani \u00eenchisoare pentru omor din impruden\u021b\u0103 \u0219i c\u00e2te 7 ani pentru incendiere voluntar\u0103 (cu executar\u0103 voluntar\u0103). Imediat Fran\u021ba a exercitat presiuni asupra Noii Zeelande, bloc\u00e2nd importurile de produse lactate din aceast\u0103 \u021bar\u0103, ceea ce reprezenta o adev\u0103rat\u0103 catastrof\u0103 economic\u0103 pentru micul stat din sudul Pacificului. Fran\u021ba a ob\u021binut astfel un acord, conform c\u0103ruia cei doi s\u0103 \u00ee\u0219i execute pedeapsa \u00eentr-o \u00eenchisoare militar\u0103 francez\u0103. Dup\u0103 transfer, ei au f\u0103cut mai pu\u021bin de doi ani \u00eenchisoare \u0219i au fost elibera\u021bi, \u00eentorc\u00e2ndu-se la Paris (el la 14.12.1987, ea la 06.05.1988), unde au primit decora\u021bii \u0219i \u0219i-au reluat cariera.<\/h4>\n<h4 style=\"text-align: justify;\">Pentru a lini\u0219ti spiritele, amiralul Pierre Lacoste \u0219i-a dat demisia, ar\u0103t\u00e2nd c\u0103 \u201enu persoana mea era implicat\u0103, ci func\u021bia\u201d. A demisionat, de asemenea, ministrul Ap\u0103r\u0103rii, Charles Hernu (DGSE era \u00een subordinea Ministerului Ap\u0103r\u0103rii). \u00cen tot acest timp, Mitterrand clama public dorin\u021ba lui ferm\u0103 de \u201ea se afla adev\u0103rul\u201d \u0219i a dispus formarea unei comisii de anchet\u0103. \u00cen doar c\u00e2teva zile, f\u0103r\u0103 a-l intervieva le Lacoste, ai c\u0103rui oameni erau \u00een mod limpede executan\u021bii atentatului, Comisia a decis c\u0103 guvernul nu e implicat.<\/h4>\n<h4 style=\"text-align: justify;\">Interven\u021bia brutal\u0103 a Fran\u021bei, cu caracter terorist, a fost dezavuat\u0103 \u00een toat\u0103 lumea. Ea nu a fost uitat\u0103 nici acum, dovad\u0103 fiind numeroasele articole, evoc\u0103ri, reportaje televizate prilejuite de \u00eemplinirea a 20 de ani de la eveniment. \u00cen presa din Fran\u021ba, pre\u0219edintele Mitterrand a fost prezentat \u00eentr-o caricatur\u0103 ca un <em>frogman<\/em> care explic\u0103 tinerilor: \u201ePe vremea aceea numai pre\u0219edin\u021bii aveau voie s\u0103 execute ac\u021biuni teroriste\u201d.<\/h4>\n<h4 style=\"text-align: justify;\"><em>Le Monde <\/em>\u0219i <em>New York Times <\/em>scriau la 12 iulie 2005:\n\u201eIat\u0103 \u00eenv\u0103\u021b\u0103mintele la cea de a 20-a comemorare a scufund\u0103rii navei <em>Rainbow Warrior: <\/em>Guvernele, chiar \u0219i cele din \u021b\u0103rile democrate,sunt capabile de crime, de acte de terorism \u00eempotriva unor \u021binte civile. Guvernele, chiar \u0219i cele din \u021b\u0103rile democrate, acoper\u0103 \u0219i neag\u0103 aceste crime. Liderii, chiar \u0219i liderii democra\u021bi, mint lumea, vor min\u021bi lumea \u0219i vor nega rolul lor \u00een acte de s\u0103lb\u0103ticie terorist\u0103\u201d.<\/h4>\n<h4 style=\"text-align: justify;\"><em> Paul Cernea \u2013 revista Vitralii, Lumini si Umbre, anul II\/nr. 7\/iunie 2011<\/em><\/h4>        <div class=\"booster-block booster-reactions-block\">\n            <div class=\"twp-reactions-icons\">\n                \n                <div class=\"twp-reacts-wrap\">\n                    <a react-data=\"be-react-1\" post-id=\"3624\" class=\"be-face-icons un-reacted\" href=\"javascript:void(0)\">\n                        <img decoding=\"async\" src=\"https:\/\/desteptati-va.ro\/wp-content\/plugins\/booster-extension\/\/assets\/icon\/happy.svg\" alt=\"Happy\">\n                    <\/a>\n                    <div class=\"twp-reaction-title\">\n                        Happy                    <\/div>\n                    <div class=\"twp-count-percent\">\n                                                    <span style=\"display: none;\" class=\"twp-react-count\">0<\/span>\n                        \n                                                <span class=\"twp-react-percent\"><span>0<\/span> %<\/span>\n                                            <\/div>\n                <\/div>\n\n                <div class=\"twp-reacts-wrap\">\n                    <a react-data=\"be-react-2\" post-id=\"3624\" class=\"be-face-icons un-reacted\" href=\"javascript:void(0)\">\n                        <img decoding=\"async\" src=\"https:\/\/desteptati-va.ro\/wp-content\/plugins\/booster-extension\/\/assets\/icon\/sad.svg\" alt=\"Sad\">\n                    <\/a>\n                    <div class=\"twp-reaction-title\">\n                        Sad                    <\/div>\n                    <div class=\"twp-count-percent\">\n                                                    <span style=\"display: none;\" class=\"twp-react-count\">0<\/span>\n                                                                        <span class=\"twp-react-percent\"><span>0<\/span> %<\/span>\n                                            <\/div>\n                <\/div>\n\n                <div class=\"twp-reacts-wrap\">\n                    <a react-data=\"be-react-3\" post-id=\"3624\" class=\"be-face-icons un-reacted\" href=\"javascript:void(0)\">\n                        <img decoding=\"async\" src=\"https:\/\/desteptati-va.ro\/wp-content\/plugins\/booster-extension\/\/assets\/icon\/excited.svg\" alt=\"Excited\">\n                    <\/a>\n                    <div class=\"twp-reaction-title\">\n                        Excited                    <\/div>\n                    <div class=\"twp-count-percent\">\n                                                    <span style=\"display: none;\" class=\"twp-react-count\">0<\/span>\n                                                                        <span class=\"twp-react-percent\"><span>0<\/span> %<\/span>\n                                            <\/div>\n                <\/div>\n\n                <div class=\"twp-reacts-wrap\">\n                    <a react-data=\"be-react-6\" post-id=\"3624\" class=\"be-face-icons un-reacted\" href=\"javascript:void(0)\">\n                        <img decoding=\"async\" src=\"https:\/\/desteptati-va.ro\/wp-content\/plugins\/booster-extension\/\/assets\/icon\/sleepy.svg\" alt=\"Sleepy\">\n                    <\/a>\n                    <div class=\"twp-reaction-title\">\n                        Sleepy                    <\/div>\n                    <div class=\"twp-count-percent\">\n                                                    <span style=\"display: none;\" class=\"twp-react-count\">0<\/span>\n                        \n                                                <span class=\"twp-react-percent\"><span>0<\/span> %<\/span>\n                                            <\/div>\n                <\/div>\n\n                <div class=\"twp-reacts-wrap\">\n                    <a react-data=\"be-react-4\" post-id=\"3624\" class=\"be-face-icons un-reacted\" href=\"javascript:void(0)\">\n                        <img decoding=\"async\" src=\"https:\/\/desteptati-va.ro\/wp-content\/plugins\/booster-extension\/\/assets\/icon\/angry.svg\" alt=\"Angry\">\n                    <\/a>\n                    <div class=\"twp-reaction-title\">Angry<\/div>\n                    <div class=\"twp-count-percent\">\n                                                    <span style=\"display: none;\" class=\"twp-react-count\">0<\/span>\n                                                                        <span class=\"twp-react-percent\"><span>0<\/span> %<\/span>\n                        \n                    <\/div>\n                <\/div>\n\n                <div class=\"twp-reacts-wrap\">\n                    <a react-data=\"be-react-5\" post-id=\"3624\" class=\"be-face-icons un-reacted\" href=\"javascript:void(0)\">\n                        <img decoding=\"async\" src=\"https:\/\/desteptati-va.ro\/wp-content\/plugins\/booster-extension\/\/assets\/icon\/surprise.svg\" alt=\"Surprise\">\n                    <\/a>\n                    <div class=\"twp-reaction-title\">Surprise<\/div>\n                    <div class=\"twp-count-percent\">\n                                                    <span style=\"display: none;\" class=\"twp-react-count\">0<\/span>\n                                                                        <span class=\"twp-react-percent\"><span>0<\/span> %<\/span>\n                                            <\/div>\n                <\/div>\n\n            <\/div>\n        <\/div>\n\n    <\/div>","protected":false},"excerpt":{"rendered":"<p>Este un principiu general acceptat acela c\u0103 pentru a \u00een\u021belege corect o situa\u021bie, o \u00eent\u00e2mplare, o atitudine trebuie s\u0103 se<a href=\"https:\/\/desteptati-va.ro\/index.php\/2021\/04\/15\/fapte-si-vremi-servicii-speciale-si-responsabilitatea-politica\/\">Read More<i class=\"fa fa-long-arrow-right\" aria-hidden=\"true\"><\/i><\/a><\/p>\n","protected":false},"author":1,"featured_media":4501,"comment_status":"open","ping_status":"open","sticky":false,"template":"","format":"standard","meta":{"_crdt_document":"","footnotes":""},"categories":[41],"tags":[547,548,549,59,60,550,551,552,553,554,555,556,523],"class_list":["post-3624","post","type-post","status-publish","format-standard","has-post-thumbnail","hentry","category-istorii-ciudate","tag-aukland","tag-comportament","tag-controlul-mintii","tag-desteptati","tag-desteptati-va","tag-experiment","tag-experimente","tag-greenpeace","tag-mkultra","tag-modificari","tag-oameni","tag-rainbow-warrior","tag-servicii-secrete"],"rise-blocks_total_comments":1,"rise-blocks_categories":[{"term_id":41,"name":"Istorii ciudate","slug":"istorii-ciudate","term_group":0,"term_taxonomy_id":41,"taxonomy":"category","description":"","parent":37,"count":3,"filter":"raw"}],"rise-blocks_excerpt":"Este un principiu general acceptat acela c\u0103 pentru a \u00een\u021belege corect o situa\u021bie, o \u00eent\u00e2mplare, o atitudine trebuie s\u0103 se \u021bin\u0103 seama de contextul general al epocii, al vremii, de legile existente la momentul respectiv, de obiceiurile oamenilor, de concep\u021biile generale care guvernau societatea \u00een care ei tr\u0103iau. S\u0103 deschidem la \u00eent\u00e2mplare paginile unei c\u0103r\u021bi de istorie \u0219i, citindu-le, s\u0103..","yoast_head":"<!-- This site is optimized with the Yoast SEO plugin v26.9 - https:\/\/yoast.com\/product\/yoast-seo-wordpress\/ -->\r\n<title>Fapte \u0219i vremi - Servicii Speciale \u0219i responsabilitatea politic\u0103 -<\/title>\r\n<meta name=\"robots\" content=\"index, follow, max-snippet:-1, max-image-preview:large, max-video-preview:-1\" \/>\r\n<link rel=\"canonical\" href=\"https:\/\/desteptati-va.ro\/index.php\/2021\/04\/15\/fapte-si-vremi-servicii-speciale-si-responsabilitatea-politica\/\" \/>\r\n<meta property=\"og:locale\" content=\"ro_RO\" \/>\r\n<meta property=\"og:type\" content=\"article\" \/>\r\n<meta property=\"og:title\" content=\"Fapte \u0219i vremi - Servicii Speciale \u0219i responsabilitatea politic\u0103 -\" \/>\r\n<meta property=\"og:description\" content=\"Este un principiu general acceptat acela c\u0103 pentru a \u00een\u021belege corect o situa\u021bie, o \u00eent\u00e2mplare, o atitudine trebuie s\u0103 seRead More\" \/>\r\n<meta property=\"og:url\" content=\"https:\/\/desteptati-va.ro\/index.php\/2021\/04\/15\/fapte-si-vremi-servicii-speciale-si-responsabilitatea-politica\/\" \/>\r\n<meta property=\"article:published_time\" content=\"2021-04-15T12:27:39+00:00\" \/>\r\n<meta property=\"article:modified_time\" content=\"2022-01-18T12:48:50+00:00\" \/>\r\n<meta property=\"og:image\" content=\"https:\/\/desteptati-va.ro\/wp-content\/uploads\/2021\/04\/MasonGordon.jpg\" \/>\r\n\t<meta property=\"og:image:width\" content=\"1140\" \/>\r\n\t<meta property=\"og:image:height\" content=\"640\" \/>\r\n\t<meta property=\"og:image:type\" content=\"image\/jpeg\" \/>\r\n<meta name=\"author\" content=\"wolfsoftcompany\" \/>\r\n<meta name=\"twitter:card\" content=\"summary_large_image\" \/>\r\n<meta name=\"twitter:label1\" content=\"Scris de\" \/>\n\t<meta name=\"twitter:data1\" content=\"wolfsoftcompany\" \/>\n\t<meta name=\"twitter:label2\" content=\"Timp estimat pentru citire\" \/>\n\t<meta name=\"twitter:data2\" content=\"16 minute\" \/>\r\n<script type=\"application\/ld+json\" class=\"yoast-schema-graph\">{\"@context\":\"https:\/\/schema.org\",\"@graph\":[{\"@type\":\"Article\",\"@id\":\"https:\/\/desteptati-va.ro\/index.php\/2021\/04\/15\/fapte-si-vremi-servicii-speciale-si-responsabilitatea-politica\/#article\",\"isPartOf\":{\"@id\":\"https:\/\/desteptati-va.ro\/index.php\/2021\/04\/15\/fapte-si-vremi-servicii-speciale-si-responsabilitatea-politica\/\"},\"author\":{\"name\":\"wolfsoftcompany\",\"@id\":\"https:\/\/desteptati-va.ro\/#\/schema\/person\/13182deeebd44920914899f7bb262d6b\"},\"headline\":\"Fapte \u0219i vremi &#8211; Servicii Speciale \u0219i responsabilitatea politic\u0103\",\"datePublished\":\"2021-04-15T12:27:39+00:00\",\"dateModified\":\"2022-01-18T12:48:50+00:00\",\"mainEntityOfPage\":{\"@id\":\"https:\/\/desteptati-va.ro\/index.php\/2021\/04\/15\/fapte-si-vremi-servicii-speciale-si-responsabilitatea-politica\/\"},\"wordCount\":3226,\"commentCount\":0,\"image\":{\"@id\":\"https:\/\/desteptati-va.ro\/index.php\/2021\/04\/15\/fapte-si-vremi-servicii-speciale-si-responsabilitatea-politica\/#primaryimage\"},\"thumbnailUrl\":\"https:\/\/desteptati-va.ro\/wp-content\/uploads\/2021\/04\/MasonGordon.jpg\",\"keywords\":[\"Aukland\",\"comportament\",\"controlul mintii\",\"desteptati\",\"desteptati-va\",\"experiment\",\"experimente\",\"Greenpeace\",\"MKUltra\",\"modificari\",\"oameni\",\"Rainbow Warrior\",\"servicii secrete\"],\"articleSection\":[\"Istorii ciudate\"],\"inLanguage\":\"ro-RO\",\"potentialAction\":[{\"@type\":\"CommentAction\",\"name\":\"Comment\",\"target\":[\"https:\/\/desteptati-va.ro\/index.php\/2021\/04\/15\/fapte-si-vremi-servicii-speciale-si-responsabilitatea-politica\/#respond\"]}]},{\"@type\":\"WebPage\",\"@id\":\"https:\/\/desteptati-va.ro\/index.php\/2021\/04\/15\/fapte-si-vremi-servicii-speciale-si-responsabilitatea-politica\/\",\"url\":\"https:\/\/desteptati-va.ro\/index.php\/2021\/04\/15\/fapte-si-vremi-servicii-speciale-si-responsabilitatea-politica\/\",\"name\":\"Fapte \u0219i vremi - Servicii Speciale \u0219i responsabilitatea politic\u0103 -\",\"isPartOf\":{\"@id\":\"https:\/\/desteptati-va.ro\/#website\"},\"primaryImageOfPage\":{\"@id\":\"https:\/\/desteptati-va.ro\/index.php\/2021\/04\/15\/fapte-si-vremi-servicii-speciale-si-responsabilitatea-politica\/#primaryimage\"},\"image\":{\"@id\":\"https:\/\/desteptati-va.ro\/index.php\/2021\/04\/15\/fapte-si-vremi-servicii-speciale-si-responsabilitatea-politica\/#primaryimage\"},\"thumbnailUrl\":\"https:\/\/desteptati-va.ro\/wp-content\/uploads\/2021\/04\/MasonGordon.jpg\",\"datePublished\":\"2021-04-15T12:27:39+00:00\",\"dateModified\":\"2022-01-18T12:48:50+00:00\",\"author\":{\"@id\":\"https:\/\/desteptati-va.ro\/#\/schema\/person\/13182deeebd44920914899f7bb262d6b\"},\"breadcrumb\":{\"@id\":\"https:\/\/desteptati-va.ro\/index.php\/2021\/04\/15\/fapte-si-vremi-servicii-speciale-si-responsabilitatea-politica\/#breadcrumb\"},\"inLanguage\":\"ro-RO\",\"potentialAction\":[{\"@type\":\"ReadAction\",\"target\":[\"https:\/\/desteptati-va.ro\/index.php\/2021\/04\/15\/fapte-si-vremi-servicii-speciale-si-responsabilitatea-politica\/\"]}]},{\"@type\":\"ImageObject\",\"inLanguage\":\"ro-RO\",\"@id\":\"https:\/\/desteptati-va.ro\/index.php\/2021\/04\/15\/fapte-si-vremi-servicii-speciale-si-responsabilitatea-politica\/#primaryimage\",\"url\":\"https:\/\/desteptati-va.ro\/wp-content\/uploads\/2021\/04\/MasonGordon.jpg\",\"contentUrl\":\"https:\/\/desteptati-va.ro\/wp-content\/uploads\/2021\/04\/MasonGordon.jpg\",\"width\":1140,\"height\":640},{\"@type\":\"BreadcrumbList\",\"@id\":\"https:\/\/desteptati-va.ro\/index.php\/2021\/04\/15\/fapte-si-vremi-servicii-speciale-si-responsabilitatea-politica\/#breadcrumb\",\"itemListElement\":[{\"@type\":\"ListItem\",\"position\":1,\"name\":\"Prima pagin\u0103\",\"item\":\"https:\/\/desteptati-va.ro\/\"},{\"@type\":\"ListItem\",\"position\":2,\"name\":\"Fapte \u0219i vremi &#8211; Servicii Speciale \u0219i responsabilitatea politic\u0103\"}]},{\"@type\":\"WebSite\",\"@id\":\"https:\/\/desteptati-va.ro\/#website\",\"url\":\"https:\/\/desteptati-va.ro\/\",\"name\":\"\",\"description\":\"\",\"potentialAction\":[{\"@type\":\"SearchAction\",\"target\":{\"@type\":\"EntryPoint\",\"urlTemplate\":\"https:\/\/desteptati-va.ro\/?s={search_term_string}\"},\"query-input\":{\"@type\":\"PropertyValueSpecification\",\"valueRequired\":true,\"valueName\":\"search_term_string\"}}],\"inLanguage\":\"ro-RO\"},{\"@type\":\"Person\",\"@id\":\"https:\/\/desteptati-va.ro\/#\/schema\/person\/13182deeebd44920914899f7bb262d6b\",\"name\":\"wolfsoftcompany\",\"image\":{\"@type\":\"ImageObject\",\"inLanguage\":\"ro-RO\",\"@id\":\"https:\/\/desteptati-va.ro\/#\/schema\/person\/image\/\",\"url\":\"https:\/\/secure.gravatar.com\/avatar\/a6cce9b6d101d27d91690e7073e300fed94c0899890bf998e082cb9d2c3d121e?s=96&d=mm&r=g\",\"contentUrl\":\"https:\/\/secure.gravatar.com\/avatar\/a6cce9b6d101d27d91690e7073e300fed94c0899890bf998e082cb9d2c3d121e?s=96&d=mm&r=g\",\"caption\":\"wolfsoftcompany\"},\"sameAs\":[\"http:\/\/desteptati-va.ro\"],\"url\":\"https:\/\/desteptati-va.ro\/index.php\/author\/wolfsoftcompany\/\"}]}<\/script>\r\n<!-- \/ Yoast SEO plugin. -->","yoast_head_json":{"title":"Fapte \u0219i vremi - Servicii Speciale \u0219i responsabilitatea politic\u0103 -","robots":{"index":"index","follow":"follow","max-snippet":"max-snippet:-1","max-image-preview":"max-image-preview:large","max-video-preview":"max-video-preview:-1"},"canonical":"https:\/\/desteptati-va.ro\/index.php\/2021\/04\/15\/fapte-si-vremi-servicii-speciale-si-responsabilitatea-politica\/","og_locale":"ro_RO","og_type":"article","og_title":"Fapte \u0219i vremi - Servicii Speciale \u0219i responsabilitatea politic\u0103 -","og_description":"Este un principiu general acceptat acela c\u0103 pentru a \u00een\u021belege corect o situa\u021bie, o \u00eent\u00e2mplare, o atitudine trebuie s\u0103 seRead More","og_url":"https:\/\/desteptati-va.ro\/index.php\/2021\/04\/15\/fapte-si-vremi-servicii-speciale-si-responsabilitatea-politica\/","article_published_time":"2021-04-15T12:27:39+00:00","article_modified_time":"2022-01-18T12:48:50+00:00","og_image":[{"width":1140,"height":640,"url":"https:\/\/desteptati-va.ro\/wp-content\/uploads\/2021\/04\/MasonGordon.jpg","type":"image\/jpeg"}],"author":"wolfsoftcompany","twitter_card":"summary_large_image","twitter_misc":{"Scris de":"wolfsoftcompany","Timp estimat pentru citire":"16 minute"},"schema":{"@context":"https:\/\/schema.org","@graph":[{"@type":"Article","@id":"https:\/\/desteptati-va.ro\/index.php\/2021\/04\/15\/fapte-si-vremi-servicii-speciale-si-responsabilitatea-politica\/#article","isPartOf":{"@id":"https:\/\/desteptati-va.ro\/index.php\/2021\/04\/15\/fapte-si-vremi-servicii-speciale-si-responsabilitatea-politica\/"},"author":{"name":"wolfsoftcompany","@id":"https:\/\/desteptati-va.ro\/#\/schema\/person\/13182deeebd44920914899f7bb262d6b"},"headline":"Fapte \u0219i vremi &#8211; Servicii Speciale \u0219i responsabilitatea politic\u0103","datePublished":"2021-04-15T12:27:39+00:00","dateModified":"2022-01-18T12:48:50+00:00","mainEntityOfPage":{"@id":"https:\/\/desteptati-va.ro\/index.php\/2021\/04\/15\/fapte-si-vremi-servicii-speciale-si-responsabilitatea-politica\/"},"wordCount":3226,"commentCount":0,"image":{"@id":"https:\/\/desteptati-va.ro\/index.php\/2021\/04\/15\/fapte-si-vremi-servicii-speciale-si-responsabilitatea-politica\/#primaryimage"},"thumbnailUrl":"https:\/\/desteptati-va.ro\/wp-content\/uploads\/2021\/04\/MasonGordon.jpg","keywords":["Aukland","comportament","controlul mintii","desteptati","desteptati-va","experiment","experimente","Greenpeace","MKUltra","modificari","oameni","Rainbow Warrior","servicii secrete"],"articleSection":["Istorii ciudate"],"inLanguage":"ro-RO","potentialAction":[{"@type":"CommentAction","name":"Comment","target":["https:\/\/desteptati-va.ro\/index.php\/2021\/04\/15\/fapte-si-vremi-servicii-speciale-si-responsabilitatea-politica\/#respond"]}]},{"@type":"WebPage","@id":"https:\/\/desteptati-va.ro\/index.php\/2021\/04\/15\/fapte-si-vremi-servicii-speciale-si-responsabilitatea-politica\/","url":"https:\/\/desteptati-va.ro\/index.php\/2021\/04\/15\/fapte-si-vremi-servicii-speciale-si-responsabilitatea-politica\/","name":"Fapte \u0219i vremi - Servicii Speciale \u0219i responsabilitatea politic\u0103 -","isPartOf":{"@id":"https:\/\/desteptati-va.ro\/#website"},"primaryImageOfPage":{"@id":"https:\/\/desteptati-va.ro\/index.php\/2021\/04\/15\/fapte-si-vremi-servicii-speciale-si-responsabilitatea-politica\/#primaryimage"},"image":{"@id":"https:\/\/desteptati-va.ro\/index.php\/2021\/04\/15\/fapte-si-vremi-servicii-speciale-si-responsabilitatea-politica\/#primaryimage"},"thumbnailUrl":"https:\/\/desteptati-va.ro\/wp-content\/uploads\/2021\/04\/MasonGordon.jpg","datePublished":"2021-04-15T12:27:39+00:00","dateModified":"2022-01-18T12:48:50+00:00","author":{"@id":"https:\/\/desteptati-va.ro\/#\/schema\/person\/13182deeebd44920914899f7bb262d6b"},"breadcrumb":{"@id":"https:\/\/desteptati-va.ro\/index.php\/2021\/04\/15\/fapte-si-vremi-servicii-speciale-si-responsabilitatea-politica\/#breadcrumb"},"inLanguage":"ro-RO","potentialAction":[{"@type":"ReadAction","target":["https:\/\/desteptati-va.ro\/index.php\/2021\/04\/15\/fapte-si-vremi-servicii-speciale-si-responsabilitatea-politica\/"]}]},{"@type":"ImageObject","inLanguage":"ro-RO","@id":"https:\/\/desteptati-va.ro\/index.php\/2021\/04\/15\/fapte-si-vremi-servicii-speciale-si-responsabilitatea-politica\/#primaryimage","url":"https:\/\/desteptati-va.ro\/wp-content\/uploads\/2021\/04\/MasonGordon.jpg","contentUrl":"https:\/\/desteptati-va.ro\/wp-content\/uploads\/2021\/04\/MasonGordon.jpg","width":1140,"height":640},{"@type":"BreadcrumbList","@id":"https:\/\/desteptati-va.ro\/index.php\/2021\/04\/15\/fapte-si-vremi-servicii-speciale-si-responsabilitatea-politica\/#breadcrumb","itemListElement":[{"@type":"ListItem","position":1,"name":"Prima pagin\u0103","item":"https:\/\/desteptati-va.ro\/"},{"@type":"ListItem","position":2,"name":"Fapte \u0219i vremi &#8211; Servicii Speciale \u0219i responsabilitatea politic\u0103"}]},{"@type":"WebSite","@id":"https:\/\/desteptati-va.ro\/#website","url":"https:\/\/desteptati-va.ro\/","name":"","description":"","potentialAction":[{"@type":"SearchAction","target":{"@type":"EntryPoint","urlTemplate":"https:\/\/desteptati-va.ro\/?s={search_term_string}"},"query-input":{"@type":"PropertyValueSpecification","valueRequired":true,"valueName":"search_term_string"}}],"inLanguage":"ro-RO"},{"@type":"Person","@id":"https:\/\/desteptati-va.ro\/#\/schema\/person\/13182deeebd44920914899f7bb262d6b","name":"wolfsoftcompany","image":{"@type":"ImageObject","inLanguage":"ro-RO","@id":"https:\/\/desteptati-va.ro\/#\/schema\/person\/image\/","url":"https:\/\/secure.gravatar.com\/avatar\/a6cce9b6d101d27d91690e7073e300fed94c0899890bf998e082cb9d2c3d121e?s=96&d=mm&r=g","contentUrl":"https:\/\/secure.gravatar.com\/avatar\/a6cce9b6d101d27d91690e7073e300fed94c0899890bf998e082cb9d2c3d121e?s=96&d=mm&r=g","caption":"wolfsoftcompany"},"sameAs":["http:\/\/desteptati-va.ro"],"url":"https:\/\/desteptati-va.ro\/index.php\/author\/wolfsoftcompany\/"}]}},"_links":{"self":[{"href":"https:\/\/desteptati-va.ro\/index.php\/wp-json\/wp\/v2\/posts\/3624","targetHints":{"allow":["GET"]}}],"collection":[{"href":"https:\/\/desteptati-va.ro\/index.php\/wp-json\/wp\/v2\/posts"}],"about":[{"href":"https:\/\/desteptati-va.ro\/index.php\/wp-json\/wp\/v2\/types\/post"}],"author":[{"embeddable":true,"href":"https:\/\/desteptati-va.ro\/index.php\/wp-json\/wp\/v2\/users\/1"}],"replies":[{"embeddable":true,"href":"https:\/\/desteptati-va.ro\/index.php\/wp-json\/wp\/v2\/comments?post=3624"}],"version-history":[{"count":3,"href":"https:\/\/desteptati-va.ro\/index.php\/wp-json\/wp\/v2\/posts\/3624\/revisions"}],"predecessor-version":[{"id":4503,"href":"https:\/\/desteptati-va.ro\/index.php\/wp-json\/wp\/v2\/posts\/3624\/revisions\/4503"}],"wp:featuredmedia":[{"embeddable":true,"href":"https:\/\/desteptati-va.ro\/index.php\/wp-json\/wp\/v2\/media\/4501"}],"wp:attachment":[{"href":"https:\/\/desteptati-va.ro\/index.php\/wp-json\/wp\/v2\/media?parent=3624"}],"wp:term":[{"taxonomy":"category","embeddable":true,"href":"https:\/\/desteptati-va.ro\/index.php\/wp-json\/wp\/v2\/categories?post=3624"},{"taxonomy":"post_tag","embeddable":true,"href":"https:\/\/desteptati-va.ro\/index.php\/wp-json\/wp\/v2\/tags?post=3624"}],"curies":[{"name":"wp","href":"https:\/\/api.w.org\/{rel}","templated":true}]}}