{"id":3641,"date":"2021-04-16T06:38:32","date_gmt":"2021-04-16T06:38:32","guid":{"rendered":"http:\/\/desteptati.ro\/?p=3641"},"modified":"2022-01-18T14:45:28","modified_gmt":"2022-01-18T12:45:28","slug":"securitatea-si-intelectualii","status":"publish","type":"post","link":"https:\/\/desteptati-va.ro\/index.php\/2021\/04\/16\/securitatea-si-intelectualii\/","title":{"rendered":"Securitatea \u015fi intelectualii"},"content":{"rendered":"<div class=\"post-content\"><div class='booster-block booster-read-block'>\n                <div class=\"twp-read-time\">\n                \t<i class=\"booster-icon twp-clock\"><\/i> <span>Read Time:<\/span>7 Minute, 32 Second                <\/div>\n\n            <\/div><h4 style=\"text-align: justify;\">\u00cen anii \u201f70, generalul Iulian Vlad a con\u015ftientizat, ca urmare a unui studiu special, importan\u0163a \u015fi rolul elitelor \u00een societ\u0103\u0163ile democratice din Occident, c\u00e2t \u015fi \u00een Rom\u00e2nia. Astfel, a avut \u00een studiu sistemul de rela\u0163ionare al Serviciului de Informa\u0163ii Interne al Fran\u0163ei, ale c\u0103rui re\u0163ele de colaboratori \u015fi informatori coborau (\u015fi coboar\u0103) p\u00een\u0103 la nivel de director de liceu, \u00een \u00eentreaga na\u0163iune, constituindu-se ca o structur\u0103 ancorat\u0103 solid \u00een societatea civil\u0103 francez\u0103. Cunoscu\u0163i cu denumirea <em>honorables correspondants <\/em>(onorabili coresponden\u0163i), ei provin din mai toate straturile societ\u0103\u0163ii. \u00cen dialogul dintre ziarista Christine Ockrent \u015fi contele Alexandre de Marenches, \u015feful Serviciului de Documentare Extern\u0103 \u015fi de Contraspionaj al Fran\u0163ei, consilierul preziden\u0163ial m\u0103rturisea:<\/h4>\n<h4 style=\"text-align: justify;\"><\/h4>\n<figure id=\"attachment_2033\" aria-describedby=\"caption-attachment-2033\" style=\"width: 436px\" class=\"wp-caption aligncenter\"><a href=\"http:\/\/www.desteptati-va.ro\/wp-content\/uploads\/2011\/05\/alexandre_de_mareches.jpg\"><img loading=\"lazy\" decoding=\"async\" class=\" wp-image-2033\" title=\"Contele Alexandre de Mareches\" src=\"http:\/\/www.desteptati-va.ro\/wp-content\/uploads\/2011\/05\/alexandre_de_mareches.jpg\" alt=\"Contele Alexandre de Mareches\" width=\"436\" height=\"579\"><\/a><figcaption id=\"caption-attachment-2033\" class=\"wp-caption-text\">Contele Alexandre de Mareches<\/figcaption><\/figure>\n<h4 style=\"text-align: justify;\"><strong><em>M<\/em><\/strong><em>: (&#8230;) \u00cen poli\u0163ie sunt numi\u0163i informatori, \u00een serviciul v\u0103milor, avizori. <\/em><em>\u00cen serviciile sp<\/em><em>eciale li se spune onorabili coresponden\u0163i. <\/em><\/h4>\n<h4 style=\"text-align: justify;\"><strong><em>O<\/em><\/strong><em>: Gama este foarte variat\u0103?<\/em><\/h4>\n<h4 style=\"text-align: justify;\"><strong><em>M<\/em><\/strong><em>: Unul poate fi \u015fofer de taxi, altul personaj bisericesc sau chiar <\/em><em>secretar de stat.<\/em><\/h4>\n<h4 style=\"text-align: justify;\"><strong><em>O<\/em><\/strong><em>: Sunt remunera\u0163i pentru serviciile lor?<\/em><\/h4>\n<h4 style=\"text-align: justify;\"><strong><em>M<\/em><\/strong><em>: Da, unii o fac pentru bani. Unul, doi sau trei dintre ei au luat sume <\/em><em>importante, e drept. Dar majoritatea onorabililor coresponden\u0163i lucreaz\u0103 din patriotism \u015fi pentru onoarea de a<\/em><em>&#8211;<\/em><em>\u015fi servi \u0163ara. Anumi\u0163i francezi c\u0103l\u0103toresc \u00een zone sensibile, unde pot observa, vedea \u015fi auzi lucruri utile pentru \u0163ara lor. Toate \u0163\u0103rile practic\u0103 acest sistem. Oameni at\u00eet de serio\u015fi ca britanicii dau dovad\u0103 de un sim\u0163 civic remarcabil. Prietenii no\u015ftri elve\u0163ieni, care<\/em><em>&#8211;<\/em><em>\u015fi respect\u0103 mult neutralitatea, au un sistem de ofi\u0163eri de mili\u0163ie care informeaz\u0103 guvernul de la Berna, <\/em><em>pentru <\/em><em>c\u0103 umbl\u0103 cam peste tot. \u00cei g\u0103se\u015fti \u00een posturi importante sau \u00een afacerile interna\u0163ionale. Serviciile de informa\u0163ii sunt o imens\u0103 sit\u0103 \u00een care se arunc\u0103 mii de informa\u0163ii, sute pe zi, pentru a extrage esen\u0163a sau numai c\u00eeteva pic\u0103turi care conteaz\u0103 \u015fi care alimenteaz\u0103, de exemplu, un buletin cu destina\u0163ia Elys\u00e9e sau alte centre de decizie. Controlul acestor informa\u0163ii reprezint\u0103 una din sarcinile esen\u0163iale ale Serviciului\u201d<\/em><em>.<\/em><\/h4>\n<h4 style=\"text-align: justify;\"><\/h4>\n<a href=\"http:\/\/www.desteptati-va.ro\/wp-content\/uploads\/2011\/05\/1694.jpg\"><img loading=\"lazy\" decoding=\"async\" class=\"wp-image-2034 aligncenter\" title=\"Louis de Funes\" src=\"http:\/\/www.desteptati-va.ro\/wp-content\/uploads\/2011\/05\/1694-226x300.jpg\" alt=\"Louis de Funes\" width=\"350\" height=\"465\"><\/a>\n<h4 style=\"text-align: justify;\">Racolarea \u015fi sprijinirea logistic\u0103 (de exemplu cea editorial\u0103), financiar\u0103 \u015fi de rela\u0163ii publice (propagand\u0103 \u015fi publicitate) a scriitorilor, profesorilor universitari, oamenilor de art\u0103, arti\u015ftilor (promovarea actri\u0163ei Brigitte Bardot ca simbol al Fran\u0163ei a fost un exemplu, a marelui comedian Louis de Fun\u00e8s \u00een rolul jandarmului, alt exemplu), a c\u00e2nt\u0103re\u0163ilor, creatorilor de mod\u0103 etc. se f\u0103cea \u00een baza unui program coerent de promovare a valorilor na\u0163ionale. Pentru punerea \u00een aplicare a acestui program, serviciile secrete franceze colaborau direct, dar conspirat, cu ministerele Educa\u0163iei \u015fi Culturii, ocup\u00e2ndu-se totodat\u0103 \u015fi de protejarea culturii franceze de ingerin\u0163e parazitare. La cap\u0103tul acestei activit\u0103\u0163i se dezvoltau apoi curente de opinie critice, av\u00eend la origine declara\u0163ii ale unor personalit\u0103\u0163i, pozi\u0163ii oficiale ale unor demnitari, articole de pres\u0103 dirijate, publica\u0163ii \u015fi filme con\u0163in\u00eend mesaje subliminale negative la adresa acelor fenomene importate (<em>hippy<\/em>, mafia italian\u0103, produsele americane de contraband\u0103, ingerin\u0163a comunist\u0103 \u00een Africa francofon\u0103 \u015f.a). Aceste teme au fost strecurate subtil mai ales \u00een cinematografia francez\u0103. Un exemplu: introducerea jandarmului din Saint Tropez \u00eentr-un grup hipiot a st\u00e2rnit r\u00e2sul \u015fi a subliniat ridicolul acelui fenomen considerat periculos, importat din Statele Unite, \u00eempreun\u0103 cu \u00eentreaga promiscuitate ce \u00eel \u00eenso\u0163ea. Serviciul de Informa\u0163ii Interne francez \u0163inea o permanent\u0103 leg\u0103tur\u0103 \u2013 fie operativ\u0103, fie informal\u0103 \u2013 cu marile personalit\u0103\u0163i ale na\u0163iunii, promov\u00e2nd consult\u0103ri, evalu\u0103ri, \u00eentocmirea de studii, participarea la planificarea unor ac\u0163iuni, bine\u00een\u0163eles f\u0103r\u0103 a fi deconspirate. Datorit\u0103 temperamentului sau sechelelor celui de-al doilea r\u0103zboi mondial \u015fi ale \u201eR\u0103zboiului rece\u201d, numero\u015fi intelectuali de mare notorietate refuzau s\u0103 lucreze direct cu serviciile secrete franceze. \u00cen aceste situa\u0163ii erau exploata\u0163i \u201e\u00een orb\u201d, f\u0103r\u0103 s\u0103 \u015ftie \u015fi tot f\u0103r\u0103 s\u0103 se \u015ftie sprijini\u0163i. Un subiect care a preocupat Fran\u0163a mul\u0163i ani a fost cel al comportamentului oamenilor politici francezi \u00een timpul celui de-al doilea r\u0103zboi mondial, colabora\u0163ionismul \u015fi rezisten\u0163a, inclusiv falsa sau pretinsa participare la rezisten\u0163a antinazist\u0103. Fal\u015fii eroi au fost demasca\u0163i (o minoritate), dar \u00een majoritate au fost exploata\u0163i \u00een folosul na\u0163iunii, inclusiv prin aplicarea unui \u015fantaj la baza rela\u0163iei.<\/h4>\n<h4 style=\"text-align: justify;\">Generalul Iulian Vlad a \u00eencercat ceva asem\u0103n\u0103tor \u015fi \u00een rela\u0163ia Securit\u0103\u0163ii cu personalit\u0103\u0163i culturale \u015fi \u015ftiin\u0163ifice ale Rom\u00e2niei. El mo\u015ftenea un \u00eenceput de rela\u0163ie armonic\u0103, dar izolat\u0103 \u015fi mai de grab\u0103 \u00eengust\u0103, de la generalul Ple\u015fi\u0163\u0103, care stabilise un sistem de colaborare cu v\u00e2rfuri ale intelectualit\u0103\u0163ii rom\u00e2ne\u015fti.<\/h4>\n<h4 style=\"text-align: justify;\"><\/h4>\n<figure id=\"attachment_2035\" aria-describedby=\"caption-attachment-2035\" style=\"width: 647px\" class=\"wp-caption aligncenter\"><a href=\"http:\/\/www.desteptati-va.ro\/wp-content\/uploads\/2011\/05\/plesita_a653cd7c72.jpg\"><img loading=\"lazy\" decoding=\"async\" class=\" wp-image-2035\" title=\"G-ral. Nicolae Plesita\" src=\"http:\/\/www.desteptati-va.ro\/wp-content\/uploads\/2011\/05\/plesita_a653cd7c72-300x200.jpg\" alt=\"G-ral. Nicolae Plesita\" width=\"647\" height=\"431\"><\/a><figcaption id=\"caption-attachment-2035\" class=\"wp-caption-text\">G-ral. Nicolae Plesita<\/figcaption><\/figure>\n<h4 style=\"text-align: justify;\">Colaborarea nu implica neap\u0103rat un contract informativ, ci un sistem de consultan\u0163\u0103 \u00een domenii diferite. Aceste rela\u0163ii au mers foarte departe, influen\u0163\u00e2nd decisiv ideea exploat\u0103rii sentimentelor na\u0163ionaliste ale popula\u0163iei \u00een folosul regimului comunist, ajung\u00e2nd, mai ales \u00een ultimii ani, p\u00een\u0103 la rezolvarea unor probleme personale. \u00cen dialogul lui Viorel Patrichi cu generalul Nicolae Ple\u015fi\u0163\u0103, a fost abordat \u015fi acest subiect:<\/h4>\n<h4 style=\"text-align: justify;\"><strong><em>Nicolae Ple\u015fi\u0163\u0103<\/em><\/strong><em>: Erau urm\u0103rite toa<\/em><em>te categoriile de intelectuali. Aveam un colectiv de 10-<\/em><em>15 oameni. Erau \u015fi doi<\/em><em>&#8211;<\/em><em>trei ofi\u0163eri coresponden\u0163i pe regiuni. Securitatea ap\u0103ra valorile materiale \u015fi spirituale, secretul activit\u0103\u0163ii \u015ftiin\u0163ifice. Aveam re\u0163ea printre intelectuali \u00een toate institutel<\/em><em>e de cercetare. S-<\/em><em>a pus problema ap\u0103r\u0103rii lor \u015fi a crea\u0163iei lor. Trebuiau pu\u015fi la ad\u0103post ca s\u0103 nu fie racola\u0163i de serviciile de spionaj str\u0103ine.<\/em><\/h4>\n<h4 style=\"text-align: justify;\"><strong><em>Viorel Patrichi<\/em><\/strong><em>.: Cum acceptau intelectualii colaborarea cu dvs.?<\/em><\/h4>\n<h4 style=\"text-align: justify;\"><strong><em>N.P<\/em><\/strong><em>.: La \u00eenceput n-au sesizat latura protec<\/em><em>\u0163iei din activitatea noastr\u0103. Credeau c\u0103<\/em><em>&#8211;<\/em><em>i suspect\u0103m. Ceea ce leza demnitatea lor. C\u00eend s<\/em><em>-au <\/em><em>l\u0103murit despre ce e vorba, intelectualii nu numai c\u0103 nu aveau rezerve, dar veneau \u00een \u00eent\u00eempinarea aparatului. C\u0103utau contactul cu organelle de informa\u0163ii \u015fi contrainforma\u0163ii pentru protec\u0163ie. \u00cen a doua parte a regimului Ceau\u015fescu, c\u00eend s<\/em><em>-a intensificat activitatea de constr\u00e2ngere, <\/em><em>se \u00eempiedicau contactele cu str\u0103inii. Intelectualii s<\/em><em>&#8211;<\/em><em>au g\u00e2ndit c\u0103 nu pot lupta contra m\u0103surilor de \u00eengr\u0103dire dec\u00e2t av\u00e2ndu<\/em><em>&#8211;<\/em><em>i ca alia\u0163i pe <\/em><em>cei din <\/em><em>serviciile de informa\u0163ii \u015fi contrainforma\u0163ii, &lt;&lt;\u0103ia de la secu\u2019&gt;&gt;. Cine m\u0103 ajut\u0103 s\u0103 plec la Paris? Cine m\u0103 ajut\u0103 s\u0103<\/em><em>&#8211;<\/em><em>mi public c\u0103r\u0163ile? A\u015fa s<\/em><em>-a <\/em><em>recurs la Securitate\u201d<\/em><em>.<\/em><\/h4>\n<h4 style=\"text-align: justify;\">Aceast\u0103 explica\u0163ie nu este complet\u0103 \u015fi nu atinge fondul problemei. Despre ce intelectualitate era vorba? Intelectualitatea \u0163\u0103rii fusese distrus\u0103 \u00een primul deceniu de regim comunist, iar intelectualii recupera\u0163i erau obliga\u0163i s\u0103 semneze angajamente de colaborare sau o f\u0103ceau de fric\u0103. Ceilal\u0163i intelectuali, intelectualii noi, fuseser\u0103 admi\u015fi \u00een facult\u0103\u0163i pe baz\u0103 de origine s\u0103n\u0103toas\u0103, dintre copiii de \u0163\u0103rani \u015fi muncitori, iar intelectualii din familiile cu tradi\u0163ie care reu\u015fiser\u0103 s\u0103 se strecoare printre furcile caudine ale sistemului fuseser\u0103 mai \u00eent\u00e2i trimi\u015fi \u00een produc\u0163ie, apoi accepta\u0163i \u00een universit\u0103\u0163i numai dup\u0103 \u00eendeplinirea unor compromisuri sau dup\u0103 ce partidul se convingea c\u0103 sunt loiali regimului. Este unul din motivele pentru care nu am avut o disiden\u0163\u0103 a intelectualit\u0103\u0163ii \u015fi am avut numai o disiden\u0163\u0103 politic\u0103, de la anticeau\u015fism personal la socialism cu fa\u0163\u0103 uman\u0103, \u015fi c\u00e2\u0163iva opozan\u0163i a c\u0103ror opozi\u0163ie pornea de cele mai multe ori din motive personale. Cele mai frecvente erau tocmai interzicerea c\u0103l\u0103toriilor \u00een str\u0103in\u0103tate, contactul cu rude aflate \u00een exil, rela\u0163ii de cult sau culturale altfel fire\u015fti. Rela\u0163ia \u00eentre intelectuali \u015fi Securitate nu s-a putut stabili armonic \u015fi natural \u2013 ca \u00een Fran\u0163a \u2013 \u015fi pentru c\u0103, \u00eentre cele dou\u0103 entit\u0103\u0163i, \u00een Rom\u00e2nia comunist\u0103 se amestecau parazitar cadrele. Subiectul a fost tratat cu seriozitate de profesorul Petre T. Frangopol, cunoscuta personalitate \u015ftiin\u0163ific\u0103 rom\u00e2neasc\u0103 subliniind \u015fi rolul nefast al \u201eelitelor negative\u201d, provenite din mul\u0163imea de indivizi care, sub acoperirea aderen\u0163ei zgomotoase la partidul comunist, la Ceau\u015fescu \u015fi specul\u00e2nd rela\u0163ia cu Securitatea au creat o fals\u0103 elit\u0103 intelectual\u0103 \u015fi o fals\u0103 baz\u0103 pentru o construc\u0163ie na\u0163ional\u0103 solid\u0103. Este adev\u0103rat c\u0103 rela\u0163ia normal\u0103 care se stabile\u015fte \u00eentre intelectualitate \u015fi serviciul de informa\u0163ii fusese deformat\u0103 din start \u00een cazul Securit\u0103\u0163ii rom\u00e2ne\u015fti, c\u0103 a avut o perioad\u0103 \u00een care a reu\u015fit s\u0103 foloseasc\u0103 din plin rena\u015fterea na\u0163ionalismului \u015fi c\u0103 s-a terminat \u00eentr-o form\u0103 de rela\u0163ie clientelar\u0103. \u00cen domeniul tehnic, a\u015fa cum mi-a m\u0103rturisit Petre Roman, speciali\u015ftii confrunta\u0163i cu ofi\u0163eri de securitate obtuzi, limita\u0163i, necalifica\u0163i, care le cereau s\u0103 apere secretul de stat, ajunseser\u0103 s\u0103 cunoasc\u0103 mai bine \u015fi s\u0103 aplice mai corect procedeele de protec\u0163ie dec\u00eet Securitatea \u00eens\u0103\u015fi, astfel c\u0103 interven\u0163iile oamenilor ei p\u0103reau \u00eentotdeauna parazitare, for\u0163ate, ridicole.<\/h4>\n<h4 style=\"text-align: justify;\">\u00cen decembrie 1989, mul\u0163i dintre ace\u015fti intelectuali colaboratori ai Securit\u0103\u0163ii, purt\u0103tori ai unor rela\u0163ii personale cu ofi\u0163erii de Securitate, c\u0103l\u0103tori\u0163i prin Occident cu viza Securit\u0103\u0163ii, bursieri \u015fi vizitatori frecven\u0163i ai rudelor, dup\u0103 ce s-au gudurat ani de zile prin birourile ofi\u0163erilor de Securitate, au adus cadouri, au cerut zgomotos s\u0103 se transmit\u0103 \u201emai sus\u201d mul\u0163umirile lor zgomotoase la adresa partidului \u015fi a conduc\u0103torului, au devenit brusc revolu\u0163ionari, anticomuni\u015fti \u015fi antiSecuritate. Nu au lipsit telefoanele discrete la fostele lor leg\u0103turi, pentru a se asigura c\u0103 nu sunt demasca\u0163i \u015fi pentru a da asigur\u0103ri c\u0103 \u201esecuristul lui\u201d nu va p\u0103\u0163i nimic. \u00cen cele mai multe cazuri, a intervenit o \u00een\u0163elegere tacit\u0103 \u00eentre ofi\u0163erul de Securitate \u015fi intelectualul \u201erevolu\u0163ionar\u201d, pe care \u00eel \u00eent\u00e2lnim ast\u0103zi pe posturi de televiziune ca mare lupt\u0103tor pentru democra\u0163ie, pentru UE \u015fi economie de pia\u0163\u0103, dar a c\u0103rui construc\u0163ie de persoan\u0103 public\u0103, lider de opinie, realizator de talk show-uri, om de afaceri, se sprijin\u0103 fundamental pe t\u0103cerea ofi\u0163erului de Securitate.<\/h4>\n<h4 style=\"text-align: justify;\"><em>Articol publicat de Dr. ist. Alex Mihai Stoenescu\nin revista Vitralii &#8211; Lumini si umbre &#8211; Anul I\/Nr. 4\/Septembrie 2010<\/em><\/h4>        <div class=\"booster-block booster-reactions-block\">\n            <div class=\"twp-reactions-icons\">\n                \n                <div class=\"twp-reacts-wrap\">\n                    <a react-data=\"be-react-1\" post-id=\"3641\" class=\"be-face-icons un-reacted\" href=\"javascript:void(0)\">\n                        <img decoding=\"async\" src=\"https:\/\/desteptati-va.ro\/wp-content\/plugins\/booster-extension\/\/assets\/icon\/happy.svg\" alt=\"Happy\">\n                    <\/a>\n                    <div class=\"twp-reaction-title\">\n                        Happy                    <\/div>\n                    <div class=\"twp-count-percent\">\n                                                    <span style=\"display: none;\" class=\"twp-react-count\">0<\/span>\n                        \n                                                <span class=\"twp-react-percent\"><span>0<\/span> %<\/span>\n                                            <\/div>\n                <\/div>\n\n                <div class=\"twp-reacts-wrap\">\n                    <a react-data=\"be-react-2\" post-id=\"3641\" class=\"be-face-icons un-reacted\" href=\"javascript:void(0)\">\n                        <img decoding=\"async\" src=\"https:\/\/desteptati-va.ro\/wp-content\/plugins\/booster-extension\/\/assets\/icon\/sad.svg\" alt=\"Sad\">\n                    <\/a>\n                    <div class=\"twp-reaction-title\">\n                        Sad                    <\/div>\n                    <div class=\"twp-count-percent\">\n                                                    <span style=\"display: none;\" class=\"twp-react-count\">0<\/span>\n                                                                        <span class=\"twp-react-percent\"><span>0<\/span> %<\/span>\n                                            <\/div>\n                <\/div>\n\n                <div class=\"twp-reacts-wrap\">\n                    <a react-data=\"be-react-3\" post-id=\"3641\" class=\"be-face-icons un-reacted\" href=\"javascript:void(0)\">\n                        <img decoding=\"async\" src=\"https:\/\/desteptati-va.ro\/wp-content\/plugins\/booster-extension\/\/assets\/icon\/excited.svg\" alt=\"Excited\">\n                    <\/a>\n                    <div class=\"twp-reaction-title\">\n                        Excited                    <\/div>\n                    <div class=\"twp-count-percent\">\n                                                    <span style=\"display: none;\" class=\"twp-react-count\">0<\/span>\n                                                                        <span class=\"twp-react-percent\"><span>0<\/span> %<\/span>\n                                            <\/div>\n                <\/div>\n\n                <div class=\"twp-reacts-wrap\">\n                    <a react-data=\"be-react-6\" post-id=\"3641\" class=\"be-face-icons un-reacted\" href=\"javascript:void(0)\">\n                        <img decoding=\"async\" src=\"https:\/\/desteptati-va.ro\/wp-content\/plugins\/booster-extension\/\/assets\/icon\/sleepy.svg\" alt=\"Sleepy\">\n                    <\/a>\n                    <div class=\"twp-reaction-title\">\n                        Sleepy                    <\/div>\n                    <div class=\"twp-count-percent\">\n                                                    <span style=\"display: none;\" class=\"twp-react-count\">0<\/span>\n                        \n                                                <span class=\"twp-react-percent\"><span>0<\/span> %<\/span>\n                                            <\/div>\n                <\/div>\n\n                <div class=\"twp-reacts-wrap\">\n                    <a react-data=\"be-react-4\" post-id=\"3641\" class=\"be-face-icons un-reacted\" href=\"javascript:void(0)\">\n                        <img decoding=\"async\" src=\"https:\/\/desteptati-va.ro\/wp-content\/plugins\/booster-extension\/\/assets\/icon\/angry.svg\" alt=\"Angry\">\n                    <\/a>\n                    <div class=\"twp-reaction-title\">Angry<\/div>\n                    <div class=\"twp-count-percent\">\n                                                    <span style=\"display: none;\" class=\"twp-react-count\">0<\/span>\n                                                                        <span class=\"twp-react-percent\"><span>0<\/span> %<\/span>\n                        \n                    <\/div>\n                <\/div>\n\n                <div class=\"twp-reacts-wrap\">\n                    <a react-data=\"be-react-5\" post-id=\"3641\" class=\"be-face-icons un-reacted\" href=\"javascript:void(0)\">\n                        <img decoding=\"async\" src=\"https:\/\/desteptati-va.ro\/wp-content\/plugins\/booster-extension\/\/assets\/icon\/surprise.svg\" alt=\"Surprise\">\n                    <\/a>\n                    <div class=\"twp-reaction-title\">Surprise<\/div>\n                    <div class=\"twp-count-percent\">\n                                                    <span style=\"display: none;\" class=\"twp-react-count\">0<\/span>\n                                                                        <span class=\"twp-react-percent\"><span>0<\/span> %<\/span>\n                                            <\/div>\n                <\/div>\n\n            <\/div>\n        <\/div>\n\n    <\/div>","protected":false},"excerpt":{"rendered":"<p>\u00cen anii \u201f70, generalul Iulian Vlad a con\u015ftientizat, ca urmare a unui studiu special, importan\u0163a \u015fi rolul elitelor \u00een societ\u0103\u0163ile<a href=\"https:\/\/desteptati-va.ro\/index.php\/2021\/04\/16\/securitatea-si-intelectualii\/\">Read More<i class=\"fa fa-long-arrow-right\" aria-hidden=\"true\"><\/i><\/a><\/p>\n","protected":false},"author":1,"featured_media":4498,"comment_status":"open","ping_status":"open","sticky":false,"template":"","format":"standard","meta":{"_crdt_document":"","footnotes":""},"categories":[45],"tags":[576,59,60,577,578,579,580,581,582,583,584,585,586,587,179,522,588,155,85],"class_list":["post-3641","post","type-post","status-publish","format-standard","has-post-thumbnail","hentry","category-mult-hulita","tag-colaboratori","tag-desteptati","tag-desteptati-va","tag-informatori","tag-intelectuali","tag-iulian","tag-iulian-vlad","tag-legatruri","tag-model","tag-nicolae","tag-nicolae-plesita","tag-ofiteri","tag-plesita","tag-relationare","tag-romania","tag-securitate","tag-servicii-de-informatii","tag-spionaj","tag-vlad"],"rise-blocks_total_comments":0,"rise-blocks_categories":[{"term_id":45,"name":"Securitatea","slug":"mult-hulita","term_group":0,"term_taxonomy_id":45,"taxonomy":"category","description":"","parent":37,"count":8,"filter":"raw"}],"rise-blocks_excerpt":"\u00cen anii \u201f70, generalul Iulian Vlad a con\u015ftientizat, ca urmare a unui studiu special, importan\u0163a \u015fi rolul elitelor \u00een societ\u0103\u0163ile democratice din Occident, c\u00e2t \u015fi \u00een Rom\u00e2nia. Astfel, a avut \u00een studiu sistemul de rela\u0163ionare al Serviciului de Informa\u0163ii Interne al Fran\u0163ei, ale c\u0103rui re\u0163ele de colaboratori \u015fi informatori coborau (\u015fi coboar\u0103) p\u00een\u0103 la nivel de director de liceu, \u00een..","yoast_head":"<!-- This site is optimized with the Yoast SEO plugin v26.9 - https:\/\/yoast.com\/product\/yoast-seo-wordpress\/ -->\r\n<title>Securitatea \u015fi intelectualii -<\/title>\r\n<meta name=\"robots\" content=\"index, follow, max-snippet:-1, max-image-preview:large, max-video-preview:-1\" \/>\r\n<link rel=\"canonical\" href=\"https:\/\/desteptati-va.ro\/index.php\/2021\/04\/16\/securitatea-si-intelectualii\/\" \/>\r\n<meta property=\"og:locale\" content=\"ro_RO\" \/>\r\n<meta property=\"og:type\" content=\"article\" \/>\r\n<meta property=\"og:title\" content=\"Securitatea \u015fi intelectualii -\" \/>\r\n<meta property=\"og:description\" content=\"\u00cen anii \u201f70, generalul Iulian Vlad a con\u015ftientizat, ca urmare a unui studiu special, importan\u0163a \u015fi rolul elitelor \u00een societ\u0103\u0163ileRead More\" \/>\r\n<meta property=\"og:url\" content=\"https:\/\/desteptati-va.ro\/index.php\/2021\/04\/16\/securitatea-si-intelectualii\/\" \/>\r\n<meta property=\"article:published_time\" content=\"2021-04-16T06:38:32+00:00\" \/>\r\n<meta property=\"article:modified_time\" content=\"2022-01-18T12:45:28+00:00\" \/>\r\n<meta property=\"og:image\" content=\"https:\/\/desteptati-va.ro\/wp-content\/uploads\/2021\/04\/1-securitatea-lui-ceausescu-si-intelectualii-botosaneni-mi-am-dat-seama-ce-colegi-am-pentru-un-blid-de-linte-te-omoara-foto.jpg\" \/>\r\n\t<meta property=\"og:image:width\" content=\"1200\" \/>\r\n\t<meta property=\"og:image:height\" content=\"1035\" \/>\r\n\t<meta property=\"og:image:type\" content=\"image\/jpeg\" \/>\r\n<meta name=\"author\" content=\"wolfsoftcompany\" \/>\r\n<meta name=\"twitter:card\" content=\"summary_large_image\" \/>\r\n<meta name=\"twitter:label1\" content=\"Scris de\" \/>\n\t<meta name=\"twitter:data1\" content=\"wolfsoftcompany\" \/>\n\t<meta name=\"twitter:label2\" content=\"Timp estimat pentru citire\" \/>\n\t<meta name=\"twitter:data2\" content=\"9 minute\" \/>\r\n<script type=\"application\/ld+json\" class=\"yoast-schema-graph\">{\"@context\":\"https:\/\/schema.org\",\"@graph\":[{\"@type\":\"Article\",\"@id\":\"https:\/\/desteptati-va.ro\/index.php\/2021\/04\/16\/securitatea-si-intelectualii\/#article\",\"isPartOf\":{\"@id\":\"https:\/\/desteptati-va.ro\/index.php\/2021\/04\/16\/securitatea-si-intelectualii\/\"},\"author\":{\"name\":\"wolfsoftcompany\",\"@id\":\"https:\/\/desteptati-va.ro\/#\/schema\/person\/13182deeebd44920914899f7bb262d6b\"},\"headline\":\"Securitatea \u015fi intelectualii\",\"datePublished\":\"2021-04-16T06:38:32+00:00\",\"dateModified\":\"2022-01-18T12:45:28+00:00\",\"mainEntityOfPage\":{\"@id\":\"https:\/\/desteptati-va.ro\/index.php\/2021\/04\/16\/securitatea-si-intelectualii\/\"},\"wordCount\":1758,\"commentCount\":0,\"image\":{\"@id\":\"https:\/\/desteptati-va.ro\/index.php\/2021\/04\/16\/securitatea-si-intelectualii\/#primaryimage\"},\"thumbnailUrl\":\"https:\/\/desteptati-va.ro\/wp-content\/uploads\/2021\/04\/1-securitatea-lui-ceausescu-si-intelectualii-botosaneni-mi-am-dat-seama-ce-colegi-am-pentru-un-blid-de-linte-te-omoara-foto.jpg\",\"keywords\":[\"colaboratori\",\"desteptati\",\"desteptati-va\",\"informatori\",\"intelectuali\",\"Iulian\",\"Iulian Vlad\",\"legatruri\",\"model\",\"Nicolae\",\"Nicolae Plesita\",\"ofiteri\",\"Plesita\",\"relationare\",\"Romania\",\"Securitate\",\"servicii de informatii\",\"spionaj\",\"Vlad\"],\"articleSection\":[\"Securitatea\"],\"inLanguage\":\"ro-RO\",\"potentialAction\":[{\"@type\":\"CommentAction\",\"name\":\"Comment\",\"target\":[\"https:\/\/desteptati-va.ro\/index.php\/2021\/04\/16\/securitatea-si-intelectualii\/#respond\"]}]},{\"@type\":\"WebPage\",\"@id\":\"https:\/\/desteptati-va.ro\/index.php\/2021\/04\/16\/securitatea-si-intelectualii\/\",\"url\":\"https:\/\/desteptati-va.ro\/index.php\/2021\/04\/16\/securitatea-si-intelectualii\/\",\"name\":\"Securitatea \u015fi intelectualii -\",\"isPartOf\":{\"@id\":\"https:\/\/desteptati-va.ro\/#website\"},\"primaryImageOfPage\":{\"@id\":\"https:\/\/desteptati-va.ro\/index.php\/2021\/04\/16\/securitatea-si-intelectualii\/#primaryimage\"},\"image\":{\"@id\":\"https:\/\/desteptati-va.ro\/index.php\/2021\/04\/16\/securitatea-si-intelectualii\/#primaryimage\"},\"thumbnailUrl\":\"https:\/\/desteptati-va.ro\/wp-content\/uploads\/2021\/04\/1-securitatea-lui-ceausescu-si-intelectualii-botosaneni-mi-am-dat-seama-ce-colegi-am-pentru-un-blid-de-linte-te-omoara-foto.jpg\",\"datePublished\":\"2021-04-16T06:38:32+00:00\",\"dateModified\":\"2022-01-18T12:45:28+00:00\",\"author\":{\"@id\":\"https:\/\/desteptati-va.ro\/#\/schema\/person\/13182deeebd44920914899f7bb262d6b\"},\"breadcrumb\":{\"@id\":\"https:\/\/desteptati-va.ro\/index.php\/2021\/04\/16\/securitatea-si-intelectualii\/#breadcrumb\"},\"inLanguage\":\"ro-RO\",\"potentialAction\":[{\"@type\":\"ReadAction\",\"target\":[\"https:\/\/desteptati-va.ro\/index.php\/2021\/04\/16\/securitatea-si-intelectualii\/\"]}]},{\"@type\":\"ImageObject\",\"inLanguage\":\"ro-RO\",\"@id\":\"https:\/\/desteptati-va.ro\/index.php\/2021\/04\/16\/securitatea-si-intelectualii\/#primaryimage\",\"url\":\"https:\/\/desteptati-va.ro\/wp-content\/uploads\/2021\/04\/1-securitatea-lui-ceausescu-si-intelectualii-botosaneni-mi-am-dat-seama-ce-colegi-am-pentru-un-blid-de-linte-te-omoara-foto.jpg\",\"contentUrl\":\"https:\/\/desteptati-va.ro\/wp-content\/uploads\/2021\/04\/1-securitatea-lui-ceausescu-si-intelectualii-botosaneni-mi-am-dat-seama-ce-colegi-am-pentru-un-blid-de-linte-te-omoara-foto.jpg\",\"width\":1200,\"height\":1035},{\"@type\":\"BreadcrumbList\",\"@id\":\"https:\/\/desteptati-va.ro\/index.php\/2021\/04\/16\/securitatea-si-intelectualii\/#breadcrumb\",\"itemListElement\":[{\"@type\":\"ListItem\",\"position\":1,\"name\":\"Prima pagin\u0103\",\"item\":\"https:\/\/desteptati-va.ro\/\"},{\"@type\":\"ListItem\",\"position\":2,\"name\":\"Securitatea \u015fi intelectualii\"}]},{\"@type\":\"WebSite\",\"@id\":\"https:\/\/desteptati-va.ro\/#website\",\"url\":\"https:\/\/desteptati-va.ro\/\",\"name\":\"\",\"description\":\"\",\"potentialAction\":[{\"@type\":\"SearchAction\",\"target\":{\"@type\":\"EntryPoint\",\"urlTemplate\":\"https:\/\/desteptati-va.ro\/?s={search_term_string}\"},\"query-input\":{\"@type\":\"PropertyValueSpecification\",\"valueRequired\":true,\"valueName\":\"search_term_string\"}}],\"inLanguage\":\"ro-RO\"},{\"@type\":\"Person\",\"@id\":\"https:\/\/desteptati-va.ro\/#\/schema\/person\/13182deeebd44920914899f7bb262d6b\",\"name\":\"wolfsoftcompany\",\"image\":{\"@type\":\"ImageObject\",\"inLanguage\":\"ro-RO\",\"@id\":\"https:\/\/desteptati-va.ro\/#\/schema\/person\/image\/\",\"url\":\"https:\/\/secure.gravatar.com\/avatar\/a6cce9b6d101d27d91690e7073e300fed94c0899890bf998e082cb9d2c3d121e?s=96&d=mm&r=g\",\"contentUrl\":\"https:\/\/secure.gravatar.com\/avatar\/a6cce9b6d101d27d91690e7073e300fed94c0899890bf998e082cb9d2c3d121e?s=96&d=mm&r=g\",\"caption\":\"wolfsoftcompany\"},\"sameAs\":[\"http:\/\/desteptati-va.ro\"],\"url\":\"https:\/\/desteptati-va.ro\/index.php\/author\/wolfsoftcompany\/\"}]}<\/script>\r\n<!-- \/ Yoast SEO plugin. -->","yoast_head_json":{"title":"Securitatea \u015fi intelectualii -","robots":{"index":"index","follow":"follow","max-snippet":"max-snippet:-1","max-image-preview":"max-image-preview:large","max-video-preview":"max-video-preview:-1"},"canonical":"https:\/\/desteptati-va.ro\/index.php\/2021\/04\/16\/securitatea-si-intelectualii\/","og_locale":"ro_RO","og_type":"article","og_title":"Securitatea \u015fi intelectualii -","og_description":"\u00cen anii \u201f70, generalul Iulian Vlad a con\u015ftientizat, ca urmare a unui studiu special, importan\u0163a \u015fi rolul elitelor \u00een societ\u0103\u0163ileRead More","og_url":"https:\/\/desteptati-va.ro\/index.php\/2021\/04\/16\/securitatea-si-intelectualii\/","article_published_time":"2021-04-16T06:38:32+00:00","article_modified_time":"2022-01-18T12:45:28+00:00","og_image":[{"width":1200,"height":1035,"url":"https:\/\/desteptati-va.ro\/wp-content\/uploads\/2021\/04\/1-securitatea-lui-ceausescu-si-intelectualii-botosaneni-mi-am-dat-seama-ce-colegi-am-pentru-un-blid-de-linte-te-omoara-foto.jpg","type":"image\/jpeg"}],"author":"wolfsoftcompany","twitter_card":"summary_large_image","twitter_misc":{"Scris de":"wolfsoftcompany","Timp estimat pentru citire":"9 minute"},"schema":{"@context":"https:\/\/schema.org","@graph":[{"@type":"Article","@id":"https:\/\/desteptati-va.ro\/index.php\/2021\/04\/16\/securitatea-si-intelectualii\/#article","isPartOf":{"@id":"https:\/\/desteptati-va.ro\/index.php\/2021\/04\/16\/securitatea-si-intelectualii\/"},"author":{"name":"wolfsoftcompany","@id":"https:\/\/desteptati-va.ro\/#\/schema\/person\/13182deeebd44920914899f7bb262d6b"},"headline":"Securitatea \u015fi intelectualii","datePublished":"2021-04-16T06:38:32+00:00","dateModified":"2022-01-18T12:45:28+00:00","mainEntityOfPage":{"@id":"https:\/\/desteptati-va.ro\/index.php\/2021\/04\/16\/securitatea-si-intelectualii\/"},"wordCount":1758,"commentCount":0,"image":{"@id":"https:\/\/desteptati-va.ro\/index.php\/2021\/04\/16\/securitatea-si-intelectualii\/#primaryimage"},"thumbnailUrl":"https:\/\/desteptati-va.ro\/wp-content\/uploads\/2021\/04\/1-securitatea-lui-ceausescu-si-intelectualii-botosaneni-mi-am-dat-seama-ce-colegi-am-pentru-un-blid-de-linte-te-omoara-foto.jpg","keywords":["colaboratori","desteptati","desteptati-va","informatori","intelectuali","Iulian","Iulian Vlad","legatruri","model","Nicolae","Nicolae Plesita","ofiteri","Plesita","relationare","Romania","Securitate","servicii de informatii","spionaj","Vlad"],"articleSection":["Securitatea"],"inLanguage":"ro-RO","potentialAction":[{"@type":"CommentAction","name":"Comment","target":["https:\/\/desteptati-va.ro\/index.php\/2021\/04\/16\/securitatea-si-intelectualii\/#respond"]}]},{"@type":"WebPage","@id":"https:\/\/desteptati-va.ro\/index.php\/2021\/04\/16\/securitatea-si-intelectualii\/","url":"https:\/\/desteptati-va.ro\/index.php\/2021\/04\/16\/securitatea-si-intelectualii\/","name":"Securitatea \u015fi intelectualii -","isPartOf":{"@id":"https:\/\/desteptati-va.ro\/#website"},"primaryImageOfPage":{"@id":"https:\/\/desteptati-va.ro\/index.php\/2021\/04\/16\/securitatea-si-intelectualii\/#primaryimage"},"image":{"@id":"https:\/\/desteptati-va.ro\/index.php\/2021\/04\/16\/securitatea-si-intelectualii\/#primaryimage"},"thumbnailUrl":"https:\/\/desteptati-va.ro\/wp-content\/uploads\/2021\/04\/1-securitatea-lui-ceausescu-si-intelectualii-botosaneni-mi-am-dat-seama-ce-colegi-am-pentru-un-blid-de-linte-te-omoara-foto.jpg","datePublished":"2021-04-16T06:38:32+00:00","dateModified":"2022-01-18T12:45:28+00:00","author":{"@id":"https:\/\/desteptati-va.ro\/#\/schema\/person\/13182deeebd44920914899f7bb262d6b"},"breadcrumb":{"@id":"https:\/\/desteptati-va.ro\/index.php\/2021\/04\/16\/securitatea-si-intelectualii\/#breadcrumb"},"inLanguage":"ro-RO","potentialAction":[{"@type":"ReadAction","target":["https:\/\/desteptati-va.ro\/index.php\/2021\/04\/16\/securitatea-si-intelectualii\/"]}]},{"@type":"ImageObject","inLanguage":"ro-RO","@id":"https:\/\/desteptati-va.ro\/index.php\/2021\/04\/16\/securitatea-si-intelectualii\/#primaryimage","url":"https:\/\/desteptati-va.ro\/wp-content\/uploads\/2021\/04\/1-securitatea-lui-ceausescu-si-intelectualii-botosaneni-mi-am-dat-seama-ce-colegi-am-pentru-un-blid-de-linte-te-omoara-foto.jpg","contentUrl":"https:\/\/desteptati-va.ro\/wp-content\/uploads\/2021\/04\/1-securitatea-lui-ceausescu-si-intelectualii-botosaneni-mi-am-dat-seama-ce-colegi-am-pentru-un-blid-de-linte-te-omoara-foto.jpg","width":1200,"height":1035},{"@type":"BreadcrumbList","@id":"https:\/\/desteptati-va.ro\/index.php\/2021\/04\/16\/securitatea-si-intelectualii\/#breadcrumb","itemListElement":[{"@type":"ListItem","position":1,"name":"Prima pagin\u0103","item":"https:\/\/desteptati-va.ro\/"},{"@type":"ListItem","position":2,"name":"Securitatea \u015fi intelectualii"}]},{"@type":"WebSite","@id":"https:\/\/desteptati-va.ro\/#website","url":"https:\/\/desteptati-va.ro\/","name":"","description":"","potentialAction":[{"@type":"SearchAction","target":{"@type":"EntryPoint","urlTemplate":"https:\/\/desteptati-va.ro\/?s={search_term_string}"},"query-input":{"@type":"PropertyValueSpecification","valueRequired":true,"valueName":"search_term_string"}}],"inLanguage":"ro-RO"},{"@type":"Person","@id":"https:\/\/desteptati-va.ro\/#\/schema\/person\/13182deeebd44920914899f7bb262d6b","name":"wolfsoftcompany","image":{"@type":"ImageObject","inLanguage":"ro-RO","@id":"https:\/\/desteptati-va.ro\/#\/schema\/person\/image\/","url":"https:\/\/secure.gravatar.com\/avatar\/a6cce9b6d101d27d91690e7073e300fed94c0899890bf998e082cb9d2c3d121e?s=96&d=mm&r=g","contentUrl":"https:\/\/secure.gravatar.com\/avatar\/a6cce9b6d101d27d91690e7073e300fed94c0899890bf998e082cb9d2c3d121e?s=96&d=mm&r=g","caption":"wolfsoftcompany"},"sameAs":["http:\/\/desteptati-va.ro"],"url":"https:\/\/desteptati-va.ro\/index.php\/author\/wolfsoftcompany\/"}]}},"_links":{"self":[{"href":"https:\/\/desteptati-va.ro\/index.php\/wp-json\/wp\/v2\/posts\/3641","targetHints":{"allow":["GET"]}}],"collection":[{"href":"https:\/\/desteptati-va.ro\/index.php\/wp-json\/wp\/v2\/posts"}],"about":[{"href":"https:\/\/desteptati-va.ro\/index.php\/wp-json\/wp\/v2\/types\/post"}],"author":[{"embeddable":true,"href":"https:\/\/desteptati-va.ro\/index.php\/wp-json\/wp\/v2\/users\/1"}],"replies":[{"embeddable":true,"href":"https:\/\/desteptati-va.ro\/index.php\/wp-json\/wp\/v2\/comments?post=3641"}],"version-history":[{"count":3,"href":"https:\/\/desteptati-va.ro\/index.php\/wp-json\/wp\/v2\/posts\/3641\/revisions"}],"predecessor-version":[{"id":4500,"href":"https:\/\/desteptati-va.ro\/index.php\/wp-json\/wp\/v2\/posts\/3641\/revisions\/4500"}],"wp:featuredmedia":[{"embeddable":true,"href":"https:\/\/desteptati-va.ro\/index.php\/wp-json\/wp\/v2\/media\/4498"}],"wp:attachment":[{"href":"https:\/\/desteptati-va.ro\/index.php\/wp-json\/wp\/v2\/media?parent=3641"}],"wp:term":[{"taxonomy":"category","embeddable":true,"href":"https:\/\/desteptati-va.ro\/index.php\/wp-json\/wp\/v2\/categories?post=3641"},{"taxonomy":"post_tag","embeddable":true,"href":"https:\/\/desteptati-va.ro\/index.php\/wp-json\/wp\/v2\/tags?post=3641"}],"curies":[{"name":"wp","href":"https:\/\/api.w.org\/{rel}","templated":true}]}}