{"id":3657,"date":"2021-04-16T06:54:33","date_gmt":"2021-04-16T06:54:33","guid":{"rendered":"http:\/\/desteptati.ro\/?p=3657"},"modified":"2022-01-18T23:31:45","modified_gmt":"2022-01-18T21:31:45","slug":"siguranta-nationala-si-cultul-tradarii-la-romani","status":"publish","type":"post","link":"https:\/\/desteptati-va.ro\/index.php\/2021\/04\/16\/siguranta-nationala-si-cultul-tradarii-la-romani\/","title":{"rendered":"Siguran\u021ba na\u021bional\u0103 \u0219i cultul tr\u0103d\u0103rii la rom\u00e2ni"},"content":{"rendered":"<div class=\"post-content\"><div class='booster-block booster-read-block'>\n                <div class=\"twp-read-time\">\n                \t<i class=\"booster-icon twp-clock\"><\/i> <span>Read Time:<\/span>12 Minute, 44 Second                <\/div>\n\n            <\/div><h4 style=\"text-align: justify;\"><\/h4>\n<h3 style=\"text-align: center;\"><strong>CONFERIN\u021a\u0102 LA UNIVERSITATEA DIN ORADEA &#8211; FACULTATEA DE ISTORIE\n( 26 mai 2010 )<\/strong><\/h3>\n<h4 style=\"text-align: right;\">de gl. brg. (r) Aurel I. Rogojan<\/h4>\n<h4 style=\"text-align: justify;\">Ca popor format \u00een unul din creuzetele fierbin\u021bi ale istoriei, avem calit\u0103\u021bi de excep\u021bie, dar \u0219i defecte \u00een compensa\u021bie. Ce nu avem \u00eens\u0103, este for\u021ba de a ne lua \u00een serios sl\u0103biciunile \u0219i de a le dep\u0103\u0219i prin valorificarea inteligent\u0103 a punctelor forte. \u00cen etnologia noastr\u0103 vom descoperi c\u0103 ne-am numit viciile, daruri. Rom\u00e2nii nu au vicii, ci daruri : al be\u021biei, al curviei, al lenei \u0219.a., iar fapte reprobabile, precum b\u0103taia, capat\u0103 sorginte divina \u2013 \u201ei-am tras o sf\u00e2nt\u0103 b\u0103taie\u201d.<\/h4>\n<h4 style=\"text-align: justify;\">\u0218i tr\u0103d\u0103rii i s-a spus, \u00een&nbsp; graiului&nbsp; nostru mai&nbsp; vechi, HICLENIE\u201d(<em>Hiclenie este un vechi temen rom\u00e2nesc pentru ceea ce azi numim tr\u0103dare sau chiar \u00eenalt\u0103 tr\u0103dare. Intrigile, comploturile, alian\u0163ele contra Domnului, ca \u015fi tr\u0103darea f\u0103\u0163i\u015f\u0103 la vreme de r\u0103zboi c\u0103deau toate sub inciden\u0163a hicleniei. Hiclenia se pedepsea \u00een general cu moartea, mai rar cu surghiunul, \u015fi \u00eentotdeauna cu exproprierea, \u00een ciuda faptului c\u0103 nici pravilele \u015fi nici obiceiul p\u0103m\u00e2ntului nu prevedeau c\u0103 pentru vina cuiva ar r\u0103spunde penal membrii familiei vinovatului. Acuza\u0163ia de hiclenie insemna ca o pecete pe to\u0163i membrii masculini ai familiei pentru mai multe genera\u0163ii<\/em>), un sinonim neaos pentru masca zeului \u201eIANUS\u201d, dar care \u00een polisemantismul limbii te mai poate duce cu g\u00e2ndul la darul sau arta disimul\u0103rii, la viclenia ca expresie a inteligen\u021bei native.<\/h4>\n<h4 style=\"text-align: justify;\">Grani\u021ba dintre tr\u0103dare \u0219i eroism este o chestiune de referin\u021be axiologice. Ceea ce \u00eenseamn\u0103 c\u0103 tr\u0103d\u0103torii unora pot fi eroii altora.<\/h4>\n<h4 style=\"text-align: justify;\">Tr\u0103darea, fiind o crim\u0103 de natur\u0103 politic\u0103, la scar\u0103 istoric\u0103 tr\u0103d\u0103torii de ieri sunt printre liderii de azi, iar tr\u0103d\u0103torii de azi,&nbsp; pot fi&nbsp; printre liderii de m\u00e2ine\u2026 Dar, aceast\u0103 rasturnare de valori nu schimb\u0103 natura faptei, iar f\u0103ptuitorul devine,&nbsp; pentru totdeauna, un om lipsit de libertate. C\u00e2nd cineva ia decizia s\u0103 tr\u0103deze, aceea este ultima sa decizie ca om liber. Din acel moment el s-a v\u00e2ndut, mai \u00eentai pe sine,&nbsp; accept\u00e2nd s\u0103 devin\u0103 un simplu instrument \u00een m\u00e2n\u0103 unei tabere adverse patriei \u0219i poporului&nbsp; pe care le-a renegat.<\/h4>\n<h4 style=\"text-align: justify;\">Tr\u0103darea, a fost considerat\u0103,&nbsp; chiar de la apari\u021bia, \u00een epoca antic\u0103, a polis-urilor grece\u0219ti, cea mai grav\u0103 dintre crimele \u00eempotriva cet\u0103\u021bii, f\u0103pta\u0219ii fiiind pedepsi\u021bi cu moartea \u0219i confiscarea averii , iar descenden\u021bii \u0219i rudele tr\u0103d\u0103torilor erau&nbsp; definitiv&nbsp; excluse din&nbsp; via\u021ba comunit\u0103\u021bii.<\/h4>\n<h4 style=\"text-align: justify;\">Odat\u0103 cu apari\u021bia tiraniilor, a despotismului medieval sau, a monarhiilor \u0219i a dictaturilor din epoca modern\u0103,&nbsp; tr\u0103darea&nbsp; cet\u0103\u021bii\/patriei a fost asimilat\u0103 lipsei de loialitate fa\u021b\u0103 de capul statului.&nbsp; Odat\u0103 cu punerea semnului&nbsp; de identitate, \u00eentre conduc\u0103tor \u0219i patrie, \u00eencepe \u0219i istoria poli\u021biei politice de stat, care nu va disp\u0103rea dec\u00e2t odat\u0103 cu statalitatea. (Far\u0103 excep\u021bii notabile, to\u021bi care&nbsp; s-au pretins&nbsp; \u00een mod demagogic c\u0103 sunt conduc\u0103tori democra\u021bi, iar lumea nostr\u0103 e plin\u0103 de ei,&nbsp; ace\u0219tia sunt deja corup\u021bi de putere,&nbsp; se comport\u0103 ca ni\u0219te tutori ai na\u021biunii, vor ca poporul s\u0103 defileze, iar ca s\u0103 nu aib\u0103 dureri de cap cu economia, o pun sub protectorat interna\u021bional).<\/h4>\n<h4 style=\"text-align: justify;\">Ca institu\u021bie juridic\u0103 a dreptului penal, tr\u0103darea deschide seria infrac\u021biunilor din primul capitol al p\u0103r\u021bii speciale din toate codurile penale, fiind definit\u0103, \u00een esen\u021b\u0103, ca&nbsp; fapta&nbsp; de a intra in legatur\u0103 cu o putere str\u0103in\u0103, \u00een scopul de a suprima ori \u0219tirbi oricare dintre atributele prin care este definit statul \u00een primul articol al Constiutiei, prin ac\u021biuni de:<\/h4>\n<ul>\n \t<li style=\"text-align: justify;\">\n<h4>provocare de razboi contra \u021b\u0103rii sau de \u00eenlesnire a ocupa\u021biei militare str\u0103ine;<\/h4>\n<\/li>\n \t<li style=\"text-align: justify;\">\n<h4>subminare economic\u0103 sau politic\u0103 a statului;<\/h4>\n<\/li>\n \t<li style=\"text-align: justify;\">\n<h4>aservire fa\u021b\u0103 de o putere strain\u0103;<\/h4>\n<\/li>\n \t<li style=\"text-align: justify;\">\n<h4>ajutare a unei puteri str\u0103ine pentru desf\u0103\u0219urarea unei activit\u0103\u021bi du\u0219manoase \u00eempotriva siguran\u021bei statului.<\/h4>\n<\/li>\n<\/ul>\n<h4 style=\"text-align: justify;\">\u00cenfrac\u021biuni specifice ale tr\u0103darii : tr\u0103darea prin ajutarea inamicului, tr\u0103darea prin transmitere de secrete.<\/h4>\n<h4 style=\"text-align: justify;\">F\u0103ptuitori ai tr\u0103d\u0103rii nu pot fi dec\u00e2t cet\u0103\u021beni rom\u00e2ni sau persoane f\u0103r\u0103 cet\u0103\u021benie domiciliate pe teritoriul Rom\u00e2niei. Dac\u0103 faptele sunt s\u0103v\u00e2r\u0219ite de cet\u0103\u021beni str\u0103ini, ele sunt incriminate ca \u201eac\u021biuni du\u0219m\u0103noase contra statului\u201d sau \u201espionaj\u201d, dup\u0103 caz.<\/h4>\n<h4 style=\"text-align: justify;\">\u00cen toate variantele infrac\u021biunii, pedeapsa este deten\u021biunea pe via\u021b\u0103 sau \u00eenchisoarea de la 15 la 25 de ani \u0219i interzicerea unor drepturi.<\/h4>\n<h4 style=\"text-align: justify;\">\u00cen materia activit\u0103\u021bii serviciilor secrete, institu\u021bia juridic\u0103&nbsp; a tr\u0103d\u0103rii are drept consecin\u021b\u0103 determinarea scopului, func\u021biilor \u0219i clasific\u0103rii acestora \u00een servicii de informa\u021bii sau de spionaj \u0219i servicii de contrainforma\u021bii sau de contraspionaj.&nbsp; Desigur, pot exista \u0219i&nbsp; nuan\u021be.<\/h4>\n<h4 style=\"text-align: justify;\">Serviciile de contraspionaj blocheaz\u0103 accesul la informa\u021biile clasificate ca secrete de stat \u0219i depisteaz\u0103 spionii, care, cel mai adesea, dac\u0103 nu s-a ajuns la \u00eenc\u0103lcarea legii, sunt lasa\u021bi s\u0103 cread\u0103 c\u0103-\u0219i \u00eendeplinesc misiunile.<\/h4>\n<h4 style=\"text-align: justify;\">Tehnologia spionajului pentru determinarea tr\u0103d\u0103rii este \u00eentotdeauna disimulat\u0103 \u0219i subtil exercitat\u0103, astfel \u00eenc\u00e2t, pentru oameni de o construc\u021bie caracterial\u0103 f\u0103r\u0103 principii, convingeri \u0219i sentimente solide, provocarea tr\u0103d\u0103rii poate fi la fel de tentant\u0103 precum ispita irezistibil\u0103 a p\u0103catului originar.<\/h4>\n<h4 style=\"text-align: justify;\">Desigur c\u0103 nu a\u0219a se pune problema \u00een cazul profesioni\u0219tilor din lumea serviciilor secrete. Ace\u0219tia \u0219tiu foarte bine la ce se angajeaz\u0103 \u0219i care sunt consecin\u021bele.<\/h4>\n<h4 style=\"text-align: justify;\">C\u00e2nd eram pe b\u0103ncile Colegiului \u201cSamuil Vulcan\u201d din Beiu\u0219, am \u00eenv\u0103\u021bat c\u0103 str\u0103mo\u0219ii no\u0219tri \u0219i-au ap\u0103rat glia cu eroism, n-au r\u00e2vnit niciodat\u0103 la ce nu le apar\u021binea, iar de la Burebista la Ceau\u0219escu era&nbsp; doar o evolu\u021bie, rom\u00e2nii mo\u0219tenind de la daci \u0219i de la romani, cele mai alese virtu\u021bi. Apoi, peste numai c\u00e2\u021biva ani, intrat \u00een lumea informa\u021biilor secrete, aveam s\u0103 constat c\u0103 una este mitologia istoric\u0103 \u0219i rolul ei\u00eein edificarea unei con\u0219tiin\u021be na\u021bionale \u0219i cu totul alta este realitatea unei na\u021biuni rom\u00e2ne permanent \u00een\u0219elate \u0219i&nbsp; tr\u0103date, r\u0103mase \u00eenafara locului, pe deplin meritat, \u00een concernul popoarelor europene.<\/h4>\n<h4 style=\"text-align: justify;\">Serviciile de informa\u021bii sau de spionaj culeg informa\u021bii prin mijloace interzise de lege, \u00een care scop caut\u0103 \u0219i persoane care pot fi determinate s\u0103 tr\u0103deze.&nbsp; Deci statele, au structuri specializare care, prin mijloace clandestine, exploateaz\u0103&nbsp; vulnerabilit\u0103\u021bile la tradare \u0219i creaz\u0103 tr\u0103d\u0103tori. Aceasta este ra\u021biunea de a fi a serviciilor de spionaj.<\/h4>\n<h4 style=\"text-align: justify;\">Nim\u0103nui nu i-a trecut prin cap, fire\u0219te, c\u0103 ceea ce scriu istoricii, sau m\u0103car unii dintre ei, n-ar fi adev\u0103rat. \u00censa \u0219ocul este cople\u0219itor c\u00e2nd afli c\u0103, pe l\u00e2ng\u0103 cele inv\u0103\u021bate de la dasc\u0103lii pe care i-ai respectat ori venerat, istoria noastr\u0103 este, \u00een fond,&nbsp; \u0219i un lung \u0219ir de tr\u0103d\u0103ri, de ajutare a inamicului&nbsp; pe c\u00e2mpul de lupt\u0103, de alte fapte, care de care mai odioase \u0219i mai neru\u0219inate, mai lipsite de onoare \u0219i de dragoste de \u021bar\u0103,&nbsp; de tratate \u0219i \u00een\u021belegeri \u00eenc\u0103lcate,&nbsp; nu numai de c\u0103tre rom\u00e2ni,&nbsp; de murdare compromisuri,&nbsp; dictate doar de dorin\u021ba de a ob\u021bine ori uzurpa puterea \u0219i de a o men\u021bine cu orice pre\u021b.<\/h4>\n<h4 style=\"text-align: justify;\">Eroi dintre cei mai merituo\u0219i,&nbsp; domnitori cu dragoste de \u021bar\u0103, personaje ilustre implicate \u00een prop\u0103\u0219irea neamului, merit\u0103&nbsp; respectul \u0219i recuno\u0219tin\u021ba noastr\u0103, \u00eens\u0103 imaginea lor nu se poate s\u0103 nu fi fost&nbsp; amestecat\u0103 \u0219i&nbsp; \u00eentr-o fapt\u0103 necugetat\u0103, degradant\u0103, de la regicid la \u00eenl\u0103turarea mi\u0219eleasc\u0103 a adversarului, chiar dac\u0103 acesta era so\u021b\/so\u021bie, fiu\/fiic\u0103, tat\u0103\/mam\u0103, rud\u0103 ori nu, f\u0103r\u0103 excep\u021bie, mai ales dac\u0103 le amenin\u021ba&nbsp; puterea. Despre o judecat\u0103 dreapt\u0103, f\u0103cut\u0103 de justi\u021bie, a&nbsp; celor ce amenin\u021bau puterea, nici nu poate fi vorba, p\u00e2n\u0103 dup\u0103 Cuza.<\/h4>\n<h4 style=\"text-align: justify;\">Exist\u0103&nbsp; tenta\u021bia s\u0103 se exagereze c\u0103 nicaieri \u00een lume, \u00een afar\u0103 de Asia poate, popoarele nu \u0219i-au ucis ori alungat cu mai multa poft\u0103 conduc\u0103torii,&nbsp; de la Burebista&nbsp; p\u00e2na&nbsp; la Ceau\u0219escu.&nbsp; De asemenea, c\u0103 nic\u0103ieri \u00een lume, din nou cu excep\u021bia unor neamuri asiatice, m\u00e2r\u0219\u0103via nu pare s\u0103 fi ajuns \u00een sfere at\u00e2t de \u00eenalte ca \u00een spa\u021biul etnogenezei noastre.<\/h4>\n<h4 style=\"text-align: justify;\">Adev\u0103rat este c\u0103&nbsp; nici Istoria rom\u00e2nilor nu face o excep\u021bie \u00een cadrul istoriei popoarelor de pe \u00eentreg p\u0103m\u00e2ntul. Orice istorie, a oric\u0103rui popor o vom studia, vom afla despre tot felul de nelegiuiri, tr\u0103d\u0103ri, sau dec\u0103dere a moravurilor:&nbsp; Babilonul a fost v\u0103zut ca t\u00e2rfa t\u00e2rfelor. Imperiul persan a c\u0103zut \u00een m\u00e2na a 30.000 de machedoni datorit\u0103 tr\u0103d\u0103rilor \u0219i venalit\u0103\u021bii \u0219atrapilor. Egiptul a cunoscut lungi perioade de dec\u0103dere moral\u0103, politic\u0103, social\u0103 \u0219i economic\u0103. Ce s\u0103 mai vorbim de Cartagena unde se exterminau copiii pe band\u0103 rulant\u0103. Biblia este \u0219i ea plin\u0103 de crime \u0219i f\u0103r\u0103delegi. Roma s-a fondat cu t\u00e2lhari \u0219i uciga\u0219i \u0219i a pierit lamentabil sub loviturile hoardelor barbare. Istoria Europei medievale, moderne \u0219i contemporane este sufocat\u0103 de crime \u0219i de tr\u0103d\u0103ri. Statele Unite stau pe un munte de cadavre \u0219i pe dou\u0103 oceane&nbsp; de imoralitate. La fel \u0219i China, Japonia \u0219i multe alte neamuri \u0219i-au scris istoria cu s\u00e2nge.<\/h4>\n<h4 style=\"text-align: justify;\">Istoria rom\u00e2nilor nu putea face nici ea excep\u021bie, \u0219i ne este darnic\u0103 cu exemple:<\/h4>\n<ul>\n \t<li style=\"text-align: justify;\">\n<h4>hiclenirea \u0219i h\u0103inirea sfetnicilor, deseori chiar a domnilor;<\/h4>\n<\/li>\n \t<li style=\"text-align: justify;\">\n<h4>so\u021bii de voievozi, \u0219i nu numai, disp\u0103rute pentru a face loc altora, drept este c\u0103 nici ele nu s-au l\u0103sat \u201cmai prejos\u201d, (vezi so\u021biile Movile\u0219tilor);<\/h4>\n<\/li>\n \t<li style=\"text-align: justify;\">\n<h4>surori \u0219i fra\u021bi care se omoar\u0103 pentru tron\/mo\u0219tenire\/avere sau \u00ee\u0219i trimit copiii cu bun\u0103 \u0219tiin\u021b\u0103 la moarte, \u0219i nu este vorba de Br\u00e2ncoveanu aici;<\/h4>\n<\/li>\n \t<li style=\"text-align: justify;\">\n<h4>uria\u0219e sume de bani publici dosite \u0219i r\u0103mase \u00een buzunare proprii;<\/h4>\n<\/li>\n \t<li style=\"text-align: justify;\">\n<h4>\u00een lipsa curajului, p\u00e2r\u00e2ciuni la toate \u201cpor\u021bile\u201d.<\/h4>\n<\/li>\n<\/ul>\n<h4>Fel de fel de \u201cf\u0103c\u0103turi\u201d pe care istoria nu le mai poate desc\u00e2lci \u00een vecii vecilor:<\/h4>\n<ul>\n \t<li style=\"text-align: justify;\">\n<h4>asasinarea lui Mihai \u0219i Tudor, se pare, caz unic, cu acordul generalilor proprii;<\/h4>\n<\/li>\n \t<li style=\"text-align: justify;\">\n<h4>pierderea unor teritorii mo\u0219tenite de la str\u0103mo\u0219i f\u0103r\u0103 a se trage m\u0103car un foc de arm\u0103, teritorii locuite de fra\u021bii no\u0219tri;<\/h4>\n<\/li>\n \t<li style=\"text-align: justify;\">\n<h4>armisti\u021biul cu sovieticii, urmat de ocuparea militar\u0103 abuziv\u0103, f\u0103r\u0103 r\u0103zboi, a arealului na\u021bional;<\/h4>\n<\/li>\n \t<li style=\"text-align: justify;\">\n<h4>evenimentele din decembrie 1989.<\/h4>\n<\/li>\n<\/ul>\n<h4>Dar parc\u0103 nimic nu doare mai mult dec\u00e2t:<\/h4>\n<ul>\n \t<li style=\"text-align: justify;\">\n<h4>tr\u0103darea lui Decebal de c\u0103tre apropia\u021bi;<\/h4>\n<\/li>\n \t<li style=\"text-align: justify;\">\n<h4>r\u0103zboirea lui \u0218tefan cu \u021aepe\u0219 \u0219i cu Iancu de Hunedoara, binef\u0103c\u0103torii s\u0103i;<\/h4>\n<\/li>\n \t<li style=\"text-align: justify;\">\n<h4>atacarea lui Matei Basarab de c\u0103tre Vasile Lupu;<\/h4>\n<\/li>\n \t<li style=\"text-align: justify;\">\n<h4>ru\u0219inarea Doamnei Movil\u0103 de c\u0103tre turci f\u0103r\u0103 ca m\u0103car un palo\u0219 moldovean s\u0103 ias\u0103 din teac\u0103;<\/h4>\n<\/li>\n \t<li style=\"text-align: justify;\">\n<h4>dubla tr\u0103dare a lui Cantemir (Dimitrievici l-a v\u00e2ndut pe Br\u00e2ncoveanu turcilor; are chipul pe bacnota de 1oo de ruble transnistrene);<\/h4>\n<\/li>\n \t<li style=\"text-align: justify;\">\n<h4>permanenta g\u00e2lceav\u0103 a celor din fruntea treburilor \u021b\u0103rii.<\/h4>\n<\/li>\n<\/ul>\n<h4>C\u00e2nd privim \u00een oglinda istoriei, nu putem, asemenea c\u0103rturarilor poporani\u0219ti, nu putem s\u0103 nu ne \u00eentorcem cu fa\u021ba spre \u021b\u0103ranul nostru de pretutindeni \u0219i dintotdeauna, indiferent de na\u021bie \u0219i religie, pentru a-i aduce, cu evlavie, un prinos de recuno\u0219tin\u021b\u0103 fiindc\u0103, ne\u0219tiut de nimeni, a zidit cu plugul \u0219i cu turma, singurele arme cu care se cuceresc \u0219i stap\u00e2nesc teritorii, un neam \u0219i o \u021bar\u0103 \u00een pam\u00e2ntul c\u0103reia s\u0103 ne g\u0103sim ve\u0219nica odihn\u0103.<\/h4>\n<h4 style=\"text-align: justify;\"><\/h4>\n<h4>Problemele noastre actuale \u0219i grave sunt c\u0103, ast\u0103zi, nu mai avem \u021b\u0103rani, c\u0103 \u0219coala a devenit un poligon de exersare a tirului r\u0103zboiului informa\u021bional asupra tradi\u021biilor \u0219i elementelor fundamentale ale identit\u0103\u021bii na\u021bionale, c\u0103 am devenit o societate care consum\u0103 f\u0103r\u0103 s\u0103 produc\u0103, ceea ce antreneaz\u0103 o circula\u021bie monetar\u0103 anormal\u0103, de natur\u0103 a \u0219tirbi ori suprima suveranitatea deciziilor politice \u0219i a pune \u021bara sub protectorat interna\u021bional. \u00centre asemenea consecin\u021be \u0219i ceea ce legea define\u0219te a fi leg\u0103tura de la cauz\u0103 la efect \u00een cazul tr\u0103d\u0103rii, excep\u021bia, dac\u0103 ar exista, nu ar face dec\u00e2t s\u0103 \u00eent\u0103reasc\u0103 regula.<\/h4>\n<h4>Oricine s-ar \u00eentreba de ce manualele, cursurile \u015fi chiar lucr\u0103rile academice ocolesc cele mai multe dintre asemenea evenimente, omi\u0163\u00e2nd prezentarea complet\u0103, corect\u0103, clar\u0103, categoric\u0103 a gre\u015felilor, a gafelor, a p\u0103catelor noastre?<\/h4>\n<h4>Nici un observator atent nu poate s\u0103 nu ajung\u0103 la concluzia c\u0103 istoria noastr\u0103 a constituit principalul cap de pod \u00een \u00eengenuncherea rom\u00e2nilor, un popor nesupus, mereu c\u00e2rtitor, c\u0103l\u0103uzindu-se mai mult dup\u0103 propriul interes dec\u00e2t dup\u0103 lege \u015fi ordine, tradi\u0163ionalist \u015fi conservator, greu de educat \u015fi de instruit, dar cu at\u00e2t mai u\u015for de manipulat din cauza r\u0103m\u0103\u015fi\u0163elor mentale gentilice. Cu toate c\u0103 a avut vecini mai mult ori mai pu\u0163in ostili, r\u0103ul ni l-am f\u0103cut \u015fi ni-l facem, mai \u00eentotdeauna, singuri, caci: \u201c Toporul fara coada, nu doboara padurea!\u201d<\/h4>\n<h4>Din c\u00e2t se cunoa\u015fte, a omite e sinonim cu a min\u0163i \u015fi nimeni nu poate folosi, f\u0103r\u0103 grave consecin\u0163e \u00een timp, minciuna \u00een educa\u0163ie. Oricine percepe aici un semn al neputin\u0163ei de a recunoa\u015fte b\u0103rb\u0103te\u015fte ni\u015fte p\u0103cate, de care, mai devreme sau mai t\u00e2rziu, fiecare cet\u0103\u0163ean se va lovi, c\u0103ci lipsa unei judec\u0103\u0163i drepte \u015fi cinstite cu noi \u00een\u015fine ne-a afectat \u015fi ne afecteaz\u0103 asemenea unui blestem.<\/h4>\n<h4 style=\"text-align: justify;\"><\/h4>\n<h4>De vulnerabilitatile de caracter au profitat cu v\u00e2rf \u015fi \u00eendesat imperiile din jur, mai cu seam\u0103 noua putere n\u0103scut\u0103 la R\u0103s\u0103rit dup\u0103 1917, de ast\u0103 dat\u0103 \u00een mod grosier, de-a dreptul frustrant, prin adev\u0103ra\u0163i \u201ccai troieni\u201d n\u0103imi\u0163i de bol\u015fevici (unii spun cu argintii din Tezaur!). Sunt mul\u0163i si unii \u00eenc\u0103 activi, prin numeroasele lor progenituri, ajunse sftetnici de taina, cu chip de lilieci, prin cotloanele puterii de la Bucuresti. Nu merita sa le fie numele luat in seama!<\/h4>\n<h4>Momentul 1918 reprezinta prima mare ( dar nu completa! ) victorie a romanilor impotriva tradarii intereselor nationale. Cel mai puternic \u015fi s\u0103n\u0103tos curent al vremii de p\u00e2n\u0103 la 1918, conform c\u0103ruia puterea poate fi generat\u0103 doar de unire, temeiul \u00eenf\u0103ptuirii singurei patrii pe care au avut-o vreodat\u0103 Rom\u00e2nii (1918 \u2013 1940) a biruit impotriva tuturor celor a caror principala grij\u0103, singura team\u0103 \u201dde la origini p\u00e2n\u0103 \u00een prezent\u201d ale imperiului de la est, ale celui otoman, ale celui habsburgic \u015fi ale altora au fost ca nu cumva rom\u00e2nii s\u0103 aib\u0103 o patrie unic\u0103, adev\u0103rat\u0103 \u015fi puternic\u0103 unde s\u0103 tr\u0103iasc\u0103 pentru vecie \u201c\u00eentr-un cuget \u015fi o sim\u0163ire\u201d.<\/h4>\n<h4 style=\"text-align: justify;\"><\/h4>\n<h4 class=\"MsoNormal\" style=\"text-align: justify;\">Dup\u0103 mul\u0163i, chiar dintre compatrio\u0163i, nici nu am fi meritat-o, nefiind \u00eenc\u0103 maturizat\u0103 con\u015ftiin\u0163a unit\u0103\u0163ii de neam \u015fi de \u0163ar\u0103.<\/h4>\n<h4>Am intrat intr-un nou mileniu. Si acesta ne g\u0103se\u015fte din nou dezbina\u0163i, dezarticula\u0163i, pe acela\u015fi drum al transform\u0103rilor \u015fi al \u201ctranzi\u0163iei\u201d, f\u0103r\u0103 un proiect strategic national de toti asumat.<\/h4>\n<h4>Toate acestea, pentru c\u0103 rom\u00e2nii, ca \u015fi str\u0103mo\u015fii lor de altfel, sunt percepu\u0163i de al\u0163ii ca o amenin\u0163are.<\/h4>\n<h4>Rom\u00e2nii nu pot fi supu\u0219i, dec\u00e2t dezbina\u021bi, iar arma eficient\u0103 a dezbin\u0103rii este tr\u0103darea!<\/h4>\n<h4>Cultivarea cultului tr\u0103d\u0103rii este dovedit\u0103, cel pu\u021bin \u00een realitatea ultimilor 20 de ani, prin prezentarea \u0219i impunerea \u00een percep\u021bia opiniei publice, ca exemple civice de urmat (\u201ctrend-setter\u201d-i), tocmai de c\u0103tre \u201cprietenii Rom\u00e2niei\u201d, doar a celor care au excelat \u00een tr\u0103darea valorilor rom\u00e2nismului, \u00een tr\u0103darea patriotismului de bun\u0103 factur\u0103, adep\u021bi ai colabora\u021bionismului cu adversarii fiin\u021bei noastre na\u021bionale.<\/h4>\n<h4>\u00cen schimb, oameni de bun sim\u021b, adevara\u021bi iubitori de glie \u0219i neam au fost \u0219i sunt proiecta\u021bi pe veci la st\u00e2lpul infamiei.<\/h4>\n<h4 class=\"MsoNormal\" style=\"text-align: justify;\">Recent ne-a venit o nou\u0103 dovad\u0103 a faptului c\u0103 suntem o na\u021bie cu tr\u0103d\u0103tori cu \u0219taif. Generalul St\u0103nculescu \u0219i-a deschis gura, \u00eencet\u00e2nd s\u0103 mai r\u0103m\u00e2n\u0103 filozof, \u0219i a confirmat actul tr\u0103d\u0103rii lui Ceau\u0219escu, adic\u0103 a aceluia care l-a creditat pentru calitatea de ap\u0103r\u0103tor \u201cmilitar\u201d al Rom\u00e2niei.<\/h4>\n<h4>El , \u00een loc s\u0103 ne apere \u021bara, c\u0103ci aceasta era misiunea sa, a intrat \u00een leg\u0103tur\u0103 cu reprezentan\u021bii unor puteri str\u0103ine, a conlucrat cu agen\u021bi ai serviciile de informa\u021bii str\u0103ine, \u00een a\u0219a zisa defavoare a lui Ceau\u0219escu, dar se vede treaba dup\u0103 20 de ani, c\u0103 to\u021bi tr\u0103d\u0103torii au ac\u021bionat de fapt \u00eempotriva Rom\u00e2niei , care a fost vandut\u0103 apoi la kilogram pe un leu.<\/h4>\n<h4>S\u0103 avem m\u0103car satisfac\u021bia cp azi, cel pu\u021bin teritorial, Rom\u00e2nia exist\u0103 \u00eentre frontierele dinainte de `89 \u0219i asta pentru c\u0103, iat\u0103 nu o zice tr\u0103d\u0103torul de Pacepa, ci, St\u0103nculescu, la pachet cu \u201celiberarea din tirania lui Ceau\u0219escu\u201d era vizat\u0103 \u0219i \u201deliberarea de sub tirania rom\u00e2nilor\u201d a anumitor teritorii, ce urma apoi \u00eentr-o prim\u0103 faz\u0103 s\u0103 fie interna\u021bionalizate (pe model Kosovo) \u0219i apoi \u201cre\u00eenglobate \u00een diverse spa\u021bii cu tradi\u021bie istoric\u0103\u2026\u201d<\/h4>\n<h4 style=\"text-align: justify;\"><em><span style=\"font-size: 11.0pt; line-height: 115%; font-family: &amp;amp; amp; mso-ascii-theme-font: minor-latin; mso-fareast-font-family: Calibri; mso-fareast-theme-font: minor-latin; mso-hansi-theme-font: minor-latin; mso-bidi-font-family: &amp;amp; amp; mso-bidi-theme-font: minor-bidi; mso-ansi-language: EN-US; mso-fareast-language: EN-US; mso-bidi-language: AR-SA;\">Articol preluat de la &nbsp;<a href=\"http:\/\/cugiralba.wordpress.com\/2011\/02\/07\/securitatea-nationala-si-cultul-tradarii-la-romani-afacerea-pacepa\/\" target=\"_blank\" rel=\"noopener\">http:\/\/cugiralba.wordpress.com<\/a><\/span><\/em><\/h4>        <div class=\"booster-block booster-reactions-block\">\n            <div class=\"twp-reactions-icons\">\n                \n                <div class=\"twp-reacts-wrap\">\n                    <a react-data=\"be-react-1\" post-id=\"3657\" class=\"be-face-icons un-reacted\" href=\"javascript:void(0)\">\n                        <img decoding=\"async\" src=\"https:\/\/desteptati-va.ro\/wp-content\/plugins\/booster-extension\/\/assets\/icon\/happy.svg\" alt=\"Happy\">\n                    <\/a>\n                    <div class=\"twp-reaction-title\">\n                        Happy                    <\/div>\n                    <div class=\"twp-count-percent\">\n                                                    <span style=\"display: none;\" class=\"twp-react-count\">0<\/span>\n                        \n                                                <span class=\"twp-react-percent\"><span>0<\/span> %<\/span>\n                                            <\/div>\n                <\/div>\n\n                <div class=\"twp-reacts-wrap\">\n                    <a react-data=\"be-react-2\" post-id=\"3657\" class=\"be-face-icons un-reacted\" href=\"javascript:void(0)\">\n                        <img decoding=\"async\" src=\"https:\/\/desteptati-va.ro\/wp-content\/plugins\/booster-extension\/\/assets\/icon\/sad.svg\" alt=\"Sad\">\n                    <\/a>\n                    <div class=\"twp-reaction-title\">\n                        Sad                    <\/div>\n                    <div class=\"twp-count-percent\">\n                                                    <span style=\"display: none;\" class=\"twp-react-count\">0<\/span>\n                                                                        <span class=\"twp-react-percent\"><span>0<\/span> %<\/span>\n                                            <\/div>\n                <\/div>\n\n                <div class=\"twp-reacts-wrap\">\n                    <a react-data=\"be-react-3\" post-id=\"3657\" class=\"be-face-icons un-reacted\" href=\"javascript:void(0)\">\n                        <img decoding=\"async\" src=\"https:\/\/desteptati-va.ro\/wp-content\/plugins\/booster-extension\/\/assets\/icon\/excited.svg\" alt=\"Excited\">\n                    <\/a>\n                    <div class=\"twp-reaction-title\">\n                        Excited                    <\/div>\n                    <div class=\"twp-count-percent\">\n                                                    <span style=\"display: none;\" class=\"twp-react-count\">0<\/span>\n                                                                        <span class=\"twp-react-percent\"><span>0<\/span> %<\/span>\n                                            <\/div>\n                <\/div>\n\n                <div class=\"twp-reacts-wrap\">\n                    <a react-data=\"be-react-6\" post-id=\"3657\" class=\"be-face-icons un-reacted\" href=\"javascript:void(0)\">\n                        <img decoding=\"async\" src=\"https:\/\/desteptati-va.ro\/wp-content\/plugins\/booster-extension\/\/assets\/icon\/sleepy.svg\" alt=\"Sleepy\">\n                    <\/a>\n                    <div class=\"twp-reaction-title\">\n                        Sleepy                    <\/div>\n                    <div class=\"twp-count-percent\">\n                                                    <span style=\"display: none;\" class=\"twp-react-count\">0<\/span>\n                        \n                                                <span class=\"twp-react-percent\"><span>0<\/span> %<\/span>\n                                            <\/div>\n                <\/div>\n\n                <div class=\"twp-reacts-wrap\">\n                    <a react-data=\"be-react-4\" post-id=\"3657\" class=\"be-face-icons un-reacted\" href=\"javascript:void(0)\">\n                        <img decoding=\"async\" src=\"https:\/\/desteptati-va.ro\/wp-content\/plugins\/booster-extension\/\/assets\/icon\/angry.svg\" alt=\"Angry\">\n                    <\/a>\n                    <div class=\"twp-reaction-title\">Angry<\/div>\n                    <div class=\"twp-count-percent\">\n                                                    <span style=\"display: none;\" class=\"twp-react-count\">0<\/span>\n                                                                        <span class=\"twp-react-percent\"><span>0<\/span> %<\/span>\n                        \n                    <\/div>\n                <\/div>\n\n                <div class=\"twp-reacts-wrap\">\n                    <a react-data=\"be-react-5\" post-id=\"3657\" class=\"be-face-icons un-reacted\" href=\"javascript:void(0)\">\n                        <img decoding=\"async\" src=\"https:\/\/desteptati-va.ro\/wp-content\/plugins\/booster-extension\/\/assets\/icon\/surprise.svg\" alt=\"Surprise\">\n                    <\/a>\n                    <div class=\"twp-reaction-title\">Surprise<\/div>\n                    <div class=\"twp-count-percent\">\n                                                    <span style=\"display: none;\" class=\"twp-react-count\">0<\/span>\n                                                                        <span class=\"twp-react-percent\"><span>0<\/span> %<\/span>\n                                            <\/div>\n                <\/div>\n\n            <\/div>\n        <\/div>\n\n    <\/div>","protected":false},"excerpt":{"rendered":"<p>CONFERIN\u021a\u0102 LA UNIVERSITATEA DIN ORADEA &#8211; FACULTATEA DE ISTORIE ( 26 mai 2010 ) de gl. brg. (r) Aurel I.<a href=\"https:\/\/desteptati-va.ro\/index.php\/2021\/04\/16\/siguranta-nationala-si-cultul-tradarii-la-romani\/\">Read More<i class=\"fa fa-long-arrow-right\" aria-hidden=\"true\"><\/i><\/a><\/p>\n","protected":false},"author":1,"featured_media":4523,"comment_status":"open","ping_status":"open","sticky":false,"template":"","format":"standard","meta":{"_crdt_document":"","footnotes":""},"categories":[45],"tags":[649,650,651,652,653,654,59,60,655,656,657,658,659,660,72,161,661,179,522,523,605,155,662,82,83],"class_list":["post-3657","post","type-post","status-publish","format-standard","has-post-thumbnail","hentry","category-mult-hulita","tag-antichitate","tag-conducator","tag-crima","tag-decembrie","tag-decembrie-89","tag-despot","tag-desteptati","tag-desteptati-va","tag-dictatura","tag-eroi","tag-inalta-tradade","tag-intriga","tag-militar","tag-pacepa","tag-politica","tag-putere","tag-rogojanu","tag-romania","tag-securitate","tag-servicii-secrete","tag-siguranta","tag-spionaj","tag-stanculescu","tag-tiran","tag-tradare"],"rise-blocks_total_comments":1,"rise-blocks_categories":[{"term_id":45,"name":"Securitatea","slug":"mult-hulita","term_group":0,"term_taxonomy_id":45,"taxonomy":"category","description":"","parent":37,"count":8,"filter":"raw"}],"rise-blocks_excerpt":"CONFERIN\u021a\u0102 LA UNIVERSITATEA DIN ORADEA &#8211; FACULTATEA DE ISTORIE ( 26 mai 2010 ) de gl. brg. (r) Aurel I. Rogojan Ca popor format \u00een unul din creuzetele fierbin\u021bi ale istoriei, avem calit\u0103\u021bi de excep\u021bie, dar \u0219i defecte \u00een compensa\u021bie. Ce nu avem \u00eens\u0103, este for\u021ba de a ne lua \u00een serios sl\u0103biciunile \u0219i de a le dep\u0103\u0219i prin valorificarea..","yoast_head":"<!-- This site is optimized with the Yoast SEO plugin v26.9 - https:\/\/yoast.com\/product\/yoast-seo-wordpress\/ -->\r\n<title>Siguran\u021ba na\u021bional\u0103 \u0219i cultul tr\u0103d\u0103rii la rom\u00e2ni -<\/title>\r\n<meta name=\"robots\" content=\"index, follow, max-snippet:-1, max-image-preview:large, max-video-preview:-1\" \/>\r\n<link rel=\"canonical\" href=\"https:\/\/desteptati-va.ro\/index.php\/2021\/04\/16\/siguranta-nationala-si-cultul-tradarii-la-romani\/\" \/>\r\n<meta property=\"og:locale\" content=\"ro_RO\" \/>\r\n<meta property=\"og:type\" content=\"article\" \/>\r\n<meta property=\"og:title\" content=\"Siguran\u021ba na\u021bional\u0103 \u0219i cultul tr\u0103d\u0103rii la rom\u00e2ni -\" \/>\r\n<meta property=\"og:description\" content=\"CONFERIN\u021a\u0102 LA UNIVERSITATEA DIN ORADEA &#8211; FACULTATEA DE ISTORIE ( 26 mai 2010 ) de gl. brg. (r) Aurel I.Read More\" \/>\r\n<meta property=\"og:url\" content=\"https:\/\/desteptati-va.ro\/index.php\/2021\/04\/16\/siguranta-nationala-si-cultul-tradarii-la-romani\/\" \/>\r\n<meta property=\"article:published_time\" content=\"2021-04-16T06:54:33+00:00\" \/>\r\n<meta property=\"article:modified_time\" content=\"2022-01-18T21:31:45+00:00\" \/>\r\n<meta property=\"og:image\" content=\"https:\/\/desteptati-va.ro\/wp-content\/uploads\/2022\/01\/Cezar-asasinat.jpg\" \/>\r\n\t<meta property=\"og:image:width\" content=\"1280\" \/>\r\n\t<meta property=\"og:image:height\" content=\"720\" \/>\r\n\t<meta property=\"og:image:type\" content=\"image\/jpeg\" \/>\r\n<meta name=\"author\" content=\"wolfsoftcompany\" \/>\r\n<meta name=\"twitter:card\" content=\"summary_large_image\" \/>\r\n<meta name=\"twitter:label1\" content=\"Scris de\" \/>\n\t<meta name=\"twitter:data1\" content=\"wolfsoftcompany\" \/>\n\t<meta name=\"twitter:label2\" content=\"Timp estimat pentru citire\" \/>\n\t<meta name=\"twitter:data2\" content=\"15 minute\" \/>\r\n<script type=\"application\/ld+json\" class=\"yoast-schema-graph\">{\"@context\":\"https:\/\/schema.org\",\"@graph\":[{\"@type\":\"Article\",\"@id\":\"https:\/\/desteptati-va.ro\/index.php\/2021\/04\/16\/siguranta-nationala-si-cultul-tradarii-la-romani\/#article\",\"isPartOf\":{\"@id\":\"https:\/\/desteptati-va.ro\/index.php\/2021\/04\/16\/siguranta-nationala-si-cultul-tradarii-la-romani\/\"},\"author\":{\"name\":\"wolfsoftcompany\",\"@id\":\"https:\/\/desteptati-va.ro\/#\/schema\/person\/13182deeebd44920914899f7bb262d6b\"},\"headline\":\"Siguran\u021ba na\u021bional\u0103 \u0219i cultul tr\u0103d\u0103rii la rom\u00e2ni\",\"datePublished\":\"2021-04-16T06:54:33+00:00\",\"dateModified\":\"2022-01-18T21:31:45+00:00\",\"mainEntityOfPage\":{\"@id\":\"https:\/\/desteptati-va.ro\/index.php\/2021\/04\/16\/siguranta-nationala-si-cultul-tradarii-la-romani\/\"},\"wordCount\":2962,\"commentCount\":0,\"image\":{\"@id\":\"https:\/\/desteptati-va.ro\/index.php\/2021\/04\/16\/siguranta-nationala-si-cultul-tradarii-la-romani\/#primaryimage\"},\"thumbnailUrl\":\"https:\/\/desteptati-va.ro\/wp-content\/uploads\/2022\/01\/Cezar-asasinat.jpg\",\"keywords\":[\"antichitate\",\"conducator\",\"crima\",\"decembrie\",\"decembrie 89\",\"despot\",\"desteptati\",\"desteptati-va\",\"dictatura\",\"eroi\",\"inalta tradade\",\"intriga\",\"militar\",\"Pacepa\",\"politica\",\"putere\",\"Rogojanu\",\"Romania\",\"Securitate\",\"servicii secrete\",\"siguranta\",\"spionaj\",\"Stanculescu\",\"tiran\",\"tradare\"],\"articleSection\":[\"Securitatea\"],\"inLanguage\":\"ro-RO\",\"potentialAction\":[{\"@type\":\"CommentAction\",\"name\":\"Comment\",\"target\":[\"https:\/\/desteptati-va.ro\/index.php\/2021\/04\/16\/siguranta-nationala-si-cultul-tradarii-la-romani\/#respond\"]}]},{\"@type\":\"WebPage\",\"@id\":\"https:\/\/desteptati-va.ro\/index.php\/2021\/04\/16\/siguranta-nationala-si-cultul-tradarii-la-romani\/\",\"url\":\"https:\/\/desteptati-va.ro\/index.php\/2021\/04\/16\/siguranta-nationala-si-cultul-tradarii-la-romani\/\",\"name\":\"Siguran\u021ba na\u021bional\u0103 \u0219i cultul tr\u0103d\u0103rii la rom\u00e2ni -\",\"isPartOf\":{\"@id\":\"https:\/\/desteptati-va.ro\/#website\"},\"primaryImageOfPage\":{\"@id\":\"https:\/\/desteptati-va.ro\/index.php\/2021\/04\/16\/siguranta-nationala-si-cultul-tradarii-la-romani\/#primaryimage\"},\"image\":{\"@id\":\"https:\/\/desteptati-va.ro\/index.php\/2021\/04\/16\/siguranta-nationala-si-cultul-tradarii-la-romani\/#primaryimage\"},\"thumbnailUrl\":\"https:\/\/desteptati-va.ro\/wp-content\/uploads\/2022\/01\/Cezar-asasinat.jpg\",\"datePublished\":\"2021-04-16T06:54:33+00:00\",\"dateModified\":\"2022-01-18T21:31:45+00:00\",\"author\":{\"@id\":\"https:\/\/desteptati-va.ro\/#\/schema\/person\/13182deeebd44920914899f7bb262d6b\"},\"breadcrumb\":{\"@id\":\"https:\/\/desteptati-va.ro\/index.php\/2021\/04\/16\/siguranta-nationala-si-cultul-tradarii-la-romani\/#breadcrumb\"},\"inLanguage\":\"ro-RO\",\"potentialAction\":[{\"@type\":\"ReadAction\",\"target\":[\"https:\/\/desteptati-va.ro\/index.php\/2021\/04\/16\/siguranta-nationala-si-cultul-tradarii-la-romani\/\"]}]},{\"@type\":\"ImageObject\",\"inLanguage\":\"ro-RO\",\"@id\":\"https:\/\/desteptati-va.ro\/index.php\/2021\/04\/16\/siguranta-nationala-si-cultul-tradarii-la-romani\/#primaryimage\",\"url\":\"https:\/\/desteptati-va.ro\/wp-content\/uploads\/2022\/01\/Cezar-asasinat.jpg\",\"contentUrl\":\"https:\/\/desteptati-va.ro\/wp-content\/uploads\/2022\/01\/Cezar-asasinat.jpg\",\"width\":1280,\"height\":720},{\"@type\":\"BreadcrumbList\",\"@id\":\"https:\/\/desteptati-va.ro\/index.php\/2021\/04\/16\/siguranta-nationala-si-cultul-tradarii-la-romani\/#breadcrumb\",\"itemListElement\":[{\"@type\":\"ListItem\",\"position\":1,\"name\":\"Prima pagin\u0103\",\"item\":\"https:\/\/desteptati-va.ro\/\"},{\"@type\":\"ListItem\",\"position\":2,\"name\":\"Siguran\u021ba na\u021bional\u0103 \u0219i cultul tr\u0103d\u0103rii la rom\u00e2ni\"}]},{\"@type\":\"WebSite\",\"@id\":\"https:\/\/desteptati-va.ro\/#website\",\"url\":\"https:\/\/desteptati-va.ro\/\",\"name\":\"\",\"description\":\"\",\"potentialAction\":[{\"@type\":\"SearchAction\",\"target\":{\"@type\":\"EntryPoint\",\"urlTemplate\":\"https:\/\/desteptati-va.ro\/?s={search_term_string}\"},\"query-input\":{\"@type\":\"PropertyValueSpecification\",\"valueRequired\":true,\"valueName\":\"search_term_string\"}}],\"inLanguage\":\"ro-RO\"},{\"@type\":\"Person\",\"@id\":\"https:\/\/desteptati-va.ro\/#\/schema\/person\/13182deeebd44920914899f7bb262d6b\",\"name\":\"wolfsoftcompany\",\"image\":{\"@type\":\"ImageObject\",\"inLanguage\":\"ro-RO\",\"@id\":\"https:\/\/desteptati-va.ro\/#\/schema\/person\/image\/\",\"url\":\"https:\/\/secure.gravatar.com\/avatar\/a6cce9b6d101d27d91690e7073e300fed94c0899890bf998e082cb9d2c3d121e?s=96&d=mm&r=g\",\"contentUrl\":\"https:\/\/secure.gravatar.com\/avatar\/a6cce9b6d101d27d91690e7073e300fed94c0899890bf998e082cb9d2c3d121e?s=96&d=mm&r=g\",\"caption\":\"wolfsoftcompany\"},\"sameAs\":[\"http:\/\/desteptati-va.ro\"],\"url\":\"https:\/\/desteptati-va.ro\/index.php\/author\/wolfsoftcompany\/\"}]}<\/script>\r\n<!-- \/ Yoast SEO plugin. -->","yoast_head_json":{"title":"Siguran\u021ba na\u021bional\u0103 \u0219i cultul tr\u0103d\u0103rii la rom\u00e2ni -","robots":{"index":"index","follow":"follow","max-snippet":"max-snippet:-1","max-image-preview":"max-image-preview:large","max-video-preview":"max-video-preview:-1"},"canonical":"https:\/\/desteptati-va.ro\/index.php\/2021\/04\/16\/siguranta-nationala-si-cultul-tradarii-la-romani\/","og_locale":"ro_RO","og_type":"article","og_title":"Siguran\u021ba na\u021bional\u0103 \u0219i cultul tr\u0103d\u0103rii la rom\u00e2ni -","og_description":"CONFERIN\u021a\u0102 LA UNIVERSITATEA DIN ORADEA &#8211; FACULTATEA DE ISTORIE ( 26 mai 2010 ) de gl. brg. (r) Aurel I.Read More","og_url":"https:\/\/desteptati-va.ro\/index.php\/2021\/04\/16\/siguranta-nationala-si-cultul-tradarii-la-romani\/","article_published_time":"2021-04-16T06:54:33+00:00","article_modified_time":"2022-01-18T21:31:45+00:00","og_image":[{"width":1280,"height":720,"url":"https:\/\/desteptati-va.ro\/wp-content\/uploads\/2022\/01\/Cezar-asasinat.jpg","type":"image\/jpeg"}],"author":"wolfsoftcompany","twitter_card":"summary_large_image","twitter_misc":{"Scris de":"wolfsoftcompany","Timp estimat pentru citire":"15 minute"},"schema":{"@context":"https:\/\/schema.org","@graph":[{"@type":"Article","@id":"https:\/\/desteptati-va.ro\/index.php\/2021\/04\/16\/siguranta-nationala-si-cultul-tradarii-la-romani\/#article","isPartOf":{"@id":"https:\/\/desteptati-va.ro\/index.php\/2021\/04\/16\/siguranta-nationala-si-cultul-tradarii-la-romani\/"},"author":{"name":"wolfsoftcompany","@id":"https:\/\/desteptati-va.ro\/#\/schema\/person\/13182deeebd44920914899f7bb262d6b"},"headline":"Siguran\u021ba na\u021bional\u0103 \u0219i cultul tr\u0103d\u0103rii la rom\u00e2ni","datePublished":"2021-04-16T06:54:33+00:00","dateModified":"2022-01-18T21:31:45+00:00","mainEntityOfPage":{"@id":"https:\/\/desteptati-va.ro\/index.php\/2021\/04\/16\/siguranta-nationala-si-cultul-tradarii-la-romani\/"},"wordCount":2962,"commentCount":0,"image":{"@id":"https:\/\/desteptati-va.ro\/index.php\/2021\/04\/16\/siguranta-nationala-si-cultul-tradarii-la-romani\/#primaryimage"},"thumbnailUrl":"https:\/\/desteptati-va.ro\/wp-content\/uploads\/2022\/01\/Cezar-asasinat.jpg","keywords":["antichitate","conducator","crima","decembrie","decembrie 89","despot","desteptati","desteptati-va","dictatura","eroi","inalta tradade","intriga","militar","Pacepa","politica","putere","Rogojanu","Romania","Securitate","servicii secrete","siguranta","spionaj","Stanculescu","tiran","tradare"],"articleSection":["Securitatea"],"inLanguage":"ro-RO","potentialAction":[{"@type":"CommentAction","name":"Comment","target":["https:\/\/desteptati-va.ro\/index.php\/2021\/04\/16\/siguranta-nationala-si-cultul-tradarii-la-romani\/#respond"]}]},{"@type":"WebPage","@id":"https:\/\/desteptati-va.ro\/index.php\/2021\/04\/16\/siguranta-nationala-si-cultul-tradarii-la-romani\/","url":"https:\/\/desteptati-va.ro\/index.php\/2021\/04\/16\/siguranta-nationala-si-cultul-tradarii-la-romani\/","name":"Siguran\u021ba na\u021bional\u0103 \u0219i cultul tr\u0103d\u0103rii la rom\u00e2ni -","isPartOf":{"@id":"https:\/\/desteptati-va.ro\/#website"},"primaryImageOfPage":{"@id":"https:\/\/desteptati-va.ro\/index.php\/2021\/04\/16\/siguranta-nationala-si-cultul-tradarii-la-romani\/#primaryimage"},"image":{"@id":"https:\/\/desteptati-va.ro\/index.php\/2021\/04\/16\/siguranta-nationala-si-cultul-tradarii-la-romani\/#primaryimage"},"thumbnailUrl":"https:\/\/desteptati-va.ro\/wp-content\/uploads\/2022\/01\/Cezar-asasinat.jpg","datePublished":"2021-04-16T06:54:33+00:00","dateModified":"2022-01-18T21:31:45+00:00","author":{"@id":"https:\/\/desteptati-va.ro\/#\/schema\/person\/13182deeebd44920914899f7bb262d6b"},"breadcrumb":{"@id":"https:\/\/desteptati-va.ro\/index.php\/2021\/04\/16\/siguranta-nationala-si-cultul-tradarii-la-romani\/#breadcrumb"},"inLanguage":"ro-RO","potentialAction":[{"@type":"ReadAction","target":["https:\/\/desteptati-va.ro\/index.php\/2021\/04\/16\/siguranta-nationala-si-cultul-tradarii-la-romani\/"]}]},{"@type":"ImageObject","inLanguage":"ro-RO","@id":"https:\/\/desteptati-va.ro\/index.php\/2021\/04\/16\/siguranta-nationala-si-cultul-tradarii-la-romani\/#primaryimage","url":"https:\/\/desteptati-va.ro\/wp-content\/uploads\/2022\/01\/Cezar-asasinat.jpg","contentUrl":"https:\/\/desteptati-va.ro\/wp-content\/uploads\/2022\/01\/Cezar-asasinat.jpg","width":1280,"height":720},{"@type":"BreadcrumbList","@id":"https:\/\/desteptati-va.ro\/index.php\/2021\/04\/16\/siguranta-nationala-si-cultul-tradarii-la-romani\/#breadcrumb","itemListElement":[{"@type":"ListItem","position":1,"name":"Prima pagin\u0103","item":"https:\/\/desteptati-va.ro\/"},{"@type":"ListItem","position":2,"name":"Siguran\u021ba na\u021bional\u0103 \u0219i cultul tr\u0103d\u0103rii la rom\u00e2ni"}]},{"@type":"WebSite","@id":"https:\/\/desteptati-va.ro\/#website","url":"https:\/\/desteptati-va.ro\/","name":"","description":"","potentialAction":[{"@type":"SearchAction","target":{"@type":"EntryPoint","urlTemplate":"https:\/\/desteptati-va.ro\/?s={search_term_string}"},"query-input":{"@type":"PropertyValueSpecification","valueRequired":true,"valueName":"search_term_string"}}],"inLanguage":"ro-RO"},{"@type":"Person","@id":"https:\/\/desteptati-va.ro\/#\/schema\/person\/13182deeebd44920914899f7bb262d6b","name":"wolfsoftcompany","image":{"@type":"ImageObject","inLanguage":"ro-RO","@id":"https:\/\/desteptati-va.ro\/#\/schema\/person\/image\/","url":"https:\/\/secure.gravatar.com\/avatar\/a6cce9b6d101d27d91690e7073e300fed94c0899890bf998e082cb9d2c3d121e?s=96&d=mm&r=g","contentUrl":"https:\/\/secure.gravatar.com\/avatar\/a6cce9b6d101d27d91690e7073e300fed94c0899890bf998e082cb9d2c3d121e?s=96&d=mm&r=g","caption":"wolfsoftcompany"},"sameAs":["http:\/\/desteptati-va.ro"],"url":"https:\/\/desteptati-va.ro\/index.php\/author\/wolfsoftcompany\/"}]}},"_links":{"self":[{"href":"https:\/\/desteptati-va.ro\/index.php\/wp-json\/wp\/v2\/posts\/3657","targetHints":{"allow":["GET"]}}],"collection":[{"href":"https:\/\/desteptati-va.ro\/index.php\/wp-json\/wp\/v2\/posts"}],"about":[{"href":"https:\/\/desteptati-va.ro\/index.php\/wp-json\/wp\/v2\/types\/post"}],"author":[{"embeddable":true,"href":"https:\/\/desteptati-va.ro\/index.php\/wp-json\/wp\/v2\/users\/1"}],"replies":[{"embeddable":true,"href":"https:\/\/desteptati-va.ro\/index.php\/wp-json\/wp\/v2\/comments?post=3657"}],"version-history":[{"count":2,"href":"https:\/\/desteptati-va.ro\/index.php\/wp-json\/wp\/v2\/posts\/3657\/revisions"}],"predecessor-version":[{"id":4524,"href":"https:\/\/desteptati-va.ro\/index.php\/wp-json\/wp\/v2\/posts\/3657\/revisions\/4524"}],"wp:featuredmedia":[{"embeddable":true,"href":"https:\/\/desteptati-va.ro\/index.php\/wp-json\/wp\/v2\/media\/4523"}],"wp:attachment":[{"href":"https:\/\/desteptati-va.ro\/index.php\/wp-json\/wp\/v2\/media?parent=3657"}],"wp:term":[{"taxonomy":"category","embeddable":true,"href":"https:\/\/desteptati-va.ro\/index.php\/wp-json\/wp\/v2\/categories?post=3657"},{"taxonomy":"post_tag","embeddable":true,"href":"https:\/\/desteptati-va.ro\/index.php\/wp-json\/wp\/v2\/tags?post=3657"}],"curies":[{"name":"wp","href":"https:\/\/api.w.org\/{rel}","templated":true}]}}