{"id":3660,"date":"2021-04-16T06:56:00","date_gmt":"2021-04-16T06:56:00","guid":{"rendered":"http:\/\/desteptati.ro\/?p=3660"},"modified":"2022-01-18T14:31:09","modified_gmt":"2022-01-18T12:31:09","slug":"strict-secret-raportul-generalului-vlad-catre-ceausescu","status":"publish","type":"post","link":"https:\/\/desteptati-va.ro\/index.php\/2021\/04\/16\/strict-secret-raportul-generalului-vlad-catre-ceausescu\/","title":{"rendered":"Strict secret: raportul generalului Vlad c\u0103tre Ceau\u015fescu"},"content":{"rendered":"<div class=\"post-content\"><div class='booster-block booster-read-block'>\n                <div class=\"twp-read-time\">\n                \t<i class=\"booster-icon twp-clock\"><\/i> <span>Read Time:<\/span>4 Minute, 7 Second                <\/div>\n\n            <\/div><h4 style=\"text-align: justify;\">\u00cent\u00e2lnirea dintre Mihail Gorbaciov \u015fi George Bush, programat\u0103 la Malta pe 2-3 decembrie 1989, a pus pe jar regimul de la Bucure\u015fti. Nicolae Ceau\u015fescu era izolat ca lider po\u00adli\u00adtic pe plan european, tem\u00e2ndu-se c\u0103 \u00eentrevederea dintre cei doi li\u00adderi mondiali \u00eei va aduce sf\u00e2r\u015fitul. Des\u00adpre ce aveau s\u0103 discute Gorbaciov \u015fi Bush era informat dintr-un raport al \u015fefului Securit\u0103\u0163ii, gen. Iulian Vlad, pe care vi-l prezent\u0103m \u00een conti\u00adnuare:<\/h4>\n<h3 style=\"text-align: justify;\"><strong>1989 decembrie<\/strong><\/h3>\n<h4 style=\"text-align: justify;\">1. Raport olograf, exemplar unic, sem\u00adnat \u015fi parafat de generalul colonel Iulian Vlad &#8211; \u015feful DSS -, adre\u00adsat pre\u015fedintelui Rom\u00e2niei, Ni\u00adcolae Ceau\u015fescu, privind pro\u00adblemele ce urmau a fi abordate, \u00een cadrul \u00eent\u00e2lnirii de la Malta, \u00eentre Mihail Gor\u00adbaciov \u015fi George Bush.<\/h4>\n<h4><strong>Nr. 0075\/989 Strict Secret<\/strong><\/h4>\n<h4 style=\"text-align: justify;\">Raport\u0103m urm\u0103toarele informa\u0163ii ob\u0163inute pe mai multe linii, cu privire la \u00eent\u00e2lnirea dintre Bush \u015fi Gorbaciov:<\/h4>\n<h4 style=\"text-align: justify;\">1. \u00cen cadrul noilor convorbiri la nivel \u00eenalt dintre SUA \u015fi URSS, organizate la ini\u0163iativa sovieticilor, cele dou\u0103 p\u0103r\u0163i vor aborda cu prioritate probleme privind redefinirea sferelor de influen\u0163\u0103 \u015fi elaborarea unei noi strategii comune care s\u0103 le asigure, \u00een conti\u00adnuare, un rol dominant \u00een toate pro\u00adblemele interna\u0163ionale.<\/h4>\n<h4 style=\"text-align: justify;\">&#8211; Este de a\u015fteptat s\u0103 se ajung\u0103 la noi \u00een\u0163elegeri de restr\u00e2ngere a zonelor de confruntare direct\u0103 \u00een favoarea celor de convergen\u0163\u0103 a intereselor.<\/h4>\n<h4 style=\"text-align: justify;\">&#8211; Sunt date c\u0103 URSS va face noi concesii \u00een favoarea americanilor \u00een schim\u00adbul ob\u0163inerii de ajutoare economice \u015fi financiare.<\/h4>\n<h4 style=\"text-align: justify;\">&#8211; Se urm\u0103re\u015fte stabilirea unui nou echilibru pe continentul european care s\u0103 permit\u0103 atenuarea treptat\u0103 a diferen\u0163elor de sistem politic \u015fi econo\u00admic \u00eentre \u0163\u0103rile socialiste \u015fi cele capita\u00adliste \u015fi asigurarea transpunerii \u00een practic\u0103 a conceptelor privind &#8222;de\u00adzi\u00addeo\u00adlogizarea rela\u0163iilor inter\u00adna\u00ad\u0163i\u00adon\u00ada\u00adle&#8221; \u015fi crearea a\u015fa-numitei &#8222;case comu\u00adne europene&#8221;.<\/h4>\n<h4 style=\"text-align: justify;\">&#8211; \u00cen acest context, se va aborda \u015fi pro\u00adblema existen\u0163ei celor dou\u0103 blo\u00adcuri militare, \u00een sensul men\u0163inerii acestora \u00eenc\u0103 o anumit\u0103 perioad\u0103, cel pu\u0163in p\u00e2n\u0103 la stabilizarea situa\u0163iei din Europa de Est.<\/h4>\n<h4 style=\"text-align: justify;\">&#8211; \u00cen ceea ce prive\u015fte intensificarea preocup\u0103rilor guvernului de la Bohn pentru reunificarea Germaniei, se va conveni s\u0103 fie sprijinite, dar pentru o pe\u00adrioad\u0103 temporizate spre a fi \u00een\u00adca\u00addrate \u00een &#8222;procesul de integrare european\u0103&#8221;.<\/h4>\n<h4 style=\"text-align: justify;\">&#8211; Ambele p\u0103r\u0163i se vor pronun\u0163a pentru accelerarea negocierilor bila\u00adterale de reducere a armamentelor \u015fi chel\u00adtuielilor militare, URSS fiind in\u00adte\u00adre\u00adsat\u0103 s\u0103 aloce mai multe fonduri pentru satisfacerea unor necesit\u0103\u0163i interne, iar SUA s\u0103 diminueze deficitul mare al balan\u0163ei de pl\u0103\u0163i.<\/h4>\n<h4 style=\"text-align: justify;\">&#8211; Este posibil ca, \u00een timpul \u00eent\u00e2l\u00adni\u00adrii, Bush s\u0103 fac\u0103 public\u0103 inten\u0163ia de a re\u00adduce efectivele americane sta\u00ad\u0163io\u00adna\u00adte \u00een Europa, ca un r\u0103spuns la m\u0103\u00adsu\u00adrile similare adoptate unilateral de URSS.<\/h4>\n<h4 style=\"text-align: justify;\">&#8211; Pe planul rela\u0163iilor bilaterale, pre\u00ad\u015fedintele SUA va manifesta disponibilitate pentru sprijinirea economic\u0103 a URSS, condi\u0163ionat de extinderea reformelor sovietice prin luarea \u00een considerare \u00een \u015fi mai mare m\u0103sur\u0103 a mecanismelor economiei de pia\u0163\u0103.<\/h4>\n<h4 style=\"text-align: justify;\">&#8211; Pe l\u00e2ng\u0103 solicitarea expres\u0103 de ajutoare financiare, Gorbaciov va in\u00adsis\u00adta pentru ob\u0163inerea de c\u0103tre URSS a clauzei na\u0163iunii celei mai favorizate din partea SUA, precum \u015fi pentru reducerea restric\u0163iilor pe linia transferului de tehnologie.<\/h4>\n<h4>Not\u0103:<\/h4>\n<h4 style=\"text-align: justify;\">&#8211; Din datele de care dispunem re\u00adzul\u00adt\u0103 c\u0103 la \u00eent\u00e2lnirea dintre Bush \u015fi Gor\u00ad\u00adbaciov ar urma s\u0103 se discute \u015fi pro\u00ad\u00adblema exercit\u0103rii de noi presiuni coor\u00addonate asupra acelor \u0163\u0103ri socia\u00adlis\u00adte care nu au trecut la aplicarea de &#8222;re\u00adforme reale&#8221;, fiind avute \u00een vedere \u00een\u00addeo\u00adsebi RP Chinez\u0103, Cuba \u015fi Rom\u00e2nia.<\/h4>\n<h4 style=\"text-align: justify;\">&#8211; Cu privire la \u0163ara noastr\u0103, Bush va releva c\u0103 statele membre ale NATO vor continua aplicarea de restric\u0163ii \u00een rela\u0163iile lor cu Rom\u00e2nia \u015fi va solicita ca \u015fi URSS s\u0103 procedeze \u00een mod similar, mai ales prin reducerea livr\u0103rilor sovietice de \u0163i\u0163ei, gaz metan \u015fi minereu de fier.<\/h4>\n<h4 style=\"text-align: justify;\">2. \u00cen cadrul consult\u0103rilor din ultimele zile cu Administra\u0163ia de la Washington, guvernele Angliei, Fran\u0163ei, RF Germania \u015fi Italia au in\u00adsistat pentru:<\/h4>\n<h4 style=\"text-align: justify;\">&#8211; evitarea adopt\u0103rii de c\u0103tre SUA \u015fi URSS a unor hot\u0103r\u00e2ri definitive referitoare la modificarea echilibrului militar din Europa, f\u0103r\u0103 consultarea prealabil\u0103 \u015fi consim\u0163\u0103m\u00e2ntul \u0163\u0103rilor vest-europene;<\/h4>\n<h4 style=\"text-align: justify;\">&#8211; realizarea treptat\u0103 a reducerii armamentelor \u015fi efectivelor dislocate \u00een Europa, urm\u00e2nd ca problema unor diminu\u0103ri semnificative s\u0103 fie analizat\u0103 numai dup\u0103 ce vor exista garan\u0163ii certe c\u0103 URSS este dispus\u0103 s\u0103 renun\u0163e la for\u0163a sa militar\u0103;<\/h4>\n<h4 style=\"text-align: justify;\">&#8211; respectarea de c\u0103tre SUA a \u00een\u0163elegerilor convenite anterior cu statele vest-europene ca fiecare dintre acestea s\u0103 aib\u0103 un rol sporit \u00een influen\u0163area situa\u0163iei din Europa de Est, astfel \u00eenc\u00e2t s\u0103-\u015fi asigure promovarea propriilor interese pe termen lung \u00een aceast\u0103 zon\u0103.<\/h4>\n<h4 style=\"text-align: justify;\">Fran\u0163a \u015fi Anglia au solicitat totodat\u0103 ca, \u00een perspectiva construi\u00adrii unei confedera\u0163ii a celor dou\u0103 state germane, s\u0103 se previn\u0103 de\u00adpla\u00adsarea centrului de putere din Europa c\u0103tre Germania unificat\u0103, precum \u015fi o polarizare politico-economic\u0103 \u015fi chiar militar\u0103 \u00eentre aceasta \u015fi URSS de genul celei existente \u00eenaintea celui de al doilea r\u0103zboi mon\u00addial.<\/h4>\n<h4 style=\"text-align: justify;\">General-colonel (ss) I. Vlad Arhiva Civic Media<\/h4>\n<h4><em>Articol publicat \u00een <a href=\"http:\/\/www.jurnalul.ro\/sc-nteia\/jurnalul-national\/strict-secret-raportul-generalului-vlad-catre-ceausescu-528905.html\" target=\"_blank\" rel=\"noopener\">Jurnalul.ro<\/a>\nin data de 1 decembrie 2009.\n<\/em><\/h4>        <div class=\"booster-block booster-reactions-block\">\n            <div class=\"twp-reactions-icons\">\n                \n                <div class=\"twp-reacts-wrap\">\n                    <a react-data=\"be-react-1\" post-id=\"3660\" class=\"be-face-icons un-reacted\" href=\"javascript:void(0)\">\n                        <img decoding=\"async\" src=\"https:\/\/desteptati-va.ro\/wp-content\/plugins\/booster-extension\/\/assets\/icon\/happy.svg\" alt=\"Happy\">\n                    <\/a>\n                    <div class=\"twp-reaction-title\">\n                        Happy                    <\/div>\n                    <div class=\"twp-count-percent\">\n                                                    <span style=\"display: none;\" class=\"twp-react-count\">0<\/span>\n                        \n                                                <span class=\"twp-react-percent\"><span>0<\/span> %<\/span>\n                                            <\/div>\n                <\/div>\n\n                <div class=\"twp-reacts-wrap\">\n                    <a react-data=\"be-react-2\" post-id=\"3660\" class=\"be-face-icons un-reacted\" href=\"javascript:void(0)\">\n                        <img decoding=\"async\" src=\"https:\/\/desteptati-va.ro\/wp-content\/plugins\/booster-extension\/\/assets\/icon\/sad.svg\" alt=\"Sad\">\n                    <\/a>\n                    <div class=\"twp-reaction-title\">\n                        Sad                    <\/div>\n                    <div class=\"twp-count-percent\">\n                                                    <span style=\"display: none;\" class=\"twp-react-count\">0<\/span>\n                                                                        <span class=\"twp-react-percent\"><span>0<\/span> %<\/span>\n                                            <\/div>\n                <\/div>\n\n                <div class=\"twp-reacts-wrap\">\n                    <a react-data=\"be-react-3\" post-id=\"3660\" class=\"be-face-icons un-reacted\" href=\"javascript:void(0)\">\n                        <img decoding=\"async\" src=\"https:\/\/desteptati-va.ro\/wp-content\/plugins\/booster-extension\/\/assets\/icon\/excited.svg\" alt=\"Excited\">\n                    <\/a>\n                    <div class=\"twp-reaction-title\">\n                        Excited                    <\/div>\n                    <div class=\"twp-count-percent\">\n                                                    <span style=\"display: none;\" class=\"twp-react-count\">0<\/span>\n                                                                        <span class=\"twp-react-percent\"><span>0<\/span> %<\/span>\n                                            <\/div>\n                <\/div>\n\n                <div class=\"twp-reacts-wrap\">\n                    <a react-data=\"be-react-6\" post-id=\"3660\" class=\"be-face-icons un-reacted\" href=\"javascript:void(0)\">\n                        <img decoding=\"async\" src=\"https:\/\/desteptati-va.ro\/wp-content\/plugins\/booster-extension\/\/assets\/icon\/sleepy.svg\" alt=\"Sleepy\">\n                    <\/a>\n                    <div class=\"twp-reaction-title\">\n                        Sleepy                    <\/div>\n                    <div class=\"twp-count-percent\">\n                                                    <span style=\"display: none;\" class=\"twp-react-count\">0<\/span>\n                        \n                                                <span class=\"twp-react-percent\"><span>0<\/span> %<\/span>\n                                            <\/div>\n                <\/div>\n\n                <div class=\"twp-reacts-wrap\">\n                    <a react-data=\"be-react-4\" post-id=\"3660\" class=\"be-face-icons un-reacted\" href=\"javascript:void(0)\">\n                        <img decoding=\"async\" src=\"https:\/\/desteptati-va.ro\/wp-content\/plugins\/booster-extension\/\/assets\/icon\/angry.svg\" alt=\"Angry\">\n                    <\/a>\n                    <div class=\"twp-reaction-title\">Angry<\/div>\n                    <div class=\"twp-count-percent\">\n                                                    <span style=\"display: none;\" class=\"twp-react-count\">0<\/span>\n                                                                        <span class=\"twp-react-percent\"><span>0<\/span> %<\/span>\n                        \n                    <\/div>\n                <\/div>\n\n                <div class=\"twp-reacts-wrap\">\n                    <a react-data=\"be-react-5\" post-id=\"3660\" class=\"be-face-icons un-reacted\" href=\"javascript:void(0)\">\n                        <img decoding=\"async\" src=\"https:\/\/desteptati-va.ro\/wp-content\/plugins\/booster-extension\/\/assets\/icon\/surprise.svg\" alt=\"Surprise\">\n                    <\/a>\n                    <div class=\"twp-reaction-title\">Surprise<\/div>\n                    <div class=\"twp-count-percent\">\n                                                    <span style=\"display: none;\" class=\"twp-react-count\">0<\/span>\n                                                                        <span class=\"twp-react-percent\"><span>0<\/span> %<\/span>\n                                            <\/div>\n                <\/div>\n\n            <\/div>\n        <\/div>\n\n    <\/div>","protected":false},"excerpt":{"rendered":"<p>\u00cent\u00e2lnirea dintre Mihail Gorbaciov \u015fi George Bush, programat\u0103 la Malta pe 2-3 decembrie 1989, a pus pe jar regimul de<a href=\"https:\/\/desteptati-va.ro\/index.php\/2021\/04\/16\/strict-secret-raportul-generalului-vlad-catre-ceausescu\/\">Read More<i class=\"fa fa-long-arrow-right\" aria-hidden=\"true\"><\/i><\/a><\/p>\n","protected":false},"author":1,"featured_media":4490,"comment_status":"open","ping_status":"open","sticky":false,"template":"","format":"standard","meta":{"_crdt_document":"","footnotes":""},"categories":[45],"tags":[663,664,653,59,60,665,666,154,580,667,668,669,444,281],"class_list":["post-3660","post","type-post","status-publish","format-standard","has-post-thumbnail","hentry","category-mult-hulita","tag-ceausescu","tag-decembrie-1989","tag-decembrie-89","tag-desteptati","tag-desteptati-va","tag-general-vlad","tag-george-bush","tag-istorie","tag-iulian-vlad","tag-malta","tag-mihail-gorbaciov","tag-raport","tag-secret","tag-urss"],"rise-blocks_total_comments":0,"rise-blocks_categories":[{"term_id":45,"name":"Securitatea","slug":"mult-hulita","term_group":0,"term_taxonomy_id":45,"taxonomy":"category","description":"","parent":37,"count":8,"filter":"raw"}],"rise-blocks_excerpt":"\u00cent\u00e2lnirea dintre Mihail Gorbaciov \u015fi George Bush, programat\u0103 la Malta pe 2-3 decembrie 1989, a pus pe jar regimul de la Bucure\u015fti. Nicolae Ceau\u015fescu era izolat ca lider po\u00adli\u00adtic pe plan european, tem\u00e2ndu-se c\u0103 \u00eentrevederea dintre cei doi li\u00adderi mondiali \u00eei va aduce sf\u00e2r\u015fitul. Des\u00adpre ce aveau s\u0103 discute Gorbaciov \u015fi Bush era informat dintr-un raport al \u015fefului Securit\u0103\u0163ii, gen...","yoast_head":"<!-- This site is optimized with the Yoast SEO plugin v26.9 - https:\/\/yoast.com\/product\/yoast-seo-wordpress\/ -->\r\n<title>Strict secret: raportul generalului Vlad c\u0103tre Ceau\u015fescu -<\/title>\r\n<meta name=\"robots\" content=\"index, follow, max-snippet:-1, max-image-preview:large, max-video-preview:-1\" \/>\r\n<link rel=\"canonical\" href=\"https:\/\/desteptati-va.ro\/index.php\/2021\/04\/16\/strict-secret-raportul-generalului-vlad-catre-ceausescu\/\" \/>\r\n<meta property=\"og:locale\" content=\"ro_RO\" \/>\r\n<meta property=\"og:type\" content=\"article\" \/>\r\n<meta property=\"og:title\" content=\"Strict secret: raportul generalului Vlad c\u0103tre Ceau\u015fescu -\" \/>\r\n<meta property=\"og:description\" content=\"\u00cent\u00e2lnirea dintre Mihail Gorbaciov \u015fi George Bush, programat\u0103 la Malta pe 2-3 decembrie 1989, a pus pe jar regimul deRead More\" \/>\r\n<meta property=\"og:url\" content=\"https:\/\/desteptati-va.ro\/index.php\/2021\/04\/16\/strict-secret-raportul-generalului-vlad-catre-ceausescu\/\" \/>\r\n<meta property=\"article:published_time\" content=\"2021-04-16T06:56:00+00:00\" \/>\r\n<meta property=\"article:modified_time\" content=\"2022-01-18T12:31:09+00:00\" \/>\r\n<meta property=\"og:image\" content=\"https:\/\/desteptati-va.ro\/wp-content\/uploads\/2021\/04\/76604-050-CFA42BE0.jpg\" \/>\r\n\t<meta property=\"og:image:width\" content=\"1600\" \/>\r\n\t<meta property=\"og:image:height\" content=\"1081\" \/>\r\n\t<meta property=\"og:image:type\" content=\"image\/jpeg\" \/>\r\n<meta name=\"author\" content=\"wolfsoftcompany\" \/>\r\n<meta name=\"twitter:card\" content=\"summary_large_image\" \/>\r\n<meta name=\"twitter:label1\" content=\"Scris de\" \/>\n\t<meta name=\"twitter:data1\" content=\"wolfsoftcompany\" \/>\n\t<meta name=\"twitter:label2\" content=\"Timp estimat pentru citire\" \/>\n\t<meta name=\"twitter:data2\" content=\"5 minute\" \/>\r\n<script type=\"application\/ld+json\" class=\"yoast-schema-graph\">{\"@context\":\"https:\/\/schema.org\",\"@graph\":[{\"@type\":\"Article\",\"@id\":\"https:\/\/desteptati-va.ro\/index.php\/2021\/04\/16\/strict-secret-raportul-generalului-vlad-catre-ceausescu\/#article\",\"isPartOf\":{\"@id\":\"https:\/\/desteptati-va.ro\/index.php\/2021\/04\/16\/strict-secret-raportul-generalului-vlad-catre-ceausescu\/\"},\"author\":{\"name\":\"wolfsoftcompany\",\"@id\":\"https:\/\/desteptati-va.ro\/#\/schema\/person\/13182deeebd44920914899f7bb262d6b\"},\"headline\":\"Strict secret: raportul generalului Vlad c\u0103tre Ceau\u015fescu\",\"datePublished\":\"2021-04-16T06:56:00+00:00\",\"dateModified\":\"2022-01-18T12:31:09+00:00\",\"mainEntityOfPage\":{\"@id\":\"https:\/\/desteptati-va.ro\/index.php\/2021\/04\/16\/strict-secret-raportul-generalului-vlad-catre-ceausescu\/\"},\"wordCount\":917,\"commentCount\":0,\"image\":{\"@id\":\"https:\/\/desteptati-va.ro\/index.php\/2021\/04\/16\/strict-secret-raportul-generalului-vlad-catre-ceausescu\/#primaryimage\"},\"thumbnailUrl\":\"https:\/\/desteptati-va.ro\/wp-content\/uploads\/2021\/04\/76604-050-CFA42BE0.jpg\",\"keywords\":[\"Ceausescu\",\"decembrie 1989\",\"decembrie 89\",\"desteptati\",\"desteptati-va\",\"general Vlad\",\"George Bush\",\"istorie\",\"Iulian Vlad\",\"Malta\",\"Mihail Gorbaciov\",\"raport\",\"secret\",\"URSS\"],\"articleSection\":[\"Securitatea\"],\"inLanguage\":\"ro-RO\",\"potentialAction\":[{\"@type\":\"CommentAction\",\"name\":\"Comment\",\"target\":[\"https:\/\/desteptati-va.ro\/index.php\/2021\/04\/16\/strict-secret-raportul-generalului-vlad-catre-ceausescu\/#respond\"]}]},{\"@type\":\"WebPage\",\"@id\":\"https:\/\/desteptati-va.ro\/index.php\/2021\/04\/16\/strict-secret-raportul-generalului-vlad-catre-ceausescu\/\",\"url\":\"https:\/\/desteptati-va.ro\/index.php\/2021\/04\/16\/strict-secret-raportul-generalului-vlad-catre-ceausescu\/\",\"name\":\"Strict secret: raportul generalului Vlad c\u0103tre Ceau\u015fescu -\",\"isPartOf\":{\"@id\":\"https:\/\/desteptati-va.ro\/#website\"},\"primaryImageOfPage\":{\"@id\":\"https:\/\/desteptati-va.ro\/index.php\/2021\/04\/16\/strict-secret-raportul-generalului-vlad-catre-ceausescu\/#primaryimage\"},\"image\":{\"@id\":\"https:\/\/desteptati-va.ro\/index.php\/2021\/04\/16\/strict-secret-raportul-generalului-vlad-catre-ceausescu\/#primaryimage\"},\"thumbnailUrl\":\"https:\/\/desteptati-va.ro\/wp-content\/uploads\/2021\/04\/76604-050-CFA42BE0.jpg\",\"datePublished\":\"2021-04-16T06:56:00+00:00\",\"dateModified\":\"2022-01-18T12:31:09+00:00\",\"author\":{\"@id\":\"https:\/\/desteptati-va.ro\/#\/schema\/person\/13182deeebd44920914899f7bb262d6b\"},\"breadcrumb\":{\"@id\":\"https:\/\/desteptati-va.ro\/index.php\/2021\/04\/16\/strict-secret-raportul-generalului-vlad-catre-ceausescu\/#breadcrumb\"},\"inLanguage\":\"ro-RO\",\"potentialAction\":[{\"@type\":\"ReadAction\",\"target\":[\"https:\/\/desteptati-va.ro\/index.php\/2021\/04\/16\/strict-secret-raportul-generalului-vlad-catre-ceausescu\/\"]}]},{\"@type\":\"ImageObject\",\"inLanguage\":\"ro-RO\",\"@id\":\"https:\/\/desteptati-va.ro\/index.php\/2021\/04\/16\/strict-secret-raportul-generalului-vlad-catre-ceausescu\/#primaryimage\",\"url\":\"https:\/\/desteptati-va.ro\/wp-content\/uploads\/2021\/04\/76604-050-CFA42BE0.jpg\",\"contentUrl\":\"https:\/\/desteptati-va.ro\/wp-content\/uploads\/2021\/04\/76604-050-CFA42BE0.jpg\",\"width\":1600,\"height\":1081},{\"@type\":\"BreadcrumbList\",\"@id\":\"https:\/\/desteptati-va.ro\/index.php\/2021\/04\/16\/strict-secret-raportul-generalului-vlad-catre-ceausescu\/#breadcrumb\",\"itemListElement\":[{\"@type\":\"ListItem\",\"position\":1,\"name\":\"Prima pagin\u0103\",\"item\":\"https:\/\/desteptati-va.ro\/\"},{\"@type\":\"ListItem\",\"position\":2,\"name\":\"Strict secret: raportul generalului Vlad c\u0103tre Ceau\u015fescu\"}]},{\"@type\":\"WebSite\",\"@id\":\"https:\/\/desteptati-va.ro\/#website\",\"url\":\"https:\/\/desteptati-va.ro\/\",\"name\":\"\",\"description\":\"\",\"potentialAction\":[{\"@type\":\"SearchAction\",\"target\":{\"@type\":\"EntryPoint\",\"urlTemplate\":\"https:\/\/desteptati-va.ro\/?s={search_term_string}\"},\"query-input\":{\"@type\":\"PropertyValueSpecification\",\"valueRequired\":true,\"valueName\":\"search_term_string\"}}],\"inLanguage\":\"ro-RO\"},{\"@type\":\"Person\",\"@id\":\"https:\/\/desteptati-va.ro\/#\/schema\/person\/13182deeebd44920914899f7bb262d6b\",\"name\":\"wolfsoftcompany\",\"image\":{\"@type\":\"ImageObject\",\"inLanguage\":\"ro-RO\",\"@id\":\"https:\/\/desteptati-va.ro\/#\/schema\/person\/image\/\",\"url\":\"https:\/\/secure.gravatar.com\/avatar\/a6cce9b6d101d27d91690e7073e300fed94c0899890bf998e082cb9d2c3d121e?s=96&d=mm&r=g\",\"contentUrl\":\"https:\/\/secure.gravatar.com\/avatar\/a6cce9b6d101d27d91690e7073e300fed94c0899890bf998e082cb9d2c3d121e?s=96&d=mm&r=g\",\"caption\":\"wolfsoftcompany\"},\"sameAs\":[\"http:\/\/desteptati-va.ro\"],\"url\":\"https:\/\/desteptati-va.ro\/index.php\/author\/wolfsoftcompany\/\"}]}<\/script>\r\n<!-- \/ Yoast SEO plugin. -->","yoast_head_json":{"title":"Strict secret: raportul generalului Vlad c\u0103tre Ceau\u015fescu -","robots":{"index":"index","follow":"follow","max-snippet":"max-snippet:-1","max-image-preview":"max-image-preview:large","max-video-preview":"max-video-preview:-1"},"canonical":"https:\/\/desteptati-va.ro\/index.php\/2021\/04\/16\/strict-secret-raportul-generalului-vlad-catre-ceausescu\/","og_locale":"ro_RO","og_type":"article","og_title":"Strict secret: raportul generalului Vlad c\u0103tre Ceau\u015fescu -","og_description":"\u00cent\u00e2lnirea dintre Mihail Gorbaciov \u015fi George Bush, programat\u0103 la Malta pe 2-3 decembrie 1989, a pus pe jar regimul deRead More","og_url":"https:\/\/desteptati-va.ro\/index.php\/2021\/04\/16\/strict-secret-raportul-generalului-vlad-catre-ceausescu\/","article_published_time":"2021-04-16T06:56:00+00:00","article_modified_time":"2022-01-18T12:31:09+00:00","og_image":[{"width":1600,"height":1081,"url":"https:\/\/desteptati-va.ro\/wp-content\/uploads\/2021\/04\/76604-050-CFA42BE0.jpg","type":"image\/jpeg"}],"author":"wolfsoftcompany","twitter_card":"summary_large_image","twitter_misc":{"Scris de":"wolfsoftcompany","Timp estimat pentru citire":"5 minute"},"schema":{"@context":"https:\/\/schema.org","@graph":[{"@type":"Article","@id":"https:\/\/desteptati-va.ro\/index.php\/2021\/04\/16\/strict-secret-raportul-generalului-vlad-catre-ceausescu\/#article","isPartOf":{"@id":"https:\/\/desteptati-va.ro\/index.php\/2021\/04\/16\/strict-secret-raportul-generalului-vlad-catre-ceausescu\/"},"author":{"name":"wolfsoftcompany","@id":"https:\/\/desteptati-va.ro\/#\/schema\/person\/13182deeebd44920914899f7bb262d6b"},"headline":"Strict secret: raportul generalului Vlad c\u0103tre Ceau\u015fescu","datePublished":"2021-04-16T06:56:00+00:00","dateModified":"2022-01-18T12:31:09+00:00","mainEntityOfPage":{"@id":"https:\/\/desteptati-va.ro\/index.php\/2021\/04\/16\/strict-secret-raportul-generalului-vlad-catre-ceausescu\/"},"wordCount":917,"commentCount":0,"image":{"@id":"https:\/\/desteptati-va.ro\/index.php\/2021\/04\/16\/strict-secret-raportul-generalului-vlad-catre-ceausescu\/#primaryimage"},"thumbnailUrl":"https:\/\/desteptati-va.ro\/wp-content\/uploads\/2021\/04\/76604-050-CFA42BE0.jpg","keywords":["Ceausescu","decembrie 1989","decembrie 89","desteptati","desteptati-va","general Vlad","George Bush","istorie","Iulian Vlad","Malta","Mihail Gorbaciov","raport","secret","URSS"],"articleSection":["Securitatea"],"inLanguage":"ro-RO","potentialAction":[{"@type":"CommentAction","name":"Comment","target":["https:\/\/desteptati-va.ro\/index.php\/2021\/04\/16\/strict-secret-raportul-generalului-vlad-catre-ceausescu\/#respond"]}]},{"@type":"WebPage","@id":"https:\/\/desteptati-va.ro\/index.php\/2021\/04\/16\/strict-secret-raportul-generalului-vlad-catre-ceausescu\/","url":"https:\/\/desteptati-va.ro\/index.php\/2021\/04\/16\/strict-secret-raportul-generalului-vlad-catre-ceausescu\/","name":"Strict secret: raportul generalului Vlad c\u0103tre Ceau\u015fescu -","isPartOf":{"@id":"https:\/\/desteptati-va.ro\/#website"},"primaryImageOfPage":{"@id":"https:\/\/desteptati-va.ro\/index.php\/2021\/04\/16\/strict-secret-raportul-generalului-vlad-catre-ceausescu\/#primaryimage"},"image":{"@id":"https:\/\/desteptati-va.ro\/index.php\/2021\/04\/16\/strict-secret-raportul-generalului-vlad-catre-ceausescu\/#primaryimage"},"thumbnailUrl":"https:\/\/desteptati-va.ro\/wp-content\/uploads\/2021\/04\/76604-050-CFA42BE0.jpg","datePublished":"2021-04-16T06:56:00+00:00","dateModified":"2022-01-18T12:31:09+00:00","author":{"@id":"https:\/\/desteptati-va.ro\/#\/schema\/person\/13182deeebd44920914899f7bb262d6b"},"breadcrumb":{"@id":"https:\/\/desteptati-va.ro\/index.php\/2021\/04\/16\/strict-secret-raportul-generalului-vlad-catre-ceausescu\/#breadcrumb"},"inLanguage":"ro-RO","potentialAction":[{"@type":"ReadAction","target":["https:\/\/desteptati-va.ro\/index.php\/2021\/04\/16\/strict-secret-raportul-generalului-vlad-catre-ceausescu\/"]}]},{"@type":"ImageObject","inLanguage":"ro-RO","@id":"https:\/\/desteptati-va.ro\/index.php\/2021\/04\/16\/strict-secret-raportul-generalului-vlad-catre-ceausescu\/#primaryimage","url":"https:\/\/desteptati-va.ro\/wp-content\/uploads\/2021\/04\/76604-050-CFA42BE0.jpg","contentUrl":"https:\/\/desteptati-va.ro\/wp-content\/uploads\/2021\/04\/76604-050-CFA42BE0.jpg","width":1600,"height":1081},{"@type":"BreadcrumbList","@id":"https:\/\/desteptati-va.ro\/index.php\/2021\/04\/16\/strict-secret-raportul-generalului-vlad-catre-ceausescu\/#breadcrumb","itemListElement":[{"@type":"ListItem","position":1,"name":"Prima pagin\u0103","item":"https:\/\/desteptati-va.ro\/"},{"@type":"ListItem","position":2,"name":"Strict secret: raportul generalului Vlad c\u0103tre Ceau\u015fescu"}]},{"@type":"WebSite","@id":"https:\/\/desteptati-va.ro\/#website","url":"https:\/\/desteptati-va.ro\/","name":"","description":"","potentialAction":[{"@type":"SearchAction","target":{"@type":"EntryPoint","urlTemplate":"https:\/\/desteptati-va.ro\/?s={search_term_string}"},"query-input":{"@type":"PropertyValueSpecification","valueRequired":true,"valueName":"search_term_string"}}],"inLanguage":"ro-RO"},{"@type":"Person","@id":"https:\/\/desteptati-va.ro\/#\/schema\/person\/13182deeebd44920914899f7bb262d6b","name":"wolfsoftcompany","image":{"@type":"ImageObject","inLanguage":"ro-RO","@id":"https:\/\/desteptati-va.ro\/#\/schema\/person\/image\/","url":"https:\/\/secure.gravatar.com\/avatar\/a6cce9b6d101d27d91690e7073e300fed94c0899890bf998e082cb9d2c3d121e?s=96&d=mm&r=g","contentUrl":"https:\/\/secure.gravatar.com\/avatar\/a6cce9b6d101d27d91690e7073e300fed94c0899890bf998e082cb9d2c3d121e?s=96&d=mm&r=g","caption":"wolfsoftcompany"},"sameAs":["http:\/\/desteptati-va.ro"],"url":"https:\/\/desteptati-va.ro\/index.php\/author\/wolfsoftcompany\/"}]}},"_links":{"self":[{"href":"https:\/\/desteptati-va.ro\/index.php\/wp-json\/wp\/v2\/posts\/3660","targetHints":{"allow":["GET"]}}],"collection":[{"href":"https:\/\/desteptati-va.ro\/index.php\/wp-json\/wp\/v2\/posts"}],"about":[{"href":"https:\/\/desteptati-va.ro\/index.php\/wp-json\/wp\/v2\/types\/post"}],"author":[{"embeddable":true,"href":"https:\/\/desteptati-va.ro\/index.php\/wp-json\/wp\/v2\/users\/1"}],"replies":[{"embeddable":true,"href":"https:\/\/desteptati-va.ro\/index.php\/wp-json\/wp\/v2\/comments?post=3660"}],"version-history":[{"count":1,"href":"https:\/\/desteptati-va.ro\/index.php\/wp-json\/wp\/v2\/posts\/3660\/revisions"}],"predecessor-version":[{"id":3662,"href":"https:\/\/desteptati-va.ro\/index.php\/wp-json\/wp\/v2\/posts\/3660\/revisions\/3662"}],"wp:featuredmedia":[{"embeddable":true,"href":"https:\/\/desteptati-va.ro\/index.php\/wp-json\/wp\/v2\/media\/4490"}],"wp:attachment":[{"href":"https:\/\/desteptati-va.ro\/index.php\/wp-json\/wp\/v2\/media?parent=3660"}],"wp:term":[{"taxonomy":"category","embeddable":true,"href":"https:\/\/desteptati-va.ro\/index.php\/wp-json\/wp\/v2\/categories?post=3660"},{"taxonomy":"post_tag","embeddable":true,"href":"https:\/\/desteptati-va.ro\/index.php\/wp-json\/wp\/v2\/tags?post=3660"}],"curies":[{"name":"wp","href":"https:\/\/api.w.org\/{rel}","templated":true}]}}