{"id":3670,"date":"2021-04-16T07:12:25","date_gmt":"2021-04-16T07:12:25","guid":{"rendered":"http:\/\/desteptati.ro\/?p=3670"},"modified":"2022-01-19T09:17:11","modified_gmt":"2022-01-19T07:17:11","slug":"serviciile-de-spionaj-maghiare-in-spatiul-romanesc","status":"publish","type":"post","link":"https:\/\/desteptati-va.ro\/index.php\/2021\/04\/16\/serviciile-de-spionaj-maghiare-in-spatiul-romanesc\/","title":{"rendered":"Serviciile de spionaj maghiare \u00een spa\u021biul rom\u00e2nesc"},"content":{"rendered":"<div class=\"post-content\"><div class='booster-block booster-read-block'>\n                <div class=\"twp-read-time\">\n                \t<i class=\"booster-icon twp-clock\"><\/i> <span>Read Time:<\/span>18 Minute, 34 Second                <\/div>\n\n            <\/div><h4 style=\"text-align: justify;\">Dupa 1989, colonelul Florian G\u00e2rz \u2013 foarte multi ani ofiter de informatii \u00een structura Directiei de Informatii a Armatei Rom\u00e2ne \u2013 a \u00eendeplinit functia de consilier \u00een Departamentul de Aparare, Siguranta Nationala si Ordine Publica (1991-1997). Competenta profesionala de care a dat dovada pe parcursul carierei sale de militar, \u00een misiuni pe care le-a \u00eendeplinit at\u00e2t \u00een tara, c\u00e2t si \u00een afara granitelor Rom\u00e2niei, l-au recomandat pe colonelul G\u00e2rz si pentru alte functii importante \u00een aparatul de stat. Interesante si deosebit de elaborate sunt \u00eensa sintezele sale informative, parte dintre ele regasindu-se \u00eentr-o serie de carti pe care le-a publicat dupa 1998. Pentru cei care-i citesc cartile se recomanda sa o faca cu creionul \u00een m\u00e2na. Sa ia notite si sa mediteze. Eventual sa coroboreze informatiile obtinute si cu altele procurate din alte surse. Desi au trecut aproape 10 de ani de c\u00e2nd emitea anumite aprecieri la adresa posibilelor pericole identificate la adresa sigurantei nationale, acestea se dovedesc acum mai corecte si actuale ca oric\u00e2nd. Am plecat de la aprecierile colonelului G\u00e2rz \u00een documentarea unor actiuni de spionaj, pe care Ungaria le-a initiat dupa 1918, \u00eempotriva Rom\u00e2niei.<\/h4>\n<h3 style=\"text-align: justify;\"><strong>Chiar daca vremurile se schimba, obiectivele ram\u00e2n<\/strong><\/h3>\n<h4 style=\"text-align: justify;\">Dupa instaurarea regimului condus de Horthy Miklos, Ungaria a \u00eenceput o campanie internationala de contestare a prevederilor tratatelor \u00eencheiate la Conferinta de Pace de la Paris (1919-1920) si \u00een mod deosebit pe cel de la Trianon, din 4 iunie 1920, prin care Transilvania era recunoscuta \u201cde jure\u201d ca parte componenta a Regatului Rom\u00e2niei, urmare a actului \u201cde facto\u201d petrecut la 1 Decembrie 1918, la Alba-Iulia si care dadea expresie unui act de vointa romaneasca liber exprimata. Actiunile \u00een plan diplomatic international desfasurate cu multa insistenta de diplomatia maghiara \u00een vederea revizuirii tratatelor au fost dublate de alte actiuni mult mai elaborate, cele desfasurate pe frontul invizibil. Ungaria dispunea \u00een acest sens de mai multe avantaje. Avea retelele informative constituite \u00eenca de pe timpul Austro-Ungariei \u2013 dar care acum se gaseau \u201c\u00een conservare\u201d -, avea cadre de informatii pregatite chiar pe relatia Transilvania, dar dispunea si de un alt imens avantaj: \u00een zonele locuite compact de etnici maghiari exista un puternic sentiment sovin si iredentist. \u00cen aceste conditii Ungaria a putut sa promoveze un spionaj activ \u00eentr-o zona de care \u2013 cel putin din punctul ei de vedere \u2013 nu s-a considerat niciodata despartita sau de care s-a considerat cel mult, doar temporar despartita.<\/h4>\n<h3 style=\"text-align: justify;\"><strong>Marea Britanie a sustinut revizionismul<\/strong><\/h3>\n<h4 style=\"text-align: justify;\">Cel mai mare sprijin \u00een campania sa revizionista, Ungaria l-a gasit din partea Marii Britanii. O buna parte din elita maghiara \u00eentretinea si cultiva relatii apropiate cu \u00eenalta societate engleza. Un sprijin important l-a acordat politicii promovate de Ungaria, Lordul Rothermere, care conducea un grup de ziare de succes si cu mare influenta in Anglia si \u00een strainatate. Din grupul sau de presa faceau parte 71 de ziare si reviste din Anglia, Statele Unite si Canada, \u00een frunte cu bine cunoscutul \u201cDaily Mail\u201d, care avea la momentul respectiv un tiraj de 2 milioane de exemplare. Aceasta campanie era dublata de actiunile de propaganda promovate \u00een strainatate de \u201cLiga Revizionista\u201d, ce-l avea \u00een frunte pe cunoscutul scriitor maghiar Ferencz Herczog. Din 1927 c\u00e2nd a fost \u00eenfiintata si p\u00e2na \u00een 1940, Liga a publicat 228 de carti, reviste si ziare cu caracter revizionist \u00een limbile germana, italiana, franceza, engleza, spaniola, finlandeza, portugheza si maghiara. Din acest total, un numar de 124 de publicatii se ocupau de \u201cproblema Transilvaniei\u201d si ajungeau pe diferite cai si \u00een Ardeal. Societatile feminine maghiare organizate pe baze confesionale, organizatiile si asociatiile culturale contribuiau si ele la propaganda revizionista, asa cum procedau si unii preoti maghiari de diferite confesiuni.<\/h4>\n<h3 style=\"text-align: justify;\"><strong>T\u00e2rgu-Mures \u00een atentia serviciilor speciale rom\u00e2nesti<\/strong><\/h3>\n<h4 style=\"text-align: justify;\">\u00cen 1921, Siguranta Statului Rom\u00e2n a descoperit un complot la Arad, pus la cale de organizatia secreta revizionista \u201cMaghiar Fiatolok\u201d, organizatie ce avea legaturi \u00een mai multe orase din Transilvania. Un alt complot antistatal a fost descoperit de aceleasi organe de Siguranta \u00een 1923, la Cluj, complot ce avea ramificatii la T\u00e2rgu-Mures si T\u00e2rgu-Secuiesc. Un celebru caz de spionaj maghiar a fost descoperit \u00een 1937 si a fost legat de Partidul Ardelean Maghiar din Rom\u00e2nia care, asa cum s-a dovedit, a primit un milion de pengo din partea Presedintiei Consiliului de Ministri al Ungariei. Aceeasi Presedintie a donat tot \u00een 1937, circa 7 milioane de lei Uniunii Culturale Maghiare din Transilvania. \u00cen 1939, SSI a identificat o vasta retea de spionaj maghiar formata din 172 de persoane, care avea drept centre de baza Oradea, T\u00e2rgu-Mures si Satu-Mare cu ramificatii si \u00een alte localitati din tara. Perchezitiile au scos la iveala o lista cu fondurile trimise din Ungaria, material informativ si de propaganda antiromaneasca, precum si un post de radio emisie-receptie ce functiona clandestin la Episcopia Reformata din Satu-Mare. \u00cen deceniul patru al secolului XX, actiunile agresive ale spionajului maghiar contra Rom\u00e2niei s-au \u00eenmultit. Acest fapt a reiesit si dintr-un raport din 1939 al SSI, care arata ca p\u00e2na la acel moment au fost descoperite 62 de cazuri de spionaj din care 32 erau maghiare. Dupa cum se poate observa, serviciile secrete rom\u00e2ne si-au facut datoria cu consecventa si profesionalism, \u00een ciuda faptului ca Regele Carol al II-lea (1930-1940) a \u00eencercat sa si le subordoneze sau sa le ignore munca. Rapoartele si analizele lor n-au fost \u00eensa luate \u00een seama, iar rezultatele acestei ignorante dovedite de factorii de conducere s-au vazut \u00een vara anului 1940, c\u00e2nd Rom\u00e2niei i-au fost impuse grave amputari teritoriale.<\/h4>\n<h4 style=\"text-align: justify;\">Dupa semnarea Tratatului de la Trianon din 4 iunie 1920, Ungaria avea 92.963 de km2 si o populatie de circa 7.980.143 de locuitori (majoritatea unguri, adica 89,6%). Din Transilvania s-au refugiat \u00een Ungaria imediat dupa Primul Razboi Mondial, peste 200.000 de maghiari, \u00een marea lor majoritate reprezentanti ai fostei clase conducatoare, iar mare parte dintre acestia au devenit si cei mai \u00eenversunati si virulenti exponenti ai revizionismului maghiar. O serie de istorici maghiari mai putini sovini, precum E. Malnasi, Karacsony, Toganyi sau F. Eckhardt au acceptat \u00eensa faptul ca Ungaria Sf\u00e2ntului Stefan nu depasea granitele actuale ale Ungariei. Imensele pierderi teritoriale pe care Ungaria le-a suferit dupa Trianon \u2013 justificate de altfel si \u00een acord cu realitatile istorice si demografice \u2013 au creat \u00eensa o psihoza colectiva de frustrare, iar acest fapt a determinat un curs nationalist-sovin si revizionist al politicii statului maghiar, acesta action\u00e2nd pe toate caile posibile pentru a schimba aceasta stare de fapt si folosind toate resursele pe care le avea la dispozitie, respectiv de la cele diplomatice, p\u00e2na la influentarea opiniei publice internationale si bineinteles, un spionaj c\u00e2t se poate de activ si agresiv \u00een spatiul rom\u00e2nesc. \u00cen actiunile de spionaj si influentare a opiniei publice maghiare au fost folositi p\u00e2na si prelati ai bisericilor maghiare. \u00cen acest sens, un caz interesant \u00eel reprezinta si cel al episcopului Marton Aron.<\/h4>\n<h3 style=\"text-align: justify;\"><strong>Palatul Trianon<\/strong><\/h3>\n<h3 style=\"text-align: justify;\">\u201cAudiatur et altera pars!\u201d (\u201cAsculta si cealalta parte!\u201d)<\/h3>\n<h4 style=\"text-align: justify;\">\u00cen prezent, atunci c\u00e2nd vine vorba despre persoana episcopului, aproape toti autorii se refera doar la momentul 18 mai 1944 c\u00e2nd, aflat \u00een Biserica \u201cSf\u00e2ntul Mihail\u201d din Cluj \u2013 spre cinstea sa, nota bene! \u2013 episcopul a avut taria morala, demnitatea si curajul sa condamne politica hortysta fata de evrei. \u201cMagyar Katolikus Lexikon\u201d editat la Budapesta \u00een 2003, ca de altfel toate scrierile maghiare, atunci c\u00e2nd se refera la viata si activitatea episcopului, spun laconic: \u201c\u2026 a pledat pentru drepturile maghiarilor din Transilvania\u2026\u201d. Ce \u00eenseamna de fapt at\u00e2t de evazivul \u201ca pledat\u201d? Personal, consider ca despre Marton Aron nu s-a scris \u00eenca totul. Poate de aceea, trebuie luate \u00een considerare si documentele si studiile rom\u00e2nesti. Multe dintre acestea indica faptul ca \u00eenca din perioada interbelica, Marton Aron a actionat constant \u00eempotriva unitatii statului national unitar rom\u00e2n, fiind unul dintre \u201cv\u00e2rfurile de lance\u201d ale actiunii revizioniste. Exista documente \u00een arhivele rom\u00e2nesti (ale Serviciilor Speciale de dinainte de 1948, dar si de dupa acest moment), documente chiar si \u00een arhivele muresene care fac referire la persoana sa, exista studii publicate \u00een reviste precum \u201cDosarele istoriei\u201d sau mai recent \u201cHistoria\u201d, exista c\u00e2teva note informative despre activitatea episcopului \u00een \u201cCartea Alba a Securitatii\u201d. Un studiu temeinic care sa valorifice \u00eentr-o conceptie unitara informatiile obtinute din mai multe surse istorice este mai mult dec\u00e2t necesar. Dincolo de mituri exista totusi realitatea, iar se bazeaza pe documente.<\/h4>\n<h3 style=\"text-align: justify;\"><strong>Agentul cu indicativul \u201cP.I.S\u201d\u2026<\/strong><\/h3>\n<h4 style=\"text-align: justify;\">Contraspionajul rom\u00e2n nu a putut stabili data exacta la care Marton Aron a fost recrutat de serviciile de informatii maghiare, desi episcopul s-a aflat \u00een atentia organelor speciale rom\u00e2nesti \u00eenca de pe la jumatatea deceniului al treilea. \u00cen octombrie 1941, Marton Aron a intrat \u00een legatura cu rezidentul de spionaj al legatiei maghiare din Timisoara. A fost momentul \u00een care organele rom\u00e2ne nu au mai avut nici un dubiu despre activitatea sa, mai ales ca anterior reusisera sa procure Codul spionajului hortyst, fapt care a ramas necunoscut maghiarilor pe toata durata razboiului, dar care le-a permis rom\u00e2nilor sa deconspire si sa anihileze o serie de organizatii si retele de spionaj maghiare de pe teritoriul Rom\u00e2niei. Cea mai importanta organizatie maghiara de spionaj din Transilvania \u2013 cu ramificatii si la T\u00e2rgu-Mures \u2013 a fost cea condusa de episcopul Marton Aron. Informatiile culese de el personal sau de cei din organizatia sa erau cifrate cu ajutorul cartii \u201cPiszkos Fred Visszater\u201d (\u201c\u00centoarcerea mizerabilului Fred\u201d) si trimise apoi la destinatie. Indicativul cu care Marton Aron era apelat de Centrala Serviciului de Spionaj Maghiar de la Budapesta era unul permanent, fiind format din grupul de litere \u201cP.I.S.\u201d si reprezenta initialele tipografiei la care a fost tiparita cartea indicata anterior. Indicativul cu care Marton Aron trebuia sa raspunda era de fiecare data altul. Prin intermediul Adelei Visnovitz \u2013 agenta a spionajului englez \u2013 s-a reusit a se realiza legatura lui Marton Aron cu englezii, episcopul fac\u00e2nd un joc foarte complicat si \u00eenca greu de \u00eenteles si azi.<\/h4>\n<h3 style=\"text-align: justify;\"><strong>Mihail Moruzov, parintele serviciilor speciale romanesti<\/strong><\/h3>\n<h3 style=\"text-align: justify;\">\u2026si agenta Bindasz Elena din T\u00e2rgu-Mures<\/h3>\n<h4 style=\"text-align: justify;\">Prin intermediul Elenei Bindasz, nascuta la 15 decembrie 1899 la T\u00e2rgu-Mures, maghiara de religie ortodoxa (?), Marton Aron a reusit sa afle foarte multe informatii legate de moralul armatei rom\u00e2ne, ce vorbesc militarii \u00eentre ei, ce nemultumiri au etc. Prin intermediul aceleiasi Bindasz Elena, care a ajuns si ea sa o cunoasca ulterior pe Adela Visnovisz (agenta engleza), Marton Aron a facut cunostinta cu Matei Ioan, cetatean iugoslav de etnie rom\u00e2na, fost aviator \u00een armata iugoslava si care se refugiase \u00een Rom\u00e2nia datorita prigoanei germane. Matei l-a pus \u00een legatura pe Marton Aron cu maiorul s\u00e2rb Bosco Stanoilovici, fost atasat militar iugoslav \u00een URSS, un filo-englez cu relatii at\u00e2t \u00een spionajul englez, c\u00e2t si \u00een cel sovietic. Reteaua lui Marton Aron va creste foarte mult \u00eentr-un timp relativ scurt, aceasta fiind capabila chiar si de sabotaje. Elena Bindasz, care la un moment dat a fost arestata de autoritatile rom\u00e2ne, va indica \u00een ancheta sabotajele executate, modul de operare, de unde se procura explozibilul necesar, \u00eensa \u00eel va deconspira cu aceasta ocazie si pe episcop, ca de altfel \u00eentreaga retea condusa de el. Reactia autoritatilor rom\u00e2ne a fost nuantata de la caz la caz. Daca \u00een unele situatii retelele maghiare care operau pe teritoriul Rom\u00e2niei au fost anihilate rapid pronunt\u00e2ndu-se ani grei de \u00eenchisoare si chiar condamnari la moarte, cel putin \u00een cazul lui Marton Aron nu s-a \u00eent\u00e2mplat acest lucru. Daca din diverse ratiuni episcopul Marton Aron s-a bucurat \u00een perioada interbelica, dar si \u00een timpul razboiului de un tratament cu menajamente, nu acelasi lucru se va \u00eent\u00e2mpla dupa 1948. Comunistii, care pusesera m\u00e2na si pe arhivele serviciilor speciale rom\u00e2ne de dinainte de 1940, nu l-au mai tratat cu aceeasi \u00eentelegere pe episcop, ba dimpotriva \u00eel vor aresta si condamna pe viata. Eliberat de autoritatile comuniste \u2013 \u00eensa dupa repetate si insistente interventii la nivel \u00eenalt \u2013 episcopul, aflat \u00een domiciliu obligatoriu la Alba-Iulia a continuat, dupa cum veti vedea \u00een continuare, sa se afle \u00een atentia serviciilor speciale rom\u00e2ne.<\/h4>\n<h4 style=\"text-align: justify;\">\u00cen octombrie 1956, sistemul comunist impus la Yalta de catre URSS, dar cu acordul si bunavointa Angliei si SUA, a trait prima sa criza majora fiind confruntat cu revolutia maghiara anticomunista izbucnita la Budapesta. Evenimentele din Ungaria au reverberat si \u00een Transilvania, provincie rom\u00e2neasca \u00een care traia o puternica minoritate maghiara, dar si \u00een r\u00e2ndurile tineretului studios de etnie rom\u00e2na din unele centre universitare. Trebuie \u00eensa recunoscut faptul ca printre multele sloganuri anticomuniste scandate de participantii maghiari la protestele anticomuniste din Transilvania, s\u2011au scandat si sloganuri antistatale, av\u00e2nd un vadit caracter revizionist. Securitatea rom\u00e2na s-a vazut astfel pusa \u00een fata unei duble provocari: sa apere at\u00e2t sistemul comunist, c\u00e2t si integritatea statala a Rom\u00e2niei. Si asta \u00een timp ce \u2013 cruda ironie a istoriei \u2013 multe personalitati rom\u00e2ne marcante se aflau \u00een \u00eenchisorile comuniste sub acuzatia de nationalism. \u00cen acest context at\u00e2t de complex, Procuratura Militara T\u00e2rgu-Mures, \u00eempreuna cu Securitatea locala, instrumenta ancheta unui grup anticomunist ce ar fi urmat sa actioneze si \u00een zona Muresului. Printre membrii grupului, apare mentionat frecvent, ca av\u00e2nd un rol important \u00een cadrul acestuia, episcopul Marton Aron, personalitate aflata \u00eenca din perioada interbelica \u00een atentia serviciilor de contraspionaj rom\u00e2ne.<\/h4>\n<h3 style=\"text-align: justify;\"><strong>Variante pentru Ardeal sau recurenta unei idei obsesive<\/strong><\/h3>\n<h4 style=\"text-align: justify;\">\u00cen 1956, se propuneau trei variante pentru Ardeal: Ardealul independent, Ardealul dat \u00een \u00eentregime Ungariei sau Ardealul sa fie despartit \u00een doua parti egale \u00eentre Rom\u00e2nia si Ungaria. Potrivit referatului \u00eentocmit de Procuratura Militara T\u00e2rgu-Mures si \u00eenaintat Procuraturii Militare Principale Bucuresti \u2013 referat \u00eensotit de concluziile de \u00eenvinuire puse pe data de 22.01.1958 \u2013 acestea erau cele trei variante concepute de un grup de \u00eenvinuiti din care faceau parte Fodor Pavel, Haidu Geza, Szentmartoni Valentin, Szocs Ignatiu si Csiha Coloman. \u00cen cadrul anchetei desfasurate pe parcursul mai multor luni se ajunsese la concluzia ca grupul era cu mult mai numeros si se aflase \u00eentr-o permanenta legatura cu episcopul romano-catolic Marton Aron, proaspat eliberat din \u00eenchisoare. Acesta fusese condamnat pe viata \u00een 1951, dar i se \u00eentrerupsese \u00eencarcerarea la interventia Prezidiului Marii Adunari Nationale. La momentul respectiv, 1958, episcopul Marton Aron se afla \u00een domiciliu obligatoriu la Alba-Iulia.<\/h4>\n<h3 style=\"text-align: justify;\"><strong>Arestarea grupului Fodor si ancheta Procuraturii Militare muresene<\/strong><\/h3>\n<h4 style=\"text-align: justify;\">Grupul Fodor a fost arestat abia \u00een 1957, la un an dupa evenimentele din 1956, iar punerea sa \u00een relatie cu episcopul Marton Aron a fost relativ simpla, \u00eentruc\u00e2t episcopul \u2013 \u00een domiciliu obligatoriu la Alba-Iulia \u2013 se afla permanent \u00een filaj operativ. Referitor la inginerul Fodor Pavel, \u00een referatul anchetatorului militar, se arata: \u201c\u00cen luna august 1955 a facut o vizita episcopului Marton Aron cu care ocazie a dus discutii dusmanoase la adresa regimului de democratie populara\u2026Marton Aron \u00eei aduce la cunostinta ca arestarea lui s-a datorat faptului ca \u00een mai multe ocazii s-a manifestat public ca teritoriul Ardealului, dupa 1944, nu a fost dat sub guvernarea Ungariei\u201d. Initial, se specifica \u00een raport, s-au propus trei variante pentru rezolvarea problemei Ardealului, \u00een final \u00eensa (1956, n.a.) s-a cazut de acord doar asupra uneia dintre ele: \u201c\u2026\u00eenvinuitul Fodor Pavel ram\u00e2n\u00e2nd la concluzia ca rezolvarea problemei cedarii teritoriului Ardealului sa se faca la \u00eempartirea \u00een doua parti egale, \u00eentre Rom\u00e2nia si Ungaria, propunere cu care este de acord \u00een \u00eentregime si episcopul Marton Aron\u2026\u201d La un moment dat, grupul Fodor a fost pus \u00een relatie \u2013 cel putin asa rezulta din ancheta \u2013 cu evenimentele revolutionare din octombrie 1956 din Ungaria. \u201c\u00cen luna octombrie 1956, \u00eenvinuitul Fodor Pavel a crezut ca a sosit momentul de a actiona\u2026si a \u00eentocmit mai multe schite cu \u00eempartirea teritoriului Ardealului. Pe baza acestor schite a \u00eentocmit o harta a teritoriului Ardealului pe care a trecut toate localitatile, bogatiile \u2013 sol, subsol \u2013 cu linii de demarcatie a frontierei planuite de el, \u00eentre Rom\u00e2nia si Ungaria\u2026\u201d<\/h4>\n<h3 style=\"text-align: justify;\"><strong>Fodor Pavel sau Marton Aron?<\/strong><\/h3>\n<h4 style=\"text-align: justify;\">\u00cen continuare, \u00een cuprinsul aceluiasi referat se mai aratau contactele pe care Fodor Pavel le-a avut cu diverse persoane de etnie maghiara pe care ar fi \u00eencercat sa le recruteze. \u00cen ceea ce-l priveste pe Csiha Coloman (decedat recent, n.a.), se mentiona: \u201c\u00cen interogatoriile ce i s-au luat cu ocazia anchetei penale arata ca l-a cunoscut pe \u00eenvinuitul Fodor Pavel, prin parintii sai \u00eenca de mult timp\u2026 \u00cenvinuitul Fodor Pavel i-a povestit despre vizitele facute episcopului Marton Aron si relatiile pe care le are cu acesta\u2026\u201d Dincolo de schite (harti), planuri mai mult sau mai putin elaborate si recrutarea de membri, grupul Fodor s-a dovedit \u00eensa incapabil sa actioneze eficient dintr-un motiv c\u00e2t se poate de simplu: conditiile anului 1956 erau cu totul altele fata de cele \u2013 sa spunem \u2013 ale anului 1945 sau 1946, c\u00e2nd administratia maghiara era \u00een functie \u00een teritoriul eliberat de catre armatele sovietice si rom\u00e2ne, dar Stalin \u201csovaia\u201d \u00een ceea ce priveste reinstalarea administratiei rom\u00e2nesti \u00een teritoriul proaspat eliberat. Desi am studiat mai multe documente, si presupun\u00e2nd ca ancheta Procuraturii Militare T\u00e2rgu-Mures a fost facuta cu un minim de profesionalism si impartialitate, ram\u00e2ne pentru mine, peste timp, \u00eentrebarea: cine a fost totusi adevaratul inspirator al respectivului grup, inginerul Fodor Pavel sau episcopul Marton Aron?<\/h4>\n<h4 style=\"text-align: justify;\">\u00cen 1920, regentul Horthy Miklos l-a \u00eensarcinat pe locotenent-colonelul Zsolt sa creeze Serviciul de Informatii Maghiar, organism ce avea at\u00e2t sarcini informative, c\u00e2t si contrainformative. \u00cen primele sale luni de existenta, acest organism a fost atasat Marelui Oficiu de Cabinet, Horthy fiind deosebit de interesat de activitatea acestuia, de selectia cadrelor, precum si de elaborarea directiilor de actiune ale serviciului. Ulterior, activitatea de culegere de informatii a fost extinsa, atributii \u00een acest sens, dar clar delimitate, primind Ministerul Apararii, Ministerul de Interne si Ministerul Afacerilor Straine. Chiar daca activitatea de culegere de informatii, dar si cea de contrainformatii a fost mult extinsa pe parcursul anilor, Zsolt \u2013 devenit \u00eentre timp general \u2013 a continuat sa fie persoana desemnata ca si coordonator unic. \u00cempreuna cu Horthy Miklos si cu un colectiv foarte restr\u00e2ns de ofiteri din structurile informative \u2013 parte dintre ei proveniti din fostul serviciu de informatii al defunctului Imperiu Austro-Ungar \u2013 Zsolt a elaborat un Memorandum ce creiona principalele directii de actiune ale Ungariei interbelice.<\/h4>\n<h3 style=\"text-align: justify;\"><strong>Corneliu Coposu (1914 \u2013 1995)<\/strong><\/h3>\n<h3 style=\"text-align: justify;\">\u201cDivide et impera\u201d, \u00een varianta maghiara<\/h3>\n<h4 style=\"text-align: justify;\">Ungaria era vital interesata \u00een procurarea de informatii din statele fata de care avea pretentii teritoriale. Elaborarea Memorandum-ului s-a facut dupa o analiza profunda si atenta a realitatilor internationale, dar si a situatiei de fapt din statele vizate prin actiunile de informatii desfasurate. Pe baza acestui Memorandum, ulterior au fost \u00eentocmite si planuri militare care vizau fie ocuparea prin forta a unor teritorii revendicate de Ungaria, fie specularea divergentelor existente la un moment dat \u00eentre unele state \u00een scopul anexarii teritoriilor pe care Ungaria le revendica de la unul sau altul dintre acestea. Iata spre exemplu, directiile principale de actiune creionate \u00een Memorandum-ul maghiar:<\/h4>\n<h4 style=\"text-align: justify;\">1 exploatarea divergentelor teritoriale existente \u00eentre Rom\u00e2nia, pe de-o parte, URSS, Bulgaria si Yugoslavia, pe de alta parte, \u00een scopul izolarii Rom\u00e2niei;<\/h4>\n<h4 style=\"text-align: justify;\">2 intensificarea miscarii iredentiste din Transilvania, mai ales prin intermediul asociatiilor culturale si a preotilor maghiari de diferite confesiuni;<\/h4>\n<h4 style=\"text-align: justify;\">3 exploatarea contradictiilor dintre cehi si slovaci, cu sprijinul tacit al Poloniei;<\/h4>\n<h4 style=\"text-align: justify;\">4 sustinerea miscarilor iredentiste ale ungurilor din Slovacia, urmarindu-se conjugarea acestor miscari cu acelea ale germanilor din regiunea Muntilor Sudeti;<\/h4>\n<h4 style=\"text-align: justify;\">5 atragerea sustinerii unor Mari Puteri, precum Marea Britanie, SUA sau Franta, fata de pretentiile teritoriale ale Ungariei (spre exemplu, \u00een schimbul atragerii \u201ebunavointei\u201d Frantei, acestui stat i s-a oferit controlul Cailor Ferate Maghiare si fabricile statului profilate pe constructia de masini).<\/h4>\n<h4 style=\"text-align: justify;\">Dupa cum putem observa, Ungaria era dispusa la mari concesii de ordin economic, cu scopul vadit al unei \u201ecaptatio benevolenti\u201d din partea statelor cu o mare influenta politica, fapt care nu i-a reusit \u00eentotdeauna.<\/h4>\n<h4 style=\"text-align: justify;\"><strong>Planurile militare\u2026<\/strong><\/h4>\n<h4 style=\"text-align: justify;\">Nici unul dintre planurile de operatii militare \u00eentocmite \u00een perioada interbelica de Marele Stat Major din Ministerul Apararii din Ungaria si pe care le redam partial mai jos, nu a fost aplicat \u00eentruc\u00e2t realitatile politice si economice se schimbau permanent si drept urmare ele nu s-au dovedit viabile \u00een timp. Sunt \u00eensa sugestive prin continutul lor, dar mai ales prin obiectivele urmarite. Astfel:<\/h4>\n<h4 style=\"text-align: justify;\">1 Planul \u201eVirradat\u201d (\u201eZori de zi\u201d) avea drept obiectiv recucerirea Transilvaniei. El urma sa fie declansat \u00eentr-o conjunctura favorabila Ungariei, prin atacul declansat de marile unitati maghiare cantonate \u00een special la Debrecen si Szeged;<\/h4>\n<h4 style=\"text-align: justify;\">2 Planul \u201eEbred\u00e9s\u201d (\u201eDesteptarea\u201d) avea drept obiectiv reocuparea teritoriilor slovace, iar \u00een acest caz se miza pe elementul-surpriza si pe lipsa unei rezistente organizate;<\/h4>\n<h4 style=\"text-align: justify;\">3 Planul \u201eArp\u00e1d\u201d si \u201ePirk\u00e1d\u00e1s\u201d (\u201eAurora\u201d) avea drept obiectiv tot dezmembrarea statului cehoslovac, dar aplicarea sa ar fi urmat sa aiba loc \u00een baza unei actiuni comune ungaro-polone, miz\u00e2ndu-se \u00een acest caz pe obtinerea sprijinului Marilor Puteri si pe neutralitatea Rom\u00e2niei si Yugoslaviei;<\/h4>\n<h4 style=\"text-align: justify;\">4 Planul \u201eJobbra eset\u201d (\u201eCauza dreptei\u201d) avea \u00een vedere acordarea unui sprijin puternic miscarii de dreapta din Austria, care ar fi trebuit sa provoace tulburari, astfel \u00eenc\u00e2t, Ungaria, sub pretextul interventiei \u00eempotriva bolsevismului, sa intervina militar \u00een Austria, \u00een scopul realizarii propriilor sale obiective.<\/h4>\n<h4 style=\"text-align: justify;\">Sunt doar c\u00e2teva din planurile militare concepute \u00een perioada interbelica si pe care am \u00eencercat sa vi le redam succint \u00een ceea ce au avut ele esential, desi contin foarte multe detalii, inclusiv de ordin logistic.<\/h4>\n<h4 style=\"text-align: justify;\"><strong>\u2026si actiunile de spionaj<\/strong><\/h4>\n<h4 style=\"text-align: justify;\">Mai mult sau mai putin realiste, planurile militare \u00eentocmite, pun \u00eensa \u00een evidenta obsesia teritoriala a Ungariei, un stat care nu s-a \u00eempacat c\u00e2tusi de putin cu realitatile impuse de Sistemul Tratatelor de Pace de la Paris-Versailles. \u00centocmirea planurilor de operatii militare a fost \u00eensa precedata de actiuni de spionaj de mai mare sau mai mica anvergura. Detaliile legate de operatiunile de spionaj derulate pe spatiul rom\u00e2nesc erau concepute \u00een principal de Oficiul de Evidenta nr. 1 din Marele Stat Major al Ungariei, care-si punea \u00een aplicare aceste operatiuni prin intermediul Biroului VI \u2013 2 a, dar sarcini informative aveau si Jandarmeria, precum si Trupele de Graniceri. \u00censa operatiunile de spionaj care presupuneau un foarte mare grad de disimulare, o acoperire c\u00e2t mai sigura, erau derulate prin intermediul Ministerului Afacerilor Straine. Legatia ungara de la Bucuresti si consulatele ungare din Transilvania \u2013 e vorba aici de atasati, consuli sau chiar simpli functionari \u2013 ofereau acoperirea ideala pentru agentii maghiari care erau coordonati de Szendrey Zoltan.<\/h4>\n<h4 style=\"text-align: justify;\"><em>Articol publicat pe&nbsp;<a href=\"http:\/\/foaienationala.ro\/actiuni-ale-serviciilor-de-spionaj-maghiare-in-spatiul-romanesc.html\" target=\"_blank\" rel=\"noopener\">www.foaienationala.ro<\/a><\/em><\/h4>        <div class=\"booster-block booster-reactions-block\">\n            <div class=\"twp-reactions-icons\">\n                \n                <div class=\"twp-reacts-wrap\">\n                    <a react-data=\"be-react-1\" post-id=\"3670\" class=\"be-face-icons un-reacted\" href=\"javascript:void(0)\">\n                        <img decoding=\"async\" src=\"https:\/\/desteptati-va.ro\/wp-content\/plugins\/booster-extension\/\/assets\/icon\/happy.svg\" alt=\"Happy\">\n                    <\/a>\n                    <div class=\"twp-reaction-title\">\n                        Happy                    <\/div>\n                    <div class=\"twp-count-percent\">\n                                                    <span style=\"display: none;\" class=\"twp-react-count\">0<\/span>\n                        \n                                                <span class=\"twp-react-percent\"><span>0<\/span> %<\/span>\n                                            <\/div>\n                <\/div>\n\n                <div class=\"twp-reacts-wrap\">\n                    <a react-data=\"be-react-2\" post-id=\"3670\" class=\"be-face-icons un-reacted\" href=\"javascript:void(0)\">\n                        <img decoding=\"async\" src=\"https:\/\/desteptati-va.ro\/wp-content\/plugins\/booster-extension\/\/assets\/icon\/sad.svg\" alt=\"Sad\">\n                    <\/a>\n                    <div class=\"twp-reaction-title\">\n                        Sad                    <\/div>\n                    <div class=\"twp-count-percent\">\n                                                    <span style=\"display: none;\" class=\"twp-react-count\">0<\/span>\n                                                                        <span class=\"twp-react-percent\"><span>0<\/span> %<\/span>\n                                            <\/div>\n                <\/div>\n\n                <div class=\"twp-reacts-wrap\">\n                    <a react-data=\"be-react-3\" post-id=\"3670\" class=\"be-face-icons un-reacted\" href=\"javascript:void(0)\">\n                        <img decoding=\"async\" src=\"https:\/\/desteptati-va.ro\/wp-content\/plugins\/booster-extension\/\/assets\/icon\/excited.svg\" alt=\"Excited\">\n                    <\/a>\n                    <div class=\"twp-reaction-title\">\n                        Excited                    <\/div>\n                    <div class=\"twp-count-percent\">\n                                                    <span style=\"display: none;\" class=\"twp-react-count\">0<\/span>\n                                                                        <span class=\"twp-react-percent\"><span>0<\/span> %<\/span>\n                                            <\/div>\n                <\/div>\n\n                <div class=\"twp-reacts-wrap\">\n                    <a react-data=\"be-react-6\" post-id=\"3670\" class=\"be-face-icons un-reacted\" href=\"javascript:void(0)\">\n                        <img decoding=\"async\" src=\"https:\/\/desteptati-va.ro\/wp-content\/plugins\/booster-extension\/\/assets\/icon\/sleepy.svg\" alt=\"Sleepy\">\n                    <\/a>\n                    <div class=\"twp-reaction-title\">\n                        Sleepy                    <\/div>\n                    <div class=\"twp-count-percent\">\n                                                    <span style=\"display: none;\" class=\"twp-react-count\">0<\/span>\n                        \n                                                <span class=\"twp-react-percent\"><span>0<\/span> %<\/span>\n                                            <\/div>\n                <\/div>\n\n                <div class=\"twp-reacts-wrap\">\n                    <a react-data=\"be-react-4\" post-id=\"3670\" class=\"be-face-icons un-reacted\" href=\"javascript:void(0)\">\n                        <img decoding=\"async\" src=\"https:\/\/desteptati-va.ro\/wp-content\/plugins\/booster-extension\/\/assets\/icon\/angry.svg\" alt=\"Angry\">\n                    <\/a>\n                    <div class=\"twp-reaction-title\">Angry<\/div>\n                    <div class=\"twp-count-percent\">\n                                                    <span style=\"display: none;\" class=\"twp-react-count\">0<\/span>\n                                                                        <span class=\"twp-react-percent\"><span>0<\/span> %<\/span>\n                        \n                    <\/div>\n                <\/div>\n\n                <div class=\"twp-reacts-wrap\">\n                    <a react-data=\"be-react-5\" post-id=\"3670\" class=\"be-face-icons un-reacted\" href=\"javascript:void(0)\">\n                        <img decoding=\"async\" src=\"https:\/\/desteptati-va.ro\/wp-content\/plugins\/booster-extension\/\/assets\/icon\/surprise.svg\" alt=\"Surprise\">\n                    <\/a>\n                    <div class=\"twp-reaction-title\">Surprise<\/div>\n                    <div class=\"twp-count-percent\">\n                                                    <span style=\"display: none;\" class=\"twp-react-count\">0<\/span>\n                                                                        <span class=\"twp-react-percent\"><span>0<\/span> %<\/span>\n                                            <\/div>\n                <\/div>\n\n            <\/div>\n        <\/div>\n\n    <\/div>","protected":false},"excerpt":{"rendered":"<p>Dupa 1989, colonelul Florian G\u00e2rz \u2013 foarte multi ani ofiter de informatii \u00een structura Directiei de Informatii a Armatei Rom\u00e2ne<a href=\"https:\/\/desteptati-va.ro\/index.php\/2021\/04\/16\/serviciile-de-spionaj-maghiare-in-spatiul-romanesc\/\">Read More<i class=\"fa fa-long-arrow-right\" aria-hidden=\"true\"><\/i><\/a><\/p>\n","protected":false},"author":1,"featured_media":2806,"comment_status":"open","ping_status":"open","sticky":false,"template":"","format":"standard","meta":{"_crdt_document":"","footnotes":""},"categories":[46],"tags":[],"class_list":["post-3670","post","type-post","status-publish","format-standard","has-post-thumbnail","hentry","category-spionajul-maghiar"],"rise-blocks_total_comments":0,"rise-blocks_categories":[{"term_id":46,"name":"Spionajul maghiar","slug":"spionajul-maghiar","term_group":0,"term_taxonomy_id":46,"taxonomy":"category","description":"","parent":37,"count":5,"filter":"raw"}],"rise-blocks_excerpt":"Dupa 1989, colonelul Florian G\u00e2rz \u2013 foarte multi ani ofiter de informatii \u00een structura Directiei de Informatii a Armatei Rom\u00e2ne \u2013 a \u00eendeplinit functia de consilier \u00een Departamentul de Aparare, Siguranta Nationala si Ordine Publica (1991-1997). Competenta profesionala de care a dat dovada pe parcursul carierei sale de militar, \u00een misiuni pe care le-a \u00eendeplinit at\u00e2t \u00een tara, c\u00e2t si..","yoast_head":"<!-- This site is optimized with the Yoast SEO plugin v26.9 - https:\/\/yoast.com\/product\/yoast-seo-wordpress\/ -->\r\n<title>Serviciile de spionaj maghiare \u00een spa\u021biul rom\u00e2nesc -<\/title>\r\n<meta name=\"robots\" content=\"index, follow, max-snippet:-1, max-image-preview:large, max-video-preview:-1\" \/>\r\n<link rel=\"canonical\" href=\"https:\/\/desteptati-va.ro\/index.php\/2021\/04\/16\/serviciile-de-spionaj-maghiare-in-spatiul-romanesc\/\" \/>\r\n<meta property=\"og:locale\" content=\"ro_RO\" \/>\r\n<meta property=\"og:type\" content=\"article\" \/>\r\n<meta property=\"og:title\" content=\"Serviciile de spionaj maghiare \u00een spa\u021biul rom\u00e2nesc -\" \/>\r\n<meta property=\"og:description\" content=\"Dupa 1989, colonelul Florian G\u00e2rz \u2013 foarte multi ani ofiter de informatii \u00een structura Directiei de Informatii a Armatei Rom\u00e2neRead More\" \/>\r\n<meta property=\"og:url\" content=\"https:\/\/desteptati-va.ro\/index.php\/2021\/04\/16\/serviciile-de-spionaj-maghiare-in-spatiul-romanesc\/\" \/>\r\n<meta property=\"article:published_time\" content=\"2021-04-16T07:12:25+00:00\" \/>\r\n<meta property=\"article:modified_time\" content=\"2022-01-19T07:17:11+00:00\" \/>\r\n<meta property=\"og:image\" content=\"https:\/\/desteptati-va.ro\/wp-content\/uploads\/2021\/04\/Viktor-Orban1.jpg\" \/>\r\n\t<meta property=\"og:image:width\" content=\"355\" \/>\r\n\t<meta property=\"og:image:height\" content=\"278\" \/>\r\n\t<meta property=\"og:image:type\" content=\"image\/jpeg\" \/>\r\n<meta name=\"author\" content=\"wolfsoftcompany\" \/>\r\n<meta name=\"twitter:card\" content=\"summary_large_image\" \/>\r\n<meta name=\"twitter:label1\" content=\"Scris de\" \/>\n\t<meta name=\"twitter:data1\" content=\"wolfsoftcompany\" \/>\n\t<meta name=\"twitter:label2\" content=\"Timp estimat pentru citire\" \/>\n\t<meta name=\"twitter:data2\" content=\"18 minute\" \/>\r\n<script type=\"application\/ld+json\" class=\"yoast-schema-graph\">{\"@context\":\"https:\/\/schema.org\",\"@graph\":[{\"@type\":\"Article\",\"@id\":\"https:\/\/desteptati-va.ro\/index.php\/2021\/04\/16\/serviciile-de-spionaj-maghiare-in-spatiul-romanesc\/#article\",\"isPartOf\":{\"@id\":\"https:\/\/desteptati-va.ro\/index.php\/2021\/04\/16\/serviciile-de-spionaj-maghiare-in-spatiul-romanesc\/\"},\"author\":{\"name\":\"wolfsoftcompany\",\"@id\":\"https:\/\/desteptati-va.ro\/#\/schema\/person\/13182deeebd44920914899f7bb262d6b\"},\"headline\":\"Serviciile de spionaj maghiare \u00een spa\u021biul rom\u00e2nesc\",\"datePublished\":\"2021-04-16T07:12:25+00:00\",\"dateModified\":\"2022-01-19T07:17:11+00:00\",\"mainEntityOfPage\":{\"@id\":\"https:\/\/desteptati-va.ro\/index.php\/2021\/04\/16\/serviciile-de-spionaj-maghiare-in-spatiul-romanesc\/\"},\"wordCount\":3672,\"commentCount\":0,\"image\":{\"@id\":\"https:\/\/desteptati-va.ro\/index.php\/2021\/04\/16\/serviciile-de-spionaj-maghiare-in-spatiul-romanesc\/#primaryimage\"},\"thumbnailUrl\":\"https:\/\/desteptati-va.ro\/wp-content\/uploads\/2021\/04\/Viktor-Orban1.jpg\",\"articleSection\":[\"Spionajul maghiar\"],\"inLanguage\":\"ro-RO\",\"potentialAction\":[{\"@type\":\"CommentAction\",\"name\":\"Comment\",\"target\":[\"https:\/\/desteptati-va.ro\/index.php\/2021\/04\/16\/serviciile-de-spionaj-maghiare-in-spatiul-romanesc\/#respond\"]}]},{\"@type\":\"WebPage\",\"@id\":\"https:\/\/desteptati-va.ro\/index.php\/2021\/04\/16\/serviciile-de-spionaj-maghiare-in-spatiul-romanesc\/\",\"url\":\"https:\/\/desteptati-va.ro\/index.php\/2021\/04\/16\/serviciile-de-spionaj-maghiare-in-spatiul-romanesc\/\",\"name\":\"Serviciile de spionaj maghiare \u00een spa\u021biul rom\u00e2nesc -\",\"isPartOf\":{\"@id\":\"https:\/\/desteptati-va.ro\/#website\"},\"primaryImageOfPage\":{\"@id\":\"https:\/\/desteptati-va.ro\/index.php\/2021\/04\/16\/serviciile-de-spionaj-maghiare-in-spatiul-romanesc\/#primaryimage\"},\"image\":{\"@id\":\"https:\/\/desteptati-va.ro\/index.php\/2021\/04\/16\/serviciile-de-spionaj-maghiare-in-spatiul-romanesc\/#primaryimage\"},\"thumbnailUrl\":\"https:\/\/desteptati-va.ro\/wp-content\/uploads\/2021\/04\/Viktor-Orban1.jpg\",\"datePublished\":\"2021-04-16T07:12:25+00:00\",\"dateModified\":\"2022-01-19T07:17:11+00:00\",\"author\":{\"@id\":\"https:\/\/desteptati-va.ro\/#\/schema\/person\/13182deeebd44920914899f7bb262d6b\"},\"breadcrumb\":{\"@id\":\"https:\/\/desteptati-va.ro\/index.php\/2021\/04\/16\/serviciile-de-spionaj-maghiare-in-spatiul-romanesc\/#breadcrumb\"},\"inLanguage\":\"ro-RO\",\"potentialAction\":[{\"@type\":\"ReadAction\",\"target\":[\"https:\/\/desteptati-va.ro\/index.php\/2021\/04\/16\/serviciile-de-spionaj-maghiare-in-spatiul-romanesc\/\"]}]},{\"@type\":\"ImageObject\",\"inLanguage\":\"ro-RO\",\"@id\":\"https:\/\/desteptati-va.ro\/index.php\/2021\/04\/16\/serviciile-de-spionaj-maghiare-in-spatiul-romanesc\/#primaryimage\",\"url\":\"https:\/\/desteptati-va.ro\/wp-content\/uploads\/2021\/04\/Viktor-Orban1.jpg\",\"contentUrl\":\"https:\/\/desteptati-va.ro\/wp-content\/uploads\/2021\/04\/Viktor-Orban1.jpg\",\"width\":355,\"height\":278},{\"@type\":\"BreadcrumbList\",\"@id\":\"https:\/\/desteptati-va.ro\/index.php\/2021\/04\/16\/serviciile-de-spionaj-maghiare-in-spatiul-romanesc\/#breadcrumb\",\"itemListElement\":[{\"@type\":\"ListItem\",\"position\":1,\"name\":\"Prima pagin\u0103\",\"item\":\"https:\/\/desteptati-va.ro\/\"},{\"@type\":\"ListItem\",\"position\":2,\"name\":\"Serviciile de spionaj maghiare \u00een spa\u021biul rom\u00e2nesc\"}]},{\"@type\":\"WebSite\",\"@id\":\"https:\/\/desteptati-va.ro\/#website\",\"url\":\"https:\/\/desteptati-va.ro\/\",\"name\":\"\",\"description\":\"\",\"potentialAction\":[{\"@type\":\"SearchAction\",\"target\":{\"@type\":\"EntryPoint\",\"urlTemplate\":\"https:\/\/desteptati-va.ro\/?s={search_term_string}\"},\"query-input\":{\"@type\":\"PropertyValueSpecification\",\"valueRequired\":true,\"valueName\":\"search_term_string\"}}],\"inLanguage\":\"ro-RO\"},{\"@type\":\"Person\",\"@id\":\"https:\/\/desteptati-va.ro\/#\/schema\/person\/13182deeebd44920914899f7bb262d6b\",\"name\":\"wolfsoftcompany\",\"image\":{\"@type\":\"ImageObject\",\"inLanguage\":\"ro-RO\",\"@id\":\"https:\/\/desteptati-va.ro\/#\/schema\/person\/image\/\",\"url\":\"https:\/\/secure.gravatar.com\/avatar\/a6cce9b6d101d27d91690e7073e300fed94c0899890bf998e082cb9d2c3d121e?s=96&d=mm&r=g\",\"contentUrl\":\"https:\/\/secure.gravatar.com\/avatar\/a6cce9b6d101d27d91690e7073e300fed94c0899890bf998e082cb9d2c3d121e?s=96&d=mm&r=g\",\"caption\":\"wolfsoftcompany\"},\"sameAs\":[\"http:\/\/desteptati-va.ro\"],\"url\":\"https:\/\/desteptati-va.ro\/index.php\/author\/wolfsoftcompany\/\"}]}<\/script>\r\n<!-- \/ Yoast SEO plugin. -->","yoast_head_json":{"title":"Serviciile de spionaj maghiare \u00een spa\u021biul rom\u00e2nesc -","robots":{"index":"index","follow":"follow","max-snippet":"max-snippet:-1","max-image-preview":"max-image-preview:large","max-video-preview":"max-video-preview:-1"},"canonical":"https:\/\/desteptati-va.ro\/index.php\/2021\/04\/16\/serviciile-de-spionaj-maghiare-in-spatiul-romanesc\/","og_locale":"ro_RO","og_type":"article","og_title":"Serviciile de spionaj maghiare \u00een spa\u021biul rom\u00e2nesc -","og_description":"Dupa 1989, colonelul Florian G\u00e2rz \u2013 foarte multi ani ofiter de informatii \u00een structura Directiei de Informatii a Armatei Rom\u00e2neRead More","og_url":"https:\/\/desteptati-va.ro\/index.php\/2021\/04\/16\/serviciile-de-spionaj-maghiare-in-spatiul-romanesc\/","article_published_time":"2021-04-16T07:12:25+00:00","article_modified_time":"2022-01-19T07:17:11+00:00","og_image":[{"width":355,"height":278,"url":"https:\/\/desteptati-va.ro\/wp-content\/uploads\/2021\/04\/Viktor-Orban1.jpg","type":"image\/jpeg"}],"author":"wolfsoftcompany","twitter_card":"summary_large_image","twitter_misc":{"Scris de":"wolfsoftcompany","Timp estimat pentru citire":"18 minute"},"schema":{"@context":"https:\/\/schema.org","@graph":[{"@type":"Article","@id":"https:\/\/desteptati-va.ro\/index.php\/2021\/04\/16\/serviciile-de-spionaj-maghiare-in-spatiul-romanesc\/#article","isPartOf":{"@id":"https:\/\/desteptati-va.ro\/index.php\/2021\/04\/16\/serviciile-de-spionaj-maghiare-in-spatiul-romanesc\/"},"author":{"name":"wolfsoftcompany","@id":"https:\/\/desteptati-va.ro\/#\/schema\/person\/13182deeebd44920914899f7bb262d6b"},"headline":"Serviciile de spionaj maghiare \u00een spa\u021biul rom\u00e2nesc","datePublished":"2021-04-16T07:12:25+00:00","dateModified":"2022-01-19T07:17:11+00:00","mainEntityOfPage":{"@id":"https:\/\/desteptati-va.ro\/index.php\/2021\/04\/16\/serviciile-de-spionaj-maghiare-in-spatiul-romanesc\/"},"wordCount":3672,"commentCount":0,"image":{"@id":"https:\/\/desteptati-va.ro\/index.php\/2021\/04\/16\/serviciile-de-spionaj-maghiare-in-spatiul-romanesc\/#primaryimage"},"thumbnailUrl":"https:\/\/desteptati-va.ro\/wp-content\/uploads\/2021\/04\/Viktor-Orban1.jpg","articleSection":["Spionajul maghiar"],"inLanguage":"ro-RO","potentialAction":[{"@type":"CommentAction","name":"Comment","target":["https:\/\/desteptati-va.ro\/index.php\/2021\/04\/16\/serviciile-de-spionaj-maghiare-in-spatiul-romanesc\/#respond"]}]},{"@type":"WebPage","@id":"https:\/\/desteptati-va.ro\/index.php\/2021\/04\/16\/serviciile-de-spionaj-maghiare-in-spatiul-romanesc\/","url":"https:\/\/desteptati-va.ro\/index.php\/2021\/04\/16\/serviciile-de-spionaj-maghiare-in-spatiul-romanesc\/","name":"Serviciile de spionaj maghiare \u00een spa\u021biul rom\u00e2nesc -","isPartOf":{"@id":"https:\/\/desteptati-va.ro\/#website"},"primaryImageOfPage":{"@id":"https:\/\/desteptati-va.ro\/index.php\/2021\/04\/16\/serviciile-de-spionaj-maghiare-in-spatiul-romanesc\/#primaryimage"},"image":{"@id":"https:\/\/desteptati-va.ro\/index.php\/2021\/04\/16\/serviciile-de-spionaj-maghiare-in-spatiul-romanesc\/#primaryimage"},"thumbnailUrl":"https:\/\/desteptati-va.ro\/wp-content\/uploads\/2021\/04\/Viktor-Orban1.jpg","datePublished":"2021-04-16T07:12:25+00:00","dateModified":"2022-01-19T07:17:11+00:00","author":{"@id":"https:\/\/desteptati-va.ro\/#\/schema\/person\/13182deeebd44920914899f7bb262d6b"},"breadcrumb":{"@id":"https:\/\/desteptati-va.ro\/index.php\/2021\/04\/16\/serviciile-de-spionaj-maghiare-in-spatiul-romanesc\/#breadcrumb"},"inLanguage":"ro-RO","potentialAction":[{"@type":"ReadAction","target":["https:\/\/desteptati-va.ro\/index.php\/2021\/04\/16\/serviciile-de-spionaj-maghiare-in-spatiul-romanesc\/"]}]},{"@type":"ImageObject","inLanguage":"ro-RO","@id":"https:\/\/desteptati-va.ro\/index.php\/2021\/04\/16\/serviciile-de-spionaj-maghiare-in-spatiul-romanesc\/#primaryimage","url":"https:\/\/desteptati-va.ro\/wp-content\/uploads\/2021\/04\/Viktor-Orban1.jpg","contentUrl":"https:\/\/desteptati-va.ro\/wp-content\/uploads\/2021\/04\/Viktor-Orban1.jpg","width":355,"height":278},{"@type":"BreadcrumbList","@id":"https:\/\/desteptati-va.ro\/index.php\/2021\/04\/16\/serviciile-de-spionaj-maghiare-in-spatiul-romanesc\/#breadcrumb","itemListElement":[{"@type":"ListItem","position":1,"name":"Prima pagin\u0103","item":"https:\/\/desteptati-va.ro\/"},{"@type":"ListItem","position":2,"name":"Serviciile de spionaj maghiare \u00een spa\u021biul rom\u00e2nesc"}]},{"@type":"WebSite","@id":"https:\/\/desteptati-va.ro\/#website","url":"https:\/\/desteptati-va.ro\/","name":"","description":"","potentialAction":[{"@type":"SearchAction","target":{"@type":"EntryPoint","urlTemplate":"https:\/\/desteptati-va.ro\/?s={search_term_string}"},"query-input":{"@type":"PropertyValueSpecification","valueRequired":true,"valueName":"search_term_string"}}],"inLanguage":"ro-RO"},{"@type":"Person","@id":"https:\/\/desteptati-va.ro\/#\/schema\/person\/13182deeebd44920914899f7bb262d6b","name":"wolfsoftcompany","image":{"@type":"ImageObject","inLanguage":"ro-RO","@id":"https:\/\/desteptati-va.ro\/#\/schema\/person\/image\/","url":"https:\/\/secure.gravatar.com\/avatar\/a6cce9b6d101d27d91690e7073e300fed94c0899890bf998e082cb9d2c3d121e?s=96&d=mm&r=g","contentUrl":"https:\/\/secure.gravatar.com\/avatar\/a6cce9b6d101d27d91690e7073e300fed94c0899890bf998e082cb9d2c3d121e?s=96&d=mm&r=g","caption":"wolfsoftcompany"},"sameAs":["http:\/\/desteptati-va.ro"],"url":"https:\/\/desteptati-va.ro\/index.php\/author\/wolfsoftcompany\/"}]}},"_links":{"self":[{"href":"https:\/\/desteptati-va.ro\/index.php\/wp-json\/wp\/v2\/posts\/3670","targetHints":{"allow":["GET"]}}],"collection":[{"href":"https:\/\/desteptati-va.ro\/index.php\/wp-json\/wp\/v2\/posts"}],"about":[{"href":"https:\/\/desteptati-va.ro\/index.php\/wp-json\/wp\/v2\/types\/post"}],"author":[{"embeddable":true,"href":"https:\/\/desteptati-va.ro\/index.php\/wp-json\/wp\/v2\/users\/1"}],"replies":[{"embeddable":true,"href":"https:\/\/desteptati-va.ro\/index.php\/wp-json\/wp\/v2\/comments?post=3670"}],"version-history":[{"count":2,"href":"https:\/\/desteptati-va.ro\/index.php\/wp-json\/wp\/v2\/posts\/3670\/revisions"}],"predecessor-version":[{"id":4547,"href":"https:\/\/desteptati-va.ro\/index.php\/wp-json\/wp\/v2\/posts\/3670\/revisions\/4547"}],"wp:featuredmedia":[{"embeddable":true,"href":"https:\/\/desteptati-va.ro\/index.php\/wp-json\/wp\/v2\/media\/2806"}],"wp:attachment":[{"href":"https:\/\/desteptati-va.ro\/index.php\/wp-json\/wp\/v2\/media?parent=3670"}],"wp:term":[{"taxonomy":"category","embeddable":true,"href":"https:\/\/desteptati-va.ro\/index.php\/wp-json\/wp\/v2\/categories?post=3670"},{"taxonomy":"post_tag","embeddable":true,"href":"https:\/\/desteptati-va.ro\/index.php\/wp-json\/wp\/v2\/tags?post=3670"}],"curies":[{"name":"wp","href":"https:\/\/api.w.org\/{rel}","templated":true}]}}