{"id":3676,"date":"2021-04-16T07:19:18","date_gmt":"2021-04-16T07:19:18","guid":{"rendered":"http:\/\/desteptati.ro\/?p=3676"},"modified":"2021-04-16T07:19:18","modified_gmt":"2021-04-16T07:19:18","slug":"monstruoasa-coalitie","status":"publish","type":"post","link":"https:\/\/desteptati-va.ro\/index.php\/2021\/04\/16\/monstruoasa-coalitie\/","title":{"rendered":"Monstruoasa coali\u0163ie"},"content":{"rendered":"<div class=\"post-content\"><div class='booster-block booster-read-block'>\n                <div class=\"twp-read-time\">\n                \t<i class=\"booster-icon twp-clock\"><\/i> <span>Read Time:<\/span>4 Minute, 18 Second                <\/div>\n\n            <\/div><h4 style=\"text-align: justify;\">\u201e<strong>Monstruoasa coali\u0163ie<\/strong>\u201d este denumirea cu care a r\u0103mas \u00een con\u015ftiin\u0163a colectiv\u0103 alian\u0163a dintre radicali \u015fi conservatori \u00eempotriva lui Alexandru Ioan Cuza. Este important de men\u0163ionat c\u0103 aceast\u0103 denumire a fost dat\u0103 ulterior abdic\u0103rii domnului de partizanii cuzi\u015fti, adic\u0103 de oamenii politici care au r\u0103mas loiali fostului domn. Scopul a fost acela de a crea \u00een mentalul colectiv o imagine defavorabil\u0103 acestei alian\u0163e nefire\u015fti \u00een opinia cuzi\u015ftilor.<\/h4>\r\n<h4 style=\"text-align: justify;\">De\u015fi la prima analiz\u0103 o coali\u0163ie \u00eentre st\u00e2nga politic\u0103 (radicalii) \u015fi dreapta politic\u0103 (conservatorii) poate fi catalogat\u0103 drept nefireasc\u0103, ea a fost una logic\u0103 dac\u0103 este judecat\u0103 \u00een ansamblul contextului politic, regimul personal autoritar instaurat de Cuza.<\/h4>\r\n<h4 style=\"text-align: justify;\">Tendin\u0163ele autoritare manifestate de domn au devenit evidente \u00eenc\u0103 de la \u00eenceputul anului 1863, iar regimul personal a fost instalat \u00een urma loviturii de stat din 2 mai 1864. Adunarea Legislativ\u0103 a fost dizolvat\u0103, iar domnul a adoptat o nou\u0103 lege electoral\u0103 \u015fi o nou\u0103 lege fundamental\u0103 care \u00eei conferea largi prerogative legislative \u015fi executive. Din acest moment, scena politic\u0103 s-a divizat \u00een dou\u0103 tabere, cuzi\u015ftii \u015fi opozi\u0163ia. Mai mult, domnul \u00een\u0163elegea s\u0103 guverneze deasupra grup\u0103rilor politice cu persoane de \u00eencredere, de nuan\u0163e moderate, precum Mihail Kog\u0103lniceanu sau Nicolae Cre\u0163ulescu.<\/h4>\r\n<h4 style=\"text-align: justify;\">Prin urmare, era firesc ca opozi\u0163ia s\u0103 se coalizeze \u00eempotriva domnului \u015fi a regimului s\u0103u personal, \u00een pofida faptului c\u0103 aceast\u0103 opozi\u0163ie era format\u0103 din grup\u0103ri total opuse pe spectrul politic.<\/h4>\r\n<h4 style=\"text-align: justify;\">Liderii acestei coali\u0163ii au fost radicalul C. A. Rosetti, conservatorul Lasc\u0103r Catargiu \u015fi moderatul Ion Ghica.<\/h4>\r\n<h4 style=\"text-align: justify;\">Pe 11 februarie 1866, \u00een jurul orei 4, domnitorul Alexandru Ioan Cuza semna, pe spatele unuia dintre conspiratori, documentul de abdicare cu urm\u0103torul con\u0163inut: \u201eNoi, Alexandru Ioan I, conform dorin\u0163ei na\u0163iunii \u00eentregi \u015fi angajamentului ce am luat la suirea pe Tron, depun ast\u0103zi, 11 februarie 1866, c\u00e2rma guvernului \u00een m\u00e2na unei Locotenen\u0163e Domne\u015fti \u015fi a Ministrului ales de popor\u201c.<\/h4>\r\n<h4 style=\"text-align: justify;\">A\u015fadar, \u201emonstruoasa coali\u0163ie\u201c \u015fi-a atins scopul. Cel care, se spune \u00eentr-un document al vremii, \u201ea luat averea rom\u00e2n\u0103 din m\u00e2inile str\u0103inilor, a \u00eempropriet\u0103rit cl\u0103ca\u015fii, cel ce a armat \u0163ara &#8230;\u201c este nevoit s\u0103 ia drumul exilului. Pe 13 februarie, Cuza p\u0103r\u0103se\u015fte Bucure\u015ftiul plec\u00e2nd spre Bra\u015fov, iar la 10 mai, acela\u015fi an, prin\u0163ul Carol de Hohenzollern-Sigmaringen, agreat de numeroase cur\u0163i monarhice europene, este proclamat de c\u0103tre Noua Adunare domnitor al Rom\u00e2niei sub numele de Carol I.<\/h4>\r\n<h4 style=\"text-align: justify;\">De acum \u015fi p\u00e2n\u0103 la moarte, Al. I. Cuza va fi m\u0103cinat de dorul \u0163\u0103rii pe care a p\u0103r\u0103sit-o \u015fi va face mereu demersuri pentru a i se permite s\u0103 revin\u0103. \u00centr-o scrisoare adresat\u0103 lui Carol I, pe 16 aprilie 1867 de la Paris, Cuza noteaz\u0103 cu elegan\u0163\u0103 \u015fi demnitate: \u201eRevenind ca simplu cet\u0103\u0163ean \u00een \u0163ara mea, nu doresc altceva dec\u00e2t ca \u00eempreun\u0103 cu familia mea s\u0103 pot duce o existen\u0163\u0103 conform\u0103 nevoilor \u015fi pozi\u0163iei mele. M-a\u015f sim\u0163i foarte fericit, Principe, dac\u0103 \u00eentr-o zi a\u015f avea pl\u0103cerea s\u0103 v\u0103 transmit \u00een mod personal asigurarea sentimentelor mele.\u201c<\/h4>\r\n<h4 style=\"text-align: justify;\">Aceast\u0103 cerere, ca \u015fi multe altele s-au lovit de refuzul categoric al domnitorului. Iat\u0103 o parte din r\u0103spunsul lui Carol I, datat 2 iunie 1867:<\/h4>\r\n<h4 style=\"text-align: justify;\">\u201eDeparte de a pune la \u00eendoial\u0103 bunele voastre inten\u0163ii, sunt convins c\u0103 dorin\u0163a voastr\u0103 de a reveni \u00een Rom\u00e2nia se datoreaz\u0103 numai intereselor personale \u015fi c\u0103 prin prezen\u0163a voastr\u0103 aici \u0163ara c\u00e2\u015ftig\u0103 \u00een plus un bun cet\u0103\u0163ean. Cu acest g\u00e2nd am f\u0103cut cunoscut\u0103 cererea voastr\u0103 Consiliului meu de Mini\u015ftri. Consiliul a considerat, Prin\u0163ul meu, c\u0103 dup\u0103 ce a trebuit s\u0103 p\u0103r\u0103si\u0163i teritoriul rom\u00e2nesc \u00een urma evenimentelor politice at\u00e2t de grave, este mai \u00een\u0163elept din partea dumneavoastr\u0103 s\u0103 nu v\u0103 gr\u0103bi\u0163i a reveni \u00een \u0162ar\u0103!\u201c<\/h4>\r\n<h4 style=\"text-align: justify;\">Mistuit de dorul de \u0163ar\u0103, Al. I. Cuza se adreseaz\u0103 \u015fi \u00eemp\u0103ratului Fran\u0163ei, Napoleon al III-lea, solicit\u00e2ndu-i sprijinul \u00eentr-o scrisoare datat\u0103 la 27 mai 1867, \u00een care spune:<\/h4>\r\n<h4 style=\"text-align: justify;\">\u201eChestiunile fiind neglijate de la plecarea mea, necesitatea de a da curs unui proces suscitat de pasiuni politice m\u0103 determin\u0103 s\u0103 m\u0103 \u00eenapoiez \u00een Principatele Unite. Redevenind un simplu cet\u0103\u0163ean, nu am alt\u0103 dorin\u0163\u0103 dec\u00e2t s\u0103 continui \u00een Moldova via\u0163a lini\u015ftit\u0103 \u015fi retras\u0103 pe care o duc de la abdicarea mea&#8230; \u00eendr\u0103znesc s\u0103 sper c\u0103 Maiestatea Voastr\u0103 va g\u0103si \u00een aceast\u0103 interven\u0163ie o nou\u0103 dovad\u0103 a stimei pe care o adaug la aprecierea pre\u0163ioas\u0103 prin care Ea a binevoit \u00eentotdeauna s\u0103 m\u0103 onoreze&#8230;\u201c<\/h4>\r\n<h4 style=\"text-align: justify;\">Din p\u0103cate, aceast\u0103 interven\u0163ie nu a avut rezultatul scontat, a\u015fa cum nici alte ac\u0163iuni ini\u0163iate de partizanii fostului domn nu s-au finalizat favorabil. \u00cen ianuarie 1870, la alegerile parlamentare par\u0163iale, Al. I. Cuza, aflat \u00een exil, este ales deputat de Mehedin\u0163i; \u015ftiind \u00eens\u0103 c\u0103 regele Carol I, ca \u015fi cei care l-au detronat nu-l vor \u00een \u0163ar\u0103, Al. I. Cuza refuz\u0103.<\/h4>\r\n<h4 style=\"text-align: justify;\">\u00centre str\u0103ini, fostul domn, bolnav \u015fi tot mai singur, e cu g\u00e2ndul la Moldova, a\u015fa cum Alexandru Cuza, fiul s\u0103u se confesa lui Alexandru Beldiman \u00eentr-o scrisoare \u00een care descria starea \u00een care se afla tat\u0103l s\u0103u.<\/h4>\r\n<h4 style=\"text-align: justify;\">A revenit \u00een \u0163ar\u0103 dup\u0103 moartea survenit\u0103 \u00een 1873 la Heidelberg, \u00een Germania. Ziarele vremii au consemnat jalea ad\u00e2nc\u0103 cu care l-au \u00eent\u00e2mpinat cei care deveniser\u0103 prin voin\u0163a lui, din cl\u0103ca\u015fi, proprietari. A fost \u00eenmorm\u00e2ntat la castelul de la Ruginoasa, iar acum osemintele lui se odihnesc la M\u0103n\u0103stirea Trei Ierarhi din Ia\u015fi.<\/h4>\r\n<h4 style=\"text-align: justify;\"><em> Material cules din blogosfera<\/em><\/h4>        <div class=\"booster-block booster-reactions-block\">\n            <div class=\"twp-reactions-icons\">\n                \n                <div class=\"twp-reacts-wrap\">\n                    <a react-data=\"be-react-1\" post-id=\"3676\" class=\"be-face-icons un-reacted\" href=\"javascript:void(0)\">\n                        <img decoding=\"async\" src=\"https:\/\/desteptati-va.ro\/wp-content\/plugins\/booster-extension\/\/assets\/icon\/happy.svg\" alt=\"Happy\">\n                    <\/a>\n                    <div class=\"twp-reaction-title\">\n                        Happy                    <\/div>\n                    <div class=\"twp-count-percent\">\n                                                    <span style=\"display: none;\" class=\"twp-react-count\">0<\/span>\n                        \n                                                <span class=\"twp-react-percent\"><span>0<\/span> %<\/span>\n                                            <\/div>\n                <\/div>\n\n                <div class=\"twp-reacts-wrap\">\n                    <a react-data=\"be-react-2\" post-id=\"3676\" class=\"be-face-icons un-reacted\" href=\"javascript:void(0)\">\n                        <img decoding=\"async\" src=\"https:\/\/desteptati-va.ro\/wp-content\/plugins\/booster-extension\/\/assets\/icon\/sad.svg\" alt=\"Sad\">\n                    <\/a>\n                    <div class=\"twp-reaction-title\">\n                        Sad                    <\/div>\n                    <div class=\"twp-count-percent\">\n                                                    <span style=\"display: none;\" class=\"twp-react-count\">0<\/span>\n                                                                        <span class=\"twp-react-percent\"><span>0<\/span> %<\/span>\n                                            <\/div>\n                <\/div>\n\n                <div class=\"twp-reacts-wrap\">\n                    <a react-data=\"be-react-3\" post-id=\"3676\" class=\"be-face-icons un-reacted\" href=\"javascript:void(0)\">\n                        <img decoding=\"async\" src=\"https:\/\/desteptati-va.ro\/wp-content\/plugins\/booster-extension\/\/assets\/icon\/excited.svg\" alt=\"Excited\">\n                    <\/a>\n                    <div class=\"twp-reaction-title\">\n                        Excited                    <\/div>\n                    <div class=\"twp-count-percent\">\n                                                    <span style=\"display: none;\" class=\"twp-react-count\">0<\/span>\n                                                                        <span class=\"twp-react-percent\"><span>0<\/span> %<\/span>\n                                            <\/div>\n                <\/div>\n\n                <div class=\"twp-reacts-wrap\">\n                    <a react-data=\"be-react-6\" post-id=\"3676\" class=\"be-face-icons un-reacted\" href=\"javascript:void(0)\">\n                        <img decoding=\"async\" src=\"https:\/\/desteptati-va.ro\/wp-content\/plugins\/booster-extension\/\/assets\/icon\/sleepy.svg\" alt=\"Sleepy\">\n                    <\/a>\n                    <div class=\"twp-reaction-title\">\n                        Sleepy                    <\/div>\n                    <div class=\"twp-count-percent\">\n                                                    <span style=\"display: none;\" class=\"twp-react-count\">0<\/span>\n                        \n                                                <span class=\"twp-react-percent\"><span>0<\/span> %<\/span>\n                                            <\/div>\n                <\/div>\n\n                <div class=\"twp-reacts-wrap\">\n                    <a react-data=\"be-react-4\" post-id=\"3676\" class=\"be-face-icons un-reacted\" href=\"javascript:void(0)\">\n                        <img decoding=\"async\" src=\"https:\/\/desteptati-va.ro\/wp-content\/plugins\/booster-extension\/\/assets\/icon\/angry.svg\" alt=\"Angry\">\n                    <\/a>\n                    <div class=\"twp-reaction-title\">Angry<\/div>\n                    <div class=\"twp-count-percent\">\n                                                    <span style=\"display: none;\" class=\"twp-react-count\">0<\/span>\n                                                                        <span class=\"twp-react-percent\"><span>0<\/span> %<\/span>\n                        \n                    <\/div>\n                <\/div>\n\n                <div class=\"twp-reacts-wrap\">\n                    <a react-data=\"be-react-5\" post-id=\"3676\" class=\"be-face-icons un-reacted\" href=\"javascript:void(0)\">\n                        <img decoding=\"async\" src=\"https:\/\/desteptati-va.ro\/wp-content\/plugins\/booster-extension\/\/assets\/icon\/surprise.svg\" alt=\"Surprise\">\n                    <\/a>\n                    <div class=\"twp-reaction-title\">Surprise<\/div>\n                    <div class=\"twp-count-percent\">\n                                                    <span style=\"display: none;\" class=\"twp-react-count\">0<\/span>\n                                                                        <span class=\"twp-react-percent\"><span>0<\/span> %<\/span>\n                                            <\/div>\n                <\/div>\n\n            <\/div>\n        <\/div>\n\n    <\/div>","protected":false},"excerpt":{"rendered":"<p>\u201eMonstruoasa coali\u0163ie\u201d este denumirea cu care a r\u0103mas \u00een con\u015ftiin\u0163a colectiv\u0103 alian\u0163a dintre radicali \u015fi conservatori \u00eempotriva lui Alexandru Ioan<a href=\"https:\/\/desteptati-va.ro\/index.php\/2021\/04\/16\/monstruoasa-coalitie\/\">Read More<i class=\"fa fa-long-arrow-right\" aria-hidden=\"true\"><\/i><\/a><\/p>\n","protected":false},"author":1,"featured_media":1147,"comment_status":"open","ping_status":"open","sticky":false,"template":"","format":"standard","meta":{"_crdt_document":"","footnotes":""},"categories":[28,47],"tags":[688,689,690,691,59,60,692,693,694,695,696,697,698],"class_list":["post-3676","post","type-post","status-publish","format-standard","has-post-thumbnail","hentry","category-secvente-istorice","category-unirea-si-domnul-ei","tag-adunare-legislativa","tag-alexandru","tag-ca-rosetti","tag-cuza","tag-desteptati","tag-desteptati-va","tag-ioan","tag-ion-ghica","tag-lascar-catargiu","tag-lovitura-de-palat","tag-lovitura-de-stat","tag-monstruoasa-coalitie","tag-napoleon-iii"],"rise-blocks_total_comments":0,"rise-blocks_categories":[{"term_id":47,"name":"Unirea si Domnul ei","slug":"unirea-si-domnul-ei","term_group":0,"term_taxonomy_id":47,"taxonomy":"category","description":"","parent":28,"count":4,"filter":"raw"}],"rise-blocks_excerpt":"\u201eMonstruoasa coali\u0163ie\u201d este denumirea cu care a r\u0103mas \u00een con\u015ftiin\u0163a colectiv\u0103 alian\u0163a dintre radicali \u015fi conservatori \u00eempotriva lui Alexandru Ioan Cuza. Este important de men\u0163ionat c\u0103 aceast\u0103 denumire a fost dat\u0103 ulterior abdic\u0103rii domnului de partizanii cuzi\u015fti, adic\u0103 de oamenii politici care au r\u0103mas loiali fostului domn. Scopul a fost acela de a crea \u00een mentalul colectiv o imagine defavorabil\u0103..","yoast_head":"<!-- This site is optimized with the Yoast SEO plugin v26.9 - https:\/\/yoast.com\/product\/yoast-seo-wordpress\/ -->\r\n<title>Monstruoasa coali\u0163ie -<\/title>\r\n<meta name=\"robots\" content=\"index, follow, max-snippet:-1, max-image-preview:large, max-video-preview:-1\" \/>\r\n<link rel=\"canonical\" href=\"https:\/\/desteptati-va.ro\/index.php\/2021\/04\/16\/monstruoasa-coalitie\/\" \/>\r\n<meta property=\"og:locale\" content=\"ro_RO\" \/>\r\n<meta property=\"og:type\" content=\"article\" \/>\r\n<meta property=\"og:title\" content=\"Monstruoasa coali\u0163ie -\" \/>\r\n<meta property=\"og:description\" content=\"\u201eMonstruoasa coali\u0163ie\u201d este denumirea cu care a r\u0103mas \u00een con\u015ftiin\u0163a colectiv\u0103 alian\u0163a dintre radicali \u015fi conservatori \u00eempotriva lui Alexandru IoanRead More\" \/>\r\n<meta property=\"og:url\" content=\"https:\/\/desteptati-va.ro\/index.php\/2021\/04\/16\/monstruoasa-coalitie\/\" \/>\r\n<meta property=\"article:published_time\" content=\"2021-04-16T07:19:18+00:00\" \/>\r\n<meta property=\"og:image\" content=\"https:\/\/desteptati-va.ro\/wp-content\/uploads\/2021\/04\/images1.jpg\" \/>\r\n\t<meta property=\"og:image:width\" content=\"218\" \/>\r\n\t<meta property=\"og:image:height\" content=\"231\" \/>\r\n\t<meta property=\"og:image:type\" content=\"image\/jpeg\" \/>\r\n<meta name=\"author\" content=\"wolfsoftcompany\" \/>\r\n<meta name=\"twitter:card\" content=\"summary_large_image\" \/>\r\n<meta name=\"twitter:label1\" content=\"Scris de\" \/>\n\t<meta name=\"twitter:data1\" content=\"wolfsoftcompany\" \/>\n\t<meta name=\"twitter:label2\" content=\"Timp estimat pentru citire\" \/>\n\t<meta name=\"twitter:data2\" content=\"5 minute\" \/>\r\n<script type=\"application\/ld+json\" class=\"yoast-schema-graph\">{\"@context\":\"https:\/\/schema.org\",\"@graph\":[{\"@type\":\"Article\",\"@id\":\"https:\/\/desteptati-va.ro\/index.php\/2021\/04\/16\/monstruoasa-coalitie\/#article\",\"isPartOf\":{\"@id\":\"https:\/\/desteptati-va.ro\/index.php\/2021\/04\/16\/monstruoasa-coalitie\/\"},\"author\":{\"name\":\"wolfsoftcompany\",\"@id\":\"https:\/\/desteptati-va.ro\/#\/schema\/person\/13182deeebd44920914899f7bb262d6b\"},\"headline\":\"Monstruoasa coali\u0163ie\",\"datePublished\":\"2021-04-16T07:19:18+00:00\",\"mainEntityOfPage\":{\"@id\":\"https:\/\/desteptati-va.ro\/index.php\/2021\/04\/16\/monstruoasa-coalitie\/\"},\"wordCount\":946,\"commentCount\":0,\"image\":{\"@id\":\"https:\/\/desteptati-va.ro\/index.php\/2021\/04\/16\/monstruoasa-coalitie\/#primaryimage\"},\"thumbnailUrl\":\"https:\/\/desteptati-va.ro\/wp-content\/uploads\/2021\/04\/images1.jpg\",\"keywords\":[\"adunare legislativa\",\"Alexandru\",\"CA Rosetti\",\"Cuza\",\"desteptati\",\"desteptati-va\",\"Ioan\",\"Ion Ghica\",\"Lascar Catargiu\",\"lovitura de palat\",\"lovitura de stat\",\"monstruoasa coalitie\",\"Napoleon III\"],\"articleSection\":[\"Secvente Istorice\",\"Unirea si Domnul ei\"],\"inLanguage\":\"ro-RO\",\"potentialAction\":[{\"@type\":\"CommentAction\",\"name\":\"Comment\",\"target\":[\"https:\/\/desteptati-va.ro\/index.php\/2021\/04\/16\/monstruoasa-coalitie\/#respond\"]}]},{\"@type\":\"WebPage\",\"@id\":\"https:\/\/desteptati-va.ro\/index.php\/2021\/04\/16\/monstruoasa-coalitie\/\",\"url\":\"https:\/\/desteptati-va.ro\/index.php\/2021\/04\/16\/monstruoasa-coalitie\/\",\"name\":\"Monstruoasa coali\u0163ie -\",\"isPartOf\":{\"@id\":\"https:\/\/desteptati-va.ro\/#website\"},\"primaryImageOfPage\":{\"@id\":\"https:\/\/desteptati-va.ro\/index.php\/2021\/04\/16\/monstruoasa-coalitie\/#primaryimage\"},\"image\":{\"@id\":\"https:\/\/desteptati-va.ro\/index.php\/2021\/04\/16\/monstruoasa-coalitie\/#primaryimage\"},\"thumbnailUrl\":\"https:\/\/desteptati-va.ro\/wp-content\/uploads\/2021\/04\/images1.jpg\",\"datePublished\":\"2021-04-16T07:19:18+00:00\",\"author\":{\"@id\":\"https:\/\/desteptati-va.ro\/#\/schema\/person\/13182deeebd44920914899f7bb262d6b\"},\"breadcrumb\":{\"@id\":\"https:\/\/desteptati-va.ro\/index.php\/2021\/04\/16\/monstruoasa-coalitie\/#breadcrumb\"},\"inLanguage\":\"ro-RO\",\"potentialAction\":[{\"@type\":\"ReadAction\",\"target\":[\"https:\/\/desteptati-va.ro\/index.php\/2021\/04\/16\/monstruoasa-coalitie\/\"]}]},{\"@type\":\"ImageObject\",\"inLanguage\":\"ro-RO\",\"@id\":\"https:\/\/desteptati-va.ro\/index.php\/2021\/04\/16\/monstruoasa-coalitie\/#primaryimage\",\"url\":\"https:\/\/desteptati-va.ro\/wp-content\/uploads\/2021\/04\/images1.jpg\",\"contentUrl\":\"https:\/\/desteptati-va.ro\/wp-content\/uploads\/2021\/04\/images1.jpg\",\"width\":218,\"height\":231},{\"@type\":\"BreadcrumbList\",\"@id\":\"https:\/\/desteptati-va.ro\/index.php\/2021\/04\/16\/monstruoasa-coalitie\/#breadcrumb\",\"itemListElement\":[{\"@type\":\"ListItem\",\"position\":1,\"name\":\"Prima pagin\u0103\",\"item\":\"https:\/\/desteptati-va.ro\/\"},{\"@type\":\"ListItem\",\"position\":2,\"name\":\"Monstruoasa coali\u0163ie\"}]},{\"@type\":\"WebSite\",\"@id\":\"https:\/\/desteptati-va.ro\/#website\",\"url\":\"https:\/\/desteptati-va.ro\/\",\"name\":\"\",\"description\":\"\",\"potentialAction\":[{\"@type\":\"SearchAction\",\"target\":{\"@type\":\"EntryPoint\",\"urlTemplate\":\"https:\/\/desteptati-va.ro\/?s={search_term_string}\"},\"query-input\":{\"@type\":\"PropertyValueSpecification\",\"valueRequired\":true,\"valueName\":\"search_term_string\"}}],\"inLanguage\":\"ro-RO\"},{\"@type\":\"Person\",\"@id\":\"https:\/\/desteptati-va.ro\/#\/schema\/person\/13182deeebd44920914899f7bb262d6b\",\"name\":\"wolfsoftcompany\",\"image\":{\"@type\":\"ImageObject\",\"inLanguage\":\"ro-RO\",\"@id\":\"https:\/\/desteptati-va.ro\/#\/schema\/person\/image\/\",\"url\":\"https:\/\/secure.gravatar.com\/avatar\/a6cce9b6d101d27d91690e7073e300fed94c0899890bf998e082cb9d2c3d121e?s=96&d=mm&r=g\",\"contentUrl\":\"https:\/\/secure.gravatar.com\/avatar\/a6cce9b6d101d27d91690e7073e300fed94c0899890bf998e082cb9d2c3d121e?s=96&d=mm&r=g\",\"caption\":\"wolfsoftcompany\"},\"sameAs\":[\"http:\/\/desteptati-va.ro\"],\"url\":\"https:\/\/desteptati-va.ro\/index.php\/author\/wolfsoftcompany\/\"}]}<\/script>\r\n<!-- \/ Yoast SEO plugin. -->","yoast_head_json":{"title":"Monstruoasa coali\u0163ie -","robots":{"index":"index","follow":"follow","max-snippet":"max-snippet:-1","max-image-preview":"max-image-preview:large","max-video-preview":"max-video-preview:-1"},"canonical":"https:\/\/desteptati-va.ro\/index.php\/2021\/04\/16\/monstruoasa-coalitie\/","og_locale":"ro_RO","og_type":"article","og_title":"Monstruoasa coali\u0163ie -","og_description":"\u201eMonstruoasa coali\u0163ie\u201d este denumirea cu care a r\u0103mas \u00een con\u015ftiin\u0163a colectiv\u0103 alian\u0163a dintre radicali \u015fi conservatori \u00eempotriva lui Alexandru IoanRead More","og_url":"https:\/\/desteptati-va.ro\/index.php\/2021\/04\/16\/monstruoasa-coalitie\/","article_published_time":"2021-04-16T07:19:18+00:00","og_image":[{"width":218,"height":231,"url":"https:\/\/desteptati-va.ro\/wp-content\/uploads\/2021\/04\/images1.jpg","type":"image\/jpeg"}],"author":"wolfsoftcompany","twitter_card":"summary_large_image","twitter_misc":{"Scris de":"wolfsoftcompany","Timp estimat pentru citire":"5 minute"},"schema":{"@context":"https:\/\/schema.org","@graph":[{"@type":"Article","@id":"https:\/\/desteptati-va.ro\/index.php\/2021\/04\/16\/monstruoasa-coalitie\/#article","isPartOf":{"@id":"https:\/\/desteptati-va.ro\/index.php\/2021\/04\/16\/monstruoasa-coalitie\/"},"author":{"name":"wolfsoftcompany","@id":"https:\/\/desteptati-va.ro\/#\/schema\/person\/13182deeebd44920914899f7bb262d6b"},"headline":"Monstruoasa coali\u0163ie","datePublished":"2021-04-16T07:19:18+00:00","mainEntityOfPage":{"@id":"https:\/\/desteptati-va.ro\/index.php\/2021\/04\/16\/monstruoasa-coalitie\/"},"wordCount":946,"commentCount":0,"image":{"@id":"https:\/\/desteptati-va.ro\/index.php\/2021\/04\/16\/monstruoasa-coalitie\/#primaryimage"},"thumbnailUrl":"https:\/\/desteptati-va.ro\/wp-content\/uploads\/2021\/04\/images1.jpg","keywords":["adunare legislativa","Alexandru","CA Rosetti","Cuza","desteptati","desteptati-va","Ioan","Ion Ghica","Lascar Catargiu","lovitura de palat","lovitura de stat","monstruoasa coalitie","Napoleon III"],"articleSection":["Secvente Istorice","Unirea si Domnul ei"],"inLanguage":"ro-RO","potentialAction":[{"@type":"CommentAction","name":"Comment","target":["https:\/\/desteptati-va.ro\/index.php\/2021\/04\/16\/monstruoasa-coalitie\/#respond"]}]},{"@type":"WebPage","@id":"https:\/\/desteptati-va.ro\/index.php\/2021\/04\/16\/monstruoasa-coalitie\/","url":"https:\/\/desteptati-va.ro\/index.php\/2021\/04\/16\/monstruoasa-coalitie\/","name":"Monstruoasa coali\u0163ie -","isPartOf":{"@id":"https:\/\/desteptati-va.ro\/#website"},"primaryImageOfPage":{"@id":"https:\/\/desteptati-va.ro\/index.php\/2021\/04\/16\/monstruoasa-coalitie\/#primaryimage"},"image":{"@id":"https:\/\/desteptati-va.ro\/index.php\/2021\/04\/16\/monstruoasa-coalitie\/#primaryimage"},"thumbnailUrl":"https:\/\/desteptati-va.ro\/wp-content\/uploads\/2021\/04\/images1.jpg","datePublished":"2021-04-16T07:19:18+00:00","author":{"@id":"https:\/\/desteptati-va.ro\/#\/schema\/person\/13182deeebd44920914899f7bb262d6b"},"breadcrumb":{"@id":"https:\/\/desteptati-va.ro\/index.php\/2021\/04\/16\/monstruoasa-coalitie\/#breadcrumb"},"inLanguage":"ro-RO","potentialAction":[{"@type":"ReadAction","target":["https:\/\/desteptati-va.ro\/index.php\/2021\/04\/16\/monstruoasa-coalitie\/"]}]},{"@type":"ImageObject","inLanguage":"ro-RO","@id":"https:\/\/desteptati-va.ro\/index.php\/2021\/04\/16\/monstruoasa-coalitie\/#primaryimage","url":"https:\/\/desteptati-va.ro\/wp-content\/uploads\/2021\/04\/images1.jpg","contentUrl":"https:\/\/desteptati-va.ro\/wp-content\/uploads\/2021\/04\/images1.jpg","width":218,"height":231},{"@type":"BreadcrumbList","@id":"https:\/\/desteptati-va.ro\/index.php\/2021\/04\/16\/monstruoasa-coalitie\/#breadcrumb","itemListElement":[{"@type":"ListItem","position":1,"name":"Prima pagin\u0103","item":"https:\/\/desteptati-va.ro\/"},{"@type":"ListItem","position":2,"name":"Monstruoasa coali\u0163ie"}]},{"@type":"WebSite","@id":"https:\/\/desteptati-va.ro\/#website","url":"https:\/\/desteptati-va.ro\/","name":"","description":"","potentialAction":[{"@type":"SearchAction","target":{"@type":"EntryPoint","urlTemplate":"https:\/\/desteptati-va.ro\/?s={search_term_string}"},"query-input":{"@type":"PropertyValueSpecification","valueRequired":true,"valueName":"search_term_string"}}],"inLanguage":"ro-RO"},{"@type":"Person","@id":"https:\/\/desteptati-va.ro\/#\/schema\/person\/13182deeebd44920914899f7bb262d6b","name":"wolfsoftcompany","image":{"@type":"ImageObject","inLanguage":"ro-RO","@id":"https:\/\/desteptati-va.ro\/#\/schema\/person\/image\/","url":"https:\/\/secure.gravatar.com\/avatar\/a6cce9b6d101d27d91690e7073e300fed94c0899890bf998e082cb9d2c3d121e?s=96&d=mm&r=g","contentUrl":"https:\/\/secure.gravatar.com\/avatar\/a6cce9b6d101d27d91690e7073e300fed94c0899890bf998e082cb9d2c3d121e?s=96&d=mm&r=g","caption":"wolfsoftcompany"},"sameAs":["http:\/\/desteptati-va.ro"],"url":"https:\/\/desteptati-va.ro\/index.php\/author\/wolfsoftcompany\/"}]}},"_links":{"self":[{"href":"https:\/\/desteptati-va.ro\/index.php\/wp-json\/wp\/v2\/posts\/3676","targetHints":{"allow":["GET"]}}],"collection":[{"href":"https:\/\/desteptati-va.ro\/index.php\/wp-json\/wp\/v2\/posts"}],"about":[{"href":"https:\/\/desteptati-va.ro\/index.php\/wp-json\/wp\/v2\/types\/post"}],"author":[{"embeddable":true,"href":"https:\/\/desteptati-va.ro\/index.php\/wp-json\/wp\/v2\/users\/1"}],"replies":[{"embeddable":true,"href":"https:\/\/desteptati-va.ro\/index.php\/wp-json\/wp\/v2\/comments?post=3676"}],"version-history":[{"count":1,"href":"https:\/\/desteptati-va.ro\/index.php\/wp-json\/wp\/v2\/posts\/3676\/revisions"}],"predecessor-version":[{"id":3678,"href":"https:\/\/desteptati-va.ro\/index.php\/wp-json\/wp\/v2\/posts\/3676\/revisions\/3678"}],"wp:featuredmedia":[{"embeddable":true,"href":"https:\/\/desteptati-va.ro\/index.php\/wp-json\/wp\/v2\/media\/1147"}],"wp:attachment":[{"href":"https:\/\/desteptati-va.ro\/index.php\/wp-json\/wp\/v2\/media?parent=3676"}],"wp:term":[{"taxonomy":"category","embeddable":true,"href":"https:\/\/desteptati-va.ro\/index.php\/wp-json\/wp\/v2\/categories?post=3676"},{"taxonomy":"post_tag","embeddable":true,"href":"https:\/\/desteptati-va.ro\/index.php\/wp-json\/wp\/v2\/tags?post=3676"}],"curies":[{"name":"wp","href":"https:\/\/api.w.org\/{rel}","templated":true}]}}