{"id":3682,"date":"2021-04-16T07:26:26","date_gmt":"2021-04-16T07:26:26","guid":{"rendered":"http:\/\/desteptati.ro\/?p=3682"},"modified":"2022-01-13T13:23:23","modified_gmt":"2022-01-13T11:23:23","slug":"unirea-principatelor-romane","status":"publish","type":"post","link":"https:\/\/desteptati-va.ro\/index.php\/2021\/04\/16\/unirea-principatelor-romane\/","title":{"rendered":"Unirea Principatelor Rom\u00e2ne"},"content":{"rendered":"<div class=\"post-content\"><div class='booster-block booster-read-block'>\n                <div class=\"twp-read-time\">\n                \t<i class=\"booster-icon twp-clock\"><\/i> <span>Read Time:<\/span>12 Minute, 7 Second                <\/div>\n\n            <\/div><h4 style=\"text-align: justify;\"><strong>Unirea Principatelor Rom\u00e2ne<\/strong> cunoscut\u0103 \u0219i ca <strong>Mica Unire<\/strong> (<a title=\"Marea Unire\" href=\"http:\/\/ro.wikipedia.org\/wiki\/Marea_Unire\" target=\"_blank\" rel=\"noopener\">Marea Unire<\/a> fiind cea de la <a title=\"1918\" href=\"http:\/\/ro.wikipedia.org\/wiki\/1918\" target=\"_blank\" rel=\"noopener\">1918<\/a>) a avut loc la jum\u0103tatea secolului al XIX-lea \u0219i reprezint\u0103 unificarea vechilor state <a title=\"Moldova\" href=\"http:\/\/ro.wikipedia.org\/wiki\/Moldova\" target=\"_blank\" rel=\"noopener\">Moldova<\/a> \u0219i <a title=\"\u021aara Rom\u00e2neasc\u0103\" href=\"http:\/\/ro.wikipedia.org\/wiki\/%C8%9Aara_Rom%C3%A2neasc%C4%83\" target=\"_blank\" rel=\"noopener\">\u021aara Rom\u00e2neasc\u0103<\/a>. Unirea este str\u00e2ns legat\u0103 de personalitatea lui <a title=\"Alexandru Ioan Cuza\" href=\"http:\/\/ro.wikipedia.org\/wiki\/Alexandru_Ioan_Cuza\" target=\"_blank\" rel=\"noopener\">Alexandru Ioan Cuza<\/a> \u0219i de alegerea sa ca domnitor al ambelor principate la <a title=\"5 ianuarie\" href=\"http:\/\/ro.wikipedia.org\/wiki\/5_ianuarie\" target=\"_blank\" rel=\"noopener\">5 ianuarie<\/a> <a title=\"1859\" href=\"http:\/\/ro.wikipedia.org\/wiki\/1859\" target=\"_blank\" rel=\"noopener\">1859<\/a> \u00een Moldova \u0219i la <a title=\"24 ianuarie\" href=\"http:\/\/ro.wikipedia.org\/wiki\/24_ianuarie\">24 ianuarie<\/a> <a title=\"1859\" href=\"http:\/\/ro.wikipedia.org\/wiki\/1859\">1859<\/a> \u00een \u021aara Rom\u00e2neasc\u0103. Totu\u0219i, unirea a fost un proces complex, bazat pe puternica apropiere cultural\u0103 \u0219i economic\u0103 \u00eentre cele dou\u0103 \u021b\u0103ri. Procesul a \u00eenceput \u00een 1848, odat\u0103 cu realizarea uniunii vamale \u00eentre Moldova \u0219i \u021aara Rom\u00e2neasc\u0103, \u00een timpul domniilor lui <a title=\"Mihail Sturdza\" href=\"http:\/\/ro.wikipedia.org\/wiki\/Mihail_Sturdza\" target=\"_blank\" rel=\"noopener\">Mihail Sturdza<\/a>, respectiv <a title=\"Gheorghe Bibescu\" href=\"http:\/\/ro.wikipedia.org\/wiki\/Gheorghe_Bibescu\" target=\"_blank\" rel=\"noopener\">Gheorghe Bibescu<\/a>. Deznod\u0103m\u00e2ntul <a title=\"R\u0103zboiul Crimeii\" href=\"http:\/\/ro.wikipedia.org\/wiki\/R%C4%83zboiul_Crimeii\" target=\"_blank\" rel=\"noopener\">r\u0103zboiului Crimeii<\/a> a dus la un context european favorabil realiz\u0103rii unirii. Votul popular favorabil unirii \u00een ambele \u021b\u0103ri, rezultat \u00een urma unor Adun\u0103ri Ad-hoc \u00een <a title=\"1857\" href=\"http:\/\/ro.wikipedia.org\/wiki\/1857\" target=\"_blank\" rel=\"noopener\">1857<\/a> a dus la <a title=\"Conven\u021bia de la Paris\" href=\"http:\/\/ro.wikipedia.org\/wiki\/Conven%C8%9Bia_de_la_Paris\" target=\"_blank\" rel=\"noopener\">Conven\u021bia de la Paris<\/a> din <a title=\"1858\" href=\"http:\/\/ro.wikipedia.org\/wiki\/1858\" target=\"_blank\" rel=\"noopener\">1858<\/a>, o \u00een\u021belegere \u00eentre Marile Puteri prin care se accepta o uniune mai mult formal\u0103 \u00eentre cele dou\u0103 \u021b\u0103ri, cu guverne diferite \u0219i cu unele institu\u021bii comune. La \u00eenceputul anului urm\u0103tor, liderul unionist moldovean Alexandru Ioan Cuza a fost ales ca domnitor al Moldovei \u0219i \u021a\u0103rii Rom\u00e2ne\u0219ti, aduc\u00e2ndu-le \u00eentr-o uniune personal\u0103. \u00cen <a title=\"1862\" href=\"http:\/\/ro.wikipedia.org\/wiki\/1862\" target=\"_blank\" rel=\"noopener\">1862<\/a>, cu ajutorul unioni\u0219tilor din cele dou\u0103 \u021b\u0103ri, Cuza a unificat Parlamentul \u0219i Guvernul, realiz\u00e2nd unirea politic\u0103. Dup\u0103 \u00eenl\u0103turarea sa de la putere \u00een <a title=\"1866\" href=\"http:\/\/ro.wikipedia.org\/wiki\/1866\" target=\"_blank\" rel=\"noopener\">1866<\/a>, unirea a fost consolidat\u0103 prin aducerea pe tron a principelui <a title=\"Carol I al Rom\u00e2niei\" href=\"http:\/\/ro.wikipedia.org\/wiki\/Carol_I_al_Rom%C3%A2niei\" target=\"_blank\" rel=\"noopener\">Carol de Hohenzollern-Sigmaringen<\/a>, iar constitu\u021bia adoptat\u0103 \u00een acel an a denumit noul stat <a title=\"Rom\u00e2nia\" href=\"http:\/\/ro.wikipedia.org\/wiki\/Rom%C3%A2nia\" target=\"_blank\" rel=\"noopener\">Rom\u00e2nia<\/a>.<\/h4>\r\n<h3><strong>Evenimente anterioare<\/strong><\/h3>\r\n<h4 style=\"text-align: justify;\">La 1 ianuarie 1848, domnitorul muntean <a title=\"Gheorghe Bibescu\" href=\"http:\/\/ro.wikipedia.org\/wiki\/Gheorghe_Bibescu\" target=\"_blank\" rel=\"noopener\">Gheorghe Bibescu<\/a> face primul pas spre unirea Principatelor, desfiin\u021b\u00e2nd Vama din Foc\u0219ani, care era cel mai important punct vamal \u00eentre cele dou\u0103 \u021b\u0103ri. Actul a fost precedat \u00een 1842 de un proiect de unificare al m\u0103surilor \u0219i greut\u0103\u021bilor. Cununia domnitorului Gheorghe Bibescu se oficiaz\u0103 la <a title=\"Foc\u0219ani\" href=\"http:\/\/ro.wikipedia.org\/wiki\/Foc%C8%99ani\" target=\"_blank\" rel=\"noopener\">Foc\u0219ani<\/a>, \u00een septembrie 1845, la Biserica Sf\u00e2ntul Ioan din Pia\u021ba Unirii, l\u00e2ng\u0103 borna de hotar, na\u0219 de cununie fiind domnitorul Moldovei, <a title=\"Mihail Sturdza\" href=\"http:\/\/ro.wikipedia.org\/wiki\/Mihail_Sturdza\" target=\"_blank\" rel=\"noopener\">Mihail Sturdza<\/a>.<\/h4>\r\n<h4 style=\"text-align: justify;\">Ideea Unirii Moldovei \u0219i a \u021a\u0103rii Rom\u00e2ne\u0219ti, avansat\u0103 \u00eenc\u0103 din secolul al XVIII-lea a devenit, dup\u0103 <a title=\"R\u0103zboiul Crimeii\" href=\"http:\/\/ro.wikipedia.org\/wiki\/R%C4%83zboiul_Crimeii\" target=\"_blank\" rel=\"noopener\">r\u0103zboiul Crimeii<\/a> (1853 &#8211; 1856) o tem\u0103 de prim plan a dezbaterii politice, at\u00e2t \u00een cele dou\u0103 <a title=\"Principatele Dun\u0103rene\" href=\"http:\/\/ro.wikipedia.org\/wiki\/Principatele_Dun%C4%83rene\" target=\"_blank\" rel=\"noopener\">Principate<\/a>, c\u00e2t \u0219i pe plan interna\u021bional. Situa\u021bia extern\u0103 se ar\u0103ta favorabil\u0103; \u00eenfr\u00e2ngerea <a title=\"Rusia\" href=\"http:\/\/ro.wikipedia.org\/wiki\/Rusia\" target=\"_blank\" rel=\"noopener\">Rusiei<\/a> \u0219i hegemonia politic\u0103 a <a title=\"Fran\u021ba\" href=\"http:\/\/ro.wikipedia.org\/wiki\/Fran%C8%9Ba\" target=\"_blank\" rel=\"noopener\">Fran\u021bei<\/a> ofereau un context prielnic punerii \u00een practic\u0103 a proiectului, cu at\u00e2t mai mult cu c\u00e2t <a title=\"Napoleon al III-lea al Fran\u021bei\" href=\"http:\/\/ro.wikipedia.org\/wiki\/Napoleon_al_III-lea_al_Fran%C8%9Bei\">Napoleon al III-lea<\/a>, \u00eemp\u0103rat al francezilor, dorea un bastion r\u0103s\u0103ritean favorabil politicii sale, care s\u0103 contrabalanseze expansiunea ruseasc\u0103.<\/h4>\r\n<h4 style=\"text-align: justify;\">Un rol important l-a jucat propaganda unionist\u0103, \u00eentreprins\u0103 de c\u0103tre liderii <a title=\"Partida Na\u021bional\u0103 \u2014 pagin\u0103 inexistent\u0103\" href=\"http:\/\/ro.wikipedia.org\/w\/index.php?title=Partida_Na%C8%9Bional%C4%83&amp;action=edit&amp;redlink=1\" target=\"_blank\" rel=\"noopener\">partidei na\u021bionale<\/a>, \u00een cele dou\u0103 \u021b\u0103ri \u0219i \u00een str\u0103in\u0103tate. Activitatea desf\u0103\u0219urat\u0103 \u00een emigra\u021bie, \u00eendeosebi \u00een Fran\u021ba, a cunoscut diverse forme: apeluri c\u0103tre opinia public\u0103 european\u0103; afirmarea programului politic \u00een publica\u021bii ca <em>Rom\u00e2nia viitoare<\/em> (1850, Paris), <em>Junimea rom\u00e2n\u0103<\/em> (1851), <em>Republica rom\u00e2n\u0103<\/em> (Paris, 1851, Bruxelles, 1853); afilierea la \u201eComitetul Central Democratic European\u201d, cu sediul la <a title=\"Londra\" href=\"http:\/\/ro.wikipedia.org\/wiki\/Londra\" target=\"_blank\" rel=\"noopener\">Londra<\/a>, care urm\u0103rea declan\u0219area unei noi revolu\u021bii europene; memorii c\u0103tre Napoleon al III-lea, \u00eemp\u0103ratul Fran\u021bei \u0219i c\u0103tre <a title=\"Henry John Temple, viconte de Palmerston \u2014 pagin\u0103 inexistent\u0103\" href=\"http:\/\/ro.wikipedia.org\/w\/index.php?title=Henry_John_Temple,_viconte_de_Palmerston&amp;action=edit&amp;redlink=1\" target=\"_blank\" rel=\"noopener\">Palmerston<\/a>, premierul britanic; constituirea la Paris a unui Comitet cu deviza \u201eDreptate! Fraternitate! Unitate!\u201d; sprijinul unor personalit\u0103\u021bi marcante (<a title=\"Paul Bataillard \u2014 pagin\u0103 inexistent\u0103\" href=\"http:\/\/ro.wikipedia.org\/w\/index.php?title=Paul_Bataillard&amp;action=edit&amp;redlink=1\" target=\"_blank\" rel=\"noopener\">Paul Bataillard<\/a>, <a title=\"Edgar Quinet\" href=\"http:\/\/ro.wikipedia.org\/wiki\/Edgar_Quinet\" target=\"_blank\" rel=\"noopener\">Edgar Quinet<\/a>, <a title=\"Hippolyte Desprez \u2014 pagin\u0103 inexistent\u0103\" href=\"http:\/\/ro.wikipedia.org\/w\/index.php?title=Hippolyte_Desprez&amp;action=edit&amp;redlink=1\" target=\"_blank\" rel=\"noopener\">Hippolyte Desprez<\/a>).<\/h4>\r\n<h4 style=\"text-align: justify;\">\u00cen \u021bar\u0103, ac\u021biunile unioniste s-au desf\u0103\u0219urat \u00een noul context determinat de prevederile <a title=\"Tratatul de la Baltalimani\" href=\"http:\/\/ro.wikipedia.org\/wiki\/Tratatul_de_la_Baltalimani#Tratatul_de_la_Baltalimani_din_1849\" target=\"_blank\" rel=\"noopener\">Conven\u021biei de la Balta Liman<\/a>, afirm\u00e2ndu-se modalit\u0103\u021bi variate: constituirea Comitetelor Unirii la Ia\u0219i \u0219i la Bucure\u0219ti (1856); editarea unor organe de pres\u0103 ca <em>Rom\u00e2nia Literar\u0103<\/em>, <em>Steaua Dun\u0103rii<\/em> (Ia\u0219i), <em>Rom\u00e2nul<\/em> (Bucure\u0219ti); venirea \u00een patrie a unor revolu\u021bionari pa\u0219optisti (\u00eendeosebi \u00een Moldova, ca urmare a regimului liberal-moderat al domnitorului <a title=\"Grigore Alexandru Ghica\" href=\"http:\/\/ro.wikipedia.org\/wiki\/Grigore_Alexandru_Ghica\" target=\"_blank\" rel=\"noopener\">Grigore Alexandru Ghica<\/a>).<\/h4>\r\n<h3><strong>Divanurile Ad-hoc<\/strong><\/h3>\r\n<figure id=\"attachment_706\" aria-describedby=\"caption-attachment-706\" style=\"width: 300px\" class=\"wp-caption aligncenter\"><a href=\"http:\/\/www.desteptati-va.ro\/wp-content\/uploads\/2011\/02\/Divanul_Ad-Hoc_1857.jpg\"><img loading=\"lazy\" decoding=\"async\" class=\"size-medium wp-image-706\" title=\"Deschiderea lucrarilor Divanurile Ad-Hoc\" src=\"http:\/\/www.desteptati-va.ro\/wp-content\/uploads\/2011\/02\/Divanul_Ad-Hoc_1857-300x244.jpg\" alt=\"Deschiderea lucrarilor Divanurile Ad-Hoc\" width=\"300\" height=\"244\" \/><\/a><figcaption id=\"caption-attachment-706\" class=\"wp-caption-text\">Deschiderea lucrarilor Divanurile Ad-Hoc<\/figcaption><\/figure>\r\n<h4 style=\"text-align: justify;\">Deciziile adoptate prin <a title=\"Tratatul de la Paris (1856)\" href=\"http:\/\/ro.wikipedia.org\/wiki\/Tratatul_de_la_Paris_(1856)\" target=\"_blank\" rel=\"noopener\">Tratatul de pace de la Paris<\/a> (18\/30 martie 1856), prevedeau intrarea Principatelor Rom\u00e2ne sub garan\u021bia colectiv\u0103 a puterilor europene, revizuirea legilor fundamentale, alegerea Adun\u0103rilor ad-hoc care s\u0103 exprime atitudinea rom\u00e2nilor \u00een privin\u021ba unirii, integrarea \u00een grani\u021bele Moldovei a trei jude\u021be din sudul Basarabiei (Cahul, Bolgrad, Ismail), trimiterea \u00een Principate a unei Comisii Europene cu misiunea de a propune \u201ebazele viitoarei lor organiz\u0103ri\u201d, libertatea naviga\u021biei pe Dun\u0103re, \u0219.a.<\/h4>\r\n<h4 style=\"text-align: justify;\">Adun\u0103rile ad-hoc aveau caracter consultativ, \u0219i erau alc\u0103tuite din reprezentan\u021bi ai bisericii, marii boierimi, burgheziei, \u021b\u0103r\u0103nimii cl\u0103ca\u0219e, cu scopul de a face propuneri referitoare la realizarea unirii Principatelor Rom\u00e2ne.<\/h4>\r\n<h4 style=\"text-align: justify;\">Alegerile pentru Divanurile <a title=\"Ad-hoc\" href=\"http:\/\/ro.wikipedia.org\/wiki\/Ad-hoc\" target=\"_blank\" rel=\"noopener\">Ad-hoc<\/a> au fost marcate de mari tensiuni. Dac\u0103 \u00een <a title=\"\u021aara Rom\u00e2neasc\u0103\" href=\"http:\/\/ro.wikipedia.org\/wiki\/%C8%9Aara_Rom%C3%A2neasc%C4%83\" target=\"_blank\" rel=\"noopener\">\u021aara Rom\u00e2neasc\u0103<\/a> majoritatea cov\u00e2r\u0219itoare a opiniei publice sus\u021binea ideea Unirii, \u00een <a title=\"Moldova\" href=\"http:\/\/ro.wikipedia.org\/wiki\/Moldova\" target=\"_blank\" rel=\"noopener\">Moldova<\/a> lucrurile se ar\u0103tau mai complicate. Partida unionist\u0103, reprezentat\u0103 de personalit\u0103\u021bi ca <a title=\"Alexandru Ioan Cuza\" href=\"http:\/\/ro.wikipedia.org\/wiki\/Alexandru_Ioan_Cuza\" target=\"_blank\" rel=\"noopener\">Alexandru Ioan Cuza<\/a>, <a title=\"Mihail Kog\u0103lniceanu\" href=\"http:\/\/ro.wikipedia.org\/wiki\/Mihail_Kog%C4%83lniceanu\" target=\"_blank\" rel=\"noopener\">Mihail Kog\u0103lniceanu<\/a>, <a title=\"Manolache Costache Epureanu\" href=\"http:\/\/ro.wikipedia.org\/wiki\/Manolache_Costache_Epureanu\" target=\"_blank\" rel=\"noopener\">Manolache Costache Epureanu<\/a>, <a title=\"Anastasie Panu\" href=\"http:\/\/ro.wikipedia.org\/wiki\/Anastasie_Panu\" target=\"_blank\" rel=\"noopener\">Anastasie Panu<\/a> etc. avea \u00een fa\u021ba ei opozi\u021bia <a title=\"Mi\u0219carea separatist\u0103 din Moldova\" href=\"http:\/\/ro.wikipedia.org\/wiki\/Mi%C8%99carea_separatist%C4%83_din_Moldova\" target=\"_blank\" rel=\"noopener\">separati\u0219tilor moldoveni<\/a> (<a title=\"Nicolae Istrate\" href=\"http:\/\/ro.wikipedia.org\/wiki\/Nicolae_Istrate\" target=\"_blank\" rel=\"noopener\">Nicolae Istrate<\/a>, ideologul mi\u0219c\u0103rii separatiste, <a title=\"Gheorghe Asachi\" href=\"http:\/\/ro.wikipedia.org\/wiki\/Gheorghe_Asachi\" target=\"_blank\" rel=\"noopener\">Gheorghe Asachi<\/a>, <a title=\"Costache Negruzzi\" href=\"http:\/\/ro.wikipedia.org\/wiki\/Costache_Negruzzi\" target=\"_blank\" rel=\"noopener\">Costache Negruzzi<\/a> etc.). Ace\u0219tia doreau men\u021binerea separ\u0103rii, motiv\u00e2ndu-\u0219i op\u021biunea prin posibila dec\u0103dere a <a title=\"Ia\u0219i\" href=\"http:\/\/ro.wikipedia.org\/wiki\/Ia%C8%99i\" target=\"_blank\" rel=\"noopener\">Ia\u0219ilor<\/a> \u0219i a Moldovei, odat\u0103 cu mutarea capitalei la <a title=\"Bucure\u0219ti\" href=\"http:\/\/ro.wikipedia.org\/wiki\/Bucure%C8%99ti\" target=\"_blank\" rel=\"noopener\">Bucure\u0219ti<\/a>.<\/h4>\r\n<h4 style=\"text-align: justify;\">Av\u00e2nd de partea lor sprijinul marilor puteri antiunioniste, <a title=\"Imperiul Austriac\" href=\"http:\/\/ro.wikipedia.org\/wiki\/Imperiul_Austriac\" target=\"_blank\" rel=\"noopener\">Austria<\/a> \u0219i <a title=\"Imperiul Otoman\" href=\"http:\/\/ro.wikipedia.org\/wiki\/Imperiul_Otoman\" target=\"_blank\" rel=\"noopener\">Turcia<\/a>, precum \u0219i pe cel al caimacamului (loc\u021biitorului domnesc) <a title=\"Teodor Bal\u0219\" href=\"http:\/\/ro.wikipedia.org\/wiki\/Teodor_Bal%C8%99\" target=\"_blank\" rel=\"noopener\">Todiri\u021b\u0103 Bal\u0219<\/a> (\u00eenlocuit, dup\u0103 moartea sa, de <a title=\"Nicolae Vogoride\" href=\"http:\/\/ro.wikipedia.org\/wiki\/Nicolae_Vogoride\" target=\"_blank\" rel=\"noopener\">Nicolae Vogoride<\/a>, aspirant la tronul Moldovei), separati\u0219tii au reu\u0219it, \u00eentr-o prim\u0103 faz\u0103, s\u0103 c\u00e2\u0219tige alegerile pentru Divanul Ad-hoc din Moldova (la 19 iulie 1857). \u00cen dorin\u021ba de a-\u0219i realiza visul de domnie, Vogoride a falsificat listele electorale de reprezentare \u00een Divanul ad-hoc, prin \u00eenlocuirea listelor electorale ale unioni\u0219tilor cu cele ale antiunioni\u0219tilor. Aceast\u0103 manevr\u0103 f\u0103cea ca numarul reprezentan\u021bilor celor care nu \u00eemp\u0103rt\u0103\u0219eau idealul de unire sa fie majoritar \u00een Divan. \u00cen mai 1857, Ecaterina Vogoride a sustras o parte din coresponden\u021ba secret\u0103 purtat\u0103 de so\u021bul ei cu rudele din Constantinopol. \u00cen acele scrisori, lui Vogoride \u00eei era promis\u0103 domnia dac\u0103 ar fi reu\u0219it s\u0103 z\u0103d\u0103rniceasc\u0103 unirea Moldovei cu Muntenia, falsific\u00e2nd alegerile pentru Divanul ad-hoc.\u00a0Cu ajutorul lui Costache Negri scrisorile compromi\u021b\u0103toare au fost publicate \u00een ziarul unionist &#8222;L&#8217;Etoile d&#8217;Orient&#8221;, ce ap\u0103rea la Bruxelles, traduceri ale scrisorilor ap\u0103r\u00e2nd la scurt timp \u0219i \u00een Moldova. C\u00e2nd sultanul <a title=\"Abdul-Medjid\" href=\"http:\/\/ro.wikipedia.org\/wiki\/Abdul-Medjid\" target=\"_blank\" rel=\"noopener\">Abd\u00fclmecid<\/a>, cu asigur\u0103rile Austriei Imperiale, nu a anulat alegerile, ceilal\u021bi supervizori (<a title=\"Al doilea Imperiu Francez\" href=\"http:\/\/ro.wikipedia.org\/wiki\/Al_doilea_Imperiu_Francez\" target=\"_blank\" rel=\"noopener\">Imperiul Francez<\/a>, <a title=\"Imperiul Rus\" href=\"http:\/\/ro.wikipedia.org\/wiki\/Imperiul_Rus\" target=\"_blank\" rel=\"noopener\">Rusia Imperial\u0103<\/a>, <a title=\"Prusia\" href=\"http:\/\/ro.wikipedia.org\/wiki\/Prusia\" target=\"_blank\" rel=\"noopener\">Prusia<\/a> \u0219i <a title=\"Regatul Sardiniei\" href=\"http:\/\/ro.wikipedia.org\/wiki\/Regatul_Sardiniei\" target=\"_blank\" rel=\"noopener\">Regatul Sardiniei<\/a>) au rupt rela\u021biile diplomatice cu Imperiul Otoman \u00een 4 august.<\/h4>\r\n<h4 style=\"text-align: justify;\">Tensiunile dintre Anglia, Austria, ce \u00eencurajau Poarta s\u0103 nu accepte noi alegeri, \u0219i celelalte state participante la Congresul de la Paris, au fost dezamorsate de \u00eent\u00e2lnirea de la Osborne (9 august) dintre Napoleon III \u0219i <a title=\"Victoria I a Regatului Unit\" href=\"http:\/\/ro.wikipedia.org\/wiki\/Victoria_I_a_Regatului_Unit\" target=\"_blank\" rel=\"noopener\">Regina Victoria<\/a>, \u00een urma c\u0103reia alegerile falsificate de Vogoride au fost anulate. \u00cen schimbul anul\u0103rii alegerilor din Moldova, Napoleon al III-lea accepta varianta unei uniri par\u021biale a Principatelor, acestea urm\u00e2nd a avea doi domni, dou\u0103 guverne, dou\u0103 Adun\u0103ri Legislative (parlamente). Institu\u021biile comune urmau a fi \u00cenalta Curte de Casa\u021bie \u0219i Justi\u021bie, Comisia Central\u0103 de la Foc\u0219ani, ce avea s\u0103 se ocupe cu elaborarea legilor de interes comun pentru ambele Principate \u0219i armata.<\/h4>\r\n<h4 style=\"text-align: justify;\">Au avut loc noi alegeri, astfel \u00eenc\u00e2t la 22 septembrie 1857 s-a adunat Divanul Ad-hoc al Moldovei care era favorabil unirii, iar la 30 septembrie cel al Valahiei, \u0219i prin documentele redactate, au fost puse bazele fuzion\u0103rii celor dou\u0103 principate.<\/h4>\r\n<h4 style=\"text-align: justify;\">\u00cen 7 \u0219i 9 octombrie 1857 sunt elaborate Rezolu\u021biile prin care se cerea:<\/h4>\r\n<ul>\r\n \t<li style=\"text-align: justify;\">\r\n<h4>Respectarea drepturilor Principatelor \u0219i \u00eendeosebi a autonomiei lor \u00een cuprinderea vechilor lor <a title=\"Capitula\u021biile\" href=\"http:\/\/ro.wikipedia.org\/wiki\/Capitula%C8%9Biile\" target=\"_blank\" rel=\"noopener\">capitula\u021bii<\/a> \u00eencheiate cu \u00cenalta Poart\u0103 \u00een anii 1393, 1460, 1511 \u0219i 1634;<\/h4>\r\n<\/li>\r\n \t<li style=\"text-align: justify;\">\r\n<h4>Unirea Principatelor \u00eentr-un stat sub numele de Rom\u00e2nia;<\/h4>\r\n<\/li>\r\n \t<li style=\"text-align: justify;\">\r\n<h4>Prin\u021b str\u0103in cu mo\u0219tenirea tronului, ales dintr-o dinastie domnitoare dintre cele europene \u0219i ai c\u0103rui mo\u0219tenitori s\u0103 fie crescu\u021bi \u00een religia \u021b\u0103rii;<\/h4>\r\n<\/li>\r\n \t<li style=\"text-align: justify;\">\r\n<h4>Neutralitatea p\u0103m\u00e2ntului Principatelor;<\/h4>\r\n<\/li>\r\n \t<li style=\"text-align: justify;\">\r\n<h4>Puterea legiuitoare \u00eencredin\u021bat\u0103 Adun\u0103rii Ob\u0219te\u0219ti, \u00een care s\u0103 fie reprezentate toate interesele na\u021biei.<\/h4>\r\n<\/li>\r\n<\/ul>\r\n<h4 style=\"text-align: justify;\">Toate acestea sub garan\u021bia colectiv\u0103 a puterilor care au subscris tratatul de la Paris.<\/h4>\r\n<h4 style=\"text-align: justify;\">\u00centrunite \u00een capitala Fran\u021bei pentru a lua \u00een discu\u021bie cererile celor dou\u0103 Divanuri ad-hoc (10\/22 mai &#8211; 7\/19 august 1858), puterile europene au adoptat Conven\u021bia de la Paris:<\/h4>\r\n<ul>\r\n \t<li style=\"text-align: justify;\">\r\n<h4>Principatele \u00ee\u0219i p\u0103strau autonomia sub suzeranitatea Por\u021bii \u0219i sub protec\u021bia celor \u0219apte puteri;<\/h4>\r\n<\/li>\r\n \t<li style=\"text-align: justify;\">\r\n<h4>Se adopta denumirea de Principatele Unite ale Moldovei \u0219i Valahiei, fiecare av\u00e2nd institu\u021bii proprii;<\/h4>\r\n<\/li>\r\n \t<li style=\"text-align: justify;\">\r\n<h4>Se \u00eenfiin\u021bau institu\u021bii comune precum Comisia Central\u0103 de la Foc\u0219ani (care elabora proiectele de legi de interes comun), \u00cenalta Curte de Justi\u021bie \u0219i Casa\u021bie, armata;<\/h4>\r\n<\/li>\r\n \t<li style=\"text-align: justify;\">\r\n<h4>Se prevedeau principii de organizare \u0219i modernizare a viitorului stat (separa\u021bia puterilor \u00een stat, desfiin\u021barea privilegiilor de clas\u0103, egalitatea \u00een fa\u021ba legii, drepturi politice pentru cre\u0219tini, libertatea individual\u0103);<\/h4>\r\n<\/li>\r\n \t<li style=\"text-align: justify;\">\r\n<h4>Dreptul de vot ram\u00e2nea cenzitar.<\/h4>\r\n<\/li>\r\n<\/ul>\r\n<h4 style=\"text-align: justify;\">Dup\u0103 \u00eencheierea Conven\u021biei de la Paris, care avea s\u0103 joace rolul unei veritabile Constitu\u021bii a Principatelor, au urmat alegerile pentru Adun\u0103rile Elective, care urmau s\u0103 \u00eei desemneze pe cei doi domni.<\/h4>\r\n<h3 style=\"text-align: justify;\"><strong>Alegerea lui Alexandru Ioan Cuza<\/strong><\/h3>\r\n<h4 style=\"text-align: justify;\"><\/h4>\r\n<figure id=\"attachment_707\" aria-describedby=\"caption-attachment-707\" style=\"width: 300px\" class=\"wp-caption aligncenter\"><a href=\"http:\/\/www.desteptati-va.ro\/wp-content\/uploads\/2011\/02\/Theodor_Aman_-_Proclamarea_Unirii.jpg\"><img loading=\"lazy\" decoding=\"async\" class=\"size-medium wp-image-707\" title=\"Theodor Aman - Proclamarea Unirii\" src=\"http:\/\/www.desteptati-va.ro\/wp-content\/uploads\/2011\/02\/Theodor_Aman_-_Proclamarea_Unirii-300x209.jpg\" alt=\"Theodor Aman - Proclamarea Unirii\" width=\"300\" height=\"209\" \/><\/a><figcaption id=\"caption-attachment-707\" class=\"wp-caption-text\">Theodor Aman &#8211; Proclamarea Unirii<\/figcaption><\/figure>\r\n<h4>\u00cen Moldova a fost ales \u00een unanimitate, la 5\/17 ianuarie 1859, liderul unionist <a title=\"Alexandru Ioan Cuza\" href=\"http:\/\/ro.wikipedia.org\/wiki\/Alexandru_Ioan_Cuza\" target=\"_blank\" rel=\"noopener\">Alexandru Ioan Cuza<\/a>, reprezentantul \u201ePartidei Na\u021bionale\u201d.<\/h4>\r\n<h4 style=\"text-align: justify;\">\u00centruc\u00e2t \u00een textul Conven\u021biei nu se stipula ca domnii ale\u0219i \u00een cele dou\u0103 Principate s\u0103 fie persoane separate, conduc\u0103torii luptei na\u021bionale au decis ca alesul Moldovei s\u0103 fie desemnat \u0219i \u00een \u021aara Rom\u00e2neasc\u0103. Adunarea electiv\u0103 a \u021a\u0103rii Rom\u00e2ne\u0219ti era \u00eens\u0103 dominat\u0103 de conservatori, care de\u021bineau 46 din cele 72 mandate. \u00cen aceast\u0103 situa\u021bie, liberalii radicali au ini\u021biat, prin intermediul tribunilor, o vie agita\u021bie \u00een r\u00e2ndul popula\u021biei Capitalei \u0219i al \u021b\u0103ranilor din \u00eemprejurimi. O mul\u021bime de peste 30\u00a0000 oameni s-a aflat \u00een preajma Adun\u0103rii. Unul dintre tribuni, I.G. Valentineanu, nota c\u0103 poporul era gata \u201es\u0103 n\u0103v\u0103leasc\u0103 \u00een Camer\u0103 \u0219i s\u0103 o sileasc\u0103 a proclama ales pe alesul Moldovei&#8221;.<\/h4>\r\n<h4 style=\"text-align: justify;\">\u00centr-o \u0219edin\u021b\u0103 secret\u0103 a Adun\u0103rii, deputatul <a title=\"Vasile Boerescu\" href=\"http:\/\/ro.wikipedia.org\/wiki\/Vasile_Boerescu\" target=\"_blank\" rel=\"noopener\">Vasile Boerescu<\/a> a propus la 24 ianuarie 1859 alegerea lui Alexandru I. Cuza, aceasta fiind acceptat\u0103 \u00een unanimitate. Astfel s-a f\u0103cut primul pas c\u0103tre definitivarea Unirii <a title=\"Principatele Unite Rom\u00e2ne\" href=\"http:\/\/ro.wikipedia.org\/wiki\/Principatele_Unite_Rom%C3%A2ne\" target=\"_blank\" rel=\"noopener\">Principatelor Rom\u00e2ne<\/a>.<\/h4>\r\n<h3 style=\"text-align: justify;\"><strong>Recunoa\u0219terea interna\u021bional\u0103 a Unirii<\/strong><\/h3>\r\n<h4 style=\"text-align: justify;\">Actul istoric de la 24 ianuarie 1859 reprezenta primul pas pe calea \u00eenf\u0103ptuirii statului na\u021bional rom\u00e2n unitar. Impus\u0103 sub o puternic\u0103 presiune popular\u0103, cu deosebire la Bucure\u0219ti, alegerea ca domn al \u021a\u0103rii Rom\u00e2ne\u0219ti a lui Alexandru loan Cuza avea s\u0103-\u0219i g\u0103seasc\u0103 o confirmare deplin\u0103 la marea manifestare prilejuit\u0103 de sosirea alesului na\u021biunii \u00een capitala muntean\u0103.<\/h4>\r\n<h4 style=\"text-align: justify;\">Cea mai stringent\u0103 problem\u0103 era recunoa\u0219terea interna\u021bional\u0103 a alegerilor. Faptul \u00eemplinit la 24 ianuarie 1859 era considerat de Poart\u0103 \u0219i de Austria drept o \u00eenc\u0103lcare a Conven\u021biei de la Paris. Situa\u021bia creat\u0103 \u00een cele dou\u0103 Principate urma s\u0103 fac\u0103, de altfel, obiectul unei noi Conferin\u021be interna\u021bionale, care se deschidea la Paris, la 26 martie\/7 aprilie &#8211; 25 aug.\/6 sept. Misiuni speciale, conduse de persoane apropiate lui Alexandru I. Cuza, au vizitat capitalele Marilor Puteri garante \u0219i au reu\u0219it s\u0103 c\u00e2\u0219tige sprijin pentru cauza rom\u00e2neasc\u0103. \u00cenc\u0103 \u00een a doua \u0219edin\u021b\u0103 a Conferin\u021bei (1\/13 aprilie) Fran\u021ba, Rusia, Anglia, Prusia \u0219i Sardinia au recunoscut dubla alegere. Imperiul Otoman \u0219i Austria \u00eens\u0103 tergiversau; mai mult, se afl\u0103 c\u0103 se punea la cale o interven\u021bie militar\u0103 peste Dun\u0103re. Alexandru I. Cuza r\u0103spunse energic. La 20 aprilie, la <a title=\"Flore\u0219ti, Prahova\" href=\"http:\/\/ro.wikipedia.org\/wiki\/Flore%C8%99ti,_Prahova\" target=\"_blank\" rel=\"noopener\">Flore\u0219ti<\/a>, \u00eentre Ploie\u0219ti \u0219i C\u00e2mpina, armata moldo-muntean\u0103 era concentrat\u0103 spre a face fa\u021b\u0103 oric\u0103rei situa\u021bii. Dup\u0103 alte amenin\u021b\u0103ri, sub presiunea celorlalte puteri garante, Poarta a acceptat oficial, o dat\u0103 cu Austria, \u00een a 3-a \u0219edin\u021b\u0103 a Conferin\u021bei de la Paris (25 august\/7 septembrie), s\u0103 recunoasc\u0103, la r\u00e2ndul ei, dubla alegere. Detensionarea situa\u021biei, at\u00e2t \u00een rela\u021biile cu Imperiul Otoman, c\u00e2t \u0219i cu cel Habsburgic, \u00eel determin\u0103 pe domn s\u0103 ordone \u00eenchiderea taberei de la Flore\u0219ti (1 septembrie 1859).<\/h4>\r\n<h4 style=\"text-align: justify;\">Astfel \u00eemplinit\u0103 recunoa\u0219terea situa\u021biei de fapt, impus\u0103 la 24 ianuarie, obiectivul imediat urm\u0103tor era acceptarea de c\u0103tre puterile garante a Unirii depline. F\u0103r\u0103 a a\u0219tepta verdictul altor reuniuni interna\u021bionale, Alexandru I. Cuza a trecut la unificarea aparatului de stat, remediind din mers consecin\u021bele hot\u0103r\u00e2rilor adoptate prin Conven\u021bia de la Paris. Misiunile diplomatice ale Principatelor la Constantinopol erau reunite \u00eenc\u0103 \u00een cursul anului 1859 (martie), cu <a title=\"Costache Negri\" href=\"http:\/\/ro.wikipedia.org\/wiki\/Costache_Negri\" target=\"_blank\" rel=\"noopener\">Costache Negri<\/a>, recunoscut chiar de c\u0103tre Poart\u0103, drept unic reprezentant al celor dou\u0103 \u021b\u0103ri. Unificarea armatei \u00eencepea cu deplas\u0103ri de unit\u0103\u021bi militare moldovene, la Bucure\u0219ti \u0219i muntene, la Ia\u0219i; tab\u0103ra de la Flore\u0219ti s-a bucurat de o comand\u0103 unic\u0103. \u00cen cursul anului 1860, statele majore, instruc\u021bia, administra\u021bia \u0219i intenden\u021ba au fost a\u0219ezate sub o singur\u0103 autoritate, iar aceea\u0219i persoan\u0103 &#8211; generalul <a title=\"Ion Emanoil Florescu\" href=\"http:\/\/ro.wikipedia.org\/wiki\/Ion_Emanoil_Florescu\" target=\"_blank\" rel=\"noopener\">Ion Emanoil Florescu<\/a> &#8211; a fost numit\u0103 \u00een func\u021bia de ministru de r\u0103zboi \u00een ambele \u021b\u0103ri. La serviciul telegrafului moldovean \u0219i muntean este numit ca inspector general Cezar Librecht.<\/h4>\r\n<h4 style=\"text-align: justify;\">La Foc\u0219ani, nu f\u0103r\u0103 dificult\u0103\u021bi, \u00ee\u0219i \u00eencepuse activitatea Comisia Central\u0103 care, potrivit Conven\u021biei de la Paris, trebuia s\u0103 elaboreze legile, comune celor dou\u0103 \u021b\u0103ri. \u00cen cei trei ani de activitate (1859- 1862) din proiectele sale au fost aprobate de Adunarea, electiv\u0103 \u0219i promulgate de domn doar cele referitoare la Curtea de Casa\u021bie \u0219i la domeniul funciar (care traducea \u00een fapt principiul egalit\u0103\u021bii fiscale). Proiectul de Constitu\u021bie nu a fost aprobat \u00eens\u0103 de domnitorul Cuza, Comisia Central\u0103 din Foc\u0219ani fiind desfiin\u021bat\u0103 \u00een februarie 1862.<\/h4>\r\n<h4 style=\"text-align: justify;\">Raporturile cu acele puteri garante care se ar\u0103tau ostile unirii sau care jucaser\u0103, \u00een trecut, un rol important \u00een via\u021ba Principatelor (Rusia, \u00een anii \u201eprotectoratului\u201d) au fost bazate, \u00eenc\u0103 din primii ani ai domniei lui Alexandru I. Cuza, pe respectarea ne\u0219tirbit\u0103 a autonomiei \u021b\u0103rii nou-constituite. Astfel, prezen\u021ba militarilor otomani va fi categoric interzis\u0103, iar Poarta va fi obligat\u0103, \u00een vara anului 1860, s\u0103 renun\u021be la pa\u0219apoartele sale solicitate c\u0103l\u0103torilor rom\u00e2ni, \u00een mai multe situa\u021bii supu\u0219ii Imperiului fiind re\u021binu\u021bi pentru c\u0103 au produs diverse neor\u00e2nduieli. Austria, vehement du\u0219m\u0103noas\u0103, a trebuit s\u0103 accepte c\u0103 legile statului rom\u00e2n sunt valabile \u0219i pentru locuitorii cezaro-cr\u0103ie\u0219ti afla\u021bi aici cu afaceri. Maghiarii \u0219i polonezii, care vroiau s\u0103 r\u0103m\u00e2n\u0103 \u00een Principate sau s\u0103 tranziteze spre alte regiuni, sunt proteja\u021bi de guvern \u0219i de domn \u00een spiritul dreptului la azil politic, oferindu-li-se la plecare chiar mijloacele necesare.<\/h4>\r\n<h4 style=\"text-align: justify;\">Fran\u021ba, apoi Rusia, Italia \u0219i Prusia erau de acord cu unirea deplin\u0103. Alexandru I. Cuza a\u0219tepta hot\u0103r\u00e2rea Conferin\u021bei de la Constantinopol convocat\u0103 \u00een acest scop. Cum era de a\u0219teptat, \u00eenc\u0103 din prima \u0219edin\u021b\u0103 Poarta a cerut dreptul de interven\u021bie \u00een Principate, \u00een cazul unor noi \u00eenc\u0103lc\u0103ri ale Conven\u021biei de la Paris, iar Austria a admis unirea doar pe durata domniei lui Alexandru I. Cuza. La \u00eenceputul lunii noiembrie 1861 firmanul Unirii era prezentat, dar \u00een condi\u021bii considerate, \u00een \u021bar\u0103, inacceptabile.<\/h4>\r\n<h4 style=\"text-align: justify;\">Fermitatea lui Alexandru I. Cuza, reac\u021bia energic\u0103 Camerelor \u0219i a guvernelor, pozi\u021bia intransigent\u0103 a lui C. Negri \u0219i atitudinea favorabil\u0103 a majorit\u0103\u021bii Marilor Puteri garante \u0219i-au f\u0103cut \u00een cele din urm\u0103 efectul. La cap\u0103tul Conferin\u021bei, Poarta a elaborat un nou firman (4\/16 decembrie 1861) prin care a renun\u021bat la condi\u021biile anterior solicitate, Austria p\u0103str\u00e2ndu-\u0219i vechea pozi\u021bie.<\/h4>\r\n<h4 style=\"text-align: justify;\">\u0218irul de reforme ini\u021biate de Cuza \u0219i venirea mai apoi pe tronul Principatelor Unite a domnitorului <a title=\"Carol I\" href=\"http:\/\/ro.wikipedia.org\/wiki\/Carol_I\" target=\"_blank\" rel=\"noopener\">Carol I<\/a>, care se bucura at\u00e2t de sprijinul <a title=\"Al doilea Imperiu Francez\" href=\"http:\/\/ro.wikipedia.org\/wiki\/Al_doilea_Imperiu_Francez\" target=\"_blank\" rel=\"noopener\">Fran\u021bei<\/a> c\u00e2t \u0219i cel al <a title=\"Prusia\" href=\"http:\/\/ro.wikipedia.org\/wiki\/Prusia\" target=\"_blank\" rel=\"noopener\">Prusiei<\/a>, a f\u0103cut ca actul de la 1859 s\u0103 fie ireversibil. Din <a title=\"1866\" href=\"http:\/\/ro.wikipedia.org\/wiki\/1866\" target=\"_blank\" rel=\"noopener\">1866<\/a>, potrivit <a title=\"Constitu\u021bia din 1866\" href=\"http:\/\/ro.wikipedia.org\/wiki\/Constitu%C8%9Bia_din_1866\" target=\"_blank\" rel=\"noopener\">Constitu\u021biei promulgate la 1 iulie<\/a>, Principatele Unite \u00eencep s\u0103 se numeasc\u0103 oficial <em>Rom\u00e2nia<\/em>.<\/h4>\r\n<h4><em>Articol preluat de la wikipedia.com<\/em><\/h4>        <div class=\"booster-block booster-reactions-block\">\n            <div class=\"twp-reactions-icons\">\n                \n                <div class=\"twp-reacts-wrap\">\n                    <a react-data=\"be-react-1\" post-id=\"3682\" class=\"be-face-icons un-reacted\" href=\"javascript:void(0)\">\n                        <img decoding=\"async\" src=\"https:\/\/desteptati-va.ro\/wp-content\/plugins\/booster-extension\/\/assets\/icon\/happy.svg\" alt=\"Happy\">\n                    <\/a>\n                    <div class=\"twp-reaction-title\">\n                        Happy                    <\/div>\n                    <div class=\"twp-count-percent\">\n                                                    <span style=\"display: none;\" class=\"twp-react-count\">0<\/span>\n                        \n                                                <span class=\"twp-react-percent\"><span>0<\/span> %<\/span>\n                                            <\/div>\n                <\/div>\n\n                <div class=\"twp-reacts-wrap\">\n                    <a react-data=\"be-react-2\" post-id=\"3682\" class=\"be-face-icons un-reacted\" href=\"javascript:void(0)\">\n                        <img decoding=\"async\" src=\"https:\/\/desteptati-va.ro\/wp-content\/plugins\/booster-extension\/\/assets\/icon\/sad.svg\" alt=\"Sad\">\n                    <\/a>\n                    <div class=\"twp-reaction-title\">\n                        Sad                    <\/div>\n                    <div class=\"twp-count-percent\">\n                                                    <span style=\"display: none;\" class=\"twp-react-count\">0<\/span>\n                                                                        <span class=\"twp-react-percent\"><span>0<\/span> %<\/span>\n                                            <\/div>\n                <\/div>\n\n                <div class=\"twp-reacts-wrap\">\n                    <a react-data=\"be-react-3\" post-id=\"3682\" class=\"be-face-icons un-reacted\" href=\"javascript:void(0)\">\n                        <img decoding=\"async\" src=\"https:\/\/desteptati-va.ro\/wp-content\/plugins\/booster-extension\/\/assets\/icon\/excited.svg\" alt=\"Excited\">\n                    <\/a>\n                    <div class=\"twp-reaction-title\">\n                        Excited                    <\/div>\n                    <div class=\"twp-count-percent\">\n                                                    <span style=\"display: none;\" class=\"twp-react-count\">0<\/span>\n                                                                        <span class=\"twp-react-percent\"><span>0<\/span> %<\/span>\n                                            <\/div>\n                <\/div>\n\n                <div class=\"twp-reacts-wrap\">\n                    <a react-data=\"be-react-6\" post-id=\"3682\" class=\"be-face-icons un-reacted\" href=\"javascript:void(0)\">\n                        <img decoding=\"async\" src=\"https:\/\/desteptati-va.ro\/wp-content\/plugins\/booster-extension\/\/assets\/icon\/sleepy.svg\" alt=\"Sleepy\">\n                    <\/a>\n                    <div class=\"twp-reaction-title\">\n                        Sleepy                    <\/div>\n                    <div class=\"twp-count-percent\">\n                                                    <span style=\"display: none;\" class=\"twp-react-count\">0<\/span>\n                        \n                                                <span class=\"twp-react-percent\"><span>0<\/span> %<\/span>\n                                            <\/div>\n                <\/div>\n\n                <div class=\"twp-reacts-wrap\">\n                    <a react-data=\"be-react-4\" post-id=\"3682\" class=\"be-face-icons un-reacted\" href=\"javascript:void(0)\">\n                        <img decoding=\"async\" src=\"https:\/\/desteptati-va.ro\/wp-content\/plugins\/booster-extension\/\/assets\/icon\/angry.svg\" alt=\"Angry\">\n                    <\/a>\n                    <div class=\"twp-reaction-title\">Angry<\/div>\n                    <div class=\"twp-count-percent\">\n                                                    <span style=\"display: none;\" class=\"twp-react-count\">0<\/span>\n                                                                        <span class=\"twp-react-percent\"><span>0<\/span> %<\/span>\n                        \n                    <\/div>\n                <\/div>\n\n                <div class=\"twp-reacts-wrap\">\n                    <a react-data=\"be-react-5\" post-id=\"3682\" class=\"be-face-icons un-reacted\" href=\"javascript:void(0)\">\n                        <img decoding=\"async\" src=\"https:\/\/desteptati-va.ro\/wp-content\/plugins\/booster-extension\/\/assets\/icon\/surprise.svg\" alt=\"Surprise\">\n                    <\/a>\n                    <div class=\"twp-reaction-title\">Surprise<\/div>\n                    <div class=\"twp-count-percent\">\n                                                    <span style=\"display: none;\" class=\"twp-react-count\">0<\/span>\n                                                                        <span class=\"twp-react-percent\"><span>0<\/span> %<\/span>\n                                            <\/div>\n                <\/div>\n\n            <\/div>\n        <\/div>\n\n    <\/div>","protected":false},"excerpt":{"rendered":"<p>Unirea Principatelor Rom\u00e2ne cunoscut\u0103 \u0219i ca Mica Unire (Marea Unire fiind cea de la 1918) a avut loc la jum\u0103tatea<a href=\"https:\/\/desteptati-va.ro\/index.php\/2021\/04\/16\/unirea-principatelor-romane\/\">Read More<i class=\"fa fa-long-arrow-right\" aria-hidden=\"true\"><\/i><\/a><\/p>\n","protected":false},"author":1,"featured_media":1112,"comment_status":"open","ping_status":"open","sticky":false,"template":"","format":"standard","meta":{"_crdt_document":"","footnotes":""},"categories":[28,47],"tags":[686,711,59,60,712],"class_list":["post-3682","post","type-post","status-publish","format-standard","has-post-thumbnail","hentry","category-secvente-istorice","category-unirea-si-domnul-ei","tag-24-ianuarie","tag-5-ianuarie","tag-desteptati","tag-desteptati-va","tag-unirea-principatelor"],"rise-blocks_total_comments":1,"rise-blocks_categories":[{"term_id":47,"name":"Unirea si Domnul ei","slug":"unirea-si-domnul-ei","term_group":0,"term_taxonomy_id":47,"taxonomy":"category","description":"","parent":28,"count":4,"filter":"raw"}],"rise-blocks_excerpt":"Unirea Principatelor Rom\u00e2ne cunoscut\u0103 \u0219i ca Mica Unire (Marea Unire fiind cea de la 1918) a avut loc la jum\u0103tatea secolului al XIX-lea \u0219i reprezint\u0103 unificarea vechilor state Moldova \u0219i \u021aara Rom\u00e2neasc\u0103. Unirea este str\u00e2ns legat\u0103 de personalitatea lui Alexandru Ioan Cuza \u0219i de alegerea sa ca domnitor al ambelor principate la 5 ianuarie 1859 \u00een Moldova \u0219i la 24..","yoast_head":"<!-- This site is optimized with the Yoast SEO plugin v26.9 - https:\/\/yoast.com\/product\/yoast-seo-wordpress\/ -->\r\n<title>Unirea Principatelor Rom\u00e2ne -<\/title>\r\n<meta name=\"robots\" content=\"index, follow, max-snippet:-1, max-image-preview:large, max-video-preview:-1\" \/>\r\n<link rel=\"canonical\" href=\"https:\/\/desteptati-va.ro\/index.php\/2021\/04\/16\/unirea-principatelor-romane\/\" \/>\r\n<meta property=\"og:locale\" content=\"ro_RO\" \/>\r\n<meta property=\"og:type\" content=\"article\" \/>\r\n<meta property=\"og:title\" content=\"Unirea Principatelor Rom\u00e2ne -\" \/>\r\n<meta property=\"og:description\" content=\"Unirea Principatelor Rom\u00e2ne cunoscut\u0103 \u0219i ca Mica Unire (Marea Unire fiind cea de la 1918) a avut loc la jum\u0103tateaRead More\" \/>\r\n<meta property=\"og:url\" content=\"https:\/\/desteptati-va.ro\/index.php\/2021\/04\/16\/unirea-principatelor-romane\/\" \/>\r\n<meta property=\"article:published_time\" content=\"2021-04-16T07:26:26+00:00\" \/>\r\n<meta property=\"article:modified_time\" content=\"2022-01-13T11:23:23+00:00\" \/>\r\n<meta property=\"og:image\" content=\"https:\/\/desteptati-va.ro\/wp-content\/uploads\/2021\/04\/Foto_Alexandru-Ioan-Cuza.jpg\" \/>\r\n\t<meta property=\"og:image:width\" content=\"300\" \/>\r\n\t<meta property=\"og:image:height\" content=\"377\" \/>\r\n\t<meta property=\"og:image:type\" content=\"image\/jpeg\" \/>\r\n<meta name=\"author\" content=\"wolfsoftcompany\" \/>\r\n<meta name=\"twitter:card\" content=\"summary_large_image\" \/>\r\n<meta name=\"twitter:label1\" content=\"Scris de\" \/>\n\t<meta name=\"twitter:data1\" content=\"wolfsoftcompany\" \/>\n\t<meta name=\"twitter:label2\" content=\"Timp estimat pentru citire\" \/>\n\t<meta name=\"twitter:data2\" content=\"13 minute\" \/>\r\n<script type=\"application\/ld+json\" class=\"yoast-schema-graph\">{\"@context\":\"https:\/\/schema.org\",\"@graph\":[{\"@type\":\"Article\",\"@id\":\"https:\/\/desteptati-va.ro\/index.php\/2021\/04\/16\/unirea-principatelor-romane\/#article\",\"isPartOf\":{\"@id\":\"https:\/\/desteptati-va.ro\/index.php\/2021\/04\/16\/unirea-principatelor-romane\/\"},\"author\":{\"name\":\"wolfsoftcompany\",\"@id\":\"https:\/\/desteptati-va.ro\/#\/schema\/person\/13182deeebd44920914899f7bb262d6b\"},\"headline\":\"Unirea Principatelor Rom\u00e2ne\",\"datePublished\":\"2021-04-16T07:26:26+00:00\",\"dateModified\":\"2022-01-13T11:23:23+00:00\",\"mainEntityOfPage\":{\"@id\":\"https:\/\/desteptati-va.ro\/index.php\/2021\/04\/16\/unirea-principatelor-romane\/\"},\"wordCount\":2653,\"commentCount\":0,\"image\":{\"@id\":\"https:\/\/desteptati-va.ro\/index.php\/2021\/04\/16\/unirea-principatelor-romane\/#primaryimage\"},\"thumbnailUrl\":\"https:\/\/desteptati-va.ro\/wp-content\/uploads\/2021\/04\/Foto_Alexandru-Ioan-Cuza.jpg\",\"keywords\":[\"24 ianuarie\",\"5 ianuarie\",\"desteptati\",\"desteptati-va\",\"Unirea Principatelor\"],\"articleSection\":[\"Secvente Istorice\",\"Unirea si Domnul ei\"],\"inLanguage\":\"ro-RO\",\"potentialAction\":[{\"@type\":\"CommentAction\",\"name\":\"Comment\",\"target\":[\"https:\/\/desteptati-va.ro\/index.php\/2021\/04\/16\/unirea-principatelor-romane\/#respond\"]}]},{\"@type\":\"WebPage\",\"@id\":\"https:\/\/desteptati-va.ro\/index.php\/2021\/04\/16\/unirea-principatelor-romane\/\",\"url\":\"https:\/\/desteptati-va.ro\/index.php\/2021\/04\/16\/unirea-principatelor-romane\/\",\"name\":\"Unirea Principatelor Rom\u00e2ne -\",\"isPartOf\":{\"@id\":\"https:\/\/desteptati-va.ro\/#website\"},\"primaryImageOfPage\":{\"@id\":\"https:\/\/desteptati-va.ro\/index.php\/2021\/04\/16\/unirea-principatelor-romane\/#primaryimage\"},\"image\":{\"@id\":\"https:\/\/desteptati-va.ro\/index.php\/2021\/04\/16\/unirea-principatelor-romane\/#primaryimage\"},\"thumbnailUrl\":\"https:\/\/desteptati-va.ro\/wp-content\/uploads\/2021\/04\/Foto_Alexandru-Ioan-Cuza.jpg\",\"datePublished\":\"2021-04-16T07:26:26+00:00\",\"dateModified\":\"2022-01-13T11:23:23+00:00\",\"author\":{\"@id\":\"https:\/\/desteptati-va.ro\/#\/schema\/person\/13182deeebd44920914899f7bb262d6b\"},\"breadcrumb\":{\"@id\":\"https:\/\/desteptati-va.ro\/index.php\/2021\/04\/16\/unirea-principatelor-romane\/#breadcrumb\"},\"inLanguage\":\"ro-RO\",\"potentialAction\":[{\"@type\":\"ReadAction\",\"target\":[\"https:\/\/desteptati-va.ro\/index.php\/2021\/04\/16\/unirea-principatelor-romane\/\"]}]},{\"@type\":\"ImageObject\",\"inLanguage\":\"ro-RO\",\"@id\":\"https:\/\/desteptati-va.ro\/index.php\/2021\/04\/16\/unirea-principatelor-romane\/#primaryimage\",\"url\":\"https:\/\/desteptati-va.ro\/wp-content\/uploads\/2021\/04\/Foto_Alexandru-Ioan-Cuza.jpg\",\"contentUrl\":\"https:\/\/desteptati-va.ro\/wp-content\/uploads\/2021\/04\/Foto_Alexandru-Ioan-Cuza.jpg\",\"width\":300,\"height\":377},{\"@type\":\"BreadcrumbList\",\"@id\":\"https:\/\/desteptati-va.ro\/index.php\/2021\/04\/16\/unirea-principatelor-romane\/#breadcrumb\",\"itemListElement\":[{\"@type\":\"ListItem\",\"position\":1,\"name\":\"Prima pagin\u0103\",\"item\":\"https:\/\/desteptati-va.ro\/\"},{\"@type\":\"ListItem\",\"position\":2,\"name\":\"Unirea Principatelor Rom\u00e2ne\"}]},{\"@type\":\"WebSite\",\"@id\":\"https:\/\/desteptati-va.ro\/#website\",\"url\":\"https:\/\/desteptati-va.ro\/\",\"name\":\"\",\"description\":\"\",\"potentialAction\":[{\"@type\":\"SearchAction\",\"target\":{\"@type\":\"EntryPoint\",\"urlTemplate\":\"https:\/\/desteptati-va.ro\/?s={search_term_string}\"},\"query-input\":{\"@type\":\"PropertyValueSpecification\",\"valueRequired\":true,\"valueName\":\"search_term_string\"}}],\"inLanguage\":\"ro-RO\"},{\"@type\":\"Person\",\"@id\":\"https:\/\/desteptati-va.ro\/#\/schema\/person\/13182deeebd44920914899f7bb262d6b\",\"name\":\"wolfsoftcompany\",\"image\":{\"@type\":\"ImageObject\",\"inLanguage\":\"ro-RO\",\"@id\":\"https:\/\/desteptati-va.ro\/#\/schema\/person\/image\/\",\"url\":\"https:\/\/secure.gravatar.com\/avatar\/a6cce9b6d101d27d91690e7073e300fed94c0899890bf998e082cb9d2c3d121e?s=96&d=mm&r=g\",\"contentUrl\":\"https:\/\/secure.gravatar.com\/avatar\/a6cce9b6d101d27d91690e7073e300fed94c0899890bf998e082cb9d2c3d121e?s=96&d=mm&r=g\",\"caption\":\"wolfsoftcompany\"},\"sameAs\":[\"http:\/\/desteptati-va.ro\"],\"url\":\"https:\/\/desteptati-va.ro\/index.php\/author\/wolfsoftcompany\/\"}]}<\/script>\r\n<!-- \/ Yoast SEO plugin. -->","yoast_head_json":{"title":"Unirea Principatelor Rom\u00e2ne -","robots":{"index":"index","follow":"follow","max-snippet":"max-snippet:-1","max-image-preview":"max-image-preview:large","max-video-preview":"max-video-preview:-1"},"canonical":"https:\/\/desteptati-va.ro\/index.php\/2021\/04\/16\/unirea-principatelor-romane\/","og_locale":"ro_RO","og_type":"article","og_title":"Unirea Principatelor Rom\u00e2ne -","og_description":"Unirea Principatelor Rom\u00e2ne cunoscut\u0103 \u0219i ca Mica Unire (Marea Unire fiind cea de la 1918) a avut loc la jum\u0103tateaRead More","og_url":"https:\/\/desteptati-va.ro\/index.php\/2021\/04\/16\/unirea-principatelor-romane\/","article_published_time":"2021-04-16T07:26:26+00:00","article_modified_time":"2022-01-13T11:23:23+00:00","og_image":[{"width":300,"height":377,"url":"https:\/\/desteptati-va.ro\/wp-content\/uploads\/2021\/04\/Foto_Alexandru-Ioan-Cuza.jpg","type":"image\/jpeg"}],"author":"wolfsoftcompany","twitter_card":"summary_large_image","twitter_misc":{"Scris de":"wolfsoftcompany","Timp estimat pentru citire":"13 minute"},"schema":{"@context":"https:\/\/schema.org","@graph":[{"@type":"Article","@id":"https:\/\/desteptati-va.ro\/index.php\/2021\/04\/16\/unirea-principatelor-romane\/#article","isPartOf":{"@id":"https:\/\/desteptati-va.ro\/index.php\/2021\/04\/16\/unirea-principatelor-romane\/"},"author":{"name":"wolfsoftcompany","@id":"https:\/\/desteptati-va.ro\/#\/schema\/person\/13182deeebd44920914899f7bb262d6b"},"headline":"Unirea Principatelor Rom\u00e2ne","datePublished":"2021-04-16T07:26:26+00:00","dateModified":"2022-01-13T11:23:23+00:00","mainEntityOfPage":{"@id":"https:\/\/desteptati-va.ro\/index.php\/2021\/04\/16\/unirea-principatelor-romane\/"},"wordCount":2653,"commentCount":0,"image":{"@id":"https:\/\/desteptati-va.ro\/index.php\/2021\/04\/16\/unirea-principatelor-romane\/#primaryimage"},"thumbnailUrl":"https:\/\/desteptati-va.ro\/wp-content\/uploads\/2021\/04\/Foto_Alexandru-Ioan-Cuza.jpg","keywords":["24 ianuarie","5 ianuarie","desteptati","desteptati-va","Unirea Principatelor"],"articleSection":["Secvente Istorice","Unirea si Domnul ei"],"inLanguage":"ro-RO","potentialAction":[{"@type":"CommentAction","name":"Comment","target":["https:\/\/desteptati-va.ro\/index.php\/2021\/04\/16\/unirea-principatelor-romane\/#respond"]}]},{"@type":"WebPage","@id":"https:\/\/desteptati-va.ro\/index.php\/2021\/04\/16\/unirea-principatelor-romane\/","url":"https:\/\/desteptati-va.ro\/index.php\/2021\/04\/16\/unirea-principatelor-romane\/","name":"Unirea Principatelor Rom\u00e2ne -","isPartOf":{"@id":"https:\/\/desteptati-va.ro\/#website"},"primaryImageOfPage":{"@id":"https:\/\/desteptati-va.ro\/index.php\/2021\/04\/16\/unirea-principatelor-romane\/#primaryimage"},"image":{"@id":"https:\/\/desteptati-va.ro\/index.php\/2021\/04\/16\/unirea-principatelor-romane\/#primaryimage"},"thumbnailUrl":"https:\/\/desteptati-va.ro\/wp-content\/uploads\/2021\/04\/Foto_Alexandru-Ioan-Cuza.jpg","datePublished":"2021-04-16T07:26:26+00:00","dateModified":"2022-01-13T11:23:23+00:00","author":{"@id":"https:\/\/desteptati-va.ro\/#\/schema\/person\/13182deeebd44920914899f7bb262d6b"},"breadcrumb":{"@id":"https:\/\/desteptati-va.ro\/index.php\/2021\/04\/16\/unirea-principatelor-romane\/#breadcrumb"},"inLanguage":"ro-RO","potentialAction":[{"@type":"ReadAction","target":["https:\/\/desteptati-va.ro\/index.php\/2021\/04\/16\/unirea-principatelor-romane\/"]}]},{"@type":"ImageObject","inLanguage":"ro-RO","@id":"https:\/\/desteptati-va.ro\/index.php\/2021\/04\/16\/unirea-principatelor-romane\/#primaryimage","url":"https:\/\/desteptati-va.ro\/wp-content\/uploads\/2021\/04\/Foto_Alexandru-Ioan-Cuza.jpg","contentUrl":"https:\/\/desteptati-va.ro\/wp-content\/uploads\/2021\/04\/Foto_Alexandru-Ioan-Cuza.jpg","width":300,"height":377},{"@type":"BreadcrumbList","@id":"https:\/\/desteptati-va.ro\/index.php\/2021\/04\/16\/unirea-principatelor-romane\/#breadcrumb","itemListElement":[{"@type":"ListItem","position":1,"name":"Prima pagin\u0103","item":"https:\/\/desteptati-va.ro\/"},{"@type":"ListItem","position":2,"name":"Unirea Principatelor Rom\u00e2ne"}]},{"@type":"WebSite","@id":"https:\/\/desteptati-va.ro\/#website","url":"https:\/\/desteptati-va.ro\/","name":"","description":"","potentialAction":[{"@type":"SearchAction","target":{"@type":"EntryPoint","urlTemplate":"https:\/\/desteptati-va.ro\/?s={search_term_string}"},"query-input":{"@type":"PropertyValueSpecification","valueRequired":true,"valueName":"search_term_string"}}],"inLanguage":"ro-RO"},{"@type":"Person","@id":"https:\/\/desteptati-va.ro\/#\/schema\/person\/13182deeebd44920914899f7bb262d6b","name":"wolfsoftcompany","image":{"@type":"ImageObject","inLanguage":"ro-RO","@id":"https:\/\/desteptati-va.ro\/#\/schema\/person\/image\/","url":"https:\/\/secure.gravatar.com\/avatar\/a6cce9b6d101d27d91690e7073e300fed94c0899890bf998e082cb9d2c3d121e?s=96&d=mm&r=g","contentUrl":"https:\/\/secure.gravatar.com\/avatar\/a6cce9b6d101d27d91690e7073e300fed94c0899890bf998e082cb9d2c3d121e?s=96&d=mm&r=g","caption":"wolfsoftcompany"},"sameAs":["http:\/\/desteptati-va.ro"],"url":"https:\/\/desteptati-va.ro\/index.php\/author\/wolfsoftcompany\/"}]}},"_links":{"self":[{"href":"https:\/\/desteptati-va.ro\/index.php\/wp-json\/wp\/v2\/posts\/3682","targetHints":{"allow":["GET"]}}],"collection":[{"href":"https:\/\/desteptati-va.ro\/index.php\/wp-json\/wp\/v2\/posts"}],"about":[{"href":"https:\/\/desteptati-va.ro\/index.php\/wp-json\/wp\/v2\/types\/post"}],"author":[{"embeddable":true,"href":"https:\/\/desteptati-va.ro\/index.php\/wp-json\/wp\/v2\/users\/1"}],"replies":[{"embeddable":true,"href":"https:\/\/desteptati-va.ro\/index.php\/wp-json\/wp\/v2\/comments?post=3682"}],"version-history":[{"count":2,"href":"https:\/\/desteptati-va.ro\/index.php\/wp-json\/wp\/v2\/posts\/3682\/revisions"}],"predecessor-version":[{"id":4411,"href":"https:\/\/desteptati-va.ro\/index.php\/wp-json\/wp\/v2\/posts\/3682\/revisions\/4411"}],"wp:featuredmedia":[{"embeddable":true,"href":"https:\/\/desteptati-va.ro\/index.php\/wp-json\/wp\/v2\/media\/1112"}],"wp:attachment":[{"href":"https:\/\/desteptati-va.ro\/index.php\/wp-json\/wp\/v2\/media?parent=3682"}],"wp:term":[{"taxonomy":"category","embeddable":true,"href":"https:\/\/desteptati-va.ro\/index.php\/wp-json\/wp\/v2\/categories?post=3682"},{"taxonomy":"post_tag","embeddable":true,"href":"https:\/\/desteptati-va.ro\/index.php\/wp-json\/wp\/v2\/tags?post=3682"}],"curies":[{"name":"wp","href":"https:\/\/api.w.org\/{rel}","templated":true}]}}