{"id":3685,"date":"2021-04-16T07:36:32","date_gmt":"2021-04-16T07:36:32","guid":{"rendered":"http:\/\/desteptati.ro\/?p=3685"},"modified":"2021-04-16T07:36:32","modified_gmt":"2021-04-16T07:36:32","slug":"basescu-ultimul-autocrat-al-europei","status":"publish","type":"post","link":"https:\/\/desteptati-va.ro\/index.php\/2021\/04\/16\/basescu-ultimul-autocrat-al-europei\/","title":{"rendered":"B\u0103sescu \u2013 Ultimul autocrat al Europei"},"content":{"rendered":"<div class=\"post-content\"><div class='booster-block booster-read-block'>\n                <div class=\"twp-read-time\">\n                \t<i class=\"booster-icon twp-clock\"><\/i> <span>Read Time:<\/span>7 Minute, 51 Second                <\/div>\n\n            <\/div><h4 style=\"text-align: justify;\">La aproape un sfert de secol dup\u0103 c\u0103derea Cortinei de Fier, strig\u0103tele dureroase pentru \u201c<strong>Libertatea<\/strong>\u201c, pot fi \u00eenc\u0103 auzite de la oamenii care demonstreaz\u0103 \u00een Europa. \u00cen Rom\u00e2nia, membr\u0103 a Uniunii Europene din 2007, oamenii sunt \u00eenc\u0103 \u00een c\u0103utarea valorilor democratice care au fost \u00eengropate sub regimul despotic al pre\u0219edintelui controversat al \u021b\u0103rii, Traian B\u0103sescu. Exact cu un an \u00eenaintea urm\u0103toarelor alegeri preziden\u021biale din Rom\u00e2nia, Traian B\u0103sescu i\u0219i recap\u0103t\u0103 regimul lui autocratic, care a fost sl\u0103bit prin referendum anul trecut, \u00een care 87% au votat \u00een favoarea suspend\u0103rii sale. Angajat \u00eentr-un r\u0103zboi intern \u00eempotriva noului guvern \u0219i majoritatea politic\u0103, Basescu este acum setat pentru a-\u0219i mobilize prietenii din afara Rom\u00e2niei \u2013 poate din Europa, poate chiar de peste Oceanul Atlantic. Exist\u0103 zvonuri c\u0103 va \u00eencerca s\u0103-\u0219i asigure viitorul s\u0103u politic cu ajutorul conexiunilor sale vechi, care l\/au ajutat s\u0103 r\u0103m\u00e2n\u0103 la putere \u00een urm\u0103 cu un an, \u00een ciuda rezultatului referendumului. Acesta este, poate, cea mai ciudat\u0103 poveste a unei reveniri \u00een Europa \u0219i una care ar fi mult mai probabil s\u0103 se petreac\u0103 \u00eentr-o \u021bar\u0103 ca Belarus (ultima dictatur\u0103 comunist\u0103 nereformat restul Europei), dec\u00e2t \u00eentr-un stat membru al Uniunii Europene. Doar un tiran poate astfel sfida deschis voin\u021ba poporului (7.4M de voturi din 8.4M de rom\u00e2ni au votat pentru demiterea lui), dar el totu\u0219i revine la birou. Acesta este modul \u00een care B\u0103sescu a reu\u0219it s\u0103 se \u00eentoarc\u0103 la Palatul Preziden\u021bial dup\u0103 suspendarea lui de trei s\u0103pt\u0103m\u00e2ni de la Parlament.<\/h4>\r\n<h3 style=\"text-align: justify;\">Construirea unui regim autocratic<\/h3>\r\n<h4 style=\"text-align: justify;\">Nu a fost \u00eent\u00e2mpl\u0103tor faptul c\u0103 Traian B\u0103sescu a reu\u0219it s\u0103-\u0219i rec\u00e2\u0219tige puterea dup\u0103 ce oamenii lui i-au spus s\u0103 plece. Sistemul de auto\/servire, atent construit l\/a salvat.<\/h4>\r\n<h4 style=\"text-align: justify;\">Regimul lui Basescu este caracterizat printr-o re\u021bea de institu\u021bii, care sunt toate sub comanda lui personal\u0103. Prin numirea sus\u021bin\u0103torilor s\u0103i loiali \u00een pozi\u021bii cheie \u0219i prin men\u021binerea celor care-si arata recunostinta, B\u0103sescu a reu\u0219it chiar s\u0103 preia controlul total al serviciilor secrete din Rom\u00e2nia prin care \u00ee\u0219i urm\u0103relte cu propriile prerogative \u00een calitate de pre\u0219edinte al Consiliului Suprem de Ap\u0103rare a \u021a\u0103rii, interesele.<\/h4>\r\n<h4 style=\"text-align: justify;\">Folosind informa\u021biile furnizate direct de c\u0103tre serviciile secrete \u0219i de sistemul de monitorizare , se spune c\u0103 B\u0103sescu a reu\u0219it s\u0103-i fac\u0103 s\u0103 cedeze, prin presiunii subversive pe cei mai mul\u021bi dintre \u0219efii institu\u021biilor de stat-cheie.<\/h4>\r\n<figure id=\"attachment_4072\" aria-describedby=\"caption-attachment-4072\" style=\"width: 270px\" class=\"wp-caption aligncenter\"><a href=\"http:\/\/www.desteptati-va.ro\/wp-content\/uploads\/2013\/11\/images11.jpg\"><img loading=\"lazy\" decoding=\"async\" class=\"size-full wp-image-4072\" title=\"images11\" src=\"http:\/\/www.desteptati-va.ro\/wp-content\/uploads\/2013\/11\/images11.jpg\" alt=\"Basescu si &quot;supu\u015fii&quot;\" width=\"270\" height=\"187\" \/><\/a><figcaption id=\"caption-attachment-4072\" class=\"wp-caption-text\">Basescu si &#8222;supu\u015fii&#8221;<\/figcaption><\/figure>\r\n<h4 style=\"text-align: justify;\">Pas cu pas, prin mai multe \u00eent\u00e2lniri \u0219i mandate, el a reu\u0219it s\u0103 prelungeasc\u0103 controlul s\u0103u personal \u0219i s\u0103-l extind\u0103 \u00een continuare peste capetele procurorilor \u0219efi, precum \u0219i conducerea Cur\u021bii Supreme de Justi\u021bie, Consiliului Superior al Magistraturii, Curtea Constitu\u021bional\u0103 din Rom\u00e2nia \u0219i Agen\u021bia Na\u021bional\u0103 de Integritate, pentru a numi doar c\u00e2teva. Folosind toate aceste institu\u021bii influente, inclusiv Agen\u021bia Na\u021bional\u0103 de Administrare Fiscal\u0103 \u0219i Comisia audio-video, de-a lungul celor nou\u0103 ani de mandat, Traian B\u0103sescu a reu\u0219it s\u0103 compromit\u0103 \u0219i s\u0103 elimine rivalii sai politici, fostii aliati, voci ale mi\u0219c\u0103rii sindicale \u0219i a societ\u0103\u021bii civile. De asemenea, el a atacat \u00een mod deschis institu\u021biile de pres\u0103 independente ale \u021b\u0103rii.<\/h4>\r\n<h4 style=\"text-align: justify;\">\u00cen esen\u021b\u0103, au existat dou\u0103 \u00eenc\u0103lc\u0103ri constitu\u021bionale, care au condus la decizia Parlamentului de a-l suspenda pe Basescu \u2013 nu o dat\u0103, ci de dou\u0103 ori, \u0219i pentru a apela \u00een cele din urm\u0103 la un referendum. Ceea ce s\/a \u00eent\u00e2mplat vara trecut\u0103 a fost un caz tipic de servitute voluntar\u0103 a institu\u021biilor statului fa\u021b\u0103 de un singur om \u2013 pre\u0219edintele.<\/h4>\r\n<h4 style=\"text-align: justify;\">Votul majorit\u0103\u021bii zdrobitoare pentru punerea sub acuzare a lui B\u0103sescu a fost suspendat pur \u0219i simplu, nul \u0219i neavenit de presta\u021bia Cur\u0163ii Constitu\u021bionale \u2013 una dintre institu\u021biile care se afl\u0103 sub controlul s\u0103u direct.<\/h4>\r\n<figure id=\"attachment_4073\" aria-describedby=\"caption-attachment-4073\" style=\"width: 259px\" class=\"wp-caption aligncenter\"><a href=\"http:\/\/www.desteptati-va.ro\/wp-content\/uploads\/2013\/11\/untitled.png\"><img loading=\"lazy\" decoding=\"async\" class=\"size-full wp-image-4073\" title=\"untitled\" src=\"http:\/\/www.desteptati-va.ro\/wp-content\/uploads\/2013\/11\/untitled.png\" alt=\"Mark Gitenstein\" width=\"259\" height=\"194\" \/><\/a><figcaption id=\"caption-attachment-4073\" class=\"wp-caption-text\">Mark Gitenstein<\/figcaption><\/figure>\r\n<h4 style=\"text-align: justify;\">B\u0103sescu s-a \u00eenconjurat de asemenea, de sprijinul alia\u021bilor s\u0103i de peste Atlantic. Ambasadorul Statelor Unite la Bucuresti, Mark Gitenstein, de exemplu, este privit ca un sus\u021bin\u0103tor f\u0103r\u0103 echivoc a lui B\u0103sescu. \u00centr-o interven\u021bie f\u0103r\u0103 precedent din partea unui diplomat american \u00een ultimul deceniu, ambasadorul Gitenstein a vorbit \u00eempotriva referendumului. El a spus c\u0103 este \u201cprofund preocupat de orice \u00eencercare de a amenin\u021ba independen\u021ba institu\u021biilor democratice\u201d.<\/h4>\r\n<h4 style=\"text-align: justify;\">De asemenea, trebuie remarcat faptul c\u0103 ambasadorul Gitenstein, destul de ciudat, de asemenea, este ac\u021bionar \u00een bordul Fondului Proprietatea din Rom\u00e2nia.<\/h4>\r\n<h4 style=\"text-align: justify;\">\u00cen ceea ce prive\u0219te pe emisarii trimi\u0219i de la Washington pentru a sprijini \u00een mod public pe B\u0103sescu, ace\u0219tia u\u0219or \u0219i f\u0103r\u0103 nici o ezitare au \u00eembr\u0103\u021bi\u0219at cifrele extrem de umflate prezentate \u00een leg\u0103tur\u0103 cu o fraud\u0103 electoral\u0103 imaginar\u0103. Ei au prezentat aceste pretinse realit\u0103\u021bi, ca fapte, chiar dac\u0103 dup\u0103 un an de la referendum nimeni nu a fost \u00een stare s\u0103 g\u0103seasc\u0103 dovezi care s\u0103 sus\u021bin\u0103 frauda de aproximativ dou\u0103 milioane de voturi \u00eempotriv\u0103 suspendarea lui B\u0103sescu.<\/h4>\r\n<h4 style=\"text-align: justify;\">Acest lucru poate fi descris doar ca o \u00eencercare deliberat\u0103 din partea Washington\/lui \u0219i Bruxelles s\u0103 dezinformeze publicul. O teorie scandaloas\u0103 a fost chiar inventat\u0103 \u00een ceea ce prive\u0219te inten\u021bia noului guvern de a \u2026 aresta unii judec\u0103tori ai Cur\u021bii Constitu\u021bionale. Adev\u0103rul a fost ascuns, fie din partea elitei politice europene, fie de Basescu si sustinatorii sai prin comunicate la Bruxelles \u0219i Washington pline de informa\u021bii false cu distorsionarea adev\u0103rului prin care Constitu\u021bia din Rom\u00e2nia n\/ar face nici o men\u021biune la orice procedur\u0103 de punere sub acuzare, acredit\u00e2nd teza lor de o lovitur\u0103 de stat. Mai mult dec\u00e2t at\u00e2t confuzia a fost men\u021binut\u0103 \u00een mod deliberat \u00een ceea ce prive\u0219te independen\u021ba membrilor Cur\u021bii Constitu\u021bionale, care sunt, de fapt, numi\u021bi pe criterii politice.<\/h4>\r\n<h4 style=\"text-align: justify;\">Anul trecut, mii de rom\u00e2ni au ie\u0219it \u00een strad\u0103 cer\u00e2nd \u201cLibertate, libertate\u201d la 23 de ani de la c\u0103derea regimului comunist. Mul\u021bi dintre ei simt c\u0103 sub B\u0103sescu, Rom\u00e2nia este mai mult \u0219i mai asem\u0103n\u0103toare cu Republica Socialist\u0103 Rom\u00e2nia a lui Nicolae Cea\u0219escu, conform sondajelor de opinie \u0219i rapoartele din mass-media local\u0103.<\/h4>\r\n<h4 style=\"text-align: justify;\">O statistic\u0103 oficial\u0103 vorbe\u0219te despre regimul actual din Rom\u00e2nia \u0219i este una care ar trebui s\u0103 v\u0103 produc\u0103 griji \u00een toat\u0103 lumea. Potrivit cifrelor oficiale, au existat mai mult de 3.000 de comenzi (\u00een doar un an) pentru interceptarea convorbirilor telefonice din Rom\u00e2nia pe motive de securitate na\u021bional\u0103. De asemenea, \u00een Rom\u00e2nia, presa este considerat\u0103 o \u201cvulnerabilitate\u201d pentru securitatea na\u021bional\u0103 a \u021b\u0103rii, a\u0219a cum scrie \u00een documentul de strategie na\u021bional\u0103.<\/h4>\r\n<h4 style=\"text-align: justify;\"><a href=\"http:\/\/www.desteptati-va.ro\/wp-content\/uploads\/2013\/11\/untitled22.png\"><img loading=\"lazy\" decoding=\"async\" class=\"aligncenter size-full wp-image-4074\" title=\"spionaj\" src=\"http:\/\/www.desteptati-va.ro\/wp-content\/uploads\/2013\/11\/untitled22.png\" alt=\"\" width=\"274\" height=\"184\" \/><\/a><\/h4>\r\n<h4 style=\"text-align: justify;\">Dup\u0103 nou\u0103 ani de mandat B\u0103sescu, mul\u021bi oameni \u0219optesc \u00een loc de a vorbi. Ei se tem c\u0103 telefonul lor este ascultat \u0219i c\u0103 un singur cuv\u00e2nt sau fraz\u0103 ar putea deveni probe \u00een cauza penal\u0103 construit\u0103 exclusiv pe compila\u021bii \u0219i intercept\u0103ri incomplete a convorbirilor telefonice. Aceasta este o concluzie care poate fi tras\u0103 din rapoartele independente cu privire la sistemul judiciar din Rom\u00e2nia, care prezint\u0103 cele mai multe dintre cazuri \u00eempotriva liderilor politici \u0219i oamenilor de afaceri care au fost construite exclusiv pe interceptarea convorbirilor telefonice, f\u0103r\u0103 nici o alt\u0103 dovad\u0103.<\/h4>\r\n<h4 style=\"text-align: justify;\">\u00centre timp, deten\u021bia preventiv\u0103 pentru mai mult de un an \u00eenainte de a fi trimis \u00een judecat\u0103 a devenit o metod\u0103 comun\u0103 \u0219i una care aminte\u0219te de metodele din regimul opresiv al lui Stalin. Dar, dincolo de sentimentele tot mai mari de frica si anxietate, rom\u00e2nii, de asemenea, se simt frustra\u021bi \u0219i tr\u0103dati, pentru ignorarea votului lor de la referendum.<\/h4>\r\n<h4 style=\"text-align: justify;\">\u00cencerc\u0103rile lui Basescu de a r\u0103m\u00e2ne la putere au creat un paradox: votul a mai mult de sapte milioane de oameni nu conteaz\u0103 fa\u021b\u0103 de cei care au lipsit la vot. Acest rezultat va afecta, probabil, la alegerile viitoare \u0219i, \u00een plus, democra\u021biei din Rom\u00e2nia.<\/h4>\r\n<h4 style=\"text-align: justify;\">De fapt, acesta este visul oric\u0103rui conduc\u0103tor autocrat: s\u0103 \u00eenlocuiasc\u0103 voin\u021ba poporului cu voin\u021ba lor proprie \u0219i de a spori nedumerirea cet\u0103\u021benilor, care \u00eencep s\u0103 cred c\u0103 nu exist\u0103 nici o posibilitate ca opiniile lor s\u0103 conteze, deoarece votul, p\u0103rerea \u0219i libertatea lor nu exist\u0103 cu adev\u0103rat.<\/h4>\r\n<h4 style=\"text-align: justify;\">Monopolul asupra mesajelor externe<\/h4>\r\n<h4 style=\"text-align: justify;\">\u00cenaintea referendumului, livrarea mesajelor prin mass media, din Rom\u00e2nia c\u0103tre alte state membre ale Uniunii Europene \u0219i Statele Unite au fost controlate de c\u0103tre persoane apropiate B\u0103sescu.<\/h4>\r\n<h4 style=\"text-align: justify;\">De fapt, nenum\u0103ra\u021bi mesageri pro-B\u0103sescu au b\u0103tut la usa unor membri ai Parlamentului European, \u0219i la unele guverne \u0219i institu\u021bii din afara \u021b\u0103rii.<\/h4>\r\n<h4 style=\"text-align: justify;\">Criticii spun ca aceasta a fost o \u00eencercare de a difuza doar informa\u021bii \u201c<em>adecvate<\/em>\u201c, aprobat de pre\u0219edinte \u0219i de regimul s\u0103u. Au ap\u0103rut prin lume sub form unor institu\u021bii culturale \u2013 \u00een principal concepute pentru a promova cultura rom\u00e2n\u0103 \u00een lume \u2013 sau organiza\u021bii non-guvernamentale (ONG-uri), aproape de regim preziden\u021bial (cum ar fi Freedom House Rom\u00e2nia). Scopul lor a fost de a oferi o mai mare credibilitate a a\u0219a-numitei informa\u021bii despre lovitura de stat, care presupune c\u0103 a fost organizat\u0103 de c\u0103tre Parlamentul din Rom\u00e2nia, Guvernul \u0219i cu majoritatea de 90% din rom\u00e2ni. Toate aceste eforturi pentru a furniza informa\u021bii false \u00een restul UE \u0219i a Statelor Unite ale Americii au avut ca scop ob\u021binerea unui sprijin extern pentru pre\u0219edintele suspendat \u0219i compens\u00e2nd lipsa de sprijin intern.<\/h4>\r\n<h3 style=\"text-align: justify;\">Cine are viitor?<\/h3>\r\n<h4 style=\"text-align: justify;\">\u00cen 13 luni, Rom\u00e2nia va avea probabil un nou pre\u0219edinte, deoarece Basescu nu poate candida pentru un al treilea mandat. Totu\u0219i el nu a renun\u021bat. \u0219i a lansat recent o idee hilar\u0103 cum c\u0103 el ar putea prelungi termenul s\u0103u constitu\u021bional cu cel pu\u021bin \u00eenc\u0103 dou\u0103 luni.<\/h4>\r\n<h4 style=\"text-align: justify;\">Modul s\u0103u de g\u00e2ndire, combinat cu metodele sale au folosit p\u00e2n\u0103 acum \u0219i \u00eempreun\u0103 cu re\u021beaua de institu\u021bii aflate sub comanda sa, ne face pe to\u021bi credem c\u0103 se poate \u00eent\u00e2mpla orice. Evenimentul cel mai r\u0103u ar sfi cel \u00een care ar schimba scaunul s\u0103u preziden\u021bial pentru o pozi\u021bie de pre\u0219edinte a vreunei institu\u021bii europene sau NATO.<\/h4>\r\n<h4><em><span style=\"color: #c0c0c0;\">Sursa: http:\/\/www.neurope.eu\/article\/basescu-last-autocrat-europe<\/span><\/em><\/h4>        <div class=\"booster-block booster-reactions-block\">\n            <div class=\"twp-reactions-icons\">\n                \n                <div class=\"twp-reacts-wrap\">\n                    <a react-data=\"be-react-1\" post-id=\"3685\" class=\"be-face-icons un-reacted\" href=\"javascript:void(0)\">\n                        <img decoding=\"async\" src=\"https:\/\/desteptati-va.ro\/wp-content\/plugins\/booster-extension\/\/assets\/icon\/happy.svg\" alt=\"Happy\">\n                    <\/a>\n                    <div class=\"twp-reaction-title\">\n                        Happy                    <\/div>\n                    <div class=\"twp-count-percent\">\n                                                    <span style=\"display: none;\" class=\"twp-react-count\">0<\/span>\n                        \n                                                <span class=\"twp-react-percent\"><span>0<\/span> %<\/span>\n                                            <\/div>\n                <\/div>\n\n                <div class=\"twp-reacts-wrap\">\n                    <a react-data=\"be-react-2\" post-id=\"3685\" class=\"be-face-icons un-reacted\" href=\"javascript:void(0)\">\n                        <img decoding=\"async\" src=\"https:\/\/desteptati-va.ro\/wp-content\/plugins\/booster-extension\/\/assets\/icon\/sad.svg\" alt=\"Sad\">\n                    <\/a>\n                    <div class=\"twp-reaction-title\">\n                        Sad                    <\/div>\n                    <div class=\"twp-count-percent\">\n                                                    <span style=\"display: none;\" class=\"twp-react-count\">0<\/span>\n                                                                        <span class=\"twp-react-percent\"><span>0<\/span> %<\/span>\n                                            <\/div>\n                <\/div>\n\n                <div class=\"twp-reacts-wrap\">\n                    <a react-data=\"be-react-3\" post-id=\"3685\" class=\"be-face-icons un-reacted\" href=\"javascript:void(0)\">\n                        <img decoding=\"async\" src=\"https:\/\/desteptati-va.ro\/wp-content\/plugins\/booster-extension\/\/assets\/icon\/excited.svg\" alt=\"Excited\">\n                    <\/a>\n                    <div class=\"twp-reaction-title\">\n                        Excited                    <\/div>\n                    <div class=\"twp-count-percent\">\n                                                    <span style=\"display: none;\" class=\"twp-react-count\">0<\/span>\n                                                                        <span class=\"twp-react-percent\"><span>0<\/span> %<\/span>\n                                            <\/div>\n                <\/div>\n\n                <div class=\"twp-reacts-wrap\">\n                    <a react-data=\"be-react-6\" post-id=\"3685\" class=\"be-face-icons un-reacted\" href=\"javascript:void(0)\">\n                        <img decoding=\"async\" src=\"https:\/\/desteptati-va.ro\/wp-content\/plugins\/booster-extension\/\/assets\/icon\/sleepy.svg\" alt=\"Sleepy\">\n                    <\/a>\n                    <div class=\"twp-reaction-title\">\n                        Sleepy                    <\/div>\n                    <div class=\"twp-count-percent\">\n                                                    <span style=\"display: none;\" class=\"twp-react-count\">0<\/span>\n                        \n                                                <span class=\"twp-react-percent\"><span>0<\/span> %<\/span>\n                                            <\/div>\n                <\/div>\n\n                <div class=\"twp-reacts-wrap\">\n                    <a react-data=\"be-react-4\" post-id=\"3685\" class=\"be-face-icons un-reacted\" href=\"javascript:void(0)\">\n                        <img decoding=\"async\" src=\"https:\/\/desteptati-va.ro\/wp-content\/plugins\/booster-extension\/\/assets\/icon\/angry.svg\" alt=\"Angry\">\n                    <\/a>\n                    <div class=\"twp-reaction-title\">Angry<\/div>\n                    <div class=\"twp-count-percent\">\n                                                    <span style=\"display: none;\" class=\"twp-react-count\">0<\/span>\n                                                                        <span class=\"twp-react-percent\"><span>0<\/span> %<\/span>\n                        \n                    <\/div>\n                <\/div>\n\n                <div class=\"twp-reacts-wrap\">\n                    <a react-data=\"be-react-5\" post-id=\"3685\" class=\"be-face-icons un-reacted\" href=\"javascript:void(0)\">\n                        <img decoding=\"async\" src=\"https:\/\/desteptati-va.ro\/wp-content\/plugins\/booster-extension\/\/assets\/icon\/surprise.svg\" alt=\"Surprise\">\n                    <\/a>\n                    <div class=\"twp-reaction-title\">Surprise<\/div>\n                    <div class=\"twp-count-percent\">\n                                                    <span style=\"display: none;\" class=\"twp-react-count\">0<\/span>\n                                                                        <span class=\"twp-react-percent\"><span>0<\/span> %<\/span>\n                                            <\/div>\n                <\/div>\n\n            <\/div>\n        <\/div>\n\n    <\/div>","protected":false},"excerpt":{"rendered":"<p>La aproape un sfert de secol dup\u0103 c\u0103derea Cortinei de Fier, strig\u0103tele dureroase pentru \u201cLibertatea\u201c, pot fi \u00eenc\u0103 auzite de<a href=\"https:\/\/desteptati-va.ro\/index.php\/2021\/04\/16\/basescu-ultimul-autocrat-al-europei\/\">Read More<i class=\"fa fa-long-arrow-right\" aria-hidden=\"true\"><\/i><\/a><\/p>\n","protected":false},"author":1,"featured_media":3687,"comment_status":"open","ping_status":"open","sticky":false,"template":"","format":"standard","meta":{"_crdt_document":"","footnotes":""},"categories":[50],"tags":[713,714],"class_list":["post-3685","post","type-post","status-publish","format-standard","has-post-thumbnail","hentry","category-despre-traian-basescu","tag-basescu","tag-pramatia"],"rise-blocks_total_comments":2,"rise-blocks_categories":[{"term_id":50,"name":"Ticalosul suprem","slug":"despre-traian-basescu","term_group":0,"term_taxonomy_id":50,"taxonomy":"category","description":"","parent":49,"count":8,"filter":"raw"}],"rise-blocks_excerpt":"La aproape un sfert de secol dup\u0103 c\u0103derea Cortinei de Fier, strig\u0103tele dureroase pentru \u201cLibertatea\u201c, pot fi \u00eenc\u0103 auzite de la oamenii care demonstreaz\u0103 \u00een Europa. \u00cen Rom\u00e2nia, membr\u0103 a Uniunii Europene din 2007, oamenii sunt \u00eenc\u0103 \u00een c\u0103utarea valorilor democratice care au fost \u00eengropate sub regimul despotic al pre\u0219edintelui controversat al \u021b\u0103rii, Traian B\u0103sescu. Exact cu un an \u00eenaintea..","yoast_head":"<!-- This site is optimized with the Yoast SEO plugin v26.9 - https:\/\/yoast.com\/product\/yoast-seo-wordpress\/ -->\r\n<title>B\u0103sescu \u2013 Ultimul autocrat al Europei -<\/title>\r\n<meta name=\"robots\" content=\"index, follow, max-snippet:-1, max-image-preview:large, max-video-preview:-1\" \/>\r\n<link rel=\"canonical\" href=\"https:\/\/desteptati-va.ro\/index.php\/2021\/04\/16\/basescu-ultimul-autocrat-al-europei\/\" \/>\r\n<meta property=\"og:locale\" content=\"ro_RO\" \/>\r\n<meta property=\"og:type\" content=\"article\" \/>\r\n<meta property=\"og:title\" content=\"B\u0103sescu \u2013 Ultimul autocrat al Europei -\" \/>\r\n<meta property=\"og:description\" content=\"La aproape un sfert de secol dup\u0103 c\u0103derea Cortinei de Fier, strig\u0103tele dureroase pentru \u201cLibertatea\u201c, pot fi \u00eenc\u0103 auzite deRead More\" \/>\r\n<meta property=\"og:url\" content=\"https:\/\/desteptati-va.ro\/index.php\/2021\/04\/16\/basescu-ultimul-autocrat-al-europei\/\" \/>\r\n<meta property=\"article:published_time\" content=\"2021-04-16T07:36:32+00:00\" \/>\r\n<meta property=\"og:image\" content=\"https:\/\/desteptati-va.ro\/wp-content\/uploads\/2021\/04\/images-9.jpg\" \/>\r\n\t<meta property=\"og:image:width\" content=\"268\" \/>\r\n\t<meta property=\"og:image:height\" content=\"201\" \/>\r\n\t<meta property=\"og:image:type\" content=\"image\/jpeg\" \/>\r\n<meta name=\"author\" content=\"wolfsoftcompany\" \/>\r\n<meta name=\"twitter:card\" content=\"summary_large_image\" \/>\r\n<meta name=\"twitter:label1\" content=\"Scris de\" \/>\n\t<meta name=\"twitter:data1\" content=\"wolfsoftcompany\" \/>\n\t<meta name=\"twitter:label2\" content=\"Timp estimat pentru citire\" \/>\n\t<meta name=\"twitter:data2\" content=\"9 minute\" \/>\r\n<script type=\"application\/ld+json\" class=\"yoast-schema-graph\">{\"@context\":\"https:\/\/schema.org\",\"@graph\":[{\"@type\":\"Article\",\"@id\":\"https:\/\/desteptati-va.ro\/index.php\/2021\/04\/16\/basescu-ultimul-autocrat-al-europei\/#article\",\"isPartOf\":{\"@id\":\"https:\/\/desteptati-va.ro\/index.php\/2021\/04\/16\/basescu-ultimul-autocrat-al-europei\/\"},\"author\":{\"name\":\"wolfsoftcompany\",\"@id\":\"https:\/\/desteptati-va.ro\/#\/schema\/person\/13182deeebd44920914899f7bb262d6b\"},\"headline\":\"B\u0103sescu \u2013 Ultimul autocrat al Europei\",\"datePublished\":\"2021-04-16T07:36:32+00:00\",\"mainEntityOfPage\":{\"@id\":\"https:\/\/desteptati-va.ro\/index.php\/2021\/04\/16\/basescu-ultimul-autocrat-al-europei\/\"},\"wordCount\":1769,\"commentCount\":0,\"image\":{\"@id\":\"https:\/\/desteptati-va.ro\/index.php\/2021\/04\/16\/basescu-ultimul-autocrat-al-europei\/#primaryimage\"},\"thumbnailUrl\":\"https:\/\/desteptati-va.ro\/wp-content\/uploads\/2021\/04\/images-9.jpg\",\"keywords\":[\"Basescu\",\"pramatia\"],\"articleSection\":[\"Ticalosul suprem\"],\"inLanguage\":\"ro-RO\",\"potentialAction\":[{\"@type\":\"CommentAction\",\"name\":\"Comment\",\"target\":[\"https:\/\/desteptati-va.ro\/index.php\/2021\/04\/16\/basescu-ultimul-autocrat-al-europei\/#respond\"]}]},{\"@type\":\"WebPage\",\"@id\":\"https:\/\/desteptati-va.ro\/index.php\/2021\/04\/16\/basescu-ultimul-autocrat-al-europei\/\",\"url\":\"https:\/\/desteptati-va.ro\/index.php\/2021\/04\/16\/basescu-ultimul-autocrat-al-europei\/\",\"name\":\"B\u0103sescu \u2013 Ultimul autocrat al Europei -\",\"isPartOf\":{\"@id\":\"https:\/\/desteptati-va.ro\/#website\"},\"primaryImageOfPage\":{\"@id\":\"https:\/\/desteptati-va.ro\/index.php\/2021\/04\/16\/basescu-ultimul-autocrat-al-europei\/#primaryimage\"},\"image\":{\"@id\":\"https:\/\/desteptati-va.ro\/index.php\/2021\/04\/16\/basescu-ultimul-autocrat-al-europei\/#primaryimage\"},\"thumbnailUrl\":\"https:\/\/desteptati-va.ro\/wp-content\/uploads\/2021\/04\/images-9.jpg\",\"datePublished\":\"2021-04-16T07:36:32+00:00\",\"author\":{\"@id\":\"https:\/\/desteptati-va.ro\/#\/schema\/person\/13182deeebd44920914899f7bb262d6b\"},\"breadcrumb\":{\"@id\":\"https:\/\/desteptati-va.ro\/index.php\/2021\/04\/16\/basescu-ultimul-autocrat-al-europei\/#breadcrumb\"},\"inLanguage\":\"ro-RO\",\"potentialAction\":[{\"@type\":\"ReadAction\",\"target\":[\"https:\/\/desteptati-va.ro\/index.php\/2021\/04\/16\/basescu-ultimul-autocrat-al-europei\/\"]}]},{\"@type\":\"ImageObject\",\"inLanguage\":\"ro-RO\",\"@id\":\"https:\/\/desteptati-va.ro\/index.php\/2021\/04\/16\/basescu-ultimul-autocrat-al-europei\/#primaryimage\",\"url\":\"https:\/\/desteptati-va.ro\/wp-content\/uploads\/2021\/04\/images-9.jpg\",\"contentUrl\":\"https:\/\/desteptati-va.ro\/wp-content\/uploads\/2021\/04\/images-9.jpg\",\"width\":268,\"height\":201},{\"@type\":\"BreadcrumbList\",\"@id\":\"https:\/\/desteptati-va.ro\/index.php\/2021\/04\/16\/basescu-ultimul-autocrat-al-europei\/#breadcrumb\",\"itemListElement\":[{\"@type\":\"ListItem\",\"position\":1,\"name\":\"Prima pagin\u0103\",\"item\":\"https:\/\/desteptati-va.ro\/\"},{\"@type\":\"ListItem\",\"position\":2,\"name\":\"B\u0103sescu \u2013 Ultimul autocrat al Europei\"}]},{\"@type\":\"WebSite\",\"@id\":\"https:\/\/desteptati-va.ro\/#website\",\"url\":\"https:\/\/desteptati-va.ro\/\",\"name\":\"\",\"description\":\"\",\"potentialAction\":[{\"@type\":\"SearchAction\",\"target\":{\"@type\":\"EntryPoint\",\"urlTemplate\":\"https:\/\/desteptati-va.ro\/?s={search_term_string}\"},\"query-input\":{\"@type\":\"PropertyValueSpecification\",\"valueRequired\":true,\"valueName\":\"search_term_string\"}}],\"inLanguage\":\"ro-RO\"},{\"@type\":\"Person\",\"@id\":\"https:\/\/desteptati-va.ro\/#\/schema\/person\/13182deeebd44920914899f7bb262d6b\",\"name\":\"wolfsoftcompany\",\"image\":{\"@type\":\"ImageObject\",\"inLanguage\":\"ro-RO\",\"@id\":\"https:\/\/desteptati-va.ro\/#\/schema\/person\/image\/\",\"url\":\"https:\/\/secure.gravatar.com\/avatar\/a6cce9b6d101d27d91690e7073e300fed94c0899890bf998e082cb9d2c3d121e?s=96&d=mm&r=g\",\"contentUrl\":\"https:\/\/secure.gravatar.com\/avatar\/a6cce9b6d101d27d91690e7073e300fed94c0899890bf998e082cb9d2c3d121e?s=96&d=mm&r=g\",\"caption\":\"wolfsoftcompany\"},\"sameAs\":[\"http:\/\/desteptati-va.ro\"],\"url\":\"https:\/\/desteptati-va.ro\/index.php\/author\/wolfsoftcompany\/\"}]}<\/script>\r\n<!-- \/ Yoast SEO plugin. -->","yoast_head_json":{"title":"B\u0103sescu \u2013 Ultimul autocrat al Europei -","robots":{"index":"index","follow":"follow","max-snippet":"max-snippet:-1","max-image-preview":"max-image-preview:large","max-video-preview":"max-video-preview:-1"},"canonical":"https:\/\/desteptati-va.ro\/index.php\/2021\/04\/16\/basescu-ultimul-autocrat-al-europei\/","og_locale":"ro_RO","og_type":"article","og_title":"B\u0103sescu \u2013 Ultimul autocrat al Europei -","og_description":"La aproape un sfert de secol dup\u0103 c\u0103derea Cortinei de Fier, strig\u0103tele dureroase pentru \u201cLibertatea\u201c, pot fi \u00eenc\u0103 auzite deRead More","og_url":"https:\/\/desteptati-va.ro\/index.php\/2021\/04\/16\/basescu-ultimul-autocrat-al-europei\/","article_published_time":"2021-04-16T07:36:32+00:00","og_image":[{"width":268,"height":201,"url":"https:\/\/desteptati-va.ro\/wp-content\/uploads\/2021\/04\/images-9.jpg","type":"image\/jpeg"}],"author":"wolfsoftcompany","twitter_card":"summary_large_image","twitter_misc":{"Scris de":"wolfsoftcompany","Timp estimat pentru citire":"9 minute"},"schema":{"@context":"https:\/\/schema.org","@graph":[{"@type":"Article","@id":"https:\/\/desteptati-va.ro\/index.php\/2021\/04\/16\/basescu-ultimul-autocrat-al-europei\/#article","isPartOf":{"@id":"https:\/\/desteptati-va.ro\/index.php\/2021\/04\/16\/basescu-ultimul-autocrat-al-europei\/"},"author":{"name":"wolfsoftcompany","@id":"https:\/\/desteptati-va.ro\/#\/schema\/person\/13182deeebd44920914899f7bb262d6b"},"headline":"B\u0103sescu \u2013 Ultimul autocrat al Europei","datePublished":"2021-04-16T07:36:32+00:00","mainEntityOfPage":{"@id":"https:\/\/desteptati-va.ro\/index.php\/2021\/04\/16\/basescu-ultimul-autocrat-al-europei\/"},"wordCount":1769,"commentCount":0,"image":{"@id":"https:\/\/desteptati-va.ro\/index.php\/2021\/04\/16\/basescu-ultimul-autocrat-al-europei\/#primaryimage"},"thumbnailUrl":"https:\/\/desteptati-va.ro\/wp-content\/uploads\/2021\/04\/images-9.jpg","keywords":["Basescu","pramatia"],"articleSection":["Ticalosul suprem"],"inLanguage":"ro-RO","potentialAction":[{"@type":"CommentAction","name":"Comment","target":["https:\/\/desteptati-va.ro\/index.php\/2021\/04\/16\/basescu-ultimul-autocrat-al-europei\/#respond"]}]},{"@type":"WebPage","@id":"https:\/\/desteptati-va.ro\/index.php\/2021\/04\/16\/basescu-ultimul-autocrat-al-europei\/","url":"https:\/\/desteptati-va.ro\/index.php\/2021\/04\/16\/basescu-ultimul-autocrat-al-europei\/","name":"B\u0103sescu \u2013 Ultimul autocrat al Europei -","isPartOf":{"@id":"https:\/\/desteptati-va.ro\/#website"},"primaryImageOfPage":{"@id":"https:\/\/desteptati-va.ro\/index.php\/2021\/04\/16\/basescu-ultimul-autocrat-al-europei\/#primaryimage"},"image":{"@id":"https:\/\/desteptati-va.ro\/index.php\/2021\/04\/16\/basescu-ultimul-autocrat-al-europei\/#primaryimage"},"thumbnailUrl":"https:\/\/desteptati-va.ro\/wp-content\/uploads\/2021\/04\/images-9.jpg","datePublished":"2021-04-16T07:36:32+00:00","author":{"@id":"https:\/\/desteptati-va.ro\/#\/schema\/person\/13182deeebd44920914899f7bb262d6b"},"breadcrumb":{"@id":"https:\/\/desteptati-va.ro\/index.php\/2021\/04\/16\/basescu-ultimul-autocrat-al-europei\/#breadcrumb"},"inLanguage":"ro-RO","potentialAction":[{"@type":"ReadAction","target":["https:\/\/desteptati-va.ro\/index.php\/2021\/04\/16\/basescu-ultimul-autocrat-al-europei\/"]}]},{"@type":"ImageObject","inLanguage":"ro-RO","@id":"https:\/\/desteptati-va.ro\/index.php\/2021\/04\/16\/basescu-ultimul-autocrat-al-europei\/#primaryimage","url":"https:\/\/desteptati-va.ro\/wp-content\/uploads\/2021\/04\/images-9.jpg","contentUrl":"https:\/\/desteptati-va.ro\/wp-content\/uploads\/2021\/04\/images-9.jpg","width":268,"height":201},{"@type":"BreadcrumbList","@id":"https:\/\/desteptati-va.ro\/index.php\/2021\/04\/16\/basescu-ultimul-autocrat-al-europei\/#breadcrumb","itemListElement":[{"@type":"ListItem","position":1,"name":"Prima pagin\u0103","item":"https:\/\/desteptati-va.ro\/"},{"@type":"ListItem","position":2,"name":"B\u0103sescu \u2013 Ultimul autocrat al Europei"}]},{"@type":"WebSite","@id":"https:\/\/desteptati-va.ro\/#website","url":"https:\/\/desteptati-va.ro\/","name":"","description":"","potentialAction":[{"@type":"SearchAction","target":{"@type":"EntryPoint","urlTemplate":"https:\/\/desteptati-va.ro\/?s={search_term_string}"},"query-input":{"@type":"PropertyValueSpecification","valueRequired":true,"valueName":"search_term_string"}}],"inLanguage":"ro-RO"},{"@type":"Person","@id":"https:\/\/desteptati-va.ro\/#\/schema\/person\/13182deeebd44920914899f7bb262d6b","name":"wolfsoftcompany","image":{"@type":"ImageObject","inLanguage":"ro-RO","@id":"https:\/\/desteptati-va.ro\/#\/schema\/person\/image\/","url":"https:\/\/secure.gravatar.com\/avatar\/a6cce9b6d101d27d91690e7073e300fed94c0899890bf998e082cb9d2c3d121e?s=96&d=mm&r=g","contentUrl":"https:\/\/secure.gravatar.com\/avatar\/a6cce9b6d101d27d91690e7073e300fed94c0899890bf998e082cb9d2c3d121e?s=96&d=mm&r=g","caption":"wolfsoftcompany"},"sameAs":["http:\/\/desteptati-va.ro"],"url":"https:\/\/desteptati-va.ro\/index.php\/author\/wolfsoftcompany\/"}]}},"_links":{"self":[{"href":"https:\/\/desteptati-va.ro\/index.php\/wp-json\/wp\/v2\/posts\/3685","targetHints":{"allow":["GET"]}}],"collection":[{"href":"https:\/\/desteptati-va.ro\/index.php\/wp-json\/wp\/v2\/posts"}],"about":[{"href":"https:\/\/desteptati-va.ro\/index.php\/wp-json\/wp\/v2\/types\/post"}],"author":[{"embeddable":true,"href":"https:\/\/desteptati-va.ro\/index.php\/wp-json\/wp\/v2\/users\/1"}],"replies":[{"embeddable":true,"href":"https:\/\/desteptati-va.ro\/index.php\/wp-json\/wp\/v2\/comments?post=3685"}],"version-history":[{"count":1,"href":"https:\/\/desteptati-va.ro\/index.php\/wp-json\/wp\/v2\/posts\/3685\/revisions"}],"predecessor-version":[{"id":3688,"href":"https:\/\/desteptati-va.ro\/index.php\/wp-json\/wp\/v2\/posts\/3685\/revisions\/3688"}],"wp:featuredmedia":[{"embeddable":true,"href":"https:\/\/desteptati-va.ro\/index.php\/wp-json\/wp\/v2\/media\/3687"}],"wp:attachment":[{"href":"https:\/\/desteptati-va.ro\/index.php\/wp-json\/wp\/v2\/media?parent=3685"}],"wp:term":[{"taxonomy":"category","embeddable":true,"href":"https:\/\/desteptati-va.ro\/index.php\/wp-json\/wp\/v2\/categories?post=3685"},{"taxonomy":"post_tag","embeddable":true,"href":"https:\/\/desteptati-va.ro\/index.php\/wp-json\/wp\/v2\/tags?post=3685"}],"curies":[{"name":"wp","href":"https:\/\/api.w.org\/{rel}","templated":true}]}}