{"id":3693,"date":"2021-04-16T07:47:56","date_gmt":"2021-04-16T07:47:56","guid":{"rendered":"http:\/\/desteptati.ro\/?p=3693"},"modified":"2021-04-16T07:47:56","modified_gmt":"2021-04-16T07:47:56","slug":"cine-este-in-spatele-lui-traian-basescu","status":"publish","type":"post","link":"https:\/\/desteptati-va.ro\/index.php\/2021\/04\/16\/cine-este-in-spatele-lui-traian-basescu\/","title":{"rendered":"Cine este \u00een spatele lui Traian B\u0103sescu!?!"},"content":{"rendered":"<div class=\"post-content\"><div class='booster-block booster-read-block'>\n                <div class=\"twp-read-time\">\n                \t<i class=\"booster-icon twp-clock\"><\/i> <span>Read Time:<\/span>6 Minute, 48 Second                <\/div>\n\n            <\/div><h4 style=\"text-align: justify;\">\u00cen spatele omului politic Traian B\u0103sescu stau al\u0163ii care \u00eei asigur\u0103 ,,succesul\u201d, \u00een schimbul unor importante avantaje. Cine s\u00eent, cu adev\u0103rat, st\u0103p\u00eenii lui Traian B\u0103sescu, cine l-a propulsat \u00een politic\u0103 \u015fi cine \u00eel men\u0163ine \u00een prim-planul vie\u0163ii politicii actuale, cine este, \u00een fapt, c\u00ee\u015ftig\u0103torul voturilor oferite de popor la alegerile din 2009?\r\n\u00cen prezent, s\u00eentem condu\u015fi de America, de FMI, Banca Mondial\u0103 \u015fi de NATO. Mizerie, foamete \u015fi nesiguran\u0163a zilei de m\u00eeine pentru cei mai mul\u0163i dintre cet\u0103\u0163enii \u0163\u0103rii &#8211; aceasta este Rom\u00e2nia condus\u0103 de Traian B\u0103sescu. Chiar dac\u0103 locatarul de la Palatul Cotroceni d\u0103 impresia unui om puternic, independent, hot\u0103r\u00eet, care nu depinde de nimeni \u015fi de nimic \u015fi ale c\u0103rui decizii nu s\u00eent influen\u0163ate dec\u00eet de Interesul Na\u0163ional, el face, de fapt, jocurile americanilor.<\/h4>\r\n<figure id=\"attachment_3182\" aria-describedby=\"caption-attachment-3182\" style=\"width: 385px\" class=\"wp-caption aligncenter\"><a href=\"http:\/\/www.desteptati-va.ro\/wp-content\/uploads\/2012\/02\/Traian_Basescu_Mihai_Razvan_Ungureanu.jpg\"><img loading=\"lazy\" decoding=\"async\" class=\" wp-image-3182\" title=\"Traian_Basescu_Mihai_Razvan_Ungureanu\" src=\"http:\/\/www.desteptati-va.ro\/wp-content\/uploads\/2012\/02\/Traian_Basescu_Mihai_Razvan_Ungureanu-300x211.jpg\" alt=\"M.R. Ungureanu \u0219i Traian B\u0103sescu\" width=\"385\" height=\"271\" \/><\/a><figcaption id=\"caption-attachment-3182\" class=\"wp-caption-text\">M.R. Ungureanu \u0219i Traian B\u0103sescu<\/figcaption><\/figure>\r\n<h4 style=\"text-align: justify;\">El este cel care s-a predat \u00een lupta sa cu Serviciile Secrete \u015fi cu sistemul tic\u0103lo\u015fit. Prin numirea lui Mihai R\u0103zvan Ungureanu \u015fi desemnarea unui guvern \u00een care 90% dintre mini\u015ftrii propu\u015fi, care au fost fie bursieri, fie angaja\u0163i ai unor mari corpora\u0163ii americane \u00een trecut, Traian B\u0103sescu a cedat puterea \u00een fa\u0163a intereselor geo-strategice economice \u015fi militare ale Americii \u00een Rom\u00e2nia, \u00een perspectiva r\u0103zboiului anun\u0163at cu Iranul. De aceea, pe fondul nelini\u015ftii de la Moscova \u015fi \u00een ideea de a nu pierde un aliat fidel, SUA \u015fi Israelul au dorit conservarea \u015fi \u00eent\u0103rirea intereselor lor prin impunerea unui \u015fef de spioni la c\u00eerma executiv\u0103 a Statului Rom\u00e2n \u015fi demararea c\u00eet mai rapid\u0103 a unor proiecte strategice americane \u00een Rom\u00e2nia. Se deschide, astfel, calea \u00eenceperii exploat\u0103rii de la Ro\u015fia Montan\u0103 de c\u0103tre firma Gold Corporation, de\u0163inut\u0103, \u00een realitate, de Rich \u015fi S\u00f6r\u00f6s, precum \u015fi a exploat\u0103rii imediate \u015fi masive de gaze \u015fi petrol pe platoul continental al M\u0103rii Negre de c\u0103tre cunoscuta firm\u0103 petrolier\u0103 american\u0103 Exxon. Este posibil ca Traian B\u0103sescu s\u0103 aib\u0103 mai mul\u0163i st\u0103p\u00eeni, doar astfel s-ar putea explica uluiala care domne\u015fte la Palatul Cotroceni \u015fi \u00een deciziile sale, instabilitatea sa politic\u0103, reevalu\u0103rile sale ciudate, dictate de anumite interese. Exist\u0103 institute de sondare a opiniei publice sau anali\u015fti obedien\u0163i, care pun aceste schimb\u0103ri bru\u015fte \u015fi inconsecvente ale lui Traian B\u0103sescu, considerat de unii ,,un animal politic\u201d, pe seama ,,unor strategii complexe \u015fi profund g\u00e2ndite\u201d. Traian B\u0103sescu este un manechin c\u0103ruia \u00eei este imposibil s\u0103 \u00eei \u00eempace pe to\u0163i (interese str\u0103ine \u015fi interne divergente, lupte pe via\u0163\u0103 \u015fi pe moarte, care nu \u0163in seama de nimeni \u015fi de nimic). Pentru Traian B\u0103sescu, numai datoriile Rom\u00e2niei c\u0103tre creditori s\u00eent prioritar \u015fi trebuie pl\u0103tite, pentru aceasta el garant\u00eend cu viitorul cet\u0103\u0163enilor s\u0103i. Lini\u015ftea lui trebuie asigurat\u0103 cu orice pre\u0163, \u00een joc fiind bun\u0103starea personal\u0103, a familiei \u015fi a numeroasei sale camarile.<\/h4>\r\n<h4 style=\"text-align: justify;\">Unul dintre cei mai importan\u0163i st\u0103p\u00eeni ai lui Traian B\u0103sescu s\u00eent Serviciile Secrete, care \u015ftiu totul despre trecutul s\u0103u politic, f\u0103c\u00eendu-l mai mult dec\u00eet \u015fantajabil. Dosarul s\u0103u de Securitate, informa\u0163iile legate de dispari\u0163ia Flotei sau cele legate de g\u0103in\u0103riile fostului comandant de nav\u0103, care i-au permis acumularea unei averi impresionante dup\u0103 propriile declara\u0163ii p\u00een\u0103 \u00een 89 \u00eel fac vulnerabil, \u00eel transform\u0103 \u00eentr-un personaj puternic expus, oblig\u00eendu-l s\u0103 \u0163in\u0103 seama de interesele grupului restr\u00eens de securi\u015fti care cunosc aceste detalii. La toate acestea ad\u0103ug\u0103m scandalurile \u00een care Traian B\u0103sescu \u00eensu\u015fi, sau membri ai familiei sale, au fost implica\u0163i, \u015fi care au fost rapid mu\u015famalizate. Nu putem s\u0103 uit\u0103m \u015fi s\u0103 nu aducem \u00een discu\u0163ie rezultatele alegerilor c\u00ee\u015ftigate \u00een Diaspora, precum \u015fi acuza\u0163iile din presa neloial\u0103 lui Traian B\u0103sescu, la care acesta nu a r\u0103spuns, cum c\u0103 SUA \u015fi Serviciile controlate de acesta ar fi influen\u0163at rezultatul final al alegerilor \u00een favoarea partidului s\u0103u de buzunar \u015fi a persoanei sale. Aceste dosare pot fi utile c\u00eend te a\u015ftep\u0163i mai pu\u0163in. Frica \u015fi pericolul de a fi tr\u0103dat de un Serviciu Secret merit\u0103 orice compromis. De aceea, Traian B\u0103sescu accept\u0103 instalarea la c\u00eerma guvernului a \u015fefului spionilor, Mihai R\u0103zvan Ungureanu. Setea de putere \u015fi de bani a lui Traian B\u0103sescu se completeaz\u0103 cu spaima c\u0103 SUA vor scoate la lumin\u0103 secrete \u00eentunecate din via\u0163a sa. Oric\u00eend poate fi declan\u015fat\u0103 o adev\u0103rat\u0103 urgie, care s\u0103 pun\u0103 cap\u0103t nu doar carierei sale, dar s\u0103 \u00eel trimit\u0103 \u015fi dup\u0103 gratii.<\/h4>\r\n<figure id=\"attachment_3183\" aria-describedby=\"caption-attachment-3183\" style=\"width: 388px\" class=\"wp-caption aligncenter\"><a href=\"http:\/\/www.desteptati-va.ro\/wp-content\/uploads\/2012\/02\/Conectat-la-Servicii.jpg\"><img loading=\"lazy\" decoding=\"async\" class=\" wp-image-3183\" title=\"Conectat la Serviciile Secrete\" src=\"http:\/\/www.desteptati-va.ro\/wp-content\/uploads\/2012\/02\/Conectat-la-Servicii-300x251.jpg\" alt=\"Conectat la Serviciile Secrete\" width=\"388\" height=\"325\" \/><\/a><figcaption id=\"caption-attachment-3183\" class=\"wp-caption-text\">Conectat la Serviciile Secrete<\/figcaption><\/figure>\r\n<h4 style=\"text-align: justify;\">Personal, pe vremea c\u00eend lucram \u00een cadrul Misiunii diplomatice americane din Rom\u00e2nia, am v\u0103zut pe c\u00ee\u0163iva dintre consilierii s\u0103i, care f\u0103ceau coad\u0103 acolo. Ei vorbeau despre sl\u0103biciunea lui Traian B\u0103sescu fa\u0163\u0103 de ,,sfaturile\u201c pe care le prime\u015fte de la ,,Servicii\u201c. \u00cen fapt, \u00eentre Servicii \u015fi pre\u015fedinte pare c\u0103 exist\u0103 o adev\u0103rat\u0103 colaborare, semn c\u0103, de voie sau de nevoie, ei se ascult\u0103 reciproc, \u00een interesul comun. \u00cen situa\u0163ia politic\u0103 actual\u0103, cu oameni manifest\u00eend \u00een strad\u0103, chiar \u015fi talentul nativ al lui Traian B\u0103sescu de a divide \u015fi de a cuceri poate fi pus la \u00eendoial\u0103, f\u0103r\u0103 sprijinul Serviciilor Secrete autohtone \u015fi al celor americane. \u00cen fapt, aceste Servicii Secrete s\u00eent mult prea puternice \u015fi mult prea numeroase pentru Rom\u00e2nia, ele ner\u0103spunz\u00eend, practic, \u00een fa\u0163a nim\u0103nui. Sf\u00eer\u015fitul politic al lui Traian B\u0103sescu este imprevizibil, \u00eentruc\u00eet acesta \u015fi-a asigurat lini\u015ftea \u015fi prosperitatea ac\u0163ion\u00eend dup\u0103 cum i se dicta. Viitorul politic al \u0163\u0103rii este sumbru cu un guvern din umbr\u0103, condus de \u015feful spionilor. De aceea, pentru a se evita ce e mai r\u0103u pentru Rom\u00e2nia, Traian B\u0103sescu trebuie suspendat!\r\nSilviu Cr\u0103escu<\/h4>\r\n<figure id=\"attachment_3184\" aria-describedby=\"caption-attachment-3184\" style=\"width: 388px\" class=\"wp-caption aligncenter\"><a href=\"http:\/\/www.desteptati-va.ro\/wp-content\/uploads\/2012\/02\/Virgil-Magureanu1.jpg\"><img loading=\"lazy\" decoding=\"async\" class=\" wp-image-3184\" title=\"Virgil Magureanu1\" src=\"http:\/\/www.desteptati-va.ro\/wp-content\/uploads\/2012\/02\/Virgil-Magureanu1-300x211.jpg\" alt=\"Virgil M\u0103gureanu\" width=\"388\" height=\"273\" \/><\/a><figcaption id=\"caption-attachment-3184\" class=\"wp-caption-text\">Virgil M\u0103gureanu<\/figcaption><\/figure>\r\n<h4 style=\"text-align: justify;\">Virgil M\u0103gureanu i-a cerut lui Traian B\u0103sescu \u00a0s\u0103-l schimbe sau s\u0103-l tr\u00eenteasc\u0103 \u00een Parlament, pe Mihai R\u0103zvan Ungureanu, pe motiv c\u0103 acesta e lacheul agentului C.I.A. Ackerman Spencer!<\/h4>\r\n<h4>Virgil M\u0103gureanu l-a avertizat pe Traian B\u0103sescu c\u0103 nominalizarea lui Mihai R\u0103zvan Ungureanu este o imens\u0103 gaf\u0103 politic\u0103, pe care o va regreta, imediat ce acesta va fi instalat premier. Conform unor surse de la Palatul Cotroceni, mar\u0163i seara, la orele 23, aflat la Vila Lac 2, \u00een compania lui Sebastian L\u0103z\u0103roiu, Traian B\u0103sescu a avut o discu\u0163ie, foarte lung\u0103, cu Virgil M\u0103gureanu, prin intermediul telefonului special de\u0163inut de Sebastian L\u0103z\u0103roiu. \u00cen mod concret, \u015earpele cu Ochelari l-a dojenit, ba chiar l-a certat pe Traian Basescu aproape o jum\u0103tate de or\u0103, timp \u00een care a \u00eencercat s\u0103-l conving\u0103 s\u0103 retrag\u0103 nominalizarea lui Ungureanu \u015fi s\u0103 reia negocierile cu americanii, ori s\u0103 \u00eei preg\u0103teasc\u0103 invalidarea de c\u0103tre Parlament. Fostul director al SRI i-a spus modestului agent de la Anvers c\u0103 are informa\u0163ii, din SUA, conform c\u0103rora Mihai R\u0103zvan Ungureanu prime\u015fte ordine de la \u015feful opera\u0163iunilor CIA pentru Europa de Est, Spencer Ackerman, c\u0103ruia \u00eei d\u0103 raportul, iar cu prima ocazie, \u00een care dispozi\u0163iile Palatului Cotroceni vor intra \u00een contradic\u0163ie cu planurile americanilor, el va deveni ceea ce a fost T\u0103riceanu pentru B\u0103sescu.<\/h4>\r\n<figure id=\"attachment_3185\" aria-describedby=\"caption-attachment-3185\" style=\"width: 393px\" class=\"wp-caption aligncenter\"><a href=\"http:\/\/www.desteptati-va.ro\/wp-content\/uploads\/2012\/02\/guvern10-m.jpg\"><img loading=\"lazy\" decoding=\"async\" class=\" wp-image-3185\" title=\"guvern10-m\" src=\"http:\/\/www.desteptati-va.ro\/wp-content\/uploads\/2012\/02\/guvern10-m-300x239.jpg\" alt=\"Guvernul marionet\u0103\" width=\"393\" height=\"313\" \/><\/a><figcaption id=\"caption-attachment-3185\" class=\"wp-caption-text\">Guvernul marionet\u0103<\/figcaption><\/figure>\r\n<h4 style=\"text-align: justify;\">Totodat\u0103, M\u0103gureanu l-a mai avertizat pe Traian B\u0103sescu c\u0103, prin acceptarea nominaliz\u0103rii unor mini\u015ftri anonimi \u015fi incapabili s\u0103 fac\u0103 fa\u0163\u0103 func\u0163iei, a c\u0103zut \u00eentr-o capcan\u0103, pentru c\u0103, \u00een scurt timp, ace\u015ftia vor deveni marionete \u00een m\u00eena americanilor \u015fi nu p\u0103pu\u015file lui, a\u015fa cum crede \u00een acest moment. Am mai aflat c\u0103, de\u015fi este un personaj incomod, individul a lucrat sub acoperirea de ata\u015fat cultural la Ambasada SUA din Georgia &#8211; \u00een acea perioad\u0103, nu \u00eent\u00eempl\u0103tor, necoptul pre\u015fedinte de la Tbilisi, Mihail Saaka\u015fvilli, a provocat o agresiune stupid\u0103, \u00eempotriva Rusiei, dup\u0103 care a fost fug\u0103rit pe str\u0103zile Capitalei, fiind \u00een pericol s\u0103 fie asasinat. \u015ei \u00eenc\u0103 ceva: Spencer Ackerman se simte cel mai bine \u00eentr-o alt\u0103 zon\u0103 portocalie\u201c, Ucraina.<\/h4>\r\n<figure id=\"attachment_3186\" aria-describedby=\"caption-attachment-3186\" style=\"width: 312px\" class=\"wp-caption aligncenter\"><a href=\"http:\/\/www.desteptati-va.ro\/wp-content\/uploads\/2012\/02\/maddow_ackerman_9_15_11.jpg\"><img loading=\"lazy\" decoding=\"async\" class=\" wp-image-3186\" title=\"maddow_ackerman_9_15_11\" src=\"http:\/\/www.desteptati-va.ro\/wp-content\/uploads\/2012\/02\/maddow_ackerman_9_15_11.jpg\" alt=\"Spencer Ackerman\" width=\"312\" height=\"339\" \/><\/a><figcaption id=\"caption-attachment-3186\" class=\"wp-caption-text\">Spencer Ackerman<\/figcaption><\/figure>\r\n<h4 style=\"text-align: justify;\">* * *\r\nCine este acest Spencer Ackerman? E posibil ca, dup\u0103 nume, s\u0103 fie evreu. A lucrat la ziarul The New Republic\u201c, din SUA, \u00een perioada 2002-2006. A fost dat afar\u0103 pentru insubordonare. A intrat \u00een aten\u0163ia FBI, care l-a cercetat, mai ales c\u0103 el a publicat mai multe articole despre 11 septembrie 2001, \u00een publica\u0163ia World Wired\u201c. Ulterior, \u015fi-a deschis mai multe bloguri: Ackerman\u201c, Danger Room\u201c (Camera Pericol\u201c) \u015f. a. E cunoscut ca un critic al Administra\u0163iei Obama. \u00cen mod sigur, Virgil M\u0103gureanu \u015ftie mai multe. Lucrurile se complic\u0103.<\/h4>\r\n<h4 style=\"text-align: justify;\"><em><span style=\"color: #888888;\">Surs\u0103: Blogosfer\u0103<\/span><\/em><\/h4>        <div class=\"booster-block booster-reactions-block\">\n            <div class=\"twp-reactions-icons\">\n                \n                <div class=\"twp-reacts-wrap\">\n                    <a react-data=\"be-react-1\" post-id=\"3693\" class=\"be-face-icons un-reacted\" href=\"javascript:void(0)\">\n                        <img decoding=\"async\" src=\"https:\/\/desteptati-va.ro\/wp-content\/plugins\/booster-extension\/\/assets\/icon\/happy.svg\" alt=\"Happy\">\n                    <\/a>\n                    <div class=\"twp-reaction-title\">\n                        Happy                    <\/div>\n                    <div class=\"twp-count-percent\">\n                                                    <span style=\"display: none;\" class=\"twp-react-count\">0<\/span>\n                        \n                                                <span class=\"twp-react-percent\"><span>0<\/span> %<\/span>\n                                            <\/div>\n                <\/div>\n\n                <div class=\"twp-reacts-wrap\">\n                    <a react-data=\"be-react-2\" post-id=\"3693\" class=\"be-face-icons un-reacted\" href=\"javascript:void(0)\">\n                        <img decoding=\"async\" src=\"https:\/\/desteptati-va.ro\/wp-content\/plugins\/booster-extension\/\/assets\/icon\/sad.svg\" alt=\"Sad\">\n                    <\/a>\n                    <div class=\"twp-reaction-title\">\n                        Sad                    <\/div>\n                    <div class=\"twp-count-percent\">\n                                                    <span style=\"display: none;\" class=\"twp-react-count\">0<\/span>\n                                                                        <span class=\"twp-react-percent\"><span>0<\/span> %<\/span>\n                                            <\/div>\n                <\/div>\n\n                <div class=\"twp-reacts-wrap\">\n                    <a react-data=\"be-react-3\" post-id=\"3693\" class=\"be-face-icons un-reacted\" href=\"javascript:void(0)\">\n                        <img decoding=\"async\" src=\"https:\/\/desteptati-va.ro\/wp-content\/plugins\/booster-extension\/\/assets\/icon\/excited.svg\" alt=\"Excited\">\n                    <\/a>\n                    <div class=\"twp-reaction-title\">\n                        Excited                    <\/div>\n                    <div class=\"twp-count-percent\">\n                                                    <span style=\"display: none;\" class=\"twp-react-count\">0<\/span>\n                                                                        <span class=\"twp-react-percent\"><span>0<\/span> %<\/span>\n                                            <\/div>\n                <\/div>\n\n                <div class=\"twp-reacts-wrap\">\n                    <a react-data=\"be-react-6\" post-id=\"3693\" class=\"be-face-icons un-reacted\" href=\"javascript:void(0)\">\n                        <img decoding=\"async\" src=\"https:\/\/desteptati-va.ro\/wp-content\/plugins\/booster-extension\/\/assets\/icon\/sleepy.svg\" alt=\"Sleepy\">\n                    <\/a>\n                    <div class=\"twp-reaction-title\">\n                        Sleepy                    <\/div>\n                    <div class=\"twp-count-percent\">\n                                                    <span style=\"display: none;\" class=\"twp-react-count\">0<\/span>\n                        \n                                                <span class=\"twp-react-percent\"><span>0<\/span> %<\/span>\n                                            <\/div>\n                <\/div>\n\n                <div class=\"twp-reacts-wrap\">\n                    <a react-data=\"be-react-4\" post-id=\"3693\" class=\"be-face-icons un-reacted\" href=\"javascript:void(0)\">\n                        <img decoding=\"async\" src=\"https:\/\/desteptati-va.ro\/wp-content\/plugins\/booster-extension\/\/assets\/icon\/angry.svg\" alt=\"Angry\">\n                    <\/a>\n                    <div class=\"twp-reaction-title\">Angry<\/div>\n                    <div class=\"twp-count-percent\">\n                                                    <span style=\"display: none;\" class=\"twp-react-count\">0<\/span>\n                                                                        <span class=\"twp-react-percent\"><span>0<\/span> %<\/span>\n                        \n                    <\/div>\n                <\/div>\n\n                <div class=\"twp-reacts-wrap\">\n                    <a react-data=\"be-react-5\" post-id=\"3693\" class=\"be-face-icons un-reacted\" href=\"javascript:void(0)\">\n                        <img decoding=\"async\" src=\"https:\/\/desteptati-va.ro\/wp-content\/plugins\/booster-extension\/\/assets\/icon\/surprise.svg\" alt=\"Surprise\">\n                    <\/a>\n                    <div class=\"twp-reaction-title\">Surprise<\/div>\n                    <div class=\"twp-count-percent\">\n                                                    <span style=\"display: none;\" class=\"twp-react-count\">0<\/span>\n                                                                        <span class=\"twp-react-percent\"><span>0<\/span> %<\/span>\n                                            <\/div>\n                <\/div>\n\n            <\/div>\n        <\/div>\n\n    <\/div>","protected":false},"excerpt":{"rendered":"<p>\u00cen spatele omului politic Traian B\u0103sescu stau al\u0163ii care \u00eei asigur\u0103 ,,succesul\u201d, \u00een schimbul unor importante avantaje. Cine s\u00eent, cu<a href=\"https:\/\/desteptati-va.ro\/index.php\/2021\/04\/16\/cine-este-in-spatele-lui-traian-basescu\/\">Read More<i class=\"fa fa-long-arrow-right\" aria-hidden=\"true\"><\/i><\/a><\/p>\n","protected":false},"author":1,"featured_media":3695,"comment_status":"open","ping_status":"open","sticky":false,"template":"","format":"standard","meta":{"_crdt_document":"","footnotes":""},"categories":[50],"tags":[214,83],"class_list":["post-3693","post","type-post","status-publish","format-standard","has-post-thumbnail","hentry","category-despre-traian-basescu","tag-manipulare","tag-tradare"],"rise-blocks_total_comments":2,"rise-blocks_categories":[{"term_id":50,"name":"Ticalosul suprem","slug":"despre-traian-basescu","term_group":0,"term_taxonomy_id":50,"taxonomy":"category","description":"","parent":49,"count":8,"filter":"raw"}],"rise-blocks_excerpt":"\u00cen spatele omului politic Traian B\u0103sescu stau al\u0163ii care \u00eei asigur\u0103 ,,succesul\u201d, \u00een schimbul unor importante avantaje. Cine s\u00eent, cu adev\u0103rat, st\u0103p\u00eenii lui Traian B\u0103sescu, cine l-a propulsat \u00een politic\u0103 \u015fi cine \u00eel men\u0163ine \u00een prim-planul vie\u0163ii politicii actuale, cine este, \u00een fapt, c\u00ee\u015ftig\u0103torul voturilor oferite de popor la alegerile din 2009? \u00cen prezent, s\u00eentem condu\u015fi de America, de FMI,..","yoast_head":"<!-- This site is optimized with the Yoast SEO plugin v26.9 - https:\/\/yoast.com\/product\/yoast-seo-wordpress\/ -->\r\n<title>Cine este \u00een spatele lui Traian B\u0103sescu!?! -<\/title>\r\n<meta name=\"robots\" content=\"index, follow, max-snippet:-1, max-image-preview:large, max-video-preview:-1\" \/>\r\n<link rel=\"canonical\" href=\"https:\/\/desteptati-va.ro\/index.php\/2021\/04\/16\/cine-este-in-spatele-lui-traian-basescu\/\" \/>\r\n<meta property=\"og:locale\" content=\"ro_RO\" \/>\r\n<meta property=\"og:type\" content=\"article\" \/>\r\n<meta property=\"og:title\" content=\"Cine este \u00een spatele lui Traian B\u0103sescu!?! -\" \/>\r\n<meta property=\"og:description\" content=\"\u00cen spatele omului politic Traian B\u0103sescu stau al\u0163ii care \u00eei asigur\u0103 ,,succesul\u201d, \u00een schimbul unor importante avantaje. Cine s\u00eent, cuRead More\" \/>\r\n<meta property=\"og:url\" content=\"https:\/\/desteptati-va.ro\/index.php\/2021\/04\/16\/cine-este-in-spatele-lui-traian-basescu\/\" \/>\r\n<meta property=\"article:published_time\" content=\"2021-04-16T07:47:56+00:00\" \/>\r\n<meta property=\"og:image\" content=\"https:\/\/desteptati-va.ro\/wp-content\/uploads\/2021\/04\/Traian-Basescu-e1609749395261-1.jpg\" \/>\r\n\t<meta property=\"og:image:width\" content=\"301\" \/>\r\n\t<meta property=\"og:image:height\" content=\"201\" \/>\r\n\t<meta property=\"og:image:type\" content=\"image\/jpeg\" \/>\r\n<meta name=\"author\" content=\"wolfsoftcompany\" \/>\r\n<meta name=\"twitter:card\" content=\"summary_large_image\" \/>\r\n<meta name=\"twitter:label1\" content=\"Scris de\" \/>\n\t<meta name=\"twitter:data1\" content=\"wolfsoftcompany\" \/>\n\t<meta name=\"twitter:label2\" content=\"Timp estimat pentru citire\" \/>\n\t<meta name=\"twitter:data2\" content=\"8 minute\" \/>\r\n<script type=\"application\/ld+json\" class=\"yoast-schema-graph\">{\"@context\":\"https:\/\/schema.org\",\"@graph\":[{\"@type\":\"Article\",\"@id\":\"https:\/\/desteptati-va.ro\/index.php\/2021\/04\/16\/cine-este-in-spatele-lui-traian-basescu\/#article\",\"isPartOf\":{\"@id\":\"https:\/\/desteptati-va.ro\/index.php\/2021\/04\/16\/cine-este-in-spatele-lui-traian-basescu\/\"},\"author\":{\"name\":\"wolfsoftcompany\",\"@id\":\"https:\/\/desteptati-va.ro\/#\/schema\/person\/13182deeebd44920914899f7bb262d6b\"},\"headline\":\"Cine este \u00een spatele lui Traian B\u0103sescu!?!\",\"datePublished\":\"2021-04-16T07:47:56+00:00\",\"mainEntityOfPage\":{\"@id\":\"https:\/\/desteptati-va.ro\/index.php\/2021\/04\/16\/cine-este-in-spatele-lui-traian-basescu\/\"},\"wordCount\":1544,\"commentCount\":0,\"image\":{\"@id\":\"https:\/\/desteptati-va.ro\/index.php\/2021\/04\/16\/cine-este-in-spatele-lui-traian-basescu\/#primaryimage\"},\"thumbnailUrl\":\"https:\/\/desteptati-va.ro\/wp-content\/uploads\/2021\/04\/Traian-Basescu-e1609749395261-1.jpg\",\"keywords\":[\"manipulare\",\"tradare\"],\"articleSection\":[\"Ticalosul suprem\"],\"inLanguage\":\"ro-RO\",\"potentialAction\":[{\"@type\":\"CommentAction\",\"name\":\"Comment\",\"target\":[\"https:\/\/desteptati-va.ro\/index.php\/2021\/04\/16\/cine-este-in-spatele-lui-traian-basescu\/#respond\"]}]},{\"@type\":\"WebPage\",\"@id\":\"https:\/\/desteptati-va.ro\/index.php\/2021\/04\/16\/cine-este-in-spatele-lui-traian-basescu\/\",\"url\":\"https:\/\/desteptati-va.ro\/index.php\/2021\/04\/16\/cine-este-in-spatele-lui-traian-basescu\/\",\"name\":\"Cine este \u00een spatele lui Traian B\u0103sescu!?! -\",\"isPartOf\":{\"@id\":\"https:\/\/desteptati-va.ro\/#website\"},\"primaryImageOfPage\":{\"@id\":\"https:\/\/desteptati-va.ro\/index.php\/2021\/04\/16\/cine-este-in-spatele-lui-traian-basescu\/#primaryimage\"},\"image\":{\"@id\":\"https:\/\/desteptati-va.ro\/index.php\/2021\/04\/16\/cine-este-in-spatele-lui-traian-basescu\/#primaryimage\"},\"thumbnailUrl\":\"https:\/\/desteptati-va.ro\/wp-content\/uploads\/2021\/04\/Traian-Basescu-e1609749395261-1.jpg\",\"datePublished\":\"2021-04-16T07:47:56+00:00\",\"author\":{\"@id\":\"https:\/\/desteptati-va.ro\/#\/schema\/person\/13182deeebd44920914899f7bb262d6b\"},\"breadcrumb\":{\"@id\":\"https:\/\/desteptati-va.ro\/index.php\/2021\/04\/16\/cine-este-in-spatele-lui-traian-basescu\/#breadcrumb\"},\"inLanguage\":\"ro-RO\",\"potentialAction\":[{\"@type\":\"ReadAction\",\"target\":[\"https:\/\/desteptati-va.ro\/index.php\/2021\/04\/16\/cine-este-in-spatele-lui-traian-basescu\/\"]}]},{\"@type\":\"ImageObject\",\"inLanguage\":\"ro-RO\",\"@id\":\"https:\/\/desteptati-va.ro\/index.php\/2021\/04\/16\/cine-este-in-spatele-lui-traian-basescu\/#primaryimage\",\"url\":\"https:\/\/desteptati-va.ro\/wp-content\/uploads\/2021\/04\/Traian-Basescu-e1609749395261-1.jpg\",\"contentUrl\":\"https:\/\/desteptati-va.ro\/wp-content\/uploads\/2021\/04\/Traian-Basescu-e1609749395261-1.jpg\",\"width\":301,\"height\":201},{\"@type\":\"BreadcrumbList\",\"@id\":\"https:\/\/desteptati-va.ro\/index.php\/2021\/04\/16\/cine-este-in-spatele-lui-traian-basescu\/#breadcrumb\",\"itemListElement\":[{\"@type\":\"ListItem\",\"position\":1,\"name\":\"Prima pagin\u0103\",\"item\":\"https:\/\/desteptati-va.ro\/\"},{\"@type\":\"ListItem\",\"position\":2,\"name\":\"Cine este \u00een spatele lui Traian B\u0103sescu!?!\"}]},{\"@type\":\"WebSite\",\"@id\":\"https:\/\/desteptati-va.ro\/#website\",\"url\":\"https:\/\/desteptati-va.ro\/\",\"name\":\"\",\"description\":\"\",\"potentialAction\":[{\"@type\":\"SearchAction\",\"target\":{\"@type\":\"EntryPoint\",\"urlTemplate\":\"https:\/\/desteptati-va.ro\/?s={search_term_string}\"},\"query-input\":{\"@type\":\"PropertyValueSpecification\",\"valueRequired\":true,\"valueName\":\"search_term_string\"}}],\"inLanguage\":\"ro-RO\"},{\"@type\":\"Person\",\"@id\":\"https:\/\/desteptati-va.ro\/#\/schema\/person\/13182deeebd44920914899f7bb262d6b\",\"name\":\"wolfsoftcompany\",\"image\":{\"@type\":\"ImageObject\",\"inLanguage\":\"ro-RO\",\"@id\":\"https:\/\/desteptati-va.ro\/#\/schema\/person\/image\/\",\"url\":\"https:\/\/secure.gravatar.com\/avatar\/a6cce9b6d101d27d91690e7073e300fed94c0899890bf998e082cb9d2c3d121e?s=96&d=mm&r=g\",\"contentUrl\":\"https:\/\/secure.gravatar.com\/avatar\/a6cce9b6d101d27d91690e7073e300fed94c0899890bf998e082cb9d2c3d121e?s=96&d=mm&r=g\",\"caption\":\"wolfsoftcompany\"},\"sameAs\":[\"http:\/\/desteptati-va.ro\"],\"url\":\"https:\/\/desteptati-va.ro\/index.php\/author\/wolfsoftcompany\/\"}]}<\/script>\r\n<!-- \/ Yoast SEO plugin. -->","yoast_head_json":{"title":"Cine este \u00een spatele lui Traian B\u0103sescu!?! -","robots":{"index":"index","follow":"follow","max-snippet":"max-snippet:-1","max-image-preview":"max-image-preview:large","max-video-preview":"max-video-preview:-1"},"canonical":"https:\/\/desteptati-va.ro\/index.php\/2021\/04\/16\/cine-este-in-spatele-lui-traian-basescu\/","og_locale":"ro_RO","og_type":"article","og_title":"Cine este \u00een spatele lui Traian B\u0103sescu!?! -","og_description":"\u00cen spatele omului politic Traian B\u0103sescu stau al\u0163ii care \u00eei asigur\u0103 ,,succesul\u201d, \u00een schimbul unor importante avantaje. Cine s\u00eent, cuRead More","og_url":"https:\/\/desteptati-va.ro\/index.php\/2021\/04\/16\/cine-este-in-spatele-lui-traian-basescu\/","article_published_time":"2021-04-16T07:47:56+00:00","og_image":[{"width":301,"height":201,"url":"https:\/\/desteptati-va.ro\/wp-content\/uploads\/2021\/04\/Traian-Basescu-e1609749395261-1.jpg","type":"image\/jpeg"}],"author":"wolfsoftcompany","twitter_card":"summary_large_image","twitter_misc":{"Scris de":"wolfsoftcompany","Timp estimat pentru citire":"8 minute"},"schema":{"@context":"https:\/\/schema.org","@graph":[{"@type":"Article","@id":"https:\/\/desteptati-va.ro\/index.php\/2021\/04\/16\/cine-este-in-spatele-lui-traian-basescu\/#article","isPartOf":{"@id":"https:\/\/desteptati-va.ro\/index.php\/2021\/04\/16\/cine-este-in-spatele-lui-traian-basescu\/"},"author":{"name":"wolfsoftcompany","@id":"https:\/\/desteptati-va.ro\/#\/schema\/person\/13182deeebd44920914899f7bb262d6b"},"headline":"Cine este \u00een spatele lui Traian B\u0103sescu!?!","datePublished":"2021-04-16T07:47:56+00:00","mainEntityOfPage":{"@id":"https:\/\/desteptati-va.ro\/index.php\/2021\/04\/16\/cine-este-in-spatele-lui-traian-basescu\/"},"wordCount":1544,"commentCount":0,"image":{"@id":"https:\/\/desteptati-va.ro\/index.php\/2021\/04\/16\/cine-este-in-spatele-lui-traian-basescu\/#primaryimage"},"thumbnailUrl":"https:\/\/desteptati-va.ro\/wp-content\/uploads\/2021\/04\/Traian-Basescu-e1609749395261-1.jpg","keywords":["manipulare","tradare"],"articleSection":["Ticalosul suprem"],"inLanguage":"ro-RO","potentialAction":[{"@type":"CommentAction","name":"Comment","target":["https:\/\/desteptati-va.ro\/index.php\/2021\/04\/16\/cine-este-in-spatele-lui-traian-basescu\/#respond"]}]},{"@type":"WebPage","@id":"https:\/\/desteptati-va.ro\/index.php\/2021\/04\/16\/cine-este-in-spatele-lui-traian-basescu\/","url":"https:\/\/desteptati-va.ro\/index.php\/2021\/04\/16\/cine-este-in-spatele-lui-traian-basescu\/","name":"Cine este \u00een spatele lui Traian B\u0103sescu!?! -","isPartOf":{"@id":"https:\/\/desteptati-va.ro\/#website"},"primaryImageOfPage":{"@id":"https:\/\/desteptati-va.ro\/index.php\/2021\/04\/16\/cine-este-in-spatele-lui-traian-basescu\/#primaryimage"},"image":{"@id":"https:\/\/desteptati-va.ro\/index.php\/2021\/04\/16\/cine-este-in-spatele-lui-traian-basescu\/#primaryimage"},"thumbnailUrl":"https:\/\/desteptati-va.ro\/wp-content\/uploads\/2021\/04\/Traian-Basescu-e1609749395261-1.jpg","datePublished":"2021-04-16T07:47:56+00:00","author":{"@id":"https:\/\/desteptati-va.ro\/#\/schema\/person\/13182deeebd44920914899f7bb262d6b"},"breadcrumb":{"@id":"https:\/\/desteptati-va.ro\/index.php\/2021\/04\/16\/cine-este-in-spatele-lui-traian-basescu\/#breadcrumb"},"inLanguage":"ro-RO","potentialAction":[{"@type":"ReadAction","target":["https:\/\/desteptati-va.ro\/index.php\/2021\/04\/16\/cine-este-in-spatele-lui-traian-basescu\/"]}]},{"@type":"ImageObject","inLanguage":"ro-RO","@id":"https:\/\/desteptati-va.ro\/index.php\/2021\/04\/16\/cine-este-in-spatele-lui-traian-basescu\/#primaryimage","url":"https:\/\/desteptati-va.ro\/wp-content\/uploads\/2021\/04\/Traian-Basescu-e1609749395261-1.jpg","contentUrl":"https:\/\/desteptati-va.ro\/wp-content\/uploads\/2021\/04\/Traian-Basescu-e1609749395261-1.jpg","width":301,"height":201},{"@type":"BreadcrumbList","@id":"https:\/\/desteptati-va.ro\/index.php\/2021\/04\/16\/cine-este-in-spatele-lui-traian-basescu\/#breadcrumb","itemListElement":[{"@type":"ListItem","position":1,"name":"Prima pagin\u0103","item":"https:\/\/desteptati-va.ro\/"},{"@type":"ListItem","position":2,"name":"Cine este \u00een spatele lui Traian B\u0103sescu!?!"}]},{"@type":"WebSite","@id":"https:\/\/desteptati-va.ro\/#website","url":"https:\/\/desteptati-va.ro\/","name":"","description":"","potentialAction":[{"@type":"SearchAction","target":{"@type":"EntryPoint","urlTemplate":"https:\/\/desteptati-va.ro\/?s={search_term_string}"},"query-input":{"@type":"PropertyValueSpecification","valueRequired":true,"valueName":"search_term_string"}}],"inLanguage":"ro-RO"},{"@type":"Person","@id":"https:\/\/desteptati-va.ro\/#\/schema\/person\/13182deeebd44920914899f7bb262d6b","name":"wolfsoftcompany","image":{"@type":"ImageObject","inLanguage":"ro-RO","@id":"https:\/\/desteptati-va.ro\/#\/schema\/person\/image\/","url":"https:\/\/secure.gravatar.com\/avatar\/a6cce9b6d101d27d91690e7073e300fed94c0899890bf998e082cb9d2c3d121e?s=96&d=mm&r=g","contentUrl":"https:\/\/secure.gravatar.com\/avatar\/a6cce9b6d101d27d91690e7073e300fed94c0899890bf998e082cb9d2c3d121e?s=96&d=mm&r=g","caption":"wolfsoftcompany"},"sameAs":["http:\/\/desteptati-va.ro"],"url":"https:\/\/desteptati-va.ro\/index.php\/author\/wolfsoftcompany\/"}]}},"_links":{"self":[{"href":"https:\/\/desteptati-va.ro\/index.php\/wp-json\/wp\/v2\/posts\/3693","targetHints":{"allow":["GET"]}}],"collection":[{"href":"https:\/\/desteptati-va.ro\/index.php\/wp-json\/wp\/v2\/posts"}],"about":[{"href":"https:\/\/desteptati-va.ro\/index.php\/wp-json\/wp\/v2\/types\/post"}],"author":[{"embeddable":true,"href":"https:\/\/desteptati-va.ro\/index.php\/wp-json\/wp\/v2\/users\/1"}],"replies":[{"embeddable":true,"href":"https:\/\/desteptati-va.ro\/index.php\/wp-json\/wp\/v2\/comments?post=3693"}],"version-history":[{"count":1,"href":"https:\/\/desteptati-va.ro\/index.php\/wp-json\/wp\/v2\/posts\/3693\/revisions"}],"predecessor-version":[{"id":3696,"href":"https:\/\/desteptati-va.ro\/index.php\/wp-json\/wp\/v2\/posts\/3693\/revisions\/3696"}],"wp:featuredmedia":[{"embeddable":true,"href":"https:\/\/desteptati-va.ro\/index.php\/wp-json\/wp\/v2\/media\/3695"}],"wp:attachment":[{"href":"https:\/\/desteptati-va.ro\/index.php\/wp-json\/wp\/v2\/media?parent=3693"}],"wp:term":[{"taxonomy":"category","embeddable":true,"href":"https:\/\/desteptati-va.ro\/index.php\/wp-json\/wp\/v2\/categories?post=3693"},{"taxonomy":"post_tag","embeddable":true,"href":"https:\/\/desteptati-va.ro\/index.php\/wp-json\/wp\/v2\/tags?post=3693"}],"curies":[{"name":"wp","href":"https:\/\/api.w.org\/{rel}","templated":true}]}}