{"id":3697,"date":"2021-04-16T07:50:04","date_gmt":"2021-04-16T07:50:04","guid":{"rendered":"http:\/\/desteptati.ro\/?p=3697"},"modified":"2022-01-31T10:40:03","modified_gmt":"2022-01-31T08:40:03","slug":"traian-basescu-legaturi-operative-secrete","status":"publish","type":"post","link":"https:\/\/desteptati-va.ro\/index.php\/2021\/04\/16\/traian-basescu-legaturi-operative-secrete\/","title":{"rendered":"Traian BASESCU. Legaturi operative secrete."},"content":{"rendered":"<div class=\"post-content\"><div class='booster-block booster-read-block'>\n                <div class=\"twp-read-time\">\n                \t<i class=\"booster-icon twp-clock\"><\/i> <span>Read Time:<\/span>6 Minute, 57 Second                <\/div>\n\n            <\/div><h4 style=\"text-align: justify;\">C\u0103l\u0103torind cu treburi prin jude\u0163ele patriei, am avut prilejul s\u0103-i cunosc pe doi dintre ofi\u0163erii structurii speciale de informa\u0163ii care l-au avut \u00een leg\u0103tur\u0103 operativ\u0103 secret\u0103, cu &#8222;aprobare de partid&#8221;, pe cet\u0103\u0163eanul Traian B\u0103sescu.<\/h4>\n<h4 style=\"text-align: justify;\">Am \u0163inut s\u0103 fac aceast\u0103 ultim\u0103 precizare fiindc\u0103 membrii Partidului Comunist nu puteau fi recruta\u0163i ca informatori, dar puteau primi sarcin\u0103 politic\u0103 &#8222;s\u0103 sprijine organele securit\u0103\u0163ii statului pentru ap\u0103rarea cuceririlor revolu\u0163ionare ale poporului muncitor, \u00eempotriva uneltirilor cercurilor imperialiste \u015fi ale agenturilor acestora&#8221;.<\/h4>\n<h4 style=\"text-align: justify;\">Cu v\u0103dit\u0103 curioziate, i-am \u00eentrebat dac\u0103 au mai avut prilejul s\u0103-\u015fi \u00eent\u00e2lneasc\u0103 pre\u0163iosul colaborator dup\u0103 ce ni l-am ales pre\u015fedinte. Unul mi-a r\u0103spuns afirmativ, cel\u0103lalt s-a eschivat cu o grimas\u0103 plin\u0103 de sub\u00een\u0163elesuri. Cum a fost revederea? L-am \u00eentrebat pe fostul combatant al contrainforma\u0163iilor externe, cel care mi-a confirmat c\u0103 s-a v\u0103zut cu pre\u015fedintele, pe la \u00eenceputul primului s\u0103u mandat. Cam inconfortabil\u0103, a fost r\u0103spunsul. De cum am fost fa\u0163\u0103 \u00een fa\u0163\u0103, Traian B\u0103sescu \u015fi-a intrat \u00een rolul \u015fi pozi\u0163ia anterioare fa\u0163\u0103 de mine \u015fi m-am sim\u0163it foarte jenat. Chiar l-am f\u0103cut atent: &#8222;Ce dracu&#8217;, acum sunte\u0163i pre\u015fedintele Rom\u00e2niei, eu nu mai sunt ce-am fost \u015fi nu m-a\u0163i chemat la o \u00eent\u00e2lnire, ca pe vremuri&#8221;.<\/h4>\n<h4 style=\"text-align: justify;\">Altceva, \u00eens\u0103, m-a pus pe g\u00e2nduri. Ambii ofi\u0163eri mi-au spus c\u0103 ei nu l-au votat pe Traian B\u0103sescu. \u015ei nu l-au votat fiindc\u0103 \u015ftiau ce-i poate pielea. Nu au dorit s\u0103 aduc\u0103 \u00een discu\u0163ie prea multe fapte din trecutul colabor\u0103rii sale, mult mai complexe dec\u00e2t s-ar crede, cu Securitatea. Au \u0163inut, \u00een schimb, s\u0103-mi recomande portretizarea vitriolant\u0103 pe care Valentin Nicolau, fost director general al Televiziunii Rom\u00e2ne, i-a f\u0103cut-o pre\u015fedintelui. Am c\u0103utat-o \u015fi am g\u0103sit cea mai profund\u0103 \u015fi expresiv\u0103 &#8222;fi\u015f\u0103 de evaluare caracterial\u0103 \u015fi comportamental\u0103&#8221; a cet\u0103\u0163eanului-pre\u015fedinte.<\/h4>\n<h4 style=\"text-align: justify;\">&#8222;Traian B\u0103sescu nu a fost niciodat\u0103 un personaj dedublat, nu a fost dr. Jekyll \u015fi mr. Hyde ai politicii rom\u00e2ne\u015fti. A fost, simplu, farsorul cel mai seduc\u0103tor, pentru c\u0103 \u00eentruchipeaz\u0103 deopotriv\u0103 mitoc\u0103nia \u015fi \u015fmecheria periferiei. Te minte cu neru\u015finare, f\u0103c\u00e2ndu-te \u00eentre timp la buzunar, f\u0103r\u0103 s\u0103 i se mi\u015fte vreun mu\u015fchi pe fa\u0163\u0103. Devine expresiv ca un cioclu doar c\u00e2nd anun\u0163\u0103 o nou\u0103 tragedie pentru rom\u00e2ni sau c\u00e2nd, asemenea unui clovn h\u00e2d, \u00eel apuc\u0103 h\u0103h\u0103itul spasmodic la auzul propriei glume grosolane. Dup\u0103 ce ai avut de-a face cu el, e\u015fti mai s\u0103rac \u015fi mai umilit. Cum periferia domin\u0103 numeric centrul, plus tr\u0103darea intelectualilor care au validat mi\u015fele\u015fte \u201eun pseudo-Cezar care de fapt e \u00eensu\u015fi Mamona&#8221;, s-a creat premisa recunoa\u015fterii populare \u00eentr-o democra\u0163ie de tip Vacan\u0163a Mare. La suprafa\u0163\u0103 &#8211; manelismul politic Traian B\u0103sescu cu \u015fpri\u0163 \u015fi dansuri din buric, dedesubt &#8211; bani mul\u0163i \u015fi putere ame\u0163itoare.<\/h4>\n<h4 style=\"text-align: justify;\">Fiind un r\u0103u viguros, Traian B\u0103sescu a fost revelatorul tr\u0103d\u0103rilor, meschin\u0103riilor \u015fi neputin\u0163elor rom\u00e2ne\u015fti. R\u0103scolind murd\u0103ria din subsolurile societ\u0103\u0163ii, a favorizat aducerea la suprafa\u0163\u0103 a mizeriilor \u015fi a f\u0103cut purulente bubele ascunse. Pare a fi \u015fi singurul beneficiu care va r\u0103m\u00e2ne dup\u0103 el. Pre\u015fedintele-juc\u0103tor a fost \u015fi r\u0103m\u00e2ne doar un pre\u015fedinte-impostor pus pe har\u0163\u0103 \u015fi jaf \u015fi care din joac\u0103 a falimentat o \u0163ar\u0103, a fl\u0103m\u00e2nzit un popor. A jucat destinul \u0163\u0103rii la ruleta istoriei personale, miz\u00e2nd totul pe blond. Faptele sale sunt cu premeditare, chiar dac\u0103 las\u0103 s\u0103 se-n\u0163eleag\u0103 c\u0103 \u015ftie ce spune, dar habar n-are ce face. Disipeaz\u0103 vinov\u0103\u0163ia democratiz\u00e2nd eroarea \u015fi proasta guvernare, cu scopul de a arunca propria culp\u0103 \u00een c\u00e2rca unei conduceri colective reprezentate de Guvern \u015fi de Parlament, la modul general, de clasa politic\u0103 manipulat\u0103 de moguli.<\/h4>\n<h4 style=\"text-align: justify;\">Dup\u0103 modelul pre\u015fedintelui, guvernarea a pref\u0103cut minciuna, nedreptatea \u015fi jaful \u00een principii c\u0103l\u0103uzitoare. Devenit captiv camarilei lui Traian B\u0103sescu, statul rom\u00e2n \u015fi-a modificat personalitatea \u015fi comportamentul dup\u0103 chipul str\u00e2mb al st\u0103p\u00e2nului. Vedem un Cotroceni \u00een permanent delir, la Palatul Victoria, un G\u00e2g\u0103 \u00eentors cu cheia, iar pe intelectualii de serviciu ai puterii cum se chinuie s\u0103-\u015fi ridice propriile statui la televiziunea public\u0103. Spectacol sinistru al unei puteri monstruoase \u015fi caraghioase \u00een acela\u015fi timp. Totodat\u0103, cei care nu s-au l\u0103sat m\u00e2nji\u0163i cu portocaliu nu reu\u015fesc dec\u00e2t s\u0103 supravie\u0163uiasc\u0103. A\u015fa a ajuns pesimistul s\u0103 spun\u0103 \u201eMai r\u0103u nu se poate!&#8221;, iar optimistul s\u0103-i r\u0103spund\u0103 \u201eBa se poate!&#8221;<\/h4>\n<h4 style=\"text-align: justify;\">P\u00e2n\u0103 de cur\u00e2nd n-am putut s\u0103-mi explic ce i-a \u00eempins pe rom\u00e2ni, \u00een urm\u0103 cu un veac \u015fi jum\u0103tate, s\u0103 aduc\u0103 \u015fi s\u0103 accepte un domn str\u0103in. Experien\u0163a tr\u0103it\u0103 \u00een epoca B\u0103sescu m\u0103 face s\u0103 cred c\u0103 atunci, ca \u015fi acum, au fost suficiente motive. Doar c\u0103 acum, altfel dec\u00e2t atunci, domnitorii nu se mai import\u0103. Este suficient\u0103 binecuv\u00e2ntarea ce-o prime\u015fte cel care se-nchin\u0103 in directia din care bate vantul, pentru a ajunge v\u0103taf peste feuda rom\u00e2neasc\u0103.<\/h4>\n<h4 style=\"text-align: justify;\">B\u0103sescu e o pacoste pentru Rom\u00e2nia, s-au l\u0103murit cei mai mul\u0163i.Problema e cine vine dup\u0103? Are cine s\u0103-l \u00eenlocuiasc\u0103, exist\u0103 un lider credibil \u015fi capabil de a guverna altfel? \u00cen pofida faptului c\u0103 Traian B\u0103sescu a cobor\u00e2t standardul de pre\u015fedinte at\u00e2t de jos, \u00eenc\u00e2t cet\u0103\u0163eanul s-ar mul\u0163umi cu oricine numai s\u0103 se vad\u0103 sc\u0103pat de pacostea h\u0103h\u0103itoare, nici un nume-alternativ\u0103 nu st\u00e2rne\u015fte cu adev\u0103rat entuziasmul. Asta \u00eei d\u0103 posibilitatea lui Traian B\u0103sescu s\u0103-\u015fi preg\u0103teasc\u0103 succesorul \u00een care se va re\u00eencarna. Cu banii str\u00e2n\u015fi din fur\u0103ciuni, cu serviciile Serviciilor \u015fi sprijinul retelelor criminalitatii transnationale, rom\u00e2nii vor fi determina\u0163i s\u0103 aleag\u0103 iar\u0103\u015fi r\u0103ul cel mai mic, bucur\u00e2ndu-se c\u0103 tr\u0103iesc \u00een democra\u0163ie, prosl\u0103vind economia de pia\u0163\u0103. Abia dup\u0103 alegeri vor constata c\u0103 \u201er\u0103ul cel mai mic&#8221; cre\u015fte uluitor de repede.&#8221;<\/h4>\n<h4 style=\"text-align: justify;\">O prim\u0103 reflec\u0163ie, care s-a impus de la sine: ce destin tragic i-a fost dat poporului pe care \u00eel conduce, dac\u0103 \u0163inem seama c\u00e2t de rapid \u015fi exponen\u0163ial s-a autoclonat Traian B\u0103sescu \u00een maimu\u0163ele clasei politice rom\u00e2ne\u015fti.<\/h4>\n<h4 style=\"text-align: justify;\">A doua reflec\u0163ie, absolut necesar\u0103: cum putea s\u0103 se manifeste un astfel de caracter \u015fi personalitate \u00een ipostaza de colaborator al Securit\u0103\u0163ii? C\u00e2te ceva s-a mai aflat \u015fi se \u015ftie c\u0103 voca\u0163ia sa spre dela\u0163iune nu avea egal \u00een Compania Navrom, iar dorin\u0163a de a face r\u0103u, de a provoca \u015fi \u00eenscena crea mari \u00eengrijor\u0103ri \u015fi rezerve ofi\u0163erilor care l-au avut \u00een legatur\u0103. Sursa &#8222;Piratul&#8221; a fost foarte prolific\u0103.<\/h4>\n<h4 style=\"text-align: justify;\">A treia reflec\u0163ie, corolar al anterioarelor: ce putea s\u0103 fac\u0103 un astfel de personaj malefic, \u015ftiindu-se sub o puternic\u0103 protec\u0163ie secret\u0103 a Securit\u0103\u0163ii?<\/h4>\n<h4 style=\"text-align: justify;\">G\u0103sim r\u0103spunsul \u00een prezentul nostru \u015fi \u00een m\u0103rturia ofi\u0163erului care s-a sim\u0163it \u00eendatorat s\u0103-i spun\u0103 lui B\u0103sescu s\u0103 se comporte ca un pre\u015fedinte, nu ca un informator.<\/h4>\n<h4 style=\"text-align: justify;\">Cum a fost verificat candidatul la pre\u015fedin\u0163ia Rom\u00e2niei, Traian B\u0103sescu, sub aspectul colabor\u0103rii cu Securitatea?<\/h4>\n<h4 style=\"text-align: justify;\">La 19 noiembrie 2004, Gheorghe Oni\u015foru, pre\u015fedintele Colegiului CNSAS, s-a deplasat la Arhivele Ministerului Ap\u0103r\u0103rii Na\u0163ionale din Pite\u015fti, unde a studiat, \u00een original, documentul &#8222;U.M. 02510 Mangalia, Serviciul 1 Jurnal pntru reteaua informativa 1972-1980&#8221; . Din pagina 65, pozi\u0163ia 3990 a extras urm\u0103toarele date:<\/h4>\n<h4 style=\"text-align: justify;\">Numele si prenumele: BASESCU TRAIAN<\/h4>\n<h4 style=\"text-align: justify;\">Categoria: colaborator<\/h4>\n<h4 style=\"text-align: justify;\">Denumirea U.M. sau ofiterul care a efectuat recrutarea: Lt.col. TUDOR GHEORHE<\/h4>\n<h4 style=\"text-align: justify;\">Semnatura de primire a copertilor dosarului de colaborator sau numarul adresei de expediere: Borderou nr.001744\/ 09.11.73<\/h4>\n<h4 style=\"text-align: justify;\">Data incetarii legaturii: 27.09.76<\/h4>\n<h4 style=\"text-align: justify;\">Data clasarii la arhiva\/ predarii la alta unitate: Transferat la Inspectoratul Judetean Constanta \u2013 Securitate, cu adresa nr. 00151392\/29.09.1976<\/h4>\n<h4 style=\"text-align: justify;\">\u00cen etapa urm\u0103toare, CNSAS a solicitat Serviciului Rom\u00e2n de Informa\u0163ii Dosarul Fond Retea privind pe Basescu Traian.<\/h4>\n<h4 style=\"text-align: justify;\">Generalul Sorin-Marius Brateanu, \u015feful Secretariatului General al SRI (unitatea de\u0163in\u0103toare a arhivelor Securit\u0103\u0163ii), l-a convocat la &#8222;un drink&#8221; pe Gheorghe Oni\u015foru \u015fi i-a dat spre studiu dosarul de colaborator al numitului B\u0103sescu Traian, dup\u0103 care, de comun acord, au \u00eencheiat \u015fi semnat actul de clasificarea dosarului ca fiind de interes pentru securitatea na\u0163ional\u0103. Apoi, generalul a semnat \u015fi a trimis la CNSAS adresa prin care comunica: &#8222;Basescu Traian nu este cunoscut in evidentele S.R.I.&#8221;.<\/h4>\n<h4 style=\"text-align: justify;\">Dar \u00een alte eviden\u0163e? \u00cen ianuarie 1990, c\u00e2nd s-a perchezi\u0163ionat seiful \u015fefului Centrului de Informa\u0163ii Externe, s-a g\u0103sit \u015fi o adres\u0103 a ministrului Ap\u0103r\u0103rii Na\u0163ionale \u00een care se specifica: &#8222;[&#8230;] Urmare a incetarii misiunii pentru care fost detasat [&#8230;] dispuneti restituirea dosarului maiorului [rez.] Basescu Traian&#8221;.<\/h4>\n<h4 style=\"text-align: justify;\">Povestea acestui dosar este cu adev\u0103rat complicat\u0103. Piese grele din el au traversat Atlanticul \u015fi au fost puse \u00een mi\u015fcare, ori de c\u00e2te ori, constr\u00e2ns de obliga\u0163ii anterioare, &#8222;Piratul&#8221; avea cap compasul deviat de anomaliile magnetice est-siberiene.<\/h4>\n<h4 style=\"text-align: justify;\"><em>Sursa: <a href=\"http:\/\/www.cotidianul.ro\/am-fost-legatura-superioara-a-ofiterului-special-traian-basescu-145388\/\" target=\"_blank\" rel=\"noopener\">http:\/\/www.cotidianul.ro\/<\/a><\/em><\/h4>        <div class=\"booster-block booster-reactions-block\">\n            <div class=\"twp-reactions-icons\">\n                \n                <div class=\"twp-reacts-wrap\">\n                    <a react-data=\"be-react-1\" post-id=\"3697\" class=\"be-face-icons un-reacted\" href=\"javascript:void(0)\">\n                        <img decoding=\"async\" src=\"https:\/\/desteptati-va.ro\/wp-content\/plugins\/booster-extension\/\/assets\/icon\/happy.svg\" alt=\"Happy\">\n                    <\/a>\n                    <div class=\"twp-reaction-title\">\n                        Happy                    <\/div>\n                    <div class=\"twp-count-percent\">\n                                                    <span style=\"display: none;\" class=\"twp-react-count\">0<\/span>\n                        \n                                                <span class=\"twp-react-percent\"><span>0<\/span> %<\/span>\n                                            <\/div>\n                <\/div>\n\n                <div class=\"twp-reacts-wrap\">\n                    <a react-data=\"be-react-2\" post-id=\"3697\" class=\"be-face-icons un-reacted\" href=\"javascript:void(0)\">\n                        <img decoding=\"async\" src=\"https:\/\/desteptati-va.ro\/wp-content\/plugins\/booster-extension\/\/assets\/icon\/sad.svg\" alt=\"Sad\">\n                    <\/a>\n                    <div class=\"twp-reaction-title\">\n                        Sad                    <\/div>\n                    <div class=\"twp-count-percent\">\n                                                    <span style=\"display: none;\" class=\"twp-react-count\">0<\/span>\n                                                                        <span class=\"twp-react-percent\"><span>0<\/span> %<\/span>\n                                            <\/div>\n                <\/div>\n\n                <div class=\"twp-reacts-wrap\">\n                    <a react-data=\"be-react-3\" post-id=\"3697\" class=\"be-face-icons un-reacted\" href=\"javascript:void(0)\">\n                        <img decoding=\"async\" src=\"https:\/\/desteptati-va.ro\/wp-content\/plugins\/booster-extension\/\/assets\/icon\/excited.svg\" alt=\"Excited\">\n                    <\/a>\n                    <div class=\"twp-reaction-title\">\n                        Excited                    <\/div>\n                    <div class=\"twp-count-percent\">\n                                                    <span style=\"display: none;\" class=\"twp-react-count\">0<\/span>\n                                                                        <span class=\"twp-react-percent\"><span>0<\/span> %<\/span>\n                                            <\/div>\n                <\/div>\n\n                <div class=\"twp-reacts-wrap\">\n                    <a react-data=\"be-react-6\" post-id=\"3697\" class=\"be-face-icons un-reacted\" href=\"javascript:void(0)\">\n                        <img decoding=\"async\" src=\"https:\/\/desteptati-va.ro\/wp-content\/plugins\/booster-extension\/\/assets\/icon\/sleepy.svg\" alt=\"Sleepy\">\n                    <\/a>\n                    <div class=\"twp-reaction-title\">\n                        Sleepy                    <\/div>\n                    <div class=\"twp-count-percent\">\n                                                    <span style=\"display: none;\" class=\"twp-react-count\">0<\/span>\n                        \n                                                <span class=\"twp-react-percent\"><span>0<\/span> %<\/span>\n                                            <\/div>\n                <\/div>\n\n                <div class=\"twp-reacts-wrap\">\n                    <a react-data=\"be-react-4\" post-id=\"3697\" class=\"be-face-icons un-reacted\" href=\"javascript:void(0)\">\n                        <img decoding=\"async\" src=\"https:\/\/desteptati-va.ro\/wp-content\/plugins\/booster-extension\/\/assets\/icon\/angry.svg\" alt=\"Angry\">\n                    <\/a>\n                    <div class=\"twp-reaction-title\">Angry<\/div>\n                    <div class=\"twp-count-percent\">\n                                                    <span style=\"display: none;\" class=\"twp-react-count\">0<\/span>\n                                                                        <span class=\"twp-react-percent\"><span>0<\/span> %<\/span>\n                        \n                    <\/div>\n                <\/div>\n\n                <div class=\"twp-reacts-wrap\">\n                    <a react-data=\"be-react-5\" post-id=\"3697\" class=\"be-face-icons un-reacted\" href=\"javascript:void(0)\">\n                        <img decoding=\"async\" src=\"https:\/\/desteptati-va.ro\/wp-content\/plugins\/booster-extension\/\/assets\/icon\/surprise.svg\" alt=\"Surprise\">\n                    <\/a>\n                    <div class=\"twp-reaction-title\">Surprise<\/div>\n                    <div class=\"twp-count-percent\">\n                                                    <span style=\"display: none;\" class=\"twp-react-count\">0<\/span>\n                                                                        <span class=\"twp-react-percent\"><span>0<\/span> %<\/span>\n                                            <\/div>\n                <\/div>\n\n            <\/div>\n        <\/div>\n\n    <\/div>","protected":false},"excerpt":{"rendered":"<p>C\u0103l\u0103torind cu treburi prin jude\u0163ele patriei, am avut prilejul s\u0103-i cunosc pe doi dintre ofi\u0163erii structurii speciale de informa\u0163ii care<a href=\"https:\/\/desteptati-va.ro\/index.php\/2021\/04\/16\/traian-basescu-legaturi-operative-secrete\/\">Read More<i class=\"fa fa-long-arrow-right\" aria-hidden=\"true\"><\/i><\/a><\/p>\n","protected":false},"author":1,"featured_media":4616,"comment_status":"open","ping_status":"open","sticky":false,"template":"","format":"standard","meta":{"_crdt_document":"","footnotes":""},"categories":[50],"tags":[713,717,522],"class_list":["post-3697","post","type-post","status-publish","format-standard","has-post-thumbnail","hentry","category-despre-traian-basescu","tag-basescu","tag-colborator","tag-securitate"],"rise-blocks_total_comments":0,"rise-blocks_categories":[{"term_id":50,"name":"Ticalosul suprem","slug":"despre-traian-basescu","term_group":0,"term_taxonomy_id":50,"taxonomy":"category","description":"","parent":49,"count":8,"filter":"raw"}],"rise-blocks_excerpt":"C\u0103l\u0103torind cu treburi prin jude\u0163ele patriei, am avut prilejul s\u0103-i cunosc pe doi dintre ofi\u0163erii structurii speciale de informa\u0163ii care l-au avut \u00een leg\u0103tur\u0103 operativ\u0103 secret\u0103, cu &#8222;aprobare de partid&#8221;, pe cet\u0103\u0163eanul Traian B\u0103sescu. Am \u0163inut s\u0103 fac aceast\u0103 ultim\u0103 precizare fiindc\u0103 membrii Partidului Comunist nu puteau fi recruta\u0163i ca informatori, dar puteau primi sarcin\u0103 politic\u0103 &#8222;s\u0103 sprijine organele securit\u0103\u0163ii..","yoast_head":"<!-- This site is optimized with the Yoast SEO plugin v26.9 - https:\/\/yoast.com\/product\/yoast-seo-wordpress\/ -->\r\n<title>Traian BASESCU. Legaturi operative secrete. -<\/title>\r\n<meta name=\"robots\" content=\"index, follow, max-snippet:-1, max-image-preview:large, max-video-preview:-1\" \/>\r\n<link rel=\"canonical\" href=\"https:\/\/desteptati-va.ro\/index.php\/2021\/04\/16\/traian-basescu-legaturi-operative-secrete\/\" \/>\r\n<meta property=\"og:locale\" content=\"ro_RO\" \/>\r\n<meta property=\"og:type\" content=\"article\" \/>\r\n<meta property=\"og:title\" content=\"Traian BASESCU. Legaturi operative secrete. -\" \/>\r\n<meta property=\"og:description\" content=\"C\u0103l\u0103torind cu treburi prin jude\u0163ele patriei, am avut prilejul s\u0103-i cunosc pe doi dintre ofi\u0163erii structurii speciale de informa\u0163ii careRead More\" \/>\r\n<meta property=\"og:url\" content=\"https:\/\/desteptati-va.ro\/index.php\/2021\/04\/16\/traian-basescu-legaturi-operative-secrete\/\" \/>\r\n<meta property=\"article:published_time\" content=\"2021-04-16T07:50:04+00:00\" \/>\r\n<meta property=\"article:modified_time\" content=\"2022-01-31T08:40:03+00:00\" \/>\r\n<meta property=\"og:image\" content=\"https:\/\/desteptati-va.ro\/wp-content\/uploads\/2021\/04\/TraianBasescu3.jpg\" \/>\r\n\t<meta property=\"og:image:width\" content=\"288\" \/>\r\n\t<meta property=\"og:image:height\" content=\"175\" \/>\r\n\t<meta property=\"og:image:type\" content=\"image\/jpeg\" \/>\r\n<meta name=\"author\" content=\"wolfsoftcompany\" \/>\r\n<meta name=\"twitter:card\" content=\"summary_large_image\" \/>\r\n<meta name=\"twitter:label1\" content=\"Scris de\" \/>\n\t<meta name=\"twitter:data1\" content=\"wolfsoftcompany\" \/>\n\t<meta name=\"twitter:label2\" content=\"Timp estimat pentru citire\" \/>\n\t<meta name=\"twitter:data2\" content=\"8 minute\" \/>\r\n<script type=\"application\/ld+json\" class=\"yoast-schema-graph\">{\"@context\":\"https:\/\/schema.org\",\"@graph\":[{\"@type\":\"Article\",\"@id\":\"https:\/\/desteptati-va.ro\/index.php\/2021\/04\/16\/traian-basescu-legaturi-operative-secrete\/#article\",\"isPartOf\":{\"@id\":\"https:\/\/desteptati-va.ro\/index.php\/2021\/04\/16\/traian-basescu-legaturi-operative-secrete\/\"},\"author\":{\"name\":\"wolfsoftcompany\",\"@id\":\"https:\/\/desteptati-va.ro\/#\/schema\/person\/13182deeebd44920914899f7bb262d6b\"},\"headline\":\"Traian BASESCU. Legaturi operative secrete.\",\"datePublished\":\"2021-04-16T07:50:04+00:00\",\"dateModified\":\"2022-01-31T08:40:03+00:00\",\"mainEntityOfPage\":{\"@id\":\"https:\/\/desteptati-va.ro\/index.php\/2021\/04\/16\/traian-basescu-legaturi-operative-secrete\/\"},\"wordCount\":1556,\"commentCount\":0,\"image\":{\"@id\":\"https:\/\/desteptati-va.ro\/index.php\/2021\/04\/16\/traian-basescu-legaturi-operative-secrete\/#primaryimage\"},\"thumbnailUrl\":\"https:\/\/desteptati-va.ro\/wp-content\/uploads\/2021\/04\/TraianBasescu3.jpg\",\"keywords\":[\"Basescu\",\"colborator\",\"Securitate\"],\"articleSection\":[\"Ticalosul suprem\"],\"inLanguage\":\"ro-RO\",\"potentialAction\":[{\"@type\":\"CommentAction\",\"name\":\"Comment\",\"target\":[\"https:\/\/desteptati-va.ro\/index.php\/2021\/04\/16\/traian-basescu-legaturi-operative-secrete\/#respond\"]}]},{\"@type\":\"WebPage\",\"@id\":\"https:\/\/desteptati-va.ro\/index.php\/2021\/04\/16\/traian-basescu-legaturi-operative-secrete\/\",\"url\":\"https:\/\/desteptati-va.ro\/index.php\/2021\/04\/16\/traian-basescu-legaturi-operative-secrete\/\",\"name\":\"Traian BASESCU. Legaturi operative secrete. -\",\"isPartOf\":{\"@id\":\"https:\/\/desteptati-va.ro\/#website\"},\"primaryImageOfPage\":{\"@id\":\"https:\/\/desteptati-va.ro\/index.php\/2021\/04\/16\/traian-basescu-legaturi-operative-secrete\/#primaryimage\"},\"image\":{\"@id\":\"https:\/\/desteptati-va.ro\/index.php\/2021\/04\/16\/traian-basescu-legaturi-operative-secrete\/#primaryimage\"},\"thumbnailUrl\":\"https:\/\/desteptati-va.ro\/wp-content\/uploads\/2021\/04\/TraianBasescu3.jpg\",\"datePublished\":\"2021-04-16T07:50:04+00:00\",\"dateModified\":\"2022-01-31T08:40:03+00:00\",\"author\":{\"@id\":\"https:\/\/desteptati-va.ro\/#\/schema\/person\/13182deeebd44920914899f7bb262d6b\"},\"breadcrumb\":{\"@id\":\"https:\/\/desteptati-va.ro\/index.php\/2021\/04\/16\/traian-basescu-legaturi-operative-secrete\/#breadcrumb\"},\"inLanguage\":\"ro-RO\",\"potentialAction\":[{\"@type\":\"ReadAction\",\"target\":[\"https:\/\/desteptati-va.ro\/index.php\/2021\/04\/16\/traian-basescu-legaturi-operative-secrete\/\"]}]},{\"@type\":\"ImageObject\",\"inLanguage\":\"ro-RO\",\"@id\":\"https:\/\/desteptati-va.ro\/index.php\/2021\/04\/16\/traian-basescu-legaturi-operative-secrete\/#primaryimage\",\"url\":\"https:\/\/desteptati-va.ro\/wp-content\/uploads\/2021\/04\/TraianBasescu3.jpg\",\"contentUrl\":\"https:\/\/desteptati-va.ro\/wp-content\/uploads\/2021\/04\/TraianBasescu3.jpg\",\"width\":288,\"height\":175},{\"@type\":\"BreadcrumbList\",\"@id\":\"https:\/\/desteptati-va.ro\/index.php\/2021\/04\/16\/traian-basescu-legaturi-operative-secrete\/#breadcrumb\",\"itemListElement\":[{\"@type\":\"ListItem\",\"position\":1,\"name\":\"Prima pagin\u0103\",\"item\":\"https:\/\/desteptati-va.ro\/\"},{\"@type\":\"ListItem\",\"position\":2,\"name\":\"Traian BASESCU. Legaturi operative secrete.\"}]},{\"@type\":\"WebSite\",\"@id\":\"https:\/\/desteptati-va.ro\/#website\",\"url\":\"https:\/\/desteptati-va.ro\/\",\"name\":\"\",\"description\":\"\",\"potentialAction\":[{\"@type\":\"SearchAction\",\"target\":{\"@type\":\"EntryPoint\",\"urlTemplate\":\"https:\/\/desteptati-va.ro\/?s={search_term_string}\"},\"query-input\":{\"@type\":\"PropertyValueSpecification\",\"valueRequired\":true,\"valueName\":\"search_term_string\"}}],\"inLanguage\":\"ro-RO\"},{\"@type\":\"Person\",\"@id\":\"https:\/\/desteptati-va.ro\/#\/schema\/person\/13182deeebd44920914899f7bb262d6b\",\"name\":\"wolfsoftcompany\",\"image\":{\"@type\":\"ImageObject\",\"inLanguage\":\"ro-RO\",\"@id\":\"https:\/\/desteptati-va.ro\/#\/schema\/person\/image\/\",\"url\":\"https:\/\/secure.gravatar.com\/avatar\/a6cce9b6d101d27d91690e7073e300fed94c0899890bf998e082cb9d2c3d121e?s=96&d=mm&r=g\",\"contentUrl\":\"https:\/\/secure.gravatar.com\/avatar\/a6cce9b6d101d27d91690e7073e300fed94c0899890bf998e082cb9d2c3d121e?s=96&d=mm&r=g\",\"caption\":\"wolfsoftcompany\"},\"sameAs\":[\"http:\/\/desteptati-va.ro\"],\"url\":\"https:\/\/desteptati-va.ro\/index.php\/author\/wolfsoftcompany\/\"}]}<\/script>\r\n<!-- \/ Yoast SEO plugin. -->","yoast_head_json":{"title":"Traian BASESCU. Legaturi operative secrete. -","robots":{"index":"index","follow":"follow","max-snippet":"max-snippet:-1","max-image-preview":"max-image-preview:large","max-video-preview":"max-video-preview:-1"},"canonical":"https:\/\/desteptati-va.ro\/index.php\/2021\/04\/16\/traian-basescu-legaturi-operative-secrete\/","og_locale":"ro_RO","og_type":"article","og_title":"Traian BASESCU. Legaturi operative secrete. -","og_description":"C\u0103l\u0103torind cu treburi prin jude\u0163ele patriei, am avut prilejul s\u0103-i cunosc pe doi dintre ofi\u0163erii structurii speciale de informa\u0163ii careRead More","og_url":"https:\/\/desteptati-va.ro\/index.php\/2021\/04\/16\/traian-basescu-legaturi-operative-secrete\/","article_published_time":"2021-04-16T07:50:04+00:00","article_modified_time":"2022-01-31T08:40:03+00:00","og_image":[{"width":288,"height":175,"url":"https:\/\/desteptati-va.ro\/wp-content\/uploads\/2021\/04\/TraianBasescu3.jpg","type":"image\/jpeg"}],"author":"wolfsoftcompany","twitter_card":"summary_large_image","twitter_misc":{"Scris de":"wolfsoftcompany","Timp estimat pentru citire":"8 minute"},"schema":{"@context":"https:\/\/schema.org","@graph":[{"@type":"Article","@id":"https:\/\/desteptati-va.ro\/index.php\/2021\/04\/16\/traian-basescu-legaturi-operative-secrete\/#article","isPartOf":{"@id":"https:\/\/desteptati-va.ro\/index.php\/2021\/04\/16\/traian-basescu-legaturi-operative-secrete\/"},"author":{"name":"wolfsoftcompany","@id":"https:\/\/desteptati-va.ro\/#\/schema\/person\/13182deeebd44920914899f7bb262d6b"},"headline":"Traian BASESCU. Legaturi operative secrete.","datePublished":"2021-04-16T07:50:04+00:00","dateModified":"2022-01-31T08:40:03+00:00","mainEntityOfPage":{"@id":"https:\/\/desteptati-va.ro\/index.php\/2021\/04\/16\/traian-basescu-legaturi-operative-secrete\/"},"wordCount":1556,"commentCount":0,"image":{"@id":"https:\/\/desteptati-va.ro\/index.php\/2021\/04\/16\/traian-basescu-legaturi-operative-secrete\/#primaryimage"},"thumbnailUrl":"https:\/\/desteptati-va.ro\/wp-content\/uploads\/2021\/04\/TraianBasescu3.jpg","keywords":["Basescu","colborator","Securitate"],"articleSection":["Ticalosul suprem"],"inLanguage":"ro-RO","potentialAction":[{"@type":"CommentAction","name":"Comment","target":["https:\/\/desteptati-va.ro\/index.php\/2021\/04\/16\/traian-basescu-legaturi-operative-secrete\/#respond"]}]},{"@type":"WebPage","@id":"https:\/\/desteptati-va.ro\/index.php\/2021\/04\/16\/traian-basescu-legaturi-operative-secrete\/","url":"https:\/\/desteptati-va.ro\/index.php\/2021\/04\/16\/traian-basescu-legaturi-operative-secrete\/","name":"Traian BASESCU. Legaturi operative secrete. -","isPartOf":{"@id":"https:\/\/desteptati-va.ro\/#website"},"primaryImageOfPage":{"@id":"https:\/\/desteptati-va.ro\/index.php\/2021\/04\/16\/traian-basescu-legaturi-operative-secrete\/#primaryimage"},"image":{"@id":"https:\/\/desteptati-va.ro\/index.php\/2021\/04\/16\/traian-basescu-legaturi-operative-secrete\/#primaryimage"},"thumbnailUrl":"https:\/\/desteptati-va.ro\/wp-content\/uploads\/2021\/04\/TraianBasescu3.jpg","datePublished":"2021-04-16T07:50:04+00:00","dateModified":"2022-01-31T08:40:03+00:00","author":{"@id":"https:\/\/desteptati-va.ro\/#\/schema\/person\/13182deeebd44920914899f7bb262d6b"},"breadcrumb":{"@id":"https:\/\/desteptati-va.ro\/index.php\/2021\/04\/16\/traian-basescu-legaturi-operative-secrete\/#breadcrumb"},"inLanguage":"ro-RO","potentialAction":[{"@type":"ReadAction","target":["https:\/\/desteptati-va.ro\/index.php\/2021\/04\/16\/traian-basescu-legaturi-operative-secrete\/"]}]},{"@type":"ImageObject","inLanguage":"ro-RO","@id":"https:\/\/desteptati-va.ro\/index.php\/2021\/04\/16\/traian-basescu-legaturi-operative-secrete\/#primaryimage","url":"https:\/\/desteptati-va.ro\/wp-content\/uploads\/2021\/04\/TraianBasescu3.jpg","contentUrl":"https:\/\/desteptati-va.ro\/wp-content\/uploads\/2021\/04\/TraianBasescu3.jpg","width":288,"height":175},{"@type":"BreadcrumbList","@id":"https:\/\/desteptati-va.ro\/index.php\/2021\/04\/16\/traian-basescu-legaturi-operative-secrete\/#breadcrumb","itemListElement":[{"@type":"ListItem","position":1,"name":"Prima pagin\u0103","item":"https:\/\/desteptati-va.ro\/"},{"@type":"ListItem","position":2,"name":"Traian BASESCU. Legaturi operative secrete."}]},{"@type":"WebSite","@id":"https:\/\/desteptati-va.ro\/#website","url":"https:\/\/desteptati-va.ro\/","name":"","description":"","potentialAction":[{"@type":"SearchAction","target":{"@type":"EntryPoint","urlTemplate":"https:\/\/desteptati-va.ro\/?s={search_term_string}"},"query-input":{"@type":"PropertyValueSpecification","valueRequired":true,"valueName":"search_term_string"}}],"inLanguage":"ro-RO"},{"@type":"Person","@id":"https:\/\/desteptati-va.ro\/#\/schema\/person\/13182deeebd44920914899f7bb262d6b","name":"wolfsoftcompany","image":{"@type":"ImageObject","inLanguage":"ro-RO","@id":"https:\/\/desteptati-va.ro\/#\/schema\/person\/image\/","url":"https:\/\/secure.gravatar.com\/avatar\/a6cce9b6d101d27d91690e7073e300fed94c0899890bf998e082cb9d2c3d121e?s=96&d=mm&r=g","contentUrl":"https:\/\/secure.gravatar.com\/avatar\/a6cce9b6d101d27d91690e7073e300fed94c0899890bf998e082cb9d2c3d121e?s=96&d=mm&r=g","caption":"wolfsoftcompany"},"sameAs":["http:\/\/desteptati-va.ro"],"url":"https:\/\/desteptati-va.ro\/index.php\/author\/wolfsoftcompany\/"}]}},"_links":{"self":[{"href":"https:\/\/desteptati-va.ro\/index.php\/wp-json\/wp\/v2\/posts\/3697","targetHints":{"allow":["GET"]}}],"collection":[{"href":"https:\/\/desteptati-va.ro\/index.php\/wp-json\/wp\/v2\/posts"}],"about":[{"href":"https:\/\/desteptati-va.ro\/index.php\/wp-json\/wp\/v2\/types\/post"}],"author":[{"embeddable":true,"href":"https:\/\/desteptati-va.ro\/index.php\/wp-json\/wp\/v2\/users\/1"}],"replies":[{"embeddable":true,"href":"https:\/\/desteptati-va.ro\/index.php\/wp-json\/wp\/v2\/comments?post=3697"}],"version-history":[{"count":1,"href":"https:\/\/desteptati-va.ro\/index.php\/wp-json\/wp\/v2\/posts\/3697\/revisions"}],"predecessor-version":[{"id":3699,"href":"https:\/\/desteptati-va.ro\/index.php\/wp-json\/wp\/v2\/posts\/3697\/revisions\/3699"}],"wp:featuredmedia":[{"embeddable":true,"href":"https:\/\/desteptati-va.ro\/index.php\/wp-json\/wp\/v2\/media\/4616"}],"wp:attachment":[{"href":"https:\/\/desteptati-va.ro\/index.php\/wp-json\/wp\/v2\/media?parent=3697"}],"wp:term":[{"taxonomy":"category","embeddable":true,"href":"https:\/\/desteptati-va.ro\/index.php\/wp-json\/wp\/v2\/categories?post=3697"},{"taxonomy":"post_tag","embeddable":true,"href":"https:\/\/desteptati-va.ro\/index.php\/wp-json\/wp\/v2\/tags?post=3697"}],"curies":[{"name":"wp","href":"https:\/\/api.w.org\/{rel}","templated":true}]}}