{"id":3703,"date":"2021-04-16T07:55:45","date_gmt":"2021-04-16T07:55:45","guid":{"rendered":"http:\/\/desteptati.ro\/?p=3703"},"modified":"2022-01-31T10:38:26","modified_gmt":"2022-01-31T08:38:26","slug":"traian-basescu-politica-si-epoleti-partea-a-ii-a","status":"publish","type":"post","link":"https:\/\/desteptati-va.ro\/index.php\/2021\/04\/16\/traian-basescu-politica-si-epoleti-partea-a-ii-a\/","title":{"rendered":"Traian BASESCU. Politic\u0103 \u015fi epole\u0163i \u2013 Partea a II-a"},"content":{"rendered":"<div class=\"post-content\"><div class='booster-block booster-read-block'>\n                <div class=\"twp-read-time\">\n                \t<i class=\"booster-icon twp-clock\"><\/i> <span>Read Time:<\/span>24 Minute, 13 Second                <\/div>\n\n            <\/div><h3 style=\"text-align: justify;\"><strong>\u201eA\u0163i colaborat cu Securitatea?\u201c \u201eCategoric, da!\u201c<\/strong><\/h3>\n<h4 style=\"text-align: justify;\">Subiectul colabor\u0103rii lui Traian B\u0103sescu cu Securitatea i-a provocat acestuia replici care reaminteau, prin ritmul apari\u0163iilor publice, de reac\u0163iile pe care le-a avut atunci c\u00eend fusese incriminat pentru distrugerea flotei comerciale a Rom\u00e2niei.<\/h4>\n<h4 style=\"text-align: justify;\">Era \u00eens\u0103 mult mai nuan\u0163at dec\u00eet \u00een trecut, ferindu-se de afirma\u0163ii categorice, precum cea f\u0103cut\u0103 \u00een martie 2004 \u00een fa\u0163a instan\u0163ei, \u015fi f\u0103c\u00eend apel la distinc\u0163iile operate de Legea 187\/1999 privind deconspirarea Securit\u0103\u0163ii ca <em>poli\u0163ie politic\u0103<\/em>. Sintagma, care i-a folosit (ca multora) de minune \u00een demersurile publice menite s\u0103-l apere de umbrele trecutului, a fost introdus\u0103 \u00een lege, pe parcursul dezbaterilor parlamentare care i-au precedat adoptarea, de fostul senator jurist Corneliu Turianu. La vremea respectiv\u0103, faptul a atras reac\u0163ia ini\u0163iatorului proiectului, Constantin Ticu Dumitrescu, care \u00een final a renun\u0163at la paternitatea asupra legii. Dup\u0103 alegerile din 2004, c\u00eend componen\u0163a conducerii CNSAS s-a schimbat, Corneliu Turianu a fost recompensat, cu sus\u0163inerea lui Traian B\u0103sescu, cu un loc \u00een Colegiul Consiliului, ca reprezentant al Partidului Democrat care a depus eforturi de a-l propulsa chiar \u00een ob\u0163inerea pre\u015fedin\u0163iei acestuia, prin sacrificarea inutil\u0103 a unui valoros membru al colegiului (silit de \u201edisciplina de partid\u201c s\u0103 voteze \u00eempotriva con\u015ftiin\u0163ei sale, Dan Lazea, cel\u0103lalt membru al Colegiului sus\u0163inut de Partidul Democrat, a ales calea demisiei de onoare). Numai reac\u0163ia public\u0103 vehement\u0103 (inclusiv a angaja\u0163ilor CNSAS) l-a f\u0103cut pe pre\u015fedintele B\u0103sescu, pentru prima oar\u0103 huiduit public, s\u0103 revin\u0103 asupra acestor demersuri.<\/h4>\n<h4 style=\"text-align: justify;\"><\/h4>\n<figure id=\"attachment_1997\" aria-describedby=\"caption-attachment-1997\" style=\"width: 440px\" class=\"wp-caption aligncenter\"><a href=\"http:\/\/www.desteptati-va.ro\/wp-content\/uploads\/2011\/05\/Constantin-Ticu-Dumitrescu.jpg\"><img loading=\"lazy\" decoding=\"async\" class=\" wp-image-1997\" title=\"Constantin Ticu Dumitrescu\" src=\"http:\/\/www.desteptati-va.ro\/wp-content\/uploads\/2011\/05\/Constantin-Ticu-Dumitrescu-300x204.jpg\" alt=\"Constantin Ticu Dumitrescu\" width=\"440\" height=\"299\"><\/a><figcaption id=\"caption-attachment-1997\" class=\"wp-caption-text\">Constantin Ticu Dumitrescu<\/figcaption><\/figure>\n<h4 style=\"text-align: justify;\">Dar, s\u0103 revenim la \u201er\u0103zboiul declara\u0163iilor\u201c cu privire la colaborarea sa cu Securitatea, care avea ca fundal procesul de calomnie pe care B\u0103sescu i-l intentase lui Ciuvic\u0103 la \u00eenceputul anului 2004. Traian B\u0103sescu devenise ceva mai prudent. \u00centr-un interviu din 8 octombrie 2004, \u00eentrebat dac\u0103 a avut leg\u0103turi cu Securitatea, el spunea: \u201eCategoric, da. Cine ar spune c\u0103 s-a preg\u0103tit \u00eentr-un institut militar de marin\u0103, pentru a ie\u015fi \u00een str\u0103in\u0103tate, \u015fi spune c\u0103 n-a v\u0103zut serviciul de contrainforma\u0163ii este mincinos [&#8230;]. Eu am f\u0103cut serviciu \u00eentr-un domeniu \u00een care leg\u0103turile cu Securitatea erau pur \u015fi simplu de serviciu\u201c. \u00centrebat, \u00een acela\u015fi interviu, de c\u00eend au \u00eenceput leg\u0103turile sale cu Securitatea \u015fi \u00een ce constau rapoartele pe care le scria, Traian B\u0103sescu a r\u0103spuns: \u201edin momentul \u00een care mi-am f\u0103cut primul dosar pentru avizul de naviga\u0163ie, \u00een Institutul de marin\u0103. C\u00eend urma s\u0103 plec\u0103m \u00een practica de anul doi, ne-a trebuit un aviz de naviga\u0163ie. \u00cen acel moment, m-am prezentat \u00een fa\u0163a organului de contrainforma\u0163ii \u015fi mi-am completat formularul, plus discu\u0163iile, care mergeau p\u00een\u0103 la a se interesa de rela\u0163iile de familie\u201c. \u00cen final, \u00eentrebat dac\u0103 regret\u0103 rela\u0163ia pe care a avut-o cu Securitatea, Traian B\u0103sescu a declarat: \u201eNu. Pentru c\u0103 f\u0103cea parte din meseria mea. Nu aveam cum s\u0103 navighez, \u00een raport cu legile statului din acea vreme, iar ast\u0103zi s\u0103 vin s\u0103 spun: eu, dragi rom\u00e2ni, n-am v\u0103zut ofi\u0163er de Securitate. Ar fi o mare minciun\u0103\u201c. Era tocmai ce spusese, \u00een urm\u0103 cu \u015fase luni, \u00een fa\u0163a instan\u0163ei de judecat\u0103.<\/h4>\n<h4 style=\"text-align: justify;\">B\u0103sescu a fost pus \u00een dificultate pe acest subiect \u015fi \u00een campania electoral\u0103 pentru alegerile preziden\u0163iale. De pild\u0103, cu prilejul dezbaterii electorale dintre candida\u0163ii la pre\u015fedin\u0163ia Rom\u00e2niei, g\u0103zduit\u0103 de cotidianul <em>Adev\u0103rul<\/em> \u00een 18 noiembrie 2004, Petre Roman a amintit ce declarase el \u00eensu\u015fi, Traian B\u0103sescu, \u00een contextul \u00een care \u201ecolegului nostru, Adrian Vil\u0103u, i s-a g\u0103sit angajamentul la Securitate\u201c. Atunci, Traian B\u0103sescu ar fi spus: \u201e\u015fi eu a trebuit, c\u00eend am absolvit \u015ecoala de Ofi\u0163eri, s\u0103 semnez un asemenea angajament, pentru c\u0103 altfel nu a\u015f fi putut s\u0103 fac carier\u0103\u201c. Pentru c\u0103, de fa\u0163\u0103 fiind, Traian B\u0103sescu a negat c\u0103 ar fi spus a\u015fa ceva, Cristian Tudor Popescu, moderatorul dezbaterii, l-a \u00eentrebat pe Petre Roman dac\u0103 poate s\u0103 numeasc\u0103 vreun martor al acelei discu\u0163ii. R\u0103spunsul lui Petre Roman a fost categoric: \u201eSigur. Era de fa\u0163\u0103 toat\u0103 conducerea partidului, \u015fi Duv\u0103z, \u015fi Severin, \u015fi Babiuc, \u015fi oricine vre\u0163i dumneavoastr\u0103\u201c. Controversele pe acest subiect au continuat pe parcursul \u00eentregului an care a urmat succesului \u00een alegeri al lui Traian B\u0103sescu, devenit pre\u015fedinte al Rom\u00e2niei. Faptul c\u0103 instan\u0163a de judecat\u0103 l-a incriminat pe Mugur Ciuvic\u0103 \u00een 14 februarie 2005 pentru calomnie la adresa noului pre\u015fedinte al \u0163\u0103rii i-a servit prea pu\u0163in.<\/h4>\n<h4 style=\"text-align: justify;\"><\/h4>\n<figure id=\"attachment_1998\" aria-describedby=\"caption-attachment-1998\" style=\"width: 300px\" class=\"wp-caption aligncenter\"><a href=\"http:\/\/www.desteptati-va.ro\/wp-content\/uploads\/2011\/05\/cristian-tudor-popescu-2.jpg\"><img loading=\"lazy\" decoding=\"async\" class=\"size-medium wp-image-1998\" title=\"Cristian Tudor Popescu\" src=\"http:\/\/www.desteptati-va.ro\/wp-content\/uploads\/2011\/05\/cristian-tudor-popescu-2-300x250.jpg\" alt=\"Cristian Tudor Popescu\" width=\"300\" height=\"250\"><\/a><figcaption id=\"caption-attachment-1998\" class=\"wp-caption-text\">Cristian Tudor Popescu<\/figcaption><\/figure>\n<h4 style=\"text-align: justify;\"><em>\u00cen 13 decembrie 2005, Traian B\u0103sescu avea din nou de furc\u0103 din cauza colabor\u0103rii cu Securitatea, pentru c\u0103 nu ap\u0103ruser\u0103 nici un fel de documente l\u0103muritoare privind natura acesteia. R\u0103zboiul se purta, \u00een continuare, pe t\u0103r\u00eemul declara\u0163iilor, dar, la data de mai sus, fostul pre\u015fedinte Emil Constantinescu a cerut CNSAS redeschiderea cercet\u0103rilor privitoare la rela\u0163ia lui Traian B\u0103sescu cu fosta Securitate. Audiat \u00een acea zi de c\u0103tre Colegiu, \u201ea \u0163inut un speech impecabil\u201c, dup\u0103 cum s-a exprimat acela\u015fi Mircea Dinescu, care a ad\u0103ugat: \u201evom c\u00eent\u0103ri ni\u015fte lucruri pe care, de exemplu, acum un an nu le \u00een\u0163elegeam prea bine\u201c. El a observat \u015fi c\u0103 i se pare \u201eciudat\u0103\u201c o coinciden\u0163\u0103: \u201ela exact ora c\u00eend domnul Emil Constantinescu era audiat la noi, s-a programat t\u0103ierea panglicii la arhivele de la marginea Bucure\u015ftiului\u201c. \u00centr-adev\u0103r, oferindu-i un nea\u015fteptat gir controversatului Gheorghe Oni\u015foru, pre\u015fedintele de atunci al Colegiului, pre\u015fedintele Traian B\u0103sescu a participat la inaugurarea noului sediu al arhivelor CNSAS de la Pope\u015fti-Leordeni.<\/em><\/h4>\n<h4 style=\"text-align: justify;\"><strong>R\u0103zboiul declara\u0163iilor<\/strong><\/h4>\n<h4 style=\"text-align: justify;\">\u00centrebat de ziari\u015ftii prezen\u0163i la eveniment ce p\u0103rere are despre audierea \u015fi solicitarea lui Emil Constantinescu, acesta a declarat: \u201eSe duce s\u0103 \u00eenc\u0103lzeasc\u0103 aceea\u015fi ciorb\u0103, cu acelea\u015fi documente cu care Mugur Ciuvic\u0103 a pierdut procesul cu mine [&#8230;]. S-a dus s\u0103 le mai prezinte o dat\u0103 la CNSAS. Oni\u015foru poate confirma\u201c. Oni\u015foru a confirmat pe loc, cu slug\u0103rnicie, \u201edeci, subiectul este \u00eenchis\u201c, iar Traian B\u0103sescu a reiterat mai vechile sale afirma\u0163ii, c\u0103ut\u00eend s\u0103 arate c\u0103 o rela\u0163ie a sa cu Securitatea intra \u00een cutuma profesiei: \u201edoar un copil ar spune c\u0103 a navigat \u015fi n-a v\u0103zut ofi\u0163eri de Securitate. Nu avea nimeni control unde ajung rapoartele unui comandant de nav\u0103 sau rapoartele pe care le f\u0103ceam de la Anvers c\u0103tre armator. S\u00eent probleme care, probabil, \u00een sistemul anterior, aveau o trimitere direct\u0103 \u015fi c\u0103tre organele de securitate ale statului\u201c.<\/h4>\n<h4 style=\"text-align: justify;\">Presa continua \u00eens\u0103 s\u0103 comenteze subiectul, consider\u00eendu-se c\u0103 arhivele r\u0103m\u00een z\u0103vor\u00eete atunci c\u00eend vine vorba de vreun dosar pe numele lui Traian B\u0103sescu. Intervenind \u00een aceast\u0103 chestiune, f\u0103r\u0103 s\u0103 fie clar de ce institu\u0163ia servea interesul persoanei, la 11 aprilie 2006, Administra\u0163ia Preziden\u0163ial\u0103 a emis un comunicat, \u00een care se spunea c\u0103 \u201epre\u015fedintele Rom\u00e2niei, Traian B\u0103sescu, cere public SRI, SIE, MApN, Arhivelor Na\u0163ionale, de\u0163in\u0103torilor arhivelor CC al PCR, tuturor institu\u0163iilor care de\u0163in documente privind pretinsele leg\u0103turi cu Securitatea din timpul regimului comunist, s\u0103 le pun\u0103 la dispozi\u0163ia CNSAS, pentru a putea fi evaluate \u015fi elucidate acuza\u0163iile privind o presupus\u0103 colaborare a \u015fefului statului cu Securitatea. Pre\u015fedintele Traian B\u0103sescu afirm\u0103 \u00een mod categoric c\u0103 nu a semnat niciodat\u0103 un angajament cu Securitatea, c\u0103 nu a colaborat niciodat\u0103 cu Securitatea ca poli\u0163ie politic\u0103 \u015fi nu a desf\u0103\u015furat niciodat\u0103 activit\u0103\u0163i \u00een slujba acesteia. Pre\u015fedintele Traian B\u0103sescu considera c\u0103 acuza\u0163iile care i se aduc \u00een acest sens nu au nici un fundament real, fiind f\u0103cute \u00een baza unor aprecieri care nu s\u00eent sus\u0163inute de acte sau documente semnate sau generate de Traian B\u0103sescu\u201c.<\/h4>\n<h4 style=\"text-align: justify;\">\u00cen cursul verii, polemica a continuat. \u00cen plin\u0103 canicul\u0103, pe 15 august 2006, Traian B\u0103sescu insista asupra faptului c\u0103 nu are nimic de ascuns, sus\u0163in\u00eend c\u0103 numai cu o zi \u00een urm\u0103 l-a contactat telefonic pe unul dintre proprietarii ultimei nave comandate, petrolierul \u201eBiruin\u0163a\u201c, pentru a da dispozi\u0163ie comandantului s\u0103 caute \u00een arhiv\u0103 rapoartele pe care le-a f\u0103cut: \u201eSper c\u0103 aceste rapoarte vor fi g\u0103site, pentru c\u0103 toate rapoartele \u00eenaintate companiei aveau o copie care se oprea la bord\u201c. Rapoartele nu au fost g\u0103site \u2013 sau, cel pu\u0163in, presa nu a mai aflat, de atunci \u00eencolo, nimic \u00een leg\u0103tur\u0103 cu ele.<\/h4>\n<h4 style=\"text-align: justify;\">Cu acela\u015fi prilej, B\u0103sescu a mai spus: \u201enu am avut nici un angajament semnat cu Securitatea, nu am avut niciodat\u0103 informa\u0163ii date ofi\u0163erului de Securitate \u00een scris sau note informative despre cineva. Ceea ce eu am f\u0103cut este s\u0103 fac raportul de voiaj pe care \u00eel face orice comandant de nav\u0103 \u015fi s\u0103 \u00eel predau armatorului companiei de naviga\u0163ie. Nu am cerut nim\u0103nui s\u0103 ascund\u0103 vreun dosar referitor la mine\u201c.<\/h4>\n<h4 style=\"text-align: justify;\">\u00cen 2006 se vorbea, tot mai des, despre existen\u0163a unui dosar de colaborare, care ar fi fost distrus \u00een \u00eemprejur\u0103ri \u00eenc\u0103 neclare. \u00cen 22 august 2006, referitor la un asemenea act care s\u0103 ateste o atare procedur\u0103, eventual un proces-verbal de distrugere a dosarului B\u0103sescu, C\u0103t\u0103lin Harnagea declara c\u0103 procedura se consemna \u015fi \u00eentr-un document, \u201edac\u0103 ea s-a produs, ar trebui s\u0103 se g\u0103seasc\u0103 la Serviciul Rom\u00e2n de Informa\u0163ii\u201c, c\u0103ci \u201ear fi fost normal s\u0103 se p\u0103streze. C\u00eend se distrugea, erau foarte preci\u015fi. Trebuia s\u0103 existe o dovad\u0103 c\u0103 a distrus dosarul X, Y sau Z, ca s\u0103 nu fie niciodat\u0103 tras la r\u0103spundere c\u0103 nu l-ar fi distrus. Exista o precizie \u00een inventariere foarte, foarte exact\u0103\u201c. F\u0103r\u0103 \u00eendoial\u0103, afirma\u0163ia fostului \u015fef al Serviciului de Informa\u0163ii Externe avea s\u0103-i pun\u0103 pe jar pe oficialii SRI, care r\u0103spunseser\u0103 cu at\u00eeta siguran\u0163\u0103, at\u00eet CNSAS-ului, c\u00eet \u015fi Judec\u0103toriei Sectorului 2, c\u0103 la ei nu se g\u0103se\u015fte nimic. C\u0103ci, dup\u0103 cum corect sesizase Harnagea, la Securitate, chiar \u015fi nimicul era inventariat. Cum se va vedea, de la declara\u0163ia lui Harnagea \u015fi p\u00een\u0103 la \u201er\u0103zg\u00eendirea\u201c SRI-ului a durat mai pu\u0163in de o lun\u0103.<\/h4>\n<h4 style=\"text-align: justify;\"><strong>Ap\u0103rat de Gu\u015f\u0103 \u015fi M\u0103gureanu<\/strong><\/h4>\n<h4 style=\"text-align: justify;\">P\u00een\u0103 atunci, \u00een stilul s\u0103u caracteristic, al interven\u0163iilor telefonice \u00een direct la dezbateri televizate, pe 31 august 2006, Traian B\u0103sescu declara la emisiunea \u201eOamenii Realit\u0103\u0163ii\u201c, difuzat\u0103 de Realitatea TV, c\u0103 nu a fost informator sau colaborator al Securit\u0103\u0163ii, c\u0103 nu a comis acte de poli\u0163ie politic\u0103 \u00een timpul regimului comunist \u015fi c\u0103 toate rapoartele scrise \u00een perioadele c\u00eet a fost c\u0103pitan de vas \u015fi reprezentant la Anvers au fost exclusiv de natur\u0103 profesional\u0103: \u201e\u00een calitatea de comandant de nav\u0103, de secund al navelor petroliere pe care am f\u0103cut serviciu, am f\u0103cut zeci, sute, probabil mii de rapoarte. Erau rapoartele pe care le fac \u015fi un comandant rom\u00e2n, \u015fi unul suedez, \u015fi unul britanic [&#8230;]. Prin natura func\u0163iilor pe care le-am \u00eendeplinit \u00een timpul comunismului, dac\u0103 a\u015f spune c\u0103 n-am v\u0103zut ofi\u0163er de Securitate, a\u015f fi cel pu\u0163in caraghios. Mi-am f\u0103cut serviciul, mi-am depus rapoartele la compania de naviga\u0163ie la sosire. \u015ei tot timpul am sus\u0163inut c\u0103 am avut impresia, datorit\u0103 tipului de nave pe care am lucrat, c\u0103 acestea au fost sub aten\u0163ia organelor de Securitate, a uneia din direc\u0163iile economice, ceva de genul acesta [&#8230;]. Nu ve\u0163i g\u0103si rapoarte adresate Securit\u0103\u0163ii de c\u0103pitanul de curs\u0103 lung\u0103 Traian B\u0103sescu, de studentul B\u0103sescu, de ofi\u0163erul B\u0103sescu\u201c.<\/h4>\n<h4 style=\"text-align: justify;\">La sf\u00eer\u015fitul verii, lui Traian B\u0103sescu i-au s\u0103rit public \u00een ap\u0103rare Cosmin Gu\u015f\u0103 \u015fi Virgil M\u0103gureanu. Primul, cu un rol important \u00een campania electoral\u0103 pentru alegerea lui B\u0103sescu ca pre\u015fedinte, se distan\u0163ase de acesta, \u00eentre cei doi rela\u0163iile fiind, public, tensionate. Dar Gu\u015f\u0103 a relatat, chiar \u015fi \u00een asemenea \u00eemprejur\u0103ri, o discu\u0163ie privat\u0103 pe care a avut-o cu \u015feful statului \u00eenainte de 2004. Traian B\u0103sescu \u015fi-ar fi dat cuv\u00eentul de onoare fa\u0163\u0103 de el c\u0103 nu a colaborat cu Securitatea. \u201eMi-a spus: am fost ofi\u0163er, am avut treab\u0103 cu nava, am fost la Anvers, sigur c\u0103 am avut o anumit\u0103 treab\u0103 cu Securitatea, dar nu am fost informator\u201c, sus\u0163inea Cosmin Gu\u015f\u0103.<\/h4>\n<h4 style=\"text-align: justify;\">Virgil M\u0103gureanu, fostul \u015fef al Serviciului Rom\u00e2n de Informa\u0163ii, a declarat la r\u00eendul s\u0103u \u00eentr-un interviu c\u0103 at\u00eet notele pe care B\u0103sescu le \u00eentocmise la Anvers, c\u00eet cele \u00een calitate de inspector-\u015fef al naviga\u0163iei civile erau \u201e\u00een mod sigur, pe fi\u015fa postului, erau obligatorii [&#8230;], era o func\u0163ie proeminent\u0103 \u015fi a face inform\u0103ri, sinteze sau \u015ftiu eu cum s-o mai fi numind [&#8230;], note de serviciu c\u0103tre respectiva Securitate&#8230; era o chestiune care revenea \u00een mod normal, obi\u015fnuit\u201c (Ziua, 2 septembrie 2006). \u015ei, cum e firesc, noi trebuie s\u0103 \u00een\u0163elegem, din spusele domnului M\u0103gureanu, c\u0103 acestea nu pot fi asociate unei \u201ecolabor\u0103ri\u201c cu Securitatea, \u00een sensul incriminant \u015fi dezonorant al termenului.<\/h4>\n<h4 style=\"text-align: justify;\"><strong> Cu nervii \u00eentin\u015fi<\/strong><\/h4>\n<h4 style=\"text-align: justify;\">Apogeul asaltului umbrelor trecutului asupra lui Traian B\u0103sescu s-a petrecut \u00een toamna anului 2006, c\u00eend CNSAS preg\u0103tea verdictul \u00een leg\u0103tur\u0103 cu el, \u00een urma reverific\u0103rilor \u2013 solicitate public \u015fi obligatorii prin lege \u2013 pentru pre\u015fedintele Rom\u00e2niei. Traian B\u0103sescu p\u0103rea c\u0103 nu mai are lini\u015fte. \u015ei a \u00eenceput s\u0103-\u015fi contrazic\u0103 propriile declara\u0163ii din trecut. Dup\u0103 obiceiul s\u0103u, \u00een 5 septembrie 2006, pre\u015fedintele a intervenit telefonic \u00een emisiunea \u201eSinteza zilei\u201c, de pe Antena 3, care avea ca subiect leg\u0103turile sale cu fosta Securitate. De ast\u0103 dat\u0103, interven\u0163ia sa, una antologic\u0103, a monopolizat practic emisiunea pe durata a jum\u0103tate de or\u0103. \u201ePot s\u0103 v\u0103 garantez c\u0103 eu nu \u015ftiu c\u0103 am un dosar la Securitate. Pot s\u0103 v\u0103 garantez \u2013 \u015fi g\u00eendi\u0163i-v\u0103 c\u0103, la v\u00eenzoleala care e \u00een servicii acum, s-ar afla \u2013 c\u0103 nu am dat nici o dispozi\u0163ie s\u0103 fie distrus vreun dosar al meu. Eu habar n-am dac\u0103 a fost un dosar, dac\u0103 a fost distrus c\u00eendva, \u00een \u201979, \u015fsau\u0163 \u00een \u201989\u201c.<\/h4>\n<h4 style=\"text-align: justify;\">Traian B\u0103sescu a mai declarat c\u0103, \u015ftiind c\u0103 dosarele s\u00eent microfilmate, nu ar da astfel de asigur\u0103ri dac\u0103 nu ar fi adev\u0103rate \u015fi c\u0103, a\u015fa cum nu a fost colaborator, nu poate avea nici dosar de urm\u0103rit de Securitate, pentru c\u0103 \u201epe un comandant de nav\u0103 nu-l puteai urm\u0103ri pe mare\u201c.<\/h4>\n<h4 style=\"text-align: justify;\">Cu toate c\u0103 pretindea c\u0103 a\u015fa stau lucrurile \u00een trecutul s\u0103u, B\u0103sescu m\u0103rturisea c\u0103 i-a \u00eentrebat personal pe \u015fefii serviciilor de informa\u0163ii dac\u0103 exista vreun dosar al s\u0103u, iar ace\u015ftia l-au asigurat c\u0103 nu, mai pu\u0163in Direc\u0163ia de Informa\u0163ii a Armatei, care a fost \u00eentrebat\u0103 doar dac\u0103 a cerut la CNSAS date despre B\u0103sescu, iar r\u0103spunsul a fost \u201eNu\u201c. Sus\u0163inerile sale de la Antena 3 contraziceau flagrant ce spusese Traian B\u0103sescu \u00een anul 1998, c\u00eend afirma, aproape cu m\u00eendrie, c\u0103 dosarul lui de la Securitate nu poate ap\u0103rea \u00eentr-un ziar, deoarece, lucr\u00eend 12 ani \u00een str\u0103in\u0103tate, ar trebui \u201eadus cu camionul\u201c. Cu aceea\u015fi ocazie a lungii sale interven\u0163ii \u00een direct la Antena 3, a mai recunoscut c\u0103 avizele de naviga\u0163ie erau date de Securitate \u015fi c\u0103 el \u00eensu\u015fi a avut o perioad\u0103 de \u015fase luni f\u0103r\u0103 acest aviz.<\/h4>\n<h4 style=\"text-align: justify;\">Traian B\u0103sescu s-a contrazis de mai multe ori pe parcursul interven\u0163iei sale de o jum\u0103tate de or\u0103. Ini\u0163ial, declara c\u0103 \u201enu am f\u0103cut niciodat\u0103 vreo informare despre vreun coleg\u201c, dar, \u00eentrebat de rapoartele pe care le d\u0103dea \u00een calitate de comandant pe nav\u0103, a recunoscut c\u0103 a dat \u201earmatorului\u201c \u015fNAVROM \u2013 n.n.\u0163 inform\u0103ri despre marinari care consumau alcool sau despre marinari care au r\u0103mas \u00een str\u0103in\u0103tate, declar\u00eendu-i \u201edezerta\u0163i de la bord\u201c. Despre marinarii care se \u00eemb\u0103tau, Traian B\u0103sescu a declarat c\u0103 le t\u0103ia din salariu \u015fi \u00eei trimitea acas\u0103. \u00centrebat dac\u0103 trebuia s\u0103 explice acest lucru \u00een \u201erapoartele de c\u0103l\u0103torie\u201c, B\u0103sescu a declarat: \u201eCum s\u0103 nu scriu, dac\u0103 i-am trimis acas\u0103?\u201c. Referitor la cei care fugeau de pe nav\u0103 \u015fi r\u0103m\u00eeneau \u00een str\u0103in\u0103tate, B\u0103sescu a declarat: \u201epur \u015fi simplu informai armatorul c\u0103 \u0163i-au dezerat doi oameni din echipaj, \u015fi cu asta, basta, ce s\u0103-i faci?\u201c. Afirma\u0163ia contrazicea, din nou, o alt\u0103 declara\u0163ie anterioar\u0103, din 8 octombrie 2004, \u00een care, \u00eentrebat fiind dac\u0103 a \u201eturnat\u201c pe cineva, a r\u0103spuns categoric: \u201eExclus. \u015ei v\u0103 asigur c\u0103, dac\u0103 exista un astfel de document, era \u00een pres\u0103 demult. Este exclus. N-am f\u0103cut a\u015fa ceva\u201c.<\/h4>\n<h4 style=\"text-align: justify;\">Dincolo de toate aceste declara\u0163ii, contradictorii sau confuze, un fapt e cert (\u00een ceea ce-l prive\u015fte, rareori Traian B\u0103sescu a declarat de dou\u0103 ori acela\u015fi lucru \u00een leg\u0103tur\u0103 cu acest subiect al rela\u0163iilor sale cu Securitatea): c\u0103 a colaborat. Excep\u0163ie face numai insisten\u0163a cu care a sus\u0163inut c\u0103 aceste rela\u0163ii au fost fire\u015fti \u015fi normale, \u00een lumea \u00een care el a tr\u0103it. Dar lumea sa de atunci, a unui c\u0103pitan de vas, \u015fef de reprezentan\u0163\u0103 comercial\u0103 \u00een Occident \u015fi milionar al Epocii de aur, r\u0103m\u00eene \u00eenc\u0103, \u00een multe zone ale ei, \u00eenv\u0103luit\u0103 \u00een t\u0103cere \u015fi umbr\u0103.<\/h4>\n<h4 style=\"text-align: justify;\"><em>\u201eProblema cu dosarul meu este c\u0103 nu e\u201c, afirma Traian B\u0103sescu \u2013 la 1 septembrie 2006, la cursurile \u015ecolii de Var\u0103 a PD, \u0163inute la Costine\u015fti \u2013 \u00een leg\u0103tur\u0103 cu lipsa unei dovezi materiale asupra vreunei colabor\u0103ri (\u00een sensul incriminant, infamant) cu Securitatea, chiar dac\u0103 numele \u00eei ap\u0103rea prin diferire registre care \u0163ineau eviden\u0163a \u201ere\u0163elei informative\u201c. A spus-o \u00eentr-un discurs \u0163inut la Costine\u015fti, pe malul m\u0103rii, \u00een fa\u0163a unor tineri care aveau v\u00eersta lui, din vremea \u00een care era la Institutul de Marin\u0103 \u015fi c\u00eend unul dintre registrele men\u0163ionate, cel care s-a g\u0103sit \u00een arhivele Ministerului Ap\u0103r\u0103rii Na\u0163ionale, \u00eel indica drept unul dintre \u201ecolaboratorii\u201c serviciului de contrainforma\u0163ii militare (fosta Direc\u0163ie a IV-a a Securit\u0103\u0163ii). <\/em><\/h4>\n<h4 style=\"text-align: justify;\"><strong>B\u0103sescu neag\u0103,&nbsp; din nou, un angajament cu Securitatea<\/strong><\/h4>\n<h4 style=\"text-align: justify;\">S\u0103 revenim la Costine\u015fti, \u00een toamna anului 2006. Atunci a mai spus: \u201ev\u0103 m\u0103rturisesc ceea ce am spus public de c\u00eeteva ori: nu am avut niciodat\u0103 un angajament c\u0103tre Securitate, nu am scris niciodat\u0103 un r\u00eend despre nimeni. Am muncit \u00eentr-un segment care nu te \u0163inea \u00een afara rela\u0163iei cu Securitatea\u201c.<\/h4>\n<h4 style=\"text-align: justify;\">O rela\u0163ie \u00eentruc\u00eetva obligatorie, spune Traian B\u0103sescu, prin natura serviciului: \u201efie c\u0103 am lucrat la NAVROM, deci un om care pleca afar\u0103, serviciul meu era \u00een afara frontierelor, fie c\u0103 \u00een Institut se preg\u0103tea acel aviz de Securitate ca s\u0103 po\u0163i s\u0103 pleci \u00een str\u0103in\u0103tate, fie c\u0103 am fost reprezentant al Companiei NAVROM la Anvers, \u00een mod cert am fost un om care a fost la contactul cu aceste structuri, a\u015fa cum au fost oricare dintre colegii mei, a\u015fa cum a fost oricare dintre oamenii care au avut o astfel de meserie. Nu vreau s\u0103 spun c\u0103 a\u015fa au fost to\u0163i rom\u00e2nii, pentru c\u0103 nu to\u0163i au avut aceast\u0103 meserie\u201c. Practic, \u00een tot acest expozeu, Traian B\u0103sescu nu neag\u0103 existen\u0163a unui contact cu \u201eceistul\u201c Institutului de Marin\u0103, dar l-a pus pe seama ob\u0163inerii avizelor necesare ie\u015firii din apele teritoriale ale Rom\u00e2niei, \u00een primele sale c\u0103l\u0103torii pe mare.<\/h4>\n<h4 style=\"text-align: justify;\">Era firesc s\u0103 se \u00eent\u00eemple a\u015fa \u015fi, \u00eentr-adev\u0103r, se \u00eenscria \u00een practica timpului \u015fi a regimului. Securitatea interoga cu aten\u0163ie orice persoan\u0103 care urma s\u0103 ias\u0103 peste grani\u0163\u0103, \u00een cadrul \u00eendatoririlor de serviciu, \u00een leg\u0103tur\u0103 cu orice i s-ar fi p\u0103rut suspect: de la rude \u00een str\u0103in\u0103tate p\u00een\u0103 la posibile condamn\u0103ri politice ale unor membri de familie. \u00cen ceea ce prive\u015fte familia B\u0103sescu, fire\u015fte c\u0103 nu era cazul, ceea ce nu exclude existen\u0163a unor asemenea verific\u0103ri. La fel de adev\u0103rat este c\u0103 prin verific\u0103ri au trecut \u015fi to\u0163i colegii s\u0103i de la Marin\u0103. Dar ele nu au atras, ca \u00een cazul lui, consemnarea celor verifica\u0163i drept colaboratori ai Securit\u0103\u0163ii, \u00een registrul re\u0163elei informative din cadrul Institutului.<\/h4>\n<h4 style=\"text-align: justify;\">Totu\u015fi, nici vorb\u0103 de a turna pe cineva, sus\u0163ine Traian B\u0103sescu. \u201eDe aici p\u00een\u0103 la a vorbi de un dosar de informator, de colaborator, de turn\u0103tor, de orice altceva, este cale lung\u0103 \u015fi eu, pentru c\u0103 nu g\u0103sesc acea foaie scris\u0103 de mine, o foaie despre un coleg, prin care am f\u0103cut ceva r\u0103u, cer oricui g\u0103se\u015fte o astfel de foaie s-o fac\u0103 public\u0103\u201c. Solicitarea este una retoric\u0103 \u015fi \u00ee\u015fi afl\u0103 r\u0103spunsul \u00een fraza urm\u0103toare: \u201en-a g\u0103sit nimeni acea foaie scris\u0103 de mine, pe care s\u0103 mi-o arate\u201c, continua Traian B\u0103sescu expozeul \u00een fa\u0163a tinerilor din Partidul Democrat, care \u00eei sorbeau de-a dreptul cuvintele.<\/h4>\n<h4 style=\"text-align: justify;\"><strong>\u201eSecuritatea e mai credibil\u0103 dec\u00eet Biblia\u201c<\/strong><\/h4>\n<h4 style=\"text-align: justify;\">F\u0103c\u00eend o mic\u0103 parantez\u0103, trebuie s\u0103 preciz\u0103m c\u0103 este, bine\u00een\u0163eles, posibil ca o asemenea not\u0103 informativ\u0103 s\u0103 nu existe, ceea ce Traian B\u0103sescu trebuie c\u0103 \u015ftie; era \u00een practica Securit\u0103\u0163ii, \u00een vederea protej\u0103rii unei \u201esurse\u201c, mai ales \u00een cercuri \u00eenchise, limitate rela\u0163ional, unde scrisul unei persoane \u00eei putea deconspira colaborarea, ca aceasta s\u0103 nu ofere \u00een mod obligatori note scrise, ci numai informa\u0163ii verbale, consemnate \u00een scris de ofi\u0163erul de Securitate.<\/h4>\n<h4 style=\"text-align: justify;\">De altfel, \u00een discursul lui, Traian B\u0103sescu arunc\u0103 posibilitatea producerii unor \u201ea\u015fa-zise\u201c probe cu privire la colaborarea sa cu Securitatea numai \u00een sarcina fo\u015ftilor ei ofi\u0163eri, considera\u0163i aprioric drept inamici (cu toate c\u0103, dup\u0103 cum \u015ftim, de-a lungul timpului a avut \u2013 \u015fi are \u2013 prieteni printre ei). Iat\u0103 cum \u00ee\u015fi continua discursul de la Costine\u015fti: \u201eapropo de asta, ne mai afl\u0103m \u00een fa\u0163a unui pericol, dac\u0103 a\u0163i observat. Vin foarte mul\u0163i oameni (\u015fi repet, nu vreau s\u0103 influen\u0163ez ceva, ci doar \u00eemi exprim o p\u0103rere), vin foarte mul\u0163i pe la televizor, se prezint\u0103 cu h\u00eertii scrise sau sus\u0163in c\u0103 s\u00eent scrise de ofi\u0163eri de Securitate \u015fi, \u00eenainte de a vedea dac\u0103 exist\u0103 \u015fi vreo h\u00eertie scris\u0103 de cel pe care \u00eel incriminezi, pur \u015fi simplu \u00eel pui la zid. Eu cred c\u0103 asta e cea mai mare r\u0103zbunare a Securit\u0103\u0163ii. A devenit mai credibil\u0103 dec\u00eet Biblia [&#8230;]. Acest proces nu trebuie sc\u0103pat de sub control. Oameni publici, oameni politici, oameni neimplica\u0163i trebuie s\u0103 aib\u0103 \u00een\u0163elepciunea s\u0103 vad\u0103 exact ce a f\u0103cut omul despre care vorbim \u015fi nu neap\u0103rat ce a scris un ofi\u0163er de Securitate despre el. Eu nu spun c\u0103 nu s-au scris foarte multe lucruri adev\u0103rate, dar \u00een acela\u015fi timp nu putem s\u0103 judec\u0103m, dup\u0103 nici o regul\u0103 a democra\u0163iei (<em>sic!<\/em>), pe o persoan\u0103 X \u00een baza a ceea ce a scris o persoan\u0103 Y\u201c.<\/h4>\n<h4 style=\"text-align: justify;\">O precau\u0163ie necesar\u0103, \u00een fa\u0163a unor posibile viitoare dezv\u0103luiri, at\u00eeta vreme c\u00eet nu s-a produs nici o dovad\u0103 cert\u0103, \u00een afar\u0103 de cea a faptului c\u0103 a existat un dosar personal 3990 \u015fi c\u0103 a fost c\u00eendva distrus. Nici o precau\u0163ie nu stric\u0103, at\u00eeta vreme c\u00eet s-ar mai putea g\u0103si urme ale lui \u00een rapoartele ofi\u0163erilor Securit\u0103\u0163ii, condi\u0163ie \u00een care ace\u015ftia trebuie din timp decredibiliza\u0163i \u2013 de parc\u0103, atunci c\u00eend \u00ee\u015fi scriau rapoartele, ofi\u0163erii \u015fi-ar fi putut \u00eenchipui c\u0103 o s\u0103 se pr\u0103bu\u015feasc\u0103 regimul sau c\u0103 unul sau altul dintre informatorii \u015fi colaboratorii lor vor ajunge, peste ani, importan\u0163i oameni de stat. Traian B\u0103sescu nu s-a referit \u00een mod concret la acest dosar al s\u0103u de colaborator, despre care spune doar c\u0103 \u201enu-i\u201c, ci la faptul c\u0103 nu a semnat un angajament cu Securitatea \u015fi c\u0103 nu a furnizat <em>note scrise<\/em> (<em>s.n.<\/em>) despre colegii s\u0103i de la Institutul de Marin\u0103. \u00cen fa\u0163a tinerilor din Partidul Democrat, c\u0103rora le vorbea la Costine\u015fti la cursurile \u015ecolii de Var\u0103 a organiza\u0163iei de tineret a partidului, a sim\u0163it \u00eenc\u0103 o dat\u0103, la final, nevoia s\u0103-\u015fi \u00eent\u0103reasc\u0103 spusele: \u201edeci v\u0103 asigur nu exist\u0103 un angajament de securitate semnat de mine \u015fi nu exist\u0103 nici o informare despre vreun om\u201c (dup\u0103 Amosnews, 1 septembrie 2006).<\/h4>\n<h4 style=\"text-align: justify;\"><strong>Noi dovezi<\/strong><\/h4>\n<h4 style=\"text-align: justify;\">Asemenea preciz\u0103ri ap\u0103sate erau necesare \u015fi, de fapt, Traian B\u0103sescu r\u0103spundea unor atacuri lansate pe 25 august, \u00eentr-o conferin\u0163\u0103 de pres\u0103 a Partidului Rom\u00e2nia Mare. Vadim Tudor, anun\u0163\u00eend cu satisfac\u0163ie c\u0103 are probele privind colaborarea pre\u015fedintelui cu Securitatea, ceea ce reprezint\u0103 (tocmai pentru PRM!) un motiv serios pentru suspendarea sa, i-a dat cuv\u00eentul unui anume Dobre Boro\u015f, absolvent al Institutului de Marin\u0103 \u201eMircea cel B\u0103tr\u00een\u201c cu un an \u00eenaintea lui Traian B\u0103sescu. Boro\u015f a ajuns dup\u0103 1989 director-adjunct al Serviciului de Protec\u0163ie \u015fi Paz\u0103, \u00een perioada 1993-1996. El a afirmat, sus\u0163in\u00eend c\u0103 este \u00een deplin\u0103 cuno\u015ftin\u0163\u0103 de cauz\u0103, c\u0103 \u015feful Statului era unul dintre turn\u0103torii de la Institutul de Marin\u0103. Boro\u015f declara c\u0103 l-a v\u0103zut pe B\u0103sescu \u201ecum scria note informative, c\u00eend era \u00een anii doi-trei la Institut\u201c. El a precizat c\u0103, \u00een general, cei turna\u0163i la Securitate de diverse persoane aveau probleme dintre cele mai grave, merg\u00eendu-se p\u00een\u0103 la excluderea lor de la Institut. \u201eD\u00eensul mizeaz\u0103 c\u0103 au disp\u0103rut aceste dosare. \u00cens\u0103 s\u00eent urme ale lor. Se pot g\u0103si sinteze pe care Direc\u0163ia Constan\u0163a le trimitea c\u0103tre \u015feful Direc\u0163iei de contraspionaj la armat\u0103.\u201c Traian B\u0103sescu a r\u0103spuns indirect la aceste acuza\u0163ii, care deschideau inclusiv calea unor noi posibile \u201edezv\u0103luiri\u201c la 1 septembrie 2006, c\u00eend s-a adresat tinerilor din Partidul Democrat.<\/h4>\n<h4 style=\"text-align: justify;\"><\/h4>\n<figure id=\"attachment_2005\" aria-describedby=\"caption-attachment-2005\" style=\"width: 494px\" class=\"wp-caption aligncenter\"><a href=\"http:\/\/www.desteptati-va.ro\/wp-content\/uploads\/2011\/05\/adresemapn.jpg\"><img loading=\"lazy\" decoding=\"async\" class=\" wp-image-2005\" title=\"Document MApN\" src=\"http:\/\/www.desteptati-va.ro\/wp-content\/uploads\/2011\/05\/adresemapn-206x300.jpg\" alt=\"Document MApN\" width=\"494\" height=\"716\"><\/a><figcaption id=\"caption-attachment-2005\" class=\"wp-caption-text\">Document MApN<\/figcaption><\/figure>\n<h4 style=\"text-align: justify;\">Doar c\u00eeteva zile mai t\u00eerziu, dup\u0103 \u00eent\u00eelnirea sa cu tinerii la Costine\u015fti, Traian B\u0103sescu intervenea, prin telefon, pe 5 septembrie, la emisiunea \u201e\u015etirea zilei\u201c, cu lunga declara\u0163ie din care am citat \u00een episodul anterior. Devenise iminent\u0103 o pronun\u0163are a CNSAS-ului \u00een cazul B\u0103sescu. \u00cen emisiune, f\u0103r\u0103 s\u0103 i se vad\u0103 chipul, vocea sa p\u0103rea mai nesigur\u0103 ca de obicei. Iar cuvintele, amestec\u00eend furia cu lamenta\u0163ia, sunau ca ale unui om care se treze\u015fte singur, f\u0103r\u0103 nimeni al\u0103turi, \u00een vreme ce i se preg\u0103te\u015fte pieirea: \u201ePe mine m\u0103 contest\u0103 foarte mul\u0163i, \u00een primul r\u00eend cei deranja\u0163i de ce se \u00eent\u00eempl\u0103 \u00een momentul de fa\u0163\u0103. C\u0103 s\u00eent din zona politic\u0103, c\u0103 s\u00eent din zona fostei Securit\u0103\u0163i, c\u0103 s\u00eent din zona unor interese economice&#8230; Deci, nu a\u015f spune c\u0103 am foarte mul\u0163i prieteni, cum nu am nici \u00een pres\u0103. Nici nu i-am pupat vreodat\u0103 pe frunte pe ziari\u015fti, nici nu am f\u0103cut gesturi pe care le-au f\u0103cut al\u0163ii \u00eenaintea mea. Pur \u015fi simplu \u00eencerc s\u0103 am o neutralitate fa\u0163\u0103 de pres\u0103. Nu o influen\u0163ez, nu \u00eencerc, nu m\u0103 zbat, cum v-a\u0163i fi a\u015fteptat&#8230;\u201c.<\/h4>\n<h4 style=\"text-align: justify;\">Temerile sale se puteau \u00eentemeia pe o eventual\u0103 avertizare, venit\u0103 din partea conducerii Serviciului Rom\u00e2n de Informa\u0163ii (dup\u0103 cum am v\u0103zut, \u00eei ceruse el \u00eensu\u015fi directorilor Serviciilor de Informa\u0163ii s\u0103 i se comunice dac\u0103 \u00een arhivele pe care le de\u0163in ar exista vreun dosar sau documente care \u00eel privesc). Foarte probabil, determina\u0163i de riscurile la care erau supu\u015fi, mai ales dup\u0103 declara\u0163ia-avertisment f\u0103cut\u0103 la postul de ra-dio BBC, \u00een 22 august, de C\u0103t\u0103lin Harnagea, fostul director al SIE, cu privire la imposibilitatea ca la Serviciul Rom\u00e2n de Informa\u0163ii s\u0103 nu se g\u0103seasc\u0103, \u00een arhiva fostei Securit\u0103\u0163i, m\u0103car un proces-verbal de distrugere a dosarului de colaborator al lui Traian B\u0103sescu, institu\u0163ia \u015fi-a modificat pozi\u0163ia ini\u0163ial\u0103. F\u0103r\u0103 ca s\u0103 li se cear\u0103 \u00een mod public noi preciz\u0103ri fa\u0163\u0103 de ceea ce afirmaser\u0103 anterior, \u015fi anume c\u0103 la ei nu e nimic care s\u0103-l priveasc\u0103, pe pre\u015fedinte, dup\u0103 ce negaser\u0103, prin adresele oficiale pe care le-am citat anterior, trimise c\u0103tre CNSAS \u015fi instan\u0163a de judecat\u0103 (Judec\u0103toria Sectorului 2), c\u0103 ar avea vreun document referitor la Traian B\u0103sescu, cei de la SRI s-au r\u0103zg\u00eendit.<\/h4>\n<h4 style=\"text-align: justify;\">Printr-o adres\u0103 din 19 septembrie 2006, institu\u0163ia revenea asupra propriilor afirma\u0163ii \u015fi transmitea c\u0103tre CNSAS urm\u0103toarele documente: <em>Registrul inventar-arhiv\u0103 al fondului re\u0163ea<\/em> p\u0103strat la Constan\u0163a (care cuprinde, \u00eendeob\u015fte, opisul informatorilor racola\u0163i de Securitate \u2013 <em>n.n.<\/em>), volumul 5, coperta \u015fi fila 118, \u00een care apare men\u0163ionat la pozi\u0163ia 17592 numele B\u0102SESCU TRAIAN, cu datele sale de identitate, cu num\u0103rul de \u00eenregistrare a dosarului personal 3990 \u015fi cu urm\u0103toarea men\u0163iune: \u201eDosar personal distrus cu procesul-verbal de distrugere nr. 0058212, \u00eencheiat \u00een data de 15 august 1979 de Inspectoratul Jude\u0163ean \u015fde Securitate\u0163 Constan\u0163a\u201c. Documentele de mai sus au fost transmise c\u0103tre CNSAS \u00een copii autentificate de SRI, prin adresa nr. S\/113959\/19 septembrie 2006, men\u0163ionat\u0103 \u00een Decizia Colegiului CNSAS nr. 310\/26.09.2006.<\/h4>\n<h4 style=\"text-align: justify;\"><strong>Salvat de Turianu, reprezentantul pre\u015fedin\u0163iei \u00een CNSAS<\/strong><\/h4>\n<h4 style=\"text-align: justify;\">\u00cen final, temerile lui Traian B\u0103sescu s-au ar\u0103tat a fi ne\u00eentemeiate. Cu pruden\u0163\u0103, Consiliul Na\u0163ional pentru Studierea Arhivelor Securit\u0103\u0163ii d\u0103dea verdictul \u00een \u201ecazul B\u0103sescu\u201c peste numai \u015fapte zile de la primirea noilor informa\u0163ii de la SRI. Prin Decizia Colegiului CNSAS cu num\u0103rul 310 din 26 septembrie 2006, pre\u015fedintele B\u0103sescu era exonerat de b\u0103nuiala c\u0103 ar fi colaborat cu Securitatea \u201eca poli\u0163ie politic\u0103\u201c, a\u015fa cum spunea legea, \u00een baza documentelor care se aflau \u00een posesia Colegiului CNSAS, p\u00een\u0103 la acea dat\u0103.<\/h4>\n<h4 style=\"text-align: justify;\">Aceast\u0103 nou\u0103 \u201evictorie \u00e0 la Pyrrus\u201c \u00eenregistrat\u0103 de Traian B\u0103sescu, dup\u0103 cea din care f\u0103cuse o \u201echestiune de onoare\u201c, \u00een cazul scandalului de la Anvers cu nava \u201eZimnicea\u201c \u015fi a anchetei ce i-a urmat, nu a fost s\u0103rb\u0103torit\u0103 cu \u015fampanie. D\u00eend dovad\u0103 de \u00een\u0163elepciune, Traian B\u0103sescu nu a f\u0103cut prea mare caz de \u201ecertificatul\u201c ob\u0163inut de la CNSAS, cum nu a f\u0103cut nici \u00een leg\u0103tur\u0103 cu victoria ob\u0163inut\u0103, cu ajutorul justi\u0163iei, \u00eempotriva lui Mugur Ciuvic\u0103. \u00cen fond, l-a salvat \u201esintagma Turianu\u201c, \u015fi anume \u00eemp\u0103r\u0163irea Securit\u0103\u0163ii \u00een dou\u0103, dintre care numai o parte ar fi de condamnat \u2013 Securitatea \u201eca poli\u0163ie politic\u0103\u201c. \u00cen rest, toat\u0103 aceast\u0103 b\u0103t\u0103lie cu umbrele trecutului a avut darul s\u0103-l uzeze moral \u015fi s\u0103 nasc\u0103 semne de \u00eentrebare printre sus\u0163in\u0103torii s\u0103i, printre care o vreme s-a num\u0103rat \u015fi autorul acestor r\u00eenduri.<\/h4>\n<h4 style=\"text-align: justify;\"><em>La cap\u0103tul at\u00eetor dezv\u0103luiri, al apari\u0163iei numelui lui Traian B\u0103sescu \u00een dou\u0103 registre care cuprind colaboratori \u015fi \u201esurse\u201c membri de partid folosi\u0163i ca informatori de c\u0103tre Securitate, dup\u0103 publicarea documentelor care probeaz\u0103 existen\u0163a unui dosar de colaborator al contrainforma\u0163iilor militare \u00een vremea \u00een care el \u00eenv\u0103\u0163a la Institutul de Marin\u0103, distrus la un moment dat, la finalul numeroaselor declara\u0163ii asupra c\u0103rora fie a revenit cu noi preciz\u0103ri, fie le-a contrazis, pur \u015fi simplu, r\u0103m\u00eene o singur\u0103 certitudine, ca un gust amar: Traian B\u0103sescu a colaborat cu Securitatea. R\u0103m\u00eene \u00eenc\u0103 \u00eenv\u0103luit\u0103 \u00een umbrele trecutului numai natura acestei colabor\u0103ri. C\u0103ci dosarul \u00eenc\u0103 \u201enu e\u201c. Dincolo de ceea ce se declar\u0103 acum, nu se \u015ftie de fapt ce s-a scris, ce s-a spus, ce s-a \u00eent\u00eemplat \u00een acel trecut, \u00eentre dou\u0103 p\u0103r\u0163i \u2013 institu\u0163ie \u015fi om.<\/em><\/h4>\n<h4 style=\"text-align: justify;\"><em>Sursa: Marius Oprea &#8211; Observator Cultural 2010<\/em><\/h4>\n<h4 id=\"_mcePaste\" class=\"mcePaste\" style=\"position: absolute; left: -10000px; top: 4098px; width: 1px; height: 1px; overflow: hidden;\">Cristian Tudor Popescu<\/h4>        <div class=\"booster-block booster-reactions-block\">\n            <div class=\"twp-reactions-icons\">\n                \n                <div class=\"twp-reacts-wrap\">\n                    <a react-data=\"be-react-1\" post-id=\"3703\" class=\"be-face-icons un-reacted\" href=\"javascript:void(0)\">\n                        <img decoding=\"async\" src=\"https:\/\/desteptati-va.ro\/wp-content\/plugins\/booster-extension\/\/assets\/icon\/happy.svg\" alt=\"Happy\">\n                    <\/a>\n                    <div class=\"twp-reaction-title\">\n                        Happy                    <\/div>\n                    <div class=\"twp-count-percent\">\n                                                    <span style=\"display: none;\" class=\"twp-react-count\">0<\/span>\n                        \n                                                <span class=\"twp-react-percent\"><span>0<\/span> %<\/span>\n                                            <\/div>\n                <\/div>\n\n                <div class=\"twp-reacts-wrap\">\n                    <a react-data=\"be-react-2\" post-id=\"3703\" class=\"be-face-icons un-reacted\" href=\"javascript:void(0)\">\n                        <img decoding=\"async\" src=\"https:\/\/desteptati-va.ro\/wp-content\/plugins\/booster-extension\/\/assets\/icon\/sad.svg\" alt=\"Sad\">\n                    <\/a>\n                    <div class=\"twp-reaction-title\">\n                        Sad                    <\/div>\n                    <div class=\"twp-count-percent\">\n                                                    <span style=\"display: none;\" class=\"twp-react-count\">0<\/span>\n                                                                        <span class=\"twp-react-percent\"><span>0<\/span> %<\/span>\n                                            <\/div>\n                <\/div>\n\n                <div class=\"twp-reacts-wrap\">\n                    <a react-data=\"be-react-3\" post-id=\"3703\" class=\"be-face-icons un-reacted\" href=\"javascript:void(0)\">\n                        <img decoding=\"async\" src=\"https:\/\/desteptati-va.ro\/wp-content\/plugins\/booster-extension\/\/assets\/icon\/excited.svg\" alt=\"Excited\">\n                    <\/a>\n                    <div class=\"twp-reaction-title\">\n                        Excited                    <\/div>\n                    <div class=\"twp-count-percent\">\n                                                    <span style=\"display: none;\" class=\"twp-react-count\">0<\/span>\n                                                                        <span class=\"twp-react-percent\"><span>0<\/span> %<\/span>\n                                            <\/div>\n                <\/div>\n\n                <div class=\"twp-reacts-wrap\">\n                    <a react-data=\"be-react-6\" post-id=\"3703\" class=\"be-face-icons un-reacted\" href=\"javascript:void(0)\">\n                        <img decoding=\"async\" src=\"https:\/\/desteptati-va.ro\/wp-content\/plugins\/booster-extension\/\/assets\/icon\/sleepy.svg\" alt=\"Sleepy\">\n                    <\/a>\n                    <div class=\"twp-reaction-title\">\n                        Sleepy                    <\/div>\n                    <div class=\"twp-count-percent\">\n                                                    <span style=\"display: none;\" class=\"twp-react-count\">0<\/span>\n                        \n                                                <span class=\"twp-react-percent\"><span>0<\/span> %<\/span>\n                                            <\/div>\n                <\/div>\n\n                <div class=\"twp-reacts-wrap\">\n                    <a react-data=\"be-react-4\" post-id=\"3703\" class=\"be-face-icons un-reacted\" href=\"javascript:void(0)\">\n                        <img decoding=\"async\" src=\"https:\/\/desteptati-va.ro\/wp-content\/plugins\/booster-extension\/\/assets\/icon\/angry.svg\" alt=\"Angry\">\n                    <\/a>\n                    <div class=\"twp-reaction-title\">Angry<\/div>\n                    <div class=\"twp-count-percent\">\n                                                    <span style=\"display: none;\" class=\"twp-react-count\">0<\/span>\n                                                                        <span class=\"twp-react-percent\"><span>0<\/span> %<\/span>\n                        \n                    <\/div>\n                <\/div>\n\n                <div class=\"twp-reacts-wrap\">\n                    <a react-data=\"be-react-5\" post-id=\"3703\" class=\"be-face-icons un-reacted\" href=\"javascript:void(0)\">\n                        <img decoding=\"async\" src=\"https:\/\/desteptati-va.ro\/wp-content\/plugins\/booster-extension\/\/assets\/icon\/surprise.svg\" alt=\"Surprise\">\n                    <\/a>\n                    <div class=\"twp-reaction-title\">Surprise<\/div>\n                    <div class=\"twp-count-percent\">\n                                                    <span style=\"display: none;\" class=\"twp-react-count\">0<\/span>\n                                                                        <span class=\"twp-react-percent\"><span>0<\/span> %<\/span>\n                                            <\/div>\n                <\/div>\n\n            <\/div>\n        <\/div>\n\n    <\/div>","protected":false},"excerpt":{"rendered":"<p>\u201eA\u0163i colaborat cu Securitatea?\u201c \u201eCategoric, da!\u201c Subiectul colabor\u0103rii lui Traian B\u0103sescu cu Securitatea i-a provocat acestuia replici care reaminteau, prin<a href=\"https:\/\/desteptati-va.ro\/index.php\/2021\/04\/16\/traian-basescu-politica-si-epoleti-partea-a-ii-a\/\">Read More<i class=\"fa fa-long-arrow-right\" aria-hidden=\"true\"><\/i><\/a><\/p>\n","protected":false},"author":1,"featured_media":4614,"comment_status":"open","ping_status":"open","sticky":false,"template":"","format":"standard","meta":{"_crdt_document":"","footnotes":""},"categories":[50],"tags":[734,713,735,736,60,725,715,737,738,739,740,522,741,210,732],"class_list":["post-3703","post","type-post","status-publish","format-standard","has-post-thumbnail","hentry","category-despre-traian-basescu","tag-avramides","tag-basescu","tag-colaborare","tag-despteptati","tag-desteptati-va","tag-dosar","tag-flota","tag-ionescu","tag-nastase","tag-navrom","tag-revolutionari","tag-securitate","tag-silvian","tag-traian","tag-traian-basescu"],"rise-blocks_total_comments":0,"rise-blocks_categories":[{"term_id":50,"name":"Ticalosul suprem","slug":"despre-traian-basescu","term_group":0,"term_taxonomy_id":50,"taxonomy":"category","description":"","parent":49,"count":8,"filter":"raw"}],"rise-blocks_excerpt":"\u201eA\u0163i colaborat cu Securitatea?\u201c \u201eCategoric, da!\u201c Subiectul colabor\u0103rii lui Traian B\u0103sescu cu Securitatea i-a provocat acestuia replici care reaminteau, prin ritmul apari\u0163iilor publice, de reac\u0163iile pe care le-a avut atunci c\u00eend fusese incriminat pentru distrugerea flotei comerciale a Rom\u00e2niei. Era \u00eens\u0103 mult mai nuan\u0163at dec\u00eet \u00een trecut, ferindu-se de afirma\u0163ii categorice, precum cea f\u0103cut\u0103 \u00een martie 2004 \u00een fa\u0163a instan\u0163ei,..","yoast_head":"<!-- This site is optimized with the Yoast SEO plugin v26.9 - https:\/\/yoast.com\/product\/yoast-seo-wordpress\/ -->\r\n<title>Traian BASESCU. Politic\u0103 \u015fi epole\u0163i \u2013 Partea a II-a -<\/title>\r\n<meta name=\"robots\" content=\"index, follow, max-snippet:-1, max-image-preview:large, max-video-preview:-1\" \/>\r\n<link rel=\"canonical\" href=\"https:\/\/desteptati-va.ro\/index.php\/2021\/04\/16\/traian-basescu-politica-si-epoleti-partea-a-ii-a\/\" \/>\r\n<meta property=\"og:locale\" content=\"ro_RO\" \/>\r\n<meta property=\"og:type\" content=\"article\" \/>\r\n<meta property=\"og:title\" content=\"Traian BASESCU. Politic\u0103 \u015fi epole\u0163i \u2013 Partea a II-a -\" \/>\r\n<meta property=\"og:description\" content=\"\u201eA\u0163i colaborat cu Securitatea?\u201c \u201eCategoric, da!\u201c Subiectul colabor\u0103rii lui Traian B\u0103sescu cu Securitatea i-a provocat acestuia replici care reaminteau, prinRead More\" \/>\r\n<meta property=\"og:url\" content=\"https:\/\/desteptati-va.ro\/index.php\/2021\/04\/16\/traian-basescu-politica-si-epoleti-partea-a-ii-a\/\" \/>\r\n<meta property=\"article:published_time\" content=\"2021-04-16T07:55:45+00:00\" \/>\r\n<meta property=\"article:modified_time\" content=\"2022-01-31T08:38:26+00:00\" \/>\r\n<meta property=\"og:image\" content=\"https:\/\/desteptati-va.ro\/wp-content\/uploads\/2021\/04\/TraianBasescu2.jpg\" \/>\r\n\t<meta property=\"og:image:width\" content=\"263\" \/>\r\n\t<meta property=\"og:image:height\" content=\"191\" \/>\r\n\t<meta property=\"og:image:type\" content=\"image\/jpeg\" \/>\r\n<meta name=\"author\" content=\"wolfsoftcompany\" \/>\r\n<meta name=\"twitter:card\" content=\"summary_large_image\" \/>\r\n<meta name=\"twitter:label1\" content=\"Scris de\" \/>\n\t<meta name=\"twitter:data1\" content=\"wolfsoftcompany\" \/>\n\t<meta name=\"twitter:label2\" content=\"Timp estimat pentru citire\" \/>\n\t<meta name=\"twitter:data2\" content=\"27 de minute\" \/>\r\n<script type=\"application\/ld+json\" class=\"yoast-schema-graph\">{\"@context\":\"https:\/\/schema.org\",\"@graph\":[{\"@type\":\"Article\",\"@id\":\"https:\/\/desteptati-va.ro\/index.php\/2021\/04\/16\/traian-basescu-politica-si-epoleti-partea-a-ii-a\/#article\",\"isPartOf\":{\"@id\":\"https:\/\/desteptati-va.ro\/index.php\/2021\/04\/16\/traian-basescu-politica-si-epoleti-partea-a-ii-a\/\"},\"author\":{\"name\":\"wolfsoftcompany\",\"@id\":\"https:\/\/desteptati-va.ro\/#\/schema\/person\/13182deeebd44920914899f7bb262d6b\"},\"headline\":\"Traian BASESCU. Politic\u0103 \u015fi epole\u0163i \u2013 Partea a II-a\",\"datePublished\":\"2021-04-16T07:55:45+00:00\",\"dateModified\":\"2022-01-31T08:38:26+00:00\",\"mainEntityOfPage\":{\"@id\":\"https:\/\/desteptati-va.ro\/index.php\/2021\/04\/16\/traian-basescu-politica-si-epoleti-partea-a-ii-a\/\"},\"wordCount\":5400,\"commentCount\":0,\"image\":{\"@id\":\"https:\/\/desteptati-va.ro\/index.php\/2021\/04\/16\/traian-basescu-politica-si-epoleti-partea-a-ii-a\/#primaryimage\"},\"thumbnailUrl\":\"https:\/\/desteptati-va.ro\/wp-content\/uploads\/2021\/04\/TraianBasescu2.jpg\",\"keywords\":[\"Avramides\",\"Basescu\",\"colaborare\",\"despteptati\",\"desteptati-va\",\"dosar\",\"flota\",\"Ionescu\",\"Nastase\",\"Navrom\",\"revolutionari\",\"Securitate\",\"Silvian\",\"Traian\",\"Traian Basescu\"],\"articleSection\":[\"Ticalosul suprem\"],\"inLanguage\":\"ro-RO\",\"potentialAction\":[{\"@type\":\"CommentAction\",\"name\":\"Comment\",\"target\":[\"https:\/\/desteptati-va.ro\/index.php\/2021\/04\/16\/traian-basescu-politica-si-epoleti-partea-a-ii-a\/#respond\"]}]},{\"@type\":\"WebPage\",\"@id\":\"https:\/\/desteptati-va.ro\/index.php\/2021\/04\/16\/traian-basescu-politica-si-epoleti-partea-a-ii-a\/\",\"url\":\"https:\/\/desteptati-va.ro\/index.php\/2021\/04\/16\/traian-basescu-politica-si-epoleti-partea-a-ii-a\/\",\"name\":\"Traian BASESCU. Politic\u0103 \u015fi epole\u0163i \u2013 Partea a II-a -\",\"isPartOf\":{\"@id\":\"https:\/\/desteptati-va.ro\/#website\"},\"primaryImageOfPage\":{\"@id\":\"https:\/\/desteptati-va.ro\/index.php\/2021\/04\/16\/traian-basescu-politica-si-epoleti-partea-a-ii-a\/#primaryimage\"},\"image\":{\"@id\":\"https:\/\/desteptati-va.ro\/index.php\/2021\/04\/16\/traian-basescu-politica-si-epoleti-partea-a-ii-a\/#primaryimage\"},\"thumbnailUrl\":\"https:\/\/desteptati-va.ro\/wp-content\/uploads\/2021\/04\/TraianBasescu2.jpg\",\"datePublished\":\"2021-04-16T07:55:45+00:00\",\"dateModified\":\"2022-01-31T08:38:26+00:00\",\"author\":{\"@id\":\"https:\/\/desteptati-va.ro\/#\/schema\/person\/13182deeebd44920914899f7bb262d6b\"},\"breadcrumb\":{\"@id\":\"https:\/\/desteptati-va.ro\/index.php\/2021\/04\/16\/traian-basescu-politica-si-epoleti-partea-a-ii-a\/#breadcrumb\"},\"inLanguage\":\"ro-RO\",\"potentialAction\":[{\"@type\":\"ReadAction\",\"target\":[\"https:\/\/desteptati-va.ro\/index.php\/2021\/04\/16\/traian-basescu-politica-si-epoleti-partea-a-ii-a\/\"]}]},{\"@type\":\"ImageObject\",\"inLanguage\":\"ro-RO\",\"@id\":\"https:\/\/desteptati-va.ro\/index.php\/2021\/04\/16\/traian-basescu-politica-si-epoleti-partea-a-ii-a\/#primaryimage\",\"url\":\"https:\/\/desteptati-va.ro\/wp-content\/uploads\/2021\/04\/TraianBasescu2.jpg\",\"contentUrl\":\"https:\/\/desteptati-va.ro\/wp-content\/uploads\/2021\/04\/TraianBasescu2.jpg\",\"width\":263,\"height\":191},{\"@type\":\"BreadcrumbList\",\"@id\":\"https:\/\/desteptati-va.ro\/index.php\/2021\/04\/16\/traian-basescu-politica-si-epoleti-partea-a-ii-a\/#breadcrumb\",\"itemListElement\":[{\"@type\":\"ListItem\",\"position\":1,\"name\":\"Prima pagin\u0103\",\"item\":\"https:\/\/desteptati-va.ro\/\"},{\"@type\":\"ListItem\",\"position\":2,\"name\":\"Traian BASESCU. Politic\u0103 \u015fi epole\u0163i \u2013 Partea a II-a\"}]},{\"@type\":\"WebSite\",\"@id\":\"https:\/\/desteptati-va.ro\/#website\",\"url\":\"https:\/\/desteptati-va.ro\/\",\"name\":\"\",\"description\":\"\",\"potentialAction\":[{\"@type\":\"SearchAction\",\"target\":{\"@type\":\"EntryPoint\",\"urlTemplate\":\"https:\/\/desteptati-va.ro\/?s={search_term_string}\"},\"query-input\":{\"@type\":\"PropertyValueSpecification\",\"valueRequired\":true,\"valueName\":\"search_term_string\"}}],\"inLanguage\":\"ro-RO\"},{\"@type\":\"Person\",\"@id\":\"https:\/\/desteptati-va.ro\/#\/schema\/person\/13182deeebd44920914899f7bb262d6b\",\"name\":\"wolfsoftcompany\",\"image\":{\"@type\":\"ImageObject\",\"inLanguage\":\"ro-RO\",\"@id\":\"https:\/\/desteptati-va.ro\/#\/schema\/person\/image\/\",\"url\":\"https:\/\/secure.gravatar.com\/avatar\/a6cce9b6d101d27d91690e7073e300fed94c0899890bf998e082cb9d2c3d121e?s=96&d=mm&r=g\",\"contentUrl\":\"https:\/\/secure.gravatar.com\/avatar\/a6cce9b6d101d27d91690e7073e300fed94c0899890bf998e082cb9d2c3d121e?s=96&d=mm&r=g\",\"caption\":\"wolfsoftcompany\"},\"sameAs\":[\"http:\/\/desteptati-va.ro\"],\"url\":\"https:\/\/desteptati-va.ro\/index.php\/author\/wolfsoftcompany\/\"}]}<\/script>\r\n<!-- \/ Yoast SEO plugin. -->","yoast_head_json":{"title":"Traian BASESCU. Politic\u0103 \u015fi epole\u0163i \u2013 Partea a II-a -","robots":{"index":"index","follow":"follow","max-snippet":"max-snippet:-1","max-image-preview":"max-image-preview:large","max-video-preview":"max-video-preview:-1"},"canonical":"https:\/\/desteptati-va.ro\/index.php\/2021\/04\/16\/traian-basescu-politica-si-epoleti-partea-a-ii-a\/","og_locale":"ro_RO","og_type":"article","og_title":"Traian BASESCU. Politic\u0103 \u015fi epole\u0163i \u2013 Partea a II-a -","og_description":"\u201eA\u0163i colaborat cu Securitatea?\u201c \u201eCategoric, da!\u201c Subiectul colabor\u0103rii lui Traian B\u0103sescu cu Securitatea i-a provocat acestuia replici care reaminteau, prinRead More","og_url":"https:\/\/desteptati-va.ro\/index.php\/2021\/04\/16\/traian-basescu-politica-si-epoleti-partea-a-ii-a\/","article_published_time":"2021-04-16T07:55:45+00:00","article_modified_time":"2022-01-31T08:38:26+00:00","og_image":[{"width":263,"height":191,"url":"https:\/\/desteptati-va.ro\/wp-content\/uploads\/2021\/04\/TraianBasescu2.jpg","type":"image\/jpeg"}],"author":"wolfsoftcompany","twitter_card":"summary_large_image","twitter_misc":{"Scris de":"wolfsoftcompany","Timp estimat pentru citire":"27 de minute"},"schema":{"@context":"https:\/\/schema.org","@graph":[{"@type":"Article","@id":"https:\/\/desteptati-va.ro\/index.php\/2021\/04\/16\/traian-basescu-politica-si-epoleti-partea-a-ii-a\/#article","isPartOf":{"@id":"https:\/\/desteptati-va.ro\/index.php\/2021\/04\/16\/traian-basescu-politica-si-epoleti-partea-a-ii-a\/"},"author":{"name":"wolfsoftcompany","@id":"https:\/\/desteptati-va.ro\/#\/schema\/person\/13182deeebd44920914899f7bb262d6b"},"headline":"Traian BASESCU. Politic\u0103 \u015fi epole\u0163i \u2013 Partea a II-a","datePublished":"2021-04-16T07:55:45+00:00","dateModified":"2022-01-31T08:38:26+00:00","mainEntityOfPage":{"@id":"https:\/\/desteptati-va.ro\/index.php\/2021\/04\/16\/traian-basescu-politica-si-epoleti-partea-a-ii-a\/"},"wordCount":5400,"commentCount":0,"image":{"@id":"https:\/\/desteptati-va.ro\/index.php\/2021\/04\/16\/traian-basescu-politica-si-epoleti-partea-a-ii-a\/#primaryimage"},"thumbnailUrl":"https:\/\/desteptati-va.ro\/wp-content\/uploads\/2021\/04\/TraianBasescu2.jpg","keywords":["Avramides","Basescu","colaborare","despteptati","desteptati-va","dosar","flota","Ionescu","Nastase","Navrom","revolutionari","Securitate","Silvian","Traian","Traian Basescu"],"articleSection":["Ticalosul suprem"],"inLanguage":"ro-RO","potentialAction":[{"@type":"CommentAction","name":"Comment","target":["https:\/\/desteptati-va.ro\/index.php\/2021\/04\/16\/traian-basescu-politica-si-epoleti-partea-a-ii-a\/#respond"]}]},{"@type":"WebPage","@id":"https:\/\/desteptati-va.ro\/index.php\/2021\/04\/16\/traian-basescu-politica-si-epoleti-partea-a-ii-a\/","url":"https:\/\/desteptati-va.ro\/index.php\/2021\/04\/16\/traian-basescu-politica-si-epoleti-partea-a-ii-a\/","name":"Traian BASESCU. Politic\u0103 \u015fi epole\u0163i \u2013 Partea a II-a -","isPartOf":{"@id":"https:\/\/desteptati-va.ro\/#website"},"primaryImageOfPage":{"@id":"https:\/\/desteptati-va.ro\/index.php\/2021\/04\/16\/traian-basescu-politica-si-epoleti-partea-a-ii-a\/#primaryimage"},"image":{"@id":"https:\/\/desteptati-va.ro\/index.php\/2021\/04\/16\/traian-basescu-politica-si-epoleti-partea-a-ii-a\/#primaryimage"},"thumbnailUrl":"https:\/\/desteptati-va.ro\/wp-content\/uploads\/2021\/04\/TraianBasescu2.jpg","datePublished":"2021-04-16T07:55:45+00:00","dateModified":"2022-01-31T08:38:26+00:00","author":{"@id":"https:\/\/desteptati-va.ro\/#\/schema\/person\/13182deeebd44920914899f7bb262d6b"},"breadcrumb":{"@id":"https:\/\/desteptati-va.ro\/index.php\/2021\/04\/16\/traian-basescu-politica-si-epoleti-partea-a-ii-a\/#breadcrumb"},"inLanguage":"ro-RO","potentialAction":[{"@type":"ReadAction","target":["https:\/\/desteptati-va.ro\/index.php\/2021\/04\/16\/traian-basescu-politica-si-epoleti-partea-a-ii-a\/"]}]},{"@type":"ImageObject","inLanguage":"ro-RO","@id":"https:\/\/desteptati-va.ro\/index.php\/2021\/04\/16\/traian-basescu-politica-si-epoleti-partea-a-ii-a\/#primaryimage","url":"https:\/\/desteptati-va.ro\/wp-content\/uploads\/2021\/04\/TraianBasescu2.jpg","contentUrl":"https:\/\/desteptati-va.ro\/wp-content\/uploads\/2021\/04\/TraianBasescu2.jpg","width":263,"height":191},{"@type":"BreadcrumbList","@id":"https:\/\/desteptati-va.ro\/index.php\/2021\/04\/16\/traian-basescu-politica-si-epoleti-partea-a-ii-a\/#breadcrumb","itemListElement":[{"@type":"ListItem","position":1,"name":"Prima pagin\u0103","item":"https:\/\/desteptati-va.ro\/"},{"@type":"ListItem","position":2,"name":"Traian BASESCU. Politic\u0103 \u015fi epole\u0163i \u2013 Partea a II-a"}]},{"@type":"WebSite","@id":"https:\/\/desteptati-va.ro\/#website","url":"https:\/\/desteptati-va.ro\/","name":"","description":"","potentialAction":[{"@type":"SearchAction","target":{"@type":"EntryPoint","urlTemplate":"https:\/\/desteptati-va.ro\/?s={search_term_string}"},"query-input":{"@type":"PropertyValueSpecification","valueRequired":true,"valueName":"search_term_string"}}],"inLanguage":"ro-RO"},{"@type":"Person","@id":"https:\/\/desteptati-va.ro\/#\/schema\/person\/13182deeebd44920914899f7bb262d6b","name":"wolfsoftcompany","image":{"@type":"ImageObject","inLanguage":"ro-RO","@id":"https:\/\/desteptati-va.ro\/#\/schema\/person\/image\/","url":"https:\/\/secure.gravatar.com\/avatar\/a6cce9b6d101d27d91690e7073e300fed94c0899890bf998e082cb9d2c3d121e?s=96&d=mm&r=g","contentUrl":"https:\/\/secure.gravatar.com\/avatar\/a6cce9b6d101d27d91690e7073e300fed94c0899890bf998e082cb9d2c3d121e?s=96&d=mm&r=g","caption":"wolfsoftcompany"},"sameAs":["http:\/\/desteptati-va.ro"],"url":"https:\/\/desteptati-va.ro\/index.php\/author\/wolfsoftcompany\/"}]}},"_links":{"self":[{"href":"https:\/\/desteptati-va.ro\/index.php\/wp-json\/wp\/v2\/posts\/3703","targetHints":{"allow":["GET"]}}],"collection":[{"href":"https:\/\/desteptati-va.ro\/index.php\/wp-json\/wp\/v2\/posts"}],"about":[{"href":"https:\/\/desteptati-va.ro\/index.php\/wp-json\/wp\/v2\/types\/post"}],"author":[{"embeddable":true,"href":"https:\/\/desteptati-va.ro\/index.php\/wp-json\/wp\/v2\/users\/1"}],"replies":[{"embeddable":true,"href":"https:\/\/desteptati-va.ro\/index.php\/wp-json\/wp\/v2\/comments?post=3703"}],"version-history":[{"count":2,"href":"https:\/\/desteptati-va.ro\/index.php\/wp-json\/wp\/v2\/posts\/3703\/revisions"}],"predecessor-version":[{"id":4615,"href":"https:\/\/desteptati-va.ro\/index.php\/wp-json\/wp\/v2\/posts\/3703\/revisions\/4615"}],"wp:featuredmedia":[{"embeddable":true,"href":"https:\/\/desteptati-va.ro\/index.php\/wp-json\/wp\/v2\/media\/4614"}],"wp:attachment":[{"href":"https:\/\/desteptati-va.ro\/index.php\/wp-json\/wp\/v2\/media?parent=3703"}],"wp:term":[{"taxonomy":"category","embeddable":true,"href":"https:\/\/desteptati-va.ro\/index.php\/wp-json\/wp\/v2\/categories?post=3703"},{"taxonomy":"post_tag","embeddable":true,"href":"https:\/\/desteptati-va.ro\/index.php\/wp-json\/wp\/v2\/tags?post=3703"}],"curies":[{"name":"wp","href":"https:\/\/api.w.org\/{rel}","templated":true}]}}