{"id":3706,"date":"2021-04-16T07:59:09","date_gmt":"2021-04-16T07:59:09","guid":{"rendered":"http:\/\/desteptati.ro\/?p=3706"},"modified":"2022-01-31T10:37:02","modified_gmt":"2022-01-31T08:37:02","slug":"traian-basescu-politica-si-epoleti-partea-i","status":"publish","type":"post","link":"https:\/\/desteptati-va.ro\/index.php\/2021\/04\/16\/traian-basescu-politica-si-epoleti-partea-i\/","title":{"rendered":"Traian BASESCU. Politica si epoleti &#8211; Partea I"},"content":{"rendered":"<div class=\"post-content\"><div class='booster-block booster-read-block'>\n                <div class=\"twp-read-time\">\n                \t<i class=\"booster-icon twp-clock\"><\/i> <span>Read Time:<\/span>30 Minute, 16 Second                <\/div>\n\n            <\/div><h4 style=\"text-align: justify;\">Intr-o lume dominata de interese financiare transationale este nevoie mai mult decat oricand de oameni care sa decripteze mesajele ce pot amagii masele si sa patrunda dincolo de bunele intentii clamate de purtatorii de vorbe ai trusturilor monopoliste din est, vest sau de aiurea. In asemena situatii experienta oamenilor din fostele si actualele servicii de informatii este absolute necesara. De aceia&nbsp; nu consider ca normal blamarea fostilor ofiteri de securitate care au intrat in politica. Blamabila este dorinta de imbogatire, de saracire a maselor, de subminarea interesului national si a economiei romanesti la care unii dintre acestia&nbsp;au participat alaturi de multi oameni politici. Este regretabil ca si-au uitat juramintul de credinta pe care l-au depus poporului roman si tarii, prin care se angajau sa slujeasca interesul national, independenta tarii si propasirea patriei.<\/h4>\n<h4 style=\"text-align: justify;\">\u00cen 18 iunie 1998, \u00een contextul \u00een care izbucnise un nou scandal public privind colaborarea unor politicieni cu Securitatea, care a aprins din nou spiritele (fiind aduse \u00een discu\u0163ie cazurile vicepre\u015fedintelui PN\u0162CD Vasile Lupu \u015fi cel al ministrului S\u0103n\u0103t\u0103\u0163ii, Francis Barany, de la UDMR), Traian B\u0103sescu, pe atunci vicepre\u015fedinte al Partidului Democrat \u015fi ministru al Transporturilor, a afirmat la o conferin\u0163\u0103 de pres\u0103 a partidului, r\u0103spunz\u00eend unei \u00eentreb\u0103ri, c\u0103 a semnat \u00een calitate de comandant de nav\u0103 rapoarte c\u0103tre Navrom, care ajungeau apoi la Securitate. B\u0103sescu a opinat c\u0103 dosarul lui de la Securitate nu poate ap\u0103rea \u00eentr-un ziar, deoarece a lucrat \u201e12 ani \u00een str\u0103in\u0103tate\u201c \u015fi, din aceast\u0103 cauz\u0103, dosarul \u201etrebuie adus cu camionul\u201c. El a precizat c\u0103 PD cuno\u015ftea activitatea lui de comandant de nav\u0103 \u015fi c\u0103, \u00een opinia sa, acum apar \u00een pres\u0103 doar dosarele celor care nu mai s\u00eent \u201eutili serviciilor secrete\u201c. Ceea ce, implicit, nu era cazul s\u0103u \u2013 c\u0103ci dosarul de obiectiv \u201eC\u00eerma\u201c este bine p\u0103zit de Serviciul Rom\u00e2n de Informa\u0163ii p\u00een\u0103 \u00een ziua de azi, dac\u0103 nu cumva a fost ars la Sc\u0103eni sau \u00eengropat \u00een vreun Berevoie\u015fti mai bine conspirat. La vremea respectiv\u0103, B\u0103sescu a refuzat s\u0103 comenteze cazurile lui Lupu \u015fi Barany, a c\u0103rui demisie fusese deja solicitat\u0103 de premierul Radu Vasile \u2013 conform <em>Mediafax<\/em> din 18 iunie 1998 \u2013, dar el a evitat s\u0103 explice ce anume \u00een\u0163elege prin \u201ea fi util serviciilor secrete\u201c.<\/h4>\n<h4 style=\"text-align: justify;\"><\/h4>\n<figure id=\"attachment_1987\" aria-describedby=\"caption-attachment-1987\" style=\"width: 369px\" class=\"wp-caption aligncenter\"><a href=\"http:\/\/www.desteptati-va.ro\/wp-content\/uploads\/2011\/05\/Radu_Vasile.jpg\"><img loading=\"lazy\" decoding=\"async\" class=\" wp-image-1987\" title=\"Radu Vasile\" src=\"http:\/\/www.desteptati-va.ro\/wp-content\/uploads\/2011\/05\/Radu_Vasile-206x300.jpg\" alt=\"Radu Vasile\" width=\"369\" height=\"535\"><\/a><figcaption id=\"caption-attachment-1987\" class=\"wp-caption-text\">Radu Vasile<\/figcaption><\/figure>\n<h4 style=\"text-align: justify;\">\u00cen 14 februarie 2004, dup\u0103 ce a fost readus\u0103 \u00een discu\u0163ie nota din <em>Registrul cu persoanele din r\u00eendul membrilor PCR pentru care s-a dat aprobarea s\u0103 sprijine munca de Securitate<\/em>, care \u00eel men\u0163ioneaz\u0103 ca \u201esurs\u0103\u201c, Traian B\u0103sescu se vedea din nou confruntat cu umbrele trecutului. A reac\u0163ionat prompt, afirm\u00eend: \u201enu am fost niciodat\u0103 informator al Securit\u0103\u0163ii \u015fi nici nu mi s-a propus s\u0103 devin a\u015fa ceva [&#8230;]. Nici un comandant de nav\u0103, nici un ofi\u0163er de marin\u0103 nu \u015fi-au turnat echipajul la organele de Securitate. Ca \u015fi comandant, \u00eentr-adev\u0103r, la \u00eentoarcerea dintr-o c\u0103l\u0103torie trebuia, conform legilor de atunci, s\u0103-l informez pe armator \u00een leg\u0103tur\u0103 cu zonele unde am fost, persoanele cu care am stat de vorb\u0103, eventualele probleme de ordine \u015fi disciplin\u0103 din r\u00eendul echipajului, starea tehnic\u0103 a navei angajate \u00een voiaj. At\u00eet \u015fi nimic altceva. Unde trimitea mai departe armatorul raportul pe care eu \u00eel prezentam, asta nu mai am de unde s\u0103 \u015ftiu\u201c.<\/h4>\n<h4 style=\"text-align: justify;\">Traian B\u0103sescu a mai declarat c\u0103, at\u00eet \u00een calitate de ofi\u0163er la bordul navei Cri\u015fana, c\u00eet \u015fi \u00een calitate de comandant al petrolierelor Arge\u015f, Cri\u015fana \u015fi Biruin\u0163a, avea ca obliga\u0163ii de serviciu \u00eentocmirea de rapoarte care vizau starea tehnic\u0103 a navei, rapoarte de escal\u0103, rapoarte privind evenimente de naviga\u0163ie, starea disciplinar\u0103 de la bord \u015fi rapoarte de cheltuieli: \u201eniciodat\u0103 rapoartele nu au vizat atitudinea oamenilor fa\u0163\u0103 de regim sau puncte de vedere exprimate \u00een particular. \u00centotdeauna rapoartele se depuneau la sediul Companiei de naviga\u0163ie \u015fi erau semnate\u201c. Prin semn\u0103tur\u0103, \u00een calitate de comandant, \u00ee\u015fi asuma \u201eresponsabilitatea celor \u00eenscrise\u201c.<\/h4>\n<h4 style=\"text-align: justify;\"><\/h4>\n<figure id=\"attachment_1976\" aria-describedby=\"caption-attachment-1976\" style=\"width: 418px\" class=\"wp-caption aligncenter\"><a href=\"http:\/\/www.desteptati-va.ro\/wp-content\/uploads\/2011\/05\/partidul-democrat799.gif\"><img loading=\"lazy\" decoding=\"async\" class=\" wp-image-1976\" title=\"Sigla Partidului Democrat\" src=\"http:\/\/www.desteptati-va.ro\/wp-content\/uploads\/2011\/05\/partidul-democrat799.gif\" alt=\"Sigla Partidului Democrat\" width=\"418\" height=\"396\"><\/a><figcaption id=\"caption-attachment-1976\" class=\"wp-caption-text\">Sigla Partidului Democrat<\/figcaption><\/figure>\n<h4 style=\"text-align: justify;\"><strong>Partidul Democrat \u2013 Frontul de Salvare al lui B\u0103sescu<\/strong><\/h4>\n<h4 style=\"text-align: justify;\">\u00cen aceea\u015fi zi a anului 2004, a ie\u015fit \u00een ap\u0103rarea lui Traian B\u0103sescu \u015fi partidul. Biroul de pres\u0103 al Partidului Democrat declara c\u0103 \u201epre\u015fedintele PD nu a cunoscut nici un ofi\u0163er pe numele Avramides [&#8230;]. Pre\u015fedintelui Traian B\u0103sescu nu i s-a adus niciodat\u0103 la cuno\u015ftiin\u0163\u0103 c\u0103 ar fi fost surs\u0103 a Securit\u0103\u0163ii [&#8230;]. Drept urmare, liderul democrat nu accepta nici un fel de responsabilitate pentru \u00eenscrisurile ce se aflau \u00een registrele fo\u015ftilor prim-secretari\u201c.<\/h4>\n<h4 style=\"text-align: justify;\">Dar, \u00een 29 noiembrie 2005, o echip\u0103 a televiziunii Antena 3 a stat de vorb\u0103 cu fostul locotenent major de securitate Mihai Avramides. El a negat c\u0103 ar fi fost cel care l-a recrutat pe B\u0103sescu, \u015fi sus\u0163ine c\u0103 s-a \u00eent\u00eelnit cu Traian B\u0103sescu \u201edoar de vreo dou\u0103 ori, la sf\u00eer\u015fitul anilor \u201970\u201c. Avramides recuno\u015ftea c\u0103 a fost ofi\u0163er de Securitate \u00een portul Constan\u0163a, dar afirma c\u0103 singura lui misiune era aceea de a str\u00eenge informa\u0163ii tehnice, sus\u0163in\u00eend c\u0103 a povestit telefonic aceste detalii inclusiv membrilor Colegiului Na\u0163ional pentru Studierea Arhivelor Securit\u0103\u0163ii. Mihai Avramides a declarat, pentru reporterii Antenei 3, c\u0103 \u201eeste scos la \u00eenaintare din r\u0103zbunare\u201c, c\u0103 \u015fefii lui din acea vreme \u201e\u015ftiau mai multe despre activitatea lui Traian B\u0103sescu, dar nu s\u00eent \u00eentreba\u0163i\u201c.<\/h4>\n<h4 style=\"text-align: justify;\">\u00cen fond, declara\u0163ia lui contrazice afirma\u0163ia din 14 februarie 2004, potrivit c\u0103reia Traian B\u0103sescu nu l-a cunoscut niciodat\u0103 pe ofi\u0163erul de securitate Mihai Avramides. C\u00eet despre \u201e\u015fefii\u201c s\u0103i de atunci, au toate motivele s\u0103 tac\u0103. Dup\u0103 1989, Dumitru Nicu\u015for \u015fi Constantin Decu, cei care este posibil s\u0103-l fi \u201epreluat\u201c ca \u201esurs\u0103\u201c pe Traian B\u0103sescu, dup\u0103 ce Avramides a plecat din Securitate, au avut toate motivele s\u0103 tac\u0103. Primul, Dumitru Nicu\u015for, a fost avansat la gradul de general \u015fi a ajuns \u015feful SRI Ialomi\u0163a, iar cel de-al doilea, Constantin Decu, fostul coleg de la \u015ecoala de ofi\u0163eri a Ministerului de Interne al lui Avramides, a fost, p\u00een\u0103 \u00een 1997, \u015feful SRI Constan\u0163a.<\/h4>\n<h4 style=\"text-align: justify;\"><em>Indiferente la declara\u0163ii, la adresele oficiale sau la t\u0103cerea fo\u015ftilor securi\u015fti \u015fi a Serviciului Rom\u00e2n de Informa\u0163ii, umbrele trecutului i-au asediat lui Traian B\u0103sescu din timp \u00een timp lini\u015ftea, i-a pus la \u00eencercare nervii, aduc\u00eendu-l de mai multe ori \u00een situa\u0163ia de a-\u015fi pierde cump\u0103tul \u015fi de a se contrazice pe sine. C\u0103ci, \u00een confruntarea cu trecutul, st\u0103p\u00eenirea de sine se pierde, argumentele \u015fi explica\u0163iile se sf\u0103r\u00eem\u0103 de fapte. Inclusiv de acelea consemnate \u00eentr-un anume registru, \u00eentr-o zi de noiembrie a anului 1977. <\/em><\/h4>\n<h4 style=\"text-align: justify;\"><strong>Complotul t\u0103cerii<\/strong><\/h4>\n<h4 style=\"text-align: justify;\">Peste ceea ce se \u00eent\u00eempla cu fo\u015ftii securi\u015fti din Portul Constan\u0163a, coaliza\u0163i \u00eentr-un adev\u0103rat complot al t\u0103cerii (cu excep\u0163ia reac\u0163iei singulare a lui Mihai Avramides, ofi\u0163erul operativ care l-a racolat pe B\u0103sescu \u00een 1977) \u015fi dincolo de aceea\u015fi t\u0103cere care a \u00eenv\u0103luit \u015fi activitatea sa la Anvers, s-au g\u0103sit, \u00een schimb, ofi\u0163eri din fosta Securitate care s\u0103-i ia ap\u0103rarea lui Traian B\u0103sescu. \u00cen 6 octombrie 2005, Gheorghe Dinu a declarat c\u0103, din pozi\u0163ia sa de fost \u015fef al Serviciului Contraspionaj al Inspectoratului Jude\u0163ean de Securitate de la Constan\u0163a, \u015ftie c\u0103 \u201eB\u0103sescu nu a fost informatorul meu sau al subalternilor mei\u201c, f\u0103r\u0103 s\u0103 precizeze \u00eens\u0103 dac\u0103 Securitatea Portului Constan\u0163a i se subordona sau dac\u0103, \u00eenc\u0103lc\u00eend bine cunoscutul principiu al conspirativit\u0103\u0163ii \u201emuncii de securitate\u201c, ofi\u0163erii \u00eei raportau despre fiecare informator racolat. \u00cen schimb, fostul securist l\u0103sa s\u0103 se \u00een\u0163eleag\u0103 c\u0103 alta ar fi fost situa\u0163ia lui Traian B\u0103sescu la Anvers, c\u0103ci \u201e\u00een toat\u0103 lumea, numai ambasadorii, dar foarte rar, nu au fost ofi\u0163eri acoperi\u0163i\u201c.<\/h4>\n<h4 style=\"text-align: justify;\"><\/h4>\n<figure id=\"attachment_1988\" aria-describedby=\"caption-attachment-1988\" style=\"width: 415px\" class=\"wp-caption aligncenter\"><a href=\"http:\/\/www.desteptati-va.ro\/wp-content\/uploads\/2011\/05\/Gheorghe_Dinu.jpg\"><img loading=\"lazy\" decoding=\"async\" class=\" wp-image-1988\" title=\"Gheorghe Dinu\" src=\"http:\/\/www.desteptati-va.ro\/wp-content\/uploads\/2011\/05\/Gheorghe_Dinu.jpg\" alt=\"Gheorghe Dinu\" width=\"415\" height=\"494\"><\/a><figcaption id=\"caption-attachment-1988\" class=\"wp-caption-text\">Gheorghe Dinu<\/figcaption><\/figure>\n<h4 style=\"text-align: justify;\">Toate aceste jum\u0103t\u0103\u0163i de adev\u0103r pornesc din lini\u015ftea \u00eencle\u015ftat\u0103 cu care fo\u015ftii ofi\u0163eri de la Serviciul de Securitate al Portului Constan\u0163a privesc \u00een urm\u0103, spre acea zi din noiembrie 1977. Explica\u0163ia acestor atitudini a fost sintetizat\u0103 de Mircea Dinescu, \u00eentr-o declara\u0163ie din 13 decembrie 2005. Membrul Colegiului Consiliului Na\u0163ional pentru Studierea Arhivelor Securit\u0103\u0163ii spunea: \u201e\u00een mod normal, Traian B\u0103sescu ar trebui chemat la audieri. \u00cens\u0103, acum el este pre\u015fedinte \u015fi nu \u015ftiu \u00een ce m\u0103sur\u0103 vreun fost ofi\u0163er de Securitate va mai avea curajul s\u0103 vorbeasc\u0103 de trecutul lui\u201c. Cu at\u00eet mai pu\u0163in un serviciu de informa\u0163ii \u2013 astfel \u00eenc\u00eet \u201ecamionul de rapoarte\u201c, despre care vorbea la un moment dat Traian B\u0103sescu, a disp\u0103rut, \u00eenv\u0103luit \u00een umbrele trecutului, precum odinioar\u0103 camionul de margarin\u0103, \u00eemp\u0103r\u0163it fr\u0103\u0163e\u015fte \u00eentre fabrica de \u00eenghe\u0163at\u0103 a fra\u0163ilor B\u0103sescu \u015fi pr\u0103jiturile cofet\u0103riilor Ana ale lui George Copos.<\/h4>\n<h4 style=\"text-align: justify;\">Solicitat public din nou de c\u0103tre dou\u0103 organiza\u0163ii nonguvernamentale (Grupul de Investiga\u0163ii Politice \u015fi Mili\u0163ia Spiritual\u0103) s\u0103 dea publicit\u0103\u0163ii numele informatorilor din re\u0163eaua folosit\u0103 de Mihai Avramides, \u00een perioada august 1977-august 1982, c\u00eend acesta a fost ofi\u0163er operativ principal cu gradul de locotenent major la serviciul Securitate pentru Portul Constan\u0163a (UM 0757 \u2013 DSS), notele pe care re\u0163eaua informativ\u0103 i le-a furnizat, rezultatele \u201emuncii operative\u201c \u015fi dosarele de urm\u0103rire informativ\u0103 (D.U.I.) \u201eMarcu\u201c \u015fi \u201eC\u00eerma\u201c la care ofi\u0163erul lucrase, SRI a r\u0103spuns din nou c\u0103 nu de\u0163ine asemenea dosare.<\/h4>\n<h4 style=\"text-align: justify;\"><strong>Mihai Darie &#8211; un securist bun<\/strong><\/h4>\n<h4 style=\"text-align: justify;\">Traian B\u0103sescu a avut \u00een preajma sa \u00eentodeauna c\u00eete un \u201esecurist de treab\u0103\u201c, sim\u0163indu-se, probabil, \u00een siguran\u0163\u0103 \u015fi confortabil \u00een prezen\u0163a lor, ca o pav\u0103z\u0103 menit\u0103 s\u0103-l apere \u00eempotriva trecutului. A\u015fa c\u0103 par cel pu\u0163in inexplicabile \u2013 \u015fi de pus doar pe seama tensiuinii pe care o tr\u0103ia \u00een preajma verdictului a\u015fteptat de la CNSAS cu privire la colaborarea sa cu Securitatea \u2013 afirma\u0163iile pe care avea s\u0103 le fac\u0103 \u00een 5 septembrie 2006, intervenind \u00een direct la emisiunea \u201e\u015etirea zilei\u201c de la Antena 3, pentru a spune, \u00eentre altele, c\u0103 atacurile la care este supus, cu privire la trecutul s\u0103u de colaborator, vin tocmai din partea fo\u015ftilor securi\u015fti.<\/h4>\n<h4 style=\"text-align: justify;\"><\/h4>\n<figure id=\"attachment_1989\" aria-describedby=\"caption-attachment-1989\" style=\"width: 344px\" class=\"wp-caption aligncenter\"><a href=\"http:\/\/www.desteptati-va.ro\/wp-content\/uploads\/2011\/05\/Mihai_Darie.jpg\"><img loading=\"lazy\" decoding=\"async\" class=\" wp-image-1989\" title=\"Mihai Darie\" src=\"http:\/\/www.desteptati-va.ro\/wp-content\/uploads\/2011\/05\/Mihai_Darie-201x300.jpg\" alt=\"Mihai Darie\" width=\"344\" height=\"513\"><\/a><figcaption id=\"caption-attachment-1989\" class=\"wp-caption-text\">Mihai Darie<\/figcaption><\/figure>\n<h4 style=\"text-align: justify;\">Este drept, cu unii dintre ace\u015ftia a avut \u015fi experien\u0163e nefericite. De pild\u0103, cu Mihai Darie, fostul secretar al Partidului Democrat (dinaintea lui Silvian Ionescu), de asemenea provenit din Securitate. Darie a fost ofi\u0163er \u00een Direc\u0163ia de Informa\u0163ii Externe, din 14 aprile 1976 \u015fi p\u00een\u0103 la fuga lui Mihai Pacepa, din 1978, c\u00eend, asemenea multor ofi\u0163eri din spionaj al c\u0103ror nume era cunoscut de \u201edefector\u201c, a fost \u201ereciclat\u201c \u015fi trimis la Securitatea Municipiului Bucure\u015fti, unde, \u00eentre altele, a avut sub supraveghere Spitalul Fundeni \u015fi, inclusiv, pe so\u0163ia dizidentului Radu Filipescu, care lucra acolo. Activitatea sa \u00een Securitate nu l-a \u00eempiedicat s\u0103 se \u201ereorienteze\u201c profesional; din 1990 ajunge \u015fef al Comisiei economice din cadrul Frontului Salv\u0103rii Na\u0163ionale \u015fi apoi Secretar General al Partidului Democrat, dup\u0103 scindarea FSN. \u00cen 1997 a fost propulsat, cu sus\u0163inerea PD, ca secretar general al Prefecturii Capitalei \u015fi apoi ca vicepre\u015fedinte al Agen\u0163iei Na\u0163ionale de Dezvoltare \u015fi membru \u00een mai multe comisii de \u201eprivatizare\u201c. Ca \u015fi Silvian Ionescu, Mihai Darie este ac\u0163ionar la mai multe firme, a acumulat o avere conform\u0103 cu \u201erangul\u201c s\u0103u \u015fi are certificat de revolu\u0163ionar, cu toate drepturile aferente. Nu odat\u0103, a participat, la dreapta lui Traian B\u0103sescu, la \u00eent\u00eelniri politice importante.<\/h4>\n<h4 style=\"text-align: justify;\">\u00cen 12 februarie 1998, r\u0103spunz\u00eend unui ziarist care l-a \u00eentrebat de ce a fost inclus Mihai Darie \u00een delega\u0163ia PD care s-a \u00eent\u00eelnit \u00een ianuarie 1998 cu pre\u015fedintele Emil Constantinescu, av\u00eend \u00een vedere c\u0103 a f\u0103cut parte din Securitate, B\u0103sescu a r\u0103spuns c\u0103 acesta a fost invitat pentru c\u0103 era nevoie de mai mul\u0163i oameni care s\u0103 confirme ceea ce s-a discutat cu pre\u015fedintele \u015fi c\u0103, de altfel, Darie este \u201eunul din fo\u015ftii securi\u015fti cinsti\u0163i\u201c. \u00cen 2001, el a fost unul dintre sus\u0163in\u0103torii lui Traian B\u0103sescu \u00een cucerirea pozi\u0163iei de pre\u015fedinte al PD. Era at\u00eet de cinstit, \u00eenc\u00eet, \u00een 17 iunie 2003, a fost primit \u015fi de Patriarhul Teoctist. Dar o lun\u0103 mai t\u00eerziu, pe 8 iulie, securistul cinstit Mihai Darie p\u0103r\u0103se\u015fte Partidul Democrat \u015fi trece peste drum, la PSD, argument\u00eendu-\u015fi decizia prin faptul c\u0103 fostul s\u0103u protector, Traian B\u0103sescu, de fapt distruge partidul, provoac\u0103 scandal \u015fi creeaz\u0103 animozit\u0103\u0163i \u00een clasa politic\u0103. \u201eM\u0103 doare, dup\u0103 14 ani de zile, s\u0103 constat c\u0103 lucrurile \u00een PD se \u00eendreapt\u0103 \u00eentr-o direc\u0163ie gre\u015fit\u0103\u201c, spunea acum fostul securist protejat de Traian B\u0103sescu (<em>Azi<\/em>, 9 iulie 2003). Ca o parantez\u0103, tr\u0103darea sa nu a r\u0103mas ner\u0103spl\u0103tit\u0103: a ajuns consilier al prim-ministrului N\u0103stase, pe probleme de administra\u0163ie public\u0103 local\u0103.<\/h4>\n<h4 style=\"text-align: justify;\"><strong>Silvian Ionescu &#8211; un securist \u015fi mai bun<\/strong><\/h4>\n<h4 style=\"text-align: justify;\">\u00cen partid \u015fi de-a dreapta lui Traian B\u0103sescu, locul r\u0103mas liber a fost ocupat de bine-cunoscutul Silvian Ionescu. El este, cum am mai ar\u0103tat, un apropiat al actualului pre\u015fedinte, ei acord\u00eendu-\u015fi reciproc, dup\u0103 1989, sprijin \u00een ascensiunea politic\u0103.<\/h4>\n<h4 style=\"text-align: justify;\"><\/h4>\n<figure id=\"attachment_1990\" aria-describedby=\"caption-attachment-1990\" style=\"width: 483px\" class=\"wp-caption aligncenter\"><a href=\"http:\/\/www.desteptati-va.ro\/wp-content\/uploads\/2011\/05\/silvian-ionescu-1.jpg\"><img loading=\"lazy\" decoding=\"async\" class=\" wp-image-1990\" title=\"Silvian Ionescu\" src=\"http:\/\/www.desteptati-va.ro\/wp-content\/uploads\/2011\/05\/silvian-ionescu-1-300x225.jpg\" alt=\"Silvian Ionescu\" width=\"483\" height=\"362\"><\/a><figcaption id=\"caption-attachment-1990\" class=\"wp-caption-text\">Silvian Ionescu<\/figcaption><\/figure>\n<h4 style=\"text-align: justify;\">Silvian Ionescu s-a n\u0103scut la 1 septembrie 1951, \u00een Constan\u0163a. A intrat \u00een Securitate \u00een anul 1974, dup\u0103 absolvirea Academiei de Studii Economice, Facultatea de Comer\u0163 Exterior din Bucure\u015fti. \u00centre 1979-1983, s-a aflat \u00een misiune permanent\u0103 \u00een Portugalia. Ulterior a avut mai multe deplas\u0103ri \u00een str\u0103in\u0103tate, \u00een misiuni speciale. \u00cen 1985 a devenit \u015fef de serviciu \u00een Direc\u0163ia I din cadrul Centrului de Informa\u0163ii Externe, care avea drept atribu\u0163ii principale spionarea \u0163\u0103rilor membre NATO \u015fi urm\u0103rirea informativ\u0103 a disiden\u0163ilor rom\u00e2ni stabili\u0163i \u00een str\u0103in\u0103tate, post pe care l-a de\u0163inut p\u00een\u0103 \u00een decembrie 1989.<\/h4>\n<h4 style=\"text-align: justify;\">\u00cen aprecieri de serviciu din perioada \u00een care a lucrat \u00een Securitate, se afirm\u0103 c\u0103 \u201ea \u00eenc\u0103lcat normele muncii\u201c, av\u00eend rela\u0163ii neoficiale cu cet\u0103\u0163eni str\u0103ini, deconspir\u0103ri, raport\u0103ri \u015fi chiar deconturi false. A fost trecut \u00een rezerv\u0103 la data de 31 martie 1990, cu gradul de c\u0103pitan, de la C-510, unitatea de contraspionaj din cadrul Serviciului de Informa\u0163ii Externe (fosta unitate 0195 din cadrul DIE, cea a generalului Mo\u0163, care \u201ecentralizase\u201c opera\u0163iunile de \u201eaport valutar special\u201c). A ob\u0163inut certificat de revolu\u0163ionar \u015fi beneficiaz\u0103 de drepturile prev\u0103zute de lege.<\/h4>\n<h4 style=\"text-align: justify;\">De la \u00eenceputul anului 1990, Silvian Ionescu a intrat \u00een politic\u0103, fiind unul dintre membri fondatori ai Frontului Salv\u0103rii Na\u0163ionale ca partid. A f\u0103cut parte din primul Colegiu Director, fiind secretar executiv organizatoric, iar dup\u0103 scindarea FSN, a ocupat func\u0163ii similare \u00een Partidul Democrat. \u00cen anul 2000, a f\u0103cut parte din echipa de consilieri generali ai lui Traian B\u0103sescu pentru Prim\u0103ria Capitalei, din care a demisionat \u00een 2002, \u00een urma public\u0103rii rezultatelor anchetei Corpului de Control al primului-ministru, referitoare la afacerile pe care consilierii locali (\u00eentre care \u015fi el) le f\u0103ceau cu Prim\u0103ria Municipiului Bucure\u015fti.<\/h4>\n<h4 style=\"text-align: justify;\">Suspiciunile privind implicarea sa \u00een acte de corup\u0163ie s\u00eent mai vechi. \u00centr-un raport \u00eenaintat Consiliului Na\u0163ional de Ac\u0163iune \u00eempotriva Corup\u0163iei \u015fi a Crimei Organizate, \u00een 1998, se ar\u0103ta c\u0103 \u201edispune de o situa\u0163ie material\u0103 deosebit\u0103, de\u0163ine mai multe apartamente \u00een Bucure\u015fti, o vil\u0103 la Mogo\u015foaia, mai multe autoturisme\u201c. De atunci \u00eencoace \u015fi p\u00een\u0103 ast\u0103zi, situa\u0163ia lui material\u0103 s-a \u00eembun\u0103t\u0103\u0163it sim\u0163itor. Ca \u015fi cea politic\u0103. El a ocupat func\u0163iile de membru \u00een Biroul Permanent al PD, secretar executiv al PD, pre\u015fedinte al Organiza\u0163iei PD Sector 3 \u015fi a fost nominalizat pe lista de consilieri cu care Traian B\u0103sescu s-a prezentat \u00een alegerile pentru Prim\u0103ria Capitalei.<\/h4>\n<h4 style=\"text-align: justify;\">Dup\u0103 succesul \u00een alegeri al Alian\u0163ei \u201eDreptate \u015fi Adev\u0103r\u201c, \u00een 9 ianuarie 2005, a fost numit Prefect al Capitalei, dar \u00een 14 ianuarie a demisionat din func\u0163ie, \u00een urma unor afirma\u0163ii publice ale pre\u015fedintelui Traian B\u0103sescu, care s-a exprimat \u00eentr-o emisiune televizat\u0103 \u00eempotriva numirii pe care PD a f\u0103cut-o pentru Prefectura Capitalei, din cauza trecutului s\u0103u. Era \u201eo mare dezam\u0103gire \u015fi o surpriz\u0103 nepl\u0103cut\u0103\u201c din partea fo\u015ftilor colegi din PD: \u201enu era cazul s\u0103 fie desemnat prefect \u00een cea mai mare prefectur\u0103 din \u0163ar\u0103 [&#8230;]. M\u0103car problemele mediatice \u015ftrebuiau s\u0103 conteze\u0163 \u015fi nu trebuia s\u0103 fac\u0103 acest lucru. Se g\u0103sea un loc sub soare pentru un om care a muncit, pentru un om devotat, nu neap\u0103rat \u00een cea mai important\u0103 prefectur\u0103 a Rom\u00e2niei\u201c.<\/h4>\n<h4 style=\"text-align: justify;\">Patru zile mai t\u00eerziu, Silvian Ionescu a demisionat, declar\u00eend c\u0103 \u00een decizia sa \u201ea prevalat dezam\u0103girea domnului pre\u015fedinte Traian B\u0103sescu\u201c, iar domnul pre\u015fedinte s-a declarat mul\u0163umit de \u201eelegan\u0163a gestului lui Silvian Ionescu\u201c. Locul sub soare pentru Silvian Ionescu a fost g\u0103sit \u00een 8 aprilie 2005, c\u00eend a fost numit Secretar de Stat \u00een Ministerul Mediului \u015fi comisar-\u015fef al G\u0103rzii de Mediu, \u00eenlocuindu-l \u00een acest\u0103 func\u0163ie pe generalul Silinescu, care \u00eenainte de 1989 fusese coleg cu Silvian Ionescu \u00een cadrul DIE.<\/h4>\n<h4 style=\"text-align: justify;\">Traian B\u0103sescu sim\u0163ea, probabil, nevoia s\u0103 aib\u0103 permanent \u00een preajm\u0103 o persoan\u0103 calm\u0103, echilibrat\u0103, cu o perspectiv\u0103 asupra \u201ededesubturilor\u201c acestei lumi, a\u015fa cum se vede c\u0103 ar fi un \u201esecurist de treab\u0103\u201c. \u00cen termeni psihologici, aceast\u0103 reac\u0163ie se nume\u015fte \u201eteam\u0103 de abandon\u201c. C\u0103ci puteau veni vremuri \u00een care umbrele trecutului s\u0103 b\u00eentuie din nou, iar pav\u0103za \u00eempotriva lor trebuia \u0163inut\u0103 aproape.<\/h4>\n<h4 style=\"text-align: justify;\"><strong>Aliat cu M\u0103gureanu \u015fi \u201esecuri\u015ftii cei buni\u201c<\/strong><\/h4>\n<h4 style=\"text-align: justify;\">P\u00een\u0103 la \u00eent\u00eempl\u0103rile pe care le vom descrie mai jos \u015fi care aveau s\u0103-i tulbure din nou curba lin\u0103, dar decis\u0103, a ascensiunii sale, Traian B\u0103sescu a g\u0103sit cu cale chiar s\u0103 provoace el \u00eensu\u015fi atacuri politice pe tema Securit\u0103\u0163ii.<\/h4>\n<h4 style=\"text-align: justify;\">De pild\u0103, \u00een 25 aprilie 2000, Teodor Mele\u015fcanu, pe atunci pre\u015fedinte al Alian\u0163iei pentru Rom\u00e2nia, a fost acuzat de B\u0103sescu tocmai din aceast\u0103 direc\u0163ie: \u201esub aparen\u0163a z\u00eembetului lini\u015ftit, Mele\u015fcanu \u00eencearc\u0103 s\u0103 aduc\u0103 fosta Securitate \u00een zona de decizie politic\u0103 [&#8230;]. Singura solu\u0163ie pentru \u00eendep\u0103rtarea din via\u0163a politic\u0103 a unor indivizi de teapa domnului Mele\u015fcanu este aplicarea Legii privind accesul la dosarele fostei Securit\u0103\u0163i\u201c. \u00cen replic\u0103, Mele\u015fcanu i-a r\u0103spuns lui B\u0103sescu c\u0103 nu se las\u0103 impresionat de amenin\u0163\u0103rile lui Traian B\u0103sescu, deoarece \u201enu va avea timp s\u0103 \u015fi le pun\u0103 \u00een practic\u0103, dup\u0103 ce efectele Legii Ticu se vor face sim\u0163ite\u201c. Probabil, fiecare \u015ftia sau b\u0103nuia c\u00eete ceva despre cel\u0103lalt; dar, cum se va dovedi, timpul l-a contrazis pe domnul Mele\u015fcanu \u2013 cel pu\u0163in din perspectiva faptului c\u0103 umbrele trecutului nu au stat \u00een calea ascensiunii lui Traian B\u0103sescu.<\/h4>\n<h4 style=\"text-align: justify;\"><\/h4>\n<figure id=\"attachment_1991\" aria-describedby=\"caption-attachment-1991\" style=\"width: 369px\" class=\"wp-caption aligncenter\"><a href=\"http:\/\/www.desteptati-va.ro\/wp-content\/uploads\/2011\/05\/Teodor_Melescanu.jpg\"><img loading=\"lazy\" decoding=\"async\" class=\" wp-image-1991\" title=\"Teodor Melescanu\" src=\"http:\/\/www.desteptati-va.ro\/wp-content\/uploads\/2011\/05\/Teodor_Melescanu-218x300.jpg\" alt=\"Teodor Melescanu\" width=\"369\" height=\"505\"><\/a><figcaption id=\"caption-attachment-1991\" class=\"wp-caption-text\">Teodor Melescanu<\/figcaption><\/figure>\n<h4 style=\"text-align: justify;\">\u00cen cur\u00eend, Traian B\u0103sescu avea s\u0103-\u015fi tempereze de tot elanul antisecuristic, dup\u0103 ce, \u00een mai 2001, s-a realizat fuziunea \u00eentre Partidul Democrat \u015fi Partidul Na\u0163ional Rom\u00e2n, condus de Virgil M\u0103gureanu. \u00centrebat pe 24 mai 2001 ce rost are fuziunea dintre PD \u015fi PNR, \u00een condi\u0163iile \u00een care s\u00eent cunoscute leg\u0103turile membrilor acestui partid cu fosta Securitate, Traian B\u0103sescu a r\u0103spuns printr-un subterfugiu neconving\u0103tor: \u201e\u00een ce prive\u015fte pe domnul M\u0103gureanu \u015fi pe al\u0163i oameni care au colaborat cu Securitatea, sigur c\u0103 infestarea partidului cu astfel de oameni este toxic\u0103, dar legisla\u0163ia \u00een vigoare \u00eei pune \u00een fa\u0163a opiniei publice \u015fi opinia public\u0103 decide dac\u0103 poate fi ales, dac\u0103 nu poate fi ales \u00een vreo structur\u0103 de conducere\u201c. Cu alte cuvinte, p\u00een\u0103 la proba contrarie, to\u0163i securi\u015ftii s\u00eent buni \u2013 cel pu\u0163in pentru politic\u0103. Balan\u0163a lui Traian B\u0103sescu de a judeca oamenii din perspectiva trecutului lor a \u00eenclinat de-a lungul timpului, se pare, mai \u00eentotdeauna \u00een favoarea celor care, \u00een vreun fel sau altul, apar\u0163ineau acelei lumi a ochilor alba\u015ftii \u015fi a privirii o\u0163elite.<\/h4>\n<h4 style=\"text-align: justify;\">Lui Traian B\u0103sescu umbrele trecutului i-au oferit un r\u0103gaz de cinci ani, din 1992 \u015fi p\u00een\u0103 \u00een 1997, c\u00eend, dup\u0103 cum am v\u0103zut, cu prilejul izbucnirii scandalului \u201elista lui Severin\u201c, a trebuit s\u0103 fac\u0103 unele confesiuni fa\u0163\u0103 de colegii din conducerea Partidului Democrat cu privire la activitatea sa ca reprezentant NAVROM la Anvers. Tema a revenit \u00een dezbatere \u00een iunie anul urm\u0103tor, \u00een contextul scandalului Barany, c\u00eend B\u0103sescu a fost solicitat din nou la clarific\u0103ri cu privira la rela\u0163iile sale cu Securitatea. Dar, practic, la mai bine de un deceniu de la dezv\u0103luirile din 1992, b\u0103t\u0103liile sale pentru ap\u0103rarea propriei imagini au fost puternic ancorate \u00een prezent, fiind legate de acuza\u0163iile care i-au fost aduse cu privire la activitatea ca ministru al Transporturilor, cu prec\u0103dere la ceea ce presa a numit, prelu\u00eend un caz aflat pe masa procurorilor, \u201edosarul Flota\u201c. Un nou scandal public avea s\u0103 izbucneasc\u0103, \u00een leg\u0103tur\u0103 cu trecutul s\u0103u dinainte de 1989, la doisprezece ani de la primele dezv\u0103luiri cu privire la leg\u0103turile pe care Traian B\u0103sescu le-ar fi avut cu Securitatea.<\/h4>\n<h4 style=\"text-align: justify;\"><strong>B\u0103sescu, \u201eparte v\u0103t\u0103mat\u0103\u201c<\/strong><\/h4>\n<h4 style=\"text-align: justify;\">Pe 15 februarie 2004, Mugur Ciuvic\u0103, fost \u015fef de cabinet al pre\u015fedintelui Emil Constantinescu, al\u0103turi de fostul ofi\u0163er navigator Max B\u0103din, din Constan\u0163a, l-au acuzat din nou pe Traian B\u0103sescu de colaborare cu poli\u0163ia secret\u0103 comunist\u0103, readuc\u00eend \u00een aten\u0163ia public\u0103 <em>Registrul cu persoanele din r\u00eendul membrilor PCR pentru care s-a dat aprobarea s\u0103 sprijine munca de Securitate<\/em>, \u00een care acesta figura ca \u201esurs\u0103\u201c a Securit\u0103\u0163ii. B\u0103sescu l-a dat \u00een judecat\u0103 pe Mugur Ciuvic\u0103 pentru calomnie, acesta din urm\u0103 fiind condamnat \u2013 prin sentin\u0163\u0103 definitiv\u0103 la 14 februarie 2005, c\u00eend \u201epartea v\u0103t\u0103mat\u0103\u201c ajunsese pre\u015fedintele Rom\u00e2niei \u2013 la plata a 500 milioane lei desp\u0103gubiri. Ini\u0163ial, Traian B\u0103sescu solicitase, simbolic, un leu, dar a revenit \u2013 iar instan\u0163a i-a acordat exact suma cerut\u0103 ca desp\u0103gubiri, dar pe care acesta nu a mai \u00eentreprins, ulterior, demersuri pentru a o ob\u0163ine de la cel condamnat. Procesul a fost intens mediatizat \u015fi a avut darul s\u0103 readuc\u0103 \u00een aten\u0163ia public\u0103 sensibila problem\u0103 a rela\u0163iilor sale cu Securitatea.<\/h4>\n<h4 style=\"text-align: justify;\">Traian B\u0103sescu fusese deja audiat, \u00een conformitate cu statutul s\u0103u public \u015fi cu legea, de c\u0103tre Consiliul Na\u0163ional pentru Studierea Arhivelor Securit\u0103\u0163ii. Dup\u0103 republicarea datelor din registrul amintit, \u00een 27 februarie 2004, Mircea Dinescu, membru \u00een Colegiul CNSAS, a declarat c\u0103, la aceast\u0103 institu\u0163ie, \u00eempotriva lui Traian B\u0103sescu \u201enu exist\u0103 nici o prob\u0103 real\u0103. Acest registru a mai ie\u015fit la lumin\u0103 acum c\u00ee\u0163iva ani. Noi c\u00eend l-am audiat pe B\u0103sescu l-am \u00eentrebat despre acest lucru, iar el ne-a spus c\u0103, \u00een momentul \u00een care venea din curs\u0103, era luat la \u00eentreb\u0103ri de un ofi\u0163er\u201c. Cu aceea\u015fi ocazie, Mircea Dinescu declara c\u0103 \u201emai interesant\u201c este cazul lui Silvian Ionescu, a c\u0103rui convocare la CNSAS era iminent\u0103. \u00cen aceea\u015fi zi, dup\u0103 cum am v\u0103zut deja, fostul spion recuno\u015ftea c\u0103 a fost \u015feful Serviciului I, care se ocupa de Vestul Europei, inclusiv de Belgia, calitate \u00een care \u015ftia c\u0103 \u201eacolo exista un cet\u0103\u0163ean Traian B\u0103sescu la NAVROM la Anvers\u201c, de care \u00ee\u015fi amintea, de\u015fi nu \u00eei fusese subordonat. Dup\u0103 audierea lui Silvian Ionescu, \u00een luna februarie 2005, Mircea Dinescu declara c\u0103 acesta \u201ea lucrat la SIE \u015fi a r\u0103spuns de Agen\u0163ia NAVROM-Anvers, \u00eentre 1987-1989, unde a fost angajat domnul B\u0103sescu\u201c.<\/h4>\n<h4 style=\"text-align: justify;\"><\/h4>\n<figure id=\"attachment_1992\" aria-describedby=\"caption-attachment-1992\" style=\"width: 472px\" class=\"wp-caption aligncenter\"><a href=\"http:\/\/www.desteptati-va.ro\/wp-content\/uploads\/2011\/05\/sigla-CNSAS.jpg\"><img loading=\"lazy\" decoding=\"async\" class=\" wp-image-1992\" title=\"Sigla CNSAS\" src=\"http:\/\/www.desteptati-va.ro\/wp-content\/uploads\/2011\/05\/sigla-CNSAS-300x295.jpg\" alt=\"Sigla CNSAS\" width=\"472\" height=\"464\"><\/a><figcaption id=\"caption-attachment-1992\" class=\"wp-caption-text\">Sigla CNSAS<\/figcaption><\/figure>\n<h4 style=\"text-align: justify;\">Dar nu la CNSAS avea s\u0103 poarte Traian B\u0103sescu b\u0103t\u0103lia cu propriul trecut, ci \u00een fa\u0163a instan\u0163ei de judecat\u0103, unde \u00eei chemase pe Mugur Ciuvic\u0103 \u015fi Max B\u0103din, acuz\u00eendu-i de calomnie. \u00cen declara\u0163ia de parte v\u0103t\u0103mat\u0103, din 17 martie 2004, B\u0103sescu ar\u0103ta c\u0103 rapoartele sale f\u0103cute cu privire la voiajele pe mare \u201enu se refereau la persoane, ci numai la activit\u0103\u0163ile desf\u0103\u015furate pe parcursul voiajului [&#8230;]. Nu am avut leg\u0103turi cu persoane ce f\u0103ceau parte din Securitate [&#8230;]. De altfel, niciodat\u0103 nu am fost contactat de un astfel de reprezentant\u201c. Noua afirma\u0163ie nu era de natur\u0103 s\u0103 fac\u0103 lumin\u0103 printre umbrele trecutului, ci s\u0103 produc\u0103 o \u015fi mai mare confuzie. C\u0103ci alte declara\u0163ii trecute \u015fi viitoare ale lui Traian B\u0103sescu (din iunie 1998, din 30 septembrie 2004, din 1 iunie 2004, din 3 iunie 2004, din 8 octombrie 2004, din 7 februarie 2005, din 13 decembrie 2005, din 19 iunie 2006 \u015fi din 5 septembrie 2006), conform c\u0103rora activitatea sa de dinainte de 1989 reclama contacte cu ofi\u0163erii poli\u0163iei secrete comuniste, o contrazic pe cea f\u0103cut\u0103 \u00een instan\u0163\u0103 la data de 17 martie 2004, \u00een care spunea c\u0103 nu a avut leg\u0103turi cu persoane din Securitate.<\/h4>\n<h4 style=\"text-align: justify;\">Traian B\u0103sescu avea s\u0103 revin\u0103 asupra acestei afirma\u0163ii destul de repede, f\u0103r\u0103 s\u0103 o corecteze explicit. La 1 iunie 2004, prezent la emisiunea \u201eTu decizi\u201c, difuzat\u0103 de Prima TV, la \u00eentrebarea dac\u0103 a fost colaborator al Securit\u0103\u0163ii, a r\u0103spuns c\u0103 \u201e\u00een limitele legii a colaborat cu toate institu\u0163iile statului, inclusiv cu Securitatea statului\u201c, iar \u00een 3 iunie 2004, la emisiunea \u201eAlege Na\u015ful\u201c, difuzat\u0103 de B1 TV, tot el declara: \u201eeu v\u0103 pot spune, sub cuv\u00eent de onoare, c\u0103 nu am f\u0103cut niciodat\u0103 poli\u0163ie politic\u0103, a\u015fa cum este definit\u0103 de lege, \u015fi c\u0103 at\u00eeta timp c\u00eet am fost comandant de nav\u0103, at\u00eeta timp c\u00eet am fost \u00een anchete privitoare la mari accidente navale, \u00eenainte de 1990, blocaje de c\u00eerm\u0103 pe Canalul Suez la un petrolier, scufundarea navei \u00abIndependen\u0163a\u00bb, scufundarea navei \u00abUnirea\u00bb, cazul dramatic de la Haga, judecata de la Haga, \u00een cazul navei \u00abMehedin\u0163i\u00bb, am participat la aceste cazuri, acolo au fost mul\u0163i speciali\u015fti, comandan\u0163i de nav\u0103, juri\u015fti, avoca\u0163i, \u015fefi mecanici, dar \u015fi ofi\u0163eri de securitate, \u00eentotdeauna\u201c. \u00centre timp, continua procesul B\u0103sescu \u2013 Civic\u0103, prin citarea martorilor. (\u00cen vara anului 2004, am fost citat ca martor al ap\u0103r\u0103rii \u00een procesul intentat de Traian B\u0103sescu lui Mugur Ciuvic\u0103, \u00een urma dezv\u0103luirii leg\u0103turilor actualului pre\u015fedinte cu Securitatea. Am declarat \u00een fa\u0163a instan\u0163ei c\u0103 documentele prezentate de Ciuvic\u0103 s\u00eent autentice \u015fi c\u0103 ele s\u00eent conforme cu practicile \u015fi uzan\u0163ele Securit\u0103\u0163ii, f\u0103r\u0103 a face nici o referire personal\u0103 la Traian B\u0103sescu. R\u0103spunsurile date au privit efectiv aspecte legate de practicile poli\u0163iei politice \u00een racolarea informatorilor \u015fi consemnarea activit\u0103\u0163ii acestora \u00een documente \u015fi registre, precum cel incriminat.)<\/h4>\n<h4 style=\"text-align: justify;\"><strong>Serviciul Rom\u00e2n de Informa\u0163ii \u2013 \u201emartor\u201c al acuz\u0103rii<\/strong><\/h4>\n<h4 style=\"text-align: justify;\">\u00cencep\u00eend cu luna mai a acelui an, Mugur Ciuvic\u0103 a solicitat mai multe probe \u00een ap\u0103rare. Pe 25 ale lunii, adresa Colegiului CNSAS o cerere de reverificare a colabor\u0103rii lui Traian B\u0103sescu cu Securitatea, indic\u00eend, \u00een acest sens, mai multe documente care ar trebui consultate: Registrul jurnal pentru eviden\u0163a re\u0163elei informative din Jude\u0163ul Constan\u0163a; adresa num\u0103rul 0043467 din 3 august 1978, prin care dosarul personal al lui Traian B\u0103sescu a fost primit la arhiva Securit\u0103\u0163ii; procesul verbal num\u0103rul 58212 din 15 august 1979, pe baza c\u0103ruia a fost distrus dosarul personal al lui Traian B\u0103sescu; dosarul personal num\u0103rul 3990 din perioada 1977-1979 al colaboratorului Securit\u0103\u0163ii Constan\u0163a Traian B\u0103sescu; dosarul de urm\u0103rire informativ\u0103 (DUI) \u201eC\u00eerma\u201c, din perioada 1979-1981, referitor la o avarie petrecut\u0103 pe nava Dacia \u015fi dosarul de urm\u0103rire informativ\u0103 privind petrolierul Independen\u0163a.<\/h4>\n<h4 style=\"text-align: justify;\"><\/h4>\n<figure id=\"attachment_1993\" aria-describedby=\"caption-attachment-1993\" style=\"width: 416px\" class=\"wp-caption aligncenter\"><a href=\"http:\/\/www.desteptati-va.ro\/wp-content\/uploads\/2011\/05\/SRI-Serviciul-Roman-de-Informatii-Patrie-si-Onoare-Roncea-ro.jpg\"><img loading=\"lazy\" decoding=\"async\" class=\" wp-image-1993\" title=\"SRI - Serviciul Roman de Informatii\" src=\"http:\/\/www.desteptati-va.ro\/wp-content\/uploads\/2011\/05\/SRI-Serviciul-Roman-de-Informatii-Patrie-si-Onoare-Roncea-ro-300x282.jpg\" alt=\"SRI - Serviciul Roman de Informatii\" width=\"416\" height=\"392\"><\/a><figcaption id=\"caption-attachment-1993\" class=\"wp-caption-text\">SRI &#8211; Serviciul Roman de Informatii<\/figcaption><\/figure>\n<h4 style=\"text-align: justify;\">CNSAS a transmis mai departe SRI-ului lista acestor documente, prin adresa S\/2256 \/A\/28 mai 2004, dup\u0103 cum a fost \u00een\u015ftiin\u0163at Ciuvic\u0103, dar r\u0103spunsul, sosit dup\u0103 numai zece zile, a fost dezarmant: \u201enu au fost identificate \u00een arhiva preluat\u0103 de la fostele organe de securitate\u201c documentele din adresa citat\u0103. Tot la sf\u00eer\u015fitul lunii mai, acelea\u015fi documente erau solicitate SRI-ului de c\u0103tre Judec\u0103toria Sectorului 2, unde se derula procesul B\u0103sescu \u2013 Ciuvic\u0103, dar r\u0103spunsul (transmis, de ast\u0103 dat\u0103, o lun\u0103 mai t\u00eerziu) a fost acela\u015fi cu cel transmis CNSAS-ului: \u201edocumentele solicitate nu au fost identificate \u00een arhiva preluat\u0103 de la fostele organe de securitate\u201c (Adresa SRI c\u0103tre CNSAS este descris\u0103 la Punctul 6 al Deciziei Colegiului CNSAS nr. 310\/26.09.2006, iar r\u0103spunsul transmis Judec\u0103toriei Sectorului 2 de c\u0103tre SRI a fost \u00eenregistrat la instan\u0163\u0103 cu nr. 62978 din 28 iunie 2004).<\/h4>\n<h4 style=\"text-align: justify;\">\u00cen toamna aceluia\u015fi an, umbrele trecutului aveau s\u0103 se n\u0103pusteasc\u0103 din nou asupra lui Traian B\u0103sescu, tocmai datorit\u0103 acestui proces pe care el \u00eel intentase, constituindu-se parte v\u0103t\u0103mat\u0103, fa\u0163\u0103 de calomnia privind colaborarea sa cu Securitatea. Era \u00eengrijorat, iar colegii de partid i-au stat al\u0103turi; pentru prima dat\u0103 \u00een carier\u0103, cum nu se \u00eent\u00eempla nici m\u0103car \u00een vremea scandalului \u201eFlota\u201c, Traian B\u0103sescu nu-\u015fi ascundea sup\u0103rarea \u015fi sim\u0163ea nevoia de sprijin. Cel pu\u0163in din partea Serviciului Rom\u00e2n de Informa\u0163ii l-a primit sub forma neg\u0103rii oric\u0103rui dosar care \u00eel prive\u015fte.<\/h4>\n<h4 style=\"text-align: justify;\"><strong>B\u0103sescu sub ap\u0103sarea trecutului<\/strong><\/h4>\n<h4 style=\"text-align: justify;\">B\u0103sescu era m\u00eehnit \u015fi ab\u0103tut, din nou b\u00eentuit de umbrele trecutului. \u00cen fa\u0163a instan\u0163ei de judecat\u0103, la 1 septembrie 2004, doi dintre apropia\u0163ii s\u0103i de atunci, Adriean Videanu \u015fi Dorin Iacob, pentru a poten\u0163a efectele negative pe care \u201ecalomnia\u201c lui Ciuvic\u0103 cu privire la colaborarea cu Securitatea o avea asupra pre\u015fedintelui lor, au declarat c\u0103 \u201eatitudinea lui Traian B\u0103sescu \u00een perioada c\u00eend au fost f\u0103cute acele afirma\u0163ii a fost una de m\u00eehnire. St\u0103tea de vorb\u0103 cu noi, cu apropia\u0163ii din partid, p\u00een\u0103 la dou\u0103-trei noaptea, sim\u0163ea parc\u0103 nevoia s\u0103 se disculpe \u00een fa\u0163a noastr\u0103. \u00cencepuse s\u0103 vorbeasc\u0103 \u015fi cu fo\u015ftii lui colegi din Marina Civil\u0103, parc\u0103 ar fi sim\u0163it nevoia s\u0103 cear\u0103 dovezi \u00een sprijinul lui\u201c, spunea Videanu, care, ca responsabil cu \u201eimaginea partidului\u201c, a avut, dup\u0103 cum declara, mult de lucru pentru a \u00eenl\u0103tura \u201eefectele pe care aceste calomnii le-au avut asupra imaginii publice a lui B\u0103sescu\u201c.<\/h4>\n<h4 style=\"text-align: justify;\">Mai ales c\u0103, dup\u0103 cum dovedeau sondaje de opinie, credibilitatea liderului PD a fost \u201ezdruncinat\u0103\u201c \u00eencep\u00eend cu luna februarie a acelui an. \u201eEl este un om care a dus multe b\u0103t\u0103lii cu institu\u0163iile statului, dar pu\u0163ine lucruri l-au afectat a\u015fa cum au f\u0103cut-o aceste afirma\u0163ii. A fost singura ocazie de acest gen c\u00eend a discutat cu reprezentan\u0163ii partidului problemele sale personale. De exemplu, \u00een dosarul \u00abFlota\u00bb ne-a rugat s\u0103 nu angren\u0103m partidul, sus\u0163in\u00eend c\u0103 este o problem\u0103 personal\u0103\u201c, a mai ad\u0103ugat Videanu. M\u00eehnirea lui B\u0103sescu a fost sesizat\u0103 \u015fi de fostul secretar executiv al PD Dorin Iacob (provenit \u015fi el tot din \u201ezona serviciilor\u201c, precum predecesorii): \u201eTraian B\u0103sescu are o m\u00eendrie personal\u0103 \u015fi o satisfac\u0163ie a tot ce a realizat \u00een cariera sa, \u00eens\u0103, a\u015fa de m\u00eehnit, de zdruncinat, cum l-am v\u0103zut atunci c\u00eend B\u0103din \u015fi Ciuvic\u0103 l-au acuzat c\u0103 ar fi fost \u00abturn\u0103tor\u00bb pentru Securitate \u00eentre anii 1978 \u015fi 1989, nu l-am v\u0103zut niciodat\u0103\u201c (<em>Cotidianul<\/em>, 2 septembrie 2004).<\/h4>\n<h4 style=\"text-align: justify;\">Dar confruntarea cu umbrele trecutului era abia la \u00eenceput; procesul abia st\u00eernise apele \u00eentunecate, iar m\u00eelul de la fundul lor ie\u015fea \u00eencet la suprafa\u0163\u0103. Jucat\u0103 sau nu de apropia\u0163ii s\u0103i ca argument de sensibilizare a instan\u0163ei, m\u00eehnirea lui Traian B\u0103sescu avea \u00een cur\u00eend, cu siguran\u0163\u0103, s\u0103 nu mai r\u0103m\u00een\u0103 doar o poz\u0103 de familie cu democra\u0163i aduna\u0163i \u00een jurul pre\u015fedintelui ab\u0103tut, ci o real\u0103 problem\u0103 de imagine.<\/h4>\n<h4 style=\"text-align: justify;\"><em>Dup\u0103 mai multe demersuri, o adres\u0103 a Ministerului Ap\u0103r\u0103rii Na\u0163ionale (MApN) din 30 septembrie 2004, trimis\u0103 Judec\u0103toriei Sectorului 2 ca r\u0103spuns la cererea instan\u0163ei care avea pe rol dosarul nr. 1949\/2004 (B\u0103sescu versus Ciuvic\u0103), avea s\u0103 provoace noi valuri de acuza\u0163ii \u015fi dezmin\u0163iri cu privire la colaborarea \u201ep\u0103r\u0163ii v\u0103t\u0103mate\u201c. Adresa afirma c\u0103 \u201eB\u0103sescu Traian a fost colaborator al organelor de contrainforma\u0163ii militare, pe timpul c\u00eet era elev al Institutului de Marin\u0103, av\u00eend dosarul personal nr. 3990\/09.11.1973\u201c. <\/em><\/h4>\n<h4 style=\"text-align: justify;\"><strong>O r\u0103sturnare de situa\u0163ie: apare dovada<\/strong><\/h4>\n<h4 style=\"text-align: justify;\">Mai precis, \u00een depozitul de arhiv\u0103 al MapN, fusese identificat un nou registru \u00een care figura numele lui Traian B\u0103sescu \u2013 <em>Registru-jurnal pentru eviden\u0163a re\u0163elei informative a Comandamentului Marinei Militare Constan\u0163a<\/em>, inventariat la nr. 39\/1972. Din studiul acestuia, dup\u0103 cum se arat\u0103 \u00een adresa transmis\u0103 instan\u0163ei de judecat\u0103, a rezultat c\u0103 \u201eB\u0103sescu Traian, n\u0103scut la data de 4 septembrie 1951, a fost colaborator al organelor de contrainforma\u0163ii militare, pe timpul c\u00eet a fost la Institutul de Marin\u0103, av\u00eend dosarul personal nr. 3990 din 9 noiembrie 1973. Nu i s-a stabilit nume conspirativ. La data de 27 septembrie 1976, la terminarea studiilor, s-a \u00eencetat leg\u0103tura cu acesta. Dosarul personal cu num\u0103rul de mai sus a fost transferat la Inspectoratul Jude\u0163ean Constan\u0163a al Ministerului de Interne, cu adresa nr. 00151392 din 29 septembrie1976\u201c. Se mai spune c\u0103 \u00een arhivele militare nu exist\u0103 alte documente din acest dosar, preluat de fosta Securitate, \u00een afara men\u0163ion\u0103rii sale, dar \u015fi c\u0103 \u201enu a fost identificat procesul verbal de distrugere a dosarului personal nr. 3990\u201c (document reprodus de Bogdan Tiberiu Iacob \u00een <em>Libertatea<\/em>, din 30 septembrie 2004).<\/h4>\n<h4 style=\"text-align: justify;\">Dup\u0103 aceste date, \u00eenainte de a fi \u201esursa\u201c Traian B\u0103sescu, racolat\u0103 de locotenentul Mihai Avramides \u00een 5 noiembrie 1977, acesta colaborase cu Securitatea \u00eenc\u0103 de pe b\u0103ncile Liceului de Marin\u0103. Faptul pune \u00eentr-o nou\u0103 lumin\u0103 \u015fi men\u0163ionarea numelui s\u0103u \u00een <em>Registrul cu persoanele din r\u00eendul membrilor PCR pentru care s-a dat aprobarea s\u0103 sprijine munca de Securitate<\/em>: se poate spune c\u0103 nu a fost \u201eracolat\u201c de Avramides (cum acesta \u015fi sus\u0163ine), ci, pur \u015fi simplu, preluat de acesta \u015fi utilizat \u00een diferite \u201esarcini pe linie de securitate\u201c, dup\u0103 uzan\u0163ele institu\u0163iei, odat\u0103 cu \u00eencadrarea sa la noul s\u0103u de munc\u0103. Intrat sub \u201ejurisdic\u0163ia\u201c Securit\u0103\u0163ii din Portul Constan\u0163a, un absolvent de marin\u0103, colaborator al Securit\u0103\u0163ii, schimba at\u00eet ofi\u0163erul care-l avea \u00een coordonare, c\u00eet \u015fi natura informa\u0163iilor pe care trebuia s\u0103 le furnizeze. Dup\u0103 cum arat\u0103 cele dou\u0103 registre, cel de la jude\u0163eana de partid \u015fi cel de la Marin\u0103, c\u00eend s-a deschis dosarul s\u0103u de colaborator \u2013 elev la Institutul de Marin\u0103 \u2013, Traian B\u0103sescu \u00eemplinise de 5 zile 22 de ani, iar c\u00eend a fost transferat Securit\u0103\u0163ii, pentru a fi preluat de ofi\u0163erul operativ Avramides de la Securitatea Portului Constan\u0163a, \u00eemplinise 26 de ani.<\/h4>\n<h4 style=\"text-align: justify;\"><strong>B\u0103sescu contraatac\u0103: \u201ep\u00een\u0103 la poli\u0163ie politic\u0103 e cale lung\u0103\u201c<\/strong><\/h4>\n<h4 style=\"text-align: justify;\">\u00cen primele momente dup\u0103 ce aceste noi informa\u0163ii au fost f\u0103cute publice, B\u0103sescu a declarat c\u0103 \u201einstan\u0163a a primit de la MApN un document falsificat de serviciile secrete\u201c. Acuza\u0163ia, extrem de grav\u0103, s-a dovedit a fi nefondat\u0103 \u2013 probabil \u00ee\u015fi pierduse cump\u0103tul, sub asaltul trecutului. Ulterior, autenticitatea registrului din arhivele militare a fost confirmat\u0103 de conducerea MApN \u015fi recunoscut\u0103 de acesta. Dar Traian B\u0103sescu, vicepre\u015fedinte al Alian\u0163ei Dreptate \u015fi Adev\u0103r, sus\u0163inea \u00een continuare c\u0103 este victima unui \u015fantaj politic. \u00cen 30 septembrie 2004, referitor la documentul MapN, care fusese trimis deja \u015fi se afla la Judec\u0103toria sectorului 2, document potrivit c\u0103ruia ar fi colaborat cu contrainforma\u0163iile militare de c\u00eend era pe b\u0103ncile Institutului de Marin\u0103, el a dezv\u0103luit c\u0103 \u201eam primit \u015fi eu acest document cu \u015fapte zile \u00een urm\u0103, sub form\u0103 de \u015fantaj, de la o persoan\u0103 care \u00eemi cerea s\u0103 negociez, altfel h\u00eertia va ajunge \u00een dosarul de la judec\u0103torie. Am refuzat orice \u00een\u0163elegere, dar nu am f\u0103cut public documentul pe care l-am primit, pentru a nu fi acuzat de scenarit\u0103. Acum, informa\u0163ia a ajuns la pres\u0103 pe alte c\u0103i dec\u00eet de la mine \u015fi pot s\u0103 spun c\u0103 este o \u00eencercare de discreditare pueril\u0103\u201c.<\/h4>\n<h4 style=\"text-align: justify;\">Traian B\u0103sescu a mai declarat c\u0103 documentul (cu antetul UM 01150, care de\u0163ine arhiva MApN) face trimitere la un registru din anii 1972-1973 \u015fi, cum este vorba de un serviciu de contraspionaj, trimiterea ar fi trebuit f\u0103cut\u0103 la un dosar, nu la un simplu registru.<\/h4>\n<h4 style=\"text-align: justify;\">\u00cen mod ciudat, Traian B\u0103sescu nu a f\u0103cut nici o precizare \u00een leg\u0103tur\u0103 cu identitatea persoanei care l-ar fi \u015fantajat \u2013 nici atunci \u015fi nici mai t\u00eerziu \u2013 \u015fi nici una dintre ac\u0163iunile sale ulterioare nu arat\u0103 c\u0103 ar fi \u00eencercat s\u0103 fac\u0103 \u00een a\u015fa fel ca acesteia s\u0103 i se administreze cuvenita pedeaps\u0103 legal\u0103 \u2013 cu at\u00eet mai mult ar fi trebuit s\u0103 l\u0103mureasc\u0103 aceast\u0103 chestiune \u00een justi\u0163ie, din postura sa de pre\u015fedinte al Rom\u00e2niei. C\u0103ci, \u00een fond, este vorba de o ac\u0163iune grav\u0103, de \u015fantajare a unui candidat la alegerile preziden\u0163iale. Singurul atac a fost atunci cel la adresa \u201eserviciilor secrete\u201c, acuzate \u00een acea ocazie c\u0103 s\u00eent \u201eimplicate \u00een campania electoral\u0103\u201c: \u201edocumentul de la <em>Libertatea<\/em> (cotidianul care l-a publicat \u2013 <em>n.n<\/em>.) este similar cu cel clasificat, prezentat doar judec\u0103toarei? Atunci, \u00eenseamn\u0103 c\u0103 avem un serviciu implicat \u00een campania electoral\u0103 \u015fi mai ales servicii care scot documente de dragul de a face un joc politic\u201c, a acuzat B\u0103sescu. Dac\u0103 cele publicate \u00een pres\u0103 corespund cu documentele depuse la instan\u0163\u0103, ad\u0103uga el, \u201e\u00eenseamn\u0103 c\u0103 serviciile de informa\u0163ii ale armatei s-au implicat \u00een \u015fantaj \u015fi \u00een campanie electoral\u0103\u201c, mai preciza. C\u00eet despre con\u0163inutul \u00een sine, Train B\u0103sescu a spus c\u0103 se face trimitere doar la un registru din 1972-1973, de\u015fi, cum este vorba de un serviciu de contraspionaj, trimiterea ar fi trebuit f\u0103cut\u0103 la un dosar \u015fi nu la un simplu registru.<\/h4>\n<h4 style=\"text-align: justify;\">Altfel, B\u0103sescu recuno\u015ftea c\u0103 \u201e\u00een 1973, c\u00eend se zice aici c\u0103 am devenit colaborator al Serviciului de Contrainforma\u0163ii al Armatei, eram \u00een anul II, la Facultatea de Marin\u0103. \u00cen luna mai a acelui an, am avut o ie\u015fire cu \u015fcoala \u00een Mediterana. Pentru a ie\u015fi peste hotare, la vremea aceea, trebuia s\u0103 complet\u0103m un formular al Serviciului de Contrainforma\u0163ii \u015fi s\u0103 trecem printr-un interogatoriu al ofi\u0163erului de contrainforma\u0163ii. Acesta ne-a \u00eentrebat fel de fel de stupizenii, despre felul \u00een care se \u00een\u0163eleg p\u0103rin\u0163ii, ce prieteni am, cu ce se ocup\u0103, ce muzic\u0103 ascult, ce rude am \u00een str\u0103in\u0103tate \u015fi altele de acest gen. Asta este tot. De aici p\u00een\u0103 la poli\u0163ie politic\u0103 este cale lung\u0103\u201c.<\/h4>\n<h4 style=\"text-align: justify;\">Dincolo de aceste afirma\u0163ii \u015fi de cele care i-au urmat, at\u00eet ale sale, c\u00eet \u015fi ale altora, prieteni sau inamici politici, dezl\u0103n\u0163uite \u00eentr-un adev\u0103rat carusel \u2013 urm\u0103rind aceea\u015fi ax\u0103 a leg\u0103turilor lui B\u0103sescu cu Securitatea \u2013, cert este un lucru: procesul \u00eel v\u0103t\u0103ma, \u00een sine, mai mult dec\u00eet o f\u0103cuse afirma\u0163ia lui Ciuvic\u0103 de la \u00eenceputul anului 2004. De atunci \u00eencoace, Traian B\u0103sescu nu a mai putut relua niciodat\u0103 ceea ce spusese \u00een prima declara\u0163ie f\u0103cut\u0103 \u00een instan\u0163\u0103, sub jur\u0103m\u00eent, la data de 17 martie 2004: \u201eNu am avut leg\u0103turi cu persoane ce f\u0103ceau parte din Securitate\u201c.<\/h4>\n<h4 style=\"text-align: justify;\"><em>Sursa: Marius Oprea &#8211; Observator Cultural 2010<\/em><\/h4>\n<h4 style=\"text-align: justify;\"><\/h4>        <div class=\"booster-block booster-reactions-block\">\n            <div class=\"twp-reactions-icons\">\n                \n                <div class=\"twp-reacts-wrap\">\n                    <a react-data=\"be-react-1\" post-id=\"3706\" class=\"be-face-icons un-reacted\" href=\"javascript:void(0)\">\n                        <img decoding=\"async\" src=\"https:\/\/desteptati-va.ro\/wp-content\/plugins\/booster-extension\/\/assets\/icon\/happy.svg\" alt=\"Happy\">\n                    <\/a>\n                    <div class=\"twp-reaction-title\">\n                        Happy                    <\/div>\n                    <div class=\"twp-count-percent\">\n                                                    <span style=\"display: none;\" class=\"twp-react-count\">0<\/span>\n                        \n                                                <span class=\"twp-react-percent\"><span>0<\/span> %<\/span>\n                                            <\/div>\n                <\/div>\n\n                <div class=\"twp-reacts-wrap\">\n                    <a react-data=\"be-react-2\" post-id=\"3706\" class=\"be-face-icons un-reacted\" href=\"javascript:void(0)\">\n                        <img decoding=\"async\" src=\"https:\/\/desteptati-va.ro\/wp-content\/plugins\/booster-extension\/\/assets\/icon\/sad.svg\" alt=\"Sad\">\n                    <\/a>\n                    <div class=\"twp-reaction-title\">\n                        Sad                    <\/div>\n                    <div class=\"twp-count-percent\">\n                                                    <span style=\"display: none;\" class=\"twp-react-count\">0<\/span>\n                                                                        <span class=\"twp-react-percent\"><span>0<\/span> %<\/span>\n                                            <\/div>\n                <\/div>\n\n                <div class=\"twp-reacts-wrap\">\n                    <a react-data=\"be-react-3\" post-id=\"3706\" class=\"be-face-icons un-reacted\" href=\"javascript:void(0)\">\n                        <img decoding=\"async\" src=\"https:\/\/desteptati-va.ro\/wp-content\/plugins\/booster-extension\/\/assets\/icon\/excited.svg\" alt=\"Excited\">\n                    <\/a>\n                    <div class=\"twp-reaction-title\">\n                        Excited                    <\/div>\n                    <div class=\"twp-count-percent\">\n                                                    <span style=\"display: none;\" class=\"twp-react-count\">0<\/span>\n                                                                        <span class=\"twp-react-percent\"><span>0<\/span> %<\/span>\n                                            <\/div>\n                <\/div>\n\n                <div class=\"twp-reacts-wrap\">\n                    <a react-data=\"be-react-6\" post-id=\"3706\" class=\"be-face-icons un-reacted\" href=\"javascript:void(0)\">\n                        <img decoding=\"async\" src=\"https:\/\/desteptati-va.ro\/wp-content\/plugins\/booster-extension\/\/assets\/icon\/sleepy.svg\" alt=\"Sleepy\">\n                    <\/a>\n                    <div class=\"twp-reaction-title\">\n                        Sleepy                    <\/div>\n                    <div class=\"twp-count-percent\">\n                                                    <span style=\"display: none;\" class=\"twp-react-count\">0<\/span>\n                        \n                                                <span class=\"twp-react-percent\"><span>0<\/span> %<\/span>\n                                            <\/div>\n                <\/div>\n\n                <div class=\"twp-reacts-wrap\">\n                    <a react-data=\"be-react-4\" post-id=\"3706\" class=\"be-face-icons un-reacted\" href=\"javascript:void(0)\">\n                        <img decoding=\"async\" src=\"https:\/\/desteptati-va.ro\/wp-content\/plugins\/booster-extension\/\/assets\/icon\/angry.svg\" alt=\"Angry\">\n                    <\/a>\n                    <div class=\"twp-reaction-title\">Angry<\/div>\n                    <div class=\"twp-count-percent\">\n                                                    <span style=\"display: none;\" class=\"twp-react-count\">0<\/span>\n                                                                        <span class=\"twp-react-percent\"><span>0<\/span> %<\/span>\n                        \n                    <\/div>\n                <\/div>\n\n                <div class=\"twp-reacts-wrap\">\n                    <a react-data=\"be-react-5\" post-id=\"3706\" class=\"be-face-icons un-reacted\" href=\"javascript:void(0)\">\n                        <img decoding=\"async\" src=\"https:\/\/desteptati-va.ro\/wp-content\/plugins\/booster-extension\/\/assets\/icon\/surprise.svg\" alt=\"Surprise\">\n                    <\/a>\n                    <div class=\"twp-reaction-title\">Surprise<\/div>\n                    <div class=\"twp-count-percent\">\n                                                    <span style=\"display: none;\" class=\"twp-react-count\">0<\/span>\n                                                                        <span class=\"twp-react-percent\"><span>0<\/span> %<\/span>\n                                            <\/div>\n                <\/div>\n\n            <\/div>\n        <\/div>\n\n    <\/div>","protected":false},"excerpt":{"rendered":"<p>Intr-o lume dominata de interese financiare transationale este nevoie mai mult decat oricand de oameni care sa decripteze mesajele ce<a href=\"https:\/\/desteptati-va.ro\/index.php\/2021\/04\/16\/traian-basescu-politica-si-epoleti-partea-i\/\">Read More<i class=\"fa fa-long-arrow-right\" aria-hidden=\"true\"><\/i><\/a><\/p>\n","protected":false},"author":1,"featured_media":4612,"comment_status":"open","ping_status":"open","sticky":false,"template":"","format":"standard","meta":{"_crdt_document":"","footnotes":""},"categories":[50],"tags":[734,713,735,736,60,725,715,737,738,739,740,522,741,210,732],"class_list":["post-3706","post","type-post","status-publish","format-standard","has-post-thumbnail","hentry","category-despre-traian-basescu","tag-avramides","tag-basescu","tag-colaborare","tag-despteptati","tag-desteptati-va","tag-dosar","tag-flota","tag-ionescu","tag-nastase","tag-navrom","tag-revolutionari","tag-securitate","tag-silvian","tag-traian","tag-traian-basescu"],"rise-blocks_total_comments":0,"rise-blocks_categories":[{"term_id":50,"name":"Ticalosul suprem","slug":"despre-traian-basescu","term_group":0,"term_taxonomy_id":50,"taxonomy":"category","description":"","parent":49,"count":8,"filter":"raw"}],"rise-blocks_excerpt":"Intr-o lume dominata de interese financiare transationale este nevoie mai mult decat oricand de oameni care sa decripteze mesajele ce pot amagii masele si sa patrunda dincolo de bunele intentii clamate de purtatorii de vorbe ai trusturilor monopoliste din est, vest sau de aiurea. In asemena situatii experienta oamenilor din fostele si actualele servicii de informatii este absolute necesara. De..","yoast_head":"<!-- This site is optimized with the Yoast SEO plugin v26.9 - https:\/\/yoast.com\/product\/yoast-seo-wordpress\/ -->\r\n<title>Traian BASESCU. Politica si epoleti - Partea I -<\/title>\r\n<meta name=\"robots\" content=\"index, follow, max-snippet:-1, max-image-preview:large, max-video-preview:-1\" \/>\r\n<link rel=\"canonical\" href=\"https:\/\/desteptati-va.ro\/index.php\/2021\/04\/16\/traian-basescu-politica-si-epoleti-partea-i\/\" \/>\r\n<meta property=\"og:locale\" content=\"ro_RO\" \/>\r\n<meta property=\"og:type\" content=\"article\" \/>\r\n<meta property=\"og:title\" content=\"Traian BASESCU. Politica si epoleti - Partea I -\" \/>\r\n<meta property=\"og:description\" content=\"Intr-o lume dominata de interese financiare transationale este nevoie mai mult decat oricand de oameni care sa decripteze mesajele ceRead More\" \/>\r\n<meta property=\"og:url\" content=\"https:\/\/desteptati-va.ro\/index.php\/2021\/04\/16\/traian-basescu-politica-si-epoleti-partea-i\/\" \/>\r\n<meta property=\"article:published_time\" content=\"2021-04-16T07:59:09+00:00\" \/>\r\n<meta property=\"article:modified_time\" content=\"2022-01-31T08:37:02+00:00\" \/>\r\n<meta property=\"og:image\" content=\"https:\/\/desteptati-va.ro\/wp-content\/uploads\/2021\/04\/TraianBasescu1.jpg\" \/>\r\n\t<meta property=\"og:image:width\" content=\"310\" \/>\r\n\t<meta property=\"og:image:height\" content=\"163\" \/>\r\n\t<meta property=\"og:image:type\" content=\"image\/jpeg\" \/>\r\n<meta name=\"author\" content=\"wolfsoftcompany\" \/>\r\n<meta name=\"twitter:card\" content=\"summary_large_image\" \/>\r\n<meta name=\"twitter:label1\" content=\"Scris de\" \/>\n\t<meta name=\"twitter:data1\" content=\"wolfsoftcompany\" \/>\n\t<meta name=\"twitter:label2\" content=\"Timp estimat pentru citire\" \/>\n\t<meta name=\"twitter:data2\" content=\"33 de minute\" \/>\r\n<script type=\"application\/ld+json\" class=\"yoast-schema-graph\">{\"@context\":\"https:\/\/schema.org\",\"@graph\":[{\"@type\":\"Article\",\"@id\":\"https:\/\/desteptati-va.ro\/index.php\/2021\/04\/16\/traian-basescu-politica-si-epoleti-partea-i\/#article\",\"isPartOf\":{\"@id\":\"https:\/\/desteptati-va.ro\/index.php\/2021\/04\/16\/traian-basescu-politica-si-epoleti-partea-i\/\"},\"author\":{\"name\":\"wolfsoftcompany\",\"@id\":\"https:\/\/desteptati-va.ro\/#\/schema\/person\/13182deeebd44920914899f7bb262d6b\"},\"headline\":\"Traian BASESCU. Politica si epoleti &#8211; Partea I\",\"datePublished\":\"2021-04-16T07:59:09+00:00\",\"dateModified\":\"2022-01-31T08:37:02+00:00\",\"mainEntityOfPage\":{\"@id\":\"https:\/\/desteptati-va.ro\/index.php\/2021\/04\/16\/traian-basescu-politica-si-epoleti-partea-i\/\"},\"wordCount\":6636,\"commentCount\":0,\"image\":{\"@id\":\"https:\/\/desteptati-va.ro\/index.php\/2021\/04\/16\/traian-basescu-politica-si-epoleti-partea-i\/#primaryimage\"},\"thumbnailUrl\":\"https:\/\/desteptati-va.ro\/wp-content\/uploads\/2021\/04\/TraianBasescu1.jpg\",\"keywords\":[\"Avramides\",\"Basescu\",\"colaborare\",\"despteptati\",\"desteptati-va\",\"dosar\",\"flota\",\"Ionescu\",\"Nastase\",\"Navrom\",\"revolutionari\",\"Securitate\",\"Silvian\",\"Traian\",\"Traian Basescu\"],\"articleSection\":[\"Ticalosul suprem\"],\"inLanguage\":\"ro-RO\",\"potentialAction\":[{\"@type\":\"CommentAction\",\"name\":\"Comment\",\"target\":[\"https:\/\/desteptati-va.ro\/index.php\/2021\/04\/16\/traian-basescu-politica-si-epoleti-partea-i\/#respond\"]}]},{\"@type\":\"WebPage\",\"@id\":\"https:\/\/desteptati-va.ro\/index.php\/2021\/04\/16\/traian-basescu-politica-si-epoleti-partea-i\/\",\"url\":\"https:\/\/desteptati-va.ro\/index.php\/2021\/04\/16\/traian-basescu-politica-si-epoleti-partea-i\/\",\"name\":\"Traian BASESCU. Politica si epoleti - Partea I -\",\"isPartOf\":{\"@id\":\"https:\/\/desteptati-va.ro\/#website\"},\"primaryImageOfPage\":{\"@id\":\"https:\/\/desteptati-va.ro\/index.php\/2021\/04\/16\/traian-basescu-politica-si-epoleti-partea-i\/#primaryimage\"},\"image\":{\"@id\":\"https:\/\/desteptati-va.ro\/index.php\/2021\/04\/16\/traian-basescu-politica-si-epoleti-partea-i\/#primaryimage\"},\"thumbnailUrl\":\"https:\/\/desteptati-va.ro\/wp-content\/uploads\/2021\/04\/TraianBasescu1.jpg\",\"datePublished\":\"2021-04-16T07:59:09+00:00\",\"dateModified\":\"2022-01-31T08:37:02+00:00\",\"author\":{\"@id\":\"https:\/\/desteptati-va.ro\/#\/schema\/person\/13182deeebd44920914899f7bb262d6b\"},\"breadcrumb\":{\"@id\":\"https:\/\/desteptati-va.ro\/index.php\/2021\/04\/16\/traian-basescu-politica-si-epoleti-partea-i\/#breadcrumb\"},\"inLanguage\":\"ro-RO\",\"potentialAction\":[{\"@type\":\"ReadAction\",\"target\":[\"https:\/\/desteptati-va.ro\/index.php\/2021\/04\/16\/traian-basescu-politica-si-epoleti-partea-i\/\"]}]},{\"@type\":\"ImageObject\",\"inLanguage\":\"ro-RO\",\"@id\":\"https:\/\/desteptati-va.ro\/index.php\/2021\/04\/16\/traian-basescu-politica-si-epoleti-partea-i\/#primaryimage\",\"url\":\"https:\/\/desteptati-va.ro\/wp-content\/uploads\/2021\/04\/TraianBasescu1.jpg\",\"contentUrl\":\"https:\/\/desteptati-va.ro\/wp-content\/uploads\/2021\/04\/TraianBasescu1.jpg\",\"width\":310,\"height\":163},{\"@type\":\"BreadcrumbList\",\"@id\":\"https:\/\/desteptati-va.ro\/index.php\/2021\/04\/16\/traian-basescu-politica-si-epoleti-partea-i\/#breadcrumb\",\"itemListElement\":[{\"@type\":\"ListItem\",\"position\":1,\"name\":\"Prima pagin\u0103\",\"item\":\"https:\/\/desteptati-va.ro\/\"},{\"@type\":\"ListItem\",\"position\":2,\"name\":\"Traian BASESCU. Politica si epoleti &#8211; Partea I\"}]},{\"@type\":\"WebSite\",\"@id\":\"https:\/\/desteptati-va.ro\/#website\",\"url\":\"https:\/\/desteptati-va.ro\/\",\"name\":\"\",\"description\":\"\",\"potentialAction\":[{\"@type\":\"SearchAction\",\"target\":{\"@type\":\"EntryPoint\",\"urlTemplate\":\"https:\/\/desteptati-va.ro\/?s={search_term_string}\"},\"query-input\":{\"@type\":\"PropertyValueSpecification\",\"valueRequired\":true,\"valueName\":\"search_term_string\"}}],\"inLanguage\":\"ro-RO\"},{\"@type\":\"Person\",\"@id\":\"https:\/\/desteptati-va.ro\/#\/schema\/person\/13182deeebd44920914899f7bb262d6b\",\"name\":\"wolfsoftcompany\",\"image\":{\"@type\":\"ImageObject\",\"inLanguage\":\"ro-RO\",\"@id\":\"https:\/\/desteptati-va.ro\/#\/schema\/person\/image\/\",\"url\":\"https:\/\/secure.gravatar.com\/avatar\/a6cce9b6d101d27d91690e7073e300fed94c0899890bf998e082cb9d2c3d121e?s=96&d=mm&r=g\",\"contentUrl\":\"https:\/\/secure.gravatar.com\/avatar\/a6cce9b6d101d27d91690e7073e300fed94c0899890bf998e082cb9d2c3d121e?s=96&d=mm&r=g\",\"caption\":\"wolfsoftcompany\"},\"sameAs\":[\"http:\/\/desteptati-va.ro\"],\"url\":\"https:\/\/desteptati-va.ro\/index.php\/author\/wolfsoftcompany\/\"}]}<\/script>\r\n<!-- \/ Yoast SEO plugin. -->","yoast_head_json":{"title":"Traian BASESCU. Politica si epoleti - Partea I -","robots":{"index":"index","follow":"follow","max-snippet":"max-snippet:-1","max-image-preview":"max-image-preview:large","max-video-preview":"max-video-preview:-1"},"canonical":"https:\/\/desteptati-va.ro\/index.php\/2021\/04\/16\/traian-basescu-politica-si-epoleti-partea-i\/","og_locale":"ro_RO","og_type":"article","og_title":"Traian BASESCU. Politica si epoleti - Partea I -","og_description":"Intr-o lume dominata de interese financiare transationale este nevoie mai mult decat oricand de oameni care sa decripteze mesajele ceRead More","og_url":"https:\/\/desteptati-va.ro\/index.php\/2021\/04\/16\/traian-basescu-politica-si-epoleti-partea-i\/","article_published_time":"2021-04-16T07:59:09+00:00","article_modified_time":"2022-01-31T08:37:02+00:00","og_image":[{"width":310,"height":163,"url":"https:\/\/desteptati-va.ro\/wp-content\/uploads\/2021\/04\/TraianBasescu1.jpg","type":"image\/jpeg"}],"author":"wolfsoftcompany","twitter_card":"summary_large_image","twitter_misc":{"Scris de":"wolfsoftcompany","Timp estimat pentru citire":"33 de minute"},"schema":{"@context":"https:\/\/schema.org","@graph":[{"@type":"Article","@id":"https:\/\/desteptati-va.ro\/index.php\/2021\/04\/16\/traian-basescu-politica-si-epoleti-partea-i\/#article","isPartOf":{"@id":"https:\/\/desteptati-va.ro\/index.php\/2021\/04\/16\/traian-basescu-politica-si-epoleti-partea-i\/"},"author":{"name":"wolfsoftcompany","@id":"https:\/\/desteptati-va.ro\/#\/schema\/person\/13182deeebd44920914899f7bb262d6b"},"headline":"Traian BASESCU. Politica si epoleti &#8211; Partea I","datePublished":"2021-04-16T07:59:09+00:00","dateModified":"2022-01-31T08:37:02+00:00","mainEntityOfPage":{"@id":"https:\/\/desteptati-va.ro\/index.php\/2021\/04\/16\/traian-basescu-politica-si-epoleti-partea-i\/"},"wordCount":6636,"commentCount":0,"image":{"@id":"https:\/\/desteptati-va.ro\/index.php\/2021\/04\/16\/traian-basescu-politica-si-epoleti-partea-i\/#primaryimage"},"thumbnailUrl":"https:\/\/desteptati-va.ro\/wp-content\/uploads\/2021\/04\/TraianBasescu1.jpg","keywords":["Avramides","Basescu","colaborare","despteptati","desteptati-va","dosar","flota","Ionescu","Nastase","Navrom","revolutionari","Securitate","Silvian","Traian","Traian Basescu"],"articleSection":["Ticalosul suprem"],"inLanguage":"ro-RO","potentialAction":[{"@type":"CommentAction","name":"Comment","target":["https:\/\/desteptati-va.ro\/index.php\/2021\/04\/16\/traian-basescu-politica-si-epoleti-partea-i\/#respond"]}]},{"@type":"WebPage","@id":"https:\/\/desteptati-va.ro\/index.php\/2021\/04\/16\/traian-basescu-politica-si-epoleti-partea-i\/","url":"https:\/\/desteptati-va.ro\/index.php\/2021\/04\/16\/traian-basescu-politica-si-epoleti-partea-i\/","name":"Traian BASESCU. Politica si epoleti - Partea I -","isPartOf":{"@id":"https:\/\/desteptati-va.ro\/#website"},"primaryImageOfPage":{"@id":"https:\/\/desteptati-va.ro\/index.php\/2021\/04\/16\/traian-basescu-politica-si-epoleti-partea-i\/#primaryimage"},"image":{"@id":"https:\/\/desteptati-va.ro\/index.php\/2021\/04\/16\/traian-basescu-politica-si-epoleti-partea-i\/#primaryimage"},"thumbnailUrl":"https:\/\/desteptati-va.ro\/wp-content\/uploads\/2021\/04\/TraianBasescu1.jpg","datePublished":"2021-04-16T07:59:09+00:00","dateModified":"2022-01-31T08:37:02+00:00","author":{"@id":"https:\/\/desteptati-va.ro\/#\/schema\/person\/13182deeebd44920914899f7bb262d6b"},"breadcrumb":{"@id":"https:\/\/desteptati-va.ro\/index.php\/2021\/04\/16\/traian-basescu-politica-si-epoleti-partea-i\/#breadcrumb"},"inLanguage":"ro-RO","potentialAction":[{"@type":"ReadAction","target":["https:\/\/desteptati-va.ro\/index.php\/2021\/04\/16\/traian-basescu-politica-si-epoleti-partea-i\/"]}]},{"@type":"ImageObject","inLanguage":"ro-RO","@id":"https:\/\/desteptati-va.ro\/index.php\/2021\/04\/16\/traian-basescu-politica-si-epoleti-partea-i\/#primaryimage","url":"https:\/\/desteptati-va.ro\/wp-content\/uploads\/2021\/04\/TraianBasescu1.jpg","contentUrl":"https:\/\/desteptati-va.ro\/wp-content\/uploads\/2021\/04\/TraianBasescu1.jpg","width":310,"height":163},{"@type":"BreadcrumbList","@id":"https:\/\/desteptati-va.ro\/index.php\/2021\/04\/16\/traian-basescu-politica-si-epoleti-partea-i\/#breadcrumb","itemListElement":[{"@type":"ListItem","position":1,"name":"Prima pagin\u0103","item":"https:\/\/desteptati-va.ro\/"},{"@type":"ListItem","position":2,"name":"Traian BASESCU. Politica si epoleti &#8211; Partea I"}]},{"@type":"WebSite","@id":"https:\/\/desteptati-va.ro\/#website","url":"https:\/\/desteptati-va.ro\/","name":"","description":"","potentialAction":[{"@type":"SearchAction","target":{"@type":"EntryPoint","urlTemplate":"https:\/\/desteptati-va.ro\/?s={search_term_string}"},"query-input":{"@type":"PropertyValueSpecification","valueRequired":true,"valueName":"search_term_string"}}],"inLanguage":"ro-RO"},{"@type":"Person","@id":"https:\/\/desteptati-va.ro\/#\/schema\/person\/13182deeebd44920914899f7bb262d6b","name":"wolfsoftcompany","image":{"@type":"ImageObject","inLanguage":"ro-RO","@id":"https:\/\/desteptati-va.ro\/#\/schema\/person\/image\/","url":"https:\/\/secure.gravatar.com\/avatar\/a6cce9b6d101d27d91690e7073e300fed94c0899890bf998e082cb9d2c3d121e?s=96&d=mm&r=g","contentUrl":"https:\/\/secure.gravatar.com\/avatar\/a6cce9b6d101d27d91690e7073e300fed94c0899890bf998e082cb9d2c3d121e?s=96&d=mm&r=g","caption":"wolfsoftcompany"},"sameAs":["http:\/\/desteptati-va.ro"],"url":"https:\/\/desteptati-va.ro\/index.php\/author\/wolfsoftcompany\/"}]}},"_links":{"self":[{"href":"https:\/\/desteptati-va.ro\/index.php\/wp-json\/wp\/v2\/posts\/3706","targetHints":{"allow":["GET"]}}],"collection":[{"href":"https:\/\/desteptati-va.ro\/index.php\/wp-json\/wp\/v2\/posts"}],"about":[{"href":"https:\/\/desteptati-va.ro\/index.php\/wp-json\/wp\/v2\/types\/post"}],"author":[{"embeddable":true,"href":"https:\/\/desteptati-va.ro\/index.php\/wp-json\/wp\/v2\/users\/1"}],"replies":[{"embeddable":true,"href":"https:\/\/desteptati-va.ro\/index.php\/wp-json\/wp\/v2\/comments?post=3706"}],"version-history":[{"count":2,"href":"https:\/\/desteptati-va.ro\/index.php\/wp-json\/wp\/v2\/posts\/3706\/revisions"}],"predecessor-version":[{"id":4613,"href":"https:\/\/desteptati-va.ro\/index.php\/wp-json\/wp\/v2\/posts\/3706\/revisions\/4613"}],"wp:featuredmedia":[{"embeddable":true,"href":"https:\/\/desteptati-va.ro\/index.php\/wp-json\/wp\/v2\/media\/4612"}],"wp:attachment":[{"href":"https:\/\/desteptati-va.ro\/index.php\/wp-json\/wp\/v2\/media?parent=3706"}],"wp:term":[{"taxonomy":"category","embeddable":true,"href":"https:\/\/desteptati-va.ro\/index.php\/wp-json\/wp\/v2\/categories?post=3706"},{"taxonomy":"post_tag","embeddable":true,"href":"https:\/\/desteptati-va.ro\/index.php\/wp-json\/wp\/v2\/tags?post=3706"}],"curies":[{"name":"wp","href":"https:\/\/api.w.org\/{rel}","templated":true}]}}