{"id":3709,"date":"2021-04-16T08:01:41","date_gmt":"2021-04-16T08:01:41","guid":{"rendered":"http:\/\/desteptati.ro\/?p=3709"},"modified":"2022-01-31T10:33:31","modified_gmt":"2022-01-31T08:33:31","slug":"traian-basescu-inceputurile","status":"publish","type":"post","link":"https:\/\/desteptati-va.ro\/index.php\/2021\/04\/16\/traian-basescu-inceputurile\/","title":{"rendered":"Traian BASESCU. Inceputurile"},"content":{"rendered":"<div class=\"post-content\"><div class='booster-block booster-read-block'>\n                <div class=\"twp-read-time\">\n                \t<i class=\"booster-icon twp-clock\"><\/i> <span>Read Time:<\/span>8 Minute, 27 Second                <\/div>\n\n            <\/div><h4 style=\"text-align: justify;\">Exista intodeauna tentatia oamenilor de a-si cunoaste&nbsp;conducatorii vremelnici. Chiar daca despre Traian Basescu au fost zeci de articole, dorinta de a cauta petele albe si negre in caracterul celui care discretionar conduce destinele unui popor va exista permanent. Pornind de la aceasta axioma, vom incerca sa descriem personajul.<\/h4>\n<h4 style=\"text-align: justify;\">Nascut la 4 noiembrie 1951 in orasul Basarabi judetul Constanta intr-o familie in care tatal era ofiter de tancuri iar mama casnica, familia beneficiaza de o serie de facilitati oferite de regimul comunist in dorinta de a crea o noua armata romana dupa model sovietic, &nbsp;in care ce-a mai mare parte a ofiterilor proveneau din clasa muncitoare, situatie in care se afla si tatal d-lui Traian Basescu.<\/h4>\n<img loading=\"lazy\" decoding=\"async\" class=\"aligncenter wp-image-2745\" src=\"http:\/\/www.desteptati-va.ro\/wp-content\/uploads\/2011\/11\/Basescu-Abdicarea-Regelui-Mihai-un-act-de-tradare-nationala-Video-.jpg\" alt=\"\" width=\"422\" height=\"315\">\n<h4 style=\"text-align: justify;\">Remarca de mai tarziu a presedintelui adresata unui tanar ziarist&nbsp; \u201ctu pari a fi un puiut de comunist\u201d &nbsp;i se potriveste mai de graba celui care a facut-o, iar prin &nbsp;\u201cAdriene ce blestem pe acest popor sa aleaga intre doi comunisti\u201d &nbsp;marcheaza o parte din carentele morale ale \u201cpresedintelui nostru\u201d care condamna in mod ipocrit &nbsp;regimul comunist in care s-a inserat asiduu si de care a profitat din plin.<\/h4>\n<h4 style=\"text-align: justify;\"><\/h4>\n<figure id=\"attachment_1963\" aria-describedby=\"caption-attachment-1963\" style=\"width: 353px\" class=\"wp-caption aligncenter\"><a href=\"http:\/\/www.desteptati-va.ro\/wp-content\/uploads\/2011\/05\/basescu-nastase.jpg\"><img loading=\"lazy\" decoding=\"async\" class=\" wp-image-1963\" title=\"Basescu si Nastase - in cursa electorala\" src=\"http:\/\/www.desteptati-va.ro\/wp-content\/uploads\/2011\/05\/basescu-nastase.jpg\" alt=\"Basescu si Nastase - in cursa electorala\" width=\"353\" height=\"264\"><\/a><figcaption id=\"caption-attachment-1963\" class=\"wp-caption-text\">Basescu si Nastase &#8211; in cursa electorala<\/figcaption><\/figure>\n<h4 style=\"text-align: justify;\"><strong>A fost Traina Basescu racolat de securitate?<\/strong><\/h4>\n<h4 style=\"text-align: justify;\">Din multitudinea materialelor aparute se pare ca da, dar nu acest lucru este in primul rand condamnabil, ci stilul&nbsp; cum incearca sa se eschiveze, modul in care incearca sa prosteasca o lume si sa optureze evidentele.<\/h4>\n<h4 style=\"text-align: justify;\">\u00cen 18 februarie 1992, ziarul const\u0103n\u0163ean <em>Telegraf <\/em> \u00eencepea publicarea \u00een serial a unor nume de informatori ai Securit\u0103\u0163ii, provenind, dup\u0103 cum s-a l\u0103murit ulterior, dintr-un registru special al eviden\u0163ei aprob\u0103rilor date de conducerea local\u0103 de partid, la solicitarea Inspectoratului Jude\u0163ean de Securitate, pentru a folosi ca informatori anumi\u0163i membrii de partid.<\/h4>\n<h4 style=\"text-align: justify;\">Acestea erau uzan\u0163ele, dup\u0103 ce Nicolae Ceau\u015fescu a interzis, la \u00eenceputul anilor \u201970, ca membrii PCR s\u0103 mai fie racola\u0163i sau urm\u0103ri\u0163i de poli\u0163ia secret\u0103 comunist\u0103 f\u0103r\u0103 avizul conducerii locale de partid, de la nivel jude\u0163ean sau al Municipiului Bucure\u015fti, \u00een func\u0163ie de domiciliul respectivilor. \u201eLista cu informatorii Securit\u0103\u0163ii\u201c, extra\u015fi din acest <em>Registru cu persoanele din r\u00eendul membrilor PCR pentru care s-a dat aprobarea s\u0103 sprijine munca de Securitate<\/em>, a fost deschis\u0103 de la primul num\u0103r al serialului de \u201eB\u0103sescu Traian \u2013 ministru al Transporturilor\u201c.<\/h4>\n<h4 style=\"text-align: justify;\">\u00cen debutul serialului, care a tulburat nop\u0163ile multor const\u0103n\u0163eni de vaz\u0103, ziarul publica pozi\u0163ia 19 din registru, unde se afla numele B\u0103sescu Traian, data sa de na\u015ftere, men\u0163ionarea locului de munc\u0103 la vremea \u00een care a fost racolat (IEFM NAVROM Constan\u0163a), cu men\u0163iunea c\u0103 este \u201esurs\u0103\u201c din data de 5 noiembrie 1977, ceea ce presupunea deci racolarea sa la mai bine de un an de la terminarea Institutului de Marin\u0103, c\u00eend deja era ofi\u0163er navigator.<\/h4>\n<h4 style=\"text-align: justify;\"><\/h4>\n<figure id=\"attachment_1964\" aria-describedby=\"caption-attachment-1964\" style=\"width: 300px\" class=\"wp-caption aligncenter\"><a href=\"http:\/\/www.desteptati-va.ro\/wp-content\/uploads\/2011\/05\/navrom.png\"><img loading=\"lazy\" decoding=\"async\" class=\"size-medium wp-image-1964\" title=\"Actuala sigla a Navrom\" src=\"http:\/\/www.desteptati-va.ro\/wp-content\/uploads\/2011\/05\/navrom-300x135.png\" alt=\"Actuala sigla a Navrom\" width=\"300\" height=\"135\"><\/a><figcaption id=\"caption-attachment-1964\" class=\"wp-caption-text\">Actuala sigla a Navrom<\/figcaption><\/figure>\n<h4 style=\"text-align: justify;\">Comentariile ziarului erau extrem de dure la adresa lui \u015fi, f\u0103r\u0103 \u00eendoial\u0103, au avut darul s\u0103-l tulbure. Era tulburat, mai ales, de episodul din trecut pe care \u00eel evoca acea \u201elist\u0103 cu informatorii Securit\u0103\u0163ii\u201c.<\/h4>\n<h4 style=\"text-align: justify;\">Momentul era unul dificil. Sensibilit\u0103\u0163ile rom\u00e2nilor legate de fosta poli\u0163ie politic\u0103 comunist\u0103 erau \u00eenc\u0103 puternice. Si acum mai multe date.<\/h4>\n<h4 style=\"text-align: justify;\"><strong>TRAIAN BASESCU<\/strong> a fost racolat de Securitate in 1973, pe cand era elev al Institutului de Marina intocmindu-i-se dosarul personal nr. 3990\/09-11-1973. Pana la terminarea studiilor in 1976 a fost colaborator al lucratorilor din Directia a IV- a de Contrainformatii Militare. (A nu se confunda cu Directia a III-a de Contraspionaj! ) In aceasta calitate elevul militar BASESCU TRAIAN avea obligatia sa informeze organele de Securitate despre modul in care se desfasurau activitatile specifice in Institut, despre comportamentul si atitudinea colegilor si ale cadrelor didactice atat in cadrul activitatilor specifice, cat si in particular. La terminarea studiilor, Directia a IV- a de Contrainformatii Militare a incetat legatura cu colaboratorul BASESCU TRAIAN , dosarul personal al acestuia fiind transferat la Inspectoratul Judetean Constanta al Ministerului de Interne, Departamentul Securitatii Statului, cu adresa nr. 00151392\/29- 09-1976.<\/h4>\n<h4 style=\"text-align: justify;\"><\/h4>\n<figure id=\"attachment_1965\" aria-describedby=\"caption-attachment-1965\" style=\"width: 396px\" class=\"wp-caption aligncenter\"><a href=\"http:\/\/www.desteptati-va.ro\/wp-content\/uploads\/2011\/05\/04.Mihai_Avramides.jpg\"><img loading=\"lazy\" decoding=\"async\" class=\" wp-image-1965\" title=\"Mihai Avramides\" src=\"http:\/\/www.desteptati-va.ro\/wp-content\/uploads\/2011\/05\/04.Mihai_Avramides-218x300.jpg\" alt=\"Mihai Avramides\" width=\"396\" height=\"542\"><\/a><figcaption id=\"caption-attachment-1965\" class=\"wp-caption-text\">Mihai Avramides<\/figcaption><\/figure>\n<h4 style=\"text-align: justify;\">Dupa absolvirea Institutului de Marina, TRAIAN BASESCU este incadrat ca ofiter la Intreprinderea de Exploatare a Flotei Maritime NAVROM Constanta . In aceasta calitate TRAIAN BASESCU este preluat ca informator sursa de catre lucratorii Biroului de Securitate Port Constanta condus la acea vreme de ofiterul Dumitru Nicusor. De folosirea ofiterului de marina TRAIAN BASESCU s-a ocupat direct locotenentul major de Securitate Mihai Avramides care organiza contacte cu acesta inainte de plecarea in cursa si la intoarcere. La aceste intalniri participa de regula si seful lui Avramides, Dumitru Nicusor, care insa se intalniea si separat cu TRAIAN BASESCU. In calitatea sa de ofiter de marina, TRAIAN BASESCU dadea informatii cu privire la starea de spirit a echipajului, temele de discutie abordate de membrii echipajului, activitatile si contactele pe care membrii echipajului le aveau in porturi, in timpul escalelor, activitati de contrabanda si specula, dar si despre eventuale aprecieri sau comentarii facute de membrii echipajului cu privire la conducerea superioara de partid si de stat. De mentionat faptul ca desi in acea perioada era valabil ordinul conform caruia membrilor PCR nu li se puteau lua informatii scrise, locotenentul major Avramides, care avea o experienta redusa in munca de Securitate, el provenind din sistemul penitenciarelor, a cerut si a obtinut de la informatorul TRAIAN BASESCU mai multe note scrise pe care le-a depus la dosarul acestuia, nr. 3990\/1973.<\/h4>\n<h4 style=\"text-align: justify;\">In jurul anului 1980, Mihai Avramides s-a intors, la cerere, la Directia Penitenciarelor. Dupa plecarea lui Avramides din cadrul Biroului de Securitate Port Constanta, TRAIAN BASESCU a continuat sa fie prelucrat informativ de ofiterii Rosioru Ioan si Deacu Constantin, tot sub coordonarea sefului biroului, Dumitru Nicusor. Dumitru Nicusor a trecut dupa 1989 in SRI, ajungand General, sef al Sectiei SRI Constanta si apoi seful Centrului Operativ Zonal Dobrogea.<\/h4>\n<h4 style=\"text-align: justify;\">TRAIAN BASESCU a sustinut in 1981 examenul de Comandant, care a fost o simpla formalitate, a durat numai 5 minute, dupa care a primit comanda navei Arges. In acea perioada era de notorietate in randul colegilor sai sustinerea de care acesta se bucura.<\/h4>\n<h4 style=\"text-align: justify;\">In jurul anului 1984 informatorul TRAIAN BASESCU a fost trecut in reteaua Directiei de Informatii Externe din Departamentul Securitatii Statului unde a lucrat cu ofiterul Silvian Ionescu din cadrul Directiei I. In 1987 TRAIAN BASESCU este numit sef al Agentiei Economice NAVROM din Anvers, Belgia, unde isi desfasoara activitatea sub directa coordonare a lui Silvian Ionescu care conducea la acea data Serviciul I (Belgia-Olanda- Luxemburg) din Directia I a DIE.<\/h4>\n<h4 style=\"text-align: justify;\">In aceasta perioada TRAIAN BASESCU a transmis preponderent informatii de inters economic cu privire la activitatile din porturile maritime Anvers si Roterdam, dar si informatii cu privire la echipajele navelor care acostau in aceste porturi, precum si informatii despre membrii personalului diplomatic roman din tarile respective. In vara anului 1988, TRAIAN BASESCU a fost retras temporar de la Anvers pentru a participa la un instructaj care a durat doua luni si s-a desfasurat la Centrul de perfectionare pe profil.<\/h4>\n<h4 style=\"text-align: justify;\"><\/h4>\n<figure id=\"attachment_1966\" aria-describedby=\"caption-attachment-1966\" style=\"width: 549px\" class=\"wp-caption aligncenter\"><a href=\"http:\/\/www.desteptati-va.ro\/wp-content\/uploads\/2011\/05\/silvian-ionescu.jpg\"><img loading=\"lazy\" decoding=\"async\" class=\" wp-image-1966\" title=\"Silvian Ionescu\" src=\"http:\/\/www.desteptati-va.ro\/wp-content\/uploads\/2011\/05\/silvian-ionescu-300x195.jpg\" alt=\"Silvian Ionescu\" width=\"549\" height=\"357\"><\/a><figcaption id=\"caption-attachment-1966\" class=\"wp-caption-text\">Silvian Ionescu<\/figcaption><\/figure>\n<h4 style=\"text-align: justify;\">In 22 decembrie 1989, ofiterul de Securitate Silvian Ionescu, cel care l-a avut in legatura pe TRAIAN BASESCU, s-a infiltrat printre revolutionarii din fata Comitetului Central, a intrat in anturajul lui Dan Iosif si ulterior al lui Gelu Voican Voiculescu si in ianuarie 1990 a fost numit Secretar Executiv al FSN.<\/h4>\n<h4 style=\"text-align: justify;\">La inceputul anului 1989 in ascensiunea profesionala a lui TRAIAN BASESCU intervine o sincopa. Pe 8-03-1989 este rechemat in tara , fiind acuzat de nereguli grave in administrarea fondurilor NAVROM.<\/h4>\n<h4 style=\"text-align: justify;\">TRAIAN BASESCU a fost sanctionat pentru ca a autorizat, fara aprobarea NAVROM Constanta, o plata suplimentara de 300.000 de franci belgieni pentru lucrarile de reparatii efectuate la nava Zimnicea in ianuarie 1989. Sanctiunea primita s-a datorat, mai ales, faptului ca TRAIAN BASESCU a decis ca lucrarile de reparatii sa fie executate de Santierul Naval Belliard din portul Anvers, desi existau oferte de executie a lucrarilor, mult mai ieftine, din partea altor santiere navale din acelasi port.<\/h4>\n<h4 style=\"text-align: justify;\">In perioada ianuarie-martie 1989 TRAIAN BASESCU a trimis numeroase note informative si rapoarte in tara incercand sa-si justifice deciziile, dar si lansand acuze grave si neintemeiate la adresa Comandantului navei Zimnicea. Datorita gravitatii exceptionale a faptelor de care a fost acuzat, tinand cont de legislatia din acea vreme, numai sustinerea din partea Securitatii poate explica faptul ca TRAIAN BASESCU a fost sanctionat doar administrativ, si nu a suportat si rigorile legii. El a fost &nbsp;mentinut ca angajat al NAVROM Constanta, fara sa mai primeasca insa nici o insarcinare pana la Revolutie.<\/h4>\n<h4 style=\"text-align: justify;\">Imediat dupa Revolutie, TRAIAN BASESCU a fost numit Director General al Inspectoratului de Stat al Navigatiei Civile din Ministerul Transporturilor. Pentru a obtine aceasta functie foarte importanta, TRAIAN BASESCU s-a bucurat de recomandarea si sustinerea secretarului executiv al FSN Silvian Ionescu, dar si ale vechiului sau prieten, Calin Marinescu, zis Shogunul, pe atunci Presedinte al CFSN Constanta.<\/h4>\n<h4 style=\"text-align: justify;\">Este uimitor cata premonitie a putut sa aiba autorul articolului&nbsp; din \u201c<em>Telegra<\/em>f\u201d:<\/h4>\n<h4 style=\"text-align: justify;\">\u201e<em>\u0163ara asta nu va ie\u015fi din criza moral\u0103 \u00een care se afl\u0103 [&#8230;].Un informator poate ajunge ministru sau mitropolit, dar nu va putea fi niciodat\u0103 un om cinstit, liber \u015fi demn. Va fi furat de for\u0163e oculte care nu se mai \u015ftie \u00een m\u00eeinile cui se g\u0103sesc acum\u201c. Ziarul const\u0103n\u0163ean Telegraf \u00ee\u015fi fundamenta demersul public\u0103rii numelor de informatori cu urm\u0103toarea afirma\u0163ie \u2013 exemplul ministrului transporturilor era considerat drept gr\u0103itor din acest punct de vedere \u2013: \u201efor\u0163\u00eend o conjunctur\u0103 ca s\u0103-i devin\u0103 favorabil\u0103, c\u0103lc\u00eend \u00een picioare con\u015ftiin\u0163e, distrug\u00eend capacit\u0103\u0163i de transport (vezi nava \u00abBiruin\u0163a\u00bb), slug\u0103rind \u00een ga\u015fca contra-amiralui Anghelescu, permanent obsedat de ideea puterii, turn\u0103torul B\u0103sescu se ca\u0163\u0103r\u0103 cu repeziciune \u00een cr\u0103cile noii st\u0103p\u00eeniri. Deturneaz\u0103 rezultatul unei greve a marinarilor \u015fi devine, la scurt timp, ministru al Transporturilor. De aici, din acest punct-cheie, se pot ob\u0163ine beneficii grave \u015fi imediate f\u0103r\u0103 riscuri. Parte pentru unii, parte pentru al\u0163ii. \u00cenchirierile de nave \u015fi v\u00eenz\u0103rile acestora se dovedesc a fi surse de venituri fabuloase\u201c (Telegraf, nr. 23, 18 februarie 1992).<\/em><\/h4>\n<h4 style=\"text-align: justify;\"><em>Sursa: Marius Oprea &#8211; Observator Cultural 2010\n<\/em><\/h4>        <div class=\"booster-block booster-reactions-block\">\n            <div class=\"twp-reactions-icons\">\n                \n                <div class=\"twp-reacts-wrap\">\n                    <a react-data=\"be-react-1\" post-id=\"3709\" class=\"be-face-icons un-reacted\" href=\"javascript:void(0)\">\n                        <img decoding=\"async\" src=\"https:\/\/desteptati-va.ro\/wp-content\/plugins\/booster-extension\/\/assets\/icon\/happy.svg\" alt=\"Happy\">\n                    <\/a>\n                    <div class=\"twp-reaction-title\">\n                        Happy                    <\/div>\n                    <div class=\"twp-count-percent\">\n                                                    <span style=\"display: none;\" class=\"twp-react-count\">0<\/span>\n                        \n                                                <span class=\"twp-react-percent\"><span>0<\/span> %<\/span>\n                                            <\/div>\n                <\/div>\n\n                <div class=\"twp-reacts-wrap\">\n                    <a react-data=\"be-react-2\" post-id=\"3709\" class=\"be-face-icons un-reacted\" href=\"javascript:void(0)\">\n                        <img decoding=\"async\" src=\"https:\/\/desteptati-va.ro\/wp-content\/plugins\/booster-extension\/\/assets\/icon\/sad.svg\" alt=\"Sad\">\n                    <\/a>\n                    <div class=\"twp-reaction-title\">\n                        Sad                    <\/div>\n                    <div class=\"twp-count-percent\">\n                                                    <span style=\"display: none;\" class=\"twp-react-count\">0<\/span>\n                                                                        <span class=\"twp-react-percent\"><span>0<\/span> %<\/span>\n                                            <\/div>\n                <\/div>\n\n                <div class=\"twp-reacts-wrap\">\n                    <a react-data=\"be-react-3\" post-id=\"3709\" class=\"be-face-icons un-reacted\" href=\"javascript:void(0)\">\n                        <img decoding=\"async\" src=\"https:\/\/desteptati-va.ro\/wp-content\/plugins\/booster-extension\/\/assets\/icon\/excited.svg\" alt=\"Excited\">\n                    <\/a>\n                    <div class=\"twp-reaction-title\">\n                        Excited                    <\/div>\n                    <div class=\"twp-count-percent\">\n                                                    <span style=\"display: none;\" class=\"twp-react-count\">0<\/span>\n                                                                        <span class=\"twp-react-percent\"><span>0<\/span> %<\/span>\n                                            <\/div>\n                <\/div>\n\n                <div class=\"twp-reacts-wrap\">\n                    <a react-data=\"be-react-6\" post-id=\"3709\" class=\"be-face-icons un-reacted\" href=\"javascript:void(0)\">\n                        <img decoding=\"async\" src=\"https:\/\/desteptati-va.ro\/wp-content\/plugins\/booster-extension\/\/assets\/icon\/sleepy.svg\" alt=\"Sleepy\">\n                    <\/a>\n                    <div class=\"twp-reaction-title\">\n                        Sleepy                    <\/div>\n                    <div class=\"twp-count-percent\">\n                                                    <span style=\"display: none;\" class=\"twp-react-count\">0<\/span>\n                        \n                                                <span class=\"twp-react-percent\"><span>0<\/span> %<\/span>\n                                            <\/div>\n                <\/div>\n\n                <div class=\"twp-reacts-wrap\">\n                    <a react-data=\"be-react-4\" post-id=\"3709\" class=\"be-face-icons un-reacted\" href=\"javascript:void(0)\">\n                        <img decoding=\"async\" src=\"https:\/\/desteptati-va.ro\/wp-content\/plugins\/booster-extension\/\/assets\/icon\/angry.svg\" alt=\"Angry\">\n                    <\/a>\n                    <div class=\"twp-reaction-title\">Angry<\/div>\n                    <div class=\"twp-count-percent\">\n                                                    <span style=\"display: none;\" class=\"twp-react-count\">0<\/span>\n                                                                        <span class=\"twp-react-percent\"><span>0<\/span> %<\/span>\n                        \n                    <\/div>\n                <\/div>\n\n                <div class=\"twp-reacts-wrap\">\n                    <a react-data=\"be-react-5\" post-id=\"3709\" class=\"be-face-icons un-reacted\" href=\"javascript:void(0)\">\n                        <img decoding=\"async\" src=\"https:\/\/desteptati-va.ro\/wp-content\/plugins\/booster-extension\/\/assets\/icon\/surprise.svg\" alt=\"Surprise\">\n                    <\/a>\n                    <div class=\"twp-reaction-title\">Surprise<\/div>\n                    <div class=\"twp-count-percent\">\n                                                    <span style=\"display: none;\" class=\"twp-react-count\">0<\/span>\n                                                                        <span class=\"twp-react-percent\"><span>0<\/span> %<\/span>\n                                            <\/div>\n                <\/div>\n\n            <\/div>\n        <\/div>\n\n    <\/div>","protected":false},"excerpt":{"rendered":"<p>Exista intodeauna tentatia oamenilor de a-si cunoaste&nbsp;conducatorii vremelnici. Chiar daca despre Traian Basescu au fost zeci de articole, dorinta de<a href=\"https:\/\/desteptati-va.ro\/index.php\/2021\/04\/16\/traian-basescu-inceputurile\/\">Read More<i class=\"fa fa-long-arrow-right\" aria-hidden=\"true\"><\/i><\/a><\/p>\n","protected":false},"author":1,"featured_media":4610,"comment_status":"open","ping_status":"open","sticky":false,"template":"","format":"standard","meta":{"_crdt_document":"","footnotes":""},"categories":[50],"tags":[734,713,735,736,60,725,715,737,738,739,740,522,741,210,732],"class_list":["post-3709","post","type-post","status-publish","format-standard","has-post-thumbnail","hentry","category-despre-traian-basescu","tag-avramides","tag-basescu","tag-colaborare","tag-despteptati","tag-desteptati-va","tag-dosar","tag-flota","tag-ionescu","tag-nastase","tag-navrom","tag-revolutionari","tag-securitate","tag-silvian","tag-traian","tag-traian-basescu"],"rise-blocks_total_comments":1,"rise-blocks_categories":[{"term_id":50,"name":"Ticalosul suprem","slug":"despre-traian-basescu","term_group":0,"term_taxonomy_id":50,"taxonomy":"category","description":"","parent":49,"count":8,"filter":"raw"}],"rise-blocks_excerpt":"Exista intodeauna tentatia oamenilor de a-si cunoaste&nbsp;conducatorii vremelnici. Chiar daca despre Traian Basescu au fost zeci de articole, dorinta de a cauta petele albe si negre in caracterul celui care discretionar conduce destinele unui popor va exista permanent. Pornind de la aceasta axioma, vom incerca sa descriem personajul. Nascut la 4 noiembrie 1951 in orasul Basarabi judetul Constanta intr-o familie..","yoast_head":"<!-- This site is optimized with the Yoast SEO plugin v26.9 - https:\/\/yoast.com\/product\/yoast-seo-wordpress\/ -->\r\n<title>Traian BASESCU. Inceputurile -<\/title>\r\n<meta name=\"robots\" content=\"index, follow, max-snippet:-1, max-image-preview:large, max-video-preview:-1\" \/>\r\n<link rel=\"canonical\" href=\"https:\/\/desteptati-va.ro\/index.php\/2021\/04\/16\/traian-basescu-inceputurile\/\" \/>\r\n<meta property=\"og:locale\" content=\"ro_RO\" \/>\r\n<meta property=\"og:type\" content=\"article\" \/>\r\n<meta property=\"og:title\" content=\"Traian BASESCU. Inceputurile -\" \/>\r\n<meta property=\"og:description\" content=\"Exista intodeauna tentatia oamenilor de a-si cunoaste&nbsp;conducatorii vremelnici. Chiar daca despre Traian Basescu au fost zeci de articole, dorinta deRead More\" \/>\r\n<meta property=\"og:url\" content=\"https:\/\/desteptati-va.ro\/index.php\/2021\/04\/16\/traian-basescu-inceputurile\/\" \/>\r\n<meta property=\"article:published_time\" content=\"2021-04-16T08:01:41+00:00\" \/>\r\n<meta property=\"article:modified_time\" content=\"2022-01-31T08:33:31+00:00\" \/>\r\n<meta property=\"og:image\" content=\"https:\/\/desteptati-va.ro\/wp-content\/uploads\/2021\/04\/TraianBasescu.jpg\" \/>\r\n\t<meta property=\"og:image:width\" content=\"299\" \/>\r\n\t<meta property=\"og:image:height\" content=\"168\" \/>\r\n\t<meta property=\"og:image:type\" content=\"image\/jpeg\" \/>\r\n<meta name=\"author\" content=\"wolfsoftcompany\" \/>\r\n<meta name=\"twitter:card\" content=\"summary_large_image\" \/>\r\n<meta name=\"twitter:label1\" content=\"Scris de\" \/>\n\t<meta name=\"twitter:data1\" content=\"wolfsoftcompany\" \/>\n\t<meta name=\"twitter:label2\" content=\"Timp estimat pentru citire\" \/>\n\t<meta name=\"twitter:data2\" content=\"8 minute\" \/>\r\n<script type=\"application\/ld+json\" class=\"yoast-schema-graph\">{\"@context\":\"https:\/\/schema.org\",\"@graph\":[{\"@type\":\"Article\",\"@id\":\"https:\/\/desteptati-va.ro\/index.php\/2021\/04\/16\/traian-basescu-inceputurile\/#article\",\"isPartOf\":{\"@id\":\"https:\/\/desteptati-va.ro\/index.php\/2021\/04\/16\/traian-basescu-inceputurile\/\"},\"author\":{\"name\":\"wolfsoftcompany\",\"@id\":\"https:\/\/desteptati-va.ro\/#\/schema\/person\/13182deeebd44920914899f7bb262d6b\"},\"headline\":\"Traian BASESCU. Inceputurile\",\"datePublished\":\"2021-04-16T08:01:41+00:00\",\"dateModified\":\"2022-01-31T08:33:31+00:00\",\"mainEntityOfPage\":{\"@id\":\"https:\/\/desteptati-va.ro\/index.php\/2021\/04\/16\/traian-basescu-inceputurile\/\"},\"wordCount\":1697,\"commentCount\":0,\"image\":{\"@id\":\"https:\/\/desteptati-va.ro\/index.php\/2021\/04\/16\/traian-basescu-inceputurile\/#primaryimage\"},\"thumbnailUrl\":\"https:\/\/desteptati-va.ro\/wp-content\/uploads\/2021\/04\/TraianBasescu.jpg\",\"keywords\":[\"Avramides\",\"Basescu\",\"colaborare\",\"despteptati\",\"desteptati-va\",\"dosar\",\"flota\",\"Ionescu\",\"Nastase\",\"Navrom\",\"revolutionari\",\"Securitate\",\"Silvian\",\"Traian\",\"Traian Basescu\"],\"articleSection\":[\"Ticalosul suprem\"],\"inLanguage\":\"ro-RO\",\"potentialAction\":[{\"@type\":\"CommentAction\",\"name\":\"Comment\",\"target\":[\"https:\/\/desteptati-va.ro\/index.php\/2021\/04\/16\/traian-basescu-inceputurile\/#respond\"]}]},{\"@type\":\"WebPage\",\"@id\":\"https:\/\/desteptati-va.ro\/index.php\/2021\/04\/16\/traian-basescu-inceputurile\/\",\"url\":\"https:\/\/desteptati-va.ro\/index.php\/2021\/04\/16\/traian-basescu-inceputurile\/\",\"name\":\"Traian BASESCU. Inceputurile -\",\"isPartOf\":{\"@id\":\"https:\/\/desteptati-va.ro\/#website\"},\"primaryImageOfPage\":{\"@id\":\"https:\/\/desteptati-va.ro\/index.php\/2021\/04\/16\/traian-basescu-inceputurile\/#primaryimage\"},\"image\":{\"@id\":\"https:\/\/desteptati-va.ro\/index.php\/2021\/04\/16\/traian-basescu-inceputurile\/#primaryimage\"},\"thumbnailUrl\":\"https:\/\/desteptati-va.ro\/wp-content\/uploads\/2021\/04\/TraianBasescu.jpg\",\"datePublished\":\"2021-04-16T08:01:41+00:00\",\"dateModified\":\"2022-01-31T08:33:31+00:00\",\"author\":{\"@id\":\"https:\/\/desteptati-va.ro\/#\/schema\/person\/13182deeebd44920914899f7bb262d6b\"},\"breadcrumb\":{\"@id\":\"https:\/\/desteptati-va.ro\/index.php\/2021\/04\/16\/traian-basescu-inceputurile\/#breadcrumb\"},\"inLanguage\":\"ro-RO\",\"potentialAction\":[{\"@type\":\"ReadAction\",\"target\":[\"https:\/\/desteptati-va.ro\/index.php\/2021\/04\/16\/traian-basescu-inceputurile\/\"]}]},{\"@type\":\"ImageObject\",\"inLanguage\":\"ro-RO\",\"@id\":\"https:\/\/desteptati-va.ro\/index.php\/2021\/04\/16\/traian-basescu-inceputurile\/#primaryimage\",\"url\":\"https:\/\/desteptati-va.ro\/wp-content\/uploads\/2021\/04\/TraianBasescu.jpg\",\"contentUrl\":\"https:\/\/desteptati-va.ro\/wp-content\/uploads\/2021\/04\/TraianBasescu.jpg\",\"width\":299,\"height\":168},{\"@type\":\"BreadcrumbList\",\"@id\":\"https:\/\/desteptati-va.ro\/index.php\/2021\/04\/16\/traian-basescu-inceputurile\/#breadcrumb\",\"itemListElement\":[{\"@type\":\"ListItem\",\"position\":1,\"name\":\"Prima pagin\u0103\",\"item\":\"https:\/\/desteptati-va.ro\/\"},{\"@type\":\"ListItem\",\"position\":2,\"name\":\"Traian BASESCU. Inceputurile\"}]},{\"@type\":\"WebSite\",\"@id\":\"https:\/\/desteptati-va.ro\/#website\",\"url\":\"https:\/\/desteptati-va.ro\/\",\"name\":\"\",\"description\":\"\",\"potentialAction\":[{\"@type\":\"SearchAction\",\"target\":{\"@type\":\"EntryPoint\",\"urlTemplate\":\"https:\/\/desteptati-va.ro\/?s={search_term_string}\"},\"query-input\":{\"@type\":\"PropertyValueSpecification\",\"valueRequired\":true,\"valueName\":\"search_term_string\"}}],\"inLanguage\":\"ro-RO\"},{\"@type\":\"Person\",\"@id\":\"https:\/\/desteptati-va.ro\/#\/schema\/person\/13182deeebd44920914899f7bb262d6b\",\"name\":\"wolfsoftcompany\",\"image\":{\"@type\":\"ImageObject\",\"inLanguage\":\"ro-RO\",\"@id\":\"https:\/\/desteptati-va.ro\/#\/schema\/person\/image\/\",\"url\":\"https:\/\/secure.gravatar.com\/avatar\/a6cce9b6d101d27d91690e7073e300fed94c0899890bf998e082cb9d2c3d121e?s=96&d=mm&r=g\",\"contentUrl\":\"https:\/\/secure.gravatar.com\/avatar\/a6cce9b6d101d27d91690e7073e300fed94c0899890bf998e082cb9d2c3d121e?s=96&d=mm&r=g\",\"caption\":\"wolfsoftcompany\"},\"sameAs\":[\"http:\/\/desteptati-va.ro\"],\"url\":\"https:\/\/desteptati-va.ro\/index.php\/author\/wolfsoftcompany\/\"}]}<\/script>\r\n<!-- \/ Yoast SEO plugin. -->","yoast_head_json":{"title":"Traian BASESCU. Inceputurile -","robots":{"index":"index","follow":"follow","max-snippet":"max-snippet:-1","max-image-preview":"max-image-preview:large","max-video-preview":"max-video-preview:-1"},"canonical":"https:\/\/desteptati-va.ro\/index.php\/2021\/04\/16\/traian-basescu-inceputurile\/","og_locale":"ro_RO","og_type":"article","og_title":"Traian BASESCU. Inceputurile -","og_description":"Exista intodeauna tentatia oamenilor de a-si cunoaste&nbsp;conducatorii vremelnici. Chiar daca despre Traian Basescu au fost zeci de articole, dorinta deRead More","og_url":"https:\/\/desteptati-va.ro\/index.php\/2021\/04\/16\/traian-basescu-inceputurile\/","article_published_time":"2021-04-16T08:01:41+00:00","article_modified_time":"2022-01-31T08:33:31+00:00","og_image":[{"width":299,"height":168,"url":"https:\/\/desteptati-va.ro\/wp-content\/uploads\/2021\/04\/TraianBasescu.jpg","type":"image\/jpeg"}],"author":"wolfsoftcompany","twitter_card":"summary_large_image","twitter_misc":{"Scris de":"wolfsoftcompany","Timp estimat pentru citire":"8 minute"},"schema":{"@context":"https:\/\/schema.org","@graph":[{"@type":"Article","@id":"https:\/\/desteptati-va.ro\/index.php\/2021\/04\/16\/traian-basescu-inceputurile\/#article","isPartOf":{"@id":"https:\/\/desteptati-va.ro\/index.php\/2021\/04\/16\/traian-basescu-inceputurile\/"},"author":{"name":"wolfsoftcompany","@id":"https:\/\/desteptati-va.ro\/#\/schema\/person\/13182deeebd44920914899f7bb262d6b"},"headline":"Traian BASESCU. Inceputurile","datePublished":"2021-04-16T08:01:41+00:00","dateModified":"2022-01-31T08:33:31+00:00","mainEntityOfPage":{"@id":"https:\/\/desteptati-va.ro\/index.php\/2021\/04\/16\/traian-basescu-inceputurile\/"},"wordCount":1697,"commentCount":0,"image":{"@id":"https:\/\/desteptati-va.ro\/index.php\/2021\/04\/16\/traian-basescu-inceputurile\/#primaryimage"},"thumbnailUrl":"https:\/\/desteptati-va.ro\/wp-content\/uploads\/2021\/04\/TraianBasescu.jpg","keywords":["Avramides","Basescu","colaborare","despteptati","desteptati-va","dosar","flota","Ionescu","Nastase","Navrom","revolutionari","Securitate","Silvian","Traian","Traian Basescu"],"articleSection":["Ticalosul suprem"],"inLanguage":"ro-RO","potentialAction":[{"@type":"CommentAction","name":"Comment","target":["https:\/\/desteptati-va.ro\/index.php\/2021\/04\/16\/traian-basescu-inceputurile\/#respond"]}]},{"@type":"WebPage","@id":"https:\/\/desteptati-va.ro\/index.php\/2021\/04\/16\/traian-basescu-inceputurile\/","url":"https:\/\/desteptati-va.ro\/index.php\/2021\/04\/16\/traian-basescu-inceputurile\/","name":"Traian BASESCU. Inceputurile -","isPartOf":{"@id":"https:\/\/desteptati-va.ro\/#website"},"primaryImageOfPage":{"@id":"https:\/\/desteptati-va.ro\/index.php\/2021\/04\/16\/traian-basescu-inceputurile\/#primaryimage"},"image":{"@id":"https:\/\/desteptati-va.ro\/index.php\/2021\/04\/16\/traian-basescu-inceputurile\/#primaryimage"},"thumbnailUrl":"https:\/\/desteptati-va.ro\/wp-content\/uploads\/2021\/04\/TraianBasescu.jpg","datePublished":"2021-04-16T08:01:41+00:00","dateModified":"2022-01-31T08:33:31+00:00","author":{"@id":"https:\/\/desteptati-va.ro\/#\/schema\/person\/13182deeebd44920914899f7bb262d6b"},"breadcrumb":{"@id":"https:\/\/desteptati-va.ro\/index.php\/2021\/04\/16\/traian-basescu-inceputurile\/#breadcrumb"},"inLanguage":"ro-RO","potentialAction":[{"@type":"ReadAction","target":["https:\/\/desteptati-va.ro\/index.php\/2021\/04\/16\/traian-basescu-inceputurile\/"]}]},{"@type":"ImageObject","inLanguage":"ro-RO","@id":"https:\/\/desteptati-va.ro\/index.php\/2021\/04\/16\/traian-basescu-inceputurile\/#primaryimage","url":"https:\/\/desteptati-va.ro\/wp-content\/uploads\/2021\/04\/TraianBasescu.jpg","contentUrl":"https:\/\/desteptati-va.ro\/wp-content\/uploads\/2021\/04\/TraianBasescu.jpg","width":299,"height":168},{"@type":"BreadcrumbList","@id":"https:\/\/desteptati-va.ro\/index.php\/2021\/04\/16\/traian-basescu-inceputurile\/#breadcrumb","itemListElement":[{"@type":"ListItem","position":1,"name":"Prima pagin\u0103","item":"https:\/\/desteptati-va.ro\/"},{"@type":"ListItem","position":2,"name":"Traian BASESCU. Inceputurile"}]},{"@type":"WebSite","@id":"https:\/\/desteptati-va.ro\/#website","url":"https:\/\/desteptati-va.ro\/","name":"","description":"","potentialAction":[{"@type":"SearchAction","target":{"@type":"EntryPoint","urlTemplate":"https:\/\/desteptati-va.ro\/?s={search_term_string}"},"query-input":{"@type":"PropertyValueSpecification","valueRequired":true,"valueName":"search_term_string"}}],"inLanguage":"ro-RO"},{"@type":"Person","@id":"https:\/\/desteptati-va.ro\/#\/schema\/person\/13182deeebd44920914899f7bb262d6b","name":"wolfsoftcompany","image":{"@type":"ImageObject","inLanguage":"ro-RO","@id":"https:\/\/desteptati-va.ro\/#\/schema\/person\/image\/","url":"https:\/\/secure.gravatar.com\/avatar\/a6cce9b6d101d27d91690e7073e300fed94c0899890bf998e082cb9d2c3d121e?s=96&d=mm&r=g","contentUrl":"https:\/\/secure.gravatar.com\/avatar\/a6cce9b6d101d27d91690e7073e300fed94c0899890bf998e082cb9d2c3d121e?s=96&d=mm&r=g","caption":"wolfsoftcompany"},"sameAs":["http:\/\/desteptati-va.ro"],"url":"https:\/\/desteptati-va.ro\/index.php\/author\/wolfsoftcompany\/"}]}},"_links":{"self":[{"href":"https:\/\/desteptati-va.ro\/index.php\/wp-json\/wp\/v2\/posts\/3709","targetHints":{"allow":["GET"]}}],"collection":[{"href":"https:\/\/desteptati-va.ro\/index.php\/wp-json\/wp\/v2\/posts"}],"about":[{"href":"https:\/\/desteptati-va.ro\/index.php\/wp-json\/wp\/v2\/types\/post"}],"author":[{"embeddable":true,"href":"https:\/\/desteptati-va.ro\/index.php\/wp-json\/wp\/v2\/users\/1"}],"replies":[{"embeddable":true,"href":"https:\/\/desteptati-va.ro\/index.php\/wp-json\/wp\/v2\/comments?post=3709"}],"version-history":[{"count":2,"href":"https:\/\/desteptati-va.ro\/index.php\/wp-json\/wp\/v2\/posts\/3709\/revisions"}],"predecessor-version":[{"id":4611,"href":"https:\/\/desteptati-va.ro\/index.php\/wp-json\/wp\/v2\/posts\/3709\/revisions\/4611"}],"wp:featuredmedia":[{"embeddable":true,"href":"https:\/\/desteptati-va.ro\/index.php\/wp-json\/wp\/v2\/media\/4610"}],"wp:attachment":[{"href":"https:\/\/desteptati-va.ro\/index.php\/wp-json\/wp\/v2\/media?parent=3709"}],"wp:term":[{"taxonomy":"category","embeddable":true,"href":"https:\/\/desteptati-va.ro\/index.php\/wp-json\/wp\/v2\/categories?post=3709"},{"taxonomy":"post_tag","embeddable":true,"href":"https:\/\/desteptati-va.ro\/index.php\/wp-json\/wp\/v2\/tags?post=3709"}],"curies":[{"name":"wp","href":"https:\/\/api.w.org\/{rel}","templated":true}]}}