{"id":3718,"date":"2021-04-16T08:29:47","date_gmt":"2021-04-16T08:29:47","guid":{"rendered":"http:\/\/desteptati.ro\/?p=3718"},"modified":"2021-04-16T08:29:47","modified_gmt":"2021-04-16T08:29:47","slug":"destramarea-teritoriala-ca-interes-de-partid","status":"publish","type":"post","link":"https:\/\/desteptati-va.ro\/index.php\/2021\/04\/16\/destramarea-teritoriala-ca-interes-de-partid\/","title":{"rendered":"Destr\u0103marea teritorial\u0103 ca interes de partid"},"content":{"rendered":"<div class=\"post-content\"><div class='booster-block booster-read-block'>\n                <div class=\"twp-read-time\">\n                \t<i class=\"booster-icon twp-clock\"><\/i> <span>Read Time:<\/span>7 Minute, 8 Second                <\/div>\n\n            <\/div><h4 style=\"text-align: justify;\">Doctor \u00een istorie, academician, profesor universitar cu titluri ob\u0163inute pe vremea c\u00e2nd acestea nu se puteau cump\u0103ra, Dinu C. Giurescu, continuatorul operelor istorice ale celebrilor s\u0103i \u00eenainta\u015fi, face parte din grupul intelectualilor c\u0103rora le pas\u0103. De\u015fi trecut de prima tinere\u0163e, dar \u00eenc\u0103 ,,verde&#8221;, dat la o parte din \u00eenv\u0103\u0163am\u00e2nt precum o m\u0103sea stricat\u0103, gra\u0163ie efectelor ,,mirobolantei&#8221; legi Funeriu, profesorul Giurescu \u00ee\u015fi p\u0103streaz\u0103 atitudinea demn\u0103 \u015fi spiritul critic. A avut amabilitatea s\u0103 ne primeasc\u0103 pentru un interviu \u00een exclusivitate \u00een apartamentul s\u0103u din calea Victoriei, un apartament \u00een care biblioteca reprezint\u0103 cam nou\u0103zeci la sut\u0103 din mobilier. De aproape opt ani, nici un potentat al zilei nu l-a mai \u00eentrebat de s\u0103n\u0103tate pentru a-i cere p\u0103rerea \u00een chestiuni de interes na\u0163ional. Am f\u0103cut-o \u00een schimb noi, \u00eentr-o problem\u0103 de maxim\u0103 importan\u0163\u0103 \u015fi anume, preconizata reorganizare administrativ- teritorial\u0103.<\/h4>\r\n<h3 style=\"text-align: justify;\"><strong>Elitele \u015fi &#8222;jocul de glezne&#8221;<\/strong><\/h3>\r\n<h4 style=\"text-align: justify;\"><em>&#8211; Domnule profesor, \u00een momentele de r\u0103scruce ale istoriei noastre na\u0163ionale, elitele au ie\u015fit la ramp\u0103 av\u00e2nd un cuv\u00e2nt greu de spus cu privire la derularea ulterioar\u0103 a evenimentelor sociale \u015fi politice. Unde ne sunt ast\u0103zi adev\u0103ra\u0163ii oameni de \u015ftiin\u0163\u0103 \u015fi cultur\u0103?<\/em><\/h4>\r\n<h4 style=\"text-align: justify;\">&#8211; Din c\u00e2te \u015ftiu, avem elite \u00een toate domeniile, dar nu sunt sprijinite de c\u0103tre autorit\u0103\u0163ile statului. \u00cen aria umanistic\u0103 ele sunt \u00eemp\u0103r\u0163ite \u00een trei. Unii, nu mul\u0163i, consider\u0103 politica guvernamental\u0103 ca fiind foarte benefic\u0103 \u015fi o laud\u0103 de c\u00e2te ori au ocazia. Majoritatea \u00eens\u0103 prefer\u0103 s\u0103 nu spun\u0103 nimic. Exist\u0103 \u015fi o a treia categorie care a ales s\u0103 spun\u0103 lucrurilor pe nume \u015fi s\u0103 dea \u00een vileag trista realitate cu care ne confrunt\u0103m. De ce se ab\u0163in cei mai mul\u0163i? Ar fi bine s\u0103-i \u00eentreb\u0103m!<\/h4>\r\n<h4 style=\"text-align: justify;\">Ast\u0103zi nu mai po\u0163i fi \u00eempiedicat s\u0103 vorbe\u015fti dec\u00e2t dac\u0103 \u0163i-e fric\u0103 sau dac\u0103 e\u015fti \u015fantajabil. \u015ei nu e bine, deoarece suntem \u00eentr-un moment de r\u0103scruce. Ne pa\u015fte destr\u0103marea teritorial\u0103. \u00cenc\u0103 din secolul al nou\u0103sprezecelea \u015fi p\u00e2n\u0103 la Unirea cea Mare, \u00een toate provinciile rom\u00e2ne\u015fti, elitele au format opinia public\u0103 \u015fi au ajuns la un rezultat bun, indiferent de ,,h\u00e2r\u00e2ielile&#8221; dintre oameni sau partide. F\u0103r\u0103 aceste elite, nu am fi ajuns nici la Unirea Principatelor nici la Rom\u00e2nia Mare. Acum tr\u0103im momente la fel de tensionate ca atunci, iar elitele noastre ar trebui s\u0103 se pronun\u0163e f\u0103r\u0103 a mai face ,,joc de glezne&#8221;.<\/h4>\r\n<h3 style=\"text-align: justify;\"><strong>Modelul sovietic<\/strong><\/h3>\r\n<h4 style=\"text-align: justify;\"><em>&#8211; Un subiect deosebit de controversat, introdus cu o grab\u0103 suspect\u0103 pe agenda de lucru a coali\u0163iei de guvern\u0103m\u00e2nt, \u0163ine de ceva vreme capul de afi\u015f al agendei politice. Reorganizarea administrativ \u2013teritorial\u0103. Dumneavoastr\u0103 a\u0163i tr\u0103it \u015fi vremurile plaselor, ale raioanelor, regiunilor sau jude\u0163elor. Este necesar\u0103 acum o asemenea aventur\u0103? Se justific\u0103 \u00een vreun fel acest proiect, dac\u0103 putem vorbi de vreun proiect \u00een afar\u0103 de o hart\u0103 tran\u015fat\u0103 \u00een felii frumos colorate?<\/em><\/h4>\r\n<h4 style=\"text-align: justify;\">&#8211; Organizarea teritorial\u0103 care a reie\u015fit din \u00eentreaga noastr\u0103 istorie este jude\u0163ul \u015fi corespondentul s\u0103u din Transilvania, comitatul. A desfiin\u0163a jude\u0163ele \u00eenseamn\u0103 a ne desfiin\u0163a istoria. De fapt v\u0103d c\u0103 asta se \u015fi urm\u0103re\u015fte. Scoaterea istoriei rom\u00e2nilor din con\u015ftiin\u0163a individual\u0103, dar \u015fi din cea colectiv\u0103. Pentru \u015ftergerea de pe hart\u0103 a jude\u0163elor s-au invocat nevoia de accesare a fondurilor europene, o mic\u015forare a cheltuielilor cu aparatul administrativ dar \u015fi faptul c\u0103 jude\u0163ele ar fi fost o g\u0103selni\u0163\u0103 comunist\u0103. La o examinare mai atent\u0103 nu rezist\u0103 nici un argument. De ce? Accesarea fondurilor europene nu depinde nici de configura\u0163ia regiunilor, nici de desfiin\u0163area jude\u0163elor. \u00cen al doilea r\u00e2nd, cheltuielile nu s-ar mic\u015fora, ci dimpotriv\u0103 ar cre\u015fte prin schimbarea tuturor siglelor, actelor, traseelor de rezolvare a dolean\u0163elor cet\u0103\u0163enilor, un aparat mai stufos la nivel regional \u015fi o concentrare a fondurilor spre ,, baronii regionali&#8221;. Este de asemenea absurd s\u0103 te g\u00e2nde\u015fti c\u0103 o regiune ar putea prelua la nivel administrativ func\u0163iile a \u015fase jude\u0163e chiar \u015fi cu un aparat supradimensionat. P\u00e2n\u0103 \u015fi comuni\u015ftii au format raioanele, adic\u0103 jude\u0163e mai mici, \u00een num\u0103r de 177, pe care le-au grupat \u00een 28 de regiuni. \u015ei s\u0103 nu uit\u0103m c\u0103 fiecare raion avea administrare proprie. M\u0103car totul avea o logic\u0103&#8230;<\/h4>\r\n<h4 style=\"text-align: justify;\">\u015ei \u00een fine, cum c\u0103 jude\u0163ele ar fi fost trasate sub regimul comunist, este cea mai mare gogori\u0163\u0103. Ele au fost re\u00eenfiin\u0163ate \u00een 1968, relu\u00e2ndu-se tradi\u0163ia de baz\u0103 a dezvolt\u0103rii Rom\u00e2niei. \u00cen Moldova \u015fi Muntenia, jude\u0163ele dateaz\u0103 de la sf\u00e2r\u015fit de secol paisprezece, iar \u00een Transilvania avem comitate \u00eenc\u0103 din secolul treisprezece. Este o poveste care \u0163ine de \u00eens\u0103\u015fi esen\u0163a istoriei noastre, nu e inven\u0163ia vreunui domnitor. Sunt teritorii administrative generate de jos \u00een sus, \u00een func\u0163ie de necesit\u0103\u0163ile oamenilor de r\u00e2nd \u015fi de aceea au legitimitate.<\/h4>\r\n<h4 style=\"text-align: justify;\">Din contr\u0103, raioanele \u015fi regiunile au fost trasate dup\u0103 model sovietic \u015fi \u00eenscrise \u00een constitu\u0163ia din 1952. Adic\u0103, \u00eentr-o alt\u0103 versiune, cei care vor s\u0103 desfiin\u0163eze jude\u0163ele e posibil s\u0103 aib\u0103 \u00een con\u015ftiin\u0163a lor modelul sovietic.<\/h4>\r\n<h3 style=\"text-align: justify;\"><strong>Eu cu cine votez ?<\/strong><\/h3>\r\n<h4 style=\"text-align: justify;\"><em>&#8211; Dac\u0103 motivele reorganiz\u0103rii nu rezist\u0103 la o analiz\u0103 mai atent\u0103, care ar fi adev\u0103ratul substrat al acestui demers ?<\/em><\/h4>\r\n<h4 style=\"text-align: justify;\">&#8211; Cred c\u0103 totul \u0163ine de politica intern\u0103 \u015fi mai precis de interesele partidului de guvern\u0103m\u00e2nt \u015fi ale coali\u0163iei din care face parte. M\u0103 bazez pe declara\u0163iile oficialilor care spun c\u0103 reorganizarea este legat\u0103 \u015fi de comasarea alegerilor generale cu cele locale. S\u0103 facem un exerci\u0163iu de imagina\u0163ie. \u00cei servesc cet\u0103\u0163eanului un tort cu trei nivele. \u00cei desfiin\u0163ez jude\u0163ul ca punct de reper. Apoi \u00eel \u00eendemn s\u0103 voteze liderul local pe care \u00eel cunoa\u015fte. Urmeaz\u0103 nivelul trei, adic\u0103 alegerile generale \u015fi amestecarea imaginii liderului local cu cea a senatorului sau deputatului venit de nic\u0103ieri \u015fi sprijinit de la centru, astfel \u00eenc\u00e2t \u00een mintea aleg\u0103torului s\u0103 fie o brambureal\u0103 complet\u0103.<\/h4>\r\n<h4 style=\"text-align: justify;\">A\u015fadar, sub umbrela unei sigle se aleg primari si parlamentari, ne\u015ftiind pe cine mai reprezint\u0103 ace\u015ftia dac\u0103 tot dispare reprezentarea teritoriului de baz\u0103, jude\u0163ul. ,, Tortul &#8221; se condimenteaz\u0103 \u015fi cu adaosul de pungi cu zah\u0103r, ulei \u015fi f\u0103in\u0103 ca mit\u0103 electoral\u0103, plus turismul electoral oficial \u00eeng\u0103duit, iar la nevoie \u015fi ajustarea rezultatelor cu votul prin coresponden\u0163\u0103, care prin preconizatul milion de votan\u0163i virtuali poate schimba radical rezultatele reale. Succesul ar fi garantat.<\/h4>\r\n<h3 style=\"text-align: justify;\"><strong>Ungurii, &#8222;\u015fop\u00e2rlele&#8221; \u015fi modelul Kosovo<\/strong><\/h3>\r\n<h4 style=\"text-align: justify;\"><em>&#8211; Cum crede\u0163i c\u0103 \u00ee\u015fi face UDMR jocul politic \u015fi care-i este rolul \u00een aceast\u0103 poveste a reorganiz\u0103rii teritoriale ?<\/em><\/h4>\r\n<h4 style=\"text-align: justify;\">&#8211; Rela\u0163iile \u00eentre rom\u00e2ni \u015fi unguri \u00een Transilvania se bazeaz\u0103 pe ni\u015fte realit\u0103\u0163i istorice care \u00eencep cu o mie de ani \u00een urm\u0103 \u015fi care sunt clare, nu mai este cazul s\u0103 le reamintim. UDMR \u00ee\u015fi urm\u0103re\u015fte interesele cu consecven\u0163\u0103 \u015fi cu dib\u0103cie. Personal, sunt de acord cu reprezentarea minorit\u0103\u0163ilor \u00een structurile de conducere, \u00eens\u0103 cu excep\u0163ia celor na\u0163ionale. C\u00e2t timp ne oprim la acest nivel este \u00een regul\u0103. Dac\u0103 scopul este s\u0103 cre\u0103m entit\u0103\u0163i autonome \u00een cadrul teritoriului rom\u00e2nesc sub orice form\u0103, de grup, teritoriale, culturale, nu mai avem ce discuta. Dialogul se \u00eentrerupe, deoarece o repetare a modelului Kosovo \u00een Rom\u00e2nia este de neconceput pentru mine. Sigur, sunt tentative de acest gen prin introducerea legii minorit\u0103\u0163ilor \u015fi a statutului acestora, exist\u0103 chiar o presiune deosebit\u0103 pentru adoptarea lor.<\/h4>\r\n<h4 style=\"text-align: justify;\">Dac\u0103 vreun guvern din Rom\u00e2nia \u00ee\u015fi asum\u0103 o asemenea r\u0103spundere, el distruge practic unitatea teritorial\u0103 \u015fi sensul istoriei noastre de at\u00e2tea veacuri. Vor distrugerea identit\u0103\u0163ii rom\u00e2ne\u015fti ? S-o spun\u0103 atunci clar si r\u0103spicat ! S\u0103 nu mai umble cu ,, \u015fop\u00e2rle&#8221; \u015fi cu formul\u0103ri mai mult sau mai pu\u0163in ascunse !<\/h4>\r\n<h4 style=\"text-align: justify;\">Pentru mine e absolut inexplicabil\u0103 \u015fi atitudinea senatului Rom\u00e2niei, de fapt a majorit\u0103\u0163ii oficiale din senat care \u00een 2010 a adoptat prin aprobare tacit\u0103, auzi expresie, cred c\u0103 a\u015fa ceva nu mai exist\u0103 \u00een toat\u0103 lumea asta civilizat\u0103, o propunere de regionalizare care \u00eemp\u0103r\u0163ea Transilvania \u00een dou\u0103 felii, adic\u0103 regiuni, din care cea de nord-vest exact pe traseul Diktatului de la Viena. Te \u00eentrebi dac\u0103 onor&#8217; senatorii care au acceptat a\u015fa ceva erau \u00een deplin\u0103tatea facult\u0103\u0163ilor mintale. C\u00e2nd te joci cu harta Rom\u00e2niei, nu ai nici un fel de scuz\u0103. Din ne\u015ftiint\u0103 sau din interese meschine de partid, te expui la ni\u015fte lucruri pe care nu le mai po\u0163i controla.<\/h4>\r\n<h3 style=\"text-align: justify;\"><strong>Dictatura<\/strong><\/h3>\r\n<h4 style=\"text-align: justify;\"><em>&#8211; Dac\u0103 totu\u015fi, reorganizarea \u00een doisprezece sau paisprezece, sau cine \u015ftie c\u00e2te regiuni se va realiza \u00een urm\u0103toarea perioad\u0103, la ce ne putem a\u015ftepta din punct de vedere social, politic \u015fi administrativ?<\/em><\/h4>\r\n<h4 style=\"text-align: justify;\">&#8211; E foarte simplu. Ne a\u015fteapt\u0103 o dictatur\u0103 administrativ\u0103 care o va dubla \u015fi o va \u00eent\u0103ri pe cea politic\u0103. Deciziile la nivel local vor fi diminuate \u015fi uneori chiar anihilate. Cet\u0103\u0163eanului \u00eei va r\u0103m\u00e2ne \u00een condi\u0163iile ce le-am expus ceva mai devreme doar s\u0103-\u015fi ,, aleag\u0103&#8221; primarul. Vom avea o configura\u0163ie a \u0163\u0103rii care nu corespunde nici istoric \u015fi nici conform cu voin\u0163a aleg\u0103torilor. S\u0103 ne mai lase cu accesarea fondurilor europene, c\u0103ci nu au ele nici o leg\u0103tur\u0103 cu m\u0103rimea unit\u0103\u0163ilor teritoriale, fie ele jude\u0163e sau regiuni.<\/h4>\r\n<h4 style=\"text-align: justify;\"><em>Interviu realizat de Matei B\u0103rb\u0103tei, publicat in <a href=\"http:\/\/www.cotidianul.ro\/destramarea-teritoriala-ca-interes-de-partid-161140\/\" target=\"_blank\" rel=\"noopener\">http:\/\/www.cotidianul.ro\/<\/a><\/em><\/h4>        <div class=\"booster-block booster-reactions-block\">\n            <div class=\"twp-reactions-icons\">\n                \n                <div class=\"twp-reacts-wrap\">\n                    <a react-data=\"be-react-1\" post-id=\"3718\" class=\"be-face-icons un-reacted\" href=\"javascript:void(0)\">\n                        <img decoding=\"async\" src=\"https:\/\/desteptati-va.ro\/wp-content\/plugins\/booster-extension\/\/assets\/icon\/happy.svg\" alt=\"Happy\">\n                    <\/a>\n                    <div class=\"twp-reaction-title\">\n                        Happy                    <\/div>\n                    <div class=\"twp-count-percent\">\n                                                    <span style=\"display: none;\" class=\"twp-react-count\">0<\/span>\n                        \n                                                <span class=\"twp-react-percent\"><span>0<\/span> %<\/span>\n                                            <\/div>\n                <\/div>\n\n                <div class=\"twp-reacts-wrap\">\n                    <a react-data=\"be-react-2\" post-id=\"3718\" class=\"be-face-icons un-reacted\" href=\"javascript:void(0)\">\n                        <img decoding=\"async\" src=\"https:\/\/desteptati-va.ro\/wp-content\/plugins\/booster-extension\/\/assets\/icon\/sad.svg\" alt=\"Sad\">\n                    <\/a>\n                    <div class=\"twp-reaction-title\">\n                        Sad                    <\/div>\n                    <div class=\"twp-count-percent\">\n                                                    <span style=\"display: none;\" class=\"twp-react-count\">0<\/span>\n                                                                        <span class=\"twp-react-percent\"><span>0<\/span> %<\/span>\n                                            <\/div>\n                <\/div>\n\n                <div class=\"twp-reacts-wrap\">\n                    <a react-data=\"be-react-3\" post-id=\"3718\" class=\"be-face-icons un-reacted\" href=\"javascript:void(0)\">\n                        <img decoding=\"async\" src=\"https:\/\/desteptati-va.ro\/wp-content\/plugins\/booster-extension\/\/assets\/icon\/excited.svg\" alt=\"Excited\">\n                    <\/a>\n                    <div class=\"twp-reaction-title\">\n                        Excited                    <\/div>\n                    <div class=\"twp-count-percent\">\n                                                    <span style=\"display: none;\" class=\"twp-react-count\">0<\/span>\n                                                                        <span class=\"twp-react-percent\"><span>0<\/span> %<\/span>\n                                            <\/div>\n                <\/div>\n\n                <div class=\"twp-reacts-wrap\">\n                    <a react-data=\"be-react-6\" post-id=\"3718\" class=\"be-face-icons un-reacted\" href=\"javascript:void(0)\">\n                        <img decoding=\"async\" src=\"https:\/\/desteptati-va.ro\/wp-content\/plugins\/booster-extension\/\/assets\/icon\/sleepy.svg\" alt=\"Sleepy\">\n                    <\/a>\n                    <div class=\"twp-reaction-title\">\n                        Sleepy                    <\/div>\n                    <div class=\"twp-count-percent\">\n                                                    <span style=\"display: none;\" class=\"twp-react-count\">0<\/span>\n                        \n                                                <span class=\"twp-react-percent\"><span>0<\/span> %<\/span>\n                                            <\/div>\n                <\/div>\n\n                <div class=\"twp-reacts-wrap\">\n                    <a react-data=\"be-react-4\" post-id=\"3718\" class=\"be-face-icons un-reacted\" href=\"javascript:void(0)\">\n                        <img decoding=\"async\" src=\"https:\/\/desteptati-va.ro\/wp-content\/plugins\/booster-extension\/\/assets\/icon\/angry.svg\" alt=\"Angry\">\n                    <\/a>\n                    <div class=\"twp-reaction-title\">Angry<\/div>\n                    <div class=\"twp-count-percent\">\n                                                    <span style=\"display: none;\" class=\"twp-react-count\">0<\/span>\n                                                                        <span class=\"twp-react-percent\"><span>0<\/span> %<\/span>\n                        \n                    <\/div>\n                <\/div>\n\n                <div class=\"twp-reacts-wrap\">\n                    <a react-data=\"be-react-5\" post-id=\"3718\" class=\"be-face-icons un-reacted\" href=\"javascript:void(0)\">\n                        <img decoding=\"async\" src=\"https:\/\/desteptati-va.ro\/wp-content\/plugins\/booster-extension\/\/assets\/icon\/surprise.svg\" alt=\"Surprise\">\n                    <\/a>\n                    <div class=\"twp-reaction-title\">Surprise<\/div>\n                    <div class=\"twp-count-percent\">\n                                                    <span style=\"display: none;\" class=\"twp-react-count\">0<\/span>\n                                                                        <span class=\"twp-react-percent\"><span>0<\/span> %<\/span>\n                                            <\/div>\n                <\/div>\n\n            <\/div>\n        <\/div>\n\n    <\/div>","protected":false},"excerpt":{"rendered":"<p>Doctor \u00een istorie, academician, profesor universitar cu titluri ob\u0163inute pe vremea c\u00e2nd acestea nu se puteau cump\u0103ra, Dinu C. Giurescu,<a href=\"https:\/\/desteptati-va.ro\/index.php\/2021\/04\/16\/destramarea-teritoriala-ca-interes-de-partid\/\">Read More<i class=\"fa fa-long-arrow-right\" aria-hidden=\"true\"><\/i><\/a><\/p>\n","protected":false},"author":1,"featured_media":2096,"comment_status":"open","ping_status":"open","sticky":false,"template":"","format":"standard","meta":{"_crdt_document":"","footnotes":""},"categories":[51],"tags":[745,135],"class_list":["post-3718","post","type-post","status-publish","format-standard","has-post-thumbnail","hentry","category-transilvania","tag-sovieticii","tag-transilvania"],"rise-blocks_total_comments":5,"rise-blocks_categories":[{"term_id":51,"name":"Transilvania","slug":"transilvania","term_group":0,"term_taxonomy_id":51,"taxonomy":"category","description":"","parent":0,"count":13,"filter":"raw"}],"rise-blocks_excerpt":"Doctor \u00een istorie, academician, profesor universitar cu titluri ob\u0163inute pe vremea c\u00e2nd acestea nu se puteau cump\u0103ra, Dinu C. Giurescu, continuatorul operelor istorice ale celebrilor s\u0103i \u00eenainta\u015fi, face parte din grupul intelectualilor c\u0103rora le pas\u0103. De\u015fi trecut de prima tinere\u0163e, dar \u00eenc\u0103 ,,verde&#8221;, dat la o parte din \u00eenv\u0103\u0163am\u00e2nt precum o m\u0103sea stricat\u0103, gra\u0163ie efectelor ,,mirobolantei&#8221; legi Funeriu, profesorul Giurescu..","yoast_head":"<!-- This site is optimized with the Yoast SEO plugin v26.9 - https:\/\/yoast.com\/product\/yoast-seo-wordpress\/ -->\r\n<title>Destr\u0103marea teritorial\u0103 ca interes de partid -<\/title>\r\n<meta name=\"robots\" content=\"index, follow, max-snippet:-1, max-image-preview:large, max-video-preview:-1\" \/>\r\n<link rel=\"canonical\" href=\"https:\/\/desteptati-va.ro\/index.php\/2021\/04\/16\/destramarea-teritoriala-ca-interes-de-partid\/\" \/>\r\n<meta property=\"og:locale\" content=\"ro_RO\" \/>\r\n<meta property=\"og:type\" content=\"article\" \/>\r\n<meta property=\"og:title\" content=\"Destr\u0103marea teritorial\u0103 ca interes de partid -\" \/>\r\n<meta property=\"og:description\" content=\"Doctor \u00een istorie, academician, profesor universitar cu titluri ob\u0163inute pe vremea c\u00e2nd acestea nu se puteau cump\u0103ra, Dinu C. Giurescu,Read More\" \/>\r\n<meta property=\"og:url\" content=\"https:\/\/desteptati-va.ro\/index.php\/2021\/04\/16\/destramarea-teritoriala-ca-interes-de-partid\/\" \/>\r\n<meta property=\"article:published_time\" content=\"2021-04-16T08:29:47+00:00\" \/>\r\n<meta property=\"og:image\" content=\"https:\/\/desteptati-va.ro\/wp-content\/uploads\/2021\/04\/academicianul-dinu-giurescu-traian-basescu-plasat-de-rusi-la-nivelul-unui-purtator-de-cuvant-100046.jpg\" \/>\r\n\t<meta property=\"og:image:width\" content=\"450\" \/>\r\n\t<meta property=\"og:image:height\" content=\"274\" \/>\r\n\t<meta property=\"og:image:type\" content=\"image\/jpeg\" \/>\r\n<meta name=\"author\" content=\"wolfsoftcompany\" \/>\r\n<meta name=\"twitter:card\" content=\"summary_large_image\" \/>\r\n<meta name=\"twitter:label1\" content=\"Scris de\" \/>\n\t<meta name=\"twitter:data1\" content=\"wolfsoftcompany\" \/>\n\t<meta name=\"twitter:label2\" content=\"Timp estimat pentru citire\" \/>\n\t<meta name=\"twitter:data2\" content=\"8 minute\" \/>\r\n<script type=\"application\/ld+json\" class=\"yoast-schema-graph\">{\"@context\":\"https:\/\/schema.org\",\"@graph\":[{\"@type\":\"Article\",\"@id\":\"https:\/\/desteptati-va.ro\/index.php\/2021\/04\/16\/destramarea-teritoriala-ca-interes-de-partid\/#article\",\"isPartOf\":{\"@id\":\"https:\/\/desteptati-va.ro\/index.php\/2021\/04\/16\/destramarea-teritoriala-ca-interes-de-partid\/\"},\"author\":{\"name\":\"wolfsoftcompany\",\"@id\":\"https:\/\/desteptati-va.ro\/#\/schema\/person\/13182deeebd44920914899f7bb262d6b\"},\"headline\":\"Destr\u0103marea teritorial\u0103 ca interes de partid\",\"datePublished\":\"2021-04-16T08:29:47+00:00\",\"mainEntityOfPage\":{\"@id\":\"https:\/\/desteptati-va.ro\/index.php\/2021\/04\/16\/destramarea-teritoriala-ca-interes-de-partid\/\"},\"wordCount\":1632,\"commentCount\":0,\"image\":{\"@id\":\"https:\/\/desteptati-va.ro\/index.php\/2021\/04\/16\/destramarea-teritoriala-ca-interes-de-partid\/#primaryimage\"},\"thumbnailUrl\":\"https:\/\/desteptati-va.ro\/wp-content\/uploads\/2021\/04\/academicianul-dinu-giurescu-traian-basescu-plasat-de-rusi-la-nivelul-unui-purtator-de-cuvant-100046.jpg\",\"keywords\":[\"Sovieticii\",\"Transilvania\"],\"articleSection\":[\"Transilvania\"],\"inLanguage\":\"ro-RO\",\"potentialAction\":[{\"@type\":\"CommentAction\",\"name\":\"Comment\",\"target\":[\"https:\/\/desteptati-va.ro\/index.php\/2021\/04\/16\/destramarea-teritoriala-ca-interes-de-partid\/#respond\"]}]},{\"@type\":\"WebPage\",\"@id\":\"https:\/\/desteptati-va.ro\/index.php\/2021\/04\/16\/destramarea-teritoriala-ca-interes-de-partid\/\",\"url\":\"https:\/\/desteptati-va.ro\/index.php\/2021\/04\/16\/destramarea-teritoriala-ca-interes-de-partid\/\",\"name\":\"Destr\u0103marea teritorial\u0103 ca interes de partid -\",\"isPartOf\":{\"@id\":\"https:\/\/desteptati-va.ro\/#website\"},\"primaryImageOfPage\":{\"@id\":\"https:\/\/desteptati-va.ro\/index.php\/2021\/04\/16\/destramarea-teritoriala-ca-interes-de-partid\/#primaryimage\"},\"image\":{\"@id\":\"https:\/\/desteptati-va.ro\/index.php\/2021\/04\/16\/destramarea-teritoriala-ca-interes-de-partid\/#primaryimage\"},\"thumbnailUrl\":\"https:\/\/desteptati-va.ro\/wp-content\/uploads\/2021\/04\/academicianul-dinu-giurescu-traian-basescu-plasat-de-rusi-la-nivelul-unui-purtator-de-cuvant-100046.jpg\",\"datePublished\":\"2021-04-16T08:29:47+00:00\",\"author\":{\"@id\":\"https:\/\/desteptati-va.ro\/#\/schema\/person\/13182deeebd44920914899f7bb262d6b\"},\"breadcrumb\":{\"@id\":\"https:\/\/desteptati-va.ro\/index.php\/2021\/04\/16\/destramarea-teritoriala-ca-interes-de-partid\/#breadcrumb\"},\"inLanguage\":\"ro-RO\",\"potentialAction\":[{\"@type\":\"ReadAction\",\"target\":[\"https:\/\/desteptati-va.ro\/index.php\/2021\/04\/16\/destramarea-teritoriala-ca-interes-de-partid\/\"]}]},{\"@type\":\"ImageObject\",\"inLanguage\":\"ro-RO\",\"@id\":\"https:\/\/desteptati-va.ro\/index.php\/2021\/04\/16\/destramarea-teritoriala-ca-interes-de-partid\/#primaryimage\",\"url\":\"https:\/\/desteptati-va.ro\/wp-content\/uploads\/2021\/04\/academicianul-dinu-giurescu-traian-basescu-plasat-de-rusi-la-nivelul-unui-purtator-de-cuvant-100046.jpg\",\"contentUrl\":\"https:\/\/desteptati-va.ro\/wp-content\/uploads\/2021\/04\/academicianul-dinu-giurescu-traian-basescu-plasat-de-rusi-la-nivelul-unui-purtator-de-cuvant-100046.jpg\",\"width\":450,\"height\":274},{\"@type\":\"BreadcrumbList\",\"@id\":\"https:\/\/desteptati-va.ro\/index.php\/2021\/04\/16\/destramarea-teritoriala-ca-interes-de-partid\/#breadcrumb\",\"itemListElement\":[{\"@type\":\"ListItem\",\"position\":1,\"name\":\"Prima pagin\u0103\",\"item\":\"https:\/\/desteptati-va.ro\/\"},{\"@type\":\"ListItem\",\"position\":2,\"name\":\"Destr\u0103marea teritorial\u0103 ca interes de partid\"}]},{\"@type\":\"WebSite\",\"@id\":\"https:\/\/desteptati-va.ro\/#website\",\"url\":\"https:\/\/desteptati-va.ro\/\",\"name\":\"\",\"description\":\"\",\"potentialAction\":[{\"@type\":\"SearchAction\",\"target\":{\"@type\":\"EntryPoint\",\"urlTemplate\":\"https:\/\/desteptati-va.ro\/?s={search_term_string}\"},\"query-input\":{\"@type\":\"PropertyValueSpecification\",\"valueRequired\":true,\"valueName\":\"search_term_string\"}}],\"inLanguage\":\"ro-RO\"},{\"@type\":\"Person\",\"@id\":\"https:\/\/desteptati-va.ro\/#\/schema\/person\/13182deeebd44920914899f7bb262d6b\",\"name\":\"wolfsoftcompany\",\"image\":{\"@type\":\"ImageObject\",\"inLanguage\":\"ro-RO\",\"@id\":\"https:\/\/desteptati-va.ro\/#\/schema\/person\/image\/\",\"url\":\"https:\/\/secure.gravatar.com\/avatar\/a6cce9b6d101d27d91690e7073e300fed94c0899890bf998e082cb9d2c3d121e?s=96&d=mm&r=g\",\"contentUrl\":\"https:\/\/secure.gravatar.com\/avatar\/a6cce9b6d101d27d91690e7073e300fed94c0899890bf998e082cb9d2c3d121e?s=96&d=mm&r=g\",\"caption\":\"wolfsoftcompany\"},\"sameAs\":[\"http:\/\/desteptati-va.ro\"],\"url\":\"https:\/\/desteptati-va.ro\/index.php\/author\/wolfsoftcompany\/\"}]}<\/script>\r\n<!-- \/ Yoast SEO plugin. -->","yoast_head_json":{"title":"Destr\u0103marea teritorial\u0103 ca interes de partid -","robots":{"index":"index","follow":"follow","max-snippet":"max-snippet:-1","max-image-preview":"max-image-preview:large","max-video-preview":"max-video-preview:-1"},"canonical":"https:\/\/desteptati-va.ro\/index.php\/2021\/04\/16\/destramarea-teritoriala-ca-interes-de-partid\/","og_locale":"ro_RO","og_type":"article","og_title":"Destr\u0103marea teritorial\u0103 ca interes de partid -","og_description":"Doctor \u00een istorie, academician, profesor universitar cu titluri ob\u0163inute pe vremea c\u00e2nd acestea nu se puteau cump\u0103ra, Dinu C. Giurescu,Read More","og_url":"https:\/\/desteptati-va.ro\/index.php\/2021\/04\/16\/destramarea-teritoriala-ca-interes-de-partid\/","article_published_time":"2021-04-16T08:29:47+00:00","og_image":[{"width":450,"height":274,"url":"https:\/\/desteptati-va.ro\/wp-content\/uploads\/2021\/04\/academicianul-dinu-giurescu-traian-basescu-plasat-de-rusi-la-nivelul-unui-purtator-de-cuvant-100046.jpg","type":"image\/jpeg"}],"author":"wolfsoftcompany","twitter_card":"summary_large_image","twitter_misc":{"Scris de":"wolfsoftcompany","Timp estimat pentru citire":"8 minute"},"schema":{"@context":"https:\/\/schema.org","@graph":[{"@type":"Article","@id":"https:\/\/desteptati-va.ro\/index.php\/2021\/04\/16\/destramarea-teritoriala-ca-interes-de-partid\/#article","isPartOf":{"@id":"https:\/\/desteptati-va.ro\/index.php\/2021\/04\/16\/destramarea-teritoriala-ca-interes-de-partid\/"},"author":{"name":"wolfsoftcompany","@id":"https:\/\/desteptati-va.ro\/#\/schema\/person\/13182deeebd44920914899f7bb262d6b"},"headline":"Destr\u0103marea teritorial\u0103 ca interes de partid","datePublished":"2021-04-16T08:29:47+00:00","mainEntityOfPage":{"@id":"https:\/\/desteptati-va.ro\/index.php\/2021\/04\/16\/destramarea-teritoriala-ca-interes-de-partid\/"},"wordCount":1632,"commentCount":0,"image":{"@id":"https:\/\/desteptati-va.ro\/index.php\/2021\/04\/16\/destramarea-teritoriala-ca-interes-de-partid\/#primaryimage"},"thumbnailUrl":"https:\/\/desteptati-va.ro\/wp-content\/uploads\/2021\/04\/academicianul-dinu-giurescu-traian-basescu-plasat-de-rusi-la-nivelul-unui-purtator-de-cuvant-100046.jpg","keywords":["Sovieticii","Transilvania"],"articleSection":["Transilvania"],"inLanguage":"ro-RO","potentialAction":[{"@type":"CommentAction","name":"Comment","target":["https:\/\/desteptati-va.ro\/index.php\/2021\/04\/16\/destramarea-teritoriala-ca-interes-de-partid\/#respond"]}]},{"@type":"WebPage","@id":"https:\/\/desteptati-va.ro\/index.php\/2021\/04\/16\/destramarea-teritoriala-ca-interes-de-partid\/","url":"https:\/\/desteptati-va.ro\/index.php\/2021\/04\/16\/destramarea-teritoriala-ca-interes-de-partid\/","name":"Destr\u0103marea teritorial\u0103 ca interes de partid -","isPartOf":{"@id":"https:\/\/desteptati-va.ro\/#website"},"primaryImageOfPage":{"@id":"https:\/\/desteptati-va.ro\/index.php\/2021\/04\/16\/destramarea-teritoriala-ca-interes-de-partid\/#primaryimage"},"image":{"@id":"https:\/\/desteptati-va.ro\/index.php\/2021\/04\/16\/destramarea-teritoriala-ca-interes-de-partid\/#primaryimage"},"thumbnailUrl":"https:\/\/desteptati-va.ro\/wp-content\/uploads\/2021\/04\/academicianul-dinu-giurescu-traian-basescu-plasat-de-rusi-la-nivelul-unui-purtator-de-cuvant-100046.jpg","datePublished":"2021-04-16T08:29:47+00:00","author":{"@id":"https:\/\/desteptati-va.ro\/#\/schema\/person\/13182deeebd44920914899f7bb262d6b"},"breadcrumb":{"@id":"https:\/\/desteptati-va.ro\/index.php\/2021\/04\/16\/destramarea-teritoriala-ca-interes-de-partid\/#breadcrumb"},"inLanguage":"ro-RO","potentialAction":[{"@type":"ReadAction","target":["https:\/\/desteptati-va.ro\/index.php\/2021\/04\/16\/destramarea-teritoriala-ca-interes-de-partid\/"]}]},{"@type":"ImageObject","inLanguage":"ro-RO","@id":"https:\/\/desteptati-va.ro\/index.php\/2021\/04\/16\/destramarea-teritoriala-ca-interes-de-partid\/#primaryimage","url":"https:\/\/desteptati-va.ro\/wp-content\/uploads\/2021\/04\/academicianul-dinu-giurescu-traian-basescu-plasat-de-rusi-la-nivelul-unui-purtator-de-cuvant-100046.jpg","contentUrl":"https:\/\/desteptati-va.ro\/wp-content\/uploads\/2021\/04\/academicianul-dinu-giurescu-traian-basescu-plasat-de-rusi-la-nivelul-unui-purtator-de-cuvant-100046.jpg","width":450,"height":274},{"@type":"BreadcrumbList","@id":"https:\/\/desteptati-va.ro\/index.php\/2021\/04\/16\/destramarea-teritoriala-ca-interes-de-partid\/#breadcrumb","itemListElement":[{"@type":"ListItem","position":1,"name":"Prima pagin\u0103","item":"https:\/\/desteptati-va.ro\/"},{"@type":"ListItem","position":2,"name":"Destr\u0103marea teritorial\u0103 ca interes de partid"}]},{"@type":"WebSite","@id":"https:\/\/desteptati-va.ro\/#website","url":"https:\/\/desteptati-va.ro\/","name":"","description":"","potentialAction":[{"@type":"SearchAction","target":{"@type":"EntryPoint","urlTemplate":"https:\/\/desteptati-va.ro\/?s={search_term_string}"},"query-input":{"@type":"PropertyValueSpecification","valueRequired":true,"valueName":"search_term_string"}}],"inLanguage":"ro-RO"},{"@type":"Person","@id":"https:\/\/desteptati-va.ro\/#\/schema\/person\/13182deeebd44920914899f7bb262d6b","name":"wolfsoftcompany","image":{"@type":"ImageObject","inLanguage":"ro-RO","@id":"https:\/\/desteptati-va.ro\/#\/schema\/person\/image\/","url":"https:\/\/secure.gravatar.com\/avatar\/a6cce9b6d101d27d91690e7073e300fed94c0899890bf998e082cb9d2c3d121e?s=96&d=mm&r=g","contentUrl":"https:\/\/secure.gravatar.com\/avatar\/a6cce9b6d101d27d91690e7073e300fed94c0899890bf998e082cb9d2c3d121e?s=96&d=mm&r=g","caption":"wolfsoftcompany"},"sameAs":["http:\/\/desteptati-va.ro"],"url":"https:\/\/desteptati-va.ro\/index.php\/author\/wolfsoftcompany\/"}]}},"_links":{"self":[{"href":"https:\/\/desteptati-va.ro\/index.php\/wp-json\/wp\/v2\/posts\/3718","targetHints":{"allow":["GET"]}}],"collection":[{"href":"https:\/\/desteptati-va.ro\/index.php\/wp-json\/wp\/v2\/posts"}],"about":[{"href":"https:\/\/desteptati-va.ro\/index.php\/wp-json\/wp\/v2\/types\/post"}],"author":[{"embeddable":true,"href":"https:\/\/desteptati-va.ro\/index.php\/wp-json\/wp\/v2\/users\/1"}],"replies":[{"embeddable":true,"href":"https:\/\/desteptati-va.ro\/index.php\/wp-json\/wp\/v2\/comments?post=3718"}],"version-history":[{"count":1,"href":"https:\/\/desteptati-va.ro\/index.php\/wp-json\/wp\/v2\/posts\/3718\/revisions"}],"predecessor-version":[{"id":3720,"href":"https:\/\/desteptati-va.ro\/index.php\/wp-json\/wp\/v2\/posts\/3718\/revisions\/3720"}],"wp:featuredmedia":[{"embeddable":true,"href":"https:\/\/desteptati-va.ro\/index.php\/wp-json\/wp\/v2\/media\/2096"}],"wp:attachment":[{"href":"https:\/\/desteptati-va.ro\/index.php\/wp-json\/wp\/v2\/media?parent=3718"}],"wp:term":[{"taxonomy":"category","embeddable":true,"href":"https:\/\/desteptati-va.ro\/index.php\/wp-json\/wp\/v2\/categories?post=3718"},{"taxonomy":"post_tag","embeddable":true,"href":"https:\/\/desteptati-va.ro\/index.php\/wp-json\/wp\/v2\/tags?post=3718"}],"curies":[{"name":"wp","href":"https:\/\/api.w.org\/{rel}","templated":true}]}}