{"id":3721,"date":"2021-04-16T08:32:09","date_gmt":"2021-04-16T08:32:09","guid":{"rendered":"http:\/\/desteptati.ro\/?p=3721"},"modified":"2022-01-31T15:01:52","modified_gmt":"2022-01-31T13:01:52","slug":"cine-tradeaza-romania","status":"publish","type":"post","link":"https:\/\/desteptati-va.ro\/index.php\/2021\/04\/16\/cine-tradeaza-romania\/","title":{"rendered":"Cine tr\u0103deaz\u0103 Rom\u00e2nia?"},"content":{"rendered":"<div class=\"post-content\"><div class='booster-block booster-read-block'>\n                <div class=\"twp-read-time\">\n                \t<i class=\"booster-icon twp-clock\"><\/i> <span>Read Time:<\/span>4 Minute, 23 Second                <\/div>\n\n            <\/div><h4 style=\"text-align: justify;\">Oficiul Uniunii Europene la Chi\u015fin\u0103u \u015fi, \u00een general, afacerile Uniunii \u00een cel de-al doilea stat rom\u00e2nesc sunt, \u00een cea mai mare parte, gestionate de func\u0163ionari reprezentan\u0163i ai Ungariei. Nu pentru c\u0103 a\u015fa a fost s\u0103 fie. Chiar \u015fi numai faptul c\u0103 numele rom\u00e2ne\u015fti ale cet\u0103\u0163enilor Republicii Moldova au \u00eenceput s\u0103 fie scrise \u00een traducere maghiar\u0103 \u00een documentele eliberate sub autoritatea institu\u0163iilor europene este suficient pentru a ne da de g\u00e2ndit.<\/h4>\n<h4 style=\"text-align: justify;\">\u00cen 36 de ani de serviciu sub drapel \u00een arma informa\u0163iilor am \u00eenv\u0103\u0163at, dar am \u015fi constatat c\u0103 puterile revizioniste care \u00eenconjoar\u0103 Rom\u00e2nia fac parte dintr-o orchestr\u0103, iar orchestra are un dirijor \u015fi un prim violonist.<\/h4>\n<h4 style=\"text-align: justify;\">\u00cen materia opera\u0163iunilor secrete ale Rusiei Sovietice, \u00een marea orchestr\u0103 cominternist\u0103, spionii unguri au fost vioara \u00eent\u00e2i. Ei au fost cei mai buni agen\u0163i recrutori sub steag str\u0103in, care au creat puternice re\u0163ele ale subversiunii ro\u015fii \u00eempotriva democra\u0163iilor occidentale.<\/h4>\n<figure id=\"attachment_2446\" aria-describedby=\"caption-attachment-2446\" style=\"width: 151px\" class=\"wp-caption aligncenter\"><a href=\"http:\/\/www.desteptati-va.ro\/wp-content\/uploads\/2011\/09\/Hjnicholson.jpg\"><img loading=\"lazy\" decoding=\"async\" class=\"size-medium wp-image-2446\" title=\"Harold Nicholson\" src=\"http:\/\/www.desteptati-va.ro\/wp-content\/uploads\/2011\/09\/Hjnicholson-151x300.jpg\" alt=\"Harold Nicholson\" width=\"151\" height=\"300\"><\/a><figcaption id=\"caption-attachment-2446\" class=\"wp-caption-text\">Harold Nicholson<\/figcaption><\/figure>\n<h4 style=\"text-align: justify;\">Tradi\u0163ia consolidat\u0103 \u00een anii &#8217;30 ai secolului trecut s-a dovedit indestructibil\u0103. P\u00e2n\u0103 \u015fi Harold Nicholson, &#8222;spionul sovietic al lui M\u0103gureanu&#8221;, a fost recrutat \u00een Vietnam de un ofi\u0163er al Securit\u0103\u0163ii Ungariei.<\/h4>\n<h4 style=\"text-align: justify;\">Larry Watts ne-a spus zilele trecute c\u0103 \u015feful Sec\u0163iei Rom\u00e2nia a C.I.A. a fost un american ungur, spion al Moscovei. Dintr-o surs\u0103 privat\u0103 extern\u0103 am aflat c\u0103 \u015fi \u015feful opera\u0163iunilor clandestine ale C.I.A. cu surse umane, p\u00e2n\u0103 \u00een anii &#8217;90, a fost tot un american ungur, devenit at\u00e2t de periculos \u00eenc\u00e2t numai un accident planificat a putut pune cap\u0103t dezastrului creat \u00een sistemul securit\u0103\u0163ii Alian\u0163ei.<\/h4>\n<h4 style=\"text-align: justify;\">Un proces celebru din anii &#8217;30, intentat re\u0163elei spionajului Ungariei din Rom\u00e2nia (aproximativ 130 de persoane), acoperit\u0103 de Partidul Popular Maghiar, a scos la iveal\u0103 cum \u00eenaltul prelat Marton Aron (Alba Iulia) a fost manipulat de un ofi\u0163er s\u00e2rb, agent sovietic, s\u0103 se pun\u0103 sub steagul britanic al Intelligence Service, pentru a ascunde coordonarea sovieto-s\u00e2rbo-maghiar\u0103 a ac\u0163iunilor revizioniste antirom\u00e2ne\u015fti.<\/h4>\n<figure id=\"attachment_2448\" aria-describedby=\"caption-attachment-2448\" style=\"width: 300px\" class=\"wp-caption aligncenter\"><a href=\"http:\/\/www.desteptati-va.ro\/wp-content\/uploads\/2011\/09\/Marton_Aron.jpg\"><img loading=\"lazy\" decoding=\"async\" class=\"size-medium wp-image-2448\" title=\"Statuie a lui Marton Aron\" src=\"http:\/\/www.desteptati-va.ro\/wp-content\/uploads\/2011\/09\/Marton_Aron-300x225.jpg\" alt=\"Statuie a lui Marton Aron\" width=\"300\" height=\"225\"><\/a><figcaption id=\"caption-attachment-2448\" class=\"wp-caption-text\">Statuie a lui Marton Aron<\/figcaption><\/figure>\n<h4 style=\"text-align: justify;\">\u00cen anii &#8217;80, c\u00e2nd Moscova a dat und\u0103 verde \u00eenl\u0103tur\u0103rii violente a lui Ceau\u015fescu, Divizia Ardeal a Securit\u0103\u0163ii Republicii Populare Ungare a primit ordinul de misiune principal. Pe de-o parte, extremi\u015ftii g\u0103l\u0103gio\u015fi care s\u0103 realizeze provoc\u0103rile diversioniste [Szocs Geza, Tokes Laszlo, Kovacs Ara Atilla, Molnar Gusti, Imre Andras, Kiraly Karoly \u015f.a.], iar pe de alt\u0103 parte, conspiratorii de la Bucure\u015fti, care s\u0103 realizeze ori s\u0103 accepte un atentat, \u00een urma c\u0103ruia s\u0103 preia puterea. Pre\u0163ul: dou\u0103 republici socialiste federative autonome Transilvania \u015fi&#8230; Moldova (de la Siret la Bug).<\/h4>\n<h4 style=\"text-align: justify;\">\u00cen decembrie &#8217;89 se inten\u0163iona aplicarea aceluia\u015fi scenariu, cu men\u0163iunea c\u0103 Banatul rom\u00e2nesc urma s\u0103 fie cedat Iugoslaviei.<\/h4>\n<h4 style=\"text-align: justify;\">\u00cen actualul context paneuropean, obiectivul strategic al puterilor revizioniste este \u00eendeplinit cu mijloace perfide \u015fi mult mai eficiente, care s\u0103 conduc\u0103 la pr\u0103bu\u015firea din interior a grani\u0163elor Rom\u00e2niei, ca urmare tr\u0103d\u0103rilor clasei politice.<\/h4>\n<h4 style=\"text-align: justify;\">Nu putem s\u0103 nu ne respect\u0103m \u00een\u0163elep\u0163ii, \u00een via\u0163\u0103, ai neamului \u015fi s\u0103 nu d\u0103m credit avertismentelor acestora, bazate pe precedentele \u015fi faptele istorice pe care le-au studiat ori tr\u0103it. Repetat \u00een ultimul an, academicianul Dinu C. Giurescu a tras semnal de alarm\u0103, dup\u0103 semnal de alarm\u0103. Unul mai disperat ca altul. \u00cen cea mai recent\u0103 luare public\u0103 de pozi\u0163ie, distinsul academician a sintetizat consecin\u0163ele atacurilor concertate la adresa integrit\u0103\u0163ii Rom\u00e2niei, reprezentate de diversiunile regionaliz\u0103rii, Legii educa\u0163iei \u015fi Legii minorit\u0103\u0163ilor.<\/h4>\n<figure id=\"attachment_2449\" aria-describedby=\"caption-attachment-2449\" style=\"width: 280px\" class=\"wp-caption aligncenter\"><a href=\"http:\/\/www.desteptati-va.ro\/wp-content\/uploads\/2011\/09\/Radu-Baltasiu.png\"><img loading=\"lazy\" decoding=\"async\" class=\"size-full wp-image-2449\" title=\"Radu Baltasiu - directorul CESPE\" src=\"http:\/\/www.desteptati-va.ro\/wp-content\/uploads\/2011\/09\/Radu-Baltasiu.png\" alt=\"Radu Baltasiu - directorul CESPE\" width=\"280\" height=\"190\"><\/a><figcaption id=\"caption-attachment-2449\" class=\"wp-caption-text\">Radu Baltasiu &#8211; directorul CESPE<\/figcaption><\/figure>\n<h4 style=\"text-align: justify;\">O alt\u0103 voce, cea a cercet\u0103torului \u00een sociologie Radu Baltasiu, director al Centrului European de Studii \u00een Probleme Etnice (CESPE) al Academiei Rom\u00e2ne, atrage aten\u0163ia: \u201e\u00cen contextul actual, Legea Statutului minorit\u0103\u0163ilor consacr\u0103 renun\u0163area de c\u0103tre Statul Rom\u00e2n la unele componente ale func\u0163iilor sale suverane \u00een zonele unde etnicitatea este alta dec\u00e2t cea rom\u00e2n\u0103. Statul Rom\u00e2n nu descentralizeaz\u0103 autoritatea, ci renun\u0163\u0103 la ea \u00een acele zone unde are deficit de reprezentare. Asist\u0103m ast\u0103zi la curioase abandonuri istorice \u015fi la momentul \u00een care statul se retrage din fa\u0163a propriilor r\u0103spunderi&#8221;.<\/h4>\n<h4 style=\"text-align: justify;\">Academicianul Dinu C. Giurescu a atras aten\u0163ia asupra faptului c\u0103 Legea minorit\u0103\u0163ilor, \u00een actuala sa form\u0103, instituie \u201eun guvern\u0103m\u00e2nt al minorit\u0103\u0163ilor na\u0163ionale \u00een Rom\u00e2nia&#8221; \u015fi, \u201eca istoric, ca fiu al tat\u0103lui \u015fi bunicului meu, nu-mi vine s\u0103 cred c\u0103 partidele politice rom\u00e2ne\u015fti nu pot s\u0103 g\u0103seasc\u0103 o solu\u0163ie \u00eempreun\u0103 ca s\u0103 p\u0103streze coeziunea Statului Rom\u00e2n, s\u0103 apere identitatea na\u0163ional\u0103. (&#8230;)Am asistat odat\u0103 la pr\u0103bu\u015firea frontierelor Rom\u00e2niei, \u00een 1940, ca elev de liceu. N-a\u015f vrea s\u0103 asist a doua oar\u0103 la pr\u0103bu\u015firea hotarelor \u0163\u0103rii, prin voin\u0163a factorilor politici interni&#8221;.<\/h4>\n<h4 style=\"text-align: justify;\">Obiectivul distrugerii statalit\u0103\u0163ii Rom\u00e2niei a fost stabilit de c\u0103tre Lenin, imediat dup\u0103 Marea Unire din 1918. \u00cen perioada interbelic\u0103, spionii \u015fi terori\u015ftii Moscovei \u015fi, deopotriv\u0103, ai Budapestei au deschis fronturile secrete \u00eempotriva Rom\u00e2niei <em>(mai multe detalii <a title=\"Iredentismul, Romania si Cominternul, o pagina de istorie ce trebuie stiuta\" href=\"http:\/\/www.desteptati-va.ro\/index.php\/2011\/02\/24\/iredentismul-romania-pcr-si-cominternul-pagina-de-istorie-ce-trebuie-stiuta\/\" target=\"_blank\" rel=\"noopener\">aici<\/a>)<\/em>. \u00cen 1940, ru\u015fii ne-au luat Basarabia, iar ungurii, nord-vestul Transilvaniei. Bulgarii au primit \u015fi ei Cadrilaterul&#8230;<\/h4>\n<h4 style=\"text-align: justify;\">Un Partid pentru Moldova Unit\u0103 cic\u0103 exist\u0103. Un Partid al Moldovenilor parc\u0103 a existat. Politica falimentar\u0103 a guvernelor de la Bucure\u015fti \u00een rela\u0163iile cu comunit\u0103\u0163ile rom\u00e2ne\u015fti care ne \u00eenconjoar\u0103 este un fapt ce nu trebuie dovedit.<\/h4>\n<h4 style=\"text-align: justify;\">Ast\u0103zi, Rom\u00e2nia se afl\u0103 iar\u0103\u015fi \u00eentr-un moment critic, fa\u0163\u0103 de care nu putem s\u0103 nu ne \u00eentreb\u0103m: &#8222;Cine tr\u0103deaz\u0103 Rom\u00e2nia, dans\u00e2nd cazacioc \u00een ritm de cearda\u015f?&#8221;<\/h4>\n<h4 style=\"text-align: justify;\"><em>Publicat de Aurel I. Rogojan in <a href=\"http:\/\/www.cotidianul.ro\/cine-tradeaza-romania-dansand-cazacioc-in-ritm-de-ceardas-150200\/\" target=\"_blank\" rel=\"noopener\">http:\/\/www.cotidianul.ro\/<\/a><\/em><\/h4>        <div class=\"booster-block booster-reactions-block\">\n            <div class=\"twp-reactions-icons\">\n                \n                <div class=\"twp-reacts-wrap\">\n                    <a react-data=\"be-react-1\" post-id=\"3721\" class=\"be-face-icons un-reacted\" href=\"javascript:void(0)\">\n                        <img decoding=\"async\" src=\"https:\/\/desteptati-va.ro\/wp-content\/plugins\/booster-extension\/\/assets\/icon\/happy.svg\" alt=\"Happy\">\n                    <\/a>\n                    <div class=\"twp-reaction-title\">\n                        Happy                    <\/div>\n                    <div class=\"twp-count-percent\">\n                                                    <span style=\"display: none;\" class=\"twp-react-count\">0<\/span>\n                        \n                                                <span class=\"twp-react-percent\"><span>0<\/span> %<\/span>\n                                            <\/div>\n                <\/div>\n\n                <div class=\"twp-reacts-wrap\">\n                    <a react-data=\"be-react-2\" post-id=\"3721\" class=\"be-face-icons un-reacted\" href=\"javascript:void(0)\">\n                        <img decoding=\"async\" src=\"https:\/\/desteptati-va.ro\/wp-content\/plugins\/booster-extension\/\/assets\/icon\/sad.svg\" alt=\"Sad\">\n                    <\/a>\n                    <div class=\"twp-reaction-title\">\n                        Sad                    <\/div>\n                    <div class=\"twp-count-percent\">\n                                                    <span style=\"display: none;\" class=\"twp-react-count\">0<\/span>\n                                                                        <span class=\"twp-react-percent\"><span>0<\/span> %<\/span>\n                                            <\/div>\n                <\/div>\n\n                <div class=\"twp-reacts-wrap\">\n                    <a react-data=\"be-react-3\" post-id=\"3721\" class=\"be-face-icons un-reacted\" href=\"javascript:void(0)\">\n                        <img decoding=\"async\" src=\"https:\/\/desteptati-va.ro\/wp-content\/plugins\/booster-extension\/\/assets\/icon\/excited.svg\" alt=\"Excited\">\n                    <\/a>\n                    <div class=\"twp-reaction-title\">\n                        Excited                    <\/div>\n                    <div class=\"twp-count-percent\">\n                                                    <span style=\"display: none;\" class=\"twp-react-count\">0<\/span>\n                                                                        <span class=\"twp-react-percent\"><span>0<\/span> %<\/span>\n                                            <\/div>\n                <\/div>\n\n                <div class=\"twp-reacts-wrap\">\n                    <a react-data=\"be-react-6\" post-id=\"3721\" class=\"be-face-icons un-reacted\" href=\"javascript:void(0)\">\n                        <img decoding=\"async\" src=\"https:\/\/desteptati-va.ro\/wp-content\/plugins\/booster-extension\/\/assets\/icon\/sleepy.svg\" alt=\"Sleepy\">\n                    <\/a>\n                    <div class=\"twp-reaction-title\">\n                        Sleepy                    <\/div>\n                    <div class=\"twp-count-percent\">\n                                                    <span style=\"display: none;\" class=\"twp-react-count\">0<\/span>\n                        \n                                                <span class=\"twp-react-percent\"><span>0<\/span> %<\/span>\n                                            <\/div>\n                <\/div>\n\n                <div class=\"twp-reacts-wrap\">\n                    <a react-data=\"be-react-4\" post-id=\"3721\" class=\"be-face-icons un-reacted\" href=\"javascript:void(0)\">\n                        <img decoding=\"async\" src=\"https:\/\/desteptati-va.ro\/wp-content\/plugins\/booster-extension\/\/assets\/icon\/angry.svg\" alt=\"Angry\">\n                    <\/a>\n                    <div class=\"twp-reaction-title\">Angry<\/div>\n                    <div class=\"twp-count-percent\">\n                                                    <span style=\"display: none;\" class=\"twp-react-count\">0<\/span>\n                                                                        <span class=\"twp-react-percent\"><span>0<\/span> %<\/span>\n                        \n                    <\/div>\n                <\/div>\n\n                <div class=\"twp-reacts-wrap\">\n                    <a react-data=\"be-react-5\" post-id=\"3721\" class=\"be-face-icons un-reacted\" href=\"javascript:void(0)\">\n                        <img decoding=\"async\" src=\"https:\/\/desteptati-va.ro\/wp-content\/plugins\/booster-extension\/\/assets\/icon\/surprise.svg\" alt=\"Surprise\">\n                    <\/a>\n                    <div class=\"twp-reaction-title\">Surprise<\/div>\n                    <div class=\"twp-count-percent\">\n                                                    <span style=\"display: none;\" class=\"twp-react-count\">0<\/span>\n                                                                        <span class=\"twp-react-percent\"><span>0<\/span> %<\/span>\n                                            <\/div>\n                <\/div>\n\n            <\/div>\n        <\/div>\n\n    <\/div>","protected":false},"excerpt":{"rendered":"<p>Oficiul Uniunii Europene la Chi\u015fin\u0103u \u015fi, \u00een general, afacerile Uniunii \u00een cel de-al doilea stat rom\u00e2nesc sunt, \u00een cea mai<a href=\"https:\/\/desteptati-va.ro\/index.php\/2021\/04\/16\/cine-tradeaza-romania\/\">Read More<i class=\"fa fa-long-arrow-right\" aria-hidden=\"true\"><\/i><\/a><\/p>\n","protected":false},"author":1,"featured_media":4630,"comment_status":"open","ping_status":"open","sticky":false,"template":"","format":"standard","meta":{"_crdt_document":"","footnotes":""},"categories":[51],"tags":[621,59,60,746,747,262,158,748,179,155,749,83,84],"class_list":["post-3721","post","type-post","status-publish","format-standard","has-post-thumbnail","hentry","category-transilvania","tag-conspiratie","tag-desteptati","tag-desteptati-va","tag-dinu-giurascu","tag-distrugere","tag-moscova","tag-revizionism","tag-rogojan","tag-romania","tag-spionaj","tag-stabilitate","tag-tradare","tag-ungaria"],"rise-blocks_total_comments":0,"rise-blocks_categories":[{"term_id":51,"name":"Transilvania","slug":"transilvania","term_group":0,"term_taxonomy_id":51,"taxonomy":"category","description":"","parent":0,"count":13,"filter":"raw"}],"rise-blocks_excerpt":"Oficiul Uniunii Europene la Chi\u015fin\u0103u \u015fi, \u00een general, afacerile Uniunii \u00een cel de-al doilea stat rom\u00e2nesc sunt, \u00een cea mai mare parte, gestionate de func\u0163ionari reprezentan\u0163i ai Ungariei. Nu pentru c\u0103 a\u015fa a fost s\u0103 fie. Chiar \u015fi numai faptul c\u0103 numele rom\u00e2ne\u015fti ale cet\u0103\u0163enilor Republicii Moldova au \u00eenceput s\u0103 fie scrise \u00een traducere maghiar\u0103 \u00een documentele eliberate sub autoritatea..","yoast_head":"<!-- This site is optimized with the Yoast SEO plugin v26.9 - https:\/\/yoast.com\/product\/yoast-seo-wordpress\/ -->\r\n<title>Cine tr\u0103deaz\u0103 Rom\u00e2nia? -<\/title>\r\n<meta name=\"robots\" content=\"index, follow, max-snippet:-1, max-image-preview:large, max-video-preview:-1\" \/>\r\n<link rel=\"canonical\" href=\"https:\/\/desteptati-va.ro\/index.php\/2021\/04\/16\/cine-tradeaza-romania\/\" \/>\r\n<meta property=\"og:locale\" content=\"ro_RO\" \/>\r\n<meta property=\"og:type\" content=\"article\" \/>\r\n<meta property=\"og:title\" content=\"Cine tr\u0103deaz\u0103 Rom\u00e2nia? -\" \/>\r\n<meta property=\"og:description\" content=\"Oficiul Uniunii Europene la Chi\u015fin\u0103u \u015fi, \u00een general, afacerile Uniunii \u00een cel de-al doilea stat rom\u00e2nesc sunt, \u00een cea maiRead More\" \/>\r\n<meta property=\"og:url\" content=\"https:\/\/desteptati-va.ro\/index.php\/2021\/04\/16\/cine-tradeaza-romania\/\" \/>\r\n<meta property=\"article:published_time\" content=\"2021-04-16T08:32:09+00:00\" \/>\r\n<meta property=\"article:modified_time\" content=\"2022-01-31T13:01:52+00:00\" \/>\r\n<meta property=\"og:image\" content=\"https:\/\/desteptati-va.ro\/wp-content\/uploads\/2021\/04\/Steag.jpg\" \/>\r\n\t<meta property=\"og:image:width\" content=\"300\" \/>\r\n\t<meta property=\"og:image:height\" content=\"168\" \/>\r\n\t<meta property=\"og:image:type\" content=\"image\/jpeg\" \/>\r\n<meta name=\"author\" content=\"wolfsoftcompany\" \/>\r\n<meta name=\"twitter:card\" content=\"summary_large_image\" \/>\r\n<meta name=\"twitter:label1\" content=\"Scris de\" \/>\n\t<meta name=\"twitter:data1\" content=\"wolfsoftcompany\" \/>\n\t<meta name=\"twitter:label2\" content=\"Timp estimat pentru citire\" \/>\n\t<meta name=\"twitter:data2\" content=\"5 minute\" \/>\r\n<script type=\"application\/ld+json\" class=\"yoast-schema-graph\">{\"@context\":\"https:\/\/schema.org\",\"@graph\":[{\"@type\":\"Article\",\"@id\":\"https:\/\/desteptati-va.ro\/index.php\/2021\/04\/16\/cine-tradeaza-romania\/#article\",\"isPartOf\":{\"@id\":\"https:\/\/desteptati-va.ro\/index.php\/2021\/04\/16\/cine-tradeaza-romania\/\"},\"author\":{\"name\":\"wolfsoftcompany\",\"@id\":\"https:\/\/desteptati-va.ro\/#\/schema\/person\/13182deeebd44920914899f7bb262d6b\"},\"headline\":\"Cine tr\u0103deaz\u0103 Rom\u00e2nia?\",\"datePublished\":\"2021-04-16T08:32:09+00:00\",\"dateModified\":\"2022-01-31T13:01:52+00:00\",\"mainEntityOfPage\":{\"@id\":\"https:\/\/desteptati-va.ro\/index.php\/2021\/04\/16\/cine-tradeaza-romania\/\"},\"wordCount\":989,\"commentCount\":0,\"image\":{\"@id\":\"https:\/\/desteptati-va.ro\/index.php\/2021\/04\/16\/cine-tradeaza-romania\/#primaryimage\"},\"thumbnailUrl\":\"https:\/\/desteptati-va.ro\/wp-content\/uploads\/2021\/04\/Steag.jpg\",\"keywords\":[\"conspiratie\",\"desteptati\",\"desteptati-va\",\"dinu giurascu\",\"distrugere\",\"Moscova\",\"revizionism\",\"rogojan\",\"Romania\",\"spionaj\",\"stabilitate\",\"tradare\",\"Ungaria\"],\"articleSection\":[\"Transilvania\"],\"inLanguage\":\"ro-RO\",\"potentialAction\":[{\"@type\":\"CommentAction\",\"name\":\"Comment\",\"target\":[\"https:\/\/desteptati-va.ro\/index.php\/2021\/04\/16\/cine-tradeaza-romania\/#respond\"]}]},{\"@type\":\"WebPage\",\"@id\":\"https:\/\/desteptati-va.ro\/index.php\/2021\/04\/16\/cine-tradeaza-romania\/\",\"url\":\"https:\/\/desteptati-va.ro\/index.php\/2021\/04\/16\/cine-tradeaza-romania\/\",\"name\":\"Cine tr\u0103deaz\u0103 Rom\u00e2nia? -\",\"isPartOf\":{\"@id\":\"https:\/\/desteptati-va.ro\/#website\"},\"primaryImageOfPage\":{\"@id\":\"https:\/\/desteptati-va.ro\/index.php\/2021\/04\/16\/cine-tradeaza-romania\/#primaryimage\"},\"image\":{\"@id\":\"https:\/\/desteptati-va.ro\/index.php\/2021\/04\/16\/cine-tradeaza-romania\/#primaryimage\"},\"thumbnailUrl\":\"https:\/\/desteptati-va.ro\/wp-content\/uploads\/2021\/04\/Steag.jpg\",\"datePublished\":\"2021-04-16T08:32:09+00:00\",\"dateModified\":\"2022-01-31T13:01:52+00:00\",\"author\":{\"@id\":\"https:\/\/desteptati-va.ro\/#\/schema\/person\/13182deeebd44920914899f7bb262d6b\"},\"breadcrumb\":{\"@id\":\"https:\/\/desteptati-va.ro\/index.php\/2021\/04\/16\/cine-tradeaza-romania\/#breadcrumb\"},\"inLanguage\":\"ro-RO\",\"potentialAction\":[{\"@type\":\"ReadAction\",\"target\":[\"https:\/\/desteptati-va.ro\/index.php\/2021\/04\/16\/cine-tradeaza-romania\/\"]}]},{\"@type\":\"ImageObject\",\"inLanguage\":\"ro-RO\",\"@id\":\"https:\/\/desteptati-va.ro\/index.php\/2021\/04\/16\/cine-tradeaza-romania\/#primaryimage\",\"url\":\"https:\/\/desteptati-va.ro\/wp-content\/uploads\/2021\/04\/Steag.jpg\",\"contentUrl\":\"https:\/\/desteptati-va.ro\/wp-content\/uploads\/2021\/04\/Steag.jpg\",\"width\":300,\"height\":168},{\"@type\":\"BreadcrumbList\",\"@id\":\"https:\/\/desteptati-va.ro\/index.php\/2021\/04\/16\/cine-tradeaza-romania\/#breadcrumb\",\"itemListElement\":[{\"@type\":\"ListItem\",\"position\":1,\"name\":\"Prima pagin\u0103\",\"item\":\"https:\/\/desteptati-va.ro\/\"},{\"@type\":\"ListItem\",\"position\":2,\"name\":\"Cine tr\u0103deaz\u0103 Rom\u00e2nia?\"}]},{\"@type\":\"WebSite\",\"@id\":\"https:\/\/desteptati-va.ro\/#website\",\"url\":\"https:\/\/desteptati-va.ro\/\",\"name\":\"\",\"description\":\"\",\"potentialAction\":[{\"@type\":\"SearchAction\",\"target\":{\"@type\":\"EntryPoint\",\"urlTemplate\":\"https:\/\/desteptati-va.ro\/?s={search_term_string}\"},\"query-input\":{\"@type\":\"PropertyValueSpecification\",\"valueRequired\":true,\"valueName\":\"search_term_string\"}}],\"inLanguage\":\"ro-RO\"},{\"@type\":\"Person\",\"@id\":\"https:\/\/desteptati-va.ro\/#\/schema\/person\/13182deeebd44920914899f7bb262d6b\",\"name\":\"wolfsoftcompany\",\"image\":{\"@type\":\"ImageObject\",\"inLanguage\":\"ro-RO\",\"@id\":\"https:\/\/desteptati-va.ro\/#\/schema\/person\/image\/\",\"url\":\"https:\/\/secure.gravatar.com\/avatar\/a6cce9b6d101d27d91690e7073e300fed94c0899890bf998e082cb9d2c3d121e?s=96&d=mm&r=g\",\"contentUrl\":\"https:\/\/secure.gravatar.com\/avatar\/a6cce9b6d101d27d91690e7073e300fed94c0899890bf998e082cb9d2c3d121e?s=96&d=mm&r=g\",\"caption\":\"wolfsoftcompany\"},\"sameAs\":[\"http:\/\/desteptati-va.ro\"],\"url\":\"https:\/\/desteptati-va.ro\/index.php\/author\/wolfsoftcompany\/\"}]}<\/script>\r\n<!-- \/ Yoast SEO plugin. -->","yoast_head_json":{"title":"Cine tr\u0103deaz\u0103 Rom\u00e2nia? -","robots":{"index":"index","follow":"follow","max-snippet":"max-snippet:-1","max-image-preview":"max-image-preview:large","max-video-preview":"max-video-preview:-1"},"canonical":"https:\/\/desteptati-va.ro\/index.php\/2021\/04\/16\/cine-tradeaza-romania\/","og_locale":"ro_RO","og_type":"article","og_title":"Cine tr\u0103deaz\u0103 Rom\u00e2nia? -","og_description":"Oficiul Uniunii Europene la Chi\u015fin\u0103u \u015fi, \u00een general, afacerile Uniunii \u00een cel de-al doilea stat rom\u00e2nesc sunt, \u00een cea maiRead More","og_url":"https:\/\/desteptati-va.ro\/index.php\/2021\/04\/16\/cine-tradeaza-romania\/","article_published_time":"2021-04-16T08:32:09+00:00","article_modified_time":"2022-01-31T13:01:52+00:00","og_image":[{"width":300,"height":168,"url":"https:\/\/desteptati-va.ro\/wp-content\/uploads\/2021\/04\/Steag.jpg","type":"image\/jpeg"}],"author":"wolfsoftcompany","twitter_card":"summary_large_image","twitter_misc":{"Scris de":"wolfsoftcompany","Timp estimat pentru citire":"5 minute"},"schema":{"@context":"https:\/\/schema.org","@graph":[{"@type":"Article","@id":"https:\/\/desteptati-va.ro\/index.php\/2021\/04\/16\/cine-tradeaza-romania\/#article","isPartOf":{"@id":"https:\/\/desteptati-va.ro\/index.php\/2021\/04\/16\/cine-tradeaza-romania\/"},"author":{"name":"wolfsoftcompany","@id":"https:\/\/desteptati-va.ro\/#\/schema\/person\/13182deeebd44920914899f7bb262d6b"},"headline":"Cine tr\u0103deaz\u0103 Rom\u00e2nia?","datePublished":"2021-04-16T08:32:09+00:00","dateModified":"2022-01-31T13:01:52+00:00","mainEntityOfPage":{"@id":"https:\/\/desteptati-va.ro\/index.php\/2021\/04\/16\/cine-tradeaza-romania\/"},"wordCount":989,"commentCount":0,"image":{"@id":"https:\/\/desteptati-va.ro\/index.php\/2021\/04\/16\/cine-tradeaza-romania\/#primaryimage"},"thumbnailUrl":"https:\/\/desteptati-va.ro\/wp-content\/uploads\/2021\/04\/Steag.jpg","keywords":["conspiratie","desteptati","desteptati-va","dinu giurascu","distrugere","Moscova","revizionism","rogojan","Romania","spionaj","stabilitate","tradare","Ungaria"],"articleSection":["Transilvania"],"inLanguage":"ro-RO","potentialAction":[{"@type":"CommentAction","name":"Comment","target":["https:\/\/desteptati-va.ro\/index.php\/2021\/04\/16\/cine-tradeaza-romania\/#respond"]}]},{"@type":"WebPage","@id":"https:\/\/desteptati-va.ro\/index.php\/2021\/04\/16\/cine-tradeaza-romania\/","url":"https:\/\/desteptati-va.ro\/index.php\/2021\/04\/16\/cine-tradeaza-romania\/","name":"Cine tr\u0103deaz\u0103 Rom\u00e2nia? -","isPartOf":{"@id":"https:\/\/desteptati-va.ro\/#website"},"primaryImageOfPage":{"@id":"https:\/\/desteptati-va.ro\/index.php\/2021\/04\/16\/cine-tradeaza-romania\/#primaryimage"},"image":{"@id":"https:\/\/desteptati-va.ro\/index.php\/2021\/04\/16\/cine-tradeaza-romania\/#primaryimage"},"thumbnailUrl":"https:\/\/desteptati-va.ro\/wp-content\/uploads\/2021\/04\/Steag.jpg","datePublished":"2021-04-16T08:32:09+00:00","dateModified":"2022-01-31T13:01:52+00:00","author":{"@id":"https:\/\/desteptati-va.ro\/#\/schema\/person\/13182deeebd44920914899f7bb262d6b"},"breadcrumb":{"@id":"https:\/\/desteptati-va.ro\/index.php\/2021\/04\/16\/cine-tradeaza-romania\/#breadcrumb"},"inLanguage":"ro-RO","potentialAction":[{"@type":"ReadAction","target":["https:\/\/desteptati-va.ro\/index.php\/2021\/04\/16\/cine-tradeaza-romania\/"]}]},{"@type":"ImageObject","inLanguage":"ro-RO","@id":"https:\/\/desteptati-va.ro\/index.php\/2021\/04\/16\/cine-tradeaza-romania\/#primaryimage","url":"https:\/\/desteptati-va.ro\/wp-content\/uploads\/2021\/04\/Steag.jpg","contentUrl":"https:\/\/desteptati-va.ro\/wp-content\/uploads\/2021\/04\/Steag.jpg","width":300,"height":168},{"@type":"BreadcrumbList","@id":"https:\/\/desteptati-va.ro\/index.php\/2021\/04\/16\/cine-tradeaza-romania\/#breadcrumb","itemListElement":[{"@type":"ListItem","position":1,"name":"Prima pagin\u0103","item":"https:\/\/desteptati-va.ro\/"},{"@type":"ListItem","position":2,"name":"Cine tr\u0103deaz\u0103 Rom\u00e2nia?"}]},{"@type":"WebSite","@id":"https:\/\/desteptati-va.ro\/#website","url":"https:\/\/desteptati-va.ro\/","name":"","description":"","potentialAction":[{"@type":"SearchAction","target":{"@type":"EntryPoint","urlTemplate":"https:\/\/desteptati-va.ro\/?s={search_term_string}"},"query-input":{"@type":"PropertyValueSpecification","valueRequired":true,"valueName":"search_term_string"}}],"inLanguage":"ro-RO"},{"@type":"Person","@id":"https:\/\/desteptati-va.ro\/#\/schema\/person\/13182deeebd44920914899f7bb262d6b","name":"wolfsoftcompany","image":{"@type":"ImageObject","inLanguage":"ro-RO","@id":"https:\/\/desteptati-va.ro\/#\/schema\/person\/image\/","url":"https:\/\/secure.gravatar.com\/avatar\/a6cce9b6d101d27d91690e7073e300fed94c0899890bf998e082cb9d2c3d121e?s=96&d=mm&r=g","contentUrl":"https:\/\/secure.gravatar.com\/avatar\/a6cce9b6d101d27d91690e7073e300fed94c0899890bf998e082cb9d2c3d121e?s=96&d=mm&r=g","caption":"wolfsoftcompany"},"sameAs":["http:\/\/desteptati-va.ro"],"url":"https:\/\/desteptati-va.ro\/index.php\/author\/wolfsoftcompany\/"}]}},"_links":{"self":[{"href":"https:\/\/desteptati-va.ro\/index.php\/wp-json\/wp\/v2\/posts\/3721","targetHints":{"allow":["GET"]}}],"collection":[{"href":"https:\/\/desteptati-va.ro\/index.php\/wp-json\/wp\/v2\/posts"}],"about":[{"href":"https:\/\/desteptati-va.ro\/index.php\/wp-json\/wp\/v2\/types\/post"}],"author":[{"embeddable":true,"href":"https:\/\/desteptati-va.ro\/index.php\/wp-json\/wp\/v2\/users\/1"}],"replies":[{"embeddable":true,"href":"https:\/\/desteptati-va.ro\/index.php\/wp-json\/wp\/v2\/comments?post=3721"}],"version-history":[{"count":2,"href":"https:\/\/desteptati-va.ro\/index.php\/wp-json\/wp\/v2\/posts\/3721\/revisions"}],"predecessor-version":[{"id":4631,"href":"https:\/\/desteptati-va.ro\/index.php\/wp-json\/wp\/v2\/posts\/3721\/revisions\/4631"}],"wp:featuredmedia":[{"embeddable":true,"href":"https:\/\/desteptati-va.ro\/index.php\/wp-json\/wp\/v2\/media\/4630"}],"wp:attachment":[{"href":"https:\/\/desteptati-va.ro\/index.php\/wp-json\/wp\/v2\/media?parent=3721"}],"wp:term":[{"taxonomy":"category","embeddable":true,"href":"https:\/\/desteptati-va.ro\/index.php\/wp-json\/wp\/v2\/categories?post=3721"},{"taxonomy":"post_tag","embeddable":true,"href":"https:\/\/desteptati-va.ro\/index.php\/wp-json\/wp\/v2\/tags?post=3721"}],"curies":[{"name":"wp","href":"https:\/\/api.w.org\/{rel}","templated":true}]}}