{"id":3727,"date":"2021-04-16T08:36:12","date_gmt":"2021-04-16T08:36:12","guid":{"rendered":"http:\/\/desteptati.ro\/?p=3727"},"modified":"2022-01-31T14:57:57","modified_gmt":"2022-01-31T12:57:57","slug":"interviu-cu-acad-istoric-dinu-c-giurescu","status":"publish","type":"post","link":"https:\/\/desteptati-va.ro\/index.php\/2021\/04\/16\/interviu-cu-acad-istoric-dinu-c-giurescu\/","title":{"rendered":"Interviu cu Acad. Istoric Dinu C. Giurescu"},"content":{"rendered":"<div class=\"post-content\"><div class='booster-block booster-read-block'>\n                <div class=\"twp-read-time\">\n                \t<i class=\"booster-icon twp-clock\"><\/i> <span>Read Time:<\/span>8 Minute, 30 Second                <\/div>\n\n            <\/div><h3 style=\"text-align: justify;\"><strong>\u201eDore\u015fte actuala majoritate parlamentar\u0103 s\u0103 destrame teritorial Rom\u00e2nia?&#8221;<\/strong><\/h3>\n<h4 style=\"text-align: justify;\">\u00cen 10 februarie recent, \u201epe neobservate&#8221;, a\u015fa cum \u00ee\u015fi dore\u015fte Marko Bela, senatorii Puterii au l\u0103sat s\u0103 treac\u0103 pe sub nasul Opozi\u0163iei proiectul legii unei noi regionaliz\u0103ri a Rom\u00e2niei, pus \u00een oper\u0103 de UDMR. F\u0103r\u0103 e explica de ce actualele opt regiuni de dezvoltare nu sunt bune, f\u0103r\u0103 nici o presiune din partea UE \u015fi aparent f\u0103r\u0103 nici o logic\u0103, liderii udemeri\u015fti au continuat practicarea a ceea ce \u015ftiu ei cel mai bine: \u015fantajul.<\/h4>\n<h4 style=\"text-align: justify;\">Din confruntarea cu partidele rom\u00e2ne\u015fti ahtiate dup\u0103 putere, ast\u0103zi, ca \u015fi ieri \u015fi alalt\u0103ieri, organiza\u0163ia cu rol de partid etnic a ie\u015fit \u00eentotdeauna \u00eenving\u0103toare. Pas cu pas, urm\u0103rindu-\u015fi programul \u015fi \u201eviziunea&#8221; pe termen lung, UDMR a \u015fantajat tot ce se putea, a ob\u0163inut tot ce \u015fi-a dorit, a aplicat \u00eentregul \u201earsenal istoric&#8221; al gherilei etno-centriste, separatiste, autonomiste. Cu o doz\u0103 uria\u015f\u0103 de arogan\u0163\u0103 \u015fi sfidare, liderii a\u015fa-zi\u015fi \u201eeuropeni&#8221; ai maghiarimii din Rom\u00e2nia au avut curajul s\u0103 propun\u0103 guvernan\u0163ilor de la Bucure\u015fti refacerea h\u0103r\u0163ii tragice din 1940, c\u00e2nd pumnalul horthysto-hitleristo-mussolinian a fost \u00eenfipt \u00een trupul Transilvaniei. Cum aceast\u0103 sfidare nu e de ajuns pentru \u00eendeplinirea planurilor autonomiste, UDMR face presiuni asupra guvernan\u0163ilor s\u0103 treac\u0103, \u00een paralel, \u015fi Legea Minorit\u0103\u0163ilor prin asumarea r\u0103spunderii guvernului \u2013 metoda prin care guvernul Boc a d\u0103ruit de cur\u00e2nd liderilor udemeri\u015fti istoria \u015fi geografia \u00een limba maghiar\u0103, precum \u015fi o \u00eentins\u0103 list\u0103 cu discrimin\u0103ri pozitive \u00een \u00eenv\u0103\u0163\u0103m\u00e2nt. \u00cen acest mod, \u015fefii celei mai \u00eensemnate minorit\u0103\u0163i etnice din Rom\u00e2nia ob\u0163in supra-drepturi orientate f\u0103\u0163i\u015f spre separatism etnic \u015fi chiar spre anularea de facto a unirii Transilvaniei cu Tara Mam\u0103. Ne afl\u0103m, practic, \u00een stare de \u201ealarm\u0103 la vedere&#8221;, cum se spune \u00een avia\u0163ie, deoarece UDMR nu mai face nici m\u0103car un minim de efort pentru a-\u015fi masca inten\u0163iile. \u00cen acest context, de o gravitate extrem\u0103 pentru destinul statului na\u0163ional unitar rom\u00e2n, am considerat necesar s\u0103 afl\u0103m opinia unuia dintre marii istorici de la Academie, profesorul Dinu C. Giurescu.<\/h4>\n<h4 style=\"text-align: justify;\"><strong>\u201ePotrivit Legii Educa\u0163iei, 92% dintre elevii rom\u00e2ni au mai pu\u0163ine drepturi dec\u00e2t 8% dintre elevii minorit\u0103\u0163ilor&#8221;<\/strong><\/h4>\n<h4 style=\"text-align: justify;\"><em>&#8211; \u201eRepetabila alian\u0163\u0103&#8221; dintre UDMR \u015fi partidele care s-au perindat p\u00e2n\u0103 acum la putere, \u00eempline\u015fte, azi-m\u00e2ine, 20 de ani. Cum vede\u0163i, domnule profesor, aceast\u0103 evolu\u0163ie?<\/em><\/h4>\n<h4 style=\"text-align: justify;\">&#8211; Dup\u0103 1990, minorit\u0103\u0163ile etnice, indiferent de num\u0103rul lor, au ob\u0163inut un statut extrem de generos, av\u00e2nd, printre altele, reprezentan\u0163i \u00een parlament \u00een mod automat. Se deta\u015feaz\u0103 la mare distan\u0163\u0103 maghiarii, condu\u015fi de UDMR &#8211; o entitate cu un statut nedefinit: nici partid politic, nici organiza\u0163ie neguvernamental\u0103. Nu conteaz\u0103 \u00eens\u0103 dac\u0103 este sau nu partid politic. Interesant este s\u0103 urm\u0103rim ce a ob\u0163inut UDMR particip\u00e2nd la toate legislaturile \u015fi aproape la toate guvernele. V\u0103 spun de pe acum: nu am nimic \u00eempotriv\u0103 dac\u0103 UDMR particip\u0103 la guvernul central; ei au oameni bine preg\u0103ti\u0163i, trebuie s\u0103 recunoa\u015ftem, iar mul\u0163i din genera\u0163ia mai b\u0103tr\u00e2n\u0103, nu din cea t\u00e2n\u0103r\u0103, vorbesc bine rom\u00e2ne\u015fte. Ca urmare, pot s\u0103 aib\u0103 o contribu\u0163ie pozitiv\u0103 la gospod\u0103rirea treburilor \u0163\u0103rii. Unde \u00eencep lucrurile s\u0103 se strice este acolo unde aceast\u0103 organiza\u0163ie \u00eencearc\u0103 s\u0103 ob\u0163in\u0103 mai multe drepturi dec\u00e2t marea majoritate a rom\u00e2nilor. O s\u0103 m\u0103 refer la un domeniu pe care \u00eel cunosc mai bine: Legea Educa\u0163iei. Aceast\u0103 lege \u00eei \u00eemparte pe \u015fcolari \u00een dou\u0103 mari categorii: 92% din elevii rom\u00e2ni de \u015fcoal\u0103 general\u0103 \u015fi liceu au mai pu\u0163ine drepturi dec\u00e2t 8% din elevii minorit\u0103\u0163ilor. Foarte bine c\u0103 tineretul minoritar are drepturi multe, dar vreau ca acelea\u015fi drepturi s\u0103 fie extinse \u015fi asupra rom\u00e2nilor. Atunci suntem de acord. Dar ca majoritatea s\u0103 fie discriminat\u0103 negativ \u00een favoarea minorit\u0103\u0163ii e un lucru pe care nu-l \u00een\u0163eleg. Nu \u00een\u0163eleg cum o \u015fcoal\u0103 cu numai 5-6 elevi maghiari continu\u0103 s\u0103 func\u0163ioneze, \u00een timp ce o \u015fcoal\u0103 cu 10-15 elevi rom\u00e2ni se \u00eenchide. Cea dint\u00e2i cap\u0103t\u0103 personalitate juridic\u0103, \u00een timp ce a doua nu. O anomalie! O lege foarte greu de \u00een\u0163eles. Al doilea exemplu: niciunul dintre cele 23 de \u201eprincipii directoare&#8221; ale legii nu face trimitere la necesitatea cunoa\u015fterii istoriei, crea\u0163iei \u015fi civiliza\u0163iei rom\u00e2ne\u015fti. \u00cen schimb, c\u00e2nd e vorba de minoritari, se spune explicit c\u0103 trebuie s\u0103 cunoasc\u0103 istoria, tradi\u0163iile, civiliza\u0163ia comunit\u0103\u0163ii respective. De acord s\u0103 cunoasc\u0103 ei, dar de ce nu \u015fi noi? Mai mult, istoria este acceptat\u0103 ca materie a \u201ebacalaureatului na\u0163ional&#8221; numai la clasele umaniste, iar manualul de clasa a XII-a nu se mai nume\u015fte \u201eIstoria rom\u00e2nilor&#8221;, ci, simplu, \u201eIstorie&#8221;. Cui \u00eei e ru\u015fine de istoria rom\u00e2nilor? Curioas\u0103 sc\u0103pare&#8230;<\/h4>\n<h3 style=\"text-align: justify;\"><em>&#8211; De ce crede\u0163i c\u0103 i-au t\u0103iat pe \u201erom\u00e2ni&#8221; din titlul manualului?<\/em><\/h3>\n<h4 style=\"text-align: justify;\">&#8211; Ca s\u0103 se piard\u0103 identitatea na\u0163ional\u0103 a rom\u00e2nilor. O spun cu toat\u0103 seriozitatea, cu deplin\u0103 r\u0103spundere: mai multe fapte asem\u0103n\u0103toare merg c\u0103tre acest scop. Tineretul s\u0103 nu mai aib\u0103 con\u015ftiin\u0163a apartenen\u0163ei la un neam. S\u0103 fie un tineret de \u0103sta, euro-atlantic, axat pe valori precum mall-uri, vacan\u0163e, c\u0103l\u0103torii, braking news, vibe radio etc. Pentru minorit\u0103\u0163i, vom avea \u00eens\u0103 manuale diferite, \u00een limbile lor materne. \u00cen acest caz m\u0103 \u00eentreb de ce? Crede\u0163i c\u00ad-o s\u0103 cunoasc\u0103 mai bine istoria \u015fi geografia Rom\u00e2niei, dac\u0103 le-o traducem \u00een maghiar\u0103 sau german\u0103? Mi se pare extrem de stranie aceast\u0103 prevedere. Dac\u0103 vorbim, \u00een context, de Tirolul austriac, at\u00e2t de des invocat de UDMR, cred c\u0103 germanii din Italia (din Tirol) ar fi foarte mira\u0163i dac\u0103, \u00eentr-o zi, li s-ar spune c\u0103 vor \u00eenv\u0103\u0163a istoria Italiei \u00een limba german\u0103, \u015fi nu \u00een italian\u0103, cum se \u00eent\u00e2mpl\u0103 \u00een prezent. Ar fi uimi\u0163i s\u0103 aud\u0103 c\u0103 limba italian\u0103, limba statului \u00een care tr\u0103iesc, le este predat\u0103 ca limb\u0103 str\u0103in\u0103, cum se \u00eent\u00e2mpl\u0103 cu limba rom\u00e2n\u0103 \u00een \u015fcolile maghiare de la noi. Am senza\u0163ia c\u0103 toate aceste revendic\u0103ri ale UDMR, satisf\u0103cute \u201ela moment&#8221; de majoritatea rom\u00e2neasc\u0103 \u015fantajabil\u0103, tind la o separare complet\u0103 a minorit\u0103\u0163ii maghiare de majoritatea rom\u00e2neasc\u0103: \u201eNu mai vreau s\u0103 am de a face cu dumneata! Nici \u00een educa\u0163ie, nici teritorial, nici ca simboluri, nimic. S\u0103 ne separ\u0103m!&#8221; Bine, dar totu\u015fi tr\u0103im \u00eentr-un stat care are grani\u0163e recunoscute interna\u0163ional, un stat na\u0163ional ce vine din istorie, sunt realit\u0103\u0163i pe care nu le putem nega&#8230; \u201eEi, bine: noi vrem separare!&#8221; Aici mergem&#8230; Si-mi pun \u00eentrebarea: domnilor de la UDMR, dori\u0163i ca aceast\u0103 separare, s\u0103-i zicem cultural\u0103, s\u0103 duc\u0103 la o separare teritorial\u0103? \u00centrebare retoric\u0103, se \u00een\u0163elege&#8230;<\/h4>\n<h3 style=\"text-align: justify;\"><strong>\u201e\u00cen viziunea UDMR jude\u0163ele ar urma s\u0103 dispar\u0103&#8221;<\/strong><\/h3>\n<h4 style=\"text-align: justify;\"><em>&#8211; Prin Senat a trecut o lege ho\u0163easc\u0103, prin care UDMR urm\u0103re\u015fte s\u0103-\u015fi decupeze din Rom\u00e2nia propria \u0163ar\u0103, merg\u00e2nd pe grani\u0163ele trasate \u00een 1940 de criminalii de r\u0103zboi Horthy Miklos, Benito Mussolini \u015fi Adolf Hitler. C\u00e2t este de grav acest lucru, domnule academician?<\/em><\/h4>\n<h4 style=\"text-align: justify;\">&#8211; Pornind de la Regulamentul Parlamentului European \u015fi al Consiliului European, Guvenul Rom\u00e2n a ini\u0163iat \u015fi Parlamentul a aprobat Legea nr. 315\/2004, privind dezvoltarea regional\u0103, stabilind opt regiuni de dezvoltare \u015fi p\u0103str\u00e2nd \u00eemp\u0103r\u0163irea pe jude\u0163e. \u00cen 2009, senatorii \u015fi deputa\u0163ii UDMR au \u00eenaintat Senatului o propunere legislativ\u0103 pentru \u201emodificarea \u015fi completarea Legii 315\/2004&#8243;. Propunerea const\u0103 \u00een formarea a 16 regiuni \u015fi 5 macroregiuni de dezvoltare, \u00een locul celor 8 existente \u00een prezent. Expunerea de motive nu explic\u0103 de ce \u00eemp\u0103r\u0163irea pe cele 8 regiuni de dezvoltare din 2004 ar trebui \u00eenlocuit\u0103. De notat c\u0103 denumirea de \u201ejude\u0163&#8221; nu apare nic\u0103ieri \u00een propunerea UDMR, ceea ce \u00eenseamn\u0103 c\u0103 jude\u0163ele ar urma s\u0103 dispar\u0103. Mai mult, cele 16 regiuni de dezvoltare reprezint\u0103 o faz\u0103 intermediar\u0103, cu o durat\u0103 de 3 ani, spre cele cinci macroregiuni, obligatorii, sper\u0103 UDMR, din 2013. Desfiin\u0163area jude\u0163elor ar fi un unicum \u00een Uniunea European\u0103, unde asemenea unit\u0103\u0163i teritoriale de baz\u0103 exist\u0103 \u00een continuare, \u00een toate \u0163\u0103rile. \u00centre cele 16 proiectate regiuni de dezvoltare, la nr. 14 figureaz\u0103 \u201eCovasna-Harghita-Mure\u015f&#8221;, fiind astfel reconstituit\u0103 teritorial, pe baze etnice, fosta \u201eRegiune autonom\u0103 maghiar\u0103&#8221; din anii 1952-1958. Ins\u0103 aspectul cel mai grav existent \u00een propunerea UDMR prive\u015fte Macroregiunea de nord, trasat\u0103 pe aceea\u015fi grani\u0163\u0103 cu cea atribuit\u0103 Ungariei prin \u201earbitrajul&#8221; puterilor Axei din august 1940. S\u0103 fie o simpl\u0103 coinciden\u0163\u0103? De ce n-au redesenat grani\u0163ele din 1916, c\u0103 tot acela\u015fi lucru ar fi fost? Coroborat\u0103 cu Legea Statutului Minorit\u0103\u0163ilor \u015fi cu Legea Educa\u0163iei, regionalizarea \u201emarca UDMR&#8221; urm\u0103re\u015fte clar desprinderea p\u0103r\u0163ii de nord \u015fi nord-vest a Transilvaniei, cu o suprafa\u0163\u0103 de peste 50.000 de kilometri patra\u0163i, de sub suveranitatea statului rom\u00e2n. Cred \u00eens\u0103 c\u0103 nu se va ajunge aici dac\u0103 rom\u00e2nii vor reac\u0163iona pentru ap\u0103rarea individualit\u0103\u0163ii \u015fi drepturilor lor, respect\u00e2nd \u00een acela\u015fi timp toate preceptele UE.<\/h4>\n<h3 style=\"text-align: justify;\"><strong>\u201eNu este prea complicat s\u0103 se constituie un &lt;nou stat&gt; pe teritoriul unui stat european&#8221;<\/strong><\/h3>\n<h3 style=\"text-align: justify;\"><em>&#8211; Care ar putea fi urm\u0103rile manevrelor udemeriste?<\/em><\/h3>\n<h4 style=\"text-align: justify;\">&#8211; Evenimente relativ recente (vezi fosta Iugoslavie) au demonstrat c\u0103 nu este prea complicat s\u0103 se constituie un \u201enou stat&#8221; pe teritoriul unui stat european, fie prin mijloace militare, fie altele, cu concursul sus\u0163inut al mass-mediei interna\u0163ionale. Este un posibil precedent care, adaptat, poate fi invocat \u015fi pus \u00een practic\u0103 \u015fi \u00een Rom\u00e2nia. Anume o deta\u015fare de facto, prin regionalizare \u015fi mijloace economice (investi\u0163ii mari) menite s\u0103 arate tuturor locuitorilor avantajele noii \u00eemp\u0103r\u0163iri teritoriale.<\/h4>\n<h3 style=\"text-align: justify;\"><em>&#8211; Cum a fost posibil ca Senatul s\u0103 adopte propunerea prin aprobare tacit\u0103?<\/em><\/h3>\n<h4 style=\"text-align: justify;\">&#8211; Printr-o manevr\u0103 ini\u0163iat\u0103 de liderul majorit\u0103\u0163ii PDL din Senat. Fapt e c\u0103 o propunere de \u00eemp\u0103r\u0163ire a Rom\u00e2niei pe regiuni a trecut de una dintre Camere f\u0103r\u0103 s\u0103 fi avut loc nici un fel de dezbatere \u015fi nici un fel de discu\u0163ie \u00een public, fiind totu\u015fi vorba de o chestiune de interes na\u0163ional \u015fi care prive\u015fte destinul a milioane de cet\u0103\u0163eni rom\u00e2ni. P\u00e2n\u0103 \u015fi regimul comunist a fost mai&#8230; democratic la acest capitol dec\u00e2t autorit\u0103\u0163ile actuale. C\u00e2nd Ceau\u015fescu a renun\u0163at, \u00een 1968, la \u00eemp\u0103r\u0163irea \u00een raioanele \u015fi regiunile de tip sovietic, propunerea de revenire la jude\u0163e a fost publicat\u0103 \u00een pres\u0103, cu harta respectiv\u0103, spre dezbatere public\u0103. Iar definitivarea, atunci, \u00een 1968, a \u0163inut seam\u0103 \u015fi de opiniile venite din public, ca, de exemplu, constituirea a dou\u0103 jude\u0163e, Br\u0103ila \u015fi Gala\u0163i, \u00een locul unuia singur, cum doreau ini\u0163ial tovar\u0103\u015fii. Asta a fost atunci. Dar e posibil oare ca, \u00eentr-un sistem cu mai multe partide \u015fi pres\u0103 liber\u0103, constituirea unor noi regiuni de dezvoltare, cu consecin\u0163e ce pot duce foarte departe, s\u0103 treac\u0103 pe t\u0103cute, pe furi\u015f, ascuns\u0103 cu totul opiniei publice?! Ne \u00eentreb\u0103m pe bun\u0103 dreptate: dore\u015fte actuala majoritate parlamentar\u0103 \u2013 PDL, UDMR, UNPR \u015fi minorit\u0103\u0163i \u2013 s\u0103 destrame teritorial Rom\u00e2nia?<\/h4>\n<h4 style=\"text-align: justify;\"><em>Sursa: revista &#8222;Formula AS&#8221;<\/em><\/h4>        <div class=\"booster-block booster-reactions-block\">\n            <div class=\"twp-reactions-icons\">\n                \n                <div class=\"twp-reacts-wrap\">\n                    <a react-data=\"be-react-1\" post-id=\"3727\" class=\"be-face-icons un-reacted\" href=\"javascript:void(0)\">\n                        <img decoding=\"async\" src=\"https:\/\/desteptati-va.ro\/wp-content\/plugins\/booster-extension\/\/assets\/icon\/happy.svg\" alt=\"Happy\">\n                    <\/a>\n                    <div class=\"twp-reaction-title\">\n                        Happy                    <\/div>\n                    <div class=\"twp-count-percent\">\n                                                    <span style=\"display: none;\" class=\"twp-react-count\">0<\/span>\n                        \n                                                <span class=\"twp-react-percent\"><span>0<\/span> %<\/span>\n                                            <\/div>\n                <\/div>\n\n                <div class=\"twp-reacts-wrap\">\n                    <a react-data=\"be-react-2\" post-id=\"3727\" class=\"be-face-icons un-reacted\" href=\"javascript:void(0)\">\n                        <img decoding=\"async\" src=\"https:\/\/desteptati-va.ro\/wp-content\/plugins\/booster-extension\/\/assets\/icon\/sad.svg\" alt=\"Sad\">\n                    <\/a>\n                    <div class=\"twp-reaction-title\">\n                        Sad                    <\/div>\n                    <div class=\"twp-count-percent\">\n                                                    <span style=\"display: none;\" class=\"twp-react-count\">0<\/span>\n                                                                        <span class=\"twp-react-percent\"><span>0<\/span> %<\/span>\n                                            <\/div>\n                <\/div>\n\n                <div class=\"twp-reacts-wrap\">\n                    <a react-data=\"be-react-3\" post-id=\"3727\" class=\"be-face-icons un-reacted\" href=\"javascript:void(0)\">\n                        <img decoding=\"async\" src=\"https:\/\/desteptati-va.ro\/wp-content\/plugins\/booster-extension\/\/assets\/icon\/excited.svg\" alt=\"Excited\">\n                    <\/a>\n                    <div class=\"twp-reaction-title\">\n                        Excited                    <\/div>\n                    <div class=\"twp-count-percent\">\n                                                    <span style=\"display: none;\" class=\"twp-react-count\">0<\/span>\n                                                                        <span class=\"twp-react-percent\"><span>0<\/span> %<\/span>\n                                            <\/div>\n                <\/div>\n\n                <div class=\"twp-reacts-wrap\">\n                    <a react-data=\"be-react-6\" post-id=\"3727\" class=\"be-face-icons un-reacted\" href=\"javascript:void(0)\">\n                        <img decoding=\"async\" src=\"https:\/\/desteptati-va.ro\/wp-content\/plugins\/booster-extension\/\/assets\/icon\/sleepy.svg\" alt=\"Sleepy\">\n                    <\/a>\n                    <div class=\"twp-reaction-title\">\n                        Sleepy                    <\/div>\n                    <div class=\"twp-count-percent\">\n                                                    <span style=\"display: none;\" class=\"twp-react-count\">0<\/span>\n                        \n                                                <span class=\"twp-react-percent\"><span>0<\/span> %<\/span>\n                                            <\/div>\n                <\/div>\n\n                <div class=\"twp-reacts-wrap\">\n                    <a react-data=\"be-react-4\" post-id=\"3727\" class=\"be-face-icons un-reacted\" href=\"javascript:void(0)\">\n                        <img decoding=\"async\" src=\"https:\/\/desteptati-va.ro\/wp-content\/plugins\/booster-extension\/\/assets\/icon\/angry.svg\" alt=\"Angry\">\n                    <\/a>\n                    <div class=\"twp-reaction-title\">Angry<\/div>\n                    <div class=\"twp-count-percent\">\n                                                    <span style=\"display: none;\" class=\"twp-react-count\">0<\/span>\n                                                                        <span class=\"twp-react-percent\"><span>0<\/span> %<\/span>\n                        \n                    <\/div>\n                <\/div>\n\n                <div class=\"twp-reacts-wrap\">\n                    <a react-data=\"be-react-5\" post-id=\"3727\" class=\"be-face-icons un-reacted\" href=\"javascript:void(0)\">\n                        <img decoding=\"async\" src=\"https:\/\/desteptati-va.ro\/wp-content\/plugins\/booster-extension\/\/assets\/icon\/surprise.svg\" alt=\"Surprise\">\n                    <\/a>\n                    <div class=\"twp-reaction-title\">Surprise<\/div>\n                    <div class=\"twp-count-percent\">\n                                                    <span style=\"display: none;\" class=\"twp-react-count\">0<\/span>\n                                                                        <span class=\"twp-react-percent\"><span>0<\/span> %<\/span>\n                                            <\/div>\n                <\/div>\n\n            <\/div>\n        <\/div>\n\n    <\/div>","protected":false},"excerpt":{"rendered":"<p>\u201eDore\u015fte actuala majoritate parlamentar\u0103 s\u0103 destrame teritorial Rom\u00e2nia?&#8221; \u00cen 10 februarie recent, \u201epe neobservate&#8221;, a\u015fa cum \u00ee\u015fi dore\u015fte Marko Bela,<a href=\"https:\/\/desteptati-va.ro\/index.php\/2021\/04\/16\/interviu-cu-acad-istoric-dinu-c-giurescu\/\">Read More<i class=\"fa fa-long-arrow-right\" aria-hidden=\"true\"><\/i><\/a><\/p>\n","protected":false},"author":1,"featured_media":4627,"comment_status":"open","ping_status":"open","sticky":false,"template":"","format":"standard","meta":{"_crdt_document":"","footnotes":""},"categories":[51],"tags":[757,500,758,759,59,60,760,761,762,626,763,764,765,339,228,766,767,521,768,179,769,770,397,771,135,772,527],"class_list":["post-3727","post","type-post","status-publish","format-standard","has-post-thumbnail","hentry","category-transilvania","tag-autonom","tag-autonomie","tag-boc","tag-criterii-etnice","tag-desteptati","tag-desteptati-va","tag-destramare","tag-disparitie","tag-guvernanti","tag-horthy","tag-hortisti","tag-judete","tag-limba-materna","tag-maghiari","tag-partid","tag-predare","tag-regionalizare","tag-regiune","tag-reglementari","tag-romania","tag-senator","tag-stat-national","tag-teritoriu","tag-tinut-secuiesc","tag-transilvania","tag-udmr","tag-ue"],"rise-blocks_total_comments":0,"rise-blocks_categories":[{"term_id":51,"name":"Transilvania","slug":"transilvania","term_group":0,"term_taxonomy_id":51,"taxonomy":"category","description":"","parent":0,"count":13,"filter":"raw"}],"rise-blocks_excerpt":"\u201eDore\u015fte actuala majoritate parlamentar\u0103 s\u0103 destrame teritorial Rom\u00e2nia?&#8221; \u00cen 10 februarie recent, \u201epe neobservate&#8221;, a\u015fa cum \u00ee\u015fi dore\u015fte Marko Bela, senatorii Puterii au l\u0103sat s\u0103 treac\u0103 pe sub nasul Opozi\u0163iei proiectul legii unei noi regionaliz\u0103ri a Rom\u00e2niei, pus \u00een oper\u0103 de UDMR. F\u0103r\u0103 e explica de ce actualele opt regiuni de dezvoltare nu sunt bune, f\u0103r\u0103 nici o presiune din..","yoast_head":"<!-- This site is optimized with the Yoast SEO plugin v26.9 - https:\/\/yoast.com\/product\/yoast-seo-wordpress\/ -->\r\n<title>Interviu cu Acad. Istoric Dinu C. Giurescu -<\/title>\r\n<meta name=\"robots\" content=\"index, follow, max-snippet:-1, max-image-preview:large, max-video-preview:-1\" \/>\r\n<link rel=\"canonical\" href=\"https:\/\/desteptati-va.ro\/index.php\/2021\/04\/16\/interviu-cu-acad-istoric-dinu-c-giurescu\/\" \/>\r\n<meta property=\"og:locale\" content=\"ro_RO\" \/>\r\n<meta property=\"og:type\" content=\"article\" \/>\r\n<meta property=\"og:title\" content=\"Interviu cu Acad. Istoric Dinu C. Giurescu -\" \/>\r\n<meta property=\"og:description\" content=\"\u201eDore\u015fte actuala majoritate parlamentar\u0103 s\u0103 destrame teritorial Rom\u00e2nia?&#8221; \u00cen 10 februarie recent, \u201epe neobservate&#8221;, a\u015fa cum \u00ee\u015fi dore\u015fte Marko Bela,Read More\" \/>\r\n<meta property=\"og:url\" content=\"https:\/\/desteptati-va.ro\/index.php\/2021\/04\/16\/interviu-cu-acad-istoric-dinu-c-giurescu\/\" \/>\r\n<meta property=\"article:published_time\" content=\"2021-04-16T08:36:12+00:00\" \/>\r\n<meta property=\"article:modified_time\" content=\"2022-01-31T12:57:57+00:00\" \/>\r\n<meta property=\"og:image\" content=\"https:\/\/desteptati-va.ro\/wp-content\/uploads\/2021\/04\/DinuGiurescu-1.jpg\" \/>\r\n\t<meta property=\"og:image:width\" content=\"278\" \/>\r\n\t<meta property=\"og:image:height\" content=\"181\" \/>\r\n\t<meta property=\"og:image:type\" content=\"image\/jpeg\" \/>\r\n<meta name=\"author\" content=\"wolfsoftcompany\" \/>\r\n<meta name=\"twitter:card\" content=\"summary_large_image\" \/>\r\n<meta name=\"twitter:label1\" content=\"Scris de\" \/>\n\t<meta name=\"twitter:data1\" content=\"wolfsoftcompany\" \/>\n\t<meta name=\"twitter:label2\" content=\"Timp estimat pentru citire\" \/>\n\t<meta name=\"twitter:data2\" content=\"9 minute\" \/>\r\n<script type=\"application\/ld+json\" class=\"yoast-schema-graph\">{\"@context\":\"https:\/\/schema.org\",\"@graph\":[{\"@type\":\"Article\",\"@id\":\"https:\/\/desteptati-va.ro\/index.php\/2021\/04\/16\/interviu-cu-acad-istoric-dinu-c-giurescu\/#article\",\"isPartOf\":{\"@id\":\"https:\/\/desteptati-va.ro\/index.php\/2021\/04\/16\/interviu-cu-acad-istoric-dinu-c-giurescu\/\"},\"author\":{\"name\":\"wolfsoftcompany\",\"@id\":\"https:\/\/desteptati-va.ro\/#\/schema\/person\/13182deeebd44920914899f7bb262d6b\"},\"headline\":\"Interviu cu Acad. Istoric Dinu C. Giurescu\",\"datePublished\":\"2021-04-16T08:36:12+00:00\",\"dateModified\":\"2022-01-31T12:57:57+00:00\",\"mainEntityOfPage\":{\"@id\":\"https:\/\/desteptati-va.ro\/index.php\/2021\/04\/16\/interviu-cu-acad-istoric-dinu-c-giurescu\/\"},\"wordCount\":1900,\"commentCount\":0,\"image\":{\"@id\":\"https:\/\/desteptati-va.ro\/index.php\/2021\/04\/16\/interviu-cu-acad-istoric-dinu-c-giurescu\/#primaryimage\"},\"thumbnailUrl\":\"https:\/\/desteptati-va.ro\/wp-content\/uploads\/2021\/04\/DinuGiurescu-1.jpg\",\"keywords\":[\"autonom\",\"autonomie\",\"Boc\",\"criterii etnice\",\"desteptati\",\"desteptati-va\",\"destramare\",\"disparitie\",\"guvernanti\",\"horthy\",\"hortisti\",\"judete\",\"limba materna\",\"maghiari\",\"partid\",\"predare\",\"regionalizare\",\"regiune\",\"reglementari\",\"Romania\",\"senator\",\"stat national\",\"teritoriu\",\"tinut secuiesc\",\"Transilvania\",\"UDMR\",\"UE\"],\"articleSection\":[\"Transilvania\"],\"inLanguage\":\"ro-RO\",\"potentialAction\":[{\"@type\":\"CommentAction\",\"name\":\"Comment\",\"target\":[\"https:\/\/desteptati-va.ro\/index.php\/2021\/04\/16\/interviu-cu-acad-istoric-dinu-c-giurescu\/#respond\"]}]},{\"@type\":\"WebPage\",\"@id\":\"https:\/\/desteptati-va.ro\/index.php\/2021\/04\/16\/interviu-cu-acad-istoric-dinu-c-giurescu\/\",\"url\":\"https:\/\/desteptati-va.ro\/index.php\/2021\/04\/16\/interviu-cu-acad-istoric-dinu-c-giurescu\/\",\"name\":\"Interviu cu Acad. Istoric Dinu C. Giurescu -\",\"isPartOf\":{\"@id\":\"https:\/\/desteptati-va.ro\/#website\"},\"primaryImageOfPage\":{\"@id\":\"https:\/\/desteptati-va.ro\/index.php\/2021\/04\/16\/interviu-cu-acad-istoric-dinu-c-giurescu\/#primaryimage\"},\"image\":{\"@id\":\"https:\/\/desteptati-va.ro\/index.php\/2021\/04\/16\/interviu-cu-acad-istoric-dinu-c-giurescu\/#primaryimage\"},\"thumbnailUrl\":\"https:\/\/desteptati-va.ro\/wp-content\/uploads\/2021\/04\/DinuGiurescu-1.jpg\",\"datePublished\":\"2021-04-16T08:36:12+00:00\",\"dateModified\":\"2022-01-31T12:57:57+00:00\",\"author\":{\"@id\":\"https:\/\/desteptati-va.ro\/#\/schema\/person\/13182deeebd44920914899f7bb262d6b\"},\"breadcrumb\":{\"@id\":\"https:\/\/desteptati-va.ro\/index.php\/2021\/04\/16\/interviu-cu-acad-istoric-dinu-c-giurescu\/#breadcrumb\"},\"inLanguage\":\"ro-RO\",\"potentialAction\":[{\"@type\":\"ReadAction\",\"target\":[\"https:\/\/desteptati-va.ro\/index.php\/2021\/04\/16\/interviu-cu-acad-istoric-dinu-c-giurescu\/\"]}]},{\"@type\":\"ImageObject\",\"inLanguage\":\"ro-RO\",\"@id\":\"https:\/\/desteptati-va.ro\/index.php\/2021\/04\/16\/interviu-cu-acad-istoric-dinu-c-giurescu\/#primaryimage\",\"url\":\"https:\/\/desteptati-va.ro\/wp-content\/uploads\/2021\/04\/DinuGiurescu-1.jpg\",\"contentUrl\":\"https:\/\/desteptati-va.ro\/wp-content\/uploads\/2021\/04\/DinuGiurescu-1.jpg\",\"width\":278,\"height\":181},{\"@type\":\"BreadcrumbList\",\"@id\":\"https:\/\/desteptati-va.ro\/index.php\/2021\/04\/16\/interviu-cu-acad-istoric-dinu-c-giurescu\/#breadcrumb\",\"itemListElement\":[{\"@type\":\"ListItem\",\"position\":1,\"name\":\"Prima pagin\u0103\",\"item\":\"https:\/\/desteptati-va.ro\/\"},{\"@type\":\"ListItem\",\"position\":2,\"name\":\"Interviu cu Acad. Istoric Dinu C. Giurescu\"}]},{\"@type\":\"WebSite\",\"@id\":\"https:\/\/desteptati-va.ro\/#website\",\"url\":\"https:\/\/desteptati-va.ro\/\",\"name\":\"\",\"description\":\"\",\"potentialAction\":[{\"@type\":\"SearchAction\",\"target\":{\"@type\":\"EntryPoint\",\"urlTemplate\":\"https:\/\/desteptati-va.ro\/?s={search_term_string}\"},\"query-input\":{\"@type\":\"PropertyValueSpecification\",\"valueRequired\":true,\"valueName\":\"search_term_string\"}}],\"inLanguage\":\"ro-RO\"},{\"@type\":\"Person\",\"@id\":\"https:\/\/desteptati-va.ro\/#\/schema\/person\/13182deeebd44920914899f7bb262d6b\",\"name\":\"wolfsoftcompany\",\"image\":{\"@type\":\"ImageObject\",\"inLanguage\":\"ro-RO\",\"@id\":\"https:\/\/desteptati-va.ro\/#\/schema\/person\/image\/\",\"url\":\"https:\/\/secure.gravatar.com\/avatar\/a6cce9b6d101d27d91690e7073e300fed94c0899890bf998e082cb9d2c3d121e?s=96&d=mm&r=g\",\"contentUrl\":\"https:\/\/secure.gravatar.com\/avatar\/a6cce9b6d101d27d91690e7073e300fed94c0899890bf998e082cb9d2c3d121e?s=96&d=mm&r=g\",\"caption\":\"wolfsoftcompany\"},\"sameAs\":[\"http:\/\/desteptati-va.ro\"],\"url\":\"https:\/\/desteptati-va.ro\/index.php\/author\/wolfsoftcompany\/\"}]}<\/script>\r\n<!-- \/ Yoast SEO plugin. -->","yoast_head_json":{"title":"Interviu cu Acad. Istoric Dinu C. Giurescu -","robots":{"index":"index","follow":"follow","max-snippet":"max-snippet:-1","max-image-preview":"max-image-preview:large","max-video-preview":"max-video-preview:-1"},"canonical":"https:\/\/desteptati-va.ro\/index.php\/2021\/04\/16\/interviu-cu-acad-istoric-dinu-c-giurescu\/","og_locale":"ro_RO","og_type":"article","og_title":"Interviu cu Acad. Istoric Dinu C. Giurescu -","og_description":"\u201eDore\u015fte actuala majoritate parlamentar\u0103 s\u0103 destrame teritorial Rom\u00e2nia?&#8221; \u00cen 10 februarie recent, \u201epe neobservate&#8221;, a\u015fa cum \u00ee\u015fi dore\u015fte Marko Bela,Read More","og_url":"https:\/\/desteptati-va.ro\/index.php\/2021\/04\/16\/interviu-cu-acad-istoric-dinu-c-giurescu\/","article_published_time":"2021-04-16T08:36:12+00:00","article_modified_time":"2022-01-31T12:57:57+00:00","og_image":[{"width":278,"height":181,"url":"https:\/\/desteptati-va.ro\/wp-content\/uploads\/2021\/04\/DinuGiurescu-1.jpg","type":"image\/jpeg"}],"author":"wolfsoftcompany","twitter_card":"summary_large_image","twitter_misc":{"Scris de":"wolfsoftcompany","Timp estimat pentru citire":"9 minute"},"schema":{"@context":"https:\/\/schema.org","@graph":[{"@type":"Article","@id":"https:\/\/desteptati-va.ro\/index.php\/2021\/04\/16\/interviu-cu-acad-istoric-dinu-c-giurescu\/#article","isPartOf":{"@id":"https:\/\/desteptati-va.ro\/index.php\/2021\/04\/16\/interviu-cu-acad-istoric-dinu-c-giurescu\/"},"author":{"name":"wolfsoftcompany","@id":"https:\/\/desteptati-va.ro\/#\/schema\/person\/13182deeebd44920914899f7bb262d6b"},"headline":"Interviu cu Acad. Istoric Dinu C. Giurescu","datePublished":"2021-04-16T08:36:12+00:00","dateModified":"2022-01-31T12:57:57+00:00","mainEntityOfPage":{"@id":"https:\/\/desteptati-va.ro\/index.php\/2021\/04\/16\/interviu-cu-acad-istoric-dinu-c-giurescu\/"},"wordCount":1900,"commentCount":0,"image":{"@id":"https:\/\/desteptati-va.ro\/index.php\/2021\/04\/16\/interviu-cu-acad-istoric-dinu-c-giurescu\/#primaryimage"},"thumbnailUrl":"https:\/\/desteptati-va.ro\/wp-content\/uploads\/2021\/04\/DinuGiurescu-1.jpg","keywords":["autonom","autonomie","Boc","criterii etnice","desteptati","desteptati-va","destramare","disparitie","guvernanti","horthy","hortisti","judete","limba materna","maghiari","partid","predare","regionalizare","regiune","reglementari","Romania","senator","stat national","teritoriu","tinut secuiesc","Transilvania","UDMR","UE"],"articleSection":["Transilvania"],"inLanguage":"ro-RO","potentialAction":[{"@type":"CommentAction","name":"Comment","target":["https:\/\/desteptati-va.ro\/index.php\/2021\/04\/16\/interviu-cu-acad-istoric-dinu-c-giurescu\/#respond"]}]},{"@type":"WebPage","@id":"https:\/\/desteptati-va.ro\/index.php\/2021\/04\/16\/interviu-cu-acad-istoric-dinu-c-giurescu\/","url":"https:\/\/desteptati-va.ro\/index.php\/2021\/04\/16\/interviu-cu-acad-istoric-dinu-c-giurescu\/","name":"Interviu cu Acad. Istoric Dinu C. Giurescu -","isPartOf":{"@id":"https:\/\/desteptati-va.ro\/#website"},"primaryImageOfPage":{"@id":"https:\/\/desteptati-va.ro\/index.php\/2021\/04\/16\/interviu-cu-acad-istoric-dinu-c-giurescu\/#primaryimage"},"image":{"@id":"https:\/\/desteptati-va.ro\/index.php\/2021\/04\/16\/interviu-cu-acad-istoric-dinu-c-giurescu\/#primaryimage"},"thumbnailUrl":"https:\/\/desteptati-va.ro\/wp-content\/uploads\/2021\/04\/DinuGiurescu-1.jpg","datePublished":"2021-04-16T08:36:12+00:00","dateModified":"2022-01-31T12:57:57+00:00","author":{"@id":"https:\/\/desteptati-va.ro\/#\/schema\/person\/13182deeebd44920914899f7bb262d6b"},"breadcrumb":{"@id":"https:\/\/desteptati-va.ro\/index.php\/2021\/04\/16\/interviu-cu-acad-istoric-dinu-c-giurescu\/#breadcrumb"},"inLanguage":"ro-RO","potentialAction":[{"@type":"ReadAction","target":["https:\/\/desteptati-va.ro\/index.php\/2021\/04\/16\/interviu-cu-acad-istoric-dinu-c-giurescu\/"]}]},{"@type":"ImageObject","inLanguage":"ro-RO","@id":"https:\/\/desteptati-va.ro\/index.php\/2021\/04\/16\/interviu-cu-acad-istoric-dinu-c-giurescu\/#primaryimage","url":"https:\/\/desteptati-va.ro\/wp-content\/uploads\/2021\/04\/DinuGiurescu-1.jpg","contentUrl":"https:\/\/desteptati-va.ro\/wp-content\/uploads\/2021\/04\/DinuGiurescu-1.jpg","width":278,"height":181},{"@type":"BreadcrumbList","@id":"https:\/\/desteptati-va.ro\/index.php\/2021\/04\/16\/interviu-cu-acad-istoric-dinu-c-giurescu\/#breadcrumb","itemListElement":[{"@type":"ListItem","position":1,"name":"Prima pagin\u0103","item":"https:\/\/desteptati-va.ro\/"},{"@type":"ListItem","position":2,"name":"Interviu cu Acad. Istoric Dinu C. Giurescu"}]},{"@type":"WebSite","@id":"https:\/\/desteptati-va.ro\/#website","url":"https:\/\/desteptati-va.ro\/","name":"","description":"","potentialAction":[{"@type":"SearchAction","target":{"@type":"EntryPoint","urlTemplate":"https:\/\/desteptati-va.ro\/?s={search_term_string}"},"query-input":{"@type":"PropertyValueSpecification","valueRequired":true,"valueName":"search_term_string"}}],"inLanguage":"ro-RO"},{"@type":"Person","@id":"https:\/\/desteptati-va.ro\/#\/schema\/person\/13182deeebd44920914899f7bb262d6b","name":"wolfsoftcompany","image":{"@type":"ImageObject","inLanguage":"ro-RO","@id":"https:\/\/desteptati-va.ro\/#\/schema\/person\/image\/","url":"https:\/\/secure.gravatar.com\/avatar\/a6cce9b6d101d27d91690e7073e300fed94c0899890bf998e082cb9d2c3d121e?s=96&d=mm&r=g","contentUrl":"https:\/\/secure.gravatar.com\/avatar\/a6cce9b6d101d27d91690e7073e300fed94c0899890bf998e082cb9d2c3d121e?s=96&d=mm&r=g","caption":"wolfsoftcompany"},"sameAs":["http:\/\/desteptati-va.ro"],"url":"https:\/\/desteptati-va.ro\/index.php\/author\/wolfsoftcompany\/"}]}},"_links":{"self":[{"href":"https:\/\/desteptati-va.ro\/index.php\/wp-json\/wp\/v2\/posts\/3727","targetHints":{"allow":["GET"]}}],"collection":[{"href":"https:\/\/desteptati-va.ro\/index.php\/wp-json\/wp\/v2\/posts"}],"about":[{"href":"https:\/\/desteptati-va.ro\/index.php\/wp-json\/wp\/v2\/types\/post"}],"author":[{"embeddable":true,"href":"https:\/\/desteptati-va.ro\/index.php\/wp-json\/wp\/v2\/users\/1"}],"replies":[{"embeddable":true,"href":"https:\/\/desteptati-va.ro\/index.php\/wp-json\/wp\/v2\/comments?post=3727"}],"version-history":[{"count":1,"href":"https:\/\/desteptati-va.ro\/index.php\/wp-json\/wp\/v2\/posts\/3727\/revisions"}],"predecessor-version":[{"id":3729,"href":"https:\/\/desteptati-va.ro\/index.php\/wp-json\/wp\/v2\/posts\/3727\/revisions\/3729"}],"wp:featuredmedia":[{"embeddable":true,"href":"https:\/\/desteptati-va.ro\/index.php\/wp-json\/wp\/v2\/media\/4627"}],"wp:attachment":[{"href":"https:\/\/desteptati-va.ro\/index.php\/wp-json\/wp\/v2\/media?parent=3727"}],"wp:term":[{"taxonomy":"category","embeddable":true,"href":"https:\/\/desteptati-va.ro\/index.php\/wp-json\/wp\/v2\/categories?post=3727"},{"taxonomy":"post_tag","embeddable":true,"href":"https:\/\/desteptati-va.ro\/index.php\/wp-json\/wp\/v2\/tags?post=3727"}],"curies":[{"name":"wp","href":"https:\/\/api.w.org\/{rel}","templated":true}]}}