{"id":3730,"date":"2021-04-16T08:42:23","date_gmt":"2021-04-16T08:42:23","guid":{"rendered":"http:\/\/desteptati.ro\/?p=3730"},"modified":"2022-01-31T14:55:27","modified_gmt":"2022-01-31T12:55:27","slug":"romania-in-pericol","status":"publish","type":"post","link":"https:\/\/desteptati-va.ro\/index.php\/2021\/04\/16\/romania-in-pericol\/","title":{"rendered":"Romania in pericol!"},"content":{"rendered":"<div class=\"post-content\"><div class='booster-block booster-read-block'>\n                <div class=\"twp-read-time\">\n                \t<i class=\"booster-icon twp-clock\"><\/i> <span>Read Time:<\/span>8 Minute, 47 Second                <\/div>\n\n            <\/div><h4 style=\"text-align: justify;\">\u00cen timp ce extremistii maghiari instigati si finantati de Ungaria, dar si de fonduri romanesti, isi bat joc de statul roman deschizand o asa zisa reprezentanta a asa zisului Tinut secuiesc <em>in sediul regiunilor Ungariei<\/em> de la Bruxelles, amabasadorul Ungariei la Bucuresti era \u201cinvitat\u201d la sediul Ministerului de Externe al Romaniei pentru discutii.<\/h4>\n<h4 style=\"text-align: justify;\">\u00cen cadrul \u00eent\u00e2lnirii, partea rom\u00e2n\u0103 \u015fi-a exprimat preocuparea fa\u0163\u0103 de g\u0103zduirea a\u015fa-zisei \u201eReprezentan\u0163e a \u0162inutului Secuiesc\u201d \u00een \u201eCasa Regiunilor Maghiare\u201d de la Bruxelles \u015fi a solicitat clarific\u0103ri \u00een acest sens autorit\u0103\u0163ilor ungare.<\/h4>\n<h4 style=\"text-align: justify;\">De asemenea, Ministerul Afacerilor Externe a ar\u0103tat c\u0103, \u00een spiritul rela\u0163iei de parteneriat strategic dintre cele dou\u0103 \u0163\u0103ri, se a\u015fteapt\u0103 ca niciun oficial ungar s\u0103 nu participe la evenimentul de lansare a a\u015fa-zisei \u201eReprezentan\u0163e a \u0162inutului Secuiesc\u201d, se arata in comunicatul MAE.<\/h4>\n<h4 style=\"text-align: justify;\">MAE nu a explicat ce clarificari a oferit Oszk\u00e1r F\u00fczes, ambasadorul ungar in a carei familie extremismul maghiar este la el acasa, daca privim numai declaratiile facute de sotia sa in 15 martie.<\/h4>\n<h4 style=\"text-align: justify;\"><\/h4>\n<figure id=\"attachment_2120\" aria-describedby=\"caption-attachment-2120\" style=\"width: 260px\" class=\"wp-caption aligncenter\"><a href=\"http:\/\/www.desteptati-va.ro\/wp-content\/uploads\/2011\/06\/Oskar-Fuzes-si-Traian-Basescu.jpg\"><img loading=\"lazy\" decoding=\"async\" class=\"size-full wp-image-2120\" title=\"Oskar Fuzes si Traian Basescu\" src=\"http:\/\/www.desteptati-va.ro\/wp-content\/uploads\/2011\/06\/Oskar-Fuzes-si-Traian-Basescu.jpg\" alt=\"Oskar Fuzes si Traian Basescu\" width=\"260\" height=\"183\"><\/a><figcaption id=\"caption-attachment-2120\" class=\"wp-caption-text\">Oskar Fuzes si Traian Basescu<\/figcaption><\/figure>\n<h4 style=\"text-align: justify;\">Probabil amabsadorul a aburit pe oficialul roman cu care a stat de vorba, dand astfel ocazia ministrului de externe Teodor Baconschi sa considere problema reglata si sa invoce parteneriatul strategic dintre Romania si Ungaria. Adica MAE baga capul in nisip ascultand \u201eclarificarile\u201d duioase ale lui Oszk\u00e1r F\u00fczes, in timp ce Ungaria , prin coloana a cincea din Romania, da de pamant cu Constitutia statului roman.<\/h4>\n<h4 style=\"text-align: justify;\">A crede ca acesti pasi ai extremismului maghiar catre segregare etnica si teritoriala, sunt necunoscuti de inaltii oficiali care conduc statul roman este o prostie. Acestia stiu. Sunt informati de fiecare pas care urmeaza sa fie facut. Dar sunt complici. Sunt complici la distrugerea statului roman si la calcarea in picioare a jertfei a sute de mii de romani care au murit ca Romania sa fie asa cum este acum si romanii, chiar fara Basarabia si Bucovina sa fie impreuna. Sunt complici cei de acum asa cum au fost complici ce dinainte si tot asa pana in 1990.<\/h4>\n<h4 style=\"text-align: justify;\">Jocul tactic al extremistilor maghiari din Palatul Victoria sau de la Budapesta este incurajat de oficiali romani pentru care, tradarea interesului national si faptul ca o Lege a Educatiei care pregateste resursa umana pentru extremismul maghiar armat de peste 10-20 de ani, sau o Lege a minoritatilor care satatueaza dominatia minoritatii asupra majoritatii si creeaza conditiile de jure a unui stat maghiar in inima Romaniei, nu reprezinta decat un joc al puterii si nimic altceva.<\/h4>\n<h4 style=\"text-align: justify;\">Nu mai fac doi bani declaratii demagogice ca \u201eungurii din Harghita , Covasna si Mures vor avea tot atata autonomie cat locuitorii din Caracal\u201d, atata timp cat tu promovezi un Statut al minoritatilor in care Capitolul 3 traseaza frontierele etnice ale unei alte entitati decat statul roman, iar cei 400.000 de romani din Covasna , Harghita si Mures devin doar pionii nefericiti ai asimilarii etnice in propria tara si pierderi colaterale in jocul puterii unor tradatori.<\/h4>\n<h4 style=\"text-align: justify;\">Efectul acelui statut al minoritatilor asupra dezagregarii statului roman, actiune perfect coordonata intre Moscova si Budapesta si probabil Berlin, va avea efecte pe termen mediu si lung, mult mai nefaste decat fosta \u201eregiune autonoma maghiara\u201d impusa de Stalin.<\/h4>\n<h4 style=\"text-align: justify;\"><\/h4>\n<figure id=\"attachment_2121\" aria-describedby=\"caption-attachment-2121\" style=\"width: 216px\" class=\"wp-caption aligncenter\"><a href=\"http:\/\/www.desteptati-va.ro\/wp-content\/uploads\/2011\/06\/stalin.jpg\"><img loading=\"lazy\" decoding=\"async\" class=\"size-medium wp-image-2121\" title=\"Stalin - artizanul regiunii autonome maghiare. Cum ramane cu netarmuita lupta anti-comunism, domnule presedinte?\" src=\"http:\/\/www.desteptati-va.ro\/wp-content\/uploads\/2011\/06\/stalin-216x300.jpg\" alt=\"Stalin - artizanul regiunii autonome maghiare. Cum ramane cu netarmuita lupta anti-comunism, domnule presedinte?\" width=\"216\" height=\"300\"><\/a><figcaption id=\"caption-attachment-2121\" class=\"wp-caption-text\">Stalin &#8211; artizanul regiunii autonome maghiare. Cum ramane cu netarmuita lupta anti-comunism, domnule presedinte?<\/figcaption><\/figure>\n<h4 style=\"text-align: justify;\">Iar asta nu o spunem noi ci surse informate din cadrul actualelor servicii secrete. Analisti pregatiti in scoli inalte ale tarilor NATO care au fost consultati au confirmat acest lucru. Nimeni nu garanteaza ca peste 20 sau 30 de ani va mai exista un sistem protector ca UE si NATO. Orice criza mai serioasa poate pune sub semnul intrebarii actuala ordine internationala. Peste exact aceeasi perioada acte normative ca Legea Educatiei sau ca un eventual Statut al minoritatilor vor \u201ecoace\u201d si creste o resursa umana a extremismului maghiar care, in colaborare cu un \u201estat moldovenesc\u201d controlat de Moscova, vor putea ataca teritorialitatea statul roman si populatia care se va mai identifica, dupa metodica spalare pe creier, ca romani.<\/h4>\n<h4 style=\"text-align: justify;\">Este experienta \u201eKosovo\u201d care demonstreaza clar ca drepturi pentru minoritati, dincolo de o limita rezonabila, pe care dealtfel Romania a atins-o demult, inseamna razboi.<\/h4>\n<h4 style=\"text-align: justify;\">Povestea cu salvarea de criza economica nu mai valoreaza doi bani daca tu pierzi statul si faci din romani ca Neam, doar o populatie. Dar ii pasa cuiva? Are Romania conducatori care sa se mai gandeasca ca Neamul romanesc a dat atatea jertfe si a reusit sa-si construiasca un instrument statal tocmai ca sa se poata proteja ca Neam romanesc si ca Tara Romaneasca?<\/h4>\n<h4 style=\"text-align: justify;\">Faptele celor care conduc efemer acest, inca, stat roman, demonstreaza doar iresponsabilitate si lipsa de proiect si de viziune. Iar acest lucru este valabil la toti cei care au condus statul roman dupa 1990. Lasitatile si complicitatile tuturor fata de extremismul maghiar a demonstrat-o.<\/h4>\n<h3 style=\"text-align: justify;\"><strong>Jocuri \u00een culise<\/strong><\/h3>\n<h4 style=\"text-align: justify;\">Deschiderea biroului \u0162inutului Secuiesc la Bruxelles este, \u00een ordinea importan\u0163ei, cel mai mare pas al ungurilor \u00een chestiunea Transilvaniei, redeschis\u0103 cu at\u00e2ta abilitate de UDMR \u015fi Ungaria dup\u0103 1990. UDMR, sprijinit\u0103 de Ungaria, s-a trezit cu un soi de reprezentan\u0163\u0103 a \u0162inutului Secuiesc. Deocamdat\u0103 \u00eei zice birou, de\u015fi e vorba de reprezentan\u0163\u0103 a \u0162inutului Secuiesc \u00een capitala Uniunii Europene. Ast\u0103zi birou sau reprezentan\u0163\u0103 simbolic\u0103 \u015fi undi\u0163\u0103 pentru investitori, m\u00e2ine-poim\u00e2ine misiune sau ambasad\u0103 \u00een toat\u0103 regula. Mai este nevoie doar de un pas p\u00e2n\u0103 la o reprezentare diplomatic\u0103 separat\u0103. Restul scenariului e lesne de imaginat.<\/h4>\n<h4 style=\"text-align: justify;\">Acesta poate fi cuiul cel mai important b\u0103tut de ungurime \u00een Rom\u00e2nia de azi, s\u0103r\u0103cit\u0103 de m\u0103surile unor incapabili \u015fi \u00eembuiba\u0163i \u015fi \u00eembrobodit\u0103 zilele acestea de vizita unei hahalere din Italia. Caricatura politic\u0103 a Peninsulei Italice a descins la Bucure\u015fti pentru a ne ar\u0103ta frizura sa de implant \u015fi pentru a ne ame\u0163i cu ceva promisiuni pentru zilierii rom\u00e2ni afla\u0163i la munc\u0103 \u00een peninsul\u0103. Ba poate \u015fi pentru a trage cu coada ochiului la rom\u00e2ncu\u0163ele r\u0103mase pe plaiurie natale. Altceva ce s\u0103 fac\u0103 Berlusconi la Bucure\u015fti? S\u0103-\u015fi acopere ridicolul de acas\u0103 \u015fi s\u0103-l ajute pe Traian B\u0103sescu s\u0103 treac\u0103 \u015fi el peste ridicolul na\u0163ional al deschiderii biroului secuiesc de la Bruxelles! A\u015f zice c\u0103 vizita premierului italian (b\u0103se \u015fi berlusca alc\u0103tuiesc un tandem de sunete ur\u00e2te \u00een cele dou\u0103 limbi surori, fiind \u015fi dou\u0103 porecle pentru dou\u0103 personaje de aceea\u015fi factur\u0103 \u015fi cu acelea\u015fi sl\u0103biciuni) a fost \u00eenjghebat\u0103 pentru a le servi celor doi politicieni r\u0103sufla\u0163i drept alibiuri pentru situa\u0163iile \u00een care se afl\u0103. Ba sunt gata s\u0103 cred c\u0103 \u015fi arestarea lotului de la Constan\u0163a s-a f\u0103cut cam tot \u00een aceea\u015fi logic\u0103. \u00cel lu\u0103m \u015fi pe secretarul general al MAI pentru ni\u015fte vin cerut la ni\u015fte alegeri ca nu cumva rom\u00e2nii s\u0103 se \u00eenfurie de ce se va petrece la Bruxelles. \u015ei scriu &#8222;se va petrece&#8221; pentru c\u0103 acest birou s-a deschis \u00een baza \u00een\u0163elegerilor dintre PDL \u015fi UDMR, dac\u0103 nu cumva \u015fi a acelor \u00eentre B\u0103sescu \u015fi Viktor Orban. Am\u00e2ndoi \u015ftiau ce se va petrece. Avem de-a face cu un \u015fantaj politic la nivel \u00eenalt, \u00eentreprins de maghiarime prin UDMR \u015fi guvernul de la Budapesta asupra unui regim din ce \u00een ce mai huiduit \u015fi alc\u0103tuit din beizadele, securi\u015fti \u015fi dintr-o mur\u0103tur\u0103 de guvern \u015fi un pre\u015fedinte juc\u0103tor de c\u0103r\u0163i, un soi de band\u0103 a impostorilor \u015fi v\u00e2nz\u0103torilor de \u0163ar\u0103. Pentru a r\u0103m\u00e2ne la putere, PDL se poart\u0103 de parc\u0103 ar fi dat semn\u0103tur\u0103 pe toate preten\u0163iile UDMR, inclusiv pe regionalizarea \u015fi pe stadiile \u00een care va ajunge aceasta p\u00e2n\u0103 la desprinderea Transilvaniei de \u0163ara mum\u0103.<\/h4>\n<h4 style=\"text-align: justify;\"><\/h4>\n<figure id=\"attachment_2122\" aria-describedby=\"caption-attachment-2122\" style=\"width: 252px\" class=\"wp-caption aligncenter\"><a href=\"http:\/\/www.desteptati-va.ro\/wp-content\/uploads\/2011\/06\/unguri-anti-romania-trianon.jpg\"><img loading=\"lazy\" decoding=\"async\" class=\"size-full wp-image-2122\" title=\"Mars al maghiarilor impotriva Tratatului de la Trianon. Uitati domnilor ca actualele granite ale Romaniei si Ungariei au fost impunse in urma Tratatului de Pace de la Paris din 1947 si au fost garantate de Marile Puteri ale Lumii\" src=\"http:\/\/www.desteptati-va.ro\/wp-content\/uploads\/2011\/06\/unguri-anti-romania-trianon.jpg\" alt=\"Mars al maghiarilor impotriva Tratatului de la Trianon. Uitati domnilor ca actualele granite ale Romaniei si Ungariei au fost impunse in urma Tratatului de Pace de la Paris din 1947 si au fost garantate de Marile Puteri ale Lumii\" width=\"252\" height=\"235\"><\/a><figcaption id=\"caption-attachment-2122\" class=\"wp-caption-text\">Mars al maghiarilor impotriva Tratatului de la Trianon. Uitati domnilor ca actualele granite ale Romaniei si Ungariei au fost impunse in urma Tratatului de Pace de la Paris din 1947 si au fost garantate de Marile Puteri ale Lumii<\/figcaption><\/figure>\n<h4 style=\"text-align: justify;\">Caraghios mi se pare demersul acestui gigolo teologic, odrasla unui comunist \u00eenvederat. T. Baconschi l-a chemat pe ambasadorul Ungariei la Bucure\u015fti pentru a-i transmite nemul\u0163umirile Rom\u00e2niei. Pref\u0103c\u0103torie \u00een toat\u0103 regula! Pe de o parte, Externele mimeaz\u0103 un protest \u00een vreme ce guvernul Boc \u015fi pre\u015fedintele B\u0103sescu au c\u0103zut la pace pe toate preten\u0163iile ungurilor. Asta numai \u015fi numai pentru a r\u0103m\u00e2ne la putere \u015fi pentru a sc\u0103pa de un decont complet al unei guvern\u0103ri spoliatoare pentru popula\u0163ie.<\/h4>\n<h4 style=\"text-align: justify;\">\u015ei pentru a putea raporta sprijinitorilor lor din str\u0103in\u0103tate c\u0103 \u015fi-au \u00eendeplinit misiunea!<\/h4>\n<h4 style=\"text-align: justify;\"><em>Cornel Nistorescu, 1 iunie 2011, Romanian Global News<\/em><\/h4>\n<h4 style=\"text-align: justify;\">C\u00e2t de actual\u0103 este \u00een aceste condi\u021bii poezia marelui Adrian P\u0103unescu:<\/h4>\n<h4 style=\"text-align: center;\"><strong><span style=\"text-decoration: underline;\">MAR\u015e DE ADIO <\/span><\/strong><\/h4>\n<h4 style=\"text-align: right;\"><em>Adrian P\u0103unescu<\/em><\/h4>\n<h4 style=\"text-align: center;\">La munc\u0103, derbedei, c\u0103 trece anul\n\u015fi vin \u0103ilal\u0163i \u015fi-o s\u0103 v\u0103 ia ciolanul.\nF\u0103cea\u0163i pe democra\u0163ii cei cucernici,\nCristosul mamii voastre de nemernici.\nScuipa\u0163i-v\u0103-ntre voi cum se cuvine\n\u015fi-apoi convinge\u0163i-v\u0103 c\u0103 e bine.\nC-a\u0163i luat o \u0163ar\u0103 de mai mare dragul\n\u015fi i-a\u0163i distrus averile \u015fi steagul.\nS-ajungem colonia de ocar\u0103\ncare-\u015fi va cere scuze \u00een maghiar\u0103.\n\u015ei, prin complicit\u0103\u0163i cu demoni aprigi,\na\u0163i desfiin\u0163at uzine , c\u00e2mpuri , fabrici.\n\u015ei, prin v\u00e2nz\u0103ri de \u0163ar\u0103 infernale,\na\u0163i omor\u00e2t cu voia animale.\nLa greul greu care mereu ne-ncearc\u0103,\nr\u0103spunde\u0163i cu un greu de moarte, parc\u0103.\n\u015ei i-a\u0163i g\u0103sit \u015fi bolii un remediu\n\u00eentoarce\u0163i Rom\u00e2nia &#8211; n Evul Mediu.\nCe c\u0103z\u0103turi, ce t\u00e2rfe, ce mizerii,\nv-a\u015f desena cu acul, s\u0103 v\u0103 sperii.\nDar voi nici s\u00e2nge nu ave\u0163i \u00een vine,\nci credite din c\u0103lim\u0103ri str\u0103ine.\nLe \u015fti\u0163i lui Hitler \u015fi lui Stalin taina\n\u015fi-mpinge\u0163i Bucovina \u00een Ucraina.\nA\u015fa cum ceilal\u0163i, limpezeasc\u0103-i valul\ns-au compromis negustorind Ardealul.\n<span style=\"text-decoration: underline;\">De unde sunte\u0163i, m\u0103, din ce g\u0103oace ,\ncum v-au putut p\u0103rin\u0163ii vo\u015ftri face ?\nCe condimente le-au picat \u00een sperm\u0103\nde e tr\u0103darea voastr\u0103-at\u00e2t de ferm\u0103 ? <\/span>\nA\u0163i pus nenorocita voastr\u0103 lab\u0103\npe-aceast\u0103 trist\u0103 \u0163ar\u0103 Basarab\u0103.\n\u015ei vre\u0163i cu-amenin\u0163are \u015fi cu biciul\ns-o face\u0163i curva voastr\u0103 de serviciu.\nMima\u0163i respectul pentru cele sfinte,\ndar vinde\u0163i \u015fi p\u0103m\u00e2nturi \u015fi morminte.\nA\u0163i inventat examene severe,\nsupunere poporului spre-a-i cere.\n\u015ei toat\u0103 zbaterea a fost degeaba\nc\u0103-n nas mai marii v-au \u00eenchis taraba.\nMinciuna voastr\u0103 v-a adus pe scen\u0103,\nactori \u00eentr-o politic\u0103 obscen\u0103.\n\u015ei-acum, c\u0103-i un pr\u0103p\u0103d \u00eentreaga \u0163ar\u0103 ,\nia cere\u0163i-v\u0103 pu\u0163intel, afar\u0103.\nDec\u00e2t s\u0103 v\u0103 trimit\u0103 \u0163ara noastr\u0103 ,\nmai bine merge\u0163i voi \u00een mama voastr\u0103.\nPleca\u0163i de-aici, cu-o grab\u0103 funerar\u0103,\n\u015fi nu albaniza\u0163i aceast\u0103 \u0163ar\u0103 .\nB\u0103ga\u0163i vitez\u0103, c\u0103 v\u0103 trece anul\n\u015fi s-a scurtat \u015fi s-a-nvechit ciolanul.\n<span style=\"text-decoration: underline;\">\u015ei ce v\u0103 pot eu spune la plecare\ndec\u00e2t lozinca lui F\u0103nu\u015f cel mare :\nNenoroci\u0163ilor, se rupe \u015fnurul,\n&#8222;La munc\u0103, la b\u0103tut \u0163\u0103ru\u015fi cu curul !&#8221;<\/span><\/h4>        <div class=\"booster-block booster-reactions-block\">\n            <div class=\"twp-reactions-icons\">\n                \n                <div class=\"twp-reacts-wrap\">\n                    <a react-data=\"be-react-1\" post-id=\"3730\" class=\"be-face-icons un-reacted\" href=\"javascript:void(0)\">\n                        <img decoding=\"async\" src=\"https:\/\/desteptati-va.ro\/wp-content\/plugins\/booster-extension\/\/assets\/icon\/happy.svg\" alt=\"Happy\">\n                    <\/a>\n                    <div class=\"twp-reaction-title\">\n                        Happy                    <\/div>\n                    <div class=\"twp-count-percent\">\n                                                    <span style=\"display: none;\" class=\"twp-react-count\">0<\/span>\n                        \n                                                <span class=\"twp-react-percent\"><span>0<\/span> %<\/span>\n                                            <\/div>\n                <\/div>\n\n                <div class=\"twp-reacts-wrap\">\n                    <a react-data=\"be-react-2\" post-id=\"3730\" class=\"be-face-icons un-reacted\" href=\"javascript:void(0)\">\n                        <img decoding=\"async\" src=\"https:\/\/desteptati-va.ro\/wp-content\/plugins\/booster-extension\/\/assets\/icon\/sad.svg\" alt=\"Sad\">\n                    <\/a>\n                    <div class=\"twp-reaction-title\">\n                        Sad                    <\/div>\n                    <div class=\"twp-count-percent\">\n                                                    <span style=\"display: none;\" class=\"twp-react-count\">0<\/span>\n                                                                        <span class=\"twp-react-percent\"><span>0<\/span> %<\/span>\n                                            <\/div>\n                <\/div>\n\n                <div class=\"twp-reacts-wrap\">\n                    <a react-data=\"be-react-3\" post-id=\"3730\" class=\"be-face-icons un-reacted\" href=\"javascript:void(0)\">\n                        <img decoding=\"async\" src=\"https:\/\/desteptati-va.ro\/wp-content\/plugins\/booster-extension\/\/assets\/icon\/excited.svg\" alt=\"Excited\">\n                    <\/a>\n                    <div class=\"twp-reaction-title\">\n                        Excited                    <\/div>\n                    <div class=\"twp-count-percent\">\n                                                    <span style=\"display: none;\" class=\"twp-react-count\">0<\/span>\n                                                                        <span class=\"twp-react-percent\"><span>0<\/span> %<\/span>\n                                            <\/div>\n                <\/div>\n\n                <div class=\"twp-reacts-wrap\">\n                    <a react-data=\"be-react-6\" post-id=\"3730\" class=\"be-face-icons un-reacted\" href=\"javascript:void(0)\">\n                        <img decoding=\"async\" src=\"https:\/\/desteptati-va.ro\/wp-content\/plugins\/booster-extension\/\/assets\/icon\/sleepy.svg\" alt=\"Sleepy\">\n                    <\/a>\n                    <div class=\"twp-reaction-title\">\n                        Sleepy                    <\/div>\n                    <div class=\"twp-count-percent\">\n                                                    <span style=\"display: none;\" class=\"twp-react-count\">0<\/span>\n                        \n                                                <span class=\"twp-react-percent\"><span>0<\/span> %<\/span>\n                                            <\/div>\n                <\/div>\n\n                <div class=\"twp-reacts-wrap\">\n                    <a react-data=\"be-react-4\" post-id=\"3730\" class=\"be-face-icons un-reacted\" href=\"javascript:void(0)\">\n                        <img decoding=\"async\" src=\"https:\/\/desteptati-va.ro\/wp-content\/plugins\/booster-extension\/\/assets\/icon\/angry.svg\" alt=\"Angry\">\n                    <\/a>\n                    <div class=\"twp-reaction-title\">Angry<\/div>\n                    <div class=\"twp-count-percent\">\n                                                    <span style=\"display: none;\" class=\"twp-react-count\">0<\/span>\n                                                                        <span class=\"twp-react-percent\"><span>0<\/span> %<\/span>\n                        \n                    <\/div>\n                <\/div>\n\n                <div class=\"twp-reacts-wrap\">\n                    <a react-data=\"be-react-5\" post-id=\"3730\" class=\"be-face-icons un-reacted\" href=\"javascript:void(0)\">\n                        <img decoding=\"async\" src=\"https:\/\/desteptati-va.ro\/wp-content\/plugins\/booster-extension\/\/assets\/icon\/surprise.svg\" alt=\"Surprise\">\n                    <\/a>\n                    <div class=\"twp-reaction-title\">Surprise<\/div>\n                    <div class=\"twp-count-percent\">\n                                                    <span style=\"display: none;\" class=\"twp-react-count\">0<\/span>\n                                                                        <span class=\"twp-react-percent\"><span>0<\/span> %<\/span>\n                                            <\/div>\n                <\/div>\n\n            <\/div>\n        <\/div>\n\n    <\/div>","protected":false},"excerpt":{"rendered":"<p>\u00cen timp ce extremistii maghiari instigati si finantati de Ungaria, dar si de fonduri romanesti, isi bat joc de statul<a href=\"https:\/\/desteptati-va.ro\/index.php\/2021\/04\/16\/romania-in-pericol\/\">Read More<i class=\"fa fa-long-arrow-right\" aria-hidden=\"true\"><\/i><\/a><\/p>\n","protected":false},"author":1,"featured_media":4625,"comment_status":"open","ping_status":"open","sticky":false,"template":"","format":"standard","meta":{"_crdt_document":"","footnotes":""},"categories":[51],"tags":[500,773,671,774,775,59,60,776,331,777,257,513,521,158,179,778,523,525,779,83,710,84,780],"class_list":["post-3730","post","type-post","status-publish","format-standard","has-post-thumbnail","hentry","category-transilvania","tag-autonomie","tag-bruxelles","tag-budapesta","tag-casa-regiunilor","tag-clarificari","tag-desteptati","tag-desteptati-va","tag-diplomat","tag-extremism","tag-finantare","tag-mae","tag-maghiar","tag-regiune","tag-revizionism","tag-romania","tag-secuiesc","tag-servicii-secrete","tag-sovinism","tag-tinut","tag-tradare","tag-tradator","tag-ungaria","tag-ungur"],"rise-blocks_total_comments":15,"rise-blocks_categories":[{"term_id":51,"name":"Transilvania","slug":"transilvania","term_group":0,"term_taxonomy_id":51,"taxonomy":"category","description":"","parent":0,"count":13,"filter":"raw"}],"rise-blocks_excerpt":"\u00cen timp ce extremistii maghiari instigati si finantati de Ungaria, dar si de fonduri romanesti, isi bat joc de statul roman deschizand o asa zisa reprezentanta a asa zisului Tinut secuiesc in sediul regiunilor Ungariei de la Bruxelles, amabasadorul Ungariei la Bucuresti era \u201cinvitat\u201d la sediul Ministerului de Externe al Romaniei pentru discutii. \u00cen cadrul \u00eent\u00e2lnirii, partea rom\u00e2n\u0103 \u015fi-a exprimat..","yoast_head":"<!-- This site is optimized with the Yoast SEO plugin v26.9 - https:\/\/yoast.com\/product\/yoast-seo-wordpress\/ -->\r\n<title>Romania in pericol! -<\/title>\r\n<meta name=\"robots\" content=\"index, follow, max-snippet:-1, max-image-preview:large, max-video-preview:-1\" \/>\r\n<link rel=\"canonical\" href=\"https:\/\/desteptati-va.ro\/index.php\/2021\/04\/16\/romania-in-pericol\/\" \/>\r\n<meta property=\"og:locale\" content=\"ro_RO\" \/>\r\n<meta property=\"og:type\" content=\"article\" \/>\r\n<meta property=\"og:title\" content=\"Romania in pericol! -\" \/>\r\n<meta property=\"og:description\" content=\"\u00cen timp ce extremistii maghiari instigati si finantati de Ungaria, dar si de fonduri romanesti, isi bat joc de statulRead More\" \/>\r\n<meta property=\"og:url\" content=\"https:\/\/desteptati-va.ro\/index.php\/2021\/04\/16\/romania-in-pericol\/\" \/>\r\n<meta property=\"article:published_time\" content=\"2021-04-16T08:42:23+00:00\" \/>\r\n<meta property=\"article:modified_time\" content=\"2022-01-31T12:55:27+00:00\" \/>\r\n<meta property=\"og:image\" content=\"https:\/\/desteptati-va.ro\/wp-content\/uploads\/2021\/04\/pericol.jpg\" \/>\r\n\t<meta property=\"og:image:width\" content=\"299\" \/>\r\n\t<meta property=\"og:image:height\" content=\"168\" \/>\r\n\t<meta property=\"og:image:type\" content=\"image\/jpeg\" \/>\r\n<meta name=\"author\" content=\"wolfsoftcompany\" \/>\r\n<meta name=\"twitter:card\" content=\"summary_large_image\" \/>\r\n<meta name=\"twitter:label1\" content=\"Scris de\" \/>\n\t<meta name=\"twitter:data1\" content=\"wolfsoftcompany\" \/>\n\t<meta name=\"twitter:label2\" content=\"Timp estimat pentru citire\" \/>\n\t<meta name=\"twitter:data2\" content=\"9 minute\" \/>\r\n<script type=\"application\/ld+json\" class=\"yoast-schema-graph\">{\"@context\":\"https:\/\/schema.org\",\"@graph\":[{\"@type\":\"Article\",\"@id\":\"https:\/\/desteptati-va.ro\/index.php\/2021\/04\/16\/romania-in-pericol\/#article\",\"isPartOf\":{\"@id\":\"https:\/\/desteptati-va.ro\/index.php\/2021\/04\/16\/romania-in-pericol\/\"},\"author\":{\"name\":\"wolfsoftcompany\",\"@id\":\"https:\/\/desteptati-va.ro\/#\/schema\/person\/13182deeebd44920914899f7bb262d6b\"},\"headline\":\"Romania in pericol!\",\"datePublished\":\"2021-04-16T08:42:23+00:00\",\"dateModified\":\"2022-01-31T12:55:27+00:00\",\"mainEntityOfPage\":{\"@id\":\"https:\/\/desteptati-va.ro\/index.php\/2021\/04\/16\/romania-in-pericol\/\"},\"wordCount\":1857,\"commentCount\":15,\"image\":{\"@id\":\"https:\/\/desteptati-va.ro\/index.php\/2021\/04\/16\/romania-in-pericol\/#primaryimage\"},\"thumbnailUrl\":\"https:\/\/desteptati-va.ro\/wp-content\/uploads\/2021\/04\/pericol.jpg\",\"keywords\":[\"autonomie\",\"Bruxelles\",\"Budapesta\",\"casa regiunilor\",\"clarificari\",\"desteptati\",\"desteptati-va\",\"diplomat\",\"extremism\",\"finantare\",\"MAE\",\"maghiar\",\"regiune\",\"revizionism\",\"Romania\",\"secuiesc\",\"servicii secrete\",\"sovinism\",\"tinut\",\"tradare\",\"tradator\",\"Ungaria\",\"ungur\"],\"articleSection\":[\"Transilvania\"],\"inLanguage\":\"ro-RO\",\"potentialAction\":[{\"@type\":\"CommentAction\",\"name\":\"Comment\",\"target\":[\"https:\/\/desteptati-va.ro\/index.php\/2021\/04\/16\/romania-in-pericol\/#respond\"]}]},{\"@type\":\"WebPage\",\"@id\":\"https:\/\/desteptati-va.ro\/index.php\/2021\/04\/16\/romania-in-pericol\/\",\"url\":\"https:\/\/desteptati-va.ro\/index.php\/2021\/04\/16\/romania-in-pericol\/\",\"name\":\"Romania in pericol! -\",\"isPartOf\":{\"@id\":\"https:\/\/desteptati-va.ro\/#website\"},\"primaryImageOfPage\":{\"@id\":\"https:\/\/desteptati-va.ro\/index.php\/2021\/04\/16\/romania-in-pericol\/#primaryimage\"},\"image\":{\"@id\":\"https:\/\/desteptati-va.ro\/index.php\/2021\/04\/16\/romania-in-pericol\/#primaryimage\"},\"thumbnailUrl\":\"https:\/\/desteptati-va.ro\/wp-content\/uploads\/2021\/04\/pericol.jpg\",\"datePublished\":\"2021-04-16T08:42:23+00:00\",\"dateModified\":\"2022-01-31T12:55:27+00:00\",\"author\":{\"@id\":\"https:\/\/desteptati-va.ro\/#\/schema\/person\/13182deeebd44920914899f7bb262d6b\"},\"breadcrumb\":{\"@id\":\"https:\/\/desteptati-va.ro\/index.php\/2021\/04\/16\/romania-in-pericol\/#breadcrumb\"},\"inLanguage\":\"ro-RO\",\"potentialAction\":[{\"@type\":\"ReadAction\",\"target\":[\"https:\/\/desteptati-va.ro\/index.php\/2021\/04\/16\/romania-in-pericol\/\"]}]},{\"@type\":\"ImageObject\",\"inLanguage\":\"ro-RO\",\"@id\":\"https:\/\/desteptati-va.ro\/index.php\/2021\/04\/16\/romania-in-pericol\/#primaryimage\",\"url\":\"https:\/\/desteptati-va.ro\/wp-content\/uploads\/2021\/04\/pericol.jpg\",\"contentUrl\":\"https:\/\/desteptati-va.ro\/wp-content\/uploads\/2021\/04\/pericol.jpg\",\"width\":299,\"height\":168},{\"@type\":\"BreadcrumbList\",\"@id\":\"https:\/\/desteptati-va.ro\/index.php\/2021\/04\/16\/romania-in-pericol\/#breadcrumb\",\"itemListElement\":[{\"@type\":\"ListItem\",\"position\":1,\"name\":\"Prima pagin\u0103\",\"item\":\"https:\/\/desteptati-va.ro\/\"},{\"@type\":\"ListItem\",\"position\":2,\"name\":\"Romania in pericol!\"}]},{\"@type\":\"WebSite\",\"@id\":\"https:\/\/desteptati-va.ro\/#website\",\"url\":\"https:\/\/desteptati-va.ro\/\",\"name\":\"\",\"description\":\"\",\"potentialAction\":[{\"@type\":\"SearchAction\",\"target\":{\"@type\":\"EntryPoint\",\"urlTemplate\":\"https:\/\/desteptati-va.ro\/?s={search_term_string}\"},\"query-input\":{\"@type\":\"PropertyValueSpecification\",\"valueRequired\":true,\"valueName\":\"search_term_string\"}}],\"inLanguage\":\"ro-RO\"},{\"@type\":\"Person\",\"@id\":\"https:\/\/desteptati-va.ro\/#\/schema\/person\/13182deeebd44920914899f7bb262d6b\",\"name\":\"wolfsoftcompany\",\"image\":{\"@type\":\"ImageObject\",\"inLanguage\":\"ro-RO\",\"@id\":\"https:\/\/desteptati-va.ro\/#\/schema\/person\/image\/\",\"url\":\"https:\/\/secure.gravatar.com\/avatar\/a6cce9b6d101d27d91690e7073e300fed94c0899890bf998e082cb9d2c3d121e?s=96&d=mm&r=g\",\"contentUrl\":\"https:\/\/secure.gravatar.com\/avatar\/a6cce9b6d101d27d91690e7073e300fed94c0899890bf998e082cb9d2c3d121e?s=96&d=mm&r=g\",\"caption\":\"wolfsoftcompany\"},\"sameAs\":[\"http:\/\/desteptati-va.ro\"],\"url\":\"https:\/\/desteptati-va.ro\/index.php\/author\/wolfsoftcompany\/\"}]}<\/script>\r\n<!-- \/ Yoast SEO plugin. -->","yoast_head_json":{"title":"Romania in pericol! -","robots":{"index":"index","follow":"follow","max-snippet":"max-snippet:-1","max-image-preview":"max-image-preview:large","max-video-preview":"max-video-preview:-1"},"canonical":"https:\/\/desteptati-va.ro\/index.php\/2021\/04\/16\/romania-in-pericol\/","og_locale":"ro_RO","og_type":"article","og_title":"Romania in pericol! -","og_description":"\u00cen timp ce extremistii maghiari instigati si finantati de Ungaria, dar si de fonduri romanesti, isi bat joc de statulRead More","og_url":"https:\/\/desteptati-va.ro\/index.php\/2021\/04\/16\/romania-in-pericol\/","article_published_time":"2021-04-16T08:42:23+00:00","article_modified_time":"2022-01-31T12:55:27+00:00","og_image":[{"width":299,"height":168,"url":"https:\/\/desteptati-va.ro\/wp-content\/uploads\/2021\/04\/pericol.jpg","type":"image\/jpeg"}],"author":"wolfsoftcompany","twitter_card":"summary_large_image","twitter_misc":{"Scris de":"wolfsoftcompany","Timp estimat pentru citire":"9 minute"},"schema":{"@context":"https:\/\/schema.org","@graph":[{"@type":"Article","@id":"https:\/\/desteptati-va.ro\/index.php\/2021\/04\/16\/romania-in-pericol\/#article","isPartOf":{"@id":"https:\/\/desteptati-va.ro\/index.php\/2021\/04\/16\/romania-in-pericol\/"},"author":{"name":"wolfsoftcompany","@id":"https:\/\/desteptati-va.ro\/#\/schema\/person\/13182deeebd44920914899f7bb262d6b"},"headline":"Romania in pericol!","datePublished":"2021-04-16T08:42:23+00:00","dateModified":"2022-01-31T12:55:27+00:00","mainEntityOfPage":{"@id":"https:\/\/desteptati-va.ro\/index.php\/2021\/04\/16\/romania-in-pericol\/"},"wordCount":1857,"commentCount":15,"image":{"@id":"https:\/\/desteptati-va.ro\/index.php\/2021\/04\/16\/romania-in-pericol\/#primaryimage"},"thumbnailUrl":"https:\/\/desteptati-va.ro\/wp-content\/uploads\/2021\/04\/pericol.jpg","keywords":["autonomie","Bruxelles","Budapesta","casa regiunilor","clarificari","desteptati","desteptati-va","diplomat","extremism","finantare","MAE","maghiar","regiune","revizionism","Romania","secuiesc","servicii secrete","sovinism","tinut","tradare","tradator","Ungaria","ungur"],"articleSection":["Transilvania"],"inLanguage":"ro-RO","potentialAction":[{"@type":"CommentAction","name":"Comment","target":["https:\/\/desteptati-va.ro\/index.php\/2021\/04\/16\/romania-in-pericol\/#respond"]}]},{"@type":"WebPage","@id":"https:\/\/desteptati-va.ro\/index.php\/2021\/04\/16\/romania-in-pericol\/","url":"https:\/\/desteptati-va.ro\/index.php\/2021\/04\/16\/romania-in-pericol\/","name":"Romania in pericol! -","isPartOf":{"@id":"https:\/\/desteptati-va.ro\/#website"},"primaryImageOfPage":{"@id":"https:\/\/desteptati-va.ro\/index.php\/2021\/04\/16\/romania-in-pericol\/#primaryimage"},"image":{"@id":"https:\/\/desteptati-va.ro\/index.php\/2021\/04\/16\/romania-in-pericol\/#primaryimage"},"thumbnailUrl":"https:\/\/desteptati-va.ro\/wp-content\/uploads\/2021\/04\/pericol.jpg","datePublished":"2021-04-16T08:42:23+00:00","dateModified":"2022-01-31T12:55:27+00:00","author":{"@id":"https:\/\/desteptati-va.ro\/#\/schema\/person\/13182deeebd44920914899f7bb262d6b"},"breadcrumb":{"@id":"https:\/\/desteptati-va.ro\/index.php\/2021\/04\/16\/romania-in-pericol\/#breadcrumb"},"inLanguage":"ro-RO","potentialAction":[{"@type":"ReadAction","target":["https:\/\/desteptati-va.ro\/index.php\/2021\/04\/16\/romania-in-pericol\/"]}]},{"@type":"ImageObject","inLanguage":"ro-RO","@id":"https:\/\/desteptati-va.ro\/index.php\/2021\/04\/16\/romania-in-pericol\/#primaryimage","url":"https:\/\/desteptati-va.ro\/wp-content\/uploads\/2021\/04\/pericol.jpg","contentUrl":"https:\/\/desteptati-va.ro\/wp-content\/uploads\/2021\/04\/pericol.jpg","width":299,"height":168},{"@type":"BreadcrumbList","@id":"https:\/\/desteptati-va.ro\/index.php\/2021\/04\/16\/romania-in-pericol\/#breadcrumb","itemListElement":[{"@type":"ListItem","position":1,"name":"Prima pagin\u0103","item":"https:\/\/desteptati-va.ro\/"},{"@type":"ListItem","position":2,"name":"Romania in pericol!"}]},{"@type":"WebSite","@id":"https:\/\/desteptati-va.ro\/#website","url":"https:\/\/desteptati-va.ro\/","name":"","description":"","potentialAction":[{"@type":"SearchAction","target":{"@type":"EntryPoint","urlTemplate":"https:\/\/desteptati-va.ro\/?s={search_term_string}"},"query-input":{"@type":"PropertyValueSpecification","valueRequired":true,"valueName":"search_term_string"}}],"inLanguage":"ro-RO"},{"@type":"Person","@id":"https:\/\/desteptati-va.ro\/#\/schema\/person\/13182deeebd44920914899f7bb262d6b","name":"wolfsoftcompany","image":{"@type":"ImageObject","inLanguage":"ro-RO","@id":"https:\/\/desteptati-va.ro\/#\/schema\/person\/image\/","url":"https:\/\/secure.gravatar.com\/avatar\/a6cce9b6d101d27d91690e7073e300fed94c0899890bf998e082cb9d2c3d121e?s=96&d=mm&r=g","contentUrl":"https:\/\/secure.gravatar.com\/avatar\/a6cce9b6d101d27d91690e7073e300fed94c0899890bf998e082cb9d2c3d121e?s=96&d=mm&r=g","caption":"wolfsoftcompany"},"sameAs":["http:\/\/desteptati-va.ro"],"url":"https:\/\/desteptati-va.ro\/index.php\/author\/wolfsoftcompany\/"}]}},"_links":{"self":[{"href":"https:\/\/desteptati-va.ro\/index.php\/wp-json\/wp\/v2\/posts\/3730","targetHints":{"allow":["GET"]}}],"collection":[{"href":"https:\/\/desteptati-va.ro\/index.php\/wp-json\/wp\/v2\/posts"}],"about":[{"href":"https:\/\/desteptati-va.ro\/index.php\/wp-json\/wp\/v2\/types\/post"}],"author":[{"embeddable":true,"href":"https:\/\/desteptati-va.ro\/index.php\/wp-json\/wp\/v2\/users\/1"}],"replies":[{"embeddable":true,"href":"https:\/\/desteptati-va.ro\/index.php\/wp-json\/wp\/v2\/comments?post=3730"}],"version-history":[{"count":2,"href":"https:\/\/desteptati-va.ro\/index.php\/wp-json\/wp\/v2\/posts\/3730\/revisions"}],"predecessor-version":[{"id":4626,"href":"https:\/\/desteptati-va.ro\/index.php\/wp-json\/wp\/v2\/posts\/3730\/revisions\/4626"}],"wp:featuredmedia":[{"embeddable":true,"href":"https:\/\/desteptati-va.ro\/index.php\/wp-json\/wp\/v2\/media\/4625"}],"wp:attachment":[{"href":"https:\/\/desteptati-va.ro\/index.php\/wp-json\/wp\/v2\/media?parent=3730"}],"wp:term":[{"taxonomy":"category","embeddable":true,"href":"https:\/\/desteptati-va.ro\/index.php\/wp-json\/wp\/v2\/categories?post=3730"},{"taxonomy":"post_tag","embeddable":true,"href":"https:\/\/desteptati-va.ro\/index.php\/wp-json\/wp\/v2\/tags?post=3730"}],"curies":[{"name":"wp","href":"https:\/\/api.w.org\/{rel}","templated":true}]}}